{"id":393440,"date":"2026-02-19T13:40:09","date_gmt":"2026-02-19T12:40:09","guid":{"rendered":"https:\/\/www.webdo.tn\/fr\/?p=393440"},"modified":"2026-02-19T13:40:10","modified_gmt":"2026-02-19T12:40:10","slug":"bab-saadoun-un-reseau-heating-and-cooling-pour-la-colline-sanitaire","status":"publish","type":"post","link":"https:\/\/www.webdo.tn\/fr\/actualite\/national\/bab-saadoun-un-reseau-heating-and-cooling-pour-la-colline-sanitaire\/393440\/","title":{"rendered":"Bab Saadoun : Un r\u00e9seau \u00ab\u00a0heating and cooling\u00a0\u00bb pour la colline sanitaire"},"content":{"rendered":"\n<p><strong>\u00c0 Tunis, le projet de r\u00e9seau de chaleur et de froid (heating and cooling) de la colline sanitaire de Bab Saadoun franchit une nouvelle \u00e9tape. Deux r\u00e9unions du comit\u00e9 de pilotage se sont tenues au si\u00e8ge de l\u2019Agence nationale pour la ma\u00eetrise de l\u2019\u00e9nergie et au minist\u00e8re de la Sant\u00e9 afin d\u2019examiner l\u2019\u00e9tat d\u2019avancement des \u00e9tudes techniques, \u00e9conomiques et environnementales.<\/strong><\/p>\n\n\n\n<p>Financ\u00e9 par la Banque africaine de d\u00e9veloppement sous forme de don, le projet couvre 17 \u00e9tablissements relevant du minist\u00e8re de la Sant\u00e9, dont 8 grands h\u00f4pitaux. La colline sanitaire de Bab Saadoun a \u00e9t\u00e9 retenue comme zone pilote, sur la base d\u2019\u00e9tudes de potentiel et d\u2019analyses pr\u00e9liminaires men\u00e9es en 2023 et 2024, avec l\u2019appui du Programme des Nations unies pour l\u2019environnement et du minist\u00e8re italien de l\u2019Environnement, en collaboration avec l\u2019Institut technique sup\u00e9rieur de Milan.<\/p>\n\n\n\n<h2 class=\"wp-block-heading\" id=\"h-avancement-des-etudes-et-la-preparation-des-dossiers-techniques\">Avancement des \u00e9tudes et la pr\u00e9paration des dossiers techniques<\/h2>\n\n\n\n<p>Selon un communiqu\u00e9 de l\u2019Agence nationale pour la ma\u00eetrise de l\u2019\u00e9nergie, la r\u00e9union du comit\u00e9 de pilotage s\u2019est d\u00e9roul\u00e9e en pr\u00e9sence des repr\u00e9sentants de la Banque africaine de d\u00e9veloppement, des structures nationales concern\u00e9es et de plusieurs cadres de l\u2019Agence. Les discussions ont port\u00e9 sur l\u2019avancement des \u00e9tudes et la pr\u00e9paration des dossiers techniques et \u00e9conomiques relatifs \u00e0 la mise en place d\u2019un r\u00e9seau int\u00e9gr\u00e9 de refroidissement et de chauffage.<\/p>\n\n\n\n<p>La s\u00e9ance d\u2019ouverture a \u00e9t\u00e9 pr\u00e9sid\u00e9e par Nafa\u00e2 Bekkari, directeur g\u00e9n\u00e9ral de l\u2019Agence nationale pour la ma\u00eetrise de l\u2019\u00e9nergie, en pr\u00e9sence notamment de Jalel Chabchoub, responsable principal des investissements \u00e0 la direction des \u00e9nergies renouvelables et de l\u2019efficacit\u00e9 \u00e9nerg\u00e9tique \u00e0 la Banque africaine de d\u00e9veloppement, ainsi que de Monojit Pal, chef de la division efficacit\u00e9 \u00e9nerg\u00e9tique.<\/p>\n\n\n\n<p>Dans son intervention, Nafa\u00e2 Bekkari a soulign\u00e9 que cette initiative s\u2019inscrit dans la strat\u00e9gie nationale de transition \u00e9nerg\u00e9tique. Elle vise \u00e0 instaurer un mod\u00e8le innovant et durable de climatisation et de chauffage dans les \u00e9tablissements hospitaliers, afin d\u2019am\u00e9liorer la performance \u00e9nerg\u00e9tique, de r\u00e9duire les \u00e9missions de gaz \u00e0 effet de serre et d\u2019\u00e9lever la qualit\u00e9 des services de sant\u00e9.<\/p>\n\n\n\n<p>Le programme de travail a inclus une pr\u00e9sentation sur la situation de l\u2019efficacit\u00e9 \u00e9nerg\u00e9tique dans le secteur des b\u00e2timents, ainsi qu\u2019un expos\u00e9 d\u00e9taill\u00e9 des composantes, objectifs et phases du projet, assur\u00e9 par Abdelkader Bekkouch, chef de projet, et Abderrahmane Mahfoudhi, coordinateur.<\/p>\n\n\n\n<h2 class=\"wp-block-heading\" id=\"h-examen-des-composantes-du-projet\">Examen des composantes du projet <\/h2>\n\n\n\n<p>Un second meeting s\u2019est tenu au minist\u00e8re de la Sant\u00e9, consacr\u00e9 \u00e0 l\u2019examen des composantes du projet et de l\u2019\u00e9tat d\u2019avancement des \u00e9tudes techniques, \u00e9conomiques et environnementales. La r\u00e9union a \u00e9t\u00e9 copr\u00e9sid\u00e9e par Mabrouk Aounallah, chef de cabinet du ministre de la Sant\u00e9, et Nafa\u00e2 Bekkari, en pr\u00e9sence de plusieurs directeurs g\u00e9n\u00e9raux et cadres des deux institutions.<\/p>\n\n\n\n<p>\u00c0 travers ce projet pilote, les autorit\u00e9s entendent poser les bases d\u2019un mod\u00e8le reproductible dans d\u2019autres p\u00f4les hospitaliers du pays, en conjuguant efficacit\u00e9 \u00e9nerg\u00e9tique, transition \u00e9cologique et modernisation des infrastructures sanitaires.<\/p>\n\n\n\n<h2 class=\"wp-block-heading\" id=\"h-de-quoi-s-agit-il\">De quoi s&rsquo;agit-il <\/h2>\n\n\n\n<p>Un syst\u00e8me de \u00ab heating and cooling \u00bb (chauffage et refroidissement) est un dispositif technique destin\u00e9 \u00e0 r\u00e9guler la temp\u00e9rature d\u2019un b\u00e2timent, en produisant soit de la chaleur, soit du froid, selon les besoins.<\/p>\n\n\n\n<p>Dans le domaine du g\u00e9nie climatique (HVAC : Heating, Ventilation and Air Conditioning), ce type de syst\u00e8me assure le confort thermique et le maintien de conditions adapt\u00e9es \u00e0 l\u2019usage des locaux, notamment dans les h\u00f4pitaux, les bureaux ou les habitations.<\/p>\n\n\n\n<p><\/p>\n\n\n\n<p><strong>Lire aussi :<\/strong>\u00a0<a href=\"https:\/\/www.webdo.tn\/fr\/actualite\/national\/energie-renouvelables-la-tunisie-accelere-la-cadence\/203605\/\">Energie renouvelables : La Tunisie acc\u00e9l\u00e8re la cadence<\/a><\/p>\n\n\n\n<p><\/p>\n","protected":false},"excerpt":{"rendered":"<p>\u00c0 Tunis, le projet de r\u00e9seau de chaleur et de froid (heating and cooling) de la colline sanitaire de Bab Saadoun franchit une nouvelle \u00e9tape. Deux r\u00e9unions du comit\u00e9 de pilotage se sont tenues au si\u00e8ge de l\u2019Agence nationale pour la ma\u00eetrise de l\u2019\u00e9nergie et au minist\u00e8re de la Sant\u00e9 afin d\u2019examiner l\u2019\u00e9tat d\u2019avancement des [&hellip;]<\/p>\n","protected":false},"author":3184,"featured_media":393441,"comment_status":"closed","ping_status":"closed","sticky":false,"template":"","format":"standard","meta":{"footnotes":""},"categories":[44],"tags":[3763,2731,2608],"class_list":["post-393440","post","type-post","status-publish","format-standard","has-post-thumbnail","hentry","category-national","tag-energie","tag-sante","tag-tunisie"],"yoast_head":"<!-- This site is optimized with the Yoast SEO Premium plugin v27.5 (Yoast SEO v27.5) - https:\/\/yoast.com\/product\/yoast-seo-premium-wordpress\/ -->\n<title>Bab Saadoun : Un r\u00e9seau &quot;heating and cooling&quot; pour la colline sanitaire - webdo<\/title>\n<meta name=\"description\" content=\"D\u00e9couvrez le projet de la colline sanitaire \u00e0 Tunis, visant \u00e0 am\u00e9liorer le r\u00e9seau de chaleur et de froid pour les \u00e9tablissements de sant\u00e9.\" \/>\n<link rel=\"canonical\" href=\"https:\/\/www.webdo.tn\/fr\/actualite\/national\/bab-saadoun-un-reseau-heating-and-cooling-pour-la-colline-sanitaire\/393440\/\" \/>\n<meta property=\"og:locale\" content=\"fr_FR\" \/>\n<meta property=\"og:type\" content=\"article\" \/>\n<meta property=\"og:title\" content=\"Bab Saadoun : Un r\u00e9seau &quot;heating and cooling&quot; pour la colline sanitaire\" \/>\n<meta property=\"og:description\" content=\"D\u00e9couvrez le projet de la colline sanitaire \u00e0 Tunis, visant \u00e0 am\u00e9liorer le r\u00e9seau de chaleur et de froid pour les \u00e9tablissements de sant\u00e9.\" \/>\n<meta property=\"og:url\" content=\"https:\/\/www.webdo.tn\/fr\/actualite\/national\/bab-saadoun-un-reseau-heating-and-cooling-pour-la-colline-sanitaire\/393440\/\" \/>\n<meta property=\"og:site_name\" content=\"webdo\" \/>\n<meta property=\"article:publisher\" content=\"https:\/\/www.facebook.com\/webdotn\" \/>\n<meta property=\"article:published_time\" content=\"2026-02-19T12:40:09+00:00\" \/>\n<meta property=\"article:modified_time\" content=\"2026-02-19T12:40:10+00:00\" \/>\n<meta property=\"og:image\" content=\"https:\/\/www.webdo.tn\/fr\/wp-content\/uploads\/2026\/02\/bab-saadoun.jpg\" \/>\n\t<meta property=\"og:image:width\" content=\"1200\" \/>\n\t<meta property=\"og:image:height\" content=\"605\" \/>\n\t<meta property=\"og:image:type\" content=\"image\/jpeg\" \/>\n<meta name=\"author\" content=\"Wided Belhaj\" \/>\n<meta name=\"twitter:card\" content=\"summary_large_image\" \/>\n<meta name=\"twitter:creator\" content=\"@webdo_tn\" \/>\n<meta name=\"twitter:site\" content=\"@webdo_tn\" \/>\n<meta name=\"twitter:label1\" content=\"\u00c9crit par\" \/>\n\t<meta name=\"twitter:data1\" content=\"Wided Belhaj\" \/>\n\t<meta name=\"twitter:label2\" content=\"Dur\u00e9e de lecture estim\u00e9e\" \/>\n\t<meta name=\"twitter:data2\" content=\"3 minutes\" \/>\n<script type=\"application\/ld+json\" class=\"yoast-schema-graph\">{\"@context\":\"https:\\\/\\\/schema.org\",\"@graph\":[{\"@type\":\"NewsArticle\",\"@id\":\"https:\\\/\\\/www.webdo.tn\\\/fr\\\/actualite\\\/national\\\/bab-saadoun-un-reseau-heating-and-cooling-pour-la-colline-sanitaire\\\/393440\\\/#article\",\"isPartOf\":{\"@id\":\"https:\\\/\\\/www.webdo.tn\\\/fr\\\/actualite\\\/national\\\/bab-saadoun-un-reseau-heating-and-cooling-pour-la-colline-sanitaire\\\/393440\\\/\"},\"author\":{\"name\":\"Wided Belhaj\",\"@id\":\"https:\\\/\\\/www.webdo.tn\\\/fr\\\/#\\\/schema\\\/person\\\/b9ecde7a5574cb4fcf4b496ea5fadb15\"},\"headline\":\"Bab Saadoun : Un r\u00e9seau \u00ab\u00a0heating and cooling\u00a0\u00bb pour la colline sanitaire\",\"datePublished\":\"2026-02-19T12:40:09+00:00\",\"dateModified\":\"2026-02-19T12:40:10+00:00\",\"mainEntityOfPage\":{\"@id\":\"https:\\\/\\\/www.webdo.tn\\\/fr\\\/actualite\\\/national\\\/bab-saadoun-un-reseau-heating-and-cooling-pour-la-colline-sanitaire\\\/393440\\\/\"},\"wordCount\":643,\"publisher\":{\"@id\":\"https:\\\/\\\/www.webdo.tn\\\/fr\\\/#organization\"},\"image\":{\"@id\":\"https:\\\/\\\/www.webdo.tn\\\/fr\\\/actualite\\\/national\\\/bab-saadoun-un-reseau-heating-and-cooling-pour-la-colline-sanitaire\\\/393440\\\/#primaryimage\"},\"thumbnailUrl\":\"https:\\\/\\\/www.webdo.tn\\\/fr\\\/wp-content\\\/uploads\\\/2026\\\/02\\\/bab-saadoun.jpg\",\"keywords\":[\"\u00e9nergie\",\"Sant\u00e9\",\"Tunisie\"],\"articleSection\":[\"National\"],\"inLanguage\":\"fr-FR\"},{\"@type\":\"WebPage\",\"@id\":\"https:\\\/\\\/www.webdo.tn\\\/fr\\\/actualite\\\/national\\\/bab-saadoun-un-reseau-heating-and-cooling-pour-la-colline-sanitaire\\\/393440\\\/\",\"url\":\"https:\\\/\\\/www.webdo.tn\\\/fr\\\/actualite\\\/national\\\/bab-saadoun-un-reseau-heating-and-cooling-pour-la-colline-sanitaire\\\/393440\\\/\",\"name\":\"Bab Saadoun : Un r\u00e9seau \\\"heating and cooling\\\" pour la colline sanitaire - webdo\",\"isPartOf\":{\"@id\":\"https:\\\/\\\/www.webdo.tn\\\/fr\\\/#website\"},\"primaryImageOfPage\":{\"@id\":\"https:\\\/\\\/www.webdo.tn\\\/fr\\\/actualite\\\/national\\\/bab-saadoun-un-reseau-heating-and-cooling-pour-la-colline-sanitaire\\\/393440\\\/#primaryimage\"},\"image\":{\"@id\":\"https:\\\/\\\/www.webdo.tn\\\/fr\\\/actualite\\\/national\\\/bab-saadoun-un-reseau-heating-and-cooling-pour-la-colline-sanitaire\\\/393440\\\/#primaryimage\"},\"thumbnailUrl\":\"https:\\\/\\\/www.webdo.tn\\\/fr\\\/wp-content\\\/uploads\\\/2026\\\/02\\\/bab-saadoun.jpg\",\"datePublished\":\"2026-02-19T12:40:09+00:00\",\"dateModified\":\"2026-02-19T12:40:10+00:00\",\"description\":\"D\u00e9couvrez le projet de la colline sanitaire \u00e0 Tunis, visant \u00e0 am\u00e9liorer le r\u00e9seau de chaleur et de froid pour les \u00e9tablissements de sant\u00e9.\",\"breadcrumb\":{\"@id\":\"https:\\\/\\\/www.webdo.tn\\\/fr\\\/actualite\\\/national\\\/bab-saadoun-un-reseau-heating-and-cooling-pour-la-colline-sanitaire\\\/393440\\\/#breadcrumb\"},\"inLanguage\":\"fr-FR\",\"potentialAction\":[{\"@type\":\"ReadAction\",\"target\":[\"https:\\\/\\\/www.webdo.tn\\\/fr\\\/actualite\\\/national\\\/bab-saadoun-un-reseau-heating-and-cooling-pour-la-colline-sanitaire\\\/393440\\\/\"]}]},{\"@type\":\"ImageObject\",\"inLanguage\":\"fr-FR\",\"@id\":\"https:\\\/\\\/www.webdo.tn\\\/fr\\\/actualite\\\/national\\\/bab-saadoun-un-reseau-heating-and-cooling-pour-la-colline-sanitaire\\\/393440\\\/#primaryimage\",\"url\":\"https:\\\/\\\/www.webdo.tn\\\/fr\\\/wp-content\\\/uploads\\\/2026\\\/02\\\/bab-saadoun.jpg\",\"contentUrl\":\"https:\\\/\\\/www.webdo.tn\\\/fr\\\/wp-content\\\/uploads\\\/2026\\\/02\\\/bab-saadoun.jpg\",\"width\":1200,\"height\":605,\"caption\":\"Colline Bab Saadoun\"},{\"@type\":\"BreadcrumbList\",\"@id\":\"https:\\\/\\\/www.webdo.tn\\\/fr\\\/actualite\\\/national\\\/bab-saadoun-un-reseau-heating-and-cooling-pour-la-colline-sanitaire\\\/393440\\\/#breadcrumb\",\"itemListElement\":[{\"@type\":\"ListItem\",\"position\":1,\"name\":\"Accueil\",\"item\":\"https:\\\/\\\/www.webdo.tn\\\/fr\\\/\"},{\"@type\":\"ListItem\",\"position\":2,\"name\":\"Bab Saadoun : Un r\u00e9seau \u00ab\u00a0heating and cooling\u00a0\u00bb pour la colline sanitaire\"}]},{\"@type\":\"WebSite\",\"@id\":\"https:\\\/\\\/www.webdo.tn\\\/fr\\\/#website\",\"url\":\"https:\\\/\\\/www.webdo.tn\\\/fr\\\/\",\"name\":\"webdo\",\"description\":\"Tunisie - News en Tunisie et \u00e0 l&#039;international sur Webdo.tn\",\"publisher\":{\"@id\":\"https:\\\/\\\/www.webdo.tn\\\/fr\\\/#organization\"},\"potentialAction\":[{\"@type\":\"SearchAction\",\"target\":{\"@type\":\"EntryPoint\",\"urlTemplate\":\"https:\\\/\\\/www.webdo.tn\\\/fr\\\/?s={search_term_string}\"},\"query-input\":{\"@type\":\"PropertyValueSpecification\",\"valueRequired\":true,\"valueName\":\"search_term_string\"}}],\"inLanguage\":\"fr-FR\"},{\"@type\":\"Organization\",\"@id\":\"https:\\\/\\\/www.webdo.tn\\\/fr\\\/#organization\",\"name\":\"Webdo\",\"alternateName\":\"Webdo.tn\",\"url\":\"https:\\\/\\\/www.webdo.tn\\\/fr\\\/\",\"logo\":{\"@type\":\"ImageObject\",\"inLanguage\":\"fr-FR\",\"@id\":\"https:\\\/\\\/www.webdo.tn\\\/fr\\\/#\\\/schema\\\/logo\\\/image\\\/\",\"url\":\"https:\\\/\\\/www.webdo.tn\\\/fr\\\/wp-content\\\/uploads\\\/2025\\\/06\\\/Webdo-Tunisie_168377.jpg\",\"contentUrl\":\"https:\\\/\\\/www.webdo.tn\\\/fr\\\/wp-content\\\/uploads\\\/2025\\\/06\\\/Webdo-Tunisie_168377.jpg\",\"width\":301,\"height\":301,\"caption\":\"Webdo\"},\"image\":{\"@id\":\"https:\\\/\\\/www.webdo.tn\\\/fr\\\/#\\\/schema\\\/logo\\\/image\\\/\"},\"sameAs\":[\"https:\\\/\\\/www.facebook.com\\\/webdotn\",\"https:\\\/\\\/x.com\\\/webdo_tn\"],\"description\":\"Webdo est un m\u00e9dia num\u00e9rique tunisien fond\u00e9 en 2010, sp\u00e9cialis\u00e9 dans l\u2019actualit\u00e9 nationale et internationale, l\u2019\u00e9conomie, la soci\u00e9t\u00e9 et les analyses politiques. Le site s\u2019adresse \u00e0 un large public francophone et couvre l\u2019information tunisienne en temps r\u00e9el.\",\"email\":\"redac@webdo.tn\",\"legalName\":\"YNJ SARL\",\"foundingDate\":\"2010-09-06\",\"numberOfEmployees\":{\"@type\":\"QuantitativeValue\",\"minValue\":\"11\",\"maxValue\":\"50\"}},{\"@type\":\"Person\",\"@id\":\"https:\\\/\\\/www.webdo.tn\\\/fr\\\/#\\\/schema\\\/person\\\/b9ecde7a5574cb4fcf4b496ea5fadb15\",\"name\":\"Wided Belhaj\",\"image\":{\"@type\":\"ImageObject\",\"inLanguage\":\"fr-FR\",\"@id\":\"https:\\\/\\\/www.webdo.tn\\\/fr\\\/wp-content\\\/uploads\\\/2026\\\/04\\\/wided-belhaj_avatar-96x96.jpg\",\"url\":\"https:\\\/\\\/www.webdo.tn\\\/fr\\\/wp-content\\\/uploads\\\/2026\\\/04\\\/wided-belhaj_avatar-96x96.jpg\",\"contentUrl\":\"https:\\\/\\\/www.webdo.tn\\\/fr\\\/wp-content\\\/uploads\\\/2026\\\/04\\\/wided-belhaj_avatar-96x96.jpg\",\"caption\":\"Wided Belhaj\"},\"description\":\"Wided Belhaj est le pseudonyme \u00e9ditorial utilis\u00e9 par Khalil Jelassi, journaliste, ma\u00eetre-assistant \u00e0 l\u2019Institut de presse et des sciences de l\u2019information (IPSI) et chercheur en sciences de l\u2019information et de la communication. Cette signature est d\u00e9di\u00e9e \u00e0 l\u2019analyse des m\u00e9dias, des pratiques journalistiques et des mutations de l\u2019information \u00e0 l\u2019\u00e8re digitale. \u00c0 travers ses contributions, Wided Belhaj propose une lecture analytique de l\u2019actualit\u00e9, en croisant regard critique et expertise acad\u00e9mique.\",\"knowsAbout\":[\"m\u00e9dias\",\"journalisme\",\"communication\",\"information\",\"transformation num\u00e9rique\",\"analyse des m\u00e9dias\"],\"knowsLanguage\":[\"Fran\u00e7ais\",\"Arabe\"],\"jobTitle\":\"Webdo.tn\",\"worksFor\":\"Journaliste \u2013 Analyse des m\u00e9dias\",\"url\":\"https:\\\/\\\/www.webdo.tn\\\/fr\\\/actualite\\\/author\\\/wided-belhaj\\\/\"}]}<\/script>\n<!-- \/ Yoast SEO Premium plugin. -->","yoast_head_json":{"title":"Bab Saadoun : Un r\u00e9seau \"heating and cooling\" pour la colline sanitaire - webdo","description":"D\u00e9couvrez le projet de la colline sanitaire \u00e0 Tunis, visant \u00e0 am\u00e9liorer le r\u00e9seau de chaleur et de froid pour les \u00e9tablissements de sant\u00e9.","canonical":"https:\/\/www.webdo.tn\/fr\/actualite\/national\/bab-saadoun-un-reseau-heating-and-cooling-pour-la-colline-sanitaire\/393440\/","og_locale":"fr_FR","og_type":"article","og_title":"Bab Saadoun : Un r\u00e9seau \"heating and cooling\" pour la colline sanitaire","og_description":"D\u00e9couvrez le projet de la colline sanitaire \u00e0 Tunis, visant \u00e0 am\u00e9liorer le r\u00e9seau de chaleur et de froid pour les \u00e9tablissements de sant\u00e9.","og_url":"https:\/\/www.webdo.tn\/fr\/actualite\/national\/bab-saadoun-un-reseau-heating-and-cooling-pour-la-colline-sanitaire\/393440\/","og_site_name":"webdo","article_publisher":"https:\/\/www.facebook.com\/webdotn","article_published_time":"2026-02-19T12:40:09+00:00","article_modified_time":"2026-02-19T12:40:10+00:00","og_image":[{"width":1200,"height":605,"url":"https:\/\/www.webdo.tn\/fr\/wp-content\/uploads\/2026\/02\/bab-saadoun.jpg","type":"image\/jpeg"}],"author":"Wided Belhaj","twitter_card":"summary_large_image","twitter_creator":"@webdo_tn","twitter_site":"@webdo_tn","twitter_misc":{"\u00c9crit par":"Wided Belhaj","Dur\u00e9e de lecture estim\u00e9e":"3 minutes"},"schema":{"@context":"https:\/\/schema.org","@graph":[{"@type":"NewsArticle","@id":"https:\/\/www.webdo.tn\/fr\/actualite\/national\/bab-saadoun-un-reseau-heating-and-cooling-pour-la-colline-sanitaire\/393440\/#article","isPartOf":{"@id":"https:\/\/www.webdo.tn\/fr\/actualite\/national\/bab-saadoun-un-reseau-heating-and-cooling-pour-la-colline-sanitaire\/393440\/"},"author":{"name":"Wided Belhaj","@id":"https:\/\/www.webdo.tn\/fr\/#\/schema\/person\/b9ecde7a5574cb4fcf4b496ea5fadb15"},"headline":"Bab Saadoun : Un r\u00e9seau \u00ab\u00a0heating and cooling\u00a0\u00bb pour la colline sanitaire","datePublished":"2026-02-19T12:40:09+00:00","dateModified":"2026-02-19T12:40:10+00:00","mainEntityOfPage":{"@id":"https:\/\/www.webdo.tn\/fr\/actualite\/national\/bab-saadoun-un-reseau-heating-and-cooling-pour-la-colline-sanitaire\/393440\/"},"wordCount":643,"publisher":{"@id":"https:\/\/www.webdo.tn\/fr\/#organization"},"image":{"@id":"https:\/\/www.webdo.tn\/fr\/actualite\/national\/bab-saadoun-un-reseau-heating-and-cooling-pour-la-colline-sanitaire\/393440\/#primaryimage"},"thumbnailUrl":"https:\/\/www.webdo.tn\/fr\/wp-content\/uploads\/2026\/02\/bab-saadoun.jpg","keywords":["\u00e9nergie","Sant\u00e9","Tunisie"],"articleSection":["National"],"inLanguage":"fr-FR"},{"@type":"WebPage","@id":"https:\/\/www.webdo.tn\/fr\/actualite\/national\/bab-saadoun-un-reseau-heating-and-cooling-pour-la-colline-sanitaire\/393440\/","url":"https:\/\/www.webdo.tn\/fr\/actualite\/national\/bab-saadoun-un-reseau-heating-and-cooling-pour-la-colline-sanitaire\/393440\/","name":"Bab Saadoun : Un r\u00e9seau \"heating and cooling\" pour la colline sanitaire - webdo","isPartOf":{"@id":"https:\/\/www.webdo.tn\/fr\/#website"},"primaryImageOfPage":{"@id":"https:\/\/www.webdo.tn\/fr\/actualite\/national\/bab-saadoun-un-reseau-heating-and-cooling-pour-la-colline-sanitaire\/393440\/#primaryimage"},"image":{"@id":"https:\/\/www.webdo.tn\/fr\/actualite\/national\/bab-saadoun-un-reseau-heating-and-cooling-pour-la-colline-sanitaire\/393440\/#primaryimage"},"thumbnailUrl":"https:\/\/www.webdo.tn\/fr\/wp-content\/uploads\/2026\/02\/bab-saadoun.jpg","datePublished":"2026-02-19T12:40:09+00:00","dateModified":"2026-02-19T12:40:10+00:00","description":"D\u00e9couvrez le projet de la colline sanitaire \u00e0 Tunis, visant \u00e0 am\u00e9liorer le r\u00e9seau de chaleur et de froid pour les \u00e9tablissements de sant\u00e9.","breadcrumb":{"@id":"https:\/\/www.webdo.tn\/fr\/actualite\/national\/bab-saadoun-un-reseau-heating-and-cooling-pour-la-colline-sanitaire\/393440\/#breadcrumb"},"inLanguage":"fr-FR","potentialAction":[{"@type":"ReadAction","target":["https:\/\/www.webdo.tn\/fr\/actualite\/national\/bab-saadoun-un-reseau-heating-and-cooling-pour-la-colline-sanitaire\/393440\/"]}]},{"@type":"ImageObject","inLanguage":"fr-FR","@id":"https:\/\/www.webdo.tn\/fr\/actualite\/national\/bab-saadoun-un-reseau-heating-and-cooling-pour-la-colline-sanitaire\/393440\/#primaryimage","url":"https:\/\/www.webdo.tn\/fr\/wp-content\/uploads\/2026\/02\/bab-saadoun.jpg","contentUrl":"https:\/\/www.webdo.tn\/fr\/wp-content\/uploads\/2026\/02\/bab-saadoun.jpg","width":1200,"height":605,"caption":"Colline Bab Saadoun"},{"@type":"BreadcrumbList","@id":"https:\/\/www.webdo.tn\/fr\/actualite\/national\/bab-saadoun-un-reseau-heating-and-cooling-pour-la-colline-sanitaire\/393440\/#breadcrumb","itemListElement":[{"@type":"ListItem","position":1,"name":"Accueil","item":"https:\/\/www.webdo.tn\/fr\/"},{"@type":"ListItem","position":2,"name":"Bab Saadoun : Un r\u00e9seau \u00ab\u00a0heating and cooling\u00a0\u00bb pour la colline sanitaire"}]},{"@type":"WebSite","@id":"https:\/\/www.webdo.tn\/fr\/#website","url":"https:\/\/www.webdo.tn\/fr\/","name":"webdo","description":"Tunisie - News en Tunisie et \u00e0 l&#039;international sur Webdo.tn","publisher":{"@id":"https:\/\/www.webdo.tn\/fr\/#organization"},"potentialAction":[{"@type":"SearchAction","target":{"@type":"EntryPoint","urlTemplate":"https:\/\/www.webdo.tn\/fr\/?s={search_term_string}"},"query-input":{"@type":"PropertyValueSpecification","valueRequired":true,"valueName":"search_term_string"}}],"inLanguage":"fr-FR"},{"@type":"Organization","@id":"https:\/\/www.webdo.tn\/fr\/#organization","name":"Webdo","alternateName":"Webdo.tn","url":"https:\/\/www.webdo.tn\/fr\/","logo":{"@type":"ImageObject","inLanguage":"fr-FR","@id":"https:\/\/www.webdo.tn\/fr\/#\/schema\/logo\/image\/","url":"https:\/\/www.webdo.tn\/fr\/wp-content\/uploads\/2025\/06\/Webdo-Tunisie_168377.jpg","contentUrl":"https:\/\/www.webdo.tn\/fr\/wp-content\/uploads\/2025\/06\/Webdo-Tunisie_168377.jpg","width":301,"height":301,"caption":"Webdo"},"image":{"@id":"https:\/\/www.webdo.tn\/fr\/#\/schema\/logo\/image\/"},"sameAs":["https:\/\/www.facebook.com\/webdotn","https:\/\/x.com\/webdo_tn"],"description":"Webdo est un m\u00e9dia num\u00e9rique tunisien fond\u00e9 en 2010, sp\u00e9cialis\u00e9 dans l\u2019actualit\u00e9 nationale et internationale, l\u2019\u00e9conomie, la soci\u00e9t\u00e9 et les analyses politiques. Le site s\u2019adresse \u00e0 un large public francophone et couvre l\u2019information tunisienne en temps r\u00e9el.","email":"redac@webdo.tn","legalName":"YNJ SARL","foundingDate":"2010-09-06","numberOfEmployees":{"@type":"QuantitativeValue","minValue":"11","maxValue":"50"}},{"@type":"Person","@id":"https:\/\/www.webdo.tn\/fr\/#\/schema\/person\/b9ecde7a5574cb4fcf4b496ea5fadb15","name":"Wided Belhaj","image":{"@type":"ImageObject","inLanguage":"fr-FR","@id":"https:\/\/www.webdo.tn\/fr\/wp-content\/uploads\/2026\/04\/wided-belhaj_avatar-96x96.jpg","url":"https:\/\/www.webdo.tn\/fr\/wp-content\/uploads\/2026\/04\/wided-belhaj_avatar-96x96.jpg","contentUrl":"https:\/\/www.webdo.tn\/fr\/wp-content\/uploads\/2026\/04\/wided-belhaj_avatar-96x96.jpg","caption":"Wided Belhaj"},"description":"Wided Belhaj est le pseudonyme \u00e9ditorial utilis\u00e9 par Khalil Jelassi, journaliste, ma\u00eetre-assistant \u00e0 l\u2019Institut de presse et des sciences de l\u2019information (IPSI) et chercheur en sciences de l\u2019information et de la communication. Cette signature est d\u00e9di\u00e9e \u00e0 l\u2019analyse des m\u00e9dias, des pratiques journalistiques et des mutations de l\u2019information \u00e0 l\u2019\u00e8re digitale. \u00c0 travers ses contributions, Wided Belhaj propose une lecture analytique de l\u2019actualit\u00e9, en croisant regard critique et expertise acad\u00e9mique.","knowsAbout":["m\u00e9dias","journalisme","communication","information","transformation num\u00e9rique","analyse des m\u00e9dias"],"knowsLanguage":["Fran\u00e7ais","Arabe"],"jobTitle":"Webdo.tn","worksFor":"Journaliste \u2013 Analyse des m\u00e9dias","url":"https:\/\/www.webdo.tn\/fr\/actualite\/author\/wided-belhaj\/"}]}},"_links":{"self":[{"href":"https:\/\/www.webdo.tn\/fr\/wp-json\/wp\/v2\/posts\/393440","targetHints":{"allow":["GET"]}}],"collection":[{"href":"https:\/\/www.webdo.tn\/fr\/wp-json\/wp\/v2\/posts"}],"about":[{"href":"https:\/\/www.webdo.tn\/fr\/wp-json\/wp\/v2\/types\/post"}],"author":[{"embeddable":true,"href":"https:\/\/www.webdo.tn\/fr\/wp-json\/wp\/v2\/users\/3184"}],"replies":[{"embeddable":true,"href":"https:\/\/www.webdo.tn\/fr\/wp-json\/wp\/v2\/comments?post=393440"}],"version-history":[{"count":0,"href":"https:\/\/www.webdo.tn\/fr\/wp-json\/wp\/v2\/posts\/393440\/revisions"}],"wp:featuredmedia":[{"embeddable":true,"href":"https:\/\/www.webdo.tn\/fr\/wp-json\/wp\/v2\/media\/393441"}],"wp:attachment":[{"href":"https:\/\/www.webdo.tn\/fr\/wp-json\/wp\/v2\/media?parent=393440"}],"wp:term":[{"taxonomy":"category","embeddable":true,"href":"https:\/\/www.webdo.tn\/fr\/wp-json\/wp\/v2\/categories?post=393440"},{"taxonomy":"post_tag","embeddable":true,"href":"https:\/\/www.webdo.tn\/fr\/wp-json\/wp\/v2\/tags?post=393440"}],"curies":[{"name":"wp","href":"https:\/\/api.w.org\/{rel}","templated":true}]}}