{"id":393421,"date":"2026-02-19T10:23:46","date_gmt":"2026-02-19T09:23:46","guid":{"rendered":"https:\/\/www.webdo.tn\/fr\/?p=393421"},"modified":"2026-02-19T10:31:19","modified_gmt":"2026-02-19T09:31:19","slug":"tunisie-forte-mobilisation-des-enseignants-du-secondaire-lors-des-greves-regionales","status":"publish","type":"post","link":"https:\/\/www.webdo.tn\/fr\/actualite\/national\/tunisie-forte-mobilisation-des-enseignants-du-secondaire-lors-des-greves-regionales\/393421\/","title":{"rendered":"Tunisie : Forte mobilisation des enseignants du secondaire lors des gr\u00e8ves r\u00e9gionales"},"content":{"rendered":"\n<p><strong>Les enseignants du secondaire ont marqu\u00e9 une participation massive lors des gr\u00e8ves r\u00e9gionales, r\u00e9affirmant leur volont\u00e9 de d\u00e9fendre leurs droits syndicaux tout en appelant \u00e0 un dialogue constructif avec les autorit\u00e9s pour r\u00e9pondre \u00e0 leurs revendications, annonce l&rsquo;UGTT.<\/strong><\/p>\n\n\n\n<p>La F\u00e9d\u00e9ration g\u00e9n\u00e9rale de l\u2019enseignement secondaire, affili\u00e9e \u00e0 l\u2019Union g\u00e9n\u00e9rale tunisienne du travail (UGTT), a annonc\u00e9 le succ\u00e8s des gr\u00e8ves r\u00e9gionales organis\u00e9es dans plusieurs gouvernorats. Selon le communiqu\u00e9 officiel, la participation des enseignants a d\u00e9pass\u00e9 75%, illustrant la d\u00e9termination du corps enseignant \u00e0 faire respecter ses acquis et \u00e0 promouvoir l\u2019am\u00e9lioration des conditions de travail, rapporte Echa\u00e2b News, organe m\u00e9diatique de la centrale syndicale.<\/p>\n\n\n\n<p>Pour la rentr\u00e9e scolaire 2025-2026, la Tunisie compte environ 160.000 enseignants tous cycles confondus. Le secondaire et les coll\u00e8ges repr\u00e9sentent pr\u00e8s de 55% du corps \u00e9ducatif, soit environ 88.000 professeurs. Ainsi, un taux sup\u00e9rieur \u00e0 75% correspond \u00e0 plus de 65.000 enseignants mobilis\u00e9s, nous pr\u00e9cise le secr\u00e9taire g\u00e9n\u00e9ral de la F\u00e9d\u00e9ration, Mohamed Safi,ce qui donne une port\u00e9e nationale au mouvement.<\/p>\n\n\n\n<h2 class=\"wp-block-heading\" id=\"h-une-mobilisation-organisee-sur-trois-jours\">Une mobilisation organis\u00e9e sur trois jours<\/h2>\n\n\n\n<p>La mobilisation a \u00e9t\u00e9 planifi\u00e9e selon une r\u00e9partition g\u00e9ographique sur trois jours : le 16 f\u00e9vrier pour les r\u00e9gions du Nord, le 17 f\u00e9vrier pour celles du Centre et le 18 f\u00e9vrier pour les r\u00e9gions du Sud. Chaque \u00e9tape correspondait \u00e0 une journ\u00e9e compl\u00e8te de gr\u00e8ve dans les \u00e9tablissements concern\u00e9s. Cette formule a permis d\u2019\u00e9tendre la mobilisation \u00e0 l\u2019\u00e9chelle nationale tout en la fragmentant r\u00e9gionalement, afin d\u2019assurer un impact significatif tout en limitant le chaos organisationnel.<\/p>\n\n\n\n<blockquote class=\"wp-block-quote is-layout-flow wp-block-quote-is-layout-flow\">\n<blockquote class=\"wp-block-quote is-layout-flow wp-block-quote-is-layout-flow\">\n<ul class=\"wp-block-list\">\n<li class=\"has-medium-font-size\"><strong>Lire aussi :<\/strong> <a href=\"https:\/\/www.webdo.tn\/fr\/actualite\/national\/secondaire-les-cours-suspendus-dans-le-nord-au-premier-jour-dun-mouvement-regional-tournant\/393231\/\">Secondaire : Les cours suspendus dans le Nord au premier jour d\u2019un mouvement r\u00e9gional tournant<\/a><\/li>\n<\/ul>\n<\/blockquote>\n<\/blockquote>\n\n\n\n<h2 class=\"wp-block-heading\" id=\"h-ajustement-de-la-strategie-syndicale\">Ajustement de la strat\u00e9gie syndicale<\/h2>\n\n\n\n<p>Cette action s\u2019inscrit dans le cadre d\u2019un ajustement strat\u00e9gique de la f\u00e9d\u00e9ration. En novembre 2025, elle avait opt\u00e9 pour le boycott des examens, une mesure \u00e0 fort impact. D\u00e9but f\u00e9vrier 2026, lors d\u2019une r\u00e9union de son instance administrative, cette d\u00e9cision a \u00e9t\u00e9 suspendue au profit des gr\u00e8ves r\u00e9gionales successives, permettant de maintenir la pression sur le minist\u00e8re de l\u2019\u00c9ducation tout en diversifiant les formes de mobilisation.<\/p>\n\n\n\n<p>Le syndicat entend ainsi obtenir l\u2019application des accords d\u00e9j\u00e0 conclus et ouvrir de nouvelles discussions sur les conditions de travail et la situation g\u00e9n\u00e9rale de l\u2019\u00e9cole publique. Parmi les pr\u00e9occupations majeures figure la mont\u00e9e de la violence dans les \u00e9tablissements scolaires, jug\u00e9e sous-estim\u00e9e par les autorit\u00e9s, et pour laquelle aucune r\u00e9ponse structurelle durable n\u2019a \u00e9t\u00e9 mise en place.<\/p>\n\n\n\n<h2 class=\"wp-block-heading\" id=\"h-impact-sur-les-eleves\">Impact sur les \u00e9l\u00e8ves<\/h2>\n\n\n\n<p>Pour les \u00e9l\u00e8ves et leurs parents, ces arr\u00eats successifs signifient des journ\u00e9es sans cours, une d\u00e9sorganisation du calendrier p\u00e9dagogique et une incertitude persistante quant \u00e0 la suite du mouvement. Si le boycott des examens a \u00e9t\u00e9 temporairement lev\u00e9, la tension sociale dans le secteur \u00e9ducatif reste vive, laissant ouverte la possibilit\u00e9 de nouvelles actions en cas d\u2019\u00e9chec des n\u00e9gociations.<\/p>\n\n\n\n<blockquote class=\"wp-block-quote is-layout-flow wp-block-quote-is-layout-flow\">\n<blockquote class=\"wp-block-quote is-layout-flow wp-block-quote-is-layout-flow\">\n<ul class=\"wp-block-list\">\n<li class=\"has-medium-font-size\"><strong>Lire aussi :<\/strong> <a href=\"https:\/\/www.webdo.tn\/fr\/actualite\/national\/enseignement-secondaire-suspension-du-boycott-des-examens-du-second-trimestre\/392551\/\">Enseignement secondaire : Suspension du boycott des examens du second trimestre<\/a><\/li>\n<\/ul>\n<\/blockquote>\n<\/blockquote>\n\n\n\n<p>Malgr\u00e9 les contraintes, les gr\u00e8ves ont \u00e9t\u00e9 organis\u00e9es de mani\u00e8re structur\u00e9e, avec le soutien des structures syndicales locales et nationales sans impact r\u00e9el sur les \u00e9l\u00e8ves, selon la F\u00e9d\u00e9ration. L\u2019action a permis de sensibiliser l\u2019opinion publique sur les besoins du secteur \u00e9ducatif et sur les revendications li\u00e9es \u00e0 la r\u00e9mun\u00e9ration, aux perspectives professionnelles et aux conditions d\u2019exercice dans l\u2019enseignement secondaire.<\/p>\n","protected":false},"excerpt":{"rendered":"<p>Les enseignants du secondaire ont marqu\u00e9 une participation massive lors des gr\u00e8ves r\u00e9gionales, r\u00e9affirmant leur volont\u00e9 de d\u00e9fendre leurs droits syndicaux tout en appelant \u00e0 un dialogue constructif avec les autorit\u00e9s pour r\u00e9pondre \u00e0 leurs revendications, annonce l&rsquo;UGTT. La F\u00e9d\u00e9ration g\u00e9n\u00e9rale de l\u2019enseignement secondaire, affili\u00e9e \u00e0 l\u2019Union g\u00e9n\u00e9rale tunisienne du travail (UGTT), a annonc\u00e9 le [&hellip;]<\/p>\n","protected":false},"author":4782,"featured_media":393422,"comment_status":"closed","ping_status":"closed","sticky":false,"template":"","format":"standard","meta":{"footnotes":""},"categories":[44],"tags":[7785,7913,13745,2608,2649],"class_list":["post-393421","post","type-post","status-publish","format-standard","has-post-thumbnail","hentry","category-national","tag-enseignement-secondaire","tag-federation-generale-de-lenseignement-secondaire","tag-greve-regionale","tag-tunisie","tag-ugtt"],"yoast_head":"<!-- This site is optimized with the Yoast SEO Premium plugin v27.5 (Yoast SEO v27.5) - https:\/\/yoast.com\/product\/yoast-seo-premium-wordpress\/ -->\n<title>Tunisie : Forte mobilisation des enseignants du secondaire lors des gr\u00e8ves r\u00e9gionales - webdo<\/title>\n<meta name=\"description\" content=\"La participation massive des enseignants du secondaire en Tunisie souligne leur d\u00e9termination lors des r\u00e9centes gr\u00e8ves r\u00e9gionales.\" \/>\n<link rel=\"canonical\" href=\"https:\/\/www.webdo.tn\/fr\/actualite\/national\/tunisie-forte-mobilisation-des-enseignants-du-secondaire-lors-des-greves-regionales\/393421\/\" \/>\n<meta property=\"og:locale\" content=\"fr_FR\" \/>\n<meta property=\"og:type\" content=\"article\" \/>\n<meta property=\"og:title\" content=\"Tunisie : Forte mobilisation des enseignants du secondaire lors des gr\u00e8ves r\u00e9gionales\" \/>\n<meta property=\"og:description\" content=\"La participation massive des enseignants du secondaire en Tunisie souligne leur d\u00e9termination lors des r\u00e9centes gr\u00e8ves r\u00e9gionales.\" \/>\n<meta property=\"og:url\" content=\"https:\/\/www.webdo.tn\/fr\/actualite\/national\/tunisie-forte-mobilisation-des-enseignants-du-secondaire-lors-des-greves-regionales\/393421\/\" \/>\n<meta property=\"og:site_name\" content=\"webdo\" \/>\n<meta property=\"article:publisher\" content=\"https:\/\/www.facebook.com\/webdotn\" \/>\n<meta property=\"article:published_time\" content=\"2026-02-19T09:23:46+00:00\" \/>\n<meta property=\"article:modified_time\" content=\"2026-02-19T09:31:19+00:00\" \/>\n<meta property=\"og:image\" content=\"https:\/\/www.webdo.tn\/fr\/wp-content\/uploads\/2026\/02\/Secondaire-greve.jpg\" \/>\n\t<meta property=\"og:image:width\" content=\"1200\" \/>\n\t<meta property=\"og:image:height\" content=\"600\" \/>\n\t<meta property=\"og:image:type\" content=\"image\/jpeg\" \/>\n<meta name=\"author\" content=\"Mohamed Fethi\" \/>\n<meta name=\"twitter:card\" content=\"summary_large_image\" \/>\n<meta name=\"twitter:creator\" content=\"@webdo_tn\" \/>\n<meta name=\"twitter:site\" content=\"@webdo_tn\" \/>\n<meta name=\"twitter:label1\" content=\"\u00c9crit par\" \/>\n\t<meta name=\"twitter:data1\" content=\"Mohamed Fethi\" \/>\n\t<meta name=\"twitter:label2\" content=\"Dur\u00e9e de lecture estim\u00e9e\" \/>\n\t<meta name=\"twitter:data2\" content=\"3 minutes\" \/>\n<script type=\"application\/ld+json\" class=\"yoast-schema-graph\">{\"@context\":\"https:\\\/\\\/schema.org\",\"@graph\":[{\"@type\":\"NewsArticle\",\"@id\":\"https:\\\/\\\/www.webdo.tn\\\/fr\\\/actualite\\\/national\\\/tunisie-forte-mobilisation-des-enseignants-du-secondaire-lors-des-greves-regionales\\\/393421\\\/#article\",\"isPartOf\":{\"@id\":\"https:\\\/\\\/www.webdo.tn\\\/fr\\\/actualite\\\/national\\\/tunisie-forte-mobilisation-des-enseignants-du-secondaire-lors-des-greves-regionales\\\/393421\\\/\"},\"author\":{\"name\":\"Mohamed Fethi\",\"@id\":\"https:\\\/\\\/www.webdo.tn\\\/fr\\\/#\\\/schema\\\/person\\\/16a4857e77dfc0b610c4c2cadffc9ac4\"},\"headline\":\"Tunisie : Forte mobilisation des enseignants du secondaire lors des gr\u00e8ves r\u00e9gionales\",\"datePublished\":\"2026-02-19T09:23:46+00:00\",\"dateModified\":\"2026-02-19T09:31:19+00:00\",\"mainEntityOfPage\":{\"@id\":\"https:\\\/\\\/www.webdo.tn\\\/fr\\\/actualite\\\/national\\\/tunisie-forte-mobilisation-des-enseignants-du-secondaire-lors-des-greves-regionales\\\/393421\\\/\"},\"wordCount\":622,\"publisher\":{\"@id\":\"https:\\\/\\\/www.webdo.tn\\\/fr\\\/#organization\"},\"image\":{\"@id\":\"https:\\\/\\\/www.webdo.tn\\\/fr\\\/actualite\\\/national\\\/tunisie-forte-mobilisation-des-enseignants-du-secondaire-lors-des-greves-regionales\\\/393421\\\/#primaryimage\"},\"thumbnailUrl\":\"https:\\\/\\\/www.webdo.tn\\\/fr\\\/wp-content\\\/uploads\\\/2026\\\/02\\\/Secondaire-greve.jpg\",\"keywords\":[\"enseignement secondaire\",\"F\u00e9d\u00e9ration g\u00e9n\u00e9rale de l'Enseignement secondaire,\",\"gr\u00e8ve r\u00e9gionale\",\"Tunisie\",\"UGTT\"],\"articleSection\":[\"National\"],\"inLanguage\":\"fr-FR\"},{\"@type\":\"WebPage\",\"@id\":\"https:\\\/\\\/www.webdo.tn\\\/fr\\\/actualite\\\/national\\\/tunisie-forte-mobilisation-des-enseignants-du-secondaire-lors-des-greves-regionales\\\/393421\\\/\",\"url\":\"https:\\\/\\\/www.webdo.tn\\\/fr\\\/actualite\\\/national\\\/tunisie-forte-mobilisation-des-enseignants-du-secondaire-lors-des-greves-regionales\\\/393421\\\/\",\"name\":\"Tunisie : Forte mobilisation des enseignants du secondaire lors des gr\u00e8ves r\u00e9gionales - webdo\",\"isPartOf\":{\"@id\":\"https:\\\/\\\/www.webdo.tn\\\/fr\\\/#website\"},\"primaryImageOfPage\":{\"@id\":\"https:\\\/\\\/www.webdo.tn\\\/fr\\\/actualite\\\/national\\\/tunisie-forte-mobilisation-des-enseignants-du-secondaire-lors-des-greves-regionales\\\/393421\\\/#primaryimage\"},\"image\":{\"@id\":\"https:\\\/\\\/www.webdo.tn\\\/fr\\\/actualite\\\/national\\\/tunisie-forte-mobilisation-des-enseignants-du-secondaire-lors-des-greves-regionales\\\/393421\\\/#primaryimage\"},\"thumbnailUrl\":\"https:\\\/\\\/www.webdo.tn\\\/fr\\\/wp-content\\\/uploads\\\/2026\\\/02\\\/Secondaire-greve.jpg\",\"datePublished\":\"2026-02-19T09:23:46+00:00\",\"dateModified\":\"2026-02-19T09:31:19+00:00\",\"description\":\"La participation massive des enseignants du secondaire en Tunisie souligne leur d\u00e9termination lors des r\u00e9centes gr\u00e8ves r\u00e9gionales.\",\"breadcrumb\":{\"@id\":\"https:\\\/\\\/www.webdo.tn\\\/fr\\\/actualite\\\/national\\\/tunisie-forte-mobilisation-des-enseignants-du-secondaire-lors-des-greves-regionales\\\/393421\\\/#breadcrumb\"},\"inLanguage\":\"fr-FR\",\"potentialAction\":[{\"@type\":\"ReadAction\",\"target\":[\"https:\\\/\\\/www.webdo.tn\\\/fr\\\/actualite\\\/national\\\/tunisie-forte-mobilisation-des-enseignants-du-secondaire-lors-des-greves-regionales\\\/393421\\\/\"]}]},{\"@type\":\"ImageObject\",\"inLanguage\":\"fr-FR\",\"@id\":\"https:\\\/\\\/www.webdo.tn\\\/fr\\\/actualite\\\/national\\\/tunisie-forte-mobilisation-des-enseignants-du-secondaire-lors-des-greves-regionales\\\/393421\\\/#primaryimage\",\"url\":\"https:\\\/\\\/www.webdo.tn\\\/fr\\\/wp-content\\\/uploads\\\/2026\\\/02\\\/Secondaire-greve.jpg\",\"contentUrl\":\"https:\\\/\\\/www.webdo.tn\\\/fr\\\/wp-content\\\/uploads\\\/2026\\\/02\\\/Secondaire-greve.jpg\",\"width\":1200,\"height\":600,\"caption\":\"Tunisie : Forte mobilisation des enseignants du secondaire lors des gr\u00e8ves r\u00e9gionales\"},{\"@type\":\"BreadcrumbList\",\"@id\":\"https:\\\/\\\/www.webdo.tn\\\/fr\\\/actualite\\\/national\\\/tunisie-forte-mobilisation-des-enseignants-du-secondaire-lors-des-greves-regionales\\\/393421\\\/#breadcrumb\",\"itemListElement\":[{\"@type\":\"ListItem\",\"position\":1,\"name\":\"Accueil\",\"item\":\"https:\\\/\\\/www.webdo.tn\\\/fr\\\/\"},{\"@type\":\"ListItem\",\"position\":2,\"name\":\"Tunisie : Forte mobilisation des enseignants du secondaire lors des gr\u00e8ves r\u00e9gionales\"}]},{\"@type\":\"WebSite\",\"@id\":\"https:\\\/\\\/www.webdo.tn\\\/fr\\\/#website\",\"url\":\"https:\\\/\\\/www.webdo.tn\\\/fr\\\/\",\"name\":\"webdo\",\"description\":\"Tunisie - News en Tunisie et \u00e0 l&#039;international sur Webdo.tn\",\"publisher\":{\"@id\":\"https:\\\/\\\/www.webdo.tn\\\/fr\\\/#organization\"},\"potentialAction\":[{\"@type\":\"SearchAction\",\"target\":{\"@type\":\"EntryPoint\",\"urlTemplate\":\"https:\\\/\\\/www.webdo.tn\\\/fr\\\/?s={search_term_string}\"},\"query-input\":{\"@type\":\"PropertyValueSpecification\",\"valueRequired\":true,\"valueName\":\"search_term_string\"}}],\"inLanguage\":\"fr-FR\"},{\"@type\":\"Organization\",\"@id\":\"https:\\\/\\\/www.webdo.tn\\\/fr\\\/#organization\",\"name\":\"Webdo\",\"alternateName\":\"Webdo.tn\",\"url\":\"https:\\\/\\\/www.webdo.tn\\\/fr\\\/\",\"logo\":{\"@type\":\"ImageObject\",\"inLanguage\":\"fr-FR\",\"@id\":\"https:\\\/\\\/www.webdo.tn\\\/fr\\\/#\\\/schema\\\/logo\\\/image\\\/\",\"url\":\"https:\\\/\\\/www.webdo.tn\\\/fr\\\/wp-content\\\/uploads\\\/2025\\\/06\\\/Webdo-Tunisie_168377.jpg\",\"contentUrl\":\"https:\\\/\\\/www.webdo.tn\\\/fr\\\/wp-content\\\/uploads\\\/2025\\\/06\\\/Webdo-Tunisie_168377.jpg\",\"width\":301,\"height\":301,\"caption\":\"Webdo\"},\"image\":{\"@id\":\"https:\\\/\\\/www.webdo.tn\\\/fr\\\/#\\\/schema\\\/logo\\\/image\\\/\"},\"sameAs\":[\"https:\\\/\\\/www.facebook.com\\\/webdotn\",\"https:\\\/\\\/x.com\\\/webdo_tn\"],\"description\":\"Webdo est un m\u00e9dia num\u00e9rique tunisien fond\u00e9 en 2010, sp\u00e9cialis\u00e9 dans l\u2019actualit\u00e9 nationale et internationale, l\u2019\u00e9conomie, la soci\u00e9t\u00e9 et les analyses politiques. Le site s\u2019adresse \u00e0 un large public francophone et couvre l\u2019information tunisienne en temps r\u00e9el.\",\"email\":\"redac@webdo.tn\",\"legalName\":\"YNJ SARL\",\"foundingDate\":\"2010-09-06\",\"numberOfEmployees\":{\"@type\":\"QuantitativeValue\",\"minValue\":\"11\",\"maxValue\":\"50\"}},{\"@type\":\"Person\",\"@id\":\"https:\\\/\\\/www.webdo.tn\\\/fr\\\/#\\\/schema\\\/person\\\/16a4857e77dfc0b610c4c2cadffc9ac4\",\"name\":\"Mohamed Fethi\",\"image\":{\"@type\":\"ImageObject\",\"inLanguage\":\"fr-FR\",\"@id\":\"https:\\\/\\\/www.webdo.tn\\\/fr\\\/wp-content\\\/uploads\\\/2026\\\/04\\\/mohamed-fethi_avatar_1-96x96.jpg\",\"url\":\"https:\\\/\\\/www.webdo.tn\\\/fr\\\/wp-content\\\/uploads\\\/2026\\\/04\\\/mohamed-fethi_avatar_1-96x96.jpg\",\"contentUrl\":\"https:\\\/\\\/www.webdo.tn\\\/fr\\\/wp-content\\\/uploads\\\/2026\\\/04\\\/mohamed-fethi_avatar_1-96x96.jpg\",\"caption\":\"Mohamed Fethi\"},\"description\":\"Signature \u00e9ditoriale de Maher Chaabane Mohamed Fethi est le pseudonyme \u00e9ditorial de Maher Chaabane, r\u00e9dacteur en chef de Webdo.tn depuis 2012. Cette signature est d\u00e9di\u00e9e au traitement intensif de l'actualit\u00e9 nationale et internationale en temps r\u00e9el. S'appuyant sur les deux d\u00e9cennies d'expertise journalistique de Maher Chaabane \u2014 d\u00e9but\u00e9e au sein du groupe Tunis Hebdo en 2000 \u2014 Mohamed Fethi assure une veille rigoureuse sur les enjeux politiques, \u00e9conomiques et sportifs. Sa mission est de garantir une information structur\u00e9e, fluide et fid\u00e8le aux standards de la r\u00e9daction. Pour consulter le parcours complet du r\u00e9dacteur en chef, visitez le profil officiel de Maher Chaabane.\",\"knowsAbout\":[\"actualit\u00e9\",\"journalisme\",\"information\",\"politique\",\"sport\",\"m\u00e9dias\",\"actualit\u00e9 internationale\"],\"knowsLanguage\":[\"Fran\u00e7ais\",\"Arabe\"],\"jobTitle\":\"Journaliste \u2013 R\u00e9daction Webdo\",\"worksFor\":\"Webdo.tn\",\"url\":\"https:\\\/\\\/www.webdo.tn\\\/fr\\\/actualite\\\/author\\\/mohamed-fethi\\\/\"}]}<\/script>\n<!-- \/ Yoast SEO Premium plugin. -->","yoast_head_json":{"title":"Tunisie : Forte mobilisation des enseignants du secondaire lors des gr\u00e8ves r\u00e9gionales - webdo","description":"La participation massive des enseignants du secondaire en Tunisie souligne leur d\u00e9termination lors des r\u00e9centes gr\u00e8ves r\u00e9gionales.","canonical":"https:\/\/www.webdo.tn\/fr\/actualite\/national\/tunisie-forte-mobilisation-des-enseignants-du-secondaire-lors-des-greves-regionales\/393421\/","og_locale":"fr_FR","og_type":"article","og_title":"Tunisie : Forte mobilisation des enseignants du secondaire lors des gr\u00e8ves r\u00e9gionales","og_description":"La participation massive des enseignants du secondaire en Tunisie souligne leur d\u00e9termination lors des r\u00e9centes gr\u00e8ves r\u00e9gionales.","og_url":"https:\/\/www.webdo.tn\/fr\/actualite\/national\/tunisie-forte-mobilisation-des-enseignants-du-secondaire-lors-des-greves-regionales\/393421\/","og_site_name":"webdo","article_publisher":"https:\/\/www.facebook.com\/webdotn","article_published_time":"2026-02-19T09:23:46+00:00","article_modified_time":"2026-02-19T09:31:19+00:00","og_image":[{"width":1200,"height":600,"url":"https:\/\/www.webdo.tn\/fr\/wp-content\/uploads\/2026\/02\/Secondaire-greve.jpg","type":"image\/jpeg"}],"author":"Mohamed Fethi","twitter_card":"summary_large_image","twitter_creator":"@webdo_tn","twitter_site":"@webdo_tn","twitter_misc":{"\u00c9crit par":"Mohamed Fethi","Dur\u00e9e de lecture estim\u00e9e":"3 minutes"},"schema":{"@context":"https:\/\/schema.org","@graph":[{"@type":"NewsArticle","@id":"https:\/\/www.webdo.tn\/fr\/actualite\/national\/tunisie-forte-mobilisation-des-enseignants-du-secondaire-lors-des-greves-regionales\/393421\/#article","isPartOf":{"@id":"https:\/\/www.webdo.tn\/fr\/actualite\/national\/tunisie-forte-mobilisation-des-enseignants-du-secondaire-lors-des-greves-regionales\/393421\/"},"author":{"name":"Mohamed Fethi","@id":"https:\/\/www.webdo.tn\/fr\/#\/schema\/person\/16a4857e77dfc0b610c4c2cadffc9ac4"},"headline":"Tunisie : Forte mobilisation des enseignants du secondaire lors des gr\u00e8ves r\u00e9gionales","datePublished":"2026-02-19T09:23:46+00:00","dateModified":"2026-02-19T09:31:19+00:00","mainEntityOfPage":{"@id":"https:\/\/www.webdo.tn\/fr\/actualite\/national\/tunisie-forte-mobilisation-des-enseignants-du-secondaire-lors-des-greves-regionales\/393421\/"},"wordCount":622,"publisher":{"@id":"https:\/\/www.webdo.tn\/fr\/#organization"},"image":{"@id":"https:\/\/www.webdo.tn\/fr\/actualite\/national\/tunisie-forte-mobilisation-des-enseignants-du-secondaire-lors-des-greves-regionales\/393421\/#primaryimage"},"thumbnailUrl":"https:\/\/www.webdo.tn\/fr\/wp-content\/uploads\/2026\/02\/Secondaire-greve.jpg","keywords":["enseignement secondaire","F\u00e9d\u00e9ration g\u00e9n\u00e9rale de l'Enseignement secondaire,","gr\u00e8ve r\u00e9gionale","Tunisie","UGTT"],"articleSection":["National"],"inLanguage":"fr-FR"},{"@type":"WebPage","@id":"https:\/\/www.webdo.tn\/fr\/actualite\/national\/tunisie-forte-mobilisation-des-enseignants-du-secondaire-lors-des-greves-regionales\/393421\/","url":"https:\/\/www.webdo.tn\/fr\/actualite\/national\/tunisie-forte-mobilisation-des-enseignants-du-secondaire-lors-des-greves-regionales\/393421\/","name":"Tunisie : Forte mobilisation des enseignants du secondaire lors des gr\u00e8ves r\u00e9gionales - webdo","isPartOf":{"@id":"https:\/\/www.webdo.tn\/fr\/#website"},"primaryImageOfPage":{"@id":"https:\/\/www.webdo.tn\/fr\/actualite\/national\/tunisie-forte-mobilisation-des-enseignants-du-secondaire-lors-des-greves-regionales\/393421\/#primaryimage"},"image":{"@id":"https:\/\/www.webdo.tn\/fr\/actualite\/national\/tunisie-forte-mobilisation-des-enseignants-du-secondaire-lors-des-greves-regionales\/393421\/#primaryimage"},"thumbnailUrl":"https:\/\/www.webdo.tn\/fr\/wp-content\/uploads\/2026\/02\/Secondaire-greve.jpg","datePublished":"2026-02-19T09:23:46+00:00","dateModified":"2026-02-19T09:31:19+00:00","description":"La participation massive des enseignants du secondaire en Tunisie souligne leur d\u00e9termination lors des r\u00e9centes gr\u00e8ves r\u00e9gionales.","breadcrumb":{"@id":"https:\/\/www.webdo.tn\/fr\/actualite\/national\/tunisie-forte-mobilisation-des-enseignants-du-secondaire-lors-des-greves-regionales\/393421\/#breadcrumb"},"inLanguage":"fr-FR","potentialAction":[{"@type":"ReadAction","target":["https:\/\/www.webdo.tn\/fr\/actualite\/national\/tunisie-forte-mobilisation-des-enseignants-du-secondaire-lors-des-greves-regionales\/393421\/"]}]},{"@type":"ImageObject","inLanguage":"fr-FR","@id":"https:\/\/www.webdo.tn\/fr\/actualite\/national\/tunisie-forte-mobilisation-des-enseignants-du-secondaire-lors-des-greves-regionales\/393421\/#primaryimage","url":"https:\/\/www.webdo.tn\/fr\/wp-content\/uploads\/2026\/02\/Secondaire-greve.jpg","contentUrl":"https:\/\/www.webdo.tn\/fr\/wp-content\/uploads\/2026\/02\/Secondaire-greve.jpg","width":1200,"height":600,"caption":"Tunisie : Forte mobilisation des enseignants du secondaire lors des gr\u00e8ves r\u00e9gionales"},{"@type":"BreadcrumbList","@id":"https:\/\/www.webdo.tn\/fr\/actualite\/national\/tunisie-forte-mobilisation-des-enseignants-du-secondaire-lors-des-greves-regionales\/393421\/#breadcrumb","itemListElement":[{"@type":"ListItem","position":1,"name":"Accueil","item":"https:\/\/www.webdo.tn\/fr\/"},{"@type":"ListItem","position":2,"name":"Tunisie : Forte mobilisation des enseignants du secondaire lors des gr\u00e8ves r\u00e9gionales"}]},{"@type":"WebSite","@id":"https:\/\/www.webdo.tn\/fr\/#website","url":"https:\/\/www.webdo.tn\/fr\/","name":"webdo","description":"Tunisie - News en Tunisie et \u00e0 l&#039;international sur Webdo.tn","publisher":{"@id":"https:\/\/www.webdo.tn\/fr\/#organization"},"potentialAction":[{"@type":"SearchAction","target":{"@type":"EntryPoint","urlTemplate":"https:\/\/www.webdo.tn\/fr\/?s={search_term_string}"},"query-input":{"@type":"PropertyValueSpecification","valueRequired":true,"valueName":"search_term_string"}}],"inLanguage":"fr-FR"},{"@type":"Organization","@id":"https:\/\/www.webdo.tn\/fr\/#organization","name":"Webdo","alternateName":"Webdo.tn","url":"https:\/\/www.webdo.tn\/fr\/","logo":{"@type":"ImageObject","inLanguage":"fr-FR","@id":"https:\/\/www.webdo.tn\/fr\/#\/schema\/logo\/image\/","url":"https:\/\/www.webdo.tn\/fr\/wp-content\/uploads\/2025\/06\/Webdo-Tunisie_168377.jpg","contentUrl":"https:\/\/www.webdo.tn\/fr\/wp-content\/uploads\/2025\/06\/Webdo-Tunisie_168377.jpg","width":301,"height":301,"caption":"Webdo"},"image":{"@id":"https:\/\/www.webdo.tn\/fr\/#\/schema\/logo\/image\/"},"sameAs":["https:\/\/www.facebook.com\/webdotn","https:\/\/x.com\/webdo_tn"],"description":"Webdo est un m\u00e9dia num\u00e9rique tunisien fond\u00e9 en 2010, sp\u00e9cialis\u00e9 dans l\u2019actualit\u00e9 nationale et internationale, l\u2019\u00e9conomie, la soci\u00e9t\u00e9 et les analyses politiques. Le site s\u2019adresse \u00e0 un large public francophone et couvre l\u2019information tunisienne en temps r\u00e9el.","email":"redac@webdo.tn","legalName":"YNJ SARL","foundingDate":"2010-09-06","numberOfEmployees":{"@type":"QuantitativeValue","minValue":"11","maxValue":"50"}},{"@type":"Person","@id":"https:\/\/www.webdo.tn\/fr\/#\/schema\/person\/16a4857e77dfc0b610c4c2cadffc9ac4","name":"Mohamed Fethi","image":{"@type":"ImageObject","inLanguage":"fr-FR","@id":"https:\/\/www.webdo.tn\/fr\/wp-content\/uploads\/2026\/04\/mohamed-fethi_avatar_1-96x96.jpg","url":"https:\/\/www.webdo.tn\/fr\/wp-content\/uploads\/2026\/04\/mohamed-fethi_avatar_1-96x96.jpg","contentUrl":"https:\/\/www.webdo.tn\/fr\/wp-content\/uploads\/2026\/04\/mohamed-fethi_avatar_1-96x96.jpg","caption":"Mohamed Fethi"},"description":"Signature \u00e9ditoriale de Maher Chaabane Mohamed Fethi est le pseudonyme \u00e9ditorial de Maher Chaabane, r\u00e9dacteur en chef de Webdo.tn depuis 2012. Cette signature est d\u00e9di\u00e9e au traitement intensif de l'actualit\u00e9 nationale et internationale en temps r\u00e9el. S'appuyant sur les deux d\u00e9cennies d'expertise journalistique de Maher Chaabane \u2014 d\u00e9but\u00e9e au sein du groupe Tunis Hebdo en 2000 \u2014 Mohamed Fethi assure une veille rigoureuse sur les enjeux politiques, \u00e9conomiques et sportifs. Sa mission est de garantir une information structur\u00e9e, fluide et fid\u00e8le aux standards de la r\u00e9daction. Pour consulter le parcours complet du r\u00e9dacteur en chef, visitez le profil officiel de Maher Chaabane.","knowsAbout":["actualit\u00e9","journalisme","information","politique","sport","m\u00e9dias","actualit\u00e9 internationale"],"knowsLanguage":["Fran\u00e7ais","Arabe"],"jobTitle":"Journaliste \u2013 R\u00e9daction Webdo","worksFor":"Webdo.tn","url":"https:\/\/www.webdo.tn\/fr\/actualite\/author\/mohamed-fethi\/"}]}},"_links":{"self":[{"href":"https:\/\/www.webdo.tn\/fr\/wp-json\/wp\/v2\/posts\/393421","targetHints":{"allow":["GET"]}}],"collection":[{"href":"https:\/\/www.webdo.tn\/fr\/wp-json\/wp\/v2\/posts"}],"about":[{"href":"https:\/\/www.webdo.tn\/fr\/wp-json\/wp\/v2\/types\/post"}],"author":[{"embeddable":true,"href":"https:\/\/www.webdo.tn\/fr\/wp-json\/wp\/v2\/users\/4782"}],"replies":[{"embeddable":true,"href":"https:\/\/www.webdo.tn\/fr\/wp-json\/wp\/v2\/comments?post=393421"}],"version-history":[{"count":0,"href":"https:\/\/www.webdo.tn\/fr\/wp-json\/wp\/v2\/posts\/393421\/revisions"}],"wp:featuredmedia":[{"embeddable":true,"href":"https:\/\/www.webdo.tn\/fr\/wp-json\/wp\/v2\/media\/393422"}],"wp:attachment":[{"href":"https:\/\/www.webdo.tn\/fr\/wp-json\/wp\/v2\/media?parent=393421"}],"wp:term":[{"taxonomy":"category","embeddable":true,"href":"https:\/\/www.webdo.tn\/fr\/wp-json\/wp\/v2\/categories?post=393421"},{"taxonomy":"post_tag","embeddable":true,"href":"https:\/\/www.webdo.tn\/fr\/wp-json\/wp\/v2\/tags?post=393421"}],"curies":[{"name":"wp","href":"https:\/\/api.w.org\/{rel}","templated":true}]}}