{"id":393390,"date":"2026-02-18T19:33:29","date_gmt":"2026-02-18T18:33:29","guid":{"rendered":"https:\/\/www.webdo.tn\/fr\/?p=393390"},"modified":"2026-02-18T19:33:30","modified_gmt":"2026-02-18T18:33:30","slug":"tunisie-destruction-de-538-kilogrammes-de-cannabis","status":"publish","type":"post","link":"https:\/\/www.webdo.tn\/fr\/actualite\/national\/tunisie-destruction-de-538-kilogrammes-de-cannabis\/393390\/","title":{"rendered":"Tunisie : Destruction de 538 kilogrammes de cannabis"},"content":{"rendered":"\n<p><strong>La Garde nationale tunisienne a proc\u00e9d\u00e9, mercredi 18 f\u00e9vrier 2026, \u00e0 l\u2019incin\u00e9ration d\u2019une importante quantit\u00e9 de stup\u00e9fiants saisis, dans le cadre de la poursuite des efforts nationaux visant \u00e0 lutter contre le trafic de drogue et \u00e0 en tarir les circuits.<\/strong><\/p>\n\n\n\n<p>L\u2019op\u00e9ration s\u2019est d\u00e9roul\u00e9e dans une cimenterie, sous la supervision du minist\u00e8re public et en pr\u00e9sence des diff\u00e9rentes structures concern\u00e9es, afin de garantir le respect strict des proc\u00e9dures l\u00e9gales en vigueur.<\/p>\n\n\n\n<h2 class=\"wp-block-heading\" id=\"h-destruction-de-538-kilogrammes-de-cannabis\">Destruction de 538 kilogrammes de cannabis<\/h2>\n\n\n\n<p>Dans une d\u00e9claration \u00e0 Mosa\u00efque FM, le porte-parole de la Direction g\u00e9n\u00e9rale de la Garde nationale, le colonel-major Houssem Eddine Jebabli, a pr\u00e9cis\u00e9 que l\u2019op\u00e9ration a port\u00e9 sur la destruction de 538 kilogrammes de cannabis. Il a soulign\u00e9 que la pr\u00e9sence des m\u00e9dias s\u2019inscrit dans une d\u00e9marche de transparence, visant \u00e0 renforcer la confiance entre les citoyens et l\u2019institution s\u00e9curitaire et \u00e0 dissiper toute ambigu\u00eft\u00e9 quant au sort des marchandises saisies.<\/p>\n\n\n\n<p>Selon le responsable s\u00e9curitaire, la lutte contre les stup\u00e9fiants ne saurait se limiter \u00e0 l\u2019approche r\u00e9pressive. Elle requiert, a-t-il insist\u00e9, une coordination \u00e9troite entre les diff\u00e9rentes institutions de l\u2019\u00c9tat, la soci\u00e9t\u00e9 civile et les m\u00e9dias, dans le cadre d\u2019une strat\u00e9gie participative globale destin\u00e9e \u00e0 endiguer ce ph\u00e9nom\u00e8ne.<\/p>\n\n\n\n<p><strong>Lire aussi :<\/strong> <a href=\"https:\/\/www.webdo.tn\/fr\/actualite\/national\/entre-marsala-et-la-tunisie-decouverte-dune-nouvelle-route-de-la-drogue-670-kilos-de-haschich-saisis-en-mer\/386508\/\">Entre Marsala et la Tunisie, d\u00e9couverte d\u2019une nouvelle route de la drogue : 670 kilos de haschich saisis en mer<\/a><\/p>\n\n\n\n<h2 class=\"wp-block-heading\" id=\"h-arrestation-de-plusieurs-individus-impliques\">Arrestation de plusieurs individus impliqu\u00e9s<\/h2>\n\n\n\n<p>La cargaison d\u00e9truite provient d\u2019une op\u00e9ration qualifi\u00e9e de \u00ab qualitative \u00bb, men\u00e9e par la direction des renseignements et des investigations de la Garde nationale, avec la participation de la sous-direction du renseignement et de la brigade centrale de lutte contre les stup\u00e9fiants. Cette intervention, fruit d\u2019un travail de renseignement ayant dur\u00e9 pr\u00e8s de deux mois, a permis l\u2019arrestation de plusieurs individus impliqu\u00e9s, tandis que d\u2019autres suspects demeurent en fuite \u00e0 l\u2019\u00e9tranger.<\/p>\n","protected":false},"excerpt":{"rendered":"<p>La Garde nationale tunisienne a proc\u00e9d\u00e9, mercredi 18 f\u00e9vrier 2026, \u00e0 l\u2019incin\u00e9ration d\u2019une importante quantit\u00e9 de stup\u00e9fiants saisis, dans le cadre de la poursuite des efforts nationaux visant \u00e0 lutter contre le trafic de drogue et \u00e0 en tarir les circuits. L\u2019op\u00e9ration s\u2019est d\u00e9roul\u00e9e dans une cimenterie, sous la supervision du minist\u00e8re public et en [&hellip;]<\/p>\n","protected":false},"author":3184,"featured_media":393391,"comment_status":"closed","ping_status":"closed","sticky":false,"template":"","format":"standard","meta":{"footnotes":""},"categories":[44],"tags":[4738,2608],"class_list":["post-393390","post","type-post","status-publish","format-standard","has-post-thumbnail","hentry","category-national","tag-cannabis","tag-tunisie"],"yoast_head":"<!-- This site is optimized with the Yoast SEO Premium plugin v27.5 (Yoast SEO v27.5) - https:\/\/yoast.com\/product\/yoast-seo-premium-wordpress\/ -->\n<title>Tunisie : Destruction de 538 kilogrammes de cannabis - webdo<\/title>\n<meta name=\"description\" content=\"La Garde nationale tunisienne a incin\u00e9r\u00e9 538 kilogrammes de cannabis pour renforcer la lutte contre le trafic de drogue.\" \/>\n<link rel=\"canonical\" href=\"https:\/\/www.webdo.tn\/fr\/actualite\/national\/tunisie-destruction-de-538-kilogrammes-de-cannabis\/393390\/\" \/>\n<meta property=\"og:locale\" content=\"fr_FR\" \/>\n<meta property=\"og:type\" content=\"article\" \/>\n<meta property=\"og:title\" content=\"Tunisie : Destruction de 538 kilogrammes de cannabis\" \/>\n<meta property=\"og:description\" content=\"La Garde nationale tunisienne a incin\u00e9r\u00e9 538 kilogrammes de cannabis pour renforcer la lutte contre le trafic de drogue.\" \/>\n<meta property=\"og:url\" content=\"https:\/\/www.webdo.tn\/fr\/actualite\/national\/tunisie-destruction-de-538-kilogrammes-de-cannabis\/393390\/\" \/>\n<meta property=\"og:site_name\" content=\"webdo\" \/>\n<meta property=\"article:publisher\" content=\"https:\/\/www.facebook.com\/webdotn\" \/>\n<meta property=\"article:published_time\" content=\"2026-02-18T18:33:29+00:00\" \/>\n<meta property=\"article:modified_time\" content=\"2026-02-18T18:33:30+00:00\" \/>\n<meta property=\"og:image\" content=\"https:\/\/www.webdo.tn\/fr\/wp-content\/uploads\/2026\/02\/cannabis.jpg\" \/>\n\t<meta property=\"og:image:width\" content=\"1200\" \/>\n\t<meta property=\"og:image:height\" content=\"606\" \/>\n\t<meta property=\"og:image:type\" content=\"image\/jpeg\" \/>\n<meta name=\"author\" content=\"Wided Belhaj\" \/>\n<meta name=\"twitter:card\" content=\"summary_large_image\" \/>\n<meta name=\"twitter:creator\" content=\"@webdo_tn\" \/>\n<meta name=\"twitter:site\" content=\"@webdo_tn\" \/>\n<meta name=\"twitter:label1\" content=\"\u00c9crit par\" \/>\n\t<meta name=\"twitter:data1\" content=\"Wided Belhaj\" \/>\n\t<meta name=\"twitter:label2\" content=\"Dur\u00e9e de lecture estim\u00e9e\" \/>\n\t<meta name=\"twitter:data2\" content=\"2 minutes\" \/>\n<script type=\"application\/ld+json\" class=\"yoast-schema-graph\">{\"@context\":\"https:\\\/\\\/schema.org\",\"@graph\":[{\"@type\":\"NewsArticle\",\"@id\":\"https:\\\/\\\/www.webdo.tn\\\/fr\\\/actualite\\\/national\\\/tunisie-destruction-de-538-kilogrammes-de-cannabis\\\/393390\\\/#article\",\"isPartOf\":{\"@id\":\"https:\\\/\\\/www.webdo.tn\\\/fr\\\/actualite\\\/national\\\/tunisie-destruction-de-538-kilogrammes-de-cannabis\\\/393390\\\/\"},\"author\":{\"name\":\"Wided Belhaj\",\"@id\":\"https:\\\/\\\/www.webdo.tn\\\/fr\\\/#\\\/schema\\\/person\\\/b9ecde7a5574cb4fcf4b496ea5fadb15\"},\"headline\":\"Tunisie : Destruction de 538 kilogrammes de cannabis\",\"datePublished\":\"2026-02-18T18:33:29+00:00\",\"dateModified\":\"2026-02-18T18:33:30+00:00\",\"mainEntityOfPage\":{\"@id\":\"https:\\\/\\\/www.webdo.tn\\\/fr\\\/actualite\\\/national\\\/tunisie-destruction-de-538-kilogrammes-de-cannabis\\\/393390\\\/\"},\"wordCount\":341,\"publisher\":{\"@id\":\"https:\\\/\\\/www.webdo.tn\\\/fr\\\/#organization\"},\"image\":{\"@id\":\"https:\\\/\\\/www.webdo.tn\\\/fr\\\/actualite\\\/national\\\/tunisie-destruction-de-538-kilogrammes-de-cannabis\\\/393390\\\/#primaryimage\"},\"thumbnailUrl\":\"https:\\\/\\\/www.webdo.tn\\\/fr\\\/wp-content\\\/uploads\\\/2026\\\/02\\\/cannabis.jpg\",\"keywords\":[\"Cannabis\",\"Tunisie\"],\"articleSection\":[\"National\"],\"inLanguage\":\"fr-FR\"},{\"@type\":\"WebPage\",\"@id\":\"https:\\\/\\\/www.webdo.tn\\\/fr\\\/actualite\\\/national\\\/tunisie-destruction-de-538-kilogrammes-de-cannabis\\\/393390\\\/\",\"url\":\"https:\\\/\\\/www.webdo.tn\\\/fr\\\/actualite\\\/national\\\/tunisie-destruction-de-538-kilogrammes-de-cannabis\\\/393390\\\/\",\"name\":\"Tunisie : Destruction de 538 kilogrammes de cannabis - webdo\",\"isPartOf\":{\"@id\":\"https:\\\/\\\/www.webdo.tn\\\/fr\\\/#website\"},\"primaryImageOfPage\":{\"@id\":\"https:\\\/\\\/www.webdo.tn\\\/fr\\\/actualite\\\/national\\\/tunisie-destruction-de-538-kilogrammes-de-cannabis\\\/393390\\\/#primaryimage\"},\"image\":{\"@id\":\"https:\\\/\\\/www.webdo.tn\\\/fr\\\/actualite\\\/national\\\/tunisie-destruction-de-538-kilogrammes-de-cannabis\\\/393390\\\/#primaryimage\"},\"thumbnailUrl\":\"https:\\\/\\\/www.webdo.tn\\\/fr\\\/wp-content\\\/uploads\\\/2026\\\/02\\\/cannabis.jpg\",\"datePublished\":\"2026-02-18T18:33:29+00:00\",\"dateModified\":\"2026-02-18T18:33:30+00:00\",\"description\":\"La Garde nationale tunisienne a incin\u00e9r\u00e9 538 kilogrammes de cannabis pour renforcer la lutte contre le trafic de drogue.\",\"breadcrumb\":{\"@id\":\"https:\\\/\\\/www.webdo.tn\\\/fr\\\/actualite\\\/national\\\/tunisie-destruction-de-538-kilogrammes-de-cannabis\\\/393390\\\/#breadcrumb\"},\"inLanguage\":\"fr-FR\",\"potentialAction\":[{\"@type\":\"ReadAction\",\"target\":[\"https:\\\/\\\/www.webdo.tn\\\/fr\\\/actualite\\\/national\\\/tunisie-destruction-de-538-kilogrammes-de-cannabis\\\/393390\\\/\"]}]},{\"@type\":\"ImageObject\",\"inLanguage\":\"fr-FR\",\"@id\":\"https:\\\/\\\/www.webdo.tn\\\/fr\\\/actualite\\\/national\\\/tunisie-destruction-de-538-kilogrammes-de-cannabis\\\/393390\\\/#primaryimage\",\"url\":\"https:\\\/\\\/www.webdo.tn\\\/fr\\\/wp-content\\\/uploads\\\/2026\\\/02\\\/cannabis.jpg\",\"contentUrl\":\"https:\\\/\\\/www.webdo.tn\\\/fr\\\/wp-content\\\/uploads\\\/2026\\\/02\\\/cannabis.jpg\",\"width\":1200,\"height\":606,\"caption\":\"Cannabis\"},{\"@type\":\"BreadcrumbList\",\"@id\":\"https:\\\/\\\/www.webdo.tn\\\/fr\\\/actualite\\\/national\\\/tunisie-destruction-de-538-kilogrammes-de-cannabis\\\/393390\\\/#breadcrumb\",\"itemListElement\":[{\"@type\":\"ListItem\",\"position\":1,\"name\":\"Accueil\",\"item\":\"https:\\\/\\\/www.webdo.tn\\\/fr\\\/\"},{\"@type\":\"ListItem\",\"position\":2,\"name\":\"Tunisie : Destruction de 538 kilogrammes de cannabis\"}]},{\"@type\":\"WebSite\",\"@id\":\"https:\\\/\\\/www.webdo.tn\\\/fr\\\/#website\",\"url\":\"https:\\\/\\\/www.webdo.tn\\\/fr\\\/\",\"name\":\"webdo\",\"description\":\"Tunisie - News en Tunisie et \u00e0 l&#039;international sur Webdo.tn\",\"publisher\":{\"@id\":\"https:\\\/\\\/www.webdo.tn\\\/fr\\\/#organization\"},\"potentialAction\":[{\"@type\":\"SearchAction\",\"target\":{\"@type\":\"EntryPoint\",\"urlTemplate\":\"https:\\\/\\\/www.webdo.tn\\\/fr\\\/?s={search_term_string}\"},\"query-input\":{\"@type\":\"PropertyValueSpecification\",\"valueRequired\":true,\"valueName\":\"search_term_string\"}}],\"inLanguage\":\"fr-FR\"},{\"@type\":\"Organization\",\"@id\":\"https:\\\/\\\/www.webdo.tn\\\/fr\\\/#organization\",\"name\":\"Webdo\",\"alternateName\":\"Webdo.tn\",\"url\":\"https:\\\/\\\/www.webdo.tn\\\/fr\\\/\",\"logo\":{\"@type\":\"ImageObject\",\"inLanguage\":\"fr-FR\",\"@id\":\"https:\\\/\\\/www.webdo.tn\\\/fr\\\/#\\\/schema\\\/logo\\\/image\\\/\",\"url\":\"https:\\\/\\\/www.webdo.tn\\\/fr\\\/wp-content\\\/uploads\\\/2025\\\/06\\\/Webdo-Tunisie_168377.jpg\",\"contentUrl\":\"https:\\\/\\\/www.webdo.tn\\\/fr\\\/wp-content\\\/uploads\\\/2025\\\/06\\\/Webdo-Tunisie_168377.jpg\",\"width\":301,\"height\":301,\"caption\":\"Webdo\"},\"image\":{\"@id\":\"https:\\\/\\\/www.webdo.tn\\\/fr\\\/#\\\/schema\\\/logo\\\/image\\\/\"},\"sameAs\":[\"https:\\\/\\\/www.facebook.com\\\/webdotn\",\"https:\\\/\\\/x.com\\\/webdo_tn\"],\"description\":\"Webdo est un m\u00e9dia num\u00e9rique tunisien fond\u00e9 en 2010, sp\u00e9cialis\u00e9 dans l\u2019actualit\u00e9 nationale et internationale, l\u2019\u00e9conomie, la soci\u00e9t\u00e9 et les analyses politiques. Le site s\u2019adresse \u00e0 un large public francophone et couvre l\u2019information tunisienne en temps r\u00e9el.\",\"email\":\"redac@webdo.tn\",\"legalName\":\"YNJ SARL\",\"foundingDate\":\"2010-09-06\",\"numberOfEmployees\":{\"@type\":\"QuantitativeValue\",\"minValue\":\"11\",\"maxValue\":\"50\"}},{\"@type\":\"Person\",\"@id\":\"https:\\\/\\\/www.webdo.tn\\\/fr\\\/#\\\/schema\\\/person\\\/b9ecde7a5574cb4fcf4b496ea5fadb15\",\"name\":\"Wided Belhaj\",\"image\":{\"@type\":\"ImageObject\",\"inLanguage\":\"fr-FR\",\"@id\":\"https:\\\/\\\/www.webdo.tn\\\/fr\\\/wp-content\\\/uploads\\\/2026\\\/04\\\/wided-belhaj_avatar-96x96.jpg\",\"url\":\"https:\\\/\\\/www.webdo.tn\\\/fr\\\/wp-content\\\/uploads\\\/2026\\\/04\\\/wided-belhaj_avatar-96x96.jpg\",\"contentUrl\":\"https:\\\/\\\/www.webdo.tn\\\/fr\\\/wp-content\\\/uploads\\\/2026\\\/04\\\/wided-belhaj_avatar-96x96.jpg\",\"caption\":\"Wided Belhaj\"},\"description\":\"Wided Belhaj est le pseudonyme \u00e9ditorial utilis\u00e9 par Khalil Jelassi, journaliste, ma\u00eetre-assistant \u00e0 l\u2019Institut de presse et des sciences de l\u2019information (IPSI) et chercheur en sciences de l\u2019information et de la communication. Cette signature est d\u00e9di\u00e9e \u00e0 l\u2019analyse des m\u00e9dias, des pratiques journalistiques et des mutations de l\u2019information \u00e0 l\u2019\u00e8re digitale. \u00c0 travers ses contributions, Wided Belhaj propose une lecture analytique de l\u2019actualit\u00e9, en croisant regard critique et expertise acad\u00e9mique.\",\"knowsAbout\":[\"m\u00e9dias\",\"journalisme\",\"communication\",\"information\",\"transformation num\u00e9rique\",\"analyse des m\u00e9dias\"],\"knowsLanguage\":[\"Fran\u00e7ais\",\"Arabe\"],\"jobTitle\":\"Webdo.tn\",\"worksFor\":\"Journaliste \u2013 Analyse des m\u00e9dias\",\"url\":\"https:\\\/\\\/www.webdo.tn\\\/fr\\\/actualite\\\/author\\\/wided-belhaj\\\/\"}]}<\/script>\n<!-- \/ Yoast SEO Premium plugin. -->","yoast_head_json":{"title":"Tunisie : Destruction de 538 kilogrammes de cannabis - webdo","description":"La Garde nationale tunisienne a incin\u00e9r\u00e9 538 kilogrammes de cannabis pour renforcer la lutte contre le trafic de drogue.","canonical":"https:\/\/www.webdo.tn\/fr\/actualite\/national\/tunisie-destruction-de-538-kilogrammes-de-cannabis\/393390\/","og_locale":"fr_FR","og_type":"article","og_title":"Tunisie : Destruction de 538 kilogrammes de cannabis","og_description":"La Garde nationale tunisienne a incin\u00e9r\u00e9 538 kilogrammes de cannabis pour renforcer la lutte contre le trafic de drogue.","og_url":"https:\/\/www.webdo.tn\/fr\/actualite\/national\/tunisie-destruction-de-538-kilogrammes-de-cannabis\/393390\/","og_site_name":"webdo","article_publisher":"https:\/\/www.facebook.com\/webdotn","article_published_time":"2026-02-18T18:33:29+00:00","article_modified_time":"2026-02-18T18:33:30+00:00","og_image":[{"width":1200,"height":606,"url":"https:\/\/www.webdo.tn\/fr\/wp-content\/uploads\/2026\/02\/cannabis.jpg","type":"image\/jpeg"}],"author":"Wided Belhaj","twitter_card":"summary_large_image","twitter_creator":"@webdo_tn","twitter_site":"@webdo_tn","twitter_misc":{"\u00c9crit par":"Wided Belhaj","Dur\u00e9e de lecture estim\u00e9e":"2 minutes"},"schema":{"@context":"https:\/\/schema.org","@graph":[{"@type":"NewsArticle","@id":"https:\/\/www.webdo.tn\/fr\/actualite\/national\/tunisie-destruction-de-538-kilogrammes-de-cannabis\/393390\/#article","isPartOf":{"@id":"https:\/\/www.webdo.tn\/fr\/actualite\/national\/tunisie-destruction-de-538-kilogrammes-de-cannabis\/393390\/"},"author":{"name":"Wided Belhaj","@id":"https:\/\/www.webdo.tn\/fr\/#\/schema\/person\/b9ecde7a5574cb4fcf4b496ea5fadb15"},"headline":"Tunisie : Destruction de 538 kilogrammes de cannabis","datePublished":"2026-02-18T18:33:29+00:00","dateModified":"2026-02-18T18:33:30+00:00","mainEntityOfPage":{"@id":"https:\/\/www.webdo.tn\/fr\/actualite\/national\/tunisie-destruction-de-538-kilogrammes-de-cannabis\/393390\/"},"wordCount":341,"publisher":{"@id":"https:\/\/www.webdo.tn\/fr\/#organization"},"image":{"@id":"https:\/\/www.webdo.tn\/fr\/actualite\/national\/tunisie-destruction-de-538-kilogrammes-de-cannabis\/393390\/#primaryimage"},"thumbnailUrl":"https:\/\/www.webdo.tn\/fr\/wp-content\/uploads\/2026\/02\/cannabis.jpg","keywords":["Cannabis","Tunisie"],"articleSection":["National"],"inLanguage":"fr-FR"},{"@type":"WebPage","@id":"https:\/\/www.webdo.tn\/fr\/actualite\/national\/tunisie-destruction-de-538-kilogrammes-de-cannabis\/393390\/","url":"https:\/\/www.webdo.tn\/fr\/actualite\/national\/tunisie-destruction-de-538-kilogrammes-de-cannabis\/393390\/","name":"Tunisie : Destruction de 538 kilogrammes de cannabis - webdo","isPartOf":{"@id":"https:\/\/www.webdo.tn\/fr\/#website"},"primaryImageOfPage":{"@id":"https:\/\/www.webdo.tn\/fr\/actualite\/national\/tunisie-destruction-de-538-kilogrammes-de-cannabis\/393390\/#primaryimage"},"image":{"@id":"https:\/\/www.webdo.tn\/fr\/actualite\/national\/tunisie-destruction-de-538-kilogrammes-de-cannabis\/393390\/#primaryimage"},"thumbnailUrl":"https:\/\/www.webdo.tn\/fr\/wp-content\/uploads\/2026\/02\/cannabis.jpg","datePublished":"2026-02-18T18:33:29+00:00","dateModified":"2026-02-18T18:33:30+00:00","description":"La Garde nationale tunisienne a incin\u00e9r\u00e9 538 kilogrammes de cannabis pour renforcer la lutte contre le trafic de drogue.","breadcrumb":{"@id":"https:\/\/www.webdo.tn\/fr\/actualite\/national\/tunisie-destruction-de-538-kilogrammes-de-cannabis\/393390\/#breadcrumb"},"inLanguage":"fr-FR","potentialAction":[{"@type":"ReadAction","target":["https:\/\/www.webdo.tn\/fr\/actualite\/national\/tunisie-destruction-de-538-kilogrammes-de-cannabis\/393390\/"]}]},{"@type":"ImageObject","inLanguage":"fr-FR","@id":"https:\/\/www.webdo.tn\/fr\/actualite\/national\/tunisie-destruction-de-538-kilogrammes-de-cannabis\/393390\/#primaryimage","url":"https:\/\/www.webdo.tn\/fr\/wp-content\/uploads\/2026\/02\/cannabis.jpg","contentUrl":"https:\/\/www.webdo.tn\/fr\/wp-content\/uploads\/2026\/02\/cannabis.jpg","width":1200,"height":606,"caption":"Cannabis"},{"@type":"BreadcrumbList","@id":"https:\/\/www.webdo.tn\/fr\/actualite\/national\/tunisie-destruction-de-538-kilogrammes-de-cannabis\/393390\/#breadcrumb","itemListElement":[{"@type":"ListItem","position":1,"name":"Accueil","item":"https:\/\/www.webdo.tn\/fr\/"},{"@type":"ListItem","position":2,"name":"Tunisie : Destruction de 538 kilogrammes de cannabis"}]},{"@type":"WebSite","@id":"https:\/\/www.webdo.tn\/fr\/#website","url":"https:\/\/www.webdo.tn\/fr\/","name":"webdo","description":"Tunisie - News en Tunisie et \u00e0 l&#039;international sur Webdo.tn","publisher":{"@id":"https:\/\/www.webdo.tn\/fr\/#organization"},"potentialAction":[{"@type":"SearchAction","target":{"@type":"EntryPoint","urlTemplate":"https:\/\/www.webdo.tn\/fr\/?s={search_term_string}"},"query-input":{"@type":"PropertyValueSpecification","valueRequired":true,"valueName":"search_term_string"}}],"inLanguage":"fr-FR"},{"@type":"Organization","@id":"https:\/\/www.webdo.tn\/fr\/#organization","name":"Webdo","alternateName":"Webdo.tn","url":"https:\/\/www.webdo.tn\/fr\/","logo":{"@type":"ImageObject","inLanguage":"fr-FR","@id":"https:\/\/www.webdo.tn\/fr\/#\/schema\/logo\/image\/","url":"https:\/\/www.webdo.tn\/fr\/wp-content\/uploads\/2025\/06\/Webdo-Tunisie_168377.jpg","contentUrl":"https:\/\/www.webdo.tn\/fr\/wp-content\/uploads\/2025\/06\/Webdo-Tunisie_168377.jpg","width":301,"height":301,"caption":"Webdo"},"image":{"@id":"https:\/\/www.webdo.tn\/fr\/#\/schema\/logo\/image\/"},"sameAs":["https:\/\/www.facebook.com\/webdotn","https:\/\/x.com\/webdo_tn"],"description":"Webdo est un m\u00e9dia num\u00e9rique tunisien fond\u00e9 en 2010, sp\u00e9cialis\u00e9 dans l\u2019actualit\u00e9 nationale et internationale, l\u2019\u00e9conomie, la soci\u00e9t\u00e9 et les analyses politiques. Le site s\u2019adresse \u00e0 un large public francophone et couvre l\u2019information tunisienne en temps r\u00e9el.","email":"redac@webdo.tn","legalName":"YNJ SARL","foundingDate":"2010-09-06","numberOfEmployees":{"@type":"QuantitativeValue","minValue":"11","maxValue":"50"}},{"@type":"Person","@id":"https:\/\/www.webdo.tn\/fr\/#\/schema\/person\/b9ecde7a5574cb4fcf4b496ea5fadb15","name":"Wided Belhaj","image":{"@type":"ImageObject","inLanguage":"fr-FR","@id":"https:\/\/www.webdo.tn\/fr\/wp-content\/uploads\/2026\/04\/wided-belhaj_avatar-96x96.jpg","url":"https:\/\/www.webdo.tn\/fr\/wp-content\/uploads\/2026\/04\/wided-belhaj_avatar-96x96.jpg","contentUrl":"https:\/\/www.webdo.tn\/fr\/wp-content\/uploads\/2026\/04\/wided-belhaj_avatar-96x96.jpg","caption":"Wided Belhaj"},"description":"Wided Belhaj est le pseudonyme \u00e9ditorial utilis\u00e9 par Khalil Jelassi, journaliste, ma\u00eetre-assistant \u00e0 l\u2019Institut de presse et des sciences de l\u2019information (IPSI) et chercheur en sciences de l\u2019information et de la communication. Cette signature est d\u00e9di\u00e9e \u00e0 l\u2019analyse des m\u00e9dias, des pratiques journalistiques et des mutations de l\u2019information \u00e0 l\u2019\u00e8re digitale. \u00c0 travers ses contributions, Wided Belhaj propose une lecture analytique de l\u2019actualit\u00e9, en croisant regard critique et expertise acad\u00e9mique.","knowsAbout":["m\u00e9dias","journalisme","communication","information","transformation num\u00e9rique","analyse des m\u00e9dias"],"knowsLanguage":["Fran\u00e7ais","Arabe"],"jobTitle":"Webdo.tn","worksFor":"Journaliste \u2013 Analyse des m\u00e9dias","url":"https:\/\/www.webdo.tn\/fr\/actualite\/author\/wided-belhaj\/"}]}},"_links":{"self":[{"href":"https:\/\/www.webdo.tn\/fr\/wp-json\/wp\/v2\/posts\/393390","targetHints":{"allow":["GET"]}}],"collection":[{"href":"https:\/\/www.webdo.tn\/fr\/wp-json\/wp\/v2\/posts"}],"about":[{"href":"https:\/\/www.webdo.tn\/fr\/wp-json\/wp\/v2\/types\/post"}],"author":[{"embeddable":true,"href":"https:\/\/www.webdo.tn\/fr\/wp-json\/wp\/v2\/users\/3184"}],"replies":[{"embeddable":true,"href":"https:\/\/www.webdo.tn\/fr\/wp-json\/wp\/v2\/comments?post=393390"}],"version-history":[{"count":0,"href":"https:\/\/www.webdo.tn\/fr\/wp-json\/wp\/v2\/posts\/393390\/revisions"}],"wp:featuredmedia":[{"embeddable":true,"href":"https:\/\/www.webdo.tn\/fr\/wp-json\/wp\/v2\/media\/393391"}],"wp:attachment":[{"href":"https:\/\/www.webdo.tn\/fr\/wp-json\/wp\/v2\/media?parent=393390"}],"wp:term":[{"taxonomy":"category","embeddable":true,"href":"https:\/\/www.webdo.tn\/fr\/wp-json\/wp\/v2\/categories?post=393390"},{"taxonomy":"post_tag","embeddable":true,"href":"https:\/\/www.webdo.tn\/fr\/wp-json\/wp\/v2\/tags?post=393390"}],"curies":[{"name":"wp","href":"https:\/\/api.w.org\/{rel}","templated":true}]}}