{"id":393339,"date":"2026-02-18T09:30:11","date_gmt":"2026-02-18T08:30:11","guid":{"rendered":"https:\/\/www.webdo.tn\/fr\/?p=393339"},"modified":"2026-02-18T10:18:14","modified_gmt":"2026-02-18T09:18:14","slug":"tunisie-le-parlement-relance-enfin-le-chantier-de-la-cour-constitutionnelle","status":"publish","type":"post","link":"https:\/\/www.webdo.tn\/fr\/actualite\/national\/tunisie-le-parlement-relance-enfin-le-chantier-de-la-cour-constitutionnelle\/393339\/","title":{"rendered":"Tunisie : Le Parlement relance enfin le chantier de la Cour constitutionnelle"},"content":{"rendered":"\n<p><\/p>\n\n\n\n<p><strong>Apr\u00e8s plus de dix ans d\u2019attente, la Tunisie franchit une \u00e9tape d\u00e9cisive pour concr\u00e9tiser la Cour constitutionnelle, pr\u00e9vue par la Constitution de 2022. La Commission de la l\u00e9gislation g\u00e9n\u00e9rale a auditionn\u00e9 les d\u00e9put\u00e9s initiateurs du projet de loi, marquant le lancement formel d\u2019un processus cl\u00e9 pour l\u2019\u00c9tat de droit et l\u2019ach\u00e8vement de l\u2019architecture institutionnelle tunisienne.<\/strong><\/p>\n\n\n\n<p>La Commission de la l\u00e9gislation g\u00e9n\u00e9rale de l\u2019Assembl\u00e9e des repr\u00e9sentants du peuple a auditionn\u00e9, mardi, les d\u00e9put\u00e9s initiateurs d\u2019un projet de loi organique visant \u00e0 cr\u00e9er la Cour constitutionnelle, institution cl\u00e9 pr\u00e9vue par la Constitution mais toujours non mise en place. Une \u00e9tape formelle qui marque le lancement concret d\u2019un processus attendu depuis plus d\u2019une d\u00e9cennie.<\/p>\n\n\n\n<h2 class=\"wp-block-heading\" id=\"h-une-cour-constitutionnelle-attendue-depuis-2014\">Une Cour constitutionnelle attendue depuis 2014<\/h2>\n\n\n\n<p>Si la Constitution de 2022 fixe d\u00e9sormais les bases de son fonctionnement, la Tunisie tra\u00eene un retard historique. Pr\u00e9vue initialement par la Constitution de 2014, la Cour n\u2019a jamais \u00e9t\u00e9 institu\u00e9e en raison de blocages politiques et de d\u00e9saccords sur la nomination de ses membres. Son activation reste un enjeu majeur pour la consolidation de l\u2019\u00c9tat de droit et l\u2019ach\u00e8vement de l\u2019architecture institutionnelle tunisienne.<\/p>\n\n\n\n<blockquote class=\"wp-block-quote is-layout-flow wp-block-quote-is-layout-flow\">\n<blockquote class=\"wp-block-quote is-layout-flow wp-block-quote-is-layout-flow\">\n<ul class=\"wp-block-list\">\n<li class=\"has-medium-font-size\"><strong>Lire aussi :<\/strong> <a href=\"https:\/\/www.webdo.tn\/fr\/actualite\/national\/justice-lamt-presse-linstallation-du-csm-et-de-la-cour-constitutionnelle\/392965\/\"><a href=\"https:\/\/www.webdo.tn\/fr\/actualite\/national\/justice-lamt-presse-linstallation-du-csm-et-de-la-cour-constitutionnelle\/392965\/\">Justice : L\u2019AMT presse l\u2019installation du CSM et de la Cour constitutionnelle<\/a><\/a><\/li>\n<\/ul>\n<\/blockquote>\n<\/blockquote>\n\n\n\n<p>Le projet de loi n\u00b0100\/2025 encadre la composition, les comp\u00e9tences et les modalit\u00e9s de fonctionnement de la Cour. Il d\u00e9finit notamment la proc\u00e9dure d\u2019exception d\u2019inconstitutionnalit\u00e9, qui peut \u00eatre soulev\u00e9e par le pr\u00e9sident de la R\u00e9publique, un groupe de parlementaires ou, sous certaines conditions, par des justiciables devant les tribunaux. Les d\u00e9put\u00e9s initiateurs ont insist\u00e9 sur l\u2019importance d\u2019acc\u00e9l\u00e9rer l\u2019examen du texte afin de mettre enfin en \u0153uvre les dispositions constitutionnelles pr\u00e9vues depuis 2014.<\/p>\n\n\n\n<h2 class=\"wp-block-heading\" id=\"h-vers-une-demarche-participative\">Vers une d\u00e9marche participative<\/h2>\n\n\n\n<p>Selon le pr\u00e9sident de la commission, Faouzi Da\u00e2s, la Cour constitutionnelle constitue un pilier du syst\u00e8me juridique tunisien. La commission poursuivra ses consultations avec d\u2019autres parties, dont des repr\u00e9sentants du pouvoir ex\u00e9cutif, afin de garantir un examen participatif et inclusif du projet.<\/p>\n\n\n\n<blockquote class=\"wp-block-quote is-layout-flow wp-block-quote-is-layout-flow\">\n<blockquote class=\"wp-block-quote is-layout-flow wp-block-quote-is-layout-flow\">\n<ul class=\"wp-block-list\">\n<li class=\"has-medium-font-size\"><strong>Lire aussi :<\/strong> <a href=\"https:\/\/www.webdo.tn\/fr\/actualite\/national\/tunisie-creation-de-la-cour-constitutionnelle-une-proposition-de-loi-en-attente-dexamen\/380473\/\">Tunisie \u2013 Cr\u00e9ation de la Cour constitutionnelle : Une proposition de loi en attente d\u2019examen<\/a><\/li>\n<\/ul>\n<\/blockquote>\n<\/blockquote>\n\n\n\n<p>Plusieurs d\u00e9put\u00e9s ont appel\u00e9 \u00e0 l\u2019adoption rapide du texte, soulignant que la mise en place de la Cour constitutionnelle est indispensable pour garantir la supr\u00e9matie de la Constitution et renforcer la stabilit\u00e9 institutionnelle. Ce chantier, attendu depuis plus de dix ans, repr\u00e9sente un tournant dans la construction d\u2019un \u00c9tat de droit pleinement op\u00e9rationnel en Tunisie.<\/p>\n","protected":false},"excerpt":{"rendered":"<p>Apr\u00e8s plus de dix ans d\u2019attente, la Tunisie franchit une \u00e9tape d\u00e9cisive pour concr\u00e9tiser la Cour constitutionnelle, pr\u00e9vue par la Constitution de 2022. La Commission de la l\u00e9gislation g\u00e9n\u00e9rale a auditionn\u00e9 les d\u00e9put\u00e9s initiateurs du projet de loi, marquant le lancement formel d\u2019un processus cl\u00e9 pour l\u2019\u00c9tat de droit et l\u2019ach\u00e8vement de l\u2019architecture institutionnelle tunisienne. [&hellip;]<\/p>\n","protected":false},"author":4782,"featured_media":393341,"comment_status":"closed","ping_status":"closed","sticky":false,"template":"","format":"standard","meta":{"footnotes":""},"categories":[44],"tags":[2813,3006,2772,2608],"class_list":["post-393339","post","type-post","status-publish","format-standard","has-post-thumbnail","hentry","category-national","tag-arp","tag-cour-constitutionnelle","tag-parlement","tag-tunisie"],"yoast_head":"<!-- This site is optimized with the Yoast SEO Premium plugin v27.5 (Yoast SEO v27.5) - https:\/\/yoast.com\/product\/yoast-seo-premium-wordpress\/ -->\n<title>Tunisie : Le Parlement relance enfin le chantier de la Cour constitutionnelle - webdo<\/title>\n<meta name=\"description\" content=\"Apprenez-en plus sur le chantier relanc\u00e9 de la Cour constitutionnelle en Tunisie, marquant une avanc\u00e9e institutionnelle majeure.\" \/>\n<link rel=\"canonical\" href=\"https:\/\/www.webdo.tn\/fr\/actualite\/national\/tunisie-le-parlement-relance-enfin-le-chantier-de-la-cour-constitutionnelle\/393339\/\" \/>\n<meta property=\"og:locale\" content=\"fr_FR\" \/>\n<meta property=\"og:type\" content=\"article\" \/>\n<meta property=\"og:title\" content=\"Tunisie : Le Parlement relance enfin le chantier de la Cour constitutionnelle\" \/>\n<meta property=\"og:description\" content=\"Apprenez-en plus sur le chantier relanc\u00e9 de la Cour constitutionnelle en Tunisie, marquant une avanc\u00e9e institutionnelle majeure.\" \/>\n<meta property=\"og:url\" content=\"https:\/\/www.webdo.tn\/fr\/actualite\/national\/tunisie-le-parlement-relance-enfin-le-chantier-de-la-cour-constitutionnelle\/393339\/\" \/>\n<meta property=\"og:site_name\" content=\"webdo\" \/>\n<meta property=\"article:publisher\" content=\"https:\/\/www.facebook.com\/webdotn\" \/>\n<meta property=\"article:published_time\" content=\"2026-02-18T08:30:11+00:00\" \/>\n<meta property=\"article:modified_time\" content=\"2026-02-18T09:18:14+00:00\" \/>\n<meta property=\"og:image\" content=\"https:\/\/www.webdo.tn\/fr\/wp-content\/uploads\/2026\/02\/ARP-3.jpg\" \/>\n\t<meta property=\"og:image:width\" content=\"1200\" \/>\n\t<meta property=\"og:image:height\" content=\"602\" \/>\n\t<meta property=\"og:image:type\" content=\"image\/jpeg\" \/>\n<meta name=\"author\" content=\"Mohamed Fethi\" \/>\n<meta name=\"twitter:card\" content=\"summary_large_image\" \/>\n<meta name=\"twitter:creator\" content=\"@webdo_tn\" \/>\n<meta name=\"twitter:site\" content=\"@webdo_tn\" \/>\n<meta name=\"twitter:label1\" content=\"\u00c9crit par\" \/>\n\t<meta name=\"twitter:data1\" content=\"Mohamed Fethi\" \/>\n\t<meta name=\"twitter:label2\" content=\"Dur\u00e9e de lecture estim\u00e9e\" \/>\n\t<meta name=\"twitter:data2\" content=\"3 minutes\" \/>\n<script type=\"application\/ld+json\" class=\"yoast-schema-graph\">{\"@context\":\"https:\\\/\\\/schema.org\",\"@graph\":[{\"@type\":\"NewsArticle\",\"@id\":\"https:\\\/\\\/www.webdo.tn\\\/fr\\\/actualite\\\/national\\\/tunisie-le-parlement-relance-enfin-le-chantier-de-la-cour-constitutionnelle\\\/393339\\\/#article\",\"isPartOf\":{\"@id\":\"https:\\\/\\\/www.webdo.tn\\\/fr\\\/actualite\\\/national\\\/tunisie-le-parlement-relance-enfin-le-chantier-de-la-cour-constitutionnelle\\\/393339\\\/\"},\"author\":{\"name\":\"Mohamed Fethi\",\"@id\":\"https:\\\/\\\/www.webdo.tn\\\/fr\\\/#\\\/schema\\\/person\\\/16a4857e77dfc0b610c4c2cadffc9ac4\"},\"headline\":\"Tunisie : Le Parlement relance enfin le chantier de la Cour constitutionnelle\",\"datePublished\":\"2026-02-18T08:30:11+00:00\",\"dateModified\":\"2026-02-18T09:18:14+00:00\",\"mainEntityOfPage\":{\"@id\":\"https:\\\/\\\/www.webdo.tn\\\/fr\\\/actualite\\\/national\\\/tunisie-le-parlement-relance-enfin-le-chantier-de-la-cour-constitutionnelle\\\/393339\\\/\"},\"wordCount\":460,\"publisher\":{\"@id\":\"https:\\\/\\\/www.webdo.tn\\\/fr\\\/#organization\"},\"image\":{\"@id\":\"https:\\\/\\\/www.webdo.tn\\\/fr\\\/actualite\\\/national\\\/tunisie-le-parlement-relance-enfin-le-chantier-de-la-cour-constitutionnelle\\\/393339\\\/#primaryimage\"},\"thumbnailUrl\":\"https:\\\/\\\/www.webdo.tn\\\/fr\\\/wp-content\\\/uploads\\\/2026\\\/02\\\/ARP-3.jpg\",\"keywords\":[\"ARP\",\"Cour constitutionnelle\",\"Parlement\",\"Tunisie\"],\"articleSection\":[\"National\"],\"inLanguage\":\"fr-FR\"},{\"@type\":\"WebPage\",\"@id\":\"https:\\\/\\\/www.webdo.tn\\\/fr\\\/actualite\\\/national\\\/tunisie-le-parlement-relance-enfin-le-chantier-de-la-cour-constitutionnelle\\\/393339\\\/\",\"url\":\"https:\\\/\\\/www.webdo.tn\\\/fr\\\/actualite\\\/national\\\/tunisie-le-parlement-relance-enfin-le-chantier-de-la-cour-constitutionnelle\\\/393339\\\/\",\"name\":\"Tunisie : Le Parlement relance enfin le chantier de la Cour constitutionnelle - webdo\",\"isPartOf\":{\"@id\":\"https:\\\/\\\/www.webdo.tn\\\/fr\\\/#website\"},\"primaryImageOfPage\":{\"@id\":\"https:\\\/\\\/www.webdo.tn\\\/fr\\\/actualite\\\/national\\\/tunisie-le-parlement-relance-enfin-le-chantier-de-la-cour-constitutionnelle\\\/393339\\\/#primaryimage\"},\"image\":{\"@id\":\"https:\\\/\\\/www.webdo.tn\\\/fr\\\/actualite\\\/national\\\/tunisie-le-parlement-relance-enfin-le-chantier-de-la-cour-constitutionnelle\\\/393339\\\/#primaryimage\"},\"thumbnailUrl\":\"https:\\\/\\\/www.webdo.tn\\\/fr\\\/wp-content\\\/uploads\\\/2026\\\/02\\\/ARP-3.jpg\",\"datePublished\":\"2026-02-18T08:30:11+00:00\",\"dateModified\":\"2026-02-18T09:18:14+00:00\",\"description\":\"Apprenez-en plus sur le chantier relanc\u00e9 de la Cour constitutionnelle en Tunisie, marquant une avanc\u00e9e institutionnelle majeure.\",\"breadcrumb\":{\"@id\":\"https:\\\/\\\/www.webdo.tn\\\/fr\\\/actualite\\\/national\\\/tunisie-le-parlement-relance-enfin-le-chantier-de-la-cour-constitutionnelle\\\/393339\\\/#breadcrumb\"},\"inLanguage\":\"fr-FR\",\"potentialAction\":[{\"@type\":\"ReadAction\",\"target\":[\"https:\\\/\\\/www.webdo.tn\\\/fr\\\/actualite\\\/national\\\/tunisie-le-parlement-relance-enfin-le-chantier-de-la-cour-constitutionnelle\\\/393339\\\/\"]}]},{\"@type\":\"ImageObject\",\"inLanguage\":\"fr-FR\",\"@id\":\"https:\\\/\\\/www.webdo.tn\\\/fr\\\/actualite\\\/national\\\/tunisie-le-parlement-relance-enfin-le-chantier-de-la-cour-constitutionnelle\\\/393339\\\/#primaryimage\",\"url\":\"https:\\\/\\\/www.webdo.tn\\\/fr\\\/wp-content\\\/uploads\\\/2026\\\/02\\\/ARP-3.jpg\",\"contentUrl\":\"https:\\\/\\\/www.webdo.tn\\\/fr\\\/wp-content\\\/uploads\\\/2026\\\/02\\\/ARP-3.jpg\",\"width\":1200,\"height\":602,\"caption\":\"Tunisie : Le Parlement relance enfin le chantier de la Cour constitutionnelle\"},{\"@type\":\"BreadcrumbList\",\"@id\":\"https:\\\/\\\/www.webdo.tn\\\/fr\\\/actualite\\\/national\\\/tunisie-le-parlement-relance-enfin-le-chantier-de-la-cour-constitutionnelle\\\/393339\\\/#breadcrumb\",\"itemListElement\":[{\"@type\":\"ListItem\",\"position\":1,\"name\":\"Accueil\",\"item\":\"https:\\\/\\\/www.webdo.tn\\\/fr\\\/\"},{\"@type\":\"ListItem\",\"position\":2,\"name\":\"Tunisie : Le Parlement relance enfin le chantier de la Cour constitutionnelle\"}]},{\"@type\":\"WebSite\",\"@id\":\"https:\\\/\\\/www.webdo.tn\\\/fr\\\/#website\",\"url\":\"https:\\\/\\\/www.webdo.tn\\\/fr\\\/\",\"name\":\"webdo\",\"description\":\"Tunisie - News en Tunisie et \u00e0 l&#039;international sur Webdo.tn\",\"publisher\":{\"@id\":\"https:\\\/\\\/www.webdo.tn\\\/fr\\\/#organization\"},\"potentialAction\":[{\"@type\":\"SearchAction\",\"target\":{\"@type\":\"EntryPoint\",\"urlTemplate\":\"https:\\\/\\\/www.webdo.tn\\\/fr\\\/?s={search_term_string}\"},\"query-input\":{\"@type\":\"PropertyValueSpecification\",\"valueRequired\":true,\"valueName\":\"search_term_string\"}}],\"inLanguage\":\"fr-FR\"},{\"@type\":\"Organization\",\"@id\":\"https:\\\/\\\/www.webdo.tn\\\/fr\\\/#organization\",\"name\":\"Webdo\",\"alternateName\":\"Webdo.tn\",\"url\":\"https:\\\/\\\/www.webdo.tn\\\/fr\\\/\",\"logo\":{\"@type\":\"ImageObject\",\"inLanguage\":\"fr-FR\",\"@id\":\"https:\\\/\\\/www.webdo.tn\\\/fr\\\/#\\\/schema\\\/logo\\\/image\\\/\",\"url\":\"https:\\\/\\\/www.webdo.tn\\\/fr\\\/wp-content\\\/uploads\\\/2025\\\/06\\\/Webdo-Tunisie_168377.jpg\",\"contentUrl\":\"https:\\\/\\\/www.webdo.tn\\\/fr\\\/wp-content\\\/uploads\\\/2025\\\/06\\\/Webdo-Tunisie_168377.jpg\",\"width\":301,\"height\":301,\"caption\":\"Webdo\"},\"image\":{\"@id\":\"https:\\\/\\\/www.webdo.tn\\\/fr\\\/#\\\/schema\\\/logo\\\/image\\\/\"},\"sameAs\":[\"https:\\\/\\\/www.facebook.com\\\/webdotn\",\"https:\\\/\\\/x.com\\\/webdo_tn\"],\"description\":\"Webdo est un m\u00e9dia num\u00e9rique tunisien fond\u00e9 en 2010, sp\u00e9cialis\u00e9 dans l\u2019actualit\u00e9 nationale et internationale, l\u2019\u00e9conomie, la soci\u00e9t\u00e9 et les analyses politiques. Le site s\u2019adresse \u00e0 un large public francophone et couvre l\u2019information tunisienne en temps r\u00e9el.\",\"email\":\"redac@webdo.tn\",\"legalName\":\"YNJ SARL\",\"foundingDate\":\"2010-09-06\",\"numberOfEmployees\":{\"@type\":\"QuantitativeValue\",\"minValue\":\"11\",\"maxValue\":\"50\"}},{\"@type\":\"Person\",\"@id\":\"https:\\\/\\\/www.webdo.tn\\\/fr\\\/#\\\/schema\\\/person\\\/16a4857e77dfc0b610c4c2cadffc9ac4\",\"name\":\"Mohamed Fethi\",\"image\":{\"@type\":\"ImageObject\",\"inLanguage\":\"fr-FR\",\"@id\":\"https:\\\/\\\/www.webdo.tn\\\/fr\\\/wp-content\\\/uploads\\\/2026\\\/04\\\/mohamed-fethi_avatar_1-96x96.jpg\",\"url\":\"https:\\\/\\\/www.webdo.tn\\\/fr\\\/wp-content\\\/uploads\\\/2026\\\/04\\\/mohamed-fethi_avatar_1-96x96.jpg\",\"contentUrl\":\"https:\\\/\\\/www.webdo.tn\\\/fr\\\/wp-content\\\/uploads\\\/2026\\\/04\\\/mohamed-fethi_avatar_1-96x96.jpg\",\"caption\":\"Mohamed Fethi\"},\"description\":\"Signature \u00e9ditoriale de Maher Chaabane Mohamed Fethi est le pseudonyme \u00e9ditorial de Maher Chaabane, r\u00e9dacteur en chef de Webdo.tn depuis 2012. Cette signature est d\u00e9di\u00e9e au traitement intensif de l'actualit\u00e9 nationale et internationale en temps r\u00e9el. S'appuyant sur les deux d\u00e9cennies d'expertise journalistique de Maher Chaabane \u2014 d\u00e9but\u00e9e au sein du groupe Tunis Hebdo en 2000 \u2014 Mohamed Fethi assure une veille rigoureuse sur les enjeux politiques, \u00e9conomiques et sportifs. Sa mission est de garantir une information structur\u00e9e, fluide et fid\u00e8le aux standards de la r\u00e9daction. Pour consulter le parcours complet du r\u00e9dacteur en chef, visitez le profil officiel de Maher Chaabane.\",\"knowsAbout\":[\"actualit\u00e9\",\"journalisme\",\"information\",\"politique\",\"sport\",\"m\u00e9dias\",\"actualit\u00e9 internationale\"],\"knowsLanguage\":[\"Fran\u00e7ais\",\"Arabe\"],\"jobTitle\":\"Journaliste \u2013 R\u00e9daction Webdo\",\"worksFor\":\"Webdo.tn\",\"url\":\"https:\\\/\\\/www.webdo.tn\\\/fr\\\/actualite\\\/author\\\/mohamed-fethi\\\/\"}]}<\/script>\n<!-- \/ Yoast SEO Premium plugin. -->","yoast_head_json":{"title":"Tunisie : Le Parlement relance enfin le chantier de la Cour constitutionnelle - webdo","description":"Apprenez-en plus sur le chantier relanc\u00e9 de la Cour constitutionnelle en Tunisie, marquant une avanc\u00e9e institutionnelle majeure.","canonical":"https:\/\/www.webdo.tn\/fr\/actualite\/national\/tunisie-le-parlement-relance-enfin-le-chantier-de-la-cour-constitutionnelle\/393339\/","og_locale":"fr_FR","og_type":"article","og_title":"Tunisie : Le Parlement relance enfin le chantier de la Cour constitutionnelle","og_description":"Apprenez-en plus sur le chantier relanc\u00e9 de la Cour constitutionnelle en Tunisie, marquant une avanc\u00e9e institutionnelle majeure.","og_url":"https:\/\/www.webdo.tn\/fr\/actualite\/national\/tunisie-le-parlement-relance-enfin-le-chantier-de-la-cour-constitutionnelle\/393339\/","og_site_name":"webdo","article_publisher":"https:\/\/www.facebook.com\/webdotn","article_published_time":"2026-02-18T08:30:11+00:00","article_modified_time":"2026-02-18T09:18:14+00:00","og_image":[{"width":1200,"height":602,"url":"https:\/\/www.webdo.tn\/fr\/wp-content\/uploads\/2026\/02\/ARP-3.jpg","type":"image\/jpeg"}],"author":"Mohamed Fethi","twitter_card":"summary_large_image","twitter_creator":"@webdo_tn","twitter_site":"@webdo_tn","twitter_misc":{"\u00c9crit par":"Mohamed Fethi","Dur\u00e9e de lecture estim\u00e9e":"3 minutes"},"schema":{"@context":"https:\/\/schema.org","@graph":[{"@type":"NewsArticle","@id":"https:\/\/www.webdo.tn\/fr\/actualite\/national\/tunisie-le-parlement-relance-enfin-le-chantier-de-la-cour-constitutionnelle\/393339\/#article","isPartOf":{"@id":"https:\/\/www.webdo.tn\/fr\/actualite\/national\/tunisie-le-parlement-relance-enfin-le-chantier-de-la-cour-constitutionnelle\/393339\/"},"author":{"name":"Mohamed Fethi","@id":"https:\/\/www.webdo.tn\/fr\/#\/schema\/person\/16a4857e77dfc0b610c4c2cadffc9ac4"},"headline":"Tunisie : Le Parlement relance enfin le chantier de la Cour constitutionnelle","datePublished":"2026-02-18T08:30:11+00:00","dateModified":"2026-02-18T09:18:14+00:00","mainEntityOfPage":{"@id":"https:\/\/www.webdo.tn\/fr\/actualite\/national\/tunisie-le-parlement-relance-enfin-le-chantier-de-la-cour-constitutionnelle\/393339\/"},"wordCount":460,"publisher":{"@id":"https:\/\/www.webdo.tn\/fr\/#organization"},"image":{"@id":"https:\/\/www.webdo.tn\/fr\/actualite\/national\/tunisie-le-parlement-relance-enfin-le-chantier-de-la-cour-constitutionnelle\/393339\/#primaryimage"},"thumbnailUrl":"https:\/\/www.webdo.tn\/fr\/wp-content\/uploads\/2026\/02\/ARP-3.jpg","keywords":["ARP","Cour constitutionnelle","Parlement","Tunisie"],"articleSection":["National"],"inLanguage":"fr-FR"},{"@type":"WebPage","@id":"https:\/\/www.webdo.tn\/fr\/actualite\/national\/tunisie-le-parlement-relance-enfin-le-chantier-de-la-cour-constitutionnelle\/393339\/","url":"https:\/\/www.webdo.tn\/fr\/actualite\/national\/tunisie-le-parlement-relance-enfin-le-chantier-de-la-cour-constitutionnelle\/393339\/","name":"Tunisie : Le Parlement relance enfin le chantier de la Cour constitutionnelle - webdo","isPartOf":{"@id":"https:\/\/www.webdo.tn\/fr\/#website"},"primaryImageOfPage":{"@id":"https:\/\/www.webdo.tn\/fr\/actualite\/national\/tunisie-le-parlement-relance-enfin-le-chantier-de-la-cour-constitutionnelle\/393339\/#primaryimage"},"image":{"@id":"https:\/\/www.webdo.tn\/fr\/actualite\/national\/tunisie-le-parlement-relance-enfin-le-chantier-de-la-cour-constitutionnelle\/393339\/#primaryimage"},"thumbnailUrl":"https:\/\/www.webdo.tn\/fr\/wp-content\/uploads\/2026\/02\/ARP-3.jpg","datePublished":"2026-02-18T08:30:11+00:00","dateModified":"2026-02-18T09:18:14+00:00","description":"Apprenez-en plus sur le chantier relanc\u00e9 de la Cour constitutionnelle en Tunisie, marquant une avanc\u00e9e institutionnelle majeure.","breadcrumb":{"@id":"https:\/\/www.webdo.tn\/fr\/actualite\/national\/tunisie-le-parlement-relance-enfin-le-chantier-de-la-cour-constitutionnelle\/393339\/#breadcrumb"},"inLanguage":"fr-FR","potentialAction":[{"@type":"ReadAction","target":["https:\/\/www.webdo.tn\/fr\/actualite\/national\/tunisie-le-parlement-relance-enfin-le-chantier-de-la-cour-constitutionnelle\/393339\/"]}]},{"@type":"ImageObject","inLanguage":"fr-FR","@id":"https:\/\/www.webdo.tn\/fr\/actualite\/national\/tunisie-le-parlement-relance-enfin-le-chantier-de-la-cour-constitutionnelle\/393339\/#primaryimage","url":"https:\/\/www.webdo.tn\/fr\/wp-content\/uploads\/2026\/02\/ARP-3.jpg","contentUrl":"https:\/\/www.webdo.tn\/fr\/wp-content\/uploads\/2026\/02\/ARP-3.jpg","width":1200,"height":602,"caption":"Tunisie : Le Parlement relance enfin le chantier de la Cour constitutionnelle"},{"@type":"BreadcrumbList","@id":"https:\/\/www.webdo.tn\/fr\/actualite\/national\/tunisie-le-parlement-relance-enfin-le-chantier-de-la-cour-constitutionnelle\/393339\/#breadcrumb","itemListElement":[{"@type":"ListItem","position":1,"name":"Accueil","item":"https:\/\/www.webdo.tn\/fr\/"},{"@type":"ListItem","position":2,"name":"Tunisie : Le Parlement relance enfin le chantier de la Cour constitutionnelle"}]},{"@type":"WebSite","@id":"https:\/\/www.webdo.tn\/fr\/#website","url":"https:\/\/www.webdo.tn\/fr\/","name":"webdo","description":"Tunisie - News en Tunisie et \u00e0 l&#039;international sur Webdo.tn","publisher":{"@id":"https:\/\/www.webdo.tn\/fr\/#organization"},"potentialAction":[{"@type":"SearchAction","target":{"@type":"EntryPoint","urlTemplate":"https:\/\/www.webdo.tn\/fr\/?s={search_term_string}"},"query-input":{"@type":"PropertyValueSpecification","valueRequired":true,"valueName":"search_term_string"}}],"inLanguage":"fr-FR"},{"@type":"Organization","@id":"https:\/\/www.webdo.tn\/fr\/#organization","name":"Webdo","alternateName":"Webdo.tn","url":"https:\/\/www.webdo.tn\/fr\/","logo":{"@type":"ImageObject","inLanguage":"fr-FR","@id":"https:\/\/www.webdo.tn\/fr\/#\/schema\/logo\/image\/","url":"https:\/\/www.webdo.tn\/fr\/wp-content\/uploads\/2025\/06\/Webdo-Tunisie_168377.jpg","contentUrl":"https:\/\/www.webdo.tn\/fr\/wp-content\/uploads\/2025\/06\/Webdo-Tunisie_168377.jpg","width":301,"height":301,"caption":"Webdo"},"image":{"@id":"https:\/\/www.webdo.tn\/fr\/#\/schema\/logo\/image\/"},"sameAs":["https:\/\/www.facebook.com\/webdotn","https:\/\/x.com\/webdo_tn"],"description":"Webdo est un m\u00e9dia num\u00e9rique tunisien fond\u00e9 en 2010, sp\u00e9cialis\u00e9 dans l\u2019actualit\u00e9 nationale et internationale, l\u2019\u00e9conomie, la soci\u00e9t\u00e9 et les analyses politiques. Le site s\u2019adresse \u00e0 un large public francophone et couvre l\u2019information tunisienne en temps r\u00e9el.","email":"redac@webdo.tn","legalName":"YNJ SARL","foundingDate":"2010-09-06","numberOfEmployees":{"@type":"QuantitativeValue","minValue":"11","maxValue":"50"}},{"@type":"Person","@id":"https:\/\/www.webdo.tn\/fr\/#\/schema\/person\/16a4857e77dfc0b610c4c2cadffc9ac4","name":"Mohamed Fethi","image":{"@type":"ImageObject","inLanguage":"fr-FR","@id":"https:\/\/www.webdo.tn\/fr\/wp-content\/uploads\/2026\/04\/mohamed-fethi_avatar_1-96x96.jpg","url":"https:\/\/www.webdo.tn\/fr\/wp-content\/uploads\/2026\/04\/mohamed-fethi_avatar_1-96x96.jpg","contentUrl":"https:\/\/www.webdo.tn\/fr\/wp-content\/uploads\/2026\/04\/mohamed-fethi_avatar_1-96x96.jpg","caption":"Mohamed Fethi"},"description":"Signature \u00e9ditoriale de Maher Chaabane Mohamed Fethi est le pseudonyme \u00e9ditorial de Maher Chaabane, r\u00e9dacteur en chef de Webdo.tn depuis 2012. Cette signature est d\u00e9di\u00e9e au traitement intensif de l'actualit\u00e9 nationale et internationale en temps r\u00e9el. S'appuyant sur les deux d\u00e9cennies d'expertise journalistique de Maher Chaabane \u2014 d\u00e9but\u00e9e au sein du groupe Tunis Hebdo en 2000 \u2014 Mohamed Fethi assure une veille rigoureuse sur les enjeux politiques, \u00e9conomiques et sportifs. Sa mission est de garantir une information structur\u00e9e, fluide et fid\u00e8le aux standards de la r\u00e9daction. Pour consulter le parcours complet du r\u00e9dacteur en chef, visitez le profil officiel de Maher Chaabane.","knowsAbout":["actualit\u00e9","journalisme","information","politique","sport","m\u00e9dias","actualit\u00e9 internationale"],"knowsLanguage":["Fran\u00e7ais","Arabe"],"jobTitle":"Journaliste \u2013 R\u00e9daction Webdo","worksFor":"Webdo.tn","url":"https:\/\/www.webdo.tn\/fr\/actualite\/author\/mohamed-fethi\/"}]}},"_links":{"self":[{"href":"https:\/\/www.webdo.tn\/fr\/wp-json\/wp\/v2\/posts\/393339","targetHints":{"allow":["GET"]}}],"collection":[{"href":"https:\/\/www.webdo.tn\/fr\/wp-json\/wp\/v2\/posts"}],"about":[{"href":"https:\/\/www.webdo.tn\/fr\/wp-json\/wp\/v2\/types\/post"}],"author":[{"embeddable":true,"href":"https:\/\/www.webdo.tn\/fr\/wp-json\/wp\/v2\/users\/4782"}],"replies":[{"embeddable":true,"href":"https:\/\/www.webdo.tn\/fr\/wp-json\/wp\/v2\/comments?post=393339"}],"version-history":[{"count":0,"href":"https:\/\/www.webdo.tn\/fr\/wp-json\/wp\/v2\/posts\/393339\/revisions"}],"wp:featuredmedia":[{"embeddable":true,"href":"https:\/\/www.webdo.tn\/fr\/wp-json\/wp\/v2\/media\/393341"}],"wp:attachment":[{"href":"https:\/\/www.webdo.tn\/fr\/wp-json\/wp\/v2\/media?parent=393339"}],"wp:term":[{"taxonomy":"category","embeddable":true,"href":"https:\/\/www.webdo.tn\/fr\/wp-json\/wp\/v2\/categories?post=393339"},{"taxonomy":"post_tag","embeddable":true,"href":"https:\/\/www.webdo.tn\/fr\/wp-json\/wp\/v2\/tags?post=393339"}],"curies":[{"name":"wp","href":"https:\/\/api.w.org\/{rel}","templated":true}]}}