{"id":393264,"date":"2026-02-17T09:58:06","date_gmt":"2026-02-17T08:58:06","guid":{"rendered":"https:\/\/www.webdo.tn\/fr\/?p=393264"},"modified":"2026-02-18T12:08:05","modified_gmt":"2026-02-18T11:08:05","slug":"negociations-nucleaires-liran-et-les-etats-unis-a-geneve-sous-haute-tension","status":"publish","type":"post","link":"https:\/\/www.webdo.tn\/fr\/actualite\/international\/negociations-nucleaires-liran-et-les-etats-unis-a-geneve-sous-haute-tension\/393264\/","title":{"rendered":"N\u00e9gociations nucl\u00e9aires : \u00ab Progr\u00e8s \u00bb entre l\u2019Iran et les \u00c9tats-Unis \u00e0 Gen\u00e8ve malgr\u00e9 de fortes tensions"},"content":{"rendered":"\n<p><strong>Mise \u00e0 jour \u2014 18 f\u00e9vrier 2026 <\/strong><\/p>\n\n\n\n<p>Les discussions indirectes entre l\u2019Iran et les \u00c9tats-Unis \u00e0 Gen\u00e8ve ont enregistr\u00e9 des \u00ab progr\u00e8s significatifs \u00bb, a annonc\u00e9 le ministre iranien des Affaires \u00e9trang\u00e8res Abbas Araghchi.<\/p>\n\n\n\n<p>Selon T\u00e9h\u00e9ran, les deux parties se sont entendues sur des \u00ab principes directeurs \u00bb ouvrant la voie \u00e0 la r\u00e9daction d\u2019un \u00e9ventuel accord nucl\u00e9aire. Une troisi\u00e8me session de n\u00e9gociations devrait \u00eatre fix\u00e9e apr\u00e8s \u00e9change de projets de texte.<\/p>\n\n\n\n<p>Washington adopte toutefois un ton plus prudent. Le vice-pr\u00e9sident am\u00e9ricain JD Vance affirme que la voie diplomatique reste privil\u00e9gi\u00e9e, tout en rappelant que l\u2019option militaire demeure possible si certaines lignes rouges am\u00e9ricaines ne sont pas respect\u00e9es.<\/p>\n\n\n\n<p><strong>Le deuxi\u00e8me cycle de n\u00e9gociations indirectes entre l\u2019Iran et les \u00c9tats\u2011Unis sur le programme nucl\u00e9aire iranien a d\u00e9but\u00e9 mardi \u00e0 Gen\u00e8ve sous la m\u00e9diation d\u2019Oman, quelques semaines apr\u00e8s une premi\u00e8re s\u00e9rie de pourparlers tenue \u00e0 Mascate. <\/strong><\/p>\n\n\n\n<p>La d\u00e9l\u00e9gation iranienne, dirig\u00e9e par le ministre des Affaires \u00e9trang\u00e8res Abbas Araghchi, est arriv\u00e9e dans la capitale suisse pour entamer les discussions avec les repr\u00e9sentants am\u00e9ricains, tandis que le pr\u00e9sident Donald Trump a pr\u00e9cis\u00e9 qu\u2019il suivrait ces \u00e9changes indirectement, tout en rappelant que Washington n\u2019\u00e9carte pas d\u2019autres options si aucun accord n\u2019\u00e9tait trouv\u00e9.<\/p>\n\n\n\n<h2 class=\"wp-block-heading\" id=\"h-parvenir-a-un-compromis\">Parvenir \u00e0 un compromis ? <\/h2>\n\n\n\n<p>L\u2019objectif de ces n\u00e9gociations est clair\u202f: parvenir \u00e0 un compromis qui limiterait le programme nucl\u00e9aire iranien et renforcerait les inspections, tout en apaisant les tensions dans le Golfe. Cependant, l\u2019issue reste incertaine. Les n\u00e9gociateurs pourraient trouver un accord global, mettant fin \u00e0 plusieurs ann\u00e9es de blocages et ouvrant la voie \u00e0 une coop\u00e9ration internationale renforc\u00e9e, ou se contenter d\u2019un compromis partiel qui r\u00e9glerait certains points mais laisserait des questions sensibles en suspens. <\/p>\n\n\n\n<p>\u00c0 l\u2019inverse, l\u2019absence de concessions de part et d\u2019autre pourrait conduire \u00e0 un \u00e9chec des pourparlers, intensifiant la pression diplomatique et les man\u0153uvres militaires dans la r\u00e9gion. Dans un sc\u00e9nario extr\u00eame, le blocage pourrait provoquer des mesures \u00e9conomiques ou politiques suppl\u00e9mentaires, accentuant les tensions sans confrontation directe.<\/p>\n\n\n\n<h2 class=\"wp-block-heading\" id=\"h-la-diplomatie-tente-une-nouvelle-fois-de-tracer-la-voie\"> La diplomatie tente une nouvelle fois de tracer la voie<\/h2>\n\n\n\n<p>La situation r\u00e9gionale reste fragile, avec une pr\u00e9sence militaire am\u00e9ricaine renforc\u00e9e dans le Golfe et des exercices navals iraniens pr\u00e8s du d\u00e9troit d\u2019Hormuz. Chaque \u00e9tape de ces n\u00e9gociations est scrut\u00e9e par la communaut\u00e9 internationale, consciente que l\u2019issue de ce deuxi\u00e8me round pourrait avoir des r\u00e9percussions majeures sur la s\u00e9curit\u00e9 et la stabilit\u00e9 au Moyen-Orient. Mardi \u00e0 Gen\u00e8ve, la diplomatie tente une nouvelle fois de tracer la voie vers un accord qui reste \u00e0 ce jour incertain, mais dont les enjeux sont consid\u00e9rables pour tous les acteurs impliqu\u00e9s.<\/p>\n\n\n\n<h2 class=\"wp-block-heading\" id=\"h-un-accord-encore-loin-d-etre-acquis\">Un accord encore loin d\u2019\u00eatre acquis<\/h2>\n\n\n\n<p>Malgr\u00e9 ces avanc\u00e9es, les divergences restent profondes.<br>Les \u00c9tats-Unis demandent l\u2019arr\u00eat de l\u2019enrichissement d\u2019uranium, tandis que l\u2019Iran refuse tout \u00ab enrichissement z\u00e9ro \u00bb et exclut toute discussion sur son programme balistique.<br>Dans le Golfe, les deux camps continuent par ailleurs leurs d\u00e9monstrations militaires, preuve que la confrontation strat\u00e9gique accompagne toujours la n\u00e9gociation.<\/p>\n\n\n\n<blockquote class=\"wp-block-quote is-layout-flow wp-block-quote-is-layout-flow\">\n<blockquote class=\"wp-block-quote is-layout-flow wp-block-quote-is-layout-flow\">\n<p><strong>Lire aussi:<\/strong><\/p>\n\n\n\n<ul class=\"wp-block-list\">\n<li><a href=\"https:\/\/www.webdo.tn\/fr\/actualite\/international\/iran-etats-unis-un-bon-depart-des-negociations-a-oman-dautres-rounds-attendus\/392780\/\">Iran\u2013\u00c9tats-Unis : un \u00ab bon d\u00e9part \u00bb des n\u00e9gociations \u00e0 Oman, d\u2019autres rounds attendus<\/a><\/li>\n<\/ul>\n<\/blockquote>\n<\/blockquote>\n\n\n\n<p><\/p>\n","protected":false},"excerpt":{"rendered":"<p>Mise \u00e0 jour \u2014 18 f\u00e9vrier 2026 Les discussions indirectes entre l\u2019Iran et les \u00c9tats-Unis \u00e0 Gen\u00e8ve ont enregistr\u00e9 des \u00ab progr\u00e8s significatifs \u00bb, a annonc\u00e9 le ministre iranien des Affaires \u00e9trang\u00e8res Abbas Araghchi. Selon T\u00e9h\u00e9ran, les deux parties se sont entendues sur des \u00ab principes directeurs \u00bb ouvrant la voie \u00e0 la r\u00e9daction d\u2019un [&hellip;]<\/p>\n","protected":false},"author":3184,"featured_media":392785,"comment_status":"closed","ping_status":"closed","sticky":false,"template":"","format":"standard","meta":{"footnotes":""},"categories":[2598],"tags":[2912,7178,3061],"class_list":["post-393264","post","type-post","status-publish","format-standard","has-post-thumbnail","hentry","category-international","tag-iran","tag-negociations","tag-usa"],"yoast_head":"<!-- This site is optimized with the Yoast SEO Premium plugin v27.5 (Yoast SEO v27.5) - https:\/\/yoast.com\/product\/yoast-seo-premium-wordpress\/ -->\n<title>N\u00e9gociations nucl\u00e9aires : \u00ab Progr\u00e8s \u00bb entre l\u2019Iran et les \u00c9tats-Unis \u00e0 Gen\u00e8ve malgr\u00e9 de fortes tensions - webdo<\/title>\n<meta name=\"description\" content=\"Les n\u00e9gociations nucl\u00e9aires \u00e0 Gen\u00e8ve marquent un progr\u00e8s entre l&#039;Iran et les \u00c9tats-Unis. D\u00e9couvrez les enjeux qui subsistent.\" \/>\n<link rel=\"canonical\" href=\"https:\/\/www.webdo.tn\/fr\/actualite\/international\/negociations-nucleaires-liran-et-les-etats-unis-a-geneve-sous-haute-tension\/393264\/\" \/>\n<meta property=\"og:locale\" content=\"fr_FR\" \/>\n<meta property=\"og:type\" content=\"article\" \/>\n<meta property=\"og:title\" content=\"N\u00e9gociations nucl\u00e9aires : \u00ab Progr\u00e8s \u00bb entre l\u2019Iran et les \u00c9tats-Unis \u00e0 Gen\u00e8ve malgr\u00e9 de fortes tensions\" \/>\n<meta property=\"og:description\" content=\"Les n\u00e9gociations nucl\u00e9aires \u00e0 Gen\u00e8ve marquent un progr\u00e8s entre l&#039;Iran et les \u00c9tats-Unis. D\u00e9couvrez les enjeux qui subsistent.\" \/>\n<meta property=\"og:url\" content=\"https:\/\/www.webdo.tn\/fr\/actualite\/international\/negociations-nucleaires-liran-et-les-etats-unis-a-geneve-sous-haute-tension\/393264\/\" \/>\n<meta property=\"og:site_name\" content=\"webdo\" \/>\n<meta property=\"article:publisher\" content=\"https:\/\/www.facebook.com\/webdotn\" \/>\n<meta property=\"article:published_time\" content=\"2026-02-17T08:58:06+00:00\" \/>\n<meta property=\"article:modified_time\" content=\"2026-02-18T11:08:05+00:00\" \/>\n<meta property=\"og:image\" content=\"https:\/\/www.webdo.tn\/fr\/wp-content\/uploads\/2026\/02\/Negociations-Iran-USA-a-Oman.jpg\" \/>\n\t<meta property=\"og:image:width\" content=\"1200\" \/>\n\t<meta property=\"og:image:height\" content=\"600\" \/>\n\t<meta property=\"og:image:type\" content=\"image\/jpeg\" \/>\n<meta name=\"author\" content=\"Wided Belhaj\" \/>\n<meta name=\"twitter:card\" content=\"summary_large_image\" \/>\n<meta name=\"twitter:creator\" content=\"@webdo_tn\" \/>\n<meta name=\"twitter:site\" content=\"@webdo_tn\" \/>\n<meta name=\"twitter:label1\" content=\"\u00c9crit par\" \/>\n\t<meta name=\"twitter:data1\" content=\"Wided Belhaj\" \/>\n\t<meta name=\"twitter:label2\" content=\"Dur\u00e9e de lecture estim\u00e9e\" \/>\n\t<meta name=\"twitter:data2\" content=\"3 minutes\" \/>\n<script type=\"application\/ld+json\" class=\"yoast-schema-graph\">{\"@context\":\"https:\\\/\\\/schema.org\",\"@graph\":[{\"@type\":\"NewsArticle\",\"@id\":\"https:\\\/\\\/www.webdo.tn\\\/fr\\\/actualite\\\/international\\\/negociations-nucleaires-liran-et-les-etats-unis-a-geneve-sous-haute-tension\\\/393264\\\/#article\",\"isPartOf\":{\"@id\":\"https:\\\/\\\/www.webdo.tn\\\/fr\\\/actualite\\\/international\\\/negociations-nucleaires-liran-et-les-etats-unis-a-geneve-sous-haute-tension\\\/393264\\\/\"},\"author\":{\"name\":\"Wided Belhaj\",\"@id\":\"https:\\\/\\\/www.webdo.tn\\\/fr\\\/#\\\/schema\\\/person\\\/b9ecde7a5574cb4fcf4b496ea5fadb15\"},\"headline\":\"N\u00e9gociations nucl\u00e9aires : \u00ab Progr\u00e8s \u00bb entre l\u2019Iran et les \u00c9tats-Unis \u00e0 Gen\u00e8ve malgr\u00e9 de fortes tensions\",\"datePublished\":\"2026-02-17T08:58:06+00:00\",\"dateModified\":\"2026-02-18T11:08:05+00:00\",\"mainEntityOfPage\":{\"@id\":\"https:\\\/\\\/www.webdo.tn\\\/fr\\\/actualite\\\/international\\\/negociations-nucleaires-liran-et-les-etats-unis-a-geneve-sous-haute-tension\\\/393264\\\/\"},\"wordCount\":578,\"publisher\":{\"@id\":\"https:\\\/\\\/www.webdo.tn\\\/fr\\\/#organization\"},\"image\":{\"@id\":\"https:\\\/\\\/www.webdo.tn\\\/fr\\\/actualite\\\/international\\\/negociations-nucleaires-liran-et-les-etats-unis-a-geneve-sous-haute-tension\\\/393264\\\/#primaryimage\"},\"thumbnailUrl\":\"https:\\\/\\\/www.webdo.tn\\\/fr\\\/wp-content\\\/uploads\\\/2026\\\/02\\\/Negociations-Iran-USA-a-Oman.jpg\",\"keywords\":[\"Iran\",\"N\u00e9gociations\",\"USA\"],\"articleSection\":[\"International\"],\"inLanguage\":\"fr-FR\"},{\"@type\":\"WebPage\",\"@id\":\"https:\\\/\\\/www.webdo.tn\\\/fr\\\/actualite\\\/international\\\/negociations-nucleaires-liran-et-les-etats-unis-a-geneve-sous-haute-tension\\\/393264\\\/\",\"url\":\"https:\\\/\\\/www.webdo.tn\\\/fr\\\/actualite\\\/international\\\/negociations-nucleaires-liran-et-les-etats-unis-a-geneve-sous-haute-tension\\\/393264\\\/\",\"name\":\"N\u00e9gociations nucl\u00e9aires : \u00ab Progr\u00e8s \u00bb entre l\u2019Iran et les \u00c9tats-Unis \u00e0 Gen\u00e8ve malgr\u00e9 de fortes tensions - webdo\",\"isPartOf\":{\"@id\":\"https:\\\/\\\/www.webdo.tn\\\/fr\\\/#website\"},\"primaryImageOfPage\":{\"@id\":\"https:\\\/\\\/www.webdo.tn\\\/fr\\\/actualite\\\/international\\\/negociations-nucleaires-liran-et-les-etats-unis-a-geneve-sous-haute-tension\\\/393264\\\/#primaryimage\"},\"image\":{\"@id\":\"https:\\\/\\\/www.webdo.tn\\\/fr\\\/actualite\\\/international\\\/negociations-nucleaires-liran-et-les-etats-unis-a-geneve-sous-haute-tension\\\/393264\\\/#primaryimage\"},\"thumbnailUrl\":\"https:\\\/\\\/www.webdo.tn\\\/fr\\\/wp-content\\\/uploads\\\/2026\\\/02\\\/Negociations-Iran-USA-a-Oman.jpg\",\"datePublished\":\"2026-02-17T08:58:06+00:00\",\"dateModified\":\"2026-02-18T11:08:05+00:00\",\"description\":\"Les n\u00e9gociations nucl\u00e9aires \u00e0 Gen\u00e8ve marquent un progr\u00e8s entre l'Iran et les \u00c9tats-Unis. D\u00e9couvrez les enjeux qui subsistent.\",\"breadcrumb\":{\"@id\":\"https:\\\/\\\/www.webdo.tn\\\/fr\\\/actualite\\\/international\\\/negociations-nucleaires-liran-et-les-etats-unis-a-geneve-sous-haute-tension\\\/393264\\\/#breadcrumb\"},\"inLanguage\":\"fr-FR\",\"potentialAction\":[{\"@type\":\"ReadAction\",\"target\":[\"https:\\\/\\\/www.webdo.tn\\\/fr\\\/actualite\\\/international\\\/negociations-nucleaires-liran-et-les-etats-unis-a-geneve-sous-haute-tension\\\/393264\\\/\"]}]},{\"@type\":\"ImageObject\",\"inLanguage\":\"fr-FR\",\"@id\":\"https:\\\/\\\/www.webdo.tn\\\/fr\\\/actualite\\\/international\\\/negociations-nucleaires-liran-et-les-etats-unis-a-geneve-sous-haute-tension\\\/393264\\\/#primaryimage\",\"url\":\"https:\\\/\\\/www.webdo.tn\\\/fr\\\/wp-content\\\/uploads\\\/2026\\\/02\\\/Negociations-Iran-USA-a-Oman.jpg\",\"contentUrl\":\"https:\\\/\\\/www.webdo.tn\\\/fr\\\/wp-content\\\/uploads\\\/2026\\\/02\\\/Negociations-Iran-USA-a-Oman.jpg\",\"width\":1200,\"height\":600,\"caption\":\"L\u2019Iran a qualifi\u00e9 de \u00ab bon d\u00e9part \u00bb les n\u00e9gociations indirectes men\u00e9es avec les \u00c9tats-Unis \u00e0 Oman\"},{\"@type\":\"BreadcrumbList\",\"@id\":\"https:\\\/\\\/www.webdo.tn\\\/fr\\\/actualite\\\/international\\\/negociations-nucleaires-liran-et-les-etats-unis-a-geneve-sous-haute-tension\\\/393264\\\/#breadcrumb\",\"itemListElement\":[{\"@type\":\"ListItem\",\"position\":1,\"name\":\"Accueil\",\"item\":\"https:\\\/\\\/www.webdo.tn\\\/fr\\\/\"},{\"@type\":\"ListItem\",\"position\":2,\"name\":\"N\u00e9gociations nucl\u00e9aires : \u00ab Progr\u00e8s \u00bb entre l\u2019Iran et les \u00c9tats-Unis \u00e0 Gen\u00e8ve malgr\u00e9 de fortes tensions\"}]},{\"@type\":\"WebSite\",\"@id\":\"https:\\\/\\\/www.webdo.tn\\\/fr\\\/#website\",\"url\":\"https:\\\/\\\/www.webdo.tn\\\/fr\\\/\",\"name\":\"webdo\",\"description\":\"Tunisie - News en Tunisie et \u00e0 l&#039;international sur Webdo.tn\",\"publisher\":{\"@id\":\"https:\\\/\\\/www.webdo.tn\\\/fr\\\/#organization\"},\"potentialAction\":[{\"@type\":\"SearchAction\",\"target\":{\"@type\":\"EntryPoint\",\"urlTemplate\":\"https:\\\/\\\/www.webdo.tn\\\/fr\\\/?s={search_term_string}\"},\"query-input\":{\"@type\":\"PropertyValueSpecification\",\"valueRequired\":true,\"valueName\":\"search_term_string\"}}],\"inLanguage\":\"fr-FR\"},{\"@type\":\"Organization\",\"@id\":\"https:\\\/\\\/www.webdo.tn\\\/fr\\\/#organization\",\"name\":\"Webdo\",\"alternateName\":\"Webdo.tn\",\"url\":\"https:\\\/\\\/www.webdo.tn\\\/fr\\\/\",\"logo\":{\"@type\":\"ImageObject\",\"inLanguage\":\"fr-FR\",\"@id\":\"https:\\\/\\\/www.webdo.tn\\\/fr\\\/#\\\/schema\\\/logo\\\/image\\\/\",\"url\":\"https:\\\/\\\/www.webdo.tn\\\/fr\\\/wp-content\\\/uploads\\\/2025\\\/06\\\/Webdo-Tunisie_168377.jpg\",\"contentUrl\":\"https:\\\/\\\/www.webdo.tn\\\/fr\\\/wp-content\\\/uploads\\\/2025\\\/06\\\/Webdo-Tunisie_168377.jpg\",\"width\":301,\"height\":301,\"caption\":\"Webdo\"},\"image\":{\"@id\":\"https:\\\/\\\/www.webdo.tn\\\/fr\\\/#\\\/schema\\\/logo\\\/image\\\/\"},\"sameAs\":[\"https:\\\/\\\/www.facebook.com\\\/webdotn\",\"https:\\\/\\\/x.com\\\/webdo_tn\"],\"description\":\"Webdo est un m\u00e9dia num\u00e9rique tunisien fond\u00e9 en 2010, sp\u00e9cialis\u00e9 dans l\u2019actualit\u00e9 nationale et internationale, l\u2019\u00e9conomie, la soci\u00e9t\u00e9 et les analyses politiques. Le site s\u2019adresse \u00e0 un large public francophone et couvre l\u2019information tunisienne en temps r\u00e9el.\",\"email\":\"redac@webdo.tn\",\"legalName\":\"YNJ SARL\",\"foundingDate\":\"2010-09-06\",\"numberOfEmployees\":{\"@type\":\"QuantitativeValue\",\"minValue\":\"11\",\"maxValue\":\"50\"}},{\"@type\":\"Person\",\"@id\":\"https:\\\/\\\/www.webdo.tn\\\/fr\\\/#\\\/schema\\\/person\\\/b9ecde7a5574cb4fcf4b496ea5fadb15\",\"name\":\"Wided Belhaj\",\"image\":{\"@type\":\"ImageObject\",\"inLanguage\":\"fr-FR\",\"@id\":\"https:\\\/\\\/www.webdo.tn\\\/fr\\\/wp-content\\\/uploads\\\/2026\\\/04\\\/wided-belhaj_avatar-96x96.jpg\",\"url\":\"https:\\\/\\\/www.webdo.tn\\\/fr\\\/wp-content\\\/uploads\\\/2026\\\/04\\\/wided-belhaj_avatar-96x96.jpg\",\"contentUrl\":\"https:\\\/\\\/www.webdo.tn\\\/fr\\\/wp-content\\\/uploads\\\/2026\\\/04\\\/wided-belhaj_avatar-96x96.jpg\",\"caption\":\"Wided Belhaj\"},\"description\":\"Wided Belhaj est le pseudonyme \u00e9ditorial utilis\u00e9 par Khalil Jelassi, journaliste, ma\u00eetre-assistant \u00e0 l\u2019Institut de presse et des sciences de l\u2019information (IPSI) et chercheur en sciences de l\u2019information et de la communication. Cette signature est d\u00e9di\u00e9e \u00e0 l\u2019analyse des m\u00e9dias, des pratiques journalistiques et des mutations de l\u2019information \u00e0 l\u2019\u00e8re digitale. \u00c0 travers ses contributions, Wided Belhaj propose une lecture analytique de l\u2019actualit\u00e9, en croisant regard critique et expertise acad\u00e9mique.\",\"knowsAbout\":[\"m\u00e9dias\",\"journalisme\",\"communication\",\"information\",\"transformation num\u00e9rique\",\"analyse des m\u00e9dias\"],\"knowsLanguage\":[\"Fran\u00e7ais\",\"Arabe\"],\"jobTitle\":\"Webdo.tn\",\"worksFor\":\"Journaliste \u2013 Analyse des m\u00e9dias\",\"url\":\"https:\\\/\\\/www.webdo.tn\\\/fr\\\/actualite\\\/author\\\/wided-belhaj\\\/\"}]}<\/script>\n<!-- \/ Yoast SEO Premium plugin. -->","yoast_head_json":{"title":"N\u00e9gociations nucl\u00e9aires : \u00ab Progr\u00e8s \u00bb entre l\u2019Iran et les \u00c9tats-Unis \u00e0 Gen\u00e8ve malgr\u00e9 de fortes tensions - webdo","description":"Les n\u00e9gociations nucl\u00e9aires \u00e0 Gen\u00e8ve marquent un progr\u00e8s entre l'Iran et les \u00c9tats-Unis. D\u00e9couvrez les enjeux qui subsistent.","canonical":"https:\/\/www.webdo.tn\/fr\/actualite\/international\/negociations-nucleaires-liran-et-les-etats-unis-a-geneve-sous-haute-tension\/393264\/","og_locale":"fr_FR","og_type":"article","og_title":"N\u00e9gociations nucl\u00e9aires : \u00ab Progr\u00e8s \u00bb entre l\u2019Iran et les \u00c9tats-Unis \u00e0 Gen\u00e8ve malgr\u00e9 de fortes tensions","og_description":"Les n\u00e9gociations nucl\u00e9aires \u00e0 Gen\u00e8ve marquent un progr\u00e8s entre l'Iran et les \u00c9tats-Unis. D\u00e9couvrez les enjeux qui subsistent.","og_url":"https:\/\/www.webdo.tn\/fr\/actualite\/international\/negociations-nucleaires-liran-et-les-etats-unis-a-geneve-sous-haute-tension\/393264\/","og_site_name":"webdo","article_publisher":"https:\/\/www.facebook.com\/webdotn","article_published_time":"2026-02-17T08:58:06+00:00","article_modified_time":"2026-02-18T11:08:05+00:00","og_image":[{"width":1200,"height":600,"url":"https:\/\/www.webdo.tn\/fr\/wp-content\/uploads\/2026\/02\/Negociations-Iran-USA-a-Oman.jpg","type":"image\/jpeg"}],"author":"Wided Belhaj","twitter_card":"summary_large_image","twitter_creator":"@webdo_tn","twitter_site":"@webdo_tn","twitter_misc":{"\u00c9crit par":"Wided Belhaj","Dur\u00e9e de lecture estim\u00e9e":"3 minutes"},"schema":{"@context":"https:\/\/schema.org","@graph":[{"@type":"NewsArticle","@id":"https:\/\/www.webdo.tn\/fr\/actualite\/international\/negociations-nucleaires-liran-et-les-etats-unis-a-geneve-sous-haute-tension\/393264\/#article","isPartOf":{"@id":"https:\/\/www.webdo.tn\/fr\/actualite\/international\/negociations-nucleaires-liran-et-les-etats-unis-a-geneve-sous-haute-tension\/393264\/"},"author":{"name":"Wided Belhaj","@id":"https:\/\/www.webdo.tn\/fr\/#\/schema\/person\/b9ecde7a5574cb4fcf4b496ea5fadb15"},"headline":"N\u00e9gociations nucl\u00e9aires : \u00ab Progr\u00e8s \u00bb entre l\u2019Iran et les \u00c9tats-Unis \u00e0 Gen\u00e8ve malgr\u00e9 de fortes tensions","datePublished":"2026-02-17T08:58:06+00:00","dateModified":"2026-02-18T11:08:05+00:00","mainEntityOfPage":{"@id":"https:\/\/www.webdo.tn\/fr\/actualite\/international\/negociations-nucleaires-liran-et-les-etats-unis-a-geneve-sous-haute-tension\/393264\/"},"wordCount":578,"publisher":{"@id":"https:\/\/www.webdo.tn\/fr\/#organization"},"image":{"@id":"https:\/\/www.webdo.tn\/fr\/actualite\/international\/negociations-nucleaires-liran-et-les-etats-unis-a-geneve-sous-haute-tension\/393264\/#primaryimage"},"thumbnailUrl":"https:\/\/www.webdo.tn\/fr\/wp-content\/uploads\/2026\/02\/Negociations-Iran-USA-a-Oman.jpg","keywords":["Iran","N\u00e9gociations","USA"],"articleSection":["International"],"inLanguage":"fr-FR"},{"@type":"WebPage","@id":"https:\/\/www.webdo.tn\/fr\/actualite\/international\/negociations-nucleaires-liran-et-les-etats-unis-a-geneve-sous-haute-tension\/393264\/","url":"https:\/\/www.webdo.tn\/fr\/actualite\/international\/negociations-nucleaires-liran-et-les-etats-unis-a-geneve-sous-haute-tension\/393264\/","name":"N\u00e9gociations nucl\u00e9aires : \u00ab Progr\u00e8s \u00bb entre l\u2019Iran et les \u00c9tats-Unis \u00e0 Gen\u00e8ve malgr\u00e9 de fortes tensions - webdo","isPartOf":{"@id":"https:\/\/www.webdo.tn\/fr\/#website"},"primaryImageOfPage":{"@id":"https:\/\/www.webdo.tn\/fr\/actualite\/international\/negociations-nucleaires-liran-et-les-etats-unis-a-geneve-sous-haute-tension\/393264\/#primaryimage"},"image":{"@id":"https:\/\/www.webdo.tn\/fr\/actualite\/international\/negociations-nucleaires-liran-et-les-etats-unis-a-geneve-sous-haute-tension\/393264\/#primaryimage"},"thumbnailUrl":"https:\/\/www.webdo.tn\/fr\/wp-content\/uploads\/2026\/02\/Negociations-Iran-USA-a-Oman.jpg","datePublished":"2026-02-17T08:58:06+00:00","dateModified":"2026-02-18T11:08:05+00:00","description":"Les n\u00e9gociations nucl\u00e9aires \u00e0 Gen\u00e8ve marquent un progr\u00e8s entre l'Iran et les \u00c9tats-Unis. D\u00e9couvrez les enjeux qui subsistent.","breadcrumb":{"@id":"https:\/\/www.webdo.tn\/fr\/actualite\/international\/negociations-nucleaires-liran-et-les-etats-unis-a-geneve-sous-haute-tension\/393264\/#breadcrumb"},"inLanguage":"fr-FR","potentialAction":[{"@type":"ReadAction","target":["https:\/\/www.webdo.tn\/fr\/actualite\/international\/negociations-nucleaires-liran-et-les-etats-unis-a-geneve-sous-haute-tension\/393264\/"]}]},{"@type":"ImageObject","inLanguage":"fr-FR","@id":"https:\/\/www.webdo.tn\/fr\/actualite\/international\/negociations-nucleaires-liran-et-les-etats-unis-a-geneve-sous-haute-tension\/393264\/#primaryimage","url":"https:\/\/www.webdo.tn\/fr\/wp-content\/uploads\/2026\/02\/Negociations-Iran-USA-a-Oman.jpg","contentUrl":"https:\/\/www.webdo.tn\/fr\/wp-content\/uploads\/2026\/02\/Negociations-Iran-USA-a-Oman.jpg","width":1200,"height":600,"caption":"L\u2019Iran a qualifi\u00e9 de \u00ab bon d\u00e9part \u00bb les n\u00e9gociations indirectes men\u00e9es avec les \u00c9tats-Unis \u00e0 Oman"},{"@type":"BreadcrumbList","@id":"https:\/\/www.webdo.tn\/fr\/actualite\/international\/negociations-nucleaires-liran-et-les-etats-unis-a-geneve-sous-haute-tension\/393264\/#breadcrumb","itemListElement":[{"@type":"ListItem","position":1,"name":"Accueil","item":"https:\/\/www.webdo.tn\/fr\/"},{"@type":"ListItem","position":2,"name":"N\u00e9gociations nucl\u00e9aires : \u00ab Progr\u00e8s \u00bb entre l\u2019Iran et les \u00c9tats-Unis \u00e0 Gen\u00e8ve malgr\u00e9 de fortes tensions"}]},{"@type":"WebSite","@id":"https:\/\/www.webdo.tn\/fr\/#website","url":"https:\/\/www.webdo.tn\/fr\/","name":"webdo","description":"Tunisie - News en Tunisie et \u00e0 l&#039;international sur Webdo.tn","publisher":{"@id":"https:\/\/www.webdo.tn\/fr\/#organization"},"potentialAction":[{"@type":"SearchAction","target":{"@type":"EntryPoint","urlTemplate":"https:\/\/www.webdo.tn\/fr\/?s={search_term_string}"},"query-input":{"@type":"PropertyValueSpecification","valueRequired":true,"valueName":"search_term_string"}}],"inLanguage":"fr-FR"},{"@type":"Organization","@id":"https:\/\/www.webdo.tn\/fr\/#organization","name":"Webdo","alternateName":"Webdo.tn","url":"https:\/\/www.webdo.tn\/fr\/","logo":{"@type":"ImageObject","inLanguage":"fr-FR","@id":"https:\/\/www.webdo.tn\/fr\/#\/schema\/logo\/image\/","url":"https:\/\/www.webdo.tn\/fr\/wp-content\/uploads\/2025\/06\/Webdo-Tunisie_168377.jpg","contentUrl":"https:\/\/www.webdo.tn\/fr\/wp-content\/uploads\/2025\/06\/Webdo-Tunisie_168377.jpg","width":301,"height":301,"caption":"Webdo"},"image":{"@id":"https:\/\/www.webdo.tn\/fr\/#\/schema\/logo\/image\/"},"sameAs":["https:\/\/www.facebook.com\/webdotn","https:\/\/x.com\/webdo_tn"],"description":"Webdo est un m\u00e9dia num\u00e9rique tunisien fond\u00e9 en 2010, sp\u00e9cialis\u00e9 dans l\u2019actualit\u00e9 nationale et internationale, l\u2019\u00e9conomie, la soci\u00e9t\u00e9 et les analyses politiques. Le site s\u2019adresse \u00e0 un large public francophone et couvre l\u2019information tunisienne en temps r\u00e9el.","email":"redac@webdo.tn","legalName":"YNJ SARL","foundingDate":"2010-09-06","numberOfEmployees":{"@type":"QuantitativeValue","minValue":"11","maxValue":"50"}},{"@type":"Person","@id":"https:\/\/www.webdo.tn\/fr\/#\/schema\/person\/b9ecde7a5574cb4fcf4b496ea5fadb15","name":"Wided Belhaj","image":{"@type":"ImageObject","inLanguage":"fr-FR","@id":"https:\/\/www.webdo.tn\/fr\/wp-content\/uploads\/2026\/04\/wided-belhaj_avatar-96x96.jpg","url":"https:\/\/www.webdo.tn\/fr\/wp-content\/uploads\/2026\/04\/wided-belhaj_avatar-96x96.jpg","contentUrl":"https:\/\/www.webdo.tn\/fr\/wp-content\/uploads\/2026\/04\/wided-belhaj_avatar-96x96.jpg","caption":"Wided Belhaj"},"description":"Wided Belhaj est le pseudonyme \u00e9ditorial utilis\u00e9 par Khalil Jelassi, journaliste, ma\u00eetre-assistant \u00e0 l\u2019Institut de presse et des sciences de l\u2019information (IPSI) et chercheur en sciences de l\u2019information et de la communication. Cette signature est d\u00e9di\u00e9e \u00e0 l\u2019analyse des m\u00e9dias, des pratiques journalistiques et des mutations de l\u2019information \u00e0 l\u2019\u00e8re digitale. \u00c0 travers ses contributions, Wided Belhaj propose une lecture analytique de l\u2019actualit\u00e9, en croisant regard critique et expertise acad\u00e9mique.","knowsAbout":["m\u00e9dias","journalisme","communication","information","transformation num\u00e9rique","analyse des m\u00e9dias"],"knowsLanguage":["Fran\u00e7ais","Arabe"],"jobTitle":"Webdo.tn","worksFor":"Journaliste \u2013 Analyse des m\u00e9dias","url":"https:\/\/www.webdo.tn\/fr\/actualite\/author\/wided-belhaj\/"}]}},"_links":{"self":[{"href":"https:\/\/www.webdo.tn\/fr\/wp-json\/wp\/v2\/posts\/393264","targetHints":{"allow":["GET"]}}],"collection":[{"href":"https:\/\/www.webdo.tn\/fr\/wp-json\/wp\/v2\/posts"}],"about":[{"href":"https:\/\/www.webdo.tn\/fr\/wp-json\/wp\/v2\/types\/post"}],"author":[{"embeddable":true,"href":"https:\/\/www.webdo.tn\/fr\/wp-json\/wp\/v2\/users\/3184"}],"replies":[{"embeddable":true,"href":"https:\/\/www.webdo.tn\/fr\/wp-json\/wp\/v2\/comments?post=393264"}],"version-history":[{"count":0,"href":"https:\/\/www.webdo.tn\/fr\/wp-json\/wp\/v2\/posts\/393264\/revisions"}],"wp:featuredmedia":[{"embeddable":true,"href":"https:\/\/www.webdo.tn\/fr\/wp-json\/wp\/v2\/media\/392785"}],"wp:attachment":[{"href":"https:\/\/www.webdo.tn\/fr\/wp-json\/wp\/v2\/media?parent=393264"}],"wp:term":[{"taxonomy":"category","embeddable":true,"href":"https:\/\/www.webdo.tn\/fr\/wp-json\/wp\/v2\/categories?post=393264"},{"taxonomy":"post_tag","embeddable":true,"href":"https:\/\/www.webdo.tn\/fr\/wp-json\/wp\/v2\/tags?post=393264"}],"curies":[{"name":"wp","href":"https:\/\/api.w.org\/{rel}","templated":true}]}}