{"id":393235,"date":"2026-02-16T18:17:47","date_gmt":"2026-02-16T17:17:47","guid":{"rendered":"https:\/\/www.webdo.tn\/fr\/?p=393235"},"modified":"2026-02-16T18:17:50","modified_gmt":"2026-02-16T17:17:50","slug":"sept-personnes-en-garde-a-vue-et-une-proprietaire-en-fuite-dans-laffaire-de-lenfant-dennasr","status":"publish","type":"post","link":"https:\/\/www.webdo.tn\/fr\/actualite\/national\/sept-personnes-en-garde-a-vue-et-une-proprietaire-en-fuite-dans-laffaire-de-lenfant-dennasr\/393235\/","title":{"rendered":"Sept personnes en garde \u00e0 vue et une propri\u00e9taire en fuite dans l\u2019affaire de l\u2019enfant d\u2019Ennasr"},"content":{"rendered":"\n<p>De nouveaux d\u00e9veloppements judiciaires sont intervenus dans l\u2019affaire li\u00e9e \u00e0 des soup\u00e7ons d\u2019agression visant un enfant dans un jardin d\u2019enfants priv\u00e9 du quartier Ennasr, dans le gouvernorat de l\u2019Ariana.<\/p>\n\n\n\n<p>Selon une source judiciaire cit\u00e9e par l\u2019Agence Tunis Afrique Presse (TAP), une information judiciaire a \u00e9t\u00e9 ouverte et un juge d\u2019instruction a \u00e9t\u00e9 d\u00e9sign\u00e9 afin de d\u00e9terminer les responsabilit\u00e9s.<\/p>\n\n\n\n<h2 class=\"wp-block-heading\" id=\"h-huit-suspects-concernes\">Huit suspects concern\u00e9s<\/h2>\n\n\n\n<p>L\u2019affaire implique huit personnes, quatre hommes et quatre femmes.<br>Sept d\u2019entre elles ont \u00e9t\u00e9 plac\u00e9es en garde \u00e0 vue, tandis que la propri\u00e9taire de l\u2019\u00e9tablissement est actuellement en fuite. Un mandat d\u2019arr\u00eat international a \u00e9t\u00e9 \u00e9mis \u00e0 son encontre.<\/p>\n\n\n\n<h2 class=\"wp-block-heading\" id=\"h-les-accusations-visant-les-auteurs-presumes\">Les accusations visant les auteurs pr\u00e9sum\u00e9s<\/h2>\n\n\n\n<p>Les quatre hommes, consid\u00e9r\u00e9s comme principaux auteurs pr\u00e9sum\u00e9s, sont poursuivis pour attentat \u00e0 la pudeur commis sans le consentement de la victime, un enfant \u00e2g\u00e9 de moins de 16 ans, dans un contexte d\u2019abus de fonction ayant entra\u00een\u00e9 des dommages.<\/p>\n\n\n\n<p>Ils sont \u00e9galement soup\u00e7onn\u00e9s de maltraitance habituelle sur un enfant plac\u00e9 sous leur responsabilit\u00e9.<\/p>\n\n\n\n<h2 class=\"wp-block-heading\" id=\"h-complicite-et-mise-en-danger\">Complicit\u00e9 et mise en danger<\/h2>\n\n\n\n<p>Les quatre femmes \u2014 la propri\u00e9taire, la directrice et deux \u00e9ducatrices \u2014 sont poursuivies pour complicit\u00e9 dans les faits reproch\u00e9s, ainsi que pour avoir laiss\u00e9 un enfant incapable d\u2019assurer sa protection dans une situation de danger, alors qu\u2019elles exer\u00e7aient une autorit\u00e9 sur lui et \u00e9taient charg\u00e9es de sa garde.<\/p>\n\n\n\n<h2 class=\"wp-block-heading\" id=\"h-peines-encourues\">Peines encourues<\/h2>\n\n\n\n<p>Selon la m\u00eame source judiciaire, l\u2019ensemble des charges, si elles sont confirm\u00e9es par la justice, pourraient entra\u00eener des peines pouvant aller jusqu\u2019\u00e0 la r\u00e9clusion criminelle \u00e0 perp\u00e9tuit\u00e9, y compris pour complicit\u00e9.<\/p>\n\n\n\n<p>L\u2019instruction se poursuit et les qualifications d\u00e9finitives seront fix\u00e9es sur la base des r\u00e9sultats de l\u2019enqu\u00eate et des voies de recours pr\u00e9vues par la loi.<\/p>\n\n\n\n<blockquote class=\"wp-block-quote is-layout-flow wp-block-quote-is-layout-flow\">\n<blockquote class=\"wp-block-quote is-layout-flow wp-block-quote-is-layout-flow\">\n<p><strong>Lire aussi:<\/strong><\/p>\n\n\n\n<ul class=\"wp-block-list\">\n<li class=\"has-medium-font-size\"><a href=\"https:\/\/www.webdo.tn\/fr\/actualite\/national\/un-enfant-de-3-ans-agresse-dans-une-garderie-quatre-personnes-poursuivies-pour-viol\/393221\/\">Un enfant de 3 ans agress\u00e9 dans une garderie : Quatre personnes poursuivies pour viol<\/a><\/li>\n<\/ul>\n<\/blockquote>\n<\/blockquote>\n","protected":false},"excerpt":{"rendered":"<p>De nouveaux d\u00e9veloppements judiciaires sont intervenus dans l\u2019affaire li\u00e9e \u00e0 des soup\u00e7ons d\u2019agression visant un enfant dans un jardin d\u2019enfants priv\u00e9 du quartier Ennasr, dans le gouvernorat de l\u2019Ariana. Selon une source judiciaire cit\u00e9e par l\u2019Agence Tunis Afrique Presse (TAP), une information judiciaire a \u00e9t\u00e9 ouverte et un juge d\u2019instruction a \u00e9t\u00e9 d\u00e9sign\u00e9 afin de [&hellip;]<\/p>\n","protected":false},"author":3203,"featured_media":393052,"comment_status":"closed","ping_status":"closed","sticky":false,"template":"","format":"standard","meta":{"footnotes":""},"categories":[44],"tags":[3435,8972,2608],"class_list":["post-393235","post","type-post","status-publish","format-standard","has-post-thumbnail","hentry","category-national","tag-agression","tag-jardin-denfants","tag-tunisie"],"yoast_head":"<!-- This site is optimized with the Yoast SEO Premium plugin v27.5 (Yoast SEO v27.5) - https:\/\/yoast.com\/product\/yoast-seo-premium-wordpress\/ -->\n<title>Sept personnes en garde \u00e0 vue et une propri\u00e9taire en fuite dans l\u2019affaire de l\u2019enfant d\u2019Ennasr - webdo<\/title>\n<meta name=\"description\" content=\"Sept personnes en garde \u00e0 vue et une propri\u00e9taire en fuite dans l\u2019affaire de l\u2019enfant d\u2019Ennasr. D\u00e9couvrez les derniers d\u00e9veloppements.\" \/>\n<link rel=\"canonical\" href=\"https:\/\/www.webdo.tn\/fr\/actualite\/national\/sept-personnes-en-garde-a-vue-et-une-proprietaire-en-fuite-dans-laffaire-de-lenfant-dennasr\/393235\/\" \/>\n<meta property=\"og:locale\" content=\"fr_FR\" \/>\n<meta property=\"og:type\" content=\"article\" \/>\n<meta property=\"og:title\" content=\"Sept personnes en garde \u00e0 vue et une propri\u00e9taire en fuite dans l\u2019affaire de l\u2019enfant d\u2019Ennasr\" \/>\n<meta property=\"og:description\" content=\"Sept personnes en garde \u00e0 vue et une propri\u00e9taire en fuite dans l\u2019affaire de l\u2019enfant d\u2019Ennasr. D\u00e9couvrez les derniers d\u00e9veloppements.\" \/>\n<meta property=\"og:url\" content=\"https:\/\/www.webdo.tn\/fr\/actualite\/national\/sept-personnes-en-garde-a-vue-et-une-proprietaire-en-fuite-dans-laffaire-de-lenfant-dennasr\/393235\/\" \/>\n<meta property=\"og:site_name\" content=\"webdo\" \/>\n<meta property=\"article:publisher\" content=\"https:\/\/www.facebook.com\/webdotn\" \/>\n<meta property=\"article:published_time\" content=\"2026-02-16T17:17:47+00:00\" \/>\n<meta property=\"article:modified_time\" content=\"2026-02-16T17:17:50+00:00\" \/>\n<meta property=\"og:image\" content=\"https:\/\/www.webdo.tn\/fr\/wp-content\/uploads\/2026\/02\/Capture-decran-2026-02-12-131604.jpg\" \/>\n\t<meta property=\"og:image:width\" content=\"1200\" \/>\n\t<meta property=\"og:image:height\" content=\"607\" \/>\n\t<meta property=\"og:image:type\" content=\"image\/jpeg\" \/>\n<meta name=\"author\" content=\"Ramzi Haddad\" \/>\n<meta name=\"twitter:card\" content=\"summary_large_image\" \/>\n<meta name=\"twitter:creator\" content=\"@webdo_tn\" \/>\n<meta name=\"twitter:site\" content=\"@webdo_tn\" \/>\n<meta name=\"twitter:label1\" content=\"\u00c9crit par\" \/>\n\t<meta name=\"twitter:data1\" content=\"Ramzi Haddad\" \/>\n\t<meta name=\"twitter:label2\" content=\"Dur\u00e9e de lecture estim\u00e9e\" \/>\n\t<meta name=\"twitter:data2\" content=\"2 minutes\" \/>\n<script type=\"application\/ld+json\" class=\"yoast-schema-graph\">{\"@context\":\"https:\\\/\\\/schema.org\",\"@graph\":[{\"@type\":\"NewsArticle\",\"@id\":\"https:\\\/\\\/www.webdo.tn\\\/fr\\\/actualite\\\/national\\\/sept-personnes-en-garde-a-vue-et-une-proprietaire-en-fuite-dans-laffaire-de-lenfant-dennasr\\\/393235\\\/#article\",\"isPartOf\":{\"@id\":\"https:\\\/\\\/www.webdo.tn\\\/fr\\\/actualite\\\/national\\\/sept-personnes-en-garde-a-vue-et-une-proprietaire-en-fuite-dans-laffaire-de-lenfant-dennasr\\\/393235\\\/\"},\"author\":{\"name\":\"Ramzi Haddad\",\"@id\":\"https:\\\/\\\/www.webdo.tn\\\/fr\\\/#\\\/schema\\\/person\\\/5663044c25eb36d8f88ba5b653f12f8c\"},\"headline\":\"Sept personnes en garde \u00e0 vue et une propri\u00e9taire en fuite dans l\u2019affaire de l\u2019enfant d\u2019Ennasr\",\"datePublished\":\"2026-02-16T17:17:47+00:00\",\"dateModified\":\"2026-02-16T17:17:50+00:00\",\"mainEntityOfPage\":{\"@id\":\"https:\\\/\\\/www.webdo.tn\\\/fr\\\/actualite\\\/national\\\/sept-personnes-en-garde-a-vue-et-une-proprietaire-en-fuite-dans-laffaire-de-lenfant-dennasr\\\/393235\\\/\"},\"wordCount\":348,\"publisher\":{\"@id\":\"https:\\\/\\\/www.webdo.tn\\\/fr\\\/#organization\"},\"image\":{\"@id\":\"https:\\\/\\\/www.webdo.tn\\\/fr\\\/actualite\\\/national\\\/sept-personnes-en-garde-a-vue-et-une-proprietaire-en-fuite-dans-laffaire-de-lenfant-dennasr\\\/393235\\\/#primaryimage\"},\"thumbnailUrl\":\"https:\\\/\\\/www.webdo.tn\\\/fr\\\/wp-content\\\/uploads\\\/2026\\\/02\\\/Capture-decran-2026-02-12-131604.jpg\",\"keywords\":[\"agression\",\"jardin d'enfants\",\"Tunisie\"],\"articleSection\":[\"National\"],\"inLanguage\":\"fr-FR\"},{\"@type\":\"WebPage\",\"@id\":\"https:\\\/\\\/www.webdo.tn\\\/fr\\\/actualite\\\/national\\\/sept-personnes-en-garde-a-vue-et-une-proprietaire-en-fuite-dans-laffaire-de-lenfant-dennasr\\\/393235\\\/\",\"url\":\"https:\\\/\\\/www.webdo.tn\\\/fr\\\/actualite\\\/national\\\/sept-personnes-en-garde-a-vue-et-une-proprietaire-en-fuite-dans-laffaire-de-lenfant-dennasr\\\/393235\\\/\",\"name\":\"Sept personnes en garde \u00e0 vue et une propri\u00e9taire en fuite dans l\u2019affaire de l\u2019enfant d\u2019Ennasr - webdo\",\"isPartOf\":{\"@id\":\"https:\\\/\\\/www.webdo.tn\\\/fr\\\/#website\"},\"primaryImageOfPage\":{\"@id\":\"https:\\\/\\\/www.webdo.tn\\\/fr\\\/actualite\\\/national\\\/sept-personnes-en-garde-a-vue-et-une-proprietaire-en-fuite-dans-laffaire-de-lenfant-dennasr\\\/393235\\\/#primaryimage\"},\"image\":{\"@id\":\"https:\\\/\\\/www.webdo.tn\\\/fr\\\/actualite\\\/national\\\/sept-personnes-en-garde-a-vue-et-une-proprietaire-en-fuite-dans-laffaire-de-lenfant-dennasr\\\/393235\\\/#primaryimage\"},\"thumbnailUrl\":\"https:\\\/\\\/www.webdo.tn\\\/fr\\\/wp-content\\\/uploads\\\/2026\\\/02\\\/Capture-decran-2026-02-12-131604.jpg\",\"datePublished\":\"2026-02-16T17:17:47+00:00\",\"dateModified\":\"2026-02-16T17:17:50+00:00\",\"description\":\"Sept personnes en garde \u00e0 vue et une propri\u00e9taire en fuite dans l\u2019affaire de l\u2019enfant d\u2019Ennasr. D\u00e9couvrez les derniers d\u00e9veloppements.\",\"breadcrumb\":{\"@id\":\"https:\\\/\\\/www.webdo.tn\\\/fr\\\/actualite\\\/national\\\/sept-personnes-en-garde-a-vue-et-une-proprietaire-en-fuite-dans-laffaire-de-lenfant-dennasr\\\/393235\\\/#breadcrumb\"},\"inLanguage\":\"fr-FR\",\"potentialAction\":[{\"@type\":\"ReadAction\",\"target\":[\"https:\\\/\\\/www.webdo.tn\\\/fr\\\/actualite\\\/national\\\/sept-personnes-en-garde-a-vue-et-une-proprietaire-en-fuite-dans-laffaire-de-lenfant-dennasr\\\/393235\\\/\"]}]},{\"@type\":\"ImageObject\",\"inLanguage\":\"fr-FR\",\"@id\":\"https:\\\/\\\/www.webdo.tn\\\/fr\\\/actualite\\\/national\\\/sept-personnes-en-garde-a-vue-et-une-proprietaire-en-fuite-dans-laffaire-de-lenfant-dennasr\\\/393235\\\/#primaryimage\",\"url\":\"https:\\\/\\\/www.webdo.tn\\\/fr\\\/wp-content\\\/uploads\\\/2026\\\/02\\\/Capture-decran-2026-02-12-131604.jpg\",\"contentUrl\":\"https:\\\/\\\/www.webdo.tn\\\/fr\\\/wp-content\\\/uploads\\\/2026\\\/02\\\/Capture-decran-2026-02-12-131604.jpg\",\"width\":1200,\"height\":607},{\"@type\":\"BreadcrumbList\",\"@id\":\"https:\\\/\\\/www.webdo.tn\\\/fr\\\/actualite\\\/national\\\/sept-personnes-en-garde-a-vue-et-une-proprietaire-en-fuite-dans-laffaire-de-lenfant-dennasr\\\/393235\\\/#breadcrumb\",\"itemListElement\":[{\"@type\":\"ListItem\",\"position\":1,\"name\":\"Accueil\",\"item\":\"https:\\\/\\\/www.webdo.tn\\\/fr\\\/\"},{\"@type\":\"ListItem\",\"position\":2,\"name\":\"Sept personnes en garde \u00e0 vue et une propri\u00e9taire en fuite dans l\u2019affaire de l\u2019enfant d\u2019Ennasr\"}]},{\"@type\":\"WebSite\",\"@id\":\"https:\\\/\\\/www.webdo.tn\\\/fr\\\/#website\",\"url\":\"https:\\\/\\\/www.webdo.tn\\\/fr\\\/\",\"name\":\"webdo\",\"description\":\"Tunisie - News en Tunisie et \u00e0 l&#039;international sur Webdo.tn\",\"publisher\":{\"@id\":\"https:\\\/\\\/www.webdo.tn\\\/fr\\\/#organization\"},\"potentialAction\":[{\"@type\":\"SearchAction\",\"target\":{\"@type\":\"EntryPoint\",\"urlTemplate\":\"https:\\\/\\\/www.webdo.tn\\\/fr\\\/?s={search_term_string}\"},\"query-input\":{\"@type\":\"PropertyValueSpecification\",\"valueRequired\":true,\"valueName\":\"search_term_string\"}}],\"inLanguage\":\"fr-FR\"},{\"@type\":\"Organization\",\"@id\":\"https:\\\/\\\/www.webdo.tn\\\/fr\\\/#organization\",\"name\":\"Webdo\",\"alternateName\":\"Webdo.tn\",\"url\":\"https:\\\/\\\/www.webdo.tn\\\/fr\\\/\",\"logo\":{\"@type\":\"ImageObject\",\"inLanguage\":\"fr-FR\",\"@id\":\"https:\\\/\\\/www.webdo.tn\\\/fr\\\/#\\\/schema\\\/logo\\\/image\\\/\",\"url\":\"https:\\\/\\\/www.webdo.tn\\\/fr\\\/wp-content\\\/uploads\\\/2025\\\/06\\\/Webdo-Tunisie_168377.jpg\",\"contentUrl\":\"https:\\\/\\\/www.webdo.tn\\\/fr\\\/wp-content\\\/uploads\\\/2025\\\/06\\\/Webdo-Tunisie_168377.jpg\",\"width\":301,\"height\":301,\"caption\":\"Webdo\"},\"image\":{\"@id\":\"https:\\\/\\\/www.webdo.tn\\\/fr\\\/#\\\/schema\\\/logo\\\/image\\\/\"},\"sameAs\":[\"https:\\\/\\\/www.facebook.com\\\/webdotn\",\"https:\\\/\\\/x.com\\\/webdo_tn\"],\"description\":\"Webdo est un m\u00e9dia num\u00e9rique tunisien fond\u00e9 en 2010, sp\u00e9cialis\u00e9 dans l\u2019actualit\u00e9 nationale et internationale, l\u2019\u00e9conomie, la soci\u00e9t\u00e9 et les analyses politiques. Le site s\u2019adresse \u00e0 un large public francophone et couvre l\u2019information tunisienne en temps r\u00e9el.\",\"email\":\"redac@webdo.tn\",\"legalName\":\"YNJ SARL\",\"foundingDate\":\"2010-09-06\",\"numberOfEmployees\":{\"@type\":\"QuantitativeValue\",\"minValue\":\"11\",\"maxValue\":\"50\"}},{\"@type\":\"Person\",\"@id\":\"https:\\\/\\\/www.webdo.tn\\\/fr\\\/#\\\/schema\\\/person\\\/5663044c25eb36d8f88ba5b653f12f8c\",\"name\":\"Ramzi Haddad\",\"image\":{\"@type\":\"ImageObject\",\"inLanguage\":\"fr-FR\",\"@id\":\"https:\\\/\\\/www.webdo.tn\\\/fr\\\/wp-content\\\/uploads\\\/2026\\\/04\\\/ramzi-haddad_avatar-96x96.jpg\",\"url\":\"https:\\\/\\\/www.webdo.tn\\\/fr\\\/wp-content\\\/uploads\\\/2026\\\/04\\\/ramzi-haddad_avatar-96x96.jpg\",\"contentUrl\":\"https:\\\/\\\/www.webdo.tn\\\/fr\\\/wp-content\\\/uploads\\\/2026\\\/04\\\/ramzi-haddad_avatar-96x96.jpg\",\"caption\":\"Ramzi Haddad\"},\"description\":\"Signature \u00e9ditoriale de Walid Ben Youssef Ramzi Haddad est le pseudonyme \u00e9ditorial de Walid Ben Youssef, fondateur et g\u00e9rant de Webdo.tn. Cette signature est d\u00e9di\u00e9e \u00e0 la couverture de l'actualit\u00e9 nationale et internationale, ainsi qu'aux analyses des dynamiques num\u00e9riques. Ce profil b\u00e9n\u00e9ficie de l'expertise de Walid Ben Youssef, pionnier du web en Tunisie depuis 2000 et dipl\u00f4m\u00e9 en Math\u00e9matiques pures de l'Universit\u00e9 d'Oregon. \u00c0 travers cette signature, la r\u00e9daction de Webdo garantit une information structur\u00e9e et v\u00e9rifi\u00e9e, fid\u00e8le aux standards journalistiques du m\u00e9dia.\",\"url\":\"https:\\\/\\\/www.webdo.tn\\\/fr\\\/actualite\\\/author\\\/ramzi-haddad\\\/\"}]}<\/script>\n<!-- \/ Yoast SEO Premium plugin. -->","yoast_head_json":{"title":"Sept personnes en garde \u00e0 vue et une propri\u00e9taire en fuite dans l\u2019affaire de l\u2019enfant d\u2019Ennasr - webdo","description":"Sept personnes en garde \u00e0 vue et une propri\u00e9taire en fuite dans l\u2019affaire de l\u2019enfant d\u2019Ennasr. D\u00e9couvrez les derniers d\u00e9veloppements.","canonical":"https:\/\/www.webdo.tn\/fr\/actualite\/national\/sept-personnes-en-garde-a-vue-et-une-proprietaire-en-fuite-dans-laffaire-de-lenfant-dennasr\/393235\/","og_locale":"fr_FR","og_type":"article","og_title":"Sept personnes en garde \u00e0 vue et une propri\u00e9taire en fuite dans l\u2019affaire de l\u2019enfant d\u2019Ennasr","og_description":"Sept personnes en garde \u00e0 vue et une propri\u00e9taire en fuite dans l\u2019affaire de l\u2019enfant d\u2019Ennasr. D\u00e9couvrez les derniers d\u00e9veloppements.","og_url":"https:\/\/www.webdo.tn\/fr\/actualite\/national\/sept-personnes-en-garde-a-vue-et-une-proprietaire-en-fuite-dans-laffaire-de-lenfant-dennasr\/393235\/","og_site_name":"webdo","article_publisher":"https:\/\/www.facebook.com\/webdotn","article_published_time":"2026-02-16T17:17:47+00:00","article_modified_time":"2026-02-16T17:17:50+00:00","og_image":[{"width":1200,"height":607,"url":"https:\/\/www.webdo.tn\/fr\/wp-content\/uploads\/2026\/02\/Capture-decran-2026-02-12-131604.jpg","type":"image\/jpeg"}],"author":"Ramzi Haddad","twitter_card":"summary_large_image","twitter_creator":"@webdo_tn","twitter_site":"@webdo_tn","twitter_misc":{"\u00c9crit par":"Ramzi Haddad","Dur\u00e9e de lecture estim\u00e9e":"2 minutes"},"schema":{"@context":"https:\/\/schema.org","@graph":[{"@type":"NewsArticle","@id":"https:\/\/www.webdo.tn\/fr\/actualite\/national\/sept-personnes-en-garde-a-vue-et-une-proprietaire-en-fuite-dans-laffaire-de-lenfant-dennasr\/393235\/#article","isPartOf":{"@id":"https:\/\/www.webdo.tn\/fr\/actualite\/national\/sept-personnes-en-garde-a-vue-et-une-proprietaire-en-fuite-dans-laffaire-de-lenfant-dennasr\/393235\/"},"author":{"name":"Ramzi Haddad","@id":"https:\/\/www.webdo.tn\/fr\/#\/schema\/person\/5663044c25eb36d8f88ba5b653f12f8c"},"headline":"Sept personnes en garde \u00e0 vue et une propri\u00e9taire en fuite dans l\u2019affaire de l\u2019enfant d\u2019Ennasr","datePublished":"2026-02-16T17:17:47+00:00","dateModified":"2026-02-16T17:17:50+00:00","mainEntityOfPage":{"@id":"https:\/\/www.webdo.tn\/fr\/actualite\/national\/sept-personnes-en-garde-a-vue-et-une-proprietaire-en-fuite-dans-laffaire-de-lenfant-dennasr\/393235\/"},"wordCount":348,"publisher":{"@id":"https:\/\/www.webdo.tn\/fr\/#organization"},"image":{"@id":"https:\/\/www.webdo.tn\/fr\/actualite\/national\/sept-personnes-en-garde-a-vue-et-une-proprietaire-en-fuite-dans-laffaire-de-lenfant-dennasr\/393235\/#primaryimage"},"thumbnailUrl":"https:\/\/www.webdo.tn\/fr\/wp-content\/uploads\/2026\/02\/Capture-decran-2026-02-12-131604.jpg","keywords":["agression","jardin d'enfants","Tunisie"],"articleSection":["National"],"inLanguage":"fr-FR"},{"@type":"WebPage","@id":"https:\/\/www.webdo.tn\/fr\/actualite\/national\/sept-personnes-en-garde-a-vue-et-une-proprietaire-en-fuite-dans-laffaire-de-lenfant-dennasr\/393235\/","url":"https:\/\/www.webdo.tn\/fr\/actualite\/national\/sept-personnes-en-garde-a-vue-et-une-proprietaire-en-fuite-dans-laffaire-de-lenfant-dennasr\/393235\/","name":"Sept personnes en garde \u00e0 vue et une propri\u00e9taire en fuite dans l\u2019affaire de l\u2019enfant d\u2019Ennasr - webdo","isPartOf":{"@id":"https:\/\/www.webdo.tn\/fr\/#website"},"primaryImageOfPage":{"@id":"https:\/\/www.webdo.tn\/fr\/actualite\/national\/sept-personnes-en-garde-a-vue-et-une-proprietaire-en-fuite-dans-laffaire-de-lenfant-dennasr\/393235\/#primaryimage"},"image":{"@id":"https:\/\/www.webdo.tn\/fr\/actualite\/national\/sept-personnes-en-garde-a-vue-et-une-proprietaire-en-fuite-dans-laffaire-de-lenfant-dennasr\/393235\/#primaryimage"},"thumbnailUrl":"https:\/\/www.webdo.tn\/fr\/wp-content\/uploads\/2026\/02\/Capture-decran-2026-02-12-131604.jpg","datePublished":"2026-02-16T17:17:47+00:00","dateModified":"2026-02-16T17:17:50+00:00","description":"Sept personnes en garde \u00e0 vue et une propri\u00e9taire en fuite dans l\u2019affaire de l\u2019enfant d\u2019Ennasr. D\u00e9couvrez les derniers d\u00e9veloppements.","breadcrumb":{"@id":"https:\/\/www.webdo.tn\/fr\/actualite\/national\/sept-personnes-en-garde-a-vue-et-une-proprietaire-en-fuite-dans-laffaire-de-lenfant-dennasr\/393235\/#breadcrumb"},"inLanguage":"fr-FR","potentialAction":[{"@type":"ReadAction","target":["https:\/\/www.webdo.tn\/fr\/actualite\/national\/sept-personnes-en-garde-a-vue-et-une-proprietaire-en-fuite-dans-laffaire-de-lenfant-dennasr\/393235\/"]}]},{"@type":"ImageObject","inLanguage":"fr-FR","@id":"https:\/\/www.webdo.tn\/fr\/actualite\/national\/sept-personnes-en-garde-a-vue-et-une-proprietaire-en-fuite-dans-laffaire-de-lenfant-dennasr\/393235\/#primaryimage","url":"https:\/\/www.webdo.tn\/fr\/wp-content\/uploads\/2026\/02\/Capture-decran-2026-02-12-131604.jpg","contentUrl":"https:\/\/www.webdo.tn\/fr\/wp-content\/uploads\/2026\/02\/Capture-decran-2026-02-12-131604.jpg","width":1200,"height":607},{"@type":"BreadcrumbList","@id":"https:\/\/www.webdo.tn\/fr\/actualite\/national\/sept-personnes-en-garde-a-vue-et-une-proprietaire-en-fuite-dans-laffaire-de-lenfant-dennasr\/393235\/#breadcrumb","itemListElement":[{"@type":"ListItem","position":1,"name":"Accueil","item":"https:\/\/www.webdo.tn\/fr\/"},{"@type":"ListItem","position":2,"name":"Sept personnes en garde \u00e0 vue et une propri\u00e9taire en fuite dans l\u2019affaire de l\u2019enfant d\u2019Ennasr"}]},{"@type":"WebSite","@id":"https:\/\/www.webdo.tn\/fr\/#website","url":"https:\/\/www.webdo.tn\/fr\/","name":"webdo","description":"Tunisie - News en Tunisie et \u00e0 l&#039;international sur Webdo.tn","publisher":{"@id":"https:\/\/www.webdo.tn\/fr\/#organization"},"potentialAction":[{"@type":"SearchAction","target":{"@type":"EntryPoint","urlTemplate":"https:\/\/www.webdo.tn\/fr\/?s={search_term_string}"},"query-input":{"@type":"PropertyValueSpecification","valueRequired":true,"valueName":"search_term_string"}}],"inLanguage":"fr-FR"},{"@type":"Organization","@id":"https:\/\/www.webdo.tn\/fr\/#organization","name":"Webdo","alternateName":"Webdo.tn","url":"https:\/\/www.webdo.tn\/fr\/","logo":{"@type":"ImageObject","inLanguage":"fr-FR","@id":"https:\/\/www.webdo.tn\/fr\/#\/schema\/logo\/image\/","url":"https:\/\/www.webdo.tn\/fr\/wp-content\/uploads\/2025\/06\/Webdo-Tunisie_168377.jpg","contentUrl":"https:\/\/www.webdo.tn\/fr\/wp-content\/uploads\/2025\/06\/Webdo-Tunisie_168377.jpg","width":301,"height":301,"caption":"Webdo"},"image":{"@id":"https:\/\/www.webdo.tn\/fr\/#\/schema\/logo\/image\/"},"sameAs":["https:\/\/www.facebook.com\/webdotn","https:\/\/x.com\/webdo_tn"],"description":"Webdo est un m\u00e9dia num\u00e9rique tunisien fond\u00e9 en 2010, sp\u00e9cialis\u00e9 dans l\u2019actualit\u00e9 nationale et internationale, l\u2019\u00e9conomie, la soci\u00e9t\u00e9 et les analyses politiques. Le site s\u2019adresse \u00e0 un large public francophone et couvre l\u2019information tunisienne en temps r\u00e9el.","email":"redac@webdo.tn","legalName":"YNJ SARL","foundingDate":"2010-09-06","numberOfEmployees":{"@type":"QuantitativeValue","minValue":"11","maxValue":"50"}},{"@type":"Person","@id":"https:\/\/www.webdo.tn\/fr\/#\/schema\/person\/5663044c25eb36d8f88ba5b653f12f8c","name":"Ramzi Haddad","image":{"@type":"ImageObject","inLanguage":"fr-FR","@id":"https:\/\/www.webdo.tn\/fr\/wp-content\/uploads\/2026\/04\/ramzi-haddad_avatar-96x96.jpg","url":"https:\/\/www.webdo.tn\/fr\/wp-content\/uploads\/2026\/04\/ramzi-haddad_avatar-96x96.jpg","contentUrl":"https:\/\/www.webdo.tn\/fr\/wp-content\/uploads\/2026\/04\/ramzi-haddad_avatar-96x96.jpg","caption":"Ramzi Haddad"},"description":"Signature \u00e9ditoriale de Walid Ben Youssef Ramzi Haddad est le pseudonyme \u00e9ditorial de Walid Ben Youssef, fondateur et g\u00e9rant de Webdo.tn. Cette signature est d\u00e9di\u00e9e \u00e0 la couverture de l'actualit\u00e9 nationale et internationale, ainsi qu'aux analyses des dynamiques num\u00e9riques. Ce profil b\u00e9n\u00e9ficie de l'expertise de Walid Ben Youssef, pionnier du web en Tunisie depuis 2000 et dipl\u00f4m\u00e9 en Math\u00e9matiques pures de l'Universit\u00e9 d'Oregon. \u00c0 travers cette signature, la r\u00e9daction de Webdo garantit une information structur\u00e9e et v\u00e9rifi\u00e9e, fid\u00e8le aux standards journalistiques du m\u00e9dia.","url":"https:\/\/www.webdo.tn\/fr\/actualite\/author\/ramzi-haddad\/"}]}},"_links":{"self":[{"href":"https:\/\/www.webdo.tn\/fr\/wp-json\/wp\/v2\/posts\/393235","targetHints":{"allow":["GET"]}}],"collection":[{"href":"https:\/\/www.webdo.tn\/fr\/wp-json\/wp\/v2\/posts"}],"about":[{"href":"https:\/\/www.webdo.tn\/fr\/wp-json\/wp\/v2\/types\/post"}],"author":[{"embeddable":true,"href":"https:\/\/www.webdo.tn\/fr\/wp-json\/wp\/v2\/users\/3203"}],"replies":[{"embeddable":true,"href":"https:\/\/www.webdo.tn\/fr\/wp-json\/wp\/v2\/comments?post=393235"}],"version-history":[{"count":0,"href":"https:\/\/www.webdo.tn\/fr\/wp-json\/wp\/v2\/posts\/393235\/revisions"}],"wp:featuredmedia":[{"embeddable":true,"href":"https:\/\/www.webdo.tn\/fr\/wp-json\/wp\/v2\/media\/393052"}],"wp:attachment":[{"href":"https:\/\/www.webdo.tn\/fr\/wp-json\/wp\/v2\/media?parent=393235"}],"wp:term":[{"taxonomy":"category","embeddable":true,"href":"https:\/\/www.webdo.tn\/fr\/wp-json\/wp\/v2\/categories?post=393235"},{"taxonomy":"post_tag","embeddable":true,"href":"https:\/\/www.webdo.tn\/fr\/wp-json\/wp\/v2\/tags?post=393235"}],"curies":[{"name":"wp","href":"https:\/\/api.w.org\/{rel}","templated":true}]}}