{"id":393225,"date":"2026-02-16T14:53:56","date_gmt":"2026-02-16T13:53:56","guid":{"rendered":"https:\/\/www.webdo.tn\/fr\/?p=393225"},"modified":"2026-02-16T14:53:57","modified_gmt":"2026-02-16T13:53:57","slug":"ramadan-2026-90-000-activites-religieuses-programmees","status":"publish","type":"post","link":"https:\/\/www.webdo.tn\/fr\/actualite\/national\/ramadan-2026-90-000-activites-religieuses-programmees\/393225\/","title":{"rendered":"Ramadan 2026 : 90 000 activit\u00e9s religieuses programm\u00e9es"},"content":{"rendered":"\n<p><strong>\u00c0 l\u2019approche du mois saint, le minist\u00e8re des Affaires religieuses annonce un programme d\u2019envergure : plus de 90 000 activit\u00e9s seront organis\u00e9es \u00e0 travers le pays durant le Ramadan 2026. Une mobilisation qui d\u00e9passe le cadre strictement cultuel et pose la question du r\u00f4le social, \u00e9ducatif et m\u00e9diatique des institutions religieuses.<\/strong><\/p>\n\n\n\n<p>L\u2019annonce a \u00e9t\u00e9 faite lundi 16 f\u00e9vrier par Saliha Msallama, directrice des \u00e9tudes au sein du Minist\u00e8re des Affaires religieuses, lors d\u2019un colloque scientifique organis\u00e9 \u00e0 l\u2019occasion du mois sacr\u00e9. Dans une d\u00e9claration accord\u00e9e \u00e0 Radio Nationale Tunisienne, la responsable a d\u00e9taill\u00e9 un programme dense et diversifi\u00e9.<\/p>\n\n\n\n<h2 class=\"wp-block-heading\" id=\"h-un-ramadan-structure-autour-du-savoir\">Un Ramadan structur\u00e9 autour du savoir<\/h2>\n\n\n\n<p>Les activit\u00e9s pr\u00e9vues couvrent un large \u00e9ventail : journ\u00e9es d\u2019\u00e9tude, comm\u00e9morations religieuses \u2013 notamment l\u2019ouverture de La Mecque, la Nuit de la R\u00e9v\u00e9lation et la bataille de Badr \u2013 ainsi qu\u2019un renforcement des cours de sensibilisation dans les mosqu\u00e9es, \u00e0 raison de quatre le\u00e7ons quotidiennes. Un accent particulier sera \u00e9galement mis sur la valorisation des figures issues de la tradition zitounienne.<\/p>\n\n\n\n<p>Cette programmation traduit une volont\u00e9 de faire du Ramadan un espace d\u2019encadrement spirituel mais aussi d\u2019\u00e9ducation religieuse structur\u00e9e. Le rythme soutenu des enseignements vise \u00e0 renforcer les r\u00e9f\u00e9rents doctrinaux et \u00e0 consolider une pratique religieuse encadr\u00e9e, dans un contexte o\u00f9 les discours circulent massivement sur les r\u00e9seaux sociaux, parfois sans m\u00e9diation savante.<\/p>\n\n\n\n<h2 class=\"wp-block-heading\" id=\"h-un-deploiement-mediatique-significatif\">Un d\u00e9ploiement m\u00e9diatique significatif<\/h2>\n\n\n\n<p>Au-del\u00e0 des mosqu\u00e9es, des programmes religieux sp\u00e9cifiques seront diffus\u00e9s sur les radios et les cha\u00eenes de t\u00e9l\u00e9vision nationales. Ce volet m\u00e9diatique ouvre un autre horizon : celui de la concurrence des contenus religieux dans l\u2019espace public. Face \u00e0 la multiplication des pr\u00e9dicateurs en ligne et \u00e0 la fragmentation des sources d\u2019autorit\u00e9, l\u2019\u00c9tat semble chercher \u00e0 r\u00e9investir le champ de la production symbolique durant le mois le plus suivi de l\u2019ann\u00e9e.<\/p>\n\n\n\n<p>Pour les citoyens, cette offre \u00e9largie repr\u00e9sente une opportunit\u00e9 d\u2019acc\u00e8s \u00e0 des contenus encadr\u00e9s, qu\u2019il s\u2019agisse de conf\u00e9rences, d\u2019explications doctrinales ou d\u2019\u00e9missions sp\u00e9cialis\u00e9es. Elle pose \u00e9galement la question de la r\u00e9ception : quels publics seront touch\u00e9s ? Les jeunes, tr\u00e8s pr\u00e9sents sur les plateformes num\u00e9riques, adh\u00e9reront-ils aux formats propos\u00e9s ?<\/p>\n\n\n\n<p><\/p>\n\n\n\n<blockquote class=\"wp-block-quote is-layout-flow wp-block-quote-is-layout-flow\">\n<blockquote class=\"wp-block-quote is-layout-flow wp-block-quote-is-layout-flow\">\n<p>Lire aussi : <a href=\"https:\/\/www.webdo.tn\/fr\/actualite\/national\/tunisie-a-la-veille-du-ramadan-letat-serre-la-vis-aux-speculateurs\/393198\/\">Tunisie : \u00c0 la veille du Ramadan, l\u2019\u00c9tat serre la vis aux sp\u00e9culateurs<\/a><br><\/p>\n<\/blockquote>\n<\/blockquote>\n\n\n\n<p><\/p>\n","protected":false},"excerpt":{"rendered":"<p>\u00c0 l\u2019approche du mois saint, le minist\u00e8re des Affaires religieuses annonce un programme d\u2019envergure : plus de 90 000 activit\u00e9s seront organis\u00e9es \u00e0 travers le pays durant le Ramadan 2026. Une mobilisation qui d\u00e9passe le cadre strictement cultuel et pose la question du r\u00f4le social, \u00e9ducatif et m\u00e9diatique des institutions religieuses. L\u2019annonce a \u00e9t\u00e9 faite [&hellip;]<\/p>\n","protected":false},"author":3184,"featured_media":393226,"comment_status":"closed","ping_status":"closed","sticky":false,"template":"","format":"standard","meta":{"footnotes":""},"categories":[44],"tags":[3512,7540,2608],"class_list":["post-393225","post","type-post","status-publish","format-standard","has-post-thumbnail","hentry","category-national","tag-ramadan","tag-religion","tag-tunisie"],"yoast_head":"<!-- This site is optimized with the Yoast SEO Premium plugin v27.5 (Yoast SEO v27.5) - https:\/\/yoast.com\/product\/yoast-seo-premium-wordpress\/ -->\n<title>Ramadan 2026 : 90 000 activit\u00e9s religieuses programm\u00e9es - webdo<\/title>\n<meta name=\"description\" content=\"D\u00e9couvrez le programme d&#039;activit\u00e9s du Ramadan 2026, avec plus de 90 000 \u00e9v\u00e9nements \u00e0 travers le pays.\" \/>\n<link rel=\"canonical\" href=\"https:\/\/www.webdo.tn\/fr\/actualite\/national\/ramadan-2026-90-000-activites-religieuses-programmees\/393225\/\" \/>\n<meta property=\"og:locale\" content=\"fr_FR\" \/>\n<meta property=\"og:type\" content=\"article\" \/>\n<meta property=\"og:title\" content=\"Ramadan 2026 : 90 000 activit\u00e9s religieuses programm\u00e9es\" \/>\n<meta property=\"og:description\" content=\"D\u00e9couvrez le programme d&#039;activit\u00e9s du Ramadan 2026, avec plus de 90 000 \u00e9v\u00e9nements \u00e0 travers le pays.\" \/>\n<meta property=\"og:url\" content=\"https:\/\/www.webdo.tn\/fr\/actualite\/national\/ramadan-2026-90-000-activites-religieuses-programmees\/393225\/\" \/>\n<meta property=\"og:site_name\" content=\"webdo\" \/>\n<meta property=\"article:publisher\" content=\"https:\/\/www.facebook.com\/webdotn\" \/>\n<meta property=\"article:published_time\" content=\"2026-02-16T13:53:56+00:00\" \/>\n<meta property=\"article:modified_time\" content=\"2026-02-16T13:53:57+00:00\" \/>\n<meta property=\"og:image\" content=\"https:\/\/www.webdo.tn\/fr\/wp-content\/uploads\/2026\/02\/religion.jpg\" \/>\n\t<meta property=\"og:image:width\" content=\"1200\" \/>\n\t<meta property=\"og:image:height\" content=\"588\" \/>\n\t<meta property=\"og:image:type\" content=\"image\/jpeg\" \/>\n<meta name=\"author\" content=\"Wided Belhaj\" \/>\n<meta name=\"twitter:card\" content=\"summary_large_image\" \/>\n<meta name=\"twitter:creator\" content=\"@webdo_tn\" \/>\n<meta name=\"twitter:site\" content=\"@webdo_tn\" \/>\n<meta name=\"twitter:label1\" content=\"\u00c9crit par\" \/>\n\t<meta name=\"twitter:data1\" content=\"Wided Belhaj\" \/>\n\t<meta name=\"twitter:label2\" content=\"Dur\u00e9e de lecture estim\u00e9e\" \/>\n\t<meta name=\"twitter:data2\" content=\"2 minutes\" \/>\n<script type=\"application\/ld+json\" class=\"yoast-schema-graph\">{\"@context\":\"https:\\\/\\\/schema.org\",\"@graph\":[{\"@type\":\"NewsArticle\",\"@id\":\"https:\\\/\\\/www.webdo.tn\\\/fr\\\/actualite\\\/national\\\/ramadan-2026-90-000-activites-religieuses-programmees\\\/393225\\\/#article\",\"isPartOf\":{\"@id\":\"https:\\\/\\\/www.webdo.tn\\\/fr\\\/actualite\\\/national\\\/ramadan-2026-90-000-activites-religieuses-programmees\\\/393225\\\/\"},\"author\":{\"name\":\"Wided Belhaj\",\"@id\":\"https:\\\/\\\/www.webdo.tn\\\/fr\\\/#\\\/schema\\\/person\\\/b9ecde7a5574cb4fcf4b496ea5fadb15\"},\"headline\":\"Ramadan 2026 : 90 000 activit\u00e9s religieuses programm\u00e9es\",\"datePublished\":\"2026-02-16T13:53:56+00:00\",\"dateModified\":\"2026-02-16T13:53:57+00:00\",\"mainEntityOfPage\":{\"@id\":\"https:\\\/\\\/www.webdo.tn\\\/fr\\\/actualite\\\/national\\\/ramadan-2026-90-000-activites-religieuses-programmees\\\/393225\\\/\"},\"wordCount\":408,\"publisher\":{\"@id\":\"https:\\\/\\\/www.webdo.tn\\\/fr\\\/#organization\"},\"image\":{\"@id\":\"https:\\\/\\\/www.webdo.tn\\\/fr\\\/actualite\\\/national\\\/ramadan-2026-90-000-activites-religieuses-programmees\\\/393225\\\/#primaryimage\"},\"thumbnailUrl\":\"https:\\\/\\\/www.webdo.tn\\\/fr\\\/wp-content\\\/uploads\\\/2026\\\/02\\\/religion.jpg\",\"keywords\":[\"ramadan\",\"religion\",\"Tunisie\"],\"articleSection\":[\"National\"],\"inLanguage\":\"fr-FR\"},{\"@type\":\"WebPage\",\"@id\":\"https:\\\/\\\/www.webdo.tn\\\/fr\\\/actualite\\\/national\\\/ramadan-2026-90-000-activites-religieuses-programmees\\\/393225\\\/\",\"url\":\"https:\\\/\\\/www.webdo.tn\\\/fr\\\/actualite\\\/national\\\/ramadan-2026-90-000-activites-religieuses-programmees\\\/393225\\\/\",\"name\":\"Ramadan 2026 : 90 000 activit\u00e9s religieuses programm\u00e9es - webdo\",\"isPartOf\":{\"@id\":\"https:\\\/\\\/www.webdo.tn\\\/fr\\\/#website\"},\"primaryImageOfPage\":{\"@id\":\"https:\\\/\\\/www.webdo.tn\\\/fr\\\/actualite\\\/national\\\/ramadan-2026-90-000-activites-religieuses-programmees\\\/393225\\\/#primaryimage\"},\"image\":{\"@id\":\"https:\\\/\\\/www.webdo.tn\\\/fr\\\/actualite\\\/national\\\/ramadan-2026-90-000-activites-religieuses-programmees\\\/393225\\\/#primaryimage\"},\"thumbnailUrl\":\"https:\\\/\\\/www.webdo.tn\\\/fr\\\/wp-content\\\/uploads\\\/2026\\\/02\\\/religion.jpg\",\"datePublished\":\"2026-02-16T13:53:56+00:00\",\"dateModified\":\"2026-02-16T13:53:57+00:00\",\"description\":\"D\u00e9couvrez le programme d'activit\u00e9s du Ramadan 2026, avec plus de 90 000 \u00e9v\u00e9nements \u00e0 travers le pays.\",\"breadcrumb\":{\"@id\":\"https:\\\/\\\/www.webdo.tn\\\/fr\\\/actualite\\\/national\\\/ramadan-2026-90-000-activites-religieuses-programmees\\\/393225\\\/#breadcrumb\"},\"inLanguage\":\"fr-FR\",\"potentialAction\":[{\"@type\":\"ReadAction\",\"target\":[\"https:\\\/\\\/www.webdo.tn\\\/fr\\\/actualite\\\/national\\\/ramadan-2026-90-000-activites-religieuses-programmees\\\/393225\\\/\"]}]},{\"@type\":\"ImageObject\",\"inLanguage\":\"fr-FR\",\"@id\":\"https:\\\/\\\/www.webdo.tn\\\/fr\\\/actualite\\\/national\\\/ramadan-2026-90-000-activites-religieuses-programmees\\\/393225\\\/#primaryimage\",\"url\":\"https:\\\/\\\/www.webdo.tn\\\/fr\\\/wp-content\\\/uploads\\\/2026\\\/02\\\/religion.jpg\",\"contentUrl\":\"https:\\\/\\\/www.webdo.tn\\\/fr\\\/wp-content\\\/uploads\\\/2026\\\/02\\\/religion.jpg\",\"width\":1200,\"height\":588},{\"@type\":\"BreadcrumbList\",\"@id\":\"https:\\\/\\\/www.webdo.tn\\\/fr\\\/actualite\\\/national\\\/ramadan-2026-90-000-activites-religieuses-programmees\\\/393225\\\/#breadcrumb\",\"itemListElement\":[{\"@type\":\"ListItem\",\"position\":1,\"name\":\"Accueil\",\"item\":\"https:\\\/\\\/www.webdo.tn\\\/fr\\\/\"},{\"@type\":\"ListItem\",\"position\":2,\"name\":\"Ramadan 2026 : 90 000 activit\u00e9s religieuses programm\u00e9es\"}]},{\"@type\":\"WebSite\",\"@id\":\"https:\\\/\\\/www.webdo.tn\\\/fr\\\/#website\",\"url\":\"https:\\\/\\\/www.webdo.tn\\\/fr\\\/\",\"name\":\"webdo\",\"description\":\"Tunisie - News en Tunisie et \u00e0 l&#039;international sur Webdo.tn\",\"publisher\":{\"@id\":\"https:\\\/\\\/www.webdo.tn\\\/fr\\\/#organization\"},\"potentialAction\":[{\"@type\":\"SearchAction\",\"target\":{\"@type\":\"EntryPoint\",\"urlTemplate\":\"https:\\\/\\\/www.webdo.tn\\\/fr\\\/?s={search_term_string}\"},\"query-input\":{\"@type\":\"PropertyValueSpecification\",\"valueRequired\":true,\"valueName\":\"search_term_string\"}}],\"inLanguage\":\"fr-FR\"},{\"@type\":\"Organization\",\"@id\":\"https:\\\/\\\/www.webdo.tn\\\/fr\\\/#organization\",\"name\":\"Webdo\",\"alternateName\":\"Webdo.tn\",\"url\":\"https:\\\/\\\/www.webdo.tn\\\/fr\\\/\",\"logo\":{\"@type\":\"ImageObject\",\"inLanguage\":\"fr-FR\",\"@id\":\"https:\\\/\\\/www.webdo.tn\\\/fr\\\/#\\\/schema\\\/logo\\\/image\\\/\",\"url\":\"https:\\\/\\\/www.webdo.tn\\\/fr\\\/wp-content\\\/uploads\\\/2025\\\/06\\\/Webdo-Tunisie_168377.jpg\",\"contentUrl\":\"https:\\\/\\\/www.webdo.tn\\\/fr\\\/wp-content\\\/uploads\\\/2025\\\/06\\\/Webdo-Tunisie_168377.jpg\",\"width\":301,\"height\":301,\"caption\":\"Webdo\"},\"image\":{\"@id\":\"https:\\\/\\\/www.webdo.tn\\\/fr\\\/#\\\/schema\\\/logo\\\/image\\\/\"},\"sameAs\":[\"https:\\\/\\\/www.facebook.com\\\/webdotn\",\"https:\\\/\\\/x.com\\\/webdo_tn\"],\"description\":\"Webdo est un m\u00e9dia num\u00e9rique tunisien fond\u00e9 en 2010, sp\u00e9cialis\u00e9 dans l\u2019actualit\u00e9 nationale et internationale, l\u2019\u00e9conomie, la soci\u00e9t\u00e9 et les analyses politiques. Le site s\u2019adresse \u00e0 un large public francophone et couvre l\u2019information tunisienne en temps r\u00e9el.\",\"email\":\"redac@webdo.tn\",\"legalName\":\"YNJ SARL\",\"foundingDate\":\"2010-09-06\",\"numberOfEmployees\":{\"@type\":\"QuantitativeValue\",\"minValue\":\"11\",\"maxValue\":\"50\"}},{\"@type\":\"Person\",\"@id\":\"https:\\\/\\\/www.webdo.tn\\\/fr\\\/#\\\/schema\\\/person\\\/b9ecde7a5574cb4fcf4b496ea5fadb15\",\"name\":\"Wided Belhaj\",\"image\":{\"@type\":\"ImageObject\",\"inLanguage\":\"fr-FR\",\"@id\":\"https:\\\/\\\/www.webdo.tn\\\/fr\\\/wp-content\\\/uploads\\\/2026\\\/04\\\/wided-belhaj_avatar-96x96.jpg\",\"url\":\"https:\\\/\\\/www.webdo.tn\\\/fr\\\/wp-content\\\/uploads\\\/2026\\\/04\\\/wided-belhaj_avatar-96x96.jpg\",\"contentUrl\":\"https:\\\/\\\/www.webdo.tn\\\/fr\\\/wp-content\\\/uploads\\\/2026\\\/04\\\/wided-belhaj_avatar-96x96.jpg\",\"caption\":\"Wided Belhaj\"},\"description\":\"Wided Belhaj est le pseudonyme \u00e9ditorial utilis\u00e9 par Khalil Jelassi, journaliste, ma\u00eetre-assistant \u00e0 l\u2019Institut de presse et des sciences de l\u2019information (IPSI) et chercheur en sciences de l\u2019information et de la communication. Cette signature est d\u00e9di\u00e9e \u00e0 l\u2019analyse des m\u00e9dias, des pratiques journalistiques et des mutations de l\u2019information \u00e0 l\u2019\u00e8re digitale. \u00c0 travers ses contributions, Wided Belhaj propose une lecture analytique de l\u2019actualit\u00e9, en croisant regard critique et expertise acad\u00e9mique.\",\"knowsAbout\":[\"m\u00e9dias\",\"journalisme\",\"communication\",\"information\",\"transformation num\u00e9rique\",\"analyse des m\u00e9dias\"],\"knowsLanguage\":[\"Fran\u00e7ais\",\"Arabe\"],\"jobTitle\":\"Webdo.tn\",\"worksFor\":\"Journaliste \u2013 Analyse des m\u00e9dias\",\"url\":\"https:\\\/\\\/www.webdo.tn\\\/fr\\\/actualite\\\/author\\\/wided-belhaj\\\/\"}]}<\/script>\n<!-- \/ Yoast SEO Premium plugin. -->","yoast_head_json":{"title":"Ramadan 2026 : 90 000 activit\u00e9s religieuses programm\u00e9es - webdo","description":"D\u00e9couvrez le programme d'activit\u00e9s du Ramadan 2026, avec plus de 90 000 \u00e9v\u00e9nements \u00e0 travers le pays.","canonical":"https:\/\/www.webdo.tn\/fr\/actualite\/national\/ramadan-2026-90-000-activites-religieuses-programmees\/393225\/","og_locale":"fr_FR","og_type":"article","og_title":"Ramadan 2026 : 90 000 activit\u00e9s religieuses programm\u00e9es","og_description":"D\u00e9couvrez le programme d'activit\u00e9s du Ramadan 2026, avec plus de 90 000 \u00e9v\u00e9nements \u00e0 travers le pays.","og_url":"https:\/\/www.webdo.tn\/fr\/actualite\/national\/ramadan-2026-90-000-activites-religieuses-programmees\/393225\/","og_site_name":"webdo","article_publisher":"https:\/\/www.facebook.com\/webdotn","article_published_time":"2026-02-16T13:53:56+00:00","article_modified_time":"2026-02-16T13:53:57+00:00","og_image":[{"width":1200,"height":588,"url":"https:\/\/www.webdo.tn\/fr\/wp-content\/uploads\/2026\/02\/religion.jpg","type":"image\/jpeg"}],"author":"Wided Belhaj","twitter_card":"summary_large_image","twitter_creator":"@webdo_tn","twitter_site":"@webdo_tn","twitter_misc":{"\u00c9crit par":"Wided Belhaj","Dur\u00e9e de lecture estim\u00e9e":"2 minutes"},"schema":{"@context":"https:\/\/schema.org","@graph":[{"@type":"NewsArticle","@id":"https:\/\/www.webdo.tn\/fr\/actualite\/national\/ramadan-2026-90-000-activites-religieuses-programmees\/393225\/#article","isPartOf":{"@id":"https:\/\/www.webdo.tn\/fr\/actualite\/national\/ramadan-2026-90-000-activites-religieuses-programmees\/393225\/"},"author":{"name":"Wided Belhaj","@id":"https:\/\/www.webdo.tn\/fr\/#\/schema\/person\/b9ecde7a5574cb4fcf4b496ea5fadb15"},"headline":"Ramadan 2026 : 90 000 activit\u00e9s religieuses programm\u00e9es","datePublished":"2026-02-16T13:53:56+00:00","dateModified":"2026-02-16T13:53:57+00:00","mainEntityOfPage":{"@id":"https:\/\/www.webdo.tn\/fr\/actualite\/national\/ramadan-2026-90-000-activites-religieuses-programmees\/393225\/"},"wordCount":408,"publisher":{"@id":"https:\/\/www.webdo.tn\/fr\/#organization"},"image":{"@id":"https:\/\/www.webdo.tn\/fr\/actualite\/national\/ramadan-2026-90-000-activites-religieuses-programmees\/393225\/#primaryimage"},"thumbnailUrl":"https:\/\/www.webdo.tn\/fr\/wp-content\/uploads\/2026\/02\/religion.jpg","keywords":["ramadan","religion","Tunisie"],"articleSection":["National"],"inLanguage":"fr-FR"},{"@type":"WebPage","@id":"https:\/\/www.webdo.tn\/fr\/actualite\/national\/ramadan-2026-90-000-activites-religieuses-programmees\/393225\/","url":"https:\/\/www.webdo.tn\/fr\/actualite\/national\/ramadan-2026-90-000-activites-religieuses-programmees\/393225\/","name":"Ramadan 2026 : 90 000 activit\u00e9s religieuses programm\u00e9es - webdo","isPartOf":{"@id":"https:\/\/www.webdo.tn\/fr\/#website"},"primaryImageOfPage":{"@id":"https:\/\/www.webdo.tn\/fr\/actualite\/national\/ramadan-2026-90-000-activites-religieuses-programmees\/393225\/#primaryimage"},"image":{"@id":"https:\/\/www.webdo.tn\/fr\/actualite\/national\/ramadan-2026-90-000-activites-religieuses-programmees\/393225\/#primaryimage"},"thumbnailUrl":"https:\/\/www.webdo.tn\/fr\/wp-content\/uploads\/2026\/02\/religion.jpg","datePublished":"2026-02-16T13:53:56+00:00","dateModified":"2026-02-16T13:53:57+00:00","description":"D\u00e9couvrez le programme d'activit\u00e9s du Ramadan 2026, avec plus de 90 000 \u00e9v\u00e9nements \u00e0 travers le pays.","breadcrumb":{"@id":"https:\/\/www.webdo.tn\/fr\/actualite\/national\/ramadan-2026-90-000-activites-religieuses-programmees\/393225\/#breadcrumb"},"inLanguage":"fr-FR","potentialAction":[{"@type":"ReadAction","target":["https:\/\/www.webdo.tn\/fr\/actualite\/national\/ramadan-2026-90-000-activites-religieuses-programmees\/393225\/"]}]},{"@type":"ImageObject","inLanguage":"fr-FR","@id":"https:\/\/www.webdo.tn\/fr\/actualite\/national\/ramadan-2026-90-000-activites-religieuses-programmees\/393225\/#primaryimage","url":"https:\/\/www.webdo.tn\/fr\/wp-content\/uploads\/2026\/02\/religion.jpg","contentUrl":"https:\/\/www.webdo.tn\/fr\/wp-content\/uploads\/2026\/02\/religion.jpg","width":1200,"height":588},{"@type":"BreadcrumbList","@id":"https:\/\/www.webdo.tn\/fr\/actualite\/national\/ramadan-2026-90-000-activites-religieuses-programmees\/393225\/#breadcrumb","itemListElement":[{"@type":"ListItem","position":1,"name":"Accueil","item":"https:\/\/www.webdo.tn\/fr\/"},{"@type":"ListItem","position":2,"name":"Ramadan 2026 : 90 000 activit\u00e9s religieuses programm\u00e9es"}]},{"@type":"WebSite","@id":"https:\/\/www.webdo.tn\/fr\/#website","url":"https:\/\/www.webdo.tn\/fr\/","name":"webdo","description":"Tunisie - News en Tunisie et \u00e0 l&#039;international sur Webdo.tn","publisher":{"@id":"https:\/\/www.webdo.tn\/fr\/#organization"},"potentialAction":[{"@type":"SearchAction","target":{"@type":"EntryPoint","urlTemplate":"https:\/\/www.webdo.tn\/fr\/?s={search_term_string}"},"query-input":{"@type":"PropertyValueSpecification","valueRequired":true,"valueName":"search_term_string"}}],"inLanguage":"fr-FR"},{"@type":"Organization","@id":"https:\/\/www.webdo.tn\/fr\/#organization","name":"Webdo","alternateName":"Webdo.tn","url":"https:\/\/www.webdo.tn\/fr\/","logo":{"@type":"ImageObject","inLanguage":"fr-FR","@id":"https:\/\/www.webdo.tn\/fr\/#\/schema\/logo\/image\/","url":"https:\/\/www.webdo.tn\/fr\/wp-content\/uploads\/2025\/06\/Webdo-Tunisie_168377.jpg","contentUrl":"https:\/\/www.webdo.tn\/fr\/wp-content\/uploads\/2025\/06\/Webdo-Tunisie_168377.jpg","width":301,"height":301,"caption":"Webdo"},"image":{"@id":"https:\/\/www.webdo.tn\/fr\/#\/schema\/logo\/image\/"},"sameAs":["https:\/\/www.facebook.com\/webdotn","https:\/\/x.com\/webdo_tn"],"description":"Webdo est un m\u00e9dia num\u00e9rique tunisien fond\u00e9 en 2010, sp\u00e9cialis\u00e9 dans l\u2019actualit\u00e9 nationale et internationale, l\u2019\u00e9conomie, la soci\u00e9t\u00e9 et les analyses politiques. Le site s\u2019adresse \u00e0 un large public francophone et couvre l\u2019information tunisienne en temps r\u00e9el.","email":"redac@webdo.tn","legalName":"YNJ SARL","foundingDate":"2010-09-06","numberOfEmployees":{"@type":"QuantitativeValue","minValue":"11","maxValue":"50"}},{"@type":"Person","@id":"https:\/\/www.webdo.tn\/fr\/#\/schema\/person\/b9ecde7a5574cb4fcf4b496ea5fadb15","name":"Wided Belhaj","image":{"@type":"ImageObject","inLanguage":"fr-FR","@id":"https:\/\/www.webdo.tn\/fr\/wp-content\/uploads\/2026\/04\/wided-belhaj_avatar-96x96.jpg","url":"https:\/\/www.webdo.tn\/fr\/wp-content\/uploads\/2026\/04\/wided-belhaj_avatar-96x96.jpg","contentUrl":"https:\/\/www.webdo.tn\/fr\/wp-content\/uploads\/2026\/04\/wided-belhaj_avatar-96x96.jpg","caption":"Wided Belhaj"},"description":"Wided Belhaj est le pseudonyme \u00e9ditorial utilis\u00e9 par Khalil Jelassi, journaliste, ma\u00eetre-assistant \u00e0 l\u2019Institut de presse et des sciences de l\u2019information (IPSI) et chercheur en sciences de l\u2019information et de la communication. Cette signature est d\u00e9di\u00e9e \u00e0 l\u2019analyse des m\u00e9dias, des pratiques journalistiques et des mutations de l\u2019information \u00e0 l\u2019\u00e8re digitale. \u00c0 travers ses contributions, Wided Belhaj propose une lecture analytique de l\u2019actualit\u00e9, en croisant regard critique et expertise acad\u00e9mique.","knowsAbout":["m\u00e9dias","journalisme","communication","information","transformation num\u00e9rique","analyse des m\u00e9dias"],"knowsLanguage":["Fran\u00e7ais","Arabe"],"jobTitle":"Webdo.tn","worksFor":"Journaliste \u2013 Analyse des m\u00e9dias","url":"https:\/\/www.webdo.tn\/fr\/actualite\/author\/wided-belhaj\/"}]}},"_links":{"self":[{"href":"https:\/\/www.webdo.tn\/fr\/wp-json\/wp\/v2\/posts\/393225","targetHints":{"allow":["GET"]}}],"collection":[{"href":"https:\/\/www.webdo.tn\/fr\/wp-json\/wp\/v2\/posts"}],"about":[{"href":"https:\/\/www.webdo.tn\/fr\/wp-json\/wp\/v2\/types\/post"}],"author":[{"embeddable":true,"href":"https:\/\/www.webdo.tn\/fr\/wp-json\/wp\/v2\/users\/3184"}],"replies":[{"embeddable":true,"href":"https:\/\/www.webdo.tn\/fr\/wp-json\/wp\/v2\/comments?post=393225"}],"version-history":[{"count":0,"href":"https:\/\/www.webdo.tn\/fr\/wp-json\/wp\/v2\/posts\/393225\/revisions"}],"wp:featuredmedia":[{"embeddable":true,"href":"https:\/\/www.webdo.tn\/fr\/wp-json\/wp\/v2\/media\/393226"}],"wp:attachment":[{"href":"https:\/\/www.webdo.tn\/fr\/wp-json\/wp\/v2\/media?parent=393225"}],"wp:term":[{"taxonomy":"category","embeddable":true,"href":"https:\/\/www.webdo.tn\/fr\/wp-json\/wp\/v2\/categories?post=393225"},{"taxonomy":"post_tag","embeddable":true,"href":"https:\/\/www.webdo.tn\/fr\/wp-json\/wp\/v2\/tags?post=393225"}],"curies":[{"name":"wp","href":"https:\/\/api.w.org\/{rel}","templated":true}]}}