{"id":393011,"date":"2026-02-11T15:36:35","date_gmt":"2026-02-11T14:36:35","guid":{"rendered":"https:\/\/www.webdo.tn\/fr\/?p=393011"},"modified":"2026-02-11T15:36:35","modified_gmt":"2026-02-11T14:36:35","slug":"affaire-isie-contre-abir-moussi-verdict-en-appel-attendu-le-18-fevrier","status":"publish","type":"post","link":"https:\/\/www.webdo.tn\/fr\/actualite\/national\/affaire-isie-contre-abir-moussi-verdict-en-appel-attendu-le-18-fevrier\/393011\/","title":{"rendered":"Affaire ISIE contre Abir Moussi : Verdict en appel attendu le 18 f\u00e9vrier"},"content":{"rendered":"\n<p><\/p>\n\n\n\n<p><strong>Abir Moussi a comparu le 11 f\u00e9vrier 2026 devant la 14\u1d49 chambre correctionnelle de la Cour d\u2019appel de Tunis dans l\u2019affaire qui l\u2019oppose \u00e0 l\u2019Instance sup\u00e9rieure ind\u00e9pendante pour les \u00e9lections (ISIE). \u00c0 l\u2019issue de l\u2019audience, l\u2019affaire a \u00e9t\u00e9 mise en d\u00e9lib\u00e9r\u00e9. Le verdict est attendu le 18 f\u00e9vrier.<\/strong><\/p>\n\n\n\n<h2 class=\"wp-block-heading\" id=\"h-une-audience-devant-une-nouvelle-composition-judiciaire\">Une audience devant une nouvelle composition judiciaire<\/h2>\n\n\n\n<p>L\u2019audience s\u2019est tenue devant une nouvelle formation de la chambre correctionnelle, conform\u00e9ment \u00e0 la d\u00e9cision de la Cour de cassation qui avait annul\u00e9 le pr\u00e9c\u00e9dent arr\u00eat d\u2019appel et ordonn\u00e9 le renvoi du dossier devant une composition diff\u00e9rente.<\/p>\n\n\n\n<p>Selon l\u2019avocat Nafa\u00e2 Laribi, membre du comit\u00e9 de d\u00e9fense, le dossier trouve son origine en f\u00e9vrier 2024, \u00e0 la suite de l\u2019ouverture d\u2019une information judiciaire ayant conduit \u00e0 l\u2019\u00e9mission d\u2019un mandat de d\u00e9p\u00f4t contre la pr\u00e9sidente du Parti destourien libre. La d\u00e9fense conteste les conditions d\u2019ex\u00e9cution de ce mandat, affirmant que la proc\u00e9dure n\u2019aurait pas respect\u00e9 certaines \u00e9tapes pr\u00e9alables.<\/p>\n\n\n\n<p>Un premier jugement rendu durant l\u2019\u00e9t\u00e9 2024 avait condamn\u00e9 Abir Moussi \u00e0 deux ans de prison. En appel, la peine avait \u00e9t\u00e9 ramen\u00e9e \u00e0 seize mois.<\/p>\n\n\n\n<p>La d\u00e9fense et le minist\u00e8re public ont ensuite form\u00e9 un pourvoi en cassation. La Cour de cassation a cass\u00e9 l\u2019arr\u00eat d\u2019appel et ordonn\u00e9 un nouveau renvoi devant la Cour d\u2019appel, sur la base de moyens juridiques soulev\u00e9s par les deux parties.<\/p>\n\n\n\n<h2 class=\"wp-block-heading\" id=\"h-le-cadre-juridique-des-poursuites-au-coeur-des-debats\">Le cadre juridique des poursuites au c\u0153ur des d\u00e9bats<\/h2>\n\n\n\n<p>Lors de l\u2019audience du 11 f\u00e9vrier, Abir Moussi a assur\u00e9 elle-m\u00eame sa d\u00e9fense \u00e0 travers une plaidoirie \u00e0 caract\u00e8re juridique, selon son avocat.<\/p>\n\n\n\n<p>La d\u00e9fense conteste la l\u00e9galit\u00e9 du texte de renvoi ainsi que sa constitutionnalit\u00e9, notamment en lien avec le d\u00e9cret-loi 54 et son article 24. Elle \u00e9voque \u00e9galement l\u2019absence d\u2019instance constitutionnelle en mesure de trancher ces questions.<\/p>\n\n\n\n<p>Selon la d\u00e9fense, la Cour d\u2019appel peut confirmer la condamnation, la r\u00e9duire, l\u2019alourdir ou prononcer un non-lieu. Le comit\u00e9 de d\u00e9fense plaide pour l\u2019abandon des poursuites, estimant que les faits reproch\u00e9s rel\u00e8vent de d\u00e9clarations politiques.<\/p>\n\n\n\n<p><\/p>\n\n\n\n<blockquote class=\"wp-block-quote is-layout-flow wp-block-quote-is-layout-flow\">\n<blockquote class=\"wp-block-quote is-layout-flow wp-block-quote-is-layout-flow\">\n<p><strong>Lire aussi :<\/strong><\/p>\n\n\n\n<ul class=\"wp-block-list\">\n<li class=\"has-medium-font-size\"><a href=\"https:\/\/www.webdo.tn\/fr\/actualite\/national\/tunisie-la-cour-dappel-confirme-deux-ans-de-prison-contre-abir-moussi\/390503\/\">Tunisie : La cour d\u2019appel confirme deux ans de prison contre Abir Moussi<\/a><\/li>\n\n\n\n<li class=\"has-medium-font-size\"><a href=\"https:\/\/www.webdo.tn\/fr\/actualite\/national\/tunisie-abir-moussi-condamnee-a-douze-ans-de-prison\/389470\/\">Tunisie : Abir Moussi condamn\u00e9e \u00e0 douze ans de prison<\/a><\/li>\n<\/ul>\n<\/blockquote>\n<\/blockquote>\n","protected":false},"excerpt":{"rendered":"<p>Abir Moussi a comparu le 11 f\u00e9vrier 2026 devant la 14\u1d49 chambre correctionnelle de la Cour d\u2019appel de Tunis dans l\u2019affaire qui l\u2019oppose \u00e0 l\u2019Instance sup\u00e9rieure ind\u00e9pendante pour les \u00e9lections (ISIE). \u00c0 l\u2019issue de l\u2019audience, l\u2019affaire a \u00e9t\u00e9 mise en d\u00e9lib\u00e9r\u00e9. Le verdict est attendu le 18 f\u00e9vrier. Une audience devant une nouvelle composition judiciaire [&hellip;]<\/p>\n","protected":false},"author":4782,"featured_media":386210,"comment_status":"closed","ping_status":"closed","sticky":false,"template":"","format":"standard","meta":{"footnotes":""},"categories":[44],"tags":[2926,2619,2608],"class_list":["post-393011","post","type-post","status-publish","format-standard","has-post-thumbnail","hentry","category-national","tag-abir-moussi","tag-justice","tag-tunisie"],"yoast_head":"<!-- This site is optimized with the Yoast SEO Premium plugin v27.5 (Yoast SEO v27.5) - https:\/\/yoast.com\/product\/yoast-seo-premium-wordpress\/ -->\n<title>Affaire ISIE contre Abir Moussi : Verdict en appel attendu le 18 f\u00e9vrier - webdo<\/title>\n<meta name=\"description\" content=\"Suivez l&#039;affaire ISIE contre Abir Moussi avec le verdict en appel pr\u00e9vu le 18 f\u00e9vrier. Restez inform\u00e9s des d\u00e9veloppements.\" \/>\n<link rel=\"canonical\" href=\"https:\/\/www.webdo.tn\/fr\/actualite\/national\/affaire-isie-contre-abir-moussi-verdict-en-appel-attendu-le-18-fevrier\/393011\/\" \/>\n<meta property=\"og:locale\" content=\"fr_FR\" \/>\n<meta property=\"og:type\" content=\"article\" \/>\n<meta property=\"og:title\" content=\"Affaire ISIE contre Abir Moussi : Verdict en appel attendu le 18 f\u00e9vrier\" \/>\n<meta property=\"og:description\" content=\"Suivez l&#039;affaire ISIE contre Abir Moussi avec le verdict en appel pr\u00e9vu le 18 f\u00e9vrier. Restez inform\u00e9s des d\u00e9veloppements.\" \/>\n<meta property=\"og:url\" content=\"https:\/\/www.webdo.tn\/fr\/actualite\/national\/affaire-isie-contre-abir-moussi-verdict-en-appel-attendu-le-18-fevrier\/393011\/\" \/>\n<meta property=\"og:site_name\" content=\"webdo\" \/>\n<meta property=\"article:publisher\" content=\"https:\/\/www.facebook.com\/webdotn\" \/>\n<meta property=\"article:published_time\" content=\"2026-02-11T14:36:35+00:00\" \/>\n<meta property=\"og:image\" content=\"https:\/\/www.webdo.tn\/fr\/wp-content\/uploads\/2025\/10\/Abir-Moussi-1.jpg\" \/>\n\t<meta property=\"og:image:width\" content=\"1200\" \/>\n\t<meta property=\"og:image:height\" content=\"600\" \/>\n\t<meta property=\"og:image:type\" content=\"image\/jpeg\" \/>\n<meta name=\"author\" content=\"Mohamed Fethi\" \/>\n<meta name=\"twitter:card\" content=\"summary_large_image\" \/>\n<meta name=\"twitter:creator\" content=\"@webdo_tn\" \/>\n<meta name=\"twitter:site\" content=\"@webdo_tn\" \/>\n<meta name=\"twitter:label1\" content=\"\u00c9crit par\" \/>\n\t<meta name=\"twitter:data1\" content=\"Mohamed Fethi\" \/>\n\t<meta name=\"twitter:label2\" content=\"Dur\u00e9e de lecture estim\u00e9e\" \/>\n\t<meta name=\"twitter:data2\" content=\"2 minutes\" \/>\n<script type=\"application\/ld+json\" class=\"yoast-schema-graph\">{\"@context\":\"https:\\\/\\\/schema.org\",\"@graph\":[{\"@type\":\"NewsArticle\",\"@id\":\"https:\\\/\\\/www.webdo.tn\\\/fr\\\/actualite\\\/national\\\/affaire-isie-contre-abir-moussi-verdict-en-appel-attendu-le-18-fevrier\\\/393011\\\/#article\",\"isPartOf\":{\"@id\":\"https:\\\/\\\/www.webdo.tn\\\/fr\\\/actualite\\\/national\\\/affaire-isie-contre-abir-moussi-verdict-en-appel-attendu-le-18-fevrier\\\/393011\\\/\"},\"author\":{\"name\":\"Mohamed Fethi\",\"@id\":\"https:\\\/\\\/www.webdo.tn\\\/fr\\\/#\\\/schema\\\/person\\\/16a4857e77dfc0b610c4c2cadffc9ac4\"},\"headline\":\"Affaire ISIE contre Abir Moussi : Verdict en appel attendu le 18 f\u00e9vrier\",\"datePublished\":\"2026-02-11T14:36:35+00:00\",\"mainEntityOfPage\":{\"@id\":\"https:\\\/\\\/www.webdo.tn\\\/fr\\\/actualite\\\/national\\\/affaire-isie-contre-abir-moussi-verdict-en-appel-attendu-le-18-fevrier\\\/393011\\\/\"},\"wordCount\":407,\"publisher\":{\"@id\":\"https:\\\/\\\/www.webdo.tn\\\/fr\\\/#organization\"},\"image\":{\"@id\":\"https:\\\/\\\/www.webdo.tn\\\/fr\\\/actualite\\\/national\\\/affaire-isie-contre-abir-moussi-verdict-en-appel-attendu-le-18-fevrier\\\/393011\\\/#primaryimage\"},\"thumbnailUrl\":\"https:\\\/\\\/www.webdo.tn\\\/fr\\\/wp-content\\\/uploads\\\/2025\\\/10\\\/Abir-Moussi-1.jpg\",\"keywords\":[\"Abir Moussi\",\"justice\",\"Tunisie\"],\"articleSection\":[\"National\"],\"inLanguage\":\"fr-FR\"},{\"@type\":\"WebPage\",\"@id\":\"https:\\\/\\\/www.webdo.tn\\\/fr\\\/actualite\\\/national\\\/affaire-isie-contre-abir-moussi-verdict-en-appel-attendu-le-18-fevrier\\\/393011\\\/\",\"url\":\"https:\\\/\\\/www.webdo.tn\\\/fr\\\/actualite\\\/national\\\/affaire-isie-contre-abir-moussi-verdict-en-appel-attendu-le-18-fevrier\\\/393011\\\/\",\"name\":\"Affaire ISIE contre Abir Moussi : Verdict en appel attendu le 18 f\u00e9vrier - webdo\",\"isPartOf\":{\"@id\":\"https:\\\/\\\/www.webdo.tn\\\/fr\\\/#website\"},\"primaryImageOfPage\":{\"@id\":\"https:\\\/\\\/www.webdo.tn\\\/fr\\\/actualite\\\/national\\\/affaire-isie-contre-abir-moussi-verdict-en-appel-attendu-le-18-fevrier\\\/393011\\\/#primaryimage\"},\"image\":{\"@id\":\"https:\\\/\\\/www.webdo.tn\\\/fr\\\/actualite\\\/national\\\/affaire-isie-contre-abir-moussi-verdict-en-appel-attendu-le-18-fevrier\\\/393011\\\/#primaryimage\"},\"thumbnailUrl\":\"https:\\\/\\\/www.webdo.tn\\\/fr\\\/wp-content\\\/uploads\\\/2025\\\/10\\\/Abir-Moussi-1.jpg\",\"datePublished\":\"2026-02-11T14:36:35+00:00\",\"description\":\"Suivez l'affaire ISIE contre Abir Moussi avec le verdict en appel pr\u00e9vu le 18 f\u00e9vrier. Restez inform\u00e9s des d\u00e9veloppements.\",\"breadcrumb\":{\"@id\":\"https:\\\/\\\/www.webdo.tn\\\/fr\\\/actualite\\\/national\\\/affaire-isie-contre-abir-moussi-verdict-en-appel-attendu-le-18-fevrier\\\/393011\\\/#breadcrumb\"},\"inLanguage\":\"fr-FR\",\"potentialAction\":[{\"@type\":\"ReadAction\",\"target\":[\"https:\\\/\\\/www.webdo.tn\\\/fr\\\/actualite\\\/national\\\/affaire-isie-contre-abir-moussi-verdict-en-appel-attendu-le-18-fevrier\\\/393011\\\/\"]}]},{\"@type\":\"ImageObject\",\"inLanguage\":\"fr-FR\",\"@id\":\"https:\\\/\\\/www.webdo.tn\\\/fr\\\/actualite\\\/national\\\/affaire-isie-contre-abir-moussi-verdict-en-appel-attendu-le-18-fevrier\\\/393011\\\/#primaryimage\",\"url\":\"https:\\\/\\\/www.webdo.tn\\\/fr\\\/wp-content\\\/uploads\\\/2025\\\/10\\\/Abir-Moussi-1.jpg\",\"contentUrl\":\"https:\\\/\\\/www.webdo.tn\\\/fr\\\/wp-content\\\/uploads\\\/2025\\\/10\\\/Abir-Moussi-1.jpg\",\"width\":1200,\"height\":600,\"caption\":\"Affaire du bureau d\u2019ordre : Audience report\u00e9e, d\u00e9tention maintenue pour Abir Moussi\"},{\"@type\":\"BreadcrumbList\",\"@id\":\"https:\\\/\\\/www.webdo.tn\\\/fr\\\/actualite\\\/national\\\/affaire-isie-contre-abir-moussi-verdict-en-appel-attendu-le-18-fevrier\\\/393011\\\/#breadcrumb\",\"itemListElement\":[{\"@type\":\"ListItem\",\"position\":1,\"name\":\"Accueil\",\"item\":\"https:\\\/\\\/www.webdo.tn\\\/fr\\\/\"},{\"@type\":\"ListItem\",\"position\":2,\"name\":\"Affaire ISIE contre Abir Moussi : Verdict en appel attendu le 18 f\u00e9vrier\"}]},{\"@type\":\"WebSite\",\"@id\":\"https:\\\/\\\/www.webdo.tn\\\/fr\\\/#website\",\"url\":\"https:\\\/\\\/www.webdo.tn\\\/fr\\\/\",\"name\":\"webdo\",\"description\":\"Tunisie - News en Tunisie et \u00e0 l&#039;international sur Webdo.tn\",\"publisher\":{\"@id\":\"https:\\\/\\\/www.webdo.tn\\\/fr\\\/#organization\"},\"potentialAction\":[{\"@type\":\"SearchAction\",\"target\":{\"@type\":\"EntryPoint\",\"urlTemplate\":\"https:\\\/\\\/www.webdo.tn\\\/fr\\\/?s={search_term_string}\"},\"query-input\":{\"@type\":\"PropertyValueSpecification\",\"valueRequired\":true,\"valueName\":\"search_term_string\"}}],\"inLanguage\":\"fr-FR\"},{\"@type\":\"Organization\",\"@id\":\"https:\\\/\\\/www.webdo.tn\\\/fr\\\/#organization\",\"name\":\"Webdo\",\"alternateName\":\"Webdo.tn\",\"url\":\"https:\\\/\\\/www.webdo.tn\\\/fr\\\/\",\"logo\":{\"@type\":\"ImageObject\",\"inLanguage\":\"fr-FR\",\"@id\":\"https:\\\/\\\/www.webdo.tn\\\/fr\\\/#\\\/schema\\\/logo\\\/image\\\/\",\"url\":\"https:\\\/\\\/www.webdo.tn\\\/fr\\\/wp-content\\\/uploads\\\/2025\\\/06\\\/Webdo-Tunisie_168377.jpg\",\"contentUrl\":\"https:\\\/\\\/www.webdo.tn\\\/fr\\\/wp-content\\\/uploads\\\/2025\\\/06\\\/Webdo-Tunisie_168377.jpg\",\"width\":301,\"height\":301,\"caption\":\"Webdo\"},\"image\":{\"@id\":\"https:\\\/\\\/www.webdo.tn\\\/fr\\\/#\\\/schema\\\/logo\\\/image\\\/\"},\"sameAs\":[\"https:\\\/\\\/www.facebook.com\\\/webdotn\",\"https:\\\/\\\/x.com\\\/webdo_tn\"],\"description\":\"Webdo est un m\u00e9dia num\u00e9rique tunisien fond\u00e9 en 2010, sp\u00e9cialis\u00e9 dans l\u2019actualit\u00e9 nationale et internationale, l\u2019\u00e9conomie, la soci\u00e9t\u00e9 et les analyses politiques. Le site s\u2019adresse \u00e0 un large public francophone et couvre l\u2019information tunisienne en temps r\u00e9el.\",\"email\":\"redac@webdo.tn\",\"legalName\":\"YNJ SARL\",\"foundingDate\":\"2010-09-06\",\"numberOfEmployees\":{\"@type\":\"QuantitativeValue\",\"minValue\":\"11\",\"maxValue\":\"50\"}},{\"@type\":\"Person\",\"@id\":\"https:\\\/\\\/www.webdo.tn\\\/fr\\\/#\\\/schema\\\/person\\\/16a4857e77dfc0b610c4c2cadffc9ac4\",\"name\":\"Mohamed Fethi\",\"image\":{\"@type\":\"ImageObject\",\"inLanguage\":\"fr-FR\",\"@id\":\"https:\\\/\\\/www.webdo.tn\\\/fr\\\/wp-content\\\/uploads\\\/2026\\\/04\\\/mohamed-fethi_avatar_1-96x96.jpg\",\"url\":\"https:\\\/\\\/www.webdo.tn\\\/fr\\\/wp-content\\\/uploads\\\/2026\\\/04\\\/mohamed-fethi_avatar_1-96x96.jpg\",\"contentUrl\":\"https:\\\/\\\/www.webdo.tn\\\/fr\\\/wp-content\\\/uploads\\\/2026\\\/04\\\/mohamed-fethi_avatar_1-96x96.jpg\",\"caption\":\"Mohamed Fethi\"},\"description\":\"Signature \u00e9ditoriale de Maher Chaabane Mohamed Fethi est le pseudonyme \u00e9ditorial de Maher Chaabane, r\u00e9dacteur en chef de Webdo.tn depuis 2012. Cette signature est d\u00e9di\u00e9e au traitement intensif de l'actualit\u00e9 nationale et internationale en temps r\u00e9el. S'appuyant sur les deux d\u00e9cennies d'expertise journalistique de Maher Chaabane \u2014 d\u00e9but\u00e9e au sein du groupe Tunis Hebdo en 2000 \u2014 Mohamed Fethi assure une veille rigoureuse sur les enjeux politiques, \u00e9conomiques et sportifs. Sa mission est de garantir une information structur\u00e9e, fluide et fid\u00e8le aux standards de la r\u00e9daction. Pour consulter le parcours complet du r\u00e9dacteur en chef, visitez le profil officiel de Maher Chaabane.\",\"knowsAbout\":[\"actualit\u00e9\",\"journalisme\",\"information\",\"politique\",\"sport\",\"m\u00e9dias\",\"actualit\u00e9 internationale\"],\"knowsLanguage\":[\"Fran\u00e7ais\",\"Arabe\"],\"jobTitle\":\"Journaliste \u2013 R\u00e9daction Webdo\",\"worksFor\":\"Webdo.tn\",\"url\":\"https:\\\/\\\/www.webdo.tn\\\/fr\\\/actualite\\\/author\\\/mohamed-fethi\\\/\"}]}<\/script>\n<!-- \/ Yoast SEO Premium plugin. -->","yoast_head_json":{"title":"Affaire ISIE contre Abir Moussi : Verdict en appel attendu le 18 f\u00e9vrier - webdo","description":"Suivez l'affaire ISIE contre Abir Moussi avec le verdict en appel pr\u00e9vu le 18 f\u00e9vrier. Restez inform\u00e9s des d\u00e9veloppements.","canonical":"https:\/\/www.webdo.tn\/fr\/actualite\/national\/affaire-isie-contre-abir-moussi-verdict-en-appel-attendu-le-18-fevrier\/393011\/","og_locale":"fr_FR","og_type":"article","og_title":"Affaire ISIE contre Abir Moussi : Verdict en appel attendu le 18 f\u00e9vrier","og_description":"Suivez l'affaire ISIE contre Abir Moussi avec le verdict en appel pr\u00e9vu le 18 f\u00e9vrier. Restez inform\u00e9s des d\u00e9veloppements.","og_url":"https:\/\/www.webdo.tn\/fr\/actualite\/national\/affaire-isie-contre-abir-moussi-verdict-en-appel-attendu-le-18-fevrier\/393011\/","og_site_name":"webdo","article_publisher":"https:\/\/www.facebook.com\/webdotn","article_published_time":"2026-02-11T14:36:35+00:00","og_image":[{"width":1200,"height":600,"url":"https:\/\/www.webdo.tn\/fr\/wp-content\/uploads\/2025\/10\/Abir-Moussi-1.jpg","type":"image\/jpeg"}],"author":"Mohamed Fethi","twitter_card":"summary_large_image","twitter_creator":"@webdo_tn","twitter_site":"@webdo_tn","twitter_misc":{"\u00c9crit par":"Mohamed Fethi","Dur\u00e9e de lecture estim\u00e9e":"2 minutes"},"schema":{"@context":"https:\/\/schema.org","@graph":[{"@type":"NewsArticle","@id":"https:\/\/www.webdo.tn\/fr\/actualite\/national\/affaire-isie-contre-abir-moussi-verdict-en-appel-attendu-le-18-fevrier\/393011\/#article","isPartOf":{"@id":"https:\/\/www.webdo.tn\/fr\/actualite\/national\/affaire-isie-contre-abir-moussi-verdict-en-appel-attendu-le-18-fevrier\/393011\/"},"author":{"name":"Mohamed Fethi","@id":"https:\/\/www.webdo.tn\/fr\/#\/schema\/person\/16a4857e77dfc0b610c4c2cadffc9ac4"},"headline":"Affaire ISIE contre Abir Moussi : Verdict en appel attendu le 18 f\u00e9vrier","datePublished":"2026-02-11T14:36:35+00:00","mainEntityOfPage":{"@id":"https:\/\/www.webdo.tn\/fr\/actualite\/national\/affaire-isie-contre-abir-moussi-verdict-en-appel-attendu-le-18-fevrier\/393011\/"},"wordCount":407,"publisher":{"@id":"https:\/\/www.webdo.tn\/fr\/#organization"},"image":{"@id":"https:\/\/www.webdo.tn\/fr\/actualite\/national\/affaire-isie-contre-abir-moussi-verdict-en-appel-attendu-le-18-fevrier\/393011\/#primaryimage"},"thumbnailUrl":"https:\/\/www.webdo.tn\/fr\/wp-content\/uploads\/2025\/10\/Abir-Moussi-1.jpg","keywords":["Abir Moussi","justice","Tunisie"],"articleSection":["National"],"inLanguage":"fr-FR"},{"@type":"WebPage","@id":"https:\/\/www.webdo.tn\/fr\/actualite\/national\/affaire-isie-contre-abir-moussi-verdict-en-appel-attendu-le-18-fevrier\/393011\/","url":"https:\/\/www.webdo.tn\/fr\/actualite\/national\/affaire-isie-contre-abir-moussi-verdict-en-appel-attendu-le-18-fevrier\/393011\/","name":"Affaire ISIE contre Abir Moussi : Verdict en appel attendu le 18 f\u00e9vrier - webdo","isPartOf":{"@id":"https:\/\/www.webdo.tn\/fr\/#website"},"primaryImageOfPage":{"@id":"https:\/\/www.webdo.tn\/fr\/actualite\/national\/affaire-isie-contre-abir-moussi-verdict-en-appel-attendu-le-18-fevrier\/393011\/#primaryimage"},"image":{"@id":"https:\/\/www.webdo.tn\/fr\/actualite\/national\/affaire-isie-contre-abir-moussi-verdict-en-appel-attendu-le-18-fevrier\/393011\/#primaryimage"},"thumbnailUrl":"https:\/\/www.webdo.tn\/fr\/wp-content\/uploads\/2025\/10\/Abir-Moussi-1.jpg","datePublished":"2026-02-11T14:36:35+00:00","description":"Suivez l'affaire ISIE contre Abir Moussi avec le verdict en appel pr\u00e9vu le 18 f\u00e9vrier. Restez inform\u00e9s des d\u00e9veloppements.","breadcrumb":{"@id":"https:\/\/www.webdo.tn\/fr\/actualite\/national\/affaire-isie-contre-abir-moussi-verdict-en-appel-attendu-le-18-fevrier\/393011\/#breadcrumb"},"inLanguage":"fr-FR","potentialAction":[{"@type":"ReadAction","target":["https:\/\/www.webdo.tn\/fr\/actualite\/national\/affaire-isie-contre-abir-moussi-verdict-en-appel-attendu-le-18-fevrier\/393011\/"]}]},{"@type":"ImageObject","inLanguage":"fr-FR","@id":"https:\/\/www.webdo.tn\/fr\/actualite\/national\/affaire-isie-contre-abir-moussi-verdict-en-appel-attendu-le-18-fevrier\/393011\/#primaryimage","url":"https:\/\/www.webdo.tn\/fr\/wp-content\/uploads\/2025\/10\/Abir-Moussi-1.jpg","contentUrl":"https:\/\/www.webdo.tn\/fr\/wp-content\/uploads\/2025\/10\/Abir-Moussi-1.jpg","width":1200,"height":600,"caption":"Affaire du bureau d\u2019ordre : Audience report\u00e9e, d\u00e9tention maintenue pour Abir Moussi"},{"@type":"BreadcrumbList","@id":"https:\/\/www.webdo.tn\/fr\/actualite\/national\/affaire-isie-contre-abir-moussi-verdict-en-appel-attendu-le-18-fevrier\/393011\/#breadcrumb","itemListElement":[{"@type":"ListItem","position":1,"name":"Accueil","item":"https:\/\/www.webdo.tn\/fr\/"},{"@type":"ListItem","position":2,"name":"Affaire ISIE contre Abir Moussi : Verdict en appel attendu le 18 f\u00e9vrier"}]},{"@type":"WebSite","@id":"https:\/\/www.webdo.tn\/fr\/#website","url":"https:\/\/www.webdo.tn\/fr\/","name":"webdo","description":"Tunisie - News en Tunisie et \u00e0 l&#039;international sur Webdo.tn","publisher":{"@id":"https:\/\/www.webdo.tn\/fr\/#organization"},"potentialAction":[{"@type":"SearchAction","target":{"@type":"EntryPoint","urlTemplate":"https:\/\/www.webdo.tn\/fr\/?s={search_term_string}"},"query-input":{"@type":"PropertyValueSpecification","valueRequired":true,"valueName":"search_term_string"}}],"inLanguage":"fr-FR"},{"@type":"Organization","@id":"https:\/\/www.webdo.tn\/fr\/#organization","name":"Webdo","alternateName":"Webdo.tn","url":"https:\/\/www.webdo.tn\/fr\/","logo":{"@type":"ImageObject","inLanguage":"fr-FR","@id":"https:\/\/www.webdo.tn\/fr\/#\/schema\/logo\/image\/","url":"https:\/\/www.webdo.tn\/fr\/wp-content\/uploads\/2025\/06\/Webdo-Tunisie_168377.jpg","contentUrl":"https:\/\/www.webdo.tn\/fr\/wp-content\/uploads\/2025\/06\/Webdo-Tunisie_168377.jpg","width":301,"height":301,"caption":"Webdo"},"image":{"@id":"https:\/\/www.webdo.tn\/fr\/#\/schema\/logo\/image\/"},"sameAs":["https:\/\/www.facebook.com\/webdotn","https:\/\/x.com\/webdo_tn"],"description":"Webdo est un m\u00e9dia num\u00e9rique tunisien fond\u00e9 en 2010, sp\u00e9cialis\u00e9 dans l\u2019actualit\u00e9 nationale et internationale, l\u2019\u00e9conomie, la soci\u00e9t\u00e9 et les analyses politiques. Le site s\u2019adresse \u00e0 un large public francophone et couvre l\u2019information tunisienne en temps r\u00e9el.","email":"redac@webdo.tn","legalName":"YNJ SARL","foundingDate":"2010-09-06","numberOfEmployees":{"@type":"QuantitativeValue","minValue":"11","maxValue":"50"}},{"@type":"Person","@id":"https:\/\/www.webdo.tn\/fr\/#\/schema\/person\/16a4857e77dfc0b610c4c2cadffc9ac4","name":"Mohamed Fethi","image":{"@type":"ImageObject","inLanguage":"fr-FR","@id":"https:\/\/www.webdo.tn\/fr\/wp-content\/uploads\/2026\/04\/mohamed-fethi_avatar_1-96x96.jpg","url":"https:\/\/www.webdo.tn\/fr\/wp-content\/uploads\/2026\/04\/mohamed-fethi_avatar_1-96x96.jpg","contentUrl":"https:\/\/www.webdo.tn\/fr\/wp-content\/uploads\/2026\/04\/mohamed-fethi_avatar_1-96x96.jpg","caption":"Mohamed Fethi"},"description":"Signature \u00e9ditoriale de Maher Chaabane Mohamed Fethi est le pseudonyme \u00e9ditorial de Maher Chaabane, r\u00e9dacteur en chef de Webdo.tn depuis 2012. Cette signature est d\u00e9di\u00e9e au traitement intensif de l'actualit\u00e9 nationale et internationale en temps r\u00e9el. S'appuyant sur les deux d\u00e9cennies d'expertise journalistique de Maher Chaabane \u2014 d\u00e9but\u00e9e au sein du groupe Tunis Hebdo en 2000 \u2014 Mohamed Fethi assure une veille rigoureuse sur les enjeux politiques, \u00e9conomiques et sportifs. Sa mission est de garantir une information structur\u00e9e, fluide et fid\u00e8le aux standards de la r\u00e9daction. Pour consulter le parcours complet du r\u00e9dacteur en chef, visitez le profil officiel de Maher Chaabane.","knowsAbout":["actualit\u00e9","journalisme","information","politique","sport","m\u00e9dias","actualit\u00e9 internationale"],"knowsLanguage":["Fran\u00e7ais","Arabe"],"jobTitle":"Journaliste \u2013 R\u00e9daction Webdo","worksFor":"Webdo.tn","url":"https:\/\/www.webdo.tn\/fr\/actualite\/author\/mohamed-fethi\/"}]}},"_links":{"self":[{"href":"https:\/\/www.webdo.tn\/fr\/wp-json\/wp\/v2\/posts\/393011","targetHints":{"allow":["GET"]}}],"collection":[{"href":"https:\/\/www.webdo.tn\/fr\/wp-json\/wp\/v2\/posts"}],"about":[{"href":"https:\/\/www.webdo.tn\/fr\/wp-json\/wp\/v2\/types\/post"}],"author":[{"embeddable":true,"href":"https:\/\/www.webdo.tn\/fr\/wp-json\/wp\/v2\/users\/4782"}],"replies":[{"embeddable":true,"href":"https:\/\/www.webdo.tn\/fr\/wp-json\/wp\/v2\/comments?post=393011"}],"version-history":[{"count":0,"href":"https:\/\/www.webdo.tn\/fr\/wp-json\/wp\/v2\/posts\/393011\/revisions"}],"wp:featuredmedia":[{"embeddable":true,"href":"https:\/\/www.webdo.tn\/fr\/wp-json\/wp\/v2\/media\/386210"}],"wp:attachment":[{"href":"https:\/\/www.webdo.tn\/fr\/wp-json\/wp\/v2\/media?parent=393011"}],"wp:term":[{"taxonomy":"category","embeddable":true,"href":"https:\/\/www.webdo.tn\/fr\/wp-json\/wp\/v2\/categories?post=393011"},{"taxonomy":"post_tag","embeddable":true,"href":"https:\/\/www.webdo.tn\/fr\/wp-json\/wp\/v2\/tags?post=393011"}],"curies":[{"name":"wp","href":"https:\/\/api.w.org\/{rel}","templated":true}]}}