{"id":393009,"date":"2026-02-11T15:05:59","date_gmt":"2026-02-11T14:05:59","guid":{"rendered":"https:\/\/www.webdo.tn\/fr\/?p=393009"},"modified":"2026-02-11T15:06:00","modified_gmt":"2026-02-11T14:06:00","slug":"le-proces-en-appel-dahmed-souab-attendu-demain","status":"publish","type":"post","link":"https:\/\/www.webdo.tn\/fr\/actualite\/national\/le-proces-en-appel-dahmed-souab-attendu-demain\/393009\/","title":{"rendered":"Le proc\u00e8s en appel d\u2019Ahmed Souab attendu demain"},"content":{"rendered":"\n<p><strong>L\u2019avocat et ancien magistrat Ahmed Souab sera rejug\u00e9 demain, jeudi 12 f\u00e9vrier 2026 en appel \u00e0 la Cour d\u2019appel de Tunis, moins de quatre mois apr\u00e8s sa condamnation en premi\u00e8re instance \u00e0 cinq ans de prison ferme et trois ans de surveillance administrative dans une affaire qui avait suscit\u00e9 de vives r\u00e9actions.<\/strong><\/p>\n\n\n\n<p>En octobre 2025, la chambre criminelle sp\u00e9cialis\u00e9e du p\u00f4le judiciaire antiterroriste avait condamn\u00e9 Ahmed Souab, arr\u00eat\u00e9 en avril de la m\u00eame ann\u00e9e, \u00e0 une peine de cinq ans de prison pour des motifs li\u00e9s \u00e0 des commentaires faits \u00e0 l\u2019issue d\u2019un proc\u00e8s se rapportant \u00e0 une affaire dite de \u00ab complot contre la s\u00fbret\u00e9 de l\u2019\u00c9tat \u00bb. <\/p>\n\n\n\n<h2 class=\"wp-block-heading\" id=\"h-une-condamnation-vivement-contestee\">Une condamnation vivement contest\u00e9e<\/h2>\n\n\n\n<p>La tenue de l\u2019audience en appel, annonc\u00e9e pour ce 12 f\u00e9vrier, est per\u00e7ue comme une \u00e9tape d\u00e9cisive dans une affaire qui a suscit\u00e9 de nombreux d\u00e9bats au sein du milieu judiciaire.<\/p>\n\n\n\n<p>Le verdict du 31 octobre 2025 avait \u00e9t\u00e9 rendu \u00e0 l\u2019issue d\u2019une audience critiqu\u00e9e par la d\u00e9fense. Les avocats avaient d\u00e9nonc\u00e9 des conditions de proc\u00e8s qu\u2019ils jugent in\u00e9quitables, \u00e9voquant notamment le refus de l\u2019accus\u00e9 de compara\u00eetre par visioconf\u00e9rence, le caract\u00e8re exp\u00e9ditif de l\u2019audience et l\u2019impossibilit\u00e9 de plaider pleinement sa d\u00e9fense.<\/p>\n\n\n\n<h2 class=\"wp-block-heading\" id=\"h-des-poursuites-liees-a-une-declaration\">Des poursuites li\u00e9es \u00e0 une d\u00e9claration<\/h2>\n\n\n\n<p>L\u2019ancien magistrat est poursuivi pour \u00ab incitation \u00e0 commettre un acte terroriste \u00bb et \u00ab atteinte \u00e0 la s\u00fbret\u00e9 int\u00e9rieure de l\u2019\u00c9tat \u00bb. Ces poursuites font suite \u00e0 une d\u00e9claration faite en marge du proc\u00e8s en premi\u00e8re instance de l\u2019affaire dite du complot contre la s\u00fbret\u00e9 de l\u2019\u00c9tat.<\/p>\n\n\n\n<p>Lors de cette prise de parole, Ahmed Souab avait employ\u00e9 une image m\u00e9taphorique, \u00e9voquant un \u00ab couteau sous la gorge \u00bb pour d\u00e9crire, selon lui, la pression exerc\u00e9e sur les juges. Cette formule a \u00e9t\u00e9 interpr\u00e9t\u00e9e par l\u2019accusation comme une menace.<\/p>\n\n\n\n<p><\/p>\n\n\n\n<blockquote class=\"wp-block-quote is-layout-flow wp-block-quote-is-layout-flow\">\n<blockquote class=\"wp-block-quote is-layout-flow wp-block-quote-is-layout-flow\">\n<p><strong>Lire aussi :<\/strong><\/p>\n\n\n\n<ul class=\"wp-block-list\">\n<li class=\"has-medium-font-size\"><a href=\"https:\/\/www.webdo.tn\/fr\/actualite\/national\/ahmed-souab-laudience-devant-la-chambre-antiterroriste-fixee-au-12-fevrier\/392412\/\">Ahmed Souab : L\u2019audience devant la chambre antiterroriste fix\u00e9e au 12 f\u00e9vrier<\/a><\/li>\n\n\n\n<li class=\"has-medium-font-size\"><a href=\"https:\/\/www.webdo.tn\/fr\/actualite\/national\/lavocat-ahmed-souab-condamne-a-cinq-ans-de-prison-ferme\/386681\/\">L\u2019avocat Ahmed Souab condamn\u00e9 \u00e0 cinq ans de prison ferme<\/a><\/li>\n\n\n\n<li class=\"has-medium-font-size\"><a href=\"https:\/\/www.webdo.tn\/fr\/actualite\/national\/tunisie-l-avocat-ahmed-souab-arrete-et-transfere-au-pole-antiterroriste\/221423\/\">Tunisie : L\u2019avocat Ahmed Souab arr\u00eat\u00e9 et transf\u00e9r\u00e9 au p\u00f4le antiterroriste<\/a><\/li>\n<\/ul>\n<\/blockquote>\n<\/blockquote>\n","protected":false},"excerpt":{"rendered":"<p>L\u2019avocat et ancien magistrat Ahmed Souab sera rejug\u00e9 demain, jeudi 12 f\u00e9vrier 2026 en appel \u00e0 la Cour d\u2019appel de Tunis, moins de quatre mois apr\u00e8s sa condamnation en premi\u00e8re instance \u00e0 cinq ans de prison ferme et trois ans de surveillance administrative dans une affaire qui avait suscit\u00e9 de vives r\u00e9actions. En octobre 2025, [&hellip;]<\/p>\n","protected":false},"author":4782,"featured_media":392413,"comment_status":"closed","ping_status":"closed","sticky":false,"template":"","format":"standard","meta":{"footnotes":""},"categories":[44],"tags":[2797,2619,13261,2608],"class_list":["post-393009","post","type-post","status-publish","format-standard","has-post-thumbnail","hentry","category-national","tag-ahmed-souab","tag-justice","tag-proces-en-appel","tag-tunisie"],"yoast_head":"<!-- This site is optimized with the Yoast SEO Premium plugin v27.5 (Yoast SEO v27.5) - https:\/\/yoast.com\/product\/yoast-seo-premium-wordpress\/ -->\n<title>Le proc\u00e8s en appel d\u2019Ahmed Souab attendu demain - webdo<\/title>\n<meta name=\"description\" content=\"Ne manquez pas le proc\u00e8s en appel d\u2019Ahmed Souab pr\u00e9vu demain. Une affaire qui suscite un vif int\u00e9r\u00eat au sein de la justice.\" \/>\n<link rel=\"canonical\" href=\"https:\/\/www.webdo.tn\/fr\/actualite\/national\/le-proces-en-appel-dahmed-souab-attendu-demain\/393009\/\" \/>\n<meta property=\"og:locale\" content=\"fr_FR\" \/>\n<meta property=\"og:type\" content=\"article\" \/>\n<meta property=\"og:title\" content=\"Le proc\u00e8s en appel d\u2019Ahmed Souab attendu demain\" \/>\n<meta property=\"og:description\" content=\"Ne manquez pas le proc\u00e8s en appel d\u2019Ahmed Souab pr\u00e9vu demain. Une affaire qui suscite un vif int\u00e9r\u00eat au sein de la justice.\" \/>\n<meta property=\"og:url\" content=\"https:\/\/www.webdo.tn\/fr\/actualite\/national\/le-proces-en-appel-dahmed-souab-attendu-demain\/393009\/\" \/>\n<meta property=\"og:site_name\" content=\"webdo\" \/>\n<meta property=\"article:publisher\" content=\"https:\/\/www.facebook.com\/webdotn\" \/>\n<meta property=\"article:published_time\" content=\"2026-02-11T14:05:59+00:00\" \/>\n<meta property=\"article:modified_time\" content=\"2026-02-11T14:06:00+00:00\" \/>\n<meta property=\"og:image\" content=\"https:\/\/www.webdo.tn\/fr\/wp-content\/uploads\/2026\/01\/Ahmed-Souab.jpg\" \/>\n\t<meta property=\"og:image:width\" content=\"1202\" \/>\n\t<meta property=\"og:image:height\" content=\"600\" \/>\n\t<meta property=\"og:image:type\" content=\"image\/jpeg\" \/>\n<meta name=\"author\" content=\"Mohamed Fethi\" \/>\n<meta name=\"twitter:card\" content=\"summary_large_image\" \/>\n<meta name=\"twitter:creator\" content=\"@webdo_tn\" \/>\n<meta name=\"twitter:site\" content=\"@webdo_tn\" \/>\n<meta name=\"twitter:label1\" content=\"\u00c9crit par\" \/>\n\t<meta name=\"twitter:data1\" content=\"Mohamed Fethi\" \/>\n\t<meta name=\"twitter:label2\" content=\"Dur\u00e9e de lecture estim\u00e9e\" \/>\n\t<meta name=\"twitter:data2\" content=\"2 minutes\" \/>\n<script type=\"application\/ld+json\" class=\"yoast-schema-graph\">{\"@context\":\"https:\\\/\\\/schema.org\",\"@graph\":[{\"@type\":\"NewsArticle\",\"@id\":\"https:\\\/\\\/www.webdo.tn\\\/fr\\\/actualite\\\/national\\\/le-proces-en-appel-dahmed-souab-attendu-demain\\\/393009\\\/#article\",\"isPartOf\":{\"@id\":\"https:\\\/\\\/www.webdo.tn\\\/fr\\\/actualite\\\/national\\\/le-proces-en-appel-dahmed-souab-attendu-demain\\\/393009\\\/\"},\"author\":{\"name\":\"Mohamed Fethi\",\"@id\":\"https:\\\/\\\/www.webdo.tn\\\/fr\\\/#\\\/schema\\\/person\\\/16a4857e77dfc0b610c4c2cadffc9ac4\"},\"headline\":\"Le proc\u00e8s en appel d\u2019Ahmed Souab attendu demain\",\"datePublished\":\"2026-02-11T14:05:59+00:00\",\"dateModified\":\"2026-02-11T14:06:00+00:00\",\"mainEntityOfPage\":{\"@id\":\"https:\\\/\\\/www.webdo.tn\\\/fr\\\/actualite\\\/national\\\/le-proces-en-appel-dahmed-souab-attendu-demain\\\/393009\\\/\"},\"wordCount\":372,\"publisher\":{\"@id\":\"https:\\\/\\\/www.webdo.tn\\\/fr\\\/#organization\"},\"image\":{\"@id\":\"https:\\\/\\\/www.webdo.tn\\\/fr\\\/actualite\\\/national\\\/le-proces-en-appel-dahmed-souab-attendu-demain\\\/393009\\\/#primaryimage\"},\"thumbnailUrl\":\"https:\\\/\\\/www.webdo.tn\\\/fr\\\/wp-content\\\/uploads\\\/2026\\\/01\\\/Ahmed-Souab.jpg\",\"keywords\":[\"ahmed souab\",\"justice\",\"proc\u00e8s en appel\",\"Tunisie\"],\"articleSection\":[\"National\"],\"inLanguage\":\"fr-FR\"},{\"@type\":\"WebPage\",\"@id\":\"https:\\\/\\\/www.webdo.tn\\\/fr\\\/actualite\\\/national\\\/le-proces-en-appel-dahmed-souab-attendu-demain\\\/393009\\\/\",\"url\":\"https:\\\/\\\/www.webdo.tn\\\/fr\\\/actualite\\\/national\\\/le-proces-en-appel-dahmed-souab-attendu-demain\\\/393009\\\/\",\"name\":\"Le proc\u00e8s en appel d\u2019Ahmed Souab attendu demain - webdo\",\"isPartOf\":{\"@id\":\"https:\\\/\\\/www.webdo.tn\\\/fr\\\/#website\"},\"primaryImageOfPage\":{\"@id\":\"https:\\\/\\\/www.webdo.tn\\\/fr\\\/actualite\\\/national\\\/le-proces-en-appel-dahmed-souab-attendu-demain\\\/393009\\\/#primaryimage\"},\"image\":{\"@id\":\"https:\\\/\\\/www.webdo.tn\\\/fr\\\/actualite\\\/national\\\/le-proces-en-appel-dahmed-souab-attendu-demain\\\/393009\\\/#primaryimage\"},\"thumbnailUrl\":\"https:\\\/\\\/www.webdo.tn\\\/fr\\\/wp-content\\\/uploads\\\/2026\\\/01\\\/Ahmed-Souab.jpg\",\"datePublished\":\"2026-02-11T14:05:59+00:00\",\"dateModified\":\"2026-02-11T14:06:00+00:00\",\"description\":\"Ne manquez pas le proc\u00e8s en appel d\u2019Ahmed Souab pr\u00e9vu demain. Une affaire qui suscite un vif int\u00e9r\u00eat au sein de la justice.\",\"breadcrumb\":{\"@id\":\"https:\\\/\\\/www.webdo.tn\\\/fr\\\/actualite\\\/national\\\/le-proces-en-appel-dahmed-souab-attendu-demain\\\/393009\\\/#breadcrumb\"},\"inLanguage\":\"fr-FR\",\"potentialAction\":[{\"@type\":\"ReadAction\",\"target\":[\"https:\\\/\\\/www.webdo.tn\\\/fr\\\/actualite\\\/national\\\/le-proces-en-appel-dahmed-souab-attendu-demain\\\/393009\\\/\"]}]},{\"@type\":\"ImageObject\",\"inLanguage\":\"fr-FR\",\"@id\":\"https:\\\/\\\/www.webdo.tn\\\/fr\\\/actualite\\\/national\\\/le-proces-en-appel-dahmed-souab-attendu-demain\\\/393009\\\/#primaryimage\",\"url\":\"https:\\\/\\\/www.webdo.tn\\\/fr\\\/wp-content\\\/uploads\\\/2026\\\/01\\\/Ahmed-Souab.jpg\",\"contentUrl\":\"https:\\\/\\\/www.webdo.tn\\\/fr\\\/wp-content\\\/uploads\\\/2026\\\/01\\\/Ahmed-Souab.jpg\",\"width\":1202,\"height\":600,\"caption\":\"Affaire Ahmed Souab : Mobilisation annonc\u00e9e avant l\u2019audience d\u2019appel\"},{\"@type\":\"BreadcrumbList\",\"@id\":\"https:\\\/\\\/www.webdo.tn\\\/fr\\\/actualite\\\/national\\\/le-proces-en-appel-dahmed-souab-attendu-demain\\\/393009\\\/#breadcrumb\",\"itemListElement\":[{\"@type\":\"ListItem\",\"position\":1,\"name\":\"Accueil\",\"item\":\"https:\\\/\\\/www.webdo.tn\\\/fr\\\/\"},{\"@type\":\"ListItem\",\"position\":2,\"name\":\"Le proc\u00e8s en appel d\u2019Ahmed Souab attendu demain\"}]},{\"@type\":\"WebSite\",\"@id\":\"https:\\\/\\\/www.webdo.tn\\\/fr\\\/#website\",\"url\":\"https:\\\/\\\/www.webdo.tn\\\/fr\\\/\",\"name\":\"webdo\",\"description\":\"Tunisie - News en Tunisie et \u00e0 l&#039;international sur Webdo.tn\",\"publisher\":{\"@id\":\"https:\\\/\\\/www.webdo.tn\\\/fr\\\/#organization\"},\"potentialAction\":[{\"@type\":\"SearchAction\",\"target\":{\"@type\":\"EntryPoint\",\"urlTemplate\":\"https:\\\/\\\/www.webdo.tn\\\/fr\\\/?s={search_term_string}\"},\"query-input\":{\"@type\":\"PropertyValueSpecification\",\"valueRequired\":true,\"valueName\":\"search_term_string\"}}],\"inLanguage\":\"fr-FR\"},{\"@type\":\"Organization\",\"@id\":\"https:\\\/\\\/www.webdo.tn\\\/fr\\\/#organization\",\"name\":\"Webdo\",\"alternateName\":\"Webdo.tn\",\"url\":\"https:\\\/\\\/www.webdo.tn\\\/fr\\\/\",\"logo\":{\"@type\":\"ImageObject\",\"inLanguage\":\"fr-FR\",\"@id\":\"https:\\\/\\\/www.webdo.tn\\\/fr\\\/#\\\/schema\\\/logo\\\/image\\\/\",\"url\":\"https:\\\/\\\/www.webdo.tn\\\/fr\\\/wp-content\\\/uploads\\\/2025\\\/06\\\/Webdo-Tunisie_168377.jpg\",\"contentUrl\":\"https:\\\/\\\/www.webdo.tn\\\/fr\\\/wp-content\\\/uploads\\\/2025\\\/06\\\/Webdo-Tunisie_168377.jpg\",\"width\":301,\"height\":301,\"caption\":\"Webdo\"},\"image\":{\"@id\":\"https:\\\/\\\/www.webdo.tn\\\/fr\\\/#\\\/schema\\\/logo\\\/image\\\/\"},\"sameAs\":[\"https:\\\/\\\/www.facebook.com\\\/webdotn\",\"https:\\\/\\\/x.com\\\/webdo_tn\"],\"description\":\"Webdo est un m\u00e9dia num\u00e9rique tunisien fond\u00e9 en 2010, sp\u00e9cialis\u00e9 dans l\u2019actualit\u00e9 nationale et internationale, l\u2019\u00e9conomie, la soci\u00e9t\u00e9 et les analyses politiques. Le site s\u2019adresse \u00e0 un large public francophone et couvre l\u2019information tunisienne en temps r\u00e9el.\",\"email\":\"redac@webdo.tn\",\"legalName\":\"YNJ SARL\",\"foundingDate\":\"2010-09-06\",\"numberOfEmployees\":{\"@type\":\"QuantitativeValue\",\"minValue\":\"11\",\"maxValue\":\"50\"}},{\"@type\":\"Person\",\"@id\":\"https:\\\/\\\/www.webdo.tn\\\/fr\\\/#\\\/schema\\\/person\\\/16a4857e77dfc0b610c4c2cadffc9ac4\",\"name\":\"Mohamed Fethi\",\"image\":{\"@type\":\"ImageObject\",\"inLanguage\":\"fr-FR\",\"@id\":\"https:\\\/\\\/www.webdo.tn\\\/fr\\\/wp-content\\\/uploads\\\/2026\\\/04\\\/mohamed-fethi_avatar_1-96x96.jpg\",\"url\":\"https:\\\/\\\/www.webdo.tn\\\/fr\\\/wp-content\\\/uploads\\\/2026\\\/04\\\/mohamed-fethi_avatar_1-96x96.jpg\",\"contentUrl\":\"https:\\\/\\\/www.webdo.tn\\\/fr\\\/wp-content\\\/uploads\\\/2026\\\/04\\\/mohamed-fethi_avatar_1-96x96.jpg\",\"caption\":\"Mohamed Fethi\"},\"description\":\"Signature \u00e9ditoriale de Maher Chaabane Mohamed Fethi est le pseudonyme \u00e9ditorial de Maher Chaabane, r\u00e9dacteur en chef de Webdo.tn depuis 2012. Cette signature est d\u00e9di\u00e9e au traitement intensif de l'actualit\u00e9 nationale et internationale en temps r\u00e9el. S'appuyant sur les deux d\u00e9cennies d'expertise journalistique de Maher Chaabane \u2014 d\u00e9but\u00e9e au sein du groupe Tunis Hebdo en 2000 \u2014 Mohamed Fethi assure une veille rigoureuse sur les enjeux politiques, \u00e9conomiques et sportifs. Sa mission est de garantir une information structur\u00e9e, fluide et fid\u00e8le aux standards de la r\u00e9daction. Pour consulter le parcours complet du r\u00e9dacteur en chef, visitez le profil officiel de Maher Chaabane.\",\"knowsAbout\":[\"actualit\u00e9\",\"journalisme\",\"information\",\"politique\",\"sport\",\"m\u00e9dias\",\"actualit\u00e9 internationale\"],\"knowsLanguage\":[\"Fran\u00e7ais\",\"Arabe\"],\"jobTitle\":\"Journaliste \u2013 R\u00e9daction Webdo\",\"worksFor\":\"Webdo.tn\",\"url\":\"https:\\\/\\\/www.webdo.tn\\\/fr\\\/actualite\\\/author\\\/mohamed-fethi\\\/\"}]}<\/script>\n<!-- \/ Yoast SEO Premium plugin. -->","yoast_head_json":{"title":"Le proc\u00e8s en appel d\u2019Ahmed Souab attendu demain - webdo","description":"Ne manquez pas le proc\u00e8s en appel d\u2019Ahmed Souab pr\u00e9vu demain. Une affaire qui suscite un vif int\u00e9r\u00eat au sein de la justice.","canonical":"https:\/\/www.webdo.tn\/fr\/actualite\/national\/le-proces-en-appel-dahmed-souab-attendu-demain\/393009\/","og_locale":"fr_FR","og_type":"article","og_title":"Le proc\u00e8s en appel d\u2019Ahmed Souab attendu demain","og_description":"Ne manquez pas le proc\u00e8s en appel d\u2019Ahmed Souab pr\u00e9vu demain. Une affaire qui suscite un vif int\u00e9r\u00eat au sein de la justice.","og_url":"https:\/\/www.webdo.tn\/fr\/actualite\/national\/le-proces-en-appel-dahmed-souab-attendu-demain\/393009\/","og_site_name":"webdo","article_publisher":"https:\/\/www.facebook.com\/webdotn","article_published_time":"2026-02-11T14:05:59+00:00","article_modified_time":"2026-02-11T14:06:00+00:00","og_image":[{"width":1202,"height":600,"url":"https:\/\/www.webdo.tn\/fr\/wp-content\/uploads\/2026\/01\/Ahmed-Souab.jpg","type":"image\/jpeg"}],"author":"Mohamed Fethi","twitter_card":"summary_large_image","twitter_creator":"@webdo_tn","twitter_site":"@webdo_tn","twitter_misc":{"\u00c9crit par":"Mohamed Fethi","Dur\u00e9e de lecture estim\u00e9e":"2 minutes"},"schema":{"@context":"https:\/\/schema.org","@graph":[{"@type":"NewsArticle","@id":"https:\/\/www.webdo.tn\/fr\/actualite\/national\/le-proces-en-appel-dahmed-souab-attendu-demain\/393009\/#article","isPartOf":{"@id":"https:\/\/www.webdo.tn\/fr\/actualite\/national\/le-proces-en-appel-dahmed-souab-attendu-demain\/393009\/"},"author":{"name":"Mohamed Fethi","@id":"https:\/\/www.webdo.tn\/fr\/#\/schema\/person\/16a4857e77dfc0b610c4c2cadffc9ac4"},"headline":"Le proc\u00e8s en appel d\u2019Ahmed Souab attendu demain","datePublished":"2026-02-11T14:05:59+00:00","dateModified":"2026-02-11T14:06:00+00:00","mainEntityOfPage":{"@id":"https:\/\/www.webdo.tn\/fr\/actualite\/national\/le-proces-en-appel-dahmed-souab-attendu-demain\/393009\/"},"wordCount":372,"publisher":{"@id":"https:\/\/www.webdo.tn\/fr\/#organization"},"image":{"@id":"https:\/\/www.webdo.tn\/fr\/actualite\/national\/le-proces-en-appel-dahmed-souab-attendu-demain\/393009\/#primaryimage"},"thumbnailUrl":"https:\/\/www.webdo.tn\/fr\/wp-content\/uploads\/2026\/01\/Ahmed-Souab.jpg","keywords":["ahmed souab","justice","proc\u00e8s en appel","Tunisie"],"articleSection":["National"],"inLanguage":"fr-FR"},{"@type":"WebPage","@id":"https:\/\/www.webdo.tn\/fr\/actualite\/national\/le-proces-en-appel-dahmed-souab-attendu-demain\/393009\/","url":"https:\/\/www.webdo.tn\/fr\/actualite\/national\/le-proces-en-appel-dahmed-souab-attendu-demain\/393009\/","name":"Le proc\u00e8s en appel d\u2019Ahmed Souab attendu demain - webdo","isPartOf":{"@id":"https:\/\/www.webdo.tn\/fr\/#website"},"primaryImageOfPage":{"@id":"https:\/\/www.webdo.tn\/fr\/actualite\/national\/le-proces-en-appel-dahmed-souab-attendu-demain\/393009\/#primaryimage"},"image":{"@id":"https:\/\/www.webdo.tn\/fr\/actualite\/national\/le-proces-en-appel-dahmed-souab-attendu-demain\/393009\/#primaryimage"},"thumbnailUrl":"https:\/\/www.webdo.tn\/fr\/wp-content\/uploads\/2026\/01\/Ahmed-Souab.jpg","datePublished":"2026-02-11T14:05:59+00:00","dateModified":"2026-02-11T14:06:00+00:00","description":"Ne manquez pas le proc\u00e8s en appel d\u2019Ahmed Souab pr\u00e9vu demain. Une affaire qui suscite un vif int\u00e9r\u00eat au sein de la justice.","breadcrumb":{"@id":"https:\/\/www.webdo.tn\/fr\/actualite\/national\/le-proces-en-appel-dahmed-souab-attendu-demain\/393009\/#breadcrumb"},"inLanguage":"fr-FR","potentialAction":[{"@type":"ReadAction","target":["https:\/\/www.webdo.tn\/fr\/actualite\/national\/le-proces-en-appel-dahmed-souab-attendu-demain\/393009\/"]}]},{"@type":"ImageObject","inLanguage":"fr-FR","@id":"https:\/\/www.webdo.tn\/fr\/actualite\/national\/le-proces-en-appel-dahmed-souab-attendu-demain\/393009\/#primaryimage","url":"https:\/\/www.webdo.tn\/fr\/wp-content\/uploads\/2026\/01\/Ahmed-Souab.jpg","contentUrl":"https:\/\/www.webdo.tn\/fr\/wp-content\/uploads\/2026\/01\/Ahmed-Souab.jpg","width":1202,"height":600,"caption":"Affaire Ahmed Souab : Mobilisation annonc\u00e9e avant l\u2019audience d\u2019appel"},{"@type":"BreadcrumbList","@id":"https:\/\/www.webdo.tn\/fr\/actualite\/national\/le-proces-en-appel-dahmed-souab-attendu-demain\/393009\/#breadcrumb","itemListElement":[{"@type":"ListItem","position":1,"name":"Accueil","item":"https:\/\/www.webdo.tn\/fr\/"},{"@type":"ListItem","position":2,"name":"Le proc\u00e8s en appel d\u2019Ahmed Souab attendu demain"}]},{"@type":"WebSite","@id":"https:\/\/www.webdo.tn\/fr\/#website","url":"https:\/\/www.webdo.tn\/fr\/","name":"webdo","description":"Tunisie - News en Tunisie et \u00e0 l&#039;international sur Webdo.tn","publisher":{"@id":"https:\/\/www.webdo.tn\/fr\/#organization"},"potentialAction":[{"@type":"SearchAction","target":{"@type":"EntryPoint","urlTemplate":"https:\/\/www.webdo.tn\/fr\/?s={search_term_string}"},"query-input":{"@type":"PropertyValueSpecification","valueRequired":true,"valueName":"search_term_string"}}],"inLanguage":"fr-FR"},{"@type":"Organization","@id":"https:\/\/www.webdo.tn\/fr\/#organization","name":"Webdo","alternateName":"Webdo.tn","url":"https:\/\/www.webdo.tn\/fr\/","logo":{"@type":"ImageObject","inLanguage":"fr-FR","@id":"https:\/\/www.webdo.tn\/fr\/#\/schema\/logo\/image\/","url":"https:\/\/www.webdo.tn\/fr\/wp-content\/uploads\/2025\/06\/Webdo-Tunisie_168377.jpg","contentUrl":"https:\/\/www.webdo.tn\/fr\/wp-content\/uploads\/2025\/06\/Webdo-Tunisie_168377.jpg","width":301,"height":301,"caption":"Webdo"},"image":{"@id":"https:\/\/www.webdo.tn\/fr\/#\/schema\/logo\/image\/"},"sameAs":["https:\/\/www.facebook.com\/webdotn","https:\/\/x.com\/webdo_tn"],"description":"Webdo est un m\u00e9dia num\u00e9rique tunisien fond\u00e9 en 2010, sp\u00e9cialis\u00e9 dans l\u2019actualit\u00e9 nationale et internationale, l\u2019\u00e9conomie, la soci\u00e9t\u00e9 et les analyses politiques. Le site s\u2019adresse \u00e0 un large public francophone et couvre l\u2019information tunisienne en temps r\u00e9el.","email":"redac@webdo.tn","legalName":"YNJ SARL","foundingDate":"2010-09-06","numberOfEmployees":{"@type":"QuantitativeValue","minValue":"11","maxValue":"50"}},{"@type":"Person","@id":"https:\/\/www.webdo.tn\/fr\/#\/schema\/person\/16a4857e77dfc0b610c4c2cadffc9ac4","name":"Mohamed Fethi","image":{"@type":"ImageObject","inLanguage":"fr-FR","@id":"https:\/\/www.webdo.tn\/fr\/wp-content\/uploads\/2026\/04\/mohamed-fethi_avatar_1-96x96.jpg","url":"https:\/\/www.webdo.tn\/fr\/wp-content\/uploads\/2026\/04\/mohamed-fethi_avatar_1-96x96.jpg","contentUrl":"https:\/\/www.webdo.tn\/fr\/wp-content\/uploads\/2026\/04\/mohamed-fethi_avatar_1-96x96.jpg","caption":"Mohamed Fethi"},"description":"Signature \u00e9ditoriale de Maher Chaabane Mohamed Fethi est le pseudonyme \u00e9ditorial de Maher Chaabane, r\u00e9dacteur en chef de Webdo.tn depuis 2012. Cette signature est d\u00e9di\u00e9e au traitement intensif de l'actualit\u00e9 nationale et internationale en temps r\u00e9el. S'appuyant sur les deux d\u00e9cennies d'expertise journalistique de Maher Chaabane \u2014 d\u00e9but\u00e9e au sein du groupe Tunis Hebdo en 2000 \u2014 Mohamed Fethi assure une veille rigoureuse sur les enjeux politiques, \u00e9conomiques et sportifs. Sa mission est de garantir une information structur\u00e9e, fluide et fid\u00e8le aux standards de la r\u00e9daction. Pour consulter le parcours complet du r\u00e9dacteur en chef, visitez le profil officiel de Maher Chaabane.","knowsAbout":["actualit\u00e9","journalisme","information","politique","sport","m\u00e9dias","actualit\u00e9 internationale"],"knowsLanguage":["Fran\u00e7ais","Arabe"],"jobTitle":"Journaliste \u2013 R\u00e9daction Webdo","worksFor":"Webdo.tn","url":"https:\/\/www.webdo.tn\/fr\/actualite\/author\/mohamed-fethi\/"}]}},"_links":{"self":[{"href":"https:\/\/www.webdo.tn\/fr\/wp-json\/wp\/v2\/posts\/393009","targetHints":{"allow":["GET"]}}],"collection":[{"href":"https:\/\/www.webdo.tn\/fr\/wp-json\/wp\/v2\/posts"}],"about":[{"href":"https:\/\/www.webdo.tn\/fr\/wp-json\/wp\/v2\/types\/post"}],"author":[{"embeddable":true,"href":"https:\/\/www.webdo.tn\/fr\/wp-json\/wp\/v2\/users\/4782"}],"replies":[{"embeddable":true,"href":"https:\/\/www.webdo.tn\/fr\/wp-json\/wp\/v2\/comments?post=393009"}],"version-history":[{"count":0,"href":"https:\/\/www.webdo.tn\/fr\/wp-json\/wp\/v2\/posts\/393009\/revisions"}],"wp:featuredmedia":[{"embeddable":true,"href":"https:\/\/www.webdo.tn\/fr\/wp-json\/wp\/v2\/media\/392413"}],"wp:attachment":[{"href":"https:\/\/www.webdo.tn\/fr\/wp-json\/wp\/v2\/media?parent=393009"}],"wp:term":[{"taxonomy":"category","embeddable":true,"href":"https:\/\/www.webdo.tn\/fr\/wp-json\/wp\/v2\/categories?post=393009"},{"taxonomy":"post_tag","embeddable":true,"href":"https:\/\/www.webdo.tn\/fr\/wp-json\/wp\/v2\/tags?post=393009"}],"curies":[{"name":"wp","href":"https:\/\/api.w.org\/{rel}","templated":true}]}}