{"id":392725,"date":"2026-02-06T11:21:27","date_gmt":"2026-02-06T10:21:27","guid":{"rendered":"https:\/\/www.webdo.tn\/fr\/?p=392725"},"modified":"2026-02-06T11:21:28","modified_gmt":"2026-02-06T10:21:28","slug":"deux-morts-dans-une-frappe-americaine-contre-un-bateau-de-narcotrafiquants-presumes","status":"publish","type":"post","link":"https:\/\/www.webdo.tn\/fr\/actualite\/international\/deux-morts-dans-une-frappe-americaine-contre-un-bateau-de-narcotrafiquants-presumes\/392725\/","title":{"rendered":"Deux morts dans une frappe am\u00e9ricaine contre un bateau de narcotrafiquants pr\u00e9sum\u00e9s"},"content":{"rendered":"\n<p>L\u2019arm\u00e9e am\u00e9ricaine a men\u00e9 une op\u00e9ration contre un navire suspect\u00e9 de narcotrafic dans l\u2019oc\u00e9an Pacifique, entra\u00eenant la mort de deux personnes. Cette frappe s\u2019inscrit dans le cadre d\u2019une campagne \u00e9tendue de lutte contre le trafic de stup\u00e9fiants en mer, mais soul\u00e8ve des questions sur la l\u00e9galit\u00e9 et la transparence de ces interventions.<\/p>\n\n\n\n<p>Le 6 f\u00e9vrier 2026, l\u2019arm\u00e9e am\u00e9ricaine a frapp\u00e9 un bateau qu\u2019elle d\u00e9signe comme utilis\u00e9 pour le trafic de drogues dans l\u2019oc\u00e9an Pacifique, faisant deux morts selon un communiqu\u00e9 du U.S. Southern Command. Cette op\u00e9ration s\u2019inscrit dans une s\u00e9rie de frappes men\u00e9es contre des navires suspect\u00e9s de narcotrafic depuis septembre 2025.<\/p>\n\n\n\n<p>L\u2019attaque a vis\u00e9 un navire consid\u00e9r\u00e9 comme empruntant des routes connues pour le trafic de stup\u00e9fiants, selon les autorit\u00e9s am\u00e9ricaines. Cependant, le Pentagone n\u2019a pas fourni de preuves publiques d\u00e9taillant la participation concr\u00e8te de l\u2019embarcation aux activit\u00e9s de narcotrafic, ce qui alimente les interrogations sur la l\u00e9galit\u00e9 et la transparence de l\u2019intervention.<\/p>\n\n\n\n<h2 class=\"wp-block-heading\" id=\"h-une-campagne-americaine-controversee\">Une campagne am\u00e9ricaine controvers\u00e9e<\/h2>\n\n\n\n<p>Cette frappe s\u2019inscrit dans le cadre d\u2019une campagne plus large de lutte contre le trafic de drogues en mer, men\u00e9e principalement dans l\u2019oc\u00e9an Pacifique oriental. Des frappes similaires ont d\u00e9j\u00e0 \u00e9t\u00e9 effectu\u00e9es sur plusieurs navires depuis l\u2019automne dernier, avec des r\u00e9sultats vari\u00e9s et des pertes humaines, mais tr\u00e8s peu d\u2019informations v\u00e9rifiables ont \u00e9t\u00e9 publi\u00e9es.<\/p>\n\n\n\n<p>Les organisations internationales et des observateurs ind\u00e9pendants soulignent que l\u2019absence de preuves publiques et le recours \u00e0 la force l\u00e9tale contre des cibles maritimes non identifi\u00e9es renforcent les risques d\u2019incidents diplomatiques et humanitaires.<\/p>\n\n\n\n<p>Les autorit\u00e9s am\u00e9ricaines justifient ces frappes comme une mesure de protection des c\u00f4tes et de r\u00e9duction de l\u2019acheminement de stup\u00e9fiants vers le continent am\u00e9ricain.<\/p>\n\n\n\n<p>Pour l\u2019heure, la nationalit\u00e9 du bateau frapp\u00e9 et celle des victimes n\u2019ont pas \u00e9t\u00e9 communiqu\u00e9es. Les enqu\u00eates sur cette op\u00e9ration sont en cours, mais peu de d\u00e9tails suppl\u00e9mentaires sont attendus, le Pentagone privil\u00e9giant la confidentialit\u00e9 dans ce type d\u2019actions militaires.<\/p>\n\n\n\n<p><\/p>\n\n\n\n<blockquote class=\"wp-block-quote is-layout-flow wp-block-quote-is-layout-flow\">\n<blockquote class=\"wp-block-quote is-layout-flow wp-block-quote-is-layout-flow\">\n<p><strong>Lire aussi :<\/strong><\/p>\n\n\n\n<ul class=\"wp-block-list\">\n<li><a href=\"https:\/\/www.webdo.tn\/fr\/actualite\/international\/donald-trump-annonce-la-capture-de-nicolas-maduro-apres-des-frappes-americaines\/390608\/\">Donald Trump annonce la capture de Nicol\u00e1s Maduro apr\u00e8s des frappes am\u00e9ricaines<\/a><\/li>\n\n\n\n<li><a href=\"https:\/\/www.webdo.tn\/fr\/actualite\/international\/frappes-americaines-au-nigeria-washington-ouvre-un-nouveau-front-en-afrique-de-louest\/390200\/\">Frappes am\u00e9ricaines au Nigeria : Washington ouvre un nouveau front en Afrique de l\u2019Ouest<\/a><\/li>\n<\/ul>\n<\/blockquote>\n<\/blockquote>\n","protected":false},"excerpt":{"rendered":"<p>L\u2019arm\u00e9e am\u00e9ricaine a men\u00e9 une op\u00e9ration contre un navire suspect\u00e9 de narcotrafic dans l\u2019oc\u00e9an Pacifique, entra\u00eenant la mort de deux personnes. Cette frappe s\u2019inscrit dans le cadre d\u2019une campagne \u00e9tendue de lutte contre le trafic de stup\u00e9fiants en mer, mais soul\u00e8ve des questions sur la l\u00e9galit\u00e9 et la transparence de ces interventions. Le 6 f\u00e9vrier [&hellip;]<\/p>\n","protected":false},"author":4782,"featured_media":392726,"comment_status":"closed","ping_status":"closed","sticky":false,"template":"","format":"standard","meta":{"footnotes":""},"categories":[2598],"tags":[13684,13685],"class_list":["post-392725","post","type-post","status-publish","format-standard","has-post-thumbnail","hentry","category-international","tag-frappes-americaines","tag-narcotrafiquants"],"yoast_head":"<!-- This site is optimized with the Yoast SEO Premium plugin v27.5 (Yoast SEO v27.5) - https:\/\/yoast.com\/product\/yoast-seo-premium-wordpress\/ -->\n<title>Deux morts dans une frappe am\u00e9ricaine contre un bateau de narcotrafiquants pr\u00e9sum\u00e9s - webdo<\/title>\n<meta name=\"description\" content=\"L&#039;op\u00e9ration militaire am\u00e9ricaine a caus\u00e9 deux morts dans une attaque contre un navire de narcotrafic. Informez-vous sur les cons\u00e9quences.\" \/>\n<link rel=\"canonical\" href=\"https:\/\/www.webdo.tn\/fr\/actualite\/international\/deux-morts-dans-une-frappe-americaine-contre-un-bateau-de-narcotrafiquants-presumes\/392725\/\" \/>\n<meta property=\"og:locale\" content=\"fr_FR\" \/>\n<meta property=\"og:type\" content=\"article\" \/>\n<meta property=\"og:title\" content=\"Deux morts dans une frappe am\u00e9ricaine contre un bateau de narcotrafiquants pr\u00e9sum\u00e9s\" \/>\n<meta property=\"og:description\" content=\"L&#039;op\u00e9ration militaire am\u00e9ricaine a caus\u00e9 deux morts dans une attaque contre un navire de narcotrafic. Informez-vous sur les cons\u00e9quences.\" \/>\n<meta property=\"og:url\" content=\"https:\/\/www.webdo.tn\/fr\/actualite\/international\/deux-morts-dans-une-frappe-americaine-contre-un-bateau-de-narcotrafiquants-presumes\/392725\/\" \/>\n<meta property=\"og:site_name\" content=\"webdo\" \/>\n<meta property=\"article:publisher\" content=\"https:\/\/www.facebook.com\/webdotn\" \/>\n<meta property=\"article:published_time\" content=\"2026-02-06T10:21:27+00:00\" \/>\n<meta property=\"article:modified_time\" content=\"2026-02-06T10:21:28+00:00\" \/>\n<meta property=\"og:image\" content=\"https:\/\/www.webdo.tn\/fr\/wp-content\/uploads\/2026\/02\/reuters.jpg\" \/>\n\t<meta property=\"og:image:width\" content=\"1200\" \/>\n\t<meta property=\"og:image:height\" content=\"602\" \/>\n\t<meta property=\"og:image:type\" content=\"image\/jpeg\" \/>\n<meta name=\"author\" content=\"Mohamed Fethi\" \/>\n<meta name=\"twitter:card\" content=\"summary_large_image\" \/>\n<meta name=\"twitter:creator\" content=\"@webdo_tn\" \/>\n<meta name=\"twitter:site\" content=\"@webdo_tn\" \/>\n<meta name=\"twitter:label1\" content=\"\u00c9crit par\" \/>\n\t<meta name=\"twitter:data1\" content=\"Mohamed Fethi\" \/>\n\t<meta name=\"twitter:label2\" content=\"Dur\u00e9e de lecture estim\u00e9e\" \/>\n\t<meta name=\"twitter:data2\" content=\"2 minutes\" \/>\n<script type=\"application\/ld+json\" class=\"yoast-schema-graph\">{\"@context\":\"https:\\\/\\\/schema.org\",\"@graph\":[{\"@type\":\"NewsArticle\",\"@id\":\"https:\\\/\\\/www.webdo.tn\\\/fr\\\/actualite\\\/international\\\/deux-morts-dans-une-frappe-americaine-contre-un-bateau-de-narcotrafiquants-presumes\\\/392725\\\/#article\",\"isPartOf\":{\"@id\":\"https:\\\/\\\/www.webdo.tn\\\/fr\\\/actualite\\\/international\\\/deux-morts-dans-une-frappe-americaine-contre-un-bateau-de-narcotrafiquants-presumes\\\/392725\\\/\"},\"author\":{\"name\":\"Mohamed Fethi\",\"@id\":\"https:\\\/\\\/www.webdo.tn\\\/fr\\\/#\\\/schema\\\/person\\\/16a4857e77dfc0b610c4c2cadffc9ac4\"},\"headline\":\"Deux morts dans une frappe am\u00e9ricaine contre un bateau de narcotrafiquants pr\u00e9sum\u00e9s\",\"datePublished\":\"2026-02-06T10:21:27+00:00\",\"dateModified\":\"2026-02-06T10:21:28+00:00\",\"mainEntityOfPage\":{\"@id\":\"https:\\\/\\\/www.webdo.tn\\\/fr\\\/actualite\\\/international\\\/deux-morts-dans-une-frappe-americaine-contre-un-bateau-de-narcotrafiquants-presumes\\\/392725\\\/\"},\"wordCount\":427,\"publisher\":{\"@id\":\"https:\\\/\\\/www.webdo.tn\\\/fr\\\/#organization\"},\"image\":{\"@id\":\"https:\\\/\\\/www.webdo.tn\\\/fr\\\/actualite\\\/international\\\/deux-morts-dans-une-frappe-americaine-contre-un-bateau-de-narcotrafiquants-presumes\\\/392725\\\/#primaryimage\"},\"thumbnailUrl\":\"https:\\\/\\\/www.webdo.tn\\\/fr\\\/wp-content\\\/uploads\\\/2026\\\/02\\\/reuters.jpg\",\"keywords\":[\"frappes am\u00e9ricaines\",\"narcotrafiquants\"],\"articleSection\":[\"International\"],\"inLanguage\":\"fr-FR\"},{\"@type\":\"WebPage\",\"@id\":\"https:\\\/\\\/www.webdo.tn\\\/fr\\\/actualite\\\/international\\\/deux-morts-dans-une-frappe-americaine-contre-un-bateau-de-narcotrafiquants-presumes\\\/392725\\\/\",\"url\":\"https:\\\/\\\/www.webdo.tn\\\/fr\\\/actualite\\\/international\\\/deux-morts-dans-une-frappe-americaine-contre-un-bateau-de-narcotrafiquants-presumes\\\/392725\\\/\",\"name\":\"Deux morts dans une frappe am\u00e9ricaine contre un bateau de narcotrafiquants pr\u00e9sum\u00e9s - webdo\",\"isPartOf\":{\"@id\":\"https:\\\/\\\/www.webdo.tn\\\/fr\\\/#website\"},\"primaryImageOfPage\":{\"@id\":\"https:\\\/\\\/www.webdo.tn\\\/fr\\\/actualite\\\/international\\\/deux-morts-dans-une-frappe-americaine-contre-un-bateau-de-narcotrafiquants-presumes\\\/392725\\\/#primaryimage\"},\"image\":{\"@id\":\"https:\\\/\\\/www.webdo.tn\\\/fr\\\/actualite\\\/international\\\/deux-morts-dans-une-frappe-americaine-contre-un-bateau-de-narcotrafiquants-presumes\\\/392725\\\/#primaryimage\"},\"thumbnailUrl\":\"https:\\\/\\\/www.webdo.tn\\\/fr\\\/wp-content\\\/uploads\\\/2026\\\/02\\\/reuters.jpg\",\"datePublished\":\"2026-02-06T10:21:27+00:00\",\"dateModified\":\"2026-02-06T10:21:28+00:00\",\"description\":\"L'op\u00e9ration militaire am\u00e9ricaine a caus\u00e9 deux morts dans une attaque contre un navire de narcotrafic. Informez-vous sur les cons\u00e9quences.\",\"breadcrumb\":{\"@id\":\"https:\\\/\\\/www.webdo.tn\\\/fr\\\/actualite\\\/international\\\/deux-morts-dans-une-frappe-americaine-contre-un-bateau-de-narcotrafiquants-presumes\\\/392725\\\/#breadcrumb\"},\"inLanguage\":\"fr-FR\",\"potentialAction\":[{\"@type\":\"ReadAction\",\"target\":[\"https:\\\/\\\/www.webdo.tn\\\/fr\\\/actualite\\\/international\\\/deux-morts-dans-une-frappe-americaine-contre-un-bateau-de-narcotrafiquants-presumes\\\/392725\\\/\"]}]},{\"@type\":\"ImageObject\",\"inLanguage\":\"fr-FR\",\"@id\":\"https:\\\/\\\/www.webdo.tn\\\/fr\\\/actualite\\\/international\\\/deux-morts-dans-une-frappe-americaine-contre-un-bateau-de-narcotrafiquants-presumes\\\/392725\\\/#primaryimage\",\"url\":\"https:\\\/\\\/www.webdo.tn\\\/fr\\\/wp-content\\\/uploads\\\/2026\\\/02\\\/reuters.jpg\",\"contentUrl\":\"https:\\\/\\\/www.webdo.tn\\\/fr\\\/wp-content\\\/uploads\\\/2026\\\/02\\\/reuters.jpg\",\"width\":1200,\"height\":602,\"caption\":\"Deux morts dans une frappe am\u00e9ricaine contre un bateau de narcotrafiquants pr\u00e9sum\u00e9s\"},{\"@type\":\"BreadcrumbList\",\"@id\":\"https:\\\/\\\/www.webdo.tn\\\/fr\\\/actualite\\\/international\\\/deux-morts-dans-une-frappe-americaine-contre-un-bateau-de-narcotrafiquants-presumes\\\/392725\\\/#breadcrumb\",\"itemListElement\":[{\"@type\":\"ListItem\",\"position\":1,\"name\":\"Accueil\",\"item\":\"https:\\\/\\\/www.webdo.tn\\\/fr\\\/\"},{\"@type\":\"ListItem\",\"position\":2,\"name\":\"Deux morts dans une frappe am\u00e9ricaine contre un bateau de narcotrafiquants pr\u00e9sum\u00e9s\"}]},{\"@type\":\"WebSite\",\"@id\":\"https:\\\/\\\/www.webdo.tn\\\/fr\\\/#website\",\"url\":\"https:\\\/\\\/www.webdo.tn\\\/fr\\\/\",\"name\":\"webdo\",\"description\":\"Tunisie - News en Tunisie et \u00e0 l&#039;international sur Webdo.tn\",\"publisher\":{\"@id\":\"https:\\\/\\\/www.webdo.tn\\\/fr\\\/#organization\"},\"potentialAction\":[{\"@type\":\"SearchAction\",\"target\":{\"@type\":\"EntryPoint\",\"urlTemplate\":\"https:\\\/\\\/www.webdo.tn\\\/fr\\\/?s={search_term_string}\"},\"query-input\":{\"@type\":\"PropertyValueSpecification\",\"valueRequired\":true,\"valueName\":\"search_term_string\"}}],\"inLanguage\":\"fr-FR\"},{\"@type\":\"Organization\",\"@id\":\"https:\\\/\\\/www.webdo.tn\\\/fr\\\/#organization\",\"name\":\"Webdo\",\"alternateName\":\"Webdo.tn\",\"url\":\"https:\\\/\\\/www.webdo.tn\\\/fr\\\/\",\"logo\":{\"@type\":\"ImageObject\",\"inLanguage\":\"fr-FR\",\"@id\":\"https:\\\/\\\/www.webdo.tn\\\/fr\\\/#\\\/schema\\\/logo\\\/image\\\/\",\"url\":\"https:\\\/\\\/www.webdo.tn\\\/fr\\\/wp-content\\\/uploads\\\/2025\\\/06\\\/Webdo-Tunisie_168377.jpg\",\"contentUrl\":\"https:\\\/\\\/www.webdo.tn\\\/fr\\\/wp-content\\\/uploads\\\/2025\\\/06\\\/Webdo-Tunisie_168377.jpg\",\"width\":301,\"height\":301,\"caption\":\"Webdo\"},\"image\":{\"@id\":\"https:\\\/\\\/www.webdo.tn\\\/fr\\\/#\\\/schema\\\/logo\\\/image\\\/\"},\"sameAs\":[\"https:\\\/\\\/www.facebook.com\\\/webdotn\",\"https:\\\/\\\/x.com\\\/webdo_tn\"],\"description\":\"Webdo est un m\u00e9dia num\u00e9rique tunisien fond\u00e9 en 2010, sp\u00e9cialis\u00e9 dans l\u2019actualit\u00e9 nationale et internationale, l\u2019\u00e9conomie, la soci\u00e9t\u00e9 et les analyses politiques. Le site s\u2019adresse \u00e0 un large public francophone et couvre l\u2019information tunisienne en temps r\u00e9el.\",\"email\":\"redac@webdo.tn\",\"legalName\":\"YNJ SARL\",\"foundingDate\":\"2010-09-06\",\"numberOfEmployees\":{\"@type\":\"QuantitativeValue\",\"minValue\":\"11\",\"maxValue\":\"50\"}},{\"@type\":\"Person\",\"@id\":\"https:\\\/\\\/www.webdo.tn\\\/fr\\\/#\\\/schema\\\/person\\\/16a4857e77dfc0b610c4c2cadffc9ac4\",\"name\":\"Mohamed Fethi\",\"image\":{\"@type\":\"ImageObject\",\"inLanguage\":\"fr-FR\",\"@id\":\"https:\\\/\\\/www.webdo.tn\\\/fr\\\/wp-content\\\/uploads\\\/2026\\\/04\\\/mohamed-fethi_avatar_1-96x96.jpg\",\"url\":\"https:\\\/\\\/www.webdo.tn\\\/fr\\\/wp-content\\\/uploads\\\/2026\\\/04\\\/mohamed-fethi_avatar_1-96x96.jpg\",\"contentUrl\":\"https:\\\/\\\/www.webdo.tn\\\/fr\\\/wp-content\\\/uploads\\\/2026\\\/04\\\/mohamed-fethi_avatar_1-96x96.jpg\",\"caption\":\"Mohamed Fethi\"},\"description\":\"Signature \u00e9ditoriale de Maher Chaabane Mohamed Fethi est le pseudonyme \u00e9ditorial de Maher Chaabane, r\u00e9dacteur en chef de Webdo.tn depuis 2012. Cette signature est d\u00e9di\u00e9e au traitement intensif de l'actualit\u00e9 nationale et internationale en temps r\u00e9el. S'appuyant sur les deux d\u00e9cennies d'expertise journalistique de Maher Chaabane \u2014 d\u00e9but\u00e9e au sein du groupe Tunis Hebdo en 2000 \u2014 Mohamed Fethi assure une veille rigoureuse sur les enjeux politiques, \u00e9conomiques et sportifs. Sa mission est de garantir une information structur\u00e9e, fluide et fid\u00e8le aux standards de la r\u00e9daction. Pour consulter le parcours complet du r\u00e9dacteur en chef, visitez le profil officiel de Maher Chaabane.\",\"knowsAbout\":[\"actualit\u00e9\",\"journalisme\",\"information\",\"politique\",\"sport\",\"m\u00e9dias\",\"actualit\u00e9 internationale\"],\"knowsLanguage\":[\"Fran\u00e7ais\",\"Arabe\"],\"jobTitle\":\"Journaliste \u2013 R\u00e9daction Webdo\",\"worksFor\":\"Webdo.tn\",\"url\":\"https:\\\/\\\/www.webdo.tn\\\/fr\\\/actualite\\\/author\\\/mohamed-fethi\\\/\"}]}<\/script>\n<!-- \/ Yoast SEO Premium plugin. -->","yoast_head_json":{"title":"Deux morts dans une frappe am\u00e9ricaine contre un bateau de narcotrafiquants pr\u00e9sum\u00e9s - webdo","description":"L'op\u00e9ration militaire am\u00e9ricaine a caus\u00e9 deux morts dans une attaque contre un navire de narcotrafic. Informez-vous sur les cons\u00e9quences.","canonical":"https:\/\/www.webdo.tn\/fr\/actualite\/international\/deux-morts-dans-une-frappe-americaine-contre-un-bateau-de-narcotrafiquants-presumes\/392725\/","og_locale":"fr_FR","og_type":"article","og_title":"Deux morts dans une frappe am\u00e9ricaine contre un bateau de narcotrafiquants pr\u00e9sum\u00e9s","og_description":"L'op\u00e9ration militaire am\u00e9ricaine a caus\u00e9 deux morts dans une attaque contre un navire de narcotrafic. Informez-vous sur les cons\u00e9quences.","og_url":"https:\/\/www.webdo.tn\/fr\/actualite\/international\/deux-morts-dans-une-frappe-americaine-contre-un-bateau-de-narcotrafiquants-presumes\/392725\/","og_site_name":"webdo","article_publisher":"https:\/\/www.facebook.com\/webdotn","article_published_time":"2026-02-06T10:21:27+00:00","article_modified_time":"2026-02-06T10:21:28+00:00","og_image":[{"width":1200,"height":602,"url":"https:\/\/www.webdo.tn\/fr\/wp-content\/uploads\/2026\/02\/reuters.jpg","type":"image\/jpeg"}],"author":"Mohamed Fethi","twitter_card":"summary_large_image","twitter_creator":"@webdo_tn","twitter_site":"@webdo_tn","twitter_misc":{"\u00c9crit par":"Mohamed Fethi","Dur\u00e9e de lecture estim\u00e9e":"2 minutes"},"schema":{"@context":"https:\/\/schema.org","@graph":[{"@type":"NewsArticle","@id":"https:\/\/www.webdo.tn\/fr\/actualite\/international\/deux-morts-dans-une-frappe-americaine-contre-un-bateau-de-narcotrafiquants-presumes\/392725\/#article","isPartOf":{"@id":"https:\/\/www.webdo.tn\/fr\/actualite\/international\/deux-morts-dans-une-frappe-americaine-contre-un-bateau-de-narcotrafiquants-presumes\/392725\/"},"author":{"name":"Mohamed Fethi","@id":"https:\/\/www.webdo.tn\/fr\/#\/schema\/person\/16a4857e77dfc0b610c4c2cadffc9ac4"},"headline":"Deux morts dans une frappe am\u00e9ricaine contre un bateau de narcotrafiquants pr\u00e9sum\u00e9s","datePublished":"2026-02-06T10:21:27+00:00","dateModified":"2026-02-06T10:21:28+00:00","mainEntityOfPage":{"@id":"https:\/\/www.webdo.tn\/fr\/actualite\/international\/deux-morts-dans-une-frappe-americaine-contre-un-bateau-de-narcotrafiquants-presumes\/392725\/"},"wordCount":427,"publisher":{"@id":"https:\/\/www.webdo.tn\/fr\/#organization"},"image":{"@id":"https:\/\/www.webdo.tn\/fr\/actualite\/international\/deux-morts-dans-une-frappe-americaine-contre-un-bateau-de-narcotrafiquants-presumes\/392725\/#primaryimage"},"thumbnailUrl":"https:\/\/www.webdo.tn\/fr\/wp-content\/uploads\/2026\/02\/reuters.jpg","keywords":["frappes am\u00e9ricaines","narcotrafiquants"],"articleSection":["International"],"inLanguage":"fr-FR"},{"@type":"WebPage","@id":"https:\/\/www.webdo.tn\/fr\/actualite\/international\/deux-morts-dans-une-frappe-americaine-contre-un-bateau-de-narcotrafiquants-presumes\/392725\/","url":"https:\/\/www.webdo.tn\/fr\/actualite\/international\/deux-morts-dans-une-frappe-americaine-contre-un-bateau-de-narcotrafiquants-presumes\/392725\/","name":"Deux morts dans une frappe am\u00e9ricaine contre un bateau de narcotrafiquants pr\u00e9sum\u00e9s - webdo","isPartOf":{"@id":"https:\/\/www.webdo.tn\/fr\/#website"},"primaryImageOfPage":{"@id":"https:\/\/www.webdo.tn\/fr\/actualite\/international\/deux-morts-dans-une-frappe-americaine-contre-un-bateau-de-narcotrafiquants-presumes\/392725\/#primaryimage"},"image":{"@id":"https:\/\/www.webdo.tn\/fr\/actualite\/international\/deux-morts-dans-une-frappe-americaine-contre-un-bateau-de-narcotrafiquants-presumes\/392725\/#primaryimage"},"thumbnailUrl":"https:\/\/www.webdo.tn\/fr\/wp-content\/uploads\/2026\/02\/reuters.jpg","datePublished":"2026-02-06T10:21:27+00:00","dateModified":"2026-02-06T10:21:28+00:00","description":"L'op\u00e9ration militaire am\u00e9ricaine a caus\u00e9 deux morts dans une attaque contre un navire de narcotrafic. Informez-vous sur les cons\u00e9quences.","breadcrumb":{"@id":"https:\/\/www.webdo.tn\/fr\/actualite\/international\/deux-morts-dans-une-frappe-americaine-contre-un-bateau-de-narcotrafiquants-presumes\/392725\/#breadcrumb"},"inLanguage":"fr-FR","potentialAction":[{"@type":"ReadAction","target":["https:\/\/www.webdo.tn\/fr\/actualite\/international\/deux-morts-dans-une-frappe-americaine-contre-un-bateau-de-narcotrafiquants-presumes\/392725\/"]}]},{"@type":"ImageObject","inLanguage":"fr-FR","@id":"https:\/\/www.webdo.tn\/fr\/actualite\/international\/deux-morts-dans-une-frappe-americaine-contre-un-bateau-de-narcotrafiquants-presumes\/392725\/#primaryimage","url":"https:\/\/www.webdo.tn\/fr\/wp-content\/uploads\/2026\/02\/reuters.jpg","contentUrl":"https:\/\/www.webdo.tn\/fr\/wp-content\/uploads\/2026\/02\/reuters.jpg","width":1200,"height":602,"caption":"Deux morts dans une frappe am\u00e9ricaine contre un bateau de narcotrafiquants pr\u00e9sum\u00e9s"},{"@type":"BreadcrumbList","@id":"https:\/\/www.webdo.tn\/fr\/actualite\/international\/deux-morts-dans-une-frappe-americaine-contre-un-bateau-de-narcotrafiquants-presumes\/392725\/#breadcrumb","itemListElement":[{"@type":"ListItem","position":1,"name":"Accueil","item":"https:\/\/www.webdo.tn\/fr\/"},{"@type":"ListItem","position":2,"name":"Deux morts dans une frappe am\u00e9ricaine contre un bateau de narcotrafiquants pr\u00e9sum\u00e9s"}]},{"@type":"WebSite","@id":"https:\/\/www.webdo.tn\/fr\/#website","url":"https:\/\/www.webdo.tn\/fr\/","name":"webdo","description":"Tunisie - News en Tunisie et \u00e0 l&#039;international sur Webdo.tn","publisher":{"@id":"https:\/\/www.webdo.tn\/fr\/#organization"},"potentialAction":[{"@type":"SearchAction","target":{"@type":"EntryPoint","urlTemplate":"https:\/\/www.webdo.tn\/fr\/?s={search_term_string}"},"query-input":{"@type":"PropertyValueSpecification","valueRequired":true,"valueName":"search_term_string"}}],"inLanguage":"fr-FR"},{"@type":"Organization","@id":"https:\/\/www.webdo.tn\/fr\/#organization","name":"Webdo","alternateName":"Webdo.tn","url":"https:\/\/www.webdo.tn\/fr\/","logo":{"@type":"ImageObject","inLanguage":"fr-FR","@id":"https:\/\/www.webdo.tn\/fr\/#\/schema\/logo\/image\/","url":"https:\/\/www.webdo.tn\/fr\/wp-content\/uploads\/2025\/06\/Webdo-Tunisie_168377.jpg","contentUrl":"https:\/\/www.webdo.tn\/fr\/wp-content\/uploads\/2025\/06\/Webdo-Tunisie_168377.jpg","width":301,"height":301,"caption":"Webdo"},"image":{"@id":"https:\/\/www.webdo.tn\/fr\/#\/schema\/logo\/image\/"},"sameAs":["https:\/\/www.facebook.com\/webdotn","https:\/\/x.com\/webdo_tn"],"description":"Webdo est un m\u00e9dia num\u00e9rique tunisien fond\u00e9 en 2010, sp\u00e9cialis\u00e9 dans l\u2019actualit\u00e9 nationale et internationale, l\u2019\u00e9conomie, la soci\u00e9t\u00e9 et les analyses politiques. Le site s\u2019adresse \u00e0 un large public francophone et couvre l\u2019information tunisienne en temps r\u00e9el.","email":"redac@webdo.tn","legalName":"YNJ SARL","foundingDate":"2010-09-06","numberOfEmployees":{"@type":"QuantitativeValue","minValue":"11","maxValue":"50"}},{"@type":"Person","@id":"https:\/\/www.webdo.tn\/fr\/#\/schema\/person\/16a4857e77dfc0b610c4c2cadffc9ac4","name":"Mohamed Fethi","image":{"@type":"ImageObject","inLanguage":"fr-FR","@id":"https:\/\/www.webdo.tn\/fr\/wp-content\/uploads\/2026\/04\/mohamed-fethi_avatar_1-96x96.jpg","url":"https:\/\/www.webdo.tn\/fr\/wp-content\/uploads\/2026\/04\/mohamed-fethi_avatar_1-96x96.jpg","contentUrl":"https:\/\/www.webdo.tn\/fr\/wp-content\/uploads\/2026\/04\/mohamed-fethi_avatar_1-96x96.jpg","caption":"Mohamed Fethi"},"description":"Signature \u00e9ditoriale de Maher Chaabane Mohamed Fethi est le pseudonyme \u00e9ditorial de Maher Chaabane, r\u00e9dacteur en chef de Webdo.tn depuis 2012. Cette signature est d\u00e9di\u00e9e au traitement intensif de l'actualit\u00e9 nationale et internationale en temps r\u00e9el. S'appuyant sur les deux d\u00e9cennies d'expertise journalistique de Maher Chaabane \u2014 d\u00e9but\u00e9e au sein du groupe Tunis Hebdo en 2000 \u2014 Mohamed Fethi assure une veille rigoureuse sur les enjeux politiques, \u00e9conomiques et sportifs. Sa mission est de garantir une information structur\u00e9e, fluide et fid\u00e8le aux standards de la r\u00e9daction. Pour consulter le parcours complet du r\u00e9dacteur en chef, visitez le profil officiel de Maher Chaabane.","knowsAbout":["actualit\u00e9","journalisme","information","politique","sport","m\u00e9dias","actualit\u00e9 internationale"],"knowsLanguage":["Fran\u00e7ais","Arabe"],"jobTitle":"Journaliste \u2013 R\u00e9daction Webdo","worksFor":"Webdo.tn","url":"https:\/\/www.webdo.tn\/fr\/actualite\/author\/mohamed-fethi\/"}]}},"_links":{"self":[{"href":"https:\/\/www.webdo.tn\/fr\/wp-json\/wp\/v2\/posts\/392725","targetHints":{"allow":["GET"]}}],"collection":[{"href":"https:\/\/www.webdo.tn\/fr\/wp-json\/wp\/v2\/posts"}],"about":[{"href":"https:\/\/www.webdo.tn\/fr\/wp-json\/wp\/v2\/types\/post"}],"author":[{"embeddable":true,"href":"https:\/\/www.webdo.tn\/fr\/wp-json\/wp\/v2\/users\/4782"}],"replies":[{"embeddable":true,"href":"https:\/\/www.webdo.tn\/fr\/wp-json\/wp\/v2\/comments?post=392725"}],"version-history":[{"count":0,"href":"https:\/\/www.webdo.tn\/fr\/wp-json\/wp\/v2\/posts\/392725\/revisions"}],"wp:featuredmedia":[{"embeddable":true,"href":"https:\/\/www.webdo.tn\/fr\/wp-json\/wp\/v2\/media\/392726"}],"wp:attachment":[{"href":"https:\/\/www.webdo.tn\/fr\/wp-json\/wp\/v2\/media?parent=392725"}],"wp:term":[{"taxonomy":"category","embeddable":true,"href":"https:\/\/www.webdo.tn\/fr\/wp-json\/wp\/v2\/categories?post=392725"},{"taxonomy":"post_tag","embeddable":true,"href":"https:\/\/www.webdo.tn\/fr\/wp-json\/wp\/v2\/tags?post=392725"}],"curies":[{"name":"wp","href":"https:\/\/api.w.org\/{rel}","templated":true}]}}