{"id":392388,"date":"2026-01-31T08:46:59","date_gmt":"2026-01-31T07:46:59","guid":{"rendered":"https:\/\/www.webdo.tn\/fr\/?p=392388"},"modified":"2026-01-31T08:47:00","modified_gmt":"2026-01-31T07:47:00","slug":"tunisie-meteo-vents-violents-et-chute-marquee-des-temperatures","status":"publish","type":"post","link":"https:\/\/www.webdo.tn\/fr\/actualite\/national\/tunisie-meteo-vents-violents-et-chute-marquee-des-temperatures\/392388\/","title":{"rendered":"Tunisie &#8211; M\u00e9t\u00e9o : Vents violents et chute marqu\u00e9e des temp\u00e9ratures"},"content":{"rendered":"\n<p><strong>Un \u00e9pisode m\u00e9t\u00e9orologique agit\u00e9 traverse la Tunisie avec des vents tr\u00e8s forts attendus l\u2019apr\u00e8s-midi, une mer particuli\u00e8rement dangereuse et des pluies localement orageuses. Les r\u00e9gions du nord-ouest seront les plus expos\u00e9es notamment durant la nuit. Les temp\u00e9ratures accusent une baisse sensible sur l\u2019ensemble du pays.<\/strong><\/p>\n\n\n\n<p>Le temps s\u2019annonce parfois tr\u00e8s nuageux sur les r\u00e9gions du nord avec des pluies isol\u00e9es, temporairement orageuses, qui progresseront graduellement vers le centre et localement le sud-est. Les pr\u00e9cipitations gagneront en intensit\u00e9 durant la nuit, particuli\u00e8rement sur les zones de l\u2019extr\u00eame nord-ouest o\u00f9 des \u00e9pisodes pluvieux soutenus sont attendus.<\/p>\n\n\n\n<p>Cette configuration m\u00e9t\u00e9orologique laisse pr\u00e9sager des cumuls notables dans ces r\u00e9gions, d\u00e9j\u00e0 fortement expos\u00e9es aux perturbations hivernales.<\/p>\n\n\n\n<h2 class=\"wp-block-heading\" id=\"h-vent-tres-fort-a-violent-sur-la-majorite-du-territoire\">Vent tr\u00e8s fort \u00e0 violent sur la majorit\u00e9 du territoire<\/h2>\n\n\n\n<p>L\u2019\u00e9l\u00e9ment le plus marquant de la journ\u00e9e reste toutefois la puissance du vent. De secteur ouest, il soufflera fort \u00e0 tr\u00e8s fort sur la plupart des r\u00e9gions avec des vitesses comprises entre 60 et 80 km\/h.<\/p>\n\n\n\n<p>Des rafales pouvant atteindre temporairement 110 km\/h sont pr\u00e9vues, accompagn\u00e9es de ph\u00e9nom\u00e8nes locaux de vents de sable dans les r\u00e9gions du sud. Dans les zones foresti\u00e8res, la situation est encore plus pr\u00e9occupante, la vitesse du vent pouvant atteindre les 130 km\/h.<\/p>\n\n\n\n<p>Sous l\u2019effet de ce vent violent, l\u2019\u00e9tat de la mer se d\u00e9grade nettement. Elle sera tr\u00e8s houleuse au nord et deviendra localement violente sur les c\u00f4tes est, rendant la navigation particuli\u00e8rement risqu\u00e9e. Les activit\u00e9s maritimes et de p\u00eache pourraient \u00eatre fortement perturb\u00e9es, voire suspendues dans certaines zones.<\/p>\n\n\n\n<h2 class=\"wp-block-heading\" id=\"h-chute-des-temperatures-sur-l-ensemble-du-pays\">Chute des temp\u00e9ratures sur l\u2019ensemble du pays<\/h2>\n\n\n\n<p>Parall\u00e8lement \u00e0 ces conditions venteuses et pluvieuses, une baisse sensible des temp\u00e9ratures est enregistr\u00e9e. Les maximales oscilleront entre 9 et 14 degr\u00e9s au nord et au centre-ouest, tandis qu\u2019elles varieront entre 17 et 23 degr\u00e9s dans le reste des r\u00e9gions. Cette chute thermique accentue la sensation de froid, notamment sous l\u2019effet du vent.<\/p>\n\n\n\n<p><\/p>\n\n\n\n<blockquote class=\"wp-block-quote is-layout-flow wp-block-quote-is-layout-flow\">\n<blockquote class=\"wp-block-quote is-layout-flow wp-block-quote-is-layout-flow\">\n<p><strong>Lire aussi :<\/strong><\/p>\n\n\n\n<ul class=\"wp-block-list\">\n<li><a href=\"https:\/\/www.webdo.tn\/fr\/actualite\/national\/vents-violents-et-pluies-intenses-alerte-maximale-pour-les-usagers-de-la-route\/392376\/\">Vents violents et pluies intenses : Alerte maximale pour les usagers de la route<\/a><\/li>\n\n\n\n<li><a href=\"https:\/\/www.webdo.tn\/fr\/actualite\/national\/meteo-instabilite-atmospherique-et-vents-soutenus-sur-la-tunisie\/392345\/\">M\u00e9t\u00e9o\u00a0: Instabilit\u00e9 atmosph\u00e9rique et vents soutenus sur la Tunisie<\/a><\/li>\n\n\n\n<li><a href=\"https:\/\/www.webdo.tn\/fr\/actualite\/national\/tunisie-vers-des-extremes-meteorologiques-de-plus-en-plus-frequents\/392334\/\">Tunisie : Vers des extr\u00eames m\u00e9t\u00e9orologiques de plus en plus fr\u00e9quents?<\/a><\/li>\n<\/ul>\n<\/blockquote>\n<\/blockquote>\n","protected":false},"excerpt":{"rendered":"<p>Un \u00e9pisode m\u00e9t\u00e9orologique agit\u00e9 traverse la Tunisie avec des vents tr\u00e8s forts attendus l\u2019apr\u00e8s-midi, une mer particuli\u00e8rement dangereuse et des pluies localement orageuses. Les r\u00e9gions du nord-ouest seront les plus expos\u00e9es notamment durant la nuit. Les temp\u00e9ratures accusent une baisse sensible sur l\u2019ensemble du pays. Le temps s\u2019annonce parfois tr\u00e8s nuageux sur les r\u00e9gions du [&hellip;]<\/p>\n","protected":false},"author":4782,"featured_media":392049,"comment_status":"closed","ping_status":"closed","sticky":false,"template":"","format":"standard","meta":{"footnotes":""},"categories":[44],"tags":[2670,2671,2608,3363],"class_list":["post-392388","post","type-post","status-publish","format-standard","has-post-thumbnail","hentry","category-national","tag-meteo","tag-pluie","tag-tunisie","tag-vent"],"yoast_head":"<!-- This site is optimized with the Yoast SEO Premium plugin v27.5 (Yoast SEO v27.5) - https:\/\/yoast.com\/product\/yoast-seo-premium-wordpress\/ -->\n<title>Tunisie - M\u00e9t\u00e9o : Vents violents et chute marqu\u00e9e des temp\u00e9ratures - webdo<\/title>\n<meta name=\"description\" content=\"Anticipez les conditions m\u00e9t\u00e9orologiques en Tunisie: vents violents et baisse nette des temp\u00e9ratures, surtout dans le nord-ouest.\" \/>\n<link rel=\"canonical\" href=\"https:\/\/www.webdo.tn\/fr\/actualite\/national\/tunisie-meteo-vents-violents-et-chute-marquee-des-temperatures\/392388\/\" \/>\n<meta property=\"og:locale\" content=\"fr_FR\" \/>\n<meta property=\"og:type\" content=\"article\" \/>\n<meta property=\"og:title\" content=\"Tunisie - M\u00e9t\u00e9o : Vents violents et chute marqu\u00e9e des temp\u00e9ratures\" \/>\n<meta property=\"og:description\" content=\"Anticipez les conditions m\u00e9t\u00e9orologiques en Tunisie: vents violents et baisse nette des temp\u00e9ratures, surtout dans le nord-ouest.\" \/>\n<meta property=\"og:url\" content=\"https:\/\/www.webdo.tn\/fr\/actualite\/national\/tunisie-meteo-vents-violents-et-chute-marquee-des-temperatures\/392388\/\" \/>\n<meta property=\"og:site_name\" content=\"webdo\" \/>\n<meta property=\"article:publisher\" content=\"https:\/\/www.facebook.com\/webdotn\" \/>\n<meta property=\"article:published_time\" content=\"2026-01-31T07:46:59+00:00\" \/>\n<meta property=\"article:modified_time\" content=\"2026-01-31T07:47:00+00:00\" \/>\n<meta property=\"og:image\" content=\"https:\/\/www.webdo.tn\/fr\/wp-content\/uploads\/2026\/01\/vent.jpg\" \/>\n\t<meta property=\"og:image:width\" content=\"1200\" \/>\n\t<meta property=\"og:image:height\" content=\"603\" \/>\n\t<meta property=\"og:image:type\" content=\"image\/jpeg\" \/>\n<meta name=\"author\" content=\"Mohamed Fethi\" \/>\n<meta name=\"twitter:card\" content=\"summary_large_image\" \/>\n<meta name=\"twitter:creator\" content=\"@webdo_tn\" \/>\n<meta name=\"twitter:site\" content=\"@webdo_tn\" \/>\n<meta name=\"twitter:label1\" content=\"\u00c9crit par\" \/>\n\t<meta name=\"twitter:data1\" content=\"Mohamed Fethi\" \/>\n\t<meta name=\"twitter:label2\" content=\"Dur\u00e9e de lecture estim\u00e9e\" \/>\n\t<meta name=\"twitter:data2\" content=\"2 minutes\" \/>\n<script type=\"application\/ld+json\" class=\"yoast-schema-graph\">{\"@context\":\"https:\\\/\\\/schema.org\",\"@graph\":[{\"@type\":\"NewsArticle\",\"@id\":\"https:\\\/\\\/www.webdo.tn\\\/fr\\\/actualite\\\/national\\\/tunisie-meteo-vents-violents-et-chute-marquee-des-temperatures\\\/392388\\\/#article\",\"isPartOf\":{\"@id\":\"https:\\\/\\\/www.webdo.tn\\\/fr\\\/actualite\\\/national\\\/tunisie-meteo-vents-violents-et-chute-marquee-des-temperatures\\\/392388\\\/\"},\"author\":{\"name\":\"Mohamed Fethi\",\"@id\":\"https:\\\/\\\/www.webdo.tn\\\/fr\\\/#\\\/schema\\\/person\\\/16a4857e77dfc0b610c4c2cadffc9ac4\"},\"headline\":\"Tunisie &#8211; M\u00e9t\u00e9o : Vents violents et chute marqu\u00e9e des temp\u00e9ratures\",\"datePublished\":\"2026-01-31T07:46:59+00:00\",\"dateModified\":\"2026-01-31T07:47:00+00:00\",\"mainEntityOfPage\":{\"@id\":\"https:\\\/\\\/www.webdo.tn\\\/fr\\\/actualite\\\/national\\\/tunisie-meteo-vents-violents-et-chute-marquee-des-temperatures\\\/392388\\\/\"},\"wordCount\":409,\"publisher\":{\"@id\":\"https:\\\/\\\/www.webdo.tn\\\/fr\\\/#organization\"},\"image\":{\"@id\":\"https:\\\/\\\/www.webdo.tn\\\/fr\\\/actualite\\\/national\\\/tunisie-meteo-vents-violents-et-chute-marquee-des-temperatures\\\/392388\\\/#primaryimage\"},\"thumbnailUrl\":\"https:\\\/\\\/www.webdo.tn\\\/fr\\\/wp-content\\\/uploads\\\/2026\\\/01\\\/vent.jpg\",\"keywords\":[\"m\u00e9t\u00e9o\",\"Pluie\",\"Tunisie\",\"Vent\"],\"articleSection\":[\"National\"],\"inLanguage\":\"fr-FR\"},{\"@type\":\"WebPage\",\"@id\":\"https:\\\/\\\/www.webdo.tn\\\/fr\\\/actualite\\\/national\\\/tunisie-meteo-vents-violents-et-chute-marquee-des-temperatures\\\/392388\\\/\",\"url\":\"https:\\\/\\\/www.webdo.tn\\\/fr\\\/actualite\\\/national\\\/tunisie-meteo-vents-violents-et-chute-marquee-des-temperatures\\\/392388\\\/\",\"name\":\"Tunisie - M\u00e9t\u00e9o : Vents violents et chute marqu\u00e9e des temp\u00e9ratures - webdo\",\"isPartOf\":{\"@id\":\"https:\\\/\\\/www.webdo.tn\\\/fr\\\/#website\"},\"primaryImageOfPage\":{\"@id\":\"https:\\\/\\\/www.webdo.tn\\\/fr\\\/actualite\\\/national\\\/tunisie-meteo-vents-violents-et-chute-marquee-des-temperatures\\\/392388\\\/#primaryimage\"},\"image\":{\"@id\":\"https:\\\/\\\/www.webdo.tn\\\/fr\\\/actualite\\\/national\\\/tunisie-meteo-vents-violents-et-chute-marquee-des-temperatures\\\/392388\\\/#primaryimage\"},\"thumbnailUrl\":\"https:\\\/\\\/www.webdo.tn\\\/fr\\\/wp-content\\\/uploads\\\/2026\\\/01\\\/vent.jpg\",\"datePublished\":\"2026-01-31T07:46:59+00:00\",\"dateModified\":\"2026-01-31T07:47:00+00:00\",\"description\":\"Anticipez les conditions m\u00e9t\u00e9orologiques en Tunisie: vents violents et baisse nette des temp\u00e9ratures, surtout dans le nord-ouest.\",\"breadcrumb\":{\"@id\":\"https:\\\/\\\/www.webdo.tn\\\/fr\\\/actualite\\\/national\\\/tunisie-meteo-vents-violents-et-chute-marquee-des-temperatures\\\/392388\\\/#breadcrumb\"},\"inLanguage\":\"fr-FR\",\"potentialAction\":[{\"@type\":\"ReadAction\",\"target\":[\"https:\\\/\\\/www.webdo.tn\\\/fr\\\/actualite\\\/national\\\/tunisie-meteo-vents-violents-et-chute-marquee-des-temperatures\\\/392388\\\/\"]}]},{\"@type\":\"ImageObject\",\"inLanguage\":\"fr-FR\",\"@id\":\"https:\\\/\\\/www.webdo.tn\\\/fr\\\/actualite\\\/national\\\/tunisie-meteo-vents-violents-et-chute-marquee-des-temperatures\\\/392388\\\/#primaryimage\",\"url\":\"https:\\\/\\\/www.webdo.tn\\\/fr\\\/wp-content\\\/uploads\\\/2026\\\/01\\\/vent.jpg\",\"contentUrl\":\"https:\\\/\\\/www.webdo.tn\\\/fr\\\/wp-content\\\/uploads\\\/2026\\\/01\\\/vent.jpg\",\"width\":1200,\"height\":603,\"caption\":\"Tunisie : Vents violents et pluies au programme\"},{\"@type\":\"BreadcrumbList\",\"@id\":\"https:\\\/\\\/www.webdo.tn\\\/fr\\\/actualite\\\/national\\\/tunisie-meteo-vents-violents-et-chute-marquee-des-temperatures\\\/392388\\\/#breadcrumb\",\"itemListElement\":[{\"@type\":\"ListItem\",\"position\":1,\"name\":\"Accueil\",\"item\":\"https:\\\/\\\/www.webdo.tn\\\/fr\\\/\"},{\"@type\":\"ListItem\",\"position\":2,\"name\":\"Tunisie &#8211; M\u00e9t\u00e9o : Vents violents et chute marqu\u00e9e des temp\u00e9ratures\"}]},{\"@type\":\"WebSite\",\"@id\":\"https:\\\/\\\/www.webdo.tn\\\/fr\\\/#website\",\"url\":\"https:\\\/\\\/www.webdo.tn\\\/fr\\\/\",\"name\":\"webdo\",\"description\":\"Tunisie - News en Tunisie et \u00e0 l&#039;international sur Webdo.tn\",\"publisher\":{\"@id\":\"https:\\\/\\\/www.webdo.tn\\\/fr\\\/#organization\"},\"potentialAction\":[{\"@type\":\"SearchAction\",\"target\":{\"@type\":\"EntryPoint\",\"urlTemplate\":\"https:\\\/\\\/www.webdo.tn\\\/fr\\\/?s={search_term_string}\"},\"query-input\":{\"@type\":\"PropertyValueSpecification\",\"valueRequired\":true,\"valueName\":\"search_term_string\"}}],\"inLanguage\":\"fr-FR\"},{\"@type\":\"Organization\",\"@id\":\"https:\\\/\\\/www.webdo.tn\\\/fr\\\/#organization\",\"name\":\"Webdo\",\"alternateName\":\"Webdo.tn\",\"url\":\"https:\\\/\\\/www.webdo.tn\\\/fr\\\/\",\"logo\":{\"@type\":\"ImageObject\",\"inLanguage\":\"fr-FR\",\"@id\":\"https:\\\/\\\/www.webdo.tn\\\/fr\\\/#\\\/schema\\\/logo\\\/image\\\/\",\"url\":\"https:\\\/\\\/www.webdo.tn\\\/fr\\\/wp-content\\\/uploads\\\/2025\\\/06\\\/Webdo-Tunisie_168377.jpg\",\"contentUrl\":\"https:\\\/\\\/www.webdo.tn\\\/fr\\\/wp-content\\\/uploads\\\/2025\\\/06\\\/Webdo-Tunisie_168377.jpg\",\"width\":301,\"height\":301,\"caption\":\"Webdo\"},\"image\":{\"@id\":\"https:\\\/\\\/www.webdo.tn\\\/fr\\\/#\\\/schema\\\/logo\\\/image\\\/\"},\"sameAs\":[\"https:\\\/\\\/www.facebook.com\\\/webdotn\",\"https:\\\/\\\/x.com\\\/webdo_tn\"],\"description\":\"Webdo est un m\u00e9dia num\u00e9rique tunisien fond\u00e9 en 2010, sp\u00e9cialis\u00e9 dans l\u2019actualit\u00e9 nationale et internationale, l\u2019\u00e9conomie, la soci\u00e9t\u00e9 et les analyses politiques. Le site s\u2019adresse \u00e0 un large public francophone et couvre l\u2019information tunisienne en temps r\u00e9el.\",\"email\":\"redac@webdo.tn\",\"legalName\":\"YNJ SARL\",\"foundingDate\":\"2010-09-06\",\"numberOfEmployees\":{\"@type\":\"QuantitativeValue\",\"minValue\":\"11\",\"maxValue\":\"50\"}},{\"@type\":\"Person\",\"@id\":\"https:\\\/\\\/www.webdo.tn\\\/fr\\\/#\\\/schema\\\/person\\\/16a4857e77dfc0b610c4c2cadffc9ac4\",\"name\":\"Mohamed Fethi\",\"image\":{\"@type\":\"ImageObject\",\"inLanguage\":\"fr-FR\",\"@id\":\"https:\\\/\\\/www.webdo.tn\\\/fr\\\/wp-content\\\/uploads\\\/2026\\\/04\\\/mohamed-fethi_avatar_1-96x96.jpg\",\"url\":\"https:\\\/\\\/www.webdo.tn\\\/fr\\\/wp-content\\\/uploads\\\/2026\\\/04\\\/mohamed-fethi_avatar_1-96x96.jpg\",\"contentUrl\":\"https:\\\/\\\/www.webdo.tn\\\/fr\\\/wp-content\\\/uploads\\\/2026\\\/04\\\/mohamed-fethi_avatar_1-96x96.jpg\",\"caption\":\"Mohamed Fethi\"},\"description\":\"Signature \u00e9ditoriale de Maher Chaabane Mohamed Fethi est le pseudonyme \u00e9ditorial de Maher Chaabane, r\u00e9dacteur en chef de Webdo.tn depuis 2012. Cette signature est d\u00e9di\u00e9e au traitement intensif de l'actualit\u00e9 nationale et internationale en temps r\u00e9el. S'appuyant sur les deux d\u00e9cennies d'expertise journalistique de Maher Chaabane \u2014 d\u00e9but\u00e9e au sein du groupe Tunis Hebdo en 2000 \u2014 Mohamed Fethi assure une veille rigoureuse sur les enjeux politiques, \u00e9conomiques et sportifs. Sa mission est de garantir une information structur\u00e9e, fluide et fid\u00e8le aux standards de la r\u00e9daction. Pour consulter le parcours complet du r\u00e9dacteur en chef, visitez le profil officiel de Maher Chaabane.\",\"knowsAbout\":[\"actualit\u00e9\",\"journalisme\",\"information\",\"politique\",\"sport\",\"m\u00e9dias\",\"actualit\u00e9 internationale\"],\"knowsLanguage\":[\"Fran\u00e7ais\",\"Arabe\"],\"jobTitle\":\"Journaliste \u2013 R\u00e9daction Webdo\",\"worksFor\":\"Webdo.tn\",\"url\":\"https:\\\/\\\/www.webdo.tn\\\/fr\\\/actualite\\\/author\\\/mohamed-fethi\\\/\"}]}<\/script>\n<!-- \/ Yoast SEO Premium plugin. -->","yoast_head_json":{"title":"Tunisie - M\u00e9t\u00e9o : Vents violents et chute marqu\u00e9e des temp\u00e9ratures - webdo","description":"Anticipez les conditions m\u00e9t\u00e9orologiques en Tunisie: vents violents et baisse nette des temp\u00e9ratures, surtout dans le nord-ouest.","canonical":"https:\/\/www.webdo.tn\/fr\/actualite\/national\/tunisie-meteo-vents-violents-et-chute-marquee-des-temperatures\/392388\/","og_locale":"fr_FR","og_type":"article","og_title":"Tunisie - M\u00e9t\u00e9o : Vents violents et chute marqu\u00e9e des temp\u00e9ratures","og_description":"Anticipez les conditions m\u00e9t\u00e9orologiques en Tunisie: vents violents et baisse nette des temp\u00e9ratures, surtout dans le nord-ouest.","og_url":"https:\/\/www.webdo.tn\/fr\/actualite\/national\/tunisie-meteo-vents-violents-et-chute-marquee-des-temperatures\/392388\/","og_site_name":"webdo","article_publisher":"https:\/\/www.facebook.com\/webdotn","article_published_time":"2026-01-31T07:46:59+00:00","article_modified_time":"2026-01-31T07:47:00+00:00","og_image":[{"width":1200,"height":603,"url":"https:\/\/www.webdo.tn\/fr\/wp-content\/uploads\/2026\/01\/vent.jpg","type":"image\/jpeg"}],"author":"Mohamed Fethi","twitter_card":"summary_large_image","twitter_creator":"@webdo_tn","twitter_site":"@webdo_tn","twitter_misc":{"\u00c9crit par":"Mohamed Fethi","Dur\u00e9e de lecture estim\u00e9e":"2 minutes"},"schema":{"@context":"https:\/\/schema.org","@graph":[{"@type":"NewsArticle","@id":"https:\/\/www.webdo.tn\/fr\/actualite\/national\/tunisie-meteo-vents-violents-et-chute-marquee-des-temperatures\/392388\/#article","isPartOf":{"@id":"https:\/\/www.webdo.tn\/fr\/actualite\/national\/tunisie-meteo-vents-violents-et-chute-marquee-des-temperatures\/392388\/"},"author":{"name":"Mohamed Fethi","@id":"https:\/\/www.webdo.tn\/fr\/#\/schema\/person\/16a4857e77dfc0b610c4c2cadffc9ac4"},"headline":"Tunisie &#8211; M\u00e9t\u00e9o : Vents violents et chute marqu\u00e9e des temp\u00e9ratures","datePublished":"2026-01-31T07:46:59+00:00","dateModified":"2026-01-31T07:47:00+00:00","mainEntityOfPage":{"@id":"https:\/\/www.webdo.tn\/fr\/actualite\/national\/tunisie-meteo-vents-violents-et-chute-marquee-des-temperatures\/392388\/"},"wordCount":409,"publisher":{"@id":"https:\/\/www.webdo.tn\/fr\/#organization"},"image":{"@id":"https:\/\/www.webdo.tn\/fr\/actualite\/national\/tunisie-meteo-vents-violents-et-chute-marquee-des-temperatures\/392388\/#primaryimage"},"thumbnailUrl":"https:\/\/www.webdo.tn\/fr\/wp-content\/uploads\/2026\/01\/vent.jpg","keywords":["m\u00e9t\u00e9o","Pluie","Tunisie","Vent"],"articleSection":["National"],"inLanguage":"fr-FR"},{"@type":"WebPage","@id":"https:\/\/www.webdo.tn\/fr\/actualite\/national\/tunisie-meteo-vents-violents-et-chute-marquee-des-temperatures\/392388\/","url":"https:\/\/www.webdo.tn\/fr\/actualite\/national\/tunisie-meteo-vents-violents-et-chute-marquee-des-temperatures\/392388\/","name":"Tunisie - M\u00e9t\u00e9o : Vents violents et chute marqu\u00e9e des temp\u00e9ratures - webdo","isPartOf":{"@id":"https:\/\/www.webdo.tn\/fr\/#website"},"primaryImageOfPage":{"@id":"https:\/\/www.webdo.tn\/fr\/actualite\/national\/tunisie-meteo-vents-violents-et-chute-marquee-des-temperatures\/392388\/#primaryimage"},"image":{"@id":"https:\/\/www.webdo.tn\/fr\/actualite\/national\/tunisie-meteo-vents-violents-et-chute-marquee-des-temperatures\/392388\/#primaryimage"},"thumbnailUrl":"https:\/\/www.webdo.tn\/fr\/wp-content\/uploads\/2026\/01\/vent.jpg","datePublished":"2026-01-31T07:46:59+00:00","dateModified":"2026-01-31T07:47:00+00:00","description":"Anticipez les conditions m\u00e9t\u00e9orologiques en Tunisie: vents violents et baisse nette des temp\u00e9ratures, surtout dans le nord-ouest.","breadcrumb":{"@id":"https:\/\/www.webdo.tn\/fr\/actualite\/national\/tunisie-meteo-vents-violents-et-chute-marquee-des-temperatures\/392388\/#breadcrumb"},"inLanguage":"fr-FR","potentialAction":[{"@type":"ReadAction","target":["https:\/\/www.webdo.tn\/fr\/actualite\/national\/tunisie-meteo-vents-violents-et-chute-marquee-des-temperatures\/392388\/"]}]},{"@type":"ImageObject","inLanguage":"fr-FR","@id":"https:\/\/www.webdo.tn\/fr\/actualite\/national\/tunisie-meteo-vents-violents-et-chute-marquee-des-temperatures\/392388\/#primaryimage","url":"https:\/\/www.webdo.tn\/fr\/wp-content\/uploads\/2026\/01\/vent.jpg","contentUrl":"https:\/\/www.webdo.tn\/fr\/wp-content\/uploads\/2026\/01\/vent.jpg","width":1200,"height":603,"caption":"Tunisie : Vents violents et pluies au programme"},{"@type":"BreadcrumbList","@id":"https:\/\/www.webdo.tn\/fr\/actualite\/national\/tunisie-meteo-vents-violents-et-chute-marquee-des-temperatures\/392388\/#breadcrumb","itemListElement":[{"@type":"ListItem","position":1,"name":"Accueil","item":"https:\/\/www.webdo.tn\/fr\/"},{"@type":"ListItem","position":2,"name":"Tunisie &#8211; M\u00e9t\u00e9o : Vents violents et chute marqu\u00e9e des temp\u00e9ratures"}]},{"@type":"WebSite","@id":"https:\/\/www.webdo.tn\/fr\/#website","url":"https:\/\/www.webdo.tn\/fr\/","name":"webdo","description":"Tunisie - News en Tunisie et \u00e0 l&#039;international sur Webdo.tn","publisher":{"@id":"https:\/\/www.webdo.tn\/fr\/#organization"},"potentialAction":[{"@type":"SearchAction","target":{"@type":"EntryPoint","urlTemplate":"https:\/\/www.webdo.tn\/fr\/?s={search_term_string}"},"query-input":{"@type":"PropertyValueSpecification","valueRequired":true,"valueName":"search_term_string"}}],"inLanguage":"fr-FR"},{"@type":"Organization","@id":"https:\/\/www.webdo.tn\/fr\/#organization","name":"Webdo","alternateName":"Webdo.tn","url":"https:\/\/www.webdo.tn\/fr\/","logo":{"@type":"ImageObject","inLanguage":"fr-FR","@id":"https:\/\/www.webdo.tn\/fr\/#\/schema\/logo\/image\/","url":"https:\/\/www.webdo.tn\/fr\/wp-content\/uploads\/2025\/06\/Webdo-Tunisie_168377.jpg","contentUrl":"https:\/\/www.webdo.tn\/fr\/wp-content\/uploads\/2025\/06\/Webdo-Tunisie_168377.jpg","width":301,"height":301,"caption":"Webdo"},"image":{"@id":"https:\/\/www.webdo.tn\/fr\/#\/schema\/logo\/image\/"},"sameAs":["https:\/\/www.facebook.com\/webdotn","https:\/\/x.com\/webdo_tn"],"description":"Webdo est un m\u00e9dia num\u00e9rique tunisien fond\u00e9 en 2010, sp\u00e9cialis\u00e9 dans l\u2019actualit\u00e9 nationale et internationale, l\u2019\u00e9conomie, la soci\u00e9t\u00e9 et les analyses politiques. Le site s\u2019adresse \u00e0 un large public francophone et couvre l\u2019information tunisienne en temps r\u00e9el.","email":"redac@webdo.tn","legalName":"YNJ SARL","foundingDate":"2010-09-06","numberOfEmployees":{"@type":"QuantitativeValue","minValue":"11","maxValue":"50"}},{"@type":"Person","@id":"https:\/\/www.webdo.tn\/fr\/#\/schema\/person\/16a4857e77dfc0b610c4c2cadffc9ac4","name":"Mohamed Fethi","image":{"@type":"ImageObject","inLanguage":"fr-FR","@id":"https:\/\/www.webdo.tn\/fr\/wp-content\/uploads\/2026\/04\/mohamed-fethi_avatar_1-96x96.jpg","url":"https:\/\/www.webdo.tn\/fr\/wp-content\/uploads\/2026\/04\/mohamed-fethi_avatar_1-96x96.jpg","contentUrl":"https:\/\/www.webdo.tn\/fr\/wp-content\/uploads\/2026\/04\/mohamed-fethi_avatar_1-96x96.jpg","caption":"Mohamed Fethi"},"description":"Signature \u00e9ditoriale de Maher Chaabane Mohamed Fethi est le pseudonyme \u00e9ditorial de Maher Chaabane, r\u00e9dacteur en chef de Webdo.tn depuis 2012. Cette signature est d\u00e9di\u00e9e au traitement intensif de l'actualit\u00e9 nationale et internationale en temps r\u00e9el. S'appuyant sur les deux d\u00e9cennies d'expertise journalistique de Maher Chaabane \u2014 d\u00e9but\u00e9e au sein du groupe Tunis Hebdo en 2000 \u2014 Mohamed Fethi assure une veille rigoureuse sur les enjeux politiques, \u00e9conomiques et sportifs. Sa mission est de garantir une information structur\u00e9e, fluide et fid\u00e8le aux standards de la r\u00e9daction. Pour consulter le parcours complet du r\u00e9dacteur en chef, visitez le profil officiel de Maher Chaabane.","knowsAbout":["actualit\u00e9","journalisme","information","politique","sport","m\u00e9dias","actualit\u00e9 internationale"],"knowsLanguage":["Fran\u00e7ais","Arabe"],"jobTitle":"Journaliste \u2013 R\u00e9daction Webdo","worksFor":"Webdo.tn","url":"https:\/\/www.webdo.tn\/fr\/actualite\/author\/mohamed-fethi\/"}]}},"_links":{"self":[{"href":"https:\/\/www.webdo.tn\/fr\/wp-json\/wp\/v2\/posts\/392388","targetHints":{"allow":["GET"]}}],"collection":[{"href":"https:\/\/www.webdo.tn\/fr\/wp-json\/wp\/v2\/posts"}],"about":[{"href":"https:\/\/www.webdo.tn\/fr\/wp-json\/wp\/v2\/types\/post"}],"author":[{"embeddable":true,"href":"https:\/\/www.webdo.tn\/fr\/wp-json\/wp\/v2\/users\/4782"}],"replies":[{"embeddable":true,"href":"https:\/\/www.webdo.tn\/fr\/wp-json\/wp\/v2\/comments?post=392388"}],"version-history":[{"count":0,"href":"https:\/\/www.webdo.tn\/fr\/wp-json\/wp\/v2\/posts\/392388\/revisions"}],"wp:featuredmedia":[{"embeddable":true,"href":"https:\/\/www.webdo.tn\/fr\/wp-json\/wp\/v2\/media\/392049"}],"wp:attachment":[{"href":"https:\/\/www.webdo.tn\/fr\/wp-json\/wp\/v2\/media?parent=392388"}],"wp:term":[{"taxonomy":"category","embeddable":true,"href":"https:\/\/www.webdo.tn\/fr\/wp-json\/wp\/v2\/categories?post=392388"},{"taxonomy":"post_tag","embeddable":true,"href":"https:\/\/www.webdo.tn\/fr\/wp-json\/wp\/v2\/tags?post=392388"}],"curies":[{"name":"wp","href":"https:\/\/api.w.org\/{rel}","templated":true}]}}