{"id":392272,"date":"2026-01-29T11:25:26","date_gmt":"2026-01-29T10:25:26","guid":{"rendered":"https:\/\/www.webdo.tn\/fr\/?p=392272"},"modified":"2026-01-29T11:25:29","modified_gmt":"2026-01-29T10:25:29","slug":"pluies-abondantes-dans-le-nord-jusqua-46-mm-enregistres-en-24-heures","status":"publish","type":"post","link":"https:\/\/www.webdo.tn\/fr\/actualite\/national\/pluies-abondantes-dans-le-nord-jusqua-46-mm-enregistres-en-24-heures\/392272\/","title":{"rendered":"Pluies abondantes dans le nord : jusqu\u2019\u00e0 46 mm enregistr\u00e9s en 24 heures"},"content":{"rendered":"\n<p><strong>D\u2019importantes quantit\u00e9s de pluie ont \u00e9t\u00e9 enregistr\u00e9es dans plusieurs r\u00e9gions du nord du pays au cours des derni\u00e8res 24 heures, selon l\u2019Institut national de la m\u00e9t\u00e9orologie. Les gouvernorats du Grand Tunis, de Bizerte, de Nabeul et de Jendouba figurent parmi les zones les plus arros\u00e9es, avec des cumuls d\u00e9passant localement les 40 millim\u00e8tres.<\/strong><\/p>\n\n\n\n<p>Les r\u00e9gions du nord de la Tunisie ont connu, au cours des derni\u00e8res 24 heures, d\u2019importantes pr\u00e9cipitations, s\u2019\u00e9talant de mercredi 28 janvier 2026 \u00e0 7h du matin jusqu\u2019\u00e0 jeudi 29 janvier 2026 \u00e0 la m\u00eame heure, selon les donn\u00e9es publi\u00e9es par l\u2019Institut national de la m\u00e9t\u00e9orologie.<\/p>\n\n\n\n<h2 class=\"wp-block-heading\" id=\"h-des-pics-enregistres-dans-le-grand-tunis\">Des pics enregistr\u00e9s dans le Grand Tunis<\/h2>\n\n\n\n<p>Les plus fortes quantit\u00e9s de pluie ont \u00e9t\u00e9 relev\u00e9es dans le gouvernorat de Ben Arous, avec un maximum de 46 mm \u00e0 Rad\u00e8s et 44 mm \u00e0 M\u00e9grine. D\u2019autres localit\u00e9s de la r\u00e9gion ont \u00e9galement enregistr\u00e9 des cumuls notables, notamment Ben Arous (25 mm), Hammam-Lif (9 mm) et Boumhel (5 mm).<\/p>\n\n\n\n<p>Dans le gouvernorat de Tunis, les quantit\u00e9s ont vari\u00e9 entre 10 et 12 mm, notamment \u00e0 Tunis-Carthage, La Goulette, Sidi Bou Sa\u00efd et Tunis-Sud. \u00c0 Ariana, les cumuls ont oscill\u00e9 entre 5 et 10 mm selon les d\u00e9l\u00e9gations.<\/p>\n\n\n\n<h2 class=\"wp-block-heading\" id=\"h-bizerte-nabeul-et-jendouba-bien-arrosees\">Bizerte, Nabeul et Jendouba bien arros\u00e9es<\/h2>\n\n\n\n<p>\u00c0 Bizerte, les pr\u00e9cipitations ont \u00e9t\u00e9 particuli\u00e8rement marqu\u00e9es dans certaines zones, avec 32 mm \u00e0 Ghazala, 28 mm \u00e0 Joumine, 25 mm \u00e0 Mateur et 20 mm \u00e0 Sejnane.<\/p>\n\n\n\n<p>Le gouvernorat de Nabeul a \u00e9galement enregistr\u00e9 des quantit\u00e9s appr\u00e9ciables, notamment 22 mm \u00e0 El Mida, 21 mm \u00e0 Beni Khalled, 15 mm \u00e0 K\u00e9libia et 14 mm dans plusieurs localit\u00e9s, dont Hammamet, Dar Allouche et Takelsa.<\/p>\n\n\n\n<p>Dans le nord-ouest, Jendouba a connu des cumuls atteignant 22 mm \u00e0 A\u00efn Draham, 21 mm \u00e0 Tabarka et 21 mm \u00e0 Beni Mtir, confirmant la bonne dynamique pluviom\u00e9trique sur l\u2019ensemble de la r\u00e9gion.<\/p>\n\n\n\n<p>Les gouvernorats de B\u00e9ja, du Kef et de Siliana ont \u00e9galement b\u00e9n\u00e9fici\u00e9 de pluies significatives, avec notamment 23 mm \u00e0 Nefza, 21 mm au barrage de Kasseb, 13 mm \u00e0 la station du Kef, 12 mm \u00e0 Bargou et Bouarada et 11 mm dans plusieurs localit\u00e9s.<\/p>\n\n\n\n<p>\u00c0 Zaghouan, Manouba et dans certaines zones du Sahel et du centre, les quantit\u00e9s ont \u00e9t\u00e9 plus modestes mais r\u00e9guli\u00e8res, variant g\u00e9n\u00e9ralement entre 3 et 10 mm.<\/p>\n\n\n\n<p>Ces pr\u00e9cipitations, bien que d\u2019intensit\u00e9 variable selon les r\u00e9gions, constituent un apport important pour les cultures et les ressources hydriques.<\/p>\n\n\n\n<p><\/p>\n\n\n\n<iframe src=\"https:\/\/www.facebook.com\/plugins\/post.php?href=https%3A%2F%2Fwww.facebook.com%2FInstitut.National.Meteorologie%2Fposts%2Fpfbid02ryvdoTdEhanR1JBadepyrFQ9EjVm7dfxFk8LkSYZcWSfkJ5mhCgY6Gb1HSqNqgUjl&#038;show_text=true&#038;width=500\" width=\"500\" height=\"676\" style=\"border:none;overflow:hidden\" scrolling=\"no\" frameborder=\"0\" allowfullscreen=\"true\" allow=\"autoplay; clipboard-write; encrypted-media; picture-in-picture; web-share\"><\/iframe>\n\n\n\n<p><\/p>\n\n\n\n<blockquote class=\"wp-block-quote is-layout-flow wp-block-quote-is-layout-flow\">\n<blockquote class=\"wp-block-quote is-layout-flow wp-block-quote-is-layout-flow\">\n<p><strong>Lire aussi :<\/strong><\/p>\n\n\n\n<ul class=\"wp-block-list\">\n<li><a href=\"https:\/\/www.webdo.tn\/fr\/actualite\/regions\/tataouine-vents-violents-chutes-darbres-et-coupures-delectricite\/392257\/\">Tataouine : Vents violents, chutes d\u2019arbres et coupures d\u2019\u00e9lectricit\u00e9<\/a><\/li>\n\n\n\n<li><a href=\"https:\/\/www.webdo.tn\/fr\/actualite\/regions\/nabeul-appel-a-limiter-les-deplacements-en-raison-de-vents-violents\/392234\/\">Nabeul : Appel \u00e0 limiter les d\u00e9placements en raison de vents violents<\/a><\/li>\n\n\n\n<li><a href=\"https:\/\/www.webdo.tn\/fr\/actualite\/national\/tunisie-meteo-rafales-violentes-et-fortes-perturbations-attendues-cette-nuit-dans-plusieurs-regions\/392227\/\">Tunisie \u2013 M\u00e9t\u00e9o : Rafales violentes et fortes perturbations attendues cette nuit dans plusieurs r\u00e9gions<\/a><\/li>\n<\/ul>\n<\/blockquote>\n<\/blockquote>\n","protected":false},"excerpt":{"rendered":"<p>D\u2019importantes quantit\u00e9s de pluie ont \u00e9t\u00e9 enregistr\u00e9es dans plusieurs r\u00e9gions du nord du pays au cours des derni\u00e8res 24 heures, selon l\u2019Institut national de la m\u00e9t\u00e9orologie. Les gouvernorats du Grand Tunis, de Bizerte, de Nabeul et de Jendouba figurent parmi les zones les plus arros\u00e9es, avec des cumuls d\u00e9passant localement les 40 millim\u00e8tres. Les r\u00e9gions [&hellip;]<\/p>\n","protected":false},"author":4782,"featured_media":384069,"comment_status":"closed","ping_status":"closed","sticky":false,"template":"","format":"standard","meta":{"footnotes":""},"categories":[44],"tags":[3163,3739,2673,2608],"class_list":["post-392272","post","type-post","status-publish","format-standard","has-post-thumbnail","hentry","category-national","tag-pluies","tag-pluviometrie","tag-precipitations","tag-tunisie"],"yoast_head":"<!-- This site is optimized with the Yoast SEO Premium plugin v27.5 (Yoast SEO v27.5) - https:\/\/yoast.com\/product\/yoast-seo-premium-wordpress\/ -->\n<title>Pluies abondantes dans le nord : jusqu\u2019\u00e0 46 mm enregistr\u00e9s en 24 heures - webdo<\/title>\n<meta name=\"description\" content=\"Selon l\u2019Institut national de la m\u00e9t\u00e9orologie, des pluies abondantes dans le nord ont caus\u00e9 jusqu\u2019\u00e0 46 mm d\u2019eau en 24 heures.\" \/>\n<link rel=\"canonical\" href=\"https:\/\/www.webdo.tn\/fr\/actualite\/national\/pluies-abondantes-dans-le-nord-jusqua-46-mm-enregistres-en-24-heures\/392272\/\" \/>\n<meta property=\"og:locale\" content=\"fr_FR\" \/>\n<meta property=\"og:type\" content=\"article\" \/>\n<meta property=\"og:title\" content=\"Pluies abondantes dans le nord : jusqu\u2019\u00e0 46 mm enregistr\u00e9s en 24 heures\" \/>\n<meta property=\"og:description\" content=\"Selon l\u2019Institut national de la m\u00e9t\u00e9orologie, des pluies abondantes dans le nord ont caus\u00e9 jusqu\u2019\u00e0 46 mm d\u2019eau en 24 heures.\" \/>\n<meta property=\"og:url\" content=\"https:\/\/www.webdo.tn\/fr\/actualite\/national\/pluies-abondantes-dans-le-nord-jusqua-46-mm-enregistres-en-24-heures\/392272\/\" \/>\n<meta property=\"og:site_name\" content=\"webdo\" \/>\n<meta property=\"article:publisher\" content=\"https:\/\/www.facebook.com\/webdotn\" \/>\n<meta property=\"article:published_time\" content=\"2026-01-29T10:25:26+00:00\" \/>\n<meta property=\"article:modified_time\" content=\"2026-01-29T10:25:29+00:00\" \/>\n<meta property=\"og:image\" content=\"https:\/\/www.webdo.tn\/fr\/wp-content\/uploads\/2025\/09\/pluie-1.jpg\" \/>\n\t<meta property=\"og:image:width\" content=\"1200\" \/>\n\t<meta property=\"og:image:height\" content=\"600\" \/>\n\t<meta property=\"og:image:type\" content=\"image\/jpeg\" \/>\n<meta name=\"author\" content=\"Mohamed Fethi\" \/>\n<meta name=\"twitter:card\" content=\"summary_large_image\" \/>\n<meta name=\"twitter:creator\" content=\"@webdo_tn\" \/>\n<meta name=\"twitter:site\" content=\"@webdo_tn\" \/>\n<meta name=\"twitter:label1\" content=\"\u00c9crit par\" \/>\n\t<meta name=\"twitter:data1\" content=\"Mohamed Fethi\" \/>\n\t<meta name=\"twitter:label2\" content=\"Dur\u00e9e de lecture estim\u00e9e\" \/>\n\t<meta name=\"twitter:data2\" content=\"3 minutes\" \/>\n<script type=\"application\/ld+json\" class=\"yoast-schema-graph\">{\"@context\":\"https:\\\/\\\/schema.org\",\"@graph\":[{\"@type\":\"NewsArticle\",\"@id\":\"https:\\\/\\\/www.webdo.tn\\\/fr\\\/actualite\\\/national\\\/pluies-abondantes-dans-le-nord-jusqua-46-mm-enregistres-en-24-heures\\\/392272\\\/#article\",\"isPartOf\":{\"@id\":\"https:\\\/\\\/www.webdo.tn\\\/fr\\\/actualite\\\/national\\\/pluies-abondantes-dans-le-nord-jusqua-46-mm-enregistres-en-24-heures\\\/392272\\\/\"},\"author\":{\"name\":\"Mohamed Fethi\",\"@id\":\"https:\\\/\\\/www.webdo.tn\\\/fr\\\/#\\\/schema\\\/person\\\/16a4857e77dfc0b610c4c2cadffc9ac4\"},\"headline\":\"Pluies abondantes dans le nord : jusqu\u2019\u00e0 46 mm enregistr\u00e9s en 24 heures\",\"datePublished\":\"2026-01-29T10:25:26+00:00\",\"dateModified\":\"2026-01-29T10:25:29+00:00\",\"mainEntityOfPage\":{\"@id\":\"https:\\\/\\\/www.webdo.tn\\\/fr\\\/actualite\\\/national\\\/pluies-abondantes-dans-le-nord-jusqua-46-mm-enregistres-en-24-heures\\\/392272\\\/\"},\"wordCount\":447,\"publisher\":{\"@id\":\"https:\\\/\\\/www.webdo.tn\\\/fr\\\/#organization\"},\"image\":{\"@id\":\"https:\\\/\\\/www.webdo.tn\\\/fr\\\/actualite\\\/national\\\/pluies-abondantes-dans-le-nord-jusqua-46-mm-enregistres-en-24-heures\\\/392272\\\/#primaryimage\"},\"thumbnailUrl\":\"https:\\\/\\\/www.webdo.tn\\\/fr\\\/wp-content\\\/uploads\\\/2025\\\/09\\\/pluie-1.jpg\",\"keywords\":[\"pluies\",\"Pluviom\u00e9trie\",\"pr\u00e9cipitations\",\"Tunisie\"],\"articleSection\":[\"National\"],\"inLanguage\":\"fr-FR\"},{\"@type\":\"WebPage\",\"@id\":\"https:\\\/\\\/www.webdo.tn\\\/fr\\\/actualite\\\/national\\\/pluies-abondantes-dans-le-nord-jusqua-46-mm-enregistres-en-24-heures\\\/392272\\\/\",\"url\":\"https:\\\/\\\/www.webdo.tn\\\/fr\\\/actualite\\\/national\\\/pluies-abondantes-dans-le-nord-jusqua-46-mm-enregistres-en-24-heures\\\/392272\\\/\",\"name\":\"Pluies abondantes dans le nord : jusqu\u2019\u00e0 46 mm enregistr\u00e9s en 24 heures - webdo\",\"isPartOf\":{\"@id\":\"https:\\\/\\\/www.webdo.tn\\\/fr\\\/#website\"},\"primaryImageOfPage\":{\"@id\":\"https:\\\/\\\/www.webdo.tn\\\/fr\\\/actualite\\\/national\\\/pluies-abondantes-dans-le-nord-jusqua-46-mm-enregistres-en-24-heures\\\/392272\\\/#primaryimage\"},\"image\":{\"@id\":\"https:\\\/\\\/www.webdo.tn\\\/fr\\\/actualite\\\/national\\\/pluies-abondantes-dans-le-nord-jusqua-46-mm-enregistres-en-24-heures\\\/392272\\\/#primaryimage\"},\"thumbnailUrl\":\"https:\\\/\\\/www.webdo.tn\\\/fr\\\/wp-content\\\/uploads\\\/2025\\\/09\\\/pluie-1.jpg\",\"datePublished\":\"2026-01-29T10:25:26+00:00\",\"dateModified\":\"2026-01-29T10:25:29+00:00\",\"description\":\"Selon l\u2019Institut national de la m\u00e9t\u00e9orologie, des pluies abondantes dans le nord ont caus\u00e9 jusqu\u2019\u00e0 46 mm d\u2019eau en 24 heures.\",\"breadcrumb\":{\"@id\":\"https:\\\/\\\/www.webdo.tn\\\/fr\\\/actualite\\\/national\\\/pluies-abondantes-dans-le-nord-jusqua-46-mm-enregistres-en-24-heures\\\/392272\\\/#breadcrumb\"},\"inLanguage\":\"fr-FR\",\"potentialAction\":[{\"@type\":\"ReadAction\",\"target\":[\"https:\\\/\\\/www.webdo.tn\\\/fr\\\/actualite\\\/national\\\/pluies-abondantes-dans-le-nord-jusqua-46-mm-enregistres-en-24-heures\\\/392272\\\/\"]}]},{\"@type\":\"ImageObject\",\"inLanguage\":\"fr-FR\",\"@id\":\"https:\\\/\\\/www.webdo.tn\\\/fr\\\/actualite\\\/national\\\/pluies-abondantes-dans-le-nord-jusqua-46-mm-enregistres-en-24-heures\\\/392272\\\/#primaryimage\",\"url\":\"https:\\\/\\\/www.webdo.tn\\\/fr\\\/wp-content\\\/uploads\\\/2025\\\/09\\\/pluie-1.jpg\",\"contentUrl\":\"https:\\\/\\\/www.webdo.tn\\\/fr\\\/wp-content\\\/uploads\\\/2025\\\/09\\\/pluie-1.jpg\",\"width\":1200,\"height\":600,\"caption\":\"Tunisie : Pluies et baisse des temp\u00e9ratures attendues d\u00e8s dimanche\"},{\"@type\":\"BreadcrumbList\",\"@id\":\"https:\\\/\\\/www.webdo.tn\\\/fr\\\/actualite\\\/national\\\/pluies-abondantes-dans-le-nord-jusqua-46-mm-enregistres-en-24-heures\\\/392272\\\/#breadcrumb\",\"itemListElement\":[{\"@type\":\"ListItem\",\"position\":1,\"name\":\"Accueil\",\"item\":\"https:\\\/\\\/www.webdo.tn\\\/fr\\\/\"},{\"@type\":\"ListItem\",\"position\":2,\"name\":\"Pluies abondantes dans le nord : jusqu\u2019\u00e0 46 mm enregistr\u00e9s en 24 heures\"}]},{\"@type\":\"WebSite\",\"@id\":\"https:\\\/\\\/www.webdo.tn\\\/fr\\\/#website\",\"url\":\"https:\\\/\\\/www.webdo.tn\\\/fr\\\/\",\"name\":\"webdo\",\"description\":\"Tunisie - News en Tunisie et \u00e0 l&#039;international sur Webdo.tn\",\"publisher\":{\"@id\":\"https:\\\/\\\/www.webdo.tn\\\/fr\\\/#organization\"},\"potentialAction\":[{\"@type\":\"SearchAction\",\"target\":{\"@type\":\"EntryPoint\",\"urlTemplate\":\"https:\\\/\\\/www.webdo.tn\\\/fr\\\/?s={search_term_string}\"},\"query-input\":{\"@type\":\"PropertyValueSpecification\",\"valueRequired\":true,\"valueName\":\"search_term_string\"}}],\"inLanguage\":\"fr-FR\"},{\"@type\":\"Organization\",\"@id\":\"https:\\\/\\\/www.webdo.tn\\\/fr\\\/#organization\",\"name\":\"Webdo\",\"alternateName\":\"Webdo.tn\",\"url\":\"https:\\\/\\\/www.webdo.tn\\\/fr\\\/\",\"logo\":{\"@type\":\"ImageObject\",\"inLanguage\":\"fr-FR\",\"@id\":\"https:\\\/\\\/www.webdo.tn\\\/fr\\\/#\\\/schema\\\/logo\\\/image\\\/\",\"url\":\"https:\\\/\\\/www.webdo.tn\\\/fr\\\/wp-content\\\/uploads\\\/2025\\\/06\\\/Webdo-Tunisie_168377.jpg\",\"contentUrl\":\"https:\\\/\\\/www.webdo.tn\\\/fr\\\/wp-content\\\/uploads\\\/2025\\\/06\\\/Webdo-Tunisie_168377.jpg\",\"width\":301,\"height\":301,\"caption\":\"Webdo\"},\"image\":{\"@id\":\"https:\\\/\\\/www.webdo.tn\\\/fr\\\/#\\\/schema\\\/logo\\\/image\\\/\"},\"sameAs\":[\"https:\\\/\\\/www.facebook.com\\\/webdotn\",\"https:\\\/\\\/x.com\\\/webdo_tn\"],\"description\":\"Webdo est un m\u00e9dia num\u00e9rique tunisien fond\u00e9 en 2010, sp\u00e9cialis\u00e9 dans l\u2019actualit\u00e9 nationale et internationale, l\u2019\u00e9conomie, la soci\u00e9t\u00e9 et les analyses politiques. Le site s\u2019adresse \u00e0 un large public francophone et couvre l\u2019information tunisienne en temps r\u00e9el.\",\"email\":\"redac@webdo.tn\",\"legalName\":\"YNJ SARL\",\"foundingDate\":\"2010-09-06\",\"numberOfEmployees\":{\"@type\":\"QuantitativeValue\",\"minValue\":\"11\",\"maxValue\":\"50\"}},{\"@type\":\"Person\",\"@id\":\"https:\\\/\\\/www.webdo.tn\\\/fr\\\/#\\\/schema\\\/person\\\/16a4857e77dfc0b610c4c2cadffc9ac4\",\"name\":\"Mohamed Fethi\",\"image\":{\"@type\":\"ImageObject\",\"inLanguage\":\"fr-FR\",\"@id\":\"https:\\\/\\\/www.webdo.tn\\\/fr\\\/wp-content\\\/uploads\\\/2026\\\/04\\\/mohamed-fethi_avatar_1-96x96.jpg\",\"url\":\"https:\\\/\\\/www.webdo.tn\\\/fr\\\/wp-content\\\/uploads\\\/2026\\\/04\\\/mohamed-fethi_avatar_1-96x96.jpg\",\"contentUrl\":\"https:\\\/\\\/www.webdo.tn\\\/fr\\\/wp-content\\\/uploads\\\/2026\\\/04\\\/mohamed-fethi_avatar_1-96x96.jpg\",\"caption\":\"Mohamed Fethi\"},\"description\":\"Signature \u00e9ditoriale de Maher Chaabane Mohamed Fethi est le pseudonyme \u00e9ditorial de Maher Chaabane, r\u00e9dacteur en chef de Webdo.tn depuis 2012. Cette signature est d\u00e9di\u00e9e au traitement intensif de l'actualit\u00e9 nationale et internationale en temps r\u00e9el. S'appuyant sur les deux d\u00e9cennies d'expertise journalistique de Maher Chaabane \u2014 d\u00e9but\u00e9e au sein du groupe Tunis Hebdo en 2000 \u2014 Mohamed Fethi assure une veille rigoureuse sur les enjeux politiques, \u00e9conomiques et sportifs. Sa mission est de garantir une information structur\u00e9e, fluide et fid\u00e8le aux standards de la r\u00e9daction. Pour consulter le parcours complet du r\u00e9dacteur en chef, visitez le profil officiel de Maher Chaabane.\",\"knowsAbout\":[\"actualit\u00e9\",\"journalisme\",\"information\",\"politique\",\"sport\",\"m\u00e9dias\",\"actualit\u00e9 internationale\"],\"knowsLanguage\":[\"Fran\u00e7ais\",\"Arabe\"],\"jobTitle\":\"Journaliste \u2013 R\u00e9daction Webdo\",\"worksFor\":\"Webdo.tn\",\"url\":\"https:\\\/\\\/www.webdo.tn\\\/fr\\\/actualite\\\/author\\\/mohamed-fethi\\\/\"}]}<\/script>\n<!-- \/ Yoast SEO Premium plugin. -->","yoast_head_json":{"title":"Pluies abondantes dans le nord : jusqu\u2019\u00e0 46 mm enregistr\u00e9s en 24 heures - webdo","description":"Selon l\u2019Institut national de la m\u00e9t\u00e9orologie, des pluies abondantes dans le nord ont caus\u00e9 jusqu\u2019\u00e0 46 mm d\u2019eau en 24 heures.","canonical":"https:\/\/www.webdo.tn\/fr\/actualite\/national\/pluies-abondantes-dans-le-nord-jusqua-46-mm-enregistres-en-24-heures\/392272\/","og_locale":"fr_FR","og_type":"article","og_title":"Pluies abondantes dans le nord : jusqu\u2019\u00e0 46 mm enregistr\u00e9s en 24 heures","og_description":"Selon l\u2019Institut national de la m\u00e9t\u00e9orologie, des pluies abondantes dans le nord ont caus\u00e9 jusqu\u2019\u00e0 46 mm d\u2019eau en 24 heures.","og_url":"https:\/\/www.webdo.tn\/fr\/actualite\/national\/pluies-abondantes-dans-le-nord-jusqua-46-mm-enregistres-en-24-heures\/392272\/","og_site_name":"webdo","article_publisher":"https:\/\/www.facebook.com\/webdotn","article_published_time":"2026-01-29T10:25:26+00:00","article_modified_time":"2026-01-29T10:25:29+00:00","og_image":[{"width":1200,"height":600,"url":"https:\/\/www.webdo.tn\/fr\/wp-content\/uploads\/2025\/09\/pluie-1.jpg","type":"image\/jpeg"}],"author":"Mohamed Fethi","twitter_card":"summary_large_image","twitter_creator":"@webdo_tn","twitter_site":"@webdo_tn","twitter_misc":{"\u00c9crit par":"Mohamed Fethi","Dur\u00e9e de lecture estim\u00e9e":"3 minutes"},"schema":{"@context":"https:\/\/schema.org","@graph":[{"@type":"NewsArticle","@id":"https:\/\/www.webdo.tn\/fr\/actualite\/national\/pluies-abondantes-dans-le-nord-jusqua-46-mm-enregistres-en-24-heures\/392272\/#article","isPartOf":{"@id":"https:\/\/www.webdo.tn\/fr\/actualite\/national\/pluies-abondantes-dans-le-nord-jusqua-46-mm-enregistres-en-24-heures\/392272\/"},"author":{"name":"Mohamed Fethi","@id":"https:\/\/www.webdo.tn\/fr\/#\/schema\/person\/16a4857e77dfc0b610c4c2cadffc9ac4"},"headline":"Pluies abondantes dans le nord : jusqu\u2019\u00e0 46 mm enregistr\u00e9s en 24 heures","datePublished":"2026-01-29T10:25:26+00:00","dateModified":"2026-01-29T10:25:29+00:00","mainEntityOfPage":{"@id":"https:\/\/www.webdo.tn\/fr\/actualite\/national\/pluies-abondantes-dans-le-nord-jusqua-46-mm-enregistres-en-24-heures\/392272\/"},"wordCount":447,"publisher":{"@id":"https:\/\/www.webdo.tn\/fr\/#organization"},"image":{"@id":"https:\/\/www.webdo.tn\/fr\/actualite\/national\/pluies-abondantes-dans-le-nord-jusqua-46-mm-enregistres-en-24-heures\/392272\/#primaryimage"},"thumbnailUrl":"https:\/\/www.webdo.tn\/fr\/wp-content\/uploads\/2025\/09\/pluie-1.jpg","keywords":["pluies","Pluviom\u00e9trie","pr\u00e9cipitations","Tunisie"],"articleSection":["National"],"inLanguage":"fr-FR"},{"@type":"WebPage","@id":"https:\/\/www.webdo.tn\/fr\/actualite\/national\/pluies-abondantes-dans-le-nord-jusqua-46-mm-enregistres-en-24-heures\/392272\/","url":"https:\/\/www.webdo.tn\/fr\/actualite\/national\/pluies-abondantes-dans-le-nord-jusqua-46-mm-enregistres-en-24-heures\/392272\/","name":"Pluies abondantes dans le nord : jusqu\u2019\u00e0 46 mm enregistr\u00e9s en 24 heures - webdo","isPartOf":{"@id":"https:\/\/www.webdo.tn\/fr\/#website"},"primaryImageOfPage":{"@id":"https:\/\/www.webdo.tn\/fr\/actualite\/national\/pluies-abondantes-dans-le-nord-jusqua-46-mm-enregistres-en-24-heures\/392272\/#primaryimage"},"image":{"@id":"https:\/\/www.webdo.tn\/fr\/actualite\/national\/pluies-abondantes-dans-le-nord-jusqua-46-mm-enregistres-en-24-heures\/392272\/#primaryimage"},"thumbnailUrl":"https:\/\/www.webdo.tn\/fr\/wp-content\/uploads\/2025\/09\/pluie-1.jpg","datePublished":"2026-01-29T10:25:26+00:00","dateModified":"2026-01-29T10:25:29+00:00","description":"Selon l\u2019Institut national de la m\u00e9t\u00e9orologie, des pluies abondantes dans le nord ont caus\u00e9 jusqu\u2019\u00e0 46 mm d\u2019eau en 24 heures.","breadcrumb":{"@id":"https:\/\/www.webdo.tn\/fr\/actualite\/national\/pluies-abondantes-dans-le-nord-jusqua-46-mm-enregistres-en-24-heures\/392272\/#breadcrumb"},"inLanguage":"fr-FR","potentialAction":[{"@type":"ReadAction","target":["https:\/\/www.webdo.tn\/fr\/actualite\/national\/pluies-abondantes-dans-le-nord-jusqua-46-mm-enregistres-en-24-heures\/392272\/"]}]},{"@type":"ImageObject","inLanguage":"fr-FR","@id":"https:\/\/www.webdo.tn\/fr\/actualite\/national\/pluies-abondantes-dans-le-nord-jusqua-46-mm-enregistres-en-24-heures\/392272\/#primaryimage","url":"https:\/\/www.webdo.tn\/fr\/wp-content\/uploads\/2025\/09\/pluie-1.jpg","contentUrl":"https:\/\/www.webdo.tn\/fr\/wp-content\/uploads\/2025\/09\/pluie-1.jpg","width":1200,"height":600,"caption":"Tunisie : Pluies et baisse des temp\u00e9ratures attendues d\u00e8s dimanche"},{"@type":"BreadcrumbList","@id":"https:\/\/www.webdo.tn\/fr\/actualite\/national\/pluies-abondantes-dans-le-nord-jusqua-46-mm-enregistres-en-24-heures\/392272\/#breadcrumb","itemListElement":[{"@type":"ListItem","position":1,"name":"Accueil","item":"https:\/\/www.webdo.tn\/fr\/"},{"@type":"ListItem","position":2,"name":"Pluies abondantes dans le nord : jusqu\u2019\u00e0 46 mm enregistr\u00e9s en 24 heures"}]},{"@type":"WebSite","@id":"https:\/\/www.webdo.tn\/fr\/#website","url":"https:\/\/www.webdo.tn\/fr\/","name":"webdo","description":"Tunisie - News en Tunisie et \u00e0 l&#039;international sur Webdo.tn","publisher":{"@id":"https:\/\/www.webdo.tn\/fr\/#organization"},"potentialAction":[{"@type":"SearchAction","target":{"@type":"EntryPoint","urlTemplate":"https:\/\/www.webdo.tn\/fr\/?s={search_term_string}"},"query-input":{"@type":"PropertyValueSpecification","valueRequired":true,"valueName":"search_term_string"}}],"inLanguage":"fr-FR"},{"@type":"Organization","@id":"https:\/\/www.webdo.tn\/fr\/#organization","name":"Webdo","alternateName":"Webdo.tn","url":"https:\/\/www.webdo.tn\/fr\/","logo":{"@type":"ImageObject","inLanguage":"fr-FR","@id":"https:\/\/www.webdo.tn\/fr\/#\/schema\/logo\/image\/","url":"https:\/\/www.webdo.tn\/fr\/wp-content\/uploads\/2025\/06\/Webdo-Tunisie_168377.jpg","contentUrl":"https:\/\/www.webdo.tn\/fr\/wp-content\/uploads\/2025\/06\/Webdo-Tunisie_168377.jpg","width":301,"height":301,"caption":"Webdo"},"image":{"@id":"https:\/\/www.webdo.tn\/fr\/#\/schema\/logo\/image\/"},"sameAs":["https:\/\/www.facebook.com\/webdotn","https:\/\/x.com\/webdo_tn"],"description":"Webdo est un m\u00e9dia num\u00e9rique tunisien fond\u00e9 en 2010, sp\u00e9cialis\u00e9 dans l\u2019actualit\u00e9 nationale et internationale, l\u2019\u00e9conomie, la soci\u00e9t\u00e9 et les analyses politiques. Le site s\u2019adresse \u00e0 un large public francophone et couvre l\u2019information tunisienne en temps r\u00e9el.","email":"redac@webdo.tn","legalName":"YNJ SARL","foundingDate":"2010-09-06","numberOfEmployees":{"@type":"QuantitativeValue","minValue":"11","maxValue":"50"}},{"@type":"Person","@id":"https:\/\/www.webdo.tn\/fr\/#\/schema\/person\/16a4857e77dfc0b610c4c2cadffc9ac4","name":"Mohamed Fethi","image":{"@type":"ImageObject","inLanguage":"fr-FR","@id":"https:\/\/www.webdo.tn\/fr\/wp-content\/uploads\/2026\/04\/mohamed-fethi_avatar_1-96x96.jpg","url":"https:\/\/www.webdo.tn\/fr\/wp-content\/uploads\/2026\/04\/mohamed-fethi_avatar_1-96x96.jpg","contentUrl":"https:\/\/www.webdo.tn\/fr\/wp-content\/uploads\/2026\/04\/mohamed-fethi_avatar_1-96x96.jpg","caption":"Mohamed Fethi"},"description":"Signature \u00e9ditoriale de Maher Chaabane Mohamed Fethi est le pseudonyme \u00e9ditorial de Maher Chaabane, r\u00e9dacteur en chef de Webdo.tn depuis 2012. Cette signature est d\u00e9di\u00e9e au traitement intensif de l'actualit\u00e9 nationale et internationale en temps r\u00e9el. S'appuyant sur les deux d\u00e9cennies d'expertise journalistique de Maher Chaabane \u2014 d\u00e9but\u00e9e au sein du groupe Tunis Hebdo en 2000 \u2014 Mohamed Fethi assure une veille rigoureuse sur les enjeux politiques, \u00e9conomiques et sportifs. Sa mission est de garantir une information structur\u00e9e, fluide et fid\u00e8le aux standards de la r\u00e9daction. Pour consulter le parcours complet du r\u00e9dacteur en chef, visitez le profil officiel de Maher Chaabane.","knowsAbout":["actualit\u00e9","journalisme","information","politique","sport","m\u00e9dias","actualit\u00e9 internationale"],"knowsLanguage":["Fran\u00e7ais","Arabe"],"jobTitle":"Journaliste \u2013 R\u00e9daction Webdo","worksFor":"Webdo.tn","url":"https:\/\/www.webdo.tn\/fr\/actualite\/author\/mohamed-fethi\/"}]}},"_links":{"self":[{"href":"https:\/\/www.webdo.tn\/fr\/wp-json\/wp\/v2\/posts\/392272","targetHints":{"allow":["GET"]}}],"collection":[{"href":"https:\/\/www.webdo.tn\/fr\/wp-json\/wp\/v2\/posts"}],"about":[{"href":"https:\/\/www.webdo.tn\/fr\/wp-json\/wp\/v2\/types\/post"}],"author":[{"embeddable":true,"href":"https:\/\/www.webdo.tn\/fr\/wp-json\/wp\/v2\/users\/4782"}],"replies":[{"embeddable":true,"href":"https:\/\/www.webdo.tn\/fr\/wp-json\/wp\/v2\/comments?post=392272"}],"version-history":[{"count":0,"href":"https:\/\/www.webdo.tn\/fr\/wp-json\/wp\/v2\/posts\/392272\/revisions"}],"wp:featuredmedia":[{"embeddable":true,"href":"https:\/\/www.webdo.tn\/fr\/wp-json\/wp\/v2\/media\/384069"}],"wp:attachment":[{"href":"https:\/\/www.webdo.tn\/fr\/wp-json\/wp\/v2\/media?parent=392272"}],"wp:term":[{"taxonomy":"category","embeddable":true,"href":"https:\/\/www.webdo.tn\/fr\/wp-json\/wp\/v2\/categories?post=392272"},{"taxonomy":"post_tag","embeddable":true,"href":"https:\/\/www.webdo.tn\/fr\/wp-json\/wp\/v2\/tags?post=392272"}],"curies":[{"name":"wp","href":"https:\/\/api.w.org\/{rel}","templated":true}]}}