{"id":392257,"date":"2026-01-29T09:54:48","date_gmt":"2026-01-29T08:54:48","guid":{"rendered":"https:\/\/www.webdo.tn\/fr\/?p=392257"},"modified":"2026-01-29T11:27:27","modified_gmt":"2026-01-29T10:27:27","slug":"tataouine-vents-violents-chutes-darbres-et-coupures-delectricite","status":"publish","type":"post","link":"https:\/\/www.webdo.tn\/fr\/actualite\/regions\/tataouine-vents-violents-chutes-darbres-et-coupures-delectricite\/392257\/","title":{"rendered":"Tataouine : Vents violents, chutes d\u2019arbres et coupures d\u2019\u00e9lectricit\u00e9"},"content":{"rendered":"\n<p><strong>De violentes rafales de vent, charg\u00e9es de sable, ont balay\u00e9 le gouvernorat de Tataouine dans la nuit de mercredi \u00e0 jeudi, provoquant des chutes d\u2019arbres et des coupures temporaires d\u2019\u00e9lectricit\u00e9 dans plusieurs zones, sans faire de bless\u00e9s, selon les autorit\u00e9s r\u00e9gionales. Les conditions m\u00e9t\u00e9orologiques ont \u00e9galement perturb\u00e9 la circulation routi\u00e8re, notamment sur certains axes strat\u00e9giques du sud-est du pays.<\/strong><\/p>\n\n\n\n<p>Selon des sources r\u00e9gionales, les vents forts ont affect\u00e9 plusieurs localit\u00e9s, entra\u00eenant des interruptions ponctuelles de l\u2019alimentation \u00e9lectrique. Les \u00e9quipes de la Soci\u00e9t\u00e9 tunisienne de l\u2019\u00e9lectricit\u00e9 et du gaz (STEG) sont intervenues afin de r\u00e9parer les pannes signal\u00e9es et r\u00e9tablir progressivement le courant dans les zones touch\u00e9es.<\/p>\n\n\n\n<p><\/p>\n\n\n<div class=\"wp-block-image\">\n<figure class=\"aligncenter size-full\"><img decoding=\"async\" width=\"720\" height=\"768\" src=\"https:\/\/www.webdo.tn\/fr\/wp-content\/uploads\/2026\/01\/Tataouine-1.jpg\" alt=\"\" class=\"wp-image-392258\" srcset=\"https:\/\/www.webdo.tn\/fr\/wp-content\/uploads\/2026\/01\/Tataouine-1.jpg 720w, https:\/\/www.webdo.tn\/fr\/wp-content\/uploads\/2026\/01\/Tataouine-1-281x300.jpg 281w\" sizes=\"(max-width: 720px) 100vw, 720px\" \/><figcaption class=\"wp-element-caption\">Photo: Facebook.com\/tatawinisme2<\/figcaption><\/figure>\n<\/div>\n\n\n<p><\/p>\n\n\n\n<h2 class=\"wp-block-heading\" id=\"h-circulation-perturbee-et-visibilite-reduite\">Circulation perturb\u00e9e et visibilit\u00e9 r\u00e9duite<\/h2>\n\n\n\n<p>Les mauvaises conditions m\u00e9t\u00e9orologiques ont eu un impact notable sur la circulation routi\u00e8re, en particulier sur l\u2019axe reliant le centre-ville de Tataouine au poste-fronti\u00e8re de Dhehiba\u2013Wazen, via les d\u00e9l\u00e9gations de Remada et de Dhehiba. Les vents violents, combin\u00e9s aux soul\u00e8vements de sable, ont fortement r\u00e9duit la visibilit\u00e9, compliquant les d\u00e9placements et ralentissant le trafic sur plusieurs tron\u00e7ons.<\/p>\n\n\n\n<p>Face \u00e0 cette situation, les autorit\u00e9s r\u00e9gionales ont appel\u00e9 les usagers de la route \u00e0 faire preuve de la plus grande vigilance, \u00e0 respecter strictement les r\u00e8gles de s\u00e9curit\u00e9 et \u00e0 \u00e9viter les d\u00e9placements non indispensables jusqu\u2019\u00e0 une am\u00e9lioration des conditions m\u00e9t\u00e9orologiques.<\/p>\n\n\n\n<p>Aucune perte humaine ni blessure n\u2019a \u00e9t\u00e9 signal\u00e9e \u00e0 ce stade. Les services concern\u00e9s demeurent toutefois mobilis\u00e9s pour suivre l\u2019\u00e9volution de la situation et intervenir rapidement en cas de nouveaux incidents.<\/p>\n\n\n<div class=\"wp-block-image\">\n<figure class=\"aligncenter size-full\"><img decoding=\"async\" width=\"720\" height=\"699\" src=\"https:\/\/www.webdo.tn\/fr\/wp-content\/uploads\/2026\/01\/Tataouine-3.jpg\" alt=\"\" class=\"wp-image-392259\" srcset=\"https:\/\/www.webdo.tn\/fr\/wp-content\/uploads\/2026\/01\/Tataouine-3.jpg 720w, https:\/\/www.webdo.tn\/fr\/wp-content\/uploads\/2026\/01\/Tataouine-3-300x291.jpg 300w\" sizes=\"(max-width: 720px) 100vw, 720px\" \/><figcaption class=\"wp-element-caption\">Photo: Facebook.com\/tatawinisme2<\/figcaption><\/figure>\n<\/div>\n\n\n<p><\/p>\n\n\n\n<blockquote class=\"wp-block-quote is-layout-flow wp-block-quote-is-layout-flow\">\n<blockquote class=\"wp-block-quote is-layout-flow wp-block-quote-is-layout-flow\">\n<p><strong>Lire aussi :<\/strong><\/p>\n\n\n\n<ul class=\"wp-block-list\">\n<li><a href=\"https:\/\/www.webdo.tn\/fr\/actualite\/regions\/nabeul-appel-a-limiter-les-deplacements-en-raison-de-vents-violents\/392234\/\">Nabeul : Appel \u00e0 limiter les d\u00e9placements en raison de vents violents<\/a><\/li>\n\n\n\n<li><a href=\"https:\/\/www.webdo.tn\/fr\/actualite\/national\/tunisie-meteo-rafales-violentes-et-fortes-perturbations-attendues-cette-nuit-dans-plusieurs-regions\/392227\/\">Tunisie \u2013 M\u00e9t\u00e9o : Rafales violentes et fortes perturbations attendues cette nuit dans plusieurs r\u00e9gions<\/a><\/li>\n<\/ul>\n<\/blockquote>\n<\/blockquote>\n","protected":false},"excerpt":{"rendered":"<p>De violentes rafales de vent, charg\u00e9es de sable, ont balay\u00e9 le gouvernorat de Tataouine dans la nuit de mercredi \u00e0 jeudi, provoquant des chutes d\u2019arbres et des coupures temporaires d\u2019\u00e9lectricit\u00e9 dans plusieurs zones, sans faire de bless\u00e9s, selon les autorit\u00e9s r\u00e9gionales. Les conditions m\u00e9t\u00e9orologiques ont \u00e9galement perturb\u00e9 la circulation routi\u00e8re, notamment sur certains axes strat\u00e9giques [&hellip;]<\/p>\n","protected":false},"author":4782,"featured_media":392260,"comment_status":"closed","ping_status":"closed","sticky":false,"template":"","format":"standard","meta":{"footnotes":""},"categories":[2595],"tags":[2670,12927,2805,2608,3363],"class_list":["post-392257","post","type-post","status-publish","format-standard","has-post-thumbnail","hentry","category-regions","tag-meteo","tag-rafales","tag-tataouine","tag-tunisie","tag-vent"],"yoast_head":"<!-- This site is optimized with the Yoast SEO Premium plugin v27.5 (Yoast SEO v27.5) - https:\/\/yoast.com\/product\/yoast-seo-premium-wordpress\/ -->\n<title>Tataouine : Vents violents, chutes d\u2019arbres et coupures d\u2019\u00e9lectricit\u00e9 - webdo<\/title>\n<meta name=\"description\" content=\"Des vents violents \u00e0 Tataouine ont caus\u00e9 des chutes d\u2019arbres et des coupures d\u2019\u00e9lectricit\u00e9. Restez inform\u00e9s des mesures de s\u00e9curit\u00e9.\" \/>\n<link rel=\"canonical\" href=\"https:\/\/www.webdo.tn\/fr\/actualite\/regions\/tataouine-vents-violents-chutes-darbres-et-coupures-delectricite\/392257\/\" \/>\n<meta property=\"og:locale\" content=\"fr_FR\" \/>\n<meta property=\"og:type\" content=\"article\" \/>\n<meta property=\"og:title\" content=\"Tataouine : Vents violents, chutes d\u2019arbres et coupures d\u2019\u00e9lectricit\u00e9\" \/>\n<meta property=\"og:description\" content=\"Des vents violents \u00e0 Tataouine ont caus\u00e9 des chutes d\u2019arbres et des coupures d\u2019\u00e9lectricit\u00e9. Restez inform\u00e9s des mesures de s\u00e9curit\u00e9.\" \/>\n<meta property=\"og:url\" content=\"https:\/\/www.webdo.tn\/fr\/actualite\/regions\/tataouine-vents-violents-chutes-darbres-et-coupures-delectricite\/392257\/\" \/>\n<meta property=\"og:site_name\" content=\"webdo\" \/>\n<meta property=\"article:publisher\" content=\"https:\/\/www.facebook.com\/webdotn\" \/>\n<meta property=\"article:published_time\" content=\"2026-01-29T08:54:48+00:00\" \/>\n<meta property=\"article:modified_time\" content=\"2026-01-29T10:27:27+00:00\" \/>\n<meta property=\"og:image\" content=\"https:\/\/www.webdo.tn\/fr\/wp-content\/uploads\/2026\/01\/Tataouine-2.jpg\" \/>\n\t<meta property=\"og:image:width\" content=\"1200\" \/>\n\t<meta property=\"og:image:height\" content=\"602\" \/>\n\t<meta property=\"og:image:type\" content=\"image\/jpeg\" \/>\n<meta name=\"author\" content=\"Mohamed Fethi\" \/>\n<meta name=\"twitter:card\" content=\"summary_large_image\" \/>\n<meta name=\"twitter:creator\" content=\"@webdo_tn\" \/>\n<meta name=\"twitter:site\" content=\"@webdo_tn\" \/>\n<meta name=\"twitter:label1\" content=\"\u00c9crit par\" \/>\n\t<meta name=\"twitter:data1\" content=\"Mohamed Fethi\" \/>\n\t<meta name=\"twitter:label2\" content=\"Dur\u00e9e de lecture estim\u00e9e\" \/>\n\t<meta name=\"twitter:data2\" content=\"2 minutes\" \/>\n<script type=\"application\/ld+json\" class=\"yoast-schema-graph\">{\"@context\":\"https:\\\/\\\/schema.org\",\"@graph\":[{\"@type\":\"NewsArticle\",\"@id\":\"https:\\\/\\\/www.webdo.tn\\\/fr\\\/actualite\\\/regions\\\/tataouine-vents-violents-chutes-darbres-et-coupures-delectricite\\\/392257\\\/#article\",\"isPartOf\":{\"@id\":\"https:\\\/\\\/www.webdo.tn\\\/fr\\\/actualite\\\/regions\\\/tataouine-vents-violents-chutes-darbres-et-coupures-delectricite\\\/392257\\\/\"},\"author\":{\"name\":\"Mohamed Fethi\",\"@id\":\"https:\\\/\\\/www.webdo.tn\\\/fr\\\/#\\\/schema\\\/person\\\/16a4857e77dfc0b610c4c2cadffc9ac4\"},\"headline\":\"Tataouine : Vents violents, chutes d\u2019arbres et coupures d\u2019\u00e9lectricit\u00e9\",\"datePublished\":\"2026-01-29T08:54:48+00:00\",\"dateModified\":\"2026-01-29T10:27:27+00:00\",\"mainEntityOfPage\":{\"@id\":\"https:\\\/\\\/www.webdo.tn\\\/fr\\\/actualite\\\/regions\\\/tataouine-vents-violents-chutes-darbres-et-coupures-delectricite\\\/392257\\\/\"},\"wordCount\":330,\"publisher\":{\"@id\":\"https:\\\/\\\/www.webdo.tn\\\/fr\\\/#organization\"},\"image\":{\"@id\":\"https:\\\/\\\/www.webdo.tn\\\/fr\\\/actualite\\\/regions\\\/tataouine-vents-violents-chutes-darbres-et-coupures-delectricite\\\/392257\\\/#primaryimage\"},\"thumbnailUrl\":\"https:\\\/\\\/www.webdo.tn\\\/fr\\\/wp-content\\\/uploads\\\/2026\\\/01\\\/Tataouine-2.jpg\",\"keywords\":[\"m\u00e9t\u00e9o\",\"rafales\",\"Tataouine\",\"Tunisie\",\"Vent\"],\"articleSection\":[\"regions\"],\"inLanguage\":\"fr-FR\"},{\"@type\":\"WebPage\",\"@id\":\"https:\\\/\\\/www.webdo.tn\\\/fr\\\/actualite\\\/regions\\\/tataouine-vents-violents-chutes-darbres-et-coupures-delectricite\\\/392257\\\/\",\"url\":\"https:\\\/\\\/www.webdo.tn\\\/fr\\\/actualite\\\/regions\\\/tataouine-vents-violents-chutes-darbres-et-coupures-delectricite\\\/392257\\\/\",\"name\":\"Tataouine : Vents violents, chutes d\u2019arbres et coupures d\u2019\u00e9lectricit\u00e9 - webdo\",\"isPartOf\":{\"@id\":\"https:\\\/\\\/www.webdo.tn\\\/fr\\\/#website\"},\"primaryImageOfPage\":{\"@id\":\"https:\\\/\\\/www.webdo.tn\\\/fr\\\/actualite\\\/regions\\\/tataouine-vents-violents-chutes-darbres-et-coupures-delectricite\\\/392257\\\/#primaryimage\"},\"image\":{\"@id\":\"https:\\\/\\\/www.webdo.tn\\\/fr\\\/actualite\\\/regions\\\/tataouine-vents-violents-chutes-darbres-et-coupures-delectricite\\\/392257\\\/#primaryimage\"},\"thumbnailUrl\":\"https:\\\/\\\/www.webdo.tn\\\/fr\\\/wp-content\\\/uploads\\\/2026\\\/01\\\/Tataouine-2.jpg\",\"datePublished\":\"2026-01-29T08:54:48+00:00\",\"dateModified\":\"2026-01-29T10:27:27+00:00\",\"description\":\"Des vents violents \u00e0 Tataouine ont caus\u00e9 des chutes d\u2019arbres et des coupures d\u2019\u00e9lectricit\u00e9. Restez inform\u00e9s des mesures de s\u00e9curit\u00e9.\",\"breadcrumb\":{\"@id\":\"https:\\\/\\\/www.webdo.tn\\\/fr\\\/actualite\\\/regions\\\/tataouine-vents-violents-chutes-darbres-et-coupures-delectricite\\\/392257\\\/#breadcrumb\"},\"inLanguage\":\"fr-FR\",\"potentialAction\":[{\"@type\":\"ReadAction\",\"target\":[\"https:\\\/\\\/www.webdo.tn\\\/fr\\\/actualite\\\/regions\\\/tataouine-vents-violents-chutes-darbres-et-coupures-delectricite\\\/392257\\\/\"]}]},{\"@type\":\"ImageObject\",\"inLanguage\":\"fr-FR\",\"@id\":\"https:\\\/\\\/www.webdo.tn\\\/fr\\\/actualite\\\/regions\\\/tataouine-vents-violents-chutes-darbres-et-coupures-delectricite\\\/392257\\\/#primaryimage\",\"url\":\"https:\\\/\\\/www.webdo.tn\\\/fr\\\/wp-content\\\/uploads\\\/2026\\\/01\\\/Tataouine-2.jpg\",\"contentUrl\":\"https:\\\/\\\/www.webdo.tn\\\/fr\\\/wp-content\\\/uploads\\\/2026\\\/01\\\/Tataouine-2.jpg\",\"width\":1200,\"height\":602,\"caption\":\"Tataouine : Vents violents, chutes d\u2019arbres et coupures d\u2019\u00e9lectricit\u00e9\"},{\"@type\":\"BreadcrumbList\",\"@id\":\"https:\\\/\\\/www.webdo.tn\\\/fr\\\/actualite\\\/regions\\\/tataouine-vents-violents-chutes-darbres-et-coupures-delectricite\\\/392257\\\/#breadcrumb\",\"itemListElement\":[{\"@type\":\"ListItem\",\"position\":1,\"name\":\"Accueil\",\"item\":\"https:\\\/\\\/www.webdo.tn\\\/fr\\\/\"},{\"@type\":\"ListItem\",\"position\":2,\"name\":\"Tataouine : Vents violents, chutes d\u2019arbres et coupures d\u2019\u00e9lectricit\u00e9\"}]},{\"@type\":\"WebSite\",\"@id\":\"https:\\\/\\\/www.webdo.tn\\\/fr\\\/#website\",\"url\":\"https:\\\/\\\/www.webdo.tn\\\/fr\\\/\",\"name\":\"webdo\",\"description\":\"Tunisie - News en Tunisie et \u00e0 l&#039;international sur Webdo.tn\",\"publisher\":{\"@id\":\"https:\\\/\\\/www.webdo.tn\\\/fr\\\/#organization\"},\"potentialAction\":[{\"@type\":\"SearchAction\",\"target\":{\"@type\":\"EntryPoint\",\"urlTemplate\":\"https:\\\/\\\/www.webdo.tn\\\/fr\\\/?s={search_term_string}\"},\"query-input\":{\"@type\":\"PropertyValueSpecification\",\"valueRequired\":true,\"valueName\":\"search_term_string\"}}],\"inLanguage\":\"fr-FR\"},{\"@type\":\"Organization\",\"@id\":\"https:\\\/\\\/www.webdo.tn\\\/fr\\\/#organization\",\"name\":\"Webdo\",\"alternateName\":\"Webdo.tn\",\"url\":\"https:\\\/\\\/www.webdo.tn\\\/fr\\\/\",\"logo\":{\"@type\":\"ImageObject\",\"inLanguage\":\"fr-FR\",\"@id\":\"https:\\\/\\\/www.webdo.tn\\\/fr\\\/#\\\/schema\\\/logo\\\/image\\\/\",\"url\":\"https:\\\/\\\/www.webdo.tn\\\/fr\\\/wp-content\\\/uploads\\\/2025\\\/06\\\/Webdo-Tunisie_168377.jpg\",\"contentUrl\":\"https:\\\/\\\/www.webdo.tn\\\/fr\\\/wp-content\\\/uploads\\\/2025\\\/06\\\/Webdo-Tunisie_168377.jpg\",\"width\":301,\"height\":301,\"caption\":\"Webdo\"},\"image\":{\"@id\":\"https:\\\/\\\/www.webdo.tn\\\/fr\\\/#\\\/schema\\\/logo\\\/image\\\/\"},\"sameAs\":[\"https:\\\/\\\/www.facebook.com\\\/webdotn\",\"https:\\\/\\\/x.com\\\/webdo_tn\"],\"description\":\"Webdo est un m\u00e9dia num\u00e9rique tunisien fond\u00e9 en 2010, sp\u00e9cialis\u00e9 dans l\u2019actualit\u00e9 nationale et internationale, l\u2019\u00e9conomie, la soci\u00e9t\u00e9 et les analyses politiques. Le site s\u2019adresse \u00e0 un large public francophone et couvre l\u2019information tunisienne en temps r\u00e9el.\",\"email\":\"redac@webdo.tn\",\"legalName\":\"YNJ SARL\",\"foundingDate\":\"2010-09-06\",\"numberOfEmployees\":{\"@type\":\"QuantitativeValue\",\"minValue\":\"11\",\"maxValue\":\"50\"}},{\"@type\":\"Person\",\"@id\":\"https:\\\/\\\/www.webdo.tn\\\/fr\\\/#\\\/schema\\\/person\\\/16a4857e77dfc0b610c4c2cadffc9ac4\",\"name\":\"Mohamed Fethi\",\"image\":{\"@type\":\"ImageObject\",\"inLanguage\":\"fr-FR\",\"@id\":\"https:\\\/\\\/www.webdo.tn\\\/fr\\\/wp-content\\\/uploads\\\/2026\\\/04\\\/mohamed-fethi_avatar_1-96x96.jpg\",\"url\":\"https:\\\/\\\/www.webdo.tn\\\/fr\\\/wp-content\\\/uploads\\\/2026\\\/04\\\/mohamed-fethi_avatar_1-96x96.jpg\",\"contentUrl\":\"https:\\\/\\\/www.webdo.tn\\\/fr\\\/wp-content\\\/uploads\\\/2026\\\/04\\\/mohamed-fethi_avatar_1-96x96.jpg\",\"caption\":\"Mohamed Fethi\"},\"description\":\"Signature \u00e9ditoriale de Maher Chaabane Mohamed Fethi est le pseudonyme \u00e9ditorial de Maher Chaabane, r\u00e9dacteur en chef de Webdo.tn depuis 2012. Cette signature est d\u00e9di\u00e9e au traitement intensif de l'actualit\u00e9 nationale et internationale en temps r\u00e9el. S'appuyant sur les deux d\u00e9cennies d'expertise journalistique de Maher Chaabane \u2014 d\u00e9but\u00e9e au sein du groupe Tunis Hebdo en 2000 \u2014 Mohamed Fethi assure une veille rigoureuse sur les enjeux politiques, \u00e9conomiques et sportifs. Sa mission est de garantir une information structur\u00e9e, fluide et fid\u00e8le aux standards de la r\u00e9daction. Pour consulter le parcours complet du r\u00e9dacteur en chef, visitez le profil officiel de Maher Chaabane.\",\"knowsAbout\":[\"actualit\u00e9\",\"journalisme\",\"information\",\"politique\",\"sport\",\"m\u00e9dias\",\"actualit\u00e9 internationale\"],\"knowsLanguage\":[\"Fran\u00e7ais\",\"Arabe\"],\"jobTitle\":\"Journaliste \u2013 R\u00e9daction Webdo\",\"worksFor\":\"Webdo.tn\",\"url\":\"https:\\\/\\\/www.webdo.tn\\\/fr\\\/actualite\\\/author\\\/mohamed-fethi\\\/\"}]}<\/script>\n<!-- \/ Yoast SEO Premium plugin. -->","yoast_head_json":{"title":"Tataouine : Vents violents, chutes d\u2019arbres et coupures d\u2019\u00e9lectricit\u00e9 - webdo","description":"Des vents violents \u00e0 Tataouine ont caus\u00e9 des chutes d\u2019arbres et des coupures d\u2019\u00e9lectricit\u00e9. Restez inform\u00e9s des mesures de s\u00e9curit\u00e9.","canonical":"https:\/\/www.webdo.tn\/fr\/actualite\/regions\/tataouine-vents-violents-chutes-darbres-et-coupures-delectricite\/392257\/","og_locale":"fr_FR","og_type":"article","og_title":"Tataouine : Vents violents, chutes d\u2019arbres et coupures d\u2019\u00e9lectricit\u00e9","og_description":"Des vents violents \u00e0 Tataouine ont caus\u00e9 des chutes d\u2019arbres et des coupures d\u2019\u00e9lectricit\u00e9. Restez inform\u00e9s des mesures de s\u00e9curit\u00e9.","og_url":"https:\/\/www.webdo.tn\/fr\/actualite\/regions\/tataouine-vents-violents-chutes-darbres-et-coupures-delectricite\/392257\/","og_site_name":"webdo","article_publisher":"https:\/\/www.facebook.com\/webdotn","article_published_time":"2026-01-29T08:54:48+00:00","article_modified_time":"2026-01-29T10:27:27+00:00","og_image":[{"width":1200,"height":602,"url":"https:\/\/www.webdo.tn\/fr\/wp-content\/uploads\/2026\/01\/Tataouine-2.jpg","type":"image\/jpeg"}],"author":"Mohamed Fethi","twitter_card":"summary_large_image","twitter_creator":"@webdo_tn","twitter_site":"@webdo_tn","twitter_misc":{"\u00c9crit par":"Mohamed Fethi","Dur\u00e9e de lecture estim\u00e9e":"2 minutes"},"schema":{"@context":"https:\/\/schema.org","@graph":[{"@type":"NewsArticle","@id":"https:\/\/www.webdo.tn\/fr\/actualite\/regions\/tataouine-vents-violents-chutes-darbres-et-coupures-delectricite\/392257\/#article","isPartOf":{"@id":"https:\/\/www.webdo.tn\/fr\/actualite\/regions\/tataouine-vents-violents-chutes-darbres-et-coupures-delectricite\/392257\/"},"author":{"name":"Mohamed Fethi","@id":"https:\/\/www.webdo.tn\/fr\/#\/schema\/person\/16a4857e77dfc0b610c4c2cadffc9ac4"},"headline":"Tataouine : Vents violents, chutes d\u2019arbres et coupures d\u2019\u00e9lectricit\u00e9","datePublished":"2026-01-29T08:54:48+00:00","dateModified":"2026-01-29T10:27:27+00:00","mainEntityOfPage":{"@id":"https:\/\/www.webdo.tn\/fr\/actualite\/regions\/tataouine-vents-violents-chutes-darbres-et-coupures-delectricite\/392257\/"},"wordCount":330,"publisher":{"@id":"https:\/\/www.webdo.tn\/fr\/#organization"},"image":{"@id":"https:\/\/www.webdo.tn\/fr\/actualite\/regions\/tataouine-vents-violents-chutes-darbres-et-coupures-delectricite\/392257\/#primaryimage"},"thumbnailUrl":"https:\/\/www.webdo.tn\/fr\/wp-content\/uploads\/2026\/01\/Tataouine-2.jpg","keywords":["m\u00e9t\u00e9o","rafales","Tataouine","Tunisie","Vent"],"articleSection":["regions"],"inLanguage":"fr-FR"},{"@type":"WebPage","@id":"https:\/\/www.webdo.tn\/fr\/actualite\/regions\/tataouine-vents-violents-chutes-darbres-et-coupures-delectricite\/392257\/","url":"https:\/\/www.webdo.tn\/fr\/actualite\/regions\/tataouine-vents-violents-chutes-darbres-et-coupures-delectricite\/392257\/","name":"Tataouine : Vents violents, chutes d\u2019arbres et coupures d\u2019\u00e9lectricit\u00e9 - webdo","isPartOf":{"@id":"https:\/\/www.webdo.tn\/fr\/#website"},"primaryImageOfPage":{"@id":"https:\/\/www.webdo.tn\/fr\/actualite\/regions\/tataouine-vents-violents-chutes-darbres-et-coupures-delectricite\/392257\/#primaryimage"},"image":{"@id":"https:\/\/www.webdo.tn\/fr\/actualite\/regions\/tataouine-vents-violents-chutes-darbres-et-coupures-delectricite\/392257\/#primaryimage"},"thumbnailUrl":"https:\/\/www.webdo.tn\/fr\/wp-content\/uploads\/2026\/01\/Tataouine-2.jpg","datePublished":"2026-01-29T08:54:48+00:00","dateModified":"2026-01-29T10:27:27+00:00","description":"Des vents violents \u00e0 Tataouine ont caus\u00e9 des chutes d\u2019arbres et des coupures d\u2019\u00e9lectricit\u00e9. Restez inform\u00e9s des mesures de s\u00e9curit\u00e9.","breadcrumb":{"@id":"https:\/\/www.webdo.tn\/fr\/actualite\/regions\/tataouine-vents-violents-chutes-darbres-et-coupures-delectricite\/392257\/#breadcrumb"},"inLanguage":"fr-FR","potentialAction":[{"@type":"ReadAction","target":["https:\/\/www.webdo.tn\/fr\/actualite\/regions\/tataouine-vents-violents-chutes-darbres-et-coupures-delectricite\/392257\/"]}]},{"@type":"ImageObject","inLanguage":"fr-FR","@id":"https:\/\/www.webdo.tn\/fr\/actualite\/regions\/tataouine-vents-violents-chutes-darbres-et-coupures-delectricite\/392257\/#primaryimage","url":"https:\/\/www.webdo.tn\/fr\/wp-content\/uploads\/2026\/01\/Tataouine-2.jpg","contentUrl":"https:\/\/www.webdo.tn\/fr\/wp-content\/uploads\/2026\/01\/Tataouine-2.jpg","width":1200,"height":602,"caption":"Tataouine : Vents violents, chutes d\u2019arbres et coupures d\u2019\u00e9lectricit\u00e9"},{"@type":"BreadcrumbList","@id":"https:\/\/www.webdo.tn\/fr\/actualite\/regions\/tataouine-vents-violents-chutes-darbres-et-coupures-delectricite\/392257\/#breadcrumb","itemListElement":[{"@type":"ListItem","position":1,"name":"Accueil","item":"https:\/\/www.webdo.tn\/fr\/"},{"@type":"ListItem","position":2,"name":"Tataouine : Vents violents, chutes d\u2019arbres et coupures d\u2019\u00e9lectricit\u00e9"}]},{"@type":"WebSite","@id":"https:\/\/www.webdo.tn\/fr\/#website","url":"https:\/\/www.webdo.tn\/fr\/","name":"webdo","description":"Tunisie - News en Tunisie et \u00e0 l&#039;international sur Webdo.tn","publisher":{"@id":"https:\/\/www.webdo.tn\/fr\/#organization"},"potentialAction":[{"@type":"SearchAction","target":{"@type":"EntryPoint","urlTemplate":"https:\/\/www.webdo.tn\/fr\/?s={search_term_string}"},"query-input":{"@type":"PropertyValueSpecification","valueRequired":true,"valueName":"search_term_string"}}],"inLanguage":"fr-FR"},{"@type":"Organization","@id":"https:\/\/www.webdo.tn\/fr\/#organization","name":"Webdo","alternateName":"Webdo.tn","url":"https:\/\/www.webdo.tn\/fr\/","logo":{"@type":"ImageObject","inLanguage":"fr-FR","@id":"https:\/\/www.webdo.tn\/fr\/#\/schema\/logo\/image\/","url":"https:\/\/www.webdo.tn\/fr\/wp-content\/uploads\/2025\/06\/Webdo-Tunisie_168377.jpg","contentUrl":"https:\/\/www.webdo.tn\/fr\/wp-content\/uploads\/2025\/06\/Webdo-Tunisie_168377.jpg","width":301,"height":301,"caption":"Webdo"},"image":{"@id":"https:\/\/www.webdo.tn\/fr\/#\/schema\/logo\/image\/"},"sameAs":["https:\/\/www.facebook.com\/webdotn","https:\/\/x.com\/webdo_tn"],"description":"Webdo est un m\u00e9dia num\u00e9rique tunisien fond\u00e9 en 2010, sp\u00e9cialis\u00e9 dans l\u2019actualit\u00e9 nationale et internationale, l\u2019\u00e9conomie, la soci\u00e9t\u00e9 et les analyses politiques. Le site s\u2019adresse \u00e0 un large public francophone et couvre l\u2019information tunisienne en temps r\u00e9el.","email":"redac@webdo.tn","legalName":"YNJ SARL","foundingDate":"2010-09-06","numberOfEmployees":{"@type":"QuantitativeValue","minValue":"11","maxValue":"50"}},{"@type":"Person","@id":"https:\/\/www.webdo.tn\/fr\/#\/schema\/person\/16a4857e77dfc0b610c4c2cadffc9ac4","name":"Mohamed Fethi","image":{"@type":"ImageObject","inLanguage":"fr-FR","@id":"https:\/\/www.webdo.tn\/fr\/wp-content\/uploads\/2026\/04\/mohamed-fethi_avatar_1-96x96.jpg","url":"https:\/\/www.webdo.tn\/fr\/wp-content\/uploads\/2026\/04\/mohamed-fethi_avatar_1-96x96.jpg","contentUrl":"https:\/\/www.webdo.tn\/fr\/wp-content\/uploads\/2026\/04\/mohamed-fethi_avatar_1-96x96.jpg","caption":"Mohamed Fethi"},"description":"Signature \u00e9ditoriale de Maher Chaabane Mohamed Fethi est le pseudonyme \u00e9ditorial de Maher Chaabane, r\u00e9dacteur en chef de Webdo.tn depuis 2012. Cette signature est d\u00e9di\u00e9e au traitement intensif de l'actualit\u00e9 nationale et internationale en temps r\u00e9el. S'appuyant sur les deux d\u00e9cennies d'expertise journalistique de Maher Chaabane \u2014 d\u00e9but\u00e9e au sein du groupe Tunis Hebdo en 2000 \u2014 Mohamed Fethi assure une veille rigoureuse sur les enjeux politiques, \u00e9conomiques et sportifs. Sa mission est de garantir une information structur\u00e9e, fluide et fid\u00e8le aux standards de la r\u00e9daction. Pour consulter le parcours complet du r\u00e9dacteur en chef, visitez le profil officiel de Maher Chaabane.","knowsAbout":["actualit\u00e9","journalisme","information","politique","sport","m\u00e9dias","actualit\u00e9 internationale"],"knowsLanguage":["Fran\u00e7ais","Arabe"],"jobTitle":"Journaliste \u2013 R\u00e9daction Webdo","worksFor":"Webdo.tn","url":"https:\/\/www.webdo.tn\/fr\/actualite\/author\/mohamed-fethi\/"}]}},"_links":{"self":[{"href":"https:\/\/www.webdo.tn\/fr\/wp-json\/wp\/v2\/posts\/392257","targetHints":{"allow":["GET"]}}],"collection":[{"href":"https:\/\/www.webdo.tn\/fr\/wp-json\/wp\/v2\/posts"}],"about":[{"href":"https:\/\/www.webdo.tn\/fr\/wp-json\/wp\/v2\/types\/post"}],"author":[{"embeddable":true,"href":"https:\/\/www.webdo.tn\/fr\/wp-json\/wp\/v2\/users\/4782"}],"replies":[{"embeddable":true,"href":"https:\/\/www.webdo.tn\/fr\/wp-json\/wp\/v2\/comments?post=392257"}],"version-history":[{"count":0,"href":"https:\/\/www.webdo.tn\/fr\/wp-json\/wp\/v2\/posts\/392257\/revisions"}],"wp:featuredmedia":[{"embeddable":true,"href":"https:\/\/www.webdo.tn\/fr\/wp-json\/wp\/v2\/media\/392260"}],"wp:attachment":[{"href":"https:\/\/www.webdo.tn\/fr\/wp-json\/wp\/v2\/media?parent=392257"}],"wp:term":[{"taxonomy":"category","embeddable":true,"href":"https:\/\/www.webdo.tn\/fr\/wp-json\/wp\/v2\/categories?post=392257"},{"taxonomy":"post_tag","embeddable":true,"href":"https:\/\/www.webdo.tn\/fr\/wp-json\/wp\/v2\/tags?post=392257"}],"curies":[{"name":"wp","href":"https:\/\/api.w.org\/{rel}","templated":true}]}}