{"id":392227,"date":"2026-01-28T19:15:44","date_gmt":"2026-01-28T18:15:44","guid":{"rendered":"https:\/\/www.webdo.tn\/fr\/?p=392227"},"modified":"2026-01-28T19:15:45","modified_gmt":"2026-01-28T18:15:45","slug":"tunisie-meteo-rafales-violentes-et-fortes-perturbations-attendues-cette-nuit-dans-plusieurs-regions","status":"publish","type":"post","link":"https:\/\/www.webdo.tn\/fr\/actualite\/national\/tunisie-meteo-rafales-violentes-et-fortes-perturbations-attendues-cette-nuit-dans-plusieurs-regions\/392227\/","title":{"rendered":"Tunisie &#8211; M\u00e9t\u00e9o : Rafales violentes et fortes perturbations attendues cette nuit dans plusieurs r\u00e9gions"},"content":{"rendered":"\n<p><strong>Une d\u00e9gradation marqu\u00e9e du temps est attendue dans la nuit sur une grande partie du pays. Des pluies parfois soutenues sont pr\u00e9vues au nord-ouest, tandis que des vents tr\u00e8s forts, pouvant atteindre les 100 km\/h, toucheront plusieurs gouvernorats.<\/strong><\/p>\n\n\n\n<h2 class=\"wp-block-heading\" id=\"h-pluies-et-orages-au-nord-et-au-centre\">Pluies et orages au nord et au centre<\/h2>\n\n\n\n<p>Les conditions m\u00e9t\u00e9orologiques resteront fortement perturb\u00e9es durant la nuit, avec un ciel tr\u00e8s charg\u00e9 sur le nord et localement sur le centre du pays. Des pr\u00e9cipitations, parfois accompagn\u00e9es d\u2019orages, sont attendues, avec des cumuls qui pourraient \u00eatre significatifs sur l\u2019extr\u00eame nord-ouest.<\/p>\n\n\n\n<h2 class=\"wp-block-heading\" id=\"h-vent-fort-a-tres-fort-et-rafales-violentes\">Vent fort \u00e0 tr\u00e8s fort et rafales violentes<\/h2>\n\n\n\n<p>Le vent soufflera de secteur ouest avec une intensit\u00e9 soutenue sur la majorit\u00e9 des r\u00e9gions. Les vitesses oscilleront g\u00e9n\u00e9ralement entre 50 et 80 km\/h, mais des rafales nettement plus violentes, pouvant fr\u00f4ler temporairement les 100 km\/h, sont pr\u00e9vues notamment dans les gouvernorats de Jendouba, B\u00e9ja, Bizerte et Nabeul, ainsi que sur les hauteurs occidentales. <\/p>\n\n\n\n<p>Dans le sud, ces vents seront parfois accompagn\u00e9s de soul\u00e8vements de sable et de poussi\u00e8re, susceptibles de r\u00e9duire la visibilit\u00e9.<\/p>\n\n\n\n<p>En mer, les conditions s\u2019annoncent difficiles, avec une houle forte \u00e0 tr\u00e8s forte sur le nord et une mer agit\u00e9e \u00e0 tr\u00e8s agit\u00e9e le long des c\u00f4tes. <\/p>\n\n\n\n<p>Les temp\u00e9ratures durant la nuit resteront basses, comprises entre 6 et 10 degr\u00e9s dans les r\u00e9gions de l\u2019ouest, et entre 11 et 16 degr\u00e9s dans le reste du pays.<\/p>\n\n\n\n<p><\/p>\n\n\n\n<iframe src=\"https:\/\/www.facebook.com\/plugins\/post.php?href=https%3A%2F%2Fwww.facebook.com%2FInstitut.National.Meteorologie%2Fposts%2Fpfbid02RbfRLpmHfpJYFqpKR9EVYUcXZHvgeXZCJ2yLDamkY8sFau5hFgsPxHjznLHnF2nVl&#038;show_text=true&#038;width=500\" width=\"500\" height=\"579\" style=\"border:none;overflow:hidden\" scrolling=\"no\" frameborder=\"0\" allowfullscreen=\"true\" allow=\"autoplay; clipboard-write; encrypted-media; picture-in-picture; web-share\"><\/iframe>\n\n\n\n<p><\/p>\n\n\n\n<blockquote class=\"wp-block-quote is-layout-flow wp-block-quote-is-layout-flow\">\n<blockquote class=\"wp-block-quote is-layout-flow wp-block-quote-is-layout-flow\">\n<p>Lire aussi :<\/p>\n\n\n\n<ul class=\"wp-block-list\">\n<li><a href=\"https:\/\/www.webdo.tn\/fr\/actualite\/national\/vents-violents-et-pluies-orageuses-la-protection-civile-appelle-a-la-vigilance\/392216\/\">Vents violents et pluies orageuses : La Protection civile appelle \u00e0 la vigilance<\/a><\/li>\n\n\n\n<li><a href=\"https:\/\/www.webdo.tn\/fr\/actualite\/national\/tunisie-meteo-quatre-gouvernorats-places-en-vigilance-orange\/392201\/\">Tunisie \u2013 M\u00e9t\u00e9o : Quatre gouvernorats plac\u00e9s en vigilance orange<\/a><\/li>\n<\/ul>\n<\/blockquote>\n<\/blockquote>\n\n\n\n<blockquote class=\"wp-block-quote is-layout-flow wp-block-quote-is-layout-flow\"><\/blockquote>\n","protected":false},"excerpt":{"rendered":"<p>Une d\u00e9gradation marqu\u00e9e du temps est attendue dans la nuit sur une grande partie du pays. Des pluies parfois soutenues sont pr\u00e9vues au nord-ouest, tandis que des vents tr\u00e8s forts, pouvant atteindre les 100 km\/h, toucheront plusieurs gouvernorats. Pluies et orages au nord et au centre Les conditions m\u00e9t\u00e9orologiques resteront fortement perturb\u00e9es durant la nuit, [&hellip;]<\/p>\n","protected":false},"author":4782,"featured_media":391585,"comment_status":"closed","ping_status":"closed","sticky":false,"template":"","format":"standard","meta":{"footnotes":""},"categories":[44],"tags":[2712,2670,3163,2608,3363],"class_list":["post-392227","post","type-post","status-publish","format-standard","has-post-thumbnail","hentry","category-national","tag-intemperies","tag-meteo","tag-pluies","tag-tunisie","tag-vent"],"yoast_head":"<!-- This site is optimized with the Yoast SEO Premium plugin v27.5 (Yoast SEO v27.5) - https:\/\/yoast.com\/product\/yoast-seo-premium-wordpress\/ -->\n<title>Tunisie - M\u00e9t\u00e9o : Rafales violentes et fortes perturbations attendues cette nuit dans plusieurs r\u00e9gions - webdo<\/title>\n<meta name=\"description\" content=\"Rafales violentes et fortes perturbations : la Tunisie attend une nuit de conditions m\u00e9t\u00e9orologiques instables dans plusieurs r\u00e9gions.\" \/>\n<link rel=\"canonical\" href=\"https:\/\/www.webdo.tn\/fr\/actualite\/national\/tunisie-meteo-rafales-violentes-et-fortes-perturbations-attendues-cette-nuit-dans-plusieurs-regions\/392227\/\" \/>\n<meta property=\"og:locale\" content=\"fr_FR\" \/>\n<meta property=\"og:type\" content=\"article\" \/>\n<meta property=\"og:title\" content=\"Tunisie - M\u00e9t\u00e9o : Rafales violentes et fortes perturbations attendues cette nuit dans plusieurs r\u00e9gions\" \/>\n<meta property=\"og:description\" content=\"Rafales violentes et fortes perturbations : la Tunisie attend une nuit de conditions m\u00e9t\u00e9orologiques instables dans plusieurs r\u00e9gions.\" \/>\n<meta property=\"og:url\" content=\"https:\/\/www.webdo.tn\/fr\/actualite\/national\/tunisie-meteo-rafales-violentes-et-fortes-perturbations-attendues-cette-nuit-dans-plusieurs-regions\/392227\/\" \/>\n<meta property=\"og:site_name\" content=\"webdo\" \/>\n<meta property=\"article:publisher\" content=\"https:\/\/www.facebook.com\/webdotn\" \/>\n<meta property=\"article:published_time\" content=\"2026-01-28T18:15:44+00:00\" \/>\n<meta property=\"article:modified_time\" content=\"2026-01-28T18:15:45+00:00\" \/>\n<meta property=\"og:image\" content=\"https:\/\/www.webdo.tn\/fr\/wp-content\/uploads\/2026\/01\/pluie.jpg\" \/>\n\t<meta property=\"og:image:width\" content=\"1200\" \/>\n\t<meta property=\"og:image:height\" content=\"604\" \/>\n\t<meta property=\"og:image:type\" content=\"image\/jpeg\" \/>\n<meta name=\"author\" content=\"Mohamed Fethi\" \/>\n<meta name=\"twitter:card\" content=\"summary_large_image\" \/>\n<meta name=\"twitter:creator\" content=\"@webdo_tn\" \/>\n<meta name=\"twitter:site\" content=\"@webdo_tn\" \/>\n<meta name=\"twitter:label1\" content=\"\u00c9crit par\" \/>\n\t<meta name=\"twitter:data1\" content=\"Mohamed Fethi\" \/>\n\t<meta name=\"twitter:label2\" content=\"Dur\u00e9e de lecture estim\u00e9e\" \/>\n\t<meta name=\"twitter:data2\" content=\"2 minutes\" \/>\n<script type=\"application\/ld+json\" class=\"yoast-schema-graph\">{\"@context\":\"https:\\\/\\\/schema.org\",\"@graph\":[{\"@type\":\"NewsArticle\",\"@id\":\"https:\\\/\\\/www.webdo.tn\\\/fr\\\/actualite\\\/national\\\/tunisie-meteo-rafales-violentes-et-fortes-perturbations-attendues-cette-nuit-dans-plusieurs-regions\\\/392227\\\/#article\",\"isPartOf\":{\"@id\":\"https:\\\/\\\/www.webdo.tn\\\/fr\\\/actualite\\\/national\\\/tunisie-meteo-rafales-violentes-et-fortes-perturbations-attendues-cette-nuit-dans-plusieurs-regions\\\/392227\\\/\"},\"author\":{\"name\":\"Mohamed Fethi\",\"@id\":\"https:\\\/\\\/www.webdo.tn\\\/fr\\\/#\\\/schema\\\/person\\\/16a4857e77dfc0b610c4c2cadffc9ac4\"},\"headline\":\"Tunisie &#8211; M\u00e9t\u00e9o : Rafales violentes et fortes perturbations attendues cette nuit dans plusieurs r\u00e9gions\",\"datePublished\":\"2026-01-28T18:15:44+00:00\",\"dateModified\":\"2026-01-28T18:15:45+00:00\",\"mainEntityOfPage\":{\"@id\":\"https:\\\/\\\/www.webdo.tn\\\/fr\\\/actualite\\\/national\\\/tunisie-meteo-rafales-violentes-et-fortes-perturbations-attendues-cette-nuit-dans-plusieurs-regions\\\/392227\\\/\"},\"wordCount\":293,\"publisher\":{\"@id\":\"https:\\\/\\\/www.webdo.tn\\\/fr\\\/#organization\"},\"image\":{\"@id\":\"https:\\\/\\\/www.webdo.tn\\\/fr\\\/actualite\\\/national\\\/tunisie-meteo-rafales-violentes-et-fortes-perturbations-attendues-cette-nuit-dans-plusieurs-regions\\\/392227\\\/#primaryimage\"},\"thumbnailUrl\":\"https:\\\/\\\/www.webdo.tn\\\/fr\\\/wp-content\\\/uploads\\\/2026\\\/01\\\/pluie.jpg\",\"keywords\":[\"Intemp\u00e9ries\",\"m\u00e9t\u00e9o\",\"pluies\",\"Tunisie\",\"Vent\"],\"articleSection\":[\"National\"],\"inLanguage\":\"fr-FR\"},{\"@type\":\"WebPage\",\"@id\":\"https:\\\/\\\/www.webdo.tn\\\/fr\\\/actualite\\\/national\\\/tunisie-meteo-rafales-violentes-et-fortes-perturbations-attendues-cette-nuit-dans-plusieurs-regions\\\/392227\\\/\",\"url\":\"https:\\\/\\\/www.webdo.tn\\\/fr\\\/actualite\\\/national\\\/tunisie-meteo-rafales-violentes-et-fortes-perturbations-attendues-cette-nuit-dans-plusieurs-regions\\\/392227\\\/\",\"name\":\"Tunisie - M\u00e9t\u00e9o : Rafales violentes et fortes perturbations attendues cette nuit dans plusieurs r\u00e9gions - webdo\",\"isPartOf\":{\"@id\":\"https:\\\/\\\/www.webdo.tn\\\/fr\\\/#website\"},\"primaryImageOfPage\":{\"@id\":\"https:\\\/\\\/www.webdo.tn\\\/fr\\\/actualite\\\/national\\\/tunisie-meteo-rafales-violentes-et-fortes-perturbations-attendues-cette-nuit-dans-plusieurs-regions\\\/392227\\\/#primaryimage\"},\"image\":{\"@id\":\"https:\\\/\\\/www.webdo.tn\\\/fr\\\/actualite\\\/national\\\/tunisie-meteo-rafales-violentes-et-fortes-perturbations-attendues-cette-nuit-dans-plusieurs-regions\\\/392227\\\/#primaryimage\"},\"thumbnailUrl\":\"https:\\\/\\\/www.webdo.tn\\\/fr\\\/wp-content\\\/uploads\\\/2026\\\/01\\\/pluie.jpg\",\"datePublished\":\"2026-01-28T18:15:44+00:00\",\"dateModified\":\"2026-01-28T18:15:45+00:00\",\"description\":\"Rafales violentes et fortes perturbations : la Tunisie attend une nuit de conditions m\u00e9t\u00e9orologiques instables dans plusieurs r\u00e9gions.\",\"breadcrumb\":{\"@id\":\"https:\\\/\\\/www.webdo.tn\\\/fr\\\/actualite\\\/national\\\/tunisie-meteo-rafales-violentes-et-fortes-perturbations-attendues-cette-nuit-dans-plusieurs-regions\\\/392227\\\/#breadcrumb\"},\"inLanguage\":\"fr-FR\",\"potentialAction\":[{\"@type\":\"ReadAction\",\"target\":[\"https:\\\/\\\/www.webdo.tn\\\/fr\\\/actualite\\\/national\\\/tunisie-meteo-rafales-violentes-et-fortes-perturbations-attendues-cette-nuit-dans-plusieurs-regions\\\/392227\\\/\"]}]},{\"@type\":\"ImageObject\",\"inLanguage\":\"fr-FR\",\"@id\":\"https:\\\/\\\/www.webdo.tn\\\/fr\\\/actualite\\\/national\\\/tunisie-meteo-rafales-violentes-et-fortes-perturbations-attendues-cette-nuit-dans-plusieurs-regions\\\/392227\\\/#primaryimage\",\"url\":\"https:\\\/\\\/www.webdo.tn\\\/fr\\\/wp-content\\\/uploads\\\/2026\\\/01\\\/pluie.jpg\",\"contentUrl\":\"https:\\\/\\\/www.webdo.tn\\\/fr\\\/wp-content\\\/uploads\\\/2026\\\/01\\\/pluie.jpg\",\"width\":1200,\"height\":604,\"caption\":\"Tunisie - M\u00e9t\u00e9o : Des pluies orageuses attendues sur le nord et le centre du pays\"},{\"@type\":\"BreadcrumbList\",\"@id\":\"https:\\\/\\\/www.webdo.tn\\\/fr\\\/actualite\\\/national\\\/tunisie-meteo-rafales-violentes-et-fortes-perturbations-attendues-cette-nuit-dans-plusieurs-regions\\\/392227\\\/#breadcrumb\",\"itemListElement\":[{\"@type\":\"ListItem\",\"position\":1,\"name\":\"Accueil\",\"item\":\"https:\\\/\\\/www.webdo.tn\\\/fr\\\/\"},{\"@type\":\"ListItem\",\"position\":2,\"name\":\"Tunisie &#8211; M\u00e9t\u00e9o : Rafales violentes et fortes perturbations attendues cette nuit dans plusieurs r\u00e9gions\"}]},{\"@type\":\"WebSite\",\"@id\":\"https:\\\/\\\/www.webdo.tn\\\/fr\\\/#website\",\"url\":\"https:\\\/\\\/www.webdo.tn\\\/fr\\\/\",\"name\":\"webdo\",\"description\":\"Tunisie - News en Tunisie et \u00e0 l&#039;international sur Webdo.tn\",\"publisher\":{\"@id\":\"https:\\\/\\\/www.webdo.tn\\\/fr\\\/#organization\"},\"potentialAction\":[{\"@type\":\"SearchAction\",\"target\":{\"@type\":\"EntryPoint\",\"urlTemplate\":\"https:\\\/\\\/www.webdo.tn\\\/fr\\\/?s={search_term_string}\"},\"query-input\":{\"@type\":\"PropertyValueSpecification\",\"valueRequired\":true,\"valueName\":\"search_term_string\"}}],\"inLanguage\":\"fr-FR\"},{\"@type\":\"Organization\",\"@id\":\"https:\\\/\\\/www.webdo.tn\\\/fr\\\/#organization\",\"name\":\"Webdo\",\"alternateName\":\"Webdo.tn\",\"url\":\"https:\\\/\\\/www.webdo.tn\\\/fr\\\/\",\"logo\":{\"@type\":\"ImageObject\",\"inLanguage\":\"fr-FR\",\"@id\":\"https:\\\/\\\/www.webdo.tn\\\/fr\\\/#\\\/schema\\\/logo\\\/image\\\/\",\"url\":\"https:\\\/\\\/www.webdo.tn\\\/fr\\\/wp-content\\\/uploads\\\/2025\\\/06\\\/Webdo-Tunisie_168377.jpg\",\"contentUrl\":\"https:\\\/\\\/www.webdo.tn\\\/fr\\\/wp-content\\\/uploads\\\/2025\\\/06\\\/Webdo-Tunisie_168377.jpg\",\"width\":301,\"height\":301,\"caption\":\"Webdo\"},\"image\":{\"@id\":\"https:\\\/\\\/www.webdo.tn\\\/fr\\\/#\\\/schema\\\/logo\\\/image\\\/\"},\"sameAs\":[\"https:\\\/\\\/www.facebook.com\\\/webdotn\",\"https:\\\/\\\/x.com\\\/webdo_tn\"],\"description\":\"Webdo est un m\u00e9dia num\u00e9rique tunisien fond\u00e9 en 2010, sp\u00e9cialis\u00e9 dans l\u2019actualit\u00e9 nationale et internationale, l\u2019\u00e9conomie, la soci\u00e9t\u00e9 et les analyses politiques. Le site s\u2019adresse \u00e0 un large public francophone et couvre l\u2019information tunisienne en temps r\u00e9el.\",\"email\":\"redac@webdo.tn\",\"legalName\":\"YNJ SARL\",\"foundingDate\":\"2010-09-06\",\"numberOfEmployees\":{\"@type\":\"QuantitativeValue\",\"minValue\":\"11\",\"maxValue\":\"50\"}},{\"@type\":\"Person\",\"@id\":\"https:\\\/\\\/www.webdo.tn\\\/fr\\\/#\\\/schema\\\/person\\\/16a4857e77dfc0b610c4c2cadffc9ac4\",\"name\":\"Mohamed Fethi\",\"image\":{\"@type\":\"ImageObject\",\"inLanguage\":\"fr-FR\",\"@id\":\"https:\\\/\\\/www.webdo.tn\\\/fr\\\/wp-content\\\/uploads\\\/2026\\\/04\\\/mohamed-fethi_avatar_1-96x96.jpg\",\"url\":\"https:\\\/\\\/www.webdo.tn\\\/fr\\\/wp-content\\\/uploads\\\/2026\\\/04\\\/mohamed-fethi_avatar_1-96x96.jpg\",\"contentUrl\":\"https:\\\/\\\/www.webdo.tn\\\/fr\\\/wp-content\\\/uploads\\\/2026\\\/04\\\/mohamed-fethi_avatar_1-96x96.jpg\",\"caption\":\"Mohamed Fethi\"},\"description\":\"Signature \u00e9ditoriale de Maher Chaabane Mohamed Fethi est le pseudonyme \u00e9ditorial de Maher Chaabane, r\u00e9dacteur en chef de Webdo.tn depuis 2012. Cette signature est d\u00e9di\u00e9e au traitement intensif de l'actualit\u00e9 nationale et internationale en temps r\u00e9el. S'appuyant sur les deux d\u00e9cennies d'expertise journalistique de Maher Chaabane \u2014 d\u00e9but\u00e9e au sein du groupe Tunis Hebdo en 2000 \u2014 Mohamed Fethi assure une veille rigoureuse sur les enjeux politiques, \u00e9conomiques et sportifs. Sa mission est de garantir une information structur\u00e9e, fluide et fid\u00e8le aux standards de la r\u00e9daction. Pour consulter le parcours complet du r\u00e9dacteur en chef, visitez le profil officiel de Maher Chaabane.\",\"knowsAbout\":[\"actualit\u00e9\",\"journalisme\",\"information\",\"politique\",\"sport\",\"m\u00e9dias\",\"actualit\u00e9 internationale\"],\"knowsLanguage\":[\"Fran\u00e7ais\",\"Arabe\"],\"jobTitle\":\"Journaliste \u2013 R\u00e9daction Webdo\",\"worksFor\":\"Webdo.tn\",\"url\":\"https:\\\/\\\/www.webdo.tn\\\/fr\\\/actualite\\\/author\\\/mohamed-fethi\\\/\"}]}<\/script>\n<!-- \/ Yoast SEO Premium plugin. -->","yoast_head_json":{"title":"Tunisie - M\u00e9t\u00e9o : Rafales violentes et fortes perturbations attendues cette nuit dans plusieurs r\u00e9gions - webdo","description":"Rafales violentes et fortes perturbations : la Tunisie attend une nuit de conditions m\u00e9t\u00e9orologiques instables dans plusieurs r\u00e9gions.","canonical":"https:\/\/www.webdo.tn\/fr\/actualite\/national\/tunisie-meteo-rafales-violentes-et-fortes-perturbations-attendues-cette-nuit-dans-plusieurs-regions\/392227\/","og_locale":"fr_FR","og_type":"article","og_title":"Tunisie - M\u00e9t\u00e9o : Rafales violentes et fortes perturbations attendues cette nuit dans plusieurs r\u00e9gions","og_description":"Rafales violentes et fortes perturbations : la Tunisie attend une nuit de conditions m\u00e9t\u00e9orologiques instables dans plusieurs r\u00e9gions.","og_url":"https:\/\/www.webdo.tn\/fr\/actualite\/national\/tunisie-meteo-rafales-violentes-et-fortes-perturbations-attendues-cette-nuit-dans-plusieurs-regions\/392227\/","og_site_name":"webdo","article_publisher":"https:\/\/www.facebook.com\/webdotn","article_published_time":"2026-01-28T18:15:44+00:00","article_modified_time":"2026-01-28T18:15:45+00:00","og_image":[{"width":1200,"height":604,"url":"https:\/\/www.webdo.tn\/fr\/wp-content\/uploads\/2026\/01\/pluie.jpg","type":"image\/jpeg"}],"author":"Mohamed Fethi","twitter_card":"summary_large_image","twitter_creator":"@webdo_tn","twitter_site":"@webdo_tn","twitter_misc":{"\u00c9crit par":"Mohamed Fethi","Dur\u00e9e de lecture estim\u00e9e":"2 minutes"},"schema":{"@context":"https:\/\/schema.org","@graph":[{"@type":"NewsArticle","@id":"https:\/\/www.webdo.tn\/fr\/actualite\/national\/tunisie-meteo-rafales-violentes-et-fortes-perturbations-attendues-cette-nuit-dans-plusieurs-regions\/392227\/#article","isPartOf":{"@id":"https:\/\/www.webdo.tn\/fr\/actualite\/national\/tunisie-meteo-rafales-violentes-et-fortes-perturbations-attendues-cette-nuit-dans-plusieurs-regions\/392227\/"},"author":{"name":"Mohamed Fethi","@id":"https:\/\/www.webdo.tn\/fr\/#\/schema\/person\/16a4857e77dfc0b610c4c2cadffc9ac4"},"headline":"Tunisie &#8211; M\u00e9t\u00e9o : Rafales violentes et fortes perturbations attendues cette nuit dans plusieurs r\u00e9gions","datePublished":"2026-01-28T18:15:44+00:00","dateModified":"2026-01-28T18:15:45+00:00","mainEntityOfPage":{"@id":"https:\/\/www.webdo.tn\/fr\/actualite\/national\/tunisie-meteo-rafales-violentes-et-fortes-perturbations-attendues-cette-nuit-dans-plusieurs-regions\/392227\/"},"wordCount":293,"publisher":{"@id":"https:\/\/www.webdo.tn\/fr\/#organization"},"image":{"@id":"https:\/\/www.webdo.tn\/fr\/actualite\/national\/tunisie-meteo-rafales-violentes-et-fortes-perturbations-attendues-cette-nuit-dans-plusieurs-regions\/392227\/#primaryimage"},"thumbnailUrl":"https:\/\/www.webdo.tn\/fr\/wp-content\/uploads\/2026\/01\/pluie.jpg","keywords":["Intemp\u00e9ries","m\u00e9t\u00e9o","pluies","Tunisie","Vent"],"articleSection":["National"],"inLanguage":"fr-FR"},{"@type":"WebPage","@id":"https:\/\/www.webdo.tn\/fr\/actualite\/national\/tunisie-meteo-rafales-violentes-et-fortes-perturbations-attendues-cette-nuit-dans-plusieurs-regions\/392227\/","url":"https:\/\/www.webdo.tn\/fr\/actualite\/national\/tunisie-meteo-rafales-violentes-et-fortes-perturbations-attendues-cette-nuit-dans-plusieurs-regions\/392227\/","name":"Tunisie - M\u00e9t\u00e9o : Rafales violentes et fortes perturbations attendues cette nuit dans plusieurs r\u00e9gions - webdo","isPartOf":{"@id":"https:\/\/www.webdo.tn\/fr\/#website"},"primaryImageOfPage":{"@id":"https:\/\/www.webdo.tn\/fr\/actualite\/national\/tunisie-meteo-rafales-violentes-et-fortes-perturbations-attendues-cette-nuit-dans-plusieurs-regions\/392227\/#primaryimage"},"image":{"@id":"https:\/\/www.webdo.tn\/fr\/actualite\/national\/tunisie-meteo-rafales-violentes-et-fortes-perturbations-attendues-cette-nuit-dans-plusieurs-regions\/392227\/#primaryimage"},"thumbnailUrl":"https:\/\/www.webdo.tn\/fr\/wp-content\/uploads\/2026\/01\/pluie.jpg","datePublished":"2026-01-28T18:15:44+00:00","dateModified":"2026-01-28T18:15:45+00:00","description":"Rafales violentes et fortes perturbations : la Tunisie attend une nuit de conditions m\u00e9t\u00e9orologiques instables dans plusieurs r\u00e9gions.","breadcrumb":{"@id":"https:\/\/www.webdo.tn\/fr\/actualite\/national\/tunisie-meteo-rafales-violentes-et-fortes-perturbations-attendues-cette-nuit-dans-plusieurs-regions\/392227\/#breadcrumb"},"inLanguage":"fr-FR","potentialAction":[{"@type":"ReadAction","target":["https:\/\/www.webdo.tn\/fr\/actualite\/national\/tunisie-meteo-rafales-violentes-et-fortes-perturbations-attendues-cette-nuit-dans-plusieurs-regions\/392227\/"]}]},{"@type":"ImageObject","inLanguage":"fr-FR","@id":"https:\/\/www.webdo.tn\/fr\/actualite\/national\/tunisie-meteo-rafales-violentes-et-fortes-perturbations-attendues-cette-nuit-dans-plusieurs-regions\/392227\/#primaryimage","url":"https:\/\/www.webdo.tn\/fr\/wp-content\/uploads\/2026\/01\/pluie.jpg","contentUrl":"https:\/\/www.webdo.tn\/fr\/wp-content\/uploads\/2026\/01\/pluie.jpg","width":1200,"height":604,"caption":"Tunisie - M\u00e9t\u00e9o : Des pluies orageuses attendues sur le nord et le centre du pays"},{"@type":"BreadcrumbList","@id":"https:\/\/www.webdo.tn\/fr\/actualite\/national\/tunisie-meteo-rafales-violentes-et-fortes-perturbations-attendues-cette-nuit-dans-plusieurs-regions\/392227\/#breadcrumb","itemListElement":[{"@type":"ListItem","position":1,"name":"Accueil","item":"https:\/\/www.webdo.tn\/fr\/"},{"@type":"ListItem","position":2,"name":"Tunisie &#8211; M\u00e9t\u00e9o : Rafales violentes et fortes perturbations attendues cette nuit dans plusieurs r\u00e9gions"}]},{"@type":"WebSite","@id":"https:\/\/www.webdo.tn\/fr\/#website","url":"https:\/\/www.webdo.tn\/fr\/","name":"webdo","description":"Tunisie - News en Tunisie et \u00e0 l&#039;international sur Webdo.tn","publisher":{"@id":"https:\/\/www.webdo.tn\/fr\/#organization"},"potentialAction":[{"@type":"SearchAction","target":{"@type":"EntryPoint","urlTemplate":"https:\/\/www.webdo.tn\/fr\/?s={search_term_string}"},"query-input":{"@type":"PropertyValueSpecification","valueRequired":true,"valueName":"search_term_string"}}],"inLanguage":"fr-FR"},{"@type":"Organization","@id":"https:\/\/www.webdo.tn\/fr\/#organization","name":"Webdo","alternateName":"Webdo.tn","url":"https:\/\/www.webdo.tn\/fr\/","logo":{"@type":"ImageObject","inLanguage":"fr-FR","@id":"https:\/\/www.webdo.tn\/fr\/#\/schema\/logo\/image\/","url":"https:\/\/www.webdo.tn\/fr\/wp-content\/uploads\/2025\/06\/Webdo-Tunisie_168377.jpg","contentUrl":"https:\/\/www.webdo.tn\/fr\/wp-content\/uploads\/2025\/06\/Webdo-Tunisie_168377.jpg","width":301,"height":301,"caption":"Webdo"},"image":{"@id":"https:\/\/www.webdo.tn\/fr\/#\/schema\/logo\/image\/"},"sameAs":["https:\/\/www.facebook.com\/webdotn","https:\/\/x.com\/webdo_tn"],"description":"Webdo est un m\u00e9dia num\u00e9rique tunisien fond\u00e9 en 2010, sp\u00e9cialis\u00e9 dans l\u2019actualit\u00e9 nationale et internationale, l\u2019\u00e9conomie, la soci\u00e9t\u00e9 et les analyses politiques. Le site s\u2019adresse \u00e0 un large public francophone et couvre l\u2019information tunisienne en temps r\u00e9el.","email":"redac@webdo.tn","legalName":"YNJ SARL","foundingDate":"2010-09-06","numberOfEmployees":{"@type":"QuantitativeValue","minValue":"11","maxValue":"50"}},{"@type":"Person","@id":"https:\/\/www.webdo.tn\/fr\/#\/schema\/person\/16a4857e77dfc0b610c4c2cadffc9ac4","name":"Mohamed Fethi","image":{"@type":"ImageObject","inLanguage":"fr-FR","@id":"https:\/\/www.webdo.tn\/fr\/wp-content\/uploads\/2026\/04\/mohamed-fethi_avatar_1-96x96.jpg","url":"https:\/\/www.webdo.tn\/fr\/wp-content\/uploads\/2026\/04\/mohamed-fethi_avatar_1-96x96.jpg","contentUrl":"https:\/\/www.webdo.tn\/fr\/wp-content\/uploads\/2026\/04\/mohamed-fethi_avatar_1-96x96.jpg","caption":"Mohamed Fethi"},"description":"Signature \u00e9ditoriale de Maher Chaabane Mohamed Fethi est le pseudonyme \u00e9ditorial de Maher Chaabane, r\u00e9dacteur en chef de Webdo.tn depuis 2012. Cette signature est d\u00e9di\u00e9e au traitement intensif de l'actualit\u00e9 nationale et internationale en temps r\u00e9el. S'appuyant sur les deux d\u00e9cennies d'expertise journalistique de Maher Chaabane \u2014 d\u00e9but\u00e9e au sein du groupe Tunis Hebdo en 2000 \u2014 Mohamed Fethi assure une veille rigoureuse sur les enjeux politiques, \u00e9conomiques et sportifs. Sa mission est de garantir une information structur\u00e9e, fluide et fid\u00e8le aux standards de la r\u00e9daction. Pour consulter le parcours complet du r\u00e9dacteur en chef, visitez le profil officiel de Maher Chaabane.","knowsAbout":["actualit\u00e9","journalisme","information","politique","sport","m\u00e9dias","actualit\u00e9 internationale"],"knowsLanguage":["Fran\u00e7ais","Arabe"],"jobTitle":"Journaliste \u2013 R\u00e9daction Webdo","worksFor":"Webdo.tn","url":"https:\/\/www.webdo.tn\/fr\/actualite\/author\/mohamed-fethi\/"}]}},"_links":{"self":[{"href":"https:\/\/www.webdo.tn\/fr\/wp-json\/wp\/v2\/posts\/392227","targetHints":{"allow":["GET"]}}],"collection":[{"href":"https:\/\/www.webdo.tn\/fr\/wp-json\/wp\/v2\/posts"}],"about":[{"href":"https:\/\/www.webdo.tn\/fr\/wp-json\/wp\/v2\/types\/post"}],"author":[{"embeddable":true,"href":"https:\/\/www.webdo.tn\/fr\/wp-json\/wp\/v2\/users\/4782"}],"replies":[{"embeddable":true,"href":"https:\/\/www.webdo.tn\/fr\/wp-json\/wp\/v2\/comments?post=392227"}],"version-history":[{"count":0,"href":"https:\/\/www.webdo.tn\/fr\/wp-json\/wp\/v2\/posts\/392227\/revisions"}],"wp:featuredmedia":[{"embeddable":true,"href":"https:\/\/www.webdo.tn\/fr\/wp-json\/wp\/v2\/media\/391585"}],"wp:attachment":[{"href":"https:\/\/www.webdo.tn\/fr\/wp-json\/wp\/v2\/media?parent=392227"}],"wp:term":[{"taxonomy":"category","embeddable":true,"href":"https:\/\/www.webdo.tn\/fr\/wp-json\/wp\/v2\/categories?post=392227"},{"taxonomy":"post_tag","embeddable":true,"href":"https:\/\/www.webdo.tn\/fr\/wp-json\/wp\/v2\/tags?post=392227"}],"curies":[{"name":"wp","href":"https:\/\/api.w.org\/{rel}","templated":true}]}}