{"id":392216,"date":"2026-01-28T13:52:02","date_gmt":"2026-01-28T12:52:02","guid":{"rendered":"https:\/\/www.webdo.tn\/fr\/?p=392216"},"modified":"2026-01-28T13:52:02","modified_gmt":"2026-01-28T12:52:02","slug":"vents-violents-et-pluies-orageuses-la-protection-civile-appelle-a-la-vigilance","status":"publish","type":"post","link":"https:\/\/www.webdo.tn\/fr\/actualite\/national\/vents-violents-et-pluies-orageuses-la-protection-civile-appelle-a-la-vigilance\/392216\/","title":{"rendered":"Vents violents et pluies orageuses : La Protection civile appelle \u00e0 la vigilance"},"content":{"rendered":"\n<p>Le temps s\u2019annonce instable \u00e0 partir de ce mercredi soir 28 janvier 2026. Le Bureau national de la Protection civile a appel\u00e9 les citoyens \u00e0 observer la plus grande prudence, en raison des perturbations m\u00e9t\u00e9orologiques attendues sur une grande partie du pays.<\/p>\n\n\n\n<p>Selon les pr\u00e9visions de l\u2019Institut national de la m\u00e9t\u00e9orologie, des vents relativement forts souffleront sur la majorit\u00e9 des r\u00e9gions, avec des vitesses comprises entre 50 et 80 km\/h. Ces vents pourraient devenir tr\u00e8s forts sous forme de rafales, atteignant localement les 100 km\/h. Des pluies orageuses sont \u00e9galement pr\u00e9vues, parfois abondantes, notamment \u00e0 l\u2019extr\u00eame nord du pays.<\/p>\n\n\n\n<p>Face \u00e0 ces conditions m\u00e9t\u00e9orologiques, la Protection civile a publi\u00e9 une s\u00e9rie de recommandations visant \u00e0 limiter les risques et \u00e0 assurer la s\u00e9curit\u00e9 des personnes et des biens. Elle invite notamment \u00e0 rester dans des lieux ferm\u00e9s et \u00e0 \u00e9viter les sorties sauf en cas de n\u00e9cessit\u00e9, tout en appelant \u00e0 s\u2019\u00e9loigner des arbres, des structures \u00e9lev\u00e9es, ainsi que des poteaux d\u2019\u00e9clairage et d\u2019\u00e9lectricit\u00e9.<\/p>\n\n\n\n<h2 class=\"wp-block-heading\" id=\"h-fermer-soigneusement-portes-et-fenetres\">Fermer soigneusement portes et fen\u00eatres<\/h2>\n\n\n\n<p>Les citoyens sont \u00e9galement encourag\u00e9s \u00e0 fermer soigneusement portes et fen\u00eatres afin de pr\u00e9venir la projection d\u2019objets, et \u00e0 s\u00e9curiser les \u00e9l\u00e9ments ext\u00e9rieurs susceptibles d\u2019\u00eatre emport\u00e9s par le vent, tels que les pots, les jardini\u00e8res ou les panneaux.<\/p>\n\n\n\n<p>La Protection civile insiste par ailleurs sur l\u2019importance d\u2019\u00e9viter les zones \u00e0 risque pouvant repr\u00e9senter un danger pour la s\u00e9curit\u00e9 publique, et de ne pas stationner les v\u00e9hicules sous les arbres durant les \u00e9pisodes de vents violents et d\u2019orages, en raison du risque de chute de branches ou d\u2019arbres entiers, pouvant entra\u00eener d\u2019importants d\u00e9g\u00e2ts mat\u00e9riels.<\/p>\n\n\n\n<p>Les autorit\u00e9s appellent enfin \u00e0 suivre r\u00e9guli\u00e8rement les bulletins et alertes m\u00e9t\u00e9orologiques diffus\u00e9s par les services comp\u00e9tents et les m\u00e9dias, afin de rester inform\u00e9 de l\u2019\u00e9volution de la situation.<\/p>\n\n\n\n<p>En cas d\u2019urgence, la Protection civile rappelle que le num\u00e9ro 198 reste joignable 24h\/24.<\/p>\n\n\n\n<p><\/p>\n\n\n\n<p><\/p>\n\n\n\n<blockquote class=\"wp-block-quote is-layout-flow wp-block-quote-is-layout-flow\">\n<blockquote class=\"wp-block-quote is-layout-flow wp-block-quote-is-layout-flow\">\n<p><strong>Lire aussi :<\/strong><\/p>\n\n\n\n<ul class=\"wp-block-list\">\n<li><a href=\"https:\/\/www.webdo.tn\/fr\/actualite\/national\/tunisie-meteo-vents-tres-forts-et-pluies-orageuses-sur-plusieurs-regions\/392179\/\">Tunisie \u2013 M\u00e9t\u00e9o : Vents tr\u00e8s forts et pluies orageuses sur plusieurs r\u00e9gions<\/a><\/li>\n<\/ul>\n<\/blockquote>\n<\/blockquote>\n","protected":false},"excerpt":{"rendered":"<p>Le temps s\u2019annonce instable \u00e0 partir de ce mercredi soir 28 janvier 2026. Le Bureau national de la Protection civile a appel\u00e9 les citoyens \u00e0 observer la plus grande prudence, en raison des perturbations m\u00e9t\u00e9orologiques attendues sur une grande partie du pays. Selon les pr\u00e9visions de l\u2019Institut national de la m\u00e9t\u00e9orologie, des vents relativement forts [&hellip;]<\/p>\n","protected":false},"author":3184,"featured_media":392049,"comment_status":"closed","ping_status":"closed","sticky":false,"template":"","format":"standard","meta":{"footnotes":""},"categories":[44],"tags":[2608,3363,4100],"class_list":["post-392216","post","type-post","status-publish","format-standard","has-post-thumbnail","hentry","category-national","tag-tunisie","tag-vent","tag-vigilance"],"yoast_head":"<!-- This site is optimized with the Yoast SEO Premium plugin v27.5 (Yoast SEO v27.5) - https:\/\/yoast.com\/product\/yoast-seo-premium-wordpress\/ -->\n<title>Vents violents et pluies orageuses : La Protection civile appelle \u00e0 la vigilance - webdo<\/title>\n<link rel=\"canonical\" href=\"https:\/\/www.webdo.tn\/fr\/actualite\/national\/vents-violents-et-pluies-orageuses-la-protection-civile-appelle-a-la-vigilance\/392216\/\" \/>\n<meta property=\"og:locale\" content=\"fr_FR\" \/>\n<meta property=\"og:type\" content=\"article\" \/>\n<meta property=\"og:title\" content=\"Vents violents et pluies orageuses : La Protection civile appelle \u00e0 la vigilance\" \/>\n<meta property=\"og:description\" content=\"Le temps s\u2019annonce instable \u00e0 partir de ce mercredi soir 28 janvier 2026. Le Bureau national de la Protection civile a appel\u00e9 les citoyens \u00e0 observer la plus grande prudence, en raison des perturbations m\u00e9t\u00e9orologiques attendues sur une grande partie du pays. Selon les pr\u00e9visions de l\u2019Institut national de la m\u00e9t\u00e9orologie, des vents relativement forts [&hellip;]\" \/>\n<meta property=\"og:url\" content=\"https:\/\/www.webdo.tn\/fr\/actualite\/national\/vents-violents-et-pluies-orageuses-la-protection-civile-appelle-a-la-vigilance\/392216\/\" \/>\n<meta property=\"og:site_name\" content=\"webdo\" \/>\n<meta property=\"article:publisher\" content=\"https:\/\/www.facebook.com\/webdotn\" \/>\n<meta property=\"article:published_time\" content=\"2026-01-28T12:52:02+00:00\" \/>\n<meta property=\"og:image\" content=\"https:\/\/www.webdo.tn\/fr\/wp-content\/uploads\/2026\/01\/vent.jpg\" \/>\n\t<meta property=\"og:image:width\" content=\"1200\" \/>\n\t<meta property=\"og:image:height\" content=\"603\" \/>\n\t<meta property=\"og:image:type\" content=\"image\/jpeg\" \/>\n<meta name=\"author\" content=\"Wided Belhaj\" \/>\n<meta name=\"twitter:card\" content=\"summary_large_image\" \/>\n<meta name=\"twitter:creator\" content=\"@webdo_tn\" \/>\n<meta name=\"twitter:site\" content=\"@webdo_tn\" \/>\n<meta name=\"twitter:label1\" content=\"\u00c9crit par\" \/>\n\t<meta name=\"twitter:data1\" content=\"Wided Belhaj\" \/>\n\t<meta name=\"twitter:label2\" content=\"Dur\u00e9e de lecture estim\u00e9e\" \/>\n\t<meta name=\"twitter:data2\" content=\"2 minutes\" \/>\n<script type=\"application\/ld+json\" class=\"yoast-schema-graph\">{\"@context\":\"https:\\\/\\\/schema.org\",\"@graph\":[{\"@type\":\"NewsArticle\",\"@id\":\"https:\\\/\\\/www.webdo.tn\\\/fr\\\/actualite\\\/national\\\/vents-violents-et-pluies-orageuses-la-protection-civile-appelle-a-la-vigilance\\\/392216\\\/#article\",\"isPartOf\":{\"@id\":\"https:\\\/\\\/www.webdo.tn\\\/fr\\\/actualite\\\/national\\\/vents-violents-et-pluies-orageuses-la-protection-civile-appelle-a-la-vigilance\\\/392216\\\/\"},\"author\":{\"name\":\"Wided Belhaj\",\"@id\":\"https:\\\/\\\/www.webdo.tn\\\/fr\\\/#\\\/schema\\\/person\\\/b9ecde7a5574cb4fcf4b496ea5fadb15\"},\"headline\":\"Vents violents et pluies orageuses : La Protection civile appelle \u00e0 la vigilance\",\"datePublished\":\"2026-01-28T12:52:02+00:00\",\"mainEntityOfPage\":{\"@id\":\"https:\\\/\\\/www.webdo.tn\\\/fr\\\/actualite\\\/national\\\/vents-violents-et-pluies-orageuses-la-protection-civile-appelle-a-la-vigilance\\\/392216\\\/\"},\"wordCount\":372,\"publisher\":{\"@id\":\"https:\\\/\\\/www.webdo.tn\\\/fr\\\/#organization\"},\"image\":{\"@id\":\"https:\\\/\\\/www.webdo.tn\\\/fr\\\/actualite\\\/national\\\/vents-violents-et-pluies-orageuses-la-protection-civile-appelle-a-la-vigilance\\\/392216\\\/#primaryimage\"},\"thumbnailUrl\":\"https:\\\/\\\/www.webdo.tn\\\/fr\\\/wp-content\\\/uploads\\\/2026\\\/01\\\/vent.jpg\",\"keywords\":[\"Tunisie\",\"Vent\",\"vigilance\"],\"articleSection\":[\"National\"],\"inLanguage\":\"fr-FR\"},{\"@type\":\"WebPage\",\"@id\":\"https:\\\/\\\/www.webdo.tn\\\/fr\\\/actualite\\\/national\\\/vents-violents-et-pluies-orageuses-la-protection-civile-appelle-a-la-vigilance\\\/392216\\\/\",\"url\":\"https:\\\/\\\/www.webdo.tn\\\/fr\\\/actualite\\\/national\\\/vents-violents-et-pluies-orageuses-la-protection-civile-appelle-a-la-vigilance\\\/392216\\\/\",\"name\":\"Vents violents et pluies orageuses : La Protection civile appelle \u00e0 la vigilance - webdo\",\"isPartOf\":{\"@id\":\"https:\\\/\\\/www.webdo.tn\\\/fr\\\/#website\"},\"primaryImageOfPage\":{\"@id\":\"https:\\\/\\\/www.webdo.tn\\\/fr\\\/actualite\\\/national\\\/vents-violents-et-pluies-orageuses-la-protection-civile-appelle-a-la-vigilance\\\/392216\\\/#primaryimage\"},\"image\":{\"@id\":\"https:\\\/\\\/www.webdo.tn\\\/fr\\\/actualite\\\/national\\\/vents-violents-et-pluies-orageuses-la-protection-civile-appelle-a-la-vigilance\\\/392216\\\/#primaryimage\"},\"thumbnailUrl\":\"https:\\\/\\\/www.webdo.tn\\\/fr\\\/wp-content\\\/uploads\\\/2026\\\/01\\\/vent.jpg\",\"datePublished\":\"2026-01-28T12:52:02+00:00\",\"breadcrumb\":{\"@id\":\"https:\\\/\\\/www.webdo.tn\\\/fr\\\/actualite\\\/national\\\/vents-violents-et-pluies-orageuses-la-protection-civile-appelle-a-la-vigilance\\\/392216\\\/#breadcrumb\"},\"inLanguage\":\"fr-FR\",\"potentialAction\":[{\"@type\":\"ReadAction\",\"target\":[\"https:\\\/\\\/www.webdo.tn\\\/fr\\\/actualite\\\/national\\\/vents-violents-et-pluies-orageuses-la-protection-civile-appelle-a-la-vigilance\\\/392216\\\/\"]}]},{\"@type\":\"ImageObject\",\"inLanguage\":\"fr-FR\",\"@id\":\"https:\\\/\\\/www.webdo.tn\\\/fr\\\/actualite\\\/national\\\/vents-violents-et-pluies-orageuses-la-protection-civile-appelle-a-la-vigilance\\\/392216\\\/#primaryimage\",\"url\":\"https:\\\/\\\/www.webdo.tn\\\/fr\\\/wp-content\\\/uploads\\\/2026\\\/01\\\/vent.jpg\",\"contentUrl\":\"https:\\\/\\\/www.webdo.tn\\\/fr\\\/wp-content\\\/uploads\\\/2026\\\/01\\\/vent.jpg\",\"width\":1200,\"height\":603,\"caption\":\"Tunisie : Vents violents et pluies au programme\"},{\"@type\":\"BreadcrumbList\",\"@id\":\"https:\\\/\\\/www.webdo.tn\\\/fr\\\/actualite\\\/national\\\/vents-violents-et-pluies-orageuses-la-protection-civile-appelle-a-la-vigilance\\\/392216\\\/#breadcrumb\",\"itemListElement\":[{\"@type\":\"ListItem\",\"position\":1,\"name\":\"Accueil\",\"item\":\"https:\\\/\\\/www.webdo.tn\\\/fr\\\/\"},{\"@type\":\"ListItem\",\"position\":2,\"name\":\"Vents violents et pluies orageuses : La Protection civile appelle \u00e0 la vigilance\"}]},{\"@type\":\"WebSite\",\"@id\":\"https:\\\/\\\/www.webdo.tn\\\/fr\\\/#website\",\"url\":\"https:\\\/\\\/www.webdo.tn\\\/fr\\\/\",\"name\":\"webdo\",\"description\":\"Tunisie - News en Tunisie et \u00e0 l&#039;international sur Webdo.tn\",\"publisher\":{\"@id\":\"https:\\\/\\\/www.webdo.tn\\\/fr\\\/#organization\"},\"potentialAction\":[{\"@type\":\"SearchAction\",\"target\":{\"@type\":\"EntryPoint\",\"urlTemplate\":\"https:\\\/\\\/www.webdo.tn\\\/fr\\\/?s={search_term_string}\"},\"query-input\":{\"@type\":\"PropertyValueSpecification\",\"valueRequired\":true,\"valueName\":\"search_term_string\"}}],\"inLanguage\":\"fr-FR\"},{\"@type\":\"Organization\",\"@id\":\"https:\\\/\\\/www.webdo.tn\\\/fr\\\/#organization\",\"name\":\"Webdo\",\"alternateName\":\"Webdo.tn\",\"url\":\"https:\\\/\\\/www.webdo.tn\\\/fr\\\/\",\"logo\":{\"@type\":\"ImageObject\",\"inLanguage\":\"fr-FR\",\"@id\":\"https:\\\/\\\/www.webdo.tn\\\/fr\\\/#\\\/schema\\\/logo\\\/image\\\/\",\"url\":\"https:\\\/\\\/www.webdo.tn\\\/fr\\\/wp-content\\\/uploads\\\/2025\\\/06\\\/Webdo-Tunisie_168377.jpg\",\"contentUrl\":\"https:\\\/\\\/www.webdo.tn\\\/fr\\\/wp-content\\\/uploads\\\/2025\\\/06\\\/Webdo-Tunisie_168377.jpg\",\"width\":301,\"height\":301,\"caption\":\"Webdo\"},\"image\":{\"@id\":\"https:\\\/\\\/www.webdo.tn\\\/fr\\\/#\\\/schema\\\/logo\\\/image\\\/\"},\"sameAs\":[\"https:\\\/\\\/www.facebook.com\\\/webdotn\",\"https:\\\/\\\/x.com\\\/webdo_tn\"],\"description\":\"Webdo est un m\u00e9dia num\u00e9rique tunisien fond\u00e9 en 2010, sp\u00e9cialis\u00e9 dans l\u2019actualit\u00e9 nationale et internationale, l\u2019\u00e9conomie, la soci\u00e9t\u00e9 et les analyses politiques. Le site s\u2019adresse \u00e0 un large public francophone et couvre l\u2019information tunisienne en temps r\u00e9el.\",\"email\":\"redac@webdo.tn\",\"legalName\":\"YNJ SARL\",\"foundingDate\":\"2010-09-06\",\"numberOfEmployees\":{\"@type\":\"QuantitativeValue\",\"minValue\":\"11\",\"maxValue\":\"50\"}},{\"@type\":\"Person\",\"@id\":\"https:\\\/\\\/www.webdo.tn\\\/fr\\\/#\\\/schema\\\/person\\\/b9ecde7a5574cb4fcf4b496ea5fadb15\",\"name\":\"Wided Belhaj\",\"image\":{\"@type\":\"ImageObject\",\"inLanguage\":\"fr-FR\",\"@id\":\"https:\\\/\\\/www.webdo.tn\\\/fr\\\/wp-content\\\/uploads\\\/2026\\\/04\\\/wided-belhaj_avatar-96x96.jpg\",\"url\":\"https:\\\/\\\/www.webdo.tn\\\/fr\\\/wp-content\\\/uploads\\\/2026\\\/04\\\/wided-belhaj_avatar-96x96.jpg\",\"contentUrl\":\"https:\\\/\\\/www.webdo.tn\\\/fr\\\/wp-content\\\/uploads\\\/2026\\\/04\\\/wided-belhaj_avatar-96x96.jpg\",\"caption\":\"Wided Belhaj\"},\"description\":\"Wided Belhaj est le pseudonyme \u00e9ditorial utilis\u00e9 par Khalil Jelassi, journaliste, ma\u00eetre-assistant \u00e0 l\u2019Institut de presse et des sciences de l\u2019information (IPSI) et chercheur en sciences de l\u2019information et de la communication. Cette signature est d\u00e9di\u00e9e \u00e0 l\u2019analyse des m\u00e9dias, des pratiques journalistiques et des mutations de l\u2019information \u00e0 l\u2019\u00e8re digitale. \u00c0 travers ses contributions, Wided Belhaj propose une lecture analytique de l\u2019actualit\u00e9, en croisant regard critique et expertise acad\u00e9mique.\",\"knowsAbout\":[\"m\u00e9dias\",\"journalisme\",\"communication\",\"information\",\"transformation num\u00e9rique\",\"analyse des m\u00e9dias\"],\"knowsLanguage\":[\"Fran\u00e7ais\",\"Arabe\"],\"jobTitle\":\"Webdo.tn\",\"worksFor\":\"Journaliste \u2013 Analyse des m\u00e9dias\",\"url\":\"https:\\\/\\\/www.webdo.tn\\\/fr\\\/actualite\\\/author\\\/wided-belhaj\\\/\"}]}<\/script>\n<!-- \/ Yoast SEO Premium plugin. -->","yoast_head_json":{"title":"Vents violents et pluies orageuses : La Protection civile appelle \u00e0 la vigilance - webdo","canonical":"https:\/\/www.webdo.tn\/fr\/actualite\/national\/vents-violents-et-pluies-orageuses-la-protection-civile-appelle-a-la-vigilance\/392216\/","og_locale":"fr_FR","og_type":"article","og_title":"Vents violents et pluies orageuses : La Protection civile appelle \u00e0 la vigilance","og_description":"Le temps s\u2019annonce instable \u00e0 partir de ce mercredi soir 28 janvier 2026. Le Bureau national de la Protection civile a appel\u00e9 les citoyens \u00e0 observer la plus grande prudence, en raison des perturbations m\u00e9t\u00e9orologiques attendues sur une grande partie du pays. Selon les pr\u00e9visions de l\u2019Institut national de la m\u00e9t\u00e9orologie, des vents relativement forts [&hellip;]","og_url":"https:\/\/www.webdo.tn\/fr\/actualite\/national\/vents-violents-et-pluies-orageuses-la-protection-civile-appelle-a-la-vigilance\/392216\/","og_site_name":"webdo","article_publisher":"https:\/\/www.facebook.com\/webdotn","article_published_time":"2026-01-28T12:52:02+00:00","og_image":[{"width":1200,"height":603,"url":"https:\/\/www.webdo.tn\/fr\/wp-content\/uploads\/2026\/01\/vent.jpg","type":"image\/jpeg"}],"author":"Wided Belhaj","twitter_card":"summary_large_image","twitter_creator":"@webdo_tn","twitter_site":"@webdo_tn","twitter_misc":{"\u00c9crit par":"Wided Belhaj","Dur\u00e9e de lecture estim\u00e9e":"2 minutes"},"schema":{"@context":"https:\/\/schema.org","@graph":[{"@type":"NewsArticle","@id":"https:\/\/www.webdo.tn\/fr\/actualite\/national\/vents-violents-et-pluies-orageuses-la-protection-civile-appelle-a-la-vigilance\/392216\/#article","isPartOf":{"@id":"https:\/\/www.webdo.tn\/fr\/actualite\/national\/vents-violents-et-pluies-orageuses-la-protection-civile-appelle-a-la-vigilance\/392216\/"},"author":{"name":"Wided Belhaj","@id":"https:\/\/www.webdo.tn\/fr\/#\/schema\/person\/b9ecde7a5574cb4fcf4b496ea5fadb15"},"headline":"Vents violents et pluies orageuses : La Protection civile appelle \u00e0 la vigilance","datePublished":"2026-01-28T12:52:02+00:00","mainEntityOfPage":{"@id":"https:\/\/www.webdo.tn\/fr\/actualite\/national\/vents-violents-et-pluies-orageuses-la-protection-civile-appelle-a-la-vigilance\/392216\/"},"wordCount":372,"publisher":{"@id":"https:\/\/www.webdo.tn\/fr\/#organization"},"image":{"@id":"https:\/\/www.webdo.tn\/fr\/actualite\/national\/vents-violents-et-pluies-orageuses-la-protection-civile-appelle-a-la-vigilance\/392216\/#primaryimage"},"thumbnailUrl":"https:\/\/www.webdo.tn\/fr\/wp-content\/uploads\/2026\/01\/vent.jpg","keywords":["Tunisie","Vent","vigilance"],"articleSection":["National"],"inLanguage":"fr-FR"},{"@type":"WebPage","@id":"https:\/\/www.webdo.tn\/fr\/actualite\/national\/vents-violents-et-pluies-orageuses-la-protection-civile-appelle-a-la-vigilance\/392216\/","url":"https:\/\/www.webdo.tn\/fr\/actualite\/national\/vents-violents-et-pluies-orageuses-la-protection-civile-appelle-a-la-vigilance\/392216\/","name":"Vents violents et pluies orageuses : La Protection civile appelle \u00e0 la vigilance - webdo","isPartOf":{"@id":"https:\/\/www.webdo.tn\/fr\/#website"},"primaryImageOfPage":{"@id":"https:\/\/www.webdo.tn\/fr\/actualite\/national\/vents-violents-et-pluies-orageuses-la-protection-civile-appelle-a-la-vigilance\/392216\/#primaryimage"},"image":{"@id":"https:\/\/www.webdo.tn\/fr\/actualite\/national\/vents-violents-et-pluies-orageuses-la-protection-civile-appelle-a-la-vigilance\/392216\/#primaryimage"},"thumbnailUrl":"https:\/\/www.webdo.tn\/fr\/wp-content\/uploads\/2026\/01\/vent.jpg","datePublished":"2026-01-28T12:52:02+00:00","breadcrumb":{"@id":"https:\/\/www.webdo.tn\/fr\/actualite\/national\/vents-violents-et-pluies-orageuses-la-protection-civile-appelle-a-la-vigilance\/392216\/#breadcrumb"},"inLanguage":"fr-FR","potentialAction":[{"@type":"ReadAction","target":["https:\/\/www.webdo.tn\/fr\/actualite\/national\/vents-violents-et-pluies-orageuses-la-protection-civile-appelle-a-la-vigilance\/392216\/"]}]},{"@type":"ImageObject","inLanguage":"fr-FR","@id":"https:\/\/www.webdo.tn\/fr\/actualite\/national\/vents-violents-et-pluies-orageuses-la-protection-civile-appelle-a-la-vigilance\/392216\/#primaryimage","url":"https:\/\/www.webdo.tn\/fr\/wp-content\/uploads\/2026\/01\/vent.jpg","contentUrl":"https:\/\/www.webdo.tn\/fr\/wp-content\/uploads\/2026\/01\/vent.jpg","width":1200,"height":603,"caption":"Tunisie : Vents violents et pluies au programme"},{"@type":"BreadcrumbList","@id":"https:\/\/www.webdo.tn\/fr\/actualite\/national\/vents-violents-et-pluies-orageuses-la-protection-civile-appelle-a-la-vigilance\/392216\/#breadcrumb","itemListElement":[{"@type":"ListItem","position":1,"name":"Accueil","item":"https:\/\/www.webdo.tn\/fr\/"},{"@type":"ListItem","position":2,"name":"Vents violents et pluies orageuses : La Protection civile appelle \u00e0 la vigilance"}]},{"@type":"WebSite","@id":"https:\/\/www.webdo.tn\/fr\/#website","url":"https:\/\/www.webdo.tn\/fr\/","name":"webdo","description":"Tunisie - News en Tunisie et \u00e0 l&#039;international sur Webdo.tn","publisher":{"@id":"https:\/\/www.webdo.tn\/fr\/#organization"},"potentialAction":[{"@type":"SearchAction","target":{"@type":"EntryPoint","urlTemplate":"https:\/\/www.webdo.tn\/fr\/?s={search_term_string}"},"query-input":{"@type":"PropertyValueSpecification","valueRequired":true,"valueName":"search_term_string"}}],"inLanguage":"fr-FR"},{"@type":"Organization","@id":"https:\/\/www.webdo.tn\/fr\/#organization","name":"Webdo","alternateName":"Webdo.tn","url":"https:\/\/www.webdo.tn\/fr\/","logo":{"@type":"ImageObject","inLanguage":"fr-FR","@id":"https:\/\/www.webdo.tn\/fr\/#\/schema\/logo\/image\/","url":"https:\/\/www.webdo.tn\/fr\/wp-content\/uploads\/2025\/06\/Webdo-Tunisie_168377.jpg","contentUrl":"https:\/\/www.webdo.tn\/fr\/wp-content\/uploads\/2025\/06\/Webdo-Tunisie_168377.jpg","width":301,"height":301,"caption":"Webdo"},"image":{"@id":"https:\/\/www.webdo.tn\/fr\/#\/schema\/logo\/image\/"},"sameAs":["https:\/\/www.facebook.com\/webdotn","https:\/\/x.com\/webdo_tn"],"description":"Webdo est un m\u00e9dia num\u00e9rique tunisien fond\u00e9 en 2010, sp\u00e9cialis\u00e9 dans l\u2019actualit\u00e9 nationale et internationale, l\u2019\u00e9conomie, la soci\u00e9t\u00e9 et les analyses politiques. Le site s\u2019adresse \u00e0 un large public francophone et couvre l\u2019information tunisienne en temps r\u00e9el.","email":"redac@webdo.tn","legalName":"YNJ SARL","foundingDate":"2010-09-06","numberOfEmployees":{"@type":"QuantitativeValue","minValue":"11","maxValue":"50"}},{"@type":"Person","@id":"https:\/\/www.webdo.tn\/fr\/#\/schema\/person\/b9ecde7a5574cb4fcf4b496ea5fadb15","name":"Wided Belhaj","image":{"@type":"ImageObject","inLanguage":"fr-FR","@id":"https:\/\/www.webdo.tn\/fr\/wp-content\/uploads\/2026\/04\/wided-belhaj_avatar-96x96.jpg","url":"https:\/\/www.webdo.tn\/fr\/wp-content\/uploads\/2026\/04\/wided-belhaj_avatar-96x96.jpg","contentUrl":"https:\/\/www.webdo.tn\/fr\/wp-content\/uploads\/2026\/04\/wided-belhaj_avatar-96x96.jpg","caption":"Wided Belhaj"},"description":"Wided Belhaj est le pseudonyme \u00e9ditorial utilis\u00e9 par Khalil Jelassi, journaliste, ma\u00eetre-assistant \u00e0 l\u2019Institut de presse et des sciences de l\u2019information (IPSI) et chercheur en sciences de l\u2019information et de la communication. Cette signature est d\u00e9di\u00e9e \u00e0 l\u2019analyse des m\u00e9dias, des pratiques journalistiques et des mutations de l\u2019information \u00e0 l\u2019\u00e8re digitale. \u00c0 travers ses contributions, Wided Belhaj propose une lecture analytique de l\u2019actualit\u00e9, en croisant regard critique et expertise acad\u00e9mique.","knowsAbout":["m\u00e9dias","journalisme","communication","information","transformation num\u00e9rique","analyse des m\u00e9dias"],"knowsLanguage":["Fran\u00e7ais","Arabe"],"jobTitle":"Webdo.tn","worksFor":"Journaliste \u2013 Analyse des m\u00e9dias","url":"https:\/\/www.webdo.tn\/fr\/actualite\/author\/wided-belhaj\/"}]}},"_links":{"self":[{"href":"https:\/\/www.webdo.tn\/fr\/wp-json\/wp\/v2\/posts\/392216","targetHints":{"allow":["GET"]}}],"collection":[{"href":"https:\/\/www.webdo.tn\/fr\/wp-json\/wp\/v2\/posts"}],"about":[{"href":"https:\/\/www.webdo.tn\/fr\/wp-json\/wp\/v2\/types\/post"}],"author":[{"embeddable":true,"href":"https:\/\/www.webdo.tn\/fr\/wp-json\/wp\/v2\/users\/3184"}],"replies":[{"embeddable":true,"href":"https:\/\/www.webdo.tn\/fr\/wp-json\/wp\/v2\/comments?post=392216"}],"version-history":[{"count":0,"href":"https:\/\/www.webdo.tn\/fr\/wp-json\/wp\/v2\/posts\/392216\/revisions"}],"wp:featuredmedia":[{"embeddable":true,"href":"https:\/\/www.webdo.tn\/fr\/wp-json\/wp\/v2\/media\/392049"}],"wp:attachment":[{"href":"https:\/\/www.webdo.tn\/fr\/wp-json\/wp\/v2\/media?parent=392216"}],"wp:term":[{"taxonomy":"category","embeddable":true,"href":"https:\/\/www.webdo.tn\/fr\/wp-json\/wp\/v2\/categories?post=392216"},{"taxonomy":"post_tag","embeddable":true,"href":"https:\/\/www.webdo.tn\/fr\/wp-json\/wp\/v2\/tags?post=392216"}],"curies":[{"name":"wp","href":"https:\/\/api.w.org\/{rel}","templated":true}]}}