{"id":392211,"date":"2026-01-28T12:23:23","date_gmt":"2026-01-28T11:23:23","guid":{"rendered":"https:\/\/www.webdo.tn\/fr\/?p=392211"},"modified":"2026-01-28T12:23:25","modified_gmt":"2026-01-28T11:23:25","slug":"transferts-les-clubs-de-ligue-1-entrent-dans-le-sprint-final-du-mercato","status":"publish","type":"post","link":"https:\/\/www.webdo.tn\/fr\/actualite\/sport\/transferts-les-clubs-de-ligue-1-entrent-dans-le-sprint-final-du-mercato\/392211\/","title":{"rendered":"Transferts : Les clubs de Ligue 1 entrent dans le sprint final du mercato"},"content":{"rendered":"\n<p><strong>A trois jours de la fermeture du mercato hivernal, fix\u00e9e au 31 janvier, les clubs de Ligue 1 acc\u00e9l\u00e8rent leurs derniers ajustements d\u2019effectif. Entre renforts cibl\u00e9s, paris de derni\u00e8re minute et r\u00e9am\u00e9nagements tactiques, plusieurs \u00e9quipes ont profit\u00e9 de cette fen\u00eatre de transferts pour corriger le tir avant d\u2019aborder la phase d\u00e9cisive de la saison.<\/strong><\/p>\n\n\n\n<p>Alors que le sprint final du championnat se profile, voici la liste actualis\u00e9e des transferts d\u00e9j\u00e0 officialis\u00e9s par les clubs de Ligue 1 lors de ce mercato hivernal 2025-2026.<\/p>\n\n\n\n<h2 class=\"wp-block-heading\" id=\"h-as-gabes\">AS Gab\u00e8s<\/h2>\n\n\n\n<ul class=\"wp-block-list\">\n<li><strong>Arriv\u00e9e <\/strong>: N\u00e9ant<\/li>\n\n\n\n<li><strong>D\u00e9parts :<\/strong> Nour Beji, Mouhib Selmi, Ayoub Zanati, Ahmed Yassine Mechri, Mohamed Amine Naoui, Diallo Daouda, Mohamed Abdourahmane, Nasser Hamed, Moulaye Idris<\/li>\n<\/ul>\n\n\n\n<h2 class=\"wp-block-heading\" id=\"h-as-marsa\">AS Marsa<\/h2>\n\n\n\n<ul class=\"wp-block-list\">\n<li><strong>Arriv\u00e9e <\/strong>: Firas Aifia (ST)<\/li>\n\n\n\n<li><strong>D\u00e9parts :<\/strong> Kassi Martial, Anouar Jouini (JSO), Ahmed Hadhri<\/li>\n<\/ul>\n\n\n\n<h2 class=\"wp-block-heading\" id=\"h-as-soliman\">AS Soliman<\/h2>\n\n\n\n<ul class=\"wp-block-list\">\n<li><strong>Arriv\u00e9es : <\/strong>Ahmed Bouaasida (EST\/pr\u00eat), Malek Mehri (EST)<\/li>\n\n\n\n<li><strong>D\u00e9part : <\/strong>Jack Pantoulou Diarra (EST\/retour pr\u00eat)<\/li>\n<\/ul>\n\n\n\n<h2 class=\"wp-block-heading\" id=\"h-club-africain\">Club Africain<\/h2>\n\n\n\n<ul class=\"wp-block-list\">\n<li><strong>Arriv\u00e9es :<\/strong> Oussema Bouguerra (EST\/2 ans et demi), Ryan Tetego (3 ans et demi), Aymen Harzi (USMo\/2 ans et demi), Rayan Zouabi (4 ans et demi)<\/li>\n\n\n\n<li><strong>D\u00e9parts :<\/strong>\u00a0Hamza Mansri (ESM\/pr\u00eat 6 mois), Ali Youssef<\/li>\n<\/ul>\n\n\n\n<h2 class=\"wp-block-heading\" id=\"h-ca-bizertin\">CA Bizertin<\/h2>\n\n\n\n<ul class=\"wp-block-list\">\n<li><strong>Arriv\u00e9e :<\/strong> Heni Amamou<\/li>\n\n\n\n<li><strong>D\u00e9parts : <\/strong>Ahmed Amri, Malek Mehri, Mohamed Amine Jaballah, Youssef Azib<\/li>\n<\/ul>\n\n\n\n<h2 class=\"wp-block-heading\" id=\"h-cs-sfaxien\">CS Sfaxien<\/h2>\n\n\n\n<ul class=\"wp-block-list\">\n<li><strong>Arriv\u00e9e :\u00a0<\/strong>N\u00e9ant<\/li>\n\n\n\n<li><strong>D\u00e9part :\u00a0<\/strong>N\u00e9ant<\/li>\n<\/ul>\n\n\n\n<h2 class=\"wp-block-heading\" id=\"h-es-metlaoui\">ES M\u00e9tlaoui<\/h2>\n\n\n\n<ul class=\"wp-block-list\">\n<li><strong>Arriv\u00e9es :<\/strong> Cherif Bodian (USMo\/2 ans), Raed Fadaa (1 an et demi), Hamza Mansri (CA\/pr\u00eat), Ahmed Yassine Mechri (CA\/1 an et demi)<\/li>\n\n\n\n<li><strong>D\u00e9parts : <\/strong>Fernand Xavier Mbiagoup, Zied Ben Salem, Sameh Bouhajeb<\/li>\n<\/ul>\n\n\n\n<h2 class=\"wp-block-heading\" id=\"h-esperance-st\">Esp\u00e9rance ST<\/h2>\n\n\n\n<ul class=\"wp-block-list\">\n<li><strong>Arriv\u00e9es :<\/strong> Jack Pantoulou Diarra (ASS\/retour pr\u00eat), Hamza Rafia (3 ans et demi), Elias Arar Fernandez (4 ans et demi), Mohamed Drager (2 ans et demi)<\/li>\n\n\n\n<li><strong>D\u00e9parts : <\/strong>Ahmed Bouaasida (ASS\/pr\u00eat), Oussema Bouguerra (CA), Malek Mehri (ASS), Zineddine Kada (USBG\/pr\u00eat)<\/li>\n<\/ul>\n\n\n\n<h2 class=\"wp-block-heading\" id=\"h-esperance-sz\">Esp\u00e9rance SZ<\/h2>\n\n\n\n<ul class=\"wp-block-list\">\n<li><strong>Arriv\u00e9es :<\/strong> David Nyengue, Daniel Oneymuchara, Adem Garreb, Rayan Sghaier (retour pr\u00eat), Alseny Toure (3 ans), Yakubu Sadiq Abubakar (3 ans)<\/li>\n\n\n\n<li><strong>D\u00e9parts : <\/strong>Osmane Combassa, Zidane Laabidi (BSB\/pr\u00eat), Louay Dahnous (PSSE\/pr\u00eat), Stanley Oguh<\/li>\n<\/ul>\n\n\n\n<h2 class=\"wp-block-heading\" id=\"h-etoile-sportive-du-sahel\">Etoile Sportive du Sahel<\/h2>\n\n\n\n<ul class=\"wp-block-list\">\n<li><strong>Arriv\u00e9e :\u00a0<\/strong>N\u00e9ant<\/li>\n\n\n\n<li><strong>D\u00e9parts : <\/strong>Wassim Chihi, Mohamed Kante, Raki Aouani, Maher Besghaier, Slaheddine Ghedamsi, Raed Gazzah (USBG\/pr\u00eat)<\/li>\n<\/ul>\n\n\n\n<h2 class=\"wp-block-heading\" id=\"h-js-omrane\">JS Omrane<\/h2>\n\n\n\n<ul class=\"wp-block-list\">\n<li><strong>Arriv\u00e9e : <\/strong>Anouar Jouini (ASM\/1 an et demi)<\/li>\n\n\n\n<li><strong>D\u00e9part :<\/strong>\u00a0N\u00e9ant<\/li>\n<\/ul>\n\n\n\n<h2 class=\"wp-block-heading\" id=\"h-js-kairouanaise\">JS Kairouanaise<\/h2>\n\n\n\n<ul class=\"wp-block-list\">\n<li><strong>Arriv\u00e9es : <\/strong>Bangaly Cisse (2 ans), Hamza Agrebi (2 ans), Youssef Hajji (5 ans), Fahmi Maaouani (1 an), Youssef Azib (CAB\/2 ans), Mohamed cherif Camara (3 ans), Ghislain Mounguide Ramadane (2 ans), Ifeanyi Ogba (2 ans), Seifeddine Sabeur (USMo\/1 an)<\/li>\n\n\n\n<li><strong>D\u00e9parts : <\/strong>Mehrez Berrajeh (OB), Youssef Meddeb, Achraf Krir (OB)<\/li>\n<\/ul>\n\n\n\n<h2 class=\"wp-block-heading\" id=\"h-olympique-beja\">Olympique B\u00e9ja<\/h2>\n\n\n\n<ul class=\"wp-block-list\">\n<li><strong>Arriv\u00e9es : <\/strong>Mehrez Berrajeh (1 an et demi), Mohamed Ali Ragoubi (1 an et demi), Gafsi El Houcine (2 ans et demi), Achraf Krir (JSK\/6 mois), Ofufu Ibeh (6 mois), Abdoul-Salam Miziyawa (3 ans), Khaled Ouada (1 an et demi)<\/li>\n\n\n\n<li><strong>D\u00e9parts : <\/strong>Mohamed Amine Ajimi, Mohamed Ali Trabelsi, Mohamed Amine Jerad<\/li>\n<\/ul>\n\n\n\n<h2 class=\"wp-block-heading\" id=\"h-stade-tunisien\">Stade Tunisien<\/h2>\n\n\n\n<ul class=\"wp-block-list\">\n<li><strong>Arriv\u00e9es : <\/strong>Salifou Tapsoba (1 an et demi), Youssef Dhaflaoui (2 ans et demi), Papa Aboubacar Diop (2 ans et demi)<\/li>\n\n\n\n<li><strong>D\u00e9parts : <\/strong>Mahamat Thiam, Alysson Adriano, Ahmed Beji, Firas Aifia (ASM)<\/li>\n<\/ul>\n\n\n\n<h2 class=\"wp-block-heading\" id=\"h-us-ben-guerdane\">US Ben Guerdane<\/h2>\n\n\n\n<ul class=\"wp-block-list\">\n<li><strong>Arriv\u00e9es : <\/strong>Daniel Oboh (2 ans et demi), Anas Bouatay (USMo\/1 an et demi), Raed Gazzah (ESS\/pr\u00eat 6 mois), Zineddine Kada (EST\/pr\u00eat 6 mois), Nassim Chachia (1 an et demi)<\/li>\n\n\n\n<li><strong>D\u00e9parts : <\/strong>Fedi Felhi, Edem Ben Ahmed, Aboubakar Sidiki Leno, Skander Laabidi, Ahmed Souii (OSB\/pr\u00eat), Iyed Haj Khelifa<\/li>\n<\/ul>\n\n\n\n<h2 class=\"wp-block-heading\" id=\"h-us-monastirienne\">US Monastirienne<\/h2>\n\n\n\n<ul class=\"wp-block-list\">\n<li><strong>Arriv\u00e9es :<\/strong> Behaja Randriamalala Tsirava (3 ans et demi), Ayman Ben Mohamed (1 an et demi), Edem Boulila (2 ans et demi), Luqman Gilmore (1 an et demi)<\/li>\n\n\n\n<li><strong>D\u00e9parts : <\/strong>Seifeddine Sabeur (JSK), Dhaieddine Maatougui, Moises Amor, Cherif Bodian (ESM), Aziz Abid, Ayoub Chaabane, Anas Bouatay (USBG), Mahmoud Ghorbal, Aymen Harzi (CA)<\/li>\n<\/ul>\n\n\n\n<p><\/p>\n\n\n\n<blockquote class=\"wp-block-quote is-layout-flow wp-block-quote-is-layout-flow\">\n<blockquote class=\"wp-block-quote is-layout-flow wp-block-quote-is-layout-flow\">\n<p><strong>Lire aussi :<\/strong><\/p>\n\n\n\n<ul class=\"wp-block-list\">\n<li><a href=\"https:\/\/www.webdo.tn\/fr\/actualite\/sport\/tunisie-ligue-1-ouverture-du-mercato-hivernal-le-2-janvier-2025\/218734\/\">Tunisie \u2013 Ligue 1 : Ouverture du mercato hivernal, le 2 janvier 2025<\/a><\/li>\n<\/ul>\n<\/blockquote>\n<\/blockquote>\n","protected":false},"excerpt":{"rendered":"<p>A trois jours de la fermeture du mercato hivernal, fix\u00e9e au 31 janvier, les clubs de Ligue 1 acc\u00e9l\u00e8rent leurs derniers ajustements d\u2019effectif. Entre renforts cibl\u00e9s, paris de derni\u00e8re minute et r\u00e9am\u00e9nagements tactiques, plusieurs \u00e9quipes ont profit\u00e9 de cette fen\u00eatre de transferts pour corriger le tir avant d\u2019aborder la phase d\u00e9cisive de la saison. Alors [&hellip;]<\/p>\n","protected":false},"author":4782,"featured_media":391925,"comment_status":"closed","ping_status":"closed","sticky":false,"template":"","format":"standard","meta":{"footnotes":""},"categories":[2593],"tags":[2622,2777,4555,2608],"class_list":["post-392211","post","type-post","status-publish","format-standard","has-post-thumbnail","hentry","category-sport","tag-football","tag-ligue-1","tag-mercato","tag-tunisie"],"yoast_head":"<!-- This site is optimized with the Yoast SEO Premium plugin v27.5 (Yoast SEO v27.5) - https:\/\/yoast.com\/product\/yoast-seo-premium-wordpress\/ -->\n<title>Transferts : Les clubs de Ligue 1 entrent dans le sprint final du mercato - webdo<\/title>\n<meta name=\"description\" content=\"D\u00e9couvrez les transferts des clubs de Ligue 1 dans le sprint final du mercato. Restez inform\u00e9 des derniers ajustements d\u2019effectif.\" \/>\n<link rel=\"canonical\" href=\"https:\/\/www.webdo.tn\/fr\/actualite\/sport\/transferts-les-clubs-de-ligue-1-entrent-dans-le-sprint-final-du-mercato\/392211\/\" \/>\n<meta property=\"og:locale\" content=\"fr_FR\" \/>\n<meta property=\"og:type\" content=\"article\" \/>\n<meta property=\"og:title\" content=\"Transferts : Les clubs de Ligue 1 entrent dans le sprint final du mercato\" \/>\n<meta property=\"og:description\" content=\"D\u00e9couvrez les transferts des clubs de Ligue 1 dans le sprint final du mercato. Restez inform\u00e9 des derniers ajustements d\u2019effectif.\" \/>\n<meta property=\"og:url\" content=\"https:\/\/www.webdo.tn\/fr\/actualite\/sport\/transferts-les-clubs-de-ligue-1-entrent-dans-le-sprint-final-du-mercato\/392211\/\" \/>\n<meta property=\"og:site_name\" content=\"webdo\" \/>\n<meta property=\"article:publisher\" content=\"https:\/\/www.facebook.com\/webdotn\" \/>\n<meta property=\"article:published_time\" content=\"2026-01-28T11:23:23+00:00\" \/>\n<meta property=\"article:modified_time\" content=\"2026-01-28T11:23:25+00:00\" \/>\n<meta property=\"og:image\" content=\"https:\/\/www.webdo.tn\/fr\/wp-content\/uploads\/2026\/01\/Ligue-1.jpg\" \/>\n\t<meta property=\"og:image:width\" content=\"1200\" \/>\n\t<meta property=\"og:image:height\" content=\"600\" \/>\n\t<meta property=\"og:image:type\" content=\"image\/jpeg\" \/>\n<meta name=\"author\" content=\"Mohamed Fethi\" \/>\n<meta name=\"twitter:card\" content=\"summary_large_image\" \/>\n<meta name=\"twitter:creator\" content=\"@webdo_tn\" \/>\n<meta name=\"twitter:site\" content=\"@webdo_tn\" \/>\n<meta name=\"twitter:label1\" content=\"\u00c9crit par\" \/>\n\t<meta name=\"twitter:data1\" content=\"Mohamed Fethi\" \/>\n\t<meta name=\"twitter:label2\" content=\"Dur\u00e9e de lecture estim\u00e9e\" \/>\n\t<meta name=\"twitter:data2\" content=\"4 minutes\" \/>\n<script type=\"application\/ld+json\" class=\"yoast-schema-graph\">{\"@context\":\"https:\\\/\\\/schema.org\",\"@graph\":[{\"@type\":\"NewsArticle\",\"@id\":\"https:\\\/\\\/www.webdo.tn\\\/fr\\\/actualite\\\/sport\\\/transferts-les-clubs-de-ligue-1-entrent-dans-le-sprint-final-du-mercato\\\/392211\\\/#article\",\"isPartOf\":{\"@id\":\"https:\\\/\\\/www.webdo.tn\\\/fr\\\/actualite\\\/sport\\\/transferts-les-clubs-de-ligue-1-entrent-dans-le-sprint-final-du-mercato\\\/392211\\\/\"},\"author\":{\"name\":\"Mohamed Fethi\",\"@id\":\"https:\\\/\\\/www.webdo.tn\\\/fr\\\/#\\\/schema\\\/person\\\/16a4857e77dfc0b610c4c2cadffc9ac4\"},\"headline\":\"Transferts : Les clubs de Ligue 1 entrent dans le sprint final du mercato\",\"datePublished\":\"2026-01-28T11:23:23+00:00\",\"dateModified\":\"2026-01-28T11:23:25+00:00\",\"mainEntityOfPage\":{\"@id\":\"https:\\\/\\\/www.webdo.tn\\\/fr\\\/actualite\\\/sport\\\/transferts-les-clubs-de-ligue-1-entrent-dans-le-sprint-final-du-mercato\\\/392211\\\/\"},\"wordCount\":632,\"publisher\":{\"@id\":\"https:\\\/\\\/www.webdo.tn\\\/fr\\\/#organization\"},\"image\":{\"@id\":\"https:\\\/\\\/www.webdo.tn\\\/fr\\\/actualite\\\/sport\\\/transferts-les-clubs-de-ligue-1-entrent-dans-le-sprint-final-du-mercato\\\/392211\\\/#primaryimage\"},\"thumbnailUrl\":\"https:\\\/\\\/www.webdo.tn\\\/fr\\\/wp-content\\\/uploads\\\/2026\\\/01\\\/Ligue-1.jpg\",\"keywords\":[\"football\",\"Ligue 1\",\"mercato\",\"Tunisie\"],\"articleSection\":[\"Sport\"],\"inLanguage\":\"fr-FR\"},{\"@type\":\"WebPage\",\"@id\":\"https:\\\/\\\/www.webdo.tn\\\/fr\\\/actualite\\\/sport\\\/transferts-les-clubs-de-ligue-1-entrent-dans-le-sprint-final-du-mercato\\\/392211\\\/\",\"url\":\"https:\\\/\\\/www.webdo.tn\\\/fr\\\/actualite\\\/sport\\\/transferts-les-clubs-de-ligue-1-entrent-dans-le-sprint-final-du-mercato\\\/392211\\\/\",\"name\":\"Transferts : Les clubs de Ligue 1 entrent dans le sprint final du mercato - webdo\",\"isPartOf\":{\"@id\":\"https:\\\/\\\/www.webdo.tn\\\/fr\\\/#website\"},\"primaryImageOfPage\":{\"@id\":\"https:\\\/\\\/www.webdo.tn\\\/fr\\\/actualite\\\/sport\\\/transferts-les-clubs-de-ligue-1-entrent-dans-le-sprint-final-du-mercato\\\/392211\\\/#primaryimage\"},\"image\":{\"@id\":\"https:\\\/\\\/www.webdo.tn\\\/fr\\\/actualite\\\/sport\\\/transferts-les-clubs-de-ligue-1-entrent-dans-le-sprint-final-du-mercato\\\/392211\\\/#primaryimage\"},\"thumbnailUrl\":\"https:\\\/\\\/www.webdo.tn\\\/fr\\\/wp-content\\\/uploads\\\/2026\\\/01\\\/Ligue-1.jpg\",\"datePublished\":\"2026-01-28T11:23:23+00:00\",\"dateModified\":\"2026-01-28T11:23:25+00:00\",\"description\":\"D\u00e9couvrez les transferts des clubs de Ligue 1 dans le sprint final du mercato. Restez inform\u00e9 des derniers ajustements d\u2019effectif.\",\"breadcrumb\":{\"@id\":\"https:\\\/\\\/www.webdo.tn\\\/fr\\\/actualite\\\/sport\\\/transferts-les-clubs-de-ligue-1-entrent-dans-le-sprint-final-du-mercato\\\/392211\\\/#breadcrumb\"},\"inLanguage\":\"fr-FR\",\"potentialAction\":[{\"@type\":\"ReadAction\",\"target\":[\"https:\\\/\\\/www.webdo.tn\\\/fr\\\/actualite\\\/sport\\\/transferts-les-clubs-de-ligue-1-entrent-dans-le-sprint-final-du-mercato\\\/392211\\\/\"]}]},{\"@type\":\"ImageObject\",\"inLanguage\":\"fr-FR\",\"@id\":\"https:\\\/\\\/www.webdo.tn\\\/fr\\\/actualite\\\/sport\\\/transferts-les-clubs-de-ligue-1-entrent-dans-le-sprint-final-du-mercato\\\/392211\\\/#primaryimage\",\"url\":\"https:\\\/\\\/www.webdo.tn\\\/fr\\\/wp-content\\\/uploads\\\/2026\\\/01\\\/Ligue-1.jpg\",\"contentUrl\":\"https:\\\/\\\/www.webdo.tn\\\/fr\\\/wp-content\\\/uploads\\\/2026\\\/01\\\/Ligue-1.jpg\",\"width\":1200,\"height\":600,\"caption\":\"Sprint final en vue : Calendrier charg\u00e9 pour la fin de saison du football tunisien\"},{\"@type\":\"BreadcrumbList\",\"@id\":\"https:\\\/\\\/www.webdo.tn\\\/fr\\\/actualite\\\/sport\\\/transferts-les-clubs-de-ligue-1-entrent-dans-le-sprint-final-du-mercato\\\/392211\\\/#breadcrumb\",\"itemListElement\":[{\"@type\":\"ListItem\",\"position\":1,\"name\":\"Accueil\",\"item\":\"https:\\\/\\\/www.webdo.tn\\\/fr\\\/\"},{\"@type\":\"ListItem\",\"position\":2,\"name\":\"Transferts : Les clubs de Ligue 1 entrent dans le sprint final du mercato\"}]},{\"@type\":\"WebSite\",\"@id\":\"https:\\\/\\\/www.webdo.tn\\\/fr\\\/#website\",\"url\":\"https:\\\/\\\/www.webdo.tn\\\/fr\\\/\",\"name\":\"webdo\",\"description\":\"Tunisie - News en Tunisie et \u00e0 l&#039;international sur Webdo.tn\",\"publisher\":{\"@id\":\"https:\\\/\\\/www.webdo.tn\\\/fr\\\/#organization\"},\"potentialAction\":[{\"@type\":\"SearchAction\",\"target\":{\"@type\":\"EntryPoint\",\"urlTemplate\":\"https:\\\/\\\/www.webdo.tn\\\/fr\\\/?s={search_term_string}\"},\"query-input\":{\"@type\":\"PropertyValueSpecification\",\"valueRequired\":true,\"valueName\":\"search_term_string\"}}],\"inLanguage\":\"fr-FR\"},{\"@type\":\"Organization\",\"@id\":\"https:\\\/\\\/www.webdo.tn\\\/fr\\\/#organization\",\"name\":\"Webdo\",\"alternateName\":\"Webdo.tn\",\"url\":\"https:\\\/\\\/www.webdo.tn\\\/fr\\\/\",\"logo\":{\"@type\":\"ImageObject\",\"inLanguage\":\"fr-FR\",\"@id\":\"https:\\\/\\\/www.webdo.tn\\\/fr\\\/#\\\/schema\\\/logo\\\/image\\\/\",\"url\":\"https:\\\/\\\/www.webdo.tn\\\/fr\\\/wp-content\\\/uploads\\\/2025\\\/06\\\/Webdo-Tunisie_168377.jpg\",\"contentUrl\":\"https:\\\/\\\/www.webdo.tn\\\/fr\\\/wp-content\\\/uploads\\\/2025\\\/06\\\/Webdo-Tunisie_168377.jpg\",\"width\":301,\"height\":301,\"caption\":\"Webdo\"},\"image\":{\"@id\":\"https:\\\/\\\/www.webdo.tn\\\/fr\\\/#\\\/schema\\\/logo\\\/image\\\/\"},\"sameAs\":[\"https:\\\/\\\/www.facebook.com\\\/webdotn\",\"https:\\\/\\\/x.com\\\/webdo_tn\"],\"description\":\"Webdo est un m\u00e9dia num\u00e9rique tunisien fond\u00e9 en 2010, sp\u00e9cialis\u00e9 dans l\u2019actualit\u00e9 nationale et internationale, l\u2019\u00e9conomie, la soci\u00e9t\u00e9 et les analyses politiques. Le site s\u2019adresse \u00e0 un large public francophone et couvre l\u2019information tunisienne en temps r\u00e9el.\",\"email\":\"redac@webdo.tn\",\"legalName\":\"YNJ SARL\",\"foundingDate\":\"2010-09-06\",\"numberOfEmployees\":{\"@type\":\"QuantitativeValue\",\"minValue\":\"11\",\"maxValue\":\"50\"}},{\"@type\":\"Person\",\"@id\":\"https:\\\/\\\/www.webdo.tn\\\/fr\\\/#\\\/schema\\\/person\\\/16a4857e77dfc0b610c4c2cadffc9ac4\",\"name\":\"Mohamed Fethi\",\"image\":{\"@type\":\"ImageObject\",\"inLanguage\":\"fr-FR\",\"@id\":\"https:\\\/\\\/www.webdo.tn\\\/fr\\\/wp-content\\\/uploads\\\/2026\\\/04\\\/mohamed-fethi_avatar_1-96x96.jpg\",\"url\":\"https:\\\/\\\/www.webdo.tn\\\/fr\\\/wp-content\\\/uploads\\\/2026\\\/04\\\/mohamed-fethi_avatar_1-96x96.jpg\",\"contentUrl\":\"https:\\\/\\\/www.webdo.tn\\\/fr\\\/wp-content\\\/uploads\\\/2026\\\/04\\\/mohamed-fethi_avatar_1-96x96.jpg\",\"caption\":\"Mohamed Fethi\"},\"description\":\"Signature \u00e9ditoriale de Maher Chaabane Mohamed Fethi est le pseudonyme \u00e9ditorial de Maher Chaabane, r\u00e9dacteur en chef de Webdo.tn depuis 2012. Cette signature est d\u00e9di\u00e9e au traitement intensif de l'actualit\u00e9 nationale et internationale en temps r\u00e9el. S'appuyant sur les deux d\u00e9cennies d'expertise journalistique de Maher Chaabane \u2014 d\u00e9but\u00e9e au sein du groupe Tunis Hebdo en 2000 \u2014 Mohamed Fethi assure une veille rigoureuse sur les enjeux politiques, \u00e9conomiques et sportifs. Sa mission est de garantir une information structur\u00e9e, fluide et fid\u00e8le aux standards de la r\u00e9daction. Pour consulter le parcours complet du r\u00e9dacteur en chef, visitez le profil officiel de Maher Chaabane.\",\"knowsAbout\":[\"actualit\u00e9\",\"journalisme\",\"information\",\"politique\",\"sport\",\"m\u00e9dias\",\"actualit\u00e9 internationale\"],\"knowsLanguage\":[\"Fran\u00e7ais\",\"Arabe\"],\"jobTitle\":\"Journaliste \u2013 R\u00e9daction Webdo\",\"worksFor\":\"Webdo.tn\",\"url\":\"https:\\\/\\\/www.webdo.tn\\\/fr\\\/actualite\\\/author\\\/mohamed-fethi\\\/\"}]}<\/script>\n<!-- \/ Yoast SEO Premium plugin. -->","yoast_head_json":{"title":"Transferts : Les clubs de Ligue 1 entrent dans le sprint final du mercato - webdo","description":"D\u00e9couvrez les transferts des clubs de Ligue 1 dans le sprint final du mercato. Restez inform\u00e9 des derniers ajustements d\u2019effectif.","canonical":"https:\/\/www.webdo.tn\/fr\/actualite\/sport\/transferts-les-clubs-de-ligue-1-entrent-dans-le-sprint-final-du-mercato\/392211\/","og_locale":"fr_FR","og_type":"article","og_title":"Transferts : Les clubs de Ligue 1 entrent dans le sprint final du mercato","og_description":"D\u00e9couvrez les transferts des clubs de Ligue 1 dans le sprint final du mercato. Restez inform\u00e9 des derniers ajustements d\u2019effectif.","og_url":"https:\/\/www.webdo.tn\/fr\/actualite\/sport\/transferts-les-clubs-de-ligue-1-entrent-dans-le-sprint-final-du-mercato\/392211\/","og_site_name":"webdo","article_publisher":"https:\/\/www.facebook.com\/webdotn","article_published_time":"2026-01-28T11:23:23+00:00","article_modified_time":"2026-01-28T11:23:25+00:00","og_image":[{"width":1200,"height":600,"url":"https:\/\/www.webdo.tn\/fr\/wp-content\/uploads\/2026\/01\/Ligue-1.jpg","type":"image\/jpeg"}],"author":"Mohamed Fethi","twitter_card":"summary_large_image","twitter_creator":"@webdo_tn","twitter_site":"@webdo_tn","twitter_misc":{"\u00c9crit par":"Mohamed Fethi","Dur\u00e9e de lecture estim\u00e9e":"4 minutes"},"schema":{"@context":"https:\/\/schema.org","@graph":[{"@type":"NewsArticle","@id":"https:\/\/www.webdo.tn\/fr\/actualite\/sport\/transferts-les-clubs-de-ligue-1-entrent-dans-le-sprint-final-du-mercato\/392211\/#article","isPartOf":{"@id":"https:\/\/www.webdo.tn\/fr\/actualite\/sport\/transferts-les-clubs-de-ligue-1-entrent-dans-le-sprint-final-du-mercato\/392211\/"},"author":{"name":"Mohamed Fethi","@id":"https:\/\/www.webdo.tn\/fr\/#\/schema\/person\/16a4857e77dfc0b610c4c2cadffc9ac4"},"headline":"Transferts : Les clubs de Ligue 1 entrent dans le sprint final du mercato","datePublished":"2026-01-28T11:23:23+00:00","dateModified":"2026-01-28T11:23:25+00:00","mainEntityOfPage":{"@id":"https:\/\/www.webdo.tn\/fr\/actualite\/sport\/transferts-les-clubs-de-ligue-1-entrent-dans-le-sprint-final-du-mercato\/392211\/"},"wordCount":632,"publisher":{"@id":"https:\/\/www.webdo.tn\/fr\/#organization"},"image":{"@id":"https:\/\/www.webdo.tn\/fr\/actualite\/sport\/transferts-les-clubs-de-ligue-1-entrent-dans-le-sprint-final-du-mercato\/392211\/#primaryimage"},"thumbnailUrl":"https:\/\/www.webdo.tn\/fr\/wp-content\/uploads\/2026\/01\/Ligue-1.jpg","keywords":["football","Ligue 1","mercato","Tunisie"],"articleSection":["Sport"],"inLanguage":"fr-FR"},{"@type":"WebPage","@id":"https:\/\/www.webdo.tn\/fr\/actualite\/sport\/transferts-les-clubs-de-ligue-1-entrent-dans-le-sprint-final-du-mercato\/392211\/","url":"https:\/\/www.webdo.tn\/fr\/actualite\/sport\/transferts-les-clubs-de-ligue-1-entrent-dans-le-sprint-final-du-mercato\/392211\/","name":"Transferts : Les clubs de Ligue 1 entrent dans le sprint final du mercato - webdo","isPartOf":{"@id":"https:\/\/www.webdo.tn\/fr\/#website"},"primaryImageOfPage":{"@id":"https:\/\/www.webdo.tn\/fr\/actualite\/sport\/transferts-les-clubs-de-ligue-1-entrent-dans-le-sprint-final-du-mercato\/392211\/#primaryimage"},"image":{"@id":"https:\/\/www.webdo.tn\/fr\/actualite\/sport\/transferts-les-clubs-de-ligue-1-entrent-dans-le-sprint-final-du-mercato\/392211\/#primaryimage"},"thumbnailUrl":"https:\/\/www.webdo.tn\/fr\/wp-content\/uploads\/2026\/01\/Ligue-1.jpg","datePublished":"2026-01-28T11:23:23+00:00","dateModified":"2026-01-28T11:23:25+00:00","description":"D\u00e9couvrez les transferts des clubs de Ligue 1 dans le sprint final du mercato. Restez inform\u00e9 des derniers ajustements d\u2019effectif.","breadcrumb":{"@id":"https:\/\/www.webdo.tn\/fr\/actualite\/sport\/transferts-les-clubs-de-ligue-1-entrent-dans-le-sprint-final-du-mercato\/392211\/#breadcrumb"},"inLanguage":"fr-FR","potentialAction":[{"@type":"ReadAction","target":["https:\/\/www.webdo.tn\/fr\/actualite\/sport\/transferts-les-clubs-de-ligue-1-entrent-dans-le-sprint-final-du-mercato\/392211\/"]}]},{"@type":"ImageObject","inLanguage":"fr-FR","@id":"https:\/\/www.webdo.tn\/fr\/actualite\/sport\/transferts-les-clubs-de-ligue-1-entrent-dans-le-sprint-final-du-mercato\/392211\/#primaryimage","url":"https:\/\/www.webdo.tn\/fr\/wp-content\/uploads\/2026\/01\/Ligue-1.jpg","contentUrl":"https:\/\/www.webdo.tn\/fr\/wp-content\/uploads\/2026\/01\/Ligue-1.jpg","width":1200,"height":600,"caption":"Sprint final en vue : Calendrier charg\u00e9 pour la fin de saison du football tunisien"},{"@type":"BreadcrumbList","@id":"https:\/\/www.webdo.tn\/fr\/actualite\/sport\/transferts-les-clubs-de-ligue-1-entrent-dans-le-sprint-final-du-mercato\/392211\/#breadcrumb","itemListElement":[{"@type":"ListItem","position":1,"name":"Accueil","item":"https:\/\/www.webdo.tn\/fr\/"},{"@type":"ListItem","position":2,"name":"Transferts : Les clubs de Ligue 1 entrent dans le sprint final du mercato"}]},{"@type":"WebSite","@id":"https:\/\/www.webdo.tn\/fr\/#website","url":"https:\/\/www.webdo.tn\/fr\/","name":"webdo","description":"Tunisie - News en Tunisie et \u00e0 l&#039;international sur Webdo.tn","publisher":{"@id":"https:\/\/www.webdo.tn\/fr\/#organization"},"potentialAction":[{"@type":"SearchAction","target":{"@type":"EntryPoint","urlTemplate":"https:\/\/www.webdo.tn\/fr\/?s={search_term_string}"},"query-input":{"@type":"PropertyValueSpecification","valueRequired":true,"valueName":"search_term_string"}}],"inLanguage":"fr-FR"},{"@type":"Organization","@id":"https:\/\/www.webdo.tn\/fr\/#organization","name":"Webdo","alternateName":"Webdo.tn","url":"https:\/\/www.webdo.tn\/fr\/","logo":{"@type":"ImageObject","inLanguage":"fr-FR","@id":"https:\/\/www.webdo.tn\/fr\/#\/schema\/logo\/image\/","url":"https:\/\/www.webdo.tn\/fr\/wp-content\/uploads\/2025\/06\/Webdo-Tunisie_168377.jpg","contentUrl":"https:\/\/www.webdo.tn\/fr\/wp-content\/uploads\/2025\/06\/Webdo-Tunisie_168377.jpg","width":301,"height":301,"caption":"Webdo"},"image":{"@id":"https:\/\/www.webdo.tn\/fr\/#\/schema\/logo\/image\/"},"sameAs":["https:\/\/www.facebook.com\/webdotn","https:\/\/x.com\/webdo_tn"],"description":"Webdo est un m\u00e9dia num\u00e9rique tunisien fond\u00e9 en 2010, sp\u00e9cialis\u00e9 dans l\u2019actualit\u00e9 nationale et internationale, l\u2019\u00e9conomie, la soci\u00e9t\u00e9 et les analyses politiques. Le site s\u2019adresse \u00e0 un large public francophone et couvre l\u2019information tunisienne en temps r\u00e9el.","email":"redac@webdo.tn","legalName":"YNJ SARL","foundingDate":"2010-09-06","numberOfEmployees":{"@type":"QuantitativeValue","minValue":"11","maxValue":"50"}},{"@type":"Person","@id":"https:\/\/www.webdo.tn\/fr\/#\/schema\/person\/16a4857e77dfc0b610c4c2cadffc9ac4","name":"Mohamed Fethi","image":{"@type":"ImageObject","inLanguage":"fr-FR","@id":"https:\/\/www.webdo.tn\/fr\/wp-content\/uploads\/2026\/04\/mohamed-fethi_avatar_1-96x96.jpg","url":"https:\/\/www.webdo.tn\/fr\/wp-content\/uploads\/2026\/04\/mohamed-fethi_avatar_1-96x96.jpg","contentUrl":"https:\/\/www.webdo.tn\/fr\/wp-content\/uploads\/2026\/04\/mohamed-fethi_avatar_1-96x96.jpg","caption":"Mohamed Fethi"},"description":"Signature \u00e9ditoriale de Maher Chaabane Mohamed Fethi est le pseudonyme \u00e9ditorial de Maher Chaabane, r\u00e9dacteur en chef de Webdo.tn depuis 2012. Cette signature est d\u00e9di\u00e9e au traitement intensif de l'actualit\u00e9 nationale et internationale en temps r\u00e9el. S'appuyant sur les deux d\u00e9cennies d'expertise journalistique de Maher Chaabane \u2014 d\u00e9but\u00e9e au sein du groupe Tunis Hebdo en 2000 \u2014 Mohamed Fethi assure une veille rigoureuse sur les enjeux politiques, \u00e9conomiques et sportifs. Sa mission est de garantir une information structur\u00e9e, fluide et fid\u00e8le aux standards de la r\u00e9daction. Pour consulter le parcours complet du r\u00e9dacteur en chef, visitez le profil officiel de Maher Chaabane.","knowsAbout":["actualit\u00e9","journalisme","information","politique","sport","m\u00e9dias","actualit\u00e9 internationale"],"knowsLanguage":["Fran\u00e7ais","Arabe"],"jobTitle":"Journaliste \u2013 R\u00e9daction Webdo","worksFor":"Webdo.tn","url":"https:\/\/www.webdo.tn\/fr\/actualite\/author\/mohamed-fethi\/"}]}},"_links":{"self":[{"href":"https:\/\/www.webdo.tn\/fr\/wp-json\/wp\/v2\/posts\/392211","targetHints":{"allow":["GET"]}}],"collection":[{"href":"https:\/\/www.webdo.tn\/fr\/wp-json\/wp\/v2\/posts"}],"about":[{"href":"https:\/\/www.webdo.tn\/fr\/wp-json\/wp\/v2\/types\/post"}],"author":[{"embeddable":true,"href":"https:\/\/www.webdo.tn\/fr\/wp-json\/wp\/v2\/users\/4782"}],"replies":[{"embeddable":true,"href":"https:\/\/www.webdo.tn\/fr\/wp-json\/wp\/v2\/comments?post=392211"}],"version-history":[{"count":0,"href":"https:\/\/www.webdo.tn\/fr\/wp-json\/wp\/v2\/posts\/392211\/revisions"}],"wp:featuredmedia":[{"embeddable":true,"href":"https:\/\/www.webdo.tn\/fr\/wp-json\/wp\/v2\/media\/391925"}],"wp:attachment":[{"href":"https:\/\/www.webdo.tn\/fr\/wp-json\/wp\/v2\/media?parent=392211"}],"wp:term":[{"taxonomy":"category","embeddable":true,"href":"https:\/\/www.webdo.tn\/fr\/wp-json\/wp\/v2\/categories?post=392211"},{"taxonomy":"post_tag","embeddable":true,"href":"https:\/\/www.webdo.tn\/fr\/wp-json\/wp\/v2\/tags?post=392211"}],"curies":[{"name":"wp","href":"https:\/\/api.w.org\/{rel}","templated":true}]}}