{"id":392157,"date":"2026-01-28T07:50:29","date_gmt":"2026-01-28T06:50:29","guid":{"rendered":"https:\/\/www.webdo.tn\/fr\/?p=392157"},"modified":"2026-01-28T07:50:30","modified_gmt":"2026-01-28T06:50:30","slug":"60-ans-de-prison-pour-les-evades-de-la-mornaguia","status":"publish","type":"post","link":"https:\/\/www.webdo.tn\/fr\/actualite\/national\/60-ans-de-prison-pour-les-evades-de-la-mornaguia\/392157\/","title":{"rendered":"60 ans de prison pour les \u00e9vad\u00e9s de la Mornaguia"},"content":{"rendered":"\n<p><\/p>\n\n\n\n<p>La chambre criminelle sp\u00e9cialis\u00e9e dans les affaires de terrorisme pr\u00e8s le tribunal de premi\u00e8re instance de Tunis a condamn\u00e9, ce lundi, cinq terroristes en fuite \u00e0 une peine cumul\u00e9e de 60 ans de prison. Le verdict intervient dans le cadre de l\u2019affaire li\u00e9e au braquage d\u2019une agence bancaire \u00e0 Boumhel, dans le gouvernorat de Ben Arous.<\/p>\n\n\n\n<p>Selon les \u00e9l\u00e9ments du dossier, les cinq accus\u00e9s figuraient parmi les d\u00e9tenus \u00e9vad\u00e9s de la prison civile de la Mornaguia. Durant leur cavale, ils auraient pris pour cible une succursale bancaire \u00e0 Boumhel, d\u2019o\u00f9 ils se sont empar\u00e9s d\u2019une somme estim\u00e9e \u00e0 20 000 dinars.<\/p>\n\n\n\n<h2 class=\"wp-block-heading\" id=\"h-retour-sur-les-faits\">Retour sur les faits <\/h2>\n\n\n\n<p>Apr\u00e8s le braquage, les individus ont pris la fuite \u00e0 bord d\u2019un v\u00e9hicule qu\u2019ils ont ensuite abandonn\u00e9 dans une zone isol\u00e9e afin d\u2019\u00e9chapper aux poursuites. Les faits reproch\u00e9s ont \u00e9t\u00e9 qualifi\u00e9s d\u2019actes terroristes, compte tenu du profil des accus\u00e9s et du contexte s\u00e9curitaire entourant leur \u00e9vasion.<\/p>\n\n\n\n<p>Cette condamnation s\u2019inscrit dans le cadre des efforts judiciaires visant \u00e0 sanctionner s\u00e9v\u00e8rement les crimes \u00e0 caract\u00e8re terroriste et \u00e0 r\u00e9affirmer l\u2019autorit\u00e9 de l\u2019\u00c9tat face aux menaces pesant sur la s\u00e9curit\u00e9 publique.<\/p>\n\n\n\n<p><\/p>\n\n\n\n<blockquote class=\"wp-block-quote is-layout-flow wp-block-quote-is-layout-flow\">\n<blockquote class=\"wp-block-quote is-layout-flow wp-block-quote-is-layout-flow\">\n<p>Lire aussi  : <a href=\"https:\/\/www.webdo.tn\/fr\/actualite\/national\/cinq-elements-terroristes-s-evadent-de-la-prison-de-mornaguia\/209778\/\">Cinq \u00e9l\u00e9ments terroristes s\u2019\u00e9vadent de la prison de Mornaguia<\/a><br><\/p>\n<\/blockquote>\n<\/blockquote>\n","protected":false},"excerpt":{"rendered":"<p>La chambre criminelle sp\u00e9cialis\u00e9e dans les affaires de terrorisme pr\u00e8s le tribunal de premi\u00e8re instance de Tunis a condamn\u00e9, ce lundi, cinq terroristes en fuite \u00e0 une peine cumul\u00e9e de 60 ans de prison. Le verdict intervient dans le cadre de l\u2019affaire li\u00e9e au braquage d\u2019une agence bancaire \u00e0 Boumhel, dans le gouvernorat de Ben [&hellip;]<\/p>\n","protected":false},"author":3184,"featured_media":391313,"comment_status":"closed","ping_status":"closed","sticky":false,"template":"","format":"standard","meta":{"footnotes":""},"categories":[44],"tags":[13641,2708,2608],"class_list":["post-392157","post","type-post","status-publish","format-standard","has-post-thumbnail","hentry","category-national","tag-evades-2","tag-prison","tag-tunisie"],"yoast_head":"<!-- This site is optimized with the Yoast SEO Premium plugin v27.4 (Yoast SEO v27.4) - https:\/\/yoast.com\/product\/yoast-seo-premium-wordpress\/ -->\n<title>60 ans de prison pour les \u00e9vad\u00e9s de la Mornaguia - webdo<\/title>\n<meta name=\"description\" content=\"D\u00e9couvrez les d\u00e9tails de l&#039;affaire des cinq terroristes condamn\u00e9s pour le braquage d&#039;une banque \u00e0 Boumhel, li\u00e9e \u00e0 la prison de Mornaguia.\" \/>\n<link rel=\"canonical\" href=\"https:\/\/www.webdo.tn\/fr\/actualite\/national\/60-ans-de-prison-pour-les-evades-de-la-mornaguia\/392157\/\" \/>\n<meta property=\"og:locale\" content=\"fr_FR\" \/>\n<meta property=\"og:type\" content=\"article\" \/>\n<meta property=\"og:title\" content=\"60 ans de prison pour les \u00e9vad\u00e9s de la Mornaguia\" \/>\n<meta property=\"og:description\" content=\"D\u00e9couvrez les d\u00e9tails de l&#039;affaire des cinq terroristes condamn\u00e9s pour le braquage d&#039;une banque \u00e0 Boumhel, li\u00e9e \u00e0 la prison de Mornaguia.\" \/>\n<meta property=\"og:url\" content=\"https:\/\/www.webdo.tn\/fr\/actualite\/national\/60-ans-de-prison-pour-les-evades-de-la-mornaguia\/392157\/\" \/>\n<meta property=\"og:site_name\" content=\"webdo\" \/>\n<meta property=\"article:publisher\" content=\"https:\/\/www.facebook.com\/webdotn\" \/>\n<meta property=\"article:published_time\" content=\"2026-01-28T06:50:29+00:00\" \/>\n<meta property=\"article:modified_time\" content=\"2026-01-28T06:50:30+00:00\" \/>\n<meta property=\"og:image\" content=\"https:\/\/www.webdo.tn\/fr\/wp-content\/uploads\/2026\/01\/Mornaguia.jpg\" \/>\n\t<meta property=\"og:image:width\" content=\"1200\" \/>\n\t<meta property=\"og:image:height\" content=\"603\" \/>\n\t<meta property=\"og:image:type\" content=\"image\/jpeg\" \/>\n<meta name=\"author\" content=\"Wided Belhaj\" \/>\n<meta name=\"twitter:card\" content=\"summary_large_image\" \/>\n<meta name=\"twitter:creator\" content=\"@webdo_tn\" \/>\n<meta name=\"twitter:site\" content=\"@webdo_tn\" \/>\n<meta name=\"twitter:label1\" content=\"\u00c9crit par\" \/>\n\t<meta name=\"twitter:data1\" content=\"Wided Belhaj\" \/>\n\t<meta name=\"twitter:label2\" content=\"Dur\u00e9e de lecture estim\u00e9e\" \/>\n\t<meta name=\"twitter:data2\" content=\"2 minutes\" \/>\n<script type=\"application\/ld+json\" class=\"yoast-schema-graph\">{\"@context\":\"https:\\\/\\\/schema.org\",\"@graph\":[{\"@type\":\"NewsArticle\",\"@id\":\"https:\\\/\\\/www.webdo.tn\\\/fr\\\/actualite\\\/national\\\/60-ans-de-prison-pour-les-evades-de-la-mornaguia\\\/392157\\\/#article\",\"isPartOf\":{\"@id\":\"https:\\\/\\\/www.webdo.tn\\\/fr\\\/actualite\\\/national\\\/60-ans-de-prison-pour-les-evades-de-la-mornaguia\\\/392157\\\/\"},\"author\":{\"name\":\"Wided Belhaj\",\"@id\":\"https:\\\/\\\/www.webdo.tn\\\/fr\\\/#\\\/schema\\\/person\\\/b9ecde7a5574cb4fcf4b496ea5fadb15\"},\"headline\":\"60 ans de prison pour les \u00e9vad\u00e9s de la Mornaguia\",\"datePublished\":\"2026-01-28T06:50:29+00:00\",\"dateModified\":\"2026-01-28T06:50:30+00:00\",\"mainEntityOfPage\":{\"@id\":\"https:\\\/\\\/www.webdo.tn\\\/fr\\\/actualite\\\/national\\\/60-ans-de-prison-pour-les-evades-de-la-mornaguia\\\/392157\\\/\"},\"wordCount\":230,\"publisher\":{\"@id\":\"https:\\\/\\\/www.webdo.tn\\\/fr\\\/#organization\"},\"image\":{\"@id\":\"https:\\\/\\\/www.webdo.tn\\\/fr\\\/actualite\\\/national\\\/60-ans-de-prison-pour-les-evades-de-la-mornaguia\\\/392157\\\/#primaryimage\"},\"thumbnailUrl\":\"https:\\\/\\\/www.webdo.tn\\\/fr\\\/wp-content\\\/uploads\\\/2026\\\/01\\\/Mornaguia.jpg\",\"keywords\":[\"\u00e9vad\u00e9s\",\"Prison\",\"Tunisie\"],\"articleSection\":[\"National\"],\"inLanguage\":\"fr-FR\"},{\"@type\":\"WebPage\",\"@id\":\"https:\\\/\\\/www.webdo.tn\\\/fr\\\/actualite\\\/national\\\/60-ans-de-prison-pour-les-evades-de-la-mornaguia\\\/392157\\\/\",\"url\":\"https:\\\/\\\/www.webdo.tn\\\/fr\\\/actualite\\\/national\\\/60-ans-de-prison-pour-les-evades-de-la-mornaguia\\\/392157\\\/\",\"name\":\"60 ans de prison pour les \u00e9vad\u00e9s de la Mornaguia - webdo\",\"isPartOf\":{\"@id\":\"https:\\\/\\\/www.webdo.tn\\\/fr\\\/#website\"},\"primaryImageOfPage\":{\"@id\":\"https:\\\/\\\/www.webdo.tn\\\/fr\\\/actualite\\\/national\\\/60-ans-de-prison-pour-les-evades-de-la-mornaguia\\\/392157\\\/#primaryimage\"},\"image\":{\"@id\":\"https:\\\/\\\/www.webdo.tn\\\/fr\\\/actualite\\\/national\\\/60-ans-de-prison-pour-les-evades-de-la-mornaguia\\\/392157\\\/#primaryimage\"},\"thumbnailUrl\":\"https:\\\/\\\/www.webdo.tn\\\/fr\\\/wp-content\\\/uploads\\\/2026\\\/01\\\/Mornaguia.jpg\",\"datePublished\":\"2026-01-28T06:50:29+00:00\",\"dateModified\":\"2026-01-28T06:50:30+00:00\",\"description\":\"D\u00e9couvrez les d\u00e9tails de l'affaire des cinq terroristes condamn\u00e9s pour le braquage d'une banque \u00e0 Boumhel, li\u00e9e \u00e0 la prison de Mornaguia.\",\"breadcrumb\":{\"@id\":\"https:\\\/\\\/www.webdo.tn\\\/fr\\\/actualite\\\/national\\\/60-ans-de-prison-pour-les-evades-de-la-mornaguia\\\/392157\\\/#breadcrumb\"},\"inLanguage\":\"fr-FR\",\"potentialAction\":[{\"@type\":\"ReadAction\",\"target\":[\"https:\\\/\\\/www.webdo.tn\\\/fr\\\/actualite\\\/national\\\/60-ans-de-prison-pour-les-evades-de-la-mornaguia\\\/392157\\\/\"]}]},{\"@type\":\"ImageObject\",\"inLanguage\":\"fr-FR\",\"@id\":\"https:\\\/\\\/www.webdo.tn\\\/fr\\\/actualite\\\/national\\\/60-ans-de-prison-pour-les-evades-de-la-mornaguia\\\/392157\\\/#primaryimage\",\"url\":\"https:\\\/\\\/www.webdo.tn\\\/fr\\\/wp-content\\\/uploads\\\/2026\\\/01\\\/Mornaguia.jpg\",\"contentUrl\":\"https:\\\/\\\/www.webdo.tn\\\/fr\\\/wp-content\\\/uploads\\\/2026\\\/01\\\/Mornaguia.jpg\",\"width\":1200,\"height\":603,\"caption\":\"\u00c9vasion de la Mornaguia : La justice renvoie l\u2019affaire avant les plaidoiries\"},{\"@type\":\"BreadcrumbList\",\"@id\":\"https:\\\/\\\/www.webdo.tn\\\/fr\\\/actualite\\\/national\\\/60-ans-de-prison-pour-les-evades-de-la-mornaguia\\\/392157\\\/#breadcrumb\",\"itemListElement\":[{\"@type\":\"ListItem\",\"position\":1,\"name\":\"Accueil\",\"item\":\"https:\\\/\\\/www.webdo.tn\\\/fr\\\/\"},{\"@type\":\"ListItem\",\"position\":2,\"name\":\"60 ans de prison pour les \u00e9vad\u00e9s de la Mornaguia\"}]},{\"@type\":\"WebSite\",\"@id\":\"https:\\\/\\\/www.webdo.tn\\\/fr\\\/#website\",\"url\":\"https:\\\/\\\/www.webdo.tn\\\/fr\\\/\",\"name\":\"webdo\",\"description\":\"Tunisie - News en Tunisie et \u00e0 l&#039;international sur Webdo.tn\",\"publisher\":{\"@id\":\"https:\\\/\\\/www.webdo.tn\\\/fr\\\/#organization\"},\"potentialAction\":[{\"@type\":\"SearchAction\",\"target\":{\"@type\":\"EntryPoint\",\"urlTemplate\":\"https:\\\/\\\/www.webdo.tn\\\/fr\\\/?s={search_term_string}\"},\"query-input\":{\"@type\":\"PropertyValueSpecification\",\"valueRequired\":true,\"valueName\":\"search_term_string\"}}],\"inLanguage\":\"fr-FR\"},{\"@type\":\"Organization\",\"@id\":\"https:\\\/\\\/www.webdo.tn\\\/fr\\\/#organization\",\"name\":\"Webdo\",\"alternateName\":\"Webdo.tn\",\"url\":\"https:\\\/\\\/www.webdo.tn\\\/fr\\\/\",\"logo\":{\"@type\":\"ImageObject\",\"inLanguage\":\"fr-FR\",\"@id\":\"https:\\\/\\\/www.webdo.tn\\\/fr\\\/#\\\/schema\\\/logo\\\/image\\\/\",\"url\":\"https:\\\/\\\/www.webdo.tn\\\/fr\\\/wp-content\\\/uploads\\\/2025\\\/06\\\/Webdo-Tunisie_168377.jpg\",\"contentUrl\":\"https:\\\/\\\/www.webdo.tn\\\/fr\\\/wp-content\\\/uploads\\\/2025\\\/06\\\/Webdo-Tunisie_168377.jpg\",\"width\":301,\"height\":301,\"caption\":\"Webdo\"},\"image\":{\"@id\":\"https:\\\/\\\/www.webdo.tn\\\/fr\\\/#\\\/schema\\\/logo\\\/image\\\/\"},\"sameAs\":[\"https:\\\/\\\/www.facebook.com\\\/webdotn\",\"https:\\\/\\\/x.com\\\/webdo_tn\"],\"description\":\"Webdo est un m\u00e9dia num\u00e9rique tunisien fond\u00e9 en 2010, sp\u00e9cialis\u00e9 dans l\u2019actualit\u00e9 nationale et internationale, l\u2019\u00e9conomie, la soci\u00e9t\u00e9 et les analyses politiques. Le site s\u2019adresse \u00e0 un large public francophone et couvre l\u2019information tunisienne en temps r\u00e9el.\",\"email\":\"redac@webdo.tn\",\"legalName\":\"YNJ SARL\",\"foundingDate\":\"2010-09-06\",\"numberOfEmployees\":{\"@type\":\"QuantitativeValue\",\"minValue\":\"11\",\"maxValue\":\"50\"}},{\"@type\":\"Person\",\"@id\":\"https:\\\/\\\/www.webdo.tn\\\/fr\\\/#\\\/schema\\\/person\\\/b9ecde7a5574cb4fcf4b496ea5fadb15\",\"name\":\"Wided Belhaj\",\"image\":{\"@type\":\"ImageObject\",\"inLanguage\":\"fr-FR\",\"@id\":\"https:\\\/\\\/www.webdo.tn\\\/fr\\\/wp-content\\\/uploads\\\/2026\\\/04\\\/wided-belhaj_avatar-96x96.jpg\",\"url\":\"https:\\\/\\\/www.webdo.tn\\\/fr\\\/wp-content\\\/uploads\\\/2026\\\/04\\\/wided-belhaj_avatar-96x96.jpg\",\"contentUrl\":\"https:\\\/\\\/www.webdo.tn\\\/fr\\\/wp-content\\\/uploads\\\/2026\\\/04\\\/wided-belhaj_avatar-96x96.jpg\",\"caption\":\"Wided Belhaj\"},\"description\":\"Wided Belhaj est le pseudonyme \u00e9ditorial utilis\u00e9 par Khalil Jelassi, journaliste, ma\u00eetre-assistant \u00e0 l\u2019Institut de presse et des sciences de l\u2019information (IPSI) et chercheur en sciences de l\u2019information et de la communication. Cette signature est d\u00e9di\u00e9e \u00e0 l\u2019analyse des m\u00e9dias, des pratiques journalistiques et des mutations de l\u2019information \u00e0 l\u2019\u00e8re digitale. \u00c0 travers ses contributions, Wided Belhaj propose une lecture analytique de l\u2019actualit\u00e9, en croisant regard critique et expertise acad\u00e9mique.\",\"knowsAbout\":[\"m\u00e9dias\",\"journalisme\",\"communication\",\"information\",\"transformation num\u00e9rique\",\"analyse des m\u00e9dias\"],\"knowsLanguage\":[\"Fran\u00e7ais\",\"Arabe\"],\"jobTitle\":\"Webdo.tn\",\"worksFor\":\"Journaliste \u2013 Analyse des m\u00e9dias\",\"url\":\"https:\\\/\\\/www.webdo.tn\\\/fr\\\/actualite\\\/author\\\/wided-belhaj\\\/\"}]}<\/script>\n<!-- \/ Yoast SEO Premium plugin. -->","yoast_head_json":{"title":"60 ans de prison pour les \u00e9vad\u00e9s de la Mornaguia - webdo","description":"D\u00e9couvrez les d\u00e9tails de l'affaire des cinq terroristes condamn\u00e9s pour le braquage d'une banque \u00e0 Boumhel, li\u00e9e \u00e0 la prison de Mornaguia.","canonical":"https:\/\/www.webdo.tn\/fr\/actualite\/national\/60-ans-de-prison-pour-les-evades-de-la-mornaguia\/392157\/","og_locale":"fr_FR","og_type":"article","og_title":"60 ans de prison pour les \u00e9vad\u00e9s de la Mornaguia","og_description":"D\u00e9couvrez les d\u00e9tails de l'affaire des cinq terroristes condamn\u00e9s pour le braquage d'une banque \u00e0 Boumhel, li\u00e9e \u00e0 la prison de Mornaguia.","og_url":"https:\/\/www.webdo.tn\/fr\/actualite\/national\/60-ans-de-prison-pour-les-evades-de-la-mornaguia\/392157\/","og_site_name":"webdo","article_publisher":"https:\/\/www.facebook.com\/webdotn","article_published_time":"2026-01-28T06:50:29+00:00","article_modified_time":"2026-01-28T06:50:30+00:00","og_image":[{"width":1200,"height":603,"url":"https:\/\/www.webdo.tn\/fr\/wp-content\/uploads\/2026\/01\/Mornaguia.jpg","type":"image\/jpeg"}],"author":"Wided Belhaj","twitter_card":"summary_large_image","twitter_creator":"@webdo_tn","twitter_site":"@webdo_tn","twitter_misc":{"\u00c9crit par":"Wided Belhaj","Dur\u00e9e de lecture estim\u00e9e":"2 minutes"},"schema":{"@context":"https:\/\/schema.org","@graph":[{"@type":"NewsArticle","@id":"https:\/\/www.webdo.tn\/fr\/actualite\/national\/60-ans-de-prison-pour-les-evades-de-la-mornaguia\/392157\/#article","isPartOf":{"@id":"https:\/\/www.webdo.tn\/fr\/actualite\/national\/60-ans-de-prison-pour-les-evades-de-la-mornaguia\/392157\/"},"author":{"name":"Wided Belhaj","@id":"https:\/\/www.webdo.tn\/fr\/#\/schema\/person\/b9ecde7a5574cb4fcf4b496ea5fadb15"},"headline":"60 ans de prison pour les \u00e9vad\u00e9s de la Mornaguia","datePublished":"2026-01-28T06:50:29+00:00","dateModified":"2026-01-28T06:50:30+00:00","mainEntityOfPage":{"@id":"https:\/\/www.webdo.tn\/fr\/actualite\/national\/60-ans-de-prison-pour-les-evades-de-la-mornaguia\/392157\/"},"wordCount":230,"publisher":{"@id":"https:\/\/www.webdo.tn\/fr\/#organization"},"image":{"@id":"https:\/\/www.webdo.tn\/fr\/actualite\/national\/60-ans-de-prison-pour-les-evades-de-la-mornaguia\/392157\/#primaryimage"},"thumbnailUrl":"https:\/\/www.webdo.tn\/fr\/wp-content\/uploads\/2026\/01\/Mornaguia.jpg","keywords":["\u00e9vad\u00e9s","Prison","Tunisie"],"articleSection":["National"],"inLanguage":"fr-FR"},{"@type":"WebPage","@id":"https:\/\/www.webdo.tn\/fr\/actualite\/national\/60-ans-de-prison-pour-les-evades-de-la-mornaguia\/392157\/","url":"https:\/\/www.webdo.tn\/fr\/actualite\/national\/60-ans-de-prison-pour-les-evades-de-la-mornaguia\/392157\/","name":"60 ans de prison pour les \u00e9vad\u00e9s de la Mornaguia - webdo","isPartOf":{"@id":"https:\/\/www.webdo.tn\/fr\/#website"},"primaryImageOfPage":{"@id":"https:\/\/www.webdo.tn\/fr\/actualite\/national\/60-ans-de-prison-pour-les-evades-de-la-mornaguia\/392157\/#primaryimage"},"image":{"@id":"https:\/\/www.webdo.tn\/fr\/actualite\/national\/60-ans-de-prison-pour-les-evades-de-la-mornaguia\/392157\/#primaryimage"},"thumbnailUrl":"https:\/\/www.webdo.tn\/fr\/wp-content\/uploads\/2026\/01\/Mornaguia.jpg","datePublished":"2026-01-28T06:50:29+00:00","dateModified":"2026-01-28T06:50:30+00:00","description":"D\u00e9couvrez les d\u00e9tails de l'affaire des cinq terroristes condamn\u00e9s pour le braquage d'une banque \u00e0 Boumhel, li\u00e9e \u00e0 la prison de Mornaguia.","breadcrumb":{"@id":"https:\/\/www.webdo.tn\/fr\/actualite\/national\/60-ans-de-prison-pour-les-evades-de-la-mornaguia\/392157\/#breadcrumb"},"inLanguage":"fr-FR","potentialAction":[{"@type":"ReadAction","target":["https:\/\/www.webdo.tn\/fr\/actualite\/national\/60-ans-de-prison-pour-les-evades-de-la-mornaguia\/392157\/"]}]},{"@type":"ImageObject","inLanguage":"fr-FR","@id":"https:\/\/www.webdo.tn\/fr\/actualite\/national\/60-ans-de-prison-pour-les-evades-de-la-mornaguia\/392157\/#primaryimage","url":"https:\/\/www.webdo.tn\/fr\/wp-content\/uploads\/2026\/01\/Mornaguia.jpg","contentUrl":"https:\/\/www.webdo.tn\/fr\/wp-content\/uploads\/2026\/01\/Mornaguia.jpg","width":1200,"height":603,"caption":"\u00c9vasion de la Mornaguia : La justice renvoie l\u2019affaire avant les plaidoiries"},{"@type":"BreadcrumbList","@id":"https:\/\/www.webdo.tn\/fr\/actualite\/national\/60-ans-de-prison-pour-les-evades-de-la-mornaguia\/392157\/#breadcrumb","itemListElement":[{"@type":"ListItem","position":1,"name":"Accueil","item":"https:\/\/www.webdo.tn\/fr\/"},{"@type":"ListItem","position":2,"name":"60 ans de prison pour les \u00e9vad\u00e9s de la Mornaguia"}]},{"@type":"WebSite","@id":"https:\/\/www.webdo.tn\/fr\/#website","url":"https:\/\/www.webdo.tn\/fr\/","name":"webdo","description":"Tunisie - News en Tunisie et \u00e0 l&#039;international sur Webdo.tn","publisher":{"@id":"https:\/\/www.webdo.tn\/fr\/#organization"},"potentialAction":[{"@type":"SearchAction","target":{"@type":"EntryPoint","urlTemplate":"https:\/\/www.webdo.tn\/fr\/?s={search_term_string}"},"query-input":{"@type":"PropertyValueSpecification","valueRequired":true,"valueName":"search_term_string"}}],"inLanguage":"fr-FR"},{"@type":"Organization","@id":"https:\/\/www.webdo.tn\/fr\/#organization","name":"Webdo","alternateName":"Webdo.tn","url":"https:\/\/www.webdo.tn\/fr\/","logo":{"@type":"ImageObject","inLanguage":"fr-FR","@id":"https:\/\/www.webdo.tn\/fr\/#\/schema\/logo\/image\/","url":"https:\/\/www.webdo.tn\/fr\/wp-content\/uploads\/2025\/06\/Webdo-Tunisie_168377.jpg","contentUrl":"https:\/\/www.webdo.tn\/fr\/wp-content\/uploads\/2025\/06\/Webdo-Tunisie_168377.jpg","width":301,"height":301,"caption":"Webdo"},"image":{"@id":"https:\/\/www.webdo.tn\/fr\/#\/schema\/logo\/image\/"},"sameAs":["https:\/\/www.facebook.com\/webdotn","https:\/\/x.com\/webdo_tn"],"description":"Webdo est un m\u00e9dia num\u00e9rique tunisien fond\u00e9 en 2010, sp\u00e9cialis\u00e9 dans l\u2019actualit\u00e9 nationale et internationale, l\u2019\u00e9conomie, la soci\u00e9t\u00e9 et les analyses politiques. Le site s\u2019adresse \u00e0 un large public francophone et couvre l\u2019information tunisienne en temps r\u00e9el.","email":"redac@webdo.tn","legalName":"YNJ SARL","foundingDate":"2010-09-06","numberOfEmployees":{"@type":"QuantitativeValue","minValue":"11","maxValue":"50"}},{"@type":"Person","@id":"https:\/\/www.webdo.tn\/fr\/#\/schema\/person\/b9ecde7a5574cb4fcf4b496ea5fadb15","name":"Wided Belhaj","image":{"@type":"ImageObject","inLanguage":"fr-FR","@id":"https:\/\/www.webdo.tn\/fr\/wp-content\/uploads\/2026\/04\/wided-belhaj_avatar-96x96.jpg","url":"https:\/\/www.webdo.tn\/fr\/wp-content\/uploads\/2026\/04\/wided-belhaj_avatar-96x96.jpg","contentUrl":"https:\/\/www.webdo.tn\/fr\/wp-content\/uploads\/2026\/04\/wided-belhaj_avatar-96x96.jpg","caption":"Wided Belhaj"},"description":"Wided Belhaj est le pseudonyme \u00e9ditorial utilis\u00e9 par Khalil Jelassi, journaliste, ma\u00eetre-assistant \u00e0 l\u2019Institut de presse et des sciences de l\u2019information (IPSI) et chercheur en sciences de l\u2019information et de la communication. Cette signature est d\u00e9di\u00e9e \u00e0 l\u2019analyse des m\u00e9dias, des pratiques journalistiques et des mutations de l\u2019information \u00e0 l\u2019\u00e8re digitale. \u00c0 travers ses contributions, Wided Belhaj propose une lecture analytique de l\u2019actualit\u00e9, en croisant regard critique et expertise acad\u00e9mique.","knowsAbout":["m\u00e9dias","journalisme","communication","information","transformation num\u00e9rique","analyse des m\u00e9dias"],"knowsLanguage":["Fran\u00e7ais","Arabe"],"jobTitle":"Webdo.tn","worksFor":"Journaliste \u2013 Analyse des m\u00e9dias","url":"https:\/\/www.webdo.tn\/fr\/actualite\/author\/wided-belhaj\/"}]}},"_links":{"self":[{"href":"https:\/\/www.webdo.tn\/fr\/wp-json\/wp\/v2\/posts\/392157","targetHints":{"allow":["GET"]}}],"collection":[{"href":"https:\/\/www.webdo.tn\/fr\/wp-json\/wp\/v2\/posts"}],"about":[{"href":"https:\/\/www.webdo.tn\/fr\/wp-json\/wp\/v2\/types\/post"}],"author":[{"embeddable":true,"href":"https:\/\/www.webdo.tn\/fr\/wp-json\/wp\/v2\/users\/3184"}],"replies":[{"embeddable":true,"href":"https:\/\/www.webdo.tn\/fr\/wp-json\/wp\/v2\/comments?post=392157"}],"version-history":[{"count":0,"href":"https:\/\/www.webdo.tn\/fr\/wp-json\/wp\/v2\/posts\/392157\/revisions"}],"wp:featuredmedia":[{"embeddable":true,"href":"https:\/\/www.webdo.tn\/fr\/wp-json\/wp\/v2\/media\/391313"}],"wp:attachment":[{"href":"https:\/\/www.webdo.tn\/fr\/wp-json\/wp\/v2\/media?parent=392157"}],"wp:term":[{"taxonomy":"category","embeddable":true,"href":"https:\/\/www.webdo.tn\/fr\/wp-json\/wp\/v2\/categories?post=392157"},{"taxonomy":"post_tag","embeddable":true,"href":"https:\/\/www.webdo.tn\/fr\/wp-json\/wp\/v2\/tags?post=392157"}],"curies":[{"name":"wp","href":"https:\/\/api.w.org\/{rel}","templated":true}]}}