{"id":392113,"date":"2026-01-27T12:44:57","date_gmt":"2026-01-27T11:44:57","guid":{"rendered":"https:\/\/www.webdo.tn\/fr\/?p=392113"},"modified":"2026-01-27T12:44:59","modified_gmt":"2026-01-27T11:44:59","slug":"decider-a-lere-de-lia-la-vision-damen-bank","status":"publish","type":"post","link":"https:\/\/www.webdo.tn\/fr\/actualite\/national\/decider-a-lere-de-lia-la-vision-damen-bank\/392113\/","title":{"rendered":"D\u00e9cider \u00e0 l\u2019\u00e8re de l\u2019IA : La vision d\u2019Amen Bank"},"content":{"rendered":"\n<p><strong>\u00c0 mesure que l\u2019intelligence artificielle s\u2019impose dans les grandes \u00e9conomies, elle cesse d\u2019\u00eatre un sujet d\u2019anticipation pour devenir un enjeu imm\u00e9diat de gouvernance et de comp\u00e9titivit\u00e9. En Tunisie, o\u00f9 les entreprises \u00e9voluent dans un environnement marqu\u00e9 par la pression r\u00e9glementaire, la volatilit\u00e9 des march\u00e9s et des marges de plus en plus contraintes, la question n\u2019est plus de savoir si l\u2019IA doit \u00eatre adopt\u00e9e, mais comment l\u2019int\u00e9grer de mani\u00e8re strat\u00e9gique. C\u2019est autour de cette probl\u00e9matique qu\u2019Amen Bank a organis\u00e9, le 26 janvier 2026 \u00e0 Tunis, une rencontre d\u00e9di\u00e9e aux usages \u00e9conomiques et financiers de l\u2019intelligence artificielle.<\/strong><\/p>\n\n\n\n<h2 class=\"wp-block-heading\" id=\"h-decider-plus-vite-dans-un-environnement-sous-contrainte\">D\u00e9cider plus vite dans un environnement sous contrainte<\/h2>\n\n\n\n<p>\u00c0 travers cette initiative, la banque affiche une ambition claire : accompagner les entreprises tunisiennes au-del\u00e0 du financement, en les aidant \u00e0 structurer leur r\u00e9flexion autour de la donn\u00e9e, de la d\u00e9cision et de la cr\u00e9ation de valeur. <\/p>\n\n\n\n<p>Pour N\u00e9ji Ghandri, pr\u00e9sident du directoire d\u2019Amen Bank, l\u2019IA s\u2019inscrit dans une transformation plus large du r\u00f4le des entreprises. Selon lui, celles-ci sont aujourd\u2019hui confront\u00e9es \u00e0 une acc\u00e9l\u00e9ration sans pr\u00e9c\u00e9dent des cycles de d\u00e9cision, dans un contexte o\u00f9 l\u2019exigence de fiabilit\u00e9 devient centrale. L\u2019intelligence artificielle appara\u00eet alors comme un levier capable de transformer des volumes croissants d\u2019informations en d\u00e9cisions exploitables, \u00e0 condition d\u2019\u00eatre int\u00e9gr\u00e9e dans une vision globale et ma\u00eetris\u00e9e.<\/p>\n\n\n\n<figure class=\"wp-block-image size-large\"><img decoding=\"async\" width=\"1024\" height=\"512\" src=\"https:\/\/www.webdo.tn\/fr\/wp-content\/uploads\/2026\/01\/amen-bank-2-1024x512.jpg\" alt=\"\" class=\"wp-image-392123\" srcset=\"https:\/\/www.webdo.tn\/fr\/wp-content\/uploads\/2026\/01\/amen-bank-2-1024x512.jpg 1024w, https:\/\/www.webdo.tn\/fr\/wp-content\/uploads\/2026\/01\/amen-bank-2-300x150.jpg 300w, https:\/\/www.webdo.tn\/fr\/wp-content\/uploads\/2026\/01\/amen-bank-2-768x384.jpg 768w, https:\/\/www.webdo.tn\/fr\/wp-content\/uploads\/2026\/01\/amen-bank-2-360x180.jpg 360w, https:\/\/www.webdo.tn\/fr\/wp-content\/uploads\/2026\/01\/amen-bank-2-750x375.jpg 750w, https:\/\/www.webdo.tn\/fr\/wp-content\/uploads\/2026\/01\/amen-bank-2-1140x570.jpg 1140w, https:\/\/www.webdo.tn\/fr\/wp-content\/uploads\/2026\/01\/amen-bank-2.jpg 1200w\" sizes=\"(max-width: 1024px) 100vw, 1024px\" \/><\/figure>\n\n\n\n<p>Mais cette promesse repose sur un socle fondamental : la donn\u00e9e. Qualit\u00e9, coh\u00e9rence, profondeur historique et gouvernance d\u00e9terminent directement la pertinence des analyses produites par les syst\u00e8mes d\u2019IA. Sans ce cadre, la technologie peut produire des r\u00e9sultats rapides mais fragiles. Les \u00e9changes ont ainsi mis en \u00e9vidence les arbitrages complexes auxquels font face les entreprises, notamment entre les co\u00fbts d\u2019entra\u00eenement des mod\u00e8les, les co\u00fbts d\u2019exploitation \u00e0 grande \u00e9chelle et les besoins croissants en puissance de calcul. \u00c0 ces enjeux techniques s\u2019ajoutent des questions structurantes li\u00e9es \u00e0 l\u2019h\u00e9bergement des donn\u00e9es, \u00e0 la souverainet\u00e9 num\u00e9rique, \u00e0 la conformit\u00e9 r\u00e9glementaire et \u00e0 la s\u00e9curit\u00e9.<\/p>\n\n\n\n<p>Au sein d\u2019Amen Bank, cette r\u00e9flexion autour de l\u2019intelligence artificielle concerne l\u2019ensemble des m\u00e9tiers, du risque \u00e0 la conformit\u00e9, de la relation client aux op\u00e9rations, en passant par la finance, les syst\u00e8mes d\u2019information et les fonctions support.<\/p>\n\n\n\n<h2 class=\"wp-block-heading\" id=\"h-l-ia-entre-promesse-technologique-et-responsabilite-humaine\">L\u2019IA, entre promesse technologique et responsabilit\u00e9 humaine<\/h2>\n\n\n\n<p>Les cas d\u2019usage \u00e9voqu\u00e9s illustrent toutefois un potentiel bien r\u00e9el. De l\u2019analyse pr\u00e9dictive des comportements clients \u00e0 la d\u00e9tection des risques, en passant par l\u2019automatisation du traitement documentaire ou l\u2019aide \u00e0 la d\u00e9cision financi\u00e8re, l\u2019IA s\u2019impose progressivement comme un outil transversal d\u2019optimisation. \u00c0 l\u2019\u00e9chelle mondiale, l\u2019ampleur des investissements consentis dans ces technologies confirme cette dynamique, avec des attentes fortes en mati\u00e8re de productivit\u00e9 et de comp\u00e9titivit\u00e9.<\/p>\n\n\n\n<p>Intervenant lors de la rencontre, l\u2019experte internationale en intelligence artificielle Nozha Boujemaa a apport\u00e9 un \u00e9clairage compl\u00e9mentaire, en distinguant l\u2019IA pr\u00e9dictive de l\u2019IA g\u00e9n\u00e9rative. Selon elle, cette derni\u00e8re constitue avant tout une r\u00e9volution des usages, plus qu\u2019une rupture technologique soudaine. Elle a appel\u00e9 les entreprises tunisiennes \u00e0 ne pas attendre des conditions id\u00e9ales pour se lancer, tout en insistant sur la n\u00e9cessit\u00e9 d\u2019un accompagnement progressif et d\u2019une mont\u00e9e en comp\u00e9tences internes. Pour l\u2019experte, l\u2019IA ne remplace ni l\u2019expertise humaine ni la responsabilit\u00e9 manag\u00e9riale, mais elle en augmente les capacit\u00e9s.<\/p>\n\n\n\n<p>Au fil des \u00e9changes, un message s\u2019est impos\u00e9 : l\u2019intelligence artificielle est d\u00e9sormais un sujet strat\u00e9gique qui engage directement les directions g\u00e9n\u00e9rales. Mal gouvern\u00e9e, elle peut fragiliser les organisations. Bien int\u00e9gr\u00e9e, elle devient un levier de performance durable. \u00c0 travers cette rencontre, Amen Bank invite ainsi les entreprises tunisiennes \u00e0 faire de l\u2019IA non pas un effet de mode, mais un choix structurant pour d\u00e9cider mieux et anticiper plus loin.<\/p>\n","protected":false},"excerpt":{"rendered":"<p>\u00c0 mesure que l\u2019intelligence artificielle s\u2019impose dans les grandes \u00e9conomies, elle cesse d\u2019\u00eatre un sujet d\u2019anticipation pour devenir un enjeu imm\u00e9diat de gouvernance et de comp\u00e9titivit\u00e9. En Tunisie, o\u00f9 les entreprises \u00e9voluent dans un environnement marqu\u00e9 par la pression r\u00e9glementaire, la volatilit\u00e9 des march\u00e9s et des marges de plus en plus contraintes, la question n\u2019est [&hellip;]<\/p>\n","protected":false},"author":3203,"featured_media":392129,"comment_status":"closed","ping_status":"closed","sticky":false,"template":"","format":"standard","meta":{"footnotes":""},"categories":[44],"tags":[13640,2957,2608],"class_list":["post-392113","post","type-post","status-publish","format-standard","has-post-thumbnail","hentry","category-national","tag-amen-bank","tag-intelligence-artificielle","tag-tunisie"],"yoast_head":"<!-- This site is optimized with the Yoast SEO Premium plugin v27.4 (Yoast SEO v27.5) - https:\/\/yoast.com\/product\/yoast-seo-premium-wordpress\/ -->\n<title>D\u00e9cider \u00e0 l\u2019\u00e8re de l\u2019IA : La vision d\u2019Amen Bank - webdo<\/title>\n<meta name=\"description\" content=\"Explorez la vision d&#039;Amen Bank pour int\u00e9grer l&#039;IA dans les d\u00e9cisions \u00e9conomiques et financi\u00e8res des entreprises en Tunisie.\" \/>\n<link rel=\"canonical\" href=\"https:\/\/www.webdo.tn\/fr\/actualite\/national\/decider-a-lere-de-lia-la-vision-damen-bank\/392113\/\" \/>\n<meta property=\"og:locale\" content=\"fr_FR\" \/>\n<meta property=\"og:type\" content=\"article\" \/>\n<meta property=\"og:title\" content=\"D\u00e9cider \u00e0 l\u2019\u00e8re de l\u2019IA : La vision d\u2019Amen Bank\" \/>\n<meta property=\"og:description\" content=\"Explorez la vision d&#039;Amen Bank pour int\u00e9grer l&#039;IA dans les d\u00e9cisions \u00e9conomiques et financi\u00e8res des entreprises en Tunisie.\" \/>\n<meta property=\"og:url\" content=\"https:\/\/www.webdo.tn\/fr\/actualite\/national\/decider-a-lere-de-lia-la-vision-damen-bank\/392113\/\" \/>\n<meta property=\"og:site_name\" content=\"webdo\" \/>\n<meta property=\"article:publisher\" content=\"https:\/\/www.facebook.com\/webdotn\" \/>\n<meta property=\"article:published_time\" content=\"2026-01-27T11:44:57+00:00\" \/>\n<meta property=\"article:modified_time\" content=\"2026-01-27T11:44:59+00:00\" \/>\n<meta property=\"og:image\" content=\"https:\/\/www.webdo.tn\/fr\/wp-content\/uploads\/2026\/01\/amen-bank-5.jpg\" \/>\n\t<meta property=\"og:image:width\" content=\"1200\" \/>\n\t<meta property=\"og:image:height\" content=\"600\" \/>\n\t<meta property=\"og:image:type\" content=\"image\/jpeg\" \/>\n<meta name=\"author\" content=\"Ramzi Haddad\" \/>\n<meta name=\"twitter:card\" content=\"summary_large_image\" \/>\n<meta name=\"twitter:creator\" content=\"@webdo_tn\" \/>\n<meta name=\"twitter:site\" content=\"@webdo_tn\" \/>\n<meta name=\"twitter:label1\" content=\"\u00c9crit par\" \/>\n\t<meta name=\"twitter:data1\" content=\"Ramzi Haddad\" \/>\n\t<meta name=\"twitter:label2\" content=\"Dur\u00e9e de lecture estim\u00e9e\" \/>\n\t<meta name=\"twitter:data2\" content=\"4 minutes\" \/>\n<script type=\"application\/ld+json\" class=\"yoast-schema-graph\">{\"@context\":\"https:\\\/\\\/schema.org\",\"@graph\":[{\"@type\":\"NewsArticle\",\"@id\":\"https:\\\/\\\/www.webdo.tn\\\/fr\\\/actualite\\\/national\\\/decider-a-lere-de-lia-la-vision-damen-bank\\\/392113\\\/#article\",\"isPartOf\":{\"@id\":\"https:\\\/\\\/www.webdo.tn\\\/fr\\\/actualite\\\/national\\\/decider-a-lere-de-lia-la-vision-damen-bank\\\/392113\\\/\"},\"author\":{\"name\":\"Ramzi Haddad\",\"@id\":\"https:\\\/\\\/www.webdo.tn\\\/fr\\\/#\\\/schema\\\/person\\\/5663044c25eb36d8f88ba5b653f12f8c\"},\"headline\":\"D\u00e9cider \u00e0 l\u2019\u00e8re de l\u2019IA : La vision d\u2019Amen Bank\",\"datePublished\":\"2026-01-27T11:44:57+00:00\",\"dateModified\":\"2026-01-27T11:44:59+00:00\",\"mainEntityOfPage\":{\"@id\":\"https:\\\/\\\/www.webdo.tn\\\/fr\\\/actualite\\\/national\\\/decider-a-lere-de-lia-la-vision-damen-bank\\\/392113\\\/\"},\"wordCount\":696,\"publisher\":{\"@id\":\"https:\\\/\\\/www.webdo.tn\\\/fr\\\/#organization\"},\"image\":{\"@id\":\"https:\\\/\\\/www.webdo.tn\\\/fr\\\/actualite\\\/national\\\/decider-a-lere-de-lia-la-vision-damen-bank\\\/392113\\\/#primaryimage\"},\"thumbnailUrl\":\"https:\\\/\\\/www.webdo.tn\\\/fr\\\/wp-content\\\/uploads\\\/2026\\\/01\\\/amen-bank-5.jpg\",\"keywords\":[\"Amen Bank\",\"Intelligence artificielle\",\"Tunisie\"],\"articleSection\":[\"National\"],\"inLanguage\":\"fr-FR\"},{\"@type\":\"WebPage\",\"@id\":\"https:\\\/\\\/www.webdo.tn\\\/fr\\\/actualite\\\/national\\\/decider-a-lere-de-lia-la-vision-damen-bank\\\/392113\\\/\",\"url\":\"https:\\\/\\\/www.webdo.tn\\\/fr\\\/actualite\\\/national\\\/decider-a-lere-de-lia-la-vision-damen-bank\\\/392113\\\/\",\"name\":\"D\u00e9cider \u00e0 l\u2019\u00e8re de l\u2019IA : La vision d\u2019Amen Bank - webdo\",\"isPartOf\":{\"@id\":\"https:\\\/\\\/www.webdo.tn\\\/fr\\\/#website\"},\"primaryImageOfPage\":{\"@id\":\"https:\\\/\\\/www.webdo.tn\\\/fr\\\/actualite\\\/national\\\/decider-a-lere-de-lia-la-vision-damen-bank\\\/392113\\\/#primaryimage\"},\"image\":{\"@id\":\"https:\\\/\\\/www.webdo.tn\\\/fr\\\/actualite\\\/national\\\/decider-a-lere-de-lia-la-vision-damen-bank\\\/392113\\\/#primaryimage\"},\"thumbnailUrl\":\"https:\\\/\\\/www.webdo.tn\\\/fr\\\/wp-content\\\/uploads\\\/2026\\\/01\\\/amen-bank-5.jpg\",\"datePublished\":\"2026-01-27T11:44:57+00:00\",\"dateModified\":\"2026-01-27T11:44:59+00:00\",\"description\":\"Explorez la vision d'Amen Bank pour int\u00e9grer l'IA dans les d\u00e9cisions \u00e9conomiques et financi\u00e8res des entreprises en Tunisie.\",\"breadcrumb\":{\"@id\":\"https:\\\/\\\/www.webdo.tn\\\/fr\\\/actualite\\\/national\\\/decider-a-lere-de-lia-la-vision-damen-bank\\\/392113\\\/#breadcrumb\"},\"inLanguage\":\"fr-FR\",\"potentialAction\":[{\"@type\":\"ReadAction\",\"target\":[\"https:\\\/\\\/www.webdo.tn\\\/fr\\\/actualite\\\/national\\\/decider-a-lere-de-lia-la-vision-damen-bank\\\/392113\\\/\"]}]},{\"@type\":\"ImageObject\",\"inLanguage\":\"fr-FR\",\"@id\":\"https:\\\/\\\/www.webdo.tn\\\/fr\\\/actualite\\\/national\\\/decider-a-lere-de-lia-la-vision-damen-bank\\\/392113\\\/#primaryimage\",\"url\":\"https:\\\/\\\/www.webdo.tn\\\/fr\\\/wp-content\\\/uploads\\\/2026\\\/01\\\/amen-bank-5.jpg\",\"contentUrl\":\"https:\\\/\\\/www.webdo.tn\\\/fr\\\/wp-content\\\/uploads\\\/2026\\\/01\\\/amen-bank-5.jpg\",\"width\":1200,\"height\":600,\"caption\":\"Amen Bank\"},{\"@type\":\"BreadcrumbList\",\"@id\":\"https:\\\/\\\/www.webdo.tn\\\/fr\\\/actualite\\\/national\\\/decider-a-lere-de-lia-la-vision-damen-bank\\\/392113\\\/#breadcrumb\",\"itemListElement\":[{\"@type\":\"ListItem\",\"position\":1,\"name\":\"Accueil\",\"item\":\"https:\\\/\\\/www.webdo.tn\\\/fr\\\/\"},{\"@type\":\"ListItem\",\"position\":2,\"name\":\"D\u00e9cider \u00e0 l\u2019\u00e8re de l\u2019IA : La vision d\u2019Amen Bank\"}]},{\"@type\":\"WebSite\",\"@id\":\"https:\\\/\\\/www.webdo.tn\\\/fr\\\/#website\",\"url\":\"https:\\\/\\\/www.webdo.tn\\\/fr\\\/\",\"name\":\"webdo\",\"description\":\"Tunisie - News en Tunisie et \u00e0 l&#039;international sur Webdo.tn\",\"publisher\":{\"@id\":\"https:\\\/\\\/www.webdo.tn\\\/fr\\\/#organization\"},\"potentialAction\":[{\"@type\":\"SearchAction\",\"target\":{\"@type\":\"EntryPoint\",\"urlTemplate\":\"https:\\\/\\\/www.webdo.tn\\\/fr\\\/?s={search_term_string}\"},\"query-input\":{\"@type\":\"PropertyValueSpecification\",\"valueRequired\":true,\"valueName\":\"search_term_string\"}}],\"inLanguage\":\"fr-FR\"},{\"@type\":\"Organization\",\"@id\":\"https:\\\/\\\/www.webdo.tn\\\/fr\\\/#organization\",\"name\":\"Webdo\",\"alternateName\":\"Webdo.tn\",\"url\":\"https:\\\/\\\/www.webdo.tn\\\/fr\\\/\",\"logo\":{\"@type\":\"ImageObject\",\"inLanguage\":\"fr-FR\",\"@id\":\"https:\\\/\\\/www.webdo.tn\\\/fr\\\/#\\\/schema\\\/logo\\\/image\\\/\",\"url\":\"https:\\\/\\\/www.webdo.tn\\\/fr\\\/wp-content\\\/uploads\\\/2025\\\/06\\\/Webdo-Tunisie_168377.jpg\",\"contentUrl\":\"https:\\\/\\\/www.webdo.tn\\\/fr\\\/wp-content\\\/uploads\\\/2025\\\/06\\\/Webdo-Tunisie_168377.jpg\",\"width\":301,\"height\":301,\"caption\":\"Webdo\"},\"image\":{\"@id\":\"https:\\\/\\\/www.webdo.tn\\\/fr\\\/#\\\/schema\\\/logo\\\/image\\\/\"},\"sameAs\":[\"https:\\\/\\\/www.facebook.com\\\/webdotn\",\"https:\\\/\\\/x.com\\\/webdo_tn\"],\"description\":\"Webdo est un m\u00e9dia num\u00e9rique tunisien fond\u00e9 en 2010, sp\u00e9cialis\u00e9 dans l\u2019actualit\u00e9 nationale et internationale, l\u2019\u00e9conomie, la soci\u00e9t\u00e9 et les analyses politiques. Le site s\u2019adresse \u00e0 un large public francophone et couvre l\u2019information tunisienne en temps r\u00e9el.\",\"email\":\"redac@webdo.tn\",\"legalName\":\"YNJ SARL\",\"foundingDate\":\"2010-09-06\",\"numberOfEmployees\":{\"@type\":\"QuantitativeValue\",\"minValue\":\"11\",\"maxValue\":\"50\"}},{\"@type\":\"Person\",\"@id\":\"https:\\\/\\\/www.webdo.tn\\\/fr\\\/#\\\/schema\\\/person\\\/5663044c25eb36d8f88ba5b653f12f8c\",\"name\":\"Ramzi Haddad\",\"image\":{\"@type\":\"ImageObject\",\"inLanguage\":\"fr-FR\",\"@id\":\"https:\\\/\\\/www.webdo.tn\\\/fr\\\/wp-content\\\/uploads\\\/2026\\\/04\\\/ramzi-haddad_avatar-96x96.jpg\",\"url\":\"https:\\\/\\\/www.webdo.tn\\\/fr\\\/wp-content\\\/uploads\\\/2026\\\/04\\\/ramzi-haddad_avatar-96x96.jpg\",\"contentUrl\":\"https:\\\/\\\/www.webdo.tn\\\/fr\\\/wp-content\\\/uploads\\\/2026\\\/04\\\/ramzi-haddad_avatar-96x96.jpg\",\"caption\":\"Ramzi Haddad\"},\"description\":\"Signature \u00e9ditoriale de Walid Ben Youssef Ramzi Haddad est le pseudonyme \u00e9ditorial de Walid Ben Youssef, fondateur et g\u00e9rant de Webdo.tn. Cette signature est d\u00e9di\u00e9e \u00e0 la couverture de l'actualit\u00e9 nationale et internationale, ainsi qu'aux analyses des dynamiques num\u00e9riques. Ce profil b\u00e9n\u00e9ficie de l'expertise de Walid Ben Youssef, pionnier du web en Tunisie depuis 2000 et dipl\u00f4m\u00e9 en Math\u00e9matiques pures de l'Universit\u00e9 d'Oregon. \u00c0 travers cette signature, la r\u00e9daction de Webdo garantit une information structur\u00e9e et v\u00e9rifi\u00e9e, fid\u00e8le aux standards journalistiques du m\u00e9dia.\",\"url\":\"https:\\\/\\\/www.webdo.tn\\\/fr\\\/actualite\\\/author\\\/ramzi-haddad\\\/\"}]}<\/script>\n<!-- \/ Yoast SEO Premium plugin. -->","yoast_head_json":{"title":"D\u00e9cider \u00e0 l\u2019\u00e8re de l\u2019IA : La vision d\u2019Amen Bank - webdo","description":"Explorez la vision d'Amen Bank pour int\u00e9grer l'IA dans les d\u00e9cisions \u00e9conomiques et financi\u00e8res des entreprises en Tunisie.","canonical":"https:\/\/www.webdo.tn\/fr\/actualite\/national\/decider-a-lere-de-lia-la-vision-damen-bank\/392113\/","og_locale":"fr_FR","og_type":"article","og_title":"D\u00e9cider \u00e0 l\u2019\u00e8re de l\u2019IA : La vision d\u2019Amen Bank","og_description":"Explorez la vision d'Amen Bank pour int\u00e9grer l'IA dans les d\u00e9cisions \u00e9conomiques et financi\u00e8res des entreprises en Tunisie.","og_url":"https:\/\/www.webdo.tn\/fr\/actualite\/national\/decider-a-lere-de-lia-la-vision-damen-bank\/392113\/","og_site_name":"webdo","article_publisher":"https:\/\/www.facebook.com\/webdotn","article_published_time":"2026-01-27T11:44:57+00:00","article_modified_time":"2026-01-27T11:44:59+00:00","og_image":[{"width":1200,"height":600,"url":"https:\/\/www.webdo.tn\/fr\/wp-content\/uploads\/2026\/01\/amen-bank-5.jpg","type":"image\/jpeg"}],"author":"Ramzi Haddad","twitter_card":"summary_large_image","twitter_creator":"@webdo_tn","twitter_site":"@webdo_tn","twitter_misc":{"\u00c9crit par":"Ramzi Haddad","Dur\u00e9e de lecture estim\u00e9e":"4 minutes"},"schema":{"@context":"https:\/\/schema.org","@graph":[{"@type":"NewsArticle","@id":"https:\/\/www.webdo.tn\/fr\/actualite\/national\/decider-a-lere-de-lia-la-vision-damen-bank\/392113\/#article","isPartOf":{"@id":"https:\/\/www.webdo.tn\/fr\/actualite\/national\/decider-a-lere-de-lia-la-vision-damen-bank\/392113\/"},"author":{"name":"Ramzi Haddad","@id":"https:\/\/www.webdo.tn\/fr\/#\/schema\/person\/5663044c25eb36d8f88ba5b653f12f8c"},"headline":"D\u00e9cider \u00e0 l\u2019\u00e8re de l\u2019IA : La vision d\u2019Amen Bank","datePublished":"2026-01-27T11:44:57+00:00","dateModified":"2026-01-27T11:44:59+00:00","mainEntityOfPage":{"@id":"https:\/\/www.webdo.tn\/fr\/actualite\/national\/decider-a-lere-de-lia-la-vision-damen-bank\/392113\/"},"wordCount":696,"publisher":{"@id":"https:\/\/www.webdo.tn\/fr\/#organization"},"image":{"@id":"https:\/\/www.webdo.tn\/fr\/actualite\/national\/decider-a-lere-de-lia-la-vision-damen-bank\/392113\/#primaryimage"},"thumbnailUrl":"https:\/\/www.webdo.tn\/fr\/wp-content\/uploads\/2026\/01\/amen-bank-5.jpg","keywords":["Amen Bank","Intelligence artificielle","Tunisie"],"articleSection":["National"],"inLanguage":"fr-FR"},{"@type":"WebPage","@id":"https:\/\/www.webdo.tn\/fr\/actualite\/national\/decider-a-lere-de-lia-la-vision-damen-bank\/392113\/","url":"https:\/\/www.webdo.tn\/fr\/actualite\/national\/decider-a-lere-de-lia-la-vision-damen-bank\/392113\/","name":"D\u00e9cider \u00e0 l\u2019\u00e8re de l\u2019IA : La vision d\u2019Amen Bank - webdo","isPartOf":{"@id":"https:\/\/www.webdo.tn\/fr\/#website"},"primaryImageOfPage":{"@id":"https:\/\/www.webdo.tn\/fr\/actualite\/national\/decider-a-lere-de-lia-la-vision-damen-bank\/392113\/#primaryimage"},"image":{"@id":"https:\/\/www.webdo.tn\/fr\/actualite\/national\/decider-a-lere-de-lia-la-vision-damen-bank\/392113\/#primaryimage"},"thumbnailUrl":"https:\/\/www.webdo.tn\/fr\/wp-content\/uploads\/2026\/01\/amen-bank-5.jpg","datePublished":"2026-01-27T11:44:57+00:00","dateModified":"2026-01-27T11:44:59+00:00","description":"Explorez la vision d'Amen Bank pour int\u00e9grer l'IA dans les d\u00e9cisions \u00e9conomiques et financi\u00e8res des entreprises en Tunisie.","breadcrumb":{"@id":"https:\/\/www.webdo.tn\/fr\/actualite\/national\/decider-a-lere-de-lia-la-vision-damen-bank\/392113\/#breadcrumb"},"inLanguage":"fr-FR","potentialAction":[{"@type":"ReadAction","target":["https:\/\/www.webdo.tn\/fr\/actualite\/national\/decider-a-lere-de-lia-la-vision-damen-bank\/392113\/"]}]},{"@type":"ImageObject","inLanguage":"fr-FR","@id":"https:\/\/www.webdo.tn\/fr\/actualite\/national\/decider-a-lere-de-lia-la-vision-damen-bank\/392113\/#primaryimage","url":"https:\/\/www.webdo.tn\/fr\/wp-content\/uploads\/2026\/01\/amen-bank-5.jpg","contentUrl":"https:\/\/www.webdo.tn\/fr\/wp-content\/uploads\/2026\/01\/amen-bank-5.jpg","width":1200,"height":600,"caption":"Amen Bank"},{"@type":"BreadcrumbList","@id":"https:\/\/www.webdo.tn\/fr\/actualite\/national\/decider-a-lere-de-lia-la-vision-damen-bank\/392113\/#breadcrumb","itemListElement":[{"@type":"ListItem","position":1,"name":"Accueil","item":"https:\/\/www.webdo.tn\/fr\/"},{"@type":"ListItem","position":2,"name":"D\u00e9cider \u00e0 l\u2019\u00e8re de l\u2019IA : La vision d\u2019Amen Bank"}]},{"@type":"WebSite","@id":"https:\/\/www.webdo.tn\/fr\/#website","url":"https:\/\/www.webdo.tn\/fr\/","name":"webdo","description":"Tunisie - News en Tunisie et \u00e0 l&#039;international sur Webdo.tn","publisher":{"@id":"https:\/\/www.webdo.tn\/fr\/#organization"},"potentialAction":[{"@type":"SearchAction","target":{"@type":"EntryPoint","urlTemplate":"https:\/\/www.webdo.tn\/fr\/?s={search_term_string}"},"query-input":{"@type":"PropertyValueSpecification","valueRequired":true,"valueName":"search_term_string"}}],"inLanguage":"fr-FR"},{"@type":"Organization","@id":"https:\/\/www.webdo.tn\/fr\/#organization","name":"Webdo","alternateName":"Webdo.tn","url":"https:\/\/www.webdo.tn\/fr\/","logo":{"@type":"ImageObject","inLanguage":"fr-FR","@id":"https:\/\/www.webdo.tn\/fr\/#\/schema\/logo\/image\/","url":"https:\/\/www.webdo.tn\/fr\/wp-content\/uploads\/2025\/06\/Webdo-Tunisie_168377.jpg","contentUrl":"https:\/\/www.webdo.tn\/fr\/wp-content\/uploads\/2025\/06\/Webdo-Tunisie_168377.jpg","width":301,"height":301,"caption":"Webdo"},"image":{"@id":"https:\/\/www.webdo.tn\/fr\/#\/schema\/logo\/image\/"},"sameAs":["https:\/\/www.facebook.com\/webdotn","https:\/\/x.com\/webdo_tn"],"description":"Webdo est un m\u00e9dia num\u00e9rique tunisien fond\u00e9 en 2010, sp\u00e9cialis\u00e9 dans l\u2019actualit\u00e9 nationale et internationale, l\u2019\u00e9conomie, la soci\u00e9t\u00e9 et les analyses politiques. Le site s\u2019adresse \u00e0 un large public francophone et couvre l\u2019information tunisienne en temps r\u00e9el.","email":"redac@webdo.tn","legalName":"YNJ SARL","foundingDate":"2010-09-06","numberOfEmployees":{"@type":"QuantitativeValue","minValue":"11","maxValue":"50"}},{"@type":"Person","@id":"https:\/\/www.webdo.tn\/fr\/#\/schema\/person\/5663044c25eb36d8f88ba5b653f12f8c","name":"Ramzi Haddad","image":{"@type":"ImageObject","inLanguage":"fr-FR","@id":"https:\/\/www.webdo.tn\/fr\/wp-content\/uploads\/2026\/04\/ramzi-haddad_avatar-96x96.jpg","url":"https:\/\/www.webdo.tn\/fr\/wp-content\/uploads\/2026\/04\/ramzi-haddad_avatar-96x96.jpg","contentUrl":"https:\/\/www.webdo.tn\/fr\/wp-content\/uploads\/2026\/04\/ramzi-haddad_avatar-96x96.jpg","caption":"Ramzi Haddad"},"description":"Signature \u00e9ditoriale de Walid Ben Youssef Ramzi Haddad est le pseudonyme \u00e9ditorial de Walid Ben Youssef, fondateur et g\u00e9rant de Webdo.tn. Cette signature est d\u00e9di\u00e9e \u00e0 la couverture de l'actualit\u00e9 nationale et internationale, ainsi qu'aux analyses des dynamiques num\u00e9riques. Ce profil b\u00e9n\u00e9ficie de l'expertise de Walid Ben Youssef, pionnier du web en Tunisie depuis 2000 et dipl\u00f4m\u00e9 en Math\u00e9matiques pures de l'Universit\u00e9 d'Oregon. \u00c0 travers cette signature, la r\u00e9daction de Webdo garantit une information structur\u00e9e et v\u00e9rifi\u00e9e, fid\u00e8le aux standards journalistiques du m\u00e9dia.","url":"https:\/\/www.webdo.tn\/fr\/actualite\/author\/ramzi-haddad\/"}]}},"_links":{"self":[{"href":"https:\/\/www.webdo.tn\/fr\/wp-json\/wp\/v2\/posts\/392113","targetHints":{"allow":["GET"]}}],"collection":[{"href":"https:\/\/www.webdo.tn\/fr\/wp-json\/wp\/v2\/posts"}],"about":[{"href":"https:\/\/www.webdo.tn\/fr\/wp-json\/wp\/v2\/types\/post"}],"author":[{"embeddable":true,"href":"https:\/\/www.webdo.tn\/fr\/wp-json\/wp\/v2\/users\/3203"}],"replies":[{"embeddable":true,"href":"https:\/\/www.webdo.tn\/fr\/wp-json\/wp\/v2\/comments?post=392113"}],"version-history":[{"count":0,"href":"https:\/\/www.webdo.tn\/fr\/wp-json\/wp\/v2\/posts\/392113\/revisions"}],"wp:featuredmedia":[{"embeddable":true,"href":"https:\/\/www.webdo.tn\/fr\/wp-json\/wp\/v2\/media\/392129"}],"wp:attachment":[{"href":"https:\/\/www.webdo.tn\/fr\/wp-json\/wp\/v2\/media?parent=392113"}],"wp:term":[{"taxonomy":"category","embeddable":true,"href":"https:\/\/www.webdo.tn\/fr\/wp-json\/wp\/v2\/categories?post=392113"},{"taxonomy":"post_tag","embeddable":true,"href":"https:\/\/www.webdo.tn\/fr\/wp-json\/wp\/v2\/tags?post=392113"}],"curies":[{"name":"wp","href":"https:\/\/api.w.org\/{rel}","templated":true}]}}