{"id":392090,"date":"2026-01-27T08:56:31","date_gmt":"2026-01-27T07:56:31","guid":{"rendered":"https:\/\/www.webdo.tn\/fr\/?p=392090"},"modified":"2026-01-27T12:24:47","modified_gmt":"2026-01-27T11:24:47","slug":"a-tunis-washington-ecoute-les-attentes-tunisiennes-en-matiere-dinvestissements","status":"publish","type":"post","link":"https:\/\/www.webdo.tn\/fr\/actualite\/national\/a-tunis-washington-ecoute-les-attentes-tunisiennes-en-matiere-dinvestissements\/392090\/","title":{"rendered":"\u00c0 Tunis, Washington \u00e9coute les attentes tunisiennes en mati\u00e8re d\u2019investissements"},"content":{"rendered":"\n<p><strong>A l\u2019occasion d\u2019une visite officielle d\u2019un haut \u00e9missaire de la pr\u00e9sidence am\u00e9ricaine \u00e0 Tunis, le ministre des Affaires \u00e9trang\u00e8res Mohamed Ali Nafti a r\u00e9affirm\u00e9 la volont\u00e9 de la Tunisie de renforcer en profondeur ses relations avec Washington. Investissements, commerce, s\u00e9curit\u00e9 r\u00e9gionale, Libye et Palestine ont domin\u00e9 des \u00e9changes \u00e0 forte port\u00e9e politique.<\/strong><\/p>\n\n\n\n<p>Recevant Massad Boulos, haut conseiller du pr\u00e9sident am\u00e9ricain Donald Trump pour le Moyen-Orient, le monde arabe et l\u2019Afrique, le chef de la diplomatie tunisienne a mis en avant la solidit\u00e9 d\u2019un lien bilat\u00e9ral ancien, construit sur plus de deux si\u00e8cles de coop\u00e9ration et d\u2019int\u00e9r\u00eats partag\u00e9s.<\/p>\n\n\n\n<p>La d\u00e9l\u00e9gation am\u00e9ricaine comprenait notamment Kyle Liston, sous-secr\u00e9taire d\u2019\u00c9tat adjoint par int\u00e9rim pour l\u2019Afrique du Nord et la p\u00e9ninsule arabique, ainsi que David Linfield, chef de cabinet du conseiller pr\u00e9sidentiel. L\u2019ambassadeur des \u00c9tats-Unis \u00e0 Tunis, Bill Bazzi, a \u00e9galement particip\u00e9 \u00e0 la rencontre.<\/p>\n\n\n\n<h2 class=\"wp-block-heading\" id=\"h-huile-d-olive-droits-de-douane-et-exportations-strategiques\">Huile d\u2019olive, droits de douane et exportations strat\u00e9giques<\/h2>\n\n\n\n<p>Au c\u0153ur des discussions figurait la n\u00e9cessit\u00e9 de hisser la coop\u00e9ration \u00e9conomique \u00e0 un niveau sup\u00e9rieur. Mohamed Ali Nafti a plaid\u00e9 pour une augmentation significative des investissements am\u00e9ricains en Tunisie et pour la conclusion d\u2019un accord commercial bilat\u00e9ral permettant de revoir le r\u00e9gime des droits de douane.<\/p>\n\n\n\n<p>L\u2019objectif affich\u00e9 est de s\u00e9curiser durablement l\u2019acc\u00e8s des produits tunisiens au march\u00e9 am\u00e9ricain, en particulier l\u2019huile d\u2019olive, consid\u00e9r\u00e9e comme un produit strat\u00e9gique pour les exportations nationales.<\/p>\n\n\n\n<p>Les \u00e9changes ont \u00e9galement port\u00e9 sur l\u2019\u00e9largissement de la coop\u00e9ration \u00e0 d\u2019autres secteurs cl\u00e9s, notamment la s\u00e9curit\u00e9, la d\u00e9fense, la recherche scientifique, la technologie, le tourisme et les transports, dans une logique de partenariat multidimensionnel.<\/p>\n\n\n\n<h2 class=\"wp-block-heading\" id=\"h-la-communaute-tunisienne-aux-etats-unis-la-palestine-et-la-libye\">La communaut\u00e9 tunisienne aux \u00c9tats-Unis, la Palestine et la Libye<\/h2>\n\n\n\n<p>Le ministre tunisien a, par ailleurs, insist\u00e9 sur l\u2019importance accord\u00e9e par Tunis \u00e0 la diaspora install\u00e9e aux \u00c9tats-Unis. Il a exprim\u00e9 le souhait de voir les autorit\u00e9s am\u00e9ricaines continuer \u00e0 accorder \u00e0 cette communaut\u00e9 l\u2019attention n\u00e9cessaire pour favoriser son int\u00e9gration et renforcer sa contribution \u00e0 la vie \u00e9conomique et sociale du pays d\u2019accueil.<\/p>\n\n\n\n<p>Sur le plan r\u00e9gional, Mohamed Ali Nafti a r\u00e9it\u00e9r\u00e9 la position constante et immuable de la Tunisie en faveur du peuple palestinien et de ses droits historiques. Il a rappel\u00e9 l\u2019attachement de Tunis \u00e0 la cr\u00e9ation d\u2019un \u00c9tat palestinien ind\u00e9pendant avec Al-Qods pour capitale, tout en soulignant l\u2019urgence d\u2019assurer l\u2019acheminement de l\u2019aide humanitaire, l\u2019ouverture des points de passage, la reconstruction des territoires et la garantie de la libert\u00e9 de circulation.<\/p>\n\n\n\n<p>Concernant le dossier libyen, la Tunisie a r\u00e9affirm\u00e9 son rejet de toute solution impos\u00e9e et son attachement \u00e0 un r\u00e8glement politique issu d\u2019un dialogue inclusif entre les diff\u00e9rentes forces libyennes. Dans ce cadre, Massad Boulos a exprim\u00e9 le soutien de son pays au m\u00e9canisme de concertation tripartite r\u00e9unissant la Tunisie, l\u2019Alg\u00e9rie et l\u2019\u00c9gypte, dont une r\u00e9union est actuellement organis\u00e9e \u00e0 Tunis afin de rapprocher les positions et de favoriser une sortie durable de crise.<\/p>\n\n\n\n<p><\/p>\n\n\n\n<iframe src=\"https:\/\/www.facebook.com\/plugins\/post.php?href=https%3A%2F%2Fwww.facebook.com%2FTunisieDiplo%2Fposts%2Fpfbid029njYSkjKQ7edrYzCEHbKT9ppioiuDW6HhomHNN4FXB1ogeqAZYVovB7ozRBHKyULl&#038;show_text=true&#038;width=500\" width=\"500\" height=\"741\" style=\"border:none;overflow:hidden\" scrolling=\"no\" frameborder=\"0\" allowfullscreen=\"true\" allow=\"autoplay; clipboard-write; encrypted-media; picture-in-picture; web-share\"><\/iframe>\n\n\n\n<p><\/p>\n\n\n\n<blockquote class=\"wp-block-quote is-layout-flow wp-block-quote-is-layout-flow\">\n<blockquote class=\"wp-block-quote is-layout-flow wp-block-quote-is-layout-flow\">\n<p><strong>Lire aussi :<\/strong><\/p>\n\n\n\n<ul class=\"wp-block-list\">\n<li><a href=\"https:\/\/www.webdo.tn\/fr\/actualite\/national\/phoenix-express-2026-la-vision-americaine-de-la-securite-maritime-depuis-la-tunisie\/391963\/\">Phoenix Express 2026 : La vision am\u00e9ricaine de la s\u00e9curit\u00e9 maritime depuis la Tunisie<\/a><\/li>\n\n\n\n<li><a href=\"https:\/\/www.webdo.tn\/fr\/actualite\/national\/rapport-que-disent-les-experts-americains-sur-le-present-et-lavenir-de-la-tunisie\/389951\/\">Rapport : Que disent les experts am\u00e9ricains sur le pr\u00e9sent et l\u2019avenir de la Tunisie ?<\/a><\/li>\n\n\n\n<li><a href=\"https:\/\/www.webdo.tn\/fr\/actualite\/national\/la-tunisie-recoit-des-equipements-americains-dune-valeur-de-14-million-de-dollars\/389748\/\">La Tunisie re\u00e7oit des \u00e9quipements am\u00e9ricains d\u2019une valeur de 1,4 million de dollars<\/a><\/li>\n<\/ul>\n<\/blockquote>\n<\/blockquote>\n","protected":false},"excerpt":{"rendered":"<p>A l\u2019occasion d\u2019une visite officielle d\u2019un haut \u00e9missaire de la pr\u00e9sidence am\u00e9ricaine \u00e0 Tunis, le ministre des Affaires \u00e9trang\u00e8res Mohamed Ali Nafti a r\u00e9affirm\u00e9 la volont\u00e9 de la Tunisie de renforcer en profondeur ses relations avec Washington. Investissements, commerce, s\u00e9curit\u00e9 r\u00e9gionale, Libye et Palestine ont domin\u00e9 des \u00e9changes \u00e0 forte port\u00e9e politique. Recevant Massad Boulos, [&hellip;]<\/p>\n","protected":false},"author":4782,"featured_media":392091,"comment_status":"closed","ping_status":"closed","sticky":false,"template":"","format":"standard","meta":{"footnotes":""},"categories":[44],"tags":[13310,3035,3955,2608],"class_list":["post-392090","post","type-post","status-publish","format-standard","has-post-thumbnail","hentry","category-national","tag-accord-commercial","tag-etats-unis","tag-investissements","tag-tunisie"],"yoast_head":"<!-- This site is optimized with the Yoast SEO Premium plugin v27.5 (Yoast SEO v27.5) - https:\/\/yoast.com\/product\/yoast-seo-premium-wordpress\/ -->\n<title>\u00c0 Tunis, Washington \u00e9coute les attentes tunisiennes en mati\u00e8re d\u2019investissements - webdo<\/title>\n<meta name=\"description\" content=\"Partenariat Tunisie\u2013\u00c9tats-Unis : Mohamed Ali Nafti plaide pour un accord commercial, plus d\u2019investissements et une coop\u00e9ration renforc\u00e9e sur les dossiers r\u00e9gionaux.\" \/>\n<link rel=\"canonical\" href=\"https:\/\/www.webdo.tn\/fr\/actualite\/national\/a-tunis-washington-ecoute-les-attentes-tunisiennes-en-matiere-dinvestissements\/392090\/\" \/>\n<meta property=\"og:locale\" content=\"fr_FR\" \/>\n<meta property=\"og:type\" content=\"article\" \/>\n<meta property=\"og:title\" content=\"\u00c0 Tunis, Washington \u00e9coute les attentes tunisiennes en mati\u00e8re d\u2019investissements\" \/>\n<meta property=\"og:description\" content=\"Partenariat Tunisie\u2013\u00c9tats-Unis : Mohamed Ali Nafti plaide pour un accord commercial, plus d\u2019investissements et une coop\u00e9ration renforc\u00e9e sur les dossiers r\u00e9gionaux.\" \/>\n<meta property=\"og:url\" content=\"https:\/\/www.webdo.tn\/fr\/actualite\/national\/a-tunis-washington-ecoute-les-attentes-tunisiennes-en-matiere-dinvestissements\/392090\/\" \/>\n<meta property=\"og:site_name\" content=\"webdo\" \/>\n<meta property=\"article:publisher\" content=\"https:\/\/www.facebook.com\/webdotn\" \/>\n<meta property=\"article:published_time\" content=\"2026-01-27T07:56:31+00:00\" \/>\n<meta property=\"article:modified_time\" content=\"2026-01-27T11:24:47+00:00\" \/>\n<meta property=\"og:image\" content=\"https:\/\/www.webdo.tn\/fr\/wp-content\/uploads\/2026\/01\/Nafti.jpg\" \/>\n\t<meta property=\"og:image:width\" content=\"1200\" \/>\n\t<meta property=\"og:image:height\" content=\"605\" \/>\n\t<meta property=\"og:image:type\" content=\"image\/jpeg\" \/>\n<meta name=\"author\" content=\"Mohamed Fethi\" \/>\n<meta name=\"twitter:card\" content=\"summary_large_image\" \/>\n<meta name=\"twitter:creator\" content=\"@webdo_tn\" \/>\n<meta name=\"twitter:site\" content=\"@webdo_tn\" \/>\n<meta name=\"twitter:label1\" content=\"\u00c9crit par\" \/>\n\t<meta name=\"twitter:data1\" content=\"Mohamed Fethi\" \/>\n\t<meta name=\"twitter:label2\" content=\"Dur\u00e9e de lecture estim\u00e9e\" \/>\n\t<meta name=\"twitter:data2\" content=\"3 minutes\" \/>\n<script type=\"application\/ld+json\" class=\"yoast-schema-graph\">{\"@context\":\"https:\\\/\\\/schema.org\",\"@graph\":[{\"@type\":\"NewsArticle\",\"@id\":\"https:\\\/\\\/www.webdo.tn\\\/fr\\\/actualite\\\/national\\\/a-tunis-washington-ecoute-les-attentes-tunisiennes-en-matiere-dinvestissements\\\/392090\\\/#article\",\"isPartOf\":{\"@id\":\"https:\\\/\\\/www.webdo.tn\\\/fr\\\/actualite\\\/national\\\/a-tunis-washington-ecoute-les-attentes-tunisiennes-en-matiere-dinvestissements\\\/392090\\\/\"},\"author\":{\"name\":\"Mohamed Fethi\",\"@id\":\"https:\\\/\\\/www.webdo.tn\\\/fr\\\/#\\\/schema\\\/person\\\/16a4857e77dfc0b610c4c2cadffc9ac4\"},\"headline\":\"\u00c0 Tunis, Washington \u00e9coute les attentes tunisiennes en mati\u00e8re d\u2019investissements\",\"datePublished\":\"2026-01-27T07:56:31+00:00\",\"dateModified\":\"2026-01-27T11:24:47+00:00\",\"mainEntityOfPage\":{\"@id\":\"https:\\\/\\\/www.webdo.tn\\\/fr\\\/actualite\\\/national\\\/a-tunis-washington-ecoute-les-attentes-tunisiennes-en-matiere-dinvestissements\\\/392090\\\/\"},\"wordCount\":599,\"publisher\":{\"@id\":\"https:\\\/\\\/www.webdo.tn\\\/fr\\\/#organization\"},\"image\":{\"@id\":\"https:\\\/\\\/www.webdo.tn\\\/fr\\\/actualite\\\/national\\\/a-tunis-washington-ecoute-les-attentes-tunisiennes-en-matiere-dinvestissements\\\/392090\\\/#primaryimage\"},\"thumbnailUrl\":\"https:\\\/\\\/www.webdo.tn\\\/fr\\\/wp-content\\\/uploads\\\/2026\\\/01\\\/Nafti.jpg\",\"keywords\":[\"accord commercial\",\"Etats-Unis\",\"investissements\",\"Tunisie\"],\"articleSection\":[\"National\"],\"inLanguage\":\"fr-FR\"},{\"@type\":\"WebPage\",\"@id\":\"https:\\\/\\\/www.webdo.tn\\\/fr\\\/actualite\\\/national\\\/a-tunis-washington-ecoute-les-attentes-tunisiennes-en-matiere-dinvestissements\\\/392090\\\/\",\"url\":\"https:\\\/\\\/www.webdo.tn\\\/fr\\\/actualite\\\/national\\\/a-tunis-washington-ecoute-les-attentes-tunisiennes-en-matiere-dinvestissements\\\/392090\\\/\",\"name\":\"\u00c0 Tunis, Washington \u00e9coute les attentes tunisiennes en mati\u00e8re d\u2019investissements - webdo\",\"isPartOf\":{\"@id\":\"https:\\\/\\\/www.webdo.tn\\\/fr\\\/#website\"},\"primaryImageOfPage\":{\"@id\":\"https:\\\/\\\/www.webdo.tn\\\/fr\\\/actualite\\\/national\\\/a-tunis-washington-ecoute-les-attentes-tunisiennes-en-matiere-dinvestissements\\\/392090\\\/#primaryimage\"},\"image\":{\"@id\":\"https:\\\/\\\/www.webdo.tn\\\/fr\\\/actualite\\\/national\\\/a-tunis-washington-ecoute-les-attentes-tunisiennes-en-matiere-dinvestissements\\\/392090\\\/#primaryimage\"},\"thumbnailUrl\":\"https:\\\/\\\/www.webdo.tn\\\/fr\\\/wp-content\\\/uploads\\\/2026\\\/01\\\/Nafti.jpg\",\"datePublished\":\"2026-01-27T07:56:31+00:00\",\"dateModified\":\"2026-01-27T11:24:47+00:00\",\"description\":\"Partenariat Tunisie\u2013\u00c9tats-Unis : Mohamed Ali Nafti plaide pour un accord commercial, plus d\u2019investissements et une coop\u00e9ration renforc\u00e9e sur les dossiers r\u00e9gionaux.\",\"breadcrumb\":{\"@id\":\"https:\\\/\\\/www.webdo.tn\\\/fr\\\/actualite\\\/national\\\/a-tunis-washington-ecoute-les-attentes-tunisiennes-en-matiere-dinvestissements\\\/392090\\\/#breadcrumb\"},\"inLanguage\":\"fr-FR\",\"potentialAction\":[{\"@type\":\"ReadAction\",\"target\":[\"https:\\\/\\\/www.webdo.tn\\\/fr\\\/actualite\\\/national\\\/a-tunis-washington-ecoute-les-attentes-tunisiennes-en-matiere-dinvestissements\\\/392090\\\/\"]}]},{\"@type\":\"ImageObject\",\"inLanguage\":\"fr-FR\",\"@id\":\"https:\\\/\\\/www.webdo.tn\\\/fr\\\/actualite\\\/national\\\/a-tunis-washington-ecoute-les-attentes-tunisiennes-en-matiere-dinvestissements\\\/392090\\\/#primaryimage\",\"url\":\"https:\\\/\\\/www.webdo.tn\\\/fr\\\/wp-content\\\/uploads\\\/2026\\\/01\\\/Nafti.jpg\",\"contentUrl\":\"https:\\\/\\\/www.webdo.tn\\\/fr\\\/wp-content\\\/uploads\\\/2026\\\/01\\\/Nafti.jpg\",\"width\":1200,\"height\":605,\"caption\":\"Tunisie\u2013\u00c9tats-Unis : Tunis mise sur un accord commercial et plus d\u2019investissements US\"},{\"@type\":\"BreadcrumbList\",\"@id\":\"https:\\\/\\\/www.webdo.tn\\\/fr\\\/actualite\\\/national\\\/a-tunis-washington-ecoute-les-attentes-tunisiennes-en-matiere-dinvestissements\\\/392090\\\/#breadcrumb\",\"itemListElement\":[{\"@type\":\"ListItem\",\"position\":1,\"name\":\"Accueil\",\"item\":\"https:\\\/\\\/www.webdo.tn\\\/fr\\\/\"},{\"@type\":\"ListItem\",\"position\":2,\"name\":\"\u00c0 Tunis, Washington \u00e9coute les attentes tunisiennes en mati\u00e8re d\u2019investissements\"}]},{\"@type\":\"WebSite\",\"@id\":\"https:\\\/\\\/www.webdo.tn\\\/fr\\\/#website\",\"url\":\"https:\\\/\\\/www.webdo.tn\\\/fr\\\/\",\"name\":\"webdo\",\"description\":\"Tunisie - News en Tunisie et \u00e0 l&#039;international sur Webdo.tn\",\"publisher\":{\"@id\":\"https:\\\/\\\/www.webdo.tn\\\/fr\\\/#organization\"},\"potentialAction\":[{\"@type\":\"SearchAction\",\"target\":{\"@type\":\"EntryPoint\",\"urlTemplate\":\"https:\\\/\\\/www.webdo.tn\\\/fr\\\/?s={search_term_string}\"},\"query-input\":{\"@type\":\"PropertyValueSpecification\",\"valueRequired\":true,\"valueName\":\"search_term_string\"}}],\"inLanguage\":\"fr-FR\"},{\"@type\":\"Organization\",\"@id\":\"https:\\\/\\\/www.webdo.tn\\\/fr\\\/#organization\",\"name\":\"Webdo\",\"alternateName\":\"Webdo.tn\",\"url\":\"https:\\\/\\\/www.webdo.tn\\\/fr\\\/\",\"logo\":{\"@type\":\"ImageObject\",\"inLanguage\":\"fr-FR\",\"@id\":\"https:\\\/\\\/www.webdo.tn\\\/fr\\\/#\\\/schema\\\/logo\\\/image\\\/\",\"url\":\"https:\\\/\\\/www.webdo.tn\\\/fr\\\/wp-content\\\/uploads\\\/2025\\\/06\\\/Webdo-Tunisie_168377.jpg\",\"contentUrl\":\"https:\\\/\\\/www.webdo.tn\\\/fr\\\/wp-content\\\/uploads\\\/2025\\\/06\\\/Webdo-Tunisie_168377.jpg\",\"width\":301,\"height\":301,\"caption\":\"Webdo\"},\"image\":{\"@id\":\"https:\\\/\\\/www.webdo.tn\\\/fr\\\/#\\\/schema\\\/logo\\\/image\\\/\"},\"sameAs\":[\"https:\\\/\\\/www.facebook.com\\\/webdotn\",\"https:\\\/\\\/x.com\\\/webdo_tn\"],\"description\":\"Webdo est un m\u00e9dia num\u00e9rique tunisien fond\u00e9 en 2010, sp\u00e9cialis\u00e9 dans l\u2019actualit\u00e9 nationale et internationale, l\u2019\u00e9conomie, la soci\u00e9t\u00e9 et les analyses politiques. Le site s\u2019adresse \u00e0 un large public francophone et couvre l\u2019information tunisienne en temps r\u00e9el.\",\"email\":\"redac@webdo.tn\",\"legalName\":\"YNJ SARL\",\"foundingDate\":\"2010-09-06\",\"numberOfEmployees\":{\"@type\":\"QuantitativeValue\",\"minValue\":\"11\",\"maxValue\":\"50\"}},{\"@type\":\"Person\",\"@id\":\"https:\\\/\\\/www.webdo.tn\\\/fr\\\/#\\\/schema\\\/person\\\/16a4857e77dfc0b610c4c2cadffc9ac4\",\"name\":\"Mohamed Fethi\",\"image\":{\"@type\":\"ImageObject\",\"inLanguage\":\"fr-FR\",\"@id\":\"https:\\\/\\\/www.webdo.tn\\\/fr\\\/wp-content\\\/uploads\\\/2026\\\/04\\\/mohamed-fethi_avatar_1-96x96.jpg\",\"url\":\"https:\\\/\\\/www.webdo.tn\\\/fr\\\/wp-content\\\/uploads\\\/2026\\\/04\\\/mohamed-fethi_avatar_1-96x96.jpg\",\"contentUrl\":\"https:\\\/\\\/www.webdo.tn\\\/fr\\\/wp-content\\\/uploads\\\/2026\\\/04\\\/mohamed-fethi_avatar_1-96x96.jpg\",\"caption\":\"Mohamed Fethi\"},\"description\":\"Signature \u00e9ditoriale de Maher Chaabane Mohamed Fethi est le pseudonyme \u00e9ditorial de Maher Chaabane, r\u00e9dacteur en chef de Webdo.tn depuis 2012. Cette signature est d\u00e9di\u00e9e au traitement intensif de l'actualit\u00e9 nationale et internationale en temps r\u00e9el. S'appuyant sur les deux d\u00e9cennies d'expertise journalistique de Maher Chaabane \u2014 d\u00e9but\u00e9e au sein du groupe Tunis Hebdo en 2000 \u2014 Mohamed Fethi assure une veille rigoureuse sur les enjeux politiques, \u00e9conomiques et sportifs. Sa mission est de garantir une information structur\u00e9e, fluide et fid\u00e8le aux standards de la r\u00e9daction. Pour consulter le parcours complet du r\u00e9dacteur en chef, visitez le profil officiel de Maher Chaabane.\",\"knowsAbout\":[\"actualit\u00e9\",\"journalisme\",\"information\",\"politique\",\"sport\",\"m\u00e9dias\",\"actualit\u00e9 internationale\"],\"knowsLanguage\":[\"Fran\u00e7ais\",\"Arabe\"],\"jobTitle\":\"Journaliste \u2013 R\u00e9daction Webdo\",\"worksFor\":\"Webdo.tn\",\"url\":\"https:\\\/\\\/www.webdo.tn\\\/fr\\\/actualite\\\/author\\\/mohamed-fethi\\\/\"}]}<\/script>\n<!-- \/ Yoast SEO Premium plugin. -->","yoast_head_json":{"title":"\u00c0 Tunis, Washington \u00e9coute les attentes tunisiennes en mati\u00e8re d\u2019investissements - webdo","description":"Partenariat Tunisie\u2013\u00c9tats-Unis : Mohamed Ali Nafti plaide pour un accord commercial, plus d\u2019investissements et une coop\u00e9ration renforc\u00e9e sur les dossiers r\u00e9gionaux.","canonical":"https:\/\/www.webdo.tn\/fr\/actualite\/national\/a-tunis-washington-ecoute-les-attentes-tunisiennes-en-matiere-dinvestissements\/392090\/","og_locale":"fr_FR","og_type":"article","og_title":"\u00c0 Tunis, Washington \u00e9coute les attentes tunisiennes en mati\u00e8re d\u2019investissements","og_description":"Partenariat Tunisie\u2013\u00c9tats-Unis : Mohamed Ali Nafti plaide pour un accord commercial, plus d\u2019investissements et une coop\u00e9ration renforc\u00e9e sur les dossiers r\u00e9gionaux.","og_url":"https:\/\/www.webdo.tn\/fr\/actualite\/national\/a-tunis-washington-ecoute-les-attentes-tunisiennes-en-matiere-dinvestissements\/392090\/","og_site_name":"webdo","article_publisher":"https:\/\/www.facebook.com\/webdotn","article_published_time":"2026-01-27T07:56:31+00:00","article_modified_time":"2026-01-27T11:24:47+00:00","og_image":[{"width":1200,"height":605,"url":"https:\/\/www.webdo.tn\/fr\/wp-content\/uploads\/2026\/01\/Nafti.jpg","type":"image\/jpeg"}],"author":"Mohamed Fethi","twitter_card":"summary_large_image","twitter_creator":"@webdo_tn","twitter_site":"@webdo_tn","twitter_misc":{"\u00c9crit par":"Mohamed Fethi","Dur\u00e9e de lecture estim\u00e9e":"3 minutes"},"schema":{"@context":"https:\/\/schema.org","@graph":[{"@type":"NewsArticle","@id":"https:\/\/www.webdo.tn\/fr\/actualite\/national\/a-tunis-washington-ecoute-les-attentes-tunisiennes-en-matiere-dinvestissements\/392090\/#article","isPartOf":{"@id":"https:\/\/www.webdo.tn\/fr\/actualite\/national\/a-tunis-washington-ecoute-les-attentes-tunisiennes-en-matiere-dinvestissements\/392090\/"},"author":{"name":"Mohamed Fethi","@id":"https:\/\/www.webdo.tn\/fr\/#\/schema\/person\/16a4857e77dfc0b610c4c2cadffc9ac4"},"headline":"\u00c0 Tunis, Washington \u00e9coute les attentes tunisiennes en mati\u00e8re d\u2019investissements","datePublished":"2026-01-27T07:56:31+00:00","dateModified":"2026-01-27T11:24:47+00:00","mainEntityOfPage":{"@id":"https:\/\/www.webdo.tn\/fr\/actualite\/national\/a-tunis-washington-ecoute-les-attentes-tunisiennes-en-matiere-dinvestissements\/392090\/"},"wordCount":599,"publisher":{"@id":"https:\/\/www.webdo.tn\/fr\/#organization"},"image":{"@id":"https:\/\/www.webdo.tn\/fr\/actualite\/national\/a-tunis-washington-ecoute-les-attentes-tunisiennes-en-matiere-dinvestissements\/392090\/#primaryimage"},"thumbnailUrl":"https:\/\/www.webdo.tn\/fr\/wp-content\/uploads\/2026\/01\/Nafti.jpg","keywords":["accord commercial","Etats-Unis","investissements","Tunisie"],"articleSection":["National"],"inLanguage":"fr-FR"},{"@type":"WebPage","@id":"https:\/\/www.webdo.tn\/fr\/actualite\/national\/a-tunis-washington-ecoute-les-attentes-tunisiennes-en-matiere-dinvestissements\/392090\/","url":"https:\/\/www.webdo.tn\/fr\/actualite\/national\/a-tunis-washington-ecoute-les-attentes-tunisiennes-en-matiere-dinvestissements\/392090\/","name":"\u00c0 Tunis, Washington \u00e9coute les attentes tunisiennes en mati\u00e8re d\u2019investissements - webdo","isPartOf":{"@id":"https:\/\/www.webdo.tn\/fr\/#website"},"primaryImageOfPage":{"@id":"https:\/\/www.webdo.tn\/fr\/actualite\/national\/a-tunis-washington-ecoute-les-attentes-tunisiennes-en-matiere-dinvestissements\/392090\/#primaryimage"},"image":{"@id":"https:\/\/www.webdo.tn\/fr\/actualite\/national\/a-tunis-washington-ecoute-les-attentes-tunisiennes-en-matiere-dinvestissements\/392090\/#primaryimage"},"thumbnailUrl":"https:\/\/www.webdo.tn\/fr\/wp-content\/uploads\/2026\/01\/Nafti.jpg","datePublished":"2026-01-27T07:56:31+00:00","dateModified":"2026-01-27T11:24:47+00:00","description":"Partenariat Tunisie\u2013\u00c9tats-Unis : Mohamed Ali Nafti plaide pour un accord commercial, plus d\u2019investissements et une coop\u00e9ration renforc\u00e9e sur les dossiers r\u00e9gionaux.","breadcrumb":{"@id":"https:\/\/www.webdo.tn\/fr\/actualite\/national\/a-tunis-washington-ecoute-les-attentes-tunisiennes-en-matiere-dinvestissements\/392090\/#breadcrumb"},"inLanguage":"fr-FR","potentialAction":[{"@type":"ReadAction","target":["https:\/\/www.webdo.tn\/fr\/actualite\/national\/a-tunis-washington-ecoute-les-attentes-tunisiennes-en-matiere-dinvestissements\/392090\/"]}]},{"@type":"ImageObject","inLanguage":"fr-FR","@id":"https:\/\/www.webdo.tn\/fr\/actualite\/national\/a-tunis-washington-ecoute-les-attentes-tunisiennes-en-matiere-dinvestissements\/392090\/#primaryimage","url":"https:\/\/www.webdo.tn\/fr\/wp-content\/uploads\/2026\/01\/Nafti.jpg","contentUrl":"https:\/\/www.webdo.tn\/fr\/wp-content\/uploads\/2026\/01\/Nafti.jpg","width":1200,"height":605,"caption":"Tunisie\u2013\u00c9tats-Unis : Tunis mise sur un accord commercial et plus d\u2019investissements US"},{"@type":"BreadcrumbList","@id":"https:\/\/www.webdo.tn\/fr\/actualite\/national\/a-tunis-washington-ecoute-les-attentes-tunisiennes-en-matiere-dinvestissements\/392090\/#breadcrumb","itemListElement":[{"@type":"ListItem","position":1,"name":"Accueil","item":"https:\/\/www.webdo.tn\/fr\/"},{"@type":"ListItem","position":2,"name":"\u00c0 Tunis, Washington \u00e9coute les attentes tunisiennes en mati\u00e8re d\u2019investissements"}]},{"@type":"WebSite","@id":"https:\/\/www.webdo.tn\/fr\/#website","url":"https:\/\/www.webdo.tn\/fr\/","name":"webdo","description":"Tunisie - News en Tunisie et \u00e0 l&#039;international sur Webdo.tn","publisher":{"@id":"https:\/\/www.webdo.tn\/fr\/#organization"},"potentialAction":[{"@type":"SearchAction","target":{"@type":"EntryPoint","urlTemplate":"https:\/\/www.webdo.tn\/fr\/?s={search_term_string}"},"query-input":{"@type":"PropertyValueSpecification","valueRequired":true,"valueName":"search_term_string"}}],"inLanguage":"fr-FR"},{"@type":"Organization","@id":"https:\/\/www.webdo.tn\/fr\/#organization","name":"Webdo","alternateName":"Webdo.tn","url":"https:\/\/www.webdo.tn\/fr\/","logo":{"@type":"ImageObject","inLanguage":"fr-FR","@id":"https:\/\/www.webdo.tn\/fr\/#\/schema\/logo\/image\/","url":"https:\/\/www.webdo.tn\/fr\/wp-content\/uploads\/2025\/06\/Webdo-Tunisie_168377.jpg","contentUrl":"https:\/\/www.webdo.tn\/fr\/wp-content\/uploads\/2025\/06\/Webdo-Tunisie_168377.jpg","width":301,"height":301,"caption":"Webdo"},"image":{"@id":"https:\/\/www.webdo.tn\/fr\/#\/schema\/logo\/image\/"},"sameAs":["https:\/\/www.facebook.com\/webdotn","https:\/\/x.com\/webdo_tn"],"description":"Webdo est un m\u00e9dia num\u00e9rique tunisien fond\u00e9 en 2010, sp\u00e9cialis\u00e9 dans l\u2019actualit\u00e9 nationale et internationale, l\u2019\u00e9conomie, la soci\u00e9t\u00e9 et les analyses politiques. Le site s\u2019adresse \u00e0 un large public francophone et couvre l\u2019information tunisienne en temps r\u00e9el.","email":"redac@webdo.tn","legalName":"YNJ SARL","foundingDate":"2010-09-06","numberOfEmployees":{"@type":"QuantitativeValue","minValue":"11","maxValue":"50"}},{"@type":"Person","@id":"https:\/\/www.webdo.tn\/fr\/#\/schema\/person\/16a4857e77dfc0b610c4c2cadffc9ac4","name":"Mohamed Fethi","image":{"@type":"ImageObject","inLanguage":"fr-FR","@id":"https:\/\/www.webdo.tn\/fr\/wp-content\/uploads\/2026\/04\/mohamed-fethi_avatar_1-96x96.jpg","url":"https:\/\/www.webdo.tn\/fr\/wp-content\/uploads\/2026\/04\/mohamed-fethi_avatar_1-96x96.jpg","contentUrl":"https:\/\/www.webdo.tn\/fr\/wp-content\/uploads\/2026\/04\/mohamed-fethi_avatar_1-96x96.jpg","caption":"Mohamed Fethi"},"description":"Signature \u00e9ditoriale de Maher Chaabane Mohamed Fethi est le pseudonyme \u00e9ditorial de Maher Chaabane, r\u00e9dacteur en chef de Webdo.tn depuis 2012. Cette signature est d\u00e9di\u00e9e au traitement intensif de l'actualit\u00e9 nationale et internationale en temps r\u00e9el. S'appuyant sur les deux d\u00e9cennies d'expertise journalistique de Maher Chaabane \u2014 d\u00e9but\u00e9e au sein du groupe Tunis Hebdo en 2000 \u2014 Mohamed Fethi assure une veille rigoureuse sur les enjeux politiques, \u00e9conomiques et sportifs. Sa mission est de garantir une information structur\u00e9e, fluide et fid\u00e8le aux standards de la r\u00e9daction. Pour consulter le parcours complet du r\u00e9dacteur en chef, visitez le profil officiel de Maher Chaabane.","knowsAbout":["actualit\u00e9","journalisme","information","politique","sport","m\u00e9dias","actualit\u00e9 internationale"],"knowsLanguage":["Fran\u00e7ais","Arabe"],"jobTitle":"Journaliste \u2013 R\u00e9daction Webdo","worksFor":"Webdo.tn","url":"https:\/\/www.webdo.tn\/fr\/actualite\/author\/mohamed-fethi\/"}]}},"_links":{"self":[{"href":"https:\/\/www.webdo.tn\/fr\/wp-json\/wp\/v2\/posts\/392090","targetHints":{"allow":["GET"]}}],"collection":[{"href":"https:\/\/www.webdo.tn\/fr\/wp-json\/wp\/v2\/posts"}],"about":[{"href":"https:\/\/www.webdo.tn\/fr\/wp-json\/wp\/v2\/types\/post"}],"author":[{"embeddable":true,"href":"https:\/\/www.webdo.tn\/fr\/wp-json\/wp\/v2\/users\/4782"}],"replies":[{"embeddable":true,"href":"https:\/\/www.webdo.tn\/fr\/wp-json\/wp\/v2\/comments?post=392090"}],"version-history":[{"count":0,"href":"https:\/\/www.webdo.tn\/fr\/wp-json\/wp\/v2\/posts\/392090\/revisions"}],"wp:featuredmedia":[{"embeddable":true,"href":"https:\/\/www.webdo.tn\/fr\/wp-json\/wp\/v2\/media\/392091"}],"wp:attachment":[{"href":"https:\/\/www.webdo.tn\/fr\/wp-json\/wp\/v2\/media?parent=392090"}],"wp:term":[{"taxonomy":"category","embeddable":true,"href":"https:\/\/www.webdo.tn\/fr\/wp-json\/wp\/v2\/categories?post=392090"},{"taxonomy":"post_tag","embeddable":true,"href":"https:\/\/www.webdo.tn\/fr\/wp-json\/wp\/v2\/tags?post=392090"}],"curies":[{"name":"wp","href":"https:\/\/api.w.org\/{rel}","templated":true}]}}