{"id":392077,"date":"2026-01-26T15:13:04","date_gmt":"2026-01-26T14:13:04","guid":{"rendered":"https:\/\/www.webdo.tn\/fr\/?p=392077"},"modified":"2026-01-26T15:13:06","modified_gmt":"2026-01-26T14:13:06","slug":"facturation-electronique-lordre-des-medecins-demande-un-moratoire","status":"publish","type":"post","link":"https:\/\/www.webdo.tn\/fr\/actualite\/national\/facturation-electronique-lordre-des-medecins-demande-un-moratoire\/392077\/","title":{"rendered":"Facturation \u00e9lectronique : L\u2019Ordre des m\u00e9decins demande un moratoire"},"content":{"rendered":"\n<p><strong>Le Conseil national de l\u2019Ordre des m\u00e9decins a mis en garde, lundi, contre les risques li\u00e9s \u00e0 la g\u00e9n\u00e9ralisation de la facturation \u00e9lectronique dans le secteur de la sant\u00e9. Dans un communiqu\u00e9, l\u2019instance affirme avoir d\u00e9j\u00e0 saisi les autorit\u00e9s concern\u00e9es et appelle \u00e0 la suspension imm\u00e9diate de la mise en \u0153uvre de ces mesures, jug\u00e9es pr\u00e9cipit\u00e9es et potentiellement dangereuses pour le syst\u00e8me de sant\u00e9.<\/strong><\/p>\n\n\n\n<h2 class=\"wp-block-heading\" id=\"h-inquietudes-sur-la-confidentialite-des-donnees-medicales\">Inqui\u00e9tudes sur la confidentialit\u00e9 des donn\u00e9es m\u00e9dicales<\/h2>\n\n\n\n<p>Selon l\u2019Ordre, les principales pr\u00e9occupations portent sur la protection des donn\u00e9es personnelles et la confidentialit\u00e9 des informations m\u00e9dicales des patients. L\u2019instance souligne \u00e9galement le caract\u00e8re soudain de l\u2019application de ces nouvelles proc\u00e9dures, sans pr\u00e9paration suffisante du secteur ni garanties techniques claires.<\/p>\n\n\n\n<p>Tout en r\u00e9affirmant son adh\u00e9sion au principe de modernisation et de transparence fiscale, le Conseil estime que la m\u00e9thode actuelle est inadapt\u00e9e. Il r\u00e9clame l\u2019ouverture urgente d\u2019un dialogue institutionnel associant toutes les parties concern\u00e9es, afin de pr\u00e9server \u00e0 la fois les int\u00e9r\u00eats des patients, ceux des m\u00e9decins et la stabilit\u00e9 du syst\u00e8me de sant\u00e9.<\/p>\n\n\n\n<h2 class=\"wp-block-heading\" id=\"h-une-reforme-jugee-repressive-et-contre-productive\">Une r\u00e9forme jug\u00e9e r\u00e9pressive et contre-productive<\/h2>\n\n\n\n<p>L\u2019Ordre met en garde contre des mesures qu\u2019il qualifie de complexes et r\u00e9pressives, impos\u00e9es sans concertation pr\u00e9alable ni d\u00e9lais r\u00e9alistes. Une telle approche risque, selon lui, de d\u00e9courager les jeunes m\u00e9decins et m\u00eame de pousser certains praticiens en exercice \u00e0 cesser leur activit\u00e9, ce qui constituerait une menace directe pour l\u2019avenir de la profession.<\/p>\n\n\n\n<p>Au-del\u00e0 de la profession m\u00e9dicale, le Conseil alerte sur les cons\u00e9quences potentielles pour les citoyens, estimant que ces d\u00e9cisions pourraient affecter n\u00e9gativement le droit d\u2019acc\u00e8s aux soins de sant\u00e9 et fragiliser davantage un secteur d\u00e9j\u00e0 sous pression.<\/p>\n\n\n\n<p>Le Conseil national de l\u2019Ordre des m\u00e9decins a enfin r\u00e9affirm\u00e9 sa disponibilit\u00e9 totale \u00e0 engager un dialogue s\u00e9rieux et constructif avec les autorit\u00e9s comp\u00e9tentes, dans l\u2019objectif de trouver des solutions concr\u00e8tes et \u00e9quilibr\u00e9es conciliant r\u00e9forme, s\u00e9curit\u00e9 des donn\u00e9es et continuit\u00e9 du service de sant\u00e9.<\/p>\n\n\n\n<p><\/p>\n\n\n<div class=\"wp-block-image\">\n<figure class=\"aligncenter size-full\"><img decoding=\"async\" width=\"617\" height=\"511\" src=\"https:\/\/www.webdo.tn\/fr\/wp-content\/uploads\/2026\/01\/Ordre-des-medecins-26-01-2026.jpg\" alt=\"\" class=\"wp-image-392078\" srcset=\"https:\/\/www.webdo.tn\/fr\/wp-content\/uploads\/2026\/01\/Ordre-des-medecins-26-01-2026.jpg 617w, https:\/\/www.webdo.tn\/fr\/wp-content\/uploads\/2026\/01\/Ordre-des-medecins-26-01-2026-300x248.jpg 300w\" sizes=\"(max-width: 617px) 100vw, 617px\" \/><\/figure>\n<\/div>\n\n\n<p><\/p>\n\n\n\n<blockquote class=\"wp-block-quote is-layout-flow wp-block-quote-is-layout-flow\">\n<blockquote class=\"wp-block-quote is-layout-flow wp-block-quote-is-layout-flow\">\n<p><strong>Lire aussi :<\/strong><\/p>\n\n\n\n<ul class=\"wp-block-list\">\n<li><a href=\"https:\/\/www.webdo.tn\/fr\/actualite\/national\/facturation-electronique-pourquoi-la-tunisie-accelere-quand-le-monde-freine\/391392\/\">Facturation \u00e9lectronique : Pourquoi la Tunisie acc\u00e9l\u00e8re quand le monde freine<\/a><\/li>\n\n\n\n<li><a href=\"https:\/\/www.webdo.tn\/fr\/actualite\/national\/facturation-electronique-le-gouvernement-opte-pour-une-mise-en-oeuvre-progressive\/391269\/\">Facturation \u00e9lectronique : Le gouvernement opte pour une mise en \u0153uvre progressive<\/a><\/li>\n\n\n\n<li><a href=\"https:\/\/www.webdo.tn\/fr\/actualite\/national\/facturation-electronique-kais-saied-appelle-a-une-application-plus-souple\/391222\/\">Facturation \u00e9lectronique : Ka\u00efs Sa\u00efed appelle \u00e0 une application plus souple<\/a><\/li>\n\n\n\n<li><a href=\"https:\/\/www.webdo.tn\/fr\/actualite\/national\/tunisie-la-facturation-electronique-elargie-aux-prestataires-de-services-des-2026\/388314\/\">Tunisie : La facturation \u00e9lectronique \u00e9largie aux prestataires de services d\u00e8s 2026<\/a><\/li>\n\n\n\n<li><a href=\"https:\/\/www.webdo.tn\/fr\/actualite\/national\/facturation-electronique-en-tunisie-la-dgi-lance-un-ultimatum-aux-entreprises-avant-sanctions\/222323\/\">Facturation \u00e9lectronique en Tunisie : La DGI lance un ultimatum aux entreprises avant sanctions<\/a><\/li>\n<\/ul>\n<\/blockquote>\n<\/blockquote>\n","protected":false},"excerpt":{"rendered":"<p>Le Conseil national de l\u2019Ordre des m\u00e9decins a mis en garde, lundi, contre les risques li\u00e9s \u00e0 la g\u00e9n\u00e9ralisation de la facturation \u00e9lectronique dans le secteur de la sant\u00e9. Dans un communiqu\u00e9, l\u2019instance affirme avoir d\u00e9j\u00e0 saisi les autorit\u00e9s concern\u00e9es et appelle \u00e0 la suspension imm\u00e9diate de la mise en \u0153uvre de ces mesures, jug\u00e9es [&hellip;]<\/p>\n","protected":false},"author":4782,"featured_media":389198,"comment_status":"closed","ping_status":"closed","sticky":false,"template":"","format":"standard","meta":{"footnotes":""},"categories":[44],"tags":[11658,5326,2608],"class_list":["post-392077","post","type-post","status-publish","format-standard","has-post-thumbnail","hentry","category-national","tag-facturation-electronique","tag-ordre-des-medecins","tag-tunisie"],"yoast_head":"<!-- This site is optimized with the Yoast SEO Premium plugin v27.4 (Yoast SEO v27.4) - https:\/\/yoast.com\/product\/yoast-seo-premium-wordpress\/ -->\n<title>Facturation \u00e9lectronique : L\u2019Ordre des m\u00e9decins demande un moratoire - webdo<\/title>\n<meta name=\"description\" content=\"D\u00e9couvrez pourquoi l\u2019Ordre des m\u00e9decins demande un moratoire sur la facturation \u00e9lectronique dans le secteur de la sant\u00e9.\" \/>\n<link rel=\"canonical\" href=\"https:\/\/www.webdo.tn\/fr\/actualite\/national\/facturation-electronique-lordre-des-medecins-demande-un-moratoire\/392077\/\" \/>\n<meta property=\"og:locale\" content=\"fr_FR\" \/>\n<meta property=\"og:type\" content=\"article\" \/>\n<meta property=\"og:title\" content=\"Facturation \u00e9lectronique : L\u2019Ordre des m\u00e9decins demande un moratoire\" \/>\n<meta property=\"og:description\" content=\"D\u00e9couvrez pourquoi l\u2019Ordre des m\u00e9decins demande un moratoire sur la facturation \u00e9lectronique dans le secteur de la sant\u00e9.\" \/>\n<meta property=\"og:url\" content=\"https:\/\/www.webdo.tn\/fr\/actualite\/national\/facturation-electronique-lordre-des-medecins-demande-un-moratoire\/392077\/\" \/>\n<meta property=\"og:site_name\" content=\"webdo\" \/>\n<meta property=\"article:publisher\" content=\"https:\/\/www.facebook.com\/webdotn\" \/>\n<meta property=\"article:published_time\" content=\"2026-01-26T14:13:04+00:00\" \/>\n<meta property=\"article:modified_time\" content=\"2026-01-26T14:13:06+00:00\" \/>\n<meta property=\"og:image\" content=\"https:\/\/www.webdo.tn\/fr\/wp-content\/uploads\/2025\/12\/ordre-medecin-200125.jpg\" \/>\n\t<meta property=\"og:image:width\" content=\"1200\" \/>\n\t<meta property=\"og:image:height\" content=\"600\" \/>\n\t<meta property=\"og:image:type\" content=\"image\/jpeg\" \/>\n<meta name=\"author\" content=\"Mohamed Fethi\" \/>\n<meta name=\"twitter:card\" content=\"summary_large_image\" \/>\n<meta name=\"twitter:creator\" content=\"@webdo_tn\" \/>\n<meta name=\"twitter:site\" content=\"@webdo_tn\" \/>\n<meta name=\"twitter:label1\" content=\"\u00c9crit par\" \/>\n\t<meta name=\"twitter:data1\" content=\"Mohamed Fethi\" \/>\n\t<meta name=\"twitter:label2\" content=\"Dur\u00e9e de lecture estim\u00e9e\" \/>\n\t<meta name=\"twitter:data2\" content=\"2 minutes\" \/>\n<script type=\"application\/ld+json\" class=\"yoast-schema-graph\">{\"@context\":\"https:\\\/\\\/schema.org\",\"@graph\":[{\"@type\":\"NewsArticle\",\"@id\":\"https:\\\/\\\/www.webdo.tn\\\/fr\\\/actualite\\\/national\\\/facturation-electronique-lordre-des-medecins-demande-un-moratoire\\\/392077\\\/#article\",\"isPartOf\":{\"@id\":\"https:\\\/\\\/www.webdo.tn\\\/fr\\\/actualite\\\/national\\\/facturation-electronique-lordre-des-medecins-demande-un-moratoire\\\/392077\\\/\"},\"author\":{\"name\":\"Mohamed Fethi\",\"@id\":\"https:\\\/\\\/www.webdo.tn\\\/fr\\\/#\\\/schema\\\/person\\\/16a4857e77dfc0b610c4c2cadffc9ac4\"},\"headline\":\"Facturation \u00e9lectronique : L\u2019Ordre des m\u00e9decins demande un moratoire\",\"datePublished\":\"2026-01-26T14:13:04+00:00\",\"dateModified\":\"2026-01-26T14:13:06+00:00\",\"mainEntityOfPage\":{\"@id\":\"https:\\\/\\\/www.webdo.tn\\\/fr\\\/actualite\\\/national\\\/facturation-electronique-lordre-des-medecins-demande-un-moratoire\\\/392077\\\/\"},\"wordCount\":444,\"publisher\":{\"@id\":\"https:\\\/\\\/www.webdo.tn\\\/fr\\\/#organization\"},\"image\":{\"@id\":\"https:\\\/\\\/www.webdo.tn\\\/fr\\\/actualite\\\/national\\\/facturation-electronique-lordre-des-medecins-demande-un-moratoire\\\/392077\\\/#primaryimage\"},\"thumbnailUrl\":\"https:\\\/\\\/www.webdo.tn\\\/fr\\\/wp-content\\\/uploads\\\/2025\\\/12\\\/ordre-medecin-200125.jpg\",\"keywords\":[\"Facturation \u00e9lectronique\",\"ordre des m\u00e9decins\",\"Tunisie\"],\"articleSection\":[\"National\"],\"inLanguage\":\"fr-FR\"},{\"@type\":\"WebPage\",\"@id\":\"https:\\\/\\\/www.webdo.tn\\\/fr\\\/actualite\\\/national\\\/facturation-electronique-lordre-des-medecins-demande-un-moratoire\\\/392077\\\/\",\"url\":\"https:\\\/\\\/www.webdo.tn\\\/fr\\\/actualite\\\/national\\\/facturation-electronique-lordre-des-medecins-demande-un-moratoire\\\/392077\\\/\",\"name\":\"Facturation \u00e9lectronique : L\u2019Ordre des m\u00e9decins demande un moratoire - webdo\",\"isPartOf\":{\"@id\":\"https:\\\/\\\/www.webdo.tn\\\/fr\\\/#website\"},\"primaryImageOfPage\":{\"@id\":\"https:\\\/\\\/www.webdo.tn\\\/fr\\\/actualite\\\/national\\\/facturation-electronique-lordre-des-medecins-demande-un-moratoire\\\/392077\\\/#primaryimage\"},\"image\":{\"@id\":\"https:\\\/\\\/www.webdo.tn\\\/fr\\\/actualite\\\/national\\\/facturation-electronique-lordre-des-medecins-demande-un-moratoire\\\/392077\\\/#primaryimage\"},\"thumbnailUrl\":\"https:\\\/\\\/www.webdo.tn\\\/fr\\\/wp-content\\\/uploads\\\/2025\\\/12\\\/ordre-medecin-200125.jpg\",\"datePublished\":\"2026-01-26T14:13:04+00:00\",\"dateModified\":\"2026-01-26T14:13:06+00:00\",\"description\":\"D\u00e9couvrez pourquoi l\u2019Ordre des m\u00e9decins demande un moratoire sur la facturation \u00e9lectronique dans le secteur de la sant\u00e9.\",\"breadcrumb\":{\"@id\":\"https:\\\/\\\/www.webdo.tn\\\/fr\\\/actualite\\\/national\\\/facturation-electronique-lordre-des-medecins-demande-un-moratoire\\\/392077\\\/#breadcrumb\"},\"inLanguage\":\"fr-FR\",\"potentialAction\":[{\"@type\":\"ReadAction\",\"target\":[\"https:\\\/\\\/www.webdo.tn\\\/fr\\\/actualite\\\/national\\\/facturation-electronique-lordre-des-medecins-demande-un-moratoire\\\/392077\\\/\"]}]},{\"@type\":\"ImageObject\",\"inLanguage\":\"fr-FR\",\"@id\":\"https:\\\/\\\/www.webdo.tn\\\/fr\\\/actualite\\\/national\\\/facturation-electronique-lordre-des-medecins-demande-un-moratoire\\\/392077\\\/#primaryimage\",\"url\":\"https:\\\/\\\/www.webdo.tn\\\/fr\\\/wp-content\\\/uploads\\\/2025\\\/12\\\/ordre-medecin-200125.jpg\",\"contentUrl\":\"https:\\\/\\\/www.webdo.tn\\\/fr\\\/wp-content\\\/uploads\\\/2025\\\/12\\\/ordre-medecin-200125.jpg\",\"width\":1200,\"height\":600,\"caption\":\"Facturation \u00e9lectronique : L\u2019Ordre des m\u00e9decins demande un moratoire\"},{\"@type\":\"BreadcrumbList\",\"@id\":\"https:\\\/\\\/www.webdo.tn\\\/fr\\\/actualite\\\/national\\\/facturation-electronique-lordre-des-medecins-demande-un-moratoire\\\/392077\\\/#breadcrumb\",\"itemListElement\":[{\"@type\":\"ListItem\",\"position\":1,\"name\":\"Accueil\",\"item\":\"https:\\\/\\\/www.webdo.tn\\\/fr\\\/\"},{\"@type\":\"ListItem\",\"position\":2,\"name\":\"Facturation \u00e9lectronique : L\u2019Ordre des m\u00e9decins demande un moratoire\"}]},{\"@type\":\"WebSite\",\"@id\":\"https:\\\/\\\/www.webdo.tn\\\/fr\\\/#website\",\"url\":\"https:\\\/\\\/www.webdo.tn\\\/fr\\\/\",\"name\":\"webdo\",\"description\":\"Tunisie - News en Tunisie et \u00e0 l&#039;international sur Webdo.tn\",\"publisher\":{\"@id\":\"https:\\\/\\\/www.webdo.tn\\\/fr\\\/#organization\"},\"potentialAction\":[{\"@type\":\"SearchAction\",\"target\":{\"@type\":\"EntryPoint\",\"urlTemplate\":\"https:\\\/\\\/www.webdo.tn\\\/fr\\\/?s={search_term_string}\"},\"query-input\":{\"@type\":\"PropertyValueSpecification\",\"valueRequired\":true,\"valueName\":\"search_term_string\"}}],\"inLanguage\":\"fr-FR\"},{\"@type\":\"Organization\",\"@id\":\"https:\\\/\\\/www.webdo.tn\\\/fr\\\/#organization\",\"name\":\"Webdo\",\"alternateName\":\"Webdo.tn\",\"url\":\"https:\\\/\\\/www.webdo.tn\\\/fr\\\/\",\"logo\":{\"@type\":\"ImageObject\",\"inLanguage\":\"fr-FR\",\"@id\":\"https:\\\/\\\/www.webdo.tn\\\/fr\\\/#\\\/schema\\\/logo\\\/image\\\/\",\"url\":\"https:\\\/\\\/www.webdo.tn\\\/fr\\\/wp-content\\\/uploads\\\/2025\\\/06\\\/Webdo-Tunisie_168377.jpg\",\"contentUrl\":\"https:\\\/\\\/www.webdo.tn\\\/fr\\\/wp-content\\\/uploads\\\/2025\\\/06\\\/Webdo-Tunisie_168377.jpg\",\"width\":301,\"height\":301,\"caption\":\"Webdo\"},\"image\":{\"@id\":\"https:\\\/\\\/www.webdo.tn\\\/fr\\\/#\\\/schema\\\/logo\\\/image\\\/\"},\"sameAs\":[\"https:\\\/\\\/www.facebook.com\\\/webdotn\",\"https:\\\/\\\/x.com\\\/webdo_tn\"],\"description\":\"Webdo est un m\u00e9dia num\u00e9rique tunisien fond\u00e9 en 2010, sp\u00e9cialis\u00e9 dans l\u2019actualit\u00e9 nationale et internationale, l\u2019\u00e9conomie, la soci\u00e9t\u00e9 et les analyses politiques. Le site s\u2019adresse \u00e0 un large public francophone et couvre l\u2019information tunisienne en temps r\u00e9el.\",\"email\":\"redac@webdo.tn\",\"legalName\":\"YNJ SARL\",\"foundingDate\":\"2010-09-06\",\"numberOfEmployees\":{\"@type\":\"QuantitativeValue\",\"minValue\":\"11\",\"maxValue\":\"50\"}},{\"@type\":\"Person\",\"@id\":\"https:\\\/\\\/www.webdo.tn\\\/fr\\\/#\\\/schema\\\/person\\\/16a4857e77dfc0b610c4c2cadffc9ac4\",\"name\":\"Mohamed Fethi\",\"image\":{\"@type\":\"ImageObject\",\"inLanguage\":\"fr-FR\",\"@id\":\"https:\\\/\\\/www.webdo.tn\\\/fr\\\/wp-content\\\/uploads\\\/2026\\\/04\\\/mohamed-fethi_avatar_1-96x96.jpg\",\"url\":\"https:\\\/\\\/www.webdo.tn\\\/fr\\\/wp-content\\\/uploads\\\/2026\\\/04\\\/mohamed-fethi_avatar_1-96x96.jpg\",\"contentUrl\":\"https:\\\/\\\/www.webdo.tn\\\/fr\\\/wp-content\\\/uploads\\\/2026\\\/04\\\/mohamed-fethi_avatar_1-96x96.jpg\",\"caption\":\"Mohamed Fethi\"},\"description\":\"Signature \u00e9ditoriale de Maher Chaabane Mohamed Fethi est le pseudonyme \u00e9ditorial de Maher Chaabane, r\u00e9dacteur en chef de Webdo.tn depuis 2012. Cette signature est d\u00e9di\u00e9e au traitement intensif de l'actualit\u00e9 nationale et internationale en temps r\u00e9el. S'appuyant sur les deux d\u00e9cennies d'expertise journalistique de Maher Chaabane \u2014 d\u00e9but\u00e9e au sein du groupe Tunis Hebdo en 2000 \u2014 Mohamed Fethi assure une veille rigoureuse sur les enjeux politiques, \u00e9conomiques et sportifs. Sa mission est de garantir une information structur\u00e9e, fluide et fid\u00e8le aux standards de la r\u00e9daction. Pour consulter le parcours complet du r\u00e9dacteur en chef, visitez le profil officiel de Maher Chaabane.\",\"knowsAbout\":[\"actualit\u00e9\",\"journalisme\",\"information\",\"politique\",\"sport\",\"m\u00e9dias\",\"actualit\u00e9 internationale\"],\"knowsLanguage\":[\"Fran\u00e7ais\",\"Arabe\"],\"jobTitle\":\"Journaliste \u2013 R\u00e9daction Webdo\",\"worksFor\":\"Webdo.tn\",\"url\":\"https:\\\/\\\/www.webdo.tn\\\/fr\\\/actualite\\\/author\\\/mohamed-fethi\\\/\"}]}<\/script>\n<!-- \/ Yoast SEO Premium plugin. -->","yoast_head_json":{"title":"Facturation \u00e9lectronique : L\u2019Ordre des m\u00e9decins demande un moratoire - webdo","description":"D\u00e9couvrez pourquoi l\u2019Ordre des m\u00e9decins demande un moratoire sur la facturation \u00e9lectronique dans le secteur de la sant\u00e9.","canonical":"https:\/\/www.webdo.tn\/fr\/actualite\/national\/facturation-electronique-lordre-des-medecins-demande-un-moratoire\/392077\/","og_locale":"fr_FR","og_type":"article","og_title":"Facturation \u00e9lectronique : L\u2019Ordre des m\u00e9decins demande un moratoire","og_description":"D\u00e9couvrez pourquoi l\u2019Ordre des m\u00e9decins demande un moratoire sur la facturation \u00e9lectronique dans le secteur de la sant\u00e9.","og_url":"https:\/\/www.webdo.tn\/fr\/actualite\/national\/facturation-electronique-lordre-des-medecins-demande-un-moratoire\/392077\/","og_site_name":"webdo","article_publisher":"https:\/\/www.facebook.com\/webdotn","article_published_time":"2026-01-26T14:13:04+00:00","article_modified_time":"2026-01-26T14:13:06+00:00","og_image":[{"width":1200,"height":600,"url":"https:\/\/www.webdo.tn\/fr\/wp-content\/uploads\/2025\/12\/ordre-medecin-200125.jpg","type":"image\/jpeg"}],"author":"Mohamed Fethi","twitter_card":"summary_large_image","twitter_creator":"@webdo_tn","twitter_site":"@webdo_tn","twitter_misc":{"\u00c9crit par":"Mohamed Fethi","Dur\u00e9e de lecture estim\u00e9e":"2 minutes"},"schema":{"@context":"https:\/\/schema.org","@graph":[{"@type":"NewsArticle","@id":"https:\/\/www.webdo.tn\/fr\/actualite\/national\/facturation-electronique-lordre-des-medecins-demande-un-moratoire\/392077\/#article","isPartOf":{"@id":"https:\/\/www.webdo.tn\/fr\/actualite\/national\/facturation-electronique-lordre-des-medecins-demande-un-moratoire\/392077\/"},"author":{"name":"Mohamed Fethi","@id":"https:\/\/www.webdo.tn\/fr\/#\/schema\/person\/16a4857e77dfc0b610c4c2cadffc9ac4"},"headline":"Facturation \u00e9lectronique : L\u2019Ordre des m\u00e9decins demande un moratoire","datePublished":"2026-01-26T14:13:04+00:00","dateModified":"2026-01-26T14:13:06+00:00","mainEntityOfPage":{"@id":"https:\/\/www.webdo.tn\/fr\/actualite\/national\/facturation-electronique-lordre-des-medecins-demande-un-moratoire\/392077\/"},"wordCount":444,"publisher":{"@id":"https:\/\/www.webdo.tn\/fr\/#organization"},"image":{"@id":"https:\/\/www.webdo.tn\/fr\/actualite\/national\/facturation-electronique-lordre-des-medecins-demande-un-moratoire\/392077\/#primaryimage"},"thumbnailUrl":"https:\/\/www.webdo.tn\/fr\/wp-content\/uploads\/2025\/12\/ordre-medecin-200125.jpg","keywords":["Facturation \u00e9lectronique","ordre des m\u00e9decins","Tunisie"],"articleSection":["National"],"inLanguage":"fr-FR"},{"@type":"WebPage","@id":"https:\/\/www.webdo.tn\/fr\/actualite\/national\/facturation-electronique-lordre-des-medecins-demande-un-moratoire\/392077\/","url":"https:\/\/www.webdo.tn\/fr\/actualite\/national\/facturation-electronique-lordre-des-medecins-demande-un-moratoire\/392077\/","name":"Facturation \u00e9lectronique : L\u2019Ordre des m\u00e9decins demande un moratoire - webdo","isPartOf":{"@id":"https:\/\/www.webdo.tn\/fr\/#website"},"primaryImageOfPage":{"@id":"https:\/\/www.webdo.tn\/fr\/actualite\/national\/facturation-electronique-lordre-des-medecins-demande-un-moratoire\/392077\/#primaryimage"},"image":{"@id":"https:\/\/www.webdo.tn\/fr\/actualite\/national\/facturation-electronique-lordre-des-medecins-demande-un-moratoire\/392077\/#primaryimage"},"thumbnailUrl":"https:\/\/www.webdo.tn\/fr\/wp-content\/uploads\/2025\/12\/ordre-medecin-200125.jpg","datePublished":"2026-01-26T14:13:04+00:00","dateModified":"2026-01-26T14:13:06+00:00","description":"D\u00e9couvrez pourquoi l\u2019Ordre des m\u00e9decins demande un moratoire sur la facturation \u00e9lectronique dans le secteur de la sant\u00e9.","breadcrumb":{"@id":"https:\/\/www.webdo.tn\/fr\/actualite\/national\/facturation-electronique-lordre-des-medecins-demande-un-moratoire\/392077\/#breadcrumb"},"inLanguage":"fr-FR","potentialAction":[{"@type":"ReadAction","target":["https:\/\/www.webdo.tn\/fr\/actualite\/national\/facturation-electronique-lordre-des-medecins-demande-un-moratoire\/392077\/"]}]},{"@type":"ImageObject","inLanguage":"fr-FR","@id":"https:\/\/www.webdo.tn\/fr\/actualite\/national\/facturation-electronique-lordre-des-medecins-demande-un-moratoire\/392077\/#primaryimage","url":"https:\/\/www.webdo.tn\/fr\/wp-content\/uploads\/2025\/12\/ordre-medecin-200125.jpg","contentUrl":"https:\/\/www.webdo.tn\/fr\/wp-content\/uploads\/2025\/12\/ordre-medecin-200125.jpg","width":1200,"height":600,"caption":"Facturation \u00e9lectronique : L\u2019Ordre des m\u00e9decins demande un moratoire"},{"@type":"BreadcrumbList","@id":"https:\/\/www.webdo.tn\/fr\/actualite\/national\/facturation-electronique-lordre-des-medecins-demande-un-moratoire\/392077\/#breadcrumb","itemListElement":[{"@type":"ListItem","position":1,"name":"Accueil","item":"https:\/\/www.webdo.tn\/fr\/"},{"@type":"ListItem","position":2,"name":"Facturation \u00e9lectronique : L\u2019Ordre des m\u00e9decins demande un moratoire"}]},{"@type":"WebSite","@id":"https:\/\/www.webdo.tn\/fr\/#website","url":"https:\/\/www.webdo.tn\/fr\/","name":"webdo","description":"Tunisie - News en Tunisie et \u00e0 l&#039;international sur Webdo.tn","publisher":{"@id":"https:\/\/www.webdo.tn\/fr\/#organization"},"potentialAction":[{"@type":"SearchAction","target":{"@type":"EntryPoint","urlTemplate":"https:\/\/www.webdo.tn\/fr\/?s={search_term_string}"},"query-input":{"@type":"PropertyValueSpecification","valueRequired":true,"valueName":"search_term_string"}}],"inLanguage":"fr-FR"},{"@type":"Organization","@id":"https:\/\/www.webdo.tn\/fr\/#organization","name":"Webdo","alternateName":"Webdo.tn","url":"https:\/\/www.webdo.tn\/fr\/","logo":{"@type":"ImageObject","inLanguage":"fr-FR","@id":"https:\/\/www.webdo.tn\/fr\/#\/schema\/logo\/image\/","url":"https:\/\/www.webdo.tn\/fr\/wp-content\/uploads\/2025\/06\/Webdo-Tunisie_168377.jpg","contentUrl":"https:\/\/www.webdo.tn\/fr\/wp-content\/uploads\/2025\/06\/Webdo-Tunisie_168377.jpg","width":301,"height":301,"caption":"Webdo"},"image":{"@id":"https:\/\/www.webdo.tn\/fr\/#\/schema\/logo\/image\/"},"sameAs":["https:\/\/www.facebook.com\/webdotn","https:\/\/x.com\/webdo_tn"],"description":"Webdo est un m\u00e9dia num\u00e9rique tunisien fond\u00e9 en 2010, sp\u00e9cialis\u00e9 dans l\u2019actualit\u00e9 nationale et internationale, l\u2019\u00e9conomie, la soci\u00e9t\u00e9 et les analyses politiques. Le site s\u2019adresse \u00e0 un large public francophone et couvre l\u2019information tunisienne en temps r\u00e9el.","email":"redac@webdo.tn","legalName":"YNJ SARL","foundingDate":"2010-09-06","numberOfEmployees":{"@type":"QuantitativeValue","minValue":"11","maxValue":"50"}},{"@type":"Person","@id":"https:\/\/www.webdo.tn\/fr\/#\/schema\/person\/16a4857e77dfc0b610c4c2cadffc9ac4","name":"Mohamed Fethi","image":{"@type":"ImageObject","inLanguage":"fr-FR","@id":"https:\/\/www.webdo.tn\/fr\/wp-content\/uploads\/2026\/04\/mohamed-fethi_avatar_1-96x96.jpg","url":"https:\/\/www.webdo.tn\/fr\/wp-content\/uploads\/2026\/04\/mohamed-fethi_avatar_1-96x96.jpg","contentUrl":"https:\/\/www.webdo.tn\/fr\/wp-content\/uploads\/2026\/04\/mohamed-fethi_avatar_1-96x96.jpg","caption":"Mohamed Fethi"},"description":"Signature \u00e9ditoriale de Maher Chaabane Mohamed Fethi est le pseudonyme \u00e9ditorial de Maher Chaabane, r\u00e9dacteur en chef de Webdo.tn depuis 2012. Cette signature est d\u00e9di\u00e9e au traitement intensif de l'actualit\u00e9 nationale et internationale en temps r\u00e9el. S'appuyant sur les deux d\u00e9cennies d'expertise journalistique de Maher Chaabane \u2014 d\u00e9but\u00e9e au sein du groupe Tunis Hebdo en 2000 \u2014 Mohamed Fethi assure une veille rigoureuse sur les enjeux politiques, \u00e9conomiques et sportifs. Sa mission est de garantir une information structur\u00e9e, fluide et fid\u00e8le aux standards de la r\u00e9daction. Pour consulter le parcours complet du r\u00e9dacteur en chef, visitez le profil officiel de Maher Chaabane.","knowsAbout":["actualit\u00e9","journalisme","information","politique","sport","m\u00e9dias","actualit\u00e9 internationale"],"knowsLanguage":["Fran\u00e7ais","Arabe"],"jobTitle":"Journaliste \u2013 R\u00e9daction Webdo","worksFor":"Webdo.tn","url":"https:\/\/www.webdo.tn\/fr\/actualite\/author\/mohamed-fethi\/"}]}},"_links":{"self":[{"href":"https:\/\/www.webdo.tn\/fr\/wp-json\/wp\/v2\/posts\/392077","targetHints":{"allow":["GET"]}}],"collection":[{"href":"https:\/\/www.webdo.tn\/fr\/wp-json\/wp\/v2\/posts"}],"about":[{"href":"https:\/\/www.webdo.tn\/fr\/wp-json\/wp\/v2\/types\/post"}],"author":[{"embeddable":true,"href":"https:\/\/www.webdo.tn\/fr\/wp-json\/wp\/v2\/users\/4782"}],"replies":[{"embeddable":true,"href":"https:\/\/www.webdo.tn\/fr\/wp-json\/wp\/v2\/comments?post=392077"}],"version-history":[{"count":0,"href":"https:\/\/www.webdo.tn\/fr\/wp-json\/wp\/v2\/posts\/392077\/revisions"}],"wp:featuredmedia":[{"embeddable":true,"href":"https:\/\/www.webdo.tn\/fr\/wp-json\/wp\/v2\/media\/389198"}],"wp:attachment":[{"href":"https:\/\/www.webdo.tn\/fr\/wp-json\/wp\/v2\/media?parent=392077"}],"wp:term":[{"taxonomy":"category","embeddable":true,"href":"https:\/\/www.webdo.tn\/fr\/wp-json\/wp\/v2\/categories?post=392077"},{"taxonomy":"post_tag","embeddable":true,"href":"https:\/\/www.webdo.tn\/fr\/wp-json\/wp\/v2\/tags?post=392077"}],"curies":[{"name":"wp","href":"https:\/\/api.w.org\/{rel}","templated":true}]}}