{"id":392054,"date":"2026-01-26T10:14:11","date_gmt":"2026-01-26T09:14:11","guid":{"rendered":"https:\/\/www.webdo.tn\/fr\/?p=392054"},"modified":"2026-01-26T10:14:11","modified_gmt":"2026-01-26T09:14:11","slug":"tunisie-pluies-plusieurs-regions-depassent-les-20-mm-en-24-heures","status":"publish","type":"post","link":"https:\/\/www.webdo.tn\/fr\/actualite\/national\/tunisie-pluies-plusieurs-regions-depassent-les-20-mm-en-24-heures\/392054\/","title":{"rendered":"Tunisie &#8211; Pluies : Plusieurs r\u00e9gions d\u00e9passent les 20 mm en 24 heures"},"content":{"rendered":"\n<p><strong>Les derni\u00e8res vingt-quatre heures ont \u00e9t\u00e9 marqu\u00e9es par un nouvel \u00e9pisode pluvieux touchant une grande partie du pays, avec une intensit\u00e9 nettement plus marqu\u00e9e dans les r\u00e9gions du nord. Selon les relev\u00e9s officiels, plusieurs localit\u00e9s ont enregistr\u00e9 des cumuls significatifs, confirmant la persistance d\u2019un temps instable sur la Tunisie.<\/strong><\/p>\n\n\n\n<p>Les pluies enregistr\u00e9es entre dimanche matin et lundi matin ont principalement concern\u00e9 les r\u00e9gions septentrionales. Les cumuls les plus \u00e9lev\u00e9s ont \u00e9t\u00e9 relev\u00e9s \u00e0 B\u00e9ni Mtir avec 22 millim\u00e8tres, suivie de Tabarka et Nefza avec 18 millim\u00e8tres chacune, et de Sejnane avec 14 millim\u00e8tres.<\/p>\n\n\n\n<p>Ces chiffres confirment que le nord du pays reste l\u2019\u00e9picentre de l\u2019activit\u00e9 pluvieuse, dans un contexte m\u00e9t\u00e9orologique toujours domin\u00e9 par les perturbations atlantiques.<\/p>\n\n\n\n<h2 class=\"wp-block-heading\" id=\"h-des-cumuls-variables-selon-les-gouvernorats\">Des cumuls variables selon les gouvernorats<\/h2>\n\n\n\n<p>Au-del\u00e0 des pics observ\u00e9s dans le nord-ouest, les pr\u00e9cipitations ont concern\u00e9 une large partie du territoire, mais avec des intensit\u00e9s in\u00e9gales. Dans le gouvernorat de Jendouba, plusieurs localit\u00e9s ont enregistr\u00e9 entre 7 et 16 millim\u00e8tres, tandis que le Kef et B\u00e9ja ont connu des quantit\u00e9s mod\u00e9r\u00e9es mais g\u00e9n\u00e9ralis\u00e9es, avec des pointes autour de 12 \u00e0 18 millim\u00e8tres dans certaines zones.<\/p>\n\n\n\n<p>\u00c0 Bizerte, les cumuls sont rest\u00e9s plus modestes mais \u00e9tendus \u00e0 l\u2019ensemble du gouvernorat, oscillant g\u00e9n\u00e9ralement entre 1 et 14 millim\u00e8tres selon les localit\u00e9s.<\/p>\n\n\n\n<h2 class=\"wp-block-heading\" id=\"h-des-pluies-plus-discretes-sur-le-littoral-et-le-centre\">Des pluies plus discr\u00e8tes sur le littoral et le centre<\/h2>\n\n\n\n<p>Sur le Grand Tunis, le Sahel et le Cap Bon, les pr\u00e9cipitations ont \u00e9t\u00e9 nettement plus faibles. La plupart des stations n\u2019y ont enregistr\u00e9 que des traces \u00e0 quelques millim\u00e8tres, confirmant le caract\u00e8re tr\u00e8s contrast\u00e9 de cet \u00e9pisode.<\/p>\n\n\n\n<p>M\u00eame constat dans plusieurs r\u00e9gions du centre, o\u00f9 les pluies sont rest\u00e9es localis\u00e9es et d\u2019intensit\u00e9 limit\u00e9e, sans impact hydrologique majeur \u00e0 ce stade.<\/p>\n\n\n\n<p>Si ces pluies contribuent \u00e0 am\u00e9liorer localement l\u2019humidit\u00e9 des sols et l\u2019alimentation des oueds, les sp\u00e9cialistes estiment qu\u2019elles restent insuffisantes pour combler le d\u00e9ficit structurel des ressources en eau, notamment dans les grands barrages du nord et du centre.<\/p>\n\n\n\n<p>Cet \u00e9pisode s\u2019inscrit toutefois dans une s\u00e9quence hivernale plus active que les ann\u00e9es pr\u00e9c\u00e9dentes, marqu\u00e9e par une succession de perturbations qui maintiennent un niveau d\u2019apports r\u00e9gulier, bien que toujours in\u00e9galement r\u00e9parti.<\/p>\n\n\n\n<p><\/p>\n\n\n\n<iframe src=\"https:\/\/www.facebook.com\/plugins\/post.php?href=https%3A%2F%2Fwww.facebook.com%2FInstitut.National.Meteorologie%2Fposts%2Fpfbid02V26ZbNCUzzgMdK7YwyPZBXBPDe8RmMvBUugMqXUPJ16he9QpegNFCZ6FhRdYqnNUl&#038;show_text=true&#038;width=500\" width=\"500\" height=\"676\" style=\"border:none;overflow:hidden\" scrolling=\"no\" frameborder=\"0\" allowfullscreen=\"true\" allow=\"autoplay; clipboard-write; encrypted-media; picture-in-picture; web-share\"><\/iframe>\n\n\n\n<p><\/p>\n\n\n\n<blockquote class=\"wp-block-quote is-layout-flow wp-block-quote-is-layout-flow\">\n<blockquote class=\"wp-block-quote is-layout-flow wp-block-quote-is-layout-flow\">\n<p><strong>Lire aussi :<\/strong><\/p>\n\n\n\n<ul class=\"wp-block-list\">\n<li><a href=\"https:\/\/www.webdo.tn\/fr\/actualite\/national\/tunisie-meteo-fort-coup-de-vent-et-retour-des-pluies\/392048\/\">Tunisie \u2013 M\u00e9t\u00e9o\u00a0: Fort coup de vent et retour des pluies<\/a><\/li>\n\n\n\n<li><a href=\"https:\/\/www.webdo.tn\/fr\/actualite\/national\/tunisie-meteo-refroidissement-marque-et-pluies-intermittentes-sur-le-nord-du-pays\/391997\/\">Tunisie \u2013 M\u00e9t\u00e9o : Refroidissement marqu\u00e9 et pluies intermittentes sur le nord du pays<\/a><\/li>\n\n\n\n<li><a href=\"https:\/\/www.webdo.tn\/fr\/actualite\/national\/inondations-kais-saied-appelle-a-des-solutions-concretes-plutot-qua-des-communiques\/391950\/\">Inondations : Ka\u00efs Sa\u00efed appelle \u00e0 des solutions concr\u00e8tes plut\u00f4t qu\u2019\u00e0 des communiqu\u00e9s<\/a><\/li>\n<\/ul>\n<\/blockquote>\n<\/blockquote>\n","protected":false},"excerpt":{"rendered":"<p>Les derni\u00e8res vingt-quatre heures ont \u00e9t\u00e9 marqu\u00e9es par un nouvel \u00e9pisode pluvieux touchant une grande partie du pays, avec une intensit\u00e9 nettement plus marqu\u00e9e dans les r\u00e9gions du nord. Selon les relev\u00e9s officiels, plusieurs localit\u00e9s ont enregistr\u00e9 des cumuls significatifs, confirmant la persistance d\u2019un temps instable sur la Tunisie. Les pluies enregistr\u00e9es entre dimanche matin [&hellip;]<\/p>\n","protected":false},"author":4782,"featured_media":391585,"comment_status":"closed","ping_status":"closed","sticky":false,"template":"","format":"standard","meta":{"footnotes":""},"categories":[44],"tags":[2670,3163,3739,2673,2608],"class_list":["post-392054","post","type-post","status-publish","format-standard","has-post-thumbnail","hentry","category-national","tag-meteo","tag-pluies","tag-pluviometrie","tag-precipitations","tag-tunisie"],"yoast_head":"<!-- This site is optimized with the Yoast SEO Premium plugin v27.5 (Yoast SEO v27.5) - https:\/\/yoast.com\/product\/yoast-seo-premium-wordpress\/ -->\n<title>Tunisie - Pluies : Plusieurs r\u00e9gions d\u00e9passent les 20 mm en 24 heures - webdo<\/title>\n<meta name=\"description\" content=\"Les derni\u00e8res pluies en Tunisie montrent des cumuls significatifs, notamment dans les r\u00e9gions du nord d\u00e9passant 20 mm.\" \/>\n<link rel=\"canonical\" href=\"https:\/\/www.webdo.tn\/fr\/actualite\/national\/tunisie-pluies-plusieurs-regions-depassent-les-20-mm-en-24-heures\/392054\/\" \/>\n<meta property=\"og:locale\" content=\"fr_FR\" \/>\n<meta property=\"og:type\" content=\"article\" \/>\n<meta property=\"og:title\" content=\"Tunisie - Pluies : Plusieurs r\u00e9gions d\u00e9passent les 20 mm en 24 heures\" \/>\n<meta property=\"og:description\" content=\"Les derni\u00e8res pluies en Tunisie montrent des cumuls significatifs, notamment dans les r\u00e9gions du nord d\u00e9passant 20 mm.\" \/>\n<meta property=\"og:url\" content=\"https:\/\/www.webdo.tn\/fr\/actualite\/national\/tunisie-pluies-plusieurs-regions-depassent-les-20-mm-en-24-heures\/392054\/\" \/>\n<meta property=\"og:site_name\" content=\"webdo\" \/>\n<meta property=\"article:publisher\" content=\"https:\/\/www.facebook.com\/webdotn\" \/>\n<meta property=\"article:published_time\" content=\"2026-01-26T09:14:11+00:00\" \/>\n<meta property=\"og:image\" content=\"https:\/\/www.webdo.tn\/fr\/wp-content\/uploads\/2026\/01\/pluie.jpg\" \/>\n\t<meta property=\"og:image:width\" content=\"1200\" \/>\n\t<meta property=\"og:image:height\" content=\"604\" \/>\n\t<meta property=\"og:image:type\" content=\"image\/jpeg\" \/>\n<meta name=\"author\" content=\"Mohamed Fethi\" \/>\n<meta name=\"twitter:card\" content=\"summary_large_image\" \/>\n<meta name=\"twitter:creator\" content=\"@webdo_tn\" \/>\n<meta name=\"twitter:site\" content=\"@webdo_tn\" \/>\n<meta name=\"twitter:label1\" content=\"\u00c9crit par\" \/>\n\t<meta name=\"twitter:data1\" content=\"Mohamed Fethi\" \/>\n\t<meta name=\"twitter:label2\" content=\"Dur\u00e9e de lecture estim\u00e9e\" \/>\n\t<meta name=\"twitter:data2\" content=\"2 minutes\" \/>\n<script type=\"application\/ld+json\" class=\"yoast-schema-graph\">{\"@context\":\"https:\\\/\\\/schema.org\",\"@graph\":[{\"@type\":\"NewsArticle\",\"@id\":\"https:\\\/\\\/www.webdo.tn\\\/fr\\\/actualite\\\/national\\\/tunisie-pluies-plusieurs-regions-depassent-les-20-mm-en-24-heures\\\/392054\\\/#article\",\"isPartOf\":{\"@id\":\"https:\\\/\\\/www.webdo.tn\\\/fr\\\/actualite\\\/national\\\/tunisie-pluies-plusieurs-regions-depassent-les-20-mm-en-24-heures\\\/392054\\\/\"},\"author\":{\"name\":\"Mohamed Fethi\",\"@id\":\"https:\\\/\\\/www.webdo.tn\\\/fr\\\/#\\\/schema\\\/person\\\/16a4857e77dfc0b610c4c2cadffc9ac4\"},\"headline\":\"Tunisie &#8211; Pluies : Plusieurs r\u00e9gions d\u00e9passent les 20 mm en 24 heures\",\"datePublished\":\"2026-01-26T09:14:11+00:00\",\"mainEntityOfPage\":{\"@id\":\"https:\\\/\\\/www.webdo.tn\\\/fr\\\/actualite\\\/national\\\/tunisie-pluies-plusieurs-regions-depassent-les-20-mm-en-24-heures\\\/392054\\\/\"},\"wordCount\":454,\"publisher\":{\"@id\":\"https:\\\/\\\/www.webdo.tn\\\/fr\\\/#organization\"},\"image\":{\"@id\":\"https:\\\/\\\/www.webdo.tn\\\/fr\\\/actualite\\\/national\\\/tunisie-pluies-plusieurs-regions-depassent-les-20-mm-en-24-heures\\\/392054\\\/#primaryimage\"},\"thumbnailUrl\":\"https:\\\/\\\/www.webdo.tn\\\/fr\\\/wp-content\\\/uploads\\\/2026\\\/01\\\/pluie.jpg\",\"keywords\":[\"m\u00e9t\u00e9o\",\"pluies\",\"Pluviom\u00e9trie\",\"pr\u00e9cipitations\",\"Tunisie\"],\"articleSection\":[\"National\"],\"inLanguage\":\"fr-FR\"},{\"@type\":\"WebPage\",\"@id\":\"https:\\\/\\\/www.webdo.tn\\\/fr\\\/actualite\\\/national\\\/tunisie-pluies-plusieurs-regions-depassent-les-20-mm-en-24-heures\\\/392054\\\/\",\"url\":\"https:\\\/\\\/www.webdo.tn\\\/fr\\\/actualite\\\/national\\\/tunisie-pluies-plusieurs-regions-depassent-les-20-mm-en-24-heures\\\/392054\\\/\",\"name\":\"Tunisie - Pluies : Plusieurs r\u00e9gions d\u00e9passent les 20 mm en 24 heures - webdo\",\"isPartOf\":{\"@id\":\"https:\\\/\\\/www.webdo.tn\\\/fr\\\/#website\"},\"primaryImageOfPage\":{\"@id\":\"https:\\\/\\\/www.webdo.tn\\\/fr\\\/actualite\\\/national\\\/tunisie-pluies-plusieurs-regions-depassent-les-20-mm-en-24-heures\\\/392054\\\/#primaryimage\"},\"image\":{\"@id\":\"https:\\\/\\\/www.webdo.tn\\\/fr\\\/actualite\\\/national\\\/tunisie-pluies-plusieurs-regions-depassent-les-20-mm-en-24-heures\\\/392054\\\/#primaryimage\"},\"thumbnailUrl\":\"https:\\\/\\\/www.webdo.tn\\\/fr\\\/wp-content\\\/uploads\\\/2026\\\/01\\\/pluie.jpg\",\"datePublished\":\"2026-01-26T09:14:11+00:00\",\"description\":\"Les derni\u00e8res pluies en Tunisie montrent des cumuls significatifs, notamment dans les r\u00e9gions du nord d\u00e9passant 20 mm.\",\"breadcrumb\":{\"@id\":\"https:\\\/\\\/www.webdo.tn\\\/fr\\\/actualite\\\/national\\\/tunisie-pluies-plusieurs-regions-depassent-les-20-mm-en-24-heures\\\/392054\\\/#breadcrumb\"},\"inLanguage\":\"fr-FR\",\"potentialAction\":[{\"@type\":\"ReadAction\",\"target\":[\"https:\\\/\\\/www.webdo.tn\\\/fr\\\/actualite\\\/national\\\/tunisie-pluies-plusieurs-regions-depassent-les-20-mm-en-24-heures\\\/392054\\\/\"]}]},{\"@type\":\"ImageObject\",\"inLanguage\":\"fr-FR\",\"@id\":\"https:\\\/\\\/www.webdo.tn\\\/fr\\\/actualite\\\/national\\\/tunisie-pluies-plusieurs-regions-depassent-les-20-mm-en-24-heures\\\/392054\\\/#primaryimage\",\"url\":\"https:\\\/\\\/www.webdo.tn\\\/fr\\\/wp-content\\\/uploads\\\/2026\\\/01\\\/pluie.jpg\",\"contentUrl\":\"https:\\\/\\\/www.webdo.tn\\\/fr\\\/wp-content\\\/uploads\\\/2026\\\/01\\\/pluie.jpg\",\"width\":1200,\"height\":604,\"caption\":\"Tunisie - M\u00e9t\u00e9o : Des pluies orageuses attendues sur le nord et le centre du pays\"},{\"@type\":\"BreadcrumbList\",\"@id\":\"https:\\\/\\\/www.webdo.tn\\\/fr\\\/actualite\\\/national\\\/tunisie-pluies-plusieurs-regions-depassent-les-20-mm-en-24-heures\\\/392054\\\/#breadcrumb\",\"itemListElement\":[{\"@type\":\"ListItem\",\"position\":1,\"name\":\"Accueil\",\"item\":\"https:\\\/\\\/www.webdo.tn\\\/fr\\\/\"},{\"@type\":\"ListItem\",\"position\":2,\"name\":\"Tunisie &#8211; Pluies : Plusieurs r\u00e9gions d\u00e9passent les 20 mm en 24 heures\"}]},{\"@type\":\"WebSite\",\"@id\":\"https:\\\/\\\/www.webdo.tn\\\/fr\\\/#website\",\"url\":\"https:\\\/\\\/www.webdo.tn\\\/fr\\\/\",\"name\":\"webdo\",\"description\":\"Tunisie - News en Tunisie et \u00e0 l&#039;international sur Webdo.tn\",\"publisher\":{\"@id\":\"https:\\\/\\\/www.webdo.tn\\\/fr\\\/#organization\"},\"potentialAction\":[{\"@type\":\"SearchAction\",\"target\":{\"@type\":\"EntryPoint\",\"urlTemplate\":\"https:\\\/\\\/www.webdo.tn\\\/fr\\\/?s={search_term_string}\"},\"query-input\":{\"@type\":\"PropertyValueSpecification\",\"valueRequired\":true,\"valueName\":\"search_term_string\"}}],\"inLanguage\":\"fr-FR\"},{\"@type\":\"Organization\",\"@id\":\"https:\\\/\\\/www.webdo.tn\\\/fr\\\/#organization\",\"name\":\"Webdo\",\"alternateName\":\"Webdo.tn\",\"url\":\"https:\\\/\\\/www.webdo.tn\\\/fr\\\/\",\"logo\":{\"@type\":\"ImageObject\",\"inLanguage\":\"fr-FR\",\"@id\":\"https:\\\/\\\/www.webdo.tn\\\/fr\\\/#\\\/schema\\\/logo\\\/image\\\/\",\"url\":\"https:\\\/\\\/www.webdo.tn\\\/fr\\\/wp-content\\\/uploads\\\/2025\\\/06\\\/Webdo-Tunisie_168377.jpg\",\"contentUrl\":\"https:\\\/\\\/www.webdo.tn\\\/fr\\\/wp-content\\\/uploads\\\/2025\\\/06\\\/Webdo-Tunisie_168377.jpg\",\"width\":301,\"height\":301,\"caption\":\"Webdo\"},\"image\":{\"@id\":\"https:\\\/\\\/www.webdo.tn\\\/fr\\\/#\\\/schema\\\/logo\\\/image\\\/\"},\"sameAs\":[\"https:\\\/\\\/www.facebook.com\\\/webdotn\",\"https:\\\/\\\/x.com\\\/webdo_tn\"],\"description\":\"Webdo est un m\u00e9dia num\u00e9rique tunisien fond\u00e9 en 2010, sp\u00e9cialis\u00e9 dans l\u2019actualit\u00e9 nationale et internationale, l\u2019\u00e9conomie, la soci\u00e9t\u00e9 et les analyses politiques. Le site s\u2019adresse \u00e0 un large public francophone et couvre l\u2019information tunisienne en temps r\u00e9el.\",\"email\":\"redac@webdo.tn\",\"legalName\":\"YNJ SARL\",\"foundingDate\":\"2010-09-06\",\"numberOfEmployees\":{\"@type\":\"QuantitativeValue\",\"minValue\":\"11\",\"maxValue\":\"50\"}},{\"@type\":\"Person\",\"@id\":\"https:\\\/\\\/www.webdo.tn\\\/fr\\\/#\\\/schema\\\/person\\\/16a4857e77dfc0b610c4c2cadffc9ac4\",\"name\":\"Mohamed Fethi\",\"image\":{\"@type\":\"ImageObject\",\"inLanguage\":\"fr-FR\",\"@id\":\"https:\\\/\\\/www.webdo.tn\\\/fr\\\/wp-content\\\/uploads\\\/2026\\\/04\\\/mohamed-fethi_avatar_1-96x96.jpg\",\"url\":\"https:\\\/\\\/www.webdo.tn\\\/fr\\\/wp-content\\\/uploads\\\/2026\\\/04\\\/mohamed-fethi_avatar_1-96x96.jpg\",\"contentUrl\":\"https:\\\/\\\/www.webdo.tn\\\/fr\\\/wp-content\\\/uploads\\\/2026\\\/04\\\/mohamed-fethi_avatar_1-96x96.jpg\",\"caption\":\"Mohamed Fethi\"},\"description\":\"Signature \u00e9ditoriale de Maher Chaabane Mohamed Fethi est le pseudonyme \u00e9ditorial de Maher Chaabane, r\u00e9dacteur en chef de Webdo.tn depuis 2012. Cette signature est d\u00e9di\u00e9e au traitement intensif de l'actualit\u00e9 nationale et internationale en temps r\u00e9el. S'appuyant sur les deux d\u00e9cennies d'expertise journalistique de Maher Chaabane \u2014 d\u00e9but\u00e9e au sein du groupe Tunis Hebdo en 2000 \u2014 Mohamed Fethi assure une veille rigoureuse sur les enjeux politiques, \u00e9conomiques et sportifs. Sa mission est de garantir une information structur\u00e9e, fluide et fid\u00e8le aux standards de la r\u00e9daction. Pour consulter le parcours complet du r\u00e9dacteur en chef, visitez le profil officiel de Maher Chaabane.\",\"knowsAbout\":[\"actualit\u00e9\",\"journalisme\",\"information\",\"politique\",\"sport\",\"m\u00e9dias\",\"actualit\u00e9 internationale\"],\"knowsLanguage\":[\"Fran\u00e7ais\",\"Arabe\"],\"jobTitle\":\"Journaliste \u2013 R\u00e9daction Webdo\",\"worksFor\":\"Webdo.tn\",\"url\":\"https:\\\/\\\/www.webdo.tn\\\/fr\\\/actualite\\\/author\\\/mohamed-fethi\\\/\"}]}<\/script>\n<!-- \/ Yoast SEO Premium plugin. -->","yoast_head_json":{"title":"Tunisie - Pluies : Plusieurs r\u00e9gions d\u00e9passent les 20 mm en 24 heures - webdo","description":"Les derni\u00e8res pluies en Tunisie montrent des cumuls significatifs, notamment dans les r\u00e9gions du nord d\u00e9passant 20 mm.","canonical":"https:\/\/www.webdo.tn\/fr\/actualite\/national\/tunisie-pluies-plusieurs-regions-depassent-les-20-mm-en-24-heures\/392054\/","og_locale":"fr_FR","og_type":"article","og_title":"Tunisie - Pluies : Plusieurs r\u00e9gions d\u00e9passent les 20 mm en 24 heures","og_description":"Les derni\u00e8res pluies en Tunisie montrent des cumuls significatifs, notamment dans les r\u00e9gions du nord d\u00e9passant 20 mm.","og_url":"https:\/\/www.webdo.tn\/fr\/actualite\/national\/tunisie-pluies-plusieurs-regions-depassent-les-20-mm-en-24-heures\/392054\/","og_site_name":"webdo","article_publisher":"https:\/\/www.facebook.com\/webdotn","article_published_time":"2026-01-26T09:14:11+00:00","og_image":[{"width":1200,"height":604,"url":"https:\/\/www.webdo.tn\/fr\/wp-content\/uploads\/2026\/01\/pluie.jpg","type":"image\/jpeg"}],"author":"Mohamed Fethi","twitter_card":"summary_large_image","twitter_creator":"@webdo_tn","twitter_site":"@webdo_tn","twitter_misc":{"\u00c9crit par":"Mohamed Fethi","Dur\u00e9e de lecture estim\u00e9e":"2 minutes"},"schema":{"@context":"https:\/\/schema.org","@graph":[{"@type":"NewsArticle","@id":"https:\/\/www.webdo.tn\/fr\/actualite\/national\/tunisie-pluies-plusieurs-regions-depassent-les-20-mm-en-24-heures\/392054\/#article","isPartOf":{"@id":"https:\/\/www.webdo.tn\/fr\/actualite\/national\/tunisie-pluies-plusieurs-regions-depassent-les-20-mm-en-24-heures\/392054\/"},"author":{"name":"Mohamed Fethi","@id":"https:\/\/www.webdo.tn\/fr\/#\/schema\/person\/16a4857e77dfc0b610c4c2cadffc9ac4"},"headline":"Tunisie &#8211; Pluies : Plusieurs r\u00e9gions d\u00e9passent les 20 mm en 24 heures","datePublished":"2026-01-26T09:14:11+00:00","mainEntityOfPage":{"@id":"https:\/\/www.webdo.tn\/fr\/actualite\/national\/tunisie-pluies-plusieurs-regions-depassent-les-20-mm-en-24-heures\/392054\/"},"wordCount":454,"publisher":{"@id":"https:\/\/www.webdo.tn\/fr\/#organization"},"image":{"@id":"https:\/\/www.webdo.tn\/fr\/actualite\/national\/tunisie-pluies-plusieurs-regions-depassent-les-20-mm-en-24-heures\/392054\/#primaryimage"},"thumbnailUrl":"https:\/\/www.webdo.tn\/fr\/wp-content\/uploads\/2026\/01\/pluie.jpg","keywords":["m\u00e9t\u00e9o","pluies","Pluviom\u00e9trie","pr\u00e9cipitations","Tunisie"],"articleSection":["National"],"inLanguage":"fr-FR"},{"@type":"WebPage","@id":"https:\/\/www.webdo.tn\/fr\/actualite\/national\/tunisie-pluies-plusieurs-regions-depassent-les-20-mm-en-24-heures\/392054\/","url":"https:\/\/www.webdo.tn\/fr\/actualite\/national\/tunisie-pluies-plusieurs-regions-depassent-les-20-mm-en-24-heures\/392054\/","name":"Tunisie - Pluies : Plusieurs r\u00e9gions d\u00e9passent les 20 mm en 24 heures - webdo","isPartOf":{"@id":"https:\/\/www.webdo.tn\/fr\/#website"},"primaryImageOfPage":{"@id":"https:\/\/www.webdo.tn\/fr\/actualite\/national\/tunisie-pluies-plusieurs-regions-depassent-les-20-mm-en-24-heures\/392054\/#primaryimage"},"image":{"@id":"https:\/\/www.webdo.tn\/fr\/actualite\/national\/tunisie-pluies-plusieurs-regions-depassent-les-20-mm-en-24-heures\/392054\/#primaryimage"},"thumbnailUrl":"https:\/\/www.webdo.tn\/fr\/wp-content\/uploads\/2026\/01\/pluie.jpg","datePublished":"2026-01-26T09:14:11+00:00","description":"Les derni\u00e8res pluies en Tunisie montrent des cumuls significatifs, notamment dans les r\u00e9gions du nord d\u00e9passant 20 mm.","breadcrumb":{"@id":"https:\/\/www.webdo.tn\/fr\/actualite\/national\/tunisie-pluies-plusieurs-regions-depassent-les-20-mm-en-24-heures\/392054\/#breadcrumb"},"inLanguage":"fr-FR","potentialAction":[{"@type":"ReadAction","target":["https:\/\/www.webdo.tn\/fr\/actualite\/national\/tunisie-pluies-plusieurs-regions-depassent-les-20-mm-en-24-heures\/392054\/"]}]},{"@type":"ImageObject","inLanguage":"fr-FR","@id":"https:\/\/www.webdo.tn\/fr\/actualite\/national\/tunisie-pluies-plusieurs-regions-depassent-les-20-mm-en-24-heures\/392054\/#primaryimage","url":"https:\/\/www.webdo.tn\/fr\/wp-content\/uploads\/2026\/01\/pluie.jpg","contentUrl":"https:\/\/www.webdo.tn\/fr\/wp-content\/uploads\/2026\/01\/pluie.jpg","width":1200,"height":604,"caption":"Tunisie - M\u00e9t\u00e9o : Des pluies orageuses attendues sur le nord et le centre du pays"},{"@type":"BreadcrumbList","@id":"https:\/\/www.webdo.tn\/fr\/actualite\/national\/tunisie-pluies-plusieurs-regions-depassent-les-20-mm-en-24-heures\/392054\/#breadcrumb","itemListElement":[{"@type":"ListItem","position":1,"name":"Accueil","item":"https:\/\/www.webdo.tn\/fr\/"},{"@type":"ListItem","position":2,"name":"Tunisie &#8211; Pluies : Plusieurs r\u00e9gions d\u00e9passent les 20 mm en 24 heures"}]},{"@type":"WebSite","@id":"https:\/\/www.webdo.tn\/fr\/#website","url":"https:\/\/www.webdo.tn\/fr\/","name":"webdo","description":"Tunisie - News en Tunisie et \u00e0 l&#039;international sur Webdo.tn","publisher":{"@id":"https:\/\/www.webdo.tn\/fr\/#organization"},"potentialAction":[{"@type":"SearchAction","target":{"@type":"EntryPoint","urlTemplate":"https:\/\/www.webdo.tn\/fr\/?s={search_term_string}"},"query-input":{"@type":"PropertyValueSpecification","valueRequired":true,"valueName":"search_term_string"}}],"inLanguage":"fr-FR"},{"@type":"Organization","@id":"https:\/\/www.webdo.tn\/fr\/#organization","name":"Webdo","alternateName":"Webdo.tn","url":"https:\/\/www.webdo.tn\/fr\/","logo":{"@type":"ImageObject","inLanguage":"fr-FR","@id":"https:\/\/www.webdo.tn\/fr\/#\/schema\/logo\/image\/","url":"https:\/\/www.webdo.tn\/fr\/wp-content\/uploads\/2025\/06\/Webdo-Tunisie_168377.jpg","contentUrl":"https:\/\/www.webdo.tn\/fr\/wp-content\/uploads\/2025\/06\/Webdo-Tunisie_168377.jpg","width":301,"height":301,"caption":"Webdo"},"image":{"@id":"https:\/\/www.webdo.tn\/fr\/#\/schema\/logo\/image\/"},"sameAs":["https:\/\/www.facebook.com\/webdotn","https:\/\/x.com\/webdo_tn"],"description":"Webdo est un m\u00e9dia num\u00e9rique tunisien fond\u00e9 en 2010, sp\u00e9cialis\u00e9 dans l\u2019actualit\u00e9 nationale et internationale, l\u2019\u00e9conomie, la soci\u00e9t\u00e9 et les analyses politiques. Le site s\u2019adresse \u00e0 un large public francophone et couvre l\u2019information tunisienne en temps r\u00e9el.","email":"redac@webdo.tn","legalName":"YNJ SARL","foundingDate":"2010-09-06","numberOfEmployees":{"@type":"QuantitativeValue","minValue":"11","maxValue":"50"}},{"@type":"Person","@id":"https:\/\/www.webdo.tn\/fr\/#\/schema\/person\/16a4857e77dfc0b610c4c2cadffc9ac4","name":"Mohamed Fethi","image":{"@type":"ImageObject","inLanguage":"fr-FR","@id":"https:\/\/www.webdo.tn\/fr\/wp-content\/uploads\/2026\/04\/mohamed-fethi_avatar_1-96x96.jpg","url":"https:\/\/www.webdo.tn\/fr\/wp-content\/uploads\/2026\/04\/mohamed-fethi_avatar_1-96x96.jpg","contentUrl":"https:\/\/www.webdo.tn\/fr\/wp-content\/uploads\/2026\/04\/mohamed-fethi_avatar_1-96x96.jpg","caption":"Mohamed Fethi"},"description":"Signature \u00e9ditoriale de Maher Chaabane Mohamed Fethi est le pseudonyme \u00e9ditorial de Maher Chaabane, r\u00e9dacteur en chef de Webdo.tn depuis 2012. Cette signature est d\u00e9di\u00e9e au traitement intensif de l'actualit\u00e9 nationale et internationale en temps r\u00e9el. S'appuyant sur les deux d\u00e9cennies d'expertise journalistique de Maher Chaabane \u2014 d\u00e9but\u00e9e au sein du groupe Tunis Hebdo en 2000 \u2014 Mohamed Fethi assure une veille rigoureuse sur les enjeux politiques, \u00e9conomiques et sportifs. Sa mission est de garantir une information structur\u00e9e, fluide et fid\u00e8le aux standards de la r\u00e9daction. Pour consulter le parcours complet du r\u00e9dacteur en chef, visitez le profil officiel de Maher Chaabane.","knowsAbout":["actualit\u00e9","journalisme","information","politique","sport","m\u00e9dias","actualit\u00e9 internationale"],"knowsLanguage":["Fran\u00e7ais","Arabe"],"jobTitle":"Journaliste \u2013 R\u00e9daction Webdo","worksFor":"Webdo.tn","url":"https:\/\/www.webdo.tn\/fr\/actualite\/author\/mohamed-fethi\/"}]}},"_links":{"self":[{"href":"https:\/\/www.webdo.tn\/fr\/wp-json\/wp\/v2\/posts\/392054","targetHints":{"allow":["GET"]}}],"collection":[{"href":"https:\/\/www.webdo.tn\/fr\/wp-json\/wp\/v2\/posts"}],"about":[{"href":"https:\/\/www.webdo.tn\/fr\/wp-json\/wp\/v2\/types\/post"}],"author":[{"embeddable":true,"href":"https:\/\/www.webdo.tn\/fr\/wp-json\/wp\/v2\/users\/4782"}],"replies":[{"embeddable":true,"href":"https:\/\/www.webdo.tn\/fr\/wp-json\/wp\/v2\/comments?post=392054"}],"version-history":[{"count":0,"href":"https:\/\/www.webdo.tn\/fr\/wp-json\/wp\/v2\/posts\/392054\/revisions"}],"wp:featuredmedia":[{"embeddable":true,"href":"https:\/\/www.webdo.tn\/fr\/wp-json\/wp\/v2\/media\/391585"}],"wp:attachment":[{"href":"https:\/\/www.webdo.tn\/fr\/wp-json\/wp\/v2\/media?parent=392054"}],"wp:term":[{"taxonomy":"category","embeddable":true,"href":"https:\/\/www.webdo.tn\/fr\/wp-json\/wp\/v2\/categories?post=392054"},{"taxonomy":"post_tag","embeddable":true,"href":"https:\/\/www.webdo.tn\/fr\/wp-json\/wp\/v2\/tags?post=392054"}],"curies":[{"name":"wp","href":"https:\/\/api.w.org\/{rel}","templated":true}]}}