{"id":392048,"date":"2026-01-26T09:07:51","date_gmt":"2026-01-26T08:07:51","guid":{"rendered":"https:\/\/www.webdo.tn\/fr\/?p=392048"},"modified":"2026-01-26T15:15:26","modified_gmt":"2026-01-26T14:15:26","slug":"tunisie-meteo-fort-coup-de-vent-et-retour-des-pluies","status":"publish","type":"post","link":"https:\/\/www.webdo.tn\/fr\/actualite\/national\/tunisie-meteo-fort-coup-de-vent-et-retour-des-pluies\/392048\/","title":{"rendered":"Tunisie &#8211; M\u00e9t\u00e9o\u00a0: Fort coup de vent et retour des pluies"},"content":{"rendered":"\n<p><strong>Une nouvelle d\u00e9gradation du temps concerne la Tunisie, avec un \u00e9pisode pluvieux attendu en priorit\u00e9 sur l\u2019extr\u00eame nord-ouest et un renforcement marqu\u00e9 des vents sur la plupart des r\u00e9gions. Les autorit\u00e9s m\u00e9t\u00e9orologiques alertent \u00e9galement sur une mer tr\u00e8s agit\u00e9e et une nette baisse des temp\u00e9ratures.<\/strong><\/p>\n\n\n\n<p>La situation m\u00e9t\u00e9orologique s\u2019oriente vers une nouvelle phase d\u2019instabilit\u00e9, principalement sur les r\u00e9gions septentrionales. Le ciel sera souvent charg\u00e9 au nord, avec des averses \u00e9parses pouvant prendre un caract\u00e8re orageux et parfois soutenu, notamment sur l\u2019extr\u00eame nord-ouest.<\/p>\n\n\n\n<p>Au fil des heures, cette perturbation devrait progressivement gagner du terrain. Dans la nuit, les pluies sont attendues sur le centre puis localement sur le sud, marquant une extension du mauvais temps \u00e0 une grande partie du pays.<\/p>\n\n\n\n<h2 class=\"wp-block-heading\" id=\"h-des-vents-violents-et-une-visibilite-degradee\">Des vents violents et une visibilit\u00e9 d\u00e9grad\u00e9e<\/h2>\n\n\n\n<p>Le fait marquant de cet \u00e9pisode reste toutefois le renforcement spectaculaire du vent. Soufflant de secteur ouest, il concernera la majorit\u00e9 des r\u00e9gions et pourrait d\u00e9passer localement les 100 km\/h sous forme de rafales.<\/p>\n\n\n\n<p>Dans le sud, ces vents puissants s\u2019accompagneront de soul\u00e8vements de sable, provoquant une baisse sensible de la visibilit\u00e9 horizontale et compliquant les conditions de circulation, notamment sur les axes routiers expos\u00e9s.<\/p>\n\n\n\n<p>Les conditions en mer s\u2019annoncent particuli\u00e8rement difficiles. Au nord, la mer sera tr\u00e8s houleuse, tandis que sur les c\u00f4tes est, elle oscillera entre tr\u00e8s agit\u00e9e et localement houleuse.<\/p>\n\n\n\n<h2 class=\"wp-block-heading\" id=\"h-des-temperatures-en-nette-baisse\">Des temp\u00e9ratures en nette baisse<\/h2>\n\n\n\n<p>Sur le plan thermique, l\u2019ambiance restera hivernale. Les maximales oscilleront entre 8 et 13 degr\u00e9s dans les r\u00e9gions du nord et du centre-ouest, tandis qu\u2019elles se situeront entre 14 et 19 degr\u00e9s dans le reste du pays. Cette fra\u00eecheur, combin\u00e9e au vent fort et aux pluies, renforcera la sensation de froid, notamment dans les zones expos\u00e9es.<\/p>\n\n\n\n<p>Cet \u00e9pisode confirme la persistance d\u2019un temps perturb\u00e9 sur la Tunisie, dans la continuit\u00e9 des r\u00e9centes intemp\u00e9ries.<\/p>\n\n\n\n<p><\/p>\n\n\n\n<blockquote class=\"wp-block-quote is-layout-flow wp-block-quote-is-layout-flow\">\n<blockquote class=\"wp-block-quote is-layout-flow wp-block-quote-is-layout-flow\">\n<p><strong>Lire aussi :<\/strong><\/p>\n\n\n\n<ul class=\"wp-block-list\">\n<li><a href=\"https:\/\/www.webdo.tn\/fr\/actualite\/national\/tunisie-meteo-refroidissement-marque-et-pluies-intermittentes-sur-le-nord-du-pays\/391997\/\">Tunisie \u2013 M\u00e9t\u00e9o : Refroidissement marqu\u00e9 et pluies intermittentes sur le nord du pays<\/a><\/li>\n\n\n\n<li><a href=\"https:\/\/www.webdo.tn\/fr\/actualite\/national\/inondations-kais-saied-appelle-a-des-solutions-concretes-plutot-qua-des-communiques\/391950\/\">Inondations : Ka\u00efs Sa\u00efed appelle \u00e0 des solutions concr\u00e8tes plut\u00f4t qu\u2019\u00e0 des communiqu\u00e9s<\/a><\/li>\n\n\n\n<li><a href=\"https:\/\/www.webdo.tn\/fr\/actualite\/national\/tunisie-un-week-end-pluvieux-et-hivernal\/391936\/\">Tunisie : Un week-end pluvieux et hivernal<\/a><\/li>\n<\/ul>\n<\/blockquote>\n<\/blockquote>\n","protected":false},"excerpt":{"rendered":"<p>Une nouvelle d\u00e9gradation du temps concerne la Tunisie, avec un \u00e9pisode pluvieux attendu en priorit\u00e9 sur l\u2019extr\u00eame nord-ouest et un renforcement marqu\u00e9 des vents sur la plupart des r\u00e9gions. Les autorit\u00e9s m\u00e9t\u00e9orologiques alertent \u00e9galement sur une mer tr\u00e8s agit\u00e9e et une nette baisse des temp\u00e9ratures. La situation m\u00e9t\u00e9orologique s\u2019oriente vers une nouvelle phase d\u2019instabilit\u00e9, principalement [&hellip;]<\/p>\n","protected":false},"author":4782,"featured_media":392049,"comment_status":"closed","ping_status":"closed","sticky":false,"template":"","format":"standard","meta":{"footnotes":""},"categories":[44],"tags":[2670,3163,2608,3363],"class_list":["post-392048","post","type-post","status-publish","format-standard","has-post-thumbnail","hentry","category-national","tag-meteo","tag-pluies","tag-tunisie","tag-vent"],"yoast_head":"<!-- This site is optimized with the Yoast SEO Premium plugin v27.5 (Yoast SEO v27.5) - https:\/\/yoast.com\/product\/yoast-seo-premium-wordpress\/ -->\n<title>Tunisie - M\u00e9t\u00e9o\u00a0: Fort coup de vent et retour des pluies - webdo<\/title>\n<meta name=\"description\" content=\"Pr\u00e9parez-vous pour une d\u00e9gradation m\u00e9t\u00e9o en Tunisie avec des pluies et des vents forts. Suivez les alertes m\u00e9t\u00e9orologiques.\" \/>\n<link rel=\"canonical\" href=\"https:\/\/www.webdo.tn\/fr\/actualite\/national\/tunisie-meteo-fort-coup-de-vent-et-retour-des-pluies\/392048\/\" \/>\n<meta property=\"og:locale\" content=\"fr_FR\" \/>\n<meta property=\"og:type\" content=\"article\" \/>\n<meta property=\"og:title\" content=\"Tunisie - M\u00e9t\u00e9o\u00a0: Fort coup de vent et retour des pluies\" \/>\n<meta property=\"og:description\" content=\"Pr\u00e9parez-vous pour une d\u00e9gradation m\u00e9t\u00e9o en Tunisie avec des pluies et des vents forts. Suivez les alertes m\u00e9t\u00e9orologiques.\" \/>\n<meta property=\"og:url\" content=\"https:\/\/www.webdo.tn\/fr\/actualite\/national\/tunisie-meteo-fort-coup-de-vent-et-retour-des-pluies\/392048\/\" \/>\n<meta property=\"og:site_name\" content=\"webdo\" \/>\n<meta property=\"article:publisher\" content=\"https:\/\/www.facebook.com\/webdotn\" \/>\n<meta property=\"article:published_time\" content=\"2026-01-26T08:07:51+00:00\" \/>\n<meta property=\"article:modified_time\" content=\"2026-01-26T14:15:26+00:00\" \/>\n<meta property=\"og:image\" content=\"https:\/\/www.webdo.tn\/fr\/wp-content\/uploads\/2026\/01\/vent.jpg\" \/>\n\t<meta property=\"og:image:width\" content=\"1200\" \/>\n\t<meta property=\"og:image:height\" content=\"603\" \/>\n\t<meta property=\"og:image:type\" content=\"image\/jpeg\" \/>\n<meta name=\"author\" content=\"Mohamed Fethi\" \/>\n<meta name=\"twitter:card\" content=\"summary_large_image\" \/>\n<meta name=\"twitter:creator\" content=\"@webdo_tn\" \/>\n<meta name=\"twitter:site\" content=\"@webdo_tn\" \/>\n<meta name=\"twitter:label1\" content=\"\u00c9crit par\" \/>\n\t<meta name=\"twitter:data1\" content=\"Mohamed Fethi\" \/>\n\t<meta name=\"twitter:label2\" content=\"Dur\u00e9e de lecture estim\u00e9e\" \/>\n\t<meta name=\"twitter:data2\" content=\"2 minutes\" \/>\n<script type=\"application\/ld+json\" class=\"yoast-schema-graph\">{\"@context\":\"https:\\\/\\\/schema.org\",\"@graph\":[{\"@type\":\"NewsArticle\",\"@id\":\"https:\\\/\\\/www.webdo.tn\\\/fr\\\/actualite\\\/national\\\/tunisie-meteo-fort-coup-de-vent-et-retour-des-pluies\\\/392048\\\/#article\",\"isPartOf\":{\"@id\":\"https:\\\/\\\/www.webdo.tn\\\/fr\\\/actualite\\\/national\\\/tunisie-meteo-fort-coup-de-vent-et-retour-des-pluies\\\/392048\\\/\"},\"author\":{\"name\":\"Mohamed Fethi\",\"@id\":\"https:\\\/\\\/www.webdo.tn\\\/fr\\\/#\\\/schema\\\/person\\\/16a4857e77dfc0b610c4c2cadffc9ac4\"},\"headline\":\"Tunisie &#8211; M\u00e9t\u00e9o\u00a0: Fort coup de vent et retour des pluies\",\"datePublished\":\"2026-01-26T08:07:51+00:00\",\"dateModified\":\"2026-01-26T14:15:26+00:00\",\"mainEntityOfPage\":{\"@id\":\"https:\\\/\\\/www.webdo.tn\\\/fr\\\/actualite\\\/national\\\/tunisie-meteo-fort-coup-de-vent-et-retour-des-pluies\\\/392048\\\/\"},\"wordCount\":387,\"publisher\":{\"@id\":\"https:\\\/\\\/www.webdo.tn\\\/fr\\\/#organization\"},\"image\":{\"@id\":\"https:\\\/\\\/www.webdo.tn\\\/fr\\\/actualite\\\/national\\\/tunisie-meteo-fort-coup-de-vent-et-retour-des-pluies\\\/392048\\\/#primaryimage\"},\"thumbnailUrl\":\"https:\\\/\\\/www.webdo.tn\\\/fr\\\/wp-content\\\/uploads\\\/2026\\\/01\\\/vent.jpg\",\"keywords\":[\"m\u00e9t\u00e9o\",\"pluies\",\"Tunisie\",\"Vent\"],\"articleSection\":[\"National\"],\"inLanguage\":\"fr-FR\"},{\"@type\":\"WebPage\",\"@id\":\"https:\\\/\\\/www.webdo.tn\\\/fr\\\/actualite\\\/national\\\/tunisie-meteo-fort-coup-de-vent-et-retour-des-pluies\\\/392048\\\/\",\"url\":\"https:\\\/\\\/www.webdo.tn\\\/fr\\\/actualite\\\/national\\\/tunisie-meteo-fort-coup-de-vent-et-retour-des-pluies\\\/392048\\\/\",\"name\":\"Tunisie - M\u00e9t\u00e9o\u00a0: Fort coup de vent et retour des pluies - webdo\",\"isPartOf\":{\"@id\":\"https:\\\/\\\/www.webdo.tn\\\/fr\\\/#website\"},\"primaryImageOfPage\":{\"@id\":\"https:\\\/\\\/www.webdo.tn\\\/fr\\\/actualite\\\/national\\\/tunisie-meteo-fort-coup-de-vent-et-retour-des-pluies\\\/392048\\\/#primaryimage\"},\"image\":{\"@id\":\"https:\\\/\\\/www.webdo.tn\\\/fr\\\/actualite\\\/national\\\/tunisie-meteo-fort-coup-de-vent-et-retour-des-pluies\\\/392048\\\/#primaryimage\"},\"thumbnailUrl\":\"https:\\\/\\\/www.webdo.tn\\\/fr\\\/wp-content\\\/uploads\\\/2026\\\/01\\\/vent.jpg\",\"datePublished\":\"2026-01-26T08:07:51+00:00\",\"dateModified\":\"2026-01-26T14:15:26+00:00\",\"description\":\"Pr\u00e9parez-vous pour une d\u00e9gradation m\u00e9t\u00e9o en Tunisie avec des pluies et des vents forts. Suivez les alertes m\u00e9t\u00e9orologiques.\",\"breadcrumb\":{\"@id\":\"https:\\\/\\\/www.webdo.tn\\\/fr\\\/actualite\\\/national\\\/tunisie-meteo-fort-coup-de-vent-et-retour-des-pluies\\\/392048\\\/#breadcrumb\"},\"inLanguage\":\"fr-FR\",\"potentialAction\":[{\"@type\":\"ReadAction\",\"target\":[\"https:\\\/\\\/www.webdo.tn\\\/fr\\\/actualite\\\/national\\\/tunisie-meteo-fort-coup-de-vent-et-retour-des-pluies\\\/392048\\\/\"]}]},{\"@type\":\"ImageObject\",\"inLanguage\":\"fr-FR\",\"@id\":\"https:\\\/\\\/www.webdo.tn\\\/fr\\\/actualite\\\/national\\\/tunisie-meteo-fort-coup-de-vent-et-retour-des-pluies\\\/392048\\\/#primaryimage\",\"url\":\"https:\\\/\\\/www.webdo.tn\\\/fr\\\/wp-content\\\/uploads\\\/2026\\\/01\\\/vent.jpg\",\"contentUrl\":\"https:\\\/\\\/www.webdo.tn\\\/fr\\\/wp-content\\\/uploads\\\/2026\\\/01\\\/vent.jpg\",\"width\":1200,\"height\":603,\"caption\":\"Tunisie : Vents violents et pluies au programme\"},{\"@type\":\"BreadcrumbList\",\"@id\":\"https:\\\/\\\/www.webdo.tn\\\/fr\\\/actualite\\\/national\\\/tunisie-meteo-fort-coup-de-vent-et-retour-des-pluies\\\/392048\\\/#breadcrumb\",\"itemListElement\":[{\"@type\":\"ListItem\",\"position\":1,\"name\":\"Accueil\",\"item\":\"https:\\\/\\\/www.webdo.tn\\\/fr\\\/\"},{\"@type\":\"ListItem\",\"position\":2,\"name\":\"Tunisie &#8211; M\u00e9t\u00e9o\u00a0: Fort coup de vent et retour des pluies\"}]},{\"@type\":\"WebSite\",\"@id\":\"https:\\\/\\\/www.webdo.tn\\\/fr\\\/#website\",\"url\":\"https:\\\/\\\/www.webdo.tn\\\/fr\\\/\",\"name\":\"webdo\",\"description\":\"Tunisie - News en Tunisie et \u00e0 l&#039;international sur Webdo.tn\",\"publisher\":{\"@id\":\"https:\\\/\\\/www.webdo.tn\\\/fr\\\/#organization\"},\"potentialAction\":[{\"@type\":\"SearchAction\",\"target\":{\"@type\":\"EntryPoint\",\"urlTemplate\":\"https:\\\/\\\/www.webdo.tn\\\/fr\\\/?s={search_term_string}\"},\"query-input\":{\"@type\":\"PropertyValueSpecification\",\"valueRequired\":true,\"valueName\":\"search_term_string\"}}],\"inLanguage\":\"fr-FR\"},{\"@type\":\"Organization\",\"@id\":\"https:\\\/\\\/www.webdo.tn\\\/fr\\\/#organization\",\"name\":\"Webdo\",\"alternateName\":\"Webdo.tn\",\"url\":\"https:\\\/\\\/www.webdo.tn\\\/fr\\\/\",\"logo\":{\"@type\":\"ImageObject\",\"inLanguage\":\"fr-FR\",\"@id\":\"https:\\\/\\\/www.webdo.tn\\\/fr\\\/#\\\/schema\\\/logo\\\/image\\\/\",\"url\":\"https:\\\/\\\/www.webdo.tn\\\/fr\\\/wp-content\\\/uploads\\\/2025\\\/06\\\/Webdo-Tunisie_168377.jpg\",\"contentUrl\":\"https:\\\/\\\/www.webdo.tn\\\/fr\\\/wp-content\\\/uploads\\\/2025\\\/06\\\/Webdo-Tunisie_168377.jpg\",\"width\":301,\"height\":301,\"caption\":\"Webdo\"},\"image\":{\"@id\":\"https:\\\/\\\/www.webdo.tn\\\/fr\\\/#\\\/schema\\\/logo\\\/image\\\/\"},\"sameAs\":[\"https:\\\/\\\/www.facebook.com\\\/webdotn\",\"https:\\\/\\\/x.com\\\/webdo_tn\"],\"description\":\"Webdo est un m\u00e9dia num\u00e9rique tunisien fond\u00e9 en 2010, sp\u00e9cialis\u00e9 dans l\u2019actualit\u00e9 nationale et internationale, l\u2019\u00e9conomie, la soci\u00e9t\u00e9 et les analyses politiques. Le site s\u2019adresse \u00e0 un large public francophone et couvre l\u2019information tunisienne en temps r\u00e9el.\",\"email\":\"redac@webdo.tn\",\"legalName\":\"YNJ SARL\",\"foundingDate\":\"2010-09-06\",\"numberOfEmployees\":{\"@type\":\"QuantitativeValue\",\"minValue\":\"11\",\"maxValue\":\"50\"}},{\"@type\":\"Person\",\"@id\":\"https:\\\/\\\/www.webdo.tn\\\/fr\\\/#\\\/schema\\\/person\\\/16a4857e77dfc0b610c4c2cadffc9ac4\",\"name\":\"Mohamed Fethi\",\"image\":{\"@type\":\"ImageObject\",\"inLanguage\":\"fr-FR\",\"@id\":\"https:\\\/\\\/www.webdo.tn\\\/fr\\\/wp-content\\\/uploads\\\/2026\\\/04\\\/mohamed-fethi_avatar_1-96x96.jpg\",\"url\":\"https:\\\/\\\/www.webdo.tn\\\/fr\\\/wp-content\\\/uploads\\\/2026\\\/04\\\/mohamed-fethi_avatar_1-96x96.jpg\",\"contentUrl\":\"https:\\\/\\\/www.webdo.tn\\\/fr\\\/wp-content\\\/uploads\\\/2026\\\/04\\\/mohamed-fethi_avatar_1-96x96.jpg\",\"caption\":\"Mohamed Fethi\"},\"description\":\"Signature \u00e9ditoriale de Maher Chaabane Mohamed Fethi est le pseudonyme \u00e9ditorial de Maher Chaabane, r\u00e9dacteur en chef de Webdo.tn depuis 2012. Cette signature est d\u00e9di\u00e9e au traitement intensif de l'actualit\u00e9 nationale et internationale en temps r\u00e9el. S'appuyant sur les deux d\u00e9cennies d'expertise journalistique de Maher Chaabane \u2014 d\u00e9but\u00e9e au sein du groupe Tunis Hebdo en 2000 \u2014 Mohamed Fethi assure une veille rigoureuse sur les enjeux politiques, \u00e9conomiques et sportifs. Sa mission est de garantir une information structur\u00e9e, fluide et fid\u00e8le aux standards de la r\u00e9daction. Pour consulter le parcours complet du r\u00e9dacteur en chef, visitez le profil officiel de Maher Chaabane.\",\"knowsAbout\":[\"actualit\u00e9\",\"journalisme\",\"information\",\"politique\",\"sport\",\"m\u00e9dias\",\"actualit\u00e9 internationale\"],\"knowsLanguage\":[\"Fran\u00e7ais\",\"Arabe\"],\"jobTitle\":\"Journaliste \u2013 R\u00e9daction Webdo\",\"worksFor\":\"Webdo.tn\",\"url\":\"https:\\\/\\\/www.webdo.tn\\\/fr\\\/actualite\\\/author\\\/mohamed-fethi\\\/\"}]}<\/script>\n<!-- \/ Yoast SEO Premium plugin. -->","yoast_head_json":{"title":"Tunisie - M\u00e9t\u00e9o\u00a0: Fort coup de vent et retour des pluies - webdo","description":"Pr\u00e9parez-vous pour une d\u00e9gradation m\u00e9t\u00e9o en Tunisie avec des pluies et des vents forts. Suivez les alertes m\u00e9t\u00e9orologiques.","canonical":"https:\/\/www.webdo.tn\/fr\/actualite\/national\/tunisie-meteo-fort-coup-de-vent-et-retour-des-pluies\/392048\/","og_locale":"fr_FR","og_type":"article","og_title":"Tunisie - M\u00e9t\u00e9o\u00a0: Fort coup de vent et retour des pluies","og_description":"Pr\u00e9parez-vous pour une d\u00e9gradation m\u00e9t\u00e9o en Tunisie avec des pluies et des vents forts. Suivez les alertes m\u00e9t\u00e9orologiques.","og_url":"https:\/\/www.webdo.tn\/fr\/actualite\/national\/tunisie-meteo-fort-coup-de-vent-et-retour-des-pluies\/392048\/","og_site_name":"webdo","article_publisher":"https:\/\/www.facebook.com\/webdotn","article_published_time":"2026-01-26T08:07:51+00:00","article_modified_time":"2026-01-26T14:15:26+00:00","og_image":[{"width":1200,"height":603,"url":"https:\/\/www.webdo.tn\/fr\/wp-content\/uploads\/2026\/01\/vent.jpg","type":"image\/jpeg"}],"author":"Mohamed Fethi","twitter_card":"summary_large_image","twitter_creator":"@webdo_tn","twitter_site":"@webdo_tn","twitter_misc":{"\u00c9crit par":"Mohamed Fethi","Dur\u00e9e de lecture estim\u00e9e":"2 minutes"},"schema":{"@context":"https:\/\/schema.org","@graph":[{"@type":"NewsArticle","@id":"https:\/\/www.webdo.tn\/fr\/actualite\/national\/tunisie-meteo-fort-coup-de-vent-et-retour-des-pluies\/392048\/#article","isPartOf":{"@id":"https:\/\/www.webdo.tn\/fr\/actualite\/national\/tunisie-meteo-fort-coup-de-vent-et-retour-des-pluies\/392048\/"},"author":{"name":"Mohamed Fethi","@id":"https:\/\/www.webdo.tn\/fr\/#\/schema\/person\/16a4857e77dfc0b610c4c2cadffc9ac4"},"headline":"Tunisie &#8211; M\u00e9t\u00e9o\u00a0: Fort coup de vent et retour des pluies","datePublished":"2026-01-26T08:07:51+00:00","dateModified":"2026-01-26T14:15:26+00:00","mainEntityOfPage":{"@id":"https:\/\/www.webdo.tn\/fr\/actualite\/national\/tunisie-meteo-fort-coup-de-vent-et-retour-des-pluies\/392048\/"},"wordCount":387,"publisher":{"@id":"https:\/\/www.webdo.tn\/fr\/#organization"},"image":{"@id":"https:\/\/www.webdo.tn\/fr\/actualite\/national\/tunisie-meteo-fort-coup-de-vent-et-retour-des-pluies\/392048\/#primaryimage"},"thumbnailUrl":"https:\/\/www.webdo.tn\/fr\/wp-content\/uploads\/2026\/01\/vent.jpg","keywords":["m\u00e9t\u00e9o","pluies","Tunisie","Vent"],"articleSection":["National"],"inLanguage":"fr-FR"},{"@type":"WebPage","@id":"https:\/\/www.webdo.tn\/fr\/actualite\/national\/tunisie-meteo-fort-coup-de-vent-et-retour-des-pluies\/392048\/","url":"https:\/\/www.webdo.tn\/fr\/actualite\/national\/tunisie-meteo-fort-coup-de-vent-et-retour-des-pluies\/392048\/","name":"Tunisie - M\u00e9t\u00e9o\u00a0: Fort coup de vent et retour des pluies - webdo","isPartOf":{"@id":"https:\/\/www.webdo.tn\/fr\/#website"},"primaryImageOfPage":{"@id":"https:\/\/www.webdo.tn\/fr\/actualite\/national\/tunisie-meteo-fort-coup-de-vent-et-retour-des-pluies\/392048\/#primaryimage"},"image":{"@id":"https:\/\/www.webdo.tn\/fr\/actualite\/national\/tunisie-meteo-fort-coup-de-vent-et-retour-des-pluies\/392048\/#primaryimage"},"thumbnailUrl":"https:\/\/www.webdo.tn\/fr\/wp-content\/uploads\/2026\/01\/vent.jpg","datePublished":"2026-01-26T08:07:51+00:00","dateModified":"2026-01-26T14:15:26+00:00","description":"Pr\u00e9parez-vous pour une d\u00e9gradation m\u00e9t\u00e9o en Tunisie avec des pluies et des vents forts. Suivez les alertes m\u00e9t\u00e9orologiques.","breadcrumb":{"@id":"https:\/\/www.webdo.tn\/fr\/actualite\/national\/tunisie-meteo-fort-coup-de-vent-et-retour-des-pluies\/392048\/#breadcrumb"},"inLanguage":"fr-FR","potentialAction":[{"@type":"ReadAction","target":["https:\/\/www.webdo.tn\/fr\/actualite\/national\/tunisie-meteo-fort-coup-de-vent-et-retour-des-pluies\/392048\/"]}]},{"@type":"ImageObject","inLanguage":"fr-FR","@id":"https:\/\/www.webdo.tn\/fr\/actualite\/national\/tunisie-meteo-fort-coup-de-vent-et-retour-des-pluies\/392048\/#primaryimage","url":"https:\/\/www.webdo.tn\/fr\/wp-content\/uploads\/2026\/01\/vent.jpg","contentUrl":"https:\/\/www.webdo.tn\/fr\/wp-content\/uploads\/2026\/01\/vent.jpg","width":1200,"height":603,"caption":"Tunisie : Vents violents et pluies au programme"},{"@type":"BreadcrumbList","@id":"https:\/\/www.webdo.tn\/fr\/actualite\/national\/tunisie-meteo-fort-coup-de-vent-et-retour-des-pluies\/392048\/#breadcrumb","itemListElement":[{"@type":"ListItem","position":1,"name":"Accueil","item":"https:\/\/www.webdo.tn\/fr\/"},{"@type":"ListItem","position":2,"name":"Tunisie &#8211; M\u00e9t\u00e9o\u00a0: Fort coup de vent et retour des pluies"}]},{"@type":"WebSite","@id":"https:\/\/www.webdo.tn\/fr\/#website","url":"https:\/\/www.webdo.tn\/fr\/","name":"webdo","description":"Tunisie - News en Tunisie et \u00e0 l&#039;international sur Webdo.tn","publisher":{"@id":"https:\/\/www.webdo.tn\/fr\/#organization"},"potentialAction":[{"@type":"SearchAction","target":{"@type":"EntryPoint","urlTemplate":"https:\/\/www.webdo.tn\/fr\/?s={search_term_string}"},"query-input":{"@type":"PropertyValueSpecification","valueRequired":true,"valueName":"search_term_string"}}],"inLanguage":"fr-FR"},{"@type":"Organization","@id":"https:\/\/www.webdo.tn\/fr\/#organization","name":"Webdo","alternateName":"Webdo.tn","url":"https:\/\/www.webdo.tn\/fr\/","logo":{"@type":"ImageObject","inLanguage":"fr-FR","@id":"https:\/\/www.webdo.tn\/fr\/#\/schema\/logo\/image\/","url":"https:\/\/www.webdo.tn\/fr\/wp-content\/uploads\/2025\/06\/Webdo-Tunisie_168377.jpg","contentUrl":"https:\/\/www.webdo.tn\/fr\/wp-content\/uploads\/2025\/06\/Webdo-Tunisie_168377.jpg","width":301,"height":301,"caption":"Webdo"},"image":{"@id":"https:\/\/www.webdo.tn\/fr\/#\/schema\/logo\/image\/"},"sameAs":["https:\/\/www.facebook.com\/webdotn","https:\/\/x.com\/webdo_tn"],"description":"Webdo est un m\u00e9dia num\u00e9rique tunisien fond\u00e9 en 2010, sp\u00e9cialis\u00e9 dans l\u2019actualit\u00e9 nationale et internationale, l\u2019\u00e9conomie, la soci\u00e9t\u00e9 et les analyses politiques. Le site s\u2019adresse \u00e0 un large public francophone et couvre l\u2019information tunisienne en temps r\u00e9el.","email":"redac@webdo.tn","legalName":"YNJ SARL","foundingDate":"2010-09-06","numberOfEmployees":{"@type":"QuantitativeValue","minValue":"11","maxValue":"50"}},{"@type":"Person","@id":"https:\/\/www.webdo.tn\/fr\/#\/schema\/person\/16a4857e77dfc0b610c4c2cadffc9ac4","name":"Mohamed Fethi","image":{"@type":"ImageObject","inLanguage":"fr-FR","@id":"https:\/\/www.webdo.tn\/fr\/wp-content\/uploads\/2026\/04\/mohamed-fethi_avatar_1-96x96.jpg","url":"https:\/\/www.webdo.tn\/fr\/wp-content\/uploads\/2026\/04\/mohamed-fethi_avatar_1-96x96.jpg","contentUrl":"https:\/\/www.webdo.tn\/fr\/wp-content\/uploads\/2026\/04\/mohamed-fethi_avatar_1-96x96.jpg","caption":"Mohamed Fethi"},"description":"Signature \u00e9ditoriale de Maher Chaabane Mohamed Fethi est le pseudonyme \u00e9ditorial de Maher Chaabane, r\u00e9dacteur en chef de Webdo.tn depuis 2012. Cette signature est d\u00e9di\u00e9e au traitement intensif de l'actualit\u00e9 nationale et internationale en temps r\u00e9el. S'appuyant sur les deux d\u00e9cennies d'expertise journalistique de Maher Chaabane \u2014 d\u00e9but\u00e9e au sein du groupe Tunis Hebdo en 2000 \u2014 Mohamed Fethi assure une veille rigoureuse sur les enjeux politiques, \u00e9conomiques et sportifs. Sa mission est de garantir une information structur\u00e9e, fluide et fid\u00e8le aux standards de la r\u00e9daction. Pour consulter le parcours complet du r\u00e9dacteur en chef, visitez le profil officiel de Maher Chaabane.","knowsAbout":["actualit\u00e9","journalisme","information","politique","sport","m\u00e9dias","actualit\u00e9 internationale"],"knowsLanguage":["Fran\u00e7ais","Arabe"],"jobTitle":"Journaliste \u2013 R\u00e9daction Webdo","worksFor":"Webdo.tn","url":"https:\/\/www.webdo.tn\/fr\/actualite\/author\/mohamed-fethi\/"}]}},"_links":{"self":[{"href":"https:\/\/www.webdo.tn\/fr\/wp-json\/wp\/v2\/posts\/392048","targetHints":{"allow":["GET"]}}],"collection":[{"href":"https:\/\/www.webdo.tn\/fr\/wp-json\/wp\/v2\/posts"}],"about":[{"href":"https:\/\/www.webdo.tn\/fr\/wp-json\/wp\/v2\/types\/post"}],"author":[{"embeddable":true,"href":"https:\/\/www.webdo.tn\/fr\/wp-json\/wp\/v2\/users\/4782"}],"replies":[{"embeddable":true,"href":"https:\/\/www.webdo.tn\/fr\/wp-json\/wp\/v2\/comments?post=392048"}],"version-history":[{"count":0,"href":"https:\/\/www.webdo.tn\/fr\/wp-json\/wp\/v2\/posts\/392048\/revisions"}],"wp:featuredmedia":[{"embeddable":true,"href":"https:\/\/www.webdo.tn\/fr\/wp-json\/wp\/v2\/media\/392049"}],"wp:attachment":[{"href":"https:\/\/www.webdo.tn\/fr\/wp-json\/wp\/v2\/media?parent=392048"}],"wp:term":[{"taxonomy":"category","embeddable":true,"href":"https:\/\/www.webdo.tn\/fr\/wp-json\/wp\/v2\/categories?post=392048"},{"taxonomy":"post_tag","embeddable":true,"href":"https:\/\/www.webdo.tn\/fr\/wp-json\/wp\/v2\/tags?post=392048"}],"curies":[{"name":"wp","href":"https:\/\/api.w.org\/{rel}","templated":true}]}}