{"id":392013,"date":"2026-01-25T11:25:39","date_gmt":"2026-01-25T10:25:39","guid":{"rendered":"https:\/\/www.webdo.tn\/fr\/?p=392013"},"modified":"2026-01-25T11:25:40","modified_gmt":"2026-01-25T10:25:40","slug":"handball-la-tunisie-entre-dans-le-vif-de-la-can","status":"publish","type":"post","link":"https:\/\/www.webdo.tn\/fr\/actualite\/sport\/handball-la-tunisie-entre-dans-le-vif-de-la-can\/392013\/","title":{"rendered":"Handball : La Tunisie entre dans le vif de la CAN"},"content":{"rendered":"\n<p><strong>Apr\u00e8s un premier tour parfait, la s\u00e9lection tunisienne de handball entame le tour principal de la CAN avec un premier duel face au Maroc, avant d\u2019affronter le Cap-Vert dans une phase d\u00e9cisive de la comp\u00e9tition.<\/strong><\/p>\n\n\n\n<p>La s\u00e9lection tunisienne de handball entame une \u00e9tape cl\u00e9 de son parcours continental en abordant le tour principal de la Coupe d\u2019Afrique des Nations. Solides et r\u00e9guliers lors de la phase initiale, les Tunisiens abordent ce nouveau chapitre avec l\u2019ambition de confirmer leur statut et de poursuivre leur dynamique victorieuse. Le premier test de ce second tour les opposera au Maroc, avant un autre rendez-vous important face au Cap-Vert.<\/p>\n\n\n\n<h2 class=\"wp-block-heading\" id=\"h-un-parcours-sans-faute-qui-installe-la-tunisie-parmi-les-favoris\">Un parcours sans faute qui installe la Tunisie parmi les favoris<\/h2>\n\n\n\n<p>La Tunisie a boucl\u00e9 le premier tour sur une note parfaite, encha\u00eenant trois victoires et s\u2019adjugeant la premi\u00e8re place de son groupe. Cette entame ma\u00eetris\u00e9e a permis \u00e0 la s\u00e9lection nationale d\u2019aborder le tour principal dans une position confortable, mais sans marge de rel\u00e2chement, face \u00e0 des adversaires de plus en plus coriaces.<\/p>\n\n\n\n<p>Ce bilan solide renforce la confiance du groupe, qui vise d\u00e9sormais une qualification pour le dernier carr\u00e9 et, au-del\u00e0, un nouveau sacre continental.<\/p>\n\n\n\n<h2 class=\"wp-block-heading\" id=\"h-un-premier-choc-face-au-maroc\">Un premier choc face au Maroc<\/h2>\n\n\n\n<p>Pour ouvrir ce tour principal, la Tunisie affronte le Maroc dans une rencontre programm\u00e9e aujourd\u2019hui \u00e0 13h00. Ce duel maghr\u00e9bin s\u2019annonce disput\u00e9 et constitue un premier test s\u00e9rieux pour jauger le niveau r\u00e9el de la s\u00e9lection tunisienne dans cette phase plus relev\u00e9e de la comp\u00e9tition.<\/p>\n\n\n\n<p>Apr\u00e8s cette premi\u00e8re sortie, les Aigles de Carthage retrouveront les parquets pour un deuxi\u00e8me match d\u00e9cisif face au Cap-Vert, pr\u00e9vu mardi \u00e0 18h00. Une rencontre qui pourrait d\u00e9j\u00e0 peser lourd dans la course aux places qualificatives pour le dernier carr\u00e9.<\/p>\n\n\n\n<p><strong>R\u00e9sultats 1<sup>er<\/sup> Tour<\/strong><\/p>\n\n\n\n<ul class=\"wp-block-list\">\n<li>Tunisie &#8211; Cameroun 41-22<\/li>\n\n\n\n<li>Tunisie &#8211; Guin\u00e9e 25-25<\/li>\n\n\n\n<li>Tunisie &#8211; Kenya 39-21<\/li>\n<\/ul>\n\n\n\n<p><\/p>\n\n\n\n<figure class=\"wp-block-image size-full\"><img decoding=\"async\" width=\"580\" height=\"579\" src=\"https:\/\/www.webdo.tn\/fr\/wp-content\/uploads\/2026\/01\/619262614_1500121995448618_7594785266823427562_n.jpg\" alt=\"\" class=\"wp-image-392014\" srcset=\"https:\/\/www.webdo.tn\/fr\/wp-content\/uploads\/2026\/01\/619262614_1500121995448618_7594785266823427562_n.jpg 580w, https:\/\/www.webdo.tn\/fr\/wp-content\/uploads\/2026\/01\/619262614_1500121995448618_7594785266823427562_n-300x300.jpg 300w, https:\/\/www.webdo.tn\/fr\/wp-content\/uploads\/2026\/01\/619262614_1500121995448618_7594785266823427562_n-150x150.jpg 150w, https:\/\/www.webdo.tn\/fr\/wp-content\/uploads\/2026\/01\/619262614_1500121995448618_7594785266823427562_n-75x75.jpg 75w, https:\/\/www.webdo.tn\/fr\/wp-content\/uploads\/2026\/01\/619262614_1500121995448618_7594785266823427562_n-350x350.jpg 350w\" sizes=\"(max-width: 580px) 100vw, 580px\" \/><\/figure>\n\n\n\n<p><\/p>\n\n\n\n<p><strong>Programme Tour principal<\/strong><\/p>\n\n\n\n<ul class=\"wp-block-list\">\n<li>Dimanche 25 janvier \u00e0 13h00\u00a0: Tunisie &#8211; Maroc (Watania 2)<\/li>\n\n\n\n<li>Mardi 27 janvier \u00e0 18h00\u00a0: Tunisie &#8211; Cap-Vert (Watania 2)<\/li>\n<\/ul>\n\n\n\n<p><\/p>\n\n\n\n<p><\/p>\n\n\n\n<blockquote class=\"wp-block-quote is-layout-flow wp-block-quote-is-layout-flow\">\n<blockquote class=\"wp-block-quote is-layout-flow wp-block-quote-is-layout-flow\">\n<p>Lire aussi :<\/p>\n\n\n\n<ul class=\"wp-block-list\">\n<li><a href=\"https:\/\/www.webdo.tn\/fr\/actualite\/sport\/can-2026-la-tunisie-veut-redevenir-reine-du-handball-africain\/391592\/\">CAN 2026 : La Tunisie veut redevenir reine du handball africain<\/a><\/li>\n\n\n\n<li><a href=\"https:\/\/www.webdo.tn\/fr\/actualite\/sport\/handball-la-tunisie-herite-dun-groupe-c-abordable-pour-la-can-2026\/387612\/\">Handball : La Tunisie h\u00e9rite d\u2019un groupe C abordable pour la CAN 2026<\/a><\/li>\n\n\n\n<li><a href=\"https:\/\/www.webdo.tn\/fr\/actualite\/sport\/handball-mondial-2025-le-difficile-parcours-de-la-tunisie\/219324\/\">Handball \u2013 Mondial 2025 : le difficile parcours de la Tunisie<\/a><\/li>\n<\/ul>\n<\/blockquote>\n<\/blockquote>\n","protected":false},"excerpt":{"rendered":"<p>Apr\u00e8s un premier tour parfait, la s\u00e9lection tunisienne de handball entame le tour principal de la CAN avec un premier duel face au Maroc, avant d\u2019affronter le Cap-Vert dans une phase d\u00e9cisive de la comp\u00e9tition. La s\u00e9lection tunisienne de handball entame une \u00e9tape cl\u00e9 de son parcours continental en abordant le tour principal de la [&hellip;]<\/p>\n","protected":false},"author":4782,"featured_media":392015,"comment_status":"closed","ping_status":"closed","sticky":false,"template":"","format":"standard","meta":{"footnotes":""},"categories":[2593],"tags":[4839,3464,2608],"class_list":["post-392013","post","type-post","status-publish","format-standard","has-post-thumbnail","hentry","category-sport","tag-can-handball","tag-maroc","tag-tunisie"],"yoast_head":"<!-- This site is optimized with the Yoast SEO Premium plugin v27.4 (Yoast SEO v27.5) - https:\/\/yoast.com\/product\/yoast-seo-premium-wordpress\/ -->\n<title>Handball : La Tunisie entre dans le vif de la CAN - webdo<\/title>\n<meta name=\"description\" content=\"La Tunisie, apr\u00e8s un premier tour parfait, d\u00e9fie le Maroc en phase principale de la CAN. Suivez leur aventure prometteuse.\" \/>\n<link rel=\"canonical\" href=\"https:\/\/www.webdo.tn\/fr\/actualite\/sport\/handball-la-tunisie-entre-dans-le-vif-de-la-can\/392013\/\" \/>\n<meta property=\"og:locale\" content=\"fr_FR\" \/>\n<meta property=\"og:type\" content=\"article\" \/>\n<meta property=\"og:title\" content=\"Handball : La Tunisie entre dans le vif de la CAN\" \/>\n<meta property=\"og:description\" content=\"La Tunisie, apr\u00e8s un premier tour parfait, d\u00e9fie le Maroc en phase principale de la CAN. Suivez leur aventure prometteuse.\" \/>\n<meta property=\"og:url\" content=\"https:\/\/www.webdo.tn\/fr\/actualite\/sport\/handball-la-tunisie-entre-dans-le-vif-de-la-can\/392013\/\" \/>\n<meta property=\"og:site_name\" content=\"webdo\" \/>\n<meta property=\"article:publisher\" content=\"https:\/\/www.facebook.com\/webdotn\" \/>\n<meta property=\"article:published_time\" content=\"2026-01-25T10:25:39+00:00\" \/>\n<meta property=\"article:modified_time\" content=\"2026-01-25T10:25:40+00:00\" \/>\n<meta property=\"og:image\" content=\"https:\/\/www.webdo.tn\/fr\/wp-content\/uploads\/2026\/01\/CAN-handball.jpg\" \/>\n\t<meta property=\"og:image:width\" content=\"1200\" \/>\n\t<meta property=\"og:image:height\" content=\"600\" \/>\n\t<meta property=\"og:image:type\" content=\"image\/jpeg\" \/>\n<meta name=\"author\" content=\"Mohamed Fethi\" \/>\n<meta name=\"twitter:card\" content=\"summary_large_image\" \/>\n<meta name=\"twitter:creator\" content=\"@webdo_tn\" \/>\n<meta name=\"twitter:site\" content=\"@webdo_tn\" \/>\n<meta name=\"twitter:label1\" content=\"\u00c9crit par\" \/>\n\t<meta name=\"twitter:data1\" content=\"Mohamed Fethi\" \/>\n\t<meta name=\"twitter:label2\" content=\"Dur\u00e9e de lecture estim\u00e9e\" \/>\n\t<meta name=\"twitter:data2\" content=\"3 minutes\" \/>\n<script type=\"application\/ld+json\" class=\"yoast-schema-graph\">{\"@context\":\"https:\\\/\\\/schema.org\",\"@graph\":[{\"@type\":\"NewsArticle\",\"@id\":\"https:\\\/\\\/www.webdo.tn\\\/fr\\\/actualite\\\/sport\\\/handball-la-tunisie-entre-dans-le-vif-de-la-can\\\/392013\\\/#article\",\"isPartOf\":{\"@id\":\"https:\\\/\\\/www.webdo.tn\\\/fr\\\/actualite\\\/sport\\\/handball-la-tunisie-entre-dans-le-vif-de-la-can\\\/392013\\\/\"},\"author\":{\"name\":\"Mohamed Fethi\",\"@id\":\"https:\\\/\\\/www.webdo.tn\\\/fr\\\/#\\\/schema\\\/person\\\/16a4857e77dfc0b610c4c2cadffc9ac4\"},\"headline\":\"Handball : La Tunisie entre dans le vif de la CAN\",\"datePublished\":\"2026-01-25T10:25:39+00:00\",\"dateModified\":\"2026-01-25T10:25:40+00:00\",\"mainEntityOfPage\":{\"@id\":\"https:\\\/\\\/www.webdo.tn\\\/fr\\\/actualite\\\/sport\\\/handball-la-tunisie-entre-dans-le-vif-de-la-can\\\/392013\\\/\"},\"wordCount\":387,\"publisher\":{\"@id\":\"https:\\\/\\\/www.webdo.tn\\\/fr\\\/#organization\"},\"image\":{\"@id\":\"https:\\\/\\\/www.webdo.tn\\\/fr\\\/actualite\\\/sport\\\/handball-la-tunisie-entre-dans-le-vif-de-la-can\\\/392013\\\/#primaryimage\"},\"thumbnailUrl\":\"https:\\\/\\\/www.webdo.tn\\\/fr\\\/wp-content\\\/uploads\\\/2026\\\/01\\\/CAN-handball.jpg\",\"keywords\":[\"CAN handball\",\"maroc\",\"Tunisie\"],\"articleSection\":[\"Sport\"],\"inLanguage\":\"fr-FR\"},{\"@type\":\"WebPage\",\"@id\":\"https:\\\/\\\/www.webdo.tn\\\/fr\\\/actualite\\\/sport\\\/handball-la-tunisie-entre-dans-le-vif-de-la-can\\\/392013\\\/\",\"url\":\"https:\\\/\\\/www.webdo.tn\\\/fr\\\/actualite\\\/sport\\\/handball-la-tunisie-entre-dans-le-vif-de-la-can\\\/392013\\\/\",\"name\":\"Handball : La Tunisie entre dans le vif de la CAN - webdo\",\"isPartOf\":{\"@id\":\"https:\\\/\\\/www.webdo.tn\\\/fr\\\/#website\"},\"primaryImageOfPage\":{\"@id\":\"https:\\\/\\\/www.webdo.tn\\\/fr\\\/actualite\\\/sport\\\/handball-la-tunisie-entre-dans-le-vif-de-la-can\\\/392013\\\/#primaryimage\"},\"image\":{\"@id\":\"https:\\\/\\\/www.webdo.tn\\\/fr\\\/actualite\\\/sport\\\/handball-la-tunisie-entre-dans-le-vif-de-la-can\\\/392013\\\/#primaryimage\"},\"thumbnailUrl\":\"https:\\\/\\\/www.webdo.tn\\\/fr\\\/wp-content\\\/uploads\\\/2026\\\/01\\\/CAN-handball.jpg\",\"datePublished\":\"2026-01-25T10:25:39+00:00\",\"dateModified\":\"2026-01-25T10:25:40+00:00\",\"description\":\"La Tunisie, apr\u00e8s un premier tour parfait, d\u00e9fie le Maroc en phase principale de la CAN. Suivez leur aventure prometteuse.\",\"breadcrumb\":{\"@id\":\"https:\\\/\\\/www.webdo.tn\\\/fr\\\/actualite\\\/sport\\\/handball-la-tunisie-entre-dans-le-vif-de-la-can\\\/392013\\\/#breadcrumb\"},\"inLanguage\":\"fr-FR\",\"potentialAction\":[{\"@type\":\"ReadAction\",\"target\":[\"https:\\\/\\\/www.webdo.tn\\\/fr\\\/actualite\\\/sport\\\/handball-la-tunisie-entre-dans-le-vif-de-la-can\\\/392013\\\/\"]}]},{\"@type\":\"ImageObject\",\"inLanguage\":\"fr-FR\",\"@id\":\"https:\\\/\\\/www.webdo.tn\\\/fr\\\/actualite\\\/sport\\\/handball-la-tunisie-entre-dans-le-vif-de-la-can\\\/392013\\\/#primaryimage\",\"url\":\"https:\\\/\\\/www.webdo.tn\\\/fr\\\/wp-content\\\/uploads\\\/2026\\\/01\\\/CAN-handball.jpg\",\"contentUrl\":\"https:\\\/\\\/www.webdo.tn\\\/fr\\\/wp-content\\\/uploads\\\/2026\\\/01\\\/CAN-handball.jpg\",\"width\":1200,\"height\":600,\"caption\":\"Handball : La Tunisie entre dans le vif de la CAN\"},{\"@type\":\"BreadcrumbList\",\"@id\":\"https:\\\/\\\/www.webdo.tn\\\/fr\\\/actualite\\\/sport\\\/handball-la-tunisie-entre-dans-le-vif-de-la-can\\\/392013\\\/#breadcrumb\",\"itemListElement\":[{\"@type\":\"ListItem\",\"position\":1,\"name\":\"Accueil\",\"item\":\"https:\\\/\\\/www.webdo.tn\\\/fr\\\/\"},{\"@type\":\"ListItem\",\"position\":2,\"name\":\"Handball : La Tunisie entre dans le vif de la CAN\"}]},{\"@type\":\"WebSite\",\"@id\":\"https:\\\/\\\/www.webdo.tn\\\/fr\\\/#website\",\"url\":\"https:\\\/\\\/www.webdo.tn\\\/fr\\\/\",\"name\":\"webdo\",\"description\":\"Tunisie - News en Tunisie et \u00e0 l&#039;international sur Webdo.tn\",\"publisher\":{\"@id\":\"https:\\\/\\\/www.webdo.tn\\\/fr\\\/#organization\"},\"potentialAction\":[{\"@type\":\"SearchAction\",\"target\":{\"@type\":\"EntryPoint\",\"urlTemplate\":\"https:\\\/\\\/www.webdo.tn\\\/fr\\\/?s={search_term_string}\"},\"query-input\":{\"@type\":\"PropertyValueSpecification\",\"valueRequired\":true,\"valueName\":\"search_term_string\"}}],\"inLanguage\":\"fr-FR\"},{\"@type\":\"Organization\",\"@id\":\"https:\\\/\\\/www.webdo.tn\\\/fr\\\/#organization\",\"name\":\"Webdo\",\"alternateName\":\"Webdo.tn\",\"url\":\"https:\\\/\\\/www.webdo.tn\\\/fr\\\/\",\"logo\":{\"@type\":\"ImageObject\",\"inLanguage\":\"fr-FR\",\"@id\":\"https:\\\/\\\/www.webdo.tn\\\/fr\\\/#\\\/schema\\\/logo\\\/image\\\/\",\"url\":\"https:\\\/\\\/www.webdo.tn\\\/fr\\\/wp-content\\\/uploads\\\/2025\\\/06\\\/Webdo-Tunisie_168377.jpg\",\"contentUrl\":\"https:\\\/\\\/www.webdo.tn\\\/fr\\\/wp-content\\\/uploads\\\/2025\\\/06\\\/Webdo-Tunisie_168377.jpg\",\"width\":301,\"height\":301,\"caption\":\"Webdo\"},\"image\":{\"@id\":\"https:\\\/\\\/www.webdo.tn\\\/fr\\\/#\\\/schema\\\/logo\\\/image\\\/\"},\"sameAs\":[\"https:\\\/\\\/www.facebook.com\\\/webdotn\",\"https:\\\/\\\/x.com\\\/webdo_tn\"],\"description\":\"Webdo est un m\u00e9dia num\u00e9rique tunisien fond\u00e9 en 2010, sp\u00e9cialis\u00e9 dans l\u2019actualit\u00e9 nationale et internationale, l\u2019\u00e9conomie, la soci\u00e9t\u00e9 et les analyses politiques. Le site s\u2019adresse \u00e0 un large public francophone et couvre l\u2019information tunisienne en temps r\u00e9el.\",\"email\":\"redac@webdo.tn\",\"legalName\":\"YNJ SARL\",\"foundingDate\":\"2010-09-06\",\"numberOfEmployees\":{\"@type\":\"QuantitativeValue\",\"minValue\":\"11\",\"maxValue\":\"50\"}},{\"@type\":\"Person\",\"@id\":\"https:\\\/\\\/www.webdo.tn\\\/fr\\\/#\\\/schema\\\/person\\\/16a4857e77dfc0b610c4c2cadffc9ac4\",\"name\":\"Mohamed Fethi\",\"image\":{\"@type\":\"ImageObject\",\"inLanguage\":\"fr-FR\",\"@id\":\"https:\\\/\\\/www.webdo.tn\\\/fr\\\/wp-content\\\/uploads\\\/2026\\\/04\\\/mohamed-fethi_avatar_1-96x96.jpg\",\"url\":\"https:\\\/\\\/www.webdo.tn\\\/fr\\\/wp-content\\\/uploads\\\/2026\\\/04\\\/mohamed-fethi_avatar_1-96x96.jpg\",\"contentUrl\":\"https:\\\/\\\/www.webdo.tn\\\/fr\\\/wp-content\\\/uploads\\\/2026\\\/04\\\/mohamed-fethi_avatar_1-96x96.jpg\",\"caption\":\"Mohamed Fethi\"},\"description\":\"Signature \u00e9ditoriale de Maher Chaabane Mohamed Fethi est le pseudonyme \u00e9ditorial de Maher Chaabane, r\u00e9dacteur en chef de Webdo.tn depuis 2012. Cette signature est d\u00e9di\u00e9e au traitement intensif de l'actualit\u00e9 nationale et internationale en temps r\u00e9el. S'appuyant sur les deux d\u00e9cennies d'expertise journalistique de Maher Chaabane \u2014 d\u00e9but\u00e9e au sein du groupe Tunis Hebdo en 2000 \u2014 Mohamed Fethi assure une veille rigoureuse sur les enjeux politiques, \u00e9conomiques et sportifs. Sa mission est de garantir une information structur\u00e9e, fluide et fid\u00e8le aux standards de la r\u00e9daction. Pour consulter le parcours complet du r\u00e9dacteur en chef, visitez le profil officiel de Maher Chaabane.\",\"knowsAbout\":[\"actualit\u00e9\",\"journalisme\",\"information\",\"politique\",\"sport\",\"m\u00e9dias\",\"actualit\u00e9 internationale\"],\"knowsLanguage\":[\"Fran\u00e7ais\",\"Arabe\"],\"jobTitle\":\"Journaliste \u2013 R\u00e9daction Webdo\",\"worksFor\":\"Webdo.tn\",\"url\":\"https:\\\/\\\/www.webdo.tn\\\/fr\\\/actualite\\\/author\\\/mohamed-fethi\\\/\"}]}<\/script>\n<!-- \/ Yoast SEO Premium plugin. -->","yoast_head_json":{"title":"Handball : La Tunisie entre dans le vif de la CAN - webdo","description":"La Tunisie, apr\u00e8s un premier tour parfait, d\u00e9fie le Maroc en phase principale de la CAN. Suivez leur aventure prometteuse.","canonical":"https:\/\/www.webdo.tn\/fr\/actualite\/sport\/handball-la-tunisie-entre-dans-le-vif-de-la-can\/392013\/","og_locale":"fr_FR","og_type":"article","og_title":"Handball : La Tunisie entre dans le vif de la CAN","og_description":"La Tunisie, apr\u00e8s un premier tour parfait, d\u00e9fie le Maroc en phase principale de la CAN. Suivez leur aventure prometteuse.","og_url":"https:\/\/www.webdo.tn\/fr\/actualite\/sport\/handball-la-tunisie-entre-dans-le-vif-de-la-can\/392013\/","og_site_name":"webdo","article_publisher":"https:\/\/www.facebook.com\/webdotn","article_published_time":"2026-01-25T10:25:39+00:00","article_modified_time":"2026-01-25T10:25:40+00:00","og_image":[{"width":1200,"height":600,"url":"https:\/\/www.webdo.tn\/fr\/wp-content\/uploads\/2026\/01\/CAN-handball.jpg","type":"image\/jpeg"}],"author":"Mohamed Fethi","twitter_card":"summary_large_image","twitter_creator":"@webdo_tn","twitter_site":"@webdo_tn","twitter_misc":{"\u00c9crit par":"Mohamed Fethi","Dur\u00e9e de lecture estim\u00e9e":"3 minutes"},"schema":{"@context":"https:\/\/schema.org","@graph":[{"@type":"NewsArticle","@id":"https:\/\/www.webdo.tn\/fr\/actualite\/sport\/handball-la-tunisie-entre-dans-le-vif-de-la-can\/392013\/#article","isPartOf":{"@id":"https:\/\/www.webdo.tn\/fr\/actualite\/sport\/handball-la-tunisie-entre-dans-le-vif-de-la-can\/392013\/"},"author":{"name":"Mohamed Fethi","@id":"https:\/\/www.webdo.tn\/fr\/#\/schema\/person\/16a4857e77dfc0b610c4c2cadffc9ac4"},"headline":"Handball : La Tunisie entre dans le vif de la CAN","datePublished":"2026-01-25T10:25:39+00:00","dateModified":"2026-01-25T10:25:40+00:00","mainEntityOfPage":{"@id":"https:\/\/www.webdo.tn\/fr\/actualite\/sport\/handball-la-tunisie-entre-dans-le-vif-de-la-can\/392013\/"},"wordCount":387,"publisher":{"@id":"https:\/\/www.webdo.tn\/fr\/#organization"},"image":{"@id":"https:\/\/www.webdo.tn\/fr\/actualite\/sport\/handball-la-tunisie-entre-dans-le-vif-de-la-can\/392013\/#primaryimage"},"thumbnailUrl":"https:\/\/www.webdo.tn\/fr\/wp-content\/uploads\/2026\/01\/CAN-handball.jpg","keywords":["CAN handball","maroc","Tunisie"],"articleSection":["Sport"],"inLanguage":"fr-FR"},{"@type":"WebPage","@id":"https:\/\/www.webdo.tn\/fr\/actualite\/sport\/handball-la-tunisie-entre-dans-le-vif-de-la-can\/392013\/","url":"https:\/\/www.webdo.tn\/fr\/actualite\/sport\/handball-la-tunisie-entre-dans-le-vif-de-la-can\/392013\/","name":"Handball : La Tunisie entre dans le vif de la CAN - webdo","isPartOf":{"@id":"https:\/\/www.webdo.tn\/fr\/#website"},"primaryImageOfPage":{"@id":"https:\/\/www.webdo.tn\/fr\/actualite\/sport\/handball-la-tunisie-entre-dans-le-vif-de-la-can\/392013\/#primaryimage"},"image":{"@id":"https:\/\/www.webdo.tn\/fr\/actualite\/sport\/handball-la-tunisie-entre-dans-le-vif-de-la-can\/392013\/#primaryimage"},"thumbnailUrl":"https:\/\/www.webdo.tn\/fr\/wp-content\/uploads\/2026\/01\/CAN-handball.jpg","datePublished":"2026-01-25T10:25:39+00:00","dateModified":"2026-01-25T10:25:40+00:00","description":"La Tunisie, apr\u00e8s un premier tour parfait, d\u00e9fie le Maroc en phase principale de la CAN. Suivez leur aventure prometteuse.","breadcrumb":{"@id":"https:\/\/www.webdo.tn\/fr\/actualite\/sport\/handball-la-tunisie-entre-dans-le-vif-de-la-can\/392013\/#breadcrumb"},"inLanguage":"fr-FR","potentialAction":[{"@type":"ReadAction","target":["https:\/\/www.webdo.tn\/fr\/actualite\/sport\/handball-la-tunisie-entre-dans-le-vif-de-la-can\/392013\/"]}]},{"@type":"ImageObject","inLanguage":"fr-FR","@id":"https:\/\/www.webdo.tn\/fr\/actualite\/sport\/handball-la-tunisie-entre-dans-le-vif-de-la-can\/392013\/#primaryimage","url":"https:\/\/www.webdo.tn\/fr\/wp-content\/uploads\/2026\/01\/CAN-handball.jpg","contentUrl":"https:\/\/www.webdo.tn\/fr\/wp-content\/uploads\/2026\/01\/CAN-handball.jpg","width":1200,"height":600,"caption":"Handball : La Tunisie entre dans le vif de la CAN"},{"@type":"BreadcrumbList","@id":"https:\/\/www.webdo.tn\/fr\/actualite\/sport\/handball-la-tunisie-entre-dans-le-vif-de-la-can\/392013\/#breadcrumb","itemListElement":[{"@type":"ListItem","position":1,"name":"Accueil","item":"https:\/\/www.webdo.tn\/fr\/"},{"@type":"ListItem","position":2,"name":"Handball : La Tunisie entre dans le vif de la CAN"}]},{"@type":"WebSite","@id":"https:\/\/www.webdo.tn\/fr\/#website","url":"https:\/\/www.webdo.tn\/fr\/","name":"webdo","description":"Tunisie - News en Tunisie et \u00e0 l&#039;international sur Webdo.tn","publisher":{"@id":"https:\/\/www.webdo.tn\/fr\/#organization"},"potentialAction":[{"@type":"SearchAction","target":{"@type":"EntryPoint","urlTemplate":"https:\/\/www.webdo.tn\/fr\/?s={search_term_string}"},"query-input":{"@type":"PropertyValueSpecification","valueRequired":true,"valueName":"search_term_string"}}],"inLanguage":"fr-FR"},{"@type":"Organization","@id":"https:\/\/www.webdo.tn\/fr\/#organization","name":"Webdo","alternateName":"Webdo.tn","url":"https:\/\/www.webdo.tn\/fr\/","logo":{"@type":"ImageObject","inLanguage":"fr-FR","@id":"https:\/\/www.webdo.tn\/fr\/#\/schema\/logo\/image\/","url":"https:\/\/www.webdo.tn\/fr\/wp-content\/uploads\/2025\/06\/Webdo-Tunisie_168377.jpg","contentUrl":"https:\/\/www.webdo.tn\/fr\/wp-content\/uploads\/2025\/06\/Webdo-Tunisie_168377.jpg","width":301,"height":301,"caption":"Webdo"},"image":{"@id":"https:\/\/www.webdo.tn\/fr\/#\/schema\/logo\/image\/"},"sameAs":["https:\/\/www.facebook.com\/webdotn","https:\/\/x.com\/webdo_tn"],"description":"Webdo est un m\u00e9dia num\u00e9rique tunisien fond\u00e9 en 2010, sp\u00e9cialis\u00e9 dans l\u2019actualit\u00e9 nationale et internationale, l\u2019\u00e9conomie, la soci\u00e9t\u00e9 et les analyses politiques. Le site s\u2019adresse \u00e0 un large public francophone et couvre l\u2019information tunisienne en temps r\u00e9el.","email":"redac@webdo.tn","legalName":"YNJ SARL","foundingDate":"2010-09-06","numberOfEmployees":{"@type":"QuantitativeValue","minValue":"11","maxValue":"50"}},{"@type":"Person","@id":"https:\/\/www.webdo.tn\/fr\/#\/schema\/person\/16a4857e77dfc0b610c4c2cadffc9ac4","name":"Mohamed Fethi","image":{"@type":"ImageObject","inLanguage":"fr-FR","@id":"https:\/\/www.webdo.tn\/fr\/wp-content\/uploads\/2026\/04\/mohamed-fethi_avatar_1-96x96.jpg","url":"https:\/\/www.webdo.tn\/fr\/wp-content\/uploads\/2026\/04\/mohamed-fethi_avatar_1-96x96.jpg","contentUrl":"https:\/\/www.webdo.tn\/fr\/wp-content\/uploads\/2026\/04\/mohamed-fethi_avatar_1-96x96.jpg","caption":"Mohamed Fethi"},"description":"Signature \u00e9ditoriale de Maher Chaabane Mohamed Fethi est le pseudonyme \u00e9ditorial de Maher Chaabane, r\u00e9dacteur en chef de Webdo.tn depuis 2012. Cette signature est d\u00e9di\u00e9e au traitement intensif de l'actualit\u00e9 nationale et internationale en temps r\u00e9el. S'appuyant sur les deux d\u00e9cennies d'expertise journalistique de Maher Chaabane \u2014 d\u00e9but\u00e9e au sein du groupe Tunis Hebdo en 2000 \u2014 Mohamed Fethi assure une veille rigoureuse sur les enjeux politiques, \u00e9conomiques et sportifs. Sa mission est de garantir une information structur\u00e9e, fluide et fid\u00e8le aux standards de la r\u00e9daction. Pour consulter le parcours complet du r\u00e9dacteur en chef, visitez le profil officiel de Maher Chaabane.","knowsAbout":["actualit\u00e9","journalisme","information","politique","sport","m\u00e9dias","actualit\u00e9 internationale"],"knowsLanguage":["Fran\u00e7ais","Arabe"],"jobTitle":"Journaliste \u2013 R\u00e9daction Webdo","worksFor":"Webdo.tn","url":"https:\/\/www.webdo.tn\/fr\/actualite\/author\/mohamed-fethi\/"}]}},"_links":{"self":[{"href":"https:\/\/www.webdo.tn\/fr\/wp-json\/wp\/v2\/posts\/392013","targetHints":{"allow":["GET"]}}],"collection":[{"href":"https:\/\/www.webdo.tn\/fr\/wp-json\/wp\/v2\/posts"}],"about":[{"href":"https:\/\/www.webdo.tn\/fr\/wp-json\/wp\/v2\/types\/post"}],"author":[{"embeddable":true,"href":"https:\/\/www.webdo.tn\/fr\/wp-json\/wp\/v2\/users\/4782"}],"replies":[{"embeddable":true,"href":"https:\/\/www.webdo.tn\/fr\/wp-json\/wp\/v2\/comments?post=392013"}],"version-history":[{"count":0,"href":"https:\/\/www.webdo.tn\/fr\/wp-json\/wp\/v2\/posts\/392013\/revisions"}],"wp:featuredmedia":[{"embeddable":true,"href":"https:\/\/www.webdo.tn\/fr\/wp-json\/wp\/v2\/media\/392015"}],"wp:attachment":[{"href":"https:\/\/www.webdo.tn\/fr\/wp-json\/wp\/v2\/media?parent=392013"}],"wp:term":[{"taxonomy":"category","embeddable":true,"href":"https:\/\/www.webdo.tn\/fr\/wp-json\/wp\/v2\/categories?post=392013"},{"taxonomy":"post_tag","embeddable":true,"href":"https:\/\/www.webdo.tn\/fr\/wp-json\/wp\/v2\/tags?post=392013"}],"curies":[{"name":"wp","href":"https:\/\/api.w.org\/{rel}","templated":true}]}}