{"id":391950,"date":"2026-01-24T08:04:50","date_gmt":"2026-01-24T07:04:50","guid":{"rendered":"https:\/\/www.webdo.tn\/fr\/?p=391950"},"modified":"2026-01-24T08:14:03","modified_gmt":"2026-01-24T07:14:03","slug":"inondations-kais-saied-appelle-a-des-solutions-concretes-plutot-qua-des-communiques","status":"publish","type":"post","link":"https:\/\/www.webdo.tn\/fr\/actualite\/national\/inondations-kais-saied-appelle-a-des-solutions-concretes-plutot-qua-des-communiques\/391950\/","title":{"rendered":"Inondations : Ka\u00efs Sa\u00efed appelle \u00e0 des solutions concr\u00e8tes plut\u00f4t qu\u2019\u00e0 des communiqu\u00e9s"},"content":{"rendered":"\n<p>Apr\u00e8s les inondations qui ont touch\u00e9 plusieurs r\u00e9gions du pays, le pr\u00e9sident de la R\u00e9publique, Ka\u00efs Sa\u00efed, a r\u00e9uni, jeudi 23 janvier au palais de Carthage, les principaux responsables civils, s\u00e9curitaires et militaires, selon un communiqu\u00e9 de la pr\u00e9sidence. La cheffe du gouvernement, plusieurs ministres, des responsables des forces de s\u00e9curit\u00e9, de la protection civile et de la m\u00e9t\u00e9orologie nationale, ainsi que le commandant g\u00e9n\u00e9ral des Scouts tunisiens, ont pris part \u00e0 cette rencontre.<\/p>\n\n\n\n<p>Ces intemp\u00e9ries ont fait au moins cinq morts et entra\u00een\u00e9 l\u2019inondation de quartiers entiers dans plusieurs gouvernorats, mobilisant massivement la protection civile et les forces de s\u00e9curit\u00e9 pour des op\u00e9rations de secours, d\u2019\u00e9vacuation et de pompage des eaux, selon les bilans rendus publics.<\/p>\n\n\n\n<p>Au cours de la r\u00e9union, le chef de l\u2019\u00c9tat a mis en avant des insuffisances structurelles anciennes, estimant que l\u2019ampleur des d\u00e9g\u00e2ts ne peut \u00eatre dissoci\u00e9e de dysfonctionnements accumul\u00e9s depuis des d\u00e9cennies. Il a notamment \u00e9voqu\u00e9 l\u2019\u00e9tat des r\u00e9seaux d\u2019assainissement et des oueds, appelant \u00e0 des interventions rapides pour en limiter les effets lors de futurs \u00e9pisodes similaires.<\/p>\n\n\n\n<h2 class=\"wp-block-heading\" id=\"h-des-failles-structurelles-mises-en-lumiere-par-les-intemperies\">Des failles structurelles mises en lumi\u00e8re par les intemp\u00e9ries<\/h2>\n\n\n\n<p>Ka\u00efs Sa\u00efed a insist\u00e9 sur la n\u00e9cessit\u00e9 d\u2019une meilleure anticipation et d\u2019une coordination plus \u00e9troite entre les diff\u00e9rents acteurs mobilis\u00e9s en situation d\u2019urgence. Il a \u00e9galement salu\u00e9 les efforts d\u00e9ploy\u00e9s sur le terrain, mettant en avant la mobilisation des habitants apr\u00e8s la d\u00e9crue des eaux, marqu\u00e9e par des op\u00e9rations de nettoyage et des gestes d\u2019entraide dans les zones touch\u00e9es.<\/p>\n\n\n\n<p>Le pr\u00e9sident de la R\u00e9publique a rendu hommage aux victimes des inondations et exprim\u00e9 sa solidarit\u00e9 avec les familles endeuill\u00e9es. Il a enfin soulign\u00e9 que la gestion de telles crises ne saurait se limiter \u00e0 la communication officielle, mais doit se traduire par des actions concr\u00e8tes et imm\u00e9diates, inscrites, selon lui, dans la continuit\u00e9 des revendications exprim\u00e9es depuis le 17 d\u00e9cembre 2010.<\/p>\n\n\n\n<blockquote class=\"wp-block-quote is-layout-flow wp-block-quote-is-layout-flow\">\n<blockquote class=\"wp-block-quote is-layout-flow wp-block-quote-is-layout-flow\">\n<p><strong>Lire aussi:<\/strong><\/p>\n\n\n\n<ul class=\"wp-block-list\">\n<li class=\"has-medium-font-size\"><a href=\"https:\/\/www.webdo.tn\/fr\/actualite\/national\/bilan-des-intemperies-en-tunisie-cinq-morts-et-des-quartiers-submerges\/391844\/\">Bilan des intemp\u00e9ries en Tunisie : Cinq morts et des quartiers submerg\u00e9s<\/a><\/li>\n\n\n\n<li class=\"has-medium-font-size\"><a href=\"https:\/\/www.webdo.tn\/fr\/actualite\/national\/tunisie-retour-sur-les-pires-inondations-de-lhistoire-du-pays\/391871\/\">Tunisie : Retour sur les pires inondations de l\u2019histoire du pays<\/a><\/li>\n<\/ul>\n<\/blockquote>\n<\/blockquote>\n\n\n\n<p><\/p>\n","protected":false},"excerpt":{"rendered":"<p>Apr\u00e8s les inondations qui ont touch\u00e9 plusieurs r\u00e9gions du pays, le pr\u00e9sident de la R\u00e9publique, Ka\u00efs Sa\u00efed, a r\u00e9uni, jeudi 23 janvier au palais de Carthage, les principaux responsables civils, s\u00e9curitaires et militaires, selon un communiqu\u00e9 de la pr\u00e9sidence. La cheffe du gouvernement, plusieurs ministres, des responsables des forces de s\u00e9curit\u00e9, de la protection civile [&hellip;]<\/p>\n","protected":false},"author":3203,"featured_media":391952,"comment_status":"closed","ping_status":"closed","sticky":false,"template":"","format":"standard","meta":{"footnotes":""},"categories":[44],"tags":[3164,2614,2608],"class_list":["post-391950","post","type-post","status-publish","format-standard","has-post-thumbnail","hentry","category-national","tag-inondations","tag-kais-saied","tag-tunisie"],"yoast_head":"<!-- This site is optimized with the Yoast SEO Premium plugin v27.5 (Yoast SEO v27.5) - https:\/\/yoast.com\/product\/yoast-seo-premium-wordpress\/ -->\n<title>Inondations : Ka\u00efs Sa\u00efed appelle \u00e0 des solutions concr\u00e8tes plut\u00f4t qu\u2019\u00e0 des communiqu\u00e9s - webdo<\/title>\n<meta name=\"description\" content=\"Ka\u00efs Sa\u00efed urge des solutions concr\u00e8tes face aux inondations plut\u00f4t que de simples communiqu\u00e9s, suite \u00e0 la crise r\u00e9cente.\" \/>\n<link rel=\"canonical\" href=\"https:\/\/www.webdo.tn\/fr\/actualite\/national\/inondations-kais-saied-appelle-a-des-solutions-concretes-plutot-qua-des-communiques\/391950\/\" \/>\n<meta property=\"og:locale\" content=\"fr_FR\" \/>\n<meta property=\"og:type\" content=\"article\" \/>\n<meta property=\"og:title\" content=\"Inondations : Ka\u00efs Sa\u00efed appelle \u00e0 des solutions concr\u00e8tes plut\u00f4t qu\u2019\u00e0 des communiqu\u00e9s\" \/>\n<meta property=\"og:description\" content=\"Ka\u00efs Sa\u00efed urge des solutions concr\u00e8tes face aux inondations plut\u00f4t que de simples communiqu\u00e9s, suite \u00e0 la crise r\u00e9cente.\" \/>\n<meta property=\"og:url\" content=\"https:\/\/www.webdo.tn\/fr\/actualite\/national\/inondations-kais-saied-appelle-a-des-solutions-concretes-plutot-qua-des-communiques\/391950\/\" \/>\n<meta property=\"og:site_name\" content=\"webdo\" \/>\n<meta property=\"article:publisher\" content=\"https:\/\/www.facebook.com\/webdotn\" \/>\n<meta property=\"article:published_time\" content=\"2026-01-24T07:04:50+00:00\" \/>\n<meta property=\"article:modified_time\" content=\"2026-01-24T07:14:03+00:00\" \/>\n<meta property=\"og:image\" content=\"https:\/\/www.webdo.tn\/fr\/wp-content\/uploads\/2026\/01\/Inondations-Kais-Saied-carthage.jpg\" \/>\n\t<meta property=\"og:image:width\" content=\"1200\" \/>\n\t<meta property=\"og:image:height\" content=\"600\" \/>\n\t<meta property=\"og:image:type\" content=\"image\/jpeg\" \/>\n<meta name=\"author\" content=\"Ramzi Haddad\" \/>\n<meta name=\"twitter:card\" content=\"summary_large_image\" \/>\n<meta name=\"twitter:creator\" content=\"@webdo_tn\" \/>\n<meta name=\"twitter:site\" content=\"@webdo_tn\" \/>\n<meta name=\"twitter:label1\" content=\"\u00c9crit par\" \/>\n\t<meta name=\"twitter:data1\" content=\"Ramzi Haddad\" \/>\n\t<meta name=\"twitter:label2\" content=\"Dur\u00e9e de lecture estim\u00e9e\" \/>\n\t<meta name=\"twitter:data2\" content=\"2 minutes\" \/>\n<script type=\"application\/ld+json\" class=\"yoast-schema-graph\">{\"@context\":\"https:\\\/\\\/schema.org\",\"@graph\":[{\"@type\":\"NewsArticle\",\"@id\":\"https:\\\/\\\/www.webdo.tn\\\/fr\\\/actualite\\\/national\\\/inondations-kais-saied-appelle-a-des-solutions-concretes-plutot-qua-des-communiques\\\/391950\\\/#article\",\"isPartOf\":{\"@id\":\"https:\\\/\\\/www.webdo.tn\\\/fr\\\/actualite\\\/national\\\/inondations-kais-saied-appelle-a-des-solutions-concretes-plutot-qua-des-communiques\\\/391950\\\/\"},\"author\":{\"name\":\"Ramzi Haddad\",\"@id\":\"https:\\\/\\\/www.webdo.tn\\\/fr\\\/#\\\/schema\\\/person\\\/5663044c25eb36d8f88ba5b653f12f8c\"},\"headline\":\"Inondations : Ka\u00efs Sa\u00efed appelle \u00e0 des solutions concr\u00e8tes plut\u00f4t qu\u2019\u00e0 des communiqu\u00e9s\",\"datePublished\":\"2026-01-24T07:04:50+00:00\",\"dateModified\":\"2026-01-24T07:14:03+00:00\",\"mainEntityOfPage\":{\"@id\":\"https:\\\/\\\/www.webdo.tn\\\/fr\\\/actualite\\\/national\\\/inondations-kais-saied-appelle-a-des-solutions-concretes-plutot-qua-des-communiques\\\/391950\\\/\"},\"wordCount\":397,\"publisher\":{\"@id\":\"https:\\\/\\\/www.webdo.tn\\\/fr\\\/#organization\"},\"image\":{\"@id\":\"https:\\\/\\\/www.webdo.tn\\\/fr\\\/actualite\\\/national\\\/inondations-kais-saied-appelle-a-des-solutions-concretes-plutot-qua-des-communiques\\\/391950\\\/#primaryimage\"},\"thumbnailUrl\":\"https:\\\/\\\/www.webdo.tn\\\/fr\\\/wp-content\\\/uploads\\\/2026\\\/01\\\/Inondations-Kais-Saied-carthage.jpg\",\"keywords\":[\"Inondations\",\"Kais Saied\",\"Tunisie\"],\"articleSection\":[\"National\"],\"inLanguage\":\"fr-FR\"},{\"@type\":\"WebPage\",\"@id\":\"https:\\\/\\\/www.webdo.tn\\\/fr\\\/actualite\\\/national\\\/inondations-kais-saied-appelle-a-des-solutions-concretes-plutot-qua-des-communiques\\\/391950\\\/\",\"url\":\"https:\\\/\\\/www.webdo.tn\\\/fr\\\/actualite\\\/national\\\/inondations-kais-saied-appelle-a-des-solutions-concretes-plutot-qua-des-communiques\\\/391950\\\/\",\"name\":\"Inondations : Ka\u00efs Sa\u00efed appelle \u00e0 des solutions concr\u00e8tes plut\u00f4t qu\u2019\u00e0 des communiqu\u00e9s - webdo\",\"isPartOf\":{\"@id\":\"https:\\\/\\\/www.webdo.tn\\\/fr\\\/#website\"},\"primaryImageOfPage\":{\"@id\":\"https:\\\/\\\/www.webdo.tn\\\/fr\\\/actualite\\\/national\\\/inondations-kais-saied-appelle-a-des-solutions-concretes-plutot-qua-des-communiques\\\/391950\\\/#primaryimage\"},\"image\":{\"@id\":\"https:\\\/\\\/www.webdo.tn\\\/fr\\\/actualite\\\/national\\\/inondations-kais-saied-appelle-a-des-solutions-concretes-plutot-qua-des-communiques\\\/391950\\\/#primaryimage\"},\"thumbnailUrl\":\"https:\\\/\\\/www.webdo.tn\\\/fr\\\/wp-content\\\/uploads\\\/2026\\\/01\\\/Inondations-Kais-Saied-carthage.jpg\",\"datePublished\":\"2026-01-24T07:04:50+00:00\",\"dateModified\":\"2026-01-24T07:14:03+00:00\",\"description\":\"Ka\u00efs Sa\u00efed urge des solutions concr\u00e8tes face aux inondations plut\u00f4t que de simples communiqu\u00e9s, suite \u00e0 la crise r\u00e9cente.\",\"breadcrumb\":{\"@id\":\"https:\\\/\\\/www.webdo.tn\\\/fr\\\/actualite\\\/national\\\/inondations-kais-saied-appelle-a-des-solutions-concretes-plutot-qua-des-communiques\\\/391950\\\/#breadcrumb\"},\"inLanguage\":\"fr-FR\",\"potentialAction\":[{\"@type\":\"ReadAction\",\"target\":[\"https:\\\/\\\/www.webdo.tn\\\/fr\\\/actualite\\\/national\\\/inondations-kais-saied-appelle-a-des-solutions-concretes-plutot-qua-des-communiques\\\/391950\\\/\"]}]},{\"@type\":\"ImageObject\",\"inLanguage\":\"fr-FR\",\"@id\":\"https:\\\/\\\/www.webdo.tn\\\/fr\\\/actualite\\\/national\\\/inondations-kais-saied-appelle-a-des-solutions-concretes-plutot-qua-des-communiques\\\/391950\\\/#primaryimage\",\"url\":\"https:\\\/\\\/www.webdo.tn\\\/fr\\\/wp-content\\\/uploads\\\/2026\\\/01\\\/Inondations-Kais-Saied-carthage.jpg\",\"contentUrl\":\"https:\\\/\\\/www.webdo.tn\\\/fr\\\/wp-content\\\/uploads\\\/2026\\\/01\\\/Inondations-Kais-Saied-carthage.jpg\",\"width\":1200,\"height\":600,\"caption\":\"Inondations : le pr\u00e9sident insiste sur des mesures concr\u00e8tes et imm\u00e9diates\"},{\"@type\":\"BreadcrumbList\",\"@id\":\"https:\\\/\\\/www.webdo.tn\\\/fr\\\/actualite\\\/national\\\/inondations-kais-saied-appelle-a-des-solutions-concretes-plutot-qua-des-communiques\\\/391950\\\/#breadcrumb\",\"itemListElement\":[{\"@type\":\"ListItem\",\"position\":1,\"name\":\"Accueil\",\"item\":\"https:\\\/\\\/www.webdo.tn\\\/fr\\\/\"},{\"@type\":\"ListItem\",\"position\":2,\"name\":\"Inondations : Ka\u00efs Sa\u00efed appelle \u00e0 des solutions concr\u00e8tes plut\u00f4t qu\u2019\u00e0 des communiqu\u00e9s\"}]},{\"@type\":\"WebSite\",\"@id\":\"https:\\\/\\\/www.webdo.tn\\\/fr\\\/#website\",\"url\":\"https:\\\/\\\/www.webdo.tn\\\/fr\\\/\",\"name\":\"webdo\",\"description\":\"Tunisie - News en Tunisie et \u00e0 l&#039;international sur Webdo.tn\",\"publisher\":{\"@id\":\"https:\\\/\\\/www.webdo.tn\\\/fr\\\/#organization\"},\"potentialAction\":[{\"@type\":\"SearchAction\",\"target\":{\"@type\":\"EntryPoint\",\"urlTemplate\":\"https:\\\/\\\/www.webdo.tn\\\/fr\\\/?s={search_term_string}\"},\"query-input\":{\"@type\":\"PropertyValueSpecification\",\"valueRequired\":true,\"valueName\":\"search_term_string\"}}],\"inLanguage\":\"fr-FR\"},{\"@type\":\"Organization\",\"@id\":\"https:\\\/\\\/www.webdo.tn\\\/fr\\\/#organization\",\"name\":\"Webdo\",\"alternateName\":\"Webdo.tn\",\"url\":\"https:\\\/\\\/www.webdo.tn\\\/fr\\\/\",\"logo\":{\"@type\":\"ImageObject\",\"inLanguage\":\"fr-FR\",\"@id\":\"https:\\\/\\\/www.webdo.tn\\\/fr\\\/#\\\/schema\\\/logo\\\/image\\\/\",\"url\":\"https:\\\/\\\/www.webdo.tn\\\/fr\\\/wp-content\\\/uploads\\\/2025\\\/06\\\/Webdo-Tunisie_168377.jpg\",\"contentUrl\":\"https:\\\/\\\/www.webdo.tn\\\/fr\\\/wp-content\\\/uploads\\\/2025\\\/06\\\/Webdo-Tunisie_168377.jpg\",\"width\":301,\"height\":301,\"caption\":\"Webdo\"},\"image\":{\"@id\":\"https:\\\/\\\/www.webdo.tn\\\/fr\\\/#\\\/schema\\\/logo\\\/image\\\/\"},\"sameAs\":[\"https:\\\/\\\/www.facebook.com\\\/webdotn\",\"https:\\\/\\\/x.com\\\/webdo_tn\"],\"description\":\"Webdo est un m\u00e9dia num\u00e9rique tunisien fond\u00e9 en 2010, sp\u00e9cialis\u00e9 dans l\u2019actualit\u00e9 nationale et internationale, l\u2019\u00e9conomie, la soci\u00e9t\u00e9 et les analyses politiques. Le site s\u2019adresse \u00e0 un large public francophone et couvre l\u2019information tunisienne en temps r\u00e9el.\",\"email\":\"redac@webdo.tn\",\"legalName\":\"YNJ SARL\",\"foundingDate\":\"2010-09-06\",\"numberOfEmployees\":{\"@type\":\"QuantitativeValue\",\"minValue\":\"11\",\"maxValue\":\"50\"}},{\"@type\":\"Person\",\"@id\":\"https:\\\/\\\/www.webdo.tn\\\/fr\\\/#\\\/schema\\\/person\\\/5663044c25eb36d8f88ba5b653f12f8c\",\"name\":\"Ramzi Haddad\",\"image\":{\"@type\":\"ImageObject\",\"inLanguage\":\"fr-FR\",\"@id\":\"https:\\\/\\\/www.webdo.tn\\\/fr\\\/wp-content\\\/uploads\\\/2026\\\/04\\\/ramzi-haddad_avatar-96x96.jpg\",\"url\":\"https:\\\/\\\/www.webdo.tn\\\/fr\\\/wp-content\\\/uploads\\\/2026\\\/04\\\/ramzi-haddad_avatar-96x96.jpg\",\"contentUrl\":\"https:\\\/\\\/www.webdo.tn\\\/fr\\\/wp-content\\\/uploads\\\/2026\\\/04\\\/ramzi-haddad_avatar-96x96.jpg\",\"caption\":\"Ramzi Haddad\"},\"description\":\"Signature \u00e9ditoriale de Walid Ben Youssef Ramzi Haddad est le pseudonyme \u00e9ditorial de Walid Ben Youssef, fondateur et g\u00e9rant de Webdo.tn. Cette signature est d\u00e9di\u00e9e \u00e0 la couverture de l'actualit\u00e9 nationale et internationale, ainsi qu'aux analyses des dynamiques num\u00e9riques. Ce profil b\u00e9n\u00e9ficie de l'expertise de Walid Ben Youssef, pionnier du web en Tunisie depuis 2000 et dipl\u00f4m\u00e9 en Math\u00e9matiques pures de l'Universit\u00e9 d'Oregon. \u00c0 travers cette signature, la r\u00e9daction de Webdo garantit une information structur\u00e9e et v\u00e9rifi\u00e9e, fid\u00e8le aux standards journalistiques du m\u00e9dia.\",\"url\":\"https:\\\/\\\/www.webdo.tn\\\/fr\\\/actualite\\\/author\\\/ramzi-haddad\\\/\"}]}<\/script>\n<!-- \/ Yoast SEO Premium plugin. -->","yoast_head_json":{"title":"Inondations : Ka\u00efs Sa\u00efed appelle \u00e0 des solutions concr\u00e8tes plut\u00f4t qu\u2019\u00e0 des communiqu\u00e9s - webdo","description":"Ka\u00efs Sa\u00efed urge des solutions concr\u00e8tes face aux inondations plut\u00f4t que de simples communiqu\u00e9s, suite \u00e0 la crise r\u00e9cente.","canonical":"https:\/\/www.webdo.tn\/fr\/actualite\/national\/inondations-kais-saied-appelle-a-des-solutions-concretes-plutot-qua-des-communiques\/391950\/","og_locale":"fr_FR","og_type":"article","og_title":"Inondations : Ka\u00efs Sa\u00efed appelle \u00e0 des solutions concr\u00e8tes plut\u00f4t qu\u2019\u00e0 des communiqu\u00e9s","og_description":"Ka\u00efs Sa\u00efed urge des solutions concr\u00e8tes face aux inondations plut\u00f4t que de simples communiqu\u00e9s, suite \u00e0 la crise r\u00e9cente.","og_url":"https:\/\/www.webdo.tn\/fr\/actualite\/national\/inondations-kais-saied-appelle-a-des-solutions-concretes-plutot-qua-des-communiques\/391950\/","og_site_name":"webdo","article_publisher":"https:\/\/www.facebook.com\/webdotn","article_published_time":"2026-01-24T07:04:50+00:00","article_modified_time":"2026-01-24T07:14:03+00:00","og_image":[{"width":1200,"height":600,"url":"https:\/\/www.webdo.tn\/fr\/wp-content\/uploads\/2026\/01\/Inondations-Kais-Saied-carthage.jpg","type":"image\/jpeg"}],"author":"Ramzi Haddad","twitter_card":"summary_large_image","twitter_creator":"@webdo_tn","twitter_site":"@webdo_tn","twitter_misc":{"\u00c9crit par":"Ramzi Haddad","Dur\u00e9e de lecture estim\u00e9e":"2 minutes"},"schema":{"@context":"https:\/\/schema.org","@graph":[{"@type":"NewsArticle","@id":"https:\/\/www.webdo.tn\/fr\/actualite\/national\/inondations-kais-saied-appelle-a-des-solutions-concretes-plutot-qua-des-communiques\/391950\/#article","isPartOf":{"@id":"https:\/\/www.webdo.tn\/fr\/actualite\/national\/inondations-kais-saied-appelle-a-des-solutions-concretes-plutot-qua-des-communiques\/391950\/"},"author":{"name":"Ramzi Haddad","@id":"https:\/\/www.webdo.tn\/fr\/#\/schema\/person\/5663044c25eb36d8f88ba5b653f12f8c"},"headline":"Inondations : Ka\u00efs Sa\u00efed appelle \u00e0 des solutions concr\u00e8tes plut\u00f4t qu\u2019\u00e0 des communiqu\u00e9s","datePublished":"2026-01-24T07:04:50+00:00","dateModified":"2026-01-24T07:14:03+00:00","mainEntityOfPage":{"@id":"https:\/\/www.webdo.tn\/fr\/actualite\/national\/inondations-kais-saied-appelle-a-des-solutions-concretes-plutot-qua-des-communiques\/391950\/"},"wordCount":397,"publisher":{"@id":"https:\/\/www.webdo.tn\/fr\/#organization"},"image":{"@id":"https:\/\/www.webdo.tn\/fr\/actualite\/national\/inondations-kais-saied-appelle-a-des-solutions-concretes-plutot-qua-des-communiques\/391950\/#primaryimage"},"thumbnailUrl":"https:\/\/www.webdo.tn\/fr\/wp-content\/uploads\/2026\/01\/Inondations-Kais-Saied-carthage.jpg","keywords":["Inondations","Kais Saied","Tunisie"],"articleSection":["National"],"inLanguage":"fr-FR"},{"@type":"WebPage","@id":"https:\/\/www.webdo.tn\/fr\/actualite\/national\/inondations-kais-saied-appelle-a-des-solutions-concretes-plutot-qua-des-communiques\/391950\/","url":"https:\/\/www.webdo.tn\/fr\/actualite\/national\/inondations-kais-saied-appelle-a-des-solutions-concretes-plutot-qua-des-communiques\/391950\/","name":"Inondations : Ka\u00efs Sa\u00efed appelle \u00e0 des solutions concr\u00e8tes plut\u00f4t qu\u2019\u00e0 des communiqu\u00e9s - webdo","isPartOf":{"@id":"https:\/\/www.webdo.tn\/fr\/#website"},"primaryImageOfPage":{"@id":"https:\/\/www.webdo.tn\/fr\/actualite\/national\/inondations-kais-saied-appelle-a-des-solutions-concretes-plutot-qua-des-communiques\/391950\/#primaryimage"},"image":{"@id":"https:\/\/www.webdo.tn\/fr\/actualite\/national\/inondations-kais-saied-appelle-a-des-solutions-concretes-plutot-qua-des-communiques\/391950\/#primaryimage"},"thumbnailUrl":"https:\/\/www.webdo.tn\/fr\/wp-content\/uploads\/2026\/01\/Inondations-Kais-Saied-carthage.jpg","datePublished":"2026-01-24T07:04:50+00:00","dateModified":"2026-01-24T07:14:03+00:00","description":"Ka\u00efs Sa\u00efed urge des solutions concr\u00e8tes face aux inondations plut\u00f4t que de simples communiqu\u00e9s, suite \u00e0 la crise r\u00e9cente.","breadcrumb":{"@id":"https:\/\/www.webdo.tn\/fr\/actualite\/national\/inondations-kais-saied-appelle-a-des-solutions-concretes-plutot-qua-des-communiques\/391950\/#breadcrumb"},"inLanguage":"fr-FR","potentialAction":[{"@type":"ReadAction","target":["https:\/\/www.webdo.tn\/fr\/actualite\/national\/inondations-kais-saied-appelle-a-des-solutions-concretes-plutot-qua-des-communiques\/391950\/"]}]},{"@type":"ImageObject","inLanguage":"fr-FR","@id":"https:\/\/www.webdo.tn\/fr\/actualite\/national\/inondations-kais-saied-appelle-a-des-solutions-concretes-plutot-qua-des-communiques\/391950\/#primaryimage","url":"https:\/\/www.webdo.tn\/fr\/wp-content\/uploads\/2026\/01\/Inondations-Kais-Saied-carthage.jpg","contentUrl":"https:\/\/www.webdo.tn\/fr\/wp-content\/uploads\/2026\/01\/Inondations-Kais-Saied-carthage.jpg","width":1200,"height":600,"caption":"Inondations : le pr\u00e9sident insiste sur des mesures concr\u00e8tes et imm\u00e9diates"},{"@type":"BreadcrumbList","@id":"https:\/\/www.webdo.tn\/fr\/actualite\/national\/inondations-kais-saied-appelle-a-des-solutions-concretes-plutot-qua-des-communiques\/391950\/#breadcrumb","itemListElement":[{"@type":"ListItem","position":1,"name":"Accueil","item":"https:\/\/www.webdo.tn\/fr\/"},{"@type":"ListItem","position":2,"name":"Inondations : Ka\u00efs Sa\u00efed appelle \u00e0 des solutions concr\u00e8tes plut\u00f4t qu\u2019\u00e0 des communiqu\u00e9s"}]},{"@type":"WebSite","@id":"https:\/\/www.webdo.tn\/fr\/#website","url":"https:\/\/www.webdo.tn\/fr\/","name":"webdo","description":"Tunisie - News en Tunisie et \u00e0 l&#039;international sur Webdo.tn","publisher":{"@id":"https:\/\/www.webdo.tn\/fr\/#organization"},"potentialAction":[{"@type":"SearchAction","target":{"@type":"EntryPoint","urlTemplate":"https:\/\/www.webdo.tn\/fr\/?s={search_term_string}"},"query-input":{"@type":"PropertyValueSpecification","valueRequired":true,"valueName":"search_term_string"}}],"inLanguage":"fr-FR"},{"@type":"Organization","@id":"https:\/\/www.webdo.tn\/fr\/#organization","name":"Webdo","alternateName":"Webdo.tn","url":"https:\/\/www.webdo.tn\/fr\/","logo":{"@type":"ImageObject","inLanguage":"fr-FR","@id":"https:\/\/www.webdo.tn\/fr\/#\/schema\/logo\/image\/","url":"https:\/\/www.webdo.tn\/fr\/wp-content\/uploads\/2025\/06\/Webdo-Tunisie_168377.jpg","contentUrl":"https:\/\/www.webdo.tn\/fr\/wp-content\/uploads\/2025\/06\/Webdo-Tunisie_168377.jpg","width":301,"height":301,"caption":"Webdo"},"image":{"@id":"https:\/\/www.webdo.tn\/fr\/#\/schema\/logo\/image\/"},"sameAs":["https:\/\/www.facebook.com\/webdotn","https:\/\/x.com\/webdo_tn"],"description":"Webdo est un m\u00e9dia num\u00e9rique tunisien fond\u00e9 en 2010, sp\u00e9cialis\u00e9 dans l\u2019actualit\u00e9 nationale et internationale, l\u2019\u00e9conomie, la soci\u00e9t\u00e9 et les analyses politiques. Le site s\u2019adresse \u00e0 un large public francophone et couvre l\u2019information tunisienne en temps r\u00e9el.","email":"redac@webdo.tn","legalName":"YNJ SARL","foundingDate":"2010-09-06","numberOfEmployees":{"@type":"QuantitativeValue","minValue":"11","maxValue":"50"}},{"@type":"Person","@id":"https:\/\/www.webdo.tn\/fr\/#\/schema\/person\/5663044c25eb36d8f88ba5b653f12f8c","name":"Ramzi Haddad","image":{"@type":"ImageObject","inLanguage":"fr-FR","@id":"https:\/\/www.webdo.tn\/fr\/wp-content\/uploads\/2026\/04\/ramzi-haddad_avatar-96x96.jpg","url":"https:\/\/www.webdo.tn\/fr\/wp-content\/uploads\/2026\/04\/ramzi-haddad_avatar-96x96.jpg","contentUrl":"https:\/\/www.webdo.tn\/fr\/wp-content\/uploads\/2026\/04\/ramzi-haddad_avatar-96x96.jpg","caption":"Ramzi Haddad"},"description":"Signature \u00e9ditoriale de Walid Ben Youssef Ramzi Haddad est le pseudonyme \u00e9ditorial de Walid Ben Youssef, fondateur et g\u00e9rant de Webdo.tn. Cette signature est d\u00e9di\u00e9e \u00e0 la couverture de l'actualit\u00e9 nationale et internationale, ainsi qu'aux analyses des dynamiques num\u00e9riques. Ce profil b\u00e9n\u00e9ficie de l'expertise de Walid Ben Youssef, pionnier du web en Tunisie depuis 2000 et dipl\u00f4m\u00e9 en Math\u00e9matiques pures de l'Universit\u00e9 d'Oregon. \u00c0 travers cette signature, la r\u00e9daction de Webdo garantit une information structur\u00e9e et v\u00e9rifi\u00e9e, fid\u00e8le aux standards journalistiques du m\u00e9dia.","url":"https:\/\/www.webdo.tn\/fr\/actualite\/author\/ramzi-haddad\/"}]}},"_links":{"self":[{"href":"https:\/\/www.webdo.tn\/fr\/wp-json\/wp\/v2\/posts\/391950","targetHints":{"allow":["GET"]}}],"collection":[{"href":"https:\/\/www.webdo.tn\/fr\/wp-json\/wp\/v2\/posts"}],"about":[{"href":"https:\/\/www.webdo.tn\/fr\/wp-json\/wp\/v2\/types\/post"}],"author":[{"embeddable":true,"href":"https:\/\/www.webdo.tn\/fr\/wp-json\/wp\/v2\/users\/3203"}],"replies":[{"embeddable":true,"href":"https:\/\/www.webdo.tn\/fr\/wp-json\/wp\/v2\/comments?post=391950"}],"version-history":[{"count":0,"href":"https:\/\/www.webdo.tn\/fr\/wp-json\/wp\/v2\/posts\/391950\/revisions"}],"wp:featuredmedia":[{"embeddable":true,"href":"https:\/\/www.webdo.tn\/fr\/wp-json\/wp\/v2\/media\/391952"}],"wp:attachment":[{"href":"https:\/\/www.webdo.tn\/fr\/wp-json\/wp\/v2\/media?parent=391950"}],"wp:term":[{"taxonomy":"category","embeddable":true,"href":"https:\/\/www.webdo.tn\/fr\/wp-json\/wp\/v2\/categories?post=391950"},{"taxonomy":"post_tag","embeddable":true,"href":"https:\/\/www.webdo.tn\/fr\/wp-json\/wp\/v2\/tags?post=391950"}],"curies":[{"name":"wp","href":"https:\/\/api.w.org\/{rel}","templated":true}]}}