{"id":391907,"date":"2026-01-23T10:36:59","date_gmt":"2026-01-23T09:36:59","guid":{"rendered":"https:\/\/www.webdo.tn\/fr\/?p=391907"},"modified":"2026-01-23T10:37:00","modified_gmt":"2026-01-23T09:37:00","slug":"tunisie-le-ministre-de-leconomie-au-forum-de-davos-pour-renforcer-les-investissements","status":"publish","type":"post","link":"https:\/\/www.webdo.tn\/fr\/actualite\/national\/tunisie-le-ministre-de-leconomie-au-forum-de-davos-pour-renforcer-les-investissements\/391907\/","title":{"rendered":"Tunisie : Le ministre de l\u2019\u00c9conomie au Forum de Davos pour renforcer les investissements"},"content":{"rendered":"\n<p><strong>Samir Abdelhafidh participe au Forum \u00e9conomique mondial de Davos 2026, ax\u00e9 sur la transformation num\u00e9rique, la finance durable et la coop\u00e9ration \u00e9conomique africaine, multipliant les rencontres bilat\u00e9rales pour soutenir les investissements en Tunisie.<\/strong><\/p>\n\n\n\n<p>Le ministre de l\u2019\u00c9conomie et de la Planification, Samir Abdelhafidh, repr\u00e9sente la Tunisie \u00e0 la 56\u1d49 \u00e9dition du Forum \u00e9conomique mondial de Davos, qui se tient du 19 au 23 janvier 2026 en Suisse. Organis\u00e9 sur le th\u00e8me \u00ab L\u2019esprit du dialogue \u00bb, le forum r\u00e9unit des dirigeants politiques, \u00e9conomiques et universitaires de 130 pays pour d\u00e9battre des perspectives \u00e9conomiques mondiales, du changement climatique, de l\u2019innovation et de l\u2019intelligence artificielle comme moteur de d\u00e9veloppement.<\/p>\n\n\n\n<h2 class=\"wp-block-heading\" id=\"h-focus-sur-l-afrique-et-la-transformation-numerique\">Focus sur l\u2019Afrique et la transformation num\u00e9rique<\/h2>\n\n\n\n<p>Lors des sessions du forum, Abdelhafidh a particip\u00e9 \u00e0 des d\u00e9bats sur le commerce num\u00e9rique et la Zone de libre-\u00e9change continentale africaine (ZLECAF), ainsi que sur les mesures pour stimuler les investissements dans la connectivit\u00e9 num\u00e9rique et renforcer la transformation \u00e9conomique sur le continent, dans une perspective de croissance inclusive et durable.<\/p>\n\n\n\n<p>Le ministre a tenu une s\u00e9rie de rencontres bilat\u00e9rales avec des responsables d\u2019organisations internationales :<\/p>\n\n\n\n<p>Avec la CNUCED (Conf\u00e9rence des Nations Unies sur le Commerce et le D\u00e9veloppement), les discussions ont port\u00e9 sur le renforcement de la coop\u00e9ration, la formation en droit de la concurrence et la cr\u00e9ation d\u2019une plateforme de gestion de la dette pour les pays emprunteurs.<\/p>\n\n\n\n<p>Avec le FIDA (Fonds international de d\u00e9veloppement agricole), il a \u00e9t\u00e9 question de la promotion de projets agricoles et ruraux, et de l\u2019encouragement d\u2019investissements conjoints.<\/p>\n\n\n\n<p>Avec la BERD (Banque europ\u00e9enne pour la reconstruction et le d\u00e9veloppement), les \u00e9changes ont port\u00e9 sur des projets \u00e0 fort impact \u00e9conomique et social, et sur le suivi du plan de d\u00e9veloppement 2026-2030.<\/p>\n\n\n\n<p>Avec la BADEA (Banque arabe pour le d\u00e9veloppement \u00e9conomique en Afrique), les discussions ont port\u00e9 sur la mise en avant de la coop\u00e9ration technique et sur le soutien aux exportations tunisiennes vers l\u2019Afrique et organisation de forums commerciaux arabo-africains.<\/p>\n\n\n\n<p>Avec les ministres kowe\u00eftien et omanais du Commerce et de l\u2019Industrie, les discussions ont \u00e9t\u00e9 ax\u00e9es sur l\u2019accroissement des investissements et des \u00e9changes commerciaux entre la Tunisie et ces pays.<\/p>\n\n\n\n<h2 class=\"wp-block-heading\" id=\"h-la-tunisie-comme-destination-d-investissement\">La Tunisie comme destination d\u2019investissement<\/h2>\n\n\n\n<p>Samir Abdelhafidh a \u00e9galement rencontr\u00e9 plusieurs investisseurs et repr\u00e9sentants d\u2019entreprises internationales, mettant en avant les avantages pr\u00e9f\u00e9rentiels offerts par la Tunisie et exprimant la volont\u00e9 des autorit\u00e9s d\u2019accompagner et de concr\u00e9tiser les projets d\u2019investissement dans diff\u00e9rents secteurs strat\u00e9giques.<\/p>\n\n\n\n<p><\/p>\n\n\n\n<iframe src=\"https:\/\/www.facebook.com\/plugins\/post.php?href=https%3A%2F%2Fwww.facebook.com%2FMDICITUNISIE%2Fposts%2Fpfbid0GdGuhgseYbqvEdhnLaxvjFYfhqyUrZvscNHyMhB6g2JLZdexVAo6BRFtvbhYhkFal&#038;show_text=true&#038;width=500\" width=\"500\" height=\"682\" style=\"border:none;overflow:hidden\" scrolling=\"no\" frameborder=\"0\" allowfullscreen=\"true\" allow=\"autoplay; clipboard-write; encrypted-media; picture-in-picture; web-share\"><\/iframe>\n\n\n\n<p><\/p>\n\n\n\n<blockquote class=\"wp-block-quote is-layout-flow wp-block-quote-is-layout-flow\">\n<blockquote class=\"wp-block-quote is-layout-flow wp-block-quote-is-layout-flow\">\n<p><strong>Lire aussi :<\/strong><\/p>\n\n\n\n<ul class=\"wp-block-list\">\n<li><a href=\"https:\/\/www.webdo.tn\/fr\/actualite\/national\/davos-la-tunisie-devoile-ses-atouts-pour-attirer-les-investisseurs-mondiaux\/219295\/\">Davos : La Tunisie d\u00e9voile ses atouts pour attirer les investisseurs mondiaux<\/a><\/li>\n\n\n\n<li><a href=\"https:\/\/www.webdo.tn\/fr\/actualite\/national\/davos-est-ce-le-voyage-de-trop\/211747\/\">Davos, est-ce le voyage de trop !?<\/a><\/li>\n<\/ul>\n<\/blockquote>\n<\/blockquote>\n","protected":false},"excerpt":{"rendered":"<p>Samir Abdelhafidh participe au Forum \u00e9conomique mondial de Davos 2026, ax\u00e9 sur la transformation num\u00e9rique, la finance durable et la coop\u00e9ration \u00e9conomique africaine, multipliant les rencontres bilat\u00e9rales pour soutenir les investissements en Tunisie. Le ministre de l\u2019\u00c9conomie et de la Planification, Samir Abdelhafidh, repr\u00e9sente la Tunisie \u00e0 la 56\u1d49 \u00e9dition du Forum \u00e9conomique mondial de [&hellip;]<\/p>\n","protected":false},"author":4782,"featured_media":391908,"comment_status":"closed","ping_status":"closed","sticky":false,"template":"","format":"standard","meta":{"footnotes":""},"categories":[44],"tags":[8866,3955,2608],"class_list":["post-391907","post","type-post","status-publish","format-standard","has-post-thumbnail","hentry","category-national","tag-forum-de-davos","tag-investissements","tag-tunisie"],"yoast_head":"<!-- This site is optimized with the Yoast SEO Premium plugin v27.5 (Yoast SEO v27.5) - https:\/\/yoast.com\/product\/yoast-seo-premium-wordpress\/ -->\n<title>Tunisie : Le ministre de l\u2019\u00c9conomie au Forum de Davos pour renforcer les investissements - webdo<\/title>\n<meta name=\"description\" content=\"D\u00e9couvrez comment Tunisie : Le ministre de l\u2019\u00c9conomie au Forum de Davos attire des investissements pour la transformation \u00e9conomique.\" \/>\n<link rel=\"canonical\" href=\"https:\/\/www.webdo.tn\/fr\/actualite\/national\/tunisie-le-ministre-de-leconomie-au-forum-de-davos-pour-renforcer-les-investissements\/391907\/\" \/>\n<meta property=\"og:locale\" content=\"fr_FR\" \/>\n<meta property=\"og:type\" content=\"article\" \/>\n<meta property=\"og:title\" content=\"Tunisie : Le ministre de l\u2019\u00c9conomie au Forum de Davos pour renforcer les investissements\" \/>\n<meta property=\"og:description\" content=\"D\u00e9couvrez comment Tunisie : Le ministre de l\u2019\u00c9conomie au Forum de Davos attire des investissements pour la transformation \u00e9conomique.\" \/>\n<meta property=\"og:url\" content=\"https:\/\/www.webdo.tn\/fr\/actualite\/national\/tunisie-le-ministre-de-leconomie-au-forum-de-davos-pour-renforcer-les-investissements\/391907\/\" \/>\n<meta property=\"og:site_name\" content=\"webdo\" \/>\n<meta property=\"article:publisher\" content=\"https:\/\/www.facebook.com\/webdotn\" \/>\n<meta property=\"article:published_time\" content=\"2026-01-23T09:36:59+00:00\" \/>\n<meta property=\"article:modified_time\" content=\"2026-01-23T09:37:00+00:00\" \/>\n<meta property=\"og:image\" content=\"https:\/\/www.webdo.tn\/fr\/wp-content\/uploads\/2026\/01\/Davos.jpg\" \/>\n\t<meta property=\"og:image:width\" content=\"1200\" \/>\n\t<meta property=\"og:image:height\" content=\"605\" \/>\n\t<meta property=\"og:image:type\" content=\"image\/jpeg\" \/>\n<meta name=\"author\" content=\"Mohamed Fethi\" \/>\n<meta name=\"twitter:card\" content=\"summary_large_image\" \/>\n<meta name=\"twitter:creator\" content=\"@webdo_tn\" \/>\n<meta name=\"twitter:site\" content=\"@webdo_tn\" \/>\n<meta name=\"twitter:label1\" content=\"\u00c9crit par\" \/>\n\t<meta name=\"twitter:data1\" content=\"Mohamed Fethi\" \/>\n\t<meta name=\"twitter:label2\" content=\"Dur\u00e9e de lecture estim\u00e9e\" \/>\n\t<meta name=\"twitter:data2\" content=\"3 minutes\" \/>\n<script type=\"application\/ld+json\" class=\"yoast-schema-graph\">{\"@context\":\"https:\\\/\\\/schema.org\",\"@graph\":[{\"@type\":\"NewsArticle\",\"@id\":\"https:\\\/\\\/www.webdo.tn\\\/fr\\\/actualite\\\/national\\\/tunisie-le-ministre-de-leconomie-au-forum-de-davos-pour-renforcer-les-investissements\\\/391907\\\/#article\",\"isPartOf\":{\"@id\":\"https:\\\/\\\/www.webdo.tn\\\/fr\\\/actualite\\\/national\\\/tunisie-le-ministre-de-leconomie-au-forum-de-davos-pour-renforcer-les-investissements\\\/391907\\\/\"},\"author\":{\"name\":\"Mohamed Fethi\",\"@id\":\"https:\\\/\\\/www.webdo.tn\\\/fr\\\/#\\\/schema\\\/person\\\/16a4857e77dfc0b610c4c2cadffc9ac4\"},\"headline\":\"Tunisie : Le ministre de l\u2019\u00c9conomie au Forum de Davos pour renforcer les investissements\",\"datePublished\":\"2026-01-23T09:36:59+00:00\",\"dateModified\":\"2026-01-23T09:37:00+00:00\",\"mainEntityOfPage\":{\"@id\":\"https:\\\/\\\/www.webdo.tn\\\/fr\\\/actualite\\\/national\\\/tunisie-le-ministre-de-leconomie-au-forum-de-davos-pour-renforcer-les-investissements\\\/391907\\\/\"},\"wordCount\":467,\"publisher\":{\"@id\":\"https:\\\/\\\/www.webdo.tn\\\/fr\\\/#organization\"},\"image\":{\"@id\":\"https:\\\/\\\/www.webdo.tn\\\/fr\\\/actualite\\\/national\\\/tunisie-le-ministre-de-leconomie-au-forum-de-davos-pour-renforcer-les-investissements\\\/391907\\\/#primaryimage\"},\"thumbnailUrl\":\"https:\\\/\\\/www.webdo.tn\\\/fr\\\/wp-content\\\/uploads\\\/2026\\\/01\\\/Davos.jpg\",\"keywords\":[\"forum de davos\",\"investissements\",\"Tunisie\"],\"articleSection\":[\"National\"],\"inLanguage\":\"fr-FR\"},{\"@type\":\"WebPage\",\"@id\":\"https:\\\/\\\/www.webdo.tn\\\/fr\\\/actualite\\\/national\\\/tunisie-le-ministre-de-leconomie-au-forum-de-davos-pour-renforcer-les-investissements\\\/391907\\\/\",\"url\":\"https:\\\/\\\/www.webdo.tn\\\/fr\\\/actualite\\\/national\\\/tunisie-le-ministre-de-leconomie-au-forum-de-davos-pour-renforcer-les-investissements\\\/391907\\\/\",\"name\":\"Tunisie : Le ministre de l\u2019\u00c9conomie au Forum de Davos pour renforcer les investissements - webdo\",\"isPartOf\":{\"@id\":\"https:\\\/\\\/www.webdo.tn\\\/fr\\\/#website\"},\"primaryImageOfPage\":{\"@id\":\"https:\\\/\\\/www.webdo.tn\\\/fr\\\/actualite\\\/national\\\/tunisie-le-ministre-de-leconomie-au-forum-de-davos-pour-renforcer-les-investissements\\\/391907\\\/#primaryimage\"},\"image\":{\"@id\":\"https:\\\/\\\/www.webdo.tn\\\/fr\\\/actualite\\\/national\\\/tunisie-le-ministre-de-leconomie-au-forum-de-davos-pour-renforcer-les-investissements\\\/391907\\\/#primaryimage\"},\"thumbnailUrl\":\"https:\\\/\\\/www.webdo.tn\\\/fr\\\/wp-content\\\/uploads\\\/2026\\\/01\\\/Davos.jpg\",\"datePublished\":\"2026-01-23T09:36:59+00:00\",\"dateModified\":\"2026-01-23T09:37:00+00:00\",\"description\":\"D\u00e9couvrez comment Tunisie : Le ministre de l\u2019\u00c9conomie au Forum de Davos attire des investissements pour la transformation \u00e9conomique.\",\"breadcrumb\":{\"@id\":\"https:\\\/\\\/www.webdo.tn\\\/fr\\\/actualite\\\/national\\\/tunisie-le-ministre-de-leconomie-au-forum-de-davos-pour-renforcer-les-investissements\\\/391907\\\/#breadcrumb\"},\"inLanguage\":\"fr-FR\",\"potentialAction\":[{\"@type\":\"ReadAction\",\"target\":[\"https:\\\/\\\/www.webdo.tn\\\/fr\\\/actualite\\\/national\\\/tunisie-le-ministre-de-leconomie-au-forum-de-davos-pour-renforcer-les-investissements\\\/391907\\\/\"]}]},{\"@type\":\"ImageObject\",\"inLanguage\":\"fr-FR\",\"@id\":\"https:\\\/\\\/www.webdo.tn\\\/fr\\\/actualite\\\/national\\\/tunisie-le-ministre-de-leconomie-au-forum-de-davos-pour-renforcer-les-investissements\\\/391907\\\/#primaryimage\",\"url\":\"https:\\\/\\\/www.webdo.tn\\\/fr\\\/wp-content\\\/uploads\\\/2026\\\/01\\\/Davos.jpg\",\"contentUrl\":\"https:\\\/\\\/www.webdo.tn\\\/fr\\\/wp-content\\\/uploads\\\/2026\\\/01\\\/Davos.jpg\",\"width\":1200,\"height\":605,\"caption\":\"Tunisie : Le ministre de l\u2019\u00c9conomie au Forum de Davos pour renforcer les investissements\"},{\"@type\":\"BreadcrumbList\",\"@id\":\"https:\\\/\\\/www.webdo.tn\\\/fr\\\/actualite\\\/national\\\/tunisie-le-ministre-de-leconomie-au-forum-de-davos-pour-renforcer-les-investissements\\\/391907\\\/#breadcrumb\",\"itemListElement\":[{\"@type\":\"ListItem\",\"position\":1,\"name\":\"Accueil\",\"item\":\"https:\\\/\\\/www.webdo.tn\\\/fr\\\/\"},{\"@type\":\"ListItem\",\"position\":2,\"name\":\"Tunisie : Le ministre de l\u2019\u00c9conomie au Forum de Davos pour renforcer les investissements\"}]},{\"@type\":\"WebSite\",\"@id\":\"https:\\\/\\\/www.webdo.tn\\\/fr\\\/#website\",\"url\":\"https:\\\/\\\/www.webdo.tn\\\/fr\\\/\",\"name\":\"webdo\",\"description\":\"Tunisie - News en Tunisie et \u00e0 l&#039;international sur Webdo.tn\",\"publisher\":{\"@id\":\"https:\\\/\\\/www.webdo.tn\\\/fr\\\/#organization\"},\"potentialAction\":[{\"@type\":\"SearchAction\",\"target\":{\"@type\":\"EntryPoint\",\"urlTemplate\":\"https:\\\/\\\/www.webdo.tn\\\/fr\\\/?s={search_term_string}\"},\"query-input\":{\"@type\":\"PropertyValueSpecification\",\"valueRequired\":true,\"valueName\":\"search_term_string\"}}],\"inLanguage\":\"fr-FR\"},{\"@type\":\"Organization\",\"@id\":\"https:\\\/\\\/www.webdo.tn\\\/fr\\\/#organization\",\"name\":\"Webdo\",\"alternateName\":\"Webdo.tn\",\"url\":\"https:\\\/\\\/www.webdo.tn\\\/fr\\\/\",\"logo\":{\"@type\":\"ImageObject\",\"inLanguage\":\"fr-FR\",\"@id\":\"https:\\\/\\\/www.webdo.tn\\\/fr\\\/#\\\/schema\\\/logo\\\/image\\\/\",\"url\":\"https:\\\/\\\/www.webdo.tn\\\/fr\\\/wp-content\\\/uploads\\\/2025\\\/06\\\/Webdo-Tunisie_168377.jpg\",\"contentUrl\":\"https:\\\/\\\/www.webdo.tn\\\/fr\\\/wp-content\\\/uploads\\\/2025\\\/06\\\/Webdo-Tunisie_168377.jpg\",\"width\":301,\"height\":301,\"caption\":\"Webdo\"},\"image\":{\"@id\":\"https:\\\/\\\/www.webdo.tn\\\/fr\\\/#\\\/schema\\\/logo\\\/image\\\/\"},\"sameAs\":[\"https:\\\/\\\/www.facebook.com\\\/webdotn\",\"https:\\\/\\\/x.com\\\/webdo_tn\"],\"description\":\"Webdo est un m\u00e9dia num\u00e9rique tunisien fond\u00e9 en 2010, sp\u00e9cialis\u00e9 dans l\u2019actualit\u00e9 nationale et internationale, l\u2019\u00e9conomie, la soci\u00e9t\u00e9 et les analyses politiques. Le site s\u2019adresse \u00e0 un large public francophone et couvre l\u2019information tunisienne en temps r\u00e9el.\",\"email\":\"redac@webdo.tn\",\"legalName\":\"YNJ SARL\",\"foundingDate\":\"2010-09-06\",\"numberOfEmployees\":{\"@type\":\"QuantitativeValue\",\"minValue\":\"11\",\"maxValue\":\"50\"}},{\"@type\":\"Person\",\"@id\":\"https:\\\/\\\/www.webdo.tn\\\/fr\\\/#\\\/schema\\\/person\\\/16a4857e77dfc0b610c4c2cadffc9ac4\",\"name\":\"Mohamed Fethi\",\"image\":{\"@type\":\"ImageObject\",\"inLanguage\":\"fr-FR\",\"@id\":\"https:\\\/\\\/www.webdo.tn\\\/fr\\\/wp-content\\\/uploads\\\/2026\\\/04\\\/mohamed-fethi_avatar_1-96x96.jpg\",\"url\":\"https:\\\/\\\/www.webdo.tn\\\/fr\\\/wp-content\\\/uploads\\\/2026\\\/04\\\/mohamed-fethi_avatar_1-96x96.jpg\",\"contentUrl\":\"https:\\\/\\\/www.webdo.tn\\\/fr\\\/wp-content\\\/uploads\\\/2026\\\/04\\\/mohamed-fethi_avatar_1-96x96.jpg\",\"caption\":\"Mohamed Fethi\"},\"description\":\"Signature \u00e9ditoriale de Maher Chaabane Mohamed Fethi est le pseudonyme \u00e9ditorial de Maher Chaabane, r\u00e9dacteur en chef de Webdo.tn depuis 2012. Cette signature est d\u00e9di\u00e9e au traitement intensif de l'actualit\u00e9 nationale et internationale en temps r\u00e9el. S'appuyant sur les deux d\u00e9cennies d'expertise journalistique de Maher Chaabane \u2014 d\u00e9but\u00e9e au sein du groupe Tunis Hebdo en 2000 \u2014 Mohamed Fethi assure une veille rigoureuse sur les enjeux politiques, \u00e9conomiques et sportifs. Sa mission est de garantir une information structur\u00e9e, fluide et fid\u00e8le aux standards de la r\u00e9daction. Pour consulter le parcours complet du r\u00e9dacteur en chef, visitez le profil officiel de Maher Chaabane.\",\"knowsAbout\":[\"actualit\u00e9\",\"journalisme\",\"information\",\"politique\",\"sport\",\"m\u00e9dias\",\"actualit\u00e9 internationale\"],\"knowsLanguage\":[\"Fran\u00e7ais\",\"Arabe\"],\"jobTitle\":\"Journaliste \u2013 R\u00e9daction Webdo\",\"worksFor\":\"Webdo.tn\",\"url\":\"https:\\\/\\\/www.webdo.tn\\\/fr\\\/actualite\\\/author\\\/mohamed-fethi\\\/\"}]}<\/script>\n<!-- \/ Yoast SEO Premium plugin. -->","yoast_head_json":{"title":"Tunisie : Le ministre de l\u2019\u00c9conomie au Forum de Davos pour renforcer les investissements - webdo","description":"D\u00e9couvrez comment Tunisie : Le ministre de l\u2019\u00c9conomie au Forum de Davos attire des investissements pour la transformation \u00e9conomique.","canonical":"https:\/\/www.webdo.tn\/fr\/actualite\/national\/tunisie-le-ministre-de-leconomie-au-forum-de-davos-pour-renforcer-les-investissements\/391907\/","og_locale":"fr_FR","og_type":"article","og_title":"Tunisie : Le ministre de l\u2019\u00c9conomie au Forum de Davos pour renforcer les investissements","og_description":"D\u00e9couvrez comment Tunisie : Le ministre de l\u2019\u00c9conomie au Forum de Davos attire des investissements pour la transformation \u00e9conomique.","og_url":"https:\/\/www.webdo.tn\/fr\/actualite\/national\/tunisie-le-ministre-de-leconomie-au-forum-de-davos-pour-renforcer-les-investissements\/391907\/","og_site_name":"webdo","article_publisher":"https:\/\/www.facebook.com\/webdotn","article_published_time":"2026-01-23T09:36:59+00:00","article_modified_time":"2026-01-23T09:37:00+00:00","og_image":[{"width":1200,"height":605,"url":"https:\/\/www.webdo.tn\/fr\/wp-content\/uploads\/2026\/01\/Davos.jpg","type":"image\/jpeg"}],"author":"Mohamed Fethi","twitter_card":"summary_large_image","twitter_creator":"@webdo_tn","twitter_site":"@webdo_tn","twitter_misc":{"\u00c9crit par":"Mohamed Fethi","Dur\u00e9e de lecture estim\u00e9e":"3 minutes"},"schema":{"@context":"https:\/\/schema.org","@graph":[{"@type":"NewsArticle","@id":"https:\/\/www.webdo.tn\/fr\/actualite\/national\/tunisie-le-ministre-de-leconomie-au-forum-de-davos-pour-renforcer-les-investissements\/391907\/#article","isPartOf":{"@id":"https:\/\/www.webdo.tn\/fr\/actualite\/national\/tunisie-le-ministre-de-leconomie-au-forum-de-davos-pour-renforcer-les-investissements\/391907\/"},"author":{"name":"Mohamed Fethi","@id":"https:\/\/www.webdo.tn\/fr\/#\/schema\/person\/16a4857e77dfc0b610c4c2cadffc9ac4"},"headline":"Tunisie : Le ministre de l\u2019\u00c9conomie au Forum de Davos pour renforcer les investissements","datePublished":"2026-01-23T09:36:59+00:00","dateModified":"2026-01-23T09:37:00+00:00","mainEntityOfPage":{"@id":"https:\/\/www.webdo.tn\/fr\/actualite\/national\/tunisie-le-ministre-de-leconomie-au-forum-de-davos-pour-renforcer-les-investissements\/391907\/"},"wordCount":467,"publisher":{"@id":"https:\/\/www.webdo.tn\/fr\/#organization"},"image":{"@id":"https:\/\/www.webdo.tn\/fr\/actualite\/national\/tunisie-le-ministre-de-leconomie-au-forum-de-davos-pour-renforcer-les-investissements\/391907\/#primaryimage"},"thumbnailUrl":"https:\/\/www.webdo.tn\/fr\/wp-content\/uploads\/2026\/01\/Davos.jpg","keywords":["forum de davos","investissements","Tunisie"],"articleSection":["National"],"inLanguage":"fr-FR"},{"@type":"WebPage","@id":"https:\/\/www.webdo.tn\/fr\/actualite\/national\/tunisie-le-ministre-de-leconomie-au-forum-de-davos-pour-renforcer-les-investissements\/391907\/","url":"https:\/\/www.webdo.tn\/fr\/actualite\/national\/tunisie-le-ministre-de-leconomie-au-forum-de-davos-pour-renforcer-les-investissements\/391907\/","name":"Tunisie : Le ministre de l\u2019\u00c9conomie au Forum de Davos pour renforcer les investissements - webdo","isPartOf":{"@id":"https:\/\/www.webdo.tn\/fr\/#website"},"primaryImageOfPage":{"@id":"https:\/\/www.webdo.tn\/fr\/actualite\/national\/tunisie-le-ministre-de-leconomie-au-forum-de-davos-pour-renforcer-les-investissements\/391907\/#primaryimage"},"image":{"@id":"https:\/\/www.webdo.tn\/fr\/actualite\/national\/tunisie-le-ministre-de-leconomie-au-forum-de-davos-pour-renforcer-les-investissements\/391907\/#primaryimage"},"thumbnailUrl":"https:\/\/www.webdo.tn\/fr\/wp-content\/uploads\/2026\/01\/Davos.jpg","datePublished":"2026-01-23T09:36:59+00:00","dateModified":"2026-01-23T09:37:00+00:00","description":"D\u00e9couvrez comment Tunisie : Le ministre de l\u2019\u00c9conomie au Forum de Davos attire des investissements pour la transformation \u00e9conomique.","breadcrumb":{"@id":"https:\/\/www.webdo.tn\/fr\/actualite\/national\/tunisie-le-ministre-de-leconomie-au-forum-de-davos-pour-renforcer-les-investissements\/391907\/#breadcrumb"},"inLanguage":"fr-FR","potentialAction":[{"@type":"ReadAction","target":["https:\/\/www.webdo.tn\/fr\/actualite\/national\/tunisie-le-ministre-de-leconomie-au-forum-de-davos-pour-renforcer-les-investissements\/391907\/"]}]},{"@type":"ImageObject","inLanguage":"fr-FR","@id":"https:\/\/www.webdo.tn\/fr\/actualite\/national\/tunisie-le-ministre-de-leconomie-au-forum-de-davos-pour-renforcer-les-investissements\/391907\/#primaryimage","url":"https:\/\/www.webdo.tn\/fr\/wp-content\/uploads\/2026\/01\/Davos.jpg","contentUrl":"https:\/\/www.webdo.tn\/fr\/wp-content\/uploads\/2026\/01\/Davos.jpg","width":1200,"height":605,"caption":"Tunisie : Le ministre de l\u2019\u00c9conomie au Forum de Davos pour renforcer les investissements"},{"@type":"BreadcrumbList","@id":"https:\/\/www.webdo.tn\/fr\/actualite\/national\/tunisie-le-ministre-de-leconomie-au-forum-de-davos-pour-renforcer-les-investissements\/391907\/#breadcrumb","itemListElement":[{"@type":"ListItem","position":1,"name":"Accueil","item":"https:\/\/www.webdo.tn\/fr\/"},{"@type":"ListItem","position":2,"name":"Tunisie : Le ministre de l\u2019\u00c9conomie au Forum de Davos pour renforcer les investissements"}]},{"@type":"WebSite","@id":"https:\/\/www.webdo.tn\/fr\/#website","url":"https:\/\/www.webdo.tn\/fr\/","name":"webdo","description":"Tunisie - News en Tunisie et \u00e0 l&#039;international sur Webdo.tn","publisher":{"@id":"https:\/\/www.webdo.tn\/fr\/#organization"},"potentialAction":[{"@type":"SearchAction","target":{"@type":"EntryPoint","urlTemplate":"https:\/\/www.webdo.tn\/fr\/?s={search_term_string}"},"query-input":{"@type":"PropertyValueSpecification","valueRequired":true,"valueName":"search_term_string"}}],"inLanguage":"fr-FR"},{"@type":"Organization","@id":"https:\/\/www.webdo.tn\/fr\/#organization","name":"Webdo","alternateName":"Webdo.tn","url":"https:\/\/www.webdo.tn\/fr\/","logo":{"@type":"ImageObject","inLanguage":"fr-FR","@id":"https:\/\/www.webdo.tn\/fr\/#\/schema\/logo\/image\/","url":"https:\/\/www.webdo.tn\/fr\/wp-content\/uploads\/2025\/06\/Webdo-Tunisie_168377.jpg","contentUrl":"https:\/\/www.webdo.tn\/fr\/wp-content\/uploads\/2025\/06\/Webdo-Tunisie_168377.jpg","width":301,"height":301,"caption":"Webdo"},"image":{"@id":"https:\/\/www.webdo.tn\/fr\/#\/schema\/logo\/image\/"},"sameAs":["https:\/\/www.facebook.com\/webdotn","https:\/\/x.com\/webdo_tn"],"description":"Webdo est un m\u00e9dia num\u00e9rique tunisien fond\u00e9 en 2010, sp\u00e9cialis\u00e9 dans l\u2019actualit\u00e9 nationale et internationale, l\u2019\u00e9conomie, la soci\u00e9t\u00e9 et les analyses politiques. Le site s\u2019adresse \u00e0 un large public francophone et couvre l\u2019information tunisienne en temps r\u00e9el.","email":"redac@webdo.tn","legalName":"YNJ SARL","foundingDate":"2010-09-06","numberOfEmployees":{"@type":"QuantitativeValue","minValue":"11","maxValue":"50"}},{"@type":"Person","@id":"https:\/\/www.webdo.tn\/fr\/#\/schema\/person\/16a4857e77dfc0b610c4c2cadffc9ac4","name":"Mohamed Fethi","image":{"@type":"ImageObject","inLanguage":"fr-FR","@id":"https:\/\/www.webdo.tn\/fr\/wp-content\/uploads\/2026\/04\/mohamed-fethi_avatar_1-96x96.jpg","url":"https:\/\/www.webdo.tn\/fr\/wp-content\/uploads\/2026\/04\/mohamed-fethi_avatar_1-96x96.jpg","contentUrl":"https:\/\/www.webdo.tn\/fr\/wp-content\/uploads\/2026\/04\/mohamed-fethi_avatar_1-96x96.jpg","caption":"Mohamed Fethi"},"description":"Signature \u00e9ditoriale de Maher Chaabane Mohamed Fethi est le pseudonyme \u00e9ditorial de Maher Chaabane, r\u00e9dacteur en chef de Webdo.tn depuis 2012. Cette signature est d\u00e9di\u00e9e au traitement intensif de l'actualit\u00e9 nationale et internationale en temps r\u00e9el. S'appuyant sur les deux d\u00e9cennies d'expertise journalistique de Maher Chaabane \u2014 d\u00e9but\u00e9e au sein du groupe Tunis Hebdo en 2000 \u2014 Mohamed Fethi assure une veille rigoureuse sur les enjeux politiques, \u00e9conomiques et sportifs. Sa mission est de garantir une information structur\u00e9e, fluide et fid\u00e8le aux standards de la r\u00e9daction. Pour consulter le parcours complet du r\u00e9dacteur en chef, visitez le profil officiel de Maher Chaabane.","knowsAbout":["actualit\u00e9","journalisme","information","politique","sport","m\u00e9dias","actualit\u00e9 internationale"],"knowsLanguage":["Fran\u00e7ais","Arabe"],"jobTitle":"Journaliste \u2013 R\u00e9daction Webdo","worksFor":"Webdo.tn","url":"https:\/\/www.webdo.tn\/fr\/actualite\/author\/mohamed-fethi\/"}]}},"_links":{"self":[{"href":"https:\/\/www.webdo.tn\/fr\/wp-json\/wp\/v2\/posts\/391907","targetHints":{"allow":["GET"]}}],"collection":[{"href":"https:\/\/www.webdo.tn\/fr\/wp-json\/wp\/v2\/posts"}],"about":[{"href":"https:\/\/www.webdo.tn\/fr\/wp-json\/wp\/v2\/types\/post"}],"author":[{"embeddable":true,"href":"https:\/\/www.webdo.tn\/fr\/wp-json\/wp\/v2\/users\/4782"}],"replies":[{"embeddable":true,"href":"https:\/\/www.webdo.tn\/fr\/wp-json\/wp\/v2\/comments?post=391907"}],"version-history":[{"count":0,"href":"https:\/\/www.webdo.tn\/fr\/wp-json\/wp\/v2\/posts\/391907\/revisions"}],"wp:featuredmedia":[{"embeddable":true,"href":"https:\/\/www.webdo.tn\/fr\/wp-json\/wp\/v2\/media\/391908"}],"wp:attachment":[{"href":"https:\/\/www.webdo.tn\/fr\/wp-json\/wp\/v2\/media?parent=391907"}],"wp:term":[{"taxonomy":"category","embeddable":true,"href":"https:\/\/www.webdo.tn\/fr\/wp-json\/wp\/v2\/categories?post=391907"},{"taxonomy":"post_tag","embeddable":true,"href":"https:\/\/www.webdo.tn\/fr\/wp-json\/wp\/v2\/tags?post=391907"}],"curies":[{"name":"wp","href":"https:\/\/api.w.org\/{rel}","templated":true}]}}