{"id":391869,"date":"2026-01-22T18:48:47","date_gmt":"2026-01-22T17:48:47","guid":{"rendered":"https:\/\/www.webdo.tn\/fr\/?p=391869"},"modified":"2026-01-22T18:48:49","modified_gmt":"2026-01-22T17:48:49","slug":"tunisie-lhuile-dolive-proposee-a-ce-prix-dans-les-structures-publiques","status":"publish","type":"post","link":"https:\/\/www.webdo.tn\/fr\/actualite\/national\/tunisie-lhuile-dolive-proposee-a-ce-prix-dans-les-structures-publiques\/391869\/","title":{"rendered":"Tunisie : L&rsquo;huile d\u2019olive propos\u00e9e \u00e0 ce prix dans les structures publiques"},"content":{"rendered":"\n<p>Le R\u00e9seau tunisien des coop\u00e9ratives est parvenu \u00e0 un accord avec le minist\u00e8re de l\u2019Agriculture, des Ressources hydrauliques et de la P\u00eache portant sur la commercialisation de l\u2019huile d\u2019olive au profit des adh\u00e9rents des coop\u00e9ratives au sein des institutions et \u00e9tablissements publics, \u00e0 un prix fix\u00e9 \u00e0 11,600 dinars le litre.<\/p>\n\n\n\n<p>Dans un communiqu\u00e9, le r\u00e9seau indique qu\u2019une r\u00e9union s\u2019est tenue r\u00e9cemment avec le ministre de l\u2019Agriculture, Ezzedine Ben Cheikh, son chef de cabinet, le pr\u00e9sident-directeur g\u00e9n\u00e9ral de l\u2019Office national de l\u2019huile, ainsi qu\u2019un nombre important de repr\u00e9sentants des coop\u00e9ratives. Les discussions ont port\u00e9 sur les m\u00e9canismes permettant d\u2019assurer la promotion de l\u2019huile d\u2019olive tunisienne \u00e0 des prix jug\u00e9s accessibles, tout en soutenant les producteurs.<\/p>\n\n\n\n<p>\u00c0 cette occasion, le ministre a pr\u00e9sent\u00e9 des donn\u00e9es relatives \u00e0 la r\u00e9colte d\u2019huile d\u2019olive et de dattes pour la saison en cours, qualifi\u00e9e de record. Il a \u00e9galement salu\u00e9 les efforts d\u00e9ploy\u00e9s par les coop\u00e9ratives lors de la campagne pr\u00e9c\u00e9dente, notamment en mati\u00e8re de commercialisation de l\u2019huile d\u2019olive et d\u2019appui aux agriculteurs.<\/p>\n\n\n\n<p>Selon la note de conjoncture \u00e9conomique de la Banque centrale de Tunisie publi\u00e9e en octobre 2025, la production nationale d\u2019huile d\u2019olive pour la saison 2025-2026 est estim\u00e9e entre 460 et 500 mille tonnes, contre 340 mille tonnes lors de la saison 2024-2025.<\/p>\n\n\n\n<h2 class=\"wp-block-heading\" id=\"h-role-national-joue-par-les-cooperatives\">R\u00f4le national jou\u00e9 par les coop\u00e9ratives<\/h2>\n\n\n\n<p>De son c\u00f4t\u00e9, le pr\u00e9sident du R\u00e9seau tunisien des coop\u00e9ratives, Monir Gharbi, a soulign\u00e9 le r\u00f4le national jou\u00e9 par les coop\u00e9ratives adh\u00e9rentes dans le soutien aux agriculteurs et dans la facilitation de l\u2019acc\u00e8s des produits agricoles aux consommateurs, se disant satisfait des r\u00e9sultats enregistr\u00e9s. Il a pr\u00e9cis\u00e9 que les acquisitions r\u00e9alis\u00e9es par les coop\u00e9ratives repr\u00e9sentent environ 60 % du volume total des ventes de l\u2019Office national de l\u2019huile.<\/p>\n\n\n\n<p>Pour rappel, une op\u00e9ration similaire avait \u00e9t\u00e9 men\u00e9e la saison derni\u00e8re, avec la commercialisation de l\u2019huile d\u2019olive au prix de 12 dinars le litre. L\u2019initiative avait alors connu un large succ\u00e8s, notamment aupr\u00e8s des agents du secteur public.<\/p>\n\n\n\n<p><\/p>\n\n\n\n<blockquote class=\"wp-block-quote is-layout-flow wp-block-quote-is-layout-flow\">\n<blockquote class=\"wp-block-quote is-layout-flow wp-block-quote-is-layout-flow\">\n<p><strong>Lire aussi:<\/strong><\/p>\n\n\n\n<ul class=\"wp-block-list\">\n<li><a href=\"https:\/\/www.webdo.tn\/fr\/actualite\/national\/huile-dolive-quand-litalie-transforme-la-tunisie-en-bouc-emissaire\/391459\/\">Huile d\u2019olive : Quand l\u2019Italie transforme la Tunisie en bouc-\u00e9missaire<\/a><\/li>\n\n\n\n<li><a href=\"https:\/\/www.webdo.tn\/fr\/actualite\/national\/exportations-tunisiennes-dhuile-dolive-un-doublement-en-valeur-malgre-le-recul-mondial\/391505\/\">Exportations tunisiennes d\u2019huile d\u2019olive : Un doublement en valeur malgr\u00e9 le recul mondial<\/a><\/li>\n\n\n\n<li><a href=\"https:\/\/www.webdo.tn\/fr\/actualite\/national\/huile-dolive-la-tunisie-veut-elargir-son-acces-preferentiel-au-marche-europeen\/391157\/\">Huile d\u2019olive : La Tunisie veut \u00e9largir son acc\u00e8s pr\u00e9f\u00e9rentiel au march\u00e9 europ\u00e9en<\/a><\/li>\n<\/ul>\n<\/blockquote>\n<\/blockquote>\n","protected":false},"excerpt":{"rendered":"<p>Le R\u00e9seau tunisien des coop\u00e9ratives est parvenu \u00e0 un accord avec le minist\u00e8re de l\u2019Agriculture, des Ressources hydrauliques et de la P\u00eache portant sur la commercialisation de l\u2019huile d\u2019olive au profit des adh\u00e9rents des coop\u00e9ratives au sein des institutions et \u00e9tablissements publics, \u00e0 un prix fix\u00e9 \u00e0 11,600 dinars le litre. Dans un communiqu\u00e9, le [&hellip;]<\/p>\n","protected":false},"author":3184,"featured_media":383598,"comment_status":"closed","ping_status":"closed","sticky":false,"template":"","format":"standard","meta":{"footnotes":""},"categories":[44],"tags":[2874,2609],"class_list":["post-391869","post","type-post","status-publish","format-standard","has-post-thumbnail","hentry","category-national","tag-huile-dolive","tag-prix"],"yoast_head":"<!-- This site is optimized with the Yoast SEO Premium plugin v27.4 (Yoast SEO v27.5) - https:\/\/yoast.com\/product\/yoast-seo-premium-wordpress\/ -->\n<title>Tunisie : L&#039;huile d\u2019olive propos\u00e9e \u00e0 ce prix dans les structures publiques - webdo<\/title>\n<meta name=\"description\" content=\"D\u00e9couvrez les avantages de l&#039;huile d&#039;olive tunisienne apr\u00e8s un accord sur sa commercialisation \u00e0 un prix accessible.\" \/>\n<link rel=\"canonical\" href=\"https:\/\/www.webdo.tn\/fr\/actualite\/national\/tunisie-lhuile-dolive-proposee-a-ce-prix-dans-les-structures-publiques\/391869\/\" \/>\n<meta property=\"og:locale\" content=\"fr_FR\" \/>\n<meta property=\"og:type\" content=\"article\" \/>\n<meta property=\"og:title\" content=\"Tunisie : L&#039;huile d\u2019olive propos\u00e9e \u00e0 ce prix dans les structures publiques\" \/>\n<meta property=\"og:description\" content=\"D\u00e9couvrez les avantages de l&#039;huile d&#039;olive tunisienne apr\u00e8s un accord sur sa commercialisation \u00e0 un prix accessible.\" \/>\n<meta property=\"og:url\" content=\"https:\/\/www.webdo.tn\/fr\/actualite\/national\/tunisie-lhuile-dolive-proposee-a-ce-prix-dans-les-structures-publiques\/391869\/\" \/>\n<meta property=\"og:site_name\" content=\"webdo\" \/>\n<meta property=\"article:publisher\" content=\"https:\/\/www.facebook.com\/webdotn\" \/>\n<meta property=\"article:published_time\" content=\"2026-01-22T17:48:47+00:00\" \/>\n<meta property=\"article:modified_time\" content=\"2026-01-22T17:48:49+00:00\" \/>\n<meta property=\"og:image\" content=\"https:\/\/www.webdo.tn\/fr\/wp-content\/uploads\/2025\/09\/Huile-dolive.jpg\" \/>\n\t<meta property=\"og:image:width\" content=\"1200\" \/>\n\t<meta property=\"og:image:height\" content=\"601\" \/>\n\t<meta property=\"og:image:type\" content=\"image\/jpeg\" \/>\n<meta name=\"author\" content=\"Wided Belhaj\" \/>\n<meta name=\"twitter:card\" content=\"summary_large_image\" \/>\n<meta name=\"twitter:creator\" content=\"@webdo_tn\" \/>\n<meta name=\"twitter:site\" content=\"@webdo_tn\" \/>\n<meta name=\"twitter:label1\" content=\"\u00c9crit par\" \/>\n\t<meta name=\"twitter:data1\" content=\"Wided Belhaj\" \/>\n\t<meta name=\"twitter:label2\" content=\"Dur\u00e9e de lecture estim\u00e9e\" \/>\n\t<meta name=\"twitter:data2\" content=\"2 minutes\" \/>\n<script type=\"application\/ld+json\" class=\"yoast-schema-graph\">{\"@context\":\"https:\\\/\\\/schema.org\",\"@graph\":[{\"@type\":\"NewsArticle\",\"@id\":\"https:\\\/\\\/www.webdo.tn\\\/fr\\\/actualite\\\/national\\\/tunisie-lhuile-dolive-proposee-a-ce-prix-dans-les-structures-publiques\\\/391869\\\/#article\",\"isPartOf\":{\"@id\":\"https:\\\/\\\/www.webdo.tn\\\/fr\\\/actualite\\\/national\\\/tunisie-lhuile-dolive-proposee-a-ce-prix-dans-les-structures-publiques\\\/391869\\\/\"},\"author\":{\"name\":\"Wided Belhaj\",\"@id\":\"https:\\\/\\\/www.webdo.tn\\\/fr\\\/#\\\/schema\\\/person\\\/b9ecde7a5574cb4fcf4b496ea5fadb15\"},\"headline\":\"Tunisie : L&rsquo;huile d\u2019olive propos\u00e9e \u00e0 ce prix dans les structures publiques\",\"datePublished\":\"2026-01-22T17:48:47+00:00\",\"dateModified\":\"2026-01-22T17:48:49+00:00\",\"mainEntityOfPage\":{\"@id\":\"https:\\\/\\\/www.webdo.tn\\\/fr\\\/actualite\\\/national\\\/tunisie-lhuile-dolive-proposee-a-ce-prix-dans-les-structures-publiques\\\/391869\\\/\"},\"wordCount\":441,\"publisher\":{\"@id\":\"https:\\\/\\\/www.webdo.tn\\\/fr\\\/#organization\"},\"image\":{\"@id\":\"https:\\\/\\\/www.webdo.tn\\\/fr\\\/actualite\\\/national\\\/tunisie-lhuile-dolive-proposee-a-ce-prix-dans-les-structures-publiques\\\/391869\\\/#primaryimage\"},\"thumbnailUrl\":\"https:\\\/\\\/www.webdo.tn\\\/fr\\\/wp-content\\\/uploads\\\/2025\\\/09\\\/Huile-dolive.jpg\",\"keywords\":[\"Huile d'olive\",\"prix\"],\"articleSection\":[\"National\"],\"inLanguage\":\"fr-FR\"},{\"@type\":\"WebPage\",\"@id\":\"https:\\\/\\\/www.webdo.tn\\\/fr\\\/actualite\\\/national\\\/tunisie-lhuile-dolive-proposee-a-ce-prix-dans-les-structures-publiques\\\/391869\\\/\",\"url\":\"https:\\\/\\\/www.webdo.tn\\\/fr\\\/actualite\\\/national\\\/tunisie-lhuile-dolive-proposee-a-ce-prix-dans-les-structures-publiques\\\/391869\\\/\",\"name\":\"Tunisie : L'huile d\u2019olive propos\u00e9e \u00e0 ce prix dans les structures publiques - webdo\",\"isPartOf\":{\"@id\":\"https:\\\/\\\/www.webdo.tn\\\/fr\\\/#website\"},\"primaryImageOfPage\":{\"@id\":\"https:\\\/\\\/www.webdo.tn\\\/fr\\\/actualite\\\/national\\\/tunisie-lhuile-dolive-proposee-a-ce-prix-dans-les-structures-publiques\\\/391869\\\/#primaryimage\"},\"image\":{\"@id\":\"https:\\\/\\\/www.webdo.tn\\\/fr\\\/actualite\\\/national\\\/tunisie-lhuile-dolive-proposee-a-ce-prix-dans-les-structures-publiques\\\/391869\\\/#primaryimage\"},\"thumbnailUrl\":\"https:\\\/\\\/www.webdo.tn\\\/fr\\\/wp-content\\\/uploads\\\/2025\\\/09\\\/Huile-dolive.jpg\",\"datePublished\":\"2026-01-22T17:48:47+00:00\",\"dateModified\":\"2026-01-22T17:48:49+00:00\",\"description\":\"D\u00e9couvrez les avantages de l'huile d'olive tunisienne apr\u00e8s un accord sur sa commercialisation \u00e0 un prix accessible.\",\"breadcrumb\":{\"@id\":\"https:\\\/\\\/www.webdo.tn\\\/fr\\\/actualite\\\/national\\\/tunisie-lhuile-dolive-proposee-a-ce-prix-dans-les-structures-publiques\\\/391869\\\/#breadcrumb\"},\"inLanguage\":\"fr-FR\",\"potentialAction\":[{\"@type\":\"ReadAction\",\"target\":[\"https:\\\/\\\/www.webdo.tn\\\/fr\\\/actualite\\\/national\\\/tunisie-lhuile-dolive-proposee-a-ce-prix-dans-les-structures-publiques\\\/391869\\\/\"]}]},{\"@type\":\"ImageObject\",\"inLanguage\":\"fr-FR\",\"@id\":\"https:\\\/\\\/www.webdo.tn\\\/fr\\\/actualite\\\/national\\\/tunisie-lhuile-dolive-proposee-a-ce-prix-dans-les-structures-publiques\\\/391869\\\/#primaryimage\",\"url\":\"https:\\\/\\\/www.webdo.tn\\\/fr\\\/wp-content\\\/uploads\\\/2025\\\/09\\\/Huile-dolive.jpg\",\"contentUrl\":\"https:\\\/\\\/www.webdo.tn\\\/fr\\\/wp-content\\\/uploads\\\/2025\\\/09\\\/Huile-dolive.jpg\",\"width\":1200,\"height\":601,\"caption\":\"Huile d\u2019olive : Une enqu\u00eate nationale lanc\u00e9e pour refonder toute la fili\u00e8re\"},{\"@type\":\"BreadcrumbList\",\"@id\":\"https:\\\/\\\/www.webdo.tn\\\/fr\\\/actualite\\\/national\\\/tunisie-lhuile-dolive-proposee-a-ce-prix-dans-les-structures-publiques\\\/391869\\\/#breadcrumb\",\"itemListElement\":[{\"@type\":\"ListItem\",\"position\":1,\"name\":\"Accueil\",\"item\":\"https:\\\/\\\/www.webdo.tn\\\/fr\\\/\"},{\"@type\":\"ListItem\",\"position\":2,\"name\":\"Tunisie : L&rsquo;huile d\u2019olive propos\u00e9e \u00e0 ce prix dans les structures publiques\"}]},{\"@type\":\"WebSite\",\"@id\":\"https:\\\/\\\/www.webdo.tn\\\/fr\\\/#website\",\"url\":\"https:\\\/\\\/www.webdo.tn\\\/fr\\\/\",\"name\":\"webdo\",\"description\":\"Tunisie - News en Tunisie et \u00e0 l&#039;international sur Webdo.tn\",\"publisher\":{\"@id\":\"https:\\\/\\\/www.webdo.tn\\\/fr\\\/#organization\"},\"potentialAction\":[{\"@type\":\"SearchAction\",\"target\":{\"@type\":\"EntryPoint\",\"urlTemplate\":\"https:\\\/\\\/www.webdo.tn\\\/fr\\\/?s={search_term_string}\"},\"query-input\":{\"@type\":\"PropertyValueSpecification\",\"valueRequired\":true,\"valueName\":\"search_term_string\"}}],\"inLanguage\":\"fr-FR\"},{\"@type\":\"Organization\",\"@id\":\"https:\\\/\\\/www.webdo.tn\\\/fr\\\/#organization\",\"name\":\"Webdo\",\"alternateName\":\"Webdo.tn\",\"url\":\"https:\\\/\\\/www.webdo.tn\\\/fr\\\/\",\"logo\":{\"@type\":\"ImageObject\",\"inLanguage\":\"fr-FR\",\"@id\":\"https:\\\/\\\/www.webdo.tn\\\/fr\\\/#\\\/schema\\\/logo\\\/image\\\/\",\"url\":\"https:\\\/\\\/www.webdo.tn\\\/fr\\\/wp-content\\\/uploads\\\/2025\\\/06\\\/Webdo-Tunisie_168377.jpg\",\"contentUrl\":\"https:\\\/\\\/www.webdo.tn\\\/fr\\\/wp-content\\\/uploads\\\/2025\\\/06\\\/Webdo-Tunisie_168377.jpg\",\"width\":301,\"height\":301,\"caption\":\"Webdo\"},\"image\":{\"@id\":\"https:\\\/\\\/www.webdo.tn\\\/fr\\\/#\\\/schema\\\/logo\\\/image\\\/\"},\"sameAs\":[\"https:\\\/\\\/www.facebook.com\\\/webdotn\",\"https:\\\/\\\/x.com\\\/webdo_tn\"],\"description\":\"Webdo est un m\u00e9dia num\u00e9rique tunisien fond\u00e9 en 2010, sp\u00e9cialis\u00e9 dans l\u2019actualit\u00e9 nationale et internationale, l\u2019\u00e9conomie, la soci\u00e9t\u00e9 et les analyses politiques. Le site s\u2019adresse \u00e0 un large public francophone et couvre l\u2019information tunisienne en temps r\u00e9el.\",\"email\":\"redac@webdo.tn\",\"legalName\":\"YNJ SARL\",\"foundingDate\":\"2010-09-06\",\"numberOfEmployees\":{\"@type\":\"QuantitativeValue\",\"minValue\":\"11\",\"maxValue\":\"50\"}},{\"@type\":\"Person\",\"@id\":\"https:\\\/\\\/www.webdo.tn\\\/fr\\\/#\\\/schema\\\/person\\\/b9ecde7a5574cb4fcf4b496ea5fadb15\",\"name\":\"Wided Belhaj\",\"image\":{\"@type\":\"ImageObject\",\"inLanguage\":\"fr-FR\",\"@id\":\"https:\\\/\\\/www.webdo.tn\\\/fr\\\/wp-content\\\/uploads\\\/2026\\\/04\\\/wided-belhaj_avatar-96x96.jpg\",\"url\":\"https:\\\/\\\/www.webdo.tn\\\/fr\\\/wp-content\\\/uploads\\\/2026\\\/04\\\/wided-belhaj_avatar-96x96.jpg\",\"contentUrl\":\"https:\\\/\\\/www.webdo.tn\\\/fr\\\/wp-content\\\/uploads\\\/2026\\\/04\\\/wided-belhaj_avatar-96x96.jpg\",\"caption\":\"Wided Belhaj\"},\"description\":\"Wided Belhaj est le pseudonyme \u00e9ditorial utilis\u00e9 par Khalil Jelassi, journaliste, ma\u00eetre-assistant \u00e0 l\u2019Institut de presse et des sciences de l\u2019information (IPSI) et chercheur en sciences de l\u2019information et de la communication. Cette signature est d\u00e9di\u00e9e \u00e0 l\u2019analyse des m\u00e9dias, des pratiques journalistiques et des mutations de l\u2019information \u00e0 l\u2019\u00e8re digitale. \u00c0 travers ses contributions, Wided Belhaj propose une lecture analytique de l\u2019actualit\u00e9, en croisant regard critique et expertise acad\u00e9mique.\",\"knowsAbout\":[\"m\u00e9dias\",\"journalisme\",\"communication\",\"information\",\"transformation num\u00e9rique\",\"analyse des m\u00e9dias\"],\"knowsLanguage\":[\"Fran\u00e7ais\",\"Arabe\"],\"jobTitle\":\"Webdo.tn\",\"worksFor\":\"Journaliste \u2013 Analyse des m\u00e9dias\",\"url\":\"https:\\\/\\\/www.webdo.tn\\\/fr\\\/actualite\\\/author\\\/wided-belhaj\\\/\"}]}<\/script>\n<!-- \/ Yoast SEO Premium plugin. -->","yoast_head_json":{"title":"Tunisie : L'huile d\u2019olive propos\u00e9e \u00e0 ce prix dans les structures publiques - webdo","description":"D\u00e9couvrez les avantages de l'huile d'olive tunisienne apr\u00e8s un accord sur sa commercialisation \u00e0 un prix accessible.","canonical":"https:\/\/www.webdo.tn\/fr\/actualite\/national\/tunisie-lhuile-dolive-proposee-a-ce-prix-dans-les-structures-publiques\/391869\/","og_locale":"fr_FR","og_type":"article","og_title":"Tunisie : L'huile d\u2019olive propos\u00e9e \u00e0 ce prix dans les structures publiques","og_description":"D\u00e9couvrez les avantages de l'huile d'olive tunisienne apr\u00e8s un accord sur sa commercialisation \u00e0 un prix accessible.","og_url":"https:\/\/www.webdo.tn\/fr\/actualite\/national\/tunisie-lhuile-dolive-proposee-a-ce-prix-dans-les-structures-publiques\/391869\/","og_site_name":"webdo","article_publisher":"https:\/\/www.facebook.com\/webdotn","article_published_time":"2026-01-22T17:48:47+00:00","article_modified_time":"2026-01-22T17:48:49+00:00","og_image":[{"width":1200,"height":601,"url":"https:\/\/www.webdo.tn\/fr\/wp-content\/uploads\/2025\/09\/Huile-dolive.jpg","type":"image\/jpeg"}],"author":"Wided Belhaj","twitter_card":"summary_large_image","twitter_creator":"@webdo_tn","twitter_site":"@webdo_tn","twitter_misc":{"\u00c9crit par":"Wided Belhaj","Dur\u00e9e de lecture estim\u00e9e":"2 minutes"},"schema":{"@context":"https:\/\/schema.org","@graph":[{"@type":"NewsArticle","@id":"https:\/\/www.webdo.tn\/fr\/actualite\/national\/tunisie-lhuile-dolive-proposee-a-ce-prix-dans-les-structures-publiques\/391869\/#article","isPartOf":{"@id":"https:\/\/www.webdo.tn\/fr\/actualite\/national\/tunisie-lhuile-dolive-proposee-a-ce-prix-dans-les-structures-publiques\/391869\/"},"author":{"name":"Wided Belhaj","@id":"https:\/\/www.webdo.tn\/fr\/#\/schema\/person\/b9ecde7a5574cb4fcf4b496ea5fadb15"},"headline":"Tunisie : L&rsquo;huile d\u2019olive propos\u00e9e \u00e0 ce prix dans les structures publiques","datePublished":"2026-01-22T17:48:47+00:00","dateModified":"2026-01-22T17:48:49+00:00","mainEntityOfPage":{"@id":"https:\/\/www.webdo.tn\/fr\/actualite\/national\/tunisie-lhuile-dolive-proposee-a-ce-prix-dans-les-structures-publiques\/391869\/"},"wordCount":441,"publisher":{"@id":"https:\/\/www.webdo.tn\/fr\/#organization"},"image":{"@id":"https:\/\/www.webdo.tn\/fr\/actualite\/national\/tunisie-lhuile-dolive-proposee-a-ce-prix-dans-les-structures-publiques\/391869\/#primaryimage"},"thumbnailUrl":"https:\/\/www.webdo.tn\/fr\/wp-content\/uploads\/2025\/09\/Huile-dolive.jpg","keywords":["Huile d'olive","prix"],"articleSection":["National"],"inLanguage":"fr-FR"},{"@type":"WebPage","@id":"https:\/\/www.webdo.tn\/fr\/actualite\/national\/tunisie-lhuile-dolive-proposee-a-ce-prix-dans-les-structures-publiques\/391869\/","url":"https:\/\/www.webdo.tn\/fr\/actualite\/national\/tunisie-lhuile-dolive-proposee-a-ce-prix-dans-les-structures-publiques\/391869\/","name":"Tunisie : L'huile d\u2019olive propos\u00e9e \u00e0 ce prix dans les structures publiques - webdo","isPartOf":{"@id":"https:\/\/www.webdo.tn\/fr\/#website"},"primaryImageOfPage":{"@id":"https:\/\/www.webdo.tn\/fr\/actualite\/national\/tunisie-lhuile-dolive-proposee-a-ce-prix-dans-les-structures-publiques\/391869\/#primaryimage"},"image":{"@id":"https:\/\/www.webdo.tn\/fr\/actualite\/national\/tunisie-lhuile-dolive-proposee-a-ce-prix-dans-les-structures-publiques\/391869\/#primaryimage"},"thumbnailUrl":"https:\/\/www.webdo.tn\/fr\/wp-content\/uploads\/2025\/09\/Huile-dolive.jpg","datePublished":"2026-01-22T17:48:47+00:00","dateModified":"2026-01-22T17:48:49+00:00","description":"D\u00e9couvrez les avantages de l'huile d'olive tunisienne apr\u00e8s un accord sur sa commercialisation \u00e0 un prix accessible.","breadcrumb":{"@id":"https:\/\/www.webdo.tn\/fr\/actualite\/national\/tunisie-lhuile-dolive-proposee-a-ce-prix-dans-les-structures-publiques\/391869\/#breadcrumb"},"inLanguage":"fr-FR","potentialAction":[{"@type":"ReadAction","target":["https:\/\/www.webdo.tn\/fr\/actualite\/national\/tunisie-lhuile-dolive-proposee-a-ce-prix-dans-les-structures-publiques\/391869\/"]}]},{"@type":"ImageObject","inLanguage":"fr-FR","@id":"https:\/\/www.webdo.tn\/fr\/actualite\/national\/tunisie-lhuile-dolive-proposee-a-ce-prix-dans-les-structures-publiques\/391869\/#primaryimage","url":"https:\/\/www.webdo.tn\/fr\/wp-content\/uploads\/2025\/09\/Huile-dolive.jpg","contentUrl":"https:\/\/www.webdo.tn\/fr\/wp-content\/uploads\/2025\/09\/Huile-dolive.jpg","width":1200,"height":601,"caption":"Huile d\u2019olive : Une enqu\u00eate nationale lanc\u00e9e pour refonder toute la fili\u00e8re"},{"@type":"BreadcrumbList","@id":"https:\/\/www.webdo.tn\/fr\/actualite\/national\/tunisie-lhuile-dolive-proposee-a-ce-prix-dans-les-structures-publiques\/391869\/#breadcrumb","itemListElement":[{"@type":"ListItem","position":1,"name":"Accueil","item":"https:\/\/www.webdo.tn\/fr\/"},{"@type":"ListItem","position":2,"name":"Tunisie : L&rsquo;huile d\u2019olive propos\u00e9e \u00e0 ce prix dans les structures publiques"}]},{"@type":"WebSite","@id":"https:\/\/www.webdo.tn\/fr\/#website","url":"https:\/\/www.webdo.tn\/fr\/","name":"webdo","description":"Tunisie - News en Tunisie et \u00e0 l&#039;international sur Webdo.tn","publisher":{"@id":"https:\/\/www.webdo.tn\/fr\/#organization"},"potentialAction":[{"@type":"SearchAction","target":{"@type":"EntryPoint","urlTemplate":"https:\/\/www.webdo.tn\/fr\/?s={search_term_string}"},"query-input":{"@type":"PropertyValueSpecification","valueRequired":true,"valueName":"search_term_string"}}],"inLanguage":"fr-FR"},{"@type":"Organization","@id":"https:\/\/www.webdo.tn\/fr\/#organization","name":"Webdo","alternateName":"Webdo.tn","url":"https:\/\/www.webdo.tn\/fr\/","logo":{"@type":"ImageObject","inLanguage":"fr-FR","@id":"https:\/\/www.webdo.tn\/fr\/#\/schema\/logo\/image\/","url":"https:\/\/www.webdo.tn\/fr\/wp-content\/uploads\/2025\/06\/Webdo-Tunisie_168377.jpg","contentUrl":"https:\/\/www.webdo.tn\/fr\/wp-content\/uploads\/2025\/06\/Webdo-Tunisie_168377.jpg","width":301,"height":301,"caption":"Webdo"},"image":{"@id":"https:\/\/www.webdo.tn\/fr\/#\/schema\/logo\/image\/"},"sameAs":["https:\/\/www.facebook.com\/webdotn","https:\/\/x.com\/webdo_tn"],"description":"Webdo est un m\u00e9dia num\u00e9rique tunisien fond\u00e9 en 2010, sp\u00e9cialis\u00e9 dans l\u2019actualit\u00e9 nationale et internationale, l\u2019\u00e9conomie, la soci\u00e9t\u00e9 et les analyses politiques. Le site s\u2019adresse \u00e0 un large public francophone et couvre l\u2019information tunisienne en temps r\u00e9el.","email":"redac@webdo.tn","legalName":"YNJ SARL","foundingDate":"2010-09-06","numberOfEmployees":{"@type":"QuantitativeValue","minValue":"11","maxValue":"50"}},{"@type":"Person","@id":"https:\/\/www.webdo.tn\/fr\/#\/schema\/person\/b9ecde7a5574cb4fcf4b496ea5fadb15","name":"Wided Belhaj","image":{"@type":"ImageObject","inLanguage":"fr-FR","@id":"https:\/\/www.webdo.tn\/fr\/wp-content\/uploads\/2026\/04\/wided-belhaj_avatar-96x96.jpg","url":"https:\/\/www.webdo.tn\/fr\/wp-content\/uploads\/2026\/04\/wided-belhaj_avatar-96x96.jpg","contentUrl":"https:\/\/www.webdo.tn\/fr\/wp-content\/uploads\/2026\/04\/wided-belhaj_avatar-96x96.jpg","caption":"Wided Belhaj"},"description":"Wided Belhaj est le pseudonyme \u00e9ditorial utilis\u00e9 par Khalil Jelassi, journaliste, ma\u00eetre-assistant \u00e0 l\u2019Institut de presse et des sciences de l\u2019information (IPSI) et chercheur en sciences de l\u2019information et de la communication. Cette signature est d\u00e9di\u00e9e \u00e0 l\u2019analyse des m\u00e9dias, des pratiques journalistiques et des mutations de l\u2019information \u00e0 l\u2019\u00e8re digitale. \u00c0 travers ses contributions, Wided Belhaj propose une lecture analytique de l\u2019actualit\u00e9, en croisant regard critique et expertise acad\u00e9mique.","knowsAbout":["m\u00e9dias","journalisme","communication","information","transformation num\u00e9rique","analyse des m\u00e9dias"],"knowsLanguage":["Fran\u00e7ais","Arabe"],"jobTitle":"Webdo.tn","worksFor":"Journaliste \u2013 Analyse des m\u00e9dias","url":"https:\/\/www.webdo.tn\/fr\/actualite\/author\/wided-belhaj\/"}]}},"_links":{"self":[{"href":"https:\/\/www.webdo.tn\/fr\/wp-json\/wp\/v2\/posts\/391869","targetHints":{"allow":["GET"]}}],"collection":[{"href":"https:\/\/www.webdo.tn\/fr\/wp-json\/wp\/v2\/posts"}],"about":[{"href":"https:\/\/www.webdo.tn\/fr\/wp-json\/wp\/v2\/types\/post"}],"author":[{"embeddable":true,"href":"https:\/\/www.webdo.tn\/fr\/wp-json\/wp\/v2\/users\/3184"}],"replies":[{"embeddable":true,"href":"https:\/\/www.webdo.tn\/fr\/wp-json\/wp\/v2\/comments?post=391869"}],"version-history":[{"count":0,"href":"https:\/\/www.webdo.tn\/fr\/wp-json\/wp\/v2\/posts\/391869\/revisions"}],"wp:featuredmedia":[{"embeddable":true,"href":"https:\/\/www.webdo.tn\/fr\/wp-json\/wp\/v2\/media\/383598"}],"wp:attachment":[{"href":"https:\/\/www.webdo.tn\/fr\/wp-json\/wp\/v2\/media?parent=391869"}],"wp:term":[{"taxonomy":"category","embeddable":true,"href":"https:\/\/www.webdo.tn\/fr\/wp-json\/wp\/v2\/categories?post=391869"},{"taxonomy":"post_tag","embeddable":true,"href":"https:\/\/www.webdo.tn\/fr\/wp-json\/wp\/v2\/tags?post=391869"}],"curies":[{"name":"wp","href":"https:\/\/api.w.org\/{rel}","templated":true}]}}