{"id":391861,"date":"2026-01-22T16:15:22","date_gmt":"2026-01-22T15:15:22","guid":{"rendered":"https:\/\/www.webdo.tn\/fr\/?p=391861"},"modified":"2026-01-22T16:15:23","modified_gmt":"2026-01-22T15:15:23","slug":"ligue-1-17eme-journee-le-club-africain-ecrase-letoile-3-0-et-rejoint-lesperance-en-tete","status":"publish","type":"post","link":"https:\/\/www.webdo.tn\/fr\/actualite\/sport\/ligue-1-17eme-journee-le-club-africain-ecrase-letoile-3-0-et-rejoint-lesperance-en-tete\/391861\/","title":{"rendered":"Ligue 1 | 17\u00e8me journ\u00e9e : Le Club Africain \u00e9crase l\u2019\u00c9toile (3-0) et rejoint l\u2019Esp\u00e9rance en t\u00eate"},"content":{"rendered":"\n<p>Le Club Africain a frapp\u00e9 un \u00e9norme coup ce jeudi au stade Hamadi Agrebi en surclassant l\u2019\u00c9toile du Sahel (3-0) lors de la 17e journ\u00e9e de Ligue 1. Port\u00e9s par un Firas Chaouat exceptionnel, auteur d\u2019un tripl\u00e9, les Rouge et Blanc ont livr\u00e9 une d\u00e9monstration de force et s\u2019installent, \u00e0 l\u2019issue de cette victoire, en co-leaders du championnat aux c\u00f4t\u00e9s de l\u2019Esp\u00e9rance de Tunis.<\/p>\n\n\n\n<h2 class=\"wp-block-heading\" id=\"h-une-mainmise-totale-sur-le-match\">Une mainmise totale sur le match<\/h2>\n\n\n\n<p>D\u00e8s le coup d\u2019envoi, le Club Africain impose son tempo, confisque le ballon et \u00e9touffe progressivement une formation \u00e9toil\u00e9e incapable de poser son jeu. Les occasions s\u2019encha\u00eenent et la pression devient constante sur la d\u00e9fense adverse.<\/p>\n\n\n\n<p>Cette domination finit par \u00eatre concr\u00e9tis\u00e9e juste avant la pause. \u00c0 la 41&prime;, Ghaith Zaalouni d\u00e9borde et centre devant le but. Firas Chaouat surgit et conclut \u00e0 bout portant, r\u00e9compensant une premi\u00e8re p\u00e9riode largement ma\u00eetris\u00e9e par les Clubistes.<\/p>\n\n\n\n<p>Au retour des vestiaires, le sc\u00e9nario ne change pas. Le CA poursuit son emprise sur le match et maintient un pressing haut. \u00c0 la 73&prime;, Hamza Khadhraoui adresse un centre millim\u00e9tr\u00e9 que Chaouat reprend de la t\u00eate pour doubler la mise.<\/p>\n\n\n\n<p>Deux minutes plus tard, une combinaison entre Khadhraoui et Oussema Shili d\u00e9bouche sur un nouveau centre, exploit\u00e9 une troisi\u00e8me fois par Chaouat, qui s\u2019offre un tripl\u00e9 et plie d\u00e9finitivement la rencontre.<\/p>\n\n\n\n<h2 class=\"wp-block-heading\" id=\"h-le-club-africain-rejoint-l-est-en-tete\">Le Club Africain rejoint l\u2019EST en t\u00eate<\/h2>\n\n\n\n<p>Gr\u00e2ce \u00e0 ce succ\u00e8s \u00e9clatant, le club de Bab Jedid porte son total \u00e0 37 points et rejoint l\u2019Esp\u00e9rance de Tunis en t\u00eate du classement. Cette victoire, acquise avec autorit\u00e9 confirme la solidit\u00e9 et les ambitions \u00e9lev\u00e9es du Club Africain cette saison.<\/p>\n\n\n\n<p>De son c\u00f4t\u00e9, l\u2019\u00c9toile du Sahel reste englu\u00e9e \u00e0 la huiti\u00e8me place avec 22 points apr\u00e8s 17 journ\u00e9es, et repart de Rad\u00e8s avec de s\u00e9rieuses interrogations apr\u00e8s une prestation tr\u00e8s en dessous des attentes.<\/p>\n\n\n\n<h2 class=\"wp-block-heading\" id=\"h-resultats-et-programme\">R\u00e9sultats et programme<\/h2>\n\n\n\n<ul class=\"wp-block-list\">\n<li>US Monastirienne \u2013 Esp\u00e9rance de Tunis 2-1<\/li>\n\n\n\n<li>JS Kairouanaise \u2013 Stade Tunisien 0-1<\/li>\n\n\n\n<li>AS Gab\u00e8s \u2013 Olympique de B\u00e9ja 1-0<\/li>\n\n\n\n<li>CS Sfaxien \u2013 CA Bizertin 4-0<\/li>\n\n\n\n<li>Club Africain \u2013 Etoile du Sahel 3-0<\/li>\n<\/ul>\n\n\n\n<p><strong>Vendredi 23 janvier (14h00)<\/strong><\/p>\n\n\n\n<ul class=\"wp-block-list\">\n<li>JS Omrane \u2013 Esp\u00e9rance de Zarzis<\/li>\n\n\n\n<li>ES M\u00e9tlaoui \u2013 AS Soliman<\/li>\n\n\n\n<li>US Ben Guerdane \u2013 AS Marsa<\/li>\n<\/ul>\n\n\n\n<blockquote class=\"wp-block-quote is-layout-flow wp-block-quote-is-layout-flow\">\n<blockquote class=\"wp-block-quote is-layout-flow wp-block-quote-is-layout-flow\">\n<p><strong>Lire aussi :<\/strong><\/p>\n\n\n\n<ul class=\"wp-block-list\">\n<li><a href=\"https:\/\/www.webdo.tn\/fr\/actualite\/sport\/ligue-1-17eme-journee-le-cs-sfaxien-frappe-fort\/391788\/\">Ligue 1 | 17\u00e8me journ\u00e9e : Le CS Sfaxien frappe fort<\/a><\/li>\n\n\n\n<li><a href=\"https:\/\/www.webdo.tn\/fr\/actualite\/sport\/ligue-1-17eme-j-le-stade-tunisien-frappe-a-kairouan-et-recolle-au-club-africain\/391694\/\">Ligue 1 | 17\u00e8me J. : Le Stade Tunisien frappe \u00e0 Kairouan et recolle au Club Africain<\/a><\/li>\n\n\n\n<li><a href=\"https:\/\/www.webdo.tn\/fr\/actualite\/sport\/ligue-1-17eme-journee-lus-monastirienne-renverse-lesperance\/391609\/\">Ligue 1 | 17\u00e8me journ\u00e9e : L\u2019US Monastirienne renverse l\u2019Esp\u00e9rance<\/a><\/li>\n<\/ul>\n<\/blockquote>\n<\/blockquote>\n\n\n\n<p><\/p>\n","protected":false},"excerpt":{"rendered":"<p>Le Club Africain a frapp\u00e9 un \u00e9norme coup ce jeudi au stade Hamadi Agrebi en surclassant l\u2019\u00c9toile du Sahel (3-0) lors de la 17e journ\u00e9e de Ligue 1. Port\u00e9s par un Firas Chaouat exceptionnel, auteur d\u2019un tripl\u00e9, les Rouge et Blanc ont livr\u00e9 une d\u00e9monstration de force et s\u2019installent, \u00e0 l\u2019issue de cette victoire, en [&hellip;]<\/p>\n","protected":false},"author":4782,"featured_media":391862,"comment_status":"closed","ping_status":"closed","sticky":false,"template":"","format":"standard","meta":{"footnotes":""},"categories":[2593],"tags":[3738,3101,3892,2622,2777,2608],"class_list":["post-391861","post","type-post","status-publish","format-standard","has-post-thumbnail","hentry","category-sport","tag-championnat-de-tunisie","tag-club-africain","tag-es-sahel","tag-football","tag-ligue-1","tag-tunisie"],"yoast_head":"<!-- This site is optimized with the Yoast SEO Premium plugin v27.4 (Yoast SEO v27.5) - https:\/\/yoast.com\/product\/yoast-seo-premium-wordpress\/ -->\n<title>Ligue 1 | 17\u00e8me journ\u00e9e : Le Club Africain \u00e9crase l\u2019\u00c9toile (3-0) et rejoint l\u2019Esp\u00e9rance en t\u00eate - webdo<\/title>\n<meta name=\"description\" content=\"Le Club Africain \u00e9crase l\u2019\u00c9toile (3-0) en Ligue 1 et rejoint l\u2019Esp\u00e9rance en t\u00eate au terme d\u2019une brillante performance.\" \/>\n<link rel=\"canonical\" href=\"https:\/\/www.webdo.tn\/fr\/actualite\/sport\/ligue-1-17eme-journee-le-club-africain-ecrase-letoile-3-0-et-rejoint-lesperance-en-tete\/391861\/\" \/>\n<meta property=\"og:locale\" content=\"fr_FR\" \/>\n<meta property=\"og:type\" content=\"article\" \/>\n<meta property=\"og:title\" content=\"Ligue 1 | 17\u00e8me journ\u00e9e : Le Club Africain \u00e9crase l\u2019\u00c9toile (3-0) et rejoint l\u2019Esp\u00e9rance en t\u00eate\" \/>\n<meta property=\"og:description\" content=\"Le Club Africain \u00e9crase l\u2019\u00c9toile (3-0) en Ligue 1 et rejoint l\u2019Esp\u00e9rance en t\u00eate au terme d\u2019une brillante performance.\" \/>\n<meta property=\"og:url\" content=\"https:\/\/www.webdo.tn\/fr\/actualite\/sport\/ligue-1-17eme-journee-le-club-africain-ecrase-letoile-3-0-et-rejoint-lesperance-en-tete\/391861\/\" \/>\n<meta property=\"og:site_name\" content=\"webdo\" \/>\n<meta property=\"article:publisher\" content=\"https:\/\/www.facebook.com\/webdotn\" \/>\n<meta property=\"article:published_time\" content=\"2026-01-22T15:15:22+00:00\" \/>\n<meta property=\"article:modified_time\" content=\"2026-01-22T15:15:23+00:00\" \/>\n<meta property=\"og:image\" content=\"https:\/\/www.webdo.tn\/fr\/wp-content\/uploads\/2026\/01\/CA-ESS-3-0.jpg\" \/>\n\t<meta property=\"og:image:width\" content=\"1200\" \/>\n\t<meta property=\"og:image:height\" content=\"604\" \/>\n\t<meta property=\"og:image:type\" content=\"image\/jpeg\" \/>\n<meta name=\"author\" content=\"Mohamed Fethi\" \/>\n<meta name=\"twitter:card\" content=\"summary_large_image\" \/>\n<meta name=\"twitter:creator\" content=\"@webdo_tn\" \/>\n<meta name=\"twitter:site\" content=\"@webdo_tn\" \/>\n<meta name=\"twitter:label1\" content=\"\u00c9crit par\" \/>\n\t<meta name=\"twitter:data1\" content=\"Mohamed Fethi\" \/>\n\t<meta name=\"twitter:label2\" content=\"Dur\u00e9e de lecture estim\u00e9e\" \/>\n\t<meta name=\"twitter:data2\" content=\"2 minutes\" \/>\n<script type=\"application\/ld+json\" class=\"yoast-schema-graph\">{\"@context\":\"https:\\\/\\\/schema.org\",\"@graph\":[{\"@type\":\"NewsArticle\",\"@id\":\"https:\\\/\\\/www.webdo.tn\\\/fr\\\/actualite\\\/sport\\\/ligue-1-17eme-journee-le-club-africain-ecrase-letoile-3-0-et-rejoint-lesperance-en-tete\\\/391861\\\/#article\",\"isPartOf\":{\"@id\":\"https:\\\/\\\/www.webdo.tn\\\/fr\\\/actualite\\\/sport\\\/ligue-1-17eme-journee-le-club-africain-ecrase-letoile-3-0-et-rejoint-lesperance-en-tete\\\/391861\\\/\"},\"author\":{\"name\":\"Mohamed Fethi\",\"@id\":\"https:\\\/\\\/www.webdo.tn\\\/fr\\\/#\\\/schema\\\/person\\\/16a4857e77dfc0b610c4c2cadffc9ac4\"},\"headline\":\"Ligue 1 | 17\u00e8me journ\u00e9e : Le Club Africain \u00e9crase l\u2019\u00c9toile (3-0) et rejoint l\u2019Esp\u00e9rance en t\u00eate\",\"datePublished\":\"2026-01-22T15:15:22+00:00\",\"dateModified\":\"2026-01-22T15:15:23+00:00\",\"mainEntityOfPage\":{\"@id\":\"https:\\\/\\\/www.webdo.tn\\\/fr\\\/actualite\\\/sport\\\/ligue-1-17eme-journee-le-club-africain-ecrase-letoile-3-0-et-rejoint-lesperance-en-tete\\\/391861\\\/\"},\"wordCount\":444,\"publisher\":{\"@id\":\"https:\\\/\\\/www.webdo.tn\\\/fr\\\/#organization\"},\"image\":{\"@id\":\"https:\\\/\\\/www.webdo.tn\\\/fr\\\/actualite\\\/sport\\\/ligue-1-17eme-journee-le-club-africain-ecrase-letoile-3-0-et-rejoint-lesperance-en-tete\\\/391861\\\/#primaryimage\"},\"thumbnailUrl\":\"https:\\\/\\\/www.webdo.tn\\\/fr\\\/wp-content\\\/uploads\\\/2026\\\/01\\\/CA-ESS-3-0.jpg\",\"keywords\":[\"championnat de tunisie\",\"Club Africain\",\"ES Sahel\",\"football\",\"Ligue 1\",\"Tunisie\"],\"articleSection\":[\"Sport\"],\"inLanguage\":\"fr-FR\"},{\"@type\":\"WebPage\",\"@id\":\"https:\\\/\\\/www.webdo.tn\\\/fr\\\/actualite\\\/sport\\\/ligue-1-17eme-journee-le-club-africain-ecrase-letoile-3-0-et-rejoint-lesperance-en-tete\\\/391861\\\/\",\"url\":\"https:\\\/\\\/www.webdo.tn\\\/fr\\\/actualite\\\/sport\\\/ligue-1-17eme-journee-le-club-africain-ecrase-letoile-3-0-et-rejoint-lesperance-en-tete\\\/391861\\\/\",\"name\":\"Ligue 1 | 17\u00e8me journ\u00e9e : Le Club Africain \u00e9crase l\u2019\u00c9toile (3-0) et rejoint l\u2019Esp\u00e9rance en t\u00eate - webdo\",\"isPartOf\":{\"@id\":\"https:\\\/\\\/www.webdo.tn\\\/fr\\\/#website\"},\"primaryImageOfPage\":{\"@id\":\"https:\\\/\\\/www.webdo.tn\\\/fr\\\/actualite\\\/sport\\\/ligue-1-17eme-journee-le-club-africain-ecrase-letoile-3-0-et-rejoint-lesperance-en-tete\\\/391861\\\/#primaryimage\"},\"image\":{\"@id\":\"https:\\\/\\\/www.webdo.tn\\\/fr\\\/actualite\\\/sport\\\/ligue-1-17eme-journee-le-club-africain-ecrase-letoile-3-0-et-rejoint-lesperance-en-tete\\\/391861\\\/#primaryimage\"},\"thumbnailUrl\":\"https:\\\/\\\/www.webdo.tn\\\/fr\\\/wp-content\\\/uploads\\\/2026\\\/01\\\/CA-ESS-3-0.jpg\",\"datePublished\":\"2026-01-22T15:15:22+00:00\",\"dateModified\":\"2026-01-22T15:15:23+00:00\",\"description\":\"Le Club Africain \u00e9crase l\u2019\u00c9toile (3-0) en Ligue 1 et rejoint l\u2019Esp\u00e9rance en t\u00eate au terme d\u2019une brillante performance.\",\"breadcrumb\":{\"@id\":\"https:\\\/\\\/www.webdo.tn\\\/fr\\\/actualite\\\/sport\\\/ligue-1-17eme-journee-le-club-africain-ecrase-letoile-3-0-et-rejoint-lesperance-en-tete\\\/391861\\\/#breadcrumb\"},\"inLanguage\":\"fr-FR\",\"potentialAction\":[{\"@type\":\"ReadAction\",\"target\":[\"https:\\\/\\\/www.webdo.tn\\\/fr\\\/actualite\\\/sport\\\/ligue-1-17eme-journee-le-club-africain-ecrase-letoile-3-0-et-rejoint-lesperance-en-tete\\\/391861\\\/\"]}]},{\"@type\":\"ImageObject\",\"inLanguage\":\"fr-FR\",\"@id\":\"https:\\\/\\\/www.webdo.tn\\\/fr\\\/actualite\\\/sport\\\/ligue-1-17eme-journee-le-club-africain-ecrase-letoile-3-0-et-rejoint-lesperance-en-tete\\\/391861\\\/#primaryimage\",\"url\":\"https:\\\/\\\/www.webdo.tn\\\/fr\\\/wp-content\\\/uploads\\\/2026\\\/01\\\/CA-ESS-3-0.jpg\",\"contentUrl\":\"https:\\\/\\\/www.webdo.tn\\\/fr\\\/wp-content\\\/uploads\\\/2026\\\/01\\\/CA-ESS-3-0.jpg\",\"width\":1200,\"height\":604,\"caption\":\"Cr\u00e9dit photo : ClubAfricain.com\"},{\"@type\":\"BreadcrumbList\",\"@id\":\"https:\\\/\\\/www.webdo.tn\\\/fr\\\/actualite\\\/sport\\\/ligue-1-17eme-journee-le-club-africain-ecrase-letoile-3-0-et-rejoint-lesperance-en-tete\\\/391861\\\/#breadcrumb\",\"itemListElement\":[{\"@type\":\"ListItem\",\"position\":1,\"name\":\"Accueil\",\"item\":\"https:\\\/\\\/www.webdo.tn\\\/fr\\\/\"},{\"@type\":\"ListItem\",\"position\":2,\"name\":\"Ligue 1 | 17\u00e8me journ\u00e9e : Le Club Africain \u00e9crase l\u2019\u00c9toile (3-0) et rejoint l\u2019Esp\u00e9rance en t\u00eate\"}]},{\"@type\":\"WebSite\",\"@id\":\"https:\\\/\\\/www.webdo.tn\\\/fr\\\/#website\",\"url\":\"https:\\\/\\\/www.webdo.tn\\\/fr\\\/\",\"name\":\"webdo\",\"description\":\"Tunisie - News en Tunisie et \u00e0 l&#039;international sur Webdo.tn\",\"publisher\":{\"@id\":\"https:\\\/\\\/www.webdo.tn\\\/fr\\\/#organization\"},\"potentialAction\":[{\"@type\":\"SearchAction\",\"target\":{\"@type\":\"EntryPoint\",\"urlTemplate\":\"https:\\\/\\\/www.webdo.tn\\\/fr\\\/?s={search_term_string}\"},\"query-input\":{\"@type\":\"PropertyValueSpecification\",\"valueRequired\":true,\"valueName\":\"search_term_string\"}}],\"inLanguage\":\"fr-FR\"},{\"@type\":\"Organization\",\"@id\":\"https:\\\/\\\/www.webdo.tn\\\/fr\\\/#organization\",\"name\":\"Webdo\",\"alternateName\":\"Webdo.tn\",\"url\":\"https:\\\/\\\/www.webdo.tn\\\/fr\\\/\",\"logo\":{\"@type\":\"ImageObject\",\"inLanguage\":\"fr-FR\",\"@id\":\"https:\\\/\\\/www.webdo.tn\\\/fr\\\/#\\\/schema\\\/logo\\\/image\\\/\",\"url\":\"https:\\\/\\\/www.webdo.tn\\\/fr\\\/wp-content\\\/uploads\\\/2025\\\/06\\\/Webdo-Tunisie_168377.jpg\",\"contentUrl\":\"https:\\\/\\\/www.webdo.tn\\\/fr\\\/wp-content\\\/uploads\\\/2025\\\/06\\\/Webdo-Tunisie_168377.jpg\",\"width\":301,\"height\":301,\"caption\":\"Webdo\"},\"image\":{\"@id\":\"https:\\\/\\\/www.webdo.tn\\\/fr\\\/#\\\/schema\\\/logo\\\/image\\\/\"},\"sameAs\":[\"https:\\\/\\\/www.facebook.com\\\/webdotn\",\"https:\\\/\\\/x.com\\\/webdo_tn\"],\"description\":\"Webdo est un m\u00e9dia num\u00e9rique tunisien fond\u00e9 en 2010, sp\u00e9cialis\u00e9 dans l\u2019actualit\u00e9 nationale et internationale, l\u2019\u00e9conomie, la soci\u00e9t\u00e9 et les analyses politiques. Le site s\u2019adresse \u00e0 un large public francophone et couvre l\u2019information tunisienne en temps r\u00e9el.\",\"email\":\"redac@webdo.tn\",\"legalName\":\"YNJ SARL\",\"foundingDate\":\"2010-09-06\",\"numberOfEmployees\":{\"@type\":\"QuantitativeValue\",\"minValue\":\"11\",\"maxValue\":\"50\"}},{\"@type\":\"Person\",\"@id\":\"https:\\\/\\\/www.webdo.tn\\\/fr\\\/#\\\/schema\\\/person\\\/16a4857e77dfc0b610c4c2cadffc9ac4\",\"name\":\"Mohamed Fethi\",\"image\":{\"@type\":\"ImageObject\",\"inLanguage\":\"fr-FR\",\"@id\":\"https:\\\/\\\/www.webdo.tn\\\/fr\\\/wp-content\\\/uploads\\\/2026\\\/04\\\/mohamed-fethi_avatar_1-96x96.jpg\",\"url\":\"https:\\\/\\\/www.webdo.tn\\\/fr\\\/wp-content\\\/uploads\\\/2026\\\/04\\\/mohamed-fethi_avatar_1-96x96.jpg\",\"contentUrl\":\"https:\\\/\\\/www.webdo.tn\\\/fr\\\/wp-content\\\/uploads\\\/2026\\\/04\\\/mohamed-fethi_avatar_1-96x96.jpg\",\"caption\":\"Mohamed Fethi\"},\"description\":\"Signature \u00e9ditoriale de Maher Chaabane Mohamed Fethi est le pseudonyme \u00e9ditorial de Maher Chaabane, r\u00e9dacteur en chef de Webdo.tn depuis 2012. Cette signature est d\u00e9di\u00e9e au traitement intensif de l'actualit\u00e9 nationale et internationale en temps r\u00e9el. S'appuyant sur les deux d\u00e9cennies d'expertise journalistique de Maher Chaabane \u2014 d\u00e9but\u00e9e au sein du groupe Tunis Hebdo en 2000 \u2014 Mohamed Fethi assure une veille rigoureuse sur les enjeux politiques, \u00e9conomiques et sportifs. Sa mission est de garantir une information structur\u00e9e, fluide et fid\u00e8le aux standards de la r\u00e9daction. Pour consulter le parcours complet du r\u00e9dacteur en chef, visitez le profil officiel de Maher Chaabane.\",\"knowsAbout\":[\"actualit\u00e9\",\"journalisme\",\"information\",\"politique\",\"sport\",\"m\u00e9dias\",\"actualit\u00e9 internationale\"],\"knowsLanguage\":[\"Fran\u00e7ais\",\"Arabe\"],\"jobTitle\":\"Journaliste \u2013 R\u00e9daction Webdo\",\"worksFor\":\"Webdo.tn\",\"url\":\"https:\\\/\\\/www.webdo.tn\\\/fr\\\/actualite\\\/author\\\/mohamed-fethi\\\/\"}]}<\/script>\n<!-- \/ Yoast SEO Premium plugin. -->","yoast_head_json":{"title":"Ligue 1 | 17\u00e8me journ\u00e9e : Le Club Africain \u00e9crase l\u2019\u00c9toile (3-0) et rejoint l\u2019Esp\u00e9rance en t\u00eate - webdo","description":"Le Club Africain \u00e9crase l\u2019\u00c9toile (3-0) en Ligue 1 et rejoint l\u2019Esp\u00e9rance en t\u00eate au terme d\u2019une brillante performance.","canonical":"https:\/\/www.webdo.tn\/fr\/actualite\/sport\/ligue-1-17eme-journee-le-club-africain-ecrase-letoile-3-0-et-rejoint-lesperance-en-tete\/391861\/","og_locale":"fr_FR","og_type":"article","og_title":"Ligue 1 | 17\u00e8me journ\u00e9e : Le Club Africain \u00e9crase l\u2019\u00c9toile (3-0) et rejoint l\u2019Esp\u00e9rance en t\u00eate","og_description":"Le Club Africain \u00e9crase l\u2019\u00c9toile (3-0) en Ligue 1 et rejoint l\u2019Esp\u00e9rance en t\u00eate au terme d\u2019une brillante performance.","og_url":"https:\/\/www.webdo.tn\/fr\/actualite\/sport\/ligue-1-17eme-journee-le-club-africain-ecrase-letoile-3-0-et-rejoint-lesperance-en-tete\/391861\/","og_site_name":"webdo","article_publisher":"https:\/\/www.facebook.com\/webdotn","article_published_time":"2026-01-22T15:15:22+00:00","article_modified_time":"2026-01-22T15:15:23+00:00","og_image":[{"width":1200,"height":604,"url":"https:\/\/www.webdo.tn\/fr\/wp-content\/uploads\/2026\/01\/CA-ESS-3-0.jpg","type":"image\/jpeg"}],"author":"Mohamed Fethi","twitter_card":"summary_large_image","twitter_creator":"@webdo_tn","twitter_site":"@webdo_tn","twitter_misc":{"\u00c9crit par":"Mohamed Fethi","Dur\u00e9e de lecture estim\u00e9e":"2 minutes"},"schema":{"@context":"https:\/\/schema.org","@graph":[{"@type":"NewsArticle","@id":"https:\/\/www.webdo.tn\/fr\/actualite\/sport\/ligue-1-17eme-journee-le-club-africain-ecrase-letoile-3-0-et-rejoint-lesperance-en-tete\/391861\/#article","isPartOf":{"@id":"https:\/\/www.webdo.tn\/fr\/actualite\/sport\/ligue-1-17eme-journee-le-club-africain-ecrase-letoile-3-0-et-rejoint-lesperance-en-tete\/391861\/"},"author":{"name":"Mohamed Fethi","@id":"https:\/\/www.webdo.tn\/fr\/#\/schema\/person\/16a4857e77dfc0b610c4c2cadffc9ac4"},"headline":"Ligue 1 | 17\u00e8me journ\u00e9e : Le Club Africain \u00e9crase l\u2019\u00c9toile (3-0) et rejoint l\u2019Esp\u00e9rance en t\u00eate","datePublished":"2026-01-22T15:15:22+00:00","dateModified":"2026-01-22T15:15:23+00:00","mainEntityOfPage":{"@id":"https:\/\/www.webdo.tn\/fr\/actualite\/sport\/ligue-1-17eme-journee-le-club-africain-ecrase-letoile-3-0-et-rejoint-lesperance-en-tete\/391861\/"},"wordCount":444,"publisher":{"@id":"https:\/\/www.webdo.tn\/fr\/#organization"},"image":{"@id":"https:\/\/www.webdo.tn\/fr\/actualite\/sport\/ligue-1-17eme-journee-le-club-africain-ecrase-letoile-3-0-et-rejoint-lesperance-en-tete\/391861\/#primaryimage"},"thumbnailUrl":"https:\/\/www.webdo.tn\/fr\/wp-content\/uploads\/2026\/01\/CA-ESS-3-0.jpg","keywords":["championnat de tunisie","Club Africain","ES Sahel","football","Ligue 1","Tunisie"],"articleSection":["Sport"],"inLanguage":"fr-FR"},{"@type":"WebPage","@id":"https:\/\/www.webdo.tn\/fr\/actualite\/sport\/ligue-1-17eme-journee-le-club-africain-ecrase-letoile-3-0-et-rejoint-lesperance-en-tete\/391861\/","url":"https:\/\/www.webdo.tn\/fr\/actualite\/sport\/ligue-1-17eme-journee-le-club-africain-ecrase-letoile-3-0-et-rejoint-lesperance-en-tete\/391861\/","name":"Ligue 1 | 17\u00e8me journ\u00e9e : Le Club Africain \u00e9crase l\u2019\u00c9toile (3-0) et rejoint l\u2019Esp\u00e9rance en t\u00eate - webdo","isPartOf":{"@id":"https:\/\/www.webdo.tn\/fr\/#website"},"primaryImageOfPage":{"@id":"https:\/\/www.webdo.tn\/fr\/actualite\/sport\/ligue-1-17eme-journee-le-club-africain-ecrase-letoile-3-0-et-rejoint-lesperance-en-tete\/391861\/#primaryimage"},"image":{"@id":"https:\/\/www.webdo.tn\/fr\/actualite\/sport\/ligue-1-17eme-journee-le-club-africain-ecrase-letoile-3-0-et-rejoint-lesperance-en-tete\/391861\/#primaryimage"},"thumbnailUrl":"https:\/\/www.webdo.tn\/fr\/wp-content\/uploads\/2026\/01\/CA-ESS-3-0.jpg","datePublished":"2026-01-22T15:15:22+00:00","dateModified":"2026-01-22T15:15:23+00:00","description":"Le Club Africain \u00e9crase l\u2019\u00c9toile (3-0) en Ligue 1 et rejoint l\u2019Esp\u00e9rance en t\u00eate au terme d\u2019une brillante performance.","breadcrumb":{"@id":"https:\/\/www.webdo.tn\/fr\/actualite\/sport\/ligue-1-17eme-journee-le-club-africain-ecrase-letoile-3-0-et-rejoint-lesperance-en-tete\/391861\/#breadcrumb"},"inLanguage":"fr-FR","potentialAction":[{"@type":"ReadAction","target":["https:\/\/www.webdo.tn\/fr\/actualite\/sport\/ligue-1-17eme-journee-le-club-africain-ecrase-letoile-3-0-et-rejoint-lesperance-en-tete\/391861\/"]}]},{"@type":"ImageObject","inLanguage":"fr-FR","@id":"https:\/\/www.webdo.tn\/fr\/actualite\/sport\/ligue-1-17eme-journee-le-club-africain-ecrase-letoile-3-0-et-rejoint-lesperance-en-tete\/391861\/#primaryimage","url":"https:\/\/www.webdo.tn\/fr\/wp-content\/uploads\/2026\/01\/CA-ESS-3-0.jpg","contentUrl":"https:\/\/www.webdo.tn\/fr\/wp-content\/uploads\/2026\/01\/CA-ESS-3-0.jpg","width":1200,"height":604,"caption":"Cr\u00e9dit photo : ClubAfricain.com"},{"@type":"BreadcrumbList","@id":"https:\/\/www.webdo.tn\/fr\/actualite\/sport\/ligue-1-17eme-journee-le-club-africain-ecrase-letoile-3-0-et-rejoint-lesperance-en-tete\/391861\/#breadcrumb","itemListElement":[{"@type":"ListItem","position":1,"name":"Accueil","item":"https:\/\/www.webdo.tn\/fr\/"},{"@type":"ListItem","position":2,"name":"Ligue 1 | 17\u00e8me journ\u00e9e : Le Club Africain \u00e9crase l\u2019\u00c9toile (3-0) et rejoint l\u2019Esp\u00e9rance en t\u00eate"}]},{"@type":"WebSite","@id":"https:\/\/www.webdo.tn\/fr\/#website","url":"https:\/\/www.webdo.tn\/fr\/","name":"webdo","description":"Tunisie - News en Tunisie et \u00e0 l&#039;international sur Webdo.tn","publisher":{"@id":"https:\/\/www.webdo.tn\/fr\/#organization"},"potentialAction":[{"@type":"SearchAction","target":{"@type":"EntryPoint","urlTemplate":"https:\/\/www.webdo.tn\/fr\/?s={search_term_string}"},"query-input":{"@type":"PropertyValueSpecification","valueRequired":true,"valueName":"search_term_string"}}],"inLanguage":"fr-FR"},{"@type":"Organization","@id":"https:\/\/www.webdo.tn\/fr\/#organization","name":"Webdo","alternateName":"Webdo.tn","url":"https:\/\/www.webdo.tn\/fr\/","logo":{"@type":"ImageObject","inLanguage":"fr-FR","@id":"https:\/\/www.webdo.tn\/fr\/#\/schema\/logo\/image\/","url":"https:\/\/www.webdo.tn\/fr\/wp-content\/uploads\/2025\/06\/Webdo-Tunisie_168377.jpg","contentUrl":"https:\/\/www.webdo.tn\/fr\/wp-content\/uploads\/2025\/06\/Webdo-Tunisie_168377.jpg","width":301,"height":301,"caption":"Webdo"},"image":{"@id":"https:\/\/www.webdo.tn\/fr\/#\/schema\/logo\/image\/"},"sameAs":["https:\/\/www.facebook.com\/webdotn","https:\/\/x.com\/webdo_tn"],"description":"Webdo est un m\u00e9dia num\u00e9rique tunisien fond\u00e9 en 2010, sp\u00e9cialis\u00e9 dans l\u2019actualit\u00e9 nationale et internationale, l\u2019\u00e9conomie, la soci\u00e9t\u00e9 et les analyses politiques. Le site s\u2019adresse \u00e0 un large public francophone et couvre l\u2019information tunisienne en temps r\u00e9el.","email":"redac@webdo.tn","legalName":"YNJ SARL","foundingDate":"2010-09-06","numberOfEmployees":{"@type":"QuantitativeValue","minValue":"11","maxValue":"50"}},{"@type":"Person","@id":"https:\/\/www.webdo.tn\/fr\/#\/schema\/person\/16a4857e77dfc0b610c4c2cadffc9ac4","name":"Mohamed Fethi","image":{"@type":"ImageObject","inLanguage":"fr-FR","@id":"https:\/\/www.webdo.tn\/fr\/wp-content\/uploads\/2026\/04\/mohamed-fethi_avatar_1-96x96.jpg","url":"https:\/\/www.webdo.tn\/fr\/wp-content\/uploads\/2026\/04\/mohamed-fethi_avatar_1-96x96.jpg","contentUrl":"https:\/\/www.webdo.tn\/fr\/wp-content\/uploads\/2026\/04\/mohamed-fethi_avatar_1-96x96.jpg","caption":"Mohamed Fethi"},"description":"Signature \u00e9ditoriale de Maher Chaabane Mohamed Fethi est le pseudonyme \u00e9ditorial de Maher Chaabane, r\u00e9dacteur en chef de Webdo.tn depuis 2012. Cette signature est d\u00e9di\u00e9e au traitement intensif de l'actualit\u00e9 nationale et internationale en temps r\u00e9el. S'appuyant sur les deux d\u00e9cennies d'expertise journalistique de Maher Chaabane \u2014 d\u00e9but\u00e9e au sein du groupe Tunis Hebdo en 2000 \u2014 Mohamed Fethi assure une veille rigoureuse sur les enjeux politiques, \u00e9conomiques et sportifs. Sa mission est de garantir une information structur\u00e9e, fluide et fid\u00e8le aux standards de la r\u00e9daction. Pour consulter le parcours complet du r\u00e9dacteur en chef, visitez le profil officiel de Maher Chaabane.","knowsAbout":["actualit\u00e9","journalisme","information","politique","sport","m\u00e9dias","actualit\u00e9 internationale"],"knowsLanguage":["Fran\u00e7ais","Arabe"],"jobTitle":"Journaliste \u2013 R\u00e9daction Webdo","worksFor":"Webdo.tn","url":"https:\/\/www.webdo.tn\/fr\/actualite\/author\/mohamed-fethi\/"}]}},"_links":{"self":[{"href":"https:\/\/www.webdo.tn\/fr\/wp-json\/wp\/v2\/posts\/391861","targetHints":{"allow":["GET"]}}],"collection":[{"href":"https:\/\/www.webdo.tn\/fr\/wp-json\/wp\/v2\/posts"}],"about":[{"href":"https:\/\/www.webdo.tn\/fr\/wp-json\/wp\/v2\/types\/post"}],"author":[{"embeddable":true,"href":"https:\/\/www.webdo.tn\/fr\/wp-json\/wp\/v2\/users\/4782"}],"replies":[{"embeddable":true,"href":"https:\/\/www.webdo.tn\/fr\/wp-json\/wp\/v2\/comments?post=391861"}],"version-history":[{"count":0,"href":"https:\/\/www.webdo.tn\/fr\/wp-json\/wp\/v2\/posts\/391861\/revisions"}],"wp:featuredmedia":[{"embeddable":true,"href":"https:\/\/www.webdo.tn\/fr\/wp-json\/wp\/v2\/media\/391862"}],"wp:attachment":[{"href":"https:\/\/www.webdo.tn\/fr\/wp-json\/wp\/v2\/media?parent=391861"}],"wp:term":[{"taxonomy":"category","embeddable":true,"href":"https:\/\/www.webdo.tn\/fr\/wp-json\/wp\/v2\/categories?post=391861"},{"taxonomy":"post_tag","embeddable":true,"href":"https:\/\/www.webdo.tn\/fr\/wp-json\/wp\/v2\/tags?post=391861"}],"curies":[{"name":"wp","href":"https:\/\/api.w.org\/{rel}","templated":true}]}}