{"id":391819,"date":"2026-01-22T09:56:14","date_gmt":"2026-01-22T08:56:14","guid":{"rendered":"https:\/\/www.webdo.tn\/fr\/?p=391819"},"modified":"2026-01-22T09:56:16","modified_gmt":"2026-01-22T08:56:16","slug":"everyday-tunisians-ahmed-et-le-fenouil-craquant","status":"publish","type":"post","link":"https:\/\/www.webdo.tn\/fr\/actualite\/everyday-tunisians\/everyday-tunisians-ahmed-et-le-fenouil-craquant\/391819\/","title":{"rendered":"Everyday Tunisians : Ahmed et le fenouil craquant"},"content":{"rendered":"\n<p>Tous les jours, non loin de la porte de la mosqu\u00e9e Zitouna, l\u00e0 o\u00f9 du \u00ab\u00a0sbil\u00a0\u00bb d&rsquo;antan coulait de l&rsquo;eau en permanence, Ahmed pose sa charrette d\u00e9bordante de fenouils frais.<\/p>\n\n\n\n<p>D\u00e9barrass\u00e9s de leur fanes, align\u00e9s en damier, entre blancheur immacul\u00e9e et verdure, les fenouils sont ravissants \u00e0 croquer.<\/p>\n\n\n\n<p>Avec des gestes m\u00e9ticuleux, Ahmed incise le l\u00e9gume \u00e0 l&rsquo;aide de son coutelas. Il r\u00e9pand ensuite une pinc\u00e9e de sel puis exprime un peu de citron. Il tend enfin le fenouil appr\u00eat\u00e9 au client qui savoure d\u00e9j\u00e0 cette promesse de fra\u00eecheur anis\u00e9e.<\/p>\n\n\n\n<p>Une saison durant, Ahmed fid\u00e8le \u00e0 son poste, officiera dans la discr\u00e9tion, laissant dans son sillage, le go\u00fbt subtil et ent\u00eatant du fenouil qu&rsquo;on mord \u00e0 pleines dents.<\/p>\n\n\n\n<p><\/p>\n\n\n\n<blockquote class=\"wp-block-quote is-layout-flow wp-block-quote-is-layout-flow\">\n<blockquote class=\"wp-block-quote is-layout-flow wp-block-quote-is-layout-flow\">\n<p><strong>Lire aussi :<\/strong><\/p>\n\n\n\n<ul class=\"wp-block-list\">\n<li><a href=\"https:\/\/www.webdo.tn\/fr\/actualite\/everyday-tunisians\/everyday-tunisians-mondher-en-lantre-du-sellier\/390780\/\">Everyday Tunisians : Mondher en l\u2019antre du sellier<\/a><\/li>\n\n\n\n<li><a href=\"https:\/\/www.webdo.tn\/fr\/actualite\/everyday-tunisians\/everyday-tunisians-myriam-vestale-de-sidi-mahrez\/390653\/\">Everyday Tunisians : Myriam, vestale de Sidi Mahrez<\/a><\/li>\n\n\n\n<li><a href=\"https:\/\/www.webdo.tn\/fr\/actualite\/everyday-tunisians\/everyday-tunisians-akram-et-les-tambours-de-kerkennah\/390595\/\">Everyday Tunisians : Akram et les tambours de Kerkennah<\/a><\/li>\n<\/ul>\n<\/blockquote>\n<\/blockquote>\n","protected":false},"excerpt":{"rendered":"<p>Tous les jours, non loin de la porte de la mosqu\u00e9e Zitouna, l\u00e0 o\u00f9 du \u00ab\u00a0sbil\u00a0\u00bb d&rsquo;antan coulait de l&rsquo;eau en permanence, Ahmed pose sa charrette d\u00e9bordante de fenouils frais. D\u00e9barrass\u00e9s de leur fanes, align\u00e9s en damier, entre blancheur immacul\u00e9e et verdure, les fenouils sont ravissants \u00e0 croquer. Avec des gestes m\u00e9ticuleux, Ahmed incise le [&hellip;]<\/p>\n","protected":false},"author":3229,"featured_media":391821,"comment_status":"closed","ping_status":"closed","sticky":false,"template":"","format":"standard","meta":{"footnotes":""},"categories":[2591],"tags":[13626,13625,2608],"class_list":["post-391819","post","type-post","status-publish","format-standard","has-post-thumbnail","hentry","category-everyday-tunisians","tag-ahmed","tag-fenouil","tag-tunisie"],"yoast_head":"<!-- This site is optimized with the Yoast SEO Premium plugin v27.5 (Yoast SEO v27.5) - https:\/\/yoast.com\/product\/yoast-seo-premium-wordpress\/ -->\n<title>Everyday Tunisians : Ahmed et le fenouil craquant - webdo<\/title>\n<meta name=\"description\" content=\"Explorez l&#039;univers d&#039;Ahmed et le fenouil craquant, un r\u00e9gal quotidien qui enchante les palais pr\u00e8s de la mosqu\u00e9e Zitouna.\" \/>\n<link rel=\"canonical\" href=\"https:\/\/www.webdo.tn\/fr\/actualite\/everyday-tunisians\/everyday-tunisians-ahmed-et-le-fenouil-craquant\/391819\/\" \/>\n<meta property=\"og:locale\" content=\"fr_FR\" \/>\n<meta property=\"og:type\" content=\"article\" \/>\n<meta property=\"og:title\" content=\"Everyday Tunisians : Ahmed et le fenouil craquant\" \/>\n<meta property=\"og:description\" content=\"Explorez l&#039;univers d&#039;Ahmed et le fenouil craquant, un r\u00e9gal quotidien qui enchante les palais pr\u00e8s de la mosqu\u00e9e Zitouna.\" \/>\n<meta property=\"og:url\" content=\"https:\/\/www.webdo.tn\/fr\/actualite\/everyday-tunisians\/everyday-tunisians-ahmed-et-le-fenouil-craquant\/391819\/\" \/>\n<meta property=\"og:site_name\" content=\"webdo\" \/>\n<meta property=\"article:publisher\" content=\"https:\/\/www.facebook.com\/webdotn\" \/>\n<meta property=\"article:author\" content=\"https:\/\/www.facebook.com\/hatem.bourial.2025\" \/>\n<meta property=\"article:published_time\" content=\"2026-01-22T08:56:14+00:00\" \/>\n<meta property=\"article:modified_time\" content=\"2026-01-22T08:56:16+00:00\" \/>\n<meta property=\"og:image\" content=\"https:\/\/www.webdo.tn\/fr\/wp-content\/uploads\/2026\/01\/Ahmed-fenouil.jpeg\" \/>\n\t<meta property=\"og:image:width\" content=\"1200\" \/>\n\t<meta property=\"og:image:height\" content=\"603\" \/>\n\t<meta property=\"og:image:type\" content=\"image\/jpeg\" \/>\n<meta name=\"author\" content=\"Hatem Bourial\" \/>\n<meta name=\"twitter:card\" content=\"summary_large_image\" \/>\n<meta name=\"twitter:creator\" content=\"@webdo_tn\" \/>\n<meta name=\"twitter:site\" content=\"@webdo_tn\" \/>\n<meta name=\"twitter:label1\" content=\"\u00c9crit par\" \/>\n\t<meta name=\"twitter:data1\" content=\"Hatem Bourial\" \/>\n\t<meta name=\"twitter:label2\" content=\"Dur\u00e9e de lecture estim\u00e9e\" \/>\n\t<meta name=\"twitter:data2\" content=\"1 minute\" \/>\n<script type=\"application\/ld+json\" class=\"yoast-schema-graph\">{\"@context\":\"https:\\\/\\\/schema.org\",\"@graph\":[{\"@type\":\"NewsArticle\",\"@id\":\"https:\\\/\\\/www.webdo.tn\\\/fr\\\/actualite\\\/everyday-tunisians\\\/everyday-tunisians-ahmed-et-le-fenouil-craquant\\\/391819\\\/#article\",\"isPartOf\":{\"@id\":\"https:\\\/\\\/www.webdo.tn\\\/fr\\\/actualite\\\/everyday-tunisians\\\/everyday-tunisians-ahmed-et-le-fenouil-craquant\\\/391819\\\/\"},\"author\":{\"name\":\"Hatem Bourial\",\"@id\":\"https:\\\/\\\/www.webdo.tn\\\/fr\\\/#\\\/schema\\\/person\\\/6bc0beba2cd23aec27cb5df85ca2554f\"},\"headline\":\"Everyday Tunisians : Ahmed et le fenouil craquant\",\"datePublished\":\"2026-01-22T08:56:14+00:00\",\"dateModified\":\"2026-01-22T08:56:16+00:00\",\"mainEntityOfPage\":{\"@id\":\"https:\\\/\\\/www.webdo.tn\\\/fr\\\/actualite\\\/everyday-tunisians\\\/everyday-tunisians-ahmed-et-le-fenouil-craquant\\\/391819\\\/\"},\"wordCount\":168,\"publisher\":{\"@id\":\"https:\\\/\\\/www.webdo.tn\\\/fr\\\/#organization\"},\"image\":{\"@id\":\"https:\\\/\\\/www.webdo.tn\\\/fr\\\/actualite\\\/everyday-tunisians\\\/everyday-tunisians-ahmed-et-le-fenouil-craquant\\\/391819\\\/#primaryimage\"},\"thumbnailUrl\":\"https:\\\/\\\/www.webdo.tn\\\/fr\\\/wp-content\\\/uploads\\\/2026\\\/01\\\/Ahmed-fenouil.jpeg\",\"keywords\":[\"Ahmed\",\"fenouil\",\"Tunisie\"],\"articleSection\":[\"Everyday Tunisians by Hatem Bourial\"],\"inLanguage\":\"fr-FR\"},{\"@type\":\"WebPage\",\"@id\":\"https:\\\/\\\/www.webdo.tn\\\/fr\\\/actualite\\\/everyday-tunisians\\\/everyday-tunisians-ahmed-et-le-fenouil-craquant\\\/391819\\\/\",\"url\":\"https:\\\/\\\/www.webdo.tn\\\/fr\\\/actualite\\\/everyday-tunisians\\\/everyday-tunisians-ahmed-et-le-fenouil-craquant\\\/391819\\\/\",\"name\":\"Everyday Tunisians : Ahmed et le fenouil craquant - webdo\",\"isPartOf\":{\"@id\":\"https:\\\/\\\/www.webdo.tn\\\/fr\\\/#website\"},\"primaryImageOfPage\":{\"@id\":\"https:\\\/\\\/www.webdo.tn\\\/fr\\\/actualite\\\/everyday-tunisians\\\/everyday-tunisians-ahmed-et-le-fenouil-craquant\\\/391819\\\/#primaryimage\"},\"image\":{\"@id\":\"https:\\\/\\\/www.webdo.tn\\\/fr\\\/actualite\\\/everyday-tunisians\\\/everyday-tunisians-ahmed-et-le-fenouil-craquant\\\/391819\\\/#primaryimage\"},\"thumbnailUrl\":\"https:\\\/\\\/www.webdo.tn\\\/fr\\\/wp-content\\\/uploads\\\/2026\\\/01\\\/Ahmed-fenouil.jpeg\",\"datePublished\":\"2026-01-22T08:56:14+00:00\",\"dateModified\":\"2026-01-22T08:56:16+00:00\",\"description\":\"Explorez l'univers d'Ahmed et le fenouil craquant, un r\u00e9gal quotidien qui enchante les palais pr\u00e8s de la mosqu\u00e9e Zitouna.\",\"breadcrumb\":{\"@id\":\"https:\\\/\\\/www.webdo.tn\\\/fr\\\/actualite\\\/everyday-tunisians\\\/everyday-tunisians-ahmed-et-le-fenouil-craquant\\\/391819\\\/#breadcrumb\"},\"inLanguage\":\"fr-FR\",\"potentialAction\":[{\"@type\":\"ReadAction\",\"target\":[\"https:\\\/\\\/www.webdo.tn\\\/fr\\\/actualite\\\/everyday-tunisians\\\/everyday-tunisians-ahmed-et-le-fenouil-craquant\\\/391819\\\/\"]}]},{\"@type\":\"ImageObject\",\"inLanguage\":\"fr-FR\",\"@id\":\"https:\\\/\\\/www.webdo.tn\\\/fr\\\/actualite\\\/everyday-tunisians\\\/everyday-tunisians-ahmed-et-le-fenouil-craquant\\\/391819\\\/#primaryimage\",\"url\":\"https:\\\/\\\/www.webdo.tn\\\/fr\\\/wp-content\\\/uploads\\\/2026\\\/01\\\/Ahmed-fenouil.jpeg\",\"contentUrl\":\"https:\\\/\\\/www.webdo.tn\\\/fr\\\/wp-content\\\/uploads\\\/2026\\\/01\\\/Ahmed-fenouil.jpeg\",\"width\":1200,\"height\":603,\"caption\":\"Everyday Tunisians : Ahmed et le fenouil craquant\"},{\"@type\":\"BreadcrumbList\",\"@id\":\"https:\\\/\\\/www.webdo.tn\\\/fr\\\/actualite\\\/everyday-tunisians\\\/everyday-tunisians-ahmed-et-le-fenouil-craquant\\\/391819\\\/#breadcrumb\",\"itemListElement\":[{\"@type\":\"ListItem\",\"position\":1,\"name\":\"Accueil\",\"item\":\"https:\\\/\\\/www.webdo.tn\\\/fr\\\/\"},{\"@type\":\"ListItem\",\"position\":2,\"name\":\"Everyday Tunisians : Ahmed et le fenouil craquant\"}]},{\"@type\":\"WebSite\",\"@id\":\"https:\\\/\\\/www.webdo.tn\\\/fr\\\/#website\",\"url\":\"https:\\\/\\\/www.webdo.tn\\\/fr\\\/\",\"name\":\"webdo\",\"description\":\"Tunisie - News en Tunisie et \u00e0 l&#039;international sur Webdo.tn\",\"publisher\":{\"@id\":\"https:\\\/\\\/www.webdo.tn\\\/fr\\\/#organization\"},\"potentialAction\":[{\"@type\":\"SearchAction\",\"target\":{\"@type\":\"EntryPoint\",\"urlTemplate\":\"https:\\\/\\\/www.webdo.tn\\\/fr\\\/?s={search_term_string}\"},\"query-input\":{\"@type\":\"PropertyValueSpecification\",\"valueRequired\":true,\"valueName\":\"search_term_string\"}}],\"inLanguage\":\"fr-FR\"},{\"@type\":\"Organization\",\"@id\":\"https:\\\/\\\/www.webdo.tn\\\/fr\\\/#organization\",\"name\":\"Webdo\",\"alternateName\":\"Webdo.tn\",\"url\":\"https:\\\/\\\/www.webdo.tn\\\/fr\\\/\",\"logo\":{\"@type\":\"ImageObject\",\"inLanguage\":\"fr-FR\",\"@id\":\"https:\\\/\\\/www.webdo.tn\\\/fr\\\/#\\\/schema\\\/logo\\\/image\\\/\",\"url\":\"https:\\\/\\\/www.webdo.tn\\\/fr\\\/wp-content\\\/uploads\\\/2025\\\/06\\\/Webdo-Tunisie_168377.jpg\",\"contentUrl\":\"https:\\\/\\\/www.webdo.tn\\\/fr\\\/wp-content\\\/uploads\\\/2025\\\/06\\\/Webdo-Tunisie_168377.jpg\",\"width\":301,\"height\":301,\"caption\":\"Webdo\"},\"image\":{\"@id\":\"https:\\\/\\\/www.webdo.tn\\\/fr\\\/#\\\/schema\\\/logo\\\/image\\\/\"},\"sameAs\":[\"https:\\\/\\\/www.facebook.com\\\/webdotn\",\"https:\\\/\\\/x.com\\\/webdo_tn\"],\"description\":\"Webdo est un m\u00e9dia num\u00e9rique tunisien fond\u00e9 en 2010, sp\u00e9cialis\u00e9 dans l\u2019actualit\u00e9 nationale et internationale, l\u2019\u00e9conomie, la soci\u00e9t\u00e9 et les analyses politiques. Le site s\u2019adresse \u00e0 un large public francophone et couvre l\u2019information tunisienne en temps r\u00e9el.\",\"email\":\"redac@webdo.tn\",\"legalName\":\"YNJ SARL\",\"foundingDate\":\"2010-09-06\",\"numberOfEmployees\":{\"@type\":\"QuantitativeValue\",\"minValue\":\"11\",\"maxValue\":\"50\"}},{\"@type\":\"Person\",\"@id\":\"https:\\\/\\\/www.webdo.tn\\\/fr\\\/#\\\/schema\\\/person\\\/6bc0beba2cd23aec27cb5df85ca2554f\",\"name\":\"Hatem Bourial\",\"image\":{\"@type\":\"ImageObject\",\"inLanguage\":\"fr-FR\",\"@id\":\"https:\\\/\\\/www.webdo.tn\\\/fr\\\/wp-content\\\/uploads\\\/2026\\\/04\\\/hatem-bourial_avatar-96x96.jpg\",\"url\":\"https:\\\/\\\/www.webdo.tn\\\/fr\\\/wp-content\\\/uploads\\\/2026\\\/04\\\/hatem-bourial_avatar-96x96.jpg\",\"contentUrl\":\"https:\\\/\\\/www.webdo.tn\\\/fr\\\/wp-content\\\/uploads\\\/2026\\\/04\\\/hatem-bourial_avatar-96x96.jpg\",\"caption\":\"Hatem Bourial\"},\"description\":\"Hatem Bourial est journaliste, \u00e9crivain et chroniqueur tunisien. Actif depuis plusieurs d\u00e9cennies, il s\u2019est impos\u00e9 comme un observateur attentif de la soci\u00e9t\u00e9 tunisienne, m\u00ealant dans ses \u00e9crits m\u00e9moire, culture et analyse du quotidien. Auteur de nombreux ouvrages, il d\u00e9veloppe une \u0153uvre \u00e0 la crois\u00e9e du r\u00e9cit, de la po\u00e9sie et de l\u2019observation sociologique. Parall\u00e8lement \u00e0 ses contributions dans la presse, il intervient r\u00e9guli\u00e8rement \u00e0 la radio et dans des espaces culturels, o\u00f9 il explore les enjeux li\u00e9s au patrimoine, \u00e0 l\u2019identit\u00e9 et aux transformations du monde contemporain. \u00c0 travers ses chroniques, Hatem Bourial propose une lecture sensible et approfondie de l\u2019actualit\u00e9, nourrie par une exp\u00e9rience journalistique et litt\u00e9raire reconnue. \ud83d\udd17 Facebook : https:\\\/\\\/www.facebook.com\\\/hatem.bourial.2025\",\"sameAs\":[\"https:\\\/\\\/www.facebook.com\\\/hatem.bourial.2025\",\"https:\\\/\\\/fr.wikipedia.org\\\/wiki\\\/Fichier:Hatem_Bourial.jpg\"],\"knowsAbout\":[\"Culture & patrimoine tunisien\",\"Chronique soci\u00e9tale\",\"Litt\u00e9rature & m\u00e9moire\",\"Cin\u00e9ma & critique culturelle\",\"Identit\u00e9 & mutations sociales\"],\"knowsLanguage\":[\"Arabe\",\"Fran\u00e7ais\",\"Anglais\",\"Italien\",\"Polonais\"],\"jobTitle\":\"Journaliste, \u00e9crivain et chroniqueur culturel\",\"worksFor\":\"Webdo\",\"url\":\"https:\\\/\\\/www.webdo.tn\\\/fr\\\/actualite\\\/author\\\/hatem-bourial-2\\\/\"}]}<\/script>\n<!-- \/ Yoast SEO Premium plugin. -->","yoast_head_json":{"title":"Everyday Tunisians : Ahmed et le fenouil craquant - webdo","description":"Explorez l'univers d'Ahmed et le fenouil craquant, un r\u00e9gal quotidien qui enchante les palais pr\u00e8s de la mosqu\u00e9e Zitouna.","canonical":"https:\/\/www.webdo.tn\/fr\/actualite\/everyday-tunisians\/everyday-tunisians-ahmed-et-le-fenouil-craquant\/391819\/","og_locale":"fr_FR","og_type":"article","og_title":"Everyday Tunisians : Ahmed et le fenouil craquant","og_description":"Explorez l'univers d'Ahmed et le fenouil craquant, un r\u00e9gal quotidien qui enchante les palais pr\u00e8s de la mosqu\u00e9e Zitouna.","og_url":"https:\/\/www.webdo.tn\/fr\/actualite\/everyday-tunisians\/everyday-tunisians-ahmed-et-le-fenouil-craquant\/391819\/","og_site_name":"webdo","article_publisher":"https:\/\/www.facebook.com\/webdotn","article_author":"https:\/\/www.facebook.com\/hatem.bourial.2025","article_published_time":"2026-01-22T08:56:14+00:00","article_modified_time":"2026-01-22T08:56:16+00:00","og_image":[{"width":1200,"height":603,"url":"https:\/\/www.webdo.tn\/fr\/wp-content\/uploads\/2026\/01\/Ahmed-fenouil.jpeg","type":"image\/jpeg"}],"author":"Hatem Bourial","twitter_card":"summary_large_image","twitter_creator":"@webdo_tn","twitter_site":"@webdo_tn","twitter_misc":{"\u00c9crit par":"Hatem Bourial","Dur\u00e9e de lecture estim\u00e9e":"1 minute"},"schema":{"@context":"https:\/\/schema.org","@graph":[{"@type":"NewsArticle","@id":"https:\/\/www.webdo.tn\/fr\/actualite\/everyday-tunisians\/everyday-tunisians-ahmed-et-le-fenouil-craquant\/391819\/#article","isPartOf":{"@id":"https:\/\/www.webdo.tn\/fr\/actualite\/everyday-tunisians\/everyday-tunisians-ahmed-et-le-fenouil-craquant\/391819\/"},"author":{"name":"Hatem Bourial","@id":"https:\/\/www.webdo.tn\/fr\/#\/schema\/person\/6bc0beba2cd23aec27cb5df85ca2554f"},"headline":"Everyday Tunisians : Ahmed et le fenouil craquant","datePublished":"2026-01-22T08:56:14+00:00","dateModified":"2026-01-22T08:56:16+00:00","mainEntityOfPage":{"@id":"https:\/\/www.webdo.tn\/fr\/actualite\/everyday-tunisians\/everyday-tunisians-ahmed-et-le-fenouil-craquant\/391819\/"},"wordCount":168,"publisher":{"@id":"https:\/\/www.webdo.tn\/fr\/#organization"},"image":{"@id":"https:\/\/www.webdo.tn\/fr\/actualite\/everyday-tunisians\/everyday-tunisians-ahmed-et-le-fenouil-craquant\/391819\/#primaryimage"},"thumbnailUrl":"https:\/\/www.webdo.tn\/fr\/wp-content\/uploads\/2026\/01\/Ahmed-fenouil.jpeg","keywords":["Ahmed","fenouil","Tunisie"],"articleSection":["Everyday Tunisians by Hatem Bourial"],"inLanguage":"fr-FR"},{"@type":"WebPage","@id":"https:\/\/www.webdo.tn\/fr\/actualite\/everyday-tunisians\/everyday-tunisians-ahmed-et-le-fenouil-craquant\/391819\/","url":"https:\/\/www.webdo.tn\/fr\/actualite\/everyday-tunisians\/everyday-tunisians-ahmed-et-le-fenouil-craquant\/391819\/","name":"Everyday Tunisians : Ahmed et le fenouil craquant - webdo","isPartOf":{"@id":"https:\/\/www.webdo.tn\/fr\/#website"},"primaryImageOfPage":{"@id":"https:\/\/www.webdo.tn\/fr\/actualite\/everyday-tunisians\/everyday-tunisians-ahmed-et-le-fenouil-craquant\/391819\/#primaryimage"},"image":{"@id":"https:\/\/www.webdo.tn\/fr\/actualite\/everyday-tunisians\/everyday-tunisians-ahmed-et-le-fenouil-craquant\/391819\/#primaryimage"},"thumbnailUrl":"https:\/\/www.webdo.tn\/fr\/wp-content\/uploads\/2026\/01\/Ahmed-fenouil.jpeg","datePublished":"2026-01-22T08:56:14+00:00","dateModified":"2026-01-22T08:56:16+00:00","description":"Explorez l'univers d'Ahmed et le fenouil craquant, un r\u00e9gal quotidien qui enchante les palais pr\u00e8s de la mosqu\u00e9e Zitouna.","breadcrumb":{"@id":"https:\/\/www.webdo.tn\/fr\/actualite\/everyday-tunisians\/everyday-tunisians-ahmed-et-le-fenouil-craquant\/391819\/#breadcrumb"},"inLanguage":"fr-FR","potentialAction":[{"@type":"ReadAction","target":["https:\/\/www.webdo.tn\/fr\/actualite\/everyday-tunisians\/everyday-tunisians-ahmed-et-le-fenouil-craquant\/391819\/"]}]},{"@type":"ImageObject","inLanguage":"fr-FR","@id":"https:\/\/www.webdo.tn\/fr\/actualite\/everyday-tunisians\/everyday-tunisians-ahmed-et-le-fenouil-craquant\/391819\/#primaryimage","url":"https:\/\/www.webdo.tn\/fr\/wp-content\/uploads\/2026\/01\/Ahmed-fenouil.jpeg","contentUrl":"https:\/\/www.webdo.tn\/fr\/wp-content\/uploads\/2026\/01\/Ahmed-fenouil.jpeg","width":1200,"height":603,"caption":"Everyday Tunisians : Ahmed et le fenouil craquant"},{"@type":"BreadcrumbList","@id":"https:\/\/www.webdo.tn\/fr\/actualite\/everyday-tunisians\/everyday-tunisians-ahmed-et-le-fenouil-craquant\/391819\/#breadcrumb","itemListElement":[{"@type":"ListItem","position":1,"name":"Accueil","item":"https:\/\/www.webdo.tn\/fr\/"},{"@type":"ListItem","position":2,"name":"Everyday Tunisians : Ahmed et le fenouil craquant"}]},{"@type":"WebSite","@id":"https:\/\/www.webdo.tn\/fr\/#website","url":"https:\/\/www.webdo.tn\/fr\/","name":"webdo","description":"Tunisie - News en Tunisie et \u00e0 l&#039;international sur Webdo.tn","publisher":{"@id":"https:\/\/www.webdo.tn\/fr\/#organization"},"potentialAction":[{"@type":"SearchAction","target":{"@type":"EntryPoint","urlTemplate":"https:\/\/www.webdo.tn\/fr\/?s={search_term_string}"},"query-input":{"@type":"PropertyValueSpecification","valueRequired":true,"valueName":"search_term_string"}}],"inLanguage":"fr-FR"},{"@type":"Organization","@id":"https:\/\/www.webdo.tn\/fr\/#organization","name":"Webdo","alternateName":"Webdo.tn","url":"https:\/\/www.webdo.tn\/fr\/","logo":{"@type":"ImageObject","inLanguage":"fr-FR","@id":"https:\/\/www.webdo.tn\/fr\/#\/schema\/logo\/image\/","url":"https:\/\/www.webdo.tn\/fr\/wp-content\/uploads\/2025\/06\/Webdo-Tunisie_168377.jpg","contentUrl":"https:\/\/www.webdo.tn\/fr\/wp-content\/uploads\/2025\/06\/Webdo-Tunisie_168377.jpg","width":301,"height":301,"caption":"Webdo"},"image":{"@id":"https:\/\/www.webdo.tn\/fr\/#\/schema\/logo\/image\/"},"sameAs":["https:\/\/www.facebook.com\/webdotn","https:\/\/x.com\/webdo_tn"],"description":"Webdo est un m\u00e9dia num\u00e9rique tunisien fond\u00e9 en 2010, sp\u00e9cialis\u00e9 dans l\u2019actualit\u00e9 nationale et internationale, l\u2019\u00e9conomie, la soci\u00e9t\u00e9 et les analyses politiques. Le site s\u2019adresse \u00e0 un large public francophone et couvre l\u2019information tunisienne en temps r\u00e9el.","email":"redac@webdo.tn","legalName":"YNJ SARL","foundingDate":"2010-09-06","numberOfEmployees":{"@type":"QuantitativeValue","minValue":"11","maxValue":"50"}},{"@type":"Person","@id":"https:\/\/www.webdo.tn\/fr\/#\/schema\/person\/6bc0beba2cd23aec27cb5df85ca2554f","name":"Hatem Bourial","image":{"@type":"ImageObject","inLanguage":"fr-FR","@id":"https:\/\/www.webdo.tn\/fr\/wp-content\/uploads\/2026\/04\/hatem-bourial_avatar-96x96.jpg","url":"https:\/\/www.webdo.tn\/fr\/wp-content\/uploads\/2026\/04\/hatem-bourial_avatar-96x96.jpg","contentUrl":"https:\/\/www.webdo.tn\/fr\/wp-content\/uploads\/2026\/04\/hatem-bourial_avatar-96x96.jpg","caption":"Hatem Bourial"},"description":"Hatem Bourial est journaliste, \u00e9crivain et chroniqueur tunisien. Actif depuis plusieurs d\u00e9cennies, il s\u2019est impos\u00e9 comme un observateur attentif de la soci\u00e9t\u00e9 tunisienne, m\u00ealant dans ses \u00e9crits m\u00e9moire, culture et analyse du quotidien. Auteur de nombreux ouvrages, il d\u00e9veloppe une \u0153uvre \u00e0 la crois\u00e9e du r\u00e9cit, de la po\u00e9sie et de l\u2019observation sociologique. Parall\u00e8lement \u00e0 ses contributions dans la presse, il intervient r\u00e9guli\u00e8rement \u00e0 la radio et dans des espaces culturels, o\u00f9 il explore les enjeux li\u00e9s au patrimoine, \u00e0 l\u2019identit\u00e9 et aux transformations du monde contemporain. \u00c0 travers ses chroniques, Hatem Bourial propose une lecture sensible et approfondie de l\u2019actualit\u00e9, nourrie par une exp\u00e9rience journalistique et litt\u00e9raire reconnue. \ud83d\udd17 Facebook : https:\/\/www.facebook.com\/hatem.bourial.2025","sameAs":["https:\/\/www.facebook.com\/hatem.bourial.2025","https:\/\/fr.wikipedia.org\/wiki\/Fichier:Hatem_Bourial.jpg"],"knowsAbout":["Culture & patrimoine tunisien","Chronique soci\u00e9tale","Litt\u00e9rature & m\u00e9moire","Cin\u00e9ma & critique culturelle","Identit\u00e9 & mutations sociales"],"knowsLanguage":["Arabe","Fran\u00e7ais","Anglais","Italien","Polonais"],"jobTitle":"Journaliste, \u00e9crivain et chroniqueur culturel","worksFor":"Webdo","url":"https:\/\/www.webdo.tn\/fr\/actualite\/author\/hatem-bourial-2\/"}]}},"_links":{"self":[{"href":"https:\/\/www.webdo.tn\/fr\/wp-json\/wp\/v2\/posts\/391819","targetHints":{"allow":["GET"]}}],"collection":[{"href":"https:\/\/www.webdo.tn\/fr\/wp-json\/wp\/v2\/posts"}],"about":[{"href":"https:\/\/www.webdo.tn\/fr\/wp-json\/wp\/v2\/types\/post"}],"author":[{"embeddable":true,"href":"https:\/\/www.webdo.tn\/fr\/wp-json\/wp\/v2\/users\/3229"}],"replies":[{"embeddable":true,"href":"https:\/\/www.webdo.tn\/fr\/wp-json\/wp\/v2\/comments?post=391819"}],"version-history":[{"count":0,"href":"https:\/\/www.webdo.tn\/fr\/wp-json\/wp\/v2\/posts\/391819\/revisions"}],"wp:featuredmedia":[{"embeddable":true,"href":"https:\/\/www.webdo.tn\/fr\/wp-json\/wp\/v2\/media\/391821"}],"wp:attachment":[{"href":"https:\/\/www.webdo.tn\/fr\/wp-json\/wp\/v2\/media?parent=391819"}],"wp:term":[{"taxonomy":"category","embeddable":true,"href":"https:\/\/www.webdo.tn\/fr\/wp-json\/wp\/v2\/categories?post=391819"},{"taxonomy":"post_tag","embeddable":true,"href":"https:\/\/www.webdo.tn\/fr\/wp-json\/wp\/v2\/tags?post=391819"}],"curies":[{"name":"wp","href":"https:\/\/api.w.org\/{rel}","templated":true}]}}