{"id":391808,"date":"2026-01-22T08:53:05","date_gmt":"2026-01-22T07:53:05","guid":{"rendered":"https:\/\/www.webdo.tn\/fr\/?p=391808"},"modified":"2026-01-22T09:58:40","modified_gmt":"2026-01-22T08:58:40","slug":"ligue-1-17eme-journee-club-africain-etoile-du-sahel-un-choc-sous-tension-a-rades","status":"publish","type":"post","link":"https:\/\/www.webdo.tn\/fr\/actualite\/sport\/ligue-1-17eme-journee-club-africain-etoile-du-sahel-un-choc-sous-tension-a-rades\/391808\/","title":{"rendered":"Ligue 1 | 17\u00e8me journ\u00e9e : Club Africain &#8211; \u00c9toile du Sahel, un choc sous tension \u00e0 Rad\u00e8s"},"content":{"rendered":"\n<p><strong>Le Club Africain et l\u2019\u00c9toile du Sahel s\u2019affrontent cet apr\u00e8s-midi au stade Hamadi Agrebi dans un match capital pour la hi\u00e9rarchie du championnat. Sur une pelouse fragilis\u00e9e par les intemp\u00e9ries, les deux \u00e9quipes joueront gros, entre ambitions de podium pour les uns et volont\u00e9 de relance pour les autres. Ce duel de prestige pourrait peser lourd dans la suite de la saison.<\/strong><\/p>\n\n\n\n<p>L\u2019affiche entre le Club Africain et l\u2019\u00c9toile du Sahel attire tous les regards lors de cette 17e journ\u00e9e du championnat. La rencontre se dispute au stade Hamadi Agrebi de Rad\u00e8s, dans un contexte particulier marqu\u00e9 par les fortes pluies des derniers jours, qui ont laiss\u00e9 une pelouse lourde et exigeante pour les deux formations.<\/p>\n\n\n\n<p>La direction du match a \u00e9t\u00e9 confi\u00e9e \u00e0 l\u2019arbitre Nidhal Beltaief, assist\u00e9 \u00e0 la vid\u00e9o par Majdi Bellagha. Un dispositif appel\u00e9 \u00e0 redoubler d\u2019attention, compte tenu de l\u2019\u00e9tat du terrain et de l\u2019intensit\u00e9 annonc\u00e9e d\u2019un duel traditionnellement engag\u00e9.<\/p>\n\n\n\n<h2 class=\"wp-block-heading\" id=\"h-deux-equipes-en-confiance-avant-le-choc\">Deux \u00e9quipes en confiance avant le choc<\/h2>\n\n\n\n<p>Le Club Africain aborde ce rendez-vous dans une dynamique positive. Lors de la pr\u00e9c\u00e9dente journ\u00e9e, les Rouge et Blanc sont all\u00e9s chercher une victoire pr\u00e9cieuse en d\u00e9placement face \u00e0 l\u2019AS Marsa, un succ\u00e8s qui a confirm\u00e9 la solidit\u00e9 d\u00e9fensive et la r\u00e9gularit\u00e9 de l\u2019\u00e9quipe dans cette phase du championnat.<\/p>\n\n\n\n<p>L\u2019\u00c9toile du Sahel arrive elle aussi avec le plein de confiance apr\u00e8s avoir assur\u00e9 l\u2019essentiel \u00e0 domicile contre la JS Omrane. Ce succ\u00e8s a permis aux \u00c9toil\u00e9s de retrouver de la s\u00e9r\u00e9nit\u00e9 avant un d\u00e9placement toujours d\u00e9licat \u00e0 Rad\u00e8s.<\/p>\n\n\n\n<h2 class=\"wp-block-heading\" id=\"h-un-duel-aux-implications-directes-sur-le-classement\">Un duel aux implications directes sur le classement<\/h2>\n\n\n\n<p>Au classement, le Club Africain occupe la position de dauphin avec 34 points en 16 matches et reste en embuscade derri\u00e8re le leader esp\u00e9rantiste. Chaque point compte d\u00e9sormais dans la course au sommet, et un faux pas pourrait co\u00fbter cher dans la lutte pour le titre. De son c\u00f4t\u00e9, l\u2019\u00c9toile du Sahel pointe \u00e0 la huiti\u00e8me place avec 22 points.<\/p>\n\n\n\n<h2 class=\"wp-block-heading\" id=\"h-resultats-et-programme\">R\u00e9sultats et programme<\/h2>\n\n\n\n<ul class=\"wp-block-list\">\n<li>US Monastirienne \u2013 Esp\u00e9rance de Tunis 2-1<\/li>\n\n\n\n<li>JS Kairouanaise \u2013 Stade Tunisien 0-1<\/li>\n\n\n\n<li>AS Gab\u00e8s \u2013 Olympique de B\u00e9ja 1-0<\/li>\n\n\n\n<li>CS Sfaxien \u2013 CA Bizertin 4-0<\/li>\n<\/ul>\n\n\n\n<p><strong>Jeudi 22 janvier (14h00)<\/strong><\/p>\n\n\n\n<ul class=\"wp-block-list\">\n<li>Club Africain \u2013 Etoile du Sahel (Watania 1, Al Kass 1)<\/li>\n<\/ul>\n\n\n\n<p><strong>Vendredi 23 janvier (14h00)<\/strong><\/p>\n\n\n\n<ul class=\"wp-block-list\">\n<li>JS Omrane \u2013 Esp\u00e9rance de Zarzis<\/li>\n\n\n\n<li>ES M\u00e9tlaoui \u2013 AS Soliman<\/li>\n\n\n\n<li>US Ben Guerdane \u2013 AS Marsa<\/li>\n<\/ul>\n\n\n\n<blockquote class=\"wp-block-quote is-layout-flow wp-block-quote-is-layout-flow\">\n<blockquote class=\"wp-block-quote is-layout-flow wp-block-quote-is-layout-flow\">\n<p>Lire aussi :<\/p>\n\n\n\n<ul class=\"wp-block-list\">\n<li><a href=\"https:\/\/www.webdo.tn\/fr\/actualite\/sport\/ligue-1-17eme-journee-le-cs-sfaxien-frappe-fort\/391788\/\">Ligue 1 | 17\u00e8me journ\u00e9e : Le CS Sfaxien frappe fort<\/a><\/li>\n\n\n\n<li><a href=\"https:\/\/www.webdo.tn\/fr\/actualite\/sport\/ligue-1-17eme-j-le-stade-tunisien-frappe-a-kairouan-et-recolle-au-club-africain\/391694\/\">Ligue 1 | 17\u00e8me J. : Le Stade Tunisien frappe \u00e0 Kairouan et recolle au Club Africain<\/a><\/li>\n\n\n\n<li><a href=\"https:\/\/www.webdo.tn\/fr\/actualite\/sport\/ligue-1-17eme-journee-lus-monastirienne-renverse-lesperance\/391609\/\">Ligue 1 | 17\u00e8me journ\u00e9e : L\u2019US Monastirienne renverse l\u2019Esp\u00e9rance<\/a><\/li>\n<\/ul>\n<\/blockquote>\n<\/blockquote>\n","protected":false},"excerpt":{"rendered":"<p>Le Club Africain et l\u2019\u00c9toile du Sahel s\u2019affrontent cet apr\u00e8s-midi au stade Hamadi Agrebi dans un match capital pour la hi\u00e9rarchie du championnat. Sur une pelouse fragilis\u00e9e par les intemp\u00e9ries, les deux \u00e9quipes joueront gros, entre ambitions de podium pour les uns et volont\u00e9 de relance pour les autres. Ce duel de prestige pourrait peser [&hellip;]<\/p>\n","protected":false},"author":4782,"featured_media":391809,"comment_status":"closed","ping_status":"closed","sticky":false,"template":"","format":"standard","meta":{"footnotes":""},"categories":[2593],"tags":[3738,2622,2777,2608],"class_list":["post-391808","post","type-post","status-publish","format-standard","has-post-thumbnail","hentry","category-sport","tag-championnat-de-tunisie","tag-football","tag-ligue-1","tag-tunisie"],"yoast_head":"<!-- This site is optimized with the Yoast SEO Premium plugin v27.4 (Yoast SEO v27.5) - https:\/\/yoast.com\/product\/yoast-seo-premium-wordpress\/ -->\n<title>Ligue 1 | 17\u00e8me journ\u00e9e : Club Africain - \u00c9toile du Sahel, un choc sous tension \u00e0 Rad\u00e8s - webdo<\/title>\n<meta name=\"description\" content=\"Le Club Africain et l\u2019\u00c9toile du Sahel se retrouvent pour un choc d\u00e9terminant en Ligue 1, avec beaucoup en jeu pour les deux \u00e9quipes.\" \/>\n<link rel=\"canonical\" href=\"https:\/\/www.webdo.tn\/fr\/actualite\/sport\/ligue-1-17eme-journee-club-africain-etoile-du-sahel-un-choc-sous-tension-a-rades\/391808\/\" \/>\n<meta property=\"og:locale\" content=\"fr_FR\" \/>\n<meta property=\"og:type\" content=\"article\" \/>\n<meta property=\"og:title\" content=\"Ligue 1 | 17\u00e8me journ\u00e9e : Club Africain - \u00c9toile du Sahel, un choc sous tension \u00e0 Rad\u00e8s\" \/>\n<meta property=\"og:description\" content=\"Le Club Africain et l\u2019\u00c9toile du Sahel se retrouvent pour un choc d\u00e9terminant en Ligue 1, avec beaucoup en jeu pour les deux \u00e9quipes.\" \/>\n<meta property=\"og:url\" content=\"https:\/\/www.webdo.tn\/fr\/actualite\/sport\/ligue-1-17eme-journee-club-africain-etoile-du-sahel-un-choc-sous-tension-a-rades\/391808\/\" \/>\n<meta property=\"og:site_name\" content=\"webdo\" \/>\n<meta property=\"article:publisher\" content=\"https:\/\/www.facebook.com\/webdotn\" \/>\n<meta property=\"article:published_time\" content=\"2026-01-22T07:53:05+00:00\" \/>\n<meta property=\"article:modified_time\" content=\"2026-01-22T08:58:40+00:00\" \/>\n<meta property=\"og:image\" content=\"https:\/\/www.webdo.tn\/fr\/wp-content\/uploads\/2026\/01\/ESS-CA.jpg\" \/>\n\t<meta property=\"og:image:width\" content=\"1200\" \/>\n\t<meta property=\"og:image:height\" content=\"606\" \/>\n\t<meta property=\"og:image:type\" content=\"image\/jpeg\" \/>\n<meta name=\"author\" content=\"Mohamed Fethi\" \/>\n<meta name=\"twitter:card\" content=\"summary_large_image\" \/>\n<meta name=\"twitter:creator\" content=\"@webdo_tn\" \/>\n<meta name=\"twitter:site\" content=\"@webdo_tn\" \/>\n<meta name=\"twitter:label1\" content=\"\u00c9crit par\" \/>\n\t<meta name=\"twitter:data1\" content=\"Mohamed Fethi\" \/>\n\t<meta name=\"twitter:label2\" content=\"Dur\u00e9e de lecture estim\u00e9e\" \/>\n\t<meta name=\"twitter:data2\" content=\"3 minutes\" \/>\n<script type=\"application\/ld+json\" class=\"yoast-schema-graph\">{\"@context\":\"https:\\\/\\\/schema.org\",\"@graph\":[{\"@type\":\"NewsArticle\",\"@id\":\"https:\\\/\\\/www.webdo.tn\\\/fr\\\/actualite\\\/sport\\\/ligue-1-17eme-journee-club-africain-etoile-du-sahel-un-choc-sous-tension-a-rades\\\/391808\\\/#article\",\"isPartOf\":{\"@id\":\"https:\\\/\\\/www.webdo.tn\\\/fr\\\/actualite\\\/sport\\\/ligue-1-17eme-journee-club-africain-etoile-du-sahel-un-choc-sous-tension-a-rades\\\/391808\\\/\"},\"author\":{\"name\":\"Mohamed Fethi\",\"@id\":\"https:\\\/\\\/www.webdo.tn\\\/fr\\\/#\\\/schema\\\/person\\\/16a4857e77dfc0b610c4c2cadffc9ac4\"},\"headline\":\"Ligue 1 | 17\u00e8me journ\u00e9e : Club Africain &#8211; \u00c9toile du Sahel, un choc sous tension \u00e0 Rad\u00e8s\",\"datePublished\":\"2026-01-22T07:53:05+00:00\",\"dateModified\":\"2026-01-22T08:58:40+00:00\",\"mainEntityOfPage\":{\"@id\":\"https:\\\/\\\/www.webdo.tn\\\/fr\\\/actualite\\\/sport\\\/ligue-1-17eme-journee-club-africain-etoile-du-sahel-un-choc-sous-tension-a-rades\\\/391808\\\/\"},\"wordCount\":463,\"publisher\":{\"@id\":\"https:\\\/\\\/www.webdo.tn\\\/fr\\\/#organization\"},\"image\":{\"@id\":\"https:\\\/\\\/www.webdo.tn\\\/fr\\\/actualite\\\/sport\\\/ligue-1-17eme-journee-club-africain-etoile-du-sahel-un-choc-sous-tension-a-rades\\\/391808\\\/#primaryimage\"},\"thumbnailUrl\":\"https:\\\/\\\/www.webdo.tn\\\/fr\\\/wp-content\\\/uploads\\\/2026\\\/01\\\/ESS-CA.jpg\",\"keywords\":[\"championnat de tunisie\",\"football\",\"Ligue 1\",\"Tunisie\"],\"articleSection\":[\"Sport\"],\"inLanguage\":\"fr-FR\"},{\"@type\":\"WebPage\",\"@id\":\"https:\\\/\\\/www.webdo.tn\\\/fr\\\/actualite\\\/sport\\\/ligue-1-17eme-journee-club-africain-etoile-du-sahel-un-choc-sous-tension-a-rades\\\/391808\\\/\",\"url\":\"https:\\\/\\\/www.webdo.tn\\\/fr\\\/actualite\\\/sport\\\/ligue-1-17eme-journee-club-africain-etoile-du-sahel-un-choc-sous-tension-a-rades\\\/391808\\\/\",\"name\":\"Ligue 1 | 17\u00e8me journ\u00e9e : Club Africain - \u00c9toile du Sahel, un choc sous tension \u00e0 Rad\u00e8s - webdo\",\"isPartOf\":{\"@id\":\"https:\\\/\\\/www.webdo.tn\\\/fr\\\/#website\"},\"primaryImageOfPage\":{\"@id\":\"https:\\\/\\\/www.webdo.tn\\\/fr\\\/actualite\\\/sport\\\/ligue-1-17eme-journee-club-africain-etoile-du-sahel-un-choc-sous-tension-a-rades\\\/391808\\\/#primaryimage\"},\"image\":{\"@id\":\"https:\\\/\\\/www.webdo.tn\\\/fr\\\/actualite\\\/sport\\\/ligue-1-17eme-journee-club-africain-etoile-du-sahel-un-choc-sous-tension-a-rades\\\/391808\\\/#primaryimage\"},\"thumbnailUrl\":\"https:\\\/\\\/www.webdo.tn\\\/fr\\\/wp-content\\\/uploads\\\/2026\\\/01\\\/ESS-CA.jpg\",\"datePublished\":\"2026-01-22T07:53:05+00:00\",\"dateModified\":\"2026-01-22T08:58:40+00:00\",\"description\":\"Le Club Africain et l\u2019\u00c9toile du Sahel se retrouvent pour un choc d\u00e9terminant en Ligue 1, avec beaucoup en jeu pour les deux \u00e9quipes.\",\"breadcrumb\":{\"@id\":\"https:\\\/\\\/www.webdo.tn\\\/fr\\\/actualite\\\/sport\\\/ligue-1-17eme-journee-club-africain-etoile-du-sahel-un-choc-sous-tension-a-rades\\\/391808\\\/#breadcrumb\"},\"inLanguage\":\"fr-FR\",\"potentialAction\":[{\"@type\":\"ReadAction\",\"target\":[\"https:\\\/\\\/www.webdo.tn\\\/fr\\\/actualite\\\/sport\\\/ligue-1-17eme-journee-club-africain-etoile-du-sahel-un-choc-sous-tension-a-rades\\\/391808\\\/\"]}]},{\"@type\":\"ImageObject\",\"inLanguage\":\"fr-FR\",\"@id\":\"https:\\\/\\\/www.webdo.tn\\\/fr\\\/actualite\\\/sport\\\/ligue-1-17eme-journee-club-africain-etoile-du-sahel-un-choc-sous-tension-a-rades\\\/391808\\\/#primaryimage\",\"url\":\"https:\\\/\\\/www.webdo.tn\\\/fr\\\/wp-content\\\/uploads\\\/2026\\\/01\\\/ESS-CA.jpg\",\"contentUrl\":\"https:\\\/\\\/www.webdo.tn\\\/fr\\\/wp-content\\\/uploads\\\/2026\\\/01\\\/ESS-CA.jpg\",\"width\":1200,\"height\":606,\"caption\":\"Ligue 1 | 17\u00e8me journ\u00e9e : Club Africain - \u00c9toile du Sahel, un choc sous tension \u00e0 Rad\u00e8s\"},{\"@type\":\"BreadcrumbList\",\"@id\":\"https:\\\/\\\/www.webdo.tn\\\/fr\\\/actualite\\\/sport\\\/ligue-1-17eme-journee-club-africain-etoile-du-sahel-un-choc-sous-tension-a-rades\\\/391808\\\/#breadcrumb\",\"itemListElement\":[{\"@type\":\"ListItem\",\"position\":1,\"name\":\"Accueil\",\"item\":\"https:\\\/\\\/www.webdo.tn\\\/fr\\\/\"},{\"@type\":\"ListItem\",\"position\":2,\"name\":\"Ligue 1 | 17\u00e8me journ\u00e9e : Club Africain &#8211; \u00c9toile du Sahel, un choc sous tension \u00e0 Rad\u00e8s\"}]},{\"@type\":\"WebSite\",\"@id\":\"https:\\\/\\\/www.webdo.tn\\\/fr\\\/#website\",\"url\":\"https:\\\/\\\/www.webdo.tn\\\/fr\\\/\",\"name\":\"webdo\",\"description\":\"Tunisie - News en Tunisie et \u00e0 l&#039;international sur Webdo.tn\",\"publisher\":{\"@id\":\"https:\\\/\\\/www.webdo.tn\\\/fr\\\/#organization\"},\"potentialAction\":[{\"@type\":\"SearchAction\",\"target\":{\"@type\":\"EntryPoint\",\"urlTemplate\":\"https:\\\/\\\/www.webdo.tn\\\/fr\\\/?s={search_term_string}\"},\"query-input\":{\"@type\":\"PropertyValueSpecification\",\"valueRequired\":true,\"valueName\":\"search_term_string\"}}],\"inLanguage\":\"fr-FR\"},{\"@type\":\"Organization\",\"@id\":\"https:\\\/\\\/www.webdo.tn\\\/fr\\\/#organization\",\"name\":\"Webdo\",\"alternateName\":\"Webdo.tn\",\"url\":\"https:\\\/\\\/www.webdo.tn\\\/fr\\\/\",\"logo\":{\"@type\":\"ImageObject\",\"inLanguage\":\"fr-FR\",\"@id\":\"https:\\\/\\\/www.webdo.tn\\\/fr\\\/#\\\/schema\\\/logo\\\/image\\\/\",\"url\":\"https:\\\/\\\/www.webdo.tn\\\/fr\\\/wp-content\\\/uploads\\\/2025\\\/06\\\/Webdo-Tunisie_168377.jpg\",\"contentUrl\":\"https:\\\/\\\/www.webdo.tn\\\/fr\\\/wp-content\\\/uploads\\\/2025\\\/06\\\/Webdo-Tunisie_168377.jpg\",\"width\":301,\"height\":301,\"caption\":\"Webdo\"},\"image\":{\"@id\":\"https:\\\/\\\/www.webdo.tn\\\/fr\\\/#\\\/schema\\\/logo\\\/image\\\/\"},\"sameAs\":[\"https:\\\/\\\/www.facebook.com\\\/webdotn\",\"https:\\\/\\\/x.com\\\/webdo_tn\"],\"description\":\"Webdo est un m\u00e9dia num\u00e9rique tunisien fond\u00e9 en 2010, sp\u00e9cialis\u00e9 dans l\u2019actualit\u00e9 nationale et internationale, l\u2019\u00e9conomie, la soci\u00e9t\u00e9 et les analyses politiques. Le site s\u2019adresse \u00e0 un large public francophone et couvre l\u2019information tunisienne en temps r\u00e9el.\",\"email\":\"redac@webdo.tn\",\"legalName\":\"YNJ SARL\",\"foundingDate\":\"2010-09-06\",\"numberOfEmployees\":{\"@type\":\"QuantitativeValue\",\"minValue\":\"11\",\"maxValue\":\"50\"}},{\"@type\":\"Person\",\"@id\":\"https:\\\/\\\/www.webdo.tn\\\/fr\\\/#\\\/schema\\\/person\\\/16a4857e77dfc0b610c4c2cadffc9ac4\",\"name\":\"Mohamed Fethi\",\"image\":{\"@type\":\"ImageObject\",\"inLanguage\":\"fr-FR\",\"@id\":\"https:\\\/\\\/www.webdo.tn\\\/fr\\\/wp-content\\\/uploads\\\/2026\\\/04\\\/mohamed-fethi_avatar_1-96x96.jpg\",\"url\":\"https:\\\/\\\/www.webdo.tn\\\/fr\\\/wp-content\\\/uploads\\\/2026\\\/04\\\/mohamed-fethi_avatar_1-96x96.jpg\",\"contentUrl\":\"https:\\\/\\\/www.webdo.tn\\\/fr\\\/wp-content\\\/uploads\\\/2026\\\/04\\\/mohamed-fethi_avatar_1-96x96.jpg\",\"caption\":\"Mohamed Fethi\"},\"description\":\"Signature \u00e9ditoriale de Maher Chaabane Mohamed Fethi est le pseudonyme \u00e9ditorial de Maher Chaabane, r\u00e9dacteur en chef de Webdo.tn depuis 2012. Cette signature est d\u00e9di\u00e9e au traitement intensif de l'actualit\u00e9 nationale et internationale en temps r\u00e9el. S'appuyant sur les deux d\u00e9cennies d'expertise journalistique de Maher Chaabane \u2014 d\u00e9but\u00e9e au sein du groupe Tunis Hebdo en 2000 \u2014 Mohamed Fethi assure une veille rigoureuse sur les enjeux politiques, \u00e9conomiques et sportifs. Sa mission est de garantir une information structur\u00e9e, fluide et fid\u00e8le aux standards de la r\u00e9daction. Pour consulter le parcours complet du r\u00e9dacteur en chef, visitez le profil officiel de Maher Chaabane.\",\"knowsAbout\":[\"actualit\u00e9\",\"journalisme\",\"information\",\"politique\",\"sport\",\"m\u00e9dias\",\"actualit\u00e9 internationale\"],\"knowsLanguage\":[\"Fran\u00e7ais\",\"Arabe\"],\"jobTitle\":\"Journaliste \u2013 R\u00e9daction Webdo\",\"worksFor\":\"Webdo.tn\",\"url\":\"https:\\\/\\\/www.webdo.tn\\\/fr\\\/actualite\\\/author\\\/mohamed-fethi\\\/\"}]}<\/script>\n<!-- \/ Yoast SEO Premium plugin. -->","yoast_head_json":{"title":"Ligue 1 | 17\u00e8me journ\u00e9e : Club Africain - \u00c9toile du Sahel, un choc sous tension \u00e0 Rad\u00e8s - webdo","description":"Le Club Africain et l\u2019\u00c9toile du Sahel se retrouvent pour un choc d\u00e9terminant en Ligue 1, avec beaucoup en jeu pour les deux \u00e9quipes.","canonical":"https:\/\/www.webdo.tn\/fr\/actualite\/sport\/ligue-1-17eme-journee-club-africain-etoile-du-sahel-un-choc-sous-tension-a-rades\/391808\/","og_locale":"fr_FR","og_type":"article","og_title":"Ligue 1 | 17\u00e8me journ\u00e9e : Club Africain - \u00c9toile du Sahel, un choc sous tension \u00e0 Rad\u00e8s","og_description":"Le Club Africain et l\u2019\u00c9toile du Sahel se retrouvent pour un choc d\u00e9terminant en Ligue 1, avec beaucoup en jeu pour les deux \u00e9quipes.","og_url":"https:\/\/www.webdo.tn\/fr\/actualite\/sport\/ligue-1-17eme-journee-club-africain-etoile-du-sahel-un-choc-sous-tension-a-rades\/391808\/","og_site_name":"webdo","article_publisher":"https:\/\/www.facebook.com\/webdotn","article_published_time":"2026-01-22T07:53:05+00:00","article_modified_time":"2026-01-22T08:58:40+00:00","og_image":[{"width":1200,"height":606,"url":"https:\/\/www.webdo.tn\/fr\/wp-content\/uploads\/2026\/01\/ESS-CA.jpg","type":"image\/jpeg"}],"author":"Mohamed Fethi","twitter_card":"summary_large_image","twitter_creator":"@webdo_tn","twitter_site":"@webdo_tn","twitter_misc":{"\u00c9crit par":"Mohamed Fethi","Dur\u00e9e de lecture estim\u00e9e":"3 minutes"},"schema":{"@context":"https:\/\/schema.org","@graph":[{"@type":"NewsArticle","@id":"https:\/\/www.webdo.tn\/fr\/actualite\/sport\/ligue-1-17eme-journee-club-africain-etoile-du-sahel-un-choc-sous-tension-a-rades\/391808\/#article","isPartOf":{"@id":"https:\/\/www.webdo.tn\/fr\/actualite\/sport\/ligue-1-17eme-journee-club-africain-etoile-du-sahel-un-choc-sous-tension-a-rades\/391808\/"},"author":{"name":"Mohamed Fethi","@id":"https:\/\/www.webdo.tn\/fr\/#\/schema\/person\/16a4857e77dfc0b610c4c2cadffc9ac4"},"headline":"Ligue 1 | 17\u00e8me journ\u00e9e : Club Africain &#8211; \u00c9toile du Sahel, un choc sous tension \u00e0 Rad\u00e8s","datePublished":"2026-01-22T07:53:05+00:00","dateModified":"2026-01-22T08:58:40+00:00","mainEntityOfPage":{"@id":"https:\/\/www.webdo.tn\/fr\/actualite\/sport\/ligue-1-17eme-journee-club-africain-etoile-du-sahel-un-choc-sous-tension-a-rades\/391808\/"},"wordCount":463,"publisher":{"@id":"https:\/\/www.webdo.tn\/fr\/#organization"},"image":{"@id":"https:\/\/www.webdo.tn\/fr\/actualite\/sport\/ligue-1-17eme-journee-club-africain-etoile-du-sahel-un-choc-sous-tension-a-rades\/391808\/#primaryimage"},"thumbnailUrl":"https:\/\/www.webdo.tn\/fr\/wp-content\/uploads\/2026\/01\/ESS-CA.jpg","keywords":["championnat de tunisie","football","Ligue 1","Tunisie"],"articleSection":["Sport"],"inLanguage":"fr-FR"},{"@type":"WebPage","@id":"https:\/\/www.webdo.tn\/fr\/actualite\/sport\/ligue-1-17eme-journee-club-africain-etoile-du-sahel-un-choc-sous-tension-a-rades\/391808\/","url":"https:\/\/www.webdo.tn\/fr\/actualite\/sport\/ligue-1-17eme-journee-club-africain-etoile-du-sahel-un-choc-sous-tension-a-rades\/391808\/","name":"Ligue 1 | 17\u00e8me journ\u00e9e : Club Africain - \u00c9toile du Sahel, un choc sous tension \u00e0 Rad\u00e8s - webdo","isPartOf":{"@id":"https:\/\/www.webdo.tn\/fr\/#website"},"primaryImageOfPage":{"@id":"https:\/\/www.webdo.tn\/fr\/actualite\/sport\/ligue-1-17eme-journee-club-africain-etoile-du-sahel-un-choc-sous-tension-a-rades\/391808\/#primaryimage"},"image":{"@id":"https:\/\/www.webdo.tn\/fr\/actualite\/sport\/ligue-1-17eme-journee-club-africain-etoile-du-sahel-un-choc-sous-tension-a-rades\/391808\/#primaryimage"},"thumbnailUrl":"https:\/\/www.webdo.tn\/fr\/wp-content\/uploads\/2026\/01\/ESS-CA.jpg","datePublished":"2026-01-22T07:53:05+00:00","dateModified":"2026-01-22T08:58:40+00:00","description":"Le Club Africain et l\u2019\u00c9toile du Sahel se retrouvent pour un choc d\u00e9terminant en Ligue 1, avec beaucoup en jeu pour les deux \u00e9quipes.","breadcrumb":{"@id":"https:\/\/www.webdo.tn\/fr\/actualite\/sport\/ligue-1-17eme-journee-club-africain-etoile-du-sahel-un-choc-sous-tension-a-rades\/391808\/#breadcrumb"},"inLanguage":"fr-FR","potentialAction":[{"@type":"ReadAction","target":["https:\/\/www.webdo.tn\/fr\/actualite\/sport\/ligue-1-17eme-journee-club-africain-etoile-du-sahel-un-choc-sous-tension-a-rades\/391808\/"]}]},{"@type":"ImageObject","inLanguage":"fr-FR","@id":"https:\/\/www.webdo.tn\/fr\/actualite\/sport\/ligue-1-17eme-journee-club-africain-etoile-du-sahel-un-choc-sous-tension-a-rades\/391808\/#primaryimage","url":"https:\/\/www.webdo.tn\/fr\/wp-content\/uploads\/2026\/01\/ESS-CA.jpg","contentUrl":"https:\/\/www.webdo.tn\/fr\/wp-content\/uploads\/2026\/01\/ESS-CA.jpg","width":1200,"height":606,"caption":"Ligue 1 | 17\u00e8me journ\u00e9e : Club Africain - \u00c9toile du Sahel, un choc sous tension \u00e0 Rad\u00e8s"},{"@type":"BreadcrumbList","@id":"https:\/\/www.webdo.tn\/fr\/actualite\/sport\/ligue-1-17eme-journee-club-africain-etoile-du-sahel-un-choc-sous-tension-a-rades\/391808\/#breadcrumb","itemListElement":[{"@type":"ListItem","position":1,"name":"Accueil","item":"https:\/\/www.webdo.tn\/fr\/"},{"@type":"ListItem","position":2,"name":"Ligue 1 | 17\u00e8me journ\u00e9e : Club Africain &#8211; \u00c9toile du Sahel, un choc sous tension \u00e0 Rad\u00e8s"}]},{"@type":"WebSite","@id":"https:\/\/www.webdo.tn\/fr\/#website","url":"https:\/\/www.webdo.tn\/fr\/","name":"webdo","description":"Tunisie - News en Tunisie et \u00e0 l&#039;international sur Webdo.tn","publisher":{"@id":"https:\/\/www.webdo.tn\/fr\/#organization"},"potentialAction":[{"@type":"SearchAction","target":{"@type":"EntryPoint","urlTemplate":"https:\/\/www.webdo.tn\/fr\/?s={search_term_string}"},"query-input":{"@type":"PropertyValueSpecification","valueRequired":true,"valueName":"search_term_string"}}],"inLanguage":"fr-FR"},{"@type":"Organization","@id":"https:\/\/www.webdo.tn\/fr\/#organization","name":"Webdo","alternateName":"Webdo.tn","url":"https:\/\/www.webdo.tn\/fr\/","logo":{"@type":"ImageObject","inLanguage":"fr-FR","@id":"https:\/\/www.webdo.tn\/fr\/#\/schema\/logo\/image\/","url":"https:\/\/www.webdo.tn\/fr\/wp-content\/uploads\/2025\/06\/Webdo-Tunisie_168377.jpg","contentUrl":"https:\/\/www.webdo.tn\/fr\/wp-content\/uploads\/2025\/06\/Webdo-Tunisie_168377.jpg","width":301,"height":301,"caption":"Webdo"},"image":{"@id":"https:\/\/www.webdo.tn\/fr\/#\/schema\/logo\/image\/"},"sameAs":["https:\/\/www.facebook.com\/webdotn","https:\/\/x.com\/webdo_tn"],"description":"Webdo est un m\u00e9dia num\u00e9rique tunisien fond\u00e9 en 2010, sp\u00e9cialis\u00e9 dans l\u2019actualit\u00e9 nationale et internationale, l\u2019\u00e9conomie, la soci\u00e9t\u00e9 et les analyses politiques. Le site s\u2019adresse \u00e0 un large public francophone et couvre l\u2019information tunisienne en temps r\u00e9el.","email":"redac@webdo.tn","legalName":"YNJ SARL","foundingDate":"2010-09-06","numberOfEmployees":{"@type":"QuantitativeValue","minValue":"11","maxValue":"50"}},{"@type":"Person","@id":"https:\/\/www.webdo.tn\/fr\/#\/schema\/person\/16a4857e77dfc0b610c4c2cadffc9ac4","name":"Mohamed Fethi","image":{"@type":"ImageObject","inLanguage":"fr-FR","@id":"https:\/\/www.webdo.tn\/fr\/wp-content\/uploads\/2026\/04\/mohamed-fethi_avatar_1-96x96.jpg","url":"https:\/\/www.webdo.tn\/fr\/wp-content\/uploads\/2026\/04\/mohamed-fethi_avatar_1-96x96.jpg","contentUrl":"https:\/\/www.webdo.tn\/fr\/wp-content\/uploads\/2026\/04\/mohamed-fethi_avatar_1-96x96.jpg","caption":"Mohamed Fethi"},"description":"Signature \u00e9ditoriale de Maher Chaabane Mohamed Fethi est le pseudonyme \u00e9ditorial de Maher Chaabane, r\u00e9dacteur en chef de Webdo.tn depuis 2012. Cette signature est d\u00e9di\u00e9e au traitement intensif de l'actualit\u00e9 nationale et internationale en temps r\u00e9el. S'appuyant sur les deux d\u00e9cennies d'expertise journalistique de Maher Chaabane \u2014 d\u00e9but\u00e9e au sein du groupe Tunis Hebdo en 2000 \u2014 Mohamed Fethi assure une veille rigoureuse sur les enjeux politiques, \u00e9conomiques et sportifs. Sa mission est de garantir une information structur\u00e9e, fluide et fid\u00e8le aux standards de la r\u00e9daction. Pour consulter le parcours complet du r\u00e9dacteur en chef, visitez le profil officiel de Maher Chaabane.","knowsAbout":["actualit\u00e9","journalisme","information","politique","sport","m\u00e9dias","actualit\u00e9 internationale"],"knowsLanguage":["Fran\u00e7ais","Arabe"],"jobTitle":"Journaliste \u2013 R\u00e9daction Webdo","worksFor":"Webdo.tn","url":"https:\/\/www.webdo.tn\/fr\/actualite\/author\/mohamed-fethi\/"}]}},"_links":{"self":[{"href":"https:\/\/www.webdo.tn\/fr\/wp-json\/wp\/v2\/posts\/391808","targetHints":{"allow":["GET"]}}],"collection":[{"href":"https:\/\/www.webdo.tn\/fr\/wp-json\/wp\/v2\/posts"}],"about":[{"href":"https:\/\/www.webdo.tn\/fr\/wp-json\/wp\/v2\/types\/post"}],"author":[{"embeddable":true,"href":"https:\/\/www.webdo.tn\/fr\/wp-json\/wp\/v2\/users\/4782"}],"replies":[{"embeddable":true,"href":"https:\/\/www.webdo.tn\/fr\/wp-json\/wp\/v2\/comments?post=391808"}],"version-history":[{"count":0,"href":"https:\/\/www.webdo.tn\/fr\/wp-json\/wp\/v2\/posts\/391808\/revisions"}],"wp:featuredmedia":[{"embeddable":true,"href":"https:\/\/www.webdo.tn\/fr\/wp-json\/wp\/v2\/media\/391809"}],"wp:attachment":[{"href":"https:\/\/www.webdo.tn\/fr\/wp-json\/wp\/v2\/media?parent=391808"}],"wp:term":[{"taxonomy":"category","embeddable":true,"href":"https:\/\/www.webdo.tn\/fr\/wp-json\/wp\/v2\/categories?post=391808"},{"taxonomy":"post_tag","embeddable":true,"href":"https:\/\/www.webdo.tn\/fr\/wp-json\/wp\/v2\/tags?post=391808"}],"curies":[{"name":"wp","href":"https:\/\/api.w.org\/{rel}","templated":true}]}}