{"id":391798,"date":"2026-01-21T19:59:23","date_gmt":"2026-01-21T18:59:23","guid":{"rendered":"https:\/\/www.webdo.tn\/fr\/?p=391798"},"modified":"2026-01-21T20:51:18","modified_gmt":"2026-01-21T19:51:18","slug":"bab-souika-fragilise-par-les-intemperies-cinq-batiments-seffondrent-sans-faire-de-victimes","status":"publish","type":"post","link":"https:\/\/www.webdo.tn\/fr\/actualite\/regions\/bab-souika-fragilise-par-les-intemperies-cinq-batiments-seffondrent-sans-faire-de-victimes\/391798\/","title":{"rendered":"Bab Souika fragilis\u00e9 par les intemp\u00e9ries : Cinq b\u00e2timents s\u2019effondrent sans faire de victimes"},"content":{"rendered":"\n<p><strong>Les fortes perturbations m\u00e9t\u00e9orologiques ont provoqu\u00e9 l\u2019effondrement de cinq b\u00e2timents mena\u00e7ant ruine dans la d\u00e9l\u00e9gation de Bab Souika, \u00e0 Tunis. Aucun bless\u00e9 n\u2019est \u00e0 d\u00e9plorer, tandis que les autorit\u00e9s poursuivent les op\u00e9rations de s\u00e9curisation et l\u2019\u00e9vacuation pr\u00e9ventive d\u2019autres immeubles \u00e0 risque.<\/strong><\/p>\n\n\n\n<p>La d\u00e9l\u00e9gation de Bab Souika, au c\u0153ur de Tunis, a \u00e9t\u00e9 durement touch\u00e9e par les r\u00e9centes intemp\u00e9ries. En l\u2019espace de 48 heures, cinq b\u00e2timents class\u00e9s comme mena\u00e7ant ruine se sont effondr\u00e9s sous l\u2019effet des fortes pluies et de l\u2019instabilit\u00e9 des sols, selon Hosni Mara\u00ef, membre du conseil local de Tunis-ville.<\/p>\n\n\n\n<p>Il a indiqu\u00e9, sur les ondes de Mosaique fm qu\u2019aucun bless\u00e9 n\u2019a \u00e9t\u00e9 signal\u00e9, les immeubles concern\u00e9s \u00e9tant d\u00e9j\u00e0 identifi\u00e9s comme dangereux et, pour certains, partiellement \u00e9vacu\u00e9s.<\/p>\n\n\n\n<h2 class=\"wp-block-heading\" id=\"h-des-operations-de-deblaiement-toujours-en-cours\">Des op\u00e9rations de d\u00e9blaiement toujours en cours<\/h2>\n\n\n\n<p>Les services municipaux et les \u00e9quipes de la protection civile poursuivent, depuis la nuit de mardi, les op\u00e9rations de d\u00e9blaiement des gravats. L\u2019objectif est double : s\u00e9curiser les lieux et rouvrir les voies obstru\u00e9es par les d\u00e9combres, dans un quartier o\u00f9 la circulation et l\u2019activit\u00e9 quotidienne ont \u00e9t\u00e9 fortement perturb\u00e9es.<\/p>\n\n\n\n<p><\/p>\n\n\n<div class=\"wp-block-image\">\n<figure class=\"aligncenter size-full\"><img decoding=\"async\" width=\"1000\" height=\"752\" src=\"https:\/\/www.webdo.tn\/fr\/wp-content\/uploads\/2026\/01\/bab-souika2.jpg\" alt=\"\" class=\"wp-image-391799\" srcset=\"https:\/\/www.webdo.tn\/fr\/wp-content\/uploads\/2026\/01\/bab-souika2.jpg 1000w, https:\/\/www.webdo.tn\/fr\/wp-content\/uploads\/2026\/01\/bab-souika2-300x226.jpg 300w, https:\/\/www.webdo.tn\/fr\/wp-content\/uploads\/2026\/01\/bab-souika2-768x578.jpg 768w, https:\/\/www.webdo.tn\/fr\/wp-content\/uploads\/2026\/01\/bab-souika2-750x564.jpg 750w\" sizes=\"(max-width: 1000px) 100vw, 1000px\" \/><\/figure>\n<\/div>\n\n\n<p><\/p>\n\n\n\n<p>Les autorit\u00e9s locales surveillent de pr\u00e8s l\u2019\u00e9volution de la situation, alors que d\u2019autres b\u00e2timents pr\u00e9sentent des signes de fragilit\u00e9 structurelle.<\/p>\n\n\n\n<p>En parall\u00e8le, trois autres immeubles jug\u00e9s dangereux ont \u00e9t\u00e9 \u00e9vacu\u00e9s \u00e0 titre pr\u00e9ventif. Des solutions d\u2019h\u00e9bergement temporaire ont \u00e9t\u00e9 mises en place pour les familles concern\u00e9es, en attendant une prise en charge plus durable.<\/p>\n\n\n\n<p>Les op\u00e9rations d\u2019\u00e9vacuation se poursuivent \u00e9galement pour d\u2019autres constructions fragilis\u00e9es, dont un b\u00e2timent connu sous le nom de \u00ab l\u2019\u00e9cole du Tribunal \u00bb, consid\u00e9r\u00e9 comme pr\u00e9sentant un risque \u00e9lev\u00e9 d\u2019effondrement.<\/p>\n\n\n\n<h2 class=\"wp-block-heading\" id=\"h-des-relogements-sociaux-annonces\">Des relogements sociaux annonc\u00e9s<\/h2>\n\n\n\n<p>Pour les familles contraintes de quitter d\u00e9finitivement leurs logements, les autorit\u00e9s municipales ont annonc\u00e9 l\u2019attribution prochaine de logements sociaux. Cette mesure vise \u00e0 \u00e9viter que les occupants ne retournent dans des b\u00e2timents devenus inhabitables et dangereux.<\/p>\n\n\n\n<p>Ces incidents mettent une nouvelle fois en lumi\u00e8re la vuln\u00e9rabilit\u00e9 du parc immobilier ancien dans plusieurs quartiers de la capitale, particuli\u00e8rement expos\u00e9 lors des \u00e9pisodes de fortes pluies.<\/p>\n\n\n\n<p><\/p>\n\n\n\n<iframe src=\"https:\/\/www.facebook.com\/plugins\/post.php?href=https%3A%2F%2Fwww.facebook.com%2Fpermalink.php%3Fstory_fbid%3Dpfbid02W95FkYRnLoAAA7CyWtg3HGTfMHztD3f7zPb49VRYdDnWm7zj2Yp93UjVZQVbcwkYl%26id%3D100064332115582&#038;show_text=true&#038;width=500\" width=\"500\" height=\"600\" style=\"border:none;overflow:hidden\" scrolling=\"no\" frameborder=\"0\" allowfullscreen=\"true\" allow=\"autoplay; clipboard-write; encrypted-media; picture-in-picture; web-share\"><\/iframe>\n\n\n\n<iframe src=\"https:\/\/www.facebook.com\/plugins\/post.php?href=https%3A%2F%2Fwww.facebook.com%2Fpermalink.php%3Fstory_fbid%3Dpfbid0X7yRfMYXTEY2XihAEpFir69NhrjxkSdR216RwAhjNh8KCwAdPAyRjnKPJDKGmLxvl%26id%3D100064332115582&#038;show_text=true&#038;width=500\" width=\"500\" height=\"581\" style=\"border:none;overflow:hidden\" scrolling=\"no\" frameborder=\"0\" allowfullscreen=\"true\" allow=\"autoplay; clipboard-write; encrypted-media; picture-in-picture; web-share\"><\/iframe>\n\n\n\n<p><\/p>\n\n\n\n<blockquote class=\"wp-block-quote is-layout-flow wp-block-quote-is-layout-flow\">\n<blockquote class=\"wp-block-quote is-layout-flow wp-block-quote-is-layout-flow\">\n<p><strong>Lire aussi :<\/strong><\/p>\n\n\n\n<ul class=\"wp-block-list\">\n<li><a href=\"https:\/\/www.webdo.tn\/fr\/actualite\/chroniques\/snapshot-en-danger-deffondrement-un-immeuble-qui-coule-au-centre-ville\/390079\/\">Snapshot : En danger d\u2019effondrement, un immeuble qui coule au centre-ville<\/a><\/li>\n\n\n\n<li><a href=\"https:\/\/www.webdo.tn\/fr\/actualite\/national\/tunis-risque-deffondrement-de-540-batiments-300-logements-evacues\/389388\/\">Tunis : Risque d\u2019effondrement de 540 b\u00e2timents, 300 logements \u00e9vacu\u00e9s<\/a><\/li>\n\n\n\n<li><a href=\"https:\/\/www.webdo.tn\/fr\/actualite\/chroniques\/tunisie-snapshot-nouvel-effondrement-dans-la-medina-de-tunis\/222197\/\">Tunisie \u2013 Snapshot : Nouvel effondrement dans la m\u00e9dina de Tunis<\/a><\/li>\n\n\n\n<li><a href=\"https:\/\/www.webdo.tn\/fr\/actualite\/regions\/le-gouverneur-de-monastir-met-en-garde-contre-l-effondrement-de-certains-edifices-historiques\/210947\/\">Le gouverneur de Monastir met en garde contre l\u2019effondrement de certains \u00e9difices historiques<\/a><\/li>\n\n\n\n<li><a href=\"https:\/\/www.webdo.tn\/fr\/actualite\/national\/le-palais-beylical-de-hammam-lif-menace-deffondrement\/140512\/\">Le Palais beylical de Hammam-Lif menac\u00e9 d\u2019effondrement !<\/a><\/li>\n<\/ul>\n<\/blockquote>\n<\/blockquote>\n","protected":false},"excerpt":{"rendered":"<p>Les fortes perturbations m\u00e9t\u00e9orologiques ont provoqu\u00e9 l\u2019effondrement de cinq b\u00e2timents mena\u00e7ant ruine dans la d\u00e9l\u00e9gation de Bab Souika, \u00e0 Tunis. Aucun bless\u00e9 n\u2019est \u00e0 d\u00e9plorer, tandis que les autorit\u00e9s poursuivent les op\u00e9rations de s\u00e9curisation et l\u2019\u00e9vacuation pr\u00e9ventive d\u2019autres immeubles \u00e0 risque. La d\u00e9l\u00e9gation de Bab Souika, au c\u0153ur de Tunis, a \u00e9t\u00e9 durement touch\u00e9e par [&hellip;]<\/p>\n","protected":false},"author":4782,"featured_media":391800,"comment_status":"closed","ping_status":"closed","sticky":false,"template":"","format":"standard","meta":{"footnotes":""},"categories":[2595],"tags":[3086,2871,2640,2608],"class_list":["post-391798","post","type-post","status-publish","format-standard","has-post-thumbnail","hentry","category-regions","tag-bab-souika","tag-effondrement","tag-tunis","tag-tunisie"],"yoast_head":"<!-- This site is optimized with the Yoast SEO Premium plugin v27.5 (Yoast SEO v27.5) - https:\/\/yoast.com\/product\/yoast-seo-premium-wordpress\/ -->\n<title>Bab Souika fragilis\u00e9 par les intemp\u00e9ries : Cinq b\u00e2timents s\u2019effondrent sans faire de victimes - webdo<\/title>\n<meta name=\"description\" content=\"Les intemp\u00e9ries \u00e0 Bab Souika ont caus\u00e9 l&#039;effondrement de cinq b\u00e2timents mena\u00e7ant ruine. Heureusement, aucune victime n&#039;est \u00e0 d\u00e9plorer.\" \/>\n<link rel=\"canonical\" href=\"https:\/\/www.webdo.tn\/fr\/actualite\/regions\/bab-souika-fragilise-par-les-intemperies-cinq-batiments-seffondrent-sans-faire-de-victimes\/391798\/\" \/>\n<meta property=\"og:locale\" content=\"fr_FR\" \/>\n<meta property=\"og:type\" content=\"article\" \/>\n<meta property=\"og:title\" content=\"Bab Souika fragilis\u00e9 par les intemp\u00e9ries : Cinq b\u00e2timents s\u2019effondrent sans faire de victimes\" \/>\n<meta property=\"og:description\" content=\"Les intemp\u00e9ries \u00e0 Bab Souika ont caus\u00e9 l&#039;effondrement de cinq b\u00e2timents mena\u00e7ant ruine. Heureusement, aucune victime n&#039;est \u00e0 d\u00e9plorer.\" \/>\n<meta property=\"og:url\" content=\"https:\/\/www.webdo.tn\/fr\/actualite\/regions\/bab-souika-fragilise-par-les-intemperies-cinq-batiments-seffondrent-sans-faire-de-victimes\/391798\/\" \/>\n<meta property=\"og:site_name\" content=\"webdo\" \/>\n<meta property=\"article:publisher\" content=\"https:\/\/www.facebook.com\/webdotn\" \/>\n<meta property=\"article:published_time\" content=\"2026-01-21T18:59:23+00:00\" \/>\n<meta property=\"article:modified_time\" content=\"2026-01-21T19:51:18+00:00\" \/>\n<meta property=\"og:image\" content=\"https:\/\/www.webdo.tn\/fr\/wp-content\/uploads\/2026\/01\/bab-souika.jpg\" \/>\n\t<meta property=\"og:image:width\" content=\"1200\" \/>\n\t<meta property=\"og:image:height\" content=\"607\" \/>\n\t<meta property=\"og:image:type\" content=\"image\/jpeg\" \/>\n<meta name=\"author\" content=\"Mohamed Fethi\" \/>\n<meta name=\"twitter:card\" content=\"summary_large_image\" \/>\n<meta name=\"twitter:creator\" content=\"@webdo_tn\" \/>\n<meta name=\"twitter:site\" content=\"@webdo_tn\" \/>\n<meta name=\"twitter:label1\" content=\"\u00c9crit par\" \/>\n\t<meta name=\"twitter:data1\" content=\"Mohamed Fethi\" \/>\n\t<meta name=\"twitter:label2\" content=\"Dur\u00e9e de lecture estim\u00e9e\" \/>\n\t<meta name=\"twitter:data2\" content=\"3 minutes\" \/>\n<script type=\"application\/ld+json\" class=\"yoast-schema-graph\">{\"@context\":\"https:\\\/\\\/schema.org\",\"@graph\":[{\"@type\":\"NewsArticle\",\"@id\":\"https:\\\/\\\/www.webdo.tn\\\/fr\\\/actualite\\\/regions\\\/bab-souika-fragilise-par-les-intemperies-cinq-batiments-seffondrent-sans-faire-de-victimes\\\/391798\\\/#article\",\"isPartOf\":{\"@id\":\"https:\\\/\\\/www.webdo.tn\\\/fr\\\/actualite\\\/regions\\\/bab-souika-fragilise-par-les-intemperies-cinq-batiments-seffondrent-sans-faire-de-victimes\\\/391798\\\/\"},\"author\":{\"name\":\"Mohamed Fethi\",\"@id\":\"https:\\\/\\\/www.webdo.tn\\\/fr\\\/#\\\/schema\\\/person\\\/16a4857e77dfc0b610c4c2cadffc9ac4\"},\"headline\":\"Bab Souika fragilis\u00e9 par les intemp\u00e9ries : Cinq b\u00e2timents s\u2019effondrent sans faire de victimes\",\"datePublished\":\"2026-01-21T18:59:23+00:00\",\"dateModified\":\"2026-01-21T19:51:18+00:00\",\"mainEntityOfPage\":{\"@id\":\"https:\\\/\\\/www.webdo.tn\\\/fr\\\/actualite\\\/regions\\\/bab-souika-fragilise-par-les-intemperies-cinq-batiments-seffondrent-sans-faire-de-victimes\\\/391798\\\/\"},\"wordCount\":463,\"publisher\":{\"@id\":\"https:\\\/\\\/www.webdo.tn\\\/fr\\\/#organization\"},\"image\":{\"@id\":\"https:\\\/\\\/www.webdo.tn\\\/fr\\\/actualite\\\/regions\\\/bab-souika-fragilise-par-les-intemperies-cinq-batiments-seffondrent-sans-faire-de-victimes\\\/391798\\\/#primaryimage\"},\"thumbnailUrl\":\"https:\\\/\\\/www.webdo.tn\\\/fr\\\/wp-content\\\/uploads\\\/2026\\\/01\\\/bab-souika.jpg\",\"keywords\":[\"Bab Souika\",\"effondrement\",\"Tunis\",\"Tunisie\"],\"articleSection\":[\"regions\"],\"inLanguage\":\"fr-FR\"},{\"@type\":\"WebPage\",\"@id\":\"https:\\\/\\\/www.webdo.tn\\\/fr\\\/actualite\\\/regions\\\/bab-souika-fragilise-par-les-intemperies-cinq-batiments-seffondrent-sans-faire-de-victimes\\\/391798\\\/\",\"url\":\"https:\\\/\\\/www.webdo.tn\\\/fr\\\/actualite\\\/regions\\\/bab-souika-fragilise-par-les-intemperies-cinq-batiments-seffondrent-sans-faire-de-victimes\\\/391798\\\/\",\"name\":\"Bab Souika fragilis\u00e9 par les intemp\u00e9ries : Cinq b\u00e2timents s\u2019effondrent sans faire de victimes - webdo\",\"isPartOf\":{\"@id\":\"https:\\\/\\\/www.webdo.tn\\\/fr\\\/#website\"},\"primaryImageOfPage\":{\"@id\":\"https:\\\/\\\/www.webdo.tn\\\/fr\\\/actualite\\\/regions\\\/bab-souika-fragilise-par-les-intemperies-cinq-batiments-seffondrent-sans-faire-de-victimes\\\/391798\\\/#primaryimage\"},\"image\":{\"@id\":\"https:\\\/\\\/www.webdo.tn\\\/fr\\\/actualite\\\/regions\\\/bab-souika-fragilise-par-les-intemperies-cinq-batiments-seffondrent-sans-faire-de-victimes\\\/391798\\\/#primaryimage\"},\"thumbnailUrl\":\"https:\\\/\\\/www.webdo.tn\\\/fr\\\/wp-content\\\/uploads\\\/2026\\\/01\\\/bab-souika.jpg\",\"datePublished\":\"2026-01-21T18:59:23+00:00\",\"dateModified\":\"2026-01-21T19:51:18+00:00\",\"description\":\"Les intemp\u00e9ries \u00e0 Bab Souika ont caus\u00e9 l'effondrement de cinq b\u00e2timents mena\u00e7ant ruine. Heureusement, aucune victime n'est \u00e0 d\u00e9plorer.\",\"breadcrumb\":{\"@id\":\"https:\\\/\\\/www.webdo.tn\\\/fr\\\/actualite\\\/regions\\\/bab-souika-fragilise-par-les-intemperies-cinq-batiments-seffondrent-sans-faire-de-victimes\\\/391798\\\/#breadcrumb\"},\"inLanguage\":\"fr-FR\",\"potentialAction\":[{\"@type\":\"ReadAction\",\"target\":[\"https:\\\/\\\/www.webdo.tn\\\/fr\\\/actualite\\\/regions\\\/bab-souika-fragilise-par-les-intemperies-cinq-batiments-seffondrent-sans-faire-de-victimes\\\/391798\\\/\"]}]},{\"@type\":\"ImageObject\",\"inLanguage\":\"fr-FR\",\"@id\":\"https:\\\/\\\/www.webdo.tn\\\/fr\\\/actualite\\\/regions\\\/bab-souika-fragilise-par-les-intemperies-cinq-batiments-seffondrent-sans-faire-de-victimes\\\/391798\\\/#primaryimage\",\"url\":\"https:\\\/\\\/www.webdo.tn\\\/fr\\\/wp-content\\\/uploads\\\/2026\\\/01\\\/bab-souika.jpg\",\"contentUrl\":\"https:\\\/\\\/www.webdo.tn\\\/fr\\\/wp-content\\\/uploads\\\/2026\\\/01\\\/bab-souika.jpg\",\"width\":1200,\"height\":607,\"caption\":\"Bab Souika fragilis\u00e9 par les intemp\u00e9ries : Cinq b\u00e2timents s\u2019effondrent sans faire de victimes\"},{\"@type\":\"BreadcrumbList\",\"@id\":\"https:\\\/\\\/www.webdo.tn\\\/fr\\\/actualite\\\/regions\\\/bab-souika-fragilise-par-les-intemperies-cinq-batiments-seffondrent-sans-faire-de-victimes\\\/391798\\\/#breadcrumb\",\"itemListElement\":[{\"@type\":\"ListItem\",\"position\":1,\"name\":\"Accueil\",\"item\":\"https:\\\/\\\/www.webdo.tn\\\/fr\\\/\"},{\"@type\":\"ListItem\",\"position\":2,\"name\":\"Bab Souika fragilis\u00e9 par les intemp\u00e9ries : Cinq b\u00e2timents s\u2019effondrent sans faire de victimes\"}]},{\"@type\":\"WebSite\",\"@id\":\"https:\\\/\\\/www.webdo.tn\\\/fr\\\/#website\",\"url\":\"https:\\\/\\\/www.webdo.tn\\\/fr\\\/\",\"name\":\"webdo\",\"description\":\"Tunisie - News en Tunisie et \u00e0 l&#039;international sur Webdo.tn\",\"publisher\":{\"@id\":\"https:\\\/\\\/www.webdo.tn\\\/fr\\\/#organization\"},\"potentialAction\":[{\"@type\":\"SearchAction\",\"target\":{\"@type\":\"EntryPoint\",\"urlTemplate\":\"https:\\\/\\\/www.webdo.tn\\\/fr\\\/?s={search_term_string}\"},\"query-input\":{\"@type\":\"PropertyValueSpecification\",\"valueRequired\":true,\"valueName\":\"search_term_string\"}}],\"inLanguage\":\"fr-FR\"},{\"@type\":\"Organization\",\"@id\":\"https:\\\/\\\/www.webdo.tn\\\/fr\\\/#organization\",\"name\":\"Webdo\",\"alternateName\":\"Webdo.tn\",\"url\":\"https:\\\/\\\/www.webdo.tn\\\/fr\\\/\",\"logo\":{\"@type\":\"ImageObject\",\"inLanguage\":\"fr-FR\",\"@id\":\"https:\\\/\\\/www.webdo.tn\\\/fr\\\/#\\\/schema\\\/logo\\\/image\\\/\",\"url\":\"https:\\\/\\\/www.webdo.tn\\\/fr\\\/wp-content\\\/uploads\\\/2025\\\/06\\\/Webdo-Tunisie_168377.jpg\",\"contentUrl\":\"https:\\\/\\\/www.webdo.tn\\\/fr\\\/wp-content\\\/uploads\\\/2025\\\/06\\\/Webdo-Tunisie_168377.jpg\",\"width\":301,\"height\":301,\"caption\":\"Webdo\"},\"image\":{\"@id\":\"https:\\\/\\\/www.webdo.tn\\\/fr\\\/#\\\/schema\\\/logo\\\/image\\\/\"},\"sameAs\":[\"https:\\\/\\\/www.facebook.com\\\/webdotn\",\"https:\\\/\\\/x.com\\\/webdo_tn\"],\"description\":\"Webdo est un m\u00e9dia num\u00e9rique tunisien fond\u00e9 en 2010, sp\u00e9cialis\u00e9 dans l\u2019actualit\u00e9 nationale et internationale, l\u2019\u00e9conomie, la soci\u00e9t\u00e9 et les analyses politiques. Le site s\u2019adresse \u00e0 un large public francophone et couvre l\u2019information tunisienne en temps r\u00e9el.\",\"email\":\"redac@webdo.tn\",\"legalName\":\"YNJ SARL\",\"foundingDate\":\"2010-09-06\",\"numberOfEmployees\":{\"@type\":\"QuantitativeValue\",\"minValue\":\"11\",\"maxValue\":\"50\"}},{\"@type\":\"Person\",\"@id\":\"https:\\\/\\\/www.webdo.tn\\\/fr\\\/#\\\/schema\\\/person\\\/16a4857e77dfc0b610c4c2cadffc9ac4\",\"name\":\"Mohamed Fethi\",\"image\":{\"@type\":\"ImageObject\",\"inLanguage\":\"fr-FR\",\"@id\":\"https:\\\/\\\/www.webdo.tn\\\/fr\\\/wp-content\\\/uploads\\\/2026\\\/04\\\/mohamed-fethi_avatar_1-96x96.jpg\",\"url\":\"https:\\\/\\\/www.webdo.tn\\\/fr\\\/wp-content\\\/uploads\\\/2026\\\/04\\\/mohamed-fethi_avatar_1-96x96.jpg\",\"contentUrl\":\"https:\\\/\\\/www.webdo.tn\\\/fr\\\/wp-content\\\/uploads\\\/2026\\\/04\\\/mohamed-fethi_avatar_1-96x96.jpg\",\"caption\":\"Mohamed Fethi\"},\"description\":\"Signature \u00e9ditoriale de Maher Chaabane Mohamed Fethi est le pseudonyme \u00e9ditorial de Maher Chaabane, r\u00e9dacteur en chef de Webdo.tn depuis 2012. Cette signature est d\u00e9di\u00e9e au traitement intensif de l'actualit\u00e9 nationale et internationale en temps r\u00e9el. S'appuyant sur les deux d\u00e9cennies d'expertise journalistique de Maher Chaabane \u2014 d\u00e9but\u00e9e au sein du groupe Tunis Hebdo en 2000 \u2014 Mohamed Fethi assure une veille rigoureuse sur les enjeux politiques, \u00e9conomiques et sportifs. Sa mission est de garantir une information structur\u00e9e, fluide et fid\u00e8le aux standards de la r\u00e9daction. Pour consulter le parcours complet du r\u00e9dacteur en chef, visitez le profil officiel de Maher Chaabane.\",\"knowsAbout\":[\"actualit\u00e9\",\"journalisme\",\"information\",\"politique\",\"sport\",\"m\u00e9dias\",\"actualit\u00e9 internationale\"],\"knowsLanguage\":[\"Fran\u00e7ais\",\"Arabe\"],\"jobTitle\":\"Journaliste \u2013 R\u00e9daction Webdo\",\"worksFor\":\"Webdo.tn\",\"url\":\"https:\\\/\\\/www.webdo.tn\\\/fr\\\/actualite\\\/author\\\/mohamed-fethi\\\/\"}]}<\/script>\n<!-- \/ Yoast SEO Premium plugin. -->","yoast_head_json":{"title":"Bab Souika fragilis\u00e9 par les intemp\u00e9ries : Cinq b\u00e2timents s\u2019effondrent sans faire de victimes - webdo","description":"Les intemp\u00e9ries \u00e0 Bab Souika ont caus\u00e9 l'effondrement de cinq b\u00e2timents mena\u00e7ant ruine. Heureusement, aucune victime n'est \u00e0 d\u00e9plorer.","canonical":"https:\/\/www.webdo.tn\/fr\/actualite\/regions\/bab-souika-fragilise-par-les-intemperies-cinq-batiments-seffondrent-sans-faire-de-victimes\/391798\/","og_locale":"fr_FR","og_type":"article","og_title":"Bab Souika fragilis\u00e9 par les intemp\u00e9ries : Cinq b\u00e2timents s\u2019effondrent sans faire de victimes","og_description":"Les intemp\u00e9ries \u00e0 Bab Souika ont caus\u00e9 l'effondrement de cinq b\u00e2timents mena\u00e7ant ruine. Heureusement, aucune victime n'est \u00e0 d\u00e9plorer.","og_url":"https:\/\/www.webdo.tn\/fr\/actualite\/regions\/bab-souika-fragilise-par-les-intemperies-cinq-batiments-seffondrent-sans-faire-de-victimes\/391798\/","og_site_name":"webdo","article_publisher":"https:\/\/www.facebook.com\/webdotn","article_published_time":"2026-01-21T18:59:23+00:00","article_modified_time":"2026-01-21T19:51:18+00:00","og_image":[{"width":1200,"height":607,"url":"https:\/\/www.webdo.tn\/fr\/wp-content\/uploads\/2026\/01\/bab-souika.jpg","type":"image\/jpeg"}],"author":"Mohamed Fethi","twitter_card":"summary_large_image","twitter_creator":"@webdo_tn","twitter_site":"@webdo_tn","twitter_misc":{"\u00c9crit par":"Mohamed Fethi","Dur\u00e9e de lecture estim\u00e9e":"3 minutes"},"schema":{"@context":"https:\/\/schema.org","@graph":[{"@type":"NewsArticle","@id":"https:\/\/www.webdo.tn\/fr\/actualite\/regions\/bab-souika-fragilise-par-les-intemperies-cinq-batiments-seffondrent-sans-faire-de-victimes\/391798\/#article","isPartOf":{"@id":"https:\/\/www.webdo.tn\/fr\/actualite\/regions\/bab-souika-fragilise-par-les-intemperies-cinq-batiments-seffondrent-sans-faire-de-victimes\/391798\/"},"author":{"name":"Mohamed Fethi","@id":"https:\/\/www.webdo.tn\/fr\/#\/schema\/person\/16a4857e77dfc0b610c4c2cadffc9ac4"},"headline":"Bab Souika fragilis\u00e9 par les intemp\u00e9ries : Cinq b\u00e2timents s\u2019effondrent sans faire de victimes","datePublished":"2026-01-21T18:59:23+00:00","dateModified":"2026-01-21T19:51:18+00:00","mainEntityOfPage":{"@id":"https:\/\/www.webdo.tn\/fr\/actualite\/regions\/bab-souika-fragilise-par-les-intemperies-cinq-batiments-seffondrent-sans-faire-de-victimes\/391798\/"},"wordCount":463,"publisher":{"@id":"https:\/\/www.webdo.tn\/fr\/#organization"},"image":{"@id":"https:\/\/www.webdo.tn\/fr\/actualite\/regions\/bab-souika-fragilise-par-les-intemperies-cinq-batiments-seffondrent-sans-faire-de-victimes\/391798\/#primaryimage"},"thumbnailUrl":"https:\/\/www.webdo.tn\/fr\/wp-content\/uploads\/2026\/01\/bab-souika.jpg","keywords":["Bab Souika","effondrement","Tunis","Tunisie"],"articleSection":["regions"],"inLanguage":"fr-FR"},{"@type":"WebPage","@id":"https:\/\/www.webdo.tn\/fr\/actualite\/regions\/bab-souika-fragilise-par-les-intemperies-cinq-batiments-seffondrent-sans-faire-de-victimes\/391798\/","url":"https:\/\/www.webdo.tn\/fr\/actualite\/regions\/bab-souika-fragilise-par-les-intemperies-cinq-batiments-seffondrent-sans-faire-de-victimes\/391798\/","name":"Bab Souika fragilis\u00e9 par les intemp\u00e9ries : Cinq b\u00e2timents s\u2019effondrent sans faire de victimes - webdo","isPartOf":{"@id":"https:\/\/www.webdo.tn\/fr\/#website"},"primaryImageOfPage":{"@id":"https:\/\/www.webdo.tn\/fr\/actualite\/regions\/bab-souika-fragilise-par-les-intemperies-cinq-batiments-seffondrent-sans-faire-de-victimes\/391798\/#primaryimage"},"image":{"@id":"https:\/\/www.webdo.tn\/fr\/actualite\/regions\/bab-souika-fragilise-par-les-intemperies-cinq-batiments-seffondrent-sans-faire-de-victimes\/391798\/#primaryimage"},"thumbnailUrl":"https:\/\/www.webdo.tn\/fr\/wp-content\/uploads\/2026\/01\/bab-souika.jpg","datePublished":"2026-01-21T18:59:23+00:00","dateModified":"2026-01-21T19:51:18+00:00","description":"Les intemp\u00e9ries \u00e0 Bab Souika ont caus\u00e9 l'effondrement de cinq b\u00e2timents mena\u00e7ant ruine. Heureusement, aucune victime n'est \u00e0 d\u00e9plorer.","breadcrumb":{"@id":"https:\/\/www.webdo.tn\/fr\/actualite\/regions\/bab-souika-fragilise-par-les-intemperies-cinq-batiments-seffondrent-sans-faire-de-victimes\/391798\/#breadcrumb"},"inLanguage":"fr-FR","potentialAction":[{"@type":"ReadAction","target":["https:\/\/www.webdo.tn\/fr\/actualite\/regions\/bab-souika-fragilise-par-les-intemperies-cinq-batiments-seffondrent-sans-faire-de-victimes\/391798\/"]}]},{"@type":"ImageObject","inLanguage":"fr-FR","@id":"https:\/\/www.webdo.tn\/fr\/actualite\/regions\/bab-souika-fragilise-par-les-intemperies-cinq-batiments-seffondrent-sans-faire-de-victimes\/391798\/#primaryimage","url":"https:\/\/www.webdo.tn\/fr\/wp-content\/uploads\/2026\/01\/bab-souika.jpg","contentUrl":"https:\/\/www.webdo.tn\/fr\/wp-content\/uploads\/2026\/01\/bab-souika.jpg","width":1200,"height":607,"caption":"Bab Souika fragilis\u00e9 par les intemp\u00e9ries : Cinq b\u00e2timents s\u2019effondrent sans faire de victimes"},{"@type":"BreadcrumbList","@id":"https:\/\/www.webdo.tn\/fr\/actualite\/regions\/bab-souika-fragilise-par-les-intemperies-cinq-batiments-seffondrent-sans-faire-de-victimes\/391798\/#breadcrumb","itemListElement":[{"@type":"ListItem","position":1,"name":"Accueil","item":"https:\/\/www.webdo.tn\/fr\/"},{"@type":"ListItem","position":2,"name":"Bab Souika fragilis\u00e9 par les intemp\u00e9ries : Cinq b\u00e2timents s\u2019effondrent sans faire de victimes"}]},{"@type":"WebSite","@id":"https:\/\/www.webdo.tn\/fr\/#website","url":"https:\/\/www.webdo.tn\/fr\/","name":"webdo","description":"Tunisie - News en Tunisie et \u00e0 l&#039;international sur Webdo.tn","publisher":{"@id":"https:\/\/www.webdo.tn\/fr\/#organization"},"potentialAction":[{"@type":"SearchAction","target":{"@type":"EntryPoint","urlTemplate":"https:\/\/www.webdo.tn\/fr\/?s={search_term_string}"},"query-input":{"@type":"PropertyValueSpecification","valueRequired":true,"valueName":"search_term_string"}}],"inLanguage":"fr-FR"},{"@type":"Organization","@id":"https:\/\/www.webdo.tn\/fr\/#organization","name":"Webdo","alternateName":"Webdo.tn","url":"https:\/\/www.webdo.tn\/fr\/","logo":{"@type":"ImageObject","inLanguage":"fr-FR","@id":"https:\/\/www.webdo.tn\/fr\/#\/schema\/logo\/image\/","url":"https:\/\/www.webdo.tn\/fr\/wp-content\/uploads\/2025\/06\/Webdo-Tunisie_168377.jpg","contentUrl":"https:\/\/www.webdo.tn\/fr\/wp-content\/uploads\/2025\/06\/Webdo-Tunisie_168377.jpg","width":301,"height":301,"caption":"Webdo"},"image":{"@id":"https:\/\/www.webdo.tn\/fr\/#\/schema\/logo\/image\/"},"sameAs":["https:\/\/www.facebook.com\/webdotn","https:\/\/x.com\/webdo_tn"],"description":"Webdo est un m\u00e9dia num\u00e9rique tunisien fond\u00e9 en 2010, sp\u00e9cialis\u00e9 dans l\u2019actualit\u00e9 nationale et internationale, l\u2019\u00e9conomie, la soci\u00e9t\u00e9 et les analyses politiques. Le site s\u2019adresse \u00e0 un large public francophone et couvre l\u2019information tunisienne en temps r\u00e9el.","email":"redac@webdo.tn","legalName":"YNJ SARL","foundingDate":"2010-09-06","numberOfEmployees":{"@type":"QuantitativeValue","minValue":"11","maxValue":"50"}},{"@type":"Person","@id":"https:\/\/www.webdo.tn\/fr\/#\/schema\/person\/16a4857e77dfc0b610c4c2cadffc9ac4","name":"Mohamed Fethi","image":{"@type":"ImageObject","inLanguage":"fr-FR","@id":"https:\/\/www.webdo.tn\/fr\/wp-content\/uploads\/2026\/04\/mohamed-fethi_avatar_1-96x96.jpg","url":"https:\/\/www.webdo.tn\/fr\/wp-content\/uploads\/2026\/04\/mohamed-fethi_avatar_1-96x96.jpg","contentUrl":"https:\/\/www.webdo.tn\/fr\/wp-content\/uploads\/2026\/04\/mohamed-fethi_avatar_1-96x96.jpg","caption":"Mohamed Fethi"},"description":"Signature \u00e9ditoriale de Maher Chaabane Mohamed Fethi est le pseudonyme \u00e9ditorial de Maher Chaabane, r\u00e9dacteur en chef de Webdo.tn depuis 2012. Cette signature est d\u00e9di\u00e9e au traitement intensif de l'actualit\u00e9 nationale et internationale en temps r\u00e9el. S'appuyant sur les deux d\u00e9cennies d'expertise journalistique de Maher Chaabane \u2014 d\u00e9but\u00e9e au sein du groupe Tunis Hebdo en 2000 \u2014 Mohamed Fethi assure une veille rigoureuse sur les enjeux politiques, \u00e9conomiques et sportifs. Sa mission est de garantir une information structur\u00e9e, fluide et fid\u00e8le aux standards de la r\u00e9daction. Pour consulter le parcours complet du r\u00e9dacteur en chef, visitez le profil officiel de Maher Chaabane.","knowsAbout":["actualit\u00e9","journalisme","information","politique","sport","m\u00e9dias","actualit\u00e9 internationale"],"knowsLanguage":["Fran\u00e7ais","Arabe"],"jobTitle":"Journaliste \u2013 R\u00e9daction Webdo","worksFor":"Webdo.tn","url":"https:\/\/www.webdo.tn\/fr\/actualite\/author\/mohamed-fethi\/"}]}},"_links":{"self":[{"href":"https:\/\/www.webdo.tn\/fr\/wp-json\/wp\/v2\/posts\/391798","targetHints":{"allow":["GET"]}}],"collection":[{"href":"https:\/\/www.webdo.tn\/fr\/wp-json\/wp\/v2\/posts"}],"about":[{"href":"https:\/\/www.webdo.tn\/fr\/wp-json\/wp\/v2\/types\/post"}],"author":[{"embeddable":true,"href":"https:\/\/www.webdo.tn\/fr\/wp-json\/wp\/v2\/users\/4782"}],"replies":[{"embeddable":true,"href":"https:\/\/www.webdo.tn\/fr\/wp-json\/wp\/v2\/comments?post=391798"}],"version-history":[{"count":0,"href":"https:\/\/www.webdo.tn\/fr\/wp-json\/wp\/v2\/posts\/391798\/revisions"}],"wp:featuredmedia":[{"embeddable":true,"href":"https:\/\/www.webdo.tn\/fr\/wp-json\/wp\/v2\/media\/391800"}],"wp:attachment":[{"href":"https:\/\/www.webdo.tn\/fr\/wp-json\/wp\/v2\/media?parent=391798"}],"wp:term":[{"taxonomy":"category","embeddable":true,"href":"https:\/\/www.webdo.tn\/fr\/wp-json\/wp\/v2\/categories?post=391798"},{"taxonomy":"post_tag","embeddable":true,"href":"https:\/\/www.webdo.tn\/fr\/wp-json\/wp\/v2\/tags?post=391798"}],"curies":[{"name":"wp","href":"https:\/\/api.w.org\/{rel}","templated":true}]}}