{"id":391796,"date":"2026-01-21T19:36:37","date_gmt":"2026-01-21T18:36:37","guid":{"rendered":"https:\/\/www.webdo.tn\/fr\/?p=391796"},"modified":"2026-01-21T19:36:38","modified_gmt":"2026-01-21T18:36:38","slug":"tunisie-soiree-pluvieuse-et-vents-soutenus-sur-plusieurs-regions-du-pays","status":"publish","type":"post","link":"https:\/\/www.webdo.tn\/fr\/actualite\/national\/tunisie-soiree-pluvieuse-et-vents-soutenus-sur-plusieurs-regions-du-pays\/391796\/","title":{"rendered":"Tunisie : Soir\u00e9e pluvieuse et vents soutenus sur plusieurs r\u00e9gions du pays"},"content":{"rendered":"\n<p><strong>Une nouvelle d\u00e9gradation du temps est attendue dans la soir\u00e9e, avec des pluies localement \u00e9parses et parfois orageuses, notamment \u00e0 l\u2019extr\u00eame nord-ouest. Les vents se renforcent pr\u00e8s des c\u00f4tes et les temp\u00e9ratures poursuivent leur baisse, annon\u00e7ant une nuit froide dans plusieurs r\u00e9gions.<\/strong><\/p>\n\n\n\n<p>Les conditions m\u00e9t\u00e9orologiques restent instables sur une grande partie du pays. Selon les pr\u00e9visions de l\u2019Institut national de la m\u00e9t\u00e9orologie, le ciel sera souvent tr\u00e8s nuageux dans la soir\u00e9e, avec des pluies localement \u00e9parses touchant aussi bien le nord que le sud.<\/p>\n\n\n\n<p>Dans les r\u00e9gions de l\u2019extr\u00eame nord-ouest, ces pr\u00e9cipitations pourraient prendre un caract\u00e8re temporairement orageux, dans un contexte de persistance de l\u2019air instable.<\/p>\n\n\n\n<h2 class=\"wp-block-heading\" id=\"h-des-vents-parfois-forts-et-une-mer-difficile\">Des vents parfois forts et une mer difficile<\/h2>\n\n\n\n<p>Le vent soufflera du secteur ouest, se montrant particuli\u00e8rement soutenu pr\u00e8s des c\u00f4tes et dans le sud-est, tandis qu\u2019il restera faible \u00e0 mod\u00e9r\u00e9 dans les autres r\u00e9gions. Des rafales d\u00e9passant momentan\u00e9ment les 60 km\/h sont attendues, ce qui pourrait accentuer la sensation de froid et compliquer certaines activit\u00e9s, notamment en mer.<\/p>\n\n\n\n<p>Sur le plan maritime, la mer sera houleuse \u00e0 agit\u00e9e sur les c\u00f4tes nord, et houleuse \u00e0 tr\u00e8s agit\u00e9e ailleurs, appelant \u00e0 la prudence pour les p\u00eacheurs et les navigateurs.<\/p>\n\n\n\n<h2 class=\"wp-block-heading\" id=\"h-une-nuit-froide-dans-plusieurs-regions\">Une nuit froide dans plusieurs r\u00e9gions<\/h2>\n\n\n\n<p>Les temp\u00e9ratures nocturnes poursuivent leur baisse. Elles devraient osciller entre 4 et 8 degr\u00e9s dans les r\u00e9gions du nord-ouest, et entre 8 et 12 degr\u00e9s dans le reste du pays, confirmant l\u2019installation d\u2019une ambiance hivernale marqu\u00e9e.<\/p>\n\n\n\n<p>Cette situation m\u00e9t\u00e9orologique s\u2019inscrit dans la continuit\u00e9 d\u2019une p\u00e9riode d\u2019instabilit\u00e9 qui a d\u00e9j\u00e0 provoqu\u00e9 d\u2019importantes perturbations ces derniers jours. Les autorit\u00e9s et les services m\u00e9t\u00e9orologiques appellent \u00e0 la prudence, en particulier dans les zones expos\u00e9es aux pluies et aux vents forts.<\/p>\n\n\n\n<p><\/p>\n\n\n\n<blockquote class=\"wp-block-quote is-layout-flow wp-block-quote-is-layout-flow\">\n<blockquote class=\"wp-block-quote is-layout-flow wp-block-quote-is-layout-flow\">\n<p>Lire aussi :<\/p>\n\n\n\n<ul class=\"wp-block-list\">\n<li><a href=\"https:\/\/www.webdo.tn\/fr\/actualite\/national\/la-tunisie-a-ete-bel-et-bien-impactee-par-la-tempete-harry-selon-cet-expert\/391775\/\">La Tunisie a \u00e9t\u00e9 bel et bien impact\u00e9e par la temp\u00eate Harry, selon cet expert<\/a><\/li>\n\n\n\n<li><a href=\"https:\/\/www.webdo.tn\/fr\/actualite\/national\/tempete-harry-pourquoi-la-tunisie-subit-un-episode-meteo-extreme\/391643\/\">Temp\u00eate Harry : pourquoi la Tunisie subit un \u00e9pisode m\u00e9t\u00e9o extr\u00eame<\/a><\/li>\n\n\n\n<li><a href=\"https:\/\/www.webdo.tn\/fr\/actualite\/national\/sidi-bou-said-fermeture-preventive-de-plusieurs-voies-apres-les-glissements-de-terrain\/391772\/\">Sidi Bou Sa\u00efd : Fermeture pr\u00e9ventive de plusieurs voies apr\u00e8s les glissements de terrain<\/a><\/li>\n<\/ul>\n<\/blockquote>\n<\/blockquote>\n","protected":false},"excerpt":{"rendered":"<p>Une nouvelle d\u00e9gradation du temps est attendue dans la soir\u00e9e, avec des pluies localement \u00e9parses et parfois orageuses, notamment \u00e0 l\u2019extr\u00eame nord-ouest. Les vents se renforcent pr\u00e8s des c\u00f4tes et les temp\u00e9ratures poursuivent leur baisse, annon\u00e7ant une nuit froide dans plusieurs r\u00e9gions. Les conditions m\u00e9t\u00e9orologiques restent instables sur une grande partie du pays. Selon les [&hellip;]<\/p>\n","protected":false},"author":4782,"featured_media":391585,"comment_status":"closed","ping_status":"closed","sticky":false,"template":"","format":"standard","meta":{"footnotes":""},"categories":[44],"tags":[2712,2670,2671,2608],"class_list":["post-391796","post","type-post","status-publish","format-standard","has-post-thumbnail","hentry","category-national","tag-intemperies","tag-meteo","tag-pluie","tag-tunisie"],"yoast_head":"<!-- This site is optimized with the Yoast SEO Premium plugin v27.5 (Yoast SEO v27.5) - https:\/\/yoast.com\/product\/yoast-seo-premium-wordpress\/ -->\n<title>Tunisie : Soir\u00e9e pluvieuse et vents soutenus sur plusieurs r\u00e9gions du pays - webdo<\/title>\n<meta name=\"description\" content=\"D\u00e9couvrez la Tunisie sous une soir\u00e9e pluvieuse et des vents soutenus, avec des pr\u00e9cipitations \u00e9parses sur plusieurs r\u00e9gions.\" \/>\n<link rel=\"canonical\" href=\"https:\/\/www.webdo.tn\/fr\/actualite\/national\/tunisie-soiree-pluvieuse-et-vents-soutenus-sur-plusieurs-regions-du-pays\/391796\/\" \/>\n<meta property=\"og:locale\" content=\"fr_FR\" \/>\n<meta property=\"og:type\" content=\"article\" \/>\n<meta property=\"og:title\" content=\"Tunisie : Soir\u00e9e pluvieuse et vents soutenus sur plusieurs r\u00e9gions du pays\" \/>\n<meta property=\"og:description\" content=\"D\u00e9couvrez la Tunisie sous une soir\u00e9e pluvieuse et des vents soutenus, avec des pr\u00e9cipitations \u00e9parses sur plusieurs r\u00e9gions.\" \/>\n<meta property=\"og:url\" content=\"https:\/\/www.webdo.tn\/fr\/actualite\/national\/tunisie-soiree-pluvieuse-et-vents-soutenus-sur-plusieurs-regions-du-pays\/391796\/\" \/>\n<meta property=\"og:site_name\" content=\"webdo\" \/>\n<meta property=\"article:publisher\" content=\"https:\/\/www.facebook.com\/webdotn\" \/>\n<meta property=\"article:published_time\" content=\"2026-01-21T18:36:37+00:00\" \/>\n<meta property=\"article:modified_time\" content=\"2026-01-21T18:36:38+00:00\" \/>\n<meta property=\"og:image\" content=\"https:\/\/www.webdo.tn\/fr\/wp-content\/uploads\/2026\/01\/pluie.jpg\" \/>\n\t<meta property=\"og:image:width\" content=\"1200\" \/>\n\t<meta property=\"og:image:height\" content=\"604\" \/>\n\t<meta property=\"og:image:type\" content=\"image\/jpeg\" \/>\n<meta name=\"author\" content=\"Mohamed Fethi\" \/>\n<meta name=\"twitter:card\" content=\"summary_large_image\" \/>\n<meta name=\"twitter:creator\" content=\"@webdo_tn\" \/>\n<meta name=\"twitter:site\" content=\"@webdo_tn\" \/>\n<meta name=\"twitter:label1\" content=\"\u00c9crit par\" \/>\n\t<meta name=\"twitter:data1\" content=\"Mohamed Fethi\" \/>\n\t<meta name=\"twitter:label2\" content=\"Dur\u00e9e de lecture estim\u00e9e\" \/>\n\t<meta name=\"twitter:data2\" content=\"2 minutes\" \/>\n<script type=\"application\/ld+json\" class=\"yoast-schema-graph\">{\"@context\":\"https:\\\/\\\/schema.org\",\"@graph\":[{\"@type\":\"NewsArticle\",\"@id\":\"https:\\\/\\\/www.webdo.tn\\\/fr\\\/actualite\\\/national\\\/tunisie-soiree-pluvieuse-et-vents-soutenus-sur-plusieurs-regions-du-pays\\\/391796\\\/#article\",\"isPartOf\":{\"@id\":\"https:\\\/\\\/www.webdo.tn\\\/fr\\\/actualite\\\/national\\\/tunisie-soiree-pluvieuse-et-vents-soutenus-sur-plusieurs-regions-du-pays\\\/391796\\\/\"},\"author\":{\"name\":\"Mohamed Fethi\",\"@id\":\"https:\\\/\\\/www.webdo.tn\\\/fr\\\/#\\\/schema\\\/person\\\/16a4857e77dfc0b610c4c2cadffc9ac4\"},\"headline\":\"Tunisie : Soir\u00e9e pluvieuse et vents soutenus sur plusieurs r\u00e9gions du pays\",\"datePublished\":\"2026-01-21T18:36:37+00:00\",\"dateModified\":\"2026-01-21T18:36:38+00:00\",\"mainEntityOfPage\":{\"@id\":\"https:\\\/\\\/www.webdo.tn\\\/fr\\\/actualite\\\/national\\\/tunisie-soiree-pluvieuse-et-vents-soutenus-sur-plusieurs-regions-du-pays\\\/391796\\\/\"},\"wordCount\":387,\"publisher\":{\"@id\":\"https:\\\/\\\/www.webdo.tn\\\/fr\\\/#organization\"},\"image\":{\"@id\":\"https:\\\/\\\/www.webdo.tn\\\/fr\\\/actualite\\\/national\\\/tunisie-soiree-pluvieuse-et-vents-soutenus-sur-plusieurs-regions-du-pays\\\/391796\\\/#primaryimage\"},\"thumbnailUrl\":\"https:\\\/\\\/www.webdo.tn\\\/fr\\\/wp-content\\\/uploads\\\/2026\\\/01\\\/pluie.jpg\",\"keywords\":[\"Intemp\u00e9ries\",\"m\u00e9t\u00e9o\",\"Pluie\",\"Tunisie\"],\"articleSection\":[\"National\"],\"inLanguage\":\"fr-FR\"},{\"@type\":\"WebPage\",\"@id\":\"https:\\\/\\\/www.webdo.tn\\\/fr\\\/actualite\\\/national\\\/tunisie-soiree-pluvieuse-et-vents-soutenus-sur-plusieurs-regions-du-pays\\\/391796\\\/\",\"url\":\"https:\\\/\\\/www.webdo.tn\\\/fr\\\/actualite\\\/national\\\/tunisie-soiree-pluvieuse-et-vents-soutenus-sur-plusieurs-regions-du-pays\\\/391796\\\/\",\"name\":\"Tunisie : Soir\u00e9e pluvieuse et vents soutenus sur plusieurs r\u00e9gions du pays - webdo\",\"isPartOf\":{\"@id\":\"https:\\\/\\\/www.webdo.tn\\\/fr\\\/#website\"},\"primaryImageOfPage\":{\"@id\":\"https:\\\/\\\/www.webdo.tn\\\/fr\\\/actualite\\\/national\\\/tunisie-soiree-pluvieuse-et-vents-soutenus-sur-plusieurs-regions-du-pays\\\/391796\\\/#primaryimage\"},\"image\":{\"@id\":\"https:\\\/\\\/www.webdo.tn\\\/fr\\\/actualite\\\/national\\\/tunisie-soiree-pluvieuse-et-vents-soutenus-sur-plusieurs-regions-du-pays\\\/391796\\\/#primaryimage\"},\"thumbnailUrl\":\"https:\\\/\\\/www.webdo.tn\\\/fr\\\/wp-content\\\/uploads\\\/2026\\\/01\\\/pluie.jpg\",\"datePublished\":\"2026-01-21T18:36:37+00:00\",\"dateModified\":\"2026-01-21T18:36:38+00:00\",\"description\":\"D\u00e9couvrez la Tunisie sous une soir\u00e9e pluvieuse et des vents soutenus, avec des pr\u00e9cipitations \u00e9parses sur plusieurs r\u00e9gions.\",\"breadcrumb\":{\"@id\":\"https:\\\/\\\/www.webdo.tn\\\/fr\\\/actualite\\\/national\\\/tunisie-soiree-pluvieuse-et-vents-soutenus-sur-plusieurs-regions-du-pays\\\/391796\\\/#breadcrumb\"},\"inLanguage\":\"fr-FR\",\"potentialAction\":[{\"@type\":\"ReadAction\",\"target\":[\"https:\\\/\\\/www.webdo.tn\\\/fr\\\/actualite\\\/national\\\/tunisie-soiree-pluvieuse-et-vents-soutenus-sur-plusieurs-regions-du-pays\\\/391796\\\/\"]}]},{\"@type\":\"ImageObject\",\"inLanguage\":\"fr-FR\",\"@id\":\"https:\\\/\\\/www.webdo.tn\\\/fr\\\/actualite\\\/national\\\/tunisie-soiree-pluvieuse-et-vents-soutenus-sur-plusieurs-regions-du-pays\\\/391796\\\/#primaryimage\",\"url\":\"https:\\\/\\\/www.webdo.tn\\\/fr\\\/wp-content\\\/uploads\\\/2026\\\/01\\\/pluie.jpg\",\"contentUrl\":\"https:\\\/\\\/www.webdo.tn\\\/fr\\\/wp-content\\\/uploads\\\/2026\\\/01\\\/pluie.jpg\",\"width\":1200,\"height\":604,\"caption\":\"Tunisie - M\u00e9t\u00e9o : Des pluies orageuses attendues sur le nord et le centre du pays\"},{\"@type\":\"BreadcrumbList\",\"@id\":\"https:\\\/\\\/www.webdo.tn\\\/fr\\\/actualite\\\/national\\\/tunisie-soiree-pluvieuse-et-vents-soutenus-sur-plusieurs-regions-du-pays\\\/391796\\\/#breadcrumb\",\"itemListElement\":[{\"@type\":\"ListItem\",\"position\":1,\"name\":\"Accueil\",\"item\":\"https:\\\/\\\/www.webdo.tn\\\/fr\\\/\"},{\"@type\":\"ListItem\",\"position\":2,\"name\":\"Tunisie : Soir\u00e9e pluvieuse et vents soutenus sur plusieurs r\u00e9gions du pays\"}]},{\"@type\":\"WebSite\",\"@id\":\"https:\\\/\\\/www.webdo.tn\\\/fr\\\/#website\",\"url\":\"https:\\\/\\\/www.webdo.tn\\\/fr\\\/\",\"name\":\"webdo\",\"description\":\"Tunisie - News en Tunisie et \u00e0 l&#039;international sur Webdo.tn\",\"publisher\":{\"@id\":\"https:\\\/\\\/www.webdo.tn\\\/fr\\\/#organization\"},\"potentialAction\":[{\"@type\":\"SearchAction\",\"target\":{\"@type\":\"EntryPoint\",\"urlTemplate\":\"https:\\\/\\\/www.webdo.tn\\\/fr\\\/?s={search_term_string}\"},\"query-input\":{\"@type\":\"PropertyValueSpecification\",\"valueRequired\":true,\"valueName\":\"search_term_string\"}}],\"inLanguage\":\"fr-FR\"},{\"@type\":\"Organization\",\"@id\":\"https:\\\/\\\/www.webdo.tn\\\/fr\\\/#organization\",\"name\":\"Webdo\",\"alternateName\":\"Webdo.tn\",\"url\":\"https:\\\/\\\/www.webdo.tn\\\/fr\\\/\",\"logo\":{\"@type\":\"ImageObject\",\"inLanguage\":\"fr-FR\",\"@id\":\"https:\\\/\\\/www.webdo.tn\\\/fr\\\/#\\\/schema\\\/logo\\\/image\\\/\",\"url\":\"https:\\\/\\\/www.webdo.tn\\\/fr\\\/wp-content\\\/uploads\\\/2025\\\/06\\\/Webdo-Tunisie_168377.jpg\",\"contentUrl\":\"https:\\\/\\\/www.webdo.tn\\\/fr\\\/wp-content\\\/uploads\\\/2025\\\/06\\\/Webdo-Tunisie_168377.jpg\",\"width\":301,\"height\":301,\"caption\":\"Webdo\"},\"image\":{\"@id\":\"https:\\\/\\\/www.webdo.tn\\\/fr\\\/#\\\/schema\\\/logo\\\/image\\\/\"},\"sameAs\":[\"https:\\\/\\\/www.facebook.com\\\/webdotn\",\"https:\\\/\\\/x.com\\\/webdo_tn\"],\"description\":\"Webdo est un m\u00e9dia num\u00e9rique tunisien fond\u00e9 en 2010, sp\u00e9cialis\u00e9 dans l\u2019actualit\u00e9 nationale et internationale, l\u2019\u00e9conomie, la soci\u00e9t\u00e9 et les analyses politiques. Le site s\u2019adresse \u00e0 un large public francophone et couvre l\u2019information tunisienne en temps r\u00e9el.\",\"email\":\"redac@webdo.tn\",\"legalName\":\"YNJ SARL\",\"foundingDate\":\"2010-09-06\",\"numberOfEmployees\":{\"@type\":\"QuantitativeValue\",\"minValue\":\"11\",\"maxValue\":\"50\"}},{\"@type\":\"Person\",\"@id\":\"https:\\\/\\\/www.webdo.tn\\\/fr\\\/#\\\/schema\\\/person\\\/16a4857e77dfc0b610c4c2cadffc9ac4\",\"name\":\"Mohamed Fethi\",\"image\":{\"@type\":\"ImageObject\",\"inLanguage\":\"fr-FR\",\"@id\":\"https:\\\/\\\/www.webdo.tn\\\/fr\\\/wp-content\\\/uploads\\\/2026\\\/04\\\/mohamed-fethi_avatar_1-96x96.jpg\",\"url\":\"https:\\\/\\\/www.webdo.tn\\\/fr\\\/wp-content\\\/uploads\\\/2026\\\/04\\\/mohamed-fethi_avatar_1-96x96.jpg\",\"contentUrl\":\"https:\\\/\\\/www.webdo.tn\\\/fr\\\/wp-content\\\/uploads\\\/2026\\\/04\\\/mohamed-fethi_avatar_1-96x96.jpg\",\"caption\":\"Mohamed Fethi\"},\"description\":\"Signature \u00e9ditoriale de Maher Chaabane Mohamed Fethi est le pseudonyme \u00e9ditorial de Maher Chaabane, r\u00e9dacteur en chef de Webdo.tn depuis 2012. Cette signature est d\u00e9di\u00e9e au traitement intensif de l'actualit\u00e9 nationale et internationale en temps r\u00e9el. S'appuyant sur les deux d\u00e9cennies d'expertise journalistique de Maher Chaabane \u2014 d\u00e9but\u00e9e au sein du groupe Tunis Hebdo en 2000 \u2014 Mohamed Fethi assure une veille rigoureuse sur les enjeux politiques, \u00e9conomiques et sportifs. Sa mission est de garantir une information structur\u00e9e, fluide et fid\u00e8le aux standards de la r\u00e9daction. Pour consulter le parcours complet du r\u00e9dacteur en chef, visitez le profil officiel de Maher Chaabane.\",\"knowsAbout\":[\"actualit\u00e9\",\"journalisme\",\"information\",\"politique\",\"sport\",\"m\u00e9dias\",\"actualit\u00e9 internationale\"],\"knowsLanguage\":[\"Fran\u00e7ais\",\"Arabe\"],\"jobTitle\":\"Journaliste \u2013 R\u00e9daction Webdo\",\"worksFor\":\"Webdo.tn\",\"url\":\"https:\\\/\\\/www.webdo.tn\\\/fr\\\/actualite\\\/author\\\/mohamed-fethi\\\/\"}]}<\/script>\n<!-- \/ Yoast SEO Premium plugin. -->","yoast_head_json":{"title":"Tunisie : Soir\u00e9e pluvieuse et vents soutenus sur plusieurs r\u00e9gions du pays - webdo","description":"D\u00e9couvrez la Tunisie sous une soir\u00e9e pluvieuse et des vents soutenus, avec des pr\u00e9cipitations \u00e9parses sur plusieurs r\u00e9gions.","canonical":"https:\/\/www.webdo.tn\/fr\/actualite\/national\/tunisie-soiree-pluvieuse-et-vents-soutenus-sur-plusieurs-regions-du-pays\/391796\/","og_locale":"fr_FR","og_type":"article","og_title":"Tunisie : Soir\u00e9e pluvieuse et vents soutenus sur plusieurs r\u00e9gions du pays","og_description":"D\u00e9couvrez la Tunisie sous une soir\u00e9e pluvieuse et des vents soutenus, avec des pr\u00e9cipitations \u00e9parses sur plusieurs r\u00e9gions.","og_url":"https:\/\/www.webdo.tn\/fr\/actualite\/national\/tunisie-soiree-pluvieuse-et-vents-soutenus-sur-plusieurs-regions-du-pays\/391796\/","og_site_name":"webdo","article_publisher":"https:\/\/www.facebook.com\/webdotn","article_published_time":"2026-01-21T18:36:37+00:00","article_modified_time":"2026-01-21T18:36:38+00:00","og_image":[{"width":1200,"height":604,"url":"https:\/\/www.webdo.tn\/fr\/wp-content\/uploads\/2026\/01\/pluie.jpg","type":"image\/jpeg"}],"author":"Mohamed Fethi","twitter_card":"summary_large_image","twitter_creator":"@webdo_tn","twitter_site":"@webdo_tn","twitter_misc":{"\u00c9crit par":"Mohamed Fethi","Dur\u00e9e de lecture estim\u00e9e":"2 minutes"},"schema":{"@context":"https:\/\/schema.org","@graph":[{"@type":"NewsArticle","@id":"https:\/\/www.webdo.tn\/fr\/actualite\/national\/tunisie-soiree-pluvieuse-et-vents-soutenus-sur-plusieurs-regions-du-pays\/391796\/#article","isPartOf":{"@id":"https:\/\/www.webdo.tn\/fr\/actualite\/national\/tunisie-soiree-pluvieuse-et-vents-soutenus-sur-plusieurs-regions-du-pays\/391796\/"},"author":{"name":"Mohamed Fethi","@id":"https:\/\/www.webdo.tn\/fr\/#\/schema\/person\/16a4857e77dfc0b610c4c2cadffc9ac4"},"headline":"Tunisie : Soir\u00e9e pluvieuse et vents soutenus sur plusieurs r\u00e9gions du pays","datePublished":"2026-01-21T18:36:37+00:00","dateModified":"2026-01-21T18:36:38+00:00","mainEntityOfPage":{"@id":"https:\/\/www.webdo.tn\/fr\/actualite\/national\/tunisie-soiree-pluvieuse-et-vents-soutenus-sur-plusieurs-regions-du-pays\/391796\/"},"wordCount":387,"publisher":{"@id":"https:\/\/www.webdo.tn\/fr\/#organization"},"image":{"@id":"https:\/\/www.webdo.tn\/fr\/actualite\/national\/tunisie-soiree-pluvieuse-et-vents-soutenus-sur-plusieurs-regions-du-pays\/391796\/#primaryimage"},"thumbnailUrl":"https:\/\/www.webdo.tn\/fr\/wp-content\/uploads\/2026\/01\/pluie.jpg","keywords":["Intemp\u00e9ries","m\u00e9t\u00e9o","Pluie","Tunisie"],"articleSection":["National"],"inLanguage":"fr-FR"},{"@type":"WebPage","@id":"https:\/\/www.webdo.tn\/fr\/actualite\/national\/tunisie-soiree-pluvieuse-et-vents-soutenus-sur-plusieurs-regions-du-pays\/391796\/","url":"https:\/\/www.webdo.tn\/fr\/actualite\/national\/tunisie-soiree-pluvieuse-et-vents-soutenus-sur-plusieurs-regions-du-pays\/391796\/","name":"Tunisie : Soir\u00e9e pluvieuse et vents soutenus sur plusieurs r\u00e9gions du pays - webdo","isPartOf":{"@id":"https:\/\/www.webdo.tn\/fr\/#website"},"primaryImageOfPage":{"@id":"https:\/\/www.webdo.tn\/fr\/actualite\/national\/tunisie-soiree-pluvieuse-et-vents-soutenus-sur-plusieurs-regions-du-pays\/391796\/#primaryimage"},"image":{"@id":"https:\/\/www.webdo.tn\/fr\/actualite\/national\/tunisie-soiree-pluvieuse-et-vents-soutenus-sur-plusieurs-regions-du-pays\/391796\/#primaryimage"},"thumbnailUrl":"https:\/\/www.webdo.tn\/fr\/wp-content\/uploads\/2026\/01\/pluie.jpg","datePublished":"2026-01-21T18:36:37+00:00","dateModified":"2026-01-21T18:36:38+00:00","description":"D\u00e9couvrez la Tunisie sous une soir\u00e9e pluvieuse et des vents soutenus, avec des pr\u00e9cipitations \u00e9parses sur plusieurs r\u00e9gions.","breadcrumb":{"@id":"https:\/\/www.webdo.tn\/fr\/actualite\/national\/tunisie-soiree-pluvieuse-et-vents-soutenus-sur-plusieurs-regions-du-pays\/391796\/#breadcrumb"},"inLanguage":"fr-FR","potentialAction":[{"@type":"ReadAction","target":["https:\/\/www.webdo.tn\/fr\/actualite\/national\/tunisie-soiree-pluvieuse-et-vents-soutenus-sur-plusieurs-regions-du-pays\/391796\/"]}]},{"@type":"ImageObject","inLanguage":"fr-FR","@id":"https:\/\/www.webdo.tn\/fr\/actualite\/national\/tunisie-soiree-pluvieuse-et-vents-soutenus-sur-plusieurs-regions-du-pays\/391796\/#primaryimage","url":"https:\/\/www.webdo.tn\/fr\/wp-content\/uploads\/2026\/01\/pluie.jpg","contentUrl":"https:\/\/www.webdo.tn\/fr\/wp-content\/uploads\/2026\/01\/pluie.jpg","width":1200,"height":604,"caption":"Tunisie - M\u00e9t\u00e9o : Des pluies orageuses attendues sur le nord et le centre du pays"},{"@type":"BreadcrumbList","@id":"https:\/\/www.webdo.tn\/fr\/actualite\/national\/tunisie-soiree-pluvieuse-et-vents-soutenus-sur-plusieurs-regions-du-pays\/391796\/#breadcrumb","itemListElement":[{"@type":"ListItem","position":1,"name":"Accueil","item":"https:\/\/www.webdo.tn\/fr\/"},{"@type":"ListItem","position":2,"name":"Tunisie : Soir\u00e9e pluvieuse et vents soutenus sur plusieurs r\u00e9gions du pays"}]},{"@type":"WebSite","@id":"https:\/\/www.webdo.tn\/fr\/#website","url":"https:\/\/www.webdo.tn\/fr\/","name":"webdo","description":"Tunisie - News en Tunisie et \u00e0 l&#039;international sur Webdo.tn","publisher":{"@id":"https:\/\/www.webdo.tn\/fr\/#organization"},"potentialAction":[{"@type":"SearchAction","target":{"@type":"EntryPoint","urlTemplate":"https:\/\/www.webdo.tn\/fr\/?s={search_term_string}"},"query-input":{"@type":"PropertyValueSpecification","valueRequired":true,"valueName":"search_term_string"}}],"inLanguage":"fr-FR"},{"@type":"Organization","@id":"https:\/\/www.webdo.tn\/fr\/#organization","name":"Webdo","alternateName":"Webdo.tn","url":"https:\/\/www.webdo.tn\/fr\/","logo":{"@type":"ImageObject","inLanguage":"fr-FR","@id":"https:\/\/www.webdo.tn\/fr\/#\/schema\/logo\/image\/","url":"https:\/\/www.webdo.tn\/fr\/wp-content\/uploads\/2025\/06\/Webdo-Tunisie_168377.jpg","contentUrl":"https:\/\/www.webdo.tn\/fr\/wp-content\/uploads\/2025\/06\/Webdo-Tunisie_168377.jpg","width":301,"height":301,"caption":"Webdo"},"image":{"@id":"https:\/\/www.webdo.tn\/fr\/#\/schema\/logo\/image\/"},"sameAs":["https:\/\/www.facebook.com\/webdotn","https:\/\/x.com\/webdo_tn"],"description":"Webdo est un m\u00e9dia num\u00e9rique tunisien fond\u00e9 en 2010, sp\u00e9cialis\u00e9 dans l\u2019actualit\u00e9 nationale et internationale, l\u2019\u00e9conomie, la soci\u00e9t\u00e9 et les analyses politiques. Le site s\u2019adresse \u00e0 un large public francophone et couvre l\u2019information tunisienne en temps r\u00e9el.","email":"redac@webdo.tn","legalName":"YNJ SARL","foundingDate":"2010-09-06","numberOfEmployees":{"@type":"QuantitativeValue","minValue":"11","maxValue":"50"}},{"@type":"Person","@id":"https:\/\/www.webdo.tn\/fr\/#\/schema\/person\/16a4857e77dfc0b610c4c2cadffc9ac4","name":"Mohamed Fethi","image":{"@type":"ImageObject","inLanguage":"fr-FR","@id":"https:\/\/www.webdo.tn\/fr\/wp-content\/uploads\/2026\/04\/mohamed-fethi_avatar_1-96x96.jpg","url":"https:\/\/www.webdo.tn\/fr\/wp-content\/uploads\/2026\/04\/mohamed-fethi_avatar_1-96x96.jpg","contentUrl":"https:\/\/www.webdo.tn\/fr\/wp-content\/uploads\/2026\/04\/mohamed-fethi_avatar_1-96x96.jpg","caption":"Mohamed Fethi"},"description":"Signature \u00e9ditoriale de Maher Chaabane Mohamed Fethi est le pseudonyme \u00e9ditorial de Maher Chaabane, r\u00e9dacteur en chef de Webdo.tn depuis 2012. Cette signature est d\u00e9di\u00e9e au traitement intensif de l'actualit\u00e9 nationale et internationale en temps r\u00e9el. S'appuyant sur les deux d\u00e9cennies d'expertise journalistique de Maher Chaabane \u2014 d\u00e9but\u00e9e au sein du groupe Tunis Hebdo en 2000 \u2014 Mohamed Fethi assure une veille rigoureuse sur les enjeux politiques, \u00e9conomiques et sportifs. Sa mission est de garantir une information structur\u00e9e, fluide et fid\u00e8le aux standards de la r\u00e9daction. Pour consulter le parcours complet du r\u00e9dacteur en chef, visitez le profil officiel de Maher Chaabane.","knowsAbout":["actualit\u00e9","journalisme","information","politique","sport","m\u00e9dias","actualit\u00e9 internationale"],"knowsLanguage":["Fran\u00e7ais","Arabe"],"jobTitle":"Journaliste \u2013 R\u00e9daction Webdo","worksFor":"Webdo.tn","url":"https:\/\/www.webdo.tn\/fr\/actualite\/author\/mohamed-fethi\/"}]}},"_links":{"self":[{"href":"https:\/\/www.webdo.tn\/fr\/wp-json\/wp\/v2\/posts\/391796","targetHints":{"allow":["GET"]}}],"collection":[{"href":"https:\/\/www.webdo.tn\/fr\/wp-json\/wp\/v2\/posts"}],"about":[{"href":"https:\/\/www.webdo.tn\/fr\/wp-json\/wp\/v2\/types\/post"}],"author":[{"embeddable":true,"href":"https:\/\/www.webdo.tn\/fr\/wp-json\/wp\/v2\/users\/4782"}],"replies":[{"embeddable":true,"href":"https:\/\/www.webdo.tn\/fr\/wp-json\/wp\/v2\/comments?post=391796"}],"version-history":[{"count":0,"href":"https:\/\/www.webdo.tn\/fr\/wp-json\/wp\/v2\/posts\/391796\/revisions"}],"wp:featuredmedia":[{"embeddable":true,"href":"https:\/\/www.webdo.tn\/fr\/wp-json\/wp\/v2\/media\/391585"}],"wp:attachment":[{"href":"https:\/\/www.webdo.tn\/fr\/wp-json\/wp\/v2\/media?parent=391796"}],"wp:term":[{"taxonomy":"category","embeddable":true,"href":"https:\/\/www.webdo.tn\/fr\/wp-json\/wp\/v2\/categories?post=391796"},{"taxonomy":"post_tag","embeddable":true,"href":"https:\/\/www.webdo.tn\/fr\/wp-json\/wp\/v2\/tags?post=391796"}],"curies":[{"name":"wp","href":"https:\/\/api.w.org\/{rel}","templated":true}]}}