{"id":391764,"date":"2026-01-21T11:05:15","date_gmt":"2026-01-21T10:05:15","guid":{"rendered":"https:\/\/www.webdo.tn\/fr\/?p=391764"},"modified":"2026-01-21T11:23:57","modified_gmt":"2026-01-21T10:23:57","slug":"grand-tunis-la-transtu-bascule-provisoirement-sur-les-bus-en-attendant-la-reprise-du-metro","status":"publish","type":"post","link":"https:\/\/www.webdo.tn\/fr\/actualite\/national\/grand-tunis-la-transtu-bascule-provisoirement-sur-les-bus-en-attendant-la-reprise-du-metro\/391764\/","title":{"rendered":"Grand Tunis : La Transtu bascule provisoirement sur les bus en attendant la reprise du m\u00e9tro"},"content":{"rendered":"\n<p><strong>Face aux perturbations provoqu\u00e9es par les intemp\u00e9ries, la Soci\u00e9t\u00e9 des transports de Tunis a d\u00e9cid\u00e9 de suspendre temporairement une partie du trafic ferroviaire et d\u2019assurer la continuit\u00e9 du service par bus. Plusieurs lignes de m\u00e9tro et le TGM sont concern\u00e9s, le temps d\u2019achever le pompage des eaux sur les voies.<\/strong><\/p>\n\n\n\n<p>La Transtu a annonc\u00e9 la mise en place d\u2019un plan exceptionnel pour garantir la continuit\u00e9 du transport public dans le Grand Tunis. En raison de l\u2019accumulation des eaux pluviales sur plusieurs sections du r\u00e9seau ferroviaire, la circulation des m\u00e9tros et du TGM reste partiellement interrompue, le temps de finaliser les op\u00e9rations de pompage et de s\u00e9curisation des voies.<\/p>\n\n\n\n<h2 class=\"wp-block-heading\" id=\"h-des-lignes-de-metro-remplacees-par-des-bus\">Des lignes de m\u00e9tro remplac\u00e9es par des bus<\/h2>\n\n\n\n<p>Dans l\u2019intervalle, la soci\u00e9t\u00e9 a mobilis\u00e9 une flotte suppl\u00e9mentaire de bus afin d\u2019assurer le d\u00e9placement des usagers sur les principaux axes habituellement desservis par le m\u00e9tro l\u00e9ger et le TGM.<\/p>\n\n\n\n<p>Plusieurs lignes sont directement concern\u00e9es par ce dispositif transitoire. Sur la ligne de m\u00e9tro n\u00b02, les dessertes sont d\u00e9sormais assur\u00e9es par bus entre Jean Jaur\u00e8s et le terminus de la ligne. La ligne n\u00b04 est, elle aussi, relay\u00e9e par des bus entre Bab Saadoun et Slimane Kahia.<\/p>\n\n\n\n<p>Les lignes n\u00b03 et n\u00b05 connaissent une situation similaire, avec des liaisons routi\u00e8res mises en place entre Bab Saadoun et El Intilaka. Quant \u00e0 la ligne n\u00b06, le parcours de la ligne de bus n\u00b024 a \u00e9t\u00e9 prolong\u00e9 jusqu\u2019\u00e0 la station Barcelone, au lieu de s\u2019arr\u00eater \u00e0 El Montazah, afin de compenser l\u2019interruption partielle du service ferroviaire.<\/p>\n\n\n\n<h2 class=\"wp-block-heading\" id=\"h-le-tgm-egalement-concerne\">Le TGM \u00e9galement concern\u00e9<\/h2>\n\n\n\n<p>Le r\u00e9seau du TGM n\u2019est pas \u00e9pargn\u00e9 par ces ajustements. La Transtu a annonc\u00e9 un renforcement de la ligne de bus n\u00b0347 pour absorber une partie du flux habituellement pris en charge par la liaison ferroviaire c\u00f4ti\u00e8re.<\/p>\n\n\n\n<p>La soci\u00e9t\u00e9 pr\u00e9cise que ces mesures resteront en vigueur jusqu\u2019\u00e0 la remise en \u00e9tat compl\u00e8te des infrastructures touch\u00e9es par les intemp\u00e9ries et la reprise normale du trafic ferroviaire. Elle assure \u00e9galement que toute \u00e9volution concernant l\u2019exploitation des deux r\u00e9seaux, routier et ferroviaire, sera communiqu\u00e9e au public en temps utile.<\/p>\n\n\n\n<p>Cette r\u00e9organisation du transport public intervient dans un contexte marqu\u00e9 par de fortes pr\u00e9cipitations ayant provoqu\u00e9 des inondations et de nombreuses perturbations dans plusieurs r\u00e9gions du pays, notamment dans le Grand Tunis, o\u00f9 la saturation des r\u00e9seaux d\u2019\u00e9vacuation des eaux a fortement impact\u00e9 les infrastructures de mobilit\u00e9.<\/p>\n\n\n\n<p><\/p>\n\n\n\n<blockquote class=\"wp-block-quote is-layout-flow wp-block-quote-is-layout-flow\">\n<blockquote class=\"wp-block-quote is-layout-flow wp-block-quote-is-layout-flow\">\n<p>Lire aussi :<\/p>\n\n\n\n<ul class=\"wp-block-list\">\n<li><a href=\"https:\/\/www.webdo.tn\/fr\/actualite\/national\/inondations-meurtrieres-apres-la-tempete-lheure-du-bilan\/391746\/\">Inondations meurtri\u00e8res en Tunisie : Apr\u00e8s la temp\u00eate, l\u2019heure du bilan<\/a><\/li>\n<\/ul>\n<\/blockquote>\n<\/blockquote>\n","protected":false},"excerpt":{"rendered":"<p>Face aux perturbations provoqu\u00e9es par les intemp\u00e9ries, la Soci\u00e9t\u00e9 des transports de Tunis a d\u00e9cid\u00e9 de suspendre temporairement une partie du trafic ferroviaire et d\u2019assurer la continuit\u00e9 du service par bus. Plusieurs lignes de m\u00e9tro et le TGM sont concern\u00e9s, le temps d\u2019achever le pompage des eaux sur les voies. La Transtu a annonc\u00e9 la [&hellip;]<\/p>\n","protected":false},"author":4782,"featured_media":391645,"comment_status":"closed","ping_status":"closed","sticky":false,"template":"","format":"standard","meta":{"footnotes":""},"categories":[44],"tags":[3403,3164,2670,13237,4045,2608],"class_list":["post-391764","post","type-post","status-publish","format-standard","has-post-thumbnail","hentry","category-national","tag-bus","tag-inondations","tag-meteo","tag-metro-leger-de-tunis","tag-transtu","tag-tunisie"],"yoast_head":"<!-- This site is optimized with the Yoast SEO Premium plugin v27.4 (Yoast SEO v27.4) - https:\/\/yoast.com\/product\/yoast-seo-premium-wordpress\/ -->\n<title>Grand Tunis : La Transtu bascule provisoirement sur les bus en attendant la reprise du m\u00e9tro - webdo<\/title>\n<meta name=\"description\" content=\"Grand Tunis : La Transtu met en place un service de bus pour pallier l&#039;arr\u00eat temporaire du m\u00e9tro. Plus d&#039;informations ici.\" \/>\n<link rel=\"canonical\" href=\"https:\/\/www.webdo.tn\/fr\/actualite\/national\/grand-tunis-la-transtu-bascule-provisoirement-sur-les-bus-en-attendant-la-reprise-du-metro\/391764\/\" \/>\n<meta property=\"og:locale\" content=\"fr_FR\" \/>\n<meta property=\"og:type\" content=\"article\" \/>\n<meta property=\"og:title\" content=\"Grand Tunis : La Transtu bascule provisoirement sur les bus en attendant la reprise du m\u00e9tro\" \/>\n<meta property=\"og:description\" content=\"Grand Tunis : La Transtu met en place un service de bus pour pallier l&#039;arr\u00eat temporaire du m\u00e9tro. Plus d&#039;informations ici.\" \/>\n<meta property=\"og:url\" content=\"https:\/\/www.webdo.tn\/fr\/actualite\/national\/grand-tunis-la-transtu-bascule-provisoirement-sur-les-bus-en-attendant-la-reprise-du-metro\/391764\/\" \/>\n<meta property=\"og:site_name\" content=\"webdo\" \/>\n<meta property=\"article:publisher\" content=\"https:\/\/www.facebook.com\/webdotn\" \/>\n<meta property=\"article:published_time\" content=\"2026-01-21T10:05:15+00:00\" \/>\n<meta property=\"article:modified_time\" content=\"2026-01-21T10:23:57+00:00\" \/>\n<meta property=\"og:image\" content=\"https:\/\/www.webdo.tn\/fr\/wp-content\/uploads\/2026\/01\/metro.jpeg\" \/>\n\t<meta property=\"og:image:width\" content=\"1200\" \/>\n\t<meta property=\"og:image:height\" content=\"601\" \/>\n\t<meta property=\"og:image:type\" content=\"image\/jpeg\" \/>\n<meta name=\"author\" content=\"Mohamed Fethi\" \/>\n<meta name=\"twitter:card\" content=\"summary_large_image\" \/>\n<meta name=\"twitter:creator\" content=\"@webdo_tn\" \/>\n<meta name=\"twitter:site\" content=\"@webdo_tn\" \/>\n<meta name=\"twitter:label1\" content=\"\u00c9crit par\" \/>\n\t<meta name=\"twitter:data1\" content=\"Mohamed Fethi\" \/>\n\t<meta name=\"twitter:label2\" content=\"Dur\u00e9e de lecture estim\u00e9e\" \/>\n\t<meta name=\"twitter:data2\" content=\"3 minutes\" \/>\n<script type=\"application\/ld+json\" class=\"yoast-schema-graph\">{\"@context\":\"https:\\\/\\\/schema.org\",\"@graph\":[{\"@type\":\"NewsArticle\",\"@id\":\"https:\\\/\\\/www.webdo.tn\\\/fr\\\/actualite\\\/national\\\/grand-tunis-la-transtu-bascule-provisoirement-sur-les-bus-en-attendant-la-reprise-du-metro\\\/391764\\\/#article\",\"isPartOf\":{\"@id\":\"https:\\\/\\\/www.webdo.tn\\\/fr\\\/actualite\\\/national\\\/grand-tunis-la-transtu-bascule-provisoirement-sur-les-bus-en-attendant-la-reprise-du-metro\\\/391764\\\/\"},\"author\":{\"name\":\"Mohamed Fethi\",\"@id\":\"https:\\\/\\\/www.webdo.tn\\\/fr\\\/#\\\/schema\\\/person\\\/16a4857e77dfc0b610c4c2cadffc9ac4\"},\"headline\":\"Grand Tunis : La Transtu bascule provisoirement sur les bus en attendant la reprise du m\u00e9tro\",\"datePublished\":\"2026-01-21T10:05:15+00:00\",\"dateModified\":\"2026-01-21T10:23:57+00:00\",\"mainEntityOfPage\":{\"@id\":\"https:\\\/\\\/www.webdo.tn\\\/fr\\\/actualite\\\/national\\\/grand-tunis-la-transtu-bascule-provisoirement-sur-les-bus-en-attendant-la-reprise-du-metro\\\/391764\\\/\"},\"wordCount\":467,\"publisher\":{\"@id\":\"https:\\\/\\\/www.webdo.tn\\\/fr\\\/#organization\"},\"image\":{\"@id\":\"https:\\\/\\\/www.webdo.tn\\\/fr\\\/actualite\\\/national\\\/grand-tunis-la-transtu-bascule-provisoirement-sur-les-bus-en-attendant-la-reprise-du-metro\\\/391764\\\/#primaryimage\"},\"thumbnailUrl\":\"https:\\\/\\\/www.webdo.tn\\\/fr\\\/wp-content\\\/uploads\\\/2026\\\/01\\\/metro.jpeg\",\"keywords\":[\"Bus\",\"Inondations\",\"m\u00e9t\u00e9o\",\"m\u00e9tro l\u00e9ger de Tunis\",\"TRANSTU\",\"Tunisie\"],\"articleSection\":[\"National\"],\"inLanguage\":\"fr-FR\"},{\"@type\":\"WebPage\",\"@id\":\"https:\\\/\\\/www.webdo.tn\\\/fr\\\/actualite\\\/national\\\/grand-tunis-la-transtu-bascule-provisoirement-sur-les-bus-en-attendant-la-reprise-du-metro\\\/391764\\\/\",\"url\":\"https:\\\/\\\/www.webdo.tn\\\/fr\\\/actualite\\\/national\\\/grand-tunis-la-transtu-bascule-provisoirement-sur-les-bus-en-attendant-la-reprise-du-metro\\\/391764\\\/\",\"name\":\"Grand Tunis : La Transtu bascule provisoirement sur les bus en attendant la reprise du m\u00e9tro - webdo\",\"isPartOf\":{\"@id\":\"https:\\\/\\\/www.webdo.tn\\\/fr\\\/#website\"},\"primaryImageOfPage\":{\"@id\":\"https:\\\/\\\/www.webdo.tn\\\/fr\\\/actualite\\\/national\\\/grand-tunis-la-transtu-bascule-provisoirement-sur-les-bus-en-attendant-la-reprise-du-metro\\\/391764\\\/#primaryimage\"},\"image\":{\"@id\":\"https:\\\/\\\/www.webdo.tn\\\/fr\\\/actualite\\\/national\\\/grand-tunis-la-transtu-bascule-provisoirement-sur-les-bus-en-attendant-la-reprise-du-metro\\\/391764\\\/#primaryimage\"},\"thumbnailUrl\":\"https:\\\/\\\/www.webdo.tn\\\/fr\\\/wp-content\\\/uploads\\\/2026\\\/01\\\/metro.jpeg\",\"datePublished\":\"2026-01-21T10:05:15+00:00\",\"dateModified\":\"2026-01-21T10:23:57+00:00\",\"description\":\"Grand Tunis : La Transtu met en place un service de bus pour pallier l'arr\u00eat temporaire du m\u00e9tro. Plus d'informations ici.\",\"breadcrumb\":{\"@id\":\"https:\\\/\\\/www.webdo.tn\\\/fr\\\/actualite\\\/national\\\/grand-tunis-la-transtu-bascule-provisoirement-sur-les-bus-en-attendant-la-reprise-du-metro\\\/391764\\\/#breadcrumb\"},\"inLanguage\":\"fr-FR\",\"potentialAction\":[{\"@type\":\"ReadAction\",\"target\":[\"https:\\\/\\\/www.webdo.tn\\\/fr\\\/actualite\\\/national\\\/grand-tunis-la-transtu-bascule-provisoirement-sur-les-bus-en-attendant-la-reprise-du-metro\\\/391764\\\/\"]}]},{\"@type\":\"ImageObject\",\"inLanguage\":\"fr-FR\",\"@id\":\"https:\\\/\\\/www.webdo.tn\\\/fr\\\/actualite\\\/national\\\/grand-tunis-la-transtu-bascule-provisoirement-sur-les-bus-en-attendant-la-reprise-du-metro\\\/391764\\\/#primaryimage\",\"url\":\"https:\\\/\\\/www.webdo.tn\\\/fr\\\/wp-content\\\/uploads\\\/2026\\\/01\\\/metro.jpeg\",\"contentUrl\":\"https:\\\/\\\/www.webdo.tn\\\/fr\\\/wp-content\\\/uploads\\\/2026\\\/01\\\/metro.jpeg\",\"width\":1200,\"height\":601,\"caption\":\"Reprise progressive du m\u00e9tro \u00e0 Tunis apr\u00e8s les intemp\u00e9ries\"},{\"@type\":\"BreadcrumbList\",\"@id\":\"https:\\\/\\\/www.webdo.tn\\\/fr\\\/actualite\\\/national\\\/grand-tunis-la-transtu-bascule-provisoirement-sur-les-bus-en-attendant-la-reprise-du-metro\\\/391764\\\/#breadcrumb\",\"itemListElement\":[{\"@type\":\"ListItem\",\"position\":1,\"name\":\"Accueil\",\"item\":\"https:\\\/\\\/www.webdo.tn\\\/fr\\\/\"},{\"@type\":\"ListItem\",\"position\":2,\"name\":\"Grand Tunis : La Transtu bascule provisoirement sur les bus en attendant la reprise du m\u00e9tro\"}]},{\"@type\":\"WebSite\",\"@id\":\"https:\\\/\\\/www.webdo.tn\\\/fr\\\/#website\",\"url\":\"https:\\\/\\\/www.webdo.tn\\\/fr\\\/\",\"name\":\"webdo\",\"description\":\"Tunisie - News en Tunisie et \u00e0 l&#039;international sur Webdo.tn\",\"publisher\":{\"@id\":\"https:\\\/\\\/www.webdo.tn\\\/fr\\\/#organization\"},\"potentialAction\":[{\"@type\":\"SearchAction\",\"target\":{\"@type\":\"EntryPoint\",\"urlTemplate\":\"https:\\\/\\\/www.webdo.tn\\\/fr\\\/?s={search_term_string}\"},\"query-input\":{\"@type\":\"PropertyValueSpecification\",\"valueRequired\":true,\"valueName\":\"search_term_string\"}}],\"inLanguage\":\"fr-FR\"},{\"@type\":\"Organization\",\"@id\":\"https:\\\/\\\/www.webdo.tn\\\/fr\\\/#organization\",\"name\":\"Webdo\",\"alternateName\":\"Webdo.tn\",\"url\":\"https:\\\/\\\/www.webdo.tn\\\/fr\\\/\",\"logo\":{\"@type\":\"ImageObject\",\"inLanguage\":\"fr-FR\",\"@id\":\"https:\\\/\\\/www.webdo.tn\\\/fr\\\/#\\\/schema\\\/logo\\\/image\\\/\",\"url\":\"https:\\\/\\\/www.webdo.tn\\\/fr\\\/wp-content\\\/uploads\\\/2025\\\/06\\\/Webdo-Tunisie_168377.jpg\",\"contentUrl\":\"https:\\\/\\\/www.webdo.tn\\\/fr\\\/wp-content\\\/uploads\\\/2025\\\/06\\\/Webdo-Tunisie_168377.jpg\",\"width\":301,\"height\":301,\"caption\":\"Webdo\"},\"image\":{\"@id\":\"https:\\\/\\\/www.webdo.tn\\\/fr\\\/#\\\/schema\\\/logo\\\/image\\\/\"},\"sameAs\":[\"https:\\\/\\\/www.facebook.com\\\/webdotn\",\"https:\\\/\\\/x.com\\\/webdo_tn\"],\"description\":\"Webdo est un m\u00e9dia num\u00e9rique tunisien fond\u00e9 en 2010, sp\u00e9cialis\u00e9 dans l\u2019actualit\u00e9 nationale et internationale, l\u2019\u00e9conomie, la soci\u00e9t\u00e9 et les analyses politiques. Le site s\u2019adresse \u00e0 un large public francophone et couvre l\u2019information tunisienne en temps r\u00e9el.\",\"email\":\"redac@webdo.tn\",\"legalName\":\"YNJ SARL\",\"foundingDate\":\"2010-09-06\",\"numberOfEmployees\":{\"@type\":\"QuantitativeValue\",\"minValue\":\"11\",\"maxValue\":\"50\"}},{\"@type\":\"Person\",\"@id\":\"https:\\\/\\\/www.webdo.tn\\\/fr\\\/#\\\/schema\\\/person\\\/16a4857e77dfc0b610c4c2cadffc9ac4\",\"name\":\"Mohamed Fethi\",\"image\":{\"@type\":\"ImageObject\",\"inLanguage\":\"fr-FR\",\"@id\":\"https:\\\/\\\/www.webdo.tn\\\/fr\\\/wp-content\\\/uploads\\\/2026\\\/04\\\/mohamed-fethi_avatar_1-96x96.jpg\",\"url\":\"https:\\\/\\\/www.webdo.tn\\\/fr\\\/wp-content\\\/uploads\\\/2026\\\/04\\\/mohamed-fethi_avatar_1-96x96.jpg\",\"contentUrl\":\"https:\\\/\\\/www.webdo.tn\\\/fr\\\/wp-content\\\/uploads\\\/2026\\\/04\\\/mohamed-fethi_avatar_1-96x96.jpg\",\"caption\":\"Mohamed Fethi\"},\"description\":\"Signature \u00e9ditoriale de Maher Chaabane Mohamed Fethi est le pseudonyme \u00e9ditorial de Maher Chaabane, r\u00e9dacteur en chef de Webdo.tn depuis 2012. Cette signature est d\u00e9di\u00e9e au traitement intensif de l'actualit\u00e9 nationale et internationale en temps r\u00e9el. S'appuyant sur les deux d\u00e9cennies d'expertise journalistique de Maher Chaabane \u2014 d\u00e9but\u00e9e au sein du groupe Tunis Hebdo en 2000 \u2014 Mohamed Fethi assure une veille rigoureuse sur les enjeux politiques, \u00e9conomiques et sportifs. Sa mission est de garantir une information structur\u00e9e, fluide et fid\u00e8le aux standards de la r\u00e9daction. Pour consulter le parcours complet du r\u00e9dacteur en chef, visitez le profil officiel de Maher Chaabane.\",\"knowsAbout\":[\"actualit\u00e9\",\"journalisme\",\"information\",\"politique\",\"sport\",\"m\u00e9dias\",\"actualit\u00e9 internationale\"],\"knowsLanguage\":[\"Fran\u00e7ais\",\"Arabe\"],\"jobTitle\":\"Journaliste \u2013 R\u00e9daction Webdo\",\"worksFor\":\"Webdo.tn\",\"url\":\"https:\\\/\\\/www.webdo.tn\\\/fr\\\/actualite\\\/author\\\/mohamed-fethi\\\/\"}]}<\/script>\n<!-- \/ Yoast SEO Premium plugin. -->","yoast_head_json":{"title":"Grand Tunis : La Transtu bascule provisoirement sur les bus en attendant la reprise du m\u00e9tro - webdo","description":"Grand Tunis : La Transtu met en place un service de bus pour pallier l'arr\u00eat temporaire du m\u00e9tro. Plus d'informations ici.","canonical":"https:\/\/www.webdo.tn\/fr\/actualite\/national\/grand-tunis-la-transtu-bascule-provisoirement-sur-les-bus-en-attendant-la-reprise-du-metro\/391764\/","og_locale":"fr_FR","og_type":"article","og_title":"Grand Tunis : La Transtu bascule provisoirement sur les bus en attendant la reprise du m\u00e9tro","og_description":"Grand Tunis : La Transtu met en place un service de bus pour pallier l'arr\u00eat temporaire du m\u00e9tro. Plus d'informations ici.","og_url":"https:\/\/www.webdo.tn\/fr\/actualite\/national\/grand-tunis-la-transtu-bascule-provisoirement-sur-les-bus-en-attendant-la-reprise-du-metro\/391764\/","og_site_name":"webdo","article_publisher":"https:\/\/www.facebook.com\/webdotn","article_published_time":"2026-01-21T10:05:15+00:00","article_modified_time":"2026-01-21T10:23:57+00:00","og_image":[{"width":1200,"height":601,"url":"https:\/\/www.webdo.tn\/fr\/wp-content\/uploads\/2026\/01\/metro.jpeg","type":"image\/jpeg"}],"author":"Mohamed Fethi","twitter_card":"summary_large_image","twitter_creator":"@webdo_tn","twitter_site":"@webdo_tn","twitter_misc":{"\u00c9crit par":"Mohamed Fethi","Dur\u00e9e de lecture estim\u00e9e":"3 minutes"},"schema":{"@context":"https:\/\/schema.org","@graph":[{"@type":"NewsArticle","@id":"https:\/\/www.webdo.tn\/fr\/actualite\/national\/grand-tunis-la-transtu-bascule-provisoirement-sur-les-bus-en-attendant-la-reprise-du-metro\/391764\/#article","isPartOf":{"@id":"https:\/\/www.webdo.tn\/fr\/actualite\/national\/grand-tunis-la-transtu-bascule-provisoirement-sur-les-bus-en-attendant-la-reprise-du-metro\/391764\/"},"author":{"name":"Mohamed Fethi","@id":"https:\/\/www.webdo.tn\/fr\/#\/schema\/person\/16a4857e77dfc0b610c4c2cadffc9ac4"},"headline":"Grand Tunis : La Transtu bascule provisoirement sur les bus en attendant la reprise du m\u00e9tro","datePublished":"2026-01-21T10:05:15+00:00","dateModified":"2026-01-21T10:23:57+00:00","mainEntityOfPage":{"@id":"https:\/\/www.webdo.tn\/fr\/actualite\/national\/grand-tunis-la-transtu-bascule-provisoirement-sur-les-bus-en-attendant-la-reprise-du-metro\/391764\/"},"wordCount":467,"publisher":{"@id":"https:\/\/www.webdo.tn\/fr\/#organization"},"image":{"@id":"https:\/\/www.webdo.tn\/fr\/actualite\/national\/grand-tunis-la-transtu-bascule-provisoirement-sur-les-bus-en-attendant-la-reprise-du-metro\/391764\/#primaryimage"},"thumbnailUrl":"https:\/\/www.webdo.tn\/fr\/wp-content\/uploads\/2026\/01\/metro.jpeg","keywords":["Bus","Inondations","m\u00e9t\u00e9o","m\u00e9tro l\u00e9ger de Tunis","TRANSTU","Tunisie"],"articleSection":["National"],"inLanguage":"fr-FR"},{"@type":"WebPage","@id":"https:\/\/www.webdo.tn\/fr\/actualite\/national\/grand-tunis-la-transtu-bascule-provisoirement-sur-les-bus-en-attendant-la-reprise-du-metro\/391764\/","url":"https:\/\/www.webdo.tn\/fr\/actualite\/national\/grand-tunis-la-transtu-bascule-provisoirement-sur-les-bus-en-attendant-la-reprise-du-metro\/391764\/","name":"Grand Tunis : La Transtu bascule provisoirement sur les bus en attendant la reprise du m\u00e9tro - webdo","isPartOf":{"@id":"https:\/\/www.webdo.tn\/fr\/#website"},"primaryImageOfPage":{"@id":"https:\/\/www.webdo.tn\/fr\/actualite\/national\/grand-tunis-la-transtu-bascule-provisoirement-sur-les-bus-en-attendant-la-reprise-du-metro\/391764\/#primaryimage"},"image":{"@id":"https:\/\/www.webdo.tn\/fr\/actualite\/national\/grand-tunis-la-transtu-bascule-provisoirement-sur-les-bus-en-attendant-la-reprise-du-metro\/391764\/#primaryimage"},"thumbnailUrl":"https:\/\/www.webdo.tn\/fr\/wp-content\/uploads\/2026\/01\/metro.jpeg","datePublished":"2026-01-21T10:05:15+00:00","dateModified":"2026-01-21T10:23:57+00:00","description":"Grand Tunis : La Transtu met en place un service de bus pour pallier l'arr\u00eat temporaire du m\u00e9tro. Plus d'informations ici.","breadcrumb":{"@id":"https:\/\/www.webdo.tn\/fr\/actualite\/national\/grand-tunis-la-transtu-bascule-provisoirement-sur-les-bus-en-attendant-la-reprise-du-metro\/391764\/#breadcrumb"},"inLanguage":"fr-FR","potentialAction":[{"@type":"ReadAction","target":["https:\/\/www.webdo.tn\/fr\/actualite\/national\/grand-tunis-la-transtu-bascule-provisoirement-sur-les-bus-en-attendant-la-reprise-du-metro\/391764\/"]}]},{"@type":"ImageObject","inLanguage":"fr-FR","@id":"https:\/\/www.webdo.tn\/fr\/actualite\/national\/grand-tunis-la-transtu-bascule-provisoirement-sur-les-bus-en-attendant-la-reprise-du-metro\/391764\/#primaryimage","url":"https:\/\/www.webdo.tn\/fr\/wp-content\/uploads\/2026\/01\/metro.jpeg","contentUrl":"https:\/\/www.webdo.tn\/fr\/wp-content\/uploads\/2026\/01\/metro.jpeg","width":1200,"height":601,"caption":"Reprise progressive du m\u00e9tro \u00e0 Tunis apr\u00e8s les intemp\u00e9ries"},{"@type":"BreadcrumbList","@id":"https:\/\/www.webdo.tn\/fr\/actualite\/national\/grand-tunis-la-transtu-bascule-provisoirement-sur-les-bus-en-attendant-la-reprise-du-metro\/391764\/#breadcrumb","itemListElement":[{"@type":"ListItem","position":1,"name":"Accueil","item":"https:\/\/www.webdo.tn\/fr\/"},{"@type":"ListItem","position":2,"name":"Grand Tunis : La Transtu bascule provisoirement sur les bus en attendant la reprise du m\u00e9tro"}]},{"@type":"WebSite","@id":"https:\/\/www.webdo.tn\/fr\/#website","url":"https:\/\/www.webdo.tn\/fr\/","name":"webdo","description":"Tunisie - News en Tunisie et \u00e0 l&#039;international sur Webdo.tn","publisher":{"@id":"https:\/\/www.webdo.tn\/fr\/#organization"},"potentialAction":[{"@type":"SearchAction","target":{"@type":"EntryPoint","urlTemplate":"https:\/\/www.webdo.tn\/fr\/?s={search_term_string}"},"query-input":{"@type":"PropertyValueSpecification","valueRequired":true,"valueName":"search_term_string"}}],"inLanguage":"fr-FR"},{"@type":"Organization","@id":"https:\/\/www.webdo.tn\/fr\/#organization","name":"Webdo","alternateName":"Webdo.tn","url":"https:\/\/www.webdo.tn\/fr\/","logo":{"@type":"ImageObject","inLanguage":"fr-FR","@id":"https:\/\/www.webdo.tn\/fr\/#\/schema\/logo\/image\/","url":"https:\/\/www.webdo.tn\/fr\/wp-content\/uploads\/2025\/06\/Webdo-Tunisie_168377.jpg","contentUrl":"https:\/\/www.webdo.tn\/fr\/wp-content\/uploads\/2025\/06\/Webdo-Tunisie_168377.jpg","width":301,"height":301,"caption":"Webdo"},"image":{"@id":"https:\/\/www.webdo.tn\/fr\/#\/schema\/logo\/image\/"},"sameAs":["https:\/\/www.facebook.com\/webdotn","https:\/\/x.com\/webdo_tn"],"description":"Webdo est un m\u00e9dia num\u00e9rique tunisien fond\u00e9 en 2010, sp\u00e9cialis\u00e9 dans l\u2019actualit\u00e9 nationale et internationale, l\u2019\u00e9conomie, la soci\u00e9t\u00e9 et les analyses politiques. Le site s\u2019adresse \u00e0 un large public francophone et couvre l\u2019information tunisienne en temps r\u00e9el.","email":"redac@webdo.tn","legalName":"YNJ SARL","foundingDate":"2010-09-06","numberOfEmployees":{"@type":"QuantitativeValue","minValue":"11","maxValue":"50"}},{"@type":"Person","@id":"https:\/\/www.webdo.tn\/fr\/#\/schema\/person\/16a4857e77dfc0b610c4c2cadffc9ac4","name":"Mohamed Fethi","image":{"@type":"ImageObject","inLanguage":"fr-FR","@id":"https:\/\/www.webdo.tn\/fr\/wp-content\/uploads\/2026\/04\/mohamed-fethi_avatar_1-96x96.jpg","url":"https:\/\/www.webdo.tn\/fr\/wp-content\/uploads\/2026\/04\/mohamed-fethi_avatar_1-96x96.jpg","contentUrl":"https:\/\/www.webdo.tn\/fr\/wp-content\/uploads\/2026\/04\/mohamed-fethi_avatar_1-96x96.jpg","caption":"Mohamed Fethi"},"description":"Signature \u00e9ditoriale de Maher Chaabane Mohamed Fethi est le pseudonyme \u00e9ditorial de Maher Chaabane, r\u00e9dacteur en chef de Webdo.tn depuis 2012. Cette signature est d\u00e9di\u00e9e au traitement intensif de l'actualit\u00e9 nationale et internationale en temps r\u00e9el. S'appuyant sur les deux d\u00e9cennies d'expertise journalistique de Maher Chaabane \u2014 d\u00e9but\u00e9e au sein du groupe Tunis Hebdo en 2000 \u2014 Mohamed Fethi assure une veille rigoureuse sur les enjeux politiques, \u00e9conomiques et sportifs. Sa mission est de garantir une information structur\u00e9e, fluide et fid\u00e8le aux standards de la r\u00e9daction. Pour consulter le parcours complet du r\u00e9dacteur en chef, visitez le profil officiel de Maher Chaabane.","knowsAbout":["actualit\u00e9","journalisme","information","politique","sport","m\u00e9dias","actualit\u00e9 internationale"],"knowsLanguage":["Fran\u00e7ais","Arabe"],"jobTitle":"Journaliste \u2013 R\u00e9daction Webdo","worksFor":"Webdo.tn","url":"https:\/\/www.webdo.tn\/fr\/actualite\/author\/mohamed-fethi\/"}]}},"_links":{"self":[{"href":"https:\/\/www.webdo.tn\/fr\/wp-json\/wp\/v2\/posts\/391764","targetHints":{"allow":["GET"]}}],"collection":[{"href":"https:\/\/www.webdo.tn\/fr\/wp-json\/wp\/v2\/posts"}],"about":[{"href":"https:\/\/www.webdo.tn\/fr\/wp-json\/wp\/v2\/types\/post"}],"author":[{"embeddable":true,"href":"https:\/\/www.webdo.tn\/fr\/wp-json\/wp\/v2\/users\/4782"}],"replies":[{"embeddable":true,"href":"https:\/\/www.webdo.tn\/fr\/wp-json\/wp\/v2\/comments?post=391764"}],"version-history":[{"count":0,"href":"https:\/\/www.webdo.tn\/fr\/wp-json\/wp\/v2\/posts\/391764\/revisions"}],"wp:featuredmedia":[{"embeddable":true,"href":"https:\/\/www.webdo.tn\/fr\/wp-json\/wp\/v2\/media\/391645"}],"wp:attachment":[{"href":"https:\/\/www.webdo.tn\/fr\/wp-json\/wp\/v2\/media?parent=391764"}],"wp:term":[{"taxonomy":"category","embeddable":true,"href":"https:\/\/www.webdo.tn\/fr\/wp-json\/wp\/v2\/categories?post=391764"},{"taxonomy":"post_tag","embeddable":true,"href":"https:\/\/www.webdo.tn\/fr\/wp-json\/wp\/v2\/tags?post=391764"}],"curies":[{"name":"wp","href":"https:\/\/api.w.org\/{rel}","templated":true}]}}