{"id":391745,"date":"2026-01-21T09:14:21","date_gmt":"2026-01-21T08:14:21","guid":{"rendered":"https:\/\/www.webdo.tn\/fr\/?p=391745"},"modified":"2026-01-21T09:42:24","modified_gmt":"2026-01-21T08:42:24","slug":"tunisie-jusqua-la-moitie-des-pluies-annuelles-tombee-en-trois-jours","status":"publish","type":"post","link":"https:\/\/www.webdo.tn\/fr\/actualite\/national\/tunisie-jusqua-la-moitie-des-pluies-annuelles-tombee-en-trois-jours\/391745\/","title":{"rendered":"Tunisie : Jusqu\u2019\u00e0 la moiti\u00e9 des pluies annuelles tomb\u00e9e en trois jours"},"content":{"rendered":"\n<p>En l\u2019espace de 72 heures, entre le 17 et le 20 janvier 2026, plusieurs r\u00e9gions tunisiennes ont enregistr\u00e9 des quantit\u00e9s de pluie \u00e9quivalentes \u00e0 pr\u00e8s de la moiti\u00e9, voire plus, de leurs pr\u00e9cipitations annuelles moyennes. C\u2019est ce que r\u00e9v\u00e8le une analyse publi\u00e9e par l\u2019expert en climatologie Hamdi Hached, sur la base des tableaux de suivi de l\u2019Institut national de la m\u00e9t\u00e9orologie.<\/p>\n\n\n\n<p>Selon ces donn\u00e9es, la r\u00e9gion de Tunis figure parmi les plus touch\u00e9es. \u00c0 la station de Sidi Bou Sa\u00efd \u2013 Tunis-Carthage, les cumuls enregistr\u00e9s sur trois jours atteignent environ 200 \u00e0 210 millim\u00e8tres. Un volume qui repr\u00e9sente pr\u00e8s de 45 \u00e0 47 % de la moyenne annuelle, estim\u00e9e \u00e0 un peu plus de 430 millim\u00e8tres. Autrement dit, presque la moiti\u00e9 des pluies d\u2019une ann\u00e9e sont tomb\u00e9es en moins de trois jours.<\/p>\n\n\n\n<p>La situation est encore plus marqu\u00e9e \u00e0 Zaghouan. Dans la ville, les pr\u00e9cipitations cumul\u00e9es ont oscill\u00e9 entre 210 et 215 millim\u00e8tres, alors que la moyenne annuelle se situe entre 380 et 400 millim\u00e8tres. Le ratio d\u00e9passe ainsi les 50 %, un seuil particuli\u00e8rement \u00e9lev\u00e9 sur une p\u00e9riode aussi courte.<\/p>\n\n\n\n<p>Sur le littoral du Sahel, Monastir n\u2019a pas \u00e9t\u00e9 \u00e9pargn\u00e9e. Les relev\u00e9s effectu\u00e9s \u00e0 la ville et \u00e0 l\u2019a\u00e9roport font \u00e9tat de 140 \u00e0 150 millim\u00e8tres de pluie. Rapport\u00e9e \u00e0 un cumul annuel relativement faible, compris entre 300 et 330 millim\u00e8tres, cette quantit\u00e9 repr\u00e9sente entre 45 et 50 % des pr\u00e9cipitations annuelles en seulement trois jours.<\/p>\n\n\n\n<h2 class=\"wp-block-heading\" id=\"h-des-chiffres-significatifs\">Des chiffres significatifs<\/h2>\n\n\n\n<p>Le Cap Bon et le Grand Tunis affichent, eux aussi, des chiffres significatifs. \u00c0 Nabeul, les cumuls ont atteint environ 155 \u00e0 160 millim\u00e8tres \u00e0 Menzel Bouzelfa, soit pr\u00e8s de 40 \u00e0 45 % de la moyenne annuelle, et entre 170 et 180 millim\u00e8tres \u00e0 Grombalia, correspondant \u00e0 45 \u00e0 50 %. Dans le gouvernorat de Ben Arous, Mornag a enregistr\u00e9 pr\u00e8s de 170 millim\u00e8tres, \u00e9quivalant \u00e0 environ 45 % des pr\u00e9cipitations annuelles, tandis que Rad\u00e8s a re\u00e7u entre 160 et 170 millim\u00e8tres, soit 40 \u00e0 45 %.<\/p>\n\n\n\n<p>Plus au nord, \u00e0 Ariana, la station de Sidi Thabet a relev\u00e9 des cumuls plus modestes en valeur absolue, entre 80 et 85 millim\u00e8tres, mais repr\u00e9sentant tout de m\u00eame 35 \u00e0 40 % de la moyenne annuelle locale.<\/p>\n\n\n\n<p>Pour Hamdi Hached, ces chiffres illustrent clairement le caract\u00e8re exceptionnel de l\u2019\u00e9pisode pluvieux, tant par son intensit\u00e9 que par sa concentration dans le temps. Plusieurs autres zones du pays, souligne-t-il, ont approch\u00e9 ou d\u00e9pass\u00e9 le seuil des 50 % du cumul annuel en seulement 72 heures, un ph\u00e9nom\u00e8ne qui explique l\u2019ampleur des inondations et des perturbations enregistr\u00e9es ces derniers jours.<\/p>\n\n\n\n<p><\/p>\n\n\n\n<blockquote class=\"wp-block-quote is-layout-flow wp-block-quote-is-layout-flow\">\n<blockquote class=\"wp-block-quote is-layout-flow wp-block-quote-is-layout-flow\">\n<p><strong>Lire aussi :<\/strong><\/p>\n\n\n\n<ul class=\"wp-block-list\">\n<li><a href=\"https:\/\/www.webdo.tn\/fr\/actualite\/national\/intemperies-meurtrieres-en-tunisie-quatre-morts-a-moknine-le-pays-sous-alerte-maximale\/391685\/\">Intemp\u00e9ries meurtri\u00e8res en Tunisie : Quatre morts \u00e0 Moknine, le pays sous alerte maximale<\/a><\/li>\n\n\n\n<li><a href=\"https:\/\/www.webdo.tn\/fr\/actualite\/national\/inondations-en-tunisie-kais-saied-mobilise-larmee\/391682\/\">Inondations en Tunisie : Kais Saied mobilise l\u2019arm\u00e9e<\/a><\/li>\n\n\n\n<li><a href=\"https:\/\/www.webdo.tn\/fr\/actualite\/national\/intemperies-exceptionnelles-le-grand-tunis-nabeul-et-monastir-basculent-en-vigilance-rouge\/391653\/\">Intemp\u00e9ries exceptionnelles : Le Grand Tunis, Nabeul et Monastir basculent en vigilance rouge<\/a><\/li>\n<\/ul>\n<\/blockquote>\n<\/blockquote>\n","protected":false},"excerpt":{"rendered":"<p>En l\u2019espace de 72 heures, entre le 17 et le 20 janvier 2026, plusieurs r\u00e9gions tunisiennes ont enregistr\u00e9 des quantit\u00e9s de pluie \u00e9quivalentes \u00e0 pr\u00e8s de la moiti\u00e9, voire plus, de leurs pr\u00e9cipitations annuelles moyennes. C\u2019est ce que r\u00e9v\u00e8le une analyse publi\u00e9e par l\u2019expert en climatologie Hamdi Hached, sur la base des tableaux de suivi [&hellip;]<\/p>\n","protected":false},"author":3184,"featured_media":391585,"comment_status":"closed","ping_status":"closed","sticky":false,"template":"","format":"standard","meta":{"footnotes":""},"categories":[44],"tags":[3163,3739,2608],"class_list":["post-391745","post","type-post","status-publish","format-standard","has-post-thumbnail","hentry","category-national","tag-pluies","tag-pluviometrie","tag-tunisie"],"yoast_head":"<!-- This site is optimized with the Yoast SEO Premium plugin v27.5 (Yoast SEO v27.5) - https:\/\/yoast.com\/product\/yoast-seo-premium-wordpress\/ -->\n<title>Tunisie : Jusqu\u2019\u00e0 la moiti\u00e9 des pluies annuelles tomb\u00e9e en trois jours - webdo<\/title>\n<meta name=\"description\" content=\"D\u00e9couvrez l&#039;impact des pluies records sur la Tunisie en janvier 2026, avec des r\u00e9gions recevant jusqu&#039;\u00e0 47 % de leur moyenne annuelle.\" \/>\n<link rel=\"canonical\" href=\"https:\/\/www.webdo.tn\/fr\/actualite\/national\/tunisie-jusqua-la-moitie-des-pluies-annuelles-tombee-en-trois-jours\/391745\/\" \/>\n<meta property=\"og:locale\" content=\"fr_FR\" \/>\n<meta property=\"og:type\" content=\"article\" \/>\n<meta property=\"og:title\" content=\"Tunisie : Jusqu\u2019\u00e0 la moiti\u00e9 des pluies annuelles tomb\u00e9e en trois jours\" \/>\n<meta property=\"og:description\" content=\"D\u00e9couvrez l&#039;impact des pluies records sur la Tunisie en janvier 2026, avec des r\u00e9gions recevant jusqu&#039;\u00e0 47 % de leur moyenne annuelle.\" \/>\n<meta property=\"og:url\" content=\"https:\/\/www.webdo.tn\/fr\/actualite\/national\/tunisie-jusqua-la-moitie-des-pluies-annuelles-tombee-en-trois-jours\/391745\/\" \/>\n<meta property=\"og:site_name\" content=\"webdo\" \/>\n<meta property=\"article:publisher\" content=\"https:\/\/www.facebook.com\/webdotn\" \/>\n<meta property=\"article:published_time\" content=\"2026-01-21T08:14:21+00:00\" \/>\n<meta property=\"article:modified_time\" content=\"2026-01-21T08:42:24+00:00\" \/>\n<meta property=\"og:image\" content=\"https:\/\/www.webdo.tn\/fr\/wp-content\/uploads\/2026\/01\/pluie.jpg\" \/>\n\t<meta property=\"og:image:width\" content=\"1200\" \/>\n\t<meta property=\"og:image:height\" content=\"604\" \/>\n\t<meta property=\"og:image:type\" content=\"image\/jpeg\" \/>\n<meta name=\"author\" content=\"Wided Belhaj\" \/>\n<meta name=\"twitter:card\" content=\"summary_large_image\" \/>\n<meta name=\"twitter:creator\" content=\"@webdo_tn\" \/>\n<meta name=\"twitter:site\" content=\"@webdo_tn\" \/>\n<meta name=\"twitter:label1\" content=\"\u00c9crit par\" \/>\n\t<meta name=\"twitter:data1\" content=\"Wided Belhaj\" \/>\n\t<meta name=\"twitter:label2\" content=\"Dur\u00e9e de lecture estim\u00e9e\" \/>\n\t<meta name=\"twitter:data2\" content=\"3 minutes\" \/>\n<script type=\"application\/ld+json\" class=\"yoast-schema-graph\">{\"@context\":\"https:\\\/\\\/schema.org\",\"@graph\":[{\"@type\":\"NewsArticle\",\"@id\":\"https:\\\/\\\/www.webdo.tn\\\/fr\\\/actualite\\\/national\\\/tunisie-jusqua-la-moitie-des-pluies-annuelles-tombee-en-trois-jours\\\/391745\\\/#article\",\"isPartOf\":{\"@id\":\"https:\\\/\\\/www.webdo.tn\\\/fr\\\/actualite\\\/national\\\/tunisie-jusqua-la-moitie-des-pluies-annuelles-tombee-en-trois-jours\\\/391745\\\/\"},\"author\":{\"name\":\"Wided Belhaj\",\"@id\":\"https:\\\/\\\/www.webdo.tn\\\/fr\\\/#\\\/schema\\\/person\\\/b9ecde7a5574cb4fcf4b496ea5fadb15\"},\"headline\":\"Tunisie : Jusqu\u2019\u00e0 la moiti\u00e9 des pluies annuelles tomb\u00e9e en trois jours\",\"datePublished\":\"2026-01-21T08:14:21+00:00\",\"dateModified\":\"2026-01-21T08:42:24+00:00\",\"mainEntityOfPage\":{\"@id\":\"https:\\\/\\\/www.webdo.tn\\\/fr\\\/actualite\\\/national\\\/tunisie-jusqua-la-moitie-des-pluies-annuelles-tombee-en-trois-jours\\\/391745\\\/\"},\"wordCount\":469,\"publisher\":{\"@id\":\"https:\\\/\\\/www.webdo.tn\\\/fr\\\/#organization\"},\"image\":{\"@id\":\"https:\\\/\\\/www.webdo.tn\\\/fr\\\/actualite\\\/national\\\/tunisie-jusqua-la-moitie-des-pluies-annuelles-tombee-en-trois-jours\\\/391745\\\/#primaryimage\"},\"thumbnailUrl\":\"https:\\\/\\\/www.webdo.tn\\\/fr\\\/wp-content\\\/uploads\\\/2026\\\/01\\\/pluie.jpg\",\"keywords\":[\"pluies\",\"Pluviom\u00e9trie\",\"Tunisie\"],\"articleSection\":[\"National\"],\"inLanguage\":\"fr-FR\"},{\"@type\":\"WebPage\",\"@id\":\"https:\\\/\\\/www.webdo.tn\\\/fr\\\/actualite\\\/national\\\/tunisie-jusqua-la-moitie-des-pluies-annuelles-tombee-en-trois-jours\\\/391745\\\/\",\"url\":\"https:\\\/\\\/www.webdo.tn\\\/fr\\\/actualite\\\/national\\\/tunisie-jusqua-la-moitie-des-pluies-annuelles-tombee-en-trois-jours\\\/391745\\\/\",\"name\":\"Tunisie : Jusqu\u2019\u00e0 la moiti\u00e9 des pluies annuelles tomb\u00e9e en trois jours - webdo\",\"isPartOf\":{\"@id\":\"https:\\\/\\\/www.webdo.tn\\\/fr\\\/#website\"},\"primaryImageOfPage\":{\"@id\":\"https:\\\/\\\/www.webdo.tn\\\/fr\\\/actualite\\\/national\\\/tunisie-jusqua-la-moitie-des-pluies-annuelles-tombee-en-trois-jours\\\/391745\\\/#primaryimage\"},\"image\":{\"@id\":\"https:\\\/\\\/www.webdo.tn\\\/fr\\\/actualite\\\/national\\\/tunisie-jusqua-la-moitie-des-pluies-annuelles-tombee-en-trois-jours\\\/391745\\\/#primaryimage\"},\"thumbnailUrl\":\"https:\\\/\\\/www.webdo.tn\\\/fr\\\/wp-content\\\/uploads\\\/2026\\\/01\\\/pluie.jpg\",\"datePublished\":\"2026-01-21T08:14:21+00:00\",\"dateModified\":\"2026-01-21T08:42:24+00:00\",\"description\":\"D\u00e9couvrez l'impact des pluies records sur la Tunisie en janvier 2026, avec des r\u00e9gions recevant jusqu'\u00e0 47 % de leur moyenne annuelle.\",\"breadcrumb\":{\"@id\":\"https:\\\/\\\/www.webdo.tn\\\/fr\\\/actualite\\\/national\\\/tunisie-jusqua-la-moitie-des-pluies-annuelles-tombee-en-trois-jours\\\/391745\\\/#breadcrumb\"},\"inLanguage\":\"fr-FR\",\"potentialAction\":[{\"@type\":\"ReadAction\",\"target\":[\"https:\\\/\\\/www.webdo.tn\\\/fr\\\/actualite\\\/national\\\/tunisie-jusqua-la-moitie-des-pluies-annuelles-tombee-en-trois-jours\\\/391745\\\/\"]}]},{\"@type\":\"ImageObject\",\"inLanguage\":\"fr-FR\",\"@id\":\"https:\\\/\\\/www.webdo.tn\\\/fr\\\/actualite\\\/national\\\/tunisie-jusqua-la-moitie-des-pluies-annuelles-tombee-en-trois-jours\\\/391745\\\/#primaryimage\",\"url\":\"https:\\\/\\\/www.webdo.tn\\\/fr\\\/wp-content\\\/uploads\\\/2026\\\/01\\\/pluie.jpg\",\"contentUrl\":\"https:\\\/\\\/www.webdo.tn\\\/fr\\\/wp-content\\\/uploads\\\/2026\\\/01\\\/pluie.jpg\",\"width\":1200,\"height\":604,\"caption\":\"Tunisie - M\u00e9t\u00e9o : Des pluies orageuses attendues sur le nord et le centre du pays\"},{\"@type\":\"BreadcrumbList\",\"@id\":\"https:\\\/\\\/www.webdo.tn\\\/fr\\\/actualite\\\/national\\\/tunisie-jusqua-la-moitie-des-pluies-annuelles-tombee-en-trois-jours\\\/391745\\\/#breadcrumb\",\"itemListElement\":[{\"@type\":\"ListItem\",\"position\":1,\"name\":\"Accueil\",\"item\":\"https:\\\/\\\/www.webdo.tn\\\/fr\\\/\"},{\"@type\":\"ListItem\",\"position\":2,\"name\":\"Tunisie : Jusqu\u2019\u00e0 la moiti\u00e9 des pluies annuelles tomb\u00e9e en trois jours\"}]},{\"@type\":\"WebSite\",\"@id\":\"https:\\\/\\\/www.webdo.tn\\\/fr\\\/#website\",\"url\":\"https:\\\/\\\/www.webdo.tn\\\/fr\\\/\",\"name\":\"webdo\",\"description\":\"Tunisie - News en Tunisie et \u00e0 l&#039;international sur Webdo.tn\",\"publisher\":{\"@id\":\"https:\\\/\\\/www.webdo.tn\\\/fr\\\/#organization\"},\"potentialAction\":[{\"@type\":\"SearchAction\",\"target\":{\"@type\":\"EntryPoint\",\"urlTemplate\":\"https:\\\/\\\/www.webdo.tn\\\/fr\\\/?s={search_term_string}\"},\"query-input\":{\"@type\":\"PropertyValueSpecification\",\"valueRequired\":true,\"valueName\":\"search_term_string\"}}],\"inLanguage\":\"fr-FR\"},{\"@type\":\"Organization\",\"@id\":\"https:\\\/\\\/www.webdo.tn\\\/fr\\\/#organization\",\"name\":\"Webdo\",\"alternateName\":\"Webdo.tn\",\"url\":\"https:\\\/\\\/www.webdo.tn\\\/fr\\\/\",\"logo\":{\"@type\":\"ImageObject\",\"inLanguage\":\"fr-FR\",\"@id\":\"https:\\\/\\\/www.webdo.tn\\\/fr\\\/#\\\/schema\\\/logo\\\/image\\\/\",\"url\":\"https:\\\/\\\/www.webdo.tn\\\/fr\\\/wp-content\\\/uploads\\\/2025\\\/06\\\/Webdo-Tunisie_168377.jpg\",\"contentUrl\":\"https:\\\/\\\/www.webdo.tn\\\/fr\\\/wp-content\\\/uploads\\\/2025\\\/06\\\/Webdo-Tunisie_168377.jpg\",\"width\":301,\"height\":301,\"caption\":\"Webdo\"},\"image\":{\"@id\":\"https:\\\/\\\/www.webdo.tn\\\/fr\\\/#\\\/schema\\\/logo\\\/image\\\/\"},\"sameAs\":[\"https:\\\/\\\/www.facebook.com\\\/webdotn\",\"https:\\\/\\\/x.com\\\/webdo_tn\"],\"description\":\"Webdo est un m\u00e9dia num\u00e9rique tunisien fond\u00e9 en 2010, sp\u00e9cialis\u00e9 dans l\u2019actualit\u00e9 nationale et internationale, l\u2019\u00e9conomie, la soci\u00e9t\u00e9 et les analyses politiques. Le site s\u2019adresse \u00e0 un large public francophone et couvre l\u2019information tunisienne en temps r\u00e9el.\",\"email\":\"redac@webdo.tn\",\"legalName\":\"YNJ SARL\",\"foundingDate\":\"2010-09-06\",\"numberOfEmployees\":{\"@type\":\"QuantitativeValue\",\"minValue\":\"11\",\"maxValue\":\"50\"}},{\"@type\":\"Person\",\"@id\":\"https:\\\/\\\/www.webdo.tn\\\/fr\\\/#\\\/schema\\\/person\\\/b9ecde7a5574cb4fcf4b496ea5fadb15\",\"name\":\"Wided Belhaj\",\"image\":{\"@type\":\"ImageObject\",\"inLanguage\":\"fr-FR\",\"@id\":\"https:\\\/\\\/www.webdo.tn\\\/fr\\\/wp-content\\\/uploads\\\/2026\\\/04\\\/wided-belhaj_avatar-96x96.jpg\",\"url\":\"https:\\\/\\\/www.webdo.tn\\\/fr\\\/wp-content\\\/uploads\\\/2026\\\/04\\\/wided-belhaj_avatar-96x96.jpg\",\"contentUrl\":\"https:\\\/\\\/www.webdo.tn\\\/fr\\\/wp-content\\\/uploads\\\/2026\\\/04\\\/wided-belhaj_avatar-96x96.jpg\",\"caption\":\"Wided Belhaj\"},\"description\":\"Wided Belhaj est le pseudonyme \u00e9ditorial utilis\u00e9 par Khalil Jelassi, journaliste, ma\u00eetre-assistant \u00e0 l\u2019Institut de presse et des sciences de l\u2019information (IPSI) et chercheur en sciences de l\u2019information et de la communication. Cette signature est d\u00e9di\u00e9e \u00e0 l\u2019analyse des m\u00e9dias, des pratiques journalistiques et des mutations de l\u2019information \u00e0 l\u2019\u00e8re digitale. \u00c0 travers ses contributions, Wided Belhaj propose une lecture analytique de l\u2019actualit\u00e9, en croisant regard critique et expertise acad\u00e9mique.\",\"knowsAbout\":[\"m\u00e9dias\",\"journalisme\",\"communication\",\"information\",\"transformation num\u00e9rique\",\"analyse des m\u00e9dias\"],\"knowsLanguage\":[\"Fran\u00e7ais\",\"Arabe\"],\"jobTitle\":\"Webdo.tn\",\"worksFor\":\"Journaliste \u2013 Analyse des m\u00e9dias\",\"url\":\"https:\\\/\\\/www.webdo.tn\\\/fr\\\/actualite\\\/author\\\/wided-belhaj\\\/\"}]}<\/script>\n<!-- \/ Yoast SEO Premium plugin. -->","yoast_head_json":{"title":"Tunisie : Jusqu\u2019\u00e0 la moiti\u00e9 des pluies annuelles tomb\u00e9e en trois jours - webdo","description":"D\u00e9couvrez l'impact des pluies records sur la Tunisie en janvier 2026, avec des r\u00e9gions recevant jusqu'\u00e0 47 % de leur moyenne annuelle.","canonical":"https:\/\/www.webdo.tn\/fr\/actualite\/national\/tunisie-jusqua-la-moitie-des-pluies-annuelles-tombee-en-trois-jours\/391745\/","og_locale":"fr_FR","og_type":"article","og_title":"Tunisie : Jusqu\u2019\u00e0 la moiti\u00e9 des pluies annuelles tomb\u00e9e en trois jours","og_description":"D\u00e9couvrez l'impact des pluies records sur la Tunisie en janvier 2026, avec des r\u00e9gions recevant jusqu'\u00e0 47 % de leur moyenne annuelle.","og_url":"https:\/\/www.webdo.tn\/fr\/actualite\/national\/tunisie-jusqua-la-moitie-des-pluies-annuelles-tombee-en-trois-jours\/391745\/","og_site_name":"webdo","article_publisher":"https:\/\/www.facebook.com\/webdotn","article_published_time":"2026-01-21T08:14:21+00:00","article_modified_time":"2026-01-21T08:42:24+00:00","og_image":[{"width":1200,"height":604,"url":"https:\/\/www.webdo.tn\/fr\/wp-content\/uploads\/2026\/01\/pluie.jpg","type":"image\/jpeg"}],"author":"Wided Belhaj","twitter_card":"summary_large_image","twitter_creator":"@webdo_tn","twitter_site":"@webdo_tn","twitter_misc":{"\u00c9crit par":"Wided Belhaj","Dur\u00e9e de lecture estim\u00e9e":"3 minutes"},"schema":{"@context":"https:\/\/schema.org","@graph":[{"@type":"NewsArticle","@id":"https:\/\/www.webdo.tn\/fr\/actualite\/national\/tunisie-jusqua-la-moitie-des-pluies-annuelles-tombee-en-trois-jours\/391745\/#article","isPartOf":{"@id":"https:\/\/www.webdo.tn\/fr\/actualite\/national\/tunisie-jusqua-la-moitie-des-pluies-annuelles-tombee-en-trois-jours\/391745\/"},"author":{"name":"Wided Belhaj","@id":"https:\/\/www.webdo.tn\/fr\/#\/schema\/person\/b9ecde7a5574cb4fcf4b496ea5fadb15"},"headline":"Tunisie : Jusqu\u2019\u00e0 la moiti\u00e9 des pluies annuelles tomb\u00e9e en trois jours","datePublished":"2026-01-21T08:14:21+00:00","dateModified":"2026-01-21T08:42:24+00:00","mainEntityOfPage":{"@id":"https:\/\/www.webdo.tn\/fr\/actualite\/national\/tunisie-jusqua-la-moitie-des-pluies-annuelles-tombee-en-trois-jours\/391745\/"},"wordCount":469,"publisher":{"@id":"https:\/\/www.webdo.tn\/fr\/#organization"},"image":{"@id":"https:\/\/www.webdo.tn\/fr\/actualite\/national\/tunisie-jusqua-la-moitie-des-pluies-annuelles-tombee-en-trois-jours\/391745\/#primaryimage"},"thumbnailUrl":"https:\/\/www.webdo.tn\/fr\/wp-content\/uploads\/2026\/01\/pluie.jpg","keywords":["pluies","Pluviom\u00e9trie","Tunisie"],"articleSection":["National"],"inLanguage":"fr-FR"},{"@type":"WebPage","@id":"https:\/\/www.webdo.tn\/fr\/actualite\/national\/tunisie-jusqua-la-moitie-des-pluies-annuelles-tombee-en-trois-jours\/391745\/","url":"https:\/\/www.webdo.tn\/fr\/actualite\/national\/tunisie-jusqua-la-moitie-des-pluies-annuelles-tombee-en-trois-jours\/391745\/","name":"Tunisie : Jusqu\u2019\u00e0 la moiti\u00e9 des pluies annuelles tomb\u00e9e en trois jours - webdo","isPartOf":{"@id":"https:\/\/www.webdo.tn\/fr\/#website"},"primaryImageOfPage":{"@id":"https:\/\/www.webdo.tn\/fr\/actualite\/national\/tunisie-jusqua-la-moitie-des-pluies-annuelles-tombee-en-trois-jours\/391745\/#primaryimage"},"image":{"@id":"https:\/\/www.webdo.tn\/fr\/actualite\/national\/tunisie-jusqua-la-moitie-des-pluies-annuelles-tombee-en-trois-jours\/391745\/#primaryimage"},"thumbnailUrl":"https:\/\/www.webdo.tn\/fr\/wp-content\/uploads\/2026\/01\/pluie.jpg","datePublished":"2026-01-21T08:14:21+00:00","dateModified":"2026-01-21T08:42:24+00:00","description":"D\u00e9couvrez l'impact des pluies records sur la Tunisie en janvier 2026, avec des r\u00e9gions recevant jusqu'\u00e0 47 % de leur moyenne annuelle.","breadcrumb":{"@id":"https:\/\/www.webdo.tn\/fr\/actualite\/national\/tunisie-jusqua-la-moitie-des-pluies-annuelles-tombee-en-trois-jours\/391745\/#breadcrumb"},"inLanguage":"fr-FR","potentialAction":[{"@type":"ReadAction","target":["https:\/\/www.webdo.tn\/fr\/actualite\/national\/tunisie-jusqua-la-moitie-des-pluies-annuelles-tombee-en-trois-jours\/391745\/"]}]},{"@type":"ImageObject","inLanguage":"fr-FR","@id":"https:\/\/www.webdo.tn\/fr\/actualite\/national\/tunisie-jusqua-la-moitie-des-pluies-annuelles-tombee-en-trois-jours\/391745\/#primaryimage","url":"https:\/\/www.webdo.tn\/fr\/wp-content\/uploads\/2026\/01\/pluie.jpg","contentUrl":"https:\/\/www.webdo.tn\/fr\/wp-content\/uploads\/2026\/01\/pluie.jpg","width":1200,"height":604,"caption":"Tunisie - M\u00e9t\u00e9o : Des pluies orageuses attendues sur le nord et le centre du pays"},{"@type":"BreadcrumbList","@id":"https:\/\/www.webdo.tn\/fr\/actualite\/national\/tunisie-jusqua-la-moitie-des-pluies-annuelles-tombee-en-trois-jours\/391745\/#breadcrumb","itemListElement":[{"@type":"ListItem","position":1,"name":"Accueil","item":"https:\/\/www.webdo.tn\/fr\/"},{"@type":"ListItem","position":2,"name":"Tunisie : Jusqu\u2019\u00e0 la moiti\u00e9 des pluies annuelles tomb\u00e9e en trois jours"}]},{"@type":"WebSite","@id":"https:\/\/www.webdo.tn\/fr\/#website","url":"https:\/\/www.webdo.tn\/fr\/","name":"webdo","description":"Tunisie - News en Tunisie et \u00e0 l&#039;international sur Webdo.tn","publisher":{"@id":"https:\/\/www.webdo.tn\/fr\/#organization"},"potentialAction":[{"@type":"SearchAction","target":{"@type":"EntryPoint","urlTemplate":"https:\/\/www.webdo.tn\/fr\/?s={search_term_string}"},"query-input":{"@type":"PropertyValueSpecification","valueRequired":true,"valueName":"search_term_string"}}],"inLanguage":"fr-FR"},{"@type":"Organization","@id":"https:\/\/www.webdo.tn\/fr\/#organization","name":"Webdo","alternateName":"Webdo.tn","url":"https:\/\/www.webdo.tn\/fr\/","logo":{"@type":"ImageObject","inLanguage":"fr-FR","@id":"https:\/\/www.webdo.tn\/fr\/#\/schema\/logo\/image\/","url":"https:\/\/www.webdo.tn\/fr\/wp-content\/uploads\/2025\/06\/Webdo-Tunisie_168377.jpg","contentUrl":"https:\/\/www.webdo.tn\/fr\/wp-content\/uploads\/2025\/06\/Webdo-Tunisie_168377.jpg","width":301,"height":301,"caption":"Webdo"},"image":{"@id":"https:\/\/www.webdo.tn\/fr\/#\/schema\/logo\/image\/"},"sameAs":["https:\/\/www.facebook.com\/webdotn","https:\/\/x.com\/webdo_tn"],"description":"Webdo est un m\u00e9dia num\u00e9rique tunisien fond\u00e9 en 2010, sp\u00e9cialis\u00e9 dans l\u2019actualit\u00e9 nationale et internationale, l\u2019\u00e9conomie, la soci\u00e9t\u00e9 et les analyses politiques. Le site s\u2019adresse \u00e0 un large public francophone et couvre l\u2019information tunisienne en temps r\u00e9el.","email":"redac@webdo.tn","legalName":"YNJ SARL","foundingDate":"2010-09-06","numberOfEmployees":{"@type":"QuantitativeValue","minValue":"11","maxValue":"50"}},{"@type":"Person","@id":"https:\/\/www.webdo.tn\/fr\/#\/schema\/person\/b9ecde7a5574cb4fcf4b496ea5fadb15","name":"Wided Belhaj","image":{"@type":"ImageObject","inLanguage":"fr-FR","@id":"https:\/\/www.webdo.tn\/fr\/wp-content\/uploads\/2026\/04\/wided-belhaj_avatar-96x96.jpg","url":"https:\/\/www.webdo.tn\/fr\/wp-content\/uploads\/2026\/04\/wided-belhaj_avatar-96x96.jpg","contentUrl":"https:\/\/www.webdo.tn\/fr\/wp-content\/uploads\/2026\/04\/wided-belhaj_avatar-96x96.jpg","caption":"Wided Belhaj"},"description":"Wided Belhaj est le pseudonyme \u00e9ditorial utilis\u00e9 par Khalil Jelassi, journaliste, ma\u00eetre-assistant \u00e0 l\u2019Institut de presse et des sciences de l\u2019information (IPSI) et chercheur en sciences de l\u2019information et de la communication. Cette signature est d\u00e9di\u00e9e \u00e0 l\u2019analyse des m\u00e9dias, des pratiques journalistiques et des mutations de l\u2019information \u00e0 l\u2019\u00e8re digitale. \u00c0 travers ses contributions, Wided Belhaj propose une lecture analytique de l\u2019actualit\u00e9, en croisant regard critique et expertise acad\u00e9mique.","knowsAbout":["m\u00e9dias","journalisme","communication","information","transformation num\u00e9rique","analyse des m\u00e9dias"],"knowsLanguage":["Fran\u00e7ais","Arabe"],"jobTitle":"Webdo.tn","worksFor":"Journaliste \u2013 Analyse des m\u00e9dias","url":"https:\/\/www.webdo.tn\/fr\/actualite\/author\/wided-belhaj\/"}]}},"_links":{"self":[{"href":"https:\/\/www.webdo.tn\/fr\/wp-json\/wp\/v2\/posts\/391745","targetHints":{"allow":["GET"]}}],"collection":[{"href":"https:\/\/www.webdo.tn\/fr\/wp-json\/wp\/v2\/posts"}],"about":[{"href":"https:\/\/www.webdo.tn\/fr\/wp-json\/wp\/v2\/types\/post"}],"author":[{"embeddable":true,"href":"https:\/\/www.webdo.tn\/fr\/wp-json\/wp\/v2\/users\/3184"}],"replies":[{"embeddable":true,"href":"https:\/\/www.webdo.tn\/fr\/wp-json\/wp\/v2\/comments?post=391745"}],"version-history":[{"count":0,"href":"https:\/\/www.webdo.tn\/fr\/wp-json\/wp\/v2\/posts\/391745\/revisions"}],"wp:featuredmedia":[{"embeddable":true,"href":"https:\/\/www.webdo.tn\/fr\/wp-json\/wp\/v2\/media\/391585"}],"wp:attachment":[{"href":"https:\/\/www.webdo.tn\/fr\/wp-json\/wp\/v2\/media?parent=391745"}],"wp:term":[{"taxonomy":"category","embeddable":true,"href":"https:\/\/www.webdo.tn\/fr\/wp-json\/wp\/v2\/categories?post=391745"},{"taxonomy":"post_tag","embeddable":true,"href":"https:\/\/www.webdo.tn\/fr\/wp-json\/wp\/v2\/tags?post=391745"}],"curies":[{"name":"wp","href":"https:\/\/api.w.org\/{rel}","templated":true}]}}