{"id":391736,"date":"2026-01-21T08:56:57","date_gmt":"2026-01-21T07:56:57","guid":{"rendered":"https:\/\/www.webdo.tn\/fr\/?p=391736"},"modified":"2026-01-21T08:56:58","modified_gmt":"2026-01-21T07:56:58","slug":"intemperies-persistantes-pluies-orageuses-et-vents-violents-sur-une-grande-partie-du-pays","status":"publish","type":"post","link":"https:\/\/www.webdo.tn\/fr\/actualite\/national\/intemperies-persistantes-pluies-orageuses-et-vents-violents-sur-une-grande-partie-du-pays\/391736\/","title":{"rendered":"Intemp\u00e9ries persistantes : Pluies orageuses et vents violents sur une grande partie du pays"},"content":{"rendered":"\n<p><strong>La Tunisie reste sous l\u2019influence d\u2019une perturbation active marqu\u00e9e par des pluies \u00e9parses, parfois orageuses et localement intenses, notamment \u00e0 l\u2019extr\u00eame nord-ouest. Des vents forts et une mer tr\u00e8s agit\u00e9e compliquent les conditions m\u00e9t\u00e9orologiques, tandis que les temp\u00e9ratures poursuivent leur nette baisse.<\/strong><\/p>\n\n\n\n<h2 class=\"wp-block-heading\" id=\"h-temps-instable-et-pluies-parfois-soutenues\">Temps instable et pluies parfois soutenues<\/h2>\n\n\n\n<p>La situation m\u00e9t\u00e9orologique demeure perturb\u00e9e sur une grande partie du territoire. Le temps s\u2019annonce souvent tr\u00e8s nuageux, accompagn\u00e9 de pluies \u00e9parses et temporairement orageuses dans les r\u00e9gions du nord, avant de s\u2019\u00e9tendre progressivement au centre et, localement, au sud du pays.<\/p>\n\n\n\n<p>Les services m\u00e9t\u00e9orologiques pr\u00e9viennent que ces pr\u00e9cipitations pourraient se montrer particuli\u00e8rement intenses dans les zones de l\u2019extr\u00eame nord-ouest, o\u00f9 les sols restent d\u00e9j\u00e0 fragilis\u00e9s par les intemp\u00e9ries r\u00e9centes.<\/p>\n\n\n\n<p>Cette instabilit\u00e9 persistante maintient un niveau de vigilance \u00e9lev\u00e9 dans plusieurs r\u00e9gions, notamment dans les zones montagneuses et les bassins versants sensibles aux ruissellements rapides.<\/p>\n\n\n\n<h2 class=\"wp-block-heading\" id=\"h-des-vents-forts-et-une-mer-tres-agitee\">Des vents forts et une mer tr\u00e8s agit\u00e9e<\/h2>\n\n\n\n<p>Le vent souffle du secteur nord sur les r\u00e9gions du nord et du centre, tandis qu\u2019il est orient\u00e9 \u00e0 l\u2019ouest dans le sud. Il se montre particuli\u00e8rement fort pr\u00e8s des c\u00f4tes et dans le sud-est, et faible \u00e0 mod\u00e9r\u00e9 dans les autres r\u00e9gions. Lors des passages orageux, des rafales pouvant d\u00e9passer momentan\u00e9ment les 70 km\/h sont attendues, ce qui renforce les risques de perturbations pour la navigation maritime et les activit\u00e9s en plein air.<\/p>\n\n\n\n<p>En mer, les conditions restent difficiles. La houle est annonc\u00e9e tr\u00e8s forte \u00e0 houleuse au nord, et houleuse \u00e0 tr\u00e8s agit\u00e9e sur les autres fa\u00e7ades maritimes, rendant la prudence indispensable pour les p\u00eacheurs et les plaisanciers.<\/p>\n\n\n\n<h2 class=\"wp-block-heading\" id=\"h-une-nette-baisse-des-temperatures\">Une nette baisse des temp\u00e9ratures<\/h2>\n\n\n\n<p>La masse d\u2019air froid continue d\u2019influencer le pays, avec des temp\u00e9ratures maximales particuli\u00e8rement basses pour la saison. Elles oscillent entre 7 et 11 degr\u00e9s dans les r\u00e9gions ouest du nord et du centre, tandis qu\u2019elles se situent entre 12 et 15 degr\u00e9s dans le reste des r\u00e9gions. Cette fra\u00eecheur persistante accentue la sensation de froid, notamment sous les pluies et les vents soutenus.<\/p>\n\n\n\n<p>Cette nouvelle d\u00e9gradation s\u2019inscrit dans une s\u00e9quence d\u2019intemp\u00e9ries qui touche le pays depuis plusieurs jours, marqu\u00e9e par des pr\u00e9cipitations abondantes, des vents violents et des conditions de mer difficiles.<\/p>\n\n\n\n<p><\/p>\n\n\n\n<blockquote class=\"wp-block-quote is-layout-flow wp-block-quote-is-layout-flow\">\n<blockquote class=\"wp-block-quote is-layout-flow wp-block-quote-is-layout-flow\">\n<p>Lire aussi :<\/p>\n\n\n\n<ul class=\"wp-block-list\">\n<li><a href=\"https:\/\/www.webdo.tn\/fr\/actualite\/national\/monastir-trois-pecheurs-toujours-portes-disparus\/391729\/\">Monastir : Trois p\u00eacheurs toujours port\u00e9s disparus<\/a><\/li>\n\n\n\n<li><a href=\"https:\/\/www.webdo.tn\/fr\/actualite\/national\/tunisie-ces-routes-sont-toujours-bloquees\/391732\/\">Tunisie : Ces routes sont toujours bloqu\u00e9es<\/a><\/li>\n\n\n\n<li><a href=\"https:\/\/www.webdo.tn\/fr\/actualite\/national\/intemperies-meurtrieres-en-tunisie-quatre-morts-a-moknine-le-pays-sous-alerte-maximale\/391685\/\">Intemp\u00e9ries meurtri\u00e8res en Tunisie : Quatre morts \u00e0 Moknine, le pays sous alerte maximale<\/a><\/li>\n<\/ul>\n<\/blockquote>\n<\/blockquote>\n","protected":false},"excerpt":{"rendered":"<p>La Tunisie reste sous l\u2019influence d\u2019une perturbation active marqu\u00e9e par des pluies \u00e9parses, parfois orageuses et localement intenses, notamment \u00e0 l\u2019extr\u00eame nord-ouest. Des vents forts et une mer tr\u00e8s agit\u00e9e compliquent les conditions m\u00e9t\u00e9orologiques, tandis que les temp\u00e9ratures poursuivent leur nette baisse. Temps instable et pluies parfois soutenues La situation m\u00e9t\u00e9orologique demeure perturb\u00e9e sur une [&hellip;]<\/p>\n","protected":false},"author":4782,"featured_media":391738,"comment_status":"closed","ping_status":"closed","sticky":false,"template":"","format":"standard","meta":{"footnotes":""},"categories":[44],"tags":[2712,2670,2608],"class_list":["post-391736","post","type-post","status-publish","format-standard","has-post-thumbnail","hentry","category-national","tag-intemperies","tag-meteo","tag-tunisie"],"yoast_head":"<!-- This site is optimized with the Yoast SEO Premium plugin v27.5 (Yoast SEO v27.5) - https:\/\/yoast.com\/product\/yoast-seo-premium-wordpress\/ -->\n<title>Intemp\u00e9ries persistantes : Pluies orageuses et vents violents sur une grande partie du pays - webdo<\/title>\n<meta name=\"description\" content=\"Intemp\u00e9ries persistantes en Tunisie avec pluies orageuses et vents violents. Restez inform\u00e9 des conditions m\u00e9t\u00e9orologiques.\" \/>\n<link rel=\"canonical\" href=\"https:\/\/www.webdo.tn\/fr\/actualite\/national\/intemperies-persistantes-pluies-orageuses-et-vents-violents-sur-une-grande-partie-du-pays\/391736\/\" \/>\n<meta property=\"og:locale\" content=\"fr_FR\" \/>\n<meta property=\"og:type\" content=\"article\" \/>\n<meta property=\"og:title\" content=\"Intemp\u00e9ries persistantes : Pluies orageuses et vents violents sur une grande partie du pays\" \/>\n<meta property=\"og:description\" content=\"Intemp\u00e9ries persistantes en Tunisie avec pluies orageuses et vents violents. Restez inform\u00e9 des conditions m\u00e9t\u00e9orologiques.\" \/>\n<meta property=\"og:url\" content=\"https:\/\/www.webdo.tn\/fr\/actualite\/national\/intemperies-persistantes-pluies-orageuses-et-vents-violents-sur-une-grande-partie-du-pays\/391736\/\" \/>\n<meta property=\"og:site_name\" content=\"webdo\" \/>\n<meta property=\"article:publisher\" content=\"https:\/\/www.facebook.com\/webdotn\" \/>\n<meta property=\"article:published_time\" content=\"2026-01-21T07:56:57+00:00\" \/>\n<meta property=\"article:modified_time\" content=\"2026-01-21T07:56:58+00:00\" \/>\n<meta property=\"og:image\" content=\"https:\/\/www.webdo.tn\/fr\/wp-content\/uploads\/2026\/01\/meteo-2.jpg\" \/>\n\t<meta property=\"og:image:width\" content=\"1200\" \/>\n\t<meta property=\"og:image:height\" content=\"605\" \/>\n\t<meta property=\"og:image:type\" content=\"image\/jpeg\" \/>\n<meta name=\"author\" content=\"Mohamed Fethi\" \/>\n<meta name=\"twitter:card\" content=\"summary_large_image\" \/>\n<meta name=\"twitter:creator\" content=\"@webdo_tn\" \/>\n<meta name=\"twitter:site\" content=\"@webdo_tn\" \/>\n<meta name=\"twitter:label1\" content=\"\u00c9crit par\" \/>\n\t<meta name=\"twitter:data1\" content=\"Mohamed Fethi\" \/>\n\t<meta name=\"twitter:label2\" content=\"Dur\u00e9e de lecture estim\u00e9e\" \/>\n\t<meta name=\"twitter:data2\" content=\"3 minutes\" \/>\n<script type=\"application\/ld+json\" class=\"yoast-schema-graph\">{\"@context\":\"https:\\\/\\\/schema.org\",\"@graph\":[{\"@type\":\"NewsArticle\",\"@id\":\"https:\\\/\\\/www.webdo.tn\\\/fr\\\/actualite\\\/national\\\/intemperies-persistantes-pluies-orageuses-et-vents-violents-sur-une-grande-partie-du-pays\\\/391736\\\/#article\",\"isPartOf\":{\"@id\":\"https:\\\/\\\/www.webdo.tn\\\/fr\\\/actualite\\\/national\\\/intemperies-persistantes-pluies-orageuses-et-vents-violents-sur-une-grande-partie-du-pays\\\/391736\\\/\"},\"author\":{\"name\":\"Mohamed Fethi\",\"@id\":\"https:\\\/\\\/www.webdo.tn\\\/fr\\\/#\\\/schema\\\/person\\\/16a4857e77dfc0b610c4c2cadffc9ac4\"},\"headline\":\"Intemp\u00e9ries persistantes : Pluies orageuses et vents violents sur une grande partie du pays\",\"datePublished\":\"2026-01-21T07:56:57+00:00\",\"dateModified\":\"2026-01-21T07:56:58+00:00\",\"mainEntityOfPage\":{\"@id\":\"https:\\\/\\\/www.webdo.tn\\\/fr\\\/actualite\\\/national\\\/intemperies-persistantes-pluies-orageuses-et-vents-violents-sur-une-grande-partie-du-pays\\\/391736\\\/\"},\"wordCount\":459,\"publisher\":{\"@id\":\"https:\\\/\\\/www.webdo.tn\\\/fr\\\/#organization\"},\"image\":{\"@id\":\"https:\\\/\\\/www.webdo.tn\\\/fr\\\/actualite\\\/national\\\/intemperies-persistantes-pluies-orageuses-et-vents-violents-sur-une-grande-partie-du-pays\\\/391736\\\/#primaryimage\"},\"thumbnailUrl\":\"https:\\\/\\\/www.webdo.tn\\\/fr\\\/wp-content\\\/uploads\\\/2026\\\/01\\\/meteo-2.jpg\",\"keywords\":[\"Intemp\u00e9ries\",\"m\u00e9t\u00e9o\",\"Tunisie\"],\"articleSection\":[\"National\"],\"inLanguage\":\"fr-FR\"},{\"@type\":\"WebPage\",\"@id\":\"https:\\\/\\\/www.webdo.tn\\\/fr\\\/actualite\\\/national\\\/intemperies-persistantes-pluies-orageuses-et-vents-violents-sur-une-grande-partie-du-pays\\\/391736\\\/\",\"url\":\"https:\\\/\\\/www.webdo.tn\\\/fr\\\/actualite\\\/national\\\/intemperies-persistantes-pluies-orageuses-et-vents-violents-sur-une-grande-partie-du-pays\\\/391736\\\/\",\"name\":\"Intemp\u00e9ries persistantes : Pluies orageuses et vents violents sur une grande partie du pays - webdo\",\"isPartOf\":{\"@id\":\"https:\\\/\\\/www.webdo.tn\\\/fr\\\/#website\"},\"primaryImageOfPage\":{\"@id\":\"https:\\\/\\\/www.webdo.tn\\\/fr\\\/actualite\\\/national\\\/intemperies-persistantes-pluies-orageuses-et-vents-violents-sur-une-grande-partie-du-pays\\\/391736\\\/#primaryimage\"},\"image\":{\"@id\":\"https:\\\/\\\/www.webdo.tn\\\/fr\\\/actualite\\\/national\\\/intemperies-persistantes-pluies-orageuses-et-vents-violents-sur-une-grande-partie-du-pays\\\/391736\\\/#primaryimage\"},\"thumbnailUrl\":\"https:\\\/\\\/www.webdo.tn\\\/fr\\\/wp-content\\\/uploads\\\/2026\\\/01\\\/meteo-2.jpg\",\"datePublished\":\"2026-01-21T07:56:57+00:00\",\"dateModified\":\"2026-01-21T07:56:58+00:00\",\"description\":\"Intemp\u00e9ries persistantes en Tunisie avec pluies orageuses et vents violents. Restez inform\u00e9 des conditions m\u00e9t\u00e9orologiques.\",\"breadcrumb\":{\"@id\":\"https:\\\/\\\/www.webdo.tn\\\/fr\\\/actualite\\\/national\\\/intemperies-persistantes-pluies-orageuses-et-vents-violents-sur-une-grande-partie-du-pays\\\/391736\\\/#breadcrumb\"},\"inLanguage\":\"fr-FR\",\"potentialAction\":[{\"@type\":\"ReadAction\",\"target\":[\"https:\\\/\\\/www.webdo.tn\\\/fr\\\/actualite\\\/national\\\/intemperies-persistantes-pluies-orageuses-et-vents-violents-sur-une-grande-partie-du-pays\\\/391736\\\/\"]}]},{\"@type\":\"ImageObject\",\"inLanguage\":\"fr-FR\",\"@id\":\"https:\\\/\\\/www.webdo.tn\\\/fr\\\/actualite\\\/national\\\/intemperies-persistantes-pluies-orageuses-et-vents-violents-sur-une-grande-partie-du-pays\\\/391736\\\/#primaryimage\",\"url\":\"https:\\\/\\\/www.webdo.tn\\\/fr\\\/wp-content\\\/uploads\\\/2026\\\/01\\\/meteo-2.jpg\",\"contentUrl\":\"https:\\\/\\\/www.webdo.tn\\\/fr\\\/wp-content\\\/uploads\\\/2026\\\/01\\\/meteo-2.jpg\",\"width\":1200,\"height\":605,\"caption\":\"Intemp\u00e9ries persistantes : Pluies orageuses et vents violents sur une grande partie du pays\"},{\"@type\":\"BreadcrumbList\",\"@id\":\"https:\\\/\\\/www.webdo.tn\\\/fr\\\/actualite\\\/national\\\/intemperies-persistantes-pluies-orageuses-et-vents-violents-sur-une-grande-partie-du-pays\\\/391736\\\/#breadcrumb\",\"itemListElement\":[{\"@type\":\"ListItem\",\"position\":1,\"name\":\"Accueil\",\"item\":\"https:\\\/\\\/www.webdo.tn\\\/fr\\\/\"},{\"@type\":\"ListItem\",\"position\":2,\"name\":\"Intemp\u00e9ries persistantes : Pluies orageuses et vents violents sur une grande partie du pays\"}]},{\"@type\":\"WebSite\",\"@id\":\"https:\\\/\\\/www.webdo.tn\\\/fr\\\/#website\",\"url\":\"https:\\\/\\\/www.webdo.tn\\\/fr\\\/\",\"name\":\"webdo\",\"description\":\"Tunisie - News en Tunisie et \u00e0 l&#039;international sur Webdo.tn\",\"publisher\":{\"@id\":\"https:\\\/\\\/www.webdo.tn\\\/fr\\\/#organization\"},\"potentialAction\":[{\"@type\":\"SearchAction\",\"target\":{\"@type\":\"EntryPoint\",\"urlTemplate\":\"https:\\\/\\\/www.webdo.tn\\\/fr\\\/?s={search_term_string}\"},\"query-input\":{\"@type\":\"PropertyValueSpecification\",\"valueRequired\":true,\"valueName\":\"search_term_string\"}}],\"inLanguage\":\"fr-FR\"},{\"@type\":\"Organization\",\"@id\":\"https:\\\/\\\/www.webdo.tn\\\/fr\\\/#organization\",\"name\":\"Webdo\",\"alternateName\":\"Webdo.tn\",\"url\":\"https:\\\/\\\/www.webdo.tn\\\/fr\\\/\",\"logo\":{\"@type\":\"ImageObject\",\"inLanguage\":\"fr-FR\",\"@id\":\"https:\\\/\\\/www.webdo.tn\\\/fr\\\/#\\\/schema\\\/logo\\\/image\\\/\",\"url\":\"https:\\\/\\\/www.webdo.tn\\\/fr\\\/wp-content\\\/uploads\\\/2025\\\/06\\\/Webdo-Tunisie_168377.jpg\",\"contentUrl\":\"https:\\\/\\\/www.webdo.tn\\\/fr\\\/wp-content\\\/uploads\\\/2025\\\/06\\\/Webdo-Tunisie_168377.jpg\",\"width\":301,\"height\":301,\"caption\":\"Webdo\"},\"image\":{\"@id\":\"https:\\\/\\\/www.webdo.tn\\\/fr\\\/#\\\/schema\\\/logo\\\/image\\\/\"},\"sameAs\":[\"https:\\\/\\\/www.facebook.com\\\/webdotn\",\"https:\\\/\\\/x.com\\\/webdo_tn\"],\"description\":\"Webdo est un m\u00e9dia num\u00e9rique tunisien fond\u00e9 en 2010, sp\u00e9cialis\u00e9 dans l\u2019actualit\u00e9 nationale et internationale, l\u2019\u00e9conomie, la soci\u00e9t\u00e9 et les analyses politiques. Le site s\u2019adresse \u00e0 un large public francophone et couvre l\u2019information tunisienne en temps r\u00e9el.\",\"email\":\"redac@webdo.tn\",\"legalName\":\"YNJ SARL\",\"foundingDate\":\"2010-09-06\",\"numberOfEmployees\":{\"@type\":\"QuantitativeValue\",\"minValue\":\"11\",\"maxValue\":\"50\"}},{\"@type\":\"Person\",\"@id\":\"https:\\\/\\\/www.webdo.tn\\\/fr\\\/#\\\/schema\\\/person\\\/16a4857e77dfc0b610c4c2cadffc9ac4\",\"name\":\"Mohamed Fethi\",\"image\":{\"@type\":\"ImageObject\",\"inLanguage\":\"fr-FR\",\"@id\":\"https:\\\/\\\/www.webdo.tn\\\/fr\\\/wp-content\\\/uploads\\\/2026\\\/04\\\/mohamed-fethi_avatar_1-96x96.jpg\",\"url\":\"https:\\\/\\\/www.webdo.tn\\\/fr\\\/wp-content\\\/uploads\\\/2026\\\/04\\\/mohamed-fethi_avatar_1-96x96.jpg\",\"contentUrl\":\"https:\\\/\\\/www.webdo.tn\\\/fr\\\/wp-content\\\/uploads\\\/2026\\\/04\\\/mohamed-fethi_avatar_1-96x96.jpg\",\"caption\":\"Mohamed Fethi\"},\"description\":\"Signature \u00e9ditoriale de Maher Chaabane Mohamed Fethi est le pseudonyme \u00e9ditorial de Maher Chaabane, r\u00e9dacteur en chef de Webdo.tn depuis 2012. Cette signature est d\u00e9di\u00e9e au traitement intensif de l'actualit\u00e9 nationale et internationale en temps r\u00e9el. S'appuyant sur les deux d\u00e9cennies d'expertise journalistique de Maher Chaabane \u2014 d\u00e9but\u00e9e au sein du groupe Tunis Hebdo en 2000 \u2014 Mohamed Fethi assure une veille rigoureuse sur les enjeux politiques, \u00e9conomiques et sportifs. Sa mission est de garantir une information structur\u00e9e, fluide et fid\u00e8le aux standards de la r\u00e9daction. Pour consulter le parcours complet du r\u00e9dacteur en chef, visitez le profil officiel de Maher Chaabane.\",\"knowsAbout\":[\"actualit\u00e9\",\"journalisme\",\"information\",\"politique\",\"sport\",\"m\u00e9dias\",\"actualit\u00e9 internationale\"],\"knowsLanguage\":[\"Fran\u00e7ais\",\"Arabe\"],\"jobTitle\":\"Journaliste \u2013 R\u00e9daction Webdo\",\"worksFor\":\"Webdo.tn\",\"url\":\"https:\\\/\\\/www.webdo.tn\\\/fr\\\/actualite\\\/author\\\/mohamed-fethi\\\/\"}]}<\/script>\n<!-- \/ Yoast SEO Premium plugin. -->","yoast_head_json":{"title":"Intemp\u00e9ries persistantes : Pluies orageuses et vents violents sur une grande partie du pays - webdo","description":"Intemp\u00e9ries persistantes en Tunisie avec pluies orageuses et vents violents. Restez inform\u00e9 des conditions m\u00e9t\u00e9orologiques.","canonical":"https:\/\/www.webdo.tn\/fr\/actualite\/national\/intemperies-persistantes-pluies-orageuses-et-vents-violents-sur-une-grande-partie-du-pays\/391736\/","og_locale":"fr_FR","og_type":"article","og_title":"Intemp\u00e9ries persistantes : Pluies orageuses et vents violents sur une grande partie du pays","og_description":"Intemp\u00e9ries persistantes en Tunisie avec pluies orageuses et vents violents. Restez inform\u00e9 des conditions m\u00e9t\u00e9orologiques.","og_url":"https:\/\/www.webdo.tn\/fr\/actualite\/national\/intemperies-persistantes-pluies-orageuses-et-vents-violents-sur-une-grande-partie-du-pays\/391736\/","og_site_name":"webdo","article_publisher":"https:\/\/www.facebook.com\/webdotn","article_published_time":"2026-01-21T07:56:57+00:00","article_modified_time":"2026-01-21T07:56:58+00:00","og_image":[{"width":1200,"height":605,"url":"https:\/\/www.webdo.tn\/fr\/wp-content\/uploads\/2026\/01\/meteo-2.jpg","type":"image\/jpeg"}],"author":"Mohamed Fethi","twitter_card":"summary_large_image","twitter_creator":"@webdo_tn","twitter_site":"@webdo_tn","twitter_misc":{"\u00c9crit par":"Mohamed Fethi","Dur\u00e9e de lecture estim\u00e9e":"3 minutes"},"schema":{"@context":"https:\/\/schema.org","@graph":[{"@type":"NewsArticle","@id":"https:\/\/www.webdo.tn\/fr\/actualite\/national\/intemperies-persistantes-pluies-orageuses-et-vents-violents-sur-une-grande-partie-du-pays\/391736\/#article","isPartOf":{"@id":"https:\/\/www.webdo.tn\/fr\/actualite\/national\/intemperies-persistantes-pluies-orageuses-et-vents-violents-sur-une-grande-partie-du-pays\/391736\/"},"author":{"name":"Mohamed Fethi","@id":"https:\/\/www.webdo.tn\/fr\/#\/schema\/person\/16a4857e77dfc0b610c4c2cadffc9ac4"},"headline":"Intemp\u00e9ries persistantes : Pluies orageuses et vents violents sur une grande partie du pays","datePublished":"2026-01-21T07:56:57+00:00","dateModified":"2026-01-21T07:56:58+00:00","mainEntityOfPage":{"@id":"https:\/\/www.webdo.tn\/fr\/actualite\/national\/intemperies-persistantes-pluies-orageuses-et-vents-violents-sur-une-grande-partie-du-pays\/391736\/"},"wordCount":459,"publisher":{"@id":"https:\/\/www.webdo.tn\/fr\/#organization"},"image":{"@id":"https:\/\/www.webdo.tn\/fr\/actualite\/national\/intemperies-persistantes-pluies-orageuses-et-vents-violents-sur-une-grande-partie-du-pays\/391736\/#primaryimage"},"thumbnailUrl":"https:\/\/www.webdo.tn\/fr\/wp-content\/uploads\/2026\/01\/meteo-2.jpg","keywords":["Intemp\u00e9ries","m\u00e9t\u00e9o","Tunisie"],"articleSection":["National"],"inLanguage":"fr-FR"},{"@type":"WebPage","@id":"https:\/\/www.webdo.tn\/fr\/actualite\/national\/intemperies-persistantes-pluies-orageuses-et-vents-violents-sur-une-grande-partie-du-pays\/391736\/","url":"https:\/\/www.webdo.tn\/fr\/actualite\/national\/intemperies-persistantes-pluies-orageuses-et-vents-violents-sur-une-grande-partie-du-pays\/391736\/","name":"Intemp\u00e9ries persistantes : Pluies orageuses et vents violents sur une grande partie du pays - webdo","isPartOf":{"@id":"https:\/\/www.webdo.tn\/fr\/#website"},"primaryImageOfPage":{"@id":"https:\/\/www.webdo.tn\/fr\/actualite\/national\/intemperies-persistantes-pluies-orageuses-et-vents-violents-sur-une-grande-partie-du-pays\/391736\/#primaryimage"},"image":{"@id":"https:\/\/www.webdo.tn\/fr\/actualite\/national\/intemperies-persistantes-pluies-orageuses-et-vents-violents-sur-une-grande-partie-du-pays\/391736\/#primaryimage"},"thumbnailUrl":"https:\/\/www.webdo.tn\/fr\/wp-content\/uploads\/2026\/01\/meteo-2.jpg","datePublished":"2026-01-21T07:56:57+00:00","dateModified":"2026-01-21T07:56:58+00:00","description":"Intemp\u00e9ries persistantes en Tunisie avec pluies orageuses et vents violents. Restez inform\u00e9 des conditions m\u00e9t\u00e9orologiques.","breadcrumb":{"@id":"https:\/\/www.webdo.tn\/fr\/actualite\/national\/intemperies-persistantes-pluies-orageuses-et-vents-violents-sur-une-grande-partie-du-pays\/391736\/#breadcrumb"},"inLanguage":"fr-FR","potentialAction":[{"@type":"ReadAction","target":["https:\/\/www.webdo.tn\/fr\/actualite\/national\/intemperies-persistantes-pluies-orageuses-et-vents-violents-sur-une-grande-partie-du-pays\/391736\/"]}]},{"@type":"ImageObject","inLanguage":"fr-FR","@id":"https:\/\/www.webdo.tn\/fr\/actualite\/national\/intemperies-persistantes-pluies-orageuses-et-vents-violents-sur-une-grande-partie-du-pays\/391736\/#primaryimage","url":"https:\/\/www.webdo.tn\/fr\/wp-content\/uploads\/2026\/01\/meteo-2.jpg","contentUrl":"https:\/\/www.webdo.tn\/fr\/wp-content\/uploads\/2026\/01\/meteo-2.jpg","width":1200,"height":605,"caption":"Intemp\u00e9ries persistantes : Pluies orageuses et vents violents sur une grande partie du pays"},{"@type":"BreadcrumbList","@id":"https:\/\/www.webdo.tn\/fr\/actualite\/national\/intemperies-persistantes-pluies-orageuses-et-vents-violents-sur-une-grande-partie-du-pays\/391736\/#breadcrumb","itemListElement":[{"@type":"ListItem","position":1,"name":"Accueil","item":"https:\/\/www.webdo.tn\/fr\/"},{"@type":"ListItem","position":2,"name":"Intemp\u00e9ries persistantes : Pluies orageuses et vents violents sur une grande partie du pays"}]},{"@type":"WebSite","@id":"https:\/\/www.webdo.tn\/fr\/#website","url":"https:\/\/www.webdo.tn\/fr\/","name":"webdo","description":"Tunisie - News en Tunisie et \u00e0 l&#039;international sur Webdo.tn","publisher":{"@id":"https:\/\/www.webdo.tn\/fr\/#organization"},"potentialAction":[{"@type":"SearchAction","target":{"@type":"EntryPoint","urlTemplate":"https:\/\/www.webdo.tn\/fr\/?s={search_term_string}"},"query-input":{"@type":"PropertyValueSpecification","valueRequired":true,"valueName":"search_term_string"}}],"inLanguage":"fr-FR"},{"@type":"Organization","@id":"https:\/\/www.webdo.tn\/fr\/#organization","name":"Webdo","alternateName":"Webdo.tn","url":"https:\/\/www.webdo.tn\/fr\/","logo":{"@type":"ImageObject","inLanguage":"fr-FR","@id":"https:\/\/www.webdo.tn\/fr\/#\/schema\/logo\/image\/","url":"https:\/\/www.webdo.tn\/fr\/wp-content\/uploads\/2025\/06\/Webdo-Tunisie_168377.jpg","contentUrl":"https:\/\/www.webdo.tn\/fr\/wp-content\/uploads\/2025\/06\/Webdo-Tunisie_168377.jpg","width":301,"height":301,"caption":"Webdo"},"image":{"@id":"https:\/\/www.webdo.tn\/fr\/#\/schema\/logo\/image\/"},"sameAs":["https:\/\/www.facebook.com\/webdotn","https:\/\/x.com\/webdo_tn"],"description":"Webdo est un m\u00e9dia num\u00e9rique tunisien fond\u00e9 en 2010, sp\u00e9cialis\u00e9 dans l\u2019actualit\u00e9 nationale et internationale, l\u2019\u00e9conomie, la soci\u00e9t\u00e9 et les analyses politiques. Le site s\u2019adresse \u00e0 un large public francophone et couvre l\u2019information tunisienne en temps r\u00e9el.","email":"redac@webdo.tn","legalName":"YNJ SARL","foundingDate":"2010-09-06","numberOfEmployees":{"@type":"QuantitativeValue","minValue":"11","maxValue":"50"}},{"@type":"Person","@id":"https:\/\/www.webdo.tn\/fr\/#\/schema\/person\/16a4857e77dfc0b610c4c2cadffc9ac4","name":"Mohamed Fethi","image":{"@type":"ImageObject","inLanguage":"fr-FR","@id":"https:\/\/www.webdo.tn\/fr\/wp-content\/uploads\/2026\/04\/mohamed-fethi_avatar_1-96x96.jpg","url":"https:\/\/www.webdo.tn\/fr\/wp-content\/uploads\/2026\/04\/mohamed-fethi_avatar_1-96x96.jpg","contentUrl":"https:\/\/www.webdo.tn\/fr\/wp-content\/uploads\/2026\/04\/mohamed-fethi_avatar_1-96x96.jpg","caption":"Mohamed Fethi"},"description":"Signature \u00e9ditoriale de Maher Chaabane Mohamed Fethi est le pseudonyme \u00e9ditorial de Maher Chaabane, r\u00e9dacteur en chef de Webdo.tn depuis 2012. Cette signature est d\u00e9di\u00e9e au traitement intensif de l'actualit\u00e9 nationale et internationale en temps r\u00e9el. S'appuyant sur les deux d\u00e9cennies d'expertise journalistique de Maher Chaabane \u2014 d\u00e9but\u00e9e au sein du groupe Tunis Hebdo en 2000 \u2014 Mohamed Fethi assure une veille rigoureuse sur les enjeux politiques, \u00e9conomiques et sportifs. Sa mission est de garantir une information structur\u00e9e, fluide et fid\u00e8le aux standards de la r\u00e9daction. Pour consulter le parcours complet du r\u00e9dacteur en chef, visitez le profil officiel de Maher Chaabane.","knowsAbout":["actualit\u00e9","journalisme","information","politique","sport","m\u00e9dias","actualit\u00e9 internationale"],"knowsLanguage":["Fran\u00e7ais","Arabe"],"jobTitle":"Journaliste \u2013 R\u00e9daction Webdo","worksFor":"Webdo.tn","url":"https:\/\/www.webdo.tn\/fr\/actualite\/author\/mohamed-fethi\/"}]}},"_links":{"self":[{"href":"https:\/\/www.webdo.tn\/fr\/wp-json\/wp\/v2\/posts\/391736","targetHints":{"allow":["GET"]}}],"collection":[{"href":"https:\/\/www.webdo.tn\/fr\/wp-json\/wp\/v2\/posts"}],"about":[{"href":"https:\/\/www.webdo.tn\/fr\/wp-json\/wp\/v2\/types\/post"}],"author":[{"embeddable":true,"href":"https:\/\/www.webdo.tn\/fr\/wp-json\/wp\/v2\/users\/4782"}],"replies":[{"embeddable":true,"href":"https:\/\/www.webdo.tn\/fr\/wp-json\/wp\/v2\/comments?post=391736"}],"version-history":[{"count":0,"href":"https:\/\/www.webdo.tn\/fr\/wp-json\/wp\/v2\/posts\/391736\/revisions"}],"wp:featuredmedia":[{"embeddable":true,"href":"https:\/\/www.webdo.tn\/fr\/wp-json\/wp\/v2\/media\/391738"}],"wp:attachment":[{"href":"https:\/\/www.webdo.tn\/fr\/wp-json\/wp\/v2\/media?parent=391736"}],"wp:term":[{"taxonomy":"category","embeddable":true,"href":"https:\/\/www.webdo.tn\/fr\/wp-json\/wp\/v2\/categories?post=391736"},{"taxonomy":"post_tag","embeddable":true,"href":"https:\/\/www.webdo.tn\/fr\/wp-json\/wp\/v2\/tags?post=391736"}],"curies":[{"name":"wp","href":"https:\/\/api.w.org\/{rel}","templated":true}]}}