{"id":391735,"date":"2026-01-21T08:56:20","date_gmt":"2026-01-21T07:56:20","guid":{"rendered":"https:\/\/www.webdo.tn\/fr\/?p=391735"},"modified":"2026-01-21T08:56:21","modified_gmt":"2026-01-21T07:56:21","slug":"intemperies-en-tunisie-pourquoi-le-bilan-humain-provisoire-tarde-a-etre-etabli","status":"publish","type":"post","link":"https:\/\/www.webdo.tn\/fr\/actualite\/national\/intemperies-en-tunisie-pourquoi-le-bilan-humain-provisoire-tarde-a-etre-etabli\/391735\/","title":{"rendered":"Intemp\u00e9ries en Tunisie : Pourquoi le bilan humain provisoire tarde \u00e0 \u00eatre \u00e9tabli"},"content":{"rendered":"\n<p><\/p>\n\n\n\n<p>La Tunisie traverse depuis deux jours un \u00e9pisode d\u2019intemp\u00e9ries d\u2019une rare intensit\u00e9, marqu\u00e9 par des pluies diluviennes, des inondations soudaines et des perturbations majeures dans plusieurs r\u00e9gions du pays, notamment le Grand Tunis, le Cap Bon, le Sahel et certaines zones du centre. Routes coup\u00e9es, quartiers submerg\u00e9s, \u00e9tablissements scolaires ferm\u00e9s et centaines d\u2019interventions de la Protection civile illustrent l\u2019ampleur d\u2019une situation encore \u00e9volutive.<\/p>\n\n\n\n<p>Pourtant, malgr\u00e9 la gravit\u00e9 des \u00e9v\u00e9nements, aucun bilan humain provisoire officiel et consolid\u00e9 n\u2019a \u00e9t\u00e9 communiqu\u00e9 \u00e0 l\u2019\u00e9chelle nationale, une absence qui interroge alors que les images diffus\u00e9es sur les r\u00e9seaux sociaux et les t\u00e9moignages locaux font \u00e9tat de situations dramatiques.<\/p>\n\n\n\n<p>Selon les informations officielles disponibles au compte-gouttes, au moins quatre d\u00e9c\u00e8s li\u00e9s aux inondations ont \u00e9t\u00e9 enregistr\u00e9s dans la d\u00e9l\u00e9gation de Moknine, dans le gouvernorat de Monastir, o\u00f9 des personnes ont \u00e9t\u00e9 emport\u00e9es par les eaux ou retrouv\u00e9es sans vie \u00e0 l\u2019int\u00e9rieur de leurs habitations. Ces d\u00e9c\u00e8s, confirm\u00e9s par des sources institutionnelles locales et relay\u00e9s par l\u2019agence TAP, constituent \u00e0 ce stade les seuls cas officiellement reconnus, sans qu\u2019un chiffre national d\u00e9finitif ou provisoire ne soit annonc\u00e9.<\/p>\n\n\n\n<p>En revanche, dans d\u2019autres r\u00e9gions fortement touch\u00e9es comme Nabeul, Soliman, K\u00e9libia, la Soukra ou certaines zones du Grand Tunis, aucune confirmation officielle de pertes humaines n\u2019a encore \u00e9t\u00e9 publi\u00e9e, malgr\u00e9 l\u2019ampleur des d\u00e9g\u00e2ts mat\u00e9riels et la mobilisation massive des secours. Cette situation alimente une forme de flou informationnel, entre rumeurs, informations non v\u00e9rifi\u00e9es et silence institutionnel partiel.<\/p>\n\n\n\n<p>Sauf que, selon nos informations, une personne plac\u00e9e sous assistance respiratoire \u00e0 son domicile est d\u00e9c\u00e9d\u00e9e \u00e0 l\u2019h\u00f4pital Mongi Slim de La Marsa, apr\u00e8s une coupure d\u2019\u00e9lectricit\u00e9 survenue au moment des intemp\u00e9ries. Par ailleurs, \u00e0 Nabeul, une personne a \u00e9t\u00e9 retrouv\u00e9e sans vie apr\u00e8s avoir \u00e9t\u00e9 emport\u00e9e par les eaux, selon des sources locales.<\/p>\n\n\n\n<h2 class=\"wp-block-heading\" id=\"h-rapidite-et-la-violence-des-intemperies\"> Rapidit\u00e9 et la violence des intemp\u00e9ries<\/h2>\n\n\n\n<p>Plusieurs facteurs expliquent ce retard dans l\u2019annonce d\u2019un bilan humain. D\u2019abord, la rapidit\u00e9 et la violence des intemp\u00e9ries, qui compliquent l\u2019acc\u00e8s \u00e0 certaines zones et retardent la v\u00e9rification des informations sur le terrain. Ensuite, la dispersion des sources de donn\u00e9es, entre gouvernorats, h\u00f4pitaux, Protection civile et forces de s\u00e9curit\u00e9, sans m\u00e9canisme de centralisation imm\u00e9diate. Enfin, la priorit\u00e9 donn\u00e9e aux op\u00e9rations de sauvetage et de s\u00e9curisation semble rel\u00e9guer la communication chiffr\u00e9e au second plan.<\/p>\n\n\n\n<p>Cette absence de bilan provisoire officiel n\u2019est pas sans cons\u00e9quences. Elle complique l\u2019\u00e9valuation r\u00e9elle de l\u2019impact humain de la catastrophe, freine la coordination de la r\u00e9ponse publique et ouvre la voie \u00e0 une circulation incontr\u00f4l\u00e9e d\u2019informations sur les r\u00e9seaux sociaux, souvent exag\u00e9r\u00e9es ou impr\u00e9cises.<\/p>\n\n\n\n<p>Alors que les services de secours poursuivent leurs interventions et que les conditions m\u00e9t\u00e9orologiques restent instables dans plusieurs r\u00e9gions, la publication rapide d\u2019un bilan provisoire clair et actualisable appara\u00eet comme un enjeu central de transparence et de gestion de crise. Un tel bilan permettrait non seulement d\u2019informer l\u2019opinion publique, mais aussi de tirer les premi\u00e8res le\u00e7ons d\u2019un \u00e9pisode climatique extr\u00eame appel\u00e9, selon les experts, \u00e0 se reproduire avec une fr\u00e9quence accrue.<\/p>\n\n\n\n<p><\/p>\n\n\n\n<p><\/p>\n\n\n\n<blockquote class=\"wp-block-quote is-layout-flow wp-block-quote-is-layout-flow\">\n<blockquote class=\"wp-block-quote is-layout-flow wp-block-quote-is-layout-flow\">\n<p><strong>Lire aussi :<\/strong><\/p>\n\n\n\n<ul class=\"wp-block-list\">\n<li><a href=\"https:\/\/www.webdo.tn\/fr\/actualite\/national\/intemperies-meurtrieres-en-tunisie-quatre-morts-a-moknine-le-pays-sous-alerte-maximale\/391685\/\">Intemp\u00e9ries meurtri\u00e8res en Tunisie : Quatre morts \u00e0 Moknine, le pays sous alerte maximale<\/a><\/li>\n\n\n\n<li><a href=\"https:\/\/www.webdo.tn\/fr\/actualite\/national\/inondations-en-tunisie-kais-saied-mobilise-larmee\/391682\/\">Inondations en Tunisie : Kais Saied mobilise l\u2019arm\u00e9e<\/a><\/li>\n\n\n\n<li><a href=\"https:\/\/www.webdo.tn\/fr\/actualite\/national\/intemperies-exceptionnelles-le-grand-tunis-nabeul-et-monastir-basculent-en-vigilance-rouge\/391653\/\">Intemp\u00e9ries exceptionnelles : Le Grand Tunis, Nabeul et Monastir basculent en vigilance rouge<\/a><\/li>\n<\/ul>\n<\/blockquote>\n<\/blockquote>\n","protected":false},"excerpt":{"rendered":"<p>La Tunisie traverse depuis deux jours un \u00e9pisode d\u2019intemp\u00e9ries d\u2019une rare intensit\u00e9, marqu\u00e9 par des pluies diluviennes, des inondations soudaines et des perturbations majeures dans plusieurs r\u00e9gions du pays, notamment le Grand Tunis, le Cap Bon, le Sahel et certaines zones du centre. Routes coup\u00e9es, quartiers submerg\u00e9s, \u00e9tablissements scolaires ferm\u00e9s et centaines d\u2019interventions de la [&hellip;]<\/p>\n","protected":false},"author":3184,"featured_media":391737,"comment_status":"closed","ping_status":"closed","sticky":false,"template":"","format":"standard","meta":{"footnotes":""},"categories":[44],"tags":[2830,3164,3208,2608],"class_list":["post-391735","post","type-post","status-publish","format-standard","has-post-thumbnail","hentry","category-national","tag-deces","tag-inondations","tag-morts","tag-tunisie"],"yoast_head":"<!-- This site is optimized with the Yoast SEO Premium plugin v27.4 (Yoast SEO v27.5) - https:\/\/yoast.com\/product\/yoast-seo-premium-wordpress\/ -->\n<title>Intemp\u00e9ries en Tunisie : Pourquoi le bilan humain provisoire tarde \u00e0 \u00eatre \u00e9tabli - webdo<\/title>\n<meta name=\"description\" content=\"D\u00e9couvrez le bilan de l&#039;\u00e9pisode d&#039;intemp\u00e9ries en Tunisie, entre pluies diluviennes et inondations soudaines.\" \/>\n<link rel=\"canonical\" href=\"https:\/\/www.webdo.tn\/fr\/actualite\/national\/intemperies-en-tunisie-pourquoi-le-bilan-humain-provisoire-tarde-a-etre-etabli\/391735\/\" \/>\n<meta property=\"og:locale\" content=\"fr_FR\" \/>\n<meta property=\"og:type\" content=\"article\" \/>\n<meta property=\"og:title\" content=\"Intemp\u00e9ries en Tunisie : Pourquoi le bilan humain provisoire tarde \u00e0 \u00eatre \u00e9tabli\" \/>\n<meta property=\"og:description\" content=\"D\u00e9couvrez le bilan de l&#039;\u00e9pisode d&#039;intemp\u00e9ries en Tunisie, entre pluies diluviennes et inondations soudaines.\" \/>\n<meta property=\"og:url\" content=\"https:\/\/www.webdo.tn\/fr\/actualite\/national\/intemperies-en-tunisie-pourquoi-le-bilan-humain-provisoire-tarde-a-etre-etabli\/391735\/\" \/>\n<meta property=\"og:site_name\" content=\"webdo\" \/>\n<meta property=\"article:publisher\" content=\"https:\/\/www.facebook.com\/webdotn\" \/>\n<meta property=\"article:published_time\" content=\"2026-01-21T07:56:20+00:00\" \/>\n<meta property=\"article:modified_time\" content=\"2026-01-21T07:56:21+00:00\" \/>\n<meta property=\"og:image\" content=\"https:\/\/www.webdo.tn\/fr\/wp-content\/uploads\/2026\/01\/inondations-janvier-26.jpg\" \/>\n\t<meta property=\"og:image:width\" content=\"1200\" \/>\n\t<meta property=\"og:image:height\" content=\"601\" \/>\n\t<meta property=\"og:image:type\" content=\"image\/jpeg\" \/>\n<meta name=\"author\" content=\"Wided Belhaj\" \/>\n<meta name=\"twitter:card\" content=\"summary_large_image\" \/>\n<meta name=\"twitter:creator\" content=\"@webdo_tn\" \/>\n<meta name=\"twitter:site\" content=\"@webdo_tn\" \/>\n<meta name=\"twitter:label1\" content=\"\u00c9crit par\" \/>\n\t<meta name=\"twitter:data1\" content=\"Wided Belhaj\" \/>\n\t<meta name=\"twitter:label2\" content=\"Dur\u00e9e de lecture estim\u00e9e\" \/>\n\t<meta name=\"twitter:data2\" content=\"3 minutes\" \/>\n<script type=\"application\/ld+json\" class=\"yoast-schema-graph\">{\"@context\":\"https:\\\/\\\/schema.org\",\"@graph\":[{\"@type\":\"NewsArticle\",\"@id\":\"https:\\\/\\\/www.webdo.tn\\\/fr\\\/actualite\\\/national\\\/intemperies-en-tunisie-pourquoi-le-bilan-humain-provisoire-tarde-a-etre-etabli\\\/391735\\\/#article\",\"isPartOf\":{\"@id\":\"https:\\\/\\\/www.webdo.tn\\\/fr\\\/actualite\\\/national\\\/intemperies-en-tunisie-pourquoi-le-bilan-humain-provisoire-tarde-a-etre-etabli\\\/391735\\\/\"},\"author\":{\"name\":\"Wided Belhaj\",\"@id\":\"https:\\\/\\\/www.webdo.tn\\\/fr\\\/#\\\/schema\\\/person\\\/b9ecde7a5574cb4fcf4b496ea5fadb15\"},\"headline\":\"Intemp\u00e9ries en Tunisie : Pourquoi le bilan humain provisoire tarde \u00e0 \u00eatre \u00e9tabli\",\"datePublished\":\"2026-01-21T07:56:20+00:00\",\"dateModified\":\"2026-01-21T07:56:21+00:00\",\"mainEntityOfPage\":{\"@id\":\"https:\\\/\\\/www.webdo.tn\\\/fr\\\/actualite\\\/national\\\/intemperies-en-tunisie-pourquoi-le-bilan-humain-provisoire-tarde-a-etre-etabli\\\/391735\\\/\"},\"wordCount\":627,\"publisher\":{\"@id\":\"https:\\\/\\\/www.webdo.tn\\\/fr\\\/#organization\"},\"image\":{\"@id\":\"https:\\\/\\\/www.webdo.tn\\\/fr\\\/actualite\\\/national\\\/intemperies-en-tunisie-pourquoi-le-bilan-humain-provisoire-tarde-a-etre-etabli\\\/391735\\\/#primaryimage\"},\"thumbnailUrl\":\"https:\\\/\\\/www.webdo.tn\\\/fr\\\/wp-content\\\/uploads\\\/2026\\\/01\\\/inondations-janvier-26.jpg\",\"keywords\":[\"D\u00e9c\u00e8s\",\"Inondations\",\"morts\",\"Tunisie\"],\"articleSection\":[\"National\"],\"inLanguage\":\"fr-FR\"},{\"@type\":\"WebPage\",\"@id\":\"https:\\\/\\\/www.webdo.tn\\\/fr\\\/actualite\\\/national\\\/intemperies-en-tunisie-pourquoi-le-bilan-humain-provisoire-tarde-a-etre-etabli\\\/391735\\\/\",\"url\":\"https:\\\/\\\/www.webdo.tn\\\/fr\\\/actualite\\\/national\\\/intemperies-en-tunisie-pourquoi-le-bilan-humain-provisoire-tarde-a-etre-etabli\\\/391735\\\/\",\"name\":\"Intemp\u00e9ries en Tunisie : Pourquoi le bilan humain provisoire tarde \u00e0 \u00eatre \u00e9tabli - webdo\",\"isPartOf\":{\"@id\":\"https:\\\/\\\/www.webdo.tn\\\/fr\\\/#website\"},\"primaryImageOfPage\":{\"@id\":\"https:\\\/\\\/www.webdo.tn\\\/fr\\\/actualite\\\/national\\\/intemperies-en-tunisie-pourquoi-le-bilan-humain-provisoire-tarde-a-etre-etabli\\\/391735\\\/#primaryimage\"},\"image\":{\"@id\":\"https:\\\/\\\/www.webdo.tn\\\/fr\\\/actualite\\\/national\\\/intemperies-en-tunisie-pourquoi-le-bilan-humain-provisoire-tarde-a-etre-etabli\\\/391735\\\/#primaryimage\"},\"thumbnailUrl\":\"https:\\\/\\\/www.webdo.tn\\\/fr\\\/wp-content\\\/uploads\\\/2026\\\/01\\\/inondations-janvier-26.jpg\",\"datePublished\":\"2026-01-21T07:56:20+00:00\",\"dateModified\":\"2026-01-21T07:56:21+00:00\",\"description\":\"D\u00e9couvrez le bilan de l'\u00e9pisode d'intemp\u00e9ries en Tunisie, entre pluies diluviennes et inondations soudaines.\",\"breadcrumb\":{\"@id\":\"https:\\\/\\\/www.webdo.tn\\\/fr\\\/actualite\\\/national\\\/intemperies-en-tunisie-pourquoi-le-bilan-humain-provisoire-tarde-a-etre-etabli\\\/391735\\\/#breadcrumb\"},\"inLanguage\":\"fr-FR\",\"potentialAction\":[{\"@type\":\"ReadAction\",\"target\":[\"https:\\\/\\\/www.webdo.tn\\\/fr\\\/actualite\\\/national\\\/intemperies-en-tunisie-pourquoi-le-bilan-humain-provisoire-tarde-a-etre-etabli\\\/391735\\\/\"]}]},{\"@type\":\"ImageObject\",\"inLanguage\":\"fr-FR\",\"@id\":\"https:\\\/\\\/www.webdo.tn\\\/fr\\\/actualite\\\/national\\\/intemperies-en-tunisie-pourquoi-le-bilan-humain-provisoire-tarde-a-etre-etabli\\\/391735\\\/#primaryimage\",\"url\":\"https:\\\/\\\/www.webdo.tn\\\/fr\\\/wp-content\\\/uploads\\\/2026\\\/01\\\/inondations-janvier-26.jpg\",\"contentUrl\":\"https:\\\/\\\/www.webdo.tn\\\/fr\\\/wp-content\\\/uploads\\\/2026\\\/01\\\/inondations-janvier-26.jpg\",\"width\":1200,\"height\":601,\"caption\":\"Tunisie : 395 millions de dinars mobilis\u00e9s pour la protection contre les inondations\"},{\"@type\":\"BreadcrumbList\",\"@id\":\"https:\\\/\\\/www.webdo.tn\\\/fr\\\/actualite\\\/national\\\/intemperies-en-tunisie-pourquoi-le-bilan-humain-provisoire-tarde-a-etre-etabli\\\/391735\\\/#breadcrumb\",\"itemListElement\":[{\"@type\":\"ListItem\",\"position\":1,\"name\":\"Accueil\",\"item\":\"https:\\\/\\\/www.webdo.tn\\\/fr\\\/\"},{\"@type\":\"ListItem\",\"position\":2,\"name\":\"Intemp\u00e9ries en Tunisie : Pourquoi le bilan humain provisoire tarde \u00e0 \u00eatre \u00e9tabli\"}]},{\"@type\":\"WebSite\",\"@id\":\"https:\\\/\\\/www.webdo.tn\\\/fr\\\/#website\",\"url\":\"https:\\\/\\\/www.webdo.tn\\\/fr\\\/\",\"name\":\"webdo\",\"description\":\"Tunisie - News en Tunisie et \u00e0 l&#039;international sur Webdo.tn\",\"publisher\":{\"@id\":\"https:\\\/\\\/www.webdo.tn\\\/fr\\\/#organization\"},\"potentialAction\":[{\"@type\":\"SearchAction\",\"target\":{\"@type\":\"EntryPoint\",\"urlTemplate\":\"https:\\\/\\\/www.webdo.tn\\\/fr\\\/?s={search_term_string}\"},\"query-input\":{\"@type\":\"PropertyValueSpecification\",\"valueRequired\":true,\"valueName\":\"search_term_string\"}}],\"inLanguage\":\"fr-FR\"},{\"@type\":\"Organization\",\"@id\":\"https:\\\/\\\/www.webdo.tn\\\/fr\\\/#organization\",\"name\":\"Webdo\",\"alternateName\":\"Webdo.tn\",\"url\":\"https:\\\/\\\/www.webdo.tn\\\/fr\\\/\",\"logo\":{\"@type\":\"ImageObject\",\"inLanguage\":\"fr-FR\",\"@id\":\"https:\\\/\\\/www.webdo.tn\\\/fr\\\/#\\\/schema\\\/logo\\\/image\\\/\",\"url\":\"https:\\\/\\\/www.webdo.tn\\\/fr\\\/wp-content\\\/uploads\\\/2025\\\/06\\\/Webdo-Tunisie_168377.jpg\",\"contentUrl\":\"https:\\\/\\\/www.webdo.tn\\\/fr\\\/wp-content\\\/uploads\\\/2025\\\/06\\\/Webdo-Tunisie_168377.jpg\",\"width\":301,\"height\":301,\"caption\":\"Webdo\"},\"image\":{\"@id\":\"https:\\\/\\\/www.webdo.tn\\\/fr\\\/#\\\/schema\\\/logo\\\/image\\\/\"},\"sameAs\":[\"https:\\\/\\\/www.facebook.com\\\/webdotn\",\"https:\\\/\\\/x.com\\\/webdo_tn\"],\"description\":\"Webdo est un m\u00e9dia num\u00e9rique tunisien fond\u00e9 en 2010, sp\u00e9cialis\u00e9 dans l\u2019actualit\u00e9 nationale et internationale, l\u2019\u00e9conomie, la soci\u00e9t\u00e9 et les analyses politiques. Le site s\u2019adresse \u00e0 un large public francophone et couvre l\u2019information tunisienne en temps r\u00e9el.\",\"email\":\"redac@webdo.tn\",\"legalName\":\"YNJ SARL\",\"foundingDate\":\"2010-09-06\",\"numberOfEmployees\":{\"@type\":\"QuantitativeValue\",\"minValue\":\"11\",\"maxValue\":\"50\"}},{\"@type\":\"Person\",\"@id\":\"https:\\\/\\\/www.webdo.tn\\\/fr\\\/#\\\/schema\\\/person\\\/b9ecde7a5574cb4fcf4b496ea5fadb15\",\"name\":\"Wided Belhaj\",\"image\":{\"@type\":\"ImageObject\",\"inLanguage\":\"fr-FR\",\"@id\":\"https:\\\/\\\/www.webdo.tn\\\/fr\\\/wp-content\\\/uploads\\\/2026\\\/04\\\/wided-belhaj_avatar-96x96.jpg\",\"url\":\"https:\\\/\\\/www.webdo.tn\\\/fr\\\/wp-content\\\/uploads\\\/2026\\\/04\\\/wided-belhaj_avatar-96x96.jpg\",\"contentUrl\":\"https:\\\/\\\/www.webdo.tn\\\/fr\\\/wp-content\\\/uploads\\\/2026\\\/04\\\/wided-belhaj_avatar-96x96.jpg\",\"caption\":\"Wided Belhaj\"},\"description\":\"Wided Belhaj est le pseudonyme \u00e9ditorial utilis\u00e9 par Khalil Jelassi, journaliste, ma\u00eetre-assistant \u00e0 l\u2019Institut de presse et des sciences de l\u2019information (IPSI) et chercheur en sciences de l\u2019information et de la communication. Cette signature est d\u00e9di\u00e9e \u00e0 l\u2019analyse des m\u00e9dias, des pratiques journalistiques et des mutations de l\u2019information \u00e0 l\u2019\u00e8re digitale. \u00c0 travers ses contributions, Wided Belhaj propose une lecture analytique de l\u2019actualit\u00e9, en croisant regard critique et expertise acad\u00e9mique.\",\"knowsAbout\":[\"m\u00e9dias\",\"journalisme\",\"communication\",\"information\",\"transformation num\u00e9rique\",\"analyse des m\u00e9dias\"],\"knowsLanguage\":[\"Fran\u00e7ais\",\"Arabe\"],\"jobTitle\":\"Webdo.tn\",\"worksFor\":\"Journaliste \u2013 Analyse des m\u00e9dias\",\"url\":\"https:\\\/\\\/www.webdo.tn\\\/fr\\\/actualite\\\/author\\\/wided-belhaj\\\/\"}]}<\/script>\n<!-- \/ Yoast SEO Premium plugin. -->","yoast_head_json":{"title":"Intemp\u00e9ries en Tunisie : Pourquoi le bilan humain provisoire tarde \u00e0 \u00eatre \u00e9tabli - webdo","description":"D\u00e9couvrez le bilan de l'\u00e9pisode d'intemp\u00e9ries en Tunisie, entre pluies diluviennes et inondations soudaines.","canonical":"https:\/\/www.webdo.tn\/fr\/actualite\/national\/intemperies-en-tunisie-pourquoi-le-bilan-humain-provisoire-tarde-a-etre-etabli\/391735\/","og_locale":"fr_FR","og_type":"article","og_title":"Intemp\u00e9ries en Tunisie : Pourquoi le bilan humain provisoire tarde \u00e0 \u00eatre \u00e9tabli","og_description":"D\u00e9couvrez le bilan de l'\u00e9pisode d'intemp\u00e9ries en Tunisie, entre pluies diluviennes et inondations soudaines.","og_url":"https:\/\/www.webdo.tn\/fr\/actualite\/national\/intemperies-en-tunisie-pourquoi-le-bilan-humain-provisoire-tarde-a-etre-etabli\/391735\/","og_site_name":"webdo","article_publisher":"https:\/\/www.facebook.com\/webdotn","article_published_time":"2026-01-21T07:56:20+00:00","article_modified_time":"2026-01-21T07:56:21+00:00","og_image":[{"width":1200,"height":601,"url":"https:\/\/www.webdo.tn\/fr\/wp-content\/uploads\/2026\/01\/inondations-janvier-26.jpg","type":"image\/jpeg"}],"author":"Wided Belhaj","twitter_card":"summary_large_image","twitter_creator":"@webdo_tn","twitter_site":"@webdo_tn","twitter_misc":{"\u00c9crit par":"Wided Belhaj","Dur\u00e9e de lecture estim\u00e9e":"3 minutes"},"schema":{"@context":"https:\/\/schema.org","@graph":[{"@type":"NewsArticle","@id":"https:\/\/www.webdo.tn\/fr\/actualite\/national\/intemperies-en-tunisie-pourquoi-le-bilan-humain-provisoire-tarde-a-etre-etabli\/391735\/#article","isPartOf":{"@id":"https:\/\/www.webdo.tn\/fr\/actualite\/national\/intemperies-en-tunisie-pourquoi-le-bilan-humain-provisoire-tarde-a-etre-etabli\/391735\/"},"author":{"name":"Wided Belhaj","@id":"https:\/\/www.webdo.tn\/fr\/#\/schema\/person\/b9ecde7a5574cb4fcf4b496ea5fadb15"},"headline":"Intemp\u00e9ries en Tunisie : Pourquoi le bilan humain provisoire tarde \u00e0 \u00eatre \u00e9tabli","datePublished":"2026-01-21T07:56:20+00:00","dateModified":"2026-01-21T07:56:21+00:00","mainEntityOfPage":{"@id":"https:\/\/www.webdo.tn\/fr\/actualite\/national\/intemperies-en-tunisie-pourquoi-le-bilan-humain-provisoire-tarde-a-etre-etabli\/391735\/"},"wordCount":627,"publisher":{"@id":"https:\/\/www.webdo.tn\/fr\/#organization"},"image":{"@id":"https:\/\/www.webdo.tn\/fr\/actualite\/national\/intemperies-en-tunisie-pourquoi-le-bilan-humain-provisoire-tarde-a-etre-etabli\/391735\/#primaryimage"},"thumbnailUrl":"https:\/\/www.webdo.tn\/fr\/wp-content\/uploads\/2026\/01\/inondations-janvier-26.jpg","keywords":["D\u00e9c\u00e8s","Inondations","morts","Tunisie"],"articleSection":["National"],"inLanguage":"fr-FR"},{"@type":"WebPage","@id":"https:\/\/www.webdo.tn\/fr\/actualite\/national\/intemperies-en-tunisie-pourquoi-le-bilan-humain-provisoire-tarde-a-etre-etabli\/391735\/","url":"https:\/\/www.webdo.tn\/fr\/actualite\/national\/intemperies-en-tunisie-pourquoi-le-bilan-humain-provisoire-tarde-a-etre-etabli\/391735\/","name":"Intemp\u00e9ries en Tunisie : Pourquoi le bilan humain provisoire tarde \u00e0 \u00eatre \u00e9tabli - webdo","isPartOf":{"@id":"https:\/\/www.webdo.tn\/fr\/#website"},"primaryImageOfPage":{"@id":"https:\/\/www.webdo.tn\/fr\/actualite\/national\/intemperies-en-tunisie-pourquoi-le-bilan-humain-provisoire-tarde-a-etre-etabli\/391735\/#primaryimage"},"image":{"@id":"https:\/\/www.webdo.tn\/fr\/actualite\/national\/intemperies-en-tunisie-pourquoi-le-bilan-humain-provisoire-tarde-a-etre-etabli\/391735\/#primaryimage"},"thumbnailUrl":"https:\/\/www.webdo.tn\/fr\/wp-content\/uploads\/2026\/01\/inondations-janvier-26.jpg","datePublished":"2026-01-21T07:56:20+00:00","dateModified":"2026-01-21T07:56:21+00:00","description":"D\u00e9couvrez le bilan de l'\u00e9pisode d'intemp\u00e9ries en Tunisie, entre pluies diluviennes et inondations soudaines.","breadcrumb":{"@id":"https:\/\/www.webdo.tn\/fr\/actualite\/national\/intemperies-en-tunisie-pourquoi-le-bilan-humain-provisoire-tarde-a-etre-etabli\/391735\/#breadcrumb"},"inLanguage":"fr-FR","potentialAction":[{"@type":"ReadAction","target":["https:\/\/www.webdo.tn\/fr\/actualite\/national\/intemperies-en-tunisie-pourquoi-le-bilan-humain-provisoire-tarde-a-etre-etabli\/391735\/"]}]},{"@type":"ImageObject","inLanguage":"fr-FR","@id":"https:\/\/www.webdo.tn\/fr\/actualite\/national\/intemperies-en-tunisie-pourquoi-le-bilan-humain-provisoire-tarde-a-etre-etabli\/391735\/#primaryimage","url":"https:\/\/www.webdo.tn\/fr\/wp-content\/uploads\/2026\/01\/inondations-janvier-26.jpg","contentUrl":"https:\/\/www.webdo.tn\/fr\/wp-content\/uploads\/2026\/01\/inondations-janvier-26.jpg","width":1200,"height":601,"caption":"Tunisie : 395 millions de dinars mobilis\u00e9s pour la protection contre les inondations"},{"@type":"BreadcrumbList","@id":"https:\/\/www.webdo.tn\/fr\/actualite\/national\/intemperies-en-tunisie-pourquoi-le-bilan-humain-provisoire-tarde-a-etre-etabli\/391735\/#breadcrumb","itemListElement":[{"@type":"ListItem","position":1,"name":"Accueil","item":"https:\/\/www.webdo.tn\/fr\/"},{"@type":"ListItem","position":2,"name":"Intemp\u00e9ries en Tunisie : Pourquoi le bilan humain provisoire tarde \u00e0 \u00eatre \u00e9tabli"}]},{"@type":"WebSite","@id":"https:\/\/www.webdo.tn\/fr\/#website","url":"https:\/\/www.webdo.tn\/fr\/","name":"webdo","description":"Tunisie - News en Tunisie et \u00e0 l&#039;international sur Webdo.tn","publisher":{"@id":"https:\/\/www.webdo.tn\/fr\/#organization"},"potentialAction":[{"@type":"SearchAction","target":{"@type":"EntryPoint","urlTemplate":"https:\/\/www.webdo.tn\/fr\/?s={search_term_string}"},"query-input":{"@type":"PropertyValueSpecification","valueRequired":true,"valueName":"search_term_string"}}],"inLanguage":"fr-FR"},{"@type":"Organization","@id":"https:\/\/www.webdo.tn\/fr\/#organization","name":"Webdo","alternateName":"Webdo.tn","url":"https:\/\/www.webdo.tn\/fr\/","logo":{"@type":"ImageObject","inLanguage":"fr-FR","@id":"https:\/\/www.webdo.tn\/fr\/#\/schema\/logo\/image\/","url":"https:\/\/www.webdo.tn\/fr\/wp-content\/uploads\/2025\/06\/Webdo-Tunisie_168377.jpg","contentUrl":"https:\/\/www.webdo.tn\/fr\/wp-content\/uploads\/2025\/06\/Webdo-Tunisie_168377.jpg","width":301,"height":301,"caption":"Webdo"},"image":{"@id":"https:\/\/www.webdo.tn\/fr\/#\/schema\/logo\/image\/"},"sameAs":["https:\/\/www.facebook.com\/webdotn","https:\/\/x.com\/webdo_tn"],"description":"Webdo est un m\u00e9dia num\u00e9rique tunisien fond\u00e9 en 2010, sp\u00e9cialis\u00e9 dans l\u2019actualit\u00e9 nationale et internationale, l\u2019\u00e9conomie, la soci\u00e9t\u00e9 et les analyses politiques. Le site s\u2019adresse \u00e0 un large public francophone et couvre l\u2019information tunisienne en temps r\u00e9el.","email":"redac@webdo.tn","legalName":"YNJ SARL","foundingDate":"2010-09-06","numberOfEmployees":{"@type":"QuantitativeValue","minValue":"11","maxValue":"50"}},{"@type":"Person","@id":"https:\/\/www.webdo.tn\/fr\/#\/schema\/person\/b9ecde7a5574cb4fcf4b496ea5fadb15","name":"Wided Belhaj","image":{"@type":"ImageObject","inLanguage":"fr-FR","@id":"https:\/\/www.webdo.tn\/fr\/wp-content\/uploads\/2026\/04\/wided-belhaj_avatar-96x96.jpg","url":"https:\/\/www.webdo.tn\/fr\/wp-content\/uploads\/2026\/04\/wided-belhaj_avatar-96x96.jpg","contentUrl":"https:\/\/www.webdo.tn\/fr\/wp-content\/uploads\/2026\/04\/wided-belhaj_avatar-96x96.jpg","caption":"Wided Belhaj"},"description":"Wided Belhaj est le pseudonyme \u00e9ditorial utilis\u00e9 par Khalil Jelassi, journaliste, ma\u00eetre-assistant \u00e0 l\u2019Institut de presse et des sciences de l\u2019information (IPSI) et chercheur en sciences de l\u2019information et de la communication. Cette signature est d\u00e9di\u00e9e \u00e0 l\u2019analyse des m\u00e9dias, des pratiques journalistiques et des mutations de l\u2019information \u00e0 l\u2019\u00e8re digitale. \u00c0 travers ses contributions, Wided Belhaj propose une lecture analytique de l\u2019actualit\u00e9, en croisant regard critique et expertise acad\u00e9mique.","knowsAbout":["m\u00e9dias","journalisme","communication","information","transformation num\u00e9rique","analyse des m\u00e9dias"],"knowsLanguage":["Fran\u00e7ais","Arabe"],"jobTitle":"Webdo.tn","worksFor":"Journaliste \u2013 Analyse des m\u00e9dias","url":"https:\/\/www.webdo.tn\/fr\/actualite\/author\/wided-belhaj\/"}]}},"_links":{"self":[{"href":"https:\/\/www.webdo.tn\/fr\/wp-json\/wp\/v2\/posts\/391735","targetHints":{"allow":["GET"]}}],"collection":[{"href":"https:\/\/www.webdo.tn\/fr\/wp-json\/wp\/v2\/posts"}],"about":[{"href":"https:\/\/www.webdo.tn\/fr\/wp-json\/wp\/v2\/types\/post"}],"author":[{"embeddable":true,"href":"https:\/\/www.webdo.tn\/fr\/wp-json\/wp\/v2\/users\/3184"}],"replies":[{"embeddable":true,"href":"https:\/\/www.webdo.tn\/fr\/wp-json\/wp\/v2\/comments?post=391735"}],"version-history":[{"count":0,"href":"https:\/\/www.webdo.tn\/fr\/wp-json\/wp\/v2\/posts\/391735\/revisions"}],"wp:featuredmedia":[{"embeddable":true,"href":"https:\/\/www.webdo.tn\/fr\/wp-json\/wp\/v2\/media\/391737"}],"wp:attachment":[{"href":"https:\/\/www.webdo.tn\/fr\/wp-json\/wp\/v2\/media?parent=391735"}],"wp:term":[{"taxonomy":"category","embeddable":true,"href":"https:\/\/www.webdo.tn\/fr\/wp-json\/wp\/v2\/categories?post=391735"},{"taxonomy":"post_tag","embeddable":true,"href":"https:\/\/www.webdo.tn\/fr\/wp-json\/wp\/v2\/tags?post=391735"}],"curies":[{"name":"wp","href":"https:\/\/api.w.org\/{rel}","templated":true}]}}