{"id":391723,"date":"2026-01-21T09:29:00","date_gmt":"2026-01-21T08:29:00","guid":{"rendered":"https:\/\/www.webdo.tn\/fr\/?p=391723"},"modified":"2026-01-21T09:31:01","modified_gmt":"2026-01-21T08:31:01","slug":"gaza-le-genocidaire-netanyahu-rejoint-le-board-of-peace-de-trump","status":"publish","type":"post","link":"https:\/\/www.webdo.tn\/fr\/actualite\/international\/gaza-le-genocidaire-netanyahu-rejoint-le-board-of-peace-de-trump\/391723\/","title":{"rendered":"Gaza : Le g\u00e9nocidaire Netanyahu rejoint le \u201cBoard of Peace\u201d de Trump"},"content":{"rendered":"\n<p><strong>Il fallait oser. En int\u00e9grant Benjamin Netanyahu \u00e0 son <em>Board of Peace<\/em>, Donald Trump ne se contente pas de provoquer la communaut\u00e9 diplomatique internationale. Il vide le mot \u201cpaix\u201d de toute substance et ent\u00e9rine un basculement moral majeur, dont les implications d\u00e9passent largement Gaza.<\/strong><\/p>\n\n\n\n<p>Il ne s\u2019agit plus d\u2019un d\u00e9bat technique sur l\u2019efficacit\u00e9 d\u2019un nouvel organe, ni m\u00eame d\u2019une querelle institutionnelle avec l\u2019Organisation des Nations unies. Il s\u2019agit d\u2019un fait politique brut : un dirigeant au c\u0153ur d\u2019accusations massives de crimes de guerre et de g\u00e9nocide est d\u00e9sormais appel\u00e9 \u00e0 si\u00e9ger au nom de la paix. \u00c0 ce stade, la contradiction n\u2019est plus discutable. Elle est constitutive du projet lui-m\u00eame.<\/p>\n\n\n\n<h2 class=\"wp-block-heading\" id=\"h-quand-l-accuse-devient-arbitre\">Quand l\u2019accus\u00e9 devient arbitre<\/h2>\n\n\n\n<p>Gaza est ravag\u00e9e par une agression d\u2019une ampleur sans pr\u00e9c\u00e9dent, dont Netanyahu est le chef politique central. Les images, les bilans humains, les enqu\u00eates internationales, les proc\u00e9dures judiciaires en cours et les accusations formul\u00e9es par de nombreuses organisations ont inscrit son nom au centre d\u2019une controverse mondiale. Et pourtant, c\u2019est ce m\u00eame homme que l\u2019on installe aujourd\u2019hui \u00e0 la table cens\u00e9e organiser la reconstruction, la gouvernance et la stabilisation de l\u2019enclave.<\/p>\n\n\n\n<p>Ce n\u2019est pas une d\u00e9rive. C\u2019est un renversement assum\u00e9. Dans cette architecture, la responsabilit\u00e9 n\u2019est plus un obstacle moral ou politique : elle devient un capital de pouvoir. Celui qui a conduit la guerre n\u2019est ni r\u00e9cus\u00e9 ni tenu \u00e0 distance du processus de paix ; il en devient l\u2019un des visages officiels.<\/p>\n\n\n\n<p>Aucune institution pr\u00e9tendant \u00e0 une quelconque cr\u00e9dibilit\u00e9 morale ne pourrait survivre \u00e0 une telle confusion des r\u00f4les. Ici, elle est revendiqu\u00e9e comme principe fondateur.<\/p>\n\n\n\n<h2 class=\"wp-block-heading\" id=\"h-un-board-of-peace-hors-droit-hors-onu\">Un \u201cBoard of Peace\u201d hors droit, hors ONU<\/h2>\n\n\n\n<p>Le <em>Board of Peace<\/em> est une initiative lanc\u00e9e par Donald Trump en dehors de tout cadre multilat\u00e9ral existant. Il ne repose \u00e0 ce stade sur aucun mandat onusien, aucune r\u00e9solution internationale, aucun m\u00e9canisme juridique contraignant. Pr\u00e9sent\u00e9 comme un organe charg\u00e9 de superviser la gouvernance, la reconstruction et la mobilisation de financements pour Gaza, il fonctionne par invitation directe, sous contr\u00f4le politique am\u00e9ricain, sans r\u00e8gles claires de responsabilit\u00e9 ou de reddition de comptes.<\/p>\n\n\n\n<p id=\"h-\">Trump a lui-m\u00eame affirm\u00e9 que ce conseil pourrait, \u00e0 terme, se substituer \u00e0 l\u2019ONU, actant une diplomatie d\u00e9barrass\u00e9e de ses contraintes : pas de droit international contraignant, pas de hi\u00e9rarchie entre agresseur et victime, pas de m\u00e9canismes de justice. Seulement des rapports de force, des invitations s\u00e9lectives et une paix administr\u00e9e par cooptation.<\/p>\n\n\n\n<h2 class=\"wp-block-heading\" id=\"h-la-liste-des-invites-revelatrice-d-une-fracture\">La liste des invit\u00e9s, r\u00e9v\u00e9latrice d\u2019une fracture<\/h2>\n\n\n\n<p>La composition du <em>Board of Peace<\/em> \u00e9claire la nature r\u00e9elle du projet. Ont accept\u00e9 de rejoindre l\u2019initiative Isra\u00ebl, le Maroc, les \u00c9mirats arabes unis, Bahre\u00efn, la Hongrie, la Bi\u00e9lorussie, le Kazakhstan et le Vietnam.<\/p>\n\n\n\n<p>\u00c0 l\u2019inverse, plusieurs \u00c9tats ont refus\u00e9 ou exprim\u00e9 de fortes r\u00e9serves, notamment la France et l\u2019Irlande, invoquant le risque d\u2019un dispositif concurrent de l\u2019ONU et incompatible avec le droit international.<\/p>\n\n\n\n<p>Plus troublant encore, la Russie et la Chine figurent parmi les pays invit\u00e9s, malgr\u00e9 leur implication directe dans des conflits majeurs. Une composition qui r\u00e9v\u00e8le moins une coalition pour la paix qu\u2019un alignement politique h\u00e9t\u00e9roclite, uni par le rejet des contraintes multilat\u00e9rales.<\/p>\n\n\n\n<h2 class=\"wp-block-heading\">Gaza sans justice, Gaza sans rupture<\/h2>\n\n\n\n<p>Pour les Palestiniens, le message est d\u2019une brutalit\u00e9 limpide. La reconstruction de Gaza ne s\u2019ouvre ni sur une reconnaissance des crimes, ni sur une rupture politique, ni sur une quelconque perspective de justice. Elle s\u2019inscrit dans une continuit\u00e9 reconditionn\u00e9e, o\u00f9 les m\u00eames acteurs et les m\u00eames logiques de domination sont simplement rebaptis\u00e9s.<\/p>\n\n\n\n<blockquote class=\"wp-block-quote is-layout-flow wp-block-quote-is-layout-flow\">\n<blockquote class=\"wp-block-quote is-layout-flow wp-block-quote-is-layout-flow\">\n<p><strong>Lire aussi:<\/strong><\/p>\n\n\n\n<ul class=\"wp-block-list\">\n<li class=\"has-medium-font-size\"><a href=\"https:\/\/www.webdo.tn\/fr\/actualite\/international\/accord-sur-gaza-et-moment-theatral-comment-trump-a-orchestre-la-treve\/385346\/\">Accord sur Gaza et moment th\u00e9\u00e2tral : Comment Trump a orchestr\u00e9 la tr\u00eave<\/a><\/li>\n\n\n\n<li class=\"has-medium-font-size\"><a href=\"https:\/\/www.webdo.tn\/fr\/actualite\/international\/gaza-trump-menace-le-hamas-pendant-que-les-frappes-se-poursuivent\/390404\/\">Gaza : Trump menace le Hamas pendant que les frappes se poursuivent<\/a><\/li>\n<\/ul>\n<\/blockquote>\n<\/blockquote>\n\n\n\n<p><br><\/p>\n\n\n\n<p><\/p>\n","protected":false},"excerpt":{"rendered":"<p>Il fallait oser. En int\u00e9grant Benjamin Netanyahu \u00e0 son Board of Peace, Donald Trump ne se contente pas de provoquer la communaut\u00e9 diplomatique internationale. Il vide le mot \u201cpaix\u201d de toute substance et ent\u00e9rine un basculement moral majeur, dont les implications d\u00e9passent largement Gaza. Il ne s\u2019agit plus d\u2019un d\u00e9bat technique sur l\u2019efficacit\u00e9 d\u2019un nouvel [&hellip;]<\/p>\n","protected":false},"author":3183,"featured_media":391755,"comment_status":"closed","ping_status":"closed","sticky":false,"template":"","format":"standard","meta":{"footnotes":""},"categories":[2598],"tags":[3035,2689,3309],"class_list":["post-391723","post","type-post","status-publish","format-standard","has-post-thumbnail","hentry","category-international","tag-etats-unis","tag-gaza","tag-trump"],"yoast_head":"<!-- This site is optimized with the Yoast SEO Premium plugin v27.5 (Yoast SEO v27.5) - https:\/\/yoast.com\/product\/yoast-seo-premium-wordpress\/ -->\n<title>Gaza : Le g\u00e9nocidaire Netanyahu rejoint le \u201cBoard of Peace\u201d de Trump - webdo<\/title>\n<meta name=\"description\" content=\"La paix selon Trump : Netanyahu, accus\u00e9 de crimes de guerre, se retrouve au c\u0153ur du d\u00e9bat sur Gaza.\" \/>\n<link rel=\"canonical\" href=\"https:\/\/www.webdo.tn\/fr\/actualite\/international\/gaza-le-genocidaire-netanyahu-rejoint-le-board-of-peace-de-trump\/391723\/\" \/>\n<meta property=\"og:locale\" content=\"fr_FR\" \/>\n<meta property=\"og:type\" content=\"article\" \/>\n<meta property=\"og:title\" content=\"Gaza : Le g\u00e9nocidaire Netanyahu rejoint le \u201cBoard of Peace\u201d de Trump\" \/>\n<meta property=\"og:description\" content=\"La paix selon Trump : Netanyahu, accus\u00e9 de crimes de guerre, se retrouve au c\u0153ur du d\u00e9bat sur Gaza.\" \/>\n<meta property=\"og:url\" content=\"https:\/\/www.webdo.tn\/fr\/actualite\/international\/gaza-le-genocidaire-netanyahu-rejoint-le-board-of-peace-de-trump\/391723\/\" \/>\n<meta property=\"og:site_name\" content=\"webdo\" \/>\n<meta property=\"article:publisher\" content=\"https:\/\/www.facebook.com\/webdotn\" \/>\n<meta property=\"article:author\" content=\"https:\/\/www.facebook.com\/wby.webdo\" \/>\n<meta property=\"article:published_time\" content=\"2026-01-21T08:29:00+00:00\" \/>\n<meta property=\"article:modified_time\" content=\"2026-01-21T08:31:01+00:00\" \/>\n<meta property=\"og:image\" content=\"https:\/\/www.webdo.tn\/fr\/wp-content\/uploads\/2026\/01\/netanyahu-board-peace-1.jpg\" \/>\n\t<meta property=\"og:image:width\" content=\"1200\" \/>\n\t<meta property=\"og:image:height\" content=\"600\" \/>\n\t<meta property=\"og:image:type\" content=\"image\/jpeg\" \/>\n<meta name=\"author\" content=\"Walid Ben Youssef\" \/>\n<meta name=\"twitter:card\" content=\"summary_large_image\" \/>\n<meta name=\"twitter:creator\" content=\"@webdo_tn\" \/>\n<meta name=\"twitter:site\" content=\"@webdo_tn\" \/>\n<meta name=\"twitter:label1\" content=\"\u00c9crit par\" \/>\n\t<meta name=\"twitter:data1\" content=\"Walid Ben Youssef\" \/>\n\t<meta name=\"twitter:label2\" content=\"Dur\u00e9e de lecture estim\u00e9e\" \/>\n\t<meta name=\"twitter:data2\" content=\"4 minutes\" \/>\n<script type=\"application\/ld+json\" class=\"yoast-schema-graph\">{\"@context\":\"https:\\\/\\\/schema.org\",\"@graph\":[{\"@type\":\"NewsArticle\",\"@id\":\"https:\\\/\\\/www.webdo.tn\\\/fr\\\/actualite\\\/international\\\/gaza-le-genocidaire-netanyahu-rejoint-le-board-of-peace-de-trump\\\/391723\\\/#article\",\"isPartOf\":{\"@id\":\"https:\\\/\\\/www.webdo.tn\\\/fr\\\/actualite\\\/international\\\/gaza-le-genocidaire-netanyahu-rejoint-le-board-of-peace-de-trump\\\/391723\\\/\"},\"author\":{\"name\":\"Walid Ben Youssef\",\"@id\":\"https:\\\/\\\/www.webdo.tn\\\/fr\\\/#\\\/schema\\\/person\\\/2c509d3aeb706736cdf7dc93d76b6fe1\"},\"headline\":\"Gaza : Le g\u00e9nocidaire Netanyahu rejoint le \u201cBoard of Peace\u201d de Trump\",\"datePublished\":\"2026-01-21T08:29:00+00:00\",\"dateModified\":\"2026-01-21T08:31:01+00:00\",\"mainEntityOfPage\":{\"@id\":\"https:\\\/\\\/www.webdo.tn\\\/fr\\\/actualite\\\/international\\\/gaza-le-genocidaire-netanyahu-rejoint-le-board-of-peace-de-trump\\\/391723\\\/\"},\"wordCount\":680,\"publisher\":{\"@id\":\"https:\\\/\\\/www.webdo.tn\\\/fr\\\/#organization\"},\"image\":{\"@id\":\"https:\\\/\\\/www.webdo.tn\\\/fr\\\/actualite\\\/international\\\/gaza-le-genocidaire-netanyahu-rejoint-le-board-of-peace-de-trump\\\/391723\\\/#primaryimage\"},\"thumbnailUrl\":\"https:\\\/\\\/www.webdo.tn\\\/fr\\\/wp-content\\\/uploads\\\/2026\\\/01\\\/netanyahu-board-peace-1.jpg\",\"keywords\":[\"Etats-Unis\",\"Gaza\",\"trump\"],\"articleSection\":[\"International\"],\"inLanguage\":\"fr-FR\"},{\"@type\":\"WebPage\",\"@id\":\"https:\\\/\\\/www.webdo.tn\\\/fr\\\/actualite\\\/international\\\/gaza-le-genocidaire-netanyahu-rejoint-le-board-of-peace-de-trump\\\/391723\\\/\",\"url\":\"https:\\\/\\\/www.webdo.tn\\\/fr\\\/actualite\\\/international\\\/gaza-le-genocidaire-netanyahu-rejoint-le-board-of-peace-de-trump\\\/391723\\\/\",\"name\":\"Gaza : Le g\u00e9nocidaire Netanyahu rejoint le \u201cBoard of Peace\u201d de Trump - webdo\",\"isPartOf\":{\"@id\":\"https:\\\/\\\/www.webdo.tn\\\/fr\\\/#website\"},\"primaryImageOfPage\":{\"@id\":\"https:\\\/\\\/www.webdo.tn\\\/fr\\\/actualite\\\/international\\\/gaza-le-genocidaire-netanyahu-rejoint-le-board-of-peace-de-trump\\\/391723\\\/#primaryimage\"},\"image\":{\"@id\":\"https:\\\/\\\/www.webdo.tn\\\/fr\\\/actualite\\\/international\\\/gaza-le-genocidaire-netanyahu-rejoint-le-board-of-peace-de-trump\\\/391723\\\/#primaryimage\"},\"thumbnailUrl\":\"https:\\\/\\\/www.webdo.tn\\\/fr\\\/wp-content\\\/uploads\\\/2026\\\/01\\\/netanyahu-board-peace-1.jpg\",\"datePublished\":\"2026-01-21T08:29:00+00:00\",\"dateModified\":\"2026-01-21T08:31:01+00:00\",\"description\":\"La paix selon Trump : Netanyahu, accus\u00e9 de crimes de guerre, se retrouve au c\u0153ur du d\u00e9bat sur Gaza.\",\"breadcrumb\":{\"@id\":\"https:\\\/\\\/www.webdo.tn\\\/fr\\\/actualite\\\/international\\\/gaza-le-genocidaire-netanyahu-rejoint-le-board-of-peace-de-trump\\\/391723\\\/#breadcrumb\"},\"inLanguage\":\"fr-FR\",\"potentialAction\":[{\"@type\":\"ReadAction\",\"target\":[\"https:\\\/\\\/www.webdo.tn\\\/fr\\\/actualite\\\/international\\\/gaza-le-genocidaire-netanyahu-rejoint-le-board-of-peace-de-trump\\\/391723\\\/\"]}]},{\"@type\":\"ImageObject\",\"inLanguage\":\"fr-FR\",\"@id\":\"https:\\\/\\\/www.webdo.tn\\\/fr\\\/actualite\\\/international\\\/gaza-le-genocidaire-netanyahu-rejoint-le-board-of-peace-de-trump\\\/391723\\\/#primaryimage\",\"url\":\"https:\\\/\\\/www.webdo.tn\\\/fr\\\/wp-content\\\/uploads\\\/2026\\\/01\\\/netanyahu-board-peace-1.jpg\",\"contentUrl\":\"https:\\\/\\\/www.webdo.tn\\\/fr\\\/wp-content\\\/uploads\\\/2026\\\/01\\\/netanyahu-board-peace-1.jpg\",\"width\":1200,\"height\":600,\"caption\":\"Gaza : le g\u00e9nocidaire Netanyahu rejoint le \u201cBoard of Peace\u201d de Trump\"},{\"@type\":\"BreadcrumbList\",\"@id\":\"https:\\\/\\\/www.webdo.tn\\\/fr\\\/actualite\\\/international\\\/gaza-le-genocidaire-netanyahu-rejoint-le-board-of-peace-de-trump\\\/391723\\\/#breadcrumb\",\"itemListElement\":[{\"@type\":\"ListItem\",\"position\":1,\"name\":\"Accueil\",\"item\":\"https:\\\/\\\/www.webdo.tn\\\/fr\\\/\"},{\"@type\":\"ListItem\",\"position\":2,\"name\":\"Gaza : Le g\u00e9nocidaire Netanyahu rejoint le \u201cBoard of Peace\u201d de Trump\"}]},{\"@type\":\"WebSite\",\"@id\":\"https:\\\/\\\/www.webdo.tn\\\/fr\\\/#website\",\"url\":\"https:\\\/\\\/www.webdo.tn\\\/fr\\\/\",\"name\":\"webdo\",\"description\":\"Tunisie - News en Tunisie et \u00e0 l&#039;international sur Webdo.tn\",\"publisher\":{\"@id\":\"https:\\\/\\\/www.webdo.tn\\\/fr\\\/#organization\"},\"potentialAction\":[{\"@type\":\"SearchAction\",\"target\":{\"@type\":\"EntryPoint\",\"urlTemplate\":\"https:\\\/\\\/www.webdo.tn\\\/fr\\\/?s={search_term_string}\"},\"query-input\":{\"@type\":\"PropertyValueSpecification\",\"valueRequired\":true,\"valueName\":\"search_term_string\"}}],\"inLanguage\":\"fr-FR\"},{\"@type\":\"Organization\",\"@id\":\"https:\\\/\\\/www.webdo.tn\\\/fr\\\/#organization\",\"name\":\"Webdo\",\"alternateName\":\"Webdo.tn\",\"url\":\"https:\\\/\\\/www.webdo.tn\\\/fr\\\/\",\"logo\":{\"@type\":\"ImageObject\",\"inLanguage\":\"fr-FR\",\"@id\":\"https:\\\/\\\/www.webdo.tn\\\/fr\\\/#\\\/schema\\\/logo\\\/image\\\/\",\"url\":\"https:\\\/\\\/www.webdo.tn\\\/fr\\\/wp-content\\\/uploads\\\/2025\\\/06\\\/Webdo-Tunisie_168377.jpg\",\"contentUrl\":\"https:\\\/\\\/www.webdo.tn\\\/fr\\\/wp-content\\\/uploads\\\/2025\\\/06\\\/Webdo-Tunisie_168377.jpg\",\"width\":301,\"height\":301,\"caption\":\"Webdo\"},\"image\":{\"@id\":\"https:\\\/\\\/www.webdo.tn\\\/fr\\\/#\\\/schema\\\/logo\\\/image\\\/\"},\"sameAs\":[\"https:\\\/\\\/www.facebook.com\\\/webdotn\",\"https:\\\/\\\/x.com\\\/webdo_tn\"],\"description\":\"Webdo est un m\u00e9dia num\u00e9rique tunisien fond\u00e9 en 2010, sp\u00e9cialis\u00e9 dans l\u2019actualit\u00e9 nationale et internationale, l\u2019\u00e9conomie, la soci\u00e9t\u00e9 et les analyses politiques. Le site s\u2019adresse \u00e0 un large public francophone et couvre l\u2019information tunisienne en temps r\u00e9el.\",\"email\":\"redac@webdo.tn\",\"legalName\":\"YNJ SARL\",\"foundingDate\":\"2010-09-06\",\"numberOfEmployees\":{\"@type\":\"QuantitativeValue\",\"minValue\":\"11\",\"maxValue\":\"50\"}},{\"@type\":\"Person\",\"@id\":\"https:\\\/\\\/www.webdo.tn\\\/fr\\\/#\\\/schema\\\/person\\\/2c509d3aeb706736cdf7dc93d76b6fe1\",\"name\":\"Walid Ben Youssef\",\"image\":{\"@type\":\"ImageObject\",\"inLanguage\":\"fr-FR\",\"@id\":\"https:\\\/\\\/www.webdo.tn\\\/fr\\\/wp-content\\\/uploads\\\/2026\\\/04\\\/walid-ben-youssef_avatar-96x96.jpg\",\"url\":\"https:\\\/\\\/www.webdo.tn\\\/fr\\\/wp-content\\\/uploads\\\/2026\\\/04\\\/walid-ben-youssef_avatar-96x96.jpg\",\"contentUrl\":\"https:\\\/\\\/www.webdo.tn\\\/fr\\\/wp-content\\\/uploads\\\/2026\\\/04\\\/walid-ben-youssef_avatar-96x96.jpg\",\"caption\":\"Walid Ben Youssef\"},\"description\":\"Walid Ben Youssef est fondateur et directeur de publication de Webdo.tn, m\u00e9dia num\u00e9rique tunisien lanc\u00e9 en 2011. Journaliste depuis plus de 20 ans, il a d\u00e9but\u00e9 sa carri\u00e8re au sein du groupe Dar Tunis-Hebdo, o\u00f9 il a contribu\u00e9 d\u00e8s le d\u00e9but des ann\u00e9es 2000 au d\u00e9veloppement des premi\u00e8res initiatives web du titre. Avant de fonder Webdo, il a occup\u00e9 les fonctions de directeur adjoint du groupe Dar Tunis-Hebdo, participant au d\u00e9veloppement \u00e9ditorial, publicitaire et num\u00e9rique du groupe. Sp\u00e9cialis\u00e9 dans les m\u00e9dias num\u00e9riques, la transformation digitale de l\u2019information et l\u2019actualit\u00e9 nationale et internationale, il supervise la ligne \u00e9ditoriale de Webdo et pilote son d\u00e9veloppement strat\u00e9gique. Dipl\u00f4m\u00e9 en math\u00e9matiques de l\u2019Universit\u00e9 d\u2019Oregon (\u00c9tats-Unis), il associe une approche analytique \u00e0 une expertise de terrain du journalisme. \ud83d\udd17 Facebook : https:\\\/\\\/www.facebook.com\\\/wby.webdo\",\"sameAs\":[\"https:\\\/\\\/www.facebook.com\\\/wby.webdo\"],\"knowsAbout\":[\"journalisme\",\"m\u00e9dias num\u00e9riques\",\"transformation digitale\",\"actualit\u00e9 tunisienne\",\"g\u00e9opolitique\"],\"knowsLanguage\":[\"Fran\u00e7ais\",\"Arabe\",\"Anglais\"],\"jobTitle\":\"Fondateur et directeur de publication\",\"worksFor\":\"Webdo.tn\",\"url\":\"https:\\\/\\\/www.webdo.tn\\\/fr\\\/actualite\\\/author\\\/walid-ben-youssef\\\/\"}]}<\/script>\n<!-- \/ Yoast SEO Premium plugin. -->","yoast_head_json":{"title":"Gaza : Le g\u00e9nocidaire Netanyahu rejoint le \u201cBoard of Peace\u201d de Trump - webdo","description":"La paix selon Trump : Netanyahu, accus\u00e9 de crimes de guerre, se retrouve au c\u0153ur du d\u00e9bat sur Gaza.","canonical":"https:\/\/www.webdo.tn\/fr\/actualite\/international\/gaza-le-genocidaire-netanyahu-rejoint-le-board-of-peace-de-trump\/391723\/","og_locale":"fr_FR","og_type":"article","og_title":"Gaza : Le g\u00e9nocidaire Netanyahu rejoint le \u201cBoard of Peace\u201d de Trump","og_description":"La paix selon Trump : Netanyahu, accus\u00e9 de crimes de guerre, se retrouve au c\u0153ur du d\u00e9bat sur Gaza.","og_url":"https:\/\/www.webdo.tn\/fr\/actualite\/international\/gaza-le-genocidaire-netanyahu-rejoint-le-board-of-peace-de-trump\/391723\/","og_site_name":"webdo","article_publisher":"https:\/\/www.facebook.com\/webdotn","article_author":"https:\/\/www.facebook.com\/wby.webdo","article_published_time":"2026-01-21T08:29:00+00:00","article_modified_time":"2026-01-21T08:31:01+00:00","og_image":[{"width":1200,"height":600,"url":"https:\/\/www.webdo.tn\/fr\/wp-content\/uploads\/2026\/01\/netanyahu-board-peace-1.jpg","type":"image\/jpeg"}],"author":"Walid Ben Youssef","twitter_card":"summary_large_image","twitter_creator":"@webdo_tn","twitter_site":"@webdo_tn","twitter_misc":{"\u00c9crit par":"Walid Ben Youssef","Dur\u00e9e de lecture estim\u00e9e":"4 minutes"},"schema":{"@context":"https:\/\/schema.org","@graph":[{"@type":"NewsArticle","@id":"https:\/\/www.webdo.tn\/fr\/actualite\/international\/gaza-le-genocidaire-netanyahu-rejoint-le-board-of-peace-de-trump\/391723\/#article","isPartOf":{"@id":"https:\/\/www.webdo.tn\/fr\/actualite\/international\/gaza-le-genocidaire-netanyahu-rejoint-le-board-of-peace-de-trump\/391723\/"},"author":{"name":"Walid Ben Youssef","@id":"https:\/\/www.webdo.tn\/fr\/#\/schema\/person\/2c509d3aeb706736cdf7dc93d76b6fe1"},"headline":"Gaza : Le g\u00e9nocidaire Netanyahu rejoint le \u201cBoard of Peace\u201d de Trump","datePublished":"2026-01-21T08:29:00+00:00","dateModified":"2026-01-21T08:31:01+00:00","mainEntityOfPage":{"@id":"https:\/\/www.webdo.tn\/fr\/actualite\/international\/gaza-le-genocidaire-netanyahu-rejoint-le-board-of-peace-de-trump\/391723\/"},"wordCount":680,"publisher":{"@id":"https:\/\/www.webdo.tn\/fr\/#organization"},"image":{"@id":"https:\/\/www.webdo.tn\/fr\/actualite\/international\/gaza-le-genocidaire-netanyahu-rejoint-le-board-of-peace-de-trump\/391723\/#primaryimage"},"thumbnailUrl":"https:\/\/www.webdo.tn\/fr\/wp-content\/uploads\/2026\/01\/netanyahu-board-peace-1.jpg","keywords":["Etats-Unis","Gaza","trump"],"articleSection":["International"],"inLanguage":"fr-FR"},{"@type":"WebPage","@id":"https:\/\/www.webdo.tn\/fr\/actualite\/international\/gaza-le-genocidaire-netanyahu-rejoint-le-board-of-peace-de-trump\/391723\/","url":"https:\/\/www.webdo.tn\/fr\/actualite\/international\/gaza-le-genocidaire-netanyahu-rejoint-le-board-of-peace-de-trump\/391723\/","name":"Gaza : Le g\u00e9nocidaire Netanyahu rejoint le \u201cBoard of Peace\u201d de Trump - webdo","isPartOf":{"@id":"https:\/\/www.webdo.tn\/fr\/#website"},"primaryImageOfPage":{"@id":"https:\/\/www.webdo.tn\/fr\/actualite\/international\/gaza-le-genocidaire-netanyahu-rejoint-le-board-of-peace-de-trump\/391723\/#primaryimage"},"image":{"@id":"https:\/\/www.webdo.tn\/fr\/actualite\/international\/gaza-le-genocidaire-netanyahu-rejoint-le-board-of-peace-de-trump\/391723\/#primaryimage"},"thumbnailUrl":"https:\/\/www.webdo.tn\/fr\/wp-content\/uploads\/2026\/01\/netanyahu-board-peace-1.jpg","datePublished":"2026-01-21T08:29:00+00:00","dateModified":"2026-01-21T08:31:01+00:00","description":"La paix selon Trump : Netanyahu, accus\u00e9 de crimes de guerre, se retrouve au c\u0153ur du d\u00e9bat sur Gaza.","breadcrumb":{"@id":"https:\/\/www.webdo.tn\/fr\/actualite\/international\/gaza-le-genocidaire-netanyahu-rejoint-le-board-of-peace-de-trump\/391723\/#breadcrumb"},"inLanguage":"fr-FR","potentialAction":[{"@type":"ReadAction","target":["https:\/\/www.webdo.tn\/fr\/actualite\/international\/gaza-le-genocidaire-netanyahu-rejoint-le-board-of-peace-de-trump\/391723\/"]}]},{"@type":"ImageObject","inLanguage":"fr-FR","@id":"https:\/\/www.webdo.tn\/fr\/actualite\/international\/gaza-le-genocidaire-netanyahu-rejoint-le-board-of-peace-de-trump\/391723\/#primaryimage","url":"https:\/\/www.webdo.tn\/fr\/wp-content\/uploads\/2026\/01\/netanyahu-board-peace-1.jpg","contentUrl":"https:\/\/www.webdo.tn\/fr\/wp-content\/uploads\/2026\/01\/netanyahu-board-peace-1.jpg","width":1200,"height":600,"caption":"Gaza : le g\u00e9nocidaire Netanyahu rejoint le \u201cBoard of Peace\u201d de Trump"},{"@type":"BreadcrumbList","@id":"https:\/\/www.webdo.tn\/fr\/actualite\/international\/gaza-le-genocidaire-netanyahu-rejoint-le-board-of-peace-de-trump\/391723\/#breadcrumb","itemListElement":[{"@type":"ListItem","position":1,"name":"Accueil","item":"https:\/\/www.webdo.tn\/fr\/"},{"@type":"ListItem","position":2,"name":"Gaza : Le g\u00e9nocidaire Netanyahu rejoint le \u201cBoard of Peace\u201d de Trump"}]},{"@type":"WebSite","@id":"https:\/\/www.webdo.tn\/fr\/#website","url":"https:\/\/www.webdo.tn\/fr\/","name":"webdo","description":"Tunisie - News en Tunisie et \u00e0 l&#039;international sur Webdo.tn","publisher":{"@id":"https:\/\/www.webdo.tn\/fr\/#organization"},"potentialAction":[{"@type":"SearchAction","target":{"@type":"EntryPoint","urlTemplate":"https:\/\/www.webdo.tn\/fr\/?s={search_term_string}"},"query-input":{"@type":"PropertyValueSpecification","valueRequired":true,"valueName":"search_term_string"}}],"inLanguage":"fr-FR"},{"@type":"Organization","@id":"https:\/\/www.webdo.tn\/fr\/#organization","name":"Webdo","alternateName":"Webdo.tn","url":"https:\/\/www.webdo.tn\/fr\/","logo":{"@type":"ImageObject","inLanguage":"fr-FR","@id":"https:\/\/www.webdo.tn\/fr\/#\/schema\/logo\/image\/","url":"https:\/\/www.webdo.tn\/fr\/wp-content\/uploads\/2025\/06\/Webdo-Tunisie_168377.jpg","contentUrl":"https:\/\/www.webdo.tn\/fr\/wp-content\/uploads\/2025\/06\/Webdo-Tunisie_168377.jpg","width":301,"height":301,"caption":"Webdo"},"image":{"@id":"https:\/\/www.webdo.tn\/fr\/#\/schema\/logo\/image\/"},"sameAs":["https:\/\/www.facebook.com\/webdotn","https:\/\/x.com\/webdo_tn"],"description":"Webdo est un m\u00e9dia num\u00e9rique tunisien fond\u00e9 en 2010, sp\u00e9cialis\u00e9 dans l\u2019actualit\u00e9 nationale et internationale, l\u2019\u00e9conomie, la soci\u00e9t\u00e9 et les analyses politiques. Le site s\u2019adresse \u00e0 un large public francophone et couvre l\u2019information tunisienne en temps r\u00e9el.","email":"redac@webdo.tn","legalName":"YNJ SARL","foundingDate":"2010-09-06","numberOfEmployees":{"@type":"QuantitativeValue","minValue":"11","maxValue":"50"}},{"@type":"Person","@id":"https:\/\/www.webdo.tn\/fr\/#\/schema\/person\/2c509d3aeb706736cdf7dc93d76b6fe1","name":"Walid Ben Youssef","image":{"@type":"ImageObject","inLanguage":"fr-FR","@id":"https:\/\/www.webdo.tn\/fr\/wp-content\/uploads\/2026\/04\/walid-ben-youssef_avatar-96x96.jpg","url":"https:\/\/www.webdo.tn\/fr\/wp-content\/uploads\/2026\/04\/walid-ben-youssef_avatar-96x96.jpg","contentUrl":"https:\/\/www.webdo.tn\/fr\/wp-content\/uploads\/2026\/04\/walid-ben-youssef_avatar-96x96.jpg","caption":"Walid Ben Youssef"},"description":"Walid Ben Youssef est fondateur et directeur de publication de Webdo.tn, m\u00e9dia num\u00e9rique tunisien lanc\u00e9 en 2011. Journaliste depuis plus de 20 ans, il a d\u00e9but\u00e9 sa carri\u00e8re au sein du groupe Dar Tunis-Hebdo, o\u00f9 il a contribu\u00e9 d\u00e8s le d\u00e9but des ann\u00e9es 2000 au d\u00e9veloppement des premi\u00e8res initiatives web du titre. Avant de fonder Webdo, il a occup\u00e9 les fonctions de directeur adjoint du groupe Dar Tunis-Hebdo, participant au d\u00e9veloppement \u00e9ditorial, publicitaire et num\u00e9rique du groupe. Sp\u00e9cialis\u00e9 dans les m\u00e9dias num\u00e9riques, la transformation digitale de l\u2019information et l\u2019actualit\u00e9 nationale et internationale, il supervise la ligne \u00e9ditoriale de Webdo et pilote son d\u00e9veloppement strat\u00e9gique. Dipl\u00f4m\u00e9 en math\u00e9matiques de l\u2019Universit\u00e9 d\u2019Oregon (\u00c9tats-Unis), il associe une approche analytique \u00e0 une expertise de terrain du journalisme. \ud83d\udd17 Facebook : https:\/\/www.facebook.com\/wby.webdo","sameAs":["https:\/\/www.facebook.com\/wby.webdo"],"knowsAbout":["journalisme","m\u00e9dias num\u00e9riques","transformation digitale","actualit\u00e9 tunisienne","g\u00e9opolitique"],"knowsLanguage":["Fran\u00e7ais","Arabe","Anglais"],"jobTitle":"Fondateur et directeur de publication","worksFor":"Webdo.tn","url":"https:\/\/www.webdo.tn\/fr\/actualite\/author\/walid-ben-youssef\/"}]}},"_links":{"self":[{"href":"https:\/\/www.webdo.tn\/fr\/wp-json\/wp\/v2\/posts\/391723","targetHints":{"allow":["GET"]}}],"collection":[{"href":"https:\/\/www.webdo.tn\/fr\/wp-json\/wp\/v2\/posts"}],"about":[{"href":"https:\/\/www.webdo.tn\/fr\/wp-json\/wp\/v2\/types\/post"}],"author":[{"embeddable":true,"href":"https:\/\/www.webdo.tn\/fr\/wp-json\/wp\/v2\/users\/3183"}],"replies":[{"embeddable":true,"href":"https:\/\/www.webdo.tn\/fr\/wp-json\/wp\/v2\/comments?post=391723"}],"version-history":[{"count":0,"href":"https:\/\/www.webdo.tn\/fr\/wp-json\/wp\/v2\/posts\/391723\/revisions"}],"wp:featuredmedia":[{"embeddable":true,"href":"https:\/\/www.webdo.tn\/fr\/wp-json\/wp\/v2\/media\/391755"}],"wp:attachment":[{"href":"https:\/\/www.webdo.tn\/fr\/wp-json\/wp\/v2\/media?parent=391723"}],"wp:term":[{"taxonomy":"category","embeddable":true,"href":"https:\/\/www.webdo.tn\/fr\/wp-json\/wp\/v2\/categories?post=391723"},{"taxonomy":"post_tag","embeddable":true,"href":"https:\/\/www.webdo.tn\/fr\/wp-json\/wp\/v2\/tags?post=391723"}],"curies":[{"name":"wp","href":"https:\/\/api.w.org\/{rel}","templated":true}]}}