{"id":391688,"date":"2026-01-20T18:36:47","date_gmt":"2026-01-20T17:36:47","guid":{"rendered":"https:\/\/www.webdo.tn\/fr\/?p=391688"},"modified":"2026-01-20T18:36:49","modified_gmt":"2026-01-20T17:36:49","slug":"meteo-instable-en-tunisie-le-mauvais-temps-se-prolonge","status":"publish","type":"post","link":"https:\/\/www.webdo.tn\/fr\/actualite\/national\/meteo-instable-en-tunisie-le-mauvais-temps-se-prolonge\/391688\/","title":{"rendered":"M\u00e9t\u00e9o instable en Tunisie : Le mauvais temps se prolonge"},"content":{"rendered":"\n<p><strong>Le temps perturb\u00e9 continue de s\u2019imposer sur une grande partie du pays, avec des pluies parfois orageuses attendues au Nord et dans plusieurs r\u00e9gions de l\u2019int\u00e9rieur. Vents forts, mer dangereuse et baisse sensible des temp\u00e9ratures viennent accentuer un \u00e9pisode m\u00e9t\u00e9orologique d\u00e9j\u00e0 sous haute surveillance.<\/strong><\/p>\n\n\n\n<p>Le mauvais temps continue de dominer le paysage m\u00e9t\u00e9orologique. Les pr\u00e9cipitations, parfois accompagn\u00e9es d\u2019orages, devraient se poursuivre sur le Nord et s\u2019\u00e9tendre localement vers le Centre-ouest et le Sud-ouest. Les services m\u00e9t\u00e9orologiques pr\u00e9viennent que les quantit\u00e9s les plus importantes sont attendues sur l\u2019extr\u00eame Nord-ouest, o\u00f9 les cumuls pourraient rester \u00e9lev\u00e9s.<\/p>\n\n\n\n<h2 class=\"wp-block-heading\" id=\"h-un-vent-de-plus-en-plus-soutenu\">Un vent de plus en plus soutenu<\/h2>\n\n\n\n<p>La situation restera marqu\u00e9e par un renforcement notable du vent. De secteur ouest, il soufflera fortement pr\u00e8s des c\u00f4tes et restera mod\u00e9r\u00e9 \u00e0 relativement fort \u00e0 l\u2019int\u00e9rieur du pays. Sous l\u2019effet des orages, les rafales pourraient gagner en intensit\u00e9 et d\u00e9passer localement les 60 km\/h, augmentant les risques de perturbations, notamment sur les routes et en mer.<\/p>\n\n\n\n<p>En mer, la prudence est de mise. Le bassin nord sera particuli\u00e8rement agit\u00e9, avec une mer annonc\u00e9e violente, tandis que le reste des c\u00f4tes conna\u00eetra une agitation soutenue, oscillant entre houleuse et tr\u00e8s houleuse. Les activit\u00e9s maritimes restent fortement d\u00e9conseill\u00e9es dans ces conditions.<\/p>\n\n\n\n<h2 class=\"wp-block-heading\" id=\"h-une-situation-toujours-sous-surveillance\">Une situation toujours sous surveillance<\/h2>\n\n\n\n<p>Les temp\u00e9ratures nocturnes afficheront une baisse sensible. Les minimales devraient osciller entre 5 et 9 degr\u00e9s dans les r\u00e9gions du Nord, tandis qu\u2019elles se situeront entre 10 et 15 degr\u00e9s dans le reste du pays, renfor\u00e7ant la sensation de froid dans un contexte d\u00e9j\u00e0 marqu\u00e9 par l\u2019humidit\u00e9 et le vent.<\/p>\n\n\n\n<p>Les services m\u00e9t\u00e9orologiques appellent \u00e0 la vigilance, notamment dans les zones expos\u00e9es aux fortes pluies, aux rafales de vent et \u00e0 la mer agit\u00e9e, dans un contexte o\u00f9 le pays reste sous l\u2019influence d\u2019un syst\u00e8me perturb\u00e9 actif.<\/p>\n\n\n\n<p><\/p>\n\n\n\n<iframe src=\"https:\/\/www.facebook.com\/plugins\/post.php?href=https%3A%2F%2Fwww.facebook.com%2FInstitut.National.Meteorologie%2Fposts%2Fpfbid02kYK61K12g2ewNt6cvdSpCN8gW6HDCgeUNJuLuUXQ8stsrU8SdafDvzfCU8GU3MGpl&#038;show_text=true&#038;width=500\" width=\"500\" height=\"725\" style=\"border:none;overflow:hidden\" scrolling=\"no\" frameborder=\"0\" allowfullscreen=\"true\" allow=\"autoplay; clipboard-write; encrypted-media; picture-in-picture; web-share\"><\/iframe>\n\n\n\n<p><\/p>\n\n\n\n<blockquote class=\"wp-block-quote is-layout-flow wp-block-quote-is-layout-flow\">\n<blockquote class=\"wp-block-quote is-layout-flow wp-block-quote-is-layout-flow\">\n<p><strong>Lire aussi :<\/strong><\/p>\n\n\n\n<ul class=\"wp-block-list\">\n<li><a href=\"https:\/\/www.webdo.tn\/fr\/actualite\/national\/intemperies-meurtrieres-en-tunisie-quatre-morts-a-moknine-le-pays-sous-alerte-maximale\/391685\/\">Intemp\u00e9ries meurtri\u00e8res en Tunisie : Quatre morts \u00e0 Moknine, le pays sous alerte maximale<\/a><\/li>\n\n\n\n<li><a href=\"https:\/\/www.webdo.tn\/fr\/actualite\/national\/inondations-en-tunisie-kais-saied-mobilise-larmee\/391682\/\">Inondations en Tunisie : Kais Saied mobilise l\u2019arm\u00e9e<\/a><\/li>\n\n\n\n<li><a href=\"https:\/\/www.webdo.tn\/fr\/actualite\/national\/pluies-diluviennes-les-transports-publics-a-larret-dans-le-grand-tunis\/391642\/\">Pluies diluviennes : Les transports publics \u00e0 l\u2019arr\u00eat dans le Grand Tunis<\/a><\/li>\n\n\n\n<li><a href=\"https:\/\/www.webdo.tn\/fr\/actualite\/national\/intemperies-exceptionnelles-le-grand-tunis-nabeul-et-monastir-basculent-en-vigilance-rouge\/391653\/\">Intemp\u00e9ries exceptionnelles : Le Grand Tunis, Nabeul et Monastir basculent en vigilance rouge<\/a><\/li>\n\n\n\n<li><a href=\"https:\/\/www.webdo.tn\/fr\/actualite\/national\/tempete-harry-pourquoi-la-tunisie-subit-un-episode-meteo-extreme\/391643\/\">Temp\u00eate Harry : pourquoi la Tunisie subit un \u00e9pisode m\u00e9t\u00e9o extr\u00eame<\/a><\/li>\n<\/ul>\n<\/blockquote>\n<\/blockquote>\n","protected":false},"excerpt":{"rendered":"<p>Le temps perturb\u00e9 continue de s\u2019imposer sur une grande partie du pays, avec des pluies parfois orageuses attendues au Nord et dans plusieurs r\u00e9gions de l\u2019int\u00e9rieur. Vents forts, mer dangereuse et baisse sensible des temp\u00e9ratures viennent accentuer un \u00e9pisode m\u00e9t\u00e9orologique d\u00e9j\u00e0 sous haute surveillance. Le mauvais temps continue de dominer le paysage m\u00e9t\u00e9orologique. Les pr\u00e9cipitations, [&hellip;]<\/p>\n","protected":false},"author":4782,"featured_media":391689,"comment_status":"closed","ping_status":"closed","sticky":false,"template":"","format":"standard","meta":{"footnotes":""},"categories":[44],"tags":[2712,2670,3163,2608],"class_list":["post-391688","post","type-post","status-publish","format-standard","has-post-thumbnail","hentry","category-national","tag-intemperies","tag-meteo","tag-pluies","tag-tunisie"],"yoast_head":"<!-- This site is optimized with the Yoast SEO Premium plugin v27.5 (Yoast SEO v27.5) - https:\/\/yoast.com\/product\/yoast-seo-premium-wordpress\/ -->\n<title>M\u00e9t\u00e9o instable en Tunisie : Le mauvais temps se prolonge - webdo<\/title>\n<meta name=\"description\" content=\"M\u00e9t\u00e9o instable en Tunisie : Le mauvais temps se prolonge avec des pluies orageuses et des vents forts dans plusieurs r\u00e9gions.\" \/>\n<link rel=\"canonical\" href=\"https:\/\/www.webdo.tn\/fr\/actualite\/national\/meteo-instable-en-tunisie-le-mauvais-temps-se-prolonge\/391688\/\" \/>\n<meta property=\"og:locale\" content=\"fr_FR\" \/>\n<meta property=\"og:type\" content=\"article\" \/>\n<meta property=\"og:title\" content=\"M\u00e9t\u00e9o instable en Tunisie : Le mauvais temps se prolonge\" \/>\n<meta property=\"og:description\" content=\"M\u00e9t\u00e9o instable en Tunisie : Le mauvais temps se prolonge avec des pluies orageuses et des vents forts dans plusieurs r\u00e9gions.\" \/>\n<meta property=\"og:url\" content=\"https:\/\/www.webdo.tn\/fr\/actualite\/national\/meteo-instable-en-tunisie-le-mauvais-temps-se-prolonge\/391688\/\" \/>\n<meta property=\"og:site_name\" content=\"webdo\" \/>\n<meta property=\"article:publisher\" content=\"https:\/\/www.facebook.com\/webdotn\" \/>\n<meta property=\"article:published_time\" content=\"2026-01-20T17:36:47+00:00\" \/>\n<meta property=\"article:modified_time\" content=\"2026-01-20T17:36:49+00:00\" \/>\n<meta property=\"og:image\" content=\"https:\/\/www.webdo.tn\/fr\/wp-content\/uploads\/2026\/01\/meteo-1.jpg\" \/>\n\t<meta property=\"og:image:width\" content=\"1200\" \/>\n\t<meta property=\"og:image:height\" content=\"602\" \/>\n\t<meta property=\"og:image:type\" content=\"image\/jpeg\" \/>\n<meta name=\"author\" content=\"Mohamed Fethi\" \/>\n<meta name=\"twitter:card\" content=\"summary_large_image\" \/>\n<meta name=\"twitter:creator\" content=\"@webdo_tn\" \/>\n<meta name=\"twitter:site\" content=\"@webdo_tn\" \/>\n<meta name=\"twitter:label1\" content=\"\u00c9crit par\" \/>\n\t<meta name=\"twitter:data1\" content=\"Mohamed Fethi\" \/>\n\t<meta name=\"twitter:label2\" content=\"Dur\u00e9e de lecture estim\u00e9e\" \/>\n\t<meta name=\"twitter:data2\" content=\"2 minutes\" \/>\n<script type=\"application\/ld+json\" class=\"yoast-schema-graph\">{\"@context\":\"https:\\\/\\\/schema.org\",\"@graph\":[{\"@type\":\"NewsArticle\",\"@id\":\"https:\\\/\\\/www.webdo.tn\\\/fr\\\/actualite\\\/national\\\/meteo-instable-en-tunisie-le-mauvais-temps-se-prolonge\\\/391688\\\/#article\",\"isPartOf\":{\"@id\":\"https:\\\/\\\/www.webdo.tn\\\/fr\\\/actualite\\\/national\\\/meteo-instable-en-tunisie-le-mauvais-temps-se-prolonge\\\/391688\\\/\"},\"author\":{\"name\":\"Mohamed Fethi\",\"@id\":\"https:\\\/\\\/www.webdo.tn\\\/fr\\\/#\\\/schema\\\/person\\\/16a4857e77dfc0b610c4c2cadffc9ac4\"},\"headline\":\"M\u00e9t\u00e9o instable en Tunisie : Le mauvais temps se prolonge\",\"datePublished\":\"2026-01-20T17:36:47+00:00\",\"dateModified\":\"2026-01-20T17:36:49+00:00\",\"mainEntityOfPage\":{\"@id\":\"https:\\\/\\\/www.webdo.tn\\\/fr\\\/actualite\\\/national\\\/meteo-instable-en-tunisie-le-mauvais-temps-se-prolonge\\\/391688\\\/\"},\"wordCount\":412,\"publisher\":{\"@id\":\"https:\\\/\\\/www.webdo.tn\\\/fr\\\/#organization\"},\"image\":{\"@id\":\"https:\\\/\\\/www.webdo.tn\\\/fr\\\/actualite\\\/national\\\/meteo-instable-en-tunisie-le-mauvais-temps-se-prolonge\\\/391688\\\/#primaryimage\"},\"thumbnailUrl\":\"https:\\\/\\\/www.webdo.tn\\\/fr\\\/wp-content\\\/uploads\\\/2026\\\/01\\\/meteo-1.jpg\",\"keywords\":[\"Intemp\u00e9ries\",\"m\u00e9t\u00e9o\",\"pluies\",\"Tunisie\"],\"articleSection\":[\"National\"],\"inLanguage\":\"fr-FR\"},{\"@type\":\"WebPage\",\"@id\":\"https:\\\/\\\/www.webdo.tn\\\/fr\\\/actualite\\\/national\\\/meteo-instable-en-tunisie-le-mauvais-temps-se-prolonge\\\/391688\\\/\",\"url\":\"https:\\\/\\\/www.webdo.tn\\\/fr\\\/actualite\\\/national\\\/meteo-instable-en-tunisie-le-mauvais-temps-se-prolonge\\\/391688\\\/\",\"name\":\"M\u00e9t\u00e9o instable en Tunisie : Le mauvais temps se prolonge - webdo\",\"isPartOf\":{\"@id\":\"https:\\\/\\\/www.webdo.tn\\\/fr\\\/#website\"},\"primaryImageOfPage\":{\"@id\":\"https:\\\/\\\/www.webdo.tn\\\/fr\\\/actualite\\\/national\\\/meteo-instable-en-tunisie-le-mauvais-temps-se-prolonge\\\/391688\\\/#primaryimage\"},\"image\":{\"@id\":\"https:\\\/\\\/www.webdo.tn\\\/fr\\\/actualite\\\/national\\\/meteo-instable-en-tunisie-le-mauvais-temps-se-prolonge\\\/391688\\\/#primaryimage\"},\"thumbnailUrl\":\"https:\\\/\\\/www.webdo.tn\\\/fr\\\/wp-content\\\/uploads\\\/2026\\\/01\\\/meteo-1.jpg\",\"datePublished\":\"2026-01-20T17:36:47+00:00\",\"dateModified\":\"2026-01-20T17:36:49+00:00\",\"description\":\"M\u00e9t\u00e9o instable en Tunisie : Le mauvais temps se prolonge avec des pluies orageuses et des vents forts dans plusieurs r\u00e9gions.\",\"breadcrumb\":{\"@id\":\"https:\\\/\\\/www.webdo.tn\\\/fr\\\/actualite\\\/national\\\/meteo-instable-en-tunisie-le-mauvais-temps-se-prolonge\\\/391688\\\/#breadcrumb\"},\"inLanguage\":\"fr-FR\",\"potentialAction\":[{\"@type\":\"ReadAction\",\"target\":[\"https:\\\/\\\/www.webdo.tn\\\/fr\\\/actualite\\\/national\\\/meteo-instable-en-tunisie-le-mauvais-temps-se-prolonge\\\/391688\\\/\"]}]},{\"@type\":\"ImageObject\",\"inLanguage\":\"fr-FR\",\"@id\":\"https:\\\/\\\/www.webdo.tn\\\/fr\\\/actualite\\\/national\\\/meteo-instable-en-tunisie-le-mauvais-temps-se-prolonge\\\/391688\\\/#primaryimage\",\"url\":\"https:\\\/\\\/www.webdo.tn\\\/fr\\\/wp-content\\\/uploads\\\/2026\\\/01\\\/meteo-1.jpg\",\"contentUrl\":\"https:\\\/\\\/www.webdo.tn\\\/fr\\\/wp-content\\\/uploads\\\/2026\\\/01\\\/meteo-1.jpg\",\"width\":1200,\"height\":602,\"caption\":\"M\u00e9t\u00e9o instable en Tunisie : Le mauvais temps se prolonge\"},{\"@type\":\"BreadcrumbList\",\"@id\":\"https:\\\/\\\/www.webdo.tn\\\/fr\\\/actualite\\\/national\\\/meteo-instable-en-tunisie-le-mauvais-temps-se-prolonge\\\/391688\\\/#breadcrumb\",\"itemListElement\":[{\"@type\":\"ListItem\",\"position\":1,\"name\":\"Accueil\",\"item\":\"https:\\\/\\\/www.webdo.tn\\\/fr\\\/\"},{\"@type\":\"ListItem\",\"position\":2,\"name\":\"M\u00e9t\u00e9o instable en Tunisie : Le mauvais temps se prolonge\"}]},{\"@type\":\"WebSite\",\"@id\":\"https:\\\/\\\/www.webdo.tn\\\/fr\\\/#website\",\"url\":\"https:\\\/\\\/www.webdo.tn\\\/fr\\\/\",\"name\":\"webdo\",\"description\":\"Tunisie - News en Tunisie et \u00e0 l&#039;international sur Webdo.tn\",\"publisher\":{\"@id\":\"https:\\\/\\\/www.webdo.tn\\\/fr\\\/#organization\"},\"potentialAction\":[{\"@type\":\"SearchAction\",\"target\":{\"@type\":\"EntryPoint\",\"urlTemplate\":\"https:\\\/\\\/www.webdo.tn\\\/fr\\\/?s={search_term_string}\"},\"query-input\":{\"@type\":\"PropertyValueSpecification\",\"valueRequired\":true,\"valueName\":\"search_term_string\"}}],\"inLanguage\":\"fr-FR\"},{\"@type\":\"Organization\",\"@id\":\"https:\\\/\\\/www.webdo.tn\\\/fr\\\/#organization\",\"name\":\"Webdo\",\"alternateName\":\"Webdo.tn\",\"url\":\"https:\\\/\\\/www.webdo.tn\\\/fr\\\/\",\"logo\":{\"@type\":\"ImageObject\",\"inLanguage\":\"fr-FR\",\"@id\":\"https:\\\/\\\/www.webdo.tn\\\/fr\\\/#\\\/schema\\\/logo\\\/image\\\/\",\"url\":\"https:\\\/\\\/www.webdo.tn\\\/fr\\\/wp-content\\\/uploads\\\/2025\\\/06\\\/Webdo-Tunisie_168377.jpg\",\"contentUrl\":\"https:\\\/\\\/www.webdo.tn\\\/fr\\\/wp-content\\\/uploads\\\/2025\\\/06\\\/Webdo-Tunisie_168377.jpg\",\"width\":301,\"height\":301,\"caption\":\"Webdo\"},\"image\":{\"@id\":\"https:\\\/\\\/www.webdo.tn\\\/fr\\\/#\\\/schema\\\/logo\\\/image\\\/\"},\"sameAs\":[\"https:\\\/\\\/www.facebook.com\\\/webdotn\",\"https:\\\/\\\/x.com\\\/webdo_tn\"],\"description\":\"Webdo est un m\u00e9dia num\u00e9rique tunisien fond\u00e9 en 2010, sp\u00e9cialis\u00e9 dans l\u2019actualit\u00e9 nationale et internationale, l\u2019\u00e9conomie, la soci\u00e9t\u00e9 et les analyses politiques. Le site s\u2019adresse \u00e0 un large public francophone et couvre l\u2019information tunisienne en temps r\u00e9el.\",\"email\":\"redac@webdo.tn\",\"legalName\":\"YNJ SARL\",\"foundingDate\":\"2010-09-06\",\"numberOfEmployees\":{\"@type\":\"QuantitativeValue\",\"minValue\":\"11\",\"maxValue\":\"50\"}},{\"@type\":\"Person\",\"@id\":\"https:\\\/\\\/www.webdo.tn\\\/fr\\\/#\\\/schema\\\/person\\\/16a4857e77dfc0b610c4c2cadffc9ac4\",\"name\":\"Mohamed Fethi\",\"image\":{\"@type\":\"ImageObject\",\"inLanguage\":\"fr-FR\",\"@id\":\"https:\\\/\\\/www.webdo.tn\\\/fr\\\/wp-content\\\/uploads\\\/2026\\\/04\\\/mohamed-fethi_avatar_1-96x96.jpg\",\"url\":\"https:\\\/\\\/www.webdo.tn\\\/fr\\\/wp-content\\\/uploads\\\/2026\\\/04\\\/mohamed-fethi_avatar_1-96x96.jpg\",\"contentUrl\":\"https:\\\/\\\/www.webdo.tn\\\/fr\\\/wp-content\\\/uploads\\\/2026\\\/04\\\/mohamed-fethi_avatar_1-96x96.jpg\",\"caption\":\"Mohamed Fethi\"},\"description\":\"Signature \u00e9ditoriale de Maher Chaabane Mohamed Fethi est le pseudonyme \u00e9ditorial de Maher Chaabane, r\u00e9dacteur en chef de Webdo.tn depuis 2012. Cette signature est d\u00e9di\u00e9e au traitement intensif de l'actualit\u00e9 nationale et internationale en temps r\u00e9el. S'appuyant sur les deux d\u00e9cennies d'expertise journalistique de Maher Chaabane \u2014 d\u00e9but\u00e9e au sein du groupe Tunis Hebdo en 2000 \u2014 Mohamed Fethi assure une veille rigoureuse sur les enjeux politiques, \u00e9conomiques et sportifs. Sa mission est de garantir une information structur\u00e9e, fluide et fid\u00e8le aux standards de la r\u00e9daction. Pour consulter le parcours complet du r\u00e9dacteur en chef, visitez le profil officiel de Maher Chaabane.\",\"knowsAbout\":[\"actualit\u00e9\",\"journalisme\",\"information\",\"politique\",\"sport\",\"m\u00e9dias\",\"actualit\u00e9 internationale\"],\"knowsLanguage\":[\"Fran\u00e7ais\",\"Arabe\"],\"jobTitle\":\"Journaliste \u2013 R\u00e9daction Webdo\",\"worksFor\":\"Webdo.tn\",\"url\":\"https:\\\/\\\/www.webdo.tn\\\/fr\\\/actualite\\\/author\\\/mohamed-fethi\\\/\"}]}<\/script>\n<!-- \/ Yoast SEO Premium plugin. -->","yoast_head_json":{"title":"M\u00e9t\u00e9o instable en Tunisie : Le mauvais temps se prolonge - webdo","description":"M\u00e9t\u00e9o instable en Tunisie : Le mauvais temps se prolonge avec des pluies orageuses et des vents forts dans plusieurs r\u00e9gions.","canonical":"https:\/\/www.webdo.tn\/fr\/actualite\/national\/meteo-instable-en-tunisie-le-mauvais-temps-se-prolonge\/391688\/","og_locale":"fr_FR","og_type":"article","og_title":"M\u00e9t\u00e9o instable en Tunisie : Le mauvais temps se prolonge","og_description":"M\u00e9t\u00e9o instable en Tunisie : Le mauvais temps se prolonge avec des pluies orageuses et des vents forts dans plusieurs r\u00e9gions.","og_url":"https:\/\/www.webdo.tn\/fr\/actualite\/national\/meteo-instable-en-tunisie-le-mauvais-temps-se-prolonge\/391688\/","og_site_name":"webdo","article_publisher":"https:\/\/www.facebook.com\/webdotn","article_published_time":"2026-01-20T17:36:47+00:00","article_modified_time":"2026-01-20T17:36:49+00:00","og_image":[{"width":1200,"height":602,"url":"https:\/\/www.webdo.tn\/fr\/wp-content\/uploads\/2026\/01\/meteo-1.jpg","type":"image\/jpeg"}],"author":"Mohamed Fethi","twitter_card":"summary_large_image","twitter_creator":"@webdo_tn","twitter_site":"@webdo_tn","twitter_misc":{"\u00c9crit par":"Mohamed Fethi","Dur\u00e9e de lecture estim\u00e9e":"2 minutes"},"schema":{"@context":"https:\/\/schema.org","@graph":[{"@type":"NewsArticle","@id":"https:\/\/www.webdo.tn\/fr\/actualite\/national\/meteo-instable-en-tunisie-le-mauvais-temps-se-prolonge\/391688\/#article","isPartOf":{"@id":"https:\/\/www.webdo.tn\/fr\/actualite\/national\/meteo-instable-en-tunisie-le-mauvais-temps-se-prolonge\/391688\/"},"author":{"name":"Mohamed Fethi","@id":"https:\/\/www.webdo.tn\/fr\/#\/schema\/person\/16a4857e77dfc0b610c4c2cadffc9ac4"},"headline":"M\u00e9t\u00e9o instable en Tunisie : Le mauvais temps se prolonge","datePublished":"2026-01-20T17:36:47+00:00","dateModified":"2026-01-20T17:36:49+00:00","mainEntityOfPage":{"@id":"https:\/\/www.webdo.tn\/fr\/actualite\/national\/meteo-instable-en-tunisie-le-mauvais-temps-se-prolonge\/391688\/"},"wordCount":412,"publisher":{"@id":"https:\/\/www.webdo.tn\/fr\/#organization"},"image":{"@id":"https:\/\/www.webdo.tn\/fr\/actualite\/national\/meteo-instable-en-tunisie-le-mauvais-temps-se-prolonge\/391688\/#primaryimage"},"thumbnailUrl":"https:\/\/www.webdo.tn\/fr\/wp-content\/uploads\/2026\/01\/meteo-1.jpg","keywords":["Intemp\u00e9ries","m\u00e9t\u00e9o","pluies","Tunisie"],"articleSection":["National"],"inLanguage":"fr-FR"},{"@type":"WebPage","@id":"https:\/\/www.webdo.tn\/fr\/actualite\/national\/meteo-instable-en-tunisie-le-mauvais-temps-se-prolonge\/391688\/","url":"https:\/\/www.webdo.tn\/fr\/actualite\/national\/meteo-instable-en-tunisie-le-mauvais-temps-se-prolonge\/391688\/","name":"M\u00e9t\u00e9o instable en Tunisie : Le mauvais temps se prolonge - webdo","isPartOf":{"@id":"https:\/\/www.webdo.tn\/fr\/#website"},"primaryImageOfPage":{"@id":"https:\/\/www.webdo.tn\/fr\/actualite\/national\/meteo-instable-en-tunisie-le-mauvais-temps-se-prolonge\/391688\/#primaryimage"},"image":{"@id":"https:\/\/www.webdo.tn\/fr\/actualite\/national\/meteo-instable-en-tunisie-le-mauvais-temps-se-prolonge\/391688\/#primaryimage"},"thumbnailUrl":"https:\/\/www.webdo.tn\/fr\/wp-content\/uploads\/2026\/01\/meteo-1.jpg","datePublished":"2026-01-20T17:36:47+00:00","dateModified":"2026-01-20T17:36:49+00:00","description":"M\u00e9t\u00e9o instable en Tunisie : Le mauvais temps se prolonge avec des pluies orageuses et des vents forts dans plusieurs r\u00e9gions.","breadcrumb":{"@id":"https:\/\/www.webdo.tn\/fr\/actualite\/national\/meteo-instable-en-tunisie-le-mauvais-temps-se-prolonge\/391688\/#breadcrumb"},"inLanguage":"fr-FR","potentialAction":[{"@type":"ReadAction","target":["https:\/\/www.webdo.tn\/fr\/actualite\/national\/meteo-instable-en-tunisie-le-mauvais-temps-se-prolonge\/391688\/"]}]},{"@type":"ImageObject","inLanguage":"fr-FR","@id":"https:\/\/www.webdo.tn\/fr\/actualite\/national\/meteo-instable-en-tunisie-le-mauvais-temps-se-prolonge\/391688\/#primaryimage","url":"https:\/\/www.webdo.tn\/fr\/wp-content\/uploads\/2026\/01\/meteo-1.jpg","contentUrl":"https:\/\/www.webdo.tn\/fr\/wp-content\/uploads\/2026\/01\/meteo-1.jpg","width":1200,"height":602,"caption":"M\u00e9t\u00e9o instable en Tunisie : Le mauvais temps se prolonge"},{"@type":"BreadcrumbList","@id":"https:\/\/www.webdo.tn\/fr\/actualite\/national\/meteo-instable-en-tunisie-le-mauvais-temps-se-prolonge\/391688\/#breadcrumb","itemListElement":[{"@type":"ListItem","position":1,"name":"Accueil","item":"https:\/\/www.webdo.tn\/fr\/"},{"@type":"ListItem","position":2,"name":"M\u00e9t\u00e9o instable en Tunisie : Le mauvais temps se prolonge"}]},{"@type":"WebSite","@id":"https:\/\/www.webdo.tn\/fr\/#website","url":"https:\/\/www.webdo.tn\/fr\/","name":"webdo","description":"Tunisie - News en Tunisie et \u00e0 l&#039;international sur Webdo.tn","publisher":{"@id":"https:\/\/www.webdo.tn\/fr\/#organization"},"potentialAction":[{"@type":"SearchAction","target":{"@type":"EntryPoint","urlTemplate":"https:\/\/www.webdo.tn\/fr\/?s={search_term_string}"},"query-input":{"@type":"PropertyValueSpecification","valueRequired":true,"valueName":"search_term_string"}}],"inLanguage":"fr-FR"},{"@type":"Organization","@id":"https:\/\/www.webdo.tn\/fr\/#organization","name":"Webdo","alternateName":"Webdo.tn","url":"https:\/\/www.webdo.tn\/fr\/","logo":{"@type":"ImageObject","inLanguage":"fr-FR","@id":"https:\/\/www.webdo.tn\/fr\/#\/schema\/logo\/image\/","url":"https:\/\/www.webdo.tn\/fr\/wp-content\/uploads\/2025\/06\/Webdo-Tunisie_168377.jpg","contentUrl":"https:\/\/www.webdo.tn\/fr\/wp-content\/uploads\/2025\/06\/Webdo-Tunisie_168377.jpg","width":301,"height":301,"caption":"Webdo"},"image":{"@id":"https:\/\/www.webdo.tn\/fr\/#\/schema\/logo\/image\/"},"sameAs":["https:\/\/www.facebook.com\/webdotn","https:\/\/x.com\/webdo_tn"],"description":"Webdo est un m\u00e9dia num\u00e9rique tunisien fond\u00e9 en 2010, sp\u00e9cialis\u00e9 dans l\u2019actualit\u00e9 nationale et internationale, l\u2019\u00e9conomie, la soci\u00e9t\u00e9 et les analyses politiques. Le site s\u2019adresse \u00e0 un large public francophone et couvre l\u2019information tunisienne en temps r\u00e9el.","email":"redac@webdo.tn","legalName":"YNJ SARL","foundingDate":"2010-09-06","numberOfEmployees":{"@type":"QuantitativeValue","minValue":"11","maxValue":"50"}},{"@type":"Person","@id":"https:\/\/www.webdo.tn\/fr\/#\/schema\/person\/16a4857e77dfc0b610c4c2cadffc9ac4","name":"Mohamed Fethi","image":{"@type":"ImageObject","inLanguage":"fr-FR","@id":"https:\/\/www.webdo.tn\/fr\/wp-content\/uploads\/2026\/04\/mohamed-fethi_avatar_1-96x96.jpg","url":"https:\/\/www.webdo.tn\/fr\/wp-content\/uploads\/2026\/04\/mohamed-fethi_avatar_1-96x96.jpg","contentUrl":"https:\/\/www.webdo.tn\/fr\/wp-content\/uploads\/2026\/04\/mohamed-fethi_avatar_1-96x96.jpg","caption":"Mohamed Fethi"},"description":"Signature \u00e9ditoriale de Maher Chaabane Mohamed Fethi est le pseudonyme \u00e9ditorial de Maher Chaabane, r\u00e9dacteur en chef de Webdo.tn depuis 2012. Cette signature est d\u00e9di\u00e9e au traitement intensif de l'actualit\u00e9 nationale et internationale en temps r\u00e9el. S'appuyant sur les deux d\u00e9cennies d'expertise journalistique de Maher Chaabane \u2014 d\u00e9but\u00e9e au sein du groupe Tunis Hebdo en 2000 \u2014 Mohamed Fethi assure une veille rigoureuse sur les enjeux politiques, \u00e9conomiques et sportifs. Sa mission est de garantir une information structur\u00e9e, fluide et fid\u00e8le aux standards de la r\u00e9daction. Pour consulter le parcours complet du r\u00e9dacteur en chef, visitez le profil officiel de Maher Chaabane.","knowsAbout":["actualit\u00e9","journalisme","information","politique","sport","m\u00e9dias","actualit\u00e9 internationale"],"knowsLanguage":["Fran\u00e7ais","Arabe"],"jobTitle":"Journaliste \u2013 R\u00e9daction Webdo","worksFor":"Webdo.tn","url":"https:\/\/www.webdo.tn\/fr\/actualite\/author\/mohamed-fethi\/"}]}},"_links":{"self":[{"href":"https:\/\/www.webdo.tn\/fr\/wp-json\/wp\/v2\/posts\/391688","targetHints":{"allow":["GET"]}}],"collection":[{"href":"https:\/\/www.webdo.tn\/fr\/wp-json\/wp\/v2\/posts"}],"about":[{"href":"https:\/\/www.webdo.tn\/fr\/wp-json\/wp\/v2\/types\/post"}],"author":[{"embeddable":true,"href":"https:\/\/www.webdo.tn\/fr\/wp-json\/wp\/v2\/users\/4782"}],"replies":[{"embeddable":true,"href":"https:\/\/www.webdo.tn\/fr\/wp-json\/wp\/v2\/comments?post=391688"}],"version-history":[{"count":0,"href":"https:\/\/www.webdo.tn\/fr\/wp-json\/wp\/v2\/posts\/391688\/revisions"}],"wp:featuredmedia":[{"embeddable":true,"href":"https:\/\/www.webdo.tn\/fr\/wp-json\/wp\/v2\/media\/391689"}],"wp:attachment":[{"href":"https:\/\/www.webdo.tn\/fr\/wp-json\/wp\/v2\/media?parent=391688"}],"wp:term":[{"taxonomy":"category","embeddable":true,"href":"https:\/\/www.webdo.tn\/fr\/wp-json\/wp\/v2\/categories?post=391688"},{"taxonomy":"post_tag","embeddable":true,"href":"https:\/\/www.webdo.tn\/fr\/wp-json\/wp\/v2\/tags?post=391688"}],"curies":[{"name":"wp","href":"https:\/\/api.w.org\/{rel}","templated":true}]}}