{"id":391685,"date":"2026-01-20T18:24:36","date_gmt":"2026-01-20T17:24:36","guid":{"rendered":"https:\/\/www.webdo.tn\/fr\/?p=391685"},"modified":"2026-01-20T18:24:37","modified_gmt":"2026-01-20T17:24:37","slug":"intemperies-meurtrieres-en-tunisie-quatre-morts-a-moknine-le-pays-sous-alerte-maximale","status":"publish","type":"post","link":"https:\/\/www.webdo.tn\/fr\/actualite\/national\/intemperies-meurtrieres-en-tunisie-quatre-morts-a-moknine-le-pays-sous-alerte-maximale\/391685\/","title":{"rendered":"Intemp\u00e9ries meurtri\u00e8res en Tunisie : Quatre morts \u00e0 Moknine, le pays sous alerte maximale"},"content":{"rendered":"\n<p><strong>Des pluies d\u2019une violence exceptionnelle ont frapp\u00e9 une grande partie de la Tunisie, provoquant des inondations massives, la paralysie des transports et la mort de quatre personnes \u00e0 Moknine. Plusieurs r\u00e9gions ont \u00e9t\u00e9 plac\u00e9es en vigilance maximale et les autorit\u00e9s ont d\u00e9clench\u00e9 un dispositif d\u2019urgence \u00e0 grande \u00e9chelle.<\/strong><\/p>\n\n\n\n<p>La Tunisie traverse l\u2019un des \u00e9pisodes m\u00e9t\u00e9orologiques les plus violents de ces derni\u00e8res ann\u00e9es. Depuis le d\u00e9but de la semaine, des pluies torrentielles, parfois accompagn\u00e9es d\u2019orages et de chutes de gr\u00eale, s\u2019abattent sur de vastes r\u00e9gions du pays, provoquant des crues soudaines, des inondations \u00e9tendues et de graves perturbations dans les services publics. Le bilan humain s\u2019est alourdi avec la mort de quatre personnes \u00e0 Moknine, dans le gouvernorat de Monastir.<\/p>\n\n\n\n<h2 class=\"wp-block-heading\" id=\"h-plusieurs-regions-placees-au-plus-haut-niveau-d-alerte\">Plusieurs r\u00e9gions plac\u00e9es au plus haut niveau d\u2019alerte<\/h2>\n\n\n\n<p>Face \u00e0 la gravit\u00e9 de la situation, les autorit\u00e9s ont plac\u00e9 en vigilance rouge, le niveau d\u2019alerte le plus \u00e9lev\u00e9, plusieurs zones, dont le Grand Tunis, Nabeul et Monastir. D\u2019autres gouvernorats, notamment Bizerte, Zaghouan, Sousse, Mahdia et Sfax, restent sous vigilance renforc\u00e9e. Dans certaines localit\u00e9s du Sahel et du Cap Bon, les quantit\u00e9s de pluie enregistr\u00e9es en quelques heures ont atteint des niveaux exceptionnels, submergeant des quartiers entiers et rendant de nombreux axes routiers impraticables.<\/p>\n\n\n\n<p>Le pays s\u2019est retrouv\u00e9 en grande partie \u00e0 l\u2019arr\u00eat. Les r\u00e9seaux de transport public ont \u00e9t\u00e9 s\u00e9v\u00e8rement perturb\u00e9s, avec l\u2019interruption de plusieurs lignes ferroviaires, du m\u00e9tro l\u00e9ger et de nombreuses dessertes de bus urbains et interurbains, notamment dans le Grand Tunis, le Sahel et la r\u00e9gion de Nabeul. Sur l\u2019autoroute reliant Tunis au Sahel, la mont\u00e9e brutale des eaux a impos\u00e9 la fermeture temporaire d\u2019un tron\u00e7on strat\u00e9gique avant une reprise progressive de la circulation, tandis que de nombreuses routes nationales et r\u00e9gionales restent coup\u00e9es.<\/p>\n\n\n\n<h2 class=\"wp-block-heading\" id=\"h-mobilisation-generale-de-la-protection-civile\">Mobilisation g\u00e9n\u00e9rale de la protection civile<\/h2>\n\n\n\n<p>Les cons\u00e9quences de cet \u00e9pisode ne se sont pas limit\u00e9es aux infrastructures. Les cours ont \u00e9t\u00e9 suspendus dans plusieurs gouvernorats et des audiences judiciaires ont \u00e9t\u00e9 report\u00e9es. Plusieurs repr\u00e9sentations diplomatiques \u00e9trang\u00e8res ont \u00e9galement ferm\u00e9 leurs portes au public par mesure de pr\u00e9caution, illustrant l\u2019ampleur de la perturbation qui touche l\u2019ensemble du pays.<\/p>\n\n\n\n<p>Sur le terrain, les \u00e9quipes de la protection civile sont engag\u00e9es dans une mobilisation continue. Des dizaines d\u2019interventions ont permis d\u2019\u00e9vacuer des habitants encercl\u00e9s par les eaux, de pomper des habitations inond\u00e9es, de d\u00e9gager des v\u00e9hicules bloqu\u00e9s et de s\u00e9curiser des axes menac\u00e9s. Les autorit\u00e9s ont parall\u00e8lement ordonn\u00e9 la pr\u00e9paration de centres d\u2019h\u00e9bergement d\u2019urgence et le renforcement des stocks de produits de premi\u00e8re n\u00e9cessit\u00e9.<\/p>\n\n\n\n<h2 class=\"wp-block-heading\" id=\"h-une-depression-mediterraneenne-a-l-origine-du-chaos\">Une d\u00e9pression m\u00e9diterran\u00e9enne \u00e0 l\u2019origine du chaos<\/h2>\n\n\n\n<p>Selon les services m\u00e9t\u00e9orologiques, cet \u00e9pisode est li\u00e9 \u00e0 l\u2019extension d\u2019une vaste d\u00e9pression m\u00e9diterran\u00e9enne affectant simultan\u00e9ment le sud de l\u2019Europe et le Maghreb. Ce syst\u00e8me g\u00e9n\u00e8re sur la Tunisie des pluies orageuses persistantes, des vents violents et des chutes de gr\u00eale. Une am\u00e9lioration progressive est attendue, m\u00eame si la situation reste \u00e9troitement surveill\u00e9e.<\/p>\n\n\n\n<p><\/p>\n\n\n\n<blockquote class=\"wp-block-quote is-layout-flow wp-block-quote-is-layout-flow\">\n<blockquote class=\"wp-block-quote is-layout-flow wp-block-quote-is-layout-flow\">\n<p>Lire aussi :<\/p>\n\n\n\n<ul class=\"wp-block-list\">\n<li><a href=\"https:\/\/www.webdo.tn\/fr\/actualite\/national\/inondations-en-tunisie-kais-saied-mobilise-larmee\/391682\/\">Inondations en Tunisie : Kais Saied mobilise l\u2019arm\u00e9e<\/a><\/li>\n\n\n\n<li><a href=\"https:\/\/www.webdo.tn\/fr\/actualite\/national\/intemperies-exceptionnelles-le-grand-tunis-nabeul-et-monastir-basculent-en-vigilance-rouge\/391653\/\">Intemp\u00e9ries exceptionnelles : Le Grand Tunis, Nabeul et Monastir basculent en vigilance rouge<\/a><\/li>\n\n\n\n<li><a href=\"https:\/\/www.webdo.tn\/fr\/actualite\/national\/tempete-harry-pourquoi-la-tunisie-subit-un-episode-meteo-extreme\/391643\/\">Temp\u00eate Harry : pourquoi la Tunisie subit un \u00e9pisode m\u00e9t\u00e9o extr\u00eame<\/a><\/li>\n<\/ul>\n<\/blockquote>\n<\/blockquote>\n","protected":false},"excerpt":{"rendered":"<p>Des pluies d\u2019une violence exceptionnelle ont frapp\u00e9 une grande partie de la Tunisie, provoquant des inondations massives, la paralysie des transports et la mort de quatre personnes \u00e0 Moknine. Plusieurs r\u00e9gions ont \u00e9t\u00e9 plac\u00e9es en vigilance maximale et les autorit\u00e9s ont d\u00e9clench\u00e9 un dispositif d\u2019urgence \u00e0 grande \u00e9chelle. La Tunisie traverse l\u2019un des \u00e9pisodes m\u00e9t\u00e9orologiques [&hellip;]<\/p>\n","protected":false},"author":4782,"featured_media":391686,"comment_status":"closed","ping_status":"closed","sticky":false,"template":"","format":"standard","meta":{"footnotes":""},"categories":[44],"tags":[2712,2670,7631,2608],"class_list":["post-391685","post","type-post","status-publish","format-standard","has-post-thumbnail","hentry","category-national","tag-intemperies","tag-meteo","tag-tempete","tag-tunisie"],"yoast_head":"<!-- This site is optimized with the Yoast SEO Premium plugin v27.4 (Yoast SEO v27.5) - https:\/\/yoast.com\/product\/yoast-seo-premium-wordpress\/ -->\n<title>Intemp\u00e9ries meurtri\u00e8res en Tunisie : Quatre morts \u00e0 Moknine, le pays sous alerte maximale - webdo<\/title>\n<meta name=\"description\" content=\"Urgence en Tunisie apr\u00e8s des pluies violentes : quatre morts \u00e0 Moknine. Le pays sous alerte maximale face aux intemp\u00e9ries.\" \/>\n<link rel=\"canonical\" href=\"https:\/\/www.webdo.tn\/fr\/actualite\/national\/intemperies-meurtrieres-en-tunisie-quatre-morts-a-moknine-le-pays-sous-alerte-maximale\/391685\/\" \/>\n<meta property=\"og:locale\" content=\"fr_FR\" \/>\n<meta property=\"og:type\" content=\"article\" \/>\n<meta property=\"og:title\" content=\"Intemp\u00e9ries meurtri\u00e8res en Tunisie : Quatre morts \u00e0 Moknine, le pays sous alerte maximale\" \/>\n<meta property=\"og:description\" content=\"Urgence en Tunisie apr\u00e8s des pluies violentes : quatre morts \u00e0 Moknine. Le pays sous alerte maximale face aux intemp\u00e9ries.\" \/>\n<meta property=\"og:url\" content=\"https:\/\/www.webdo.tn\/fr\/actualite\/national\/intemperies-meurtrieres-en-tunisie-quatre-morts-a-moknine-le-pays-sous-alerte-maximale\/391685\/\" \/>\n<meta property=\"og:site_name\" content=\"webdo\" \/>\n<meta property=\"article:publisher\" content=\"https:\/\/www.facebook.com\/webdotn\" \/>\n<meta property=\"article:published_time\" content=\"2026-01-20T17:24:36+00:00\" \/>\n<meta property=\"article:modified_time\" content=\"2026-01-20T17:24:37+00:00\" \/>\n<meta property=\"og:image\" content=\"https:\/\/www.webdo.tn\/fr\/wp-content\/uploads\/2026\/01\/harry-1.jpg\" \/>\n\t<meta property=\"og:image:width\" content=\"1200\" \/>\n\t<meta property=\"og:image:height\" content=\"600\" \/>\n\t<meta property=\"og:image:type\" content=\"image\/jpeg\" \/>\n<meta name=\"author\" content=\"Mohamed Fethi\" \/>\n<meta name=\"twitter:card\" content=\"summary_large_image\" \/>\n<meta name=\"twitter:creator\" content=\"@webdo_tn\" \/>\n<meta name=\"twitter:site\" content=\"@webdo_tn\" \/>\n<meta name=\"twitter:label1\" content=\"\u00c9crit par\" \/>\n\t<meta name=\"twitter:data1\" content=\"Mohamed Fethi\" \/>\n\t<meta name=\"twitter:label2\" content=\"Dur\u00e9e de lecture estim\u00e9e\" \/>\n\t<meta name=\"twitter:data2\" content=\"3 minutes\" \/>\n<script type=\"application\/ld+json\" class=\"yoast-schema-graph\">{\"@context\":\"https:\\\/\\\/schema.org\",\"@graph\":[{\"@type\":\"NewsArticle\",\"@id\":\"https:\\\/\\\/www.webdo.tn\\\/fr\\\/actualite\\\/national\\\/intemperies-meurtrieres-en-tunisie-quatre-morts-a-moknine-le-pays-sous-alerte-maximale\\\/391685\\\/#article\",\"isPartOf\":{\"@id\":\"https:\\\/\\\/www.webdo.tn\\\/fr\\\/actualite\\\/national\\\/intemperies-meurtrieres-en-tunisie-quatre-morts-a-moknine-le-pays-sous-alerte-maximale\\\/391685\\\/\"},\"author\":{\"name\":\"Mohamed Fethi\",\"@id\":\"https:\\\/\\\/www.webdo.tn\\\/fr\\\/#\\\/schema\\\/person\\\/16a4857e77dfc0b610c4c2cadffc9ac4\"},\"headline\":\"Intemp\u00e9ries meurtri\u00e8res en Tunisie : Quatre morts \u00e0 Moknine, le pays sous alerte maximale\",\"datePublished\":\"2026-01-20T17:24:36+00:00\",\"dateModified\":\"2026-01-20T17:24:37+00:00\",\"mainEntityOfPage\":{\"@id\":\"https:\\\/\\\/www.webdo.tn\\\/fr\\\/actualite\\\/national\\\/intemperies-meurtrieres-en-tunisie-quatre-morts-a-moknine-le-pays-sous-alerte-maximale\\\/391685\\\/\"},\"wordCount\":607,\"publisher\":{\"@id\":\"https:\\\/\\\/www.webdo.tn\\\/fr\\\/#organization\"},\"image\":{\"@id\":\"https:\\\/\\\/www.webdo.tn\\\/fr\\\/actualite\\\/national\\\/intemperies-meurtrieres-en-tunisie-quatre-morts-a-moknine-le-pays-sous-alerte-maximale\\\/391685\\\/#primaryimage\"},\"thumbnailUrl\":\"https:\\\/\\\/www.webdo.tn\\\/fr\\\/wp-content\\\/uploads\\\/2026\\\/01\\\/harry-1.jpg\",\"keywords\":[\"Intemp\u00e9ries\",\"m\u00e9t\u00e9o\",\"temp\u00eate\",\"Tunisie\"],\"articleSection\":[\"National\"],\"inLanguage\":\"fr-FR\"},{\"@type\":\"WebPage\",\"@id\":\"https:\\\/\\\/www.webdo.tn\\\/fr\\\/actualite\\\/national\\\/intemperies-meurtrieres-en-tunisie-quatre-morts-a-moknine-le-pays-sous-alerte-maximale\\\/391685\\\/\",\"url\":\"https:\\\/\\\/www.webdo.tn\\\/fr\\\/actualite\\\/national\\\/intemperies-meurtrieres-en-tunisie-quatre-morts-a-moknine-le-pays-sous-alerte-maximale\\\/391685\\\/\",\"name\":\"Intemp\u00e9ries meurtri\u00e8res en Tunisie : Quatre morts \u00e0 Moknine, le pays sous alerte maximale - webdo\",\"isPartOf\":{\"@id\":\"https:\\\/\\\/www.webdo.tn\\\/fr\\\/#website\"},\"primaryImageOfPage\":{\"@id\":\"https:\\\/\\\/www.webdo.tn\\\/fr\\\/actualite\\\/national\\\/intemperies-meurtrieres-en-tunisie-quatre-morts-a-moknine-le-pays-sous-alerte-maximale\\\/391685\\\/#primaryimage\"},\"image\":{\"@id\":\"https:\\\/\\\/www.webdo.tn\\\/fr\\\/actualite\\\/national\\\/intemperies-meurtrieres-en-tunisie-quatre-morts-a-moknine-le-pays-sous-alerte-maximale\\\/391685\\\/#primaryimage\"},\"thumbnailUrl\":\"https:\\\/\\\/www.webdo.tn\\\/fr\\\/wp-content\\\/uploads\\\/2026\\\/01\\\/harry-1.jpg\",\"datePublished\":\"2026-01-20T17:24:36+00:00\",\"dateModified\":\"2026-01-20T17:24:37+00:00\",\"description\":\"Urgence en Tunisie apr\u00e8s des pluies violentes : quatre morts \u00e0 Moknine. Le pays sous alerte maximale face aux intemp\u00e9ries.\",\"breadcrumb\":{\"@id\":\"https:\\\/\\\/www.webdo.tn\\\/fr\\\/actualite\\\/national\\\/intemperies-meurtrieres-en-tunisie-quatre-morts-a-moknine-le-pays-sous-alerte-maximale\\\/391685\\\/#breadcrumb\"},\"inLanguage\":\"fr-FR\",\"potentialAction\":[{\"@type\":\"ReadAction\",\"target\":[\"https:\\\/\\\/www.webdo.tn\\\/fr\\\/actualite\\\/national\\\/intemperies-meurtrieres-en-tunisie-quatre-morts-a-moknine-le-pays-sous-alerte-maximale\\\/391685\\\/\"]}]},{\"@type\":\"ImageObject\",\"inLanguage\":\"fr-FR\",\"@id\":\"https:\\\/\\\/www.webdo.tn\\\/fr\\\/actualite\\\/national\\\/intemperies-meurtrieres-en-tunisie-quatre-morts-a-moknine-le-pays-sous-alerte-maximale\\\/391685\\\/#primaryimage\",\"url\":\"https:\\\/\\\/www.webdo.tn\\\/fr\\\/wp-content\\\/uploads\\\/2026\\\/01\\\/harry-1.jpg\",\"contentUrl\":\"https:\\\/\\\/www.webdo.tn\\\/fr\\\/wp-content\\\/uploads\\\/2026\\\/01\\\/harry-1.jpg\",\"width\":1200,\"height\":600,\"caption\":\"Intemp\u00e9ries meurtri\u00e8res en Tunisie : Quatre morts \u00e0 Moknine, le pays sous alerte maximale\"},{\"@type\":\"BreadcrumbList\",\"@id\":\"https:\\\/\\\/www.webdo.tn\\\/fr\\\/actualite\\\/national\\\/intemperies-meurtrieres-en-tunisie-quatre-morts-a-moknine-le-pays-sous-alerte-maximale\\\/391685\\\/#breadcrumb\",\"itemListElement\":[{\"@type\":\"ListItem\",\"position\":1,\"name\":\"Accueil\",\"item\":\"https:\\\/\\\/www.webdo.tn\\\/fr\\\/\"},{\"@type\":\"ListItem\",\"position\":2,\"name\":\"Intemp\u00e9ries meurtri\u00e8res en Tunisie : Quatre morts \u00e0 Moknine, le pays sous alerte maximale\"}]},{\"@type\":\"WebSite\",\"@id\":\"https:\\\/\\\/www.webdo.tn\\\/fr\\\/#website\",\"url\":\"https:\\\/\\\/www.webdo.tn\\\/fr\\\/\",\"name\":\"webdo\",\"description\":\"Tunisie - News en Tunisie et \u00e0 l&#039;international sur Webdo.tn\",\"publisher\":{\"@id\":\"https:\\\/\\\/www.webdo.tn\\\/fr\\\/#organization\"},\"potentialAction\":[{\"@type\":\"SearchAction\",\"target\":{\"@type\":\"EntryPoint\",\"urlTemplate\":\"https:\\\/\\\/www.webdo.tn\\\/fr\\\/?s={search_term_string}\"},\"query-input\":{\"@type\":\"PropertyValueSpecification\",\"valueRequired\":true,\"valueName\":\"search_term_string\"}}],\"inLanguage\":\"fr-FR\"},{\"@type\":\"Organization\",\"@id\":\"https:\\\/\\\/www.webdo.tn\\\/fr\\\/#organization\",\"name\":\"Webdo\",\"alternateName\":\"Webdo.tn\",\"url\":\"https:\\\/\\\/www.webdo.tn\\\/fr\\\/\",\"logo\":{\"@type\":\"ImageObject\",\"inLanguage\":\"fr-FR\",\"@id\":\"https:\\\/\\\/www.webdo.tn\\\/fr\\\/#\\\/schema\\\/logo\\\/image\\\/\",\"url\":\"https:\\\/\\\/www.webdo.tn\\\/fr\\\/wp-content\\\/uploads\\\/2025\\\/06\\\/Webdo-Tunisie_168377.jpg\",\"contentUrl\":\"https:\\\/\\\/www.webdo.tn\\\/fr\\\/wp-content\\\/uploads\\\/2025\\\/06\\\/Webdo-Tunisie_168377.jpg\",\"width\":301,\"height\":301,\"caption\":\"Webdo\"},\"image\":{\"@id\":\"https:\\\/\\\/www.webdo.tn\\\/fr\\\/#\\\/schema\\\/logo\\\/image\\\/\"},\"sameAs\":[\"https:\\\/\\\/www.facebook.com\\\/webdotn\",\"https:\\\/\\\/x.com\\\/webdo_tn\"],\"description\":\"Webdo est un m\u00e9dia num\u00e9rique tunisien fond\u00e9 en 2010, sp\u00e9cialis\u00e9 dans l\u2019actualit\u00e9 nationale et internationale, l\u2019\u00e9conomie, la soci\u00e9t\u00e9 et les analyses politiques. Le site s\u2019adresse \u00e0 un large public francophone et couvre l\u2019information tunisienne en temps r\u00e9el.\",\"email\":\"redac@webdo.tn\",\"legalName\":\"YNJ SARL\",\"foundingDate\":\"2010-09-06\",\"numberOfEmployees\":{\"@type\":\"QuantitativeValue\",\"minValue\":\"11\",\"maxValue\":\"50\"}},{\"@type\":\"Person\",\"@id\":\"https:\\\/\\\/www.webdo.tn\\\/fr\\\/#\\\/schema\\\/person\\\/16a4857e77dfc0b610c4c2cadffc9ac4\",\"name\":\"Mohamed Fethi\",\"image\":{\"@type\":\"ImageObject\",\"inLanguage\":\"fr-FR\",\"@id\":\"https:\\\/\\\/www.webdo.tn\\\/fr\\\/wp-content\\\/uploads\\\/2026\\\/04\\\/mohamed-fethi_avatar_1-96x96.jpg\",\"url\":\"https:\\\/\\\/www.webdo.tn\\\/fr\\\/wp-content\\\/uploads\\\/2026\\\/04\\\/mohamed-fethi_avatar_1-96x96.jpg\",\"contentUrl\":\"https:\\\/\\\/www.webdo.tn\\\/fr\\\/wp-content\\\/uploads\\\/2026\\\/04\\\/mohamed-fethi_avatar_1-96x96.jpg\",\"caption\":\"Mohamed Fethi\"},\"description\":\"Signature \u00e9ditoriale de Maher Chaabane Mohamed Fethi est le pseudonyme \u00e9ditorial de Maher Chaabane, r\u00e9dacteur en chef de Webdo.tn depuis 2012. Cette signature est d\u00e9di\u00e9e au traitement intensif de l'actualit\u00e9 nationale et internationale en temps r\u00e9el. S'appuyant sur les deux d\u00e9cennies d'expertise journalistique de Maher Chaabane \u2014 d\u00e9but\u00e9e au sein du groupe Tunis Hebdo en 2000 \u2014 Mohamed Fethi assure une veille rigoureuse sur les enjeux politiques, \u00e9conomiques et sportifs. Sa mission est de garantir une information structur\u00e9e, fluide et fid\u00e8le aux standards de la r\u00e9daction. Pour consulter le parcours complet du r\u00e9dacteur en chef, visitez le profil officiel de Maher Chaabane.\",\"knowsAbout\":[\"actualit\u00e9\",\"journalisme\",\"information\",\"politique\",\"sport\",\"m\u00e9dias\",\"actualit\u00e9 internationale\"],\"knowsLanguage\":[\"Fran\u00e7ais\",\"Arabe\"],\"jobTitle\":\"Journaliste \u2013 R\u00e9daction Webdo\",\"worksFor\":\"Webdo.tn\",\"url\":\"https:\\\/\\\/www.webdo.tn\\\/fr\\\/actualite\\\/author\\\/mohamed-fethi\\\/\"}]}<\/script>\n<!-- \/ Yoast SEO Premium plugin. -->","yoast_head_json":{"title":"Intemp\u00e9ries meurtri\u00e8res en Tunisie : Quatre morts \u00e0 Moknine, le pays sous alerte maximale - webdo","description":"Urgence en Tunisie apr\u00e8s des pluies violentes : quatre morts \u00e0 Moknine. Le pays sous alerte maximale face aux intemp\u00e9ries.","canonical":"https:\/\/www.webdo.tn\/fr\/actualite\/national\/intemperies-meurtrieres-en-tunisie-quatre-morts-a-moknine-le-pays-sous-alerte-maximale\/391685\/","og_locale":"fr_FR","og_type":"article","og_title":"Intemp\u00e9ries meurtri\u00e8res en Tunisie : Quatre morts \u00e0 Moknine, le pays sous alerte maximale","og_description":"Urgence en Tunisie apr\u00e8s des pluies violentes : quatre morts \u00e0 Moknine. Le pays sous alerte maximale face aux intemp\u00e9ries.","og_url":"https:\/\/www.webdo.tn\/fr\/actualite\/national\/intemperies-meurtrieres-en-tunisie-quatre-morts-a-moknine-le-pays-sous-alerte-maximale\/391685\/","og_site_name":"webdo","article_publisher":"https:\/\/www.facebook.com\/webdotn","article_published_time":"2026-01-20T17:24:36+00:00","article_modified_time":"2026-01-20T17:24:37+00:00","og_image":[{"width":1200,"height":600,"url":"https:\/\/www.webdo.tn\/fr\/wp-content\/uploads\/2026\/01\/harry-1.jpg","type":"image\/jpeg"}],"author":"Mohamed Fethi","twitter_card":"summary_large_image","twitter_creator":"@webdo_tn","twitter_site":"@webdo_tn","twitter_misc":{"\u00c9crit par":"Mohamed Fethi","Dur\u00e9e de lecture estim\u00e9e":"3 minutes"},"schema":{"@context":"https:\/\/schema.org","@graph":[{"@type":"NewsArticle","@id":"https:\/\/www.webdo.tn\/fr\/actualite\/national\/intemperies-meurtrieres-en-tunisie-quatre-morts-a-moknine-le-pays-sous-alerte-maximale\/391685\/#article","isPartOf":{"@id":"https:\/\/www.webdo.tn\/fr\/actualite\/national\/intemperies-meurtrieres-en-tunisie-quatre-morts-a-moknine-le-pays-sous-alerte-maximale\/391685\/"},"author":{"name":"Mohamed Fethi","@id":"https:\/\/www.webdo.tn\/fr\/#\/schema\/person\/16a4857e77dfc0b610c4c2cadffc9ac4"},"headline":"Intemp\u00e9ries meurtri\u00e8res en Tunisie : Quatre morts \u00e0 Moknine, le pays sous alerte maximale","datePublished":"2026-01-20T17:24:36+00:00","dateModified":"2026-01-20T17:24:37+00:00","mainEntityOfPage":{"@id":"https:\/\/www.webdo.tn\/fr\/actualite\/national\/intemperies-meurtrieres-en-tunisie-quatre-morts-a-moknine-le-pays-sous-alerte-maximale\/391685\/"},"wordCount":607,"publisher":{"@id":"https:\/\/www.webdo.tn\/fr\/#organization"},"image":{"@id":"https:\/\/www.webdo.tn\/fr\/actualite\/national\/intemperies-meurtrieres-en-tunisie-quatre-morts-a-moknine-le-pays-sous-alerte-maximale\/391685\/#primaryimage"},"thumbnailUrl":"https:\/\/www.webdo.tn\/fr\/wp-content\/uploads\/2026\/01\/harry-1.jpg","keywords":["Intemp\u00e9ries","m\u00e9t\u00e9o","temp\u00eate","Tunisie"],"articleSection":["National"],"inLanguage":"fr-FR"},{"@type":"WebPage","@id":"https:\/\/www.webdo.tn\/fr\/actualite\/national\/intemperies-meurtrieres-en-tunisie-quatre-morts-a-moknine-le-pays-sous-alerte-maximale\/391685\/","url":"https:\/\/www.webdo.tn\/fr\/actualite\/national\/intemperies-meurtrieres-en-tunisie-quatre-morts-a-moknine-le-pays-sous-alerte-maximale\/391685\/","name":"Intemp\u00e9ries meurtri\u00e8res en Tunisie : Quatre morts \u00e0 Moknine, le pays sous alerte maximale - webdo","isPartOf":{"@id":"https:\/\/www.webdo.tn\/fr\/#website"},"primaryImageOfPage":{"@id":"https:\/\/www.webdo.tn\/fr\/actualite\/national\/intemperies-meurtrieres-en-tunisie-quatre-morts-a-moknine-le-pays-sous-alerte-maximale\/391685\/#primaryimage"},"image":{"@id":"https:\/\/www.webdo.tn\/fr\/actualite\/national\/intemperies-meurtrieres-en-tunisie-quatre-morts-a-moknine-le-pays-sous-alerte-maximale\/391685\/#primaryimage"},"thumbnailUrl":"https:\/\/www.webdo.tn\/fr\/wp-content\/uploads\/2026\/01\/harry-1.jpg","datePublished":"2026-01-20T17:24:36+00:00","dateModified":"2026-01-20T17:24:37+00:00","description":"Urgence en Tunisie apr\u00e8s des pluies violentes : quatre morts \u00e0 Moknine. Le pays sous alerte maximale face aux intemp\u00e9ries.","breadcrumb":{"@id":"https:\/\/www.webdo.tn\/fr\/actualite\/national\/intemperies-meurtrieres-en-tunisie-quatre-morts-a-moknine-le-pays-sous-alerte-maximale\/391685\/#breadcrumb"},"inLanguage":"fr-FR","potentialAction":[{"@type":"ReadAction","target":["https:\/\/www.webdo.tn\/fr\/actualite\/national\/intemperies-meurtrieres-en-tunisie-quatre-morts-a-moknine-le-pays-sous-alerte-maximale\/391685\/"]}]},{"@type":"ImageObject","inLanguage":"fr-FR","@id":"https:\/\/www.webdo.tn\/fr\/actualite\/national\/intemperies-meurtrieres-en-tunisie-quatre-morts-a-moknine-le-pays-sous-alerte-maximale\/391685\/#primaryimage","url":"https:\/\/www.webdo.tn\/fr\/wp-content\/uploads\/2026\/01\/harry-1.jpg","contentUrl":"https:\/\/www.webdo.tn\/fr\/wp-content\/uploads\/2026\/01\/harry-1.jpg","width":1200,"height":600,"caption":"Intemp\u00e9ries meurtri\u00e8res en Tunisie : Quatre morts \u00e0 Moknine, le pays sous alerte maximale"},{"@type":"BreadcrumbList","@id":"https:\/\/www.webdo.tn\/fr\/actualite\/national\/intemperies-meurtrieres-en-tunisie-quatre-morts-a-moknine-le-pays-sous-alerte-maximale\/391685\/#breadcrumb","itemListElement":[{"@type":"ListItem","position":1,"name":"Accueil","item":"https:\/\/www.webdo.tn\/fr\/"},{"@type":"ListItem","position":2,"name":"Intemp\u00e9ries meurtri\u00e8res en Tunisie : Quatre morts \u00e0 Moknine, le pays sous alerte maximale"}]},{"@type":"WebSite","@id":"https:\/\/www.webdo.tn\/fr\/#website","url":"https:\/\/www.webdo.tn\/fr\/","name":"webdo","description":"Tunisie - News en Tunisie et \u00e0 l&#039;international sur Webdo.tn","publisher":{"@id":"https:\/\/www.webdo.tn\/fr\/#organization"},"potentialAction":[{"@type":"SearchAction","target":{"@type":"EntryPoint","urlTemplate":"https:\/\/www.webdo.tn\/fr\/?s={search_term_string}"},"query-input":{"@type":"PropertyValueSpecification","valueRequired":true,"valueName":"search_term_string"}}],"inLanguage":"fr-FR"},{"@type":"Organization","@id":"https:\/\/www.webdo.tn\/fr\/#organization","name":"Webdo","alternateName":"Webdo.tn","url":"https:\/\/www.webdo.tn\/fr\/","logo":{"@type":"ImageObject","inLanguage":"fr-FR","@id":"https:\/\/www.webdo.tn\/fr\/#\/schema\/logo\/image\/","url":"https:\/\/www.webdo.tn\/fr\/wp-content\/uploads\/2025\/06\/Webdo-Tunisie_168377.jpg","contentUrl":"https:\/\/www.webdo.tn\/fr\/wp-content\/uploads\/2025\/06\/Webdo-Tunisie_168377.jpg","width":301,"height":301,"caption":"Webdo"},"image":{"@id":"https:\/\/www.webdo.tn\/fr\/#\/schema\/logo\/image\/"},"sameAs":["https:\/\/www.facebook.com\/webdotn","https:\/\/x.com\/webdo_tn"],"description":"Webdo est un m\u00e9dia num\u00e9rique tunisien fond\u00e9 en 2010, sp\u00e9cialis\u00e9 dans l\u2019actualit\u00e9 nationale et internationale, l\u2019\u00e9conomie, la soci\u00e9t\u00e9 et les analyses politiques. Le site s\u2019adresse \u00e0 un large public francophone et couvre l\u2019information tunisienne en temps r\u00e9el.","email":"redac@webdo.tn","legalName":"YNJ SARL","foundingDate":"2010-09-06","numberOfEmployees":{"@type":"QuantitativeValue","minValue":"11","maxValue":"50"}},{"@type":"Person","@id":"https:\/\/www.webdo.tn\/fr\/#\/schema\/person\/16a4857e77dfc0b610c4c2cadffc9ac4","name":"Mohamed Fethi","image":{"@type":"ImageObject","inLanguage":"fr-FR","@id":"https:\/\/www.webdo.tn\/fr\/wp-content\/uploads\/2026\/04\/mohamed-fethi_avatar_1-96x96.jpg","url":"https:\/\/www.webdo.tn\/fr\/wp-content\/uploads\/2026\/04\/mohamed-fethi_avatar_1-96x96.jpg","contentUrl":"https:\/\/www.webdo.tn\/fr\/wp-content\/uploads\/2026\/04\/mohamed-fethi_avatar_1-96x96.jpg","caption":"Mohamed Fethi"},"description":"Signature \u00e9ditoriale de Maher Chaabane Mohamed Fethi est le pseudonyme \u00e9ditorial de Maher Chaabane, r\u00e9dacteur en chef de Webdo.tn depuis 2012. Cette signature est d\u00e9di\u00e9e au traitement intensif de l'actualit\u00e9 nationale et internationale en temps r\u00e9el. S'appuyant sur les deux d\u00e9cennies d'expertise journalistique de Maher Chaabane \u2014 d\u00e9but\u00e9e au sein du groupe Tunis Hebdo en 2000 \u2014 Mohamed Fethi assure une veille rigoureuse sur les enjeux politiques, \u00e9conomiques et sportifs. Sa mission est de garantir une information structur\u00e9e, fluide et fid\u00e8le aux standards de la r\u00e9daction. Pour consulter le parcours complet du r\u00e9dacteur en chef, visitez le profil officiel de Maher Chaabane.","knowsAbout":["actualit\u00e9","journalisme","information","politique","sport","m\u00e9dias","actualit\u00e9 internationale"],"knowsLanguage":["Fran\u00e7ais","Arabe"],"jobTitle":"Journaliste \u2013 R\u00e9daction Webdo","worksFor":"Webdo.tn","url":"https:\/\/www.webdo.tn\/fr\/actualite\/author\/mohamed-fethi\/"}]}},"_links":{"self":[{"href":"https:\/\/www.webdo.tn\/fr\/wp-json\/wp\/v2\/posts\/391685","targetHints":{"allow":["GET"]}}],"collection":[{"href":"https:\/\/www.webdo.tn\/fr\/wp-json\/wp\/v2\/posts"}],"about":[{"href":"https:\/\/www.webdo.tn\/fr\/wp-json\/wp\/v2\/types\/post"}],"author":[{"embeddable":true,"href":"https:\/\/www.webdo.tn\/fr\/wp-json\/wp\/v2\/users\/4782"}],"replies":[{"embeddable":true,"href":"https:\/\/www.webdo.tn\/fr\/wp-json\/wp\/v2\/comments?post=391685"}],"version-history":[{"count":0,"href":"https:\/\/www.webdo.tn\/fr\/wp-json\/wp\/v2\/posts\/391685\/revisions"}],"wp:featuredmedia":[{"embeddable":true,"href":"https:\/\/www.webdo.tn\/fr\/wp-json\/wp\/v2\/media\/391686"}],"wp:attachment":[{"href":"https:\/\/www.webdo.tn\/fr\/wp-json\/wp\/v2\/media?parent=391685"}],"wp:term":[{"taxonomy":"category","embeddable":true,"href":"https:\/\/www.webdo.tn\/fr\/wp-json\/wp\/v2\/categories?post=391685"},{"taxonomy":"post_tag","embeddable":true,"href":"https:\/\/www.webdo.tn\/fr\/wp-json\/wp\/v2\/tags?post=391685"}],"curies":[{"name":"wp","href":"https:\/\/api.w.org\/{rel}","templated":true}]}}