{"id":391677,"date":"2026-01-20T13:08:36","date_gmt":"2026-01-20T12:08:36","guid":{"rendered":"https:\/\/www.webdo.tn\/fr\/?p=391677"},"modified":"2026-01-20T13:08:38","modified_gmt":"2026-01-20T12:08:38","slug":"intemperies-suspension-des-cours-dans-plusieurs-gouvernorats-de-tunisie","status":"publish","type":"post","link":"https:\/\/www.webdo.tn\/fr\/actualite\/regions\/intemperies-suspension-des-cours-dans-plusieurs-gouvernorats-de-tunisie\/391677\/","title":{"rendered":"Intemp\u00e9ries : Suspension des cours dans plusieurs gouvernorats de Tunisie"},"content":{"rendered":"\n<p>Les fortes pluies qui frappent la Tunisie ce mardi ont conduit les autorit\u00e9s \u00e0 suspendre les cours dans de nombreux \u00e9tablissements scolaires, universitaires et centres de formation. Cette mesure de pr\u00e9caution concerne plusieurs gouvernorats de la r\u00e9gion nord et du centre-est, alors que l\u2019alerte m\u00e9t\u00e9orologique reste active.<\/p>\n\n\n\n<h2 class=\"wp-block-heading\" id=\"h-fermeture-des-etablissements-dans-le-centre-et-l-est-du-pays\">Fermeture des \u00e9tablissements dans le centre et l\u2019est du pays<\/h2>\n\n\n\n<p>Dans le gouvernorat de Mahdia, la commission de lutte contre les catastrophes naturelles a ordonn\u00e9 l\u2019arr\u00eat des cours dans tous les \u00e9tablissements scolaires, universitaires et centres de formation, afin de prot\u00e9ger \u00e9l\u00e8ves et enseignants face aux conditions m\u00e9t\u00e9orologiques s\u00e9v\u00e8res. La commission a appel\u00e9 la population \u00e0 la prudence et \u00e0 la vigilance.<\/p>\n\n\n\n<p>\u00c0 Sousse, la m\u00eame mesure a \u00e9t\u00e9 adopt\u00e9e pour l\u2019ensemble des \u00e9tablissements \u00e9ducatifs et universitaires. Les autorit\u00e9s locales rappellent que de nouvelles pluies sont attendues dans la journ\u00e9e et exhortent les citoyens \u00e0 rester prudents jusqu\u2019\u00e0 une am\u00e9lioration de la situation.<\/p>\n\n\n\n<p>L\u2019Ariana n\u2019est pas \u00e9pargn\u00e9e : le gouverneur Walid Sendid a \u00e9galement suspendu les cours dans tous les \u00e9tablissements de la r\u00e9gion, en concertation avec la commission r\u00e9gionale de pr\u00e9vention des catastrophes, afin de limiter les risques li\u00e9s aux d\u00e9placements dans des conditions m\u00e9t\u00e9orologiques dangereuses.<\/p>\n\n\n\n<h2 class=\"wp-block-heading\" id=\"h-nord-ouest-tabarka-ain-draham-et-beja-concernes\">Nord-ouest : Tabarka, A\u00efn Draham et B\u00e9ja concern\u00e9s<\/h2>\n\n\n\n<p>Dans le nord-ouest du pays, la Commission r\u00e9gionale de lutte contre les catastrophes du gouvernorat de Jendouba a suspendu les cours \u00e0 partir de midi dans les d\u00e9l\u00e9gations de Tabarka et A\u00efn Draham, en raison du mauvais temps.<\/p>\n\n\n\n<p>B\u00e9ja a pris une d\u00e9cision similaire, avec l\u2019arr\u00eat des activit\u00e9s dans les \u00e9tablissements publics et priv\u00e9s, y compris les cr\u00e8ches, jardins d\u2019enfants et centres de formation, pour assurer la s\u00e9curit\u00e9 des \u00e9l\u00e8ves et du personnel \u00e9ducatif.<\/p>\n\n\n\n<p>Ces mesures s\u2019inscrivent dans un contexte de vigilance m\u00e9t\u00e9orologique renforc\u00e9e, alors que plusieurs r\u00e9gions continuent d\u2019\u00eatre affect\u00e9es par des pluies parfois intenses et des risques d\u2019inondation. Les autorit\u00e9s locales et la protection civile appellent \u00e0 la prudence, notamment lors des d\u00e9placements et dans les zones habituellement expos\u00e9es aux crues.<\/p>\n\n\n\n<p><\/p>\n\n\n\n<blockquote class=\"wp-block-quote is-layout-flow wp-block-quote-is-layout-flow\">\n<blockquote class=\"wp-block-quote is-layout-flow wp-block-quote-is-layout-flow\">\n<p><strong>Lire aussi :<\/strong><\/p>\n\n\n\n<ul class=\"wp-block-list\">\n<li><a href=\"https:\/\/www.webdo.tn\/fr\/actualite\/regions\/tunisie-suspension-des-cours-au-cap-bon-en-raison-des-intemperies\/391612\/\">Tunisie : Suspension des cours au Cap Bon en raison des intemp\u00e9ries<\/a><\/li>\n<\/ul>\n<\/blockquote>\n<\/blockquote>\n","protected":false},"excerpt":{"rendered":"<p>Les fortes pluies qui frappent la Tunisie ce mardi ont conduit les autorit\u00e9s \u00e0 suspendre les cours dans de nombreux \u00e9tablissements scolaires, universitaires et centres de formation. Cette mesure de pr\u00e9caution concerne plusieurs gouvernorats de la r\u00e9gion nord et du centre-est, alors que l\u2019alerte m\u00e9t\u00e9orologique reste active. Fermeture des \u00e9tablissements dans le centre et l\u2019est [&hellip;]<\/p>\n","protected":false},"author":4782,"featured_media":391678,"comment_status":"closed","ping_status":"closed","sticky":false,"template":"","format":"standard","meta":{"footnotes":""},"categories":[2595],"tags":[2712,2670,4360,2608],"class_list":["post-391677","post","type-post","status-publish","format-standard","has-post-thumbnail","hentry","category-regions","tag-intemperies","tag-meteo","tag-suspension-des-cours","tag-tunisie"],"yoast_head":"<!-- This site is optimized with the Yoast SEO Premium plugin v27.5 (Yoast SEO v27.5) - https:\/\/yoast.com\/product\/yoast-seo-premium-wordpress\/ -->\n<title>Intemp\u00e9ries : Suspension des cours dans plusieurs gouvernorats de Tunisie - webdo<\/title>\n<meta name=\"description\" content=\"Intemp\u00e9ries en Tunisie : suspension des cours dans plusieurs gouvernorats. Restez inform\u00e9s des nouvelles mesures de s\u00e9curit\u00e9.\" \/>\n<link rel=\"canonical\" href=\"https:\/\/www.webdo.tn\/fr\/actualite\/regions\/intemperies-suspension-des-cours-dans-plusieurs-gouvernorats-de-tunisie\/391677\/\" \/>\n<meta property=\"og:locale\" content=\"fr_FR\" \/>\n<meta property=\"og:type\" content=\"article\" \/>\n<meta property=\"og:title\" content=\"Intemp\u00e9ries : Suspension des cours dans plusieurs gouvernorats de Tunisie\" \/>\n<meta property=\"og:description\" content=\"Intemp\u00e9ries en Tunisie : suspension des cours dans plusieurs gouvernorats. Restez inform\u00e9s des nouvelles mesures de s\u00e9curit\u00e9.\" \/>\n<meta property=\"og:url\" content=\"https:\/\/www.webdo.tn\/fr\/actualite\/regions\/intemperies-suspension-des-cours-dans-plusieurs-gouvernorats-de-tunisie\/391677\/\" \/>\n<meta property=\"og:site_name\" content=\"webdo\" \/>\n<meta property=\"article:publisher\" content=\"https:\/\/www.facebook.com\/webdotn\" \/>\n<meta property=\"article:published_time\" content=\"2026-01-20T12:08:36+00:00\" \/>\n<meta property=\"article:modified_time\" content=\"2026-01-20T12:08:38+00:00\" \/>\n<meta property=\"og:image\" content=\"https:\/\/www.webdo.tn\/fr\/wp-content\/uploads\/2026\/01\/inondations-2.jpg\" \/>\n\t<meta property=\"og:image:width\" content=\"1200\" \/>\n\t<meta property=\"og:image:height\" content=\"600\" \/>\n\t<meta property=\"og:image:type\" content=\"image\/jpeg\" \/>\n<meta name=\"author\" content=\"Mohamed Fethi\" \/>\n<meta name=\"twitter:card\" content=\"summary_large_image\" \/>\n<meta name=\"twitter:creator\" content=\"@webdo_tn\" \/>\n<meta name=\"twitter:site\" content=\"@webdo_tn\" \/>\n<meta name=\"twitter:label1\" content=\"\u00c9crit par\" \/>\n\t<meta name=\"twitter:data1\" content=\"Mohamed Fethi\" \/>\n\t<meta name=\"twitter:label2\" content=\"Dur\u00e9e de lecture estim\u00e9e\" \/>\n\t<meta name=\"twitter:data2\" content=\"2 minutes\" \/>\n<script type=\"application\/ld+json\" class=\"yoast-schema-graph\">{\"@context\":\"https:\\\/\\\/schema.org\",\"@graph\":[{\"@type\":\"NewsArticle\",\"@id\":\"https:\\\/\\\/www.webdo.tn\\\/fr\\\/actualite\\\/regions\\\/intemperies-suspension-des-cours-dans-plusieurs-gouvernorats-de-tunisie\\\/391677\\\/#article\",\"isPartOf\":{\"@id\":\"https:\\\/\\\/www.webdo.tn\\\/fr\\\/actualite\\\/regions\\\/intemperies-suspension-des-cours-dans-plusieurs-gouvernorats-de-tunisie\\\/391677\\\/\"},\"author\":{\"name\":\"Mohamed Fethi\",\"@id\":\"https:\\\/\\\/www.webdo.tn\\\/fr\\\/#\\\/schema\\\/person\\\/16a4857e77dfc0b610c4c2cadffc9ac4\"},\"headline\":\"Intemp\u00e9ries : Suspension des cours dans plusieurs gouvernorats de Tunisie\",\"datePublished\":\"2026-01-20T12:08:36+00:00\",\"dateModified\":\"2026-01-20T12:08:38+00:00\",\"mainEntityOfPage\":{\"@id\":\"https:\\\/\\\/www.webdo.tn\\\/fr\\\/actualite\\\/regions\\\/intemperies-suspension-des-cours-dans-plusieurs-gouvernorats-de-tunisie\\\/391677\\\/\"},\"wordCount\":399,\"publisher\":{\"@id\":\"https:\\\/\\\/www.webdo.tn\\\/fr\\\/#organization\"},\"image\":{\"@id\":\"https:\\\/\\\/www.webdo.tn\\\/fr\\\/actualite\\\/regions\\\/intemperies-suspension-des-cours-dans-plusieurs-gouvernorats-de-tunisie\\\/391677\\\/#primaryimage\"},\"thumbnailUrl\":\"https:\\\/\\\/www.webdo.tn\\\/fr\\\/wp-content\\\/uploads\\\/2026\\\/01\\\/inondations-2.jpg\",\"keywords\":[\"Intemp\u00e9ries\",\"m\u00e9t\u00e9o\",\"suspension des cours\",\"Tunisie\"],\"articleSection\":[\"regions\"],\"inLanguage\":\"fr-FR\"},{\"@type\":\"WebPage\",\"@id\":\"https:\\\/\\\/www.webdo.tn\\\/fr\\\/actualite\\\/regions\\\/intemperies-suspension-des-cours-dans-plusieurs-gouvernorats-de-tunisie\\\/391677\\\/\",\"url\":\"https:\\\/\\\/www.webdo.tn\\\/fr\\\/actualite\\\/regions\\\/intemperies-suspension-des-cours-dans-plusieurs-gouvernorats-de-tunisie\\\/391677\\\/\",\"name\":\"Intemp\u00e9ries : Suspension des cours dans plusieurs gouvernorats de Tunisie - webdo\",\"isPartOf\":{\"@id\":\"https:\\\/\\\/www.webdo.tn\\\/fr\\\/#website\"},\"primaryImageOfPage\":{\"@id\":\"https:\\\/\\\/www.webdo.tn\\\/fr\\\/actualite\\\/regions\\\/intemperies-suspension-des-cours-dans-plusieurs-gouvernorats-de-tunisie\\\/391677\\\/#primaryimage\"},\"image\":{\"@id\":\"https:\\\/\\\/www.webdo.tn\\\/fr\\\/actualite\\\/regions\\\/intemperies-suspension-des-cours-dans-plusieurs-gouvernorats-de-tunisie\\\/391677\\\/#primaryimage\"},\"thumbnailUrl\":\"https:\\\/\\\/www.webdo.tn\\\/fr\\\/wp-content\\\/uploads\\\/2026\\\/01\\\/inondations-2.jpg\",\"datePublished\":\"2026-01-20T12:08:36+00:00\",\"dateModified\":\"2026-01-20T12:08:38+00:00\",\"description\":\"Intemp\u00e9ries en Tunisie : suspension des cours dans plusieurs gouvernorats. Restez inform\u00e9s des nouvelles mesures de s\u00e9curit\u00e9.\",\"breadcrumb\":{\"@id\":\"https:\\\/\\\/www.webdo.tn\\\/fr\\\/actualite\\\/regions\\\/intemperies-suspension-des-cours-dans-plusieurs-gouvernorats-de-tunisie\\\/391677\\\/#breadcrumb\"},\"inLanguage\":\"fr-FR\",\"potentialAction\":[{\"@type\":\"ReadAction\",\"target\":[\"https:\\\/\\\/www.webdo.tn\\\/fr\\\/actualite\\\/regions\\\/intemperies-suspension-des-cours-dans-plusieurs-gouvernorats-de-tunisie\\\/391677\\\/\"]}]},{\"@type\":\"ImageObject\",\"inLanguage\":\"fr-FR\",\"@id\":\"https:\\\/\\\/www.webdo.tn\\\/fr\\\/actualite\\\/regions\\\/intemperies-suspension-des-cours-dans-plusieurs-gouvernorats-de-tunisie\\\/391677\\\/#primaryimage\",\"url\":\"https:\\\/\\\/www.webdo.tn\\\/fr\\\/wp-content\\\/uploads\\\/2026\\\/01\\\/inondations-2.jpg\",\"contentUrl\":\"https:\\\/\\\/www.webdo.tn\\\/fr\\\/wp-content\\\/uploads\\\/2026\\\/01\\\/inondations-2.jpg\",\"width\":1200,\"height\":600,\"caption\":\"Intemp\u00e9ries : Suspension des cours dans plusieurs gouvernorats de Tunisie\"},{\"@type\":\"BreadcrumbList\",\"@id\":\"https:\\\/\\\/www.webdo.tn\\\/fr\\\/actualite\\\/regions\\\/intemperies-suspension-des-cours-dans-plusieurs-gouvernorats-de-tunisie\\\/391677\\\/#breadcrumb\",\"itemListElement\":[{\"@type\":\"ListItem\",\"position\":1,\"name\":\"Accueil\",\"item\":\"https:\\\/\\\/www.webdo.tn\\\/fr\\\/\"},{\"@type\":\"ListItem\",\"position\":2,\"name\":\"Intemp\u00e9ries : Suspension des cours dans plusieurs gouvernorats de Tunisie\"}]},{\"@type\":\"WebSite\",\"@id\":\"https:\\\/\\\/www.webdo.tn\\\/fr\\\/#website\",\"url\":\"https:\\\/\\\/www.webdo.tn\\\/fr\\\/\",\"name\":\"webdo\",\"description\":\"Tunisie - News en Tunisie et \u00e0 l&#039;international sur Webdo.tn\",\"publisher\":{\"@id\":\"https:\\\/\\\/www.webdo.tn\\\/fr\\\/#organization\"},\"potentialAction\":[{\"@type\":\"SearchAction\",\"target\":{\"@type\":\"EntryPoint\",\"urlTemplate\":\"https:\\\/\\\/www.webdo.tn\\\/fr\\\/?s={search_term_string}\"},\"query-input\":{\"@type\":\"PropertyValueSpecification\",\"valueRequired\":true,\"valueName\":\"search_term_string\"}}],\"inLanguage\":\"fr-FR\"},{\"@type\":\"Organization\",\"@id\":\"https:\\\/\\\/www.webdo.tn\\\/fr\\\/#organization\",\"name\":\"Webdo\",\"alternateName\":\"Webdo.tn\",\"url\":\"https:\\\/\\\/www.webdo.tn\\\/fr\\\/\",\"logo\":{\"@type\":\"ImageObject\",\"inLanguage\":\"fr-FR\",\"@id\":\"https:\\\/\\\/www.webdo.tn\\\/fr\\\/#\\\/schema\\\/logo\\\/image\\\/\",\"url\":\"https:\\\/\\\/www.webdo.tn\\\/fr\\\/wp-content\\\/uploads\\\/2025\\\/06\\\/Webdo-Tunisie_168377.jpg\",\"contentUrl\":\"https:\\\/\\\/www.webdo.tn\\\/fr\\\/wp-content\\\/uploads\\\/2025\\\/06\\\/Webdo-Tunisie_168377.jpg\",\"width\":301,\"height\":301,\"caption\":\"Webdo\"},\"image\":{\"@id\":\"https:\\\/\\\/www.webdo.tn\\\/fr\\\/#\\\/schema\\\/logo\\\/image\\\/\"},\"sameAs\":[\"https:\\\/\\\/www.facebook.com\\\/webdotn\",\"https:\\\/\\\/x.com\\\/webdo_tn\"],\"description\":\"Webdo est un m\u00e9dia num\u00e9rique tunisien fond\u00e9 en 2010, sp\u00e9cialis\u00e9 dans l\u2019actualit\u00e9 nationale et internationale, l\u2019\u00e9conomie, la soci\u00e9t\u00e9 et les analyses politiques. Le site s\u2019adresse \u00e0 un large public francophone et couvre l\u2019information tunisienne en temps r\u00e9el.\",\"email\":\"redac@webdo.tn\",\"legalName\":\"YNJ SARL\",\"foundingDate\":\"2010-09-06\",\"numberOfEmployees\":{\"@type\":\"QuantitativeValue\",\"minValue\":\"11\",\"maxValue\":\"50\"}},{\"@type\":\"Person\",\"@id\":\"https:\\\/\\\/www.webdo.tn\\\/fr\\\/#\\\/schema\\\/person\\\/16a4857e77dfc0b610c4c2cadffc9ac4\",\"name\":\"Mohamed Fethi\",\"image\":{\"@type\":\"ImageObject\",\"inLanguage\":\"fr-FR\",\"@id\":\"https:\\\/\\\/www.webdo.tn\\\/fr\\\/wp-content\\\/uploads\\\/2026\\\/04\\\/mohamed-fethi_avatar_1-96x96.jpg\",\"url\":\"https:\\\/\\\/www.webdo.tn\\\/fr\\\/wp-content\\\/uploads\\\/2026\\\/04\\\/mohamed-fethi_avatar_1-96x96.jpg\",\"contentUrl\":\"https:\\\/\\\/www.webdo.tn\\\/fr\\\/wp-content\\\/uploads\\\/2026\\\/04\\\/mohamed-fethi_avatar_1-96x96.jpg\",\"caption\":\"Mohamed Fethi\"},\"description\":\"Signature \u00e9ditoriale de Maher Chaabane Mohamed Fethi est le pseudonyme \u00e9ditorial de Maher Chaabane, r\u00e9dacteur en chef de Webdo.tn depuis 2012. Cette signature est d\u00e9di\u00e9e au traitement intensif de l'actualit\u00e9 nationale et internationale en temps r\u00e9el. S'appuyant sur les deux d\u00e9cennies d'expertise journalistique de Maher Chaabane \u2014 d\u00e9but\u00e9e au sein du groupe Tunis Hebdo en 2000 \u2014 Mohamed Fethi assure une veille rigoureuse sur les enjeux politiques, \u00e9conomiques et sportifs. Sa mission est de garantir une information structur\u00e9e, fluide et fid\u00e8le aux standards de la r\u00e9daction. Pour consulter le parcours complet du r\u00e9dacteur en chef, visitez le profil officiel de Maher Chaabane.\",\"knowsAbout\":[\"actualit\u00e9\",\"journalisme\",\"information\",\"politique\",\"sport\",\"m\u00e9dias\",\"actualit\u00e9 internationale\"],\"knowsLanguage\":[\"Fran\u00e7ais\",\"Arabe\"],\"jobTitle\":\"Journaliste \u2013 R\u00e9daction Webdo\",\"worksFor\":\"Webdo.tn\",\"url\":\"https:\\\/\\\/www.webdo.tn\\\/fr\\\/actualite\\\/author\\\/mohamed-fethi\\\/\"}]}<\/script>\n<!-- \/ Yoast SEO Premium plugin. -->","yoast_head_json":{"title":"Intemp\u00e9ries : Suspension des cours dans plusieurs gouvernorats de Tunisie - webdo","description":"Intemp\u00e9ries en Tunisie : suspension des cours dans plusieurs gouvernorats. Restez inform\u00e9s des nouvelles mesures de s\u00e9curit\u00e9.","canonical":"https:\/\/www.webdo.tn\/fr\/actualite\/regions\/intemperies-suspension-des-cours-dans-plusieurs-gouvernorats-de-tunisie\/391677\/","og_locale":"fr_FR","og_type":"article","og_title":"Intemp\u00e9ries : Suspension des cours dans plusieurs gouvernorats de Tunisie","og_description":"Intemp\u00e9ries en Tunisie : suspension des cours dans plusieurs gouvernorats. Restez inform\u00e9s des nouvelles mesures de s\u00e9curit\u00e9.","og_url":"https:\/\/www.webdo.tn\/fr\/actualite\/regions\/intemperies-suspension-des-cours-dans-plusieurs-gouvernorats-de-tunisie\/391677\/","og_site_name":"webdo","article_publisher":"https:\/\/www.facebook.com\/webdotn","article_published_time":"2026-01-20T12:08:36+00:00","article_modified_time":"2026-01-20T12:08:38+00:00","og_image":[{"width":1200,"height":600,"url":"https:\/\/www.webdo.tn\/fr\/wp-content\/uploads\/2026\/01\/inondations-2.jpg","type":"image\/jpeg"}],"author":"Mohamed Fethi","twitter_card":"summary_large_image","twitter_creator":"@webdo_tn","twitter_site":"@webdo_tn","twitter_misc":{"\u00c9crit par":"Mohamed Fethi","Dur\u00e9e de lecture estim\u00e9e":"2 minutes"},"schema":{"@context":"https:\/\/schema.org","@graph":[{"@type":"NewsArticle","@id":"https:\/\/www.webdo.tn\/fr\/actualite\/regions\/intemperies-suspension-des-cours-dans-plusieurs-gouvernorats-de-tunisie\/391677\/#article","isPartOf":{"@id":"https:\/\/www.webdo.tn\/fr\/actualite\/regions\/intemperies-suspension-des-cours-dans-plusieurs-gouvernorats-de-tunisie\/391677\/"},"author":{"name":"Mohamed Fethi","@id":"https:\/\/www.webdo.tn\/fr\/#\/schema\/person\/16a4857e77dfc0b610c4c2cadffc9ac4"},"headline":"Intemp\u00e9ries : Suspension des cours dans plusieurs gouvernorats de Tunisie","datePublished":"2026-01-20T12:08:36+00:00","dateModified":"2026-01-20T12:08:38+00:00","mainEntityOfPage":{"@id":"https:\/\/www.webdo.tn\/fr\/actualite\/regions\/intemperies-suspension-des-cours-dans-plusieurs-gouvernorats-de-tunisie\/391677\/"},"wordCount":399,"publisher":{"@id":"https:\/\/www.webdo.tn\/fr\/#organization"},"image":{"@id":"https:\/\/www.webdo.tn\/fr\/actualite\/regions\/intemperies-suspension-des-cours-dans-plusieurs-gouvernorats-de-tunisie\/391677\/#primaryimage"},"thumbnailUrl":"https:\/\/www.webdo.tn\/fr\/wp-content\/uploads\/2026\/01\/inondations-2.jpg","keywords":["Intemp\u00e9ries","m\u00e9t\u00e9o","suspension des cours","Tunisie"],"articleSection":["regions"],"inLanguage":"fr-FR"},{"@type":"WebPage","@id":"https:\/\/www.webdo.tn\/fr\/actualite\/regions\/intemperies-suspension-des-cours-dans-plusieurs-gouvernorats-de-tunisie\/391677\/","url":"https:\/\/www.webdo.tn\/fr\/actualite\/regions\/intemperies-suspension-des-cours-dans-plusieurs-gouvernorats-de-tunisie\/391677\/","name":"Intemp\u00e9ries : Suspension des cours dans plusieurs gouvernorats de Tunisie - webdo","isPartOf":{"@id":"https:\/\/www.webdo.tn\/fr\/#website"},"primaryImageOfPage":{"@id":"https:\/\/www.webdo.tn\/fr\/actualite\/regions\/intemperies-suspension-des-cours-dans-plusieurs-gouvernorats-de-tunisie\/391677\/#primaryimage"},"image":{"@id":"https:\/\/www.webdo.tn\/fr\/actualite\/regions\/intemperies-suspension-des-cours-dans-plusieurs-gouvernorats-de-tunisie\/391677\/#primaryimage"},"thumbnailUrl":"https:\/\/www.webdo.tn\/fr\/wp-content\/uploads\/2026\/01\/inondations-2.jpg","datePublished":"2026-01-20T12:08:36+00:00","dateModified":"2026-01-20T12:08:38+00:00","description":"Intemp\u00e9ries en Tunisie : suspension des cours dans plusieurs gouvernorats. Restez inform\u00e9s des nouvelles mesures de s\u00e9curit\u00e9.","breadcrumb":{"@id":"https:\/\/www.webdo.tn\/fr\/actualite\/regions\/intemperies-suspension-des-cours-dans-plusieurs-gouvernorats-de-tunisie\/391677\/#breadcrumb"},"inLanguage":"fr-FR","potentialAction":[{"@type":"ReadAction","target":["https:\/\/www.webdo.tn\/fr\/actualite\/regions\/intemperies-suspension-des-cours-dans-plusieurs-gouvernorats-de-tunisie\/391677\/"]}]},{"@type":"ImageObject","inLanguage":"fr-FR","@id":"https:\/\/www.webdo.tn\/fr\/actualite\/regions\/intemperies-suspension-des-cours-dans-plusieurs-gouvernorats-de-tunisie\/391677\/#primaryimage","url":"https:\/\/www.webdo.tn\/fr\/wp-content\/uploads\/2026\/01\/inondations-2.jpg","contentUrl":"https:\/\/www.webdo.tn\/fr\/wp-content\/uploads\/2026\/01\/inondations-2.jpg","width":1200,"height":600,"caption":"Intemp\u00e9ries : Suspension des cours dans plusieurs gouvernorats de Tunisie"},{"@type":"BreadcrumbList","@id":"https:\/\/www.webdo.tn\/fr\/actualite\/regions\/intemperies-suspension-des-cours-dans-plusieurs-gouvernorats-de-tunisie\/391677\/#breadcrumb","itemListElement":[{"@type":"ListItem","position":1,"name":"Accueil","item":"https:\/\/www.webdo.tn\/fr\/"},{"@type":"ListItem","position":2,"name":"Intemp\u00e9ries : Suspension des cours dans plusieurs gouvernorats de Tunisie"}]},{"@type":"WebSite","@id":"https:\/\/www.webdo.tn\/fr\/#website","url":"https:\/\/www.webdo.tn\/fr\/","name":"webdo","description":"Tunisie - News en Tunisie et \u00e0 l&#039;international sur Webdo.tn","publisher":{"@id":"https:\/\/www.webdo.tn\/fr\/#organization"},"potentialAction":[{"@type":"SearchAction","target":{"@type":"EntryPoint","urlTemplate":"https:\/\/www.webdo.tn\/fr\/?s={search_term_string}"},"query-input":{"@type":"PropertyValueSpecification","valueRequired":true,"valueName":"search_term_string"}}],"inLanguage":"fr-FR"},{"@type":"Organization","@id":"https:\/\/www.webdo.tn\/fr\/#organization","name":"Webdo","alternateName":"Webdo.tn","url":"https:\/\/www.webdo.tn\/fr\/","logo":{"@type":"ImageObject","inLanguage":"fr-FR","@id":"https:\/\/www.webdo.tn\/fr\/#\/schema\/logo\/image\/","url":"https:\/\/www.webdo.tn\/fr\/wp-content\/uploads\/2025\/06\/Webdo-Tunisie_168377.jpg","contentUrl":"https:\/\/www.webdo.tn\/fr\/wp-content\/uploads\/2025\/06\/Webdo-Tunisie_168377.jpg","width":301,"height":301,"caption":"Webdo"},"image":{"@id":"https:\/\/www.webdo.tn\/fr\/#\/schema\/logo\/image\/"},"sameAs":["https:\/\/www.facebook.com\/webdotn","https:\/\/x.com\/webdo_tn"],"description":"Webdo est un m\u00e9dia num\u00e9rique tunisien fond\u00e9 en 2010, sp\u00e9cialis\u00e9 dans l\u2019actualit\u00e9 nationale et internationale, l\u2019\u00e9conomie, la soci\u00e9t\u00e9 et les analyses politiques. Le site s\u2019adresse \u00e0 un large public francophone et couvre l\u2019information tunisienne en temps r\u00e9el.","email":"redac@webdo.tn","legalName":"YNJ SARL","foundingDate":"2010-09-06","numberOfEmployees":{"@type":"QuantitativeValue","minValue":"11","maxValue":"50"}},{"@type":"Person","@id":"https:\/\/www.webdo.tn\/fr\/#\/schema\/person\/16a4857e77dfc0b610c4c2cadffc9ac4","name":"Mohamed Fethi","image":{"@type":"ImageObject","inLanguage":"fr-FR","@id":"https:\/\/www.webdo.tn\/fr\/wp-content\/uploads\/2026\/04\/mohamed-fethi_avatar_1-96x96.jpg","url":"https:\/\/www.webdo.tn\/fr\/wp-content\/uploads\/2026\/04\/mohamed-fethi_avatar_1-96x96.jpg","contentUrl":"https:\/\/www.webdo.tn\/fr\/wp-content\/uploads\/2026\/04\/mohamed-fethi_avatar_1-96x96.jpg","caption":"Mohamed Fethi"},"description":"Signature \u00e9ditoriale de Maher Chaabane Mohamed Fethi est le pseudonyme \u00e9ditorial de Maher Chaabane, r\u00e9dacteur en chef de Webdo.tn depuis 2012. Cette signature est d\u00e9di\u00e9e au traitement intensif de l'actualit\u00e9 nationale et internationale en temps r\u00e9el. S'appuyant sur les deux d\u00e9cennies d'expertise journalistique de Maher Chaabane \u2014 d\u00e9but\u00e9e au sein du groupe Tunis Hebdo en 2000 \u2014 Mohamed Fethi assure une veille rigoureuse sur les enjeux politiques, \u00e9conomiques et sportifs. Sa mission est de garantir une information structur\u00e9e, fluide et fid\u00e8le aux standards de la r\u00e9daction. Pour consulter le parcours complet du r\u00e9dacteur en chef, visitez le profil officiel de Maher Chaabane.","knowsAbout":["actualit\u00e9","journalisme","information","politique","sport","m\u00e9dias","actualit\u00e9 internationale"],"knowsLanguage":["Fran\u00e7ais","Arabe"],"jobTitle":"Journaliste \u2013 R\u00e9daction Webdo","worksFor":"Webdo.tn","url":"https:\/\/www.webdo.tn\/fr\/actualite\/author\/mohamed-fethi\/"}]}},"_links":{"self":[{"href":"https:\/\/www.webdo.tn\/fr\/wp-json\/wp\/v2\/posts\/391677","targetHints":{"allow":["GET"]}}],"collection":[{"href":"https:\/\/www.webdo.tn\/fr\/wp-json\/wp\/v2\/posts"}],"about":[{"href":"https:\/\/www.webdo.tn\/fr\/wp-json\/wp\/v2\/types\/post"}],"author":[{"embeddable":true,"href":"https:\/\/www.webdo.tn\/fr\/wp-json\/wp\/v2\/users\/4782"}],"replies":[{"embeddable":true,"href":"https:\/\/www.webdo.tn\/fr\/wp-json\/wp\/v2\/comments?post=391677"}],"version-history":[{"count":0,"href":"https:\/\/www.webdo.tn\/fr\/wp-json\/wp\/v2\/posts\/391677\/revisions"}],"wp:featuredmedia":[{"embeddable":true,"href":"https:\/\/www.webdo.tn\/fr\/wp-json\/wp\/v2\/media\/391678"}],"wp:attachment":[{"href":"https:\/\/www.webdo.tn\/fr\/wp-json\/wp\/v2\/media?parent=391677"}],"wp:term":[{"taxonomy":"category","embeddable":true,"href":"https:\/\/www.webdo.tn\/fr\/wp-json\/wp\/v2\/categories?post=391677"},{"taxonomy":"post_tag","embeddable":true,"href":"https:\/\/www.webdo.tn\/fr\/wp-json\/wp\/v2\/tags?post=391677"}],"curies":[{"name":"wp","href":"https:\/\/api.w.org\/{rel}","templated":true}]}}