{"id":391665,"date":"2026-01-20T11:59:12","date_gmt":"2026-01-20T10:59:12","guid":{"rendered":"https:\/\/www.webdo.tn\/fr\/?p=391665"},"modified":"2026-01-20T11:59:14","modified_gmt":"2026-01-20T10:59:14","slug":"oscars-2026-mes-predictions-de-nominations-entre-coups-de-coeur-et-realites-de-la-saison-des-prix","status":"publish","type":"post","link":"https:\/\/www.webdo.tn\/fr\/actualite\/culture\/oscars-2026-mes-predictions-de-nominations-entre-coups-de-coeur-et-realites-de-la-saison-des-prix\/391665\/","title":{"rendered":"Oscars 2026 : mes pr\u00e9dictions de nominations, entre coups de c\u0153ur et r\u00e9alit\u00e9s de la saison des prix"},"content":{"rendered":"\n<p><\/p>\n\n\n\n<p><\/p>\n\n\n\n<p>L\u2019annonce des nominations aux Oscars 2026 est imminente et suscite d\u00e9j\u00e0 une grande attention chez les cin\u00e9philes comme chez les professionnels du cin\u00e9ma. L\u2019Acad\u00e9mie des arts et des sciences du cin\u00e9ma a fix\u00e9 la date de cette annonce au jeudi 22 janvier 2026, moment traditionnellement d\u00e9cisif dans le calendrier des r\u00e9compenses cin\u00e9matographiques. \u00c0 l\u2019approche de cette \u00e9ch\u00e9ance, il m\u2019a sembl\u00e9 n\u00e9cessaire de partager mes propres pr\u00e9dictions pour cette saison des Oscars.<\/p>\n\n\n\n<p>Ce que je propose ici n\u2019est pas une simple \u00e9num\u00e9ration de films, mais le reflet d\u2019un double regard. D\u2019une part, il s\u2019agit de films que j\u2019ai personnellement beaucoup aim\u00e9s en 2025 et que j\u2019aimerais voir figurer parmi les nomm\u00e9s. D\u2019autre part, il s\u2019agit aussi d\u2019\u0153uvres qui ont construit, au fil des derniers mois, une dynamique solide au sein de la saison des prix, que ce soit \u00e0 travers les Critics\u2019 Choice Awards, les Golden Globes ou encore les grands festivals internationaux comme le Festival de Cannes. Mes listes m\u00ealeront donc un d\u00e9sir personnel et une lecture des forces en pr\u00e9sence. Cela implique que certaines nominations que je propose ne seraient peut-\u00eatre pas celles pour lesquelles je voterais si j\u2019\u00e9tais membre de l\u2019Acad\u00e9mie. \u00c0 l\u2019inverse, certains de mes films favoris, m\u00eame si je les d\u00e9fends pleinement, ne figurent pas dans ces pr\u00e9dictions parce qu\u2019ils ont, \u00e0 ce stade, tr\u00e8s peu de chances d\u2019\u00eatre nomm\u00e9s.<br><br>Ce m\u00e9lange de subjectivit\u00e9 et d\u2019analyse, je l\u2019assume pleinement. Apr\u00e8s avoir partag\u00e9 <a href=\"https:\/\/www.webdo.tn\/fr\/actualite\/culture\/les-dix-films-que-je-retiens-de-2025-et-ce-quils-ont-laisse-apres-la-projection\/391088\/\">mes dix films pr\u00e9f\u00e9r\u00e9s de l\u2019ann\u00e9e 2025 dans un article pr\u00e9c\u00e9dent (cliquez ici)<\/a>, et alors que je garderais volontiers tous ces titres dans la course aux Oscars, je sais que la r\u00e9alit\u00e9 des nominations ne co\u00efncidera pas enti\u00e8rement avec mes souhaits.<br><br>\u00c0 mes yeux, <em>Un simple accident<\/em> est tout simplement le meilleur film de l\u2019ann\u00e9e 2025. Je l\u2019ai d\u00e9j\u00e0 d\u00e9fendu comme tel dans ce m\u00eame article, consacr\u00e9 aux dix films que je retiens de l\u2019ann\u00e9e et \u00e0 ce qu\u2019ils ont laiss\u00e9 apr\u00e8s la projection, et je persiste aujourd\u2019hui pleinement dans ce jugement. Je le verrais sans h\u00e9sitation nomm\u00e9 dans les cat\u00e9gories les plus importantes, comme celles du Meilleur film, du Meilleur film international, de la Meilleure r\u00e9alisation et du meilleur sc\u00e9nario.<\/p>\n\n\n\n<p>La Palme d\u2019or qu\u2019il a remport\u00e9e au Festival de Cannes vient d\u2019ailleurs consacrer une \u0153uvre qui me para\u00eet d\u00e9passer largement le cadre de toute cat\u00e9gorie nationale. Mais au-del\u00e0 m\u00eame de cette reconnaissance cannoise, ce qui fait, \u00e0 mes yeux, la force singuli\u00e8re de <em>Un simple accident<\/em>, ce sont les questions qu\u2019il pose et la r\u00e9flexion qu\u2019il continue de susciter longtemps apr\u00e8s la projection. C\u2019est un film qui continue de travailler le spectateur, qui l\u2019oblige \u00e0 revenir sur ce qu\u2019il a vu, sur ce qu\u2019il a compris, sur ce qu\u2019il en pense vraiment. Pour toutes ces raisons, il me semblerait pleinement l\u00e9gitime de le voir figurer parmi les grands nomm\u00e9s de cette \u00e9dition des Oscars.<\/p>\n\n\n\n<p>\u00c0 l\u2019inverse, <em>Une bataille apr\u00e8s l\u2019autre<\/em>, qui encha\u00eene les r\u00e9compenses cette saison, notamment dans les cat\u00e9gories majeures, ne m\u2019a pas autant touch\u00e9e que je l\u2019aurais souhait\u00e9, m\u00eame si je comprends parfaitement l\u2019enthousiasme qu\u2019il suscite et la reconnaissance critique dont il b\u00e9n\u00e9ficie aujourd\u2019hui. Vous le trouverez d\u2019ailleurs dans mes listes. C\u2019est un jugement enti\u00e8rement subjectif, que j\u2019assume comme tel.<\/p>\n\n\n\n<p>Il me para\u00eet en revanche tout \u00e0 fait l\u00e9gitime que certains de ses interpr\u00e8tes puissent \u00eatre distingu\u00e9s dans la cat\u00e9gorie du Meilleur acteur dans un second r\u00f4le.<br><br>Dans un tout autre registre, la shortlist du Meilleur film international s\u2019inscrit cette ann\u00e9e dans un contexte in\u00e9dit. Pour la premi\u00e8re fois dans l\u2019histoire des Oscars, quatre films arabes y figurent simultan\u00e9ment : <em>La voix de Hind Rajab<\/em> pour la Tunisie, <em>Ce qu\u2019il reste de nous<\/em> pour la Jordanie, <em>Palestine 36<\/em> pour la Palestine et <em>Le g\u00e2teau du pr\u00e9sident<\/em> pour l\u2019Irak. La probabilit\u00e9 que ces quatre films soient tous nomm\u00e9s reste, \u00e0 mon sens, extr\u00eamement faible, surtout que la concurrence dans cette cat\u00e9gorie est tr\u00e8s rude. C\u2019est la raison pour laquelle je n\u2019en retiens ici que deux, m\u00eame si, personnellement, j\u2019aurais aim\u00e9 pouvoir les garder tous les quatre.<\/p>\n\n\n\n<p>Par ailleurs, les \u00e9carts entre ce que l\u2019on aimerait voir nomm\u00e9 et ce qui a r\u00e9ellement des chances de l\u2019\u00eatre ne tiennent pas seulement aux go\u00fbts ou aux jurys, ni m\u00eame \u00e0 la valeur artistique des films. Il faut \u00e9galement tenir compte d\u2019une contrainte tr\u00e8s concr\u00e8te, mais souvent sous-estim\u00e9e : les membres de l\u2019Acad\u00e9mie ne peuvent mat\u00e9riellement pas voir tous les films soumis chaque ann\u00e9e. Rien que dans la cat\u00e9gorie du Meilleur film international, quatre-vingt-six films ont \u00e9t\u00e9 pr\u00e9sent\u00e9s cette saison. \u00c0 cela s\u2019ajoutent tous les autres titres en lice dans les diff\u00e9rentes cat\u00e9gories. Dans ces conditions, de tr\u00e8s bons films passent compl\u00e8tement inaper\u00e7us, faute de moyens pour mener de grandes campagnes de promotion et pour exister m\u00e9diatiquement dans la saison des prix. Il est donc \u00e9vident que ce sont les films dont on a le plus parl\u00e9 au cours de l\u2019ann\u00e9e, et surtout dans les semaines pr\u00e9c\u00e9dant les votes, qui ont le plus de chances d\u2019\u00eatre vus, donc d\u2019\u00eatre nomm\u00e9s, et parfois m\u00eame de gagner. Mes pr\u00e9dictions tentent ainsi de refl\u00e9ter cet \u00e9cart constant entre valeur artistique et r\u00e9alit\u00e9 industrielle.<\/p>\n\n\n\n<p>Le fonctionnement des nominations est relativement simple : dans la plupart des cat\u00e9gories, cinq films sont retenus, tandis que la cat\u00e9gorie du Meilleur film peut accueillir jusqu\u2019\u00e0 dix titres. L\u2019Acad\u00e9mie a d\u2019ailleurs d\u00e9j\u00e0 publi\u00e9 des shortlists pour certaines cat\u00e9gories, notamment celles du Meilleur film international et du Meilleur casting, ce qui permet d\u2019affiner les projections avant l\u2019annonce officielle.<\/p>\n\n\n\n<p><strong>Voici maintenant mes pr\u00e9dictions de nominations dans quelques cat\u00e9gories des Oscars 2026, <\/strong><strong>class\u00e9es par ordre alphab\u00e9tique.<\/strong><strong><\/strong><\/p>\n\n\n\n<p><strong>Meilleur casting<\/strong><\/p>\n\n\n\n<p><em>Hamnet<\/em><br><em>Marty Supreme<\/em><br><em>Sinners<\/em><br><em>Sir\u0101t<\/em><br><em>Valeur sentimentale<\/em><\/p>\n\n\n\n<p><strong>Meilleur film international<\/strong><\/p>\n\n\n\n<p>Br\u00e9sil \u2014 <em>L\u2019agent secret<\/em><br>France \u2014 <em>Un simple accident<\/em><br>Jordanie \u2014 <em>Ce qu\u2019il reste de nous<\/em><br>Norv\u00e8ge \u2014 <em>Valeur sentimentale<\/em><br>Tunisie \u2014 <em>La voix de Hind Rajab<\/em><\/p>\n\n\n\n<p><strong>Meilleur film<\/strong><\/p>\n\n\n\n<p><em>Bugonia<\/em><br><em>Frankenstein<\/em><br><em>Hamnet<\/em><br><em>L\u2019agent secret<\/em><br><em>Marty Supreme<\/em><br><em>Nuremberg<\/em><br><em>Sinners<\/em><br><em>Sir\u0101t<\/em><br><em>Une bataille apr\u00e8s l\u2019autre<\/em><br><em>Un simple accident<\/em><br><em>Valeur sentimentale<\/em><\/p>\n\n\n\n<p><strong>Meilleure actrice<\/strong><\/p>\n\n\n\n<p>Amanda Seyfried \u2014 <em>Le Testament d\u2019Ann Lee<\/em><br>Emma Stone \u2014 <em>Bugonia<\/em><br>Jessie Buckley \u2014 <em>Hamnet<\/em><br>Renate Reinsve \u2014 <em>Valeur sentimentale<\/em><br>Rose Byrne \u2014 <em>Si j&rsquo;en avais la force<\/em> (<em>If I Had Legs I\u2019d Kick You)<\/em><\/p>\n\n\n\n<p><strong>Meilleur acteur<\/strong><\/p>\n\n\n\n<p>Ethan Hawke \u2014 <em>Blue Moon<\/em><br>Jesse Plemons \u2014 <em>Bugonia<\/em><br>Joel Edgerton \u2014 <em>Train Dreams<\/em><br>Timoth\u00e9e Chalamet \u2014 <em>Marty Supreme<\/em><br>Wagner Moura \u2014 <em>L\u2019agent secret<\/em><\/p>\n\n\n\n<p><strong>Meilleure actrice dans un second r\u00f4le<\/strong><\/p>\n\n\n\n<p>Amy Madigan \u2014 <em>\u00c9vanouis<\/em> (<em>Weapons)<\/em><br>Ariana Grande \u2014 <em>Wicked: Partie II<\/em><br>Elle Fanning \u2014 <em>Valeur sentimentale<\/em><br>Inga Ibsdotter Lilleaas \u2014 <em>Valeur sentimentale<\/em><br>Odessa A\u2019zion \u2014 <em>Marty Supreme<\/em><\/p>\n\n\n\n<p><strong>Meilleur acteur dans un second r\u00f4le<\/strong><\/p>\n\n\n\n<p>Benicio Del Toro \u2014 <em>Une bataille apr\u00e8s l\u2019autre<\/em><br>Jacob Elordi \u2014 <em>Frankenstein<\/em><br>Paul Mescal \u2014 <em>Hamnet<\/em><br>Sean Penn \u2014 <em>Une bataille apr\u00e8s l\u2019autre<\/em><br>Stellan Skarsg\u00e5rd \u2014 <em>Valeur sentimentale<\/em><\/p>\n\n\n\n<p><strong>Meilleur r\u00e9alisateur<\/strong><\/p>\n\n\n\n<p>Chlo\u00e9 Zhao \u2014 <em>Hamnet<\/em><br>Jafar Panahi \u2014 <em>Un simple accident<\/em><br>Joachim Trier \u2014 <em>Valeur sentimentale<\/em><br>Josh Safdie \u2014 <em>Marty Supreme<\/em><br>Paul Thomas Anderson \u2014 <em>Une bataille apr\u00e8s l\u2019autre<\/em><\/p>\n\n\n\n<p><strong>Meilleur film d\u2019animation<\/strong><\/p>\n\n\n\n<p><em>Am\u00e9lie et la m\u00e9taphysique des tubes<\/em><br><em>Arco<br>Elio<br>KPop Demon Hunters<br>Zootopia 2<\/em><\/p>\n\n\n\n<p>Il ne reste d\u00e9sormais plus qu\u2019\u00e0 attendre l\u2019annonce officielle des nominations pour voir jusqu\u2019o\u00f9 ces pr\u00e9dictions rejoindront, ou non, les choix de l\u2019Acad\u00e9mie.<\/p>\n\n\n\n<p><strong>Ne\u00efla Driss<\/strong><\/p>\n","protected":false},"excerpt":{"rendered":"<p>L\u2019annonce des nominations aux Oscars 2026 est imminente et suscite d\u00e9j\u00e0 une grande attention chez les cin\u00e9philes comme chez les professionnels du cin\u00e9ma. L\u2019Acad\u00e9mie des arts et des sciences du cin\u00e9ma a fix\u00e9 la date de cette annonce au jeudi 22 janvier 2026, moment traditionnellement d\u00e9cisif dans le calendrier des r\u00e9compenses cin\u00e9matographiques. \u00c0 l\u2019approche de [&hellip;]<\/p>\n","protected":false},"author":3164,"featured_media":391668,"comment_status":"closed","ping_status":"closed","sticky":false,"template":"","format":"standard","meta":{"footnotes":""},"categories":[2594],"tags":[2626,3823,12508],"class_list":["post-391665","post","type-post","status-publish","format-standard","has-post-thumbnail","hentry","category-culture","tag-cinema","tag-oscars","tag-oscars-2026"],"yoast_head":"<!-- This site is optimized with the Yoast SEO Premium plugin v27.4 (Yoast SEO v27.4) - https:\/\/yoast.com\/product\/yoast-seo-premium-wordpress\/ -->\n<title>Oscars 2026 : mes pr\u00e9dictions de nominations, entre coups de c\u0153ur et r\u00e9alit\u00e9s de la saison des prix - webdo<\/title>\n<meta name=\"description\" content=\"Oscars 2026 : pr\u00e9dictions de nominations entre coups de c\u0153ur personnels et r\u00e9alit\u00e9s de la saison des prix cin\u00e9matographiques.\" \/>\n<link rel=\"canonical\" href=\"https:\/\/www.webdo.tn\/fr\/actualite\/culture\/oscars-2026-mes-predictions-de-nominations-entre-coups-de-coeur-et-realites-de-la-saison-des-prix\/391665\/\" \/>\n<meta property=\"og:locale\" content=\"fr_FR\" \/>\n<meta property=\"og:type\" content=\"article\" \/>\n<meta property=\"og:title\" content=\"Oscars 2026 : mes pr\u00e9dictions de nominations, entre coups de c\u0153ur et r\u00e9alit\u00e9s de la saison des prix\" \/>\n<meta property=\"og:description\" content=\"Oscars 2026 : pr\u00e9dictions de nominations entre coups de c\u0153ur personnels et r\u00e9alit\u00e9s de la saison des prix cin\u00e9matographiques.\" \/>\n<meta property=\"og:url\" content=\"https:\/\/www.webdo.tn\/fr\/actualite\/culture\/oscars-2026-mes-predictions-de-nominations-entre-coups-de-coeur-et-realites-de-la-saison-des-prix\/391665\/\" \/>\n<meta property=\"og:site_name\" content=\"webdo\" \/>\n<meta property=\"article:publisher\" content=\"https:\/\/www.facebook.com\/webdotn\" \/>\n<meta property=\"article:author\" content=\"https:\/\/www.facebook.com\/massir.destiniii\/\" \/>\n<meta property=\"article:published_time\" content=\"2026-01-20T10:59:12+00:00\" \/>\n<meta property=\"article:modified_time\" content=\"2026-01-20T10:59:14+00:00\" \/>\n<meta property=\"og:image\" content=\"https:\/\/www.webdo.tn\/fr\/wp-content\/uploads\/2026\/01\/Oscars-2026-Predictions-de-nominations.jpeg\" \/>\n\t<meta property=\"og:image:width\" content=\"1874\" \/>\n\t<meta property=\"og:image:height\" content=\"1028\" \/>\n\t<meta property=\"og:image:type\" content=\"image\/jpeg\" \/>\n<meta name=\"author\" content=\"Ne\u00efla DRISS\" \/>\n<meta name=\"twitter:card\" content=\"summary_large_image\" \/>\n<meta name=\"twitter:creator\" content=\"@https:\/\/x.com\/MassirDestin\" \/>\n<meta name=\"twitter:site\" content=\"@webdo_tn\" \/>\n<meta name=\"twitter:label1\" content=\"\u00c9crit par\" \/>\n\t<meta name=\"twitter:data1\" content=\"Ne\u00efla DRISS\" \/>\n\t<meta name=\"twitter:label2\" content=\"Dur\u00e9e de lecture estim\u00e9e\" \/>\n\t<meta name=\"twitter:data2\" content=\"7 minutes\" \/>\n<script type=\"application\/ld+json\" class=\"yoast-schema-graph\">{\"@context\":\"https:\\\/\\\/schema.org\",\"@graph\":[{\"@type\":\"NewsArticle\",\"@id\":\"https:\\\/\\\/www.webdo.tn\\\/fr\\\/actualite\\\/culture\\\/oscars-2026-mes-predictions-de-nominations-entre-coups-de-coeur-et-realites-de-la-saison-des-prix\\\/391665\\\/#article\",\"isPartOf\":{\"@id\":\"https:\\\/\\\/www.webdo.tn\\\/fr\\\/actualite\\\/culture\\\/oscars-2026-mes-predictions-de-nominations-entre-coups-de-coeur-et-realites-de-la-saison-des-prix\\\/391665\\\/\"},\"author\":{\"name\":\"Ne\u00efla DRISS\",\"@id\":\"https:\\\/\\\/www.webdo.tn\\\/fr\\\/#\\\/schema\\\/person\\\/60d5ba619ed3f58783b0dc82b7dada80\"},\"headline\":\"Oscars 2026 : mes pr\u00e9dictions de nominations, entre coups de c\u0153ur et r\u00e9alit\u00e9s de la saison des prix\",\"datePublished\":\"2026-01-20T10:59:12+00:00\",\"dateModified\":\"2026-01-20T10:59:14+00:00\",\"mainEntityOfPage\":{\"@id\":\"https:\\\/\\\/www.webdo.tn\\\/fr\\\/actualite\\\/culture\\\/oscars-2026-mes-predictions-de-nominations-entre-coups-de-coeur-et-realites-de-la-saison-des-prix\\\/391665\\\/\"},\"wordCount\":1358,\"publisher\":{\"@id\":\"https:\\\/\\\/www.webdo.tn\\\/fr\\\/#organization\"},\"image\":{\"@id\":\"https:\\\/\\\/www.webdo.tn\\\/fr\\\/actualite\\\/culture\\\/oscars-2026-mes-predictions-de-nominations-entre-coups-de-coeur-et-realites-de-la-saison-des-prix\\\/391665\\\/#primaryimage\"},\"thumbnailUrl\":\"https:\\\/\\\/www.webdo.tn\\\/fr\\\/wp-content\\\/uploads\\\/2026\\\/01\\\/Oscars-2026-Predictions-de-nominations.jpeg\",\"keywords\":[\"Cin\u00e9ma\",\"Oscars\",\"Oscars 2026\"],\"articleSection\":[\"Culture\"],\"inLanguage\":\"fr-FR\"},{\"@type\":\"WebPage\",\"@id\":\"https:\\\/\\\/www.webdo.tn\\\/fr\\\/actualite\\\/culture\\\/oscars-2026-mes-predictions-de-nominations-entre-coups-de-coeur-et-realites-de-la-saison-des-prix\\\/391665\\\/\",\"url\":\"https:\\\/\\\/www.webdo.tn\\\/fr\\\/actualite\\\/culture\\\/oscars-2026-mes-predictions-de-nominations-entre-coups-de-coeur-et-realites-de-la-saison-des-prix\\\/391665\\\/\",\"name\":\"Oscars 2026 : mes pr\u00e9dictions de nominations, entre coups de c\u0153ur et r\u00e9alit\u00e9s de la saison des prix - webdo\",\"isPartOf\":{\"@id\":\"https:\\\/\\\/www.webdo.tn\\\/fr\\\/#website\"},\"primaryImageOfPage\":{\"@id\":\"https:\\\/\\\/www.webdo.tn\\\/fr\\\/actualite\\\/culture\\\/oscars-2026-mes-predictions-de-nominations-entre-coups-de-coeur-et-realites-de-la-saison-des-prix\\\/391665\\\/#primaryimage\"},\"image\":{\"@id\":\"https:\\\/\\\/www.webdo.tn\\\/fr\\\/actualite\\\/culture\\\/oscars-2026-mes-predictions-de-nominations-entre-coups-de-coeur-et-realites-de-la-saison-des-prix\\\/391665\\\/#primaryimage\"},\"thumbnailUrl\":\"https:\\\/\\\/www.webdo.tn\\\/fr\\\/wp-content\\\/uploads\\\/2026\\\/01\\\/Oscars-2026-Predictions-de-nominations.jpeg\",\"datePublished\":\"2026-01-20T10:59:12+00:00\",\"dateModified\":\"2026-01-20T10:59:14+00:00\",\"description\":\"Oscars 2026 : pr\u00e9dictions de nominations entre coups de c\u0153ur personnels et r\u00e9alit\u00e9s de la saison des prix cin\u00e9matographiques.\",\"breadcrumb\":{\"@id\":\"https:\\\/\\\/www.webdo.tn\\\/fr\\\/actualite\\\/culture\\\/oscars-2026-mes-predictions-de-nominations-entre-coups-de-coeur-et-realites-de-la-saison-des-prix\\\/391665\\\/#breadcrumb\"},\"inLanguage\":\"fr-FR\",\"potentialAction\":[{\"@type\":\"ReadAction\",\"target\":[\"https:\\\/\\\/www.webdo.tn\\\/fr\\\/actualite\\\/culture\\\/oscars-2026-mes-predictions-de-nominations-entre-coups-de-coeur-et-realites-de-la-saison-des-prix\\\/391665\\\/\"]}]},{\"@type\":\"ImageObject\",\"inLanguage\":\"fr-FR\",\"@id\":\"https:\\\/\\\/www.webdo.tn\\\/fr\\\/actualite\\\/culture\\\/oscars-2026-mes-predictions-de-nominations-entre-coups-de-coeur-et-realites-de-la-saison-des-prix\\\/391665\\\/#primaryimage\",\"url\":\"https:\\\/\\\/www.webdo.tn\\\/fr\\\/wp-content\\\/uploads\\\/2026\\\/01\\\/Oscars-2026-Predictions-de-nominations.jpeg\",\"contentUrl\":\"https:\\\/\\\/www.webdo.tn\\\/fr\\\/wp-content\\\/uploads\\\/2026\\\/01\\\/Oscars-2026-Predictions-de-nominations.jpeg\",\"width\":1874,\"height\":1028,\"caption\":\"Oscars 2026 Pr\u00e9dictions de nominations\"},{\"@type\":\"BreadcrumbList\",\"@id\":\"https:\\\/\\\/www.webdo.tn\\\/fr\\\/actualite\\\/culture\\\/oscars-2026-mes-predictions-de-nominations-entre-coups-de-coeur-et-realites-de-la-saison-des-prix\\\/391665\\\/#breadcrumb\",\"itemListElement\":[{\"@type\":\"ListItem\",\"position\":1,\"name\":\"Accueil\",\"item\":\"https:\\\/\\\/www.webdo.tn\\\/fr\\\/\"},{\"@type\":\"ListItem\",\"position\":2,\"name\":\"Oscars 2026 : mes pr\u00e9dictions de nominations, entre coups de c\u0153ur et r\u00e9alit\u00e9s de la saison des prix\"}]},{\"@type\":\"WebSite\",\"@id\":\"https:\\\/\\\/www.webdo.tn\\\/fr\\\/#website\",\"url\":\"https:\\\/\\\/www.webdo.tn\\\/fr\\\/\",\"name\":\"webdo\",\"description\":\"Tunisie - News en Tunisie et \u00e0 l&#039;international sur Webdo.tn\",\"publisher\":{\"@id\":\"https:\\\/\\\/www.webdo.tn\\\/fr\\\/#organization\"},\"potentialAction\":[{\"@type\":\"SearchAction\",\"target\":{\"@type\":\"EntryPoint\",\"urlTemplate\":\"https:\\\/\\\/www.webdo.tn\\\/fr\\\/?s={search_term_string}\"},\"query-input\":{\"@type\":\"PropertyValueSpecification\",\"valueRequired\":true,\"valueName\":\"search_term_string\"}}],\"inLanguage\":\"fr-FR\"},{\"@type\":\"Organization\",\"@id\":\"https:\\\/\\\/www.webdo.tn\\\/fr\\\/#organization\",\"name\":\"Webdo\",\"alternateName\":\"Webdo.tn\",\"url\":\"https:\\\/\\\/www.webdo.tn\\\/fr\\\/\",\"logo\":{\"@type\":\"ImageObject\",\"inLanguage\":\"fr-FR\",\"@id\":\"https:\\\/\\\/www.webdo.tn\\\/fr\\\/#\\\/schema\\\/logo\\\/image\\\/\",\"url\":\"https:\\\/\\\/www.webdo.tn\\\/fr\\\/wp-content\\\/uploads\\\/2025\\\/06\\\/Webdo-Tunisie_168377.jpg\",\"contentUrl\":\"https:\\\/\\\/www.webdo.tn\\\/fr\\\/wp-content\\\/uploads\\\/2025\\\/06\\\/Webdo-Tunisie_168377.jpg\",\"width\":301,\"height\":301,\"caption\":\"Webdo\"},\"image\":{\"@id\":\"https:\\\/\\\/www.webdo.tn\\\/fr\\\/#\\\/schema\\\/logo\\\/image\\\/\"},\"sameAs\":[\"https:\\\/\\\/www.facebook.com\\\/webdotn\",\"https:\\\/\\\/x.com\\\/webdo_tn\"],\"description\":\"Webdo est un m\u00e9dia num\u00e9rique tunisien fond\u00e9 en 2010, sp\u00e9cialis\u00e9 dans l\u2019actualit\u00e9 nationale et internationale, l\u2019\u00e9conomie, la soci\u00e9t\u00e9 et les analyses politiques. Le site s\u2019adresse \u00e0 un large public francophone et couvre l\u2019information tunisienne en temps r\u00e9el.\",\"email\":\"redac@webdo.tn\",\"legalName\":\"YNJ SARL\",\"foundingDate\":\"2010-09-06\",\"numberOfEmployees\":{\"@type\":\"QuantitativeValue\",\"minValue\":\"11\",\"maxValue\":\"50\"}},{\"@type\":\"Person\",\"@id\":\"https:\\\/\\\/www.webdo.tn\\\/fr\\\/#\\\/schema\\\/person\\\/60d5ba619ed3f58783b0dc82b7dada80\",\"name\":\"Ne\u00efla DRISS\",\"image\":{\"@type\":\"ImageObject\",\"inLanguage\":\"fr-FR\",\"@id\":\"https:\\\/\\\/www.webdo.tn\\\/fr\\\/wp-content\\\/uploads\\\/2026\\\/04\\\/neila-driss_avatar-96x96.jpg\",\"url\":\"https:\\\/\\\/www.webdo.tn\\\/fr\\\/wp-content\\\/uploads\\\/2026\\\/04\\\/neila-driss_avatar-96x96.jpg\",\"contentUrl\":\"https:\\\/\\\/www.webdo.tn\\\/fr\\\/wp-content\\\/uploads\\\/2026\\\/04\\\/neila-driss_avatar-96x96.jpg\",\"caption\":\"Ne\u00efla DRISS\"},\"description\":\"Ne\u00efla Driss est juriste, journaliste culturelle et critique de cin\u00e9ma tunisienne. Titulaire d\u2019un DEA en droit priv\u00e9 de l\u2019Universit\u00e9 Paris II et d\u2019un DESS de l\u2019IHEC Carthage, elle d\u00e9bute sa carri\u00e8re comme juriste sp\u00e9cialis\u00e9e en gestion de patrimoine immobilier. Elle s\u2019oriente ensuite vers l\u2019\u00e9criture en ligne, o\u00f9 elle se distingue d\u00e8s 2006 aux Tunisia Blog Awards, avant de se consacrer au journalisme culturel, avec une sp\u00e9cialisation dans la critique cin\u00e9matographique. Elle couvre r\u00e9guli\u00e8rement les grands festivals internationaux, notamment le Festival de Cannes, les Journ\u00e9es Cin\u00e9matographiques de Carthage et le Festival du film du Caire. Membre de l\u2019ATPCC et de la FIPRESCI, elle participe \u00e0 des jurys et initiatives internationales de critique. Depuis 2024, elle est \u00e9lectrice internationale aux Golden Globes. Facebook : https:\\\/\\\/www.facebook.com\\\/massir.destiniii\\\/ X : https:\\\/\\\/x.com\\\/MassirDestin\",\"sameAs\":[\"https:\\\/\\\/www.facebook.com\\\/massir.destiniii\\\/\",\"https:\\\/\\\/www.instagram.com\\\/neila.driss\\\/?hl=fr\",\"https:\\\/\\\/www.linkedin.com\\\/in\\\/neila-driss-22606a80\\\/\",\"https:\\\/\\\/x.com\\\/https:\\\/\\\/x.com\\\/MassirDestin\"],\"knowsAbout\":[\"Cin\u00e9ma international\",\"critique cin\u00e9matographique\",\"festivals de cin\u00e9ma\",\"journalisme culturel\"],\"knowsLanguage\":[\"Fran\u00e7ais\",\"Arabe\",\"Anglais\"],\"jobTitle\":\"Journaliste culturelle et critique de cin\u00e9ma\",\"worksFor\":\"Webdo\",\"url\":\"https:\\\/\\\/www.webdo.tn\\\/fr\\\/actualite\\\/author\\\/neila-driss\\\/\"}]}<\/script>\n<!-- \/ Yoast SEO Premium plugin. -->","yoast_head_json":{"title":"Oscars 2026 : mes pr\u00e9dictions de nominations, entre coups de c\u0153ur et r\u00e9alit\u00e9s de la saison des prix - webdo","description":"Oscars 2026 : pr\u00e9dictions de nominations entre coups de c\u0153ur personnels et r\u00e9alit\u00e9s de la saison des prix cin\u00e9matographiques.","canonical":"https:\/\/www.webdo.tn\/fr\/actualite\/culture\/oscars-2026-mes-predictions-de-nominations-entre-coups-de-coeur-et-realites-de-la-saison-des-prix\/391665\/","og_locale":"fr_FR","og_type":"article","og_title":"Oscars 2026 : mes pr\u00e9dictions de nominations, entre coups de c\u0153ur et r\u00e9alit\u00e9s de la saison des prix","og_description":"Oscars 2026 : pr\u00e9dictions de nominations entre coups de c\u0153ur personnels et r\u00e9alit\u00e9s de la saison des prix cin\u00e9matographiques.","og_url":"https:\/\/www.webdo.tn\/fr\/actualite\/culture\/oscars-2026-mes-predictions-de-nominations-entre-coups-de-coeur-et-realites-de-la-saison-des-prix\/391665\/","og_site_name":"webdo","article_publisher":"https:\/\/www.facebook.com\/webdotn","article_author":"https:\/\/www.facebook.com\/massir.destiniii\/","article_published_time":"2026-01-20T10:59:12+00:00","article_modified_time":"2026-01-20T10:59:14+00:00","og_image":[{"width":1874,"height":1028,"url":"https:\/\/www.webdo.tn\/fr\/wp-content\/uploads\/2026\/01\/Oscars-2026-Predictions-de-nominations.jpeg","type":"image\/jpeg"}],"author":"Ne\u00efla DRISS","twitter_card":"summary_large_image","twitter_creator":"@https:\/\/x.com\/MassirDestin","twitter_site":"@webdo_tn","twitter_misc":{"\u00c9crit par":"Ne\u00efla DRISS","Dur\u00e9e de lecture estim\u00e9e":"7 minutes"},"schema":{"@context":"https:\/\/schema.org","@graph":[{"@type":"NewsArticle","@id":"https:\/\/www.webdo.tn\/fr\/actualite\/culture\/oscars-2026-mes-predictions-de-nominations-entre-coups-de-coeur-et-realites-de-la-saison-des-prix\/391665\/#article","isPartOf":{"@id":"https:\/\/www.webdo.tn\/fr\/actualite\/culture\/oscars-2026-mes-predictions-de-nominations-entre-coups-de-coeur-et-realites-de-la-saison-des-prix\/391665\/"},"author":{"name":"Ne\u00efla DRISS","@id":"https:\/\/www.webdo.tn\/fr\/#\/schema\/person\/60d5ba619ed3f58783b0dc82b7dada80"},"headline":"Oscars 2026 : mes pr\u00e9dictions de nominations, entre coups de c\u0153ur et r\u00e9alit\u00e9s de la saison des prix","datePublished":"2026-01-20T10:59:12+00:00","dateModified":"2026-01-20T10:59:14+00:00","mainEntityOfPage":{"@id":"https:\/\/www.webdo.tn\/fr\/actualite\/culture\/oscars-2026-mes-predictions-de-nominations-entre-coups-de-coeur-et-realites-de-la-saison-des-prix\/391665\/"},"wordCount":1358,"publisher":{"@id":"https:\/\/www.webdo.tn\/fr\/#organization"},"image":{"@id":"https:\/\/www.webdo.tn\/fr\/actualite\/culture\/oscars-2026-mes-predictions-de-nominations-entre-coups-de-coeur-et-realites-de-la-saison-des-prix\/391665\/#primaryimage"},"thumbnailUrl":"https:\/\/www.webdo.tn\/fr\/wp-content\/uploads\/2026\/01\/Oscars-2026-Predictions-de-nominations.jpeg","keywords":["Cin\u00e9ma","Oscars","Oscars 2026"],"articleSection":["Culture"],"inLanguage":"fr-FR"},{"@type":"WebPage","@id":"https:\/\/www.webdo.tn\/fr\/actualite\/culture\/oscars-2026-mes-predictions-de-nominations-entre-coups-de-coeur-et-realites-de-la-saison-des-prix\/391665\/","url":"https:\/\/www.webdo.tn\/fr\/actualite\/culture\/oscars-2026-mes-predictions-de-nominations-entre-coups-de-coeur-et-realites-de-la-saison-des-prix\/391665\/","name":"Oscars 2026 : mes pr\u00e9dictions de nominations, entre coups de c\u0153ur et r\u00e9alit\u00e9s de la saison des prix - webdo","isPartOf":{"@id":"https:\/\/www.webdo.tn\/fr\/#website"},"primaryImageOfPage":{"@id":"https:\/\/www.webdo.tn\/fr\/actualite\/culture\/oscars-2026-mes-predictions-de-nominations-entre-coups-de-coeur-et-realites-de-la-saison-des-prix\/391665\/#primaryimage"},"image":{"@id":"https:\/\/www.webdo.tn\/fr\/actualite\/culture\/oscars-2026-mes-predictions-de-nominations-entre-coups-de-coeur-et-realites-de-la-saison-des-prix\/391665\/#primaryimage"},"thumbnailUrl":"https:\/\/www.webdo.tn\/fr\/wp-content\/uploads\/2026\/01\/Oscars-2026-Predictions-de-nominations.jpeg","datePublished":"2026-01-20T10:59:12+00:00","dateModified":"2026-01-20T10:59:14+00:00","description":"Oscars 2026 : pr\u00e9dictions de nominations entre coups de c\u0153ur personnels et r\u00e9alit\u00e9s de la saison des prix cin\u00e9matographiques.","breadcrumb":{"@id":"https:\/\/www.webdo.tn\/fr\/actualite\/culture\/oscars-2026-mes-predictions-de-nominations-entre-coups-de-coeur-et-realites-de-la-saison-des-prix\/391665\/#breadcrumb"},"inLanguage":"fr-FR","potentialAction":[{"@type":"ReadAction","target":["https:\/\/www.webdo.tn\/fr\/actualite\/culture\/oscars-2026-mes-predictions-de-nominations-entre-coups-de-coeur-et-realites-de-la-saison-des-prix\/391665\/"]}]},{"@type":"ImageObject","inLanguage":"fr-FR","@id":"https:\/\/www.webdo.tn\/fr\/actualite\/culture\/oscars-2026-mes-predictions-de-nominations-entre-coups-de-coeur-et-realites-de-la-saison-des-prix\/391665\/#primaryimage","url":"https:\/\/www.webdo.tn\/fr\/wp-content\/uploads\/2026\/01\/Oscars-2026-Predictions-de-nominations.jpeg","contentUrl":"https:\/\/www.webdo.tn\/fr\/wp-content\/uploads\/2026\/01\/Oscars-2026-Predictions-de-nominations.jpeg","width":1874,"height":1028,"caption":"Oscars 2026 Pr\u00e9dictions de nominations"},{"@type":"BreadcrumbList","@id":"https:\/\/www.webdo.tn\/fr\/actualite\/culture\/oscars-2026-mes-predictions-de-nominations-entre-coups-de-coeur-et-realites-de-la-saison-des-prix\/391665\/#breadcrumb","itemListElement":[{"@type":"ListItem","position":1,"name":"Accueil","item":"https:\/\/www.webdo.tn\/fr\/"},{"@type":"ListItem","position":2,"name":"Oscars 2026 : mes pr\u00e9dictions de nominations, entre coups de c\u0153ur et r\u00e9alit\u00e9s de la saison des prix"}]},{"@type":"WebSite","@id":"https:\/\/www.webdo.tn\/fr\/#website","url":"https:\/\/www.webdo.tn\/fr\/","name":"webdo","description":"Tunisie - News en Tunisie et \u00e0 l&#039;international sur Webdo.tn","publisher":{"@id":"https:\/\/www.webdo.tn\/fr\/#organization"},"potentialAction":[{"@type":"SearchAction","target":{"@type":"EntryPoint","urlTemplate":"https:\/\/www.webdo.tn\/fr\/?s={search_term_string}"},"query-input":{"@type":"PropertyValueSpecification","valueRequired":true,"valueName":"search_term_string"}}],"inLanguage":"fr-FR"},{"@type":"Organization","@id":"https:\/\/www.webdo.tn\/fr\/#organization","name":"Webdo","alternateName":"Webdo.tn","url":"https:\/\/www.webdo.tn\/fr\/","logo":{"@type":"ImageObject","inLanguage":"fr-FR","@id":"https:\/\/www.webdo.tn\/fr\/#\/schema\/logo\/image\/","url":"https:\/\/www.webdo.tn\/fr\/wp-content\/uploads\/2025\/06\/Webdo-Tunisie_168377.jpg","contentUrl":"https:\/\/www.webdo.tn\/fr\/wp-content\/uploads\/2025\/06\/Webdo-Tunisie_168377.jpg","width":301,"height":301,"caption":"Webdo"},"image":{"@id":"https:\/\/www.webdo.tn\/fr\/#\/schema\/logo\/image\/"},"sameAs":["https:\/\/www.facebook.com\/webdotn","https:\/\/x.com\/webdo_tn"],"description":"Webdo est un m\u00e9dia num\u00e9rique tunisien fond\u00e9 en 2010, sp\u00e9cialis\u00e9 dans l\u2019actualit\u00e9 nationale et internationale, l\u2019\u00e9conomie, la soci\u00e9t\u00e9 et les analyses politiques. Le site s\u2019adresse \u00e0 un large public francophone et couvre l\u2019information tunisienne en temps r\u00e9el.","email":"redac@webdo.tn","legalName":"YNJ SARL","foundingDate":"2010-09-06","numberOfEmployees":{"@type":"QuantitativeValue","minValue":"11","maxValue":"50"}},{"@type":"Person","@id":"https:\/\/www.webdo.tn\/fr\/#\/schema\/person\/60d5ba619ed3f58783b0dc82b7dada80","name":"Ne\u00efla DRISS","image":{"@type":"ImageObject","inLanguage":"fr-FR","@id":"https:\/\/www.webdo.tn\/fr\/wp-content\/uploads\/2026\/04\/neila-driss_avatar-96x96.jpg","url":"https:\/\/www.webdo.tn\/fr\/wp-content\/uploads\/2026\/04\/neila-driss_avatar-96x96.jpg","contentUrl":"https:\/\/www.webdo.tn\/fr\/wp-content\/uploads\/2026\/04\/neila-driss_avatar-96x96.jpg","caption":"Ne\u00efla DRISS"},"description":"Ne\u00efla Driss est juriste, journaliste culturelle et critique de cin\u00e9ma tunisienne. Titulaire d\u2019un DEA en droit priv\u00e9 de l\u2019Universit\u00e9 Paris II et d\u2019un DESS de l\u2019IHEC Carthage, elle d\u00e9bute sa carri\u00e8re comme juriste sp\u00e9cialis\u00e9e en gestion de patrimoine immobilier. Elle s\u2019oriente ensuite vers l\u2019\u00e9criture en ligne, o\u00f9 elle se distingue d\u00e8s 2006 aux Tunisia Blog Awards, avant de se consacrer au journalisme culturel, avec une sp\u00e9cialisation dans la critique cin\u00e9matographique. Elle couvre r\u00e9guli\u00e8rement les grands festivals internationaux, notamment le Festival de Cannes, les Journ\u00e9es Cin\u00e9matographiques de Carthage et le Festival du film du Caire. Membre de l\u2019ATPCC et de la FIPRESCI, elle participe \u00e0 des jurys et initiatives internationales de critique. Depuis 2024, elle est \u00e9lectrice internationale aux Golden Globes. Facebook : https:\/\/www.facebook.com\/massir.destiniii\/ X : https:\/\/x.com\/MassirDestin","sameAs":["https:\/\/www.facebook.com\/massir.destiniii\/","https:\/\/www.instagram.com\/neila.driss\/?hl=fr","https:\/\/www.linkedin.com\/in\/neila-driss-22606a80\/","https:\/\/x.com\/https:\/\/x.com\/MassirDestin"],"knowsAbout":["Cin\u00e9ma international","critique cin\u00e9matographique","festivals de cin\u00e9ma","journalisme culturel"],"knowsLanguage":["Fran\u00e7ais","Arabe","Anglais"],"jobTitle":"Journaliste culturelle et critique de cin\u00e9ma","worksFor":"Webdo","url":"https:\/\/www.webdo.tn\/fr\/actualite\/author\/neila-driss\/"}]}},"_links":{"self":[{"href":"https:\/\/www.webdo.tn\/fr\/wp-json\/wp\/v2\/posts\/391665","targetHints":{"allow":["GET"]}}],"collection":[{"href":"https:\/\/www.webdo.tn\/fr\/wp-json\/wp\/v2\/posts"}],"about":[{"href":"https:\/\/www.webdo.tn\/fr\/wp-json\/wp\/v2\/types\/post"}],"author":[{"embeddable":true,"href":"https:\/\/www.webdo.tn\/fr\/wp-json\/wp\/v2\/users\/3164"}],"replies":[{"embeddable":true,"href":"https:\/\/www.webdo.tn\/fr\/wp-json\/wp\/v2\/comments?post=391665"}],"version-history":[{"count":0,"href":"https:\/\/www.webdo.tn\/fr\/wp-json\/wp\/v2\/posts\/391665\/revisions"}],"wp:featuredmedia":[{"embeddable":true,"href":"https:\/\/www.webdo.tn\/fr\/wp-json\/wp\/v2\/media\/391668"}],"wp:attachment":[{"href":"https:\/\/www.webdo.tn\/fr\/wp-json\/wp\/v2\/media?parent=391665"}],"wp:term":[{"taxonomy":"category","embeddable":true,"href":"https:\/\/www.webdo.tn\/fr\/wp-json\/wp\/v2\/categories?post=391665"},{"taxonomy":"post_tag","embeddable":true,"href":"https:\/\/www.webdo.tn\/fr\/wp-json\/wp\/v2\/tags?post=391665"}],"curies":[{"name":"wp","href":"https:\/\/api.w.org\/{rel}","templated":true}]}}