{"id":391663,"date":"2026-01-20T11:48:05","date_gmt":"2026-01-20T10:48:05","guid":{"rendered":"https:\/\/www.webdo.tn\/fr\/?p=391663"},"modified":"2026-01-20T11:48:06","modified_gmt":"2026-01-20T10:48:06","slug":"intemperies-trois-deces-confirmes-a-moknine","status":"publish","type":"post","link":"https:\/\/www.webdo.tn\/fr\/actualite\/national\/intemperies-trois-deces-confirmes-a-moknine\/391663\/","title":{"rendered":"Intemp\u00e9ries : Trois d\u00e9c\u00e8s confirm\u00e9s \u00e0 Moknine"},"content":{"rendered":"\n<p><strong>Le bilan humain des fortes intemp\u00e9ries qui frappent le gouvernorat de Monastir continue de s\u2019alourdir. Les autorit\u00e9s ont confirm\u00e9, ce mardi, un troisi\u00e8me d\u00e9c\u00e8s dans la d\u00e9l\u00e9gation de Moknine, alors que plusieurs quartiers restent affect\u00e9s par les inondations.<\/strong><\/p>\n\n\n\n<p>Une source de la Protection civile \u00e0 Monastir a confirm\u00e9, ce mardi, sur les ondes de Mosaique fm, l\u2019enregistrement d\u2019un troisi\u00e8me d\u00e9c\u00e8s dans la d\u00e9l\u00e9gation de Moknine, en lien avec les intemp\u00e9ries qui touchent la r\u00e9gion.<\/p>\n\n\n\n<p>Les autorit\u00e9s locales indiquent que ce nouveau bilan porte \u00e0 trois le nombre de victimes recens\u00e9es dans cette seule d\u00e9l\u00e9gation, l\u2019une des zones les plus affect\u00e9es par les inondations provoqu\u00e9es par les pluies exceptionnelles.<\/p>\n\n\n\n<h2 class=\"wp-block-heading\" id=\"h-une-situation-humaine-de-plus-en-plus-preoccupante\">Une situation humaine de plus en plus pr\u00e9occupante<\/h2>\n\n\n\n<p>Selon les informations communiqu\u00e9es par les services de secours, les trois d\u00e9c\u00e8s sont survenus dans un contexte de fortes accumulations d\u2019eau ayant touch\u00e9 plusieurs quartiers et zones p\u00e9riph\u00e9riques de Moknine.<\/p>\n\n\n\n<p>La Protection civile poursuit ses interventions dans la r\u00e9gion, notamment pour porter assistance aux habitants isol\u00e9s et s\u00e9curiser les zones les plus expos\u00e9es.<\/p>\n\n\n\n<p>Face \u00e0 la gravit\u00e9 de la situation, le conseil local de la d\u00e9l\u00e9gation de Moknine a annonc\u00e9 l\u2019ouverture de l\u2019\u00e9cole primaire \u00ab Ennour \u00bb afin d\u2019accueillir les personnes affect\u00e9es par les inondations et dont les logements ont \u00e9t\u00e9 rendus inaccessibles ou inhabitables.<\/p>\n\n\n\n<p>Cette mesure s\u2019inscrit dans un dispositif d\u2019urgence visant \u00e0 assurer un h\u00e9bergement temporaire aux familles touch\u00e9es, en attendant l\u2019am\u00e9lioration des conditions m\u00e9t\u00e9orologiques et l\u2019\u00e9valuation compl\u00e8te des d\u00e9g\u00e2ts.<\/p>\n\n\n\n<h2 class=\"wp-block-heading\" id=\"h-une-region-sous-forte-pression-meteorologique\">Une r\u00e9gion sous forte pression m\u00e9t\u00e9orologique<\/h2>\n\n\n\n<p>Le gouvernorat de Monastir figure parmi les r\u00e9gions les plus durement frapp\u00e9es par cet \u00e9pisode pluvieux exceptionnel, marqu\u00e9 par des cumuls records et des inondations \u00e9tendues dans plusieurs localit\u00e9s.<\/p>\n\n\n\n<p>Les autorit\u00e9s appellent la population \u00e0 la plus grande prudence et \u00e0 respecter les consignes de s\u00e9curit\u00e9, alors que les services de secours restent pleinement mobilis\u00e9s sur le terrain.<\/p>\n\n\n\n<p><\/p>\n\n\n\n<iframe src=\"https:\/\/www.facebook.com\/plugins\/video.php?height=476&#038;href=https%3A%2F%2Fwww.facebook.com%2Freel%2F730766136451910%2F&#038;show_text=false&#038;width=267&#038;t=0\" width=\"267\" height=\"476\" style=\"border:none;overflow:hidden\" scrolling=\"no\" frameborder=\"0\" allowfullscreen=\"true\" allow=\"autoplay; clipboard-write; encrypted-media; picture-in-picture; web-share\" allowFullScreen=\"true\"><\/iframe>\n\n\n\n<iframe src=\"https:\/\/www.facebook.com\/plugins\/video.php?height=476&#038;href=https%3A%2F%2Fwww.facebook.com%2Freel%2F1921279125489047%2F&#038;show_text=false&#038;width=267&#038;t=0\" width=\"267\" height=\"476\" style=\"border:none;overflow:hidden\" scrolling=\"no\" frameborder=\"0\" allowfullscreen=\"true\" allow=\"autoplay; clipboard-write; encrypted-media; picture-in-picture; web-share\" allowFullScreen=\"true\"><\/iframe>\n\n\n\n<blockquote class=\"wp-block-quote is-layout-flow wp-block-quote-is-layout-flow\">\n<blockquote class=\"wp-block-quote is-layout-flow wp-block-quote-is-layout-flow\">\n<p><strong>Lire aussi :<\/strong><\/p>\n\n\n\n<ul class=\"wp-block-list\">\n<li><a href=\"https:\/\/www.webdo.tn\/fr\/actualite\/national\/intemperies-exceptionnelles-le-grand-tunis-nabeul-et-monastir-basculent-en-vigilance-rouge\/391653\/\">Intemp\u00e9ries exceptionnelles : Le Grand Tunis, Nabeul et Monastir basculent en vigilance rouge<\/a><\/li>\n\n\n\n<li><a href=\"https:\/\/www.webdo.tn\/fr\/actualite\/national\/tempete-harry-pourquoi-la-tunisie-subit-un-episode-meteo-extreme\/391643\/\">Temp\u00eate Harry : pourquoi la Tunisie subit un \u00e9pisode m\u00e9t\u00e9o extr\u00eame<\/a><\/li>\n\n\n\n<li><a href=\"https:\/\/www.webdo.tn\/fr\/actualite\/national\/inondations-deux-morts-a-moknine\/391639\/\">Inondations : Deux morts \u00e0 Moknine<\/a><\/li>\n<\/ul>\n<\/blockquote>\n<\/blockquote>\n","protected":false},"excerpt":{"rendered":"<p>Le bilan humain des fortes intemp\u00e9ries qui frappent le gouvernorat de Monastir continue de s\u2019alourdir. Les autorit\u00e9s ont confirm\u00e9, ce mardi, un troisi\u00e8me d\u00e9c\u00e8s dans la d\u00e9l\u00e9gation de Moknine, alors que plusieurs quartiers restent affect\u00e9s par les inondations. Une source de la Protection civile \u00e0 Monastir a confirm\u00e9, ce mardi, sur les ondes de Mosaique [&hellip;]<\/p>\n","protected":false},"author":4782,"featured_media":391666,"comment_status":"closed","ping_status":"closed","sticky":false,"template":"","format":"standard","meta":{"footnotes":""},"categories":[44],"tags":[2830,3164,2712,2670,13613,2608],"class_list":["post-391663","post","type-post","status-publish","format-standard","has-post-thumbnail","hentry","category-national","tag-deces","tag-inondations","tag-intemperies","tag-meteo","tag-moknine","tag-tunisie"],"yoast_head":"<!-- This site is optimized with the Yoast SEO Premium plugin v27.5 (Yoast SEO v27.5) - https:\/\/yoast.com\/product\/yoast-seo-premium-wordpress\/ -->\n<title>Intemp\u00e9ries : Trois d\u00e9c\u00e8s confirm\u00e9s \u00e0 Moknine - webdo<\/title>\n<meta name=\"description\" content=\"Intemp\u00e9ries \u00e0 Moknine : le bilan humain s&#039;alourdit avec trois d\u00e9c\u00e8s confirm\u00e9s et plusieurs quartiers touch\u00e9s par les inondations.\" \/>\n<link rel=\"canonical\" href=\"https:\/\/www.webdo.tn\/fr\/actualite\/national\/intemperies-trois-deces-confirmes-a-moknine\/391663\/\" \/>\n<meta property=\"og:locale\" content=\"fr_FR\" \/>\n<meta property=\"og:type\" content=\"article\" \/>\n<meta property=\"og:title\" content=\"Intemp\u00e9ries : Trois d\u00e9c\u00e8s confirm\u00e9s \u00e0 Moknine\" \/>\n<meta property=\"og:description\" content=\"Intemp\u00e9ries \u00e0 Moknine : le bilan humain s&#039;alourdit avec trois d\u00e9c\u00e8s confirm\u00e9s et plusieurs quartiers touch\u00e9s par les inondations.\" \/>\n<meta property=\"og:url\" content=\"https:\/\/www.webdo.tn\/fr\/actualite\/national\/intemperies-trois-deces-confirmes-a-moknine\/391663\/\" \/>\n<meta property=\"og:site_name\" content=\"webdo\" \/>\n<meta property=\"article:publisher\" content=\"https:\/\/www.facebook.com\/webdotn\" \/>\n<meta property=\"article:published_time\" content=\"2026-01-20T10:48:05+00:00\" \/>\n<meta property=\"article:modified_time\" content=\"2026-01-20T10:48:06+00:00\" \/>\n<meta property=\"og:image\" content=\"https:\/\/www.webdo.tn\/fr\/wp-content\/uploads\/2026\/01\/moknine.jpg\" \/>\n\t<meta property=\"og:image:width\" content=\"1200\" \/>\n\t<meta property=\"og:image:height\" content=\"604\" \/>\n\t<meta property=\"og:image:type\" content=\"image\/jpeg\" \/>\n<meta name=\"author\" content=\"Mohamed Fethi\" \/>\n<meta name=\"twitter:card\" content=\"summary_large_image\" \/>\n<meta name=\"twitter:creator\" content=\"@webdo_tn\" \/>\n<meta name=\"twitter:site\" content=\"@webdo_tn\" \/>\n<meta name=\"twitter:label1\" content=\"\u00c9crit par\" \/>\n\t<meta name=\"twitter:data1\" content=\"Mohamed Fethi\" \/>\n\t<meta name=\"twitter:label2\" content=\"Dur\u00e9e de lecture estim\u00e9e\" \/>\n\t<meta name=\"twitter:data2\" content=\"2 minutes\" \/>\n<script type=\"application\/ld+json\" class=\"yoast-schema-graph\">{\"@context\":\"https:\\\/\\\/schema.org\",\"@graph\":[{\"@type\":\"NewsArticle\",\"@id\":\"https:\\\/\\\/www.webdo.tn\\\/fr\\\/actualite\\\/national\\\/intemperies-trois-deces-confirmes-a-moknine\\\/391663\\\/#article\",\"isPartOf\":{\"@id\":\"https:\\\/\\\/www.webdo.tn\\\/fr\\\/actualite\\\/national\\\/intemperies-trois-deces-confirmes-a-moknine\\\/391663\\\/\"},\"author\":{\"name\":\"Mohamed Fethi\",\"@id\":\"https:\\\/\\\/www.webdo.tn\\\/fr\\\/#\\\/schema\\\/person\\\/16a4857e77dfc0b610c4c2cadffc9ac4\"},\"headline\":\"Intemp\u00e9ries : Trois d\u00e9c\u00e8s confirm\u00e9s \u00e0 Moknine\",\"datePublished\":\"2026-01-20T10:48:05+00:00\",\"dateModified\":\"2026-01-20T10:48:06+00:00\",\"mainEntityOfPage\":{\"@id\":\"https:\\\/\\\/www.webdo.tn\\\/fr\\\/actualite\\\/national\\\/intemperies-trois-deces-confirmes-a-moknine\\\/391663\\\/\"},\"wordCount\":399,\"publisher\":{\"@id\":\"https:\\\/\\\/www.webdo.tn\\\/fr\\\/#organization\"},\"image\":{\"@id\":\"https:\\\/\\\/www.webdo.tn\\\/fr\\\/actualite\\\/national\\\/intemperies-trois-deces-confirmes-a-moknine\\\/391663\\\/#primaryimage\"},\"thumbnailUrl\":\"https:\\\/\\\/www.webdo.tn\\\/fr\\\/wp-content\\\/uploads\\\/2026\\\/01\\\/moknine.jpg\",\"keywords\":[\"D\u00e9c\u00e8s\",\"Inondations\",\"Intemp\u00e9ries\",\"m\u00e9t\u00e9o\",\"Moknine\",\"Tunisie\"],\"articleSection\":[\"National\"],\"inLanguage\":\"fr-FR\"},{\"@type\":\"WebPage\",\"@id\":\"https:\\\/\\\/www.webdo.tn\\\/fr\\\/actualite\\\/national\\\/intemperies-trois-deces-confirmes-a-moknine\\\/391663\\\/\",\"url\":\"https:\\\/\\\/www.webdo.tn\\\/fr\\\/actualite\\\/national\\\/intemperies-trois-deces-confirmes-a-moknine\\\/391663\\\/\",\"name\":\"Intemp\u00e9ries : Trois d\u00e9c\u00e8s confirm\u00e9s \u00e0 Moknine - webdo\",\"isPartOf\":{\"@id\":\"https:\\\/\\\/www.webdo.tn\\\/fr\\\/#website\"},\"primaryImageOfPage\":{\"@id\":\"https:\\\/\\\/www.webdo.tn\\\/fr\\\/actualite\\\/national\\\/intemperies-trois-deces-confirmes-a-moknine\\\/391663\\\/#primaryimage\"},\"image\":{\"@id\":\"https:\\\/\\\/www.webdo.tn\\\/fr\\\/actualite\\\/national\\\/intemperies-trois-deces-confirmes-a-moknine\\\/391663\\\/#primaryimage\"},\"thumbnailUrl\":\"https:\\\/\\\/www.webdo.tn\\\/fr\\\/wp-content\\\/uploads\\\/2026\\\/01\\\/moknine.jpg\",\"datePublished\":\"2026-01-20T10:48:05+00:00\",\"dateModified\":\"2026-01-20T10:48:06+00:00\",\"description\":\"Intemp\u00e9ries \u00e0 Moknine : le bilan humain s'alourdit avec trois d\u00e9c\u00e8s confirm\u00e9s et plusieurs quartiers touch\u00e9s par les inondations.\",\"breadcrumb\":{\"@id\":\"https:\\\/\\\/www.webdo.tn\\\/fr\\\/actualite\\\/national\\\/intemperies-trois-deces-confirmes-a-moknine\\\/391663\\\/#breadcrumb\"},\"inLanguage\":\"fr-FR\",\"potentialAction\":[{\"@type\":\"ReadAction\",\"target\":[\"https:\\\/\\\/www.webdo.tn\\\/fr\\\/actualite\\\/national\\\/intemperies-trois-deces-confirmes-a-moknine\\\/391663\\\/\"]}]},{\"@type\":\"ImageObject\",\"inLanguage\":\"fr-FR\",\"@id\":\"https:\\\/\\\/www.webdo.tn\\\/fr\\\/actualite\\\/national\\\/intemperies-trois-deces-confirmes-a-moknine\\\/391663\\\/#primaryimage\",\"url\":\"https:\\\/\\\/www.webdo.tn\\\/fr\\\/wp-content\\\/uploads\\\/2026\\\/01\\\/moknine.jpg\",\"contentUrl\":\"https:\\\/\\\/www.webdo.tn\\\/fr\\\/wp-content\\\/uploads\\\/2026\\\/01\\\/moknine.jpg\",\"width\":1200,\"height\":604,\"caption\":\"Intemp\u00e9ries : Trois d\u00e9c\u00e8s confirm\u00e9s \u00e0 Moknine\"},{\"@type\":\"BreadcrumbList\",\"@id\":\"https:\\\/\\\/www.webdo.tn\\\/fr\\\/actualite\\\/national\\\/intemperies-trois-deces-confirmes-a-moknine\\\/391663\\\/#breadcrumb\",\"itemListElement\":[{\"@type\":\"ListItem\",\"position\":1,\"name\":\"Accueil\",\"item\":\"https:\\\/\\\/www.webdo.tn\\\/fr\\\/\"},{\"@type\":\"ListItem\",\"position\":2,\"name\":\"Intemp\u00e9ries : Trois d\u00e9c\u00e8s confirm\u00e9s \u00e0 Moknine\"}]},{\"@type\":\"WebSite\",\"@id\":\"https:\\\/\\\/www.webdo.tn\\\/fr\\\/#website\",\"url\":\"https:\\\/\\\/www.webdo.tn\\\/fr\\\/\",\"name\":\"webdo\",\"description\":\"Tunisie - News en Tunisie et \u00e0 l&#039;international sur Webdo.tn\",\"publisher\":{\"@id\":\"https:\\\/\\\/www.webdo.tn\\\/fr\\\/#organization\"},\"potentialAction\":[{\"@type\":\"SearchAction\",\"target\":{\"@type\":\"EntryPoint\",\"urlTemplate\":\"https:\\\/\\\/www.webdo.tn\\\/fr\\\/?s={search_term_string}\"},\"query-input\":{\"@type\":\"PropertyValueSpecification\",\"valueRequired\":true,\"valueName\":\"search_term_string\"}}],\"inLanguage\":\"fr-FR\"},{\"@type\":\"Organization\",\"@id\":\"https:\\\/\\\/www.webdo.tn\\\/fr\\\/#organization\",\"name\":\"Webdo\",\"alternateName\":\"Webdo.tn\",\"url\":\"https:\\\/\\\/www.webdo.tn\\\/fr\\\/\",\"logo\":{\"@type\":\"ImageObject\",\"inLanguage\":\"fr-FR\",\"@id\":\"https:\\\/\\\/www.webdo.tn\\\/fr\\\/#\\\/schema\\\/logo\\\/image\\\/\",\"url\":\"https:\\\/\\\/www.webdo.tn\\\/fr\\\/wp-content\\\/uploads\\\/2025\\\/06\\\/Webdo-Tunisie_168377.jpg\",\"contentUrl\":\"https:\\\/\\\/www.webdo.tn\\\/fr\\\/wp-content\\\/uploads\\\/2025\\\/06\\\/Webdo-Tunisie_168377.jpg\",\"width\":301,\"height\":301,\"caption\":\"Webdo\"},\"image\":{\"@id\":\"https:\\\/\\\/www.webdo.tn\\\/fr\\\/#\\\/schema\\\/logo\\\/image\\\/\"},\"sameAs\":[\"https:\\\/\\\/www.facebook.com\\\/webdotn\",\"https:\\\/\\\/x.com\\\/webdo_tn\"],\"description\":\"Webdo est un m\u00e9dia num\u00e9rique tunisien fond\u00e9 en 2010, sp\u00e9cialis\u00e9 dans l\u2019actualit\u00e9 nationale et internationale, l\u2019\u00e9conomie, la soci\u00e9t\u00e9 et les analyses politiques. Le site s\u2019adresse \u00e0 un large public francophone et couvre l\u2019information tunisienne en temps r\u00e9el.\",\"email\":\"redac@webdo.tn\",\"legalName\":\"YNJ SARL\",\"foundingDate\":\"2010-09-06\",\"numberOfEmployees\":{\"@type\":\"QuantitativeValue\",\"minValue\":\"11\",\"maxValue\":\"50\"}},{\"@type\":\"Person\",\"@id\":\"https:\\\/\\\/www.webdo.tn\\\/fr\\\/#\\\/schema\\\/person\\\/16a4857e77dfc0b610c4c2cadffc9ac4\",\"name\":\"Mohamed Fethi\",\"image\":{\"@type\":\"ImageObject\",\"inLanguage\":\"fr-FR\",\"@id\":\"https:\\\/\\\/www.webdo.tn\\\/fr\\\/wp-content\\\/uploads\\\/2026\\\/04\\\/mohamed-fethi_avatar_1-96x96.jpg\",\"url\":\"https:\\\/\\\/www.webdo.tn\\\/fr\\\/wp-content\\\/uploads\\\/2026\\\/04\\\/mohamed-fethi_avatar_1-96x96.jpg\",\"contentUrl\":\"https:\\\/\\\/www.webdo.tn\\\/fr\\\/wp-content\\\/uploads\\\/2026\\\/04\\\/mohamed-fethi_avatar_1-96x96.jpg\",\"caption\":\"Mohamed Fethi\"},\"description\":\"Signature \u00e9ditoriale de Maher Chaabane Mohamed Fethi est le pseudonyme \u00e9ditorial de Maher Chaabane, r\u00e9dacteur en chef de Webdo.tn depuis 2012. Cette signature est d\u00e9di\u00e9e au traitement intensif de l'actualit\u00e9 nationale et internationale en temps r\u00e9el. S'appuyant sur les deux d\u00e9cennies d'expertise journalistique de Maher Chaabane \u2014 d\u00e9but\u00e9e au sein du groupe Tunis Hebdo en 2000 \u2014 Mohamed Fethi assure une veille rigoureuse sur les enjeux politiques, \u00e9conomiques et sportifs. Sa mission est de garantir une information structur\u00e9e, fluide et fid\u00e8le aux standards de la r\u00e9daction. Pour consulter le parcours complet du r\u00e9dacteur en chef, visitez le profil officiel de Maher Chaabane.\",\"knowsAbout\":[\"actualit\u00e9\",\"journalisme\",\"information\",\"politique\",\"sport\",\"m\u00e9dias\",\"actualit\u00e9 internationale\"],\"knowsLanguage\":[\"Fran\u00e7ais\",\"Arabe\"],\"jobTitle\":\"Journaliste \u2013 R\u00e9daction Webdo\",\"worksFor\":\"Webdo.tn\",\"url\":\"https:\\\/\\\/www.webdo.tn\\\/fr\\\/actualite\\\/author\\\/mohamed-fethi\\\/\"}]}<\/script>\n<!-- \/ Yoast SEO Premium plugin. -->","yoast_head_json":{"title":"Intemp\u00e9ries : Trois d\u00e9c\u00e8s confirm\u00e9s \u00e0 Moknine - webdo","description":"Intemp\u00e9ries \u00e0 Moknine : le bilan humain s'alourdit avec trois d\u00e9c\u00e8s confirm\u00e9s et plusieurs quartiers touch\u00e9s par les inondations.","canonical":"https:\/\/www.webdo.tn\/fr\/actualite\/national\/intemperies-trois-deces-confirmes-a-moknine\/391663\/","og_locale":"fr_FR","og_type":"article","og_title":"Intemp\u00e9ries : Trois d\u00e9c\u00e8s confirm\u00e9s \u00e0 Moknine","og_description":"Intemp\u00e9ries \u00e0 Moknine : le bilan humain s'alourdit avec trois d\u00e9c\u00e8s confirm\u00e9s et plusieurs quartiers touch\u00e9s par les inondations.","og_url":"https:\/\/www.webdo.tn\/fr\/actualite\/national\/intemperies-trois-deces-confirmes-a-moknine\/391663\/","og_site_name":"webdo","article_publisher":"https:\/\/www.facebook.com\/webdotn","article_published_time":"2026-01-20T10:48:05+00:00","article_modified_time":"2026-01-20T10:48:06+00:00","og_image":[{"width":1200,"height":604,"url":"https:\/\/www.webdo.tn\/fr\/wp-content\/uploads\/2026\/01\/moknine.jpg","type":"image\/jpeg"}],"author":"Mohamed Fethi","twitter_card":"summary_large_image","twitter_creator":"@webdo_tn","twitter_site":"@webdo_tn","twitter_misc":{"\u00c9crit par":"Mohamed Fethi","Dur\u00e9e de lecture estim\u00e9e":"2 minutes"},"schema":{"@context":"https:\/\/schema.org","@graph":[{"@type":"NewsArticle","@id":"https:\/\/www.webdo.tn\/fr\/actualite\/national\/intemperies-trois-deces-confirmes-a-moknine\/391663\/#article","isPartOf":{"@id":"https:\/\/www.webdo.tn\/fr\/actualite\/national\/intemperies-trois-deces-confirmes-a-moknine\/391663\/"},"author":{"name":"Mohamed Fethi","@id":"https:\/\/www.webdo.tn\/fr\/#\/schema\/person\/16a4857e77dfc0b610c4c2cadffc9ac4"},"headline":"Intemp\u00e9ries : Trois d\u00e9c\u00e8s confirm\u00e9s \u00e0 Moknine","datePublished":"2026-01-20T10:48:05+00:00","dateModified":"2026-01-20T10:48:06+00:00","mainEntityOfPage":{"@id":"https:\/\/www.webdo.tn\/fr\/actualite\/national\/intemperies-trois-deces-confirmes-a-moknine\/391663\/"},"wordCount":399,"publisher":{"@id":"https:\/\/www.webdo.tn\/fr\/#organization"},"image":{"@id":"https:\/\/www.webdo.tn\/fr\/actualite\/national\/intemperies-trois-deces-confirmes-a-moknine\/391663\/#primaryimage"},"thumbnailUrl":"https:\/\/www.webdo.tn\/fr\/wp-content\/uploads\/2026\/01\/moknine.jpg","keywords":["D\u00e9c\u00e8s","Inondations","Intemp\u00e9ries","m\u00e9t\u00e9o","Moknine","Tunisie"],"articleSection":["National"],"inLanguage":"fr-FR"},{"@type":"WebPage","@id":"https:\/\/www.webdo.tn\/fr\/actualite\/national\/intemperies-trois-deces-confirmes-a-moknine\/391663\/","url":"https:\/\/www.webdo.tn\/fr\/actualite\/national\/intemperies-trois-deces-confirmes-a-moknine\/391663\/","name":"Intemp\u00e9ries : Trois d\u00e9c\u00e8s confirm\u00e9s \u00e0 Moknine - webdo","isPartOf":{"@id":"https:\/\/www.webdo.tn\/fr\/#website"},"primaryImageOfPage":{"@id":"https:\/\/www.webdo.tn\/fr\/actualite\/national\/intemperies-trois-deces-confirmes-a-moknine\/391663\/#primaryimage"},"image":{"@id":"https:\/\/www.webdo.tn\/fr\/actualite\/national\/intemperies-trois-deces-confirmes-a-moknine\/391663\/#primaryimage"},"thumbnailUrl":"https:\/\/www.webdo.tn\/fr\/wp-content\/uploads\/2026\/01\/moknine.jpg","datePublished":"2026-01-20T10:48:05+00:00","dateModified":"2026-01-20T10:48:06+00:00","description":"Intemp\u00e9ries \u00e0 Moknine : le bilan humain s'alourdit avec trois d\u00e9c\u00e8s confirm\u00e9s et plusieurs quartiers touch\u00e9s par les inondations.","breadcrumb":{"@id":"https:\/\/www.webdo.tn\/fr\/actualite\/national\/intemperies-trois-deces-confirmes-a-moknine\/391663\/#breadcrumb"},"inLanguage":"fr-FR","potentialAction":[{"@type":"ReadAction","target":["https:\/\/www.webdo.tn\/fr\/actualite\/national\/intemperies-trois-deces-confirmes-a-moknine\/391663\/"]}]},{"@type":"ImageObject","inLanguage":"fr-FR","@id":"https:\/\/www.webdo.tn\/fr\/actualite\/national\/intemperies-trois-deces-confirmes-a-moknine\/391663\/#primaryimage","url":"https:\/\/www.webdo.tn\/fr\/wp-content\/uploads\/2026\/01\/moknine.jpg","contentUrl":"https:\/\/www.webdo.tn\/fr\/wp-content\/uploads\/2026\/01\/moknine.jpg","width":1200,"height":604,"caption":"Intemp\u00e9ries : Trois d\u00e9c\u00e8s confirm\u00e9s \u00e0 Moknine"},{"@type":"BreadcrumbList","@id":"https:\/\/www.webdo.tn\/fr\/actualite\/national\/intemperies-trois-deces-confirmes-a-moknine\/391663\/#breadcrumb","itemListElement":[{"@type":"ListItem","position":1,"name":"Accueil","item":"https:\/\/www.webdo.tn\/fr\/"},{"@type":"ListItem","position":2,"name":"Intemp\u00e9ries : Trois d\u00e9c\u00e8s confirm\u00e9s \u00e0 Moknine"}]},{"@type":"WebSite","@id":"https:\/\/www.webdo.tn\/fr\/#website","url":"https:\/\/www.webdo.tn\/fr\/","name":"webdo","description":"Tunisie - News en Tunisie et \u00e0 l&#039;international sur Webdo.tn","publisher":{"@id":"https:\/\/www.webdo.tn\/fr\/#organization"},"potentialAction":[{"@type":"SearchAction","target":{"@type":"EntryPoint","urlTemplate":"https:\/\/www.webdo.tn\/fr\/?s={search_term_string}"},"query-input":{"@type":"PropertyValueSpecification","valueRequired":true,"valueName":"search_term_string"}}],"inLanguage":"fr-FR"},{"@type":"Organization","@id":"https:\/\/www.webdo.tn\/fr\/#organization","name":"Webdo","alternateName":"Webdo.tn","url":"https:\/\/www.webdo.tn\/fr\/","logo":{"@type":"ImageObject","inLanguage":"fr-FR","@id":"https:\/\/www.webdo.tn\/fr\/#\/schema\/logo\/image\/","url":"https:\/\/www.webdo.tn\/fr\/wp-content\/uploads\/2025\/06\/Webdo-Tunisie_168377.jpg","contentUrl":"https:\/\/www.webdo.tn\/fr\/wp-content\/uploads\/2025\/06\/Webdo-Tunisie_168377.jpg","width":301,"height":301,"caption":"Webdo"},"image":{"@id":"https:\/\/www.webdo.tn\/fr\/#\/schema\/logo\/image\/"},"sameAs":["https:\/\/www.facebook.com\/webdotn","https:\/\/x.com\/webdo_tn"],"description":"Webdo est un m\u00e9dia num\u00e9rique tunisien fond\u00e9 en 2010, sp\u00e9cialis\u00e9 dans l\u2019actualit\u00e9 nationale et internationale, l\u2019\u00e9conomie, la soci\u00e9t\u00e9 et les analyses politiques. Le site s\u2019adresse \u00e0 un large public francophone et couvre l\u2019information tunisienne en temps r\u00e9el.","email":"redac@webdo.tn","legalName":"YNJ SARL","foundingDate":"2010-09-06","numberOfEmployees":{"@type":"QuantitativeValue","minValue":"11","maxValue":"50"}},{"@type":"Person","@id":"https:\/\/www.webdo.tn\/fr\/#\/schema\/person\/16a4857e77dfc0b610c4c2cadffc9ac4","name":"Mohamed Fethi","image":{"@type":"ImageObject","inLanguage":"fr-FR","@id":"https:\/\/www.webdo.tn\/fr\/wp-content\/uploads\/2026\/04\/mohamed-fethi_avatar_1-96x96.jpg","url":"https:\/\/www.webdo.tn\/fr\/wp-content\/uploads\/2026\/04\/mohamed-fethi_avatar_1-96x96.jpg","contentUrl":"https:\/\/www.webdo.tn\/fr\/wp-content\/uploads\/2026\/04\/mohamed-fethi_avatar_1-96x96.jpg","caption":"Mohamed Fethi"},"description":"Signature \u00e9ditoriale de Maher Chaabane Mohamed Fethi est le pseudonyme \u00e9ditorial de Maher Chaabane, r\u00e9dacteur en chef de Webdo.tn depuis 2012. Cette signature est d\u00e9di\u00e9e au traitement intensif de l'actualit\u00e9 nationale et internationale en temps r\u00e9el. S'appuyant sur les deux d\u00e9cennies d'expertise journalistique de Maher Chaabane \u2014 d\u00e9but\u00e9e au sein du groupe Tunis Hebdo en 2000 \u2014 Mohamed Fethi assure une veille rigoureuse sur les enjeux politiques, \u00e9conomiques et sportifs. Sa mission est de garantir une information structur\u00e9e, fluide et fid\u00e8le aux standards de la r\u00e9daction. Pour consulter le parcours complet du r\u00e9dacteur en chef, visitez le profil officiel de Maher Chaabane.","knowsAbout":["actualit\u00e9","journalisme","information","politique","sport","m\u00e9dias","actualit\u00e9 internationale"],"knowsLanguage":["Fran\u00e7ais","Arabe"],"jobTitle":"Journaliste \u2013 R\u00e9daction Webdo","worksFor":"Webdo.tn","url":"https:\/\/www.webdo.tn\/fr\/actualite\/author\/mohamed-fethi\/"}]}},"_links":{"self":[{"href":"https:\/\/www.webdo.tn\/fr\/wp-json\/wp\/v2\/posts\/391663","targetHints":{"allow":["GET"]}}],"collection":[{"href":"https:\/\/www.webdo.tn\/fr\/wp-json\/wp\/v2\/posts"}],"about":[{"href":"https:\/\/www.webdo.tn\/fr\/wp-json\/wp\/v2\/types\/post"}],"author":[{"embeddable":true,"href":"https:\/\/www.webdo.tn\/fr\/wp-json\/wp\/v2\/users\/4782"}],"replies":[{"embeddable":true,"href":"https:\/\/www.webdo.tn\/fr\/wp-json\/wp\/v2\/comments?post=391663"}],"version-history":[{"count":0,"href":"https:\/\/www.webdo.tn\/fr\/wp-json\/wp\/v2\/posts\/391663\/revisions"}],"wp:featuredmedia":[{"embeddable":true,"href":"https:\/\/www.webdo.tn\/fr\/wp-json\/wp\/v2\/media\/391666"}],"wp:attachment":[{"href":"https:\/\/www.webdo.tn\/fr\/wp-json\/wp\/v2\/media?parent=391663"}],"wp:term":[{"taxonomy":"category","embeddable":true,"href":"https:\/\/www.webdo.tn\/fr\/wp-json\/wp\/v2\/categories?post=391663"},{"taxonomy":"post_tag","embeddable":true,"href":"https:\/\/www.webdo.tn\/fr\/wp-json\/wp\/v2\/tags?post=391663"}],"curies":[{"name":"wp","href":"https:\/\/api.w.org\/{rel}","templated":true}]}}