{"id":391661,"date":"2026-01-20T11:25:04","date_gmt":"2026-01-20T10:25:04","guid":{"rendered":"https:\/\/www.webdo.tn\/fr\/?p=391661"},"modified":"2026-01-20T11:25:06","modified_gmt":"2026-01-20T10:25:06","slug":"intemperies-tribunaux-a-larret-et-plusieurs-ambassades-fermees-a-tunis","status":"publish","type":"post","link":"https:\/\/www.webdo.tn\/fr\/actualite\/national\/intemperies-tribunaux-a-larret-et-plusieurs-ambassades-fermees-a-tunis\/391661\/","title":{"rendered":"Intemp\u00e9ries : Tribunaux \u00e0 l\u2019arr\u00eat et plusieurs ambassades ferm\u00e9es \u00e0 Tunis"},"content":{"rendered":"\n<p><strong>Les fortes pluies qui frappent le pays depuis lundi continuent de paralyser de nombreuses institutions dans la capitale. Les tribunaux du Grand Tunis ont suspendu leurs activit\u00e9s tandis que plusieurs repr\u00e9sentations diplomatiques ont d\u00e9cid\u00e9 de fermer leurs portes au public.<\/strong><\/p>\n\n\n\n<h2 class=\"wp-block-heading\" id=\"h-les-tribunaux-du-grand-tunis-contraints-de-suspendre-leurs-activites\">Les tribunaux du Grand Tunis contraints de suspendre leurs activit\u00e9s<\/h2>\n\n\n\n<p>Face \u00e0 la d\u00e9gradation persistante des conditions m\u00e9t\u00e9orologiques, l\u2019Ordre national des avocats de Tunis a annonc\u00e9, ce mardi, la suspension du travail dans l\u2019ensemble des tribunaux du Grand Tunis.<\/p>\n\n\n\n<p>Cette d\u00e9cision a \u00e9t\u00e9 prise en raison des fortes pluies et des difficult\u00e9s de d\u00e9placement qui affectent la capitale et sa banlieue, dans un contexte marqu\u00e9 par des inondations localis\u00e9es et de fortes perturbations de la circulation.<\/p>\n\n\n\n<h2 class=\"wp-block-heading\" id=\"h-plusieurs-representations-diplomatiques-ferment-leurs-portes\">Plusieurs repr\u00e9sentations diplomatiques ferment leurs portes<\/h2>\n\n\n\n<p>Les cons\u00e9quences de cet \u00e9pisode m\u00e9t\u00e9orologique ne se limitent pas au secteur judiciaire. Plusieurs repr\u00e9sentations diplomatiques \u00e9tablies \u00e0 Tunis ont, elles aussi, annonc\u00e9 la fermeture temporaire de leurs services au public.<\/p>\n\n\n\n<p>Dans des communiqu\u00e9s publi\u00e9s sur leurs pages officielles, ces missions ont indiqu\u00e9 que les rendez-vous ainsi que la remise des passeports seront report\u00e9s \u00e0 une date ult\u00e9rieure. Parmi les institutions concern\u00e9es figurent notamment les ambassades d\u2019Allemagne, des Pays-Bas, d\u2019\u00c9gypte et du Canada, ainsi que le Consulat g\u00e9n\u00e9ral de France.<\/p>\n\n\n\n<h2 class=\"wp-block-heading\" id=\"h-des-perturbations-toujours-actives-dans-plusieurs-regions\">Des perturbations toujours actives dans plusieurs r\u00e9gions<\/h2>\n\n\n\n<p>Depuis lundi, plusieurs gouvernorats, en particulier dans l\u2019est du nord et du centre du pays, connaissent des pr\u00e9cipitations abondantes, parfois d\u2019une intensit\u00e9 exceptionnelle. Les r\u00e9gions du Grand Tunis et de Nabeul figurent parmi les plus touch\u00e9es par ces intemp\u00e9ries, avec des cumuls importants ayant entra\u00een\u00e9 de nombreuses perturbations dans les services publics et les d\u00e9placements.<\/p>\n\n\n\n<p><\/p>\n\n\n\n<blockquote class=\"wp-block-quote is-layout-flow wp-block-quote-is-layout-flow\">\n<blockquote class=\"wp-block-quote is-layout-flow wp-block-quote-is-layout-flow\">\n<p><strong>Lire aussi :<\/strong><\/p>\n\n\n\n<ul class=\"wp-block-list\">\n<li><a href=\"https:\/\/www.webdo.tn\/fr\/actualite\/national\/intemperies-exceptionnelles-le-grand-tunis-nabeul-et-monastir-basculent-en-vigilance-rouge\/391653\/\">Intemp\u00e9ries exceptionnelles : Le Grand Tunis, Nabeul et Monastir basculent en vigilance rouge<\/a><\/li>\n\n\n\n<li><a href=\"https:\/\/www.webdo.tn\/fr\/actualite\/national\/tempete-harry-pourquoi-la-tunisie-subit-un-episode-meteo-extreme\/391643\/\">Temp\u00eate Harry : pourquoi la Tunisie subit un \u00e9pisode m\u00e9t\u00e9o extr\u00eame<\/a><\/li>\n\n\n\n<li><a href=\"https:\/\/www.webdo.tn\/fr\/actualite\/national\/inondations-deux-morts-a-moknine\/391639\/\">Inondations : Deux morts \u00e0 Moknine<\/a><\/li>\n<\/ul>\n<\/blockquote>\n<\/blockquote>\n","protected":false},"excerpt":{"rendered":"<p>Les fortes pluies qui frappent le pays depuis lundi continuent de paralyser de nombreuses institutions dans la capitale. Les tribunaux du Grand Tunis ont suspendu leurs activit\u00e9s tandis que plusieurs repr\u00e9sentations diplomatiques ont d\u00e9cid\u00e9 de fermer leurs portes au public. Les tribunaux du Grand Tunis contraints de suspendre leurs activit\u00e9s Face \u00e0 la d\u00e9gradation persistante [&hellip;]<\/p>\n","protected":false},"author":4782,"featured_media":390373,"comment_status":"closed","ping_status":"closed","sticky":false,"template":"","format":"standard","meta":{"footnotes":""},"categories":[44],"tags":[2712,2670,2608],"class_list":["post-391661","post","type-post","status-publish","format-standard","has-post-thumbnail","hentry","category-national","tag-intemperies","tag-meteo","tag-tunisie"],"yoast_head":"<!-- This site is optimized with the Yoast SEO Premium plugin v27.5 (Yoast SEO v27.5) - https:\/\/yoast.com\/product\/yoast-seo-premium-wordpress\/ -->\n<title>Intemp\u00e9ries : Tribunaux \u00e0 l\u2019arr\u00eat et plusieurs ambassades ferm\u00e9es \u00e0 Tunis - webdo<\/title>\n<meta name=\"description\" content=\"Les intemp\u00e9ries paralysent les tribunaux \u00e0 Tunis. D\u00e9couvrez les effets de la pluie sur les ambassades et les services publics.\" \/>\n<link rel=\"canonical\" href=\"https:\/\/www.webdo.tn\/fr\/actualite\/national\/intemperies-tribunaux-a-larret-et-plusieurs-ambassades-fermees-a-tunis\/391661\/\" \/>\n<meta property=\"og:locale\" content=\"fr_FR\" \/>\n<meta property=\"og:type\" content=\"article\" \/>\n<meta property=\"og:title\" content=\"Intemp\u00e9ries : Tribunaux \u00e0 l\u2019arr\u00eat et plusieurs ambassades ferm\u00e9es \u00e0 Tunis\" \/>\n<meta property=\"og:description\" content=\"Les intemp\u00e9ries paralysent les tribunaux \u00e0 Tunis. D\u00e9couvrez les effets de la pluie sur les ambassades et les services publics.\" \/>\n<meta property=\"og:url\" content=\"https:\/\/www.webdo.tn\/fr\/actualite\/national\/intemperies-tribunaux-a-larret-et-plusieurs-ambassades-fermees-a-tunis\/391661\/\" \/>\n<meta property=\"og:site_name\" content=\"webdo\" \/>\n<meta property=\"article:publisher\" content=\"https:\/\/www.facebook.com\/webdotn\" \/>\n<meta property=\"article:published_time\" content=\"2026-01-20T10:25:04+00:00\" \/>\n<meta property=\"article:modified_time\" content=\"2026-01-20T10:25:06+00:00\" \/>\n<meta property=\"og:image\" content=\"https:\/\/www.webdo.tn\/fr\/wp-content\/uploads\/2025\/12\/Justice-e1767725172794.jpg\" \/>\n\t<meta property=\"og:image:width\" content=\"1200\" \/>\n\t<meta property=\"og:image:height\" content=\"600\" \/>\n\t<meta property=\"og:image:type\" content=\"image\/jpeg\" \/>\n<meta name=\"author\" content=\"Mohamed Fethi\" \/>\n<meta name=\"twitter:card\" content=\"summary_large_image\" \/>\n<meta name=\"twitter:creator\" content=\"@webdo_tn\" \/>\n<meta name=\"twitter:site\" content=\"@webdo_tn\" \/>\n<meta name=\"twitter:label1\" content=\"\u00c9crit par\" \/>\n\t<meta name=\"twitter:data1\" content=\"Mohamed Fethi\" \/>\n\t<meta name=\"twitter:label2\" content=\"Dur\u00e9e de lecture estim\u00e9e\" \/>\n\t<meta name=\"twitter:data2\" content=\"2 minutes\" \/>\n<script type=\"application\/ld+json\" class=\"yoast-schema-graph\">{\"@context\":\"https:\\\/\\\/schema.org\",\"@graph\":[{\"@type\":\"NewsArticle\",\"@id\":\"https:\\\/\\\/www.webdo.tn\\\/fr\\\/actualite\\\/national\\\/intemperies-tribunaux-a-larret-et-plusieurs-ambassades-fermees-a-tunis\\\/391661\\\/#article\",\"isPartOf\":{\"@id\":\"https:\\\/\\\/www.webdo.tn\\\/fr\\\/actualite\\\/national\\\/intemperies-tribunaux-a-larret-et-plusieurs-ambassades-fermees-a-tunis\\\/391661\\\/\"},\"author\":{\"name\":\"Mohamed Fethi\",\"@id\":\"https:\\\/\\\/www.webdo.tn\\\/fr\\\/#\\\/schema\\\/person\\\/16a4857e77dfc0b610c4c2cadffc9ac4\"},\"headline\":\"Intemp\u00e9ries : Tribunaux \u00e0 l\u2019arr\u00eat et plusieurs ambassades ferm\u00e9es \u00e0 Tunis\",\"datePublished\":\"2026-01-20T10:25:04+00:00\",\"dateModified\":\"2026-01-20T10:25:06+00:00\",\"mainEntityOfPage\":{\"@id\":\"https:\\\/\\\/www.webdo.tn\\\/fr\\\/actualite\\\/national\\\/intemperies-tribunaux-a-larret-et-plusieurs-ambassades-fermees-a-tunis\\\/391661\\\/\"},\"wordCount\":342,\"publisher\":{\"@id\":\"https:\\\/\\\/www.webdo.tn\\\/fr\\\/#organization\"},\"image\":{\"@id\":\"https:\\\/\\\/www.webdo.tn\\\/fr\\\/actualite\\\/national\\\/intemperies-tribunaux-a-larret-et-plusieurs-ambassades-fermees-a-tunis\\\/391661\\\/#primaryimage\"},\"thumbnailUrl\":\"https:\\\/\\\/www.webdo.tn\\\/fr\\\/wp-content\\\/uploads\\\/2025\\\/12\\\/Justice-e1767725172794.jpg\",\"keywords\":[\"Intemp\u00e9ries\",\"m\u00e9t\u00e9o\",\"Tunisie\"],\"articleSection\":[\"National\"],\"inLanguage\":\"fr-FR\"},{\"@type\":\"WebPage\",\"@id\":\"https:\\\/\\\/www.webdo.tn\\\/fr\\\/actualite\\\/national\\\/intemperies-tribunaux-a-larret-et-plusieurs-ambassades-fermees-a-tunis\\\/391661\\\/\",\"url\":\"https:\\\/\\\/www.webdo.tn\\\/fr\\\/actualite\\\/national\\\/intemperies-tribunaux-a-larret-et-plusieurs-ambassades-fermees-a-tunis\\\/391661\\\/\",\"name\":\"Intemp\u00e9ries : Tribunaux \u00e0 l\u2019arr\u00eat et plusieurs ambassades ferm\u00e9es \u00e0 Tunis - webdo\",\"isPartOf\":{\"@id\":\"https:\\\/\\\/www.webdo.tn\\\/fr\\\/#website\"},\"primaryImageOfPage\":{\"@id\":\"https:\\\/\\\/www.webdo.tn\\\/fr\\\/actualite\\\/national\\\/intemperies-tribunaux-a-larret-et-plusieurs-ambassades-fermees-a-tunis\\\/391661\\\/#primaryimage\"},\"image\":{\"@id\":\"https:\\\/\\\/www.webdo.tn\\\/fr\\\/actualite\\\/national\\\/intemperies-tribunaux-a-larret-et-plusieurs-ambassades-fermees-a-tunis\\\/391661\\\/#primaryimage\"},\"thumbnailUrl\":\"https:\\\/\\\/www.webdo.tn\\\/fr\\\/wp-content\\\/uploads\\\/2025\\\/12\\\/Justice-e1767725172794.jpg\",\"datePublished\":\"2026-01-20T10:25:04+00:00\",\"dateModified\":\"2026-01-20T10:25:06+00:00\",\"description\":\"Les intemp\u00e9ries paralysent les tribunaux \u00e0 Tunis. D\u00e9couvrez les effets de la pluie sur les ambassades et les services publics.\",\"breadcrumb\":{\"@id\":\"https:\\\/\\\/www.webdo.tn\\\/fr\\\/actualite\\\/national\\\/intemperies-tribunaux-a-larret-et-plusieurs-ambassades-fermees-a-tunis\\\/391661\\\/#breadcrumb\"},\"inLanguage\":\"fr-FR\",\"potentialAction\":[{\"@type\":\"ReadAction\",\"target\":[\"https:\\\/\\\/www.webdo.tn\\\/fr\\\/actualite\\\/national\\\/intemperies-tribunaux-a-larret-et-plusieurs-ambassades-fermees-a-tunis\\\/391661\\\/\"]}]},{\"@type\":\"ImageObject\",\"inLanguage\":\"fr-FR\",\"@id\":\"https:\\\/\\\/www.webdo.tn\\\/fr\\\/actualite\\\/national\\\/intemperies-tribunaux-a-larret-et-plusieurs-ambassades-fermees-a-tunis\\\/391661\\\/#primaryimage\",\"url\":\"https:\\\/\\\/www.webdo.tn\\\/fr\\\/wp-content\\\/uploads\\\/2025\\\/12\\\/Justice-e1767725172794.jpg\",\"contentUrl\":\"https:\\\/\\\/www.webdo.tn\\\/fr\\\/wp-content\\\/uploads\\\/2025\\\/12\\\/Justice-e1767725172794.jpg\",\"width\":1200,\"height\":600,\"caption\":\"Tunisie : 60 ans de prison pour la cheffe d\u2019un r\u00e9seau de falsification de biens fonciers publics\"},{\"@type\":\"BreadcrumbList\",\"@id\":\"https:\\\/\\\/www.webdo.tn\\\/fr\\\/actualite\\\/national\\\/intemperies-tribunaux-a-larret-et-plusieurs-ambassades-fermees-a-tunis\\\/391661\\\/#breadcrumb\",\"itemListElement\":[{\"@type\":\"ListItem\",\"position\":1,\"name\":\"Accueil\",\"item\":\"https:\\\/\\\/www.webdo.tn\\\/fr\\\/\"},{\"@type\":\"ListItem\",\"position\":2,\"name\":\"Intemp\u00e9ries : Tribunaux \u00e0 l\u2019arr\u00eat et plusieurs ambassades ferm\u00e9es \u00e0 Tunis\"}]},{\"@type\":\"WebSite\",\"@id\":\"https:\\\/\\\/www.webdo.tn\\\/fr\\\/#website\",\"url\":\"https:\\\/\\\/www.webdo.tn\\\/fr\\\/\",\"name\":\"webdo\",\"description\":\"Tunisie - News en Tunisie et \u00e0 l&#039;international sur Webdo.tn\",\"publisher\":{\"@id\":\"https:\\\/\\\/www.webdo.tn\\\/fr\\\/#organization\"},\"potentialAction\":[{\"@type\":\"SearchAction\",\"target\":{\"@type\":\"EntryPoint\",\"urlTemplate\":\"https:\\\/\\\/www.webdo.tn\\\/fr\\\/?s={search_term_string}\"},\"query-input\":{\"@type\":\"PropertyValueSpecification\",\"valueRequired\":true,\"valueName\":\"search_term_string\"}}],\"inLanguage\":\"fr-FR\"},{\"@type\":\"Organization\",\"@id\":\"https:\\\/\\\/www.webdo.tn\\\/fr\\\/#organization\",\"name\":\"Webdo\",\"alternateName\":\"Webdo.tn\",\"url\":\"https:\\\/\\\/www.webdo.tn\\\/fr\\\/\",\"logo\":{\"@type\":\"ImageObject\",\"inLanguage\":\"fr-FR\",\"@id\":\"https:\\\/\\\/www.webdo.tn\\\/fr\\\/#\\\/schema\\\/logo\\\/image\\\/\",\"url\":\"https:\\\/\\\/www.webdo.tn\\\/fr\\\/wp-content\\\/uploads\\\/2025\\\/06\\\/Webdo-Tunisie_168377.jpg\",\"contentUrl\":\"https:\\\/\\\/www.webdo.tn\\\/fr\\\/wp-content\\\/uploads\\\/2025\\\/06\\\/Webdo-Tunisie_168377.jpg\",\"width\":301,\"height\":301,\"caption\":\"Webdo\"},\"image\":{\"@id\":\"https:\\\/\\\/www.webdo.tn\\\/fr\\\/#\\\/schema\\\/logo\\\/image\\\/\"},\"sameAs\":[\"https:\\\/\\\/www.facebook.com\\\/webdotn\",\"https:\\\/\\\/x.com\\\/webdo_tn\"],\"description\":\"Webdo est un m\u00e9dia num\u00e9rique tunisien fond\u00e9 en 2010, sp\u00e9cialis\u00e9 dans l\u2019actualit\u00e9 nationale et internationale, l\u2019\u00e9conomie, la soci\u00e9t\u00e9 et les analyses politiques. Le site s\u2019adresse \u00e0 un large public francophone et couvre l\u2019information tunisienne en temps r\u00e9el.\",\"email\":\"redac@webdo.tn\",\"legalName\":\"YNJ SARL\",\"foundingDate\":\"2010-09-06\",\"numberOfEmployees\":{\"@type\":\"QuantitativeValue\",\"minValue\":\"11\",\"maxValue\":\"50\"}},{\"@type\":\"Person\",\"@id\":\"https:\\\/\\\/www.webdo.tn\\\/fr\\\/#\\\/schema\\\/person\\\/16a4857e77dfc0b610c4c2cadffc9ac4\",\"name\":\"Mohamed Fethi\",\"image\":{\"@type\":\"ImageObject\",\"inLanguage\":\"fr-FR\",\"@id\":\"https:\\\/\\\/www.webdo.tn\\\/fr\\\/wp-content\\\/uploads\\\/2026\\\/04\\\/mohamed-fethi_avatar_1-96x96.jpg\",\"url\":\"https:\\\/\\\/www.webdo.tn\\\/fr\\\/wp-content\\\/uploads\\\/2026\\\/04\\\/mohamed-fethi_avatar_1-96x96.jpg\",\"contentUrl\":\"https:\\\/\\\/www.webdo.tn\\\/fr\\\/wp-content\\\/uploads\\\/2026\\\/04\\\/mohamed-fethi_avatar_1-96x96.jpg\",\"caption\":\"Mohamed Fethi\"},\"description\":\"Signature \u00e9ditoriale de Maher Chaabane Mohamed Fethi est le pseudonyme \u00e9ditorial de Maher Chaabane, r\u00e9dacteur en chef de Webdo.tn depuis 2012. Cette signature est d\u00e9di\u00e9e au traitement intensif de l'actualit\u00e9 nationale et internationale en temps r\u00e9el. S'appuyant sur les deux d\u00e9cennies d'expertise journalistique de Maher Chaabane \u2014 d\u00e9but\u00e9e au sein du groupe Tunis Hebdo en 2000 \u2014 Mohamed Fethi assure une veille rigoureuse sur les enjeux politiques, \u00e9conomiques et sportifs. Sa mission est de garantir une information structur\u00e9e, fluide et fid\u00e8le aux standards de la r\u00e9daction. Pour consulter le parcours complet du r\u00e9dacteur en chef, visitez le profil officiel de Maher Chaabane.\",\"knowsAbout\":[\"actualit\u00e9\",\"journalisme\",\"information\",\"politique\",\"sport\",\"m\u00e9dias\",\"actualit\u00e9 internationale\"],\"knowsLanguage\":[\"Fran\u00e7ais\",\"Arabe\"],\"jobTitle\":\"Journaliste \u2013 R\u00e9daction Webdo\",\"worksFor\":\"Webdo.tn\",\"url\":\"https:\\\/\\\/www.webdo.tn\\\/fr\\\/actualite\\\/author\\\/mohamed-fethi\\\/\"}]}<\/script>\n<!-- \/ Yoast SEO Premium plugin. -->","yoast_head_json":{"title":"Intemp\u00e9ries : Tribunaux \u00e0 l\u2019arr\u00eat et plusieurs ambassades ferm\u00e9es \u00e0 Tunis - webdo","description":"Les intemp\u00e9ries paralysent les tribunaux \u00e0 Tunis. D\u00e9couvrez les effets de la pluie sur les ambassades et les services publics.","canonical":"https:\/\/www.webdo.tn\/fr\/actualite\/national\/intemperies-tribunaux-a-larret-et-plusieurs-ambassades-fermees-a-tunis\/391661\/","og_locale":"fr_FR","og_type":"article","og_title":"Intemp\u00e9ries : Tribunaux \u00e0 l\u2019arr\u00eat et plusieurs ambassades ferm\u00e9es \u00e0 Tunis","og_description":"Les intemp\u00e9ries paralysent les tribunaux \u00e0 Tunis. D\u00e9couvrez les effets de la pluie sur les ambassades et les services publics.","og_url":"https:\/\/www.webdo.tn\/fr\/actualite\/national\/intemperies-tribunaux-a-larret-et-plusieurs-ambassades-fermees-a-tunis\/391661\/","og_site_name":"webdo","article_publisher":"https:\/\/www.facebook.com\/webdotn","article_published_time":"2026-01-20T10:25:04+00:00","article_modified_time":"2026-01-20T10:25:06+00:00","og_image":[{"width":1200,"height":600,"url":"https:\/\/www.webdo.tn\/fr\/wp-content\/uploads\/2025\/12\/Justice-e1767725172794.jpg","type":"image\/jpeg"}],"author":"Mohamed Fethi","twitter_card":"summary_large_image","twitter_creator":"@webdo_tn","twitter_site":"@webdo_tn","twitter_misc":{"\u00c9crit par":"Mohamed Fethi","Dur\u00e9e de lecture estim\u00e9e":"2 minutes"},"schema":{"@context":"https:\/\/schema.org","@graph":[{"@type":"NewsArticle","@id":"https:\/\/www.webdo.tn\/fr\/actualite\/national\/intemperies-tribunaux-a-larret-et-plusieurs-ambassades-fermees-a-tunis\/391661\/#article","isPartOf":{"@id":"https:\/\/www.webdo.tn\/fr\/actualite\/national\/intemperies-tribunaux-a-larret-et-plusieurs-ambassades-fermees-a-tunis\/391661\/"},"author":{"name":"Mohamed Fethi","@id":"https:\/\/www.webdo.tn\/fr\/#\/schema\/person\/16a4857e77dfc0b610c4c2cadffc9ac4"},"headline":"Intemp\u00e9ries : Tribunaux \u00e0 l\u2019arr\u00eat et plusieurs ambassades ferm\u00e9es \u00e0 Tunis","datePublished":"2026-01-20T10:25:04+00:00","dateModified":"2026-01-20T10:25:06+00:00","mainEntityOfPage":{"@id":"https:\/\/www.webdo.tn\/fr\/actualite\/national\/intemperies-tribunaux-a-larret-et-plusieurs-ambassades-fermees-a-tunis\/391661\/"},"wordCount":342,"publisher":{"@id":"https:\/\/www.webdo.tn\/fr\/#organization"},"image":{"@id":"https:\/\/www.webdo.tn\/fr\/actualite\/national\/intemperies-tribunaux-a-larret-et-plusieurs-ambassades-fermees-a-tunis\/391661\/#primaryimage"},"thumbnailUrl":"https:\/\/www.webdo.tn\/fr\/wp-content\/uploads\/2025\/12\/Justice-e1767725172794.jpg","keywords":["Intemp\u00e9ries","m\u00e9t\u00e9o","Tunisie"],"articleSection":["National"],"inLanguage":"fr-FR"},{"@type":"WebPage","@id":"https:\/\/www.webdo.tn\/fr\/actualite\/national\/intemperies-tribunaux-a-larret-et-plusieurs-ambassades-fermees-a-tunis\/391661\/","url":"https:\/\/www.webdo.tn\/fr\/actualite\/national\/intemperies-tribunaux-a-larret-et-plusieurs-ambassades-fermees-a-tunis\/391661\/","name":"Intemp\u00e9ries : Tribunaux \u00e0 l\u2019arr\u00eat et plusieurs ambassades ferm\u00e9es \u00e0 Tunis - webdo","isPartOf":{"@id":"https:\/\/www.webdo.tn\/fr\/#website"},"primaryImageOfPage":{"@id":"https:\/\/www.webdo.tn\/fr\/actualite\/national\/intemperies-tribunaux-a-larret-et-plusieurs-ambassades-fermees-a-tunis\/391661\/#primaryimage"},"image":{"@id":"https:\/\/www.webdo.tn\/fr\/actualite\/national\/intemperies-tribunaux-a-larret-et-plusieurs-ambassades-fermees-a-tunis\/391661\/#primaryimage"},"thumbnailUrl":"https:\/\/www.webdo.tn\/fr\/wp-content\/uploads\/2025\/12\/Justice-e1767725172794.jpg","datePublished":"2026-01-20T10:25:04+00:00","dateModified":"2026-01-20T10:25:06+00:00","description":"Les intemp\u00e9ries paralysent les tribunaux \u00e0 Tunis. D\u00e9couvrez les effets de la pluie sur les ambassades et les services publics.","breadcrumb":{"@id":"https:\/\/www.webdo.tn\/fr\/actualite\/national\/intemperies-tribunaux-a-larret-et-plusieurs-ambassades-fermees-a-tunis\/391661\/#breadcrumb"},"inLanguage":"fr-FR","potentialAction":[{"@type":"ReadAction","target":["https:\/\/www.webdo.tn\/fr\/actualite\/national\/intemperies-tribunaux-a-larret-et-plusieurs-ambassades-fermees-a-tunis\/391661\/"]}]},{"@type":"ImageObject","inLanguage":"fr-FR","@id":"https:\/\/www.webdo.tn\/fr\/actualite\/national\/intemperies-tribunaux-a-larret-et-plusieurs-ambassades-fermees-a-tunis\/391661\/#primaryimage","url":"https:\/\/www.webdo.tn\/fr\/wp-content\/uploads\/2025\/12\/Justice-e1767725172794.jpg","contentUrl":"https:\/\/www.webdo.tn\/fr\/wp-content\/uploads\/2025\/12\/Justice-e1767725172794.jpg","width":1200,"height":600,"caption":"Tunisie : 60 ans de prison pour la cheffe d\u2019un r\u00e9seau de falsification de biens fonciers publics"},{"@type":"BreadcrumbList","@id":"https:\/\/www.webdo.tn\/fr\/actualite\/national\/intemperies-tribunaux-a-larret-et-plusieurs-ambassades-fermees-a-tunis\/391661\/#breadcrumb","itemListElement":[{"@type":"ListItem","position":1,"name":"Accueil","item":"https:\/\/www.webdo.tn\/fr\/"},{"@type":"ListItem","position":2,"name":"Intemp\u00e9ries : Tribunaux \u00e0 l\u2019arr\u00eat et plusieurs ambassades ferm\u00e9es \u00e0 Tunis"}]},{"@type":"WebSite","@id":"https:\/\/www.webdo.tn\/fr\/#website","url":"https:\/\/www.webdo.tn\/fr\/","name":"webdo","description":"Tunisie - News en Tunisie et \u00e0 l&#039;international sur Webdo.tn","publisher":{"@id":"https:\/\/www.webdo.tn\/fr\/#organization"},"potentialAction":[{"@type":"SearchAction","target":{"@type":"EntryPoint","urlTemplate":"https:\/\/www.webdo.tn\/fr\/?s={search_term_string}"},"query-input":{"@type":"PropertyValueSpecification","valueRequired":true,"valueName":"search_term_string"}}],"inLanguage":"fr-FR"},{"@type":"Organization","@id":"https:\/\/www.webdo.tn\/fr\/#organization","name":"Webdo","alternateName":"Webdo.tn","url":"https:\/\/www.webdo.tn\/fr\/","logo":{"@type":"ImageObject","inLanguage":"fr-FR","@id":"https:\/\/www.webdo.tn\/fr\/#\/schema\/logo\/image\/","url":"https:\/\/www.webdo.tn\/fr\/wp-content\/uploads\/2025\/06\/Webdo-Tunisie_168377.jpg","contentUrl":"https:\/\/www.webdo.tn\/fr\/wp-content\/uploads\/2025\/06\/Webdo-Tunisie_168377.jpg","width":301,"height":301,"caption":"Webdo"},"image":{"@id":"https:\/\/www.webdo.tn\/fr\/#\/schema\/logo\/image\/"},"sameAs":["https:\/\/www.facebook.com\/webdotn","https:\/\/x.com\/webdo_tn"],"description":"Webdo est un m\u00e9dia num\u00e9rique tunisien fond\u00e9 en 2010, sp\u00e9cialis\u00e9 dans l\u2019actualit\u00e9 nationale et internationale, l\u2019\u00e9conomie, la soci\u00e9t\u00e9 et les analyses politiques. Le site s\u2019adresse \u00e0 un large public francophone et couvre l\u2019information tunisienne en temps r\u00e9el.","email":"redac@webdo.tn","legalName":"YNJ SARL","foundingDate":"2010-09-06","numberOfEmployees":{"@type":"QuantitativeValue","minValue":"11","maxValue":"50"}},{"@type":"Person","@id":"https:\/\/www.webdo.tn\/fr\/#\/schema\/person\/16a4857e77dfc0b610c4c2cadffc9ac4","name":"Mohamed Fethi","image":{"@type":"ImageObject","inLanguage":"fr-FR","@id":"https:\/\/www.webdo.tn\/fr\/wp-content\/uploads\/2026\/04\/mohamed-fethi_avatar_1-96x96.jpg","url":"https:\/\/www.webdo.tn\/fr\/wp-content\/uploads\/2026\/04\/mohamed-fethi_avatar_1-96x96.jpg","contentUrl":"https:\/\/www.webdo.tn\/fr\/wp-content\/uploads\/2026\/04\/mohamed-fethi_avatar_1-96x96.jpg","caption":"Mohamed Fethi"},"description":"Signature \u00e9ditoriale de Maher Chaabane Mohamed Fethi est le pseudonyme \u00e9ditorial de Maher Chaabane, r\u00e9dacteur en chef de Webdo.tn depuis 2012. Cette signature est d\u00e9di\u00e9e au traitement intensif de l'actualit\u00e9 nationale et internationale en temps r\u00e9el. S'appuyant sur les deux d\u00e9cennies d'expertise journalistique de Maher Chaabane \u2014 d\u00e9but\u00e9e au sein du groupe Tunis Hebdo en 2000 \u2014 Mohamed Fethi assure une veille rigoureuse sur les enjeux politiques, \u00e9conomiques et sportifs. Sa mission est de garantir une information structur\u00e9e, fluide et fid\u00e8le aux standards de la r\u00e9daction. Pour consulter le parcours complet du r\u00e9dacteur en chef, visitez le profil officiel de Maher Chaabane.","knowsAbout":["actualit\u00e9","journalisme","information","politique","sport","m\u00e9dias","actualit\u00e9 internationale"],"knowsLanguage":["Fran\u00e7ais","Arabe"],"jobTitle":"Journaliste \u2013 R\u00e9daction Webdo","worksFor":"Webdo.tn","url":"https:\/\/www.webdo.tn\/fr\/actualite\/author\/mohamed-fethi\/"}]}},"_links":{"self":[{"href":"https:\/\/www.webdo.tn\/fr\/wp-json\/wp\/v2\/posts\/391661","targetHints":{"allow":["GET"]}}],"collection":[{"href":"https:\/\/www.webdo.tn\/fr\/wp-json\/wp\/v2\/posts"}],"about":[{"href":"https:\/\/www.webdo.tn\/fr\/wp-json\/wp\/v2\/types\/post"}],"author":[{"embeddable":true,"href":"https:\/\/www.webdo.tn\/fr\/wp-json\/wp\/v2\/users\/4782"}],"replies":[{"embeddable":true,"href":"https:\/\/www.webdo.tn\/fr\/wp-json\/wp\/v2\/comments?post=391661"}],"version-history":[{"count":0,"href":"https:\/\/www.webdo.tn\/fr\/wp-json\/wp\/v2\/posts\/391661\/revisions"}],"wp:featuredmedia":[{"embeddable":true,"href":"https:\/\/www.webdo.tn\/fr\/wp-json\/wp\/v2\/media\/390373"}],"wp:attachment":[{"href":"https:\/\/www.webdo.tn\/fr\/wp-json\/wp\/v2\/media?parent=391661"}],"wp:term":[{"taxonomy":"category","embeddable":true,"href":"https:\/\/www.webdo.tn\/fr\/wp-json\/wp\/v2\/categories?post=391661"},{"taxonomy":"post_tag","embeddable":true,"href":"https:\/\/www.webdo.tn\/fr\/wp-json\/wp\/v2\/tags?post=391661"}],"curies":[{"name":"wp","href":"https:\/\/api.w.org\/{rel}","templated":true}]}}