{"id":391658,"date":"2026-01-20T10:43:34","date_gmt":"2026-01-20T09:43:34","guid":{"rendered":"https:\/\/www.webdo.tn\/fr\/?p=391658"},"modified":"2026-01-20T12:27:25","modified_gmt":"2026-01-20T11:27:25","slug":"pluies-et-orages-une-amelioration-progressive-attendue-a-partir-de-cet-apres-midi","status":"publish","type":"post","link":"https:\/\/www.webdo.tn\/fr\/actualite\/national\/pluies-et-orages-une-amelioration-progressive-attendue-a-partir-de-cet-apres-midi\/391658\/","title":{"rendered":"Pluies et orages : Une am\u00e9lioration progressive attendue \u00e0 partir de cet apr\u00e8s-midi"},"content":{"rendered":"\n<p><strong>Malgr\u00e9 la poursuite des pluies et des orages sur une large partie de l\u2019est du pays, les services m\u00e9t\u00e9orologiques anticipent une accalmie graduelle au fil de la journ\u00e9e. Les r\u00e9gions du Grand Tunis, du Sahel et du nord-est restent toutefois expos\u00e9es \u00e0 des pr\u00e9cipitations parfois soutenues et \u00e0 des vents violents.<\/strong><\/p>\n\n\n\n<p>Les perturbations m\u00e9t\u00e9orologiques continuent de toucher, ce mardi, une grande partie de l\u2019est de la Tunisie. Selon le dernier bulletin de suivi de l\u2019Institut national de la m\u00e9t\u00e9orologie (INM), des pluies parfois abondantes restent attendues notamment sur les gouvernorats du Grand Tunis, de Bizerte, de Nabeul, du Sahel et de Sfax.<\/p>\n\n\n\n<h2 class=\"wp-block-heading\" id=\"h-grele-et-vents-violents-en-accompagnement\">Gr\u00eale et vents violents en accompagnement<\/h2>\n\n\n\n<p>Les services m\u00e9t\u00e9orologiques indiquent que les cumuls resteront importants. Ces pr\u00e9cipitations s\u2019accompagnent, par endroits, de chutes de gr\u00eale et de rafales de vent parfois fortes \u00e0 violentes, en particulier sur les zones c\u00f4ti\u00e8res et lors de la formation de cellules orageuses actives.<\/p>\n\n\n\n<p>Cette combinaison de pluie intense et de vents soutenus continue de compliquer les conditions de circulation et d\u2019accro\u00eetre les risques de perturbations dans plusieurs r\u00e9gions d\u00e9j\u00e0 fragilis\u00e9es par les \u00e9pisodes pr\u00e9c\u00e9dents.<\/p>\n\n\n\n<h2 class=\"wp-block-heading\" id=\"h-une-accalmie-progressive-annoncee\">Une accalmie progressive annonc\u00e9e<\/h2>\n\n\n\n<p>Selon l\u2019INM, l\u2019intensit\u00e9 de ces perturbations devrait toutefois commencer \u00e0 diminuer progressivement \u00e0 partir de cet apr\u00e8s-midi. Une am\u00e9lioration graduelle de la situation m\u00e9t\u00e9orologique est attendue, m\u00eame si un maintien de la vigilance reste recommand\u00e9 dans les zones les plus expos\u00e9es.<\/p>\n\n\n\n<p>Les autorit\u00e9s appellent \u00e0 la prudence, notamment dans les secteurs sujets aux accumulations d\u2019eau et aux difficult\u00e9s de circulation, jusqu\u2019\u00e0 un retour plus stable des conditions atmosph\u00e9riques.<\/p>\n\n\n\n<p><\/p>\n\n\n\n<blockquote class=\"wp-block-quote is-layout-flow wp-block-quote-is-layout-flow\">\n<blockquote class=\"wp-block-quote is-layout-flow wp-block-quote-is-layout-flow\">\n<p><strong>Lire aussi :<\/strong><\/p>\n\n\n\n<ul class=\"wp-block-list\">\n<li><a href=\"https:\/\/www.webdo.tn\/fr\/actualite\/national\/intemperies-exceptionnelles-le-grand-tunis-nabeul-et-monastir-basculent-en-vigilance-rouge\/391653\/\">Intemp\u00e9ries exceptionnelles : Le Grand Tunis, Nabeul et Monastir basculent en vigilance rouge<\/a><\/li>\n\n\n\n<li><a href=\"https:\/\/www.webdo.tn\/fr\/actualite\/national\/tempete-harry-pourquoi-la-tunisie-subit-un-episode-meteo-extreme\/391643\/\">Temp\u00eate Harry : pourquoi la Tunisie subit un \u00e9pisode m\u00e9t\u00e9o extr\u00eame<\/a><\/li>\n\n\n\n<li><a href=\"https:\/\/www.webdo.tn\/fr\/actualite\/national\/inondations-deux-morts-a-moknine\/391639\/\">Inondations : Deux morts \u00e0 Moknine<\/a><\/li>\n<\/ul>\n<\/blockquote>\n<\/blockquote>\n","protected":false},"excerpt":{"rendered":"<p>Malgr\u00e9 la poursuite des pluies et des orages sur une large partie de l\u2019est du pays, les services m\u00e9t\u00e9orologiques anticipent une accalmie graduelle au fil de la journ\u00e9e. Les r\u00e9gions du Grand Tunis, du Sahel et du nord-est restent toutefois expos\u00e9es \u00e0 des pr\u00e9cipitations parfois soutenues et \u00e0 des vents violents. Les perturbations m\u00e9t\u00e9orologiques continuent [&hellip;]<\/p>\n","protected":false},"author":4782,"featured_media":391659,"comment_status":"closed","ping_status":"closed","sticky":false,"template":"","format":"standard","meta":{"footnotes":""},"categories":[44],"tags":[2712,2670,2640,2608],"class_list":["post-391658","post","type-post","status-publish","format-standard","has-post-thumbnail","hentry","category-national","tag-intemperies","tag-meteo","tag-tunis","tag-tunisie"],"yoast_head":"<!-- This site is optimized with the Yoast SEO Premium plugin v27.5 (Yoast SEO v27.5) - https:\/\/yoast.com\/product\/yoast-seo-premium-wordpress\/ -->\n<title>Pluies et orages : Une am\u00e9lioration progressive attendue \u00e0 partir de cet apr\u00e8s-midi - webdo<\/title>\n<meta name=\"description\" content=\"Les pluies et orages persistent sur l&#039;est, mais une am\u00e9lioration progressive devrait survenir \u00e0 partir de cet apr\u00e8s-midi.\" \/>\n<link rel=\"canonical\" href=\"https:\/\/www.webdo.tn\/fr\/actualite\/national\/pluies-et-orages-une-amelioration-progressive-attendue-a-partir-de-cet-apres-midi\/391658\/\" \/>\n<meta property=\"og:locale\" content=\"fr_FR\" \/>\n<meta property=\"og:type\" content=\"article\" \/>\n<meta property=\"og:title\" content=\"Pluies et orages : Une am\u00e9lioration progressive attendue \u00e0 partir de cet apr\u00e8s-midi\" \/>\n<meta property=\"og:description\" content=\"Les pluies et orages persistent sur l&#039;est, mais une am\u00e9lioration progressive devrait survenir \u00e0 partir de cet apr\u00e8s-midi.\" \/>\n<meta property=\"og:url\" content=\"https:\/\/www.webdo.tn\/fr\/actualite\/national\/pluies-et-orages-une-amelioration-progressive-attendue-a-partir-de-cet-apres-midi\/391658\/\" \/>\n<meta property=\"og:site_name\" content=\"webdo\" \/>\n<meta property=\"article:publisher\" content=\"https:\/\/www.facebook.com\/webdotn\" \/>\n<meta property=\"article:published_time\" content=\"2026-01-20T09:43:34+00:00\" \/>\n<meta property=\"article:modified_time\" content=\"2026-01-20T11:27:25+00:00\" \/>\n<meta property=\"og:image\" content=\"https:\/\/www.webdo.tn\/fr\/wp-content\/uploads\/2026\/01\/Tunis.jpg\" \/>\n\t<meta property=\"og:image:width\" content=\"1200\" \/>\n\t<meta property=\"og:image:height\" content=\"603\" \/>\n\t<meta property=\"og:image:type\" content=\"image\/jpeg\" \/>\n<meta name=\"author\" content=\"Mohamed Fethi\" \/>\n<meta name=\"twitter:card\" content=\"summary_large_image\" \/>\n<meta name=\"twitter:creator\" content=\"@webdo_tn\" \/>\n<meta name=\"twitter:site\" content=\"@webdo_tn\" \/>\n<meta name=\"twitter:label1\" content=\"\u00c9crit par\" \/>\n\t<meta name=\"twitter:data1\" content=\"Mohamed Fethi\" \/>\n\t<meta name=\"twitter:label2\" content=\"Dur\u00e9e de lecture estim\u00e9e\" \/>\n\t<meta name=\"twitter:data2\" content=\"2 minutes\" \/>\n<script type=\"application\/ld+json\" class=\"yoast-schema-graph\">{\"@context\":\"https:\\\/\\\/schema.org\",\"@graph\":[{\"@type\":\"NewsArticle\",\"@id\":\"https:\\\/\\\/www.webdo.tn\\\/fr\\\/actualite\\\/national\\\/pluies-et-orages-une-amelioration-progressive-attendue-a-partir-de-cet-apres-midi\\\/391658\\\/#article\",\"isPartOf\":{\"@id\":\"https:\\\/\\\/www.webdo.tn\\\/fr\\\/actualite\\\/national\\\/pluies-et-orages-une-amelioration-progressive-attendue-a-partir-de-cet-apres-midi\\\/391658\\\/\"},\"author\":{\"name\":\"Mohamed Fethi\",\"@id\":\"https:\\\/\\\/www.webdo.tn\\\/fr\\\/#\\\/schema\\\/person\\\/16a4857e77dfc0b610c4c2cadffc9ac4\"},\"headline\":\"Pluies et orages : Une am\u00e9lioration progressive attendue \u00e0 partir de cet apr\u00e8s-midi\",\"datePublished\":\"2026-01-20T09:43:34+00:00\",\"dateModified\":\"2026-01-20T11:27:25+00:00\",\"mainEntityOfPage\":{\"@id\":\"https:\\\/\\\/www.webdo.tn\\\/fr\\\/actualite\\\/national\\\/pluies-et-orages-une-amelioration-progressive-attendue-a-partir-de-cet-apres-midi\\\/391658\\\/\"},\"wordCount\":334,\"publisher\":{\"@id\":\"https:\\\/\\\/www.webdo.tn\\\/fr\\\/#organization\"},\"image\":{\"@id\":\"https:\\\/\\\/www.webdo.tn\\\/fr\\\/actualite\\\/national\\\/pluies-et-orages-une-amelioration-progressive-attendue-a-partir-de-cet-apres-midi\\\/391658\\\/#primaryimage\"},\"thumbnailUrl\":\"https:\\\/\\\/www.webdo.tn\\\/fr\\\/wp-content\\\/uploads\\\/2026\\\/01\\\/Tunis.jpg\",\"keywords\":[\"Intemp\u00e9ries\",\"m\u00e9t\u00e9o\",\"Tunis\",\"Tunisie\"],\"articleSection\":[\"National\"],\"inLanguage\":\"fr-FR\"},{\"@type\":\"WebPage\",\"@id\":\"https:\\\/\\\/www.webdo.tn\\\/fr\\\/actualite\\\/national\\\/pluies-et-orages-une-amelioration-progressive-attendue-a-partir-de-cet-apres-midi\\\/391658\\\/\",\"url\":\"https:\\\/\\\/www.webdo.tn\\\/fr\\\/actualite\\\/national\\\/pluies-et-orages-une-amelioration-progressive-attendue-a-partir-de-cet-apres-midi\\\/391658\\\/\",\"name\":\"Pluies et orages : Une am\u00e9lioration progressive attendue \u00e0 partir de cet apr\u00e8s-midi - webdo\",\"isPartOf\":{\"@id\":\"https:\\\/\\\/www.webdo.tn\\\/fr\\\/#website\"},\"primaryImageOfPage\":{\"@id\":\"https:\\\/\\\/www.webdo.tn\\\/fr\\\/actualite\\\/national\\\/pluies-et-orages-une-amelioration-progressive-attendue-a-partir-de-cet-apres-midi\\\/391658\\\/#primaryimage\"},\"image\":{\"@id\":\"https:\\\/\\\/www.webdo.tn\\\/fr\\\/actualite\\\/national\\\/pluies-et-orages-une-amelioration-progressive-attendue-a-partir-de-cet-apres-midi\\\/391658\\\/#primaryimage\"},\"thumbnailUrl\":\"https:\\\/\\\/www.webdo.tn\\\/fr\\\/wp-content\\\/uploads\\\/2026\\\/01\\\/Tunis.jpg\",\"datePublished\":\"2026-01-20T09:43:34+00:00\",\"dateModified\":\"2026-01-20T11:27:25+00:00\",\"description\":\"Les pluies et orages persistent sur l'est, mais une am\u00e9lioration progressive devrait survenir \u00e0 partir de cet apr\u00e8s-midi.\",\"breadcrumb\":{\"@id\":\"https:\\\/\\\/www.webdo.tn\\\/fr\\\/actualite\\\/national\\\/pluies-et-orages-une-amelioration-progressive-attendue-a-partir-de-cet-apres-midi\\\/391658\\\/#breadcrumb\"},\"inLanguage\":\"fr-FR\",\"potentialAction\":[{\"@type\":\"ReadAction\",\"target\":[\"https:\\\/\\\/www.webdo.tn\\\/fr\\\/actualite\\\/national\\\/pluies-et-orages-une-amelioration-progressive-attendue-a-partir-de-cet-apres-midi\\\/391658\\\/\"]}]},{\"@type\":\"ImageObject\",\"inLanguage\":\"fr-FR\",\"@id\":\"https:\\\/\\\/www.webdo.tn\\\/fr\\\/actualite\\\/national\\\/pluies-et-orages-une-amelioration-progressive-attendue-a-partir-de-cet-apres-midi\\\/391658\\\/#primaryimage\",\"url\":\"https:\\\/\\\/www.webdo.tn\\\/fr\\\/wp-content\\\/uploads\\\/2026\\\/01\\\/Tunis.jpg\",\"contentUrl\":\"https:\\\/\\\/www.webdo.tn\\\/fr\\\/wp-content\\\/uploads\\\/2026\\\/01\\\/Tunis.jpg\",\"width\":1200,\"height\":603,\"caption\":\"M\u00e9t\u00e9o : La Tunisie repasse en vigilance mod\u00e9r\u00e9e\"},{\"@type\":\"BreadcrumbList\",\"@id\":\"https:\\\/\\\/www.webdo.tn\\\/fr\\\/actualite\\\/national\\\/pluies-et-orages-une-amelioration-progressive-attendue-a-partir-de-cet-apres-midi\\\/391658\\\/#breadcrumb\",\"itemListElement\":[{\"@type\":\"ListItem\",\"position\":1,\"name\":\"Accueil\",\"item\":\"https:\\\/\\\/www.webdo.tn\\\/fr\\\/\"},{\"@type\":\"ListItem\",\"position\":2,\"name\":\"Pluies et orages : Une am\u00e9lioration progressive attendue \u00e0 partir de cet apr\u00e8s-midi\"}]},{\"@type\":\"WebSite\",\"@id\":\"https:\\\/\\\/www.webdo.tn\\\/fr\\\/#website\",\"url\":\"https:\\\/\\\/www.webdo.tn\\\/fr\\\/\",\"name\":\"webdo\",\"description\":\"Tunisie - News en Tunisie et \u00e0 l&#039;international sur Webdo.tn\",\"publisher\":{\"@id\":\"https:\\\/\\\/www.webdo.tn\\\/fr\\\/#organization\"},\"potentialAction\":[{\"@type\":\"SearchAction\",\"target\":{\"@type\":\"EntryPoint\",\"urlTemplate\":\"https:\\\/\\\/www.webdo.tn\\\/fr\\\/?s={search_term_string}\"},\"query-input\":{\"@type\":\"PropertyValueSpecification\",\"valueRequired\":true,\"valueName\":\"search_term_string\"}}],\"inLanguage\":\"fr-FR\"},{\"@type\":\"Organization\",\"@id\":\"https:\\\/\\\/www.webdo.tn\\\/fr\\\/#organization\",\"name\":\"Webdo\",\"alternateName\":\"Webdo.tn\",\"url\":\"https:\\\/\\\/www.webdo.tn\\\/fr\\\/\",\"logo\":{\"@type\":\"ImageObject\",\"inLanguage\":\"fr-FR\",\"@id\":\"https:\\\/\\\/www.webdo.tn\\\/fr\\\/#\\\/schema\\\/logo\\\/image\\\/\",\"url\":\"https:\\\/\\\/www.webdo.tn\\\/fr\\\/wp-content\\\/uploads\\\/2025\\\/06\\\/Webdo-Tunisie_168377.jpg\",\"contentUrl\":\"https:\\\/\\\/www.webdo.tn\\\/fr\\\/wp-content\\\/uploads\\\/2025\\\/06\\\/Webdo-Tunisie_168377.jpg\",\"width\":301,\"height\":301,\"caption\":\"Webdo\"},\"image\":{\"@id\":\"https:\\\/\\\/www.webdo.tn\\\/fr\\\/#\\\/schema\\\/logo\\\/image\\\/\"},\"sameAs\":[\"https:\\\/\\\/www.facebook.com\\\/webdotn\",\"https:\\\/\\\/x.com\\\/webdo_tn\"],\"description\":\"Webdo est un m\u00e9dia num\u00e9rique tunisien fond\u00e9 en 2010, sp\u00e9cialis\u00e9 dans l\u2019actualit\u00e9 nationale et internationale, l\u2019\u00e9conomie, la soci\u00e9t\u00e9 et les analyses politiques. Le site s\u2019adresse \u00e0 un large public francophone et couvre l\u2019information tunisienne en temps r\u00e9el.\",\"email\":\"redac@webdo.tn\",\"legalName\":\"YNJ SARL\",\"foundingDate\":\"2010-09-06\",\"numberOfEmployees\":{\"@type\":\"QuantitativeValue\",\"minValue\":\"11\",\"maxValue\":\"50\"}},{\"@type\":\"Person\",\"@id\":\"https:\\\/\\\/www.webdo.tn\\\/fr\\\/#\\\/schema\\\/person\\\/16a4857e77dfc0b610c4c2cadffc9ac4\",\"name\":\"Mohamed Fethi\",\"image\":{\"@type\":\"ImageObject\",\"inLanguage\":\"fr-FR\",\"@id\":\"https:\\\/\\\/www.webdo.tn\\\/fr\\\/wp-content\\\/uploads\\\/2026\\\/04\\\/mohamed-fethi_avatar_1-96x96.jpg\",\"url\":\"https:\\\/\\\/www.webdo.tn\\\/fr\\\/wp-content\\\/uploads\\\/2026\\\/04\\\/mohamed-fethi_avatar_1-96x96.jpg\",\"contentUrl\":\"https:\\\/\\\/www.webdo.tn\\\/fr\\\/wp-content\\\/uploads\\\/2026\\\/04\\\/mohamed-fethi_avatar_1-96x96.jpg\",\"caption\":\"Mohamed Fethi\"},\"description\":\"Signature \u00e9ditoriale de Maher Chaabane Mohamed Fethi est le pseudonyme \u00e9ditorial de Maher Chaabane, r\u00e9dacteur en chef de Webdo.tn depuis 2012. Cette signature est d\u00e9di\u00e9e au traitement intensif de l'actualit\u00e9 nationale et internationale en temps r\u00e9el. S'appuyant sur les deux d\u00e9cennies d'expertise journalistique de Maher Chaabane \u2014 d\u00e9but\u00e9e au sein du groupe Tunis Hebdo en 2000 \u2014 Mohamed Fethi assure une veille rigoureuse sur les enjeux politiques, \u00e9conomiques et sportifs. Sa mission est de garantir une information structur\u00e9e, fluide et fid\u00e8le aux standards de la r\u00e9daction. Pour consulter le parcours complet du r\u00e9dacteur en chef, visitez le profil officiel de Maher Chaabane.\",\"knowsAbout\":[\"actualit\u00e9\",\"journalisme\",\"information\",\"politique\",\"sport\",\"m\u00e9dias\",\"actualit\u00e9 internationale\"],\"knowsLanguage\":[\"Fran\u00e7ais\",\"Arabe\"],\"jobTitle\":\"Journaliste \u2013 R\u00e9daction Webdo\",\"worksFor\":\"Webdo.tn\",\"url\":\"https:\\\/\\\/www.webdo.tn\\\/fr\\\/actualite\\\/author\\\/mohamed-fethi\\\/\"}]}<\/script>\n<!-- \/ Yoast SEO Premium plugin. -->","yoast_head_json":{"title":"Pluies et orages : Une am\u00e9lioration progressive attendue \u00e0 partir de cet apr\u00e8s-midi - webdo","description":"Les pluies et orages persistent sur l'est, mais une am\u00e9lioration progressive devrait survenir \u00e0 partir de cet apr\u00e8s-midi.","canonical":"https:\/\/www.webdo.tn\/fr\/actualite\/national\/pluies-et-orages-une-amelioration-progressive-attendue-a-partir-de-cet-apres-midi\/391658\/","og_locale":"fr_FR","og_type":"article","og_title":"Pluies et orages : Une am\u00e9lioration progressive attendue \u00e0 partir de cet apr\u00e8s-midi","og_description":"Les pluies et orages persistent sur l'est, mais une am\u00e9lioration progressive devrait survenir \u00e0 partir de cet apr\u00e8s-midi.","og_url":"https:\/\/www.webdo.tn\/fr\/actualite\/national\/pluies-et-orages-une-amelioration-progressive-attendue-a-partir-de-cet-apres-midi\/391658\/","og_site_name":"webdo","article_publisher":"https:\/\/www.facebook.com\/webdotn","article_published_time":"2026-01-20T09:43:34+00:00","article_modified_time":"2026-01-20T11:27:25+00:00","og_image":[{"width":1200,"height":603,"url":"https:\/\/www.webdo.tn\/fr\/wp-content\/uploads\/2026\/01\/Tunis.jpg","type":"image\/jpeg"}],"author":"Mohamed Fethi","twitter_card":"summary_large_image","twitter_creator":"@webdo_tn","twitter_site":"@webdo_tn","twitter_misc":{"\u00c9crit par":"Mohamed Fethi","Dur\u00e9e de lecture estim\u00e9e":"2 minutes"},"schema":{"@context":"https:\/\/schema.org","@graph":[{"@type":"NewsArticle","@id":"https:\/\/www.webdo.tn\/fr\/actualite\/national\/pluies-et-orages-une-amelioration-progressive-attendue-a-partir-de-cet-apres-midi\/391658\/#article","isPartOf":{"@id":"https:\/\/www.webdo.tn\/fr\/actualite\/national\/pluies-et-orages-une-amelioration-progressive-attendue-a-partir-de-cet-apres-midi\/391658\/"},"author":{"name":"Mohamed Fethi","@id":"https:\/\/www.webdo.tn\/fr\/#\/schema\/person\/16a4857e77dfc0b610c4c2cadffc9ac4"},"headline":"Pluies et orages : Une am\u00e9lioration progressive attendue \u00e0 partir de cet apr\u00e8s-midi","datePublished":"2026-01-20T09:43:34+00:00","dateModified":"2026-01-20T11:27:25+00:00","mainEntityOfPage":{"@id":"https:\/\/www.webdo.tn\/fr\/actualite\/national\/pluies-et-orages-une-amelioration-progressive-attendue-a-partir-de-cet-apres-midi\/391658\/"},"wordCount":334,"publisher":{"@id":"https:\/\/www.webdo.tn\/fr\/#organization"},"image":{"@id":"https:\/\/www.webdo.tn\/fr\/actualite\/national\/pluies-et-orages-une-amelioration-progressive-attendue-a-partir-de-cet-apres-midi\/391658\/#primaryimage"},"thumbnailUrl":"https:\/\/www.webdo.tn\/fr\/wp-content\/uploads\/2026\/01\/Tunis.jpg","keywords":["Intemp\u00e9ries","m\u00e9t\u00e9o","Tunis","Tunisie"],"articleSection":["National"],"inLanguage":"fr-FR"},{"@type":"WebPage","@id":"https:\/\/www.webdo.tn\/fr\/actualite\/national\/pluies-et-orages-une-amelioration-progressive-attendue-a-partir-de-cet-apres-midi\/391658\/","url":"https:\/\/www.webdo.tn\/fr\/actualite\/national\/pluies-et-orages-une-amelioration-progressive-attendue-a-partir-de-cet-apres-midi\/391658\/","name":"Pluies et orages : Une am\u00e9lioration progressive attendue \u00e0 partir de cet apr\u00e8s-midi - webdo","isPartOf":{"@id":"https:\/\/www.webdo.tn\/fr\/#website"},"primaryImageOfPage":{"@id":"https:\/\/www.webdo.tn\/fr\/actualite\/national\/pluies-et-orages-une-amelioration-progressive-attendue-a-partir-de-cet-apres-midi\/391658\/#primaryimage"},"image":{"@id":"https:\/\/www.webdo.tn\/fr\/actualite\/national\/pluies-et-orages-une-amelioration-progressive-attendue-a-partir-de-cet-apres-midi\/391658\/#primaryimage"},"thumbnailUrl":"https:\/\/www.webdo.tn\/fr\/wp-content\/uploads\/2026\/01\/Tunis.jpg","datePublished":"2026-01-20T09:43:34+00:00","dateModified":"2026-01-20T11:27:25+00:00","description":"Les pluies et orages persistent sur l'est, mais une am\u00e9lioration progressive devrait survenir \u00e0 partir de cet apr\u00e8s-midi.","breadcrumb":{"@id":"https:\/\/www.webdo.tn\/fr\/actualite\/national\/pluies-et-orages-une-amelioration-progressive-attendue-a-partir-de-cet-apres-midi\/391658\/#breadcrumb"},"inLanguage":"fr-FR","potentialAction":[{"@type":"ReadAction","target":["https:\/\/www.webdo.tn\/fr\/actualite\/national\/pluies-et-orages-une-amelioration-progressive-attendue-a-partir-de-cet-apres-midi\/391658\/"]}]},{"@type":"ImageObject","inLanguage":"fr-FR","@id":"https:\/\/www.webdo.tn\/fr\/actualite\/national\/pluies-et-orages-une-amelioration-progressive-attendue-a-partir-de-cet-apres-midi\/391658\/#primaryimage","url":"https:\/\/www.webdo.tn\/fr\/wp-content\/uploads\/2026\/01\/Tunis.jpg","contentUrl":"https:\/\/www.webdo.tn\/fr\/wp-content\/uploads\/2026\/01\/Tunis.jpg","width":1200,"height":603,"caption":"M\u00e9t\u00e9o : La Tunisie repasse en vigilance mod\u00e9r\u00e9e"},{"@type":"BreadcrumbList","@id":"https:\/\/www.webdo.tn\/fr\/actualite\/national\/pluies-et-orages-une-amelioration-progressive-attendue-a-partir-de-cet-apres-midi\/391658\/#breadcrumb","itemListElement":[{"@type":"ListItem","position":1,"name":"Accueil","item":"https:\/\/www.webdo.tn\/fr\/"},{"@type":"ListItem","position":2,"name":"Pluies et orages : Une am\u00e9lioration progressive attendue \u00e0 partir de cet apr\u00e8s-midi"}]},{"@type":"WebSite","@id":"https:\/\/www.webdo.tn\/fr\/#website","url":"https:\/\/www.webdo.tn\/fr\/","name":"webdo","description":"Tunisie - News en Tunisie et \u00e0 l&#039;international sur Webdo.tn","publisher":{"@id":"https:\/\/www.webdo.tn\/fr\/#organization"},"potentialAction":[{"@type":"SearchAction","target":{"@type":"EntryPoint","urlTemplate":"https:\/\/www.webdo.tn\/fr\/?s={search_term_string}"},"query-input":{"@type":"PropertyValueSpecification","valueRequired":true,"valueName":"search_term_string"}}],"inLanguage":"fr-FR"},{"@type":"Organization","@id":"https:\/\/www.webdo.tn\/fr\/#organization","name":"Webdo","alternateName":"Webdo.tn","url":"https:\/\/www.webdo.tn\/fr\/","logo":{"@type":"ImageObject","inLanguage":"fr-FR","@id":"https:\/\/www.webdo.tn\/fr\/#\/schema\/logo\/image\/","url":"https:\/\/www.webdo.tn\/fr\/wp-content\/uploads\/2025\/06\/Webdo-Tunisie_168377.jpg","contentUrl":"https:\/\/www.webdo.tn\/fr\/wp-content\/uploads\/2025\/06\/Webdo-Tunisie_168377.jpg","width":301,"height":301,"caption":"Webdo"},"image":{"@id":"https:\/\/www.webdo.tn\/fr\/#\/schema\/logo\/image\/"},"sameAs":["https:\/\/www.facebook.com\/webdotn","https:\/\/x.com\/webdo_tn"],"description":"Webdo est un m\u00e9dia num\u00e9rique tunisien fond\u00e9 en 2010, sp\u00e9cialis\u00e9 dans l\u2019actualit\u00e9 nationale et internationale, l\u2019\u00e9conomie, la soci\u00e9t\u00e9 et les analyses politiques. Le site s\u2019adresse \u00e0 un large public francophone et couvre l\u2019information tunisienne en temps r\u00e9el.","email":"redac@webdo.tn","legalName":"YNJ SARL","foundingDate":"2010-09-06","numberOfEmployees":{"@type":"QuantitativeValue","minValue":"11","maxValue":"50"}},{"@type":"Person","@id":"https:\/\/www.webdo.tn\/fr\/#\/schema\/person\/16a4857e77dfc0b610c4c2cadffc9ac4","name":"Mohamed Fethi","image":{"@type":"ImageObject","inLanguage":"fr-FR","@id":"https:\/\/www.webdo.tn\/fr\/wp-content\/uploads\/2026\/04\/mohamed-fethi_avatar_1-96x96.jpg","url":"https:\/\/www.webdo.tn\/fr\/wp-content\/uploads\/2026\/04\/mohamed-fethi_avatar_1-96x96.jpg","contentUrl":"https:\/\/www.webdo.tn\/fr\/wp-content\/uploads\/2026\/04\/mohamed-fethi_avatar_1-96x96.jpg","caption":"Mohamed Fethi"},"description":"Signature \u00e9ditoriale de Maher Chaabane Mohamed Fethi est le pseudonyme \u00e9ditorial de Maher Chaabane, r\u00e9dacteur en chef de Webdo.tn depuis 2012. Cette signature est d\u00e9di\u00e9e au traitement intensif de l'actualit\u00e9 nationale et internationale en temps r\u00e9el. S'appuyant sur les deux d\u00e9cennies d'expertise journalistique de Maher Chaabane \u2014 d\u00e9but\u00e9e au sein du groupe Tunis Hebdo en 2000 \u2014 Mohamed Fethi assure une veille rigoureuse sur les enjeux politiques, \u00e9conomiques et sportifs. Sa mission est de garantir une information structur\u00e9e, fluide et fid\u00e8le aux standards de la r\u00e9daction. Pour consulter le parcours complet du r\u00e9dacteur en chef, visitez le profil officiel de Maher Chaabane.","knowsAbout":["actualit\u00e9","journalisme","information","politique","sport","m\u00e9dias","actualit\u00e9 internationale"],"knowsLanguage":["Fran\u00e7ais","Arabe"],"jobTitle":"Journaliste \u2013 R\u00e9daction Webdo","worksFor":"Webdo.tn","url":"https:\/\/www.webdo.tn\/fr\/actualite\/author\/mohamed-fethi\/"}]}},"_links":{"self":[{"href":"https:\/\/www.webdo.tn\/fr\/wp-json\/wp\/v2\/posts\/391658","targetHints":{"allow":["GET"]}}],"collection":[{"href":"https:\/\/www.webdo.tn\/fr\/wp-json\/wp\/v2\/posts"}],"about":[{"href":"https:\/\/www.webdo.tn\/fr\/wp-json\/wp\/v2\/types\/post"}],"author":[{"embeddable":true,"href":"https:\/\/www.webdo.tn\/fr\/wp-json\/wp\/v2\/users\/4782"}],"replies":[{"embeddable":true,"href":"https:\/\/www.webdo.tn\/fr\/wp-json\/wp\/v2\/comments?post=391658"}],"version-history":[{"count":0,"href":"https:\/\/www.webdo.tn\/fr\/wp-json\/wp\/v2\/posts\/391658\/revisions"}],"wp:featuredmedia":[{"embeddable":true,"href":"https:\/\/www.webdo.tn\/fr\/wp-json\/wp\/v2\/media\/391659"}],"wp:attachment":[{"href":"https:\/\/www.webdo.tn\/fr\/wp-json\/wp\/v2\/media?parent=391658"}],"wp:term":[{"taxonomy":"category","embeddable":true,"href":"https:\/\/www.webdo.tn\/fr\/wp-json\/wp\/v2\/categories?post=391658"},{"taxonomy":"post_tag","embeddable":true,"href":"https:\/\/www.webdo.tn\/fr\/wp-json\/wp\/v2\/tags?post=391658"}],"curies":[{"name":"wp","href":"https:\/\/api.w.org\/{rel}","templated":true}]}}