{"id":391654,"date":"2026-01-20T10:05:19","date_gmt":"2026-01-20T09:05:19","guid":{"rendered":"https:\/\/www.webdo.tn\/fr\/?p=391654"},"modified":"2026-01-20T10:05:20","modified_gmt":"2026-01-20T09:05:20","slug":"conditions-meteo-extremes-les-tunisiens-appeles-a-rester-chez-eux","status":"publish","type":"post","link":"https:\/\/www.webdo.tn\/fr\/actualite\/national\/conditions-meteo-extremes-les-tunisiens-appeles-a-rester-chez-eux\/391654\/","title":{"rendered":"Conditions m\u00e9t\u00e9o extr\u00eames : Les Tunisiens appel\u00e9s \u00e0 rester chez eux"},"content":{"rendered":"\n<p>L\u2019Observatoire national de la s\u00e9curit\u00e9 routi\u00e8re a appel\u00e9, ce mardi, les usagers de la route \u00e0 \u00e9viter les d\u00e9placements sauf en cas de n\u00e9cessit\u00e9 absolue, en particulier dans les zones basses et \u00e0 proximit\u00e9 des oueds, en raison de la hausse du niveau des eaux provoqu\u00e9e par la poursuite de fortes pr\u00e9cipitations.<\/p>\n\n\n\n<p>Selon l\u2019Observatoire, les conditions m\u00e9t\u00e9orologiques instables et la persistance des pluies augmentent consid\u00e9rablement le risque de formation de crues soudaines et de d\u00e9bordement des oueds, notamment dans les r\u00e9gions du nord-est et du centre du pays.<\/p>\n\n\n\n<p>L\u2019instance a \u00e9galement mis en garde contre toute tentative de traverser des nappes d\u2019eau, m\u00eame lorsqu\u2019elles paraissent peu profondes. Ces accumulations peuvent dissimuler des nids-de-poule, des affaissements de la chauss\u00e9e ou entra\u00eener le v\u00e9hicule sous l\u2019effet de la force du courant.<\/p>\n\n\n\n<h2 class=\"wp-block-heading\" id=\"h-doubler-la-distance-de-securite\">Doubler la distance de s\u00e9curit\u00e9 <\/h2>\n\n\n\n<p>En cas de circulation incontournable, l\u2019Observatoire recommande de r\u00e9duire la vitesse, de doubler la distance de s\u00e9curit\u00e9 entre les v\u00e9hicules et de redoubler de vigilance, soulignant que la visibilit\u00e9 horizontale est fortement r\u00e9duite et que la distance de freinage augmente sur les routes mouill\u00e9es.<\/p>\n\n\n\n<p>Les automobilistes sont enfin invit\u00e9s \u00e0 s\u2019\u00e9loigner des bas-c\u00f4t\u00e9s, des oueds et des zones instables, afin d\u2019\u00e9viter les risques de glissements de terrain et d\u2019accidents li\u00e9s aux intemp\u00e9ries.<\/p>\n\n\n\n<p>Les autorit\u00e9s appellent \u00e0 un strict respect des consignes de s\u00e9curit\u00e9 et \u00e0 suivre les bulletins officiels, alors que les perturbations m\u00e9t\u00e9orologiques devraient se poursuivre.<\/p>\n\n\n\n<p><\/p>\n\n\n\n<p><strong>Lire aussi :<\/strong><\/p>\n\n\n\n<ul class=\"wp-block-list\">\n<li><a href=\"https:\/\/www.webdo.tn\/fr\/actualite\/national\/grand-tunis-nabeul-et-bizerte-des-inondations-touchent-plusieurs-quartiers\/391621\/\">Grand-Tunis, Nabeul et Bizerte: Des inondations touchent plusieurs quartiers !<\/a><\/li>\n\n\n\n<li><a href=\"https:\/\/www.webdo.tn\/fr\/actualite\/national\/tunis-la-commission-de-prevention-des-catastrophes-prend-ses-precautions\/391618\/\">Tunis : La commission de pr\u00e9vention des catastrophes prend ses pr\u00e9cautions<\/a><\/li>\n\n\n\n<li><a href=\"https:\/\/www.webdo.tn\/fr\/actualite\/national\/episode-pluvieux-marque-80-mm-a-grombalia-plus-de-50-mm-a-bizerte-et-dans-le-grand-tunis\/391584\/\">\u00c9pisode pluvieux marqu\u00e9 : 80 mm \u00e0 Grombalia, plus de 50 mm \u00e0 Bizerte et dans le Grand Tunis<\/a><\/li>\n\n\n\n<li><a href=\"https:\/\/www.webdo.tn\/fr\/actualite\/national\/images-impressionnantes-de-vagues-sur-les-cotes-tunisiennes-en-video\/391614\/\">Images impressionnantes de vagues sur les c\u00f4tes tunisiennes ! (en vid\u00e9os)<\/a><\/li>\n\n\n\n<li><a href=\"https:\/\/www.webdo.tn\/fr\/actualite\/national\/inondations-deux-morts-a-moknine\/391639\/\">Inondations : Deux morts \u00e0 Moknine<\/a><\/li>\n<\/ul>\n","protected":false},"excerpt":{"rendered":"<p>L\u2019Observatoire national de la s\u00e9curit\u00e9 routi\u00e8re a appel\u00e9, ce mardi, les usagers de la route \u00e0 \u00e9viter les d\u00e9placements sauf en cas de n\u00e9cessit\u00e9 absolue, en particulier dans les zones basses et \u00e0 proximit\u00e9 des oueds, en raison de la hausse du niveau des eaux provoqu\u00e9e par la poursuite de fortes pr\u00e9cipitations. Selon l\u2019Observatoire, les [&hellip;]<\/p>\n","protected":false},"author":3184,"featured_media":391585,"comment_status":"closed","ping_status":"closed","sticky":false,"template":"","format":"standard","meta":{"footnotes":""},"categories":[44],"tags":[3164,2670,2608],"class_list":["post-391654","post","type-post","status-publish","format-standard","has-post-thumbnail","hentry","category-national","tag-inondations","tag-meteo","tag-tunisie"],"yoast_head":"<!-- This site is optimized with the Yoast SEO Premium plugin v27.5 (Yoast SEO v27.5) - https:\/\/yoast.com\/product\/yoast-seo-premium-wordpress\/ -->\n<title>Conditions m\u00e9t\u00e9o extr\u00eames : Les Tunisiens appel\u00e9s \u00e0 rester chez eux - webdo<\/title>\n<meta name=\"description\" content=\"D\u00e9couvrez les dangers des intemp\u00e9ries et pourquoi il est crucial d&#039;\u00e9viter les d\u00e9placements en cas de fortes pluies.\" \/>\n<link rel=\"canonical\" href=\"https:\/\/www.webdo.tn\/fr\/actualite\/national\/conditions-meteo-extremes-les-tunisiens-appeles-a-rester-chez-eux\/391654\/\" \/>\n<meta property=\"og:locale\" content=\"fr_FR\" \/>\n<meta property=\"og:type\" content=\"article\" \/>\n<meta property=\"og:title\" content=\"Conditions m\u00e9t\u00e9o extr\u00eames : Les Tunisiens appel\u00e9s \u00e0 rester chez eux\" \/>\n<meta property=\"og:description\" content=\"D\u00e9couvrez les dangers des intemp\u00e9ries et pourquoi il est crucial d&#039;\u00e9viter les d\u00e9placements en cas de fortes pluies.\" \/>\n<meta property=\"og:url\" content=\"https:\/\/www.webdo.tn\/fr\/actualite\/national\/conditions-meteo-extremes-les-tunisiens-appeles-a-rester-chez-eux\/391654\/\" \/>\n<meta property=\"og:site_name\" content=\"webdo\" \/>\n<meta property=\"article:publisher\" content=\"https:\/\/www.facebook.com\/webdotn\" \/>\n<meta property=\"article:published_time\" content=\"2026-01-20T09:05:19+00:00\" \/>\n<meta property=\"article:modified_time\" content=\"2026-01-20T09:05:20+00:00\" \/>\n<meta property=\"og:image\" content=\"https:\/\/www.webdo.tn\/fr\/wp-content\/uploads\/2026\/01\/pluie.jpg\" \/>\n\t<meta property=\"og:image:width\" content=\"1200\" \/>\n\t<meta property=\"og:image:height\" content=\"604\" \/>\n\t<meta property=\"og:image:type\" content=\"image\/jpeg\" \/>\n<meta name=\"author\" content=\"Wided Belhaj\" \/>\n<meta name=\"twitter:card\" content=\"summary_large_image\" \/>\n<meta name=\"twitter:creator\" content=\"@webdo_tn\" \/>\n<meta name=\"twitter:site\" content=\"@webdo_tn\" \/>\n<meta name=\"twitter:label1\" content=\"\u00c9crit par\" \/>\n\t<meta name=\"twitter:data1\" content=\"Wided Belhaj\" \/>\n\t<meta name=\"twitter:label2\" content=\"Dur\u00e9e de lecture estim\u00e9e\" \/>\n\t<meta name=\"twitter:data2\" content=\"2 minutes\" \/>\n<script type=\"application\/ld+json\" class=\"yoast-schema-graph\">{\"@context\":\"https:\\\/\\\/schema.org\",\"@graph\":[{\"@type\":\"NewsArticle\",\"@id\":\"https:\\\/\\\/www.webdo.tn\\\/fr\\\/actualite\\\/national\\\/conditions-meteo-extremes-les-tunisiens-appeles-a-rester-chez-eux\\\/391654\\\/#article\",\"isPartOf\":{\"@id\":\"https:\\\/\\\/www.webdo.tn\\\/fr\\\/actualite\\\/national\\\/conditions-meteo-extremes-les-tunisiens-appeles-a-rester-chez-eux\\\/391654\\\/\"},\"author\":{\"name\":\"Wided Belhaj\",\"@id\":\"https:\\\/\\\/www.webdo.tn\\\/fr\\\/#\\\/schema\\\/person\\\/b9ecde7a5574cb4fcf4b496ea5fadb15\"},\"headline\":\"Conditions m\u00e9t\u00e9o extr\u00eames : Les Tunisiens appel\u00e9s \u00e0 rester chez eux\",\"datePublished\":\"2026-01-20T09:05:19+00:00\",\"dateModified\":\"2026-01-20T09:05:20+00:00\",\"mainEntityOfPage\":{\"@id\":\"https:\\\/\\\/www.webdo.tn\\\/fr\\\/actualite\\\/national\\\/conditions-meteo-extremes-les-tunisiens-appeles-a-rester-chez-eux\\\/391654\\\/\"},\"wordCount\":332,\"publisher\":{\"@id\":\"https:\\\/\\\/www.webdo.tn\\\/fr\\\/#organization\"},\"image\":{\"@id\":\"https:\\\/\\\/www.webdo.tn\\\/fr\\\/actualite\\\/national\\\/conditions-meteo-extremes-les-tunisiens-appeles-a-rester-chez-eux\\\/391654\\\/#primaryimage\"},\"thumbnailUrl\":\"https:\\\/\\\/www.webdo.tn\\\/fr\\\/wp-content\\\/uploads\\\/2026\\\/01\\\/pluie.jpg\",\"keywords\":[\"Inondations\",\"m\u00e9t\u00e9o\",\"Tunisie\"],\"articleSection\":[\"National\"],\"inLanguage\":\"fr-FR\"},{\"@type\":\"WebPage\",\"@id\":\"https:\\\/\\\/www.webdo.tn\\\/fr\\\/actualite\\\/national\\\/conditions-meteo-extremes-les-tunisiens-appeles-a-rester-chez-eux\\\/391654\\\/\",\"url\":\"https:\\\/\\\/www.webdo.tn\\\/fr\\\/actualite\\\/national\\\/conditions-meteo-extremes-les-tunisiens-appeles-a-rester-chez-eux\\\/391654\\\/\",\"name\":\"Conditions m\u00e9t\u00e9o extr\u00eames : Les Tunisiens appel\u00e9s \u00e0 rester chez eux - webdo\",\"isPartOf\":{\"@id\":\"https:\\\/\\\/www.webdo.tn\\\/fr\\\/#website\"},\"primaryImageOfPage\":{\"@id\":\"https:\\\/\\\/www.webdo.tn\\\/fr\\\/actualite\\\/national\\\/conditions-meteo-extremes-les-tunisiens-appeles-a-rester-chez-eux\\\/391654\\\/#primaryimage\"},\"image\":{\"@id\":\"https:\\\/\\\/www.webdo.tn\\\/fr\\\/actualite\\\/national\\\/conditions-meteo-extremes-les-tunisiens-appeles-a-rester-chez-eux\\\/391654\\\/#primaryimage\"},\"thumbnailUrl\":\"https:\\\/\\\/www.webdo.tn\\\/fr\\\/wp-content\\\/uploads\\\/2026\\\/01\\\/pluie.jpg\",\"datePublished\":\"2026-01-20T09:05:19+00:00\",\"dateModified\":\"2026-01-20T09:05:20+00:00\",\"description\":\"D\u00e9couvrez les dangers des intemp\u00e9ries et pourquoi il est crucial d'\u00e9viter les d\u00e9placements en cas de fortes pluies.\",\"breadcrumb\":{\"@id\":\"https:\\\/\\\/www.webdo.tn\\\/fr\\\/actualite\\\/national\\\/conditions-meteo-extremes-les-tunisiens-appeles-a-rester-chez-eux\\\/391654\\\/#breadcrumb\"},\"inLanguage\":\"fr-FR\",\"potentialAction\":[{\"@type\":\"ReadAction\",\"target\":[\"https:\\\/\\\/www.webdo.tn\\\/fr\\\/actualite\\\/national\\\/conditions-meteo-extremes-les-tunisiens-appeles-a-rester-chez-eux\\\/391654\\\/\"]}]},{\"@type\":\"ImageObject\",\"inLanguage\":\"fr-FR\",\"@id\":\"https:\\\/\\\/www.webdo.tn\\\/fr\\\/actualite\\\/national\\\/conditions-meteo-extremes-les-tunisiens-appeles-a-rester-chez-eux\\\/391654\\\/#primaryimage\",\"url\":\"https:\\\/\\\/www.webdo.tn\\\/fr\\\/wp-content\\\/uploads\\\/2026\\\/01\\\/pluie.jpg\",\"contentUrl\":\"https:\\\/\\\/www.webdo.tn\\\/fr\\\/wp-content\\\/uploads\\\/2026\\\/01\\\/pluie.jpg\",\"width\":1200,\"height\":604,\"caption\":\"Tunisie - M\u00e9t\u00e9o : Des pluies orageuses attendues sur le nord et le centre du pays\"},{\"@type\":\"BreadcrumbList\",\"@id\":\"https:\\\/\\\/www.webdo.tn\\\/fr\\\/actualite\\\/national\\\/conditions-meteo-extremes-les-tunisiens-appeles-a-rester-chez-eux\\\/391654\\\/#breadcrumb\",\"itemListElement\":[{\"@type\":\"ListItem\",\"position\":1,\"name\":\"Accueil\",\"item\":\"https:\\\/\\\/www.webdo.tn\\\/fr\\\/\"},{\"@type\":\"ListItem\",\"position\":2,\"name\":\"Conditions m\u00e9t\u00e9o extr\u00eames : Les Tunisiens appel\u00e9s \u00e0 rester chez eux\"}]},{\"@type\":\"WebSite\",\"@id\":\"https:\\\/\\\/www.webdo.tn\\\/fr\\\/#website\",\"url\":\"https:\\\/\\\/www.webdo.tn\\\/fr\\\/\",\"name\":\"webdo\",\"description\":\"Tunisie - News en Tunisie et \u00e0 l&#039;international sur Webdo.tn\",\"publisher\":{\"@id\":\"https:\\\/\\\/www.webdo.tn\\\/fr\\\/#organization\"},\"potentialAction\":[{\"@type\":\"SearchAction\",\"target\":{\"@type\":\"EntryPoint\",\"urlTemplate\":\"https:\\\/\\\/www.webdo.tn\\\/fr\\\/?s={search_term_string}\"},\"query-input\":{\"@type\":\"PropertyValueSpecification\",\"valueRequired\":true,\"valueName\":\"search_term_string\"}}],\"inLanguage\":\"fr-FR\"},{\"@type\":\"Organization\",\"@id\":\"https:\\\/\\\/www.webdo.tn\\\/fr\\\/#organization\",\"name\":\"Webdo\",\"alternateName\":\"Webdo.tn\",\"url\":\"https:\\\/\\\/www.webdo.tn\\\/fr\\\/\",\"logo\":{\"@type\":\"ImageObject\",\"inLanguage\":\"fr-FR\",\"@id\":\"https:\\\/\\\/www.webdo.tn\\\/fr\\\/#\\\/schema\\\/logo\\\/image\\\/\",\"url\":\"https:\\\/\\\/www.webdo.tn\\\/fr\\\/wp-content\\\/uploads\\\/2025\\\/06\\\/Webdo-Tunisie_168377.jpg\",\"contentUrl\":\"https:\\\/\\\/www.webdo.tn\\\/fr\\\/wp-content\\\/uploads\\\/2025\\\/06\\\/Webdo-Tunisie_168377.jpg\",\"width\":301,\"height\":301,\"caption\":\"Webdo\"},\"image\":{\"@id\":\"https:\\\/\\\/www.webdo.tn\\\/fr\\\/#\\\/schema\\\/logo\\\/image\\\/\"},\"sameAs\":[\"https:\\\/\\\/www.facebook.com\\\/webdotn\",\"https:\\\/\\\/x.com\\\/webdo_tn\"],\"description\":\"Webdo est un m\u00e9dia num\u00e9rique tunisien fond\u00e9 en 2010, sp\u00e9cialis\u00e9 dans l\u2019actualit\u00e9 nationale et internationale, l\u2019\u00e9conomie, la soci\u00e9t\u00e9 et les analyses politiques. Le site s\u2019adresse \u00e0 un large public francophone et couvre l\u2019information tunisienne en temps r\u00e9el.\",\"email\":\"redac@webdo.tn\",\"legalName\":\"YNJ SARL\",\"foundingDate\":\"2010-09-06\",\"numberOfEmployees\":{\"@type\":\"QuantitativeValue\",\"minValue\":\"11\",\"maxValue\":\"50\"}},{\"@type\":\"Person\",\"@id\":\"https:\\\/\\\/www.webdo.tn\\\/fr\\\/#\\\/schema\\\/person\\\/b9ecde7a5574cb4fcf4b496ea5fadb15\",\"name\":\"Wided Belhaj\",\"image\":{\"@type\":\"ImageObject\",\"inLanguage\":\"fr-FR\",\"@id\":\"https:\\\/\\\/www.webdo.tn\\\/fr\\\/wp-content\\\/uploads\\\/2026\\\/04\\\/wided-belhaj_avatar-96x96.jpg\",\"url\":\"https:\\\/\\\/www.webdo.tn\\\/fr\\\/wp-content\\\/uploads\\\/2026\\\/04\\\/wided-belhaj_avatar-96x96.jpg\",\"contentUrl\":\"https:\\\/\\\/www.webdo.tn\\\/fr\\\/wp-content\\\/uploads\\\/2026\\\/04\\\/wided-belhaj_avatar-96x96.jpg\",\"caption\":\"Wided Belhaj\"},\"description\":\"Wided Belhaj est le pseudonyme \u00e9ditorial utilis\u00e9 par Khalil Jelassi, journaliste, ma\u00eetre-assistant \u00e0 l\u2019Institut de presse et des sciences de l\u2019information (IPSI) et chercheur en sciences de l\u2019information et de la communication. Cette signature est d\u00e9di\u00e9e \u00e0 l\u2019analyse des m\u00e9dias, des pratiques journalistiques et des mutations de l\u2019information \u00e0 l\u2019\u00e8re digitale. \u00c0 travers ses contributions, Wided Belhaj propose une lecture analytique de l\u2019actualit\u00e9, en croisant regard critique et expertise acad\u00e9mique.\",\"knowsAbout\":[\"m\u00e9dias\",\"journalisme\",\"communication\",\"information\",\"transformation num\u00e9rique\",\"analyse des m\u00e9dias\"],\"knowsLanguage\":[\"Fran\u00e7ais\",\"Arabe\"],\"jobTitle\":\"Webdo.tn\",\"worksFor\":\"Journaliste \u2013 Analyse des m\u00e9dias\",\"url\":\"https:\\\/\\\/www.webdo.tn\\\/fr\\\/actualite\\\/author\\\/wided-belhaj\\\/\"}]}<\/script>\n<!-- \/ Yoast SEO Premium plugin. -->","yoast_head_json":{"title":"Conditions m\u00e9t\u00e9o extr\u00eames : Les Tunisiens appel\u00e9s \u00e0 rester chez eux - webdo","description":"D\u00e9couvrez les dangers des intemp\u00e9ries et pourquoi il est crucial d'\u00e9viter les d\u00e9placements en cas de fortes pluies.","canonical":"https:\/\/www.webdo.tn\/fr\/actualite\/national\/conditions-meteo-extremes-les-tunisiens-appeles-a-rester-chez-eux\/391654\/","og_locale":"fr_FR","og_type":"article","og_title":"Conditions m\u00e9t\u00e9o extr\u00eames : Les Tunisiens appel\u00e9s \u00e0 rester chez eux","og_description":"D\u00e9couvrez les dangers des intemp\u00e9ries et pourquoi il est crucial d'\u00e9viter les d\u00e9placements en cas de fortes pluies.","og_url":"https:\/\/www.webdo.tn\/fr\/actualite\/national\/conditions-meteo-extremes-les-tunisiens-appeles-a-rester-chez-eux\/391654\/","og_site_name":"webdo","article_publisher":"https:\/\/www.facebook.com\/webdotn","article_published_time":"2026-01-20T09:05:19+00:00","article_modified_time":"2026-01-20T09:05:20+00:00","og_image":[{"width":1200,"height":604,"url":"https:\/\/www.webdo.tn\/fr\/wp-content\/uploads\/2026\/01\/pluie.jpg","type":"image\/jpeg"}],"author":"Wided Belhaj","twitter_card":"summary_large_image","twitter_creator":"@webdo_tn","twitter_site":"@webdo_tn","twitter_misc":{"\u00c9crit par":"Wided Belhaj","Dur\u00e9e de lecture estim\u00e9e":"2 minutes"},"schema":{"@context":"https:\/\/schema.org","@graph":[{"@type":"NewsArticle","@id":"https:\/\/www.webdo.tn\/fr\/actualite\/national\/conditions-meteo-extremes-les-tunisiens-appeles-a-rester-chez-eux\/391654\/#article","isPartOf":{"@id":"https:\/\/www.webdo.tn\/fr\/actualite\/national\/conditions-meteo-extremes-les-tunisiens-appeles-a-rester-chez-eux\/391654\/"},"author":{"name":"Wided Belhaj","@id":"https:\/\/www.webdo.tn\/fr\/#\/schema\/person\/b9ecde7a5574cb4fcf4b496ea5fadb15"},"headline":"Conditions m\u00e9t\u00e9o extr\u00eames : Les Tunisiens appel\u00e9s \u00e0 rester chez eux","datePublished":"2026-01-20T09:05:19+00:00","dateModified":"2026-01-20T09:05:20+00:00","mainEntityOfPage":{"@id":"https:\/\/www.webdo.tn\/fr\/actualite\/national\/conditions-meteo-extremes-les-tunisiens-appeles-a-rester-chez-eux\/391654\/"},"wordCount":332,"publisher":{"@id":"https:\/\/www.webdo.tn\/fr\/#organization"},"image":{"@id":"https:\/\/www.webdo.tn\/fr\/actualite\/national\/conditions-meteo-extremes-les-tunisiens-appeles-a-rester-chez-eux\/391654\/#primaryimage"},"thumbnailUrl":"https:\/\/www.webdo.tn\/fr\/wp-content\/uploads\/2026\/01\/pluie.jpg","keywords":["Inondations","m\u00e9t\u00e9o","Tunisie"],"articleSection":["National"],"inLanguage":"fr-FR"},{"@type":"WebPage","@id":"https:\/\/www.webdo.tn\/fr\/actualite\/national\/conditions-meteo-extremes-les-tunisiens-appeles-a-rester-chez-eux\/391654\/","url":"https:\/\/www.webdo.tn\/fr\/actualite\/national\/conditions-meteo-extremes-les-tunisiens-appeles-a-rester-chez-eux\/391654\/","name":"Conditions m\u00e9t\u00e9o extr\u00eames : Les Tunisiens appel\u00e9s \u00e0 rester chez eux - webdo","isPartOf":{"@id":"https:\/\/www.webdo.tn\/fr\/#website"},"primaryImageOfPage":{"@id":"https:\/\/www.webdo.tn\/fr\/actualite\/national\/conditions-meteo-extremes-les-tunisiens-appeles-a-rester-chez-eux\/391654\/#primaryimage"},"image":{"@id":"https:\/\/www.webdo.tn\/fr\/actualite\/national\/conditions-meteo-extremes-les-tunisiens-appeles-a-rester-chez-eux\/391654\/#primaryimage"},"thumbnailUrl":"https:\/\/www.webdo.tn\/fr\/wp-content\/uploads\/2026\/01\/pluie.jpg","datePublished":"2026-01-20T09:05:19+00:00","dateModified":"2026-01-20T09:05:20+00:00","description":"D\u00e9couvrez les dangers des intemp\u00e9ries et pourquoi il est crucial d'\u00e9viter les d\u00e9placements en cas de fortes pluies.","breadcrumb":{"@id":"https:\/\/www.webdo.tn\/fr\/actualite\/national\/conditions-meteo-extremes-les-tunisiens-appeles-a-rester-chez-eux\/391654\/#breadcrumb"},"inLanguage":"fr-FR","potentialAction":[{"@type":"ReadAction","target":["https:\/\/www.webdo.tn\/fr\/actualite\/national\/conditions-meteo-extremes-les-tunisiens-appeles-a-rester-chez-eux\/391654\/"]}]},{"@type":"ImageObject","inLanguage":"fr-FR","@id":"https:\/\/www.webdo.tn\/fr\/actualite\/national\/conditions-meteo-extremes-les-tunisiens-appeles-a-rester-chez-eux\/391654\/#primaryimage","url":"https:\/\/www.webdo.tn\/fr\/wp-content\/uploads\/2026\/01\/pluie.jpg","contentUrl":"https:\/\/www.webdo.tn\/fr\/wp-content\/uploads\/2026\/01\/pluie.jpg","width":1200,"height":604,"caption":"Tunisie - M\u00e9t\u00e9o : Des pluies orageuses attendues sur le nord et le centre du pays"},{"@type":"BreadcrumbList","@id":"https:\/\/www.webdo.tn\/fr\/actualite\/national\/conditions-meteo-extremes-les-tunisiens-appeles-a-rester-chez-eux\/391654\/#breadcrumb","itemListElement":[{"@type":"ListItem","position":1,"name":"Accueil","item":"https:\/\/www.webdo.tn\/fr\/"},{"@type":"ListItem","position":2,"name":"Conditions m\u00e9t\u00e9o extr\u00eames : Les Tunisiens appel\u00e9s \u00e0 rester chez eux"}]},{"@type":"WebSite","@id":"https:\/\/www.webdo.tn\/fr\/#website","url":"https:\/\/www.webdo.tn\/fr\/","name":"webdo","description":"Tunisie - News en Tunisie et \u00e0 l&#039;international sur Webdo.tn","publisher":{"@id":"https:\/\/www.webdo.tn\/fr\/#organization"},"potentialAction":[{"@type":"SearchAction","target":{"@type":"EntryPoint","urlTemplate":"https:\/\/www.webdo.tn\/fr\/?s={search_term_string}"},"query-input":{"@type":"PropertyValueSpecification","valueRequired":true,"valueName":"search_term_string"}}],"inLanguage":"fr-FR"},{"@type":"Organization","@id":"https:\/\/www.webdo.tn\/fr\/#organization","name":"Webdo","alternateName":"Webdo.tn","url":"https:\/\/www.webdo.tn\/fr\/","logo":{"@type":"ImageObject","inLanguage":"fr-FR","@id":"https:\/\/www.webdo.tn\/fr\/#\/schema\/logo\/image\/","url":"https:\/\/www.webdo.tn\/fr\/wp-content\/uploads\/2025\/06\/Webdo-Tunisie_168377.jpg","contentUrl":"https:\/\/www.webdo.tn\/fr\/wp-content\/uploads\/2025\/06\/Webdo-Tunisie_168377.jpg","width":301,"height":301,"caption":"Webdo"},"image":{"@id":"https:\/\/www.webdo.tn\/fr\/#\/schema\/logo\/image\/"},"sameAs":["https:\/\/www.facebook.com\/webdotn","https:\/\/x.com\/webdo_tn"],"description":"Webdo est un m\u00e9dia num\u00e9rique tunisien fond\u00e9 en 2010, sp\u00e9cialis\u00e9 dans l\u2019actualit\u00e9 nationale et internationale, l\u2019\u00e9conomie, la soci\u00e9t\u00e9 et les analyses politiques. Le site s\u2019adresse \u00e0 un large public francophone et couvre l\u2019information tunisienne en temps r\u00e9el.","email":"redac@webdo.tn","legalName":"YNJ SARL","foundingDate":"2010-09-06","numberOfEmployees":{"@type":"QuantitativeValue","minValue":"11","maxValue":"50"}},{"@type":"Person","@id":"https:\/\/www.webdo.tn\/fr\/#\/schema\/person\/b9ecde7a5574cb4fcf4b496ea5fadb15","name":"Wided Belhaj","image":{"@type":"ImageObject","inLanguage":"fr-FR","@id":"https:\/\/www.webdo.tn\/fr\/wp-content\/uploads\/2026\/04\/wided-belhaj_avatar-96x96.jpg","url":"https:\/\/www.webdo.tn\/fr\/wp-content\/uploads\/2026\/04\/wided-belhaj_avatar-96x96.jpg","contentUrl":"https:\/\/www.webdo.tn\/fr\/wp-content\/uploads\/2026\/04\/wided-belhaj_avatar-96x96.jpg","caption":"Wided Belhaj"},"description":"Wided Belhaj est le pseudonyme \u00e9ditorial utilis\u00e9 par Khalil Jelassi, journaliste, ma\u00eetre-assistant \u00e0 l\u2019Institut de presse et des sciences de l\u2019information (IPSI) et chercheur en sciences de l\u2019information et de la communication. Cette signature est d\u00e9di\u00e9e \u00e0 l\u2019analyse des m\u00e9dias, des pratiques journalistiques et des mutations de l\u2019information \u00e0 l\u2019\u00e8re digitale. \u00c0 travers ses contributions, Wided Belhaj propose une lecture analytique de l\u2019actualit\u00e9, en croisant regard critique et expertise acad\u00e9mique.","knowsAbout":["m\u00e9dias","journalisme","communication","information","transformation num\u00e9rique","analyse des m\u00e9dias"],"knowsLanguage":["Fran\u00e7ais","Arabe"],"jobTitle":"Webdo.tn","worksFor":"Journaliste \u2013 Analyse des m\u00e9dias","url":"https:\/\/www.webdo.tn\/fr\/actualite\/author\/wided-belhaj\/"}]}},"_links":{"self":[{"href":"https:\/\/www.webdo.tn\/fr\/wp-json\/wp\/v2\/posts\/391654","targetHints":{"allow":["GET"]}}],"collection":[{"href":"https:\/\/www.webdo.tn\/fr\/wp-json\/wp\/v2\/posts"}],"about":[{"href":"https:\/\/www.webdo.tn\/fr\/wp-json\/wp\/v2\/types\/post"}],"author":[{"embeddable":true,"href":"https:\/\/www.webdo.tn\/fr\/wp-json\/wp\/v2\/users\/3184"}],"replies":[{"embeddable":true,"href":"https:\/\/www.webdo.tn\/fr\/wp-json\/wp\/v2\/comments?post=391654"}],"version-history":[{"count":0,"href":"https:\/\/www.webdo.tn\/fr\/wp-json\/wp\/v2\/posts\/391654\/revisions"}],"wp:featuredmedia":[{"embeddable":true,"href":"https:\/\/www.webdo.tn\/fr\/wp-json\/wp\/v2\/media\/391585"}],"wp:attachment":[{"href":"https:\/\/www.webdo.tn\/fr\/wp-json\/wp\/v2\/media?parent=391654"}],"wp:term":[{"taxonomy":"category","embeddable":true,"href":"https:\/\/www.webdo.tn\/fr\/wp-json\/wp\/v2\/categories?post=391654"},{"taxonomy":"post_tag","embeddable":true,"href":"https:\/\/www.webdo.tn\/fr\/wp-json\/wp\/v2\/tags?post=391654"}],"curies":[{"name":"wp","href":"https:\/\/api.w.org\/{rel}","templated":true}]}}