{"id":391612,"date":"2026-01-19T18:13:44","date_gmt":"2026-01-19T17:13:44","guid":{"rendered":"https:\/\/www.webdo.tn\/fr\/?p=391612"},"modified":"2026-01-19T18:13:45","modified_gmt":"2026-01-19T17:13:45","slug":"tunisie-suspension-des-cours-au-cap-bon-en-raison-des-intemperies","status":"publish","type":"post","link":"https:\/\/www.webdo.tn\/fr\/actualite\/regions\/tunisie-suspension-des-cours-au-cap-bon-en-raison-des-intemperies\/391612\/","title":{"rendered":"Tunisie : Suspension des cours au Cap Bon en raison des intemp\u00e9ries"},"content":{"rendered":"\n<p><\/p>\n\n\n\n<p>La gouverneure de Nabeul, Hanaa Chouchani, a d\u00e9cid\u00e9, lundi soir, la suspension imm\u00e9diate des cours dans l\u2019ensemble des \u00e9tablissements \u00e9ducatifs du Cap Bon.<\/p>\n\n\n\n<p>Cette d\u00e9cision intervient \u00e0 la suite des \u00e9volutions m\u00e9t\u00e9orologiques enregistr\u00e9es dans la r\u00e9gion, marqu\u00e9es par des pr\u00e9cipitations importantes et l\u2019apparition de cellules orageuses actives en d\u00e9but de soir\u00e9e.<\/p>\n\n\n\n<p>La Tunisie traverse une s\u00e9quence m\u00e9t\u00e9orologique d\u00e9licate, caract\u00e9ris\u00e9e par une instabilit\u00e9 atmosph\u00e9rique persistante, des pluies parfois intenses et localement abondantes, ainsi que des orages accompagn\u00e9s de fortes rafales de vent dans plusieurs r\u00e9gions du pays. <\/p>\n\n\n\n<h2 class=\"wp-block-heading\" id=\"h-perturbations-de-la-circulation\">Perturbations de la circulation<\/h2>\n\n\n\n<p>Les services m\u00e9t\u00e9orologiques ont mis en garde contre les risques de ruissellements, de crues soudaines et de perturbations de la circulation, notamment dans les zones urbaines et les points bas.<\/p>\n\n\n\n<p>Les autorit\u00e9s r\u00e9gionales ont appel\u00e9 les citoyens \u00e0 la vigilance et au respect des consignes de s\u00e9curit\u00e9, soulignant que la priorit\u00e9 demeure la protection des \u00e9l\u00e8ves et des cadres \u00e9ducatifs face \u00e0 l\u2019\u00e9volution rapide des conditions climatiques.<\/p>\n\n\n\n<p><\/p>\n\n\n\n<blockquote class=\"wp-block-quote is-layout-flow wp-block-quote-is-layout-flow\">\n<blockquote class=\"wp-block-quote is-layout-flow wp-block-quote-is-layout-flow\">\n<p>Lire aussi :<\/p>\n\n\n\n<ul class=\"wp-block-list\">\n<li><a href=\"https:\/\/www.webdo.tn\/fr\/actualite\/national\/episode-pluvieux-marque-80-mm-a-grombalia-plus-de-50-mm-a-bizerte-et-dans-le-grand-tunis\/391584\/\">\u00c9pisode pluvieux marqu\u00e9 : 80 mm \u00e0 Grombalia, plus de 50 mm \u00e0 Bizerte et dans le Grand Tunis<\/a><\/li>\n\n\n\n<li><a href=\"https:\/\/www.webdo.tn\/fr\/actualite\/national\/tunisie-intemperies-fortes-pluies-vents-violents-et-baisse-des-temperatures\/391566\/\">Tunisie \u2013 Intemp\u00e9ries : Fortes pluies, vents violents et baisse des temp\u00e9ratures<\/a><\/li>\n<\/ul>\n<\/blockquote>\n<\/blockquote>\n","protected":false},"excerpt":{"rendered":"<p>La gouverneure de Nabeul, Hanaa Chouchani, a d\u00e9cid\u00e9, lundi soir, la suspension imm\u00e9diate des cours dans l\u2019ensemble des \u00e9tablissements \u00e9ducatifs du Cap Bon. Cette d\u00e9cision intervient \u00e0 la suite des \u00e9volutions m\u00e9t\u00e9orologiques enregistr\u00e9es dans la r\u00e9gion, marqu\u00e9es par des pr\u00e9cipitations importantes et l\u2019apparition de cellules orageuses actives en d\u00e9but de soir\u00e9e. La Tunisie traverse une [&hellip;]<\/p>\n","protected":false},"author":3184,"featured_media":384069,"comment_status":"closed","ping_status":"closed","sticky":false,"template":"","format":"standard","meta":{"footnotes":""},"categories":[2595],"tags":[4352,2670,3121],"class_list":["post-391612","post","type-post","status-publish","format-standard","has-post-thumbnail","hentry","category-regions","tag-cours","tag-meteo","tag-suspension"],"yoast_head":"<!-- This site is optimized with the Yoast SEO Premium plugin v27.5 (Yoast SEO v27.5) - https:\/\/yoast.com\/product\/yoast-seo-premium-wordpress\/ -->\n<title>Tunisie : Suspension des cours au Cap Bon en raison des intemp\u00e9ries - webdo<\/title>\n<meta name=\"description\" content=\"La gouverneure de Nabeul a ordonn\u00e9 la suspension des cours en raison des conditions m\u00e9t\u00e9orologiques difficiles. D\u00e9couvrez les d\u00e9tails.\" \/>\n<link rel=\"canonical\" href=\"https:\/\/www.webdo.tn\/fr\/actualite\/regions\/tunisie-suspension-des-cours-au-cap-bon-en-raison-des-intemperies\/391612\/\" \/>\n<meta property=\"og:locale\" content=\"fr_FR\" \/>\n<meta property=\"og:type\" content=\"article\" \/>\n<meta property=\"og:title\" content=\"Tunisie : Suspension des cours au Cap Bon en raison des intemp\u00e9ries\" \/>\n<meta property=\"og:description\" content=\"La gouverneure de Nabeul a ordonn\u00e9 la suspension des cours en raison des conditions m\u00e9t\u00e9orologiques difficiles. D\u00e9couvrez les d\u00e9tails.\" \/>\n<meta property=\"og:url\" content=\"https:\/\/www.webdo.tn\/fr\/actualite\/regions\/tunisie-suspension-des-cours-au-cap-bon-en-raison-des-intemperies\/391612\/\" \/>\n<meta property=\"og:site_name\" content=\"webdo\" \/>\n<meta property=\"article:publisher\" content=\"https:\/\/www.facebook.com\/webdotn\" \/>\n<meta property=\"article:published_time\" content=\"2026-01-19T17:13:44+00:00\" \/>\n<meta property=\"article:modified_time\" content=\"2026-01-19T17:13:45+00:00\" \/>\n<meta property=\"og:image\" content=\"https:\/\/www.webdo.tn\/fr\/wp-content\/uploads\/2025\/09\/pluie-1.jpg\" \/>\n\t<meta property=\"og:image:width\" content=\"1200\" \/>\n\t<meta property=\"og:image:height\" content=\"600\" \/>\n\t<meta property=\"og:image:type\" content=\"image\/jpeg\" \/>\n<meta name=\"author\" content=\"Wided Belhaj\" \/>\n<meta name=\"twitter:card\" content=\"summary_large_image\" \/>\n<meta name=\"twitter:creator\" content=\"@webdo_tn\" \/>\n<meta name=\"twitter:site\" content=\"@webdo_tn\" \/>\n<meta name=\"twitter:label1\" content=\"\u00c9crit par\" \/>\n\t<meta name=\"twitter:data1\" content=\"Wided Belhaj\" \/>\n\t<meta name=\"twitter:label2\" content=\"Dur\u00e9e de lecture estim\u00e9e\" \/>\n\t<meta name=\"twitter:data2\" content=\"2 minutes\" \/>\n<script type=\"application\/ld+json\" class=\"yoast-schema-graph\">{\"@context\":\"https:\\\/\\\/schema.org\",\"@graph\":[{\"@type\":\"NewsArticle\",\"@id\":\"https:\\\/\\\/www.webdo.tn\\\/fr\\\/actualite\\\/regions\\\/tunisie-suspension-des-cours-au-cap-bon-en-raison-des-intemperies\\\/391612\\\/#article\",\"isPartOf\":{\"@id\":\"https:\\\/\\\/www.webdo.tn\\\/fr\\\/actualite\\\/regions\\\/tunisie-suspension-des-cours-au-cap-bon-en-raison-des-intemperies\\\/391612\\\/\"},\"author\":{\"name\":\"Wided Belhaj\",\"@id\":\"https:\\\/\\\/www.webdo.tn\\\/fr\\\/#\\\/schema\\\/person\\\/b9ecde7a5574cb4fcf4b496ea5fadb15\"},\"headline\":\"Tunisie : Suspension des cours au Cap Bon en raison des intemp\u00e9ries\",\"datePublished\":\"2026-01-19T17:13:44+00:00\",\"dateModified\":\"2026-01-19T17:13:45+00:00\",\"mainEntityOfPage\":{\"@id\":\"https:\\\/\\\/www.webdo.tn\\\/fr\\\/actualite\\\/regions\\\/tunisie-suspension-des-cours-au-cap-bon-en-raison-des-intemperies\\\/391612\\\/\"},\"wordCount\":223,\"publisher\":{\"@id\":\"https:\\\/\\\/www.webdo.tn\\\/fr\\\/#organization\"},\"image\":{\"@id\":\"https:\\\/\\\/www.webdo.tn\\\/fr\\\/actualite\\\/regions\\\/tunisie-suspension-des-cours-au-cap-bon-en-raison-des-intemperies\\\/391612\\\/#primaryimage\"},\"thumbnailUrl\":\"https:\\\/\\\/www.webdo.tn\\\/fr\\\/wp-content\\\/uploads\\\/2025\\\/09\\\/pluie-1.jpg\",\"keywords\":[\"cours\",\"m\u00e9t\u00e9o\",\"suspension\"],\"articleSection\":[\"regions\"],\"inLanguage\":\"fr-FR\"},{\"@type\":\"WebPage\",\"@id\":\"https:\\\/\\\/www.webdo.tn\\\/fr\\\/actualite\\\/regions\\\/tunisie-suspension-des-cours-au-cap-bon-en-raison-des-intemperies\\\/391612\\\/\",\"url\":\"https:\\\/\\\/www.webdo.tn\\\/fr\\\/actualite\\\/regions\\\/tunisie-suspension-des-cours-au-cap-bon-en-raison-des-intemperies\\\/391612\\\/\",\"name\":\"Tunisie : Suspension des cours au Cap Bon en raison des intemp\u00e9ries - webdo\",\"isPartOf\":{\"@id\":\"https:\\\/\\\/www.webdo.tn\\\/fr\\\/#website\"},\"primaryImageOfPage\":{\"@id\":\"https:\\\/\\\/www.webdo.tn\\\/fr\\\/actualite\\\/regions\\\/tunisie-suspension-des-cours-au-cap-bon-en-raison-des-intemperies\\\/391612\\\/#primaryimage\"},\"image\":{\"@id\":\"https:\\\/\\\/www.webdo.tn\\\/fr\\\/actualite\\\/regions\\\/tunisie-suspension-des-cours-au-cap-bon-en-raison-des-intemperies\\\/391612\\\/#primaryimage\"},\"thumbnailUrl\":\"https:\\\/\\\/www.webdo.tn\\\/fr\\\/wp-content\\\/uploads\\\/2025\\\/09\\\/pluie-1.jpg\",\"datePublished\":\"2026-01-19T17:13:44+00:00\",\"dateModified\":\"2026-01-19T17:13:45+00:00\",\"description\":\"La gouverneure de Nabeul a ordonn\u00e9 la suspension des cours en raison des conditions m\u00e9t\u00e9orologiques difficiles. D\u00e9couvrez les d\u00e9tails.\",\"breadcrumb\":{\"@id\":\"https:\\\/\\\/www.webdo.tn\\\/fr\\\/actualite\\\/regions\\\/tunisie-suspension-des-cours-au-cap-bon-en-raison-des-intemperies\\\/391612\\\/#breadcrumb\"},\"inLanguage\":\"fr-FR\",\"potentialAction\":[{\"@type\":\"ReadAction\",\"target\":[\"https:\\\/\\\/www.webdo.tn\\\/fr\\\/actualite\\\/regions\\\/tunisie-suspension-des-cours-au-cap-bon-en-raison-des-intemperies\\\/391612\\\/\"]}]},{\"@type\":\"ImageObject\",\"inLanguage\":\"fr-FR\",\"@id\":\"https:\\\/\\\/www.webdo.tn\\\/fr\\\/actualite\\\/regions\\\/tunisie-suspension-des-cours-au-cap-bon-en-raison-des-intemperies\\\/391612\\\/#primaryimage\",\"url\":\"https:\\\/\\\/www.webdo.tn\\\/fr\\\/wp-content\\\/uploads\\\/2025\\\/09\\\/pluie-1.jpg\",\"contentUrl\":\"https:\\\/\\\/www.webdo.tn\\\/fr\\\/wp-content\\\/uploads\\\/2025\\\/09\\\/pluie-1.jpg\",\"width\":1200,\"height\":600,\"caption\":\"Tunisie : Pluies et baisse des temp\u00e9ratures attendues d\u00e8s dimanche\"},{\"@type\":\"BreadcrumbList\",\"@id\":\"https:\\\/\\\/www.webdo.tn\\\/fr\\\/actualite\\\/regions\\\/tunisie-suspension-des-cours-au-cap-bon-en-raison-des-intemperies\\\/391612\\\/#breadcrumb\",\"itemListElement\":[{\"@type\":\"ListItem\",\"position\":1,\"name\":\"Accueil\",\"item\":\"https:\\\/\\\/www.webdo.tn\\\/fr\\\/\"},{\"@type\":\"ListItem\",\"position\":2,\"name\":\"Tunisie : Suspension des cours au Cap Bon en raison des intemp\u00e9ries\"}]},{\"@type\":\"WebSite\",\"@id\":\"https:\\\/\\\/www.webdo.tn\\\/fr\\\/#website\",\"url\":\"https:\\\/\\\/www.webdo.tn\\\/fr\\\/\",\"name\":\"webdo\",\"description\":\"Tunisie - News en Tunisie et \u00e0 l&#039;international sur Webdo.tn\",\"publisher\":{\"@id\":\"https:\\\/\\\/www.webdo.tn\\\/fr\\\/#organization\"},\"potentialAction\":[{\"@type\":\"SearchAction\",\"target\":{\"@type\":\"EntryPoint\",\"urlTemplate\":\"https:\\\/\\\/www.webdo.tn\\\/fr\\\/?s={search_term_string}\"},\"query-input\":{\"@type\":\"PropertyValueSpecification\",\"valueRequired\":true,\"valueName\":\"search_term_string\"}}],\"inLanguage\":\"fr-FR\"},{\"@type\":\"Organization\",\"@id\":\"https:\\\/\\\/www.webdo.tn\\\/fr\\\/#organization\",\"name\":\"Webdo\",\"alternateName\":\"Webdo.tn\",\"url\":\"https:\\\/\\\/www.webdo.tn\\\/fr\\\/\",\"logo\":{\"@type\":\"ImageObject\",\"inLanguage\":\"fr-FR\",\"@id\":\"https:\\\/\\\/www.webdo.tn\\\/fr\\\/#\\\/schema\\\/logo\\\/image\\\/\",\"url\":\"https:\\\/\\\/www.webdo.tn\\\/fr\\\/wp-content\\\/uploads\\\/2025\\\/06\\\/Webdo-Tunisie_168377.jpg\",\"contentUrl\":\"https:\\\/\\\/www.webdo.tn\\\/fr\\\/wp-content\\\/uploads\\\/2025\\\/06\\\/Webdo-Tunisie_168377.jpg\",\"width\":301,\"height\":301,\"caption\":\"Webdo\"},\"image\":{\"@id\":\"https:\\\/\\\/www.webdo.tn\\\/fr\\\/#\\\/schema\\\/logo\\\/image\\\/\"},\"sameAs\":[\"https:\\\/\\\/www.facebook.com\\\/webdotn\",\"https:\\\/\\\/x.com\\\/webdo_tn\"],\"description\":\"Webdo est un m\u00e9dia num\u00e9rique tunisien fond\u00e9 en 2010, sp\u00e9cialis\u00e9 dans l\u2019actualit\u00e9 nationale et internationale, l\u2019\u00e9conomie, la soci\u00e9t\u00e9 et les analyses politiques. Le site s\u2019adresse \u00e0 un large public francophone et couvre l\u2019information tunisienne en temps r\u00e9el.\",\"email\":\"redac@webdo.tn\",\"legalName\":\"YNJ SARL\",\"foundingDate\":\"2010-09-06\",\"numberOfEmployees\":{\"@type\":\"QuantitativeValue\",\"minValue\":\"11\",\"maxValue\":\"50\"}},{\"@type\":\"Person\",\"@id\":\"https:\\\/\\\/www.webdo.tn\\\/fr\\\/#\\\/schema\\\/person\\\/b9ecde7a5574cb4fcf4b496ea5fadb15\",\"name\":\"Wided Belhaj\",\"image\":{\"@type\":\"ImageObject\",\"inLanguage\":\"fr-FR\",\"@id\":\"https:\\\/\\\/www.webdo.tn\\\/fr\\\/wp-content\\\/uploads\\\/2026\\\/04\\\/wided-belhaj_avatar-96x96.jpg\",\"url\":\"https:\\\/\\\/www.webdo.tn\\\/fr\\\/wp-content\\\/uploads\\\/2026\\\/04\\\/wided-belhaj_avatar-96x96.jpg\",\"contentUrl\":\"https:\\\/\\\/www.webdo.tn\\\/fr\\\/wp-content\\\/uploads\\\/2026\\\/04\\\/wided-belhaj_avatar-96x96.jpg\",\"caption\":\"Wided Belhaj\"},\"description\":\"Wided Belhaj est le pseudonyme \u00e9ditorial utilis\u00e9 par Khalil Jelassi, journaliste, ma\u00eetre-assistant \u00e0 l\u2019Institut de presse et des sciences de l\u2019information (IPSI) et chercheur en sciences de l\u2019information et de la communication. Cette signature est d\u00e9di\u00e9e \u00e0 l\u2019analyse des m\u00e9dias, des pratiques journalistiques et des mutations de l\u2019information \u00e0 l\u2019\u00e8re digitale. \u00c0 travers ses contributions, Wided Belhaj propose une lecture analytique de l\u2019actualit\u00e9, en croisant regard critique et expertise acad\u00e9mique.\",\"knowsAbout\":[\"m\u00e9dias\",\"journalisme\",\"communication\",\"information\",\"transformation num\u00e9rique\",\"analyse des m\u00e9dias\"],\"knowsLanguage\":[\"Fran\u00e7ais\",\"Arabe\"],\"jobTitle\":\"Webdo.tn\",\"worksFor\":\"Journaliste \u2013 Analyse des m\u00e9dias\",\"url\":\"https:\\\/\\\/www.webdo.tn\\\/fr\\\/actualite\\\/author\\\/wided-belhaj\\\/\"}]}<\/script>\n<!-- \/ Yoast SEO Premium plugin. -->","yoast_head_json":{"title":"Tunisie : Suspension des cours au Cap Bon en raison des intemp\u00e9ries - webdo","description":"La gouverneure de Nabeul a ordonn\u00e9 la suspension des cours en raison des conditions m\u00e9t\u00e9orologiques difficiles. D\u00e9couvrez les d\u00e9tails.","canonical":"https:\/\/www.webdo.tn\/fr\/actualite\/regions\/tunisie-suspension-des-cours-au-cap-bon-en-raison-des-intemperies\/391612\/","og_locale":"fr_FR","og_type":"article","og_title":"Tunisie : Suspension des cours au Cap Bon en raison des intemp\u00e9ries","og_description":"La gouverneure de Nabeul a ordonn\u00e9 la suspension des cours en raison des conditions m\u00e9t\u00e9orologiques difficiles. D\u00e9couvrez les d\u00e9tails.","og_url":"https:\/\/www.webdo.tn\/fr\/actualite\/regions\/tunisie-suspension-des-cours-au-cap-bon-en-raison-des-intemperies\/391612\/","og_site_name":"webdo","article_publisher":"https:\/\/www.facebook.com\/webdotn","article_published_time":"2026-01-19T17:13:44+00:00","article_modified_time":"2026-01-19T17:13:45+00:00","og_image":[{"width":1200,"height":600,"url":"https:\/\/www.webdo.tn\/fr\/wp-content\/uploads\/2025\/09\/pluie-1.jpg","type":"image\/jpeg"}],"author":"Wided Belhaj","twitter_card":"summary_large_image","twitter_creator":"@webdo_tn","twitter_site":"@webdo_tn","twitter_misc":{"\u00c9crit par":"Wided Belhaj","Dur\u00e9e de lecture estim\u00e9e":"2 minutes"},"schema":{"@context":"https:\/\/schema.org","@graph":[{"@type":"NewsArticle","@id":"https:\/\/www.webdo.tn\/fr\/actualite\/regions\/tunisie-suspension-des-cours-au-cap-bon-en-raison-des-intemperies\/391612\/#article","isPartOf":{"@id":"https:\/\/www.webdo.tn\/fr\/actualite\/regions\/tunisie-suspension-des-cours-au-cap-bon-en-raison-des-intemperies\/391612\/"},"author":{"name":"Wided Belhaj","@id":"https:\/\/www.webdo.tn\/fr\/#\/schema\/person\/b9ecde7a5574cb4fcf4b496ea5fadb15"},"headline":"Tunisie : Suspension des cours au Cap Bon en raison des intemp\u00e9ries","datePublished":"2026-01-19T17:13:44+00:00","dateModified":"2026-01-19T17:13:45+00:00","mainEntityOfPage":{"@id":"https:\/\/www.webdo.tn\/fr\/actualite\/regions\/tunisie-suspension-des-cours-au-cap-bon-en-raison-des-intemperies\/391612\/"},"wordCount":223,"publisher":{"@id":"https:\/\/www.webdo.tn\/fr\/#organization"},"image":{"@id":"https:\/\/www.webdo.tn\/fr\/actualite\/regions\/tunisie-suspension-des-cours-au-cap-bon-en-raison-des-intemperies\/391612\/#primaryimage"},"thumbnailUrl":"https:\/\/www.webdo.tn\/fr\/wp-content\/uploads\/2025\/09\/pluie-1.jpg","keywords":["cours","m\u00e9t\u00e9o","suspension"],"articleSection":["regions"],"inLanguage":"fr-FR"},{"@type":"WebPage","@id":"https:\/\/www.webdo.tn\/fr\/actualite\/regions\/tunisie-suspension-des-cours-au-cap-bon-en-raison-des-intemperies\/391612\/","url":"https:\/\/www.webdo.tn\/fr\/actualite\/regions\/tunisie-suspension-des-cours-au-cap-bon-en-raison-des-intemperies\/391612\/","name":"Tunisie : Suspension des cours au Cap Bon en raison des intemp\u00e9ries - webdo","isPartOf":{"@id":"https:\/\/www.webdo.tn\/fr\/#website"},"primaryImageOfPage":{"@id":"https:\/\/www.webdo.tn\/fr\/actualite\/regions\/tunisie-suspension-des-cours-au-cap-bon-en-raison-des-intemperies\/391612\/#primaryimage"},"image":{"@id":"https:\/\/www.webdo.tn\/fr\/actualite\/regions\/tunisie-suspension-des-cours-au-cap-bon-en-raison-des-intemperies\/391612\/#primaryimage"},"thumbnailUrl":"https:\/\/www.webdo.tn\/fr\/wp-content\/uploads\/2025\/09\/pluie-1.jpg","datePublished":"2026-01-19T17:13:44+00:00","dateModified":"2026-01-19T17:13:45+00:00","description":"La gouverneure de Nabeul a ordonn\u00e9 la suspension des cours en raison des conditions m\u00e9t\u00e9orologiques difficiles. D\u00e9couvrez les d\u00e9tails.","breadcrumb":{"@id":"https:\/\/www.webdo.tn\/fr\/actualite\/regions\/tunisie-suspension-des-cours-au-cap-bon-en-raison-des-intemperies\/391612\/#breadcrumb"},"inLanguage":"fr-FR","potentialAction":[{"@type":"ReadAction","target":["https:\/\/www.webdo.tn\/fr\/actualite\/regions\/tunisie-suspension-des-cours-au-cap-bon-en-raison-des-intemperies\/391612\/"]}]},{"@type":"ImageObject","inLanguage":"fr-FR","@id":"https:\/\/www.webdo.tn\/fr\/actualite\/regions\/tunisie-suspension-des-cours-au-cap-bon-en-raison-des-intemperies\/391612\/#primaryimage","url":"https:\/\/www.webdo.tn\/fr\/wp-content\/uploads\/2025\/09\/pluie-1.jpg","contentUrl":"https:\/\/www.webdo.tn\/fr\/wp-content\/uploads\/2025\/09\/pluie-1.jpg","width":1200,"height":600,"caption":"Tunisie : Pluies et baisse des temp\u00e9ratures attendues d\u00e8s dimanche"},{"@type":"BreadcrumbList","@id":"https:\/\/www.webdo.tn\/fr\/actualite\/regions\/tunisie-suspension-des-cours-au-cap-bon-en-raison-des-intemperies\/391612\/#breadcrumb","itemListElement":[{"@type":"ListItem","position":1,"name":"Accueil","item":"https:\/\/www.webdo.tn\/fr\/"},{"@type":"ListItem","position":2,"name":"Tunisie : Suspension des cours au Cap Bon en raison des intemp\u00e9ries"}]},{"@type":"WebSite","@id":"https:\/\/www.webdo.tn\/fr\/#website","url":"https:\/\/www.webdo.tn\/fr\/","name":"webdo","description":"Tunisie - News en Tunisie et \u00e0 l&#039;international sur Webdo.tn","publisher":{"@id":"https:\/\/www.webdo.tn\/fr\/#organization"},"potentialAction":[{"@type":"SearchAction","target":{"@type":"EntryPoint","urlTemplate":"https:\/\/www.webdo.tn\/fr\/?s={search_term_string}"},"query-input":{"@type":"PropertyValueSpecification","valueRequired":true,"valueName":"search_term_string"}}],"inLanguage":"fr-FR"},{"@type":"Organization","@id":"https:\/\/www.webdo.tn\/fr\/#organization","name":"Webdo","alternateName":"Webdo.tn","url":"https:\/\/www.webdo.tn\/fr\/","logo":{"@type":"ImageObject","inLanguage":"fr-FR","@id":"https:\/\/www.webdo.tn\/fr\/#\/schema\/logo\/image\/","url":"https:\/\/www.webdo.tn\/fr\/wp-content\/uploads\/2025\/06\/Webdo-Tunisie_168377.jpg","contentUrl":"https:\/\/www.webdo.tn\/fr\/wp-content\/uploads\/2025\/06\/Webdo-Tunisie_168377.jpg","width":301,"height":301,"caption":"Webdo"},"image":{"@id":"https:\/\/www.webdo.tn\/fr\/#\/schema\/logo\/image\/"},"sameAs":["https:\/\/www.facebook.com\/webdotn","https:\/\/x.com\/webdo_tn"],"description":"Webdo est un m\u00e9dia num\u00e9rique tunisien fond\u00e9 en 2010, sp\u00e9cialis\u00e9 dans l\u2019actualit\u00e9 nationale et internationale, l\u2019\u00e9conomie, la soci\u00e9t\u00e9 et les analyses politiques. Le site s\u2019adresse \u00e0 un large public francophone et couvre l\u2019information tunisienne en temps r\u00e9el.","email":"redac@webdo.tn","legalName":"YNJ SARL","foundingDate":"2010-09-06","numberOfEmployees":{"@type":"QuantitativeValue","minValue":"11","maxValue":"50"}},{"@type":"Person","@id":"https:\/\/www.webdo.tn\/fr\/#\/schema\/person\/b9ecde7a5574cb4fcf4b496ea5fadb15","name":"Wided Belhaj","image":{"@type":"ImageObject","inLanguage":"fr-FR","@id":"https:\/\/www.webdo.tn\/fr\/wp-content\/uploads\/2026\/04\/wided-belhaj_avatar-96x96.jpg","url":"https:\/\/www.webdo.tn\/fr\/wp-content\/uploads\/2026\/04\/wided-belhaj_avatar-96x96.jpg","contentUrl":"https:\/\/www.webdo.tn\/fr\/wp-content\/uploads\/2026\/04\/wided-belhaj_avatar-96x96.jpg","caption":"Wided Belhaj"},"description":"Wided Belhaj est le pseudonyme \u00e9ditorial utilis\u00e9 par Khalil Jelassi, journaliste, ma\u00eetre-assistant \u00e0 l\u2019Institut de presse et des sciences de l\u2019information (IPSI) et chercheur en sciences de l\u2019information et de la communication. Cette signature est d\u00e9di\u00e9e \u00e0 l\u2019analyse des m\u00e9dias, des pratiques journalistiques et des mutations de l\u2019information \u00e0 l\u2019\u00e8re digitale. \u00c0 travers ses contributions, Wided Belhaj propose une lecture analytique de l\u2019actualit\u00e9, en croisant regard critique et expertise acad\u00e9mique.","knowsAbout":["m\u00e9dias","journalisme","communication","information","transformation num\u00e9rique","analyse des m\u00e9dias"],"knowsLanguage":["Fran\u00e7ais","Arabe"],"jobTitle":"Webdo.tn","worksFor":"Journaliste \u2013 Analyse des m\u00e9dias","url":"https:\/\/www.webdo.tn\/fr\/actualite\/author\/wided-belhaj\/"}]}},"_links":{"self":[{"href":"https:\/\/www.webdo.tn\/fr\/wp-json\/wp\/v2\/posts\/391612","targetHints":{"allow":["GET"]}}],"collection":[{"href":"https:\/\/www.webdo.tn\/fr\/wp-json\/wp\/v2\/posts"}],"about":[{"href":"https:\/\/www.webdo.tn\/fr\/wp-json\/wp\/v2\/types\/post"}],"author":[{"embeddable":true,"href":"https:\/\/www.webdo.tn\/fr\/wp-json\/wp\/v2\/users\/3184"}],"replies":[{"embeddable":true,"href":"https:\/\/www.webdo.tn\/fr\/wp-json\/wp\/v2\/comments?post=391612"}],"version-history":[{"count":0,"href":"https:\/\/www.webdo.tn\/fr\/wp-json\/wp\/v2\/posts\/391612\/revisions"}],"wp:featuredmedia":[{"embeddable":true,"href":"https:\/\/www.webdo.tn\/fr\/wp-json\/wp\/v2\/media\/384069"}],"wp:attachment":[{"href":"https:\/\/www.webdo.tn\/fr\/wp-json\/wp\/v2\/media?parent=391612"}],"wp:term":[{"taxonomy":"category","embeddable":true,"href":"https:\/\/www.webdo.tn\/fr\/wp-json\/wp\/v2\/categories?post=391612"},{"taxonomy":"post_tag","embeddable":true,"href":"https:\/\/www.webdo.tn\/fr\/wp-json\/wp\/v2\/tags?post=391612"}],"curies":[{"name":"wp","href":"https:\/\/api.w.org\/{rel}","templated":true}]}}