{"id":391604,"date":"2026-01-19T14:49:20","date_gmt":"2026-01-19T13:49:20","guid":{"rendered":"https:\/\/www.webdo.tn\/fr\/?p=391604"},"modified":"2026-01-19T14:57:47","modified_gmt":"2026-01-19T13:57:47","slug":"affaire-du-complot-2-la-justice-reporte-lexamen-du-dossier-au-2-fevrier","status":"publish","type":"post","link":"https:\/\/www.webdo.tn\/fr\/actualite\/national\/affaire-du-complot-2-la-justice-reporte-lexamen-du-dossier-au-2-fevrier\/391604\/","title":{"rendered":"Affaire du \u00ab\u00a0Complot 2\u00a0\u00bb : La justice reporte l\u2019examen du dossier au 2 f\u00e9vrier"},"content":{"rendered":"\n<p><strong>La chambre criminelle sp\u00e9cialis\u00e9e dans les affaires de terrorisme pr\u00e8s la Cour d\u2019appel de Tunis a d\u00e9cid\u00e9, lundi, de reporter au 2 f\u00e9vrier prochain l\u2019examen de l\u2019affaire dite du \u00ab Complot 2 \u00bb, un dossier lourd impliquant plusieurs figures politiques et s\u00e9curitaires de premier plan. La juridiction a \u00e9galement mis l\u2019affaire en d\u00e9lib\u00e9r\u00e9 afin de statuer sur une demande de mise en libert\u00e9 pr\u00e9sent\u00e9e par l\u2019un des accus\u00e9s.<\/strong><\/p>\n\n\n\n<p>Ce report, qualifi\u00e9 de d\u00e9finitif, intervient alors que le dossier reste l\u2019un des plus sensibles instruits par la justice tunisienne ces derni\u00e8res ann\u00e9es. Selon une source judiciaire, la Cour a choisi de suspendre l\u2019examen du fond pour se prononcer d\u2019abord sur la requ\u00eate en lib\u00e9ration d\u00e9pos\u00e9e par la d\u00e9fense, repoussant ainsi toute discussion de fond \u00e0 la prochaine audience.<\/p>\n\n\n\n<h2 class=\"wp-block-heading\" id=\"h-des-condamnations-tres-lourdes-en-premiere-instance\">Des condamnations tr\u00e8s lourdes en premi\u00e8re instance<\/h2>\n\n\n\n<p>L\u2019affaire du \u00ab Complot 2 \u00bb concerne plusieurs responsables politiques et anciens hauts cadres s\u00e9curitaires, parmi lesquels figurent notamment Rached Ghannouchi, pr\u00e9sident du mouvement Ennahdha.<\/p>\n\n\n\n<p>En juillet 2025, la cinqui\u00e8me chambre criminelle sp\u00e9cialis\u00e9e dans les affaires de terrorisme avait rendu ses jugements en premi\u00e8re instance. Les accus\u00e9s d\u00e9tenus avaient \u00e9cop\u00e9 de peines allant de 12 \u00e0 14 ans de prison, tandis que les pr\u00e9venus jug\u00e9s par contumace avaient \u00e9t\u00e9 condamn\u00e9s \u00e0 35 ans de r\u00e9clusion avec ex\u00e9cution imm\u00e9diate. La juridiction avait \u00e9galement ordonn\u00e9 la mise sous surveillance administrative de tous les condamn\u00e9s pour une dur\u00e9e de cinq ans.<\/p>\n\n\n\n<h2 class=\"wp-block-heading\" id=\"h-des-accusations-touchant-a-la-surete-de-l-etat\">Des accusations touchant \u00e0 la s\u00fbret\u00e9 de l\u2019\u00c9tat<\/h2>\n\n\n\n<p>Les poursuites portent sur des chefs d\u2019accusation particuli\u00e8rement graves, notamment la constitution d\u2019une entente terroriste, l\u2019utilisation du territoire national pour la pr\u00e9paration d\u2019actes terroristes, le recrutement et l\u2019entra\u00eenement de personnes \u00e0 des fins terroristes, ainsi que la divulgation et la diffusion d\u2019informations portant atteinte \u00e0 la s\u00fbret\u00e9 int\u00e9rieure de l\u2019\u00c9tat.<\/p>\n\n\n\n<p><\/p>\n\n\n\n<blockquote class=\"wp-block-quote is-layout-flow wp-block-quote-is-layout-flow\">\n<blockquote class=\"wp-block-quote is-layout-flow wp-block-quote-is-layout-flow\">\n<p>Lire aussi :<\/p>\n\n\n\n<ul class=\"wp-block-list\">\n<li><a href=\"https:\/\/www.webdo.tn\/fr\/actualite\/national\/complot-contre-la-surete-de-letat-2-lexamen-de-laffaire-reporte\/389971\/\">\u00ab Complot contre la s\u00fbret\u00e9 de l\u2019\u00c9tat 2 \u00bb : L\u2019examen de l\u2019affaire report\u00e9<\/a><\/li>\n\n\n\n<li><a href=\"https:\/\/www.webdo.tn\/fr\/actualite\/national\/tunisie-affaire-du-complot-la-liste-complete-des-37-condamnes-publiee-par-la-tap\/221397\/\">Tunisie \u2013 Affaire du complot : la liste compl\u00e8te des 37 condamn\u00e9s<\/a><\/li>\n\n\n\n<li><a href=\"https:\/\/www.webdo.tn\/fr\/actualite\/national\/tunisie-affaire-de-complot-des-peines-de-prison-allant-de-13-a-66-ans-prononcees-contre-les-accuses\/221382\/\">Tunisie \u2013 Affaire de \u00ab\u00a0complot\u00a0\u00bb : Des peines de prison allant de 13 \u00e0 66 ans prononc\u00e9es contre les accus\u00e9s<\/a><\/li>\n<\/ul>\n<\/blockquote>\n<\/blockquote>\n","protected":false},"excerpt":{"rendered":"<p>La chambre criminelle sp\u00e9cialis\u00e9e dans les affaires de terrorisme pr\u00e8s la Cour d\u2019appel de Tunis a d\u00e9cid\u00e9, lundi, de reporter au 2 f\u00e9vrier prochain l\u2019examen de l\u2019affaire dite du \u00ab Complot 2 \u00bb, un dossier lourd impliquant plusieurs figures politiques et s\u00e9curitaires de premier plan. La juridiction a \u00e9galement mis l\u2019affaire en d\u00e9lib\u00e9r\u00e9 afin de [&hellip;]<\/p>\n","protected":false},"author":4782,"featured_media":390373,"comment_status":"closed","ping_status":"closed","sticky":false,"template":"","format":"standard","meta":{"footnotes":""},"categories":[44],"tags":[2682,2619,2608],"class_list":["post-391604","post","type-post","status-publish","format-standard","has-post-thumbnail","hentry","category-national","tag-complot-contre-la-surete-de-letat-2","tag-justice","tag-tunisie"],"yoast_head":"<!-- This site is optimized with the Yoast SEO Premium plugin v27.5 (Yoast SEO v27.5) - https:\/\/yoast.com\/product\/yoast-seo-premium-wordpress\/ -->\n<title>Affaire du &quot;Complot 2&quot; : La justice reporte l\u2019examen du dossier au 2 f\u00e9vrier - webdo<\/title>\n<meta name=\"description\" content=\"Comprenez les raisons du report de l\u2019affaire du &#039;Complot 2&#039; au 2 f\u00e9vrier. Un dossier qui implique des personnalit\u00e9s cl\u00e9s.\" \/>\n<link rel=\"canonical\" href=\"https:\/\/www.webdo.tn\/fr\/actualite\/national\/affaire-du-complot-2-la-justice-reporte-lexamen-du-dossier-au-2-fevrier\/391604\/\" \/>\n<meta property=\"og:locale\" content=\"fr_FR\" \/>\n<meta property=\"og:type\" content=\"article\" \/>\n<meta property=\"og:title\" content=\"Affaire du &quot;Complot 2&quot; : La justice reporte l\u2019examen du dossier au 2 f\u00e9vrier\" \/>\n<meta property=\"og:description\" content=\"Comprenez les raisons du report de l\u2019affaire du &#039;Complot 2&#039; au 2 f\u00e9vrier. Un dossier qui implique des personnalit\u00e9s cl\u00e9s.\" \/>\n<meta property=\"og:url\" content=\"https:\/\/www.webdo.tn\/fr\/actualite\/national\/affaire-du-complot-2-la-justice-reporte-lexamen-du-dossier-au-2-fevrier\/391604\/\" \/>\n<meta property=\"og:site_name\" content=\"webdo\" \/>\n<meta property=\"article:publisher\" content=\"https:\/\/www.facebook.com\/webdotn\" \/>\n<meta property=\"article:published_time\" content=\"2026-01-19T13:49:20+00:00\" \/>\n<meta property=\"article:modified_time\" content=\"2026-01-19T13:57:47+00:00\" \/>\n<meta property=\"og:image\" content=\"https:\/\/www.webdo.tn\/fr\/wp-content\/uploads\/2025\/12\/Justice-e1767725172794.jpg\" \/>\n\t<meta property=\"og:image:width\" content=\"1200\" \/>\n\t<meta property=\"og:image:height\" content=\"600\" \/>\n\t<meta property=\"og:image:type\" content=\"image\/jpeg\" \/>\n<meta name=\"author\" content=\"Mohamed Fethi\" \/>\n<meta name=\"twitter:card\" content=\"summary_large_image\" \/>\n<meta name=\"twitter:creator\" content=\"@webdo_tn\" \/>\n<meta name=\"twitter:site\" content=\"@webdo_tn\" \/>\n<meta name=\"twitter:label1\" content=\"\u00c9crit par\" \/>\n\t<meta name=\"twitter:data1\" content=\"Mohamed Fethi\" \/>\n\t<meta name=\"twitter:label2\" content=\"Dur\u00e9e de lecture estim\u00e9e\" \/>\n\t<meta name=\"twitter:data2\" content=\"2 minutes\" \/>\n<script type=\"application\/ld+json\" class=\"yoast-schema-graph\">{\"@context\":\"https:\\\/\\\/schema.org\",\"@graph\":[{\"@type\":\"NewsArticle\",\"@id\":\"https:\\\/\\\/www.webdo.tn\\\/fr\\\/actualite\\\/national\\\/affaire-du-complot-2-la-justice-reporte-lexamen-du-dossier-au-2-fevrier\\\/391604\\\/#article\",\"isPartOf\":{\"@id\":\"https:\\\/\\\/www.webdo.tn\\\/fr\\\/actualite\\\/national\\\/affaire-du-complot-2-la-justice-reporte-lexamen-du-dossier-au-2-fevrier\\\/391604\\\/\"},\"author\":{\"name\":\"Mohamed Fethi\",\"@id\":\"https:\\\/\\\/www.webdo.tn\\\/fr\\\/#\\\/schema\\\/person\\\/16a4857e77dfc0b610c4c2cadffc9ac4\"},\"headline\":\"Affaire du \u00ab\u00a0Complot 2\u00a0\u00bb : La justice reporte l\u2019examen du dossier au 2 f\u00e9vrier\",\"datePublished\":\"2026-01-19T13:49:20+00:00\",\"dateModified\":\"2026-01-19T13:57:47+00:00\",\"mainEntityOfPage\":{\"@id\":\"https:\\\/\\\/www.webdo.tn\\\/fr\\\/actualite\\\/national\\\/affaire-du-complot-2-la-justice-reporte-lexamen-du-dossier-au-2-fevrier\\\/391604\\\/\"},\"wordCount\":390,\"publisher\":{\"@id\":\"https:\\\/\\\/www.webdo.tn\\\/fr\\\/#organization\"},\"image\":{\"@id\":\"https:\\\/\\\/www.webdo.tn\\\/fr\\\/actualite\\\/national\\\/affaire-du-complot-2-la-justice-reporte-lexamen-du-dossier-au-2-fevrier\\\/391604\\\/#primaryimage\"},\"thumbnailUrl\":\"https:\\\/\\\/www.webdo.tn\\\/fr\\\/wp-content\\\/uploads\\\/2025\\\/12\\\/Justice-e1767725172794.jpg\",\"keywords\":[\"Complot contre la s\u00fbret\u00e9 de l\u2019\u00c9tat 2\",\"justice\",\"Tunisie\"],\"articleSection\":[\"National\"],\"inLanguage\":\"fr-FR\"},{\"@type\":\"WebPage\",\"@id\":\"https:\\\/\\\/www.webdo.tn\\\/fr\\\/actualite\\\/national\\\/affaire-du-complot-2-la-justice-reporte-lexamen-du-dossier-au-2-fevrier\\\/391604\\\/\",\"url\":\"https:\\\/\\\/www.webdo.tn\\\/fr\\\/actualite\\\/national\\\/affaire-du-complot-2-la-justice-reporte-lexamen-du-dossier-au-2-fevrier\\\/391604\\\/\",\"name\":\"Affaire du \\\"Complot 2\\\" : La justice reporte l\u2019examen du dossier au 2 f\u00e9vrier - webdo\",\"isPartOf\":{\"@id\":\"https:\\\/\\\/www.webdo.tn\\\/fr\\\/#website\"},\"primaryImageOfPage\":{\"@id\":\"https:\\\/\\\/www.webdo.tn\\\/fr\\\/actualite\\\/national\\\/affaire-du-complot-2-la-justice-reporte-lexamen-du-dossier-au-2-fevrier\\\/391604\\\/#primaryimage\"},\"image\":{\"@id\":\"https:\\\/\\\/www.webdo.tn\\\/fr\\\/actualite\\\/national\\\/affaire-du-complot-2-la-justice-reporte-lexamen-du-dossier-au-2-fevrier\\\/391604\\\/#primaryimage\"},\"thumbnailUrl\":\"https:\\\/\\\/www.webdo.tn\\\/fr\\\/wp-content\\\/uploads\\\/2025\\\/12\\\/Justice-e1767725172794.jpg\",\"datePublished\":\"2026-01-19T13:49:20+00:00\",\"dateModified\":\"2026-01-19T13:57:47+00:00\",\"description\":\"Comprenez les raisons du report de l\u2019affaire du 'Complot 2' au 2 f\u00e9vrier. Un dossier qui implique des personnalit\u00e9s cl\u00e9s.\",\"breadcrumb\":{\"@id\":\"https:\\\/\\\/www.webdo.tn\\\/fr\\\/actualite\\\/national\\\/affaire-du-complot-2-la-justice-reporte-lexamen-du-dossier-au-2-fevrier\\\/391604\\\/#breadcrumb\"},\"inLanguage\":\"fr-FR\",\"potentialAction\":[{\"@type\":\"ReadAction\",\"target\":[\"https:\\\/\\\/www.webdo.tn\\\/fr\\\/actualite\\\/national\\\/affaire-du-complot-2-la-justice-reporte-lexamen-du-dossier-au-2-fevrier\\\/391604\\\/\"]}]},{\"@type\":\"ImageObject\",\"inLanguage\":\"fr-FR\",\"@id\":\"https:\\\/\\\/www.webdo.tn\\\/fr\\\/actualite\\\/national\\\/affaire-du-complot-2-la-justice-reporte-lexamen-du-dossier-au-2-fevrier\\\/391604\\\/#primaryimage\",\"url\":\"https:\\\/\\\/www.webdo.tn\\\/fr\\\/wp-content\\\/uploads\\\/2025\\\/12\\\/Justice-e1767725172794.jpg\",\"contentUrl\":\"https:\\\/\\\/www.webdo.tn\\\/fr\\\/wp-content\\\/uploads\\\/2025\\\/12\\\/Justice-e1767725172794.jpg\",\"width\":1200,\"height\":600,\"caption\":\"Tunisie : 60 ans de prison pour la cheffe d\u2019un r\u00e9seau de falsification de biens fonciers publics\"},{\"@type\":\"BreadcrumbList\",\"@id\":\"https:\\\/\\\/www.webdo.tn\\\/fr\\\/actualite\\\/national\\\/affaire-du-complot-2-la-justice-reporte-lexamen-du-dossier-au-2-fevrier\\\/391604\\\/#breadcrumb\",\"itemListElement\":[{\"@type\":\"ListItem\",\"position\":1,\"name\":\"Accueil\",\"item\":\"https:\\\/\\\/www.webdo.tn\\\/fr\\\/\"},{\"@type\":\"ListItem\",\"position\":2,\"name\":\"Affaire du \u00ab\u00a0Complot 2\u00a0\u00bb : La justice reporte l\u2019examen du dossier au 2 f\u00e9vrier\"}]},{\"@type\":\"WebSite\",\"@id\":\"https:\\\/\\\/www.webdo.tn\\\/fr\\\/#website\",\"url\":\"https:\\\/\\\/www.webdo.tn\\\/fr\\\/\",\"name\":\"webdo\",\"description\":\"Tunisie - News en Tunisie et \u00e0 l&#039;international sur Webdo.tn\",\"publisher\":{\"@id\":\"https:\\\/\\\/www.webdo.tn\\\/fr\\\/#organization\"},\"potentialAction\":[{\"@type\":\"SearchAction\",\"target\":{\"@type\":\"EntryPoint\",\"urlTemplate\":\"https:\\\/\\\/www.webdo.tn\\\/fr\\\/?s={search_term_string}\"},\"query-input\":{\"@type\":\"PropertyValueSpecification\",\"valueRequired\":true,\"valueName\":\"search_term_string\"}}],\"inLanguage\":\"fr-FR\"},{\"@type\":\"Organization\",\"@id\":\"https:\\\/\\\/www.webdo.tn\\\/fr\\\/#organization\",\"name\":\"Webdo\",\"alternateName\":\"Webdo.tn\",\"url\":\"https:\\\/\\\/www.webdo.tn\\\/fr\\\/\",\"logo\":{\"@type\":\"ImageObject\",\"inLanguage\":\"fr-FR\",\"@id\":\"https:\\\/\\\/www.webdo.tn\\\/fr\\\/#\\\/schema\\\/logo\\\/image\\\/\",\"url\":\"https:\\\/\\\/www.webdo.tn\\\/fr\\\/wp-content\\\/uploads\\\/2025\\\/06\\\/Webdo-Tunisie_168377.jpg\",\"contentUrl\":\"https:\\\/\\\/www.webdo.tn\\\/fr\\\/wp-content\\\/uploads\\\/2025\\\/06\\\/Webdo-Tunisie_168377.jpg\",\"width\":301,\"height\":301,\"caption\":\"Webdo\"},\"image\":{\"@id\":\"https:\\\/\\\/www.webdo.tn\\\/fr\\\/#\\\/schema\\\/logo\\\/image\\\/\"},\"sameAs\":[\"https:\\\/\\\/www.facebook.com\\\/webdotn\",\"https:\\\/\\\/x.com\\\/webdo_tn\"],\"description\":\"Webdo est un m\u00e9dia num\u00e9rique tunisien fond\u00e9 en 2010, sp\u00e9cialis\u00e9 dans l\u2019actualit\u00e9 nationale et internationale, l\u2019\u00e9conomie, la soci\u00e9t\u00e9 et les analyses politiques. Le site s\u2019adresse \u00e0 un large public francophone et couvre l\u2019information tunisienne en temps r\u00e9el.\",\"email\":\"redac@webdo.tn\",\"legalName\":\"YNJ SARL\",\"foundingDate\":\"2010-09-06\",\"numberOfEmployees\":{\"@type\":\"QuantitativeValue\",\"minValue\":\"11\",\"maxValue\":\"50\"}},{\"@type\":\"Person\",\"@id\":\"https:\\\/\\\/www.webdo.tn\\\/fr\\\/#\\\/schema\\\/person\\\/16a4857e77dfc0b610c4c2cadffc9ac4\",\"name\":\"Mohamed Fethi\",\"image\":{\"@type\":\"ImageObject\",\"inLanguage\":\"fr-FR\",\"@id\":\"https:\\\/\\\/www.webdo.tn\\\/fr\\\/wp-content\\\/uploads\\\/2026\\\/04\\\/mohamed-fethi_avatar_1-96x96.jpg\",\"url\":\"https:\\\/\\\/www.webdo.tn\\\/fr\\\/wp-content\\\/uploads\\\/2026\\\/04\\\/mohamed-fethi_avatar_1-96x96.jpg\",\"contentUrl\":\"https:\\\/\\\/www.webdo.tn\\\/fr\\\/wp-content\\\/uploads\\\/2026\\\/04\\\/mohamed-fethi_avatar_1-96x96.jpg\",\"caption\":\"Mohamed Fethi\"},\"description\":\"Signature \u00e9ditoriale de Maher Chaabane Mohamed Fethi est le pseudonyme \u00e9ditorial de Maher Chaabane, r\u00e9dacteur en chef de Webdo.tn depuis 2012. Cette signature est d\u00e9di\u00e9e au traitement intensif de l'actualit\u00e9 nationale et internationale en temps r\u00e9el. S'appuyant sur les deux d\u00e9cennies d'expertise journalistique de Maher Chaabane \u2014 d\u00e9but\u00e9e au sein du groupe Tunis Hebdo en 2000 \u2014 Mohamed Fethi assure une veille rigoureuse sur les enjeux politiques, \u00e9conomiques et sportifs. Sa mission est de garantir une information structur\u00e9e, fluide et fid\u00e8le aux standards de la r\u00e9daction. Pour consulter le parcours complet du r\u00e9dacteur en chef, visitez le profil officiel de Maher Chaabane.\",\"knowsAbout\":[\"actualit\u00e9\",\"journalisme\",\"information\",\"politique\",\"sport\",\"m\u00e9dias\",\"actualit\u00e9 internationale\"],\"knowsLanguage\":[\"Fran\u00e7ais\",\"Arabe\"],\"jobTitle\":\"Journaliste \u2013 R\u00e9daction Webdo\",\"worksFor\":\"Webdo.tn\",\"url\":\"https:\\\/\\\/www.webdo.tn\\\/fr\\\/actualite\\\/author\\\/mohamed-fethi\\\/\"}]}<\/script>\n<!-- \/ Yoast SEO Premium plugin. -->","yoast_head_json":{"title":"Affaire du \"Complot 2\" : La justice reporte l\u2019examen du dossier au 2 f\u00e9vrier - webdo","description":"Comprenez les raisons du report de l\u2019affaire du 'Complot 2' au 2 f\u00e9vrier. Un dossier qui implique des personnalit\u00e9s cl\u00e9s.","canonical":"https:\/\/www.webdo.tn\/fr\/actualite\/national\/affaire-du-complot-2-la-justice-reporte-lexamen-du-dossier-au-2-fevrier\/391604\/","og_locale":"fr_FR","og_type":"article","og_title":"Affaire du \"Complot 2\" : La justice reporte l\u2019examen du dossier au 2 f\u00e9vrier","og_description":"Comprenez les raisons du report de l\u2019affaire du 'Complot 2' au 2 f\u00e9vrier. Un dossier qui implique des personnalit\u00e9s cl\u00e9s.","og_url":"https:\/\/www.webdo.tn\/fr\/actualite\/national\/affaire-du-complot-2-la-justice-reporte-lexamen-du-dossier-au-2-fevrier\/391604\/","og_site_name":"webdo","article_publisher":"https:\/\/www.facebook.com\/webdotn","article_published_time":"2026-01-19T13:49:20+00:00","article_modified_time":"2026-01-19T13:57:47+00:00","og_image":[{"width":1200,"height":600,"url":"https:\/\/www.webdo.tn\/fr\/wp-content\/uploads\/2025\/12\/Justice-e1767725172794.jpg","type":"image\/jpeg"}],"author":"Mohamed Fethi","twitter_card":"summary_large_image","twitter_creator":"@webdo_tn","twitter_site":"@webdo_tn","twitter_misc":{"\u00c9crit par":"Mohamed Fethi","Dur\u00e9e de lecture estim\u00e9e":"2 minutes"},"schema":{"@context":"https:\/\/schema.org","@graph":[{"@type":"NewsArticle","@id":"https:\/\/www.webdo.tn\/fr\/actualite\/national\/affaire-du-complot-2-la-justice-reporte-lexamen-du-dossier-au-2-fevrier\/391604\/#article","isPartOf":{"@id":"https:\/\/www.webdo.tn\/fr\/actualite\/national\/affaire-du-complot-2-la-justice-reporte-lexamen-du-dossier-au-2-fevrier\/391604\/"},"author":{"name":"Mohamed Fethi","@id":"https:\/\/www.webdo.tn\/fr\/#\/schema\/person\/16a4857e77dfc0b610c4c2cadffc9ac4"},"headline":"Affaire du \u00ab\u00a0Complot 2\u00a0\u00bb : La justice reporte l\u2019examen du dossier au 2 f\u00e9vrier","datePublished":"2026-01-19T13:49:20+00:00","dateModified":"2026-01-19T13:57:47+00:00","mainEntityOfPage":{"@id":"https:\/\/www.webdo.tn\/fr\/actualite\/national\/affaire-du-complot-2-la-justice-reporte-lexamen-du-dossier-au-2-fevrier\/391604\/"},"wordCount":390,"publisher":{"@id":"https:\/\/www.webdo.tn\/fr\/#organization"},"image":{"@id":"https:\/\/www.webdo.tn\/fr\/actualite\/national\/affaire-du-complot-2-la-justice-reporte-lexamen-du-dossier-au-2-fevrier\/391604\/#primaryimage"},"thumbnailUrl":"https:\/\/www.webdo.tn\/fr\/wp-content\/uploads\/2025\/12\/Justice-e1767725172794.jpg","keywords":["Complot contre la s\u00fbret\u00e9 de l\u2019\u00c9tat 2","justice","Tunisie"],"articleSection":["National"],"inLanguage":"fr-FR"},{"@type":"WebPage","@id":"https:\/\/www.webdo.tn\/fr\/actualite\/national\/affaire-du-complot-2-la-justice-reporte-lexamen-du-dossier-au-2-fevrier\/391604\/","url":"https:\/\/www.webdo.tn\/fr\/actualite\/national\/affaire-du-complot-2-la-justice-reporte-lexamen-du-dossier-au-2-fevrier\/391604\/","name":"Affaire du \"Complot 2\" : La justice reporte l\u2019examen du dossier au 2 f\u00e9vrier - webdo","isPartOf":{"@id":"https:\/\/www.webdo.tn\/fr\/#website"},"primaryImageOfPage":{"@id":"https:\/\/www.webdo.tn\/fr\/actualite\/national\/affaire-du-complot-2-la-justice-reporte-lexamen-du-dossier-au-2-fevrier\/391604\/#primaryimage"},"image":{"@id":"https:\/\/www.webdo.tn\/fr\/actualite\/national\/affaire-du-complot-2-la-justice-reporte-lexamen-du-dossier-au-2-fevrier\/391604\/#primaryimage"},"thumbnailUrl":"https:\/\/www.webdo.tn\/fr\/wp-content\/uploads\/2025\/12\/Justice-e1767725172794.jpg","datePublished":"2026-01-19T13:49:20+00:00","dateModified":"2026-01-19T13:57:47+00:00","description":"Comprenez les raisons du report de l\u2019affaire du 'Complot 2' au 2 f\u00e9vrier. Un dossier qui implique des personnalit\u00e9s cl\u00e9s.","breadcrumb":{"@id":"https:\/\/www.webdo.tn\/fr\/actualite\/national\/affaire-du-complot-2-la-justice-reporte-lexamen-du-dossier-au-2-fevrier\/391604\/#breadcrumb"},"inLanguage":"fr-FR","potentialAction":[{"@type":"ReadAction","target":["https:\/\/www.webdo.tn\/fr\/actualite\/national\/affaire-du-complot-2-la-justice-reporte-lexamen-du-dossier-au-2-fevrier\/391604\/"]}]},{"@type":"ImageObject","inLanguage":"fr-FR","@id":"https:\/\/www.webdo.tn\/fr\/actualite\/national\/affaire-du-complot-2-la-justice-reporte-lexamen-du-dossier-au-2-fevrier\/391604\/#primaryimage","url":"https:\/\/www.webdo.tn\/fr\/wp-content\/uploads\/2025\/12\/Justice-e1767725172794.jpg","contentUrl":"https:\/\/www.webdo.tn\/fr\/wp-content\/uploads\/2025\/12\/Justice-e1767725172794.jpg","width":1200,"height":600,"caption":"Tunisie : 60 ans de prison pour la cheffe d\u2019un r\u00e9seau de falsification de biens fonciers publics"},{"@type":"BreadcrumbList","@id":"https:\/\/www.webdo.tn\/fr\/actualite\/national\/affaire-du-complot-2-la-justice-reporte-lexamen-du-dossier-au-2-fevrier\/391604\/#breadcrumb","itemListElement":[{"@type":"ListItem","position":1,"name":"Accueil","item":"https:\/\/www.webdo.tn\/fr\/"},{"@type":"ListItem","position":2,"name":"Affaire du \u00ab\u00a0Complot 2\u00a0\u00bb : La justice reporte l\u2019examen du dossier au 2 f\u00e9vrier"}]},{"@type":"WebSite","@id":"https:\/\/www.webdo.tn\/fr\/#website","url":"https:\/\/www.webdo.tn\/fr\/","name":"webdo","description":"Tunisie - News en Tunisie et \u00e0 l&#039;international sur Webdo.tn","publisher":{"@id":"https:\/\/www.webdo.tn\/fr\/#organization"},"potentialAction":[{"@type":"SearchAction","target":{"@type":"EntryPoint","urlTemplate":"https:\/\/www.webdo.tn\/fr\/?s={search_term_string}"},"query-input":{"@type":"PropertyValueSpecification","valueRequired":true,"valueName":"search_term_string"}}],"inLanguage":"fr-FR"},{"@type":"Organization","@id":"https:\/\/www.webdo.tn\/fr\/#organization","name":"Webdo","alternateName":"Webdo.tn","url":"https:\/\/www.webdo.tn\/fr\/","logo":{"@type":"ImageObject","inLanguage":"fr-FR","@id":"https:\/\/www.webdo.tn\/fr\/#\/schema\/logo\/image\/","url":"https:\/\/www.webdo.tn\/fr\/wp-content\/uploads\/2025\/06\/Webdo-Tunisie_168377.jpg","contentUrl":"https:\/\/www.webdo.tn\/fr\/wp-content\/uploads\/2025\/06\/Webdo-Tunisie_168377.jpg","width":301,"height":301,"caption":"Webdo"},"image":{"@id":"https:\/\/www.webdo.tn\/fr\/#\/schema\/logo\/image\/"},"sameAs":["https:\/\/www.facebook.com\/webdotn","https:\/\/x.com\/webdo_tn"],"description":"Webdo est un m\u00e9dia num\u00e9rique tunisien fond\u00e9 en 2010, sp\u00e9cialis\u00e9 dans l\u2019actualit\u00e9 nationale et internationale, l\u2019\u00e9conomie, la soci\u00e9t\u00e9 et les analyses politiques. Le site s\u2019adresse \u00e0 un large public francophone et couvre l\u2019information tunisienne en temps r\u00e9el.","email":"redac@webdo.tn","legalName":"YNJ SARL","foundingDate":"2010-09-06","numberOfEmployees":{"@type":"QuantitativeValue","minValue":"11","maxValue":"50"}},{"@type":"Person","@id":"https:\/\/www.webdo.tn\/fr\/#\/schema\/person\/16a4857e77dfc0b610c4c2cadffc9ac4","name":"Mohamed Fethi","image":{"@type":"ImageObject","inLanguage":"fr-FR","@id":"https:\/\/www.webdo.tn\/fr\/wp-content\/uploads\/2026\/04\/mohamed-fethi_avatar_1-96x96.jpg","url":"https:\/\/www.webdo.tn\/fr\/wp-content\/uploads\/2026\/04\/mohamed-fethi_avatar_1-96x96.jpg","contentUrl":"https:\/\/www.webdo.tn\/fr\/wp-content\/uploads\/2026\/04\/mohamed-fethi_avatar_1-96x96.jpg","caption":"Mohamed Fethi"},"description":"Signature \u00e9ditoriale de Maher Chaabane Mohamed Fethi est le pseudonyme \u00e9ditorial de Maher Chaabane, r\u00e9dacteur en chef de Webdo.tn depuis 2012. Cette signature est d\u00e9di\u00e9e au traitement intensif de l'actualit\u00e9 nationale et internationale en temps r\u00e9el. S'appuyant sur les deux d\u00e9cennies d'expertise journalistique de Maher Chaabane \u2014 d\u00e9but\u00e9e au sein du groupe Tunis Hebdo en 2000 \u2014 Mohamed Fethi assure une veille rigoureuse sur les enjeux politiques, \u00e9conomiques et sportifs. Sa mission est de garantir une information structur\u00e9e, fluide et fid\u00e8le aux standards de la r\u00e9daction. Pour consulter le parcours complet du r\u00e9dacteur en chef, visitez le profil officiel de Maher Chaabane.","knowsAbout":["actualit\u00e9","journalisme","information","politique","sport","m\u00e9dias","actualit\u00e9 internationale"],"knowsLanguage":["Fran\u00e7ais","Arabe"],"jobTitle":"Journaliste \u2013 R\u00e9daction Webdo","worksFor":"Webdo.tn","url":"https:\/\/www.webdo.tn\/fr\/actualite\/author\/mohamed-fethi\/"}]}},"_links":{"self":[{"href":"https:\/\/www.webdo.tn\/fr\/wp-json\/wp\/v2\/posts\/391604","targetHints":{"allow":["GET"]}}],"collection":[{"href":"https:\/\/www.webdo.tn\/fr\/wp-json\/wp\/v2\/posts"}],"about":[{"href":"https:\/\/www.webdo.tn\/fr\/wp-json\/wp\/v2\/types\/post"}],"author":[{"embeddable":true,"href":"https:\/\/www.webdo.tn\/fr\/wp-json\/wp\/v2\/users\/4782"}],"replies":[{"embeddable":true,"href":"https:\/\/www.webdo.tn\/fr\/wp-json\/wp\/v2\/comments?post=391604"}],"version-history":[{"count":0,"href":"https:\/\/www.webdo.tn\/fr\/wp-json\/wp\/v2\/posts\/391604\/revisions"}],"wp:featuredmedia":[{"embeddable":true,"href":"https:\/\/www.webdo.tn\/fr\/wp-json\/wp\/v2\/media\/390373"}],"wp:attachment":[{"href":"https:\/\/www.webdo.tn\/fr\/wp-json\/wp\/v2\/media?parent=391604"}],"wp:term":[{"taxonomy":"category","embeddable":true,"href":"https:\/\/www.webdo.tn\/fr\/wp-json\/wp\/v2\/categories?post=391604"},{"taxonomy":"post_tag","embeddable":true,"href":"https:\/\/www.webdo.tn\/fr\/wp-json\/wp\/v2\/tags?post=391604"}],"curies":[{"name":"wp","href":"https:\/\/api.w.org\/{rel}","templated":true}]}}