{"id":391510,"date":"2026-01-17T08:59:51","date_gmt":"2026-01-17T07:59:51","guid":{"rendered":"https:\/\/www.webdo.tn\/fr\/?p=391510"},"modified":"2026-01-17T09:54:49","modified_gmt":"2026-01-17T08:54:49","slug":"ligue-1-16eme-journee-las-marsa-defie-le-club-africain","status":"publish","type":"post","link":"https:\/\/www.webdo.tn\/fr\/actualite\/sport\/ligue-1-16eme-journee-las-marsa-defie-le-club-africain\/391510\/","title":{"rendered":"Ligue 1 | 16\u00e8me journ\u00e9e : L\u2019AS Marsa d\u00e9fie le Club Africain"},"content":{"rendered":"\n<p><strong>La 16e journ\u00e9e du championnat de Ligue 1 tunisienne se referme ce samedi avec trois rencontres \u00e0 forts enjeux. Entre l\u2019affiche tr\u00e8s attendue opposant l\u2019AS Marsa au Club Africain, la bataille du milieu de tableau \u00e0 Bizerte et la premi\u00e8re sortie de Mohamed Mkacher sur le banc \u00e9toil\u00e9, cette journ\u00e9e pourrait peser lourd dans la hi\u00e9rarchie du championnat.<\/strong><\/p>\n\n\n\n<h2 class=\"wp-block-heading\" id=\"h-le-ca-sous-obligation-de-resultats\">Le CA sous obligation de r\u00e9sultats<\/h2>\n\n\n\n<p>Le stade Abdelaziz Chtioui sera le th\u00e9\u00e2tre du choc du jour entre une AS Marsa ambitieuse et un Club Africain toujours lanc\u00e9 dans la course au titre. Neuvi\u00e8mes avec 19 points en 15 rencontres, les Marsois ont l\u2019occasion de frapper un grand coup devant leur public face \u00e0 l\u2019un des cadors du championnat. Solides \u00e0 domicile, ils veulent confirmer leur capacit\u00e9 \u00e0 bousculer les \u00e9quipes du haut de tableau.<\/p>\n\n\n\n<p>En face, le Club Africain se pr\u00e9sente avec le statut de dauphin et une pression constante sur le leader. Deuxi\u00e8me avec 31 points en 15 matches, le club de Bab Jedid n\u2019a plus droit \u00e0 l\u2019erreur s\u2019il veut rester au contact de l\u2019Esp\u00e9rance.<\/p>\n\n\n\n<h2 class=\"wp-block-heading\" id=\"h-le-cab-en-quete-d-air\">Le CAB en qu\u00eate d\u2019air<\/h2>\n\n\n\n<p>\u00c0 Bizerte, le Club Athl\u00e9tique Bizertin tentera de se donner un peu d\u2019air dans une saison jusque-l\u00e0 irr\u00e9guli\u00e8re. Onzi\u00e8mes avec 16 points, les Nordistes re\u00e7oivent une \u00e9quipe de M\u00e9tlaoui plus stable dans ses r\u00e9sultats et actuellement install\u00e9e \u00e0 la septi\u00e8me place avec 23 unit\u00e9s. Une victoire permettrait au CAB de s\u2019\u00e9loigner de la zone inconfortable du classement.<\/p>\n\n\n\n<h2 class=\"wp-block-heading\" id=\"h-premiere-de-mkacher\">Premi\u00e8re de Mkacher<\/h2>\n\n\n\n<p>\u00c0 Sousse enfin, l\u2019\u00c9toile du Sahel joue d\u00e9j\u00e0 un tournant important de sa saison. Huiti\u00e8mes avec 19 points apr\u00e8s 15 journ\u00e9es, les \u00c9toil\u00e9s accueillent la JS Omrane dans un contexte particulier : ce sera la premi\u00e8re apparition de Mohamed Mkacher sur le banc. L\u2019objectif est clair : renouer avec la victoire et recoller au peloton de t\u00eate. En face, la JS Omrane, 12e avec 16 points, cherchera avant tout \u00e0 s\u2019\u00e9loigner de la zone dangereuse.<\/p>\n\n\n\n<p>Au sommet du classement, l\u2019Esp\u00e9rance de Tunis m\u00e8ne la danse avec 37 points en 16 matches, devant le Club Africain et le Stade Tunisien, tous deux \u00e0 31 points, mais avec un match en moins pour les Clubistes. Le CS Sfaxien suit avec 29 points, tandis que l\u2019US Monastirienne compl\u00e8te le top 5 avec 27 unit\u00e9s. Autant dire que chaque point compte d\u00e9sormais dans une course au titre et aux places d\u2019honneur plus serr\u00e9e que jamais.<\/p>\n\n\n\n<p>Jeudi 15 janvier<\/p>\n\n\n\n<ul class=\"wp-block-list\">\n<li>Esp\u00e9rance de Tunis \u2013 AS Gabes 2-1<\/li>\n\n\n\n<li>AS Soliman \u2013 JS Kairouanaise 0-0<\/li>\n<\/ul>\n\n\n\n<p>Vendredi 16 janvier<\/p>\n\n\n\n<ul class=\"wp-block-list\">\n<li>Stade Tunisien \u2013 US Monastirienne 0-0<\/li>\n\n\n\n<li>Olympique de B\u00e9ja \u2013 US Ben Guerdane (2-2<\/li>\n\n\n\n<li>Esp\u00e9rance de Zarzis \u2013 CS Sfaxien 0-2<\/li>\n<\/ul>\n\n\n\n<p>Samedi 17 janvier (14h00)<\/p>\n\n\n\n<ul class=\"wp-block-list\">\n<li>AS Marsa \u2013 Club Africain (Watania 1)<\/li>\n\n\n\n<li>CA Bizertin \u2013 ES M\u00e9tlaoui (Watania 2 en diff\u00e9r\u00e9 \u00e0 16h00)<\/li>\n\n\n\n<li>Etoile du Sahel \u2013 JS Omrane (Watania 2)<\/li>\n<\/ul>\n\n\n\n<p><\/p>\n\n\n\n<blockquote class=\"wp-block-quote is-layout-flow wp-block-quote-is-layout-flow\">\n<blockquote class=\"wp-block-quote is-layout-flow wp-block-quote-is-layout-flow\">\n<p><strong>Lire aussi :<\/strong><\/p>\n\n\n\n<ul class=\"wp-block-list\">\n<li><a href=\"https:\/\/www.webdo.tn\/fr\/actualite\/sport\/ligue-1-16eme-journee-lesperance-assure-lessentiel-face-a-las-gabes\/391405\/\">Ligue 1 | 16\u00e8me journ\u00e9e : L\u2019Esp\u00e9rance assure l\u2019essentiel face \u00e0 l\u2019AS Gab\u00e8s<\/a><\/li>\n\n\n\n<li><a href=\"https:\/\/www.webdo.tn\/fr\/actualite\/sport\/ligue-1-le-grand-cirque-reprend\/391302\/\">Ligue 1 : Le grand cirque reprend !<\/a><\/li>\n\n\n\n<li><a href=\"https:\/\/www.webdo.tn\/fr\/actualite\/sport\/ligue-1-le-grand-cirque-reprend\/391302\/\">Ligue 1 : Le grand cirque reprend !<\/a><\/li>\n<\/ul>\n<\/blockquote>\n<\/blockquote>\n","protected":false},"excerpt":{"rendered":"<p>La 16e journ\u00e9e du championnat de Ligue 1 tunisienne se referme ce samedi avec trois rencontres \u00e0 forts enjeux. Entre l\u2019affiche tr\u00e8s attendue opposant l\u2019AS Marsa au Club Africain, la bataille du milieu de tableau \u00e0 Bizerte et la premi\u00e8re sortie de Mohamed Mkacher sur le banc \u00e9toil\u00e9, cette journ\u00e9e pourrait peser lourd dans la [&hellip;]<\/p>\n","protected":false},"author":4782,"featured_media":391511,"comment_status":"closed","ping_status":"closed","sticky":false,"template":"","format":"standard","meta":{"footnotes":""},"categories":[2593],"tags":[3738,2622,2777,2608],"class_list":["post-391510","post","type-post","status-publish","format-standard","has-post-thumbnail","hentry","category-sport","tag-championnat-de-tunisie","tag-football","tag-ligue-1","tag-tunisie"],"yoast_head":"<!-- This site is optimized with the Yoast SEO Premium plugin v27.4 (Yoast SEO v27.5) - https:\/\/yoast.com\/product\/yoast-seo-premium-wordpress\/ -->\n<title>Ligue 1 | 16\u00e8me journ\u00e9e : L\u2019AS Marsa d\u00e9fie le Club Africain - webdo<\/title>\n<meta name=\"description\" content=\"Revivez la 16\u00e8me journ\u00e9e de la Ligue 1 o\u00f9 l&#039;AS Marsa d\u00e9fie le Club Africain dans un match d\u00e9cisif au championnat.\" \/>\n<link rel=\"canonical\" href=\"https:\/\/www.webdo.tn\/fr\/actualite\/sport\/ligue-1-16eme-journee-las-marsa-defie-le-club-africain\/391510\/\" \/>\n<meta property=\"og:locale\" content=\"fr_FR\" \/>\n<meta property=\"og:type\" content=\"article\" \/>\n<meta property=\"og:title\" content=\"Ligue 1 | 16\u00e8me journ\u00e9e : L\u2019AS Marsa d\u00e9fie le Club Africain\" \/>\n<meta property=\"og:description\" content=\"Revivez la 16\u00e8me journ\u00e9e de la Ligue 1 o\u00f9 l&#039;AS Marsa d\u00e9fie le Club Africain dans un match d\u00e9cisif au championnat.\" \/>\n<meta property=\"og:url\" content=\"https:\/\/www.webdo.tn\/fr\/actualite\/sport\/ligue-1-16eme-journee-las-marsa-defie-le-club-africain\/391510\/\" \/>\n<meta property=\"og:site_name\" content=\"webdo\" \/>\n<meta property=\"article:publisher\" content=\"https:\/\/www.facebook.com\/webdotn\" \/>\n<meta property=\"article:published_time\" content=\"2026-01-17T07:59:51+00:00\" \/>\n<meta property=\"article:modified_time\" content=\"2026-01-17T08:54:49+00:00\" \/>\n<meta property=\"og:image\" content=\"https:\/\/www.webdo.tn\/fr\/wp-content\/uploads\/2026\/01\/CA-ASM.jpg\" \/>\n\t<meta property=\"og:image:width\" content=\"1200\" \/>\n\t<meta property=\"og:image:height\" content=\"602\" \/>\n\t<meta property=\"og:image:type\" content=\"image\/jpeg\" \/>\n<meta name=\"author\" content=\"Mohamed Fethi\" \/>\n<meta name=\"twitter:card\" content=\"summary_large_image\" \/>\n<meta name=\"twitter:creator\" content=\"@webdo_tn\" \/>\n<meta name=\"twitter:site\" content=\"@webdo_tn\" \/>\n<meta name=\"twitter:label1\" content=\"\u00c9crit par\" \/>\n\t<meta name=\"twitter:data1\" content=\"Mohamed Fethi\" \/>\n\t<meta name=\"twitter:label2\" content=\"Dur\u00e9e de lecture estim\u00e9e\" \/>\n\t<meta name=\"twitter:data2\" content=\"3 minutes\" \/>\n<script type=\"application\/ld+json\" class=\"yoast-schema-graph\">{\"@context\":\"https:\\\/\\\/schema.org\",\"@graph\":[{\"@type\":\"NewsArticle\",\"@id\":\"https:\\\/\\\/www.webdo.tn\\\/fr\\\/actualite\\\/sport\\\/ligue-1-16eme-journee-las-marsa-defie-le-club-africain\\\/391510\\\/#article\",\"isPartOf\":{\"@id\":\"https:\\\/\\\/www.webdo.tn\\\/fr\\\/actualite\\\/sport\\\/ligue-1-16eme-journee-las-marsa-defie-le-club-africain\\\/391510\\\/\"},\"author\":{\"name\":\"Mohamed Fethi\",\"@id\":\"https:\\\/\\\/www.webdo.tn\\\/fr\\\/#\\\/schema\\\/person\\\/16a4857e77dfc0b610c4c2cadffc9ac4\"},\"headline\":\"Ligue 1 | 16\u00e8me journ\u00e9e : L\u2019AS Marsa d\u00e9fie le Club Africain\",\"datePublished\":\"2026-01-17T07:59:51+00:00\",\"dateModified\":\"2026-01-17T08:54:49+00:00\",\"mainEntityOfPage\":{\"@id\":\"https:\\\/\\\/www.webdo.tn\\\/fr\\\/actualite\\\/sport\\\/ligue-1-16eme-journee-las-marsa-defie-le-club-africain\\\/391510\\\/\"},\"wordCount\":515,\"publisher\":{\"@id\":\"https:\\\/\\\/www.webdo.tn\\\/fr\\\/#organization\"},\"image\":{\"@id\":\"https:\\\/\\\/www.webdo.tn\\\/fr\\\/actualite\\\/sport\\\/ligue-1-16eme-journee-las-marsa-defie-le-club-africain\\\/391510\\\/#primaryimage\"},\"thumbnailUrl\":\"https:\\\/\\\/www.webdo.tn\\\/fr\\\/wp-content\\\/uploads\\\/2026\\\/01\\\/CA-ASM.jpg\",\"keywords\":[\"championnat de tunisie\",\"football\",\"Ligue 1\",\"Tunisie\"],\"articleSection\":[\"Sport\"],\"inLanguage\":\"fr-FR\"},{\"@type\":\"WebPage\",\"@id\":\"https:\\\/\\\/www.webdo.tn\\\/fr\\\/actualite\\\/sport\\\/ligue-1-16eme-journee-las-marsa-defie-le-club-africain\\\/391510\\\/\",\"url\":\"https:\\\/\\\/www.webdo.tn\\\/fr\\\/actualite\\\/sport\\\/ligue-1-16eme-journee-las-marsa-defie-le-club-africain\\\/391510\\\/\",\"name\":\"Ligue 1 | 16\u00e8me journ\u00e9e : L\u2019AS Marsa d\u00e9fie le Club Africain - webdo\",\"isPartOf\":{\"@id\":\"https:\\\/\\\/www.webdo.tn\\\/fr\\\/#website\"},\"primaryImageOfPage\":{\"@id\":\"https:\\\/\\\/www.webdo.tn\\\/fr\\\/actualite\\\/sport\\\/ligue-1-16eme-journee-las-marsa-defie-le-club-africain\\\/391510\\\/#primaryimage\"},\"image\":{\"@id\":\"https:\\\/\\\/www.webdo.tn\\\/fr\\\/actualite\\\/sport\\\/ligue-1-16eme-journee-las-marsa-defie-le-club-africain\\\/391510\\\/#primaryimage\"},\"thumbnailUrl\":\"https:\\\/\\\/www.webdo.tn\\\/fr\\\/wp-content\\\/uploads\\\/2026\\\/01\\\/CA-ASM.jpg\",\"datePublished\":\"2026-01-17T07:59:51+00:00\",\"dateModified\":\"2026-01-17T08:54:49+00:00\",\"description\":\"Revivez la 16\u00e8me journ\u00e9e de la Ligue 1 o\u00f9 l'AS Marsa d\u00e9fie le Club Africain dans un match d\u00e9cisif au championnat.\",\"breadcrumb\":{\"@id\":\"https:\\\/\\\/www.webdo.tn\\\/fr\\\/actualite\\\/sport\\\/ligue-1-16eme-journee-las-marsa-defie-le-club-africain\\\/391510\\\/#breadcrumb\"},\"inLanguage\":\"fr-FR\",\"potentialAction\":[{\"@type\":\"ReadAction\",\"target\":[\"https:\\\/\\\/www.webdo.tn\\\/fr\\\/actualite\\\/sport\\\/ligue-1-16eme-journee-las-marsa-defie-le-club-africain\\\/391510\\\/\"]}]},{\"@type\":\"ImageObject\",\"inLanguage\":\"fr-FR\",\"@id\":\"https:\\\/\\\/www.webdo.tn\\\/fr\\\/actualite\\\/sport\\\/ligue-1-16eme-journee-las-marsa-defie-le-club-africain\\\/391510\\\/#primaryimage\",\"url\":\"https:\\\/\\\/www.webdo.tn\\\/fr\\\/wp-content\\\/uploads\\\/2026\\\/01\\\/CA-ASM.jpg\",\"contentUrl\":\"https:\\\/\\\/www.webdo.tn\\\/fr\\\/wp-content\\\/uploads\\\/2026\\\/01\\\/CA-ASM.jpg\",\"width\":1200,\"height\":602,\"caption\":\"Cr\u00e9dit : ClubAfricain.com\"},{\"@type\":\"BreadcrumbList\",\"@id\":\"https:\\\/\\\/www.webdo.tn\\\/fr\\\/actualite\\\/sport\\\/ligue-1-16eme-journee-las-marsa-defie-le-club-africain\\\/391510\\\/#breadcrumb\",\"itemListElement\":[{\"@type\":\"ListItem\",\"position\":1,\"name\":\"Accueil\",\"item\":\"https:\\\/\\\/www.webdo.tn\\\/fr\\\/\"},{\"@type\":\"ListItem\",\"position\":2,\"name\":\"Ligue 1 | 16\u00e8me journ\u00e9e : L\u2019AS Marsa d\u00e9fie le Club Africain\"}]},{\"@type\":\"WebSite\",\"@id\":\"https:\\\/\\\/www.webdo.tn\\\/fr\\\/#website\",\"url\":\"https:\\\/\\\/www.webdo.tn\\\/fr\\\/\",\"name\":\"webdo\",\"description\":\"Tunisie - News en Tunisie et \u00e0 l&#039;international sur Webdo.tn\",\"publisher\":{\"@id\":\"https:\\\/\\\/www.webdo.tn\\\/fr\\\/#organization\"},\"potentialAction\":[{\"@type\":\"SearchAction\",\"target\":{\"@type\":\"EntryPoint\",\"urlTemplate\":\"https:\\\/\\\/www.webdo.tn\\\/fr\\\/?s={search_term_string}\"},\"query-input\":{\"@type\":\"PropertyValueSpecification\",\"valueRequired\":true,\"valueName\":\"search_term_string\"}}],\"inLanguage\":\"fr-FR\"},{\"@type\":\"Organization\",\"@id\":\"https:\\\/\\\/www.webdo.tn\\\/fr\\\/#organization\",\"name\":\"Webdo\",\"alternateName\":\"Webdo.tn\",\"url\":\"https:\\\/\\\/www.webdo.tn\\\/fr\\\/\",\"logo\":{\"@type\":\"ImageObject\",\"inLanguage\":\"fr-FR\",\"@id\":\"https:\\\/\\\/www.webdo.tn\\\/fr\\\/#\\\/schema\\\/logo\\\/image\\\/\",\"url\":\"https:\\\/\\\/www.webdo.tn\\\/fr\\\/wp-content\\\/uploads\\\/2025\\\/06\\\/Webdo-Tunisie_168377.jpg\",\"contentUrl\":\"https:\\\/\\\/www.webdo.tn\\\/fr\\\/wp-content\\\/uploads\\\/2025\\\/06\\\/Webdo-Tunisie_168377.jpg\",\"width\":301,\"height\":301,\"caption\":\"Webdo\"},\"image\":{\"@id\":\"https:\\\/\\\/www.webdo.tn\\\/fr\\\/#\\\/schema\\\/logo\\\/image\\\/\"},\"sameAs\":[\"https:\\\/\\\/www.facebook.com\\\/webdotn\",\"https:\\\/\\\/x.com\\\/webdo_tn\"],\"description\":\"Webdo est un m\u00e9dia num\u00e9rique tunisien fond\u00e9 en 2010, sp\u00e9cialis\u00e9 dans l\u2019actualit\u00e9 nationale et internationale, l\u2019\u00e9conomie, la soci\u00e9t\u00e9 et les analyses politiques. Le site s\u2019adresse \u00e0 un large public francophone et couvre l\u2019information tunisienne en temps r\u00e9el.\",\"email\":\"redac@webdo.tn\",\"legalName\":\"YNJ SARL\",\"foundingDate\":\"2010-09-06\",\"numberOfEmployees\":{\"@type\":\"QuantitativeValue\",\"minValue\":\"11\",\"maxValue\":\"50\"}},{\"@type\":\"Person\",\"@id\":\"https:\\\/\\\/www.webdo.tn\\\/fr\\\/#\\\/schema\\\/person\\\/16a4857e77dfc0b610c4c2cadffc9ac4\",\"name\":\"Mohamed Fethi\",\"image\":{\"@type\":\"ImageObject\",\"inLanguage\":\"fr-FR\",\"@id\":\"https:\\\/\\\/www.webdo.tn\\\/fr\\\/wp-content\\\/uploads\\\/2026\\\/04\\\/mohamed-fethi_avatar_1-96x96.jpg\",\"url\":\"https:\\\/\\\/www.webdo.tn\\\/fr\\\/wp-content\\\/uploads\\\/2026\\\/04\\\/mohamed-fethi_avatar_1-96x96.jpg\",\"contentUrl\":\"https:\\\/\\\/www.webdo.tn\\\/fr\\\/wp-content\\\/uploads\\\/2026\\\/04\\\/mohamed-fethi_avatar_1-96x96.jpg\",\"caption\":\"Mohamed Fethi\"},\"description\":\"Signature \u00e9ditoriale de Maher Chaabane Mohamed Fethi est le pseudonyme \u00e9ditorial de Maher Chaabane, r\u00e9dacteur en chef de Webdo.tn depuis 2012. Cette signature est d\u00e9di\u00e9e au traitement intensif de l'actualit\u00e9 nationale et internationale en temps r\u00e9el. S'appuyant sur les deux d\u00e9cennies d'expertise journalistique de Maher Chaabane \u2014 d\u00e9but\u00e9e au sein du groupe Tunis Hebdo en 2000 \u2014 Mohamed Fethi assure une veille rigoureuse sur les enjeux politiques, \u00e9conomiques et sportifs. Sa mission est de garantir une information structur\u00e9e, fluide et fid\u00e8le aux standards de la r\u00e9daction. Pour consulter le parcours complet du r\u00e9dacteur en chef, visitez le profil officiel de Maher Chaabane.\",\"knowsAbout\":[\"actualit\u00e9\",\"journalisme\",\"information\",\"politique\",\"sport\",\"m\u00e9dias\",\"actualit\u00e9 internationale\"],\"knowsLanguage\":[\"Fran\u00e7ais\",\"Arabe\"],\"jobTitle\":\"Journaliste \u2013 R\u00e9daction Webdo\",\"worksFor\":\"Webdo.tn\",\"url\":\"https:\\\/\\\/www.webdo.tn\\\/fr\\\/actualite\\\/author\\\/mohamed-fethi\\\/\"}]}<\/script>\n<!-- \/ Yoast SEO Premium plugin. -->","yoast_head_json":{"title":"Ligue 1 | 16\u00e8me journ\u00e9e : L\u2019AS Marsa d\u00e9fie le Club Africain - webdo","description":"Revivez la 16\u00e8me journ\u00e9e de la Ligue 1 o\u00f9 l'AS Marsa d\u00e9fie le Club Africain dans un match d\u00e9cisif au championnat.","canonical":"https:\/\/www.webdo.tn\/fr\/actualite\/sport\/ligue-1-16eme-journee-las-marsa-defie-le-club-africain\/391510\/","og_locale":"fr_FR","og_type":"article","og_title":"Ligue 1 | 16\u00e8me journ\u00e9e : L\u2019AS Marsa d\u00e9fie le Club Africain","og_description":"Revivez la 16\u00e8me journ\u00e9e de la Ligue 1 o\u00f9 l'AS Marsa d\u00e9fie le Club Africain dans un match d\u00e9cisif au championnat.","og_url":"https:\/\/www.webdo.tn\/fr\/actualite\/sport\/ligue-1-16eme-journee-las-marsa-defie-le-club-africain\/391510\/","og_site_name":"webdo","article_publisher":"https:\/\/www.facebook.com\/webdotn","article_published_time":"2026-01-17T07:59:51+00:00","article_modified_time":"2026-01-17T08:54:49+00:00","og_image":[{"width":1200,"height":602,"url":"https:\/\/www.webdo.tn\/fr\/wp-content\/uploads\/2026\/01\/CA-ASM.jpg","type":"image\/jpeg"}],"author":"Mohamed Fethi","twitter_card":"summary_large_image","twitter_creator":"@webdo_tn","twitter_site":"@webdo_tn","twitter_misc":{"\u00c9crit par":"Mohamed Fethi","Dur\u00e9e de lecture estim\u00e9e":"3 minutes"},"schema":{"@context":"https:\/\/schema.org","@graph":[{"@type":"NewsArticle","@id":"https:\/\/www.webdo.tn\/fr\/actualite\/sport\/ligue-1-16eme-journee-las-marsa-defie-le-club-africain\/391510\/#article","isPartOf":{"@id":"https:\/\/www.webdo.tn\/fr\/actualite\/sport\/ligue-1-16eme-journee-las-marsa-defie-le-club-africain\/391510\/"},"author":{"name":"Mohamed Fethi","@id":"https:\/\/www.webdo.tn\/fr\/#\/schema\/person\/16a4857e77dfc0b610c4c2cadffc9ac4"},"headline":"Ligue 1 | 16\u00e8me journ\u00e9e : L\u2019AS Marsa d\u00e9fie le Club Africain","datePublished":"2026-01-17T07:59:51+00:00","dateModified":"2026-01-17T08:54:49+00:00","mainEntityOfPage":{"@id":"https:\/\/www.webdo.tn\/fr\/actualite\/sport\/ligue-1-16eme-journee-las-marsa-defie-le-club-africain\/391510\/"},"wordCount":515,"publisher":{"@id":"https:\/\/www.webdo.tn\/fr\/#organization"},"image":{"@id":"https:\/\/www.webdo.tn\/fr\/actualite\/sport\/ligue-1-16eme-journee-las-marsa-defie-le-club-africain\/391510\/#primaryimage"},"thumbnailUrl":"https:\/\/www.webdo.tn\/fr\/wp-content\/uploads\/2026\/01\/CA-ASM.jpg","keywords":["championnat de tunisie","football","Ligue 1","Tunisie"],"articleSection":["Sport"],"inLanguage":"fr-FR"},{"@type":"WebPage","@id":"https:\/\/www.webdo.tn\/fr\/actualite\/sport\/ligue-1-16eme-journee-las-marsa-defie-le-club-africain\/391510\/","url":"https:\/\/www.webdo.tn\/fr\/actualite\/sport\/ligue-1-16eme-journee-las-marsa-defie-le-club-africain\/391510\/","name":"Ligue 1 | 16\u00e8me journ\u00e9e : L\u2019AS Marsa d\u00e9fie le Club Africain - webdo","isPartOf":{"@id":"https:\/\/www.webdo.tn\/fr\/#website"},"primaryImageOfPage":{"@id":"https:\/\/www.webdo.tn\/fr\/actualite\/sport\/ligue-1-16eme-journee-las-marsa-defie-le-club-africain\/391510\/#primaryimage"},"image":{"@id":"https:\/\/www.webdo.tn\/fr\/actualite\/sport\/ligue-1-16eme-journee-las-marsa-defie-le-club-africain\/391510\/#primaryimage"},"thumbnailUrl":"https:\/\/www.webdo.tn\/fr\/wp-content\/uploads\/2026\/01\/CA-ASM.jpg","datePublished":"2026-01-17T07:59:51+00:00","dateModified":"2026-01-17T08:54:49+00:00","description":"Revivez la 16\u00e8me journ\u00e9e de la Ligue 1 o\u00f9 l'AS Marsa d\u00e9fie le Club Africain dans un match d\u00e9cisif au championnat.","breadcrumb":{"@id":"https:\/\/www.webdo.tn\/fr\/actualite\/sport\/ligue-1-16eme-journee-las-marsa-defie-le-club-africain\/391510\/#breadcrumb"},"inLanguage":"fr-FR","potentialAction":[{"@type":"ReadAction","target":["https:\/\/www.webdo.tn\/fr\/actualite\/sport\/ligue-1-16eme-journee-las-marsa-defie-le-club-africain\/391510\/"]}]},{"@type":"ImageObject","inLanguage":"fr-FR","@id":"https:\/\/www.webdo.tn\/fr\/actualite\/sport\/ligue-1-16eme-journee-las-marsa-defie-le-club-africain\/391510\/#primaryimage","url":"https:\/\/www.webdo.tn\/fr\/wp-content\/uploads\/2026\/01\/CA-ASM.jpg","contentUrl":"https:\/\/www.webdo.tn\/fr\/wp-content\/uploads\/2026\/01\/CA-ASM.jpg","width":1200,"height":602,"caption":"Cr\u00e9dit : ClubAfricain.com"},{"@type":"BreadcrumbList","@id":"https:\/\/www.webdo.tn\/fr\/actualite\/sport\/ligue-1-16eme-journee-las-marsa-defie-le-club-africain\/391510\/#breadcrumb","itemListElement":[{"@type":"ListItem","position":1,"name":"Accueil","item":"https:\/\/www.webdo.tn\/fr\/"},{"@type":"ListItem","position":2,"name":"Ligue 1 | 16\u00e8me journ\u00e9e : L\u2019AS Marsa d\u00e9fie le Club Africain"}]},{"@type":"WebSite","@id":"https:\/\/www.webdo.tn\/fr\/#website","url":"https:\/\/www.webdo.tn\/fr\/","name":"webdo","description":"Tunisie - News en Tunisie et \u00e0 l&#039;international sur Webdo.tn","publisher":{"@id":"https:\/\/www.webdo.tn\/fr\/#organization"},"potentialAction":[{"@type":"SearchAction","target":{"@type":"EntryPoint","urlTemplate":"https:\/\/www.webdo.tn\/fr\/?s={search_term_string}"},"query-input":{"@type":"PropertyValueSpecification","valueRequired":true,"valueName":"search_term_string"}}],"inLanguage":"fr-FR"},{"@type":"Organization","@id":"https:\/\/www.webdo.tn\/fr\/#organization","name":"Webdo","alternateName":"Webdo.tn","url":"https:\/\/www.webdo.tn\/fr\/","logo":{"@type":"ImageObject","inLanguage":"fr-FR","@id":"https:\/\/www.webdo.tn\/fr\/#\/schema\/logo\/image\/","url":"https:\/\/www.webdo.tn\/fr\/wp-content\/uploads\/2025\/06\/Webdo-Tunisie_168377.jpg","contentUrl":"https:\/\/www.webdo.tn\/fr\/wp-content\/uploads\/2025\/06\/Webdo-Tunisie_168377.jpg","width":301,"height":301,"caption":"Webdo"},"image":{"@id":"https:\/\/www.webdo.tn\/fr\/#\/schema\/logo\/image\/"},"sameAs":["https:\/\/www.facebook.com\/webdotn","https:\/\/x.com\/webdo_tn"],"description":"Webdo est un m\u00e9dia num\u00e9rique tunisien fond\u00e9 en 2010, sp\u00e9cialis\u00e9 dans l\u2019actualit\u00e9 nationale et internationale, l\u2019\u00e9conomie, la soci\u00e9t\u00e9 et les analyses politiques. Le site s\u2019adresse \u00e0 un large public francophone et couvre l\u2019information tunisienne en temps r\u00e9el.","email":"redac@webdo.tn","legalName":"YNJ SARL","foundingDate":"2010-09-06","numberOfEmployees":{"@type":"QuantitativeValue","minValue":"11","maxValue":"50"}},{"@type":"Person","@id":"https:\/\/www.webdo.tn\/fr\/#\/schema\/person\/16a4857e77dfc0b610c4c2cadffc9ac4","name":"Mohamed Fethi","image":{"@type":"ImageObject","inLanguage":"fr-FR","@id":"https:\/\/www.webdo.tn\/fr\/wp-content\/uploads\/2026\/04\/mohamed-fethi_avatar_1-96x96.jpg","url":"https:\/\/www.webdo.tn\/fr\/wp-content\/uploads\/2026\/04\/mohamed-fethi_avatar_1-96x96.jpg","contentUrl":"https:\/\/www.webdo.tn\/fr\/wp-content\/uploads\/2026\/04\/mohamed-fethi_avatar_1-96x96.jpg","caption":"Mohamed Fethi"},"description":"Signature \u00e9ditoriale de Maher Chaabane Mohamed Fethi est le pseudonyme \u00e9ditorial de Maher Chaabane, r\u00e9dacteur en chef de Webdo.tn depuis 2012. Cette signature est d\u00e9di\u00e9e au traitement intensif de l'actualit\u00e9 nationale et internationale en temps r\u00e9el. S'appuyant sur les deux d\u00e9cennies d'expertise journalistique de Maher Chaabane \u2014 d\u00e9but\u00e9e au sein du groupe Tunis Hebdo en 2000 \u2014 Mohamed Fethi assure une veille rigoureuse sur les enjeux politiques, \u00e9conomiques et sportifs. Sa mission est de garantir une information structur\u00e9e, fluide et fid\u00e8le aux standards de la r\u00e9daction. Pour consulter le parcours complet du r\u00e9dacteur en chef, visitez le profil officiel de Maher Chaabane.","knowsAbout":["actualit\u00e9","journalisme","information","politique","sport","m\u00e9dias","actualit\u00e9 internationale"],"knowsLanguage":["Fran\u00e7ais","Arabe"],"jobTitle":"Journaliste \u2013 R\u00e9daction Webdo","worksFor":"Webdo.tn","url":"https:\/\/www.webdo.tn\/fr\/actualite\/author\/mohamed-fethi\/"}]}},"_links":{"self":[{"href":"https:\/\/www.webdo.tn\/fr\/wp-json\/wp\/v2\/posts\/391510","targetHints":{"allow":["GET"]}}],"collection":[{"href":"https:\/\/www.webdo.tn\/fr\/wp-json\/wp\/v2\/posts"}],"about":[{"href":"https:\/\/www.webdo.tn\/fr\/wp-json\/wp\/v2\/types\/post"}],"author":[{"embeddable":true,"href":"https:\/\/www.webdo.tn\/fr\/wp-json\/wp\/v2\/users\/4782"}],"replies":[{"embeddable":true,"href":"https:\/\/www.webdo.tn\/fr\/wp-json\/wp\/v2\/comments?post=391510"}],"version-history":[{"count":0,"href":"https:\/\/www.webdo.tn\/fr\/wp-json\/wp\/v2\/posts\/391510\/revisions"}],"wp:featuredmedia":[{"embeddable":true,"href":"https:\/\/www.webdo.tn\/fr\/wp-json\/wp\/v2\/media\/391511"}],"wp:attachment":[{"href":"https:\/\/www.webdo.tn\/fr\/wp-json\/wp\/v2\/media?parent=391510"}],"wp:term":[{"taxonomy":"category","embeddable":true,"href":"https:\/\/www.webdo.tn\/fr\/wp-json\/wp\/v2\/categories?post=391510"},{"taxonomy":"post_tag","embeddable":true,"href":"https:\/\/www.webdo.tn\/fr\/wp-json\/wp\/v2\/tags?post=391510"}],"curies":[{"name":"wp","href":"https:\/\/api.w.org\/{rel}","templated":true}]}}