{"id":391502,"date":"2026-01-16T18:57:04","date_gmt":"2026-01-16T17:57:04","guid":{"rendered":"https:\/\/www.webdo.tn\/fr\/?p=391502"},"modified":"2026-01-16T18:57:05","modified_gmt":"2026-01-16T17:57:05","slug":"tunisair-et-etihad-airways-signent-un-accord-ce-que-le-passager-tunisien-gagne-concretement","status":"publish","type":"post","link":"https:\/\/www.webdo.tn\/fr\/actualite\/national\/tunisair-et-etihad-airways-signent-un-accord-ce-que-le-passager-tunisien-gagne-concretement\/391502\/","title":{"rendered":"Tunisair et Etihad Airways signent un accord : Ce que le passager tunisien gagne concr\u00e8tement"},"content":{"rendered":"\n<p>Un nouvel accord de partage de codes entre Tunisair et Etihad Airways a \u00e9t\u00e9 sign\u00e9 ce vendredi 16 janvier 2026 \u00e0 Tunis. Derri\u00e8re cet accord commercial, conclu entre Halima Ibrahim Khouaja, charg\u00e9e de la direction g\u00e9n\u00e9rale de Tunisair, et Antonoaldo Neves, directeur g\u00e9n\u00e9ral d\u2019Etihad Airways, se dessinent des b\u00e9n\u00e9fices directs pour le voyageur tunisien, en particulier en mati\u00e8re de simplicit\u00e9, de choix et de connectivit\u00e9.<\/p>\n\n\n\n<p>\u00c0 partir d\u2019aujourd\u2019hui, les passagers peuvent r\u00e9server leurs vols entre Tunis et Abu Dhabi sous le code de l\u2019une ou l\u2019autre des deux compagnies, sur des vols op\u00e9r\u00e9s par Etihad Airways. Pour le client tunisien, cela se traduit d\u2019abord par une exp\u00e9rience de voyage all\u00e9g\u00e9e : un seul billet pour l\u2019ensemble du trajet, un enregistrement unique au d\u00e9part et un acheminement automatique des bagages jusqu\u2019\u00e0 la destination finale, y compris en cas de correspondance.<\/p>\n\n\n\n<p>Cet accord ouvre \u00e9galement de nouvelles perspectives de mobilit\u00e9. Gr\u00e2ce au hub d\u2019Abu Dhabi, les voyageurs au d\u00e9part de Tunis acc\u00e8dent plus facilement \u00e0 un large \u00e9ventail de destinations en Asie, au Moyen-Orient et au-del\u00e0, sans multiplication des d\u00e9marches ni complexit\u00e9 tarifaire. Pour les \u00e9tudiants, les hommes d\u2019affaires ou les Tunisiens r\u00e9sidant \u00e0 l\u2019\u00e9tranger, cette fluidit\u00e9 repr\u00e9sente un gain de temps et de confort non n\u00e9gligeable.<\/p>\n\n\n\n<h2 class=\"wp-block-heading\" id=\"h-une-meilleure-connectivite\">Une meilleure connectivit\u00e9<\/h2>\n\n\n\n<p>Sur le plan \u00e9conomique, le partenariat renforce la pr\u00e9sence de Tunisair sur le march\u00e9 du Golfe, consid\u00e9r\u00e9 comme \u00e0 fort potentiel. Une meilleure connectivit\u00e9 avec cette r\u00e9gion peut favoriser les \u00e9changes commerciaux, attirer davantage de touristes et stimuler les flux d\u2019investissement, avec des retomb\u00e9es indirectes sur l\u2019emploi et l\u2019activit\u00e9 touristique en Tunisie.<\/p>\n\n\n\n<p>Pour les voyageurs entrant en Tunisie, l\u2019accord facilite \u00e9galement l\u2019acc\u00e8s au pays via le r\u00e9seau international d\u2019Etihad Airways, l\u2019un des acteurs majeurs du transport a\u00e9rien mondial. Cette ouverture contribue \u00e0 am\u00e9liorer la visibilit\u00e9 de la destination Tunisie et \u00e0 diversifier les march\u00e9s \u00e9metteurs de touristes.<\/p>\n\n\n\n<p>En s\u2019adossant \u00e0 un partenaire international de premier plan, la compagnie nationale mise sur une strat\u00e9gie d\u2019alliances pour renforcer son offre sans alourdir ses co\u00fbts d\u2019exploitation. Pour le passager tunisien, cette coop\u00e9ration se traduit avant tout par plus de destinations, plus de flexibilit\u00e9 et une exp\u00e9rience de voyage plus fluide, tout en consolidant le r\u00f4le de Tunisair dans la connectivit\u00e9 internationale du pays.<\/p>\n\n\n\n<p><\/p>\n\n\n\n<blockquote class=\"wp-block-quote is-layout-flow wp-block-quote-is-layout-flow\">\n<blockquote class=\"wp-block-quote is-layout-flow wp-block-quote-is-layout-flow\">\n<p><strong>Lire aussi:<\/strong><\/p>\n\n\n\n<ul class=\"wp-block-list\">\n<li><a href=\"https:\/\/www.webdo.tn\/fr\/actualite\/national\/tunisair-quand-la-fierte-nationale-vire-au-cauchemar-collectif\/378841\/\">Tunisair : Quand la \u00ab\u00a0fiert\u00e9 nationale\u00a0\u00bb vire au cauchemar collectif<\/a><\/li>\n\n\n\n<li><a href=\"https:\/\/www.webdo.tn\/fr\/actualite\/national\/tunisair-3000-plaintes-pour-retards-de-vols\/387368\/\">Tunisair : 3000 plaintes pour retards de vols<\/a><\/li>\n\n\n\n<li><a href=\"https:\/\/www.webdo.tn\/fr\/actualite\/national\/tunisair-sauver-la-compagnie-sans-la-vendre\/221931\/\">Tunisair : Sauver la compagnie sans la vendre !<\/a><\/li>\n<\/ul>\n<\/blockquote>\n<\/blockquote>\n","protected":false},"excerpt":{"rendered":"<p>Un nouvel accord de partage de codes entre Tunisair et Etihad Airways a \u00e9t\u00e9 sign\u00e9 ce vendredi 16 janvier 2026 \u00e0 Tunis. Derri\u00e8re cet accord commercial, conclu entre Halima Ibrahim Khouaja, charg\u00e9e de la direction g\u00e9n\u00e9rale de Tunisair, et Antonoaldo Neves, directeur g\u00e9n\u00e9ral d\u2019Etihad Airways, se dessinent des b\u00e9n\u00e9fices directs pour le voyageur tunisien, en [&hellip;]<\/p>\n","protected":false},"author":3184,"featured_media":391503,"comment_status":"closed","ping_status":"closed","sticky":false,"template":"","format":"standard","meta":{"footnotes":""},"categories":[44],"tags":[13603,3451,2608],"class_list":["post-391502","post","type-post","status-publish","format-standard","has-post-thumbnail","hentry","category-national","tag-etihad-airways","tag-tunisair","tag-tunisie"],"yoast_head":"<!-- This site is optimized with the Yoast SEO Premium plugin v27.5 (Yoast SEO v27.5) - https:\/\/yoast.com\/product\/yoast-seo-premium-wordpress\/ -->\n<title>Tunisair et Etihad Airways signent un accord : Ce que le passager tunisien gagne concr\u00e8tement - webdo<\/title>\n<meta name=\"description\" content=\"D\u00e9couvrez les avantages du nouvel accord entre Tunisair et Etihad Airways pour des voyages simplifi\u00e9s et connect\u00e9s.\" \/>\n<link rel=\"canonical\" href=\"https:\/\/www.webdo.tn\/fr\/actualite\/national\/tunisair-et-etihad-airways-signent-un-accord-ce-que-le-passager-tunisien-gagne-concretement\/391502\/\" \/>\n<meta property=\"og:locale\" content=\"fr_FR\" \/>\n<meta property=\"og:type\" content=\"article\" \/>\n<meta property=\"og:title\" content=\"Tunisair et Etihad Airways signent un accord : Ce que le passager tunisien gagne concr\u00e8tement\" \/>\n<meta property=\"og:description\" content=\"D\u00e9couvrez les avantages du nouvel accord entre Tunisair et Etihad Airways pour des voyages simplifi\u00e9s et connect\u00e9s.\" \/>\n<meta property=\"og:url\" content=\"https:\/\/www.webdo.tn\/fr\/actualite\/national\/tunisair-et-etihad-airways-signent-un-accord-ce-que-le-passager-tunisien-gagne-concretement\/391502\/\" \/>\n<meta property=\"og:site_name\" content=\"webdo\" \/>\n<meta property=\"article:publisher\" content=\"https:\/\/www.facebook.com\/webdotn\" \/>\n<meta property=\"article:published_time\" content=\"2026-01-16T17:57:04+00:00\" \/>\n<meta property=\"article:modified_time\" content=\"2026-01-16T17:57:05+00:00\" \/>\n<meta property=\"og:image\" content=\"https:\/\/www.webdo.tn\/fr\/wp-content\/uploads\/2026\/01\/tunisair.jpg\" \/>\n\t<meta property=\"og:image:width\" content=\"1200\" \/>\n\t<meta property=\"og:image:height\" content=\"600\" \/>\n\t<meta property=\"og:image:type\" content=\"image\/jpeg\" \/>\n<meta name=\"author\" content=\"Wided Belhaj\" \/>\n<meta name=\"twitter:card\" content=\"summary_large_image\" \/>\n<meta name=\"twitter:creator\" content=\"@webdo_tn\" \/>\n<meta name=\"twitter:site\" content=\"@webdo_tn\" \/>\n<meta name=\"twitter:label1\" content=\"\u00c9crit par\" \/>\n\t<meta name=\"twitter:data1\" content=\"Wided Belhaj\" \/>\n\t<meta name=\"twitter:label2\" content=\"Dur\u00e9e de lecture estim\u00e9e\" \/>\n\t<meta name=\"twitter:data2\" content=\"3 minutes\" \/>\n<script type=\"application\/ld+json\" class=\"yoast-schema-graph\">{\"@context\":\"https:\\\/\\\/schema.org\",\"@graph\":[{\"@type\":\"NewsArticle\",\"@id\":\"https:\\\/\\\/www.webdo.tn\\\/fr\\\/actualite\\\/national\\\/tunisair-et-etihad-airways-signent-un-accord-ce-que-le-passager-tunisien-gagne-concretement\\\/391502\\\/#article\",\"isPartOf\":{\"@id\":\"https:\\\/\\\/www.webdo.tn\\\/fr\\\/actualite\\\/national\\\/tunisair-et-etihad-airways-signent-un-accord-ce-que-le-passager-tunisien-gagne-concretement\\\/391502\\\/\"},\"author\":{\"name\":\"Wided Belhaj\",\"@id\":\"https:\\\/\\\/www.webdo.tn\\\/fr\\\/#\\\/schema\\\/person\\\/b9ecde7a5574cb4fcf4b496ea5fadb15\"},\"headline\":\"Tunisair et Etihad Airways signent un accord : Ce que le passager tunisien gagne concr\u00e8tement\",\"datePublished\":\"2026-01-16T17:57:04+00:00\",\"dateModified\":\"2026-01-16T17:57:05+00:00\",\"mainEntityOfPage\":{\"@id\":\"https:\\\/\\\/www.webdo.tn\\\/fr\\\/actualite\\\/national\\\/tunisair-et-etihad-airways-signent-un-accord-ce-que-le-passager-tunisien-gagne-concretement\\\/391502\\\/\"},\"wordCount\":453,\"publisher\":{\"@id\":\"https:\\\/\\\/www.webdo.tn\\\/fr\\\/#organization\"},\"image\":{\"@id\":\"https:\\\/\\\/www.webdo.tn\\\/fr\\\/actualite\\\/national\\\/tunisair-et-etihad-airways-signent-un-accord-ce-que-le-passager-tunisien-gagne-concretement\\\/391502\\\/#primaryimage\"},\"thumbnailUrl\":\"https:\\\/\\\/www.webdo.tn\\\/fr\\\/wp-content\\\/uploads\\\/2026\\\/01\\\/tunisair.jpg\",\"keywords\":[\"Etihad Airways\",\"Tunisair\",\"Tunisie\"],\"articleSection\":[\"National\"],\"inLanguage\":\"fr-FR\"},{\"@type\":\"WebPage\",\"@id\":\"https:\\\/\\\/www.webdo.tn\\\/fr\\\/actualite\\\/national\\\/tunisair-et-etihad-airways-signent-un-accord-ce-que-le-passager-tunisien-gagne-concretement\\\/391502\\\/\",\"url\":\"https:\\\/\\\/www.webdo.tn\\\/fr\\\/actualite\\\/national\\\/tunisair-et-etihad-airways-signent-un-accord-ce-que-le-passager-tunisien-gagne-concretement\\\/391502\\\/\",\"name\":\"Tunisair et Etihad Airways signent un accord : Ce que le passager tunisien gagne concr\u00e8tement - webdo\",\"isPartOf\":{\"@id\":\"https:\\\/\\\/www.webdo.tn\\\/fr\\\/#website\"},\"primaryImageOfPage\":{\"@id\":\"https:\\\/\\\/www.webdo.tn\\\/fr\\\/actualite\\\/national\\\/tunisair-et-etihad-airways-signent-un-accord-ce-que-le-passager-tunisien-gagne-concretement\\\/391502\\\/#primaryimage\"},\"image\":{\"@id\":\"https:\\\/\\\/www.webdo.tn\\\/fr\\\/actualite\\\/national\\\/tunisair-et-etihad-airways-signent-un-accord-ce-que-le-passager-tunisien-gagne-concretement\\\/391502\\\/#primaryimage\"},\"thumbnailUrl\":\"https:\\\/\\\/www.webdo.tn\\\/fr\\\/wp-content\\\/uploads\\\/2026\\\/01\\\/tunisair.jpg\",\"datePublished\":\"2026-01-16T17:57:04+00:00\",\"dateModified\":\"2026-01-16T17:57:05+00:00\",\"description\":\"D\u00e9couvrez les avantages du nouvel accord entre Tunisair et Etihad Airways pour des voyages simplifi\u00e9s et connect\u00e9s.\",\"breadcrumb\":{\"@id\":\"https:\\\/\\\/www.webdo.tn\\\/fr\\\/actualite\\\/national\\\/tunisair-et-etihad-airways-signent-un-accord-ce-que-le-passager-tunisien-gagne-concretement\\\/391502\\\/#breadcrumb\"},\"inLanguage\":\"fr-FR\",\"potentialAction\":[{\"@type\":\"ReadAction\",\"target\":[\"https:\\\/\\\/www.webdo.tn\\\/fr\\\/actualite\\\/national\\\/tunisair-et-etihad-airways-signent-un-accord-ce-que-le-passager-tunisien-gagne-concretement\\\/391502\\\/\"]}]},{\"@type\":\"ImageObject\",\"inLanguage\":\"fr-FR\",\"@id\":\"https:\\\/\\\/www.webdo.tn\\\/fr\\\/actualite\\\/national\\\/tunisair-et-etihad-airways-signent-un-accord-ce-que-le-passager-tunisien-gagne-concretement\\\/391502\\\/#primaryimage\",\"url\":\"https:\\\/\\\/www.webdo.tn\\\/fr\\\/wp-content\\\/uploads\\\/2026\\\/01\\\/tunisair.jpg\",\"contentUrl\":\"https:\\\/\\\/www.webdo.tn\\\/fr\\\/wp-content\\\/uploads\\\/2026\\\/01\\\/tunisair.jpg\",\"width\":1200,\"height\":600},{\"@type\":\"BreadcrumbList\",\"@id\":\"https:\\\/\\\/www.webdo.tn\\\/fr\\\/actualite\\\/national\\\/tunisair-et-etihad-airways-signent-un-accord-ce-que-le-passager-tunisien-gagne-concretement\\\/391502\\\/#breadcrumb\",\"itemListElement\":[{\"@type\":\"ListItem\",\"position\":1,\"name\":\"Accueil\",\"item\":\"https:\\\/\\\/www.webdo.tn\\\/fr\\\/\"},{\"@type\":\"ListItem\",\"position\":2,\"name\":\"Tunisair et Etihad Airways signent un accord : Ce que le passager tunisien gagne concr\u00e8tement\"}]},{\"@type\":\"WebSite\",\"@id\":\"https:\\\/\\\/www.webdo.tn\\\/fr\\\/#website\",\"url\":\"https:\\\/\\\/www.webdo.tn\\\/fr\\\/\",\"name\":\"webdo\",\"description\":\"Tunisie - News en Tunisie et \u00e0 l&#039;international sur Webdo.tn\",\"publisher\":{\"@id\":\"https:\\\/\\\/www.webdo.tn\\\/fr\\\/#organization\"},\"potentialAction\":[{\"@type\":\"SearchAction\",\"target\":{\"@type\":\"EntryPoint\",\"urlTemplate\":\"https:\\\/\\\/www.webdo.tn\\\/fr\\\/?s={search_term_string}\"},\"query-input\":{\"@type\":\"PropertyValueSpecification\",\"valueRequired\":true,\"valueName\":\"search_term_string\"}}],\"inLanguage\":\"fr-FR\"},{\"@type\":\"Organization\",\"@id\":\"https:\\\/\\\/www.webdo.tn\\\/fr\\\/#organization\",\"name\":\"Webdo\",\"alternateName\":\"Webdo.tn\",\"url\":\"https:\\\/\\\/www.webdo.tn\\\/fr\\\/\",\"logo\":{\"@type\":\"ImageObject\",\"inLanguage\":\"fr-FR\",\"@id\":\"https:\\\/\\\/www.webdo.tn\\\/fr\\\/#\\\/schema\\\/logo\\\/image\\\/\",\"url\":\"https:\\\/\\\/www.webdo.tn\\\/fr\\\/wp-content\\\/uploads\\\/2025\\\/06\\\/Webdo-Tunisie_168377.jpg\",\"contentUrl\":\"https:\\\/\\\/www.webdo.tn\\\/fr\\\/wp-content\\\/uploads\\\/2025\\\/06\\\/Webdo-Tunisie_168377.jpg\",\"width\":301,\"height\":301,\"caption\":\"Webdo\"},\"image\":{\"@id\":\"https:\\\/\\\/www.webdo.tn\\\/fr\\\/#\\\/schema\\\/logo\\\/image\\\/\"},\"sameAs\":[\"https:\\\/\\\/www.facebook.com\\\/webdotn\",\"https:\\\/\\\/x.com\\\/webdo_tn\"],\"description\":\"Webdo est un m\u00e9dia num\u00e9rique tunisien fond\u00e9 en 2010, sp\u00e9cialis\u00e9 dans l\u2019actualit\u00e9 nationale et internationale, l\u2019\u00e9conomie, la soci\u00e9t\u00e9 et les analyses politiques. Le site s\u2019adresse \u00e0 un large public francophone et couvre l\u2019information tunisienne en temps r\u00e9el.\",\"email\":\"redac@webdo.tn\",\"legalName\":\"YNJ SARL\",\"foundingDate\":\"2010-09-06\",\"numberOfEmployees\":{\"@type\":\"QuantitativeValue\",\"minValue\":\"11\",\"maxValue\":\"50\"}},{\"@type\":\"Person\",\"@id\":\"https:\\\/\\\/www.webdo.tn\\\/fr\\\/#\\\/schema\\\/person\\\/b9ecde7a5574cb4fcf4b496ea5fadb15\",\"name\":\"Wided Belhaj\",\"image\":{\"@type\":\"ImageObject\",\"inLanguage\":\"fr-FR\",\"@id\":\"https:\\\/\\\/www.webdo.tn\\\/fr\\\/wp-content\\\/uploads\\\/2026\\\/04\\\/wided-belhaj_avatar-96x96.jpg\",\"url\":\"https:\\\/\\\/www.webdo.tn\\\/fr\\\/wp-content\\\/uploads\\\/2026\\\/04\\\/wided-belhaj_avatar-96x96.jpg\",\"contentUrl\":\"https:\\\/\\\/www.webdo.tn\\\/fr\\\/wp-content\\\/uploads\\\/2026\\\/04\\\/wided-belhaj_avatar-96x96.jpg\",\"caption\":\"Wided Belhaj\"},\"description\":\"Wided Belhaj est le pseudonyme \u00e9ditorial utilis\u00e9 par Khalil Jelassi, journaliste, ma\u00eetre-assistant \u00e0 l\u2019Institut de presse et des sciences de l\u2019information (IPSI) et chercheur en sciences de l\u2019information et de la communication. Cette signature est d\u00e9di\u00e9e \u00e0 l\u2019analyse des m\u00e9dias, des pratiques journalistiques et des mutations de l\u2019information \u00e0 l\u2019\u00e8re digitale. \u00c0 travers ses contributions, Wided Belhaj propose une lecture analytique de l\u2019actualit\u00e9, en croisant regard critique et expertise acad\u00e9mique.\",\"knowsAbout\":[\"m\u00e9dias\",\"journalisme\",\"communication\",\"information\",\"transformation num\u00e9rique\",\"analyse des m\u00e9dias\"],\"knowsLanguage\":[\"Fran\u00e7ais\",\"Arabe\"],\"jobTitle\":\"Webdo.tn\",\"worksFor\":\"Journaliste \u2013 Analyse des m\u00e9dias\",\"url\":\"https:\\\/\\\/www.webdo.tn\\\/fr\\\/actualite\\\/author\\\/wided-belhaj\\\/\"}]}<\/script>\n<!-- \/ Yoast SEO Premium plugin. -->","yoast_head_json":{"title":"Tunisair et Etihad Airways signent un accord : Ce que le passager tunisien gagne concr\u00e8tement - webdo","description":"D\u00e9couvrez les avantages du nouvel accord entre Tunisair et Etihad Airways pour des voyages simplifi\u00e9s et connect\u00e9s.","canonical":"https:\/\/www.webdo.tn\/fr\/actualite\/national\/tunisair-et-etihad-airways-signent-un-accord-ce-que-le-passager-tunisien-gagne-concretement\/391502\/","og_locale":"fr_FR","og_type":"article","og_title":"Tunisair et Etihad Airways signent un accord : Ce que le passager tunisien gagne concr\u00e8tement","og_description":"D\u00e9couvrez les avantages du nouvel accord entre Tunisair et Etihad Airways pour des voyages simplifi\u00e9s et connect\u00e9s.","og_url":"https:\/\/www.webdo.tn\/fr\/actualite\/national\/tunisair-et-etihad-airways-signent-un-accord-ce-que-le-passager-tunisien-gagne-concretement\/391502\/","og_site_name":"webdo","article_publisher":"https:\/\/www.facebook.com\/webdotn","article_published_time":"2026-01-16T17:57:04+00:00","article_modified_time":"2026-01-16T17:57:05+00:00","og_image":[{"width":1200,"height":600,"url":"https:\/\/www.webdo.tn\/fr\/wp-content\/uploads\/2026\/01\/tunisair.jpg","type":"image\/jpeg"}],"author":"Wided Belhaj","twitter_card":"summary_large_image","twitter_creator":"@webdo_tn","twitter_site":"@webdo_tn","twitter_misc":{"\u00c9crit par":"Wided Belhaj","Dur\u00e9e de lecture estim\u00e9e":"3 minutes"},"schema":{"@context":"https:\/\/schema.org","@graph":[{"@type":"NewsArticle","@id":"https:\/\/www.webdo.tn\/fr\/actualite\/national\/tunisair-et-etihad-airways-signent-un-accord-ce-que-le-passager-tunisien-gagne-concretement\/391502\/#article","isPartOf":{"@id":"https:\/\/www.webdo.tn\/fr\/actualite\/national\/tunisair-et-etihad-airways-signent-un-accord-ce-que-le-passager-tunisien-gagne-concretement\/391502\/"},"author":{"name":"Wided Belhaj","@id":"https:\/\/www.webdo.tn\/fr\/#\/schema\/person\/b9ecde7a5574cb4fcf4b496ea5fadb15"},"headline":"Tunisair et Etihad Airways signent un accord : Ce que le passager tunisien gagne concr\u00e8tement","datePublished":"2026-01-16T17:57:04+00:00","dateModified":"2026-01-16T17:57:05+00:00","mainEntityOfPage":{"@id":"https:\/\/www.webdo.tn\/fr\/actualite\/national\/tunisair-et-etihad-airways-signent-un-accord-ce-que-le-passager-tunisien-gagne-concretement\/391502\/"},"wordCount":453,"publisher":{"@id":"https:\/\/www.webdo.tn\/fr\/#organization"},"image":{"@id":"https:\/\/www.webdo.tn\/fr\/actualite\/national\/tunisair-et-etihad-airways-signent-un-accord-ce-que-le-passager-tunisien-gagne-concretement\/391502\/#primaryimage"},"thumbnailUrl":"https:\/\/www.webdo.tn\/fr\/wp-content\/uploads\/2026\/01\/tunisair.jpg","keywords":["Etihad Airways","Tunisair","Tunisie"],"articleSection":["National"],"inLanguage":"fr-FR"},{"@type":"WebPage","@id":"https:\/\/www.webdo.tn\/fr\/actualite\/national\/tunisair-et-etihad-airways-signent-un-accord-ce-que-le-passager-tunisien-gagne-concretement\/391502\/","url":"https:\/\/www.webdo.tn\/fr\/actualite\/national\/tunisair-et-etihad-airways-signent-un-accord-ce-que-le-passager-tunisien-gagne-concretement\/391502\/","name":"Tunisair et Etihad Airways signent un accord : Ce que le passager tunisien gagne concr\u00e8tement - webdo","isPartOf":{"@id":"https:\/\/www.webdo.tn\/fr\/#website"},"primaryImageOfPage":{"@id":"https:\/\/www.webdo.tn\/fr\/actualite\/national\/tunisair-et-etihad-airways-signent-un-accord-ce-que-le-passager-tunisien-gagne-concretement\/391502\/#primaryimage"},"image":{"@id":"https:\/\/www.webdo.tn\/fr\/actualite\/national\/tunisair-et-etihad-airways-signent-un-accord-ce-que-le-passager-tunisien-gagne-concretement\/391502\/#primaryimage"},"thumbnailUrl":"https:\/\/www.webdo.tn\/fr\/wp-content\/uploads\/2026\/01\/tunisair.jpg","datePublished":"2026-01-16T17:57:04+00:00","dateModified":"2026-01-16T17:57:05+00:00","description":"D\u00e9couvrez les avantages du nouvel accord entre Tunisair et Etihad Airways pour des voyages simplifi\u00e9s et connect\u00e9s.","breadcrumb":{"@id":"https:\/\/www.webdo.tn\/fr\/actualite\/national\/tunisair-et-etihad-airways-signent-un-accord-ce-que-le-passager-tunisien-gagne-concretement\/391502\/#breadcrumb"},"inLanguage":"fr-FR","potentialAction":[{"@type":"ReadAction","target":["https:\/\/www.webdo.tn\/fr\/actualite\/national\/tunisair-et-etihad-airways-signent-un-accord-ce-que-le-passager-tunisien-gagne-concretement\/391502\/"]}]},{"@type":"ImageObject","inLanguage":"fr-FR","@id":"https:\/\/www.webdo.tn\/fr\/actualite\/national\/tunisair-et-etihad-airways-signent-un-accord-ce-que-le-passager-tunisien-gagne-concretement\/391502\/#primaryimage","url":"https:\/\/www.webdo.tn\/fr\/wp-content\/uploads\/2026\/01\/tunisair.jpg","contentUrl":"https:\/\/www.webdo.tn\/fr\/wp-content\/uploads\/2026\/01\/tunisair.jpg","width":1200,"height":600},{"@type":"BreadcrumbList","@id":"https:\/\/www.webdo.tn\/fr\/actualite\/national\/tunisair-et-etihad-airways-signent-un-accord-ce-que-le-passager-tunisien-gagne-concretement\/391502\/#breadcrumb","itemListElement":[{"@type":"ListItem","position":1,"name":"Accueil","item":"https:\/\/www.webdo.tn\/fr\/"},{"@type":"ListItem","position":2,"name":"Tunisair et Etihad Airways signent un accord : Ce que le passager tunisien gagne concr\u00e8tement"}]},{"@type":"WebSite","@id":"https:\/\/www.webdo.tn\/fr\/#website","url":"https:\/\/www.webdo.tn\/fr\/","name":"webdo","description":"Tunisie - News en Tunisie et \u00e0 l&#039;international sur Webdo.tn","publisher":{"@id":"https:\/\/www.webdo.tn\/fr\/#organization"},"potentialAction":[{"@type":"SearchAction","target":{"@type":"EntryPoint","urlTemplate":"https:\/\/www.webdo.tn\/fr\/?s={search_term_string}"},"query-input":{"@type":"PropertyValueSpecification","valueRequired":true,"valueName":"search_term_string"}}],"inLanguage":"fr-FR"},{"@type":"Organization","@id":"https:\/\/www.webdo.tn\/fr\/#organization","name":"Webdo","alternateName":"Webdo.tn","url":"https:\/\/www.webdo.tn\/fr\/","logo":{"@type":"ImageObject","inLanguage":"fr-FR","@id":"https:\/\/www.webdo.tn\/fr\/#\/schema\/logo\/image\/","url":"https:\/\/www.webdo.tn\/fr\/wp-content\/uploads\/2025\/06\/Webdo-Tunisie_168377.jpg","contentUrl":"https:\/\/www.webdo.tn\/fr\/wp-content\/uploads\/2025\/06\/Webdo-Tunisie_168377.jpg","width":301,"height":301,"caption":"Webdo"},"image":{"@id":"https:\/\/www.webdo.tn\/fr\/#\/schema\/logo\/image\/"},"sameAs":["https:\/\/www.facebook.com\/webdotn","https:\/\/x.com\/webdo_tn"],"description":"Webdo est un m\u00e9dia num\u00e9rique tunisien fond\u00e9 en 2010, sp\u00e9cialis\u00e9 dans l\u2019actualit\u00e9 nationale et internationale, l\u2019\u00e9conomie, la soci\u00e9t\u00e9 et les analyses politiques. Le site s\u2019adresse \u00e0 un large public francophone et couvre l\u2019information tunisienne en temps r\u00e9el.","email":"redac@webdo.tn","legalName":"YNJ SARL","foundingDate":"2010-09-06","numberOfEmployees":{"@type":"QuantitativeValue","minValue":"11","maxValue":"50"}},{"@type":"Person","@id":"https:\/\/www.webdo.tn\/fr\/#\/schema\/person\/b9ecde7a5574cb4fcf4b496ea5fadb15","name":"Wided Belhaj","image":{"@type":"ImageObject","inLanguage":"fr-FR","@id":"https:\/\/www.webdo.tn\/fr\/wp-content\/uploads\/2026\/04\/wided-belhaj_avatar-96x96.jpg","url":"https:\/\/www.webdo.tn\/fr\/wp-content\/uploads\/2026\/04\/wided-belhaj_avatar-96x96.jpg","contentUrl":"https:\/\/www.webdo.tn\/fr\/wp-content\/uploads\/2026\/04\/wided-belhaj_avatar-96x96.jpg","caption":"Wided Belhaj"},"description":"Wided Belhaj est le pseudonyme \u00e9ditorial utilis\u00e9 par Khalil Jelassi, journaliste, ma\u00eetre-assistant \u00e0 l\u2019Institut de presse et des sciences de l\u2019information (IPSI) et chercheur en sciences de l\u2019information et de la communication. Cette signature est d\u00e9di\u00e9e \u00e0 l\u2019analyse des m\u00e9dias, des pratiques journalistiques et des mutations de l\u2019information \u00e0 l\u2019\u00e8re digitale. \u00c0 travers ses contributions, Wided Belhaj propose une lecture analytique de l\u2019actualit\u00e9, en croisant regard critique et expertise acad\u00e9mique.","knowsAbout":["m\u00e9dias","journalisme","communication","information","transformation num\u00e9rique","analyse des m\u00e9dias"],"knowsLanguage":["Fran\u00e7ais","Arabe"],"jobTitle":"Webdo.tn","worksFor":"Journaliste \u2013 Analyse des m\u00e9dias","url":"https:\/\/www.webdo.tn\/fr\/actualite\/author\/wided-belhaj\/"}]}},"_links":{"self":[{"href":"https:\/\/www.webdo.tn\/fr\/wp-json\/wp\/v2\/posts\/391502","targetHints":{"allow":["GET"]}}],"collection":[{"href":"https:\/\/www.webdo.tn\/fr\/wp-json\/wp\/v2\/posts"}],"about":[{"href":"https:\/\/www.webdo.tn\/fr\/wp-json\/wp\/v2\/types\/post"}],"author":[{"embeddable":true,"href":"https:\/\/www.webdo.tn\/fr\/wp-json\/wp\/v2\/users\/3184"}],"replies":[{"embeddable":true,"href":"https:\/\/www.webdo.tn\/fr\/wp-json\/wp\/v2\/comments?post=391502"}],"version-history":[{"count":0,"href":"https:\/\/www.webdo.tn\/fr\/wp-json\/wp\/v2\/posts\/391502\/revisions"}],"wp:featuredmedia":[{"embeddable":true,"href":"https:\/\/www.webdo.tn\/fr\/wp-json\/wp\/v2\/media\/391503"}],"wp:attachment":[{"href":"https:\/\/www.webdo.tn\/fr\/wp-json\/wp\/v2\/media?parent=391502"}],"wp:term":[{"taxonomy":"category","embeddable":true,"href":"https:\/\/www.webdo.tn\/fr\/wp-json\/wp\/v2\/categories?post=391502"},{"taxonomy":"post_tag","embeddable":true,"href":"https:\/\/www.webdo.tn\/fr\/wp-json\/wp\/v2\/tags?post=391502"}],"curies":[{"name":"wp","href":"https:\/\/api.w.org\/{rel}","templated":true}]}}