{"id":391449,"date":"2026-01-16T09:58:24","date_gmt":"2026-01-16T08:58:24","guid":{"rendered":"https:\/\/www.webdo.tn\/fr\/?p=391449"},"modified":"2026-01-16T09:58:25","modified_gmt":"2026-01-16T08:58:25","slug":"espace-dart-imagin-leila-ammar-expose-ses-terres-mers-et-couleurs","status":"publish","type":"post","link":"https:\/\/www.webdo.tn\/fr\/actualite\/culture\/espace-dart-imagin-leila-ammar-expose-ses-terres-mers-et-couleurs\/391449\/","title":{"rendered":"Espace d&rsquo;art Imagin&rsquo; : Le\u00efla Ammar expose ses Terres, Mers et Couleurs"},"content":{"rendered":"\n<p>L\u2019Espace d\u2019Art Imagin\u2019 accueille une exposition de l\u2019artiste Le\u00efla Ammar intitul\u00e9e \u00ab Terres, Mers, Couleurs \u00bb. Cette exposition r\u00e9unit une quarantaine d\u2019\u0153uvres \u2013 aquarelles, peintures, collages et cr\u00e9ations mixtes \u2013 inspir\u00e9es des paysages, des villes et des lumi\u00e8res de Tunisie et d\u2019ailleurs.<\/p>\n\n\n\n<p>Le vernissage de l\u2019exposition aura lieu dimanche 18 janvier de 11h \u00e0 19h.<\/p>\n\n\n\n<p>N\u00e9e \u00e0 Tunis en 1959, Le\u00efla Ammar est architecte, urbaniste et historienne, docteure en architecture. Tr\u00e8s t\u00f4t immerg\u00e9e dans l\u2019univers du dessin et de couleur, elle a construit son regard au fil de nombreux voyages et lieux de r\u00e9sidence. <\/p>\n\n\n\n<p>Sensible aux paysages m\u00e9diterran\u00e9ens et atlantiques, aux jardins, aux silhouettes humaines et animales, elle d\u00e9veloppe une approche libre et instinctive o\u00f9 lignes franches et aplats de couleurs composent des atmosph\u00e8res singuli\u00e8res.<\/p>\n\n\n\n<p><\/p>\n\n\n\n<blockquote class=\"wp-block-quote is-layout-flow wp-block-quote-is-layout-flow\">\n<blockquote class=\"wp-block-quote is-layout-flow wp-block-quote-is-layout-flow\">\n<p><strong>Lire aussi :<\/strong><\/p>\n\n\n\n<ul class=\"wp-block-list\">\n<li><a href=\"https:\/\/www.webdo.tn\/fr\/actualite\/chroniques\/musee-militaire-national-exposition-sur-le-debarquement-de-larmee-serbe-a-bizerte-en-1916\/390984\/\">Mus\u00e9e militaire national : Exposition sur le d\u00e9barquement de l\u2019arm\u00e9e serbe \u00e0 Bizerte en 1916<\/a><\/li>\n\n\n\n<li><a href=\"https:\/\/www.webdo.tn\/fr\/actualite\/culture\/exposition-terre-spirituelle-de-sami-ben-ameur-reveler-lame-du-monde\/384994\/\">Exposition Terre spirituelle de Sami Ben Ameur : R\u00e9v\u00e9ler l\u2019\u00e2me du monde<\/a><\/li>\n\n\n\n<li><a href=\"https:\/\/www.webdo.tn\/fr\/actualite\/culture\/exposition-mer-de-sicile-et-tunisie-pecheurs-de-trapani-et-lumieres-de-mahdia\/383936\/\">Exposition \u00ab\u00a0Mer de Sicile et Tunisie\u00a0\u00bb : P\u00eacheurs de Trapani et lumi\u00e8res de Mahdia<\/a><\/li>\n<\/ul>\n<\/blockquote>\n<\/blockquote>\n","protected":false},"excerpt":{"rendered":"<p>L\u2019Espace d\u2019Art Imagin\u2019 accueille une exposition de l\u2019artiste Le\u00efla Ammar intitul\u00e9e \u00ab Terres, Mers, Couleurs \u00bb. Cette exposition r\u00e9unit une quarantaine d\u2019\u0153uvres \u2013 aquarelles, peintures, collages et cr\u00e9ations mixtes \u2013 inspir\u00e9es des paysages, des villes et des lumi\u00e8res de Tunisie et d\u2019ailleurs. Le vernissage de l\u2019exposition aura lieu dimanche 18 janvier de 11h \u00e0 19h. [&hellip;]<\/p>\n","protected":false},"author":3229,"featured_media":391450,"comment_status":"closed","ping_status":"closed","sticky":false,"template":"","format":"standard","meta":{"footnotes":""},"categories":[2594],"tags":[2641,13595],"class_list":["post-391449","post","type-post","status-publish","format-standard","has-post-thumbnail","hentry","category-culture","tag-exposition","tag-leila-ammar"],"yoast_head":"<!-- This site is optimized with the Yoast SEO Premium plugin v27.4 (Yoast SEO v27.4) - https:\/\/yoast.com\/product\/yoast-seo-premium-wordpress\/ -->\n<title>Espace d&#039;art Imagin&#039; : Le\u00efla Ammar expose ses Terres, Mers et Couleurs - webdo<\/title>\n<meta name=\"description\" content=\"D\u00e9couvrez l&#039;exposition Espace d&#039;art Imagin&#039; de Le\u00efla Ammar : Terres, Mers et Couleurs, une rencontre avec la Tunisie \u00e0 travers l&#039;art.\" \/>\n<link rel=\"canonical\" href=\"https:\/\/www.webdo.tn\/fr\/actualite\/culture\/espace-dart-imagin-leila-ammar-expose-ses-terres-mers-et-couleurs\/391449\/\" \/>\n<meta property=\"og:locale\" content=\"fr_FR\" \/>\n<meta property=\"og:type\" content=\"article\" \/>\n<meta property=\"og:title\" content=\"Espace d&#039;art Imagin&#039; : Le\u00efla Ammar expose ses Terres, Mers et Couleurs\" \/>\n<meta property=\"og:description\" content=\"D\u00e9couvrez l&#039;exposition Espace d&#039;art Imagin&#039; de Le\u00efla Ammar : Terres, Mers et Couleurs, une rencontre avec la Tunisie \u00e0 travers l&#039;art.\" \/>\n<meta property=\"og:url\" content=\"https:\/\/www.webdo.tn\/fr\/actualite\/culture\/espace-dart-imagin-leila-ammar-expose-ses-terres-mers-et-couleurs\/391449\/\" \/>\n<meta property=\"og:site_name\" content=\"webdo\" \/>\n<meta property=\"article:publisher\" content=\"https:\/\/www.facebook.com\/webdotn\" \/>\n<meta property=\"article:author\" content=\"https:\/\/www.facebook.com\/hatem.bourial.2025\" \/>\n<meta property=\"article:published_time\" content=\"2026-01-16T08:58:24+00:00\" \/>\n<meta property=\"article:modified_time\" content=\"2026-01-16T08:58:25+00:00\" \/>\n<meta property=\"og:image\" content=\"https:\/\/www.webdo.tn\/fr\/wp-content\/uploads\/2026\/01\/Leila-Ammar.jpeg\" \/>\n\t<meta property=\"og:image:width\" content=\"1200\" \/>\n\t<meta property=\"og:image:height\" content=\"603\" \/>\n\t<meta property=\"og:image:type\" content=\"image\/jpeg\" \/>\n<meta name=\"author\" content=\"Hatem Bourial\" \/>\n<meta name=\"twitter:card\" content=\"summary_large_image\" \/>\n<meta name=\"twitter:creator\" content=\"@webdo_tn\" \/>\n<meta name=\"twitter:site\" content=\"@webdo_tn\" \/>\n<meta name=\"twitter:label1\" content=\"\u00c9crit par\" \/>\n\t<meta name=\"twitter:data1\" content=\"Hatem Bourial\" \/>\n\t<meta name=\"twitter:label2\" content=\"Dur\u00e9e de lecture estim\u00e9e\" \/>\n\t<meta name=\"twitter:data2\" content=\"1 minute\" \/>\n<script type=\"application\/ld+json\" class=\"yoast-schema-graph\">{\"@context\":\"https:\\\/\\\/schema.org\",\"@graph\":[{\"@type\":\"NewsArticle\",\"@id\":\"https:\\\/\\\/www.webdo.tn\\\/fr\\\/actualite\\\/culture\\\/espace-dart-imagin-leila-ammar-expose-ses-terres-mers-et-couleurs\\\/391449\\\/#article\",\"isPartOf\":{\"@id\":\"https:\\\/\\\/www.webdo.tn\\\/fr\\\/actualite\\\/culture\\\/espace-dart-imagin-leila-ammar-expose-ses-terres-mers-et-couleurs\\\/391449\\\/\"},\"author\":{\"name\":\"Hatem Bourial\",\"@id\":\"https:\\\/\\\/www.webdo.tn\\\/fr\\\/#\\\/schema\\\/person\\\/6bc0beba2cd23aec27cb5df85ca2554f\"},\"headline\":\"Espace d&rsquo;art Imagin&rsquo; : Le\u00efla Ammar expose ses Terres, Mers et Couleurs\",\"datePublished\":\"2026-01-16T08:58:24+00:00\",\"dateModified\":\"2026-01-16T08:58:25+00:00\",\"mainEntityOfPage\":{\"@id\":\"https:\\\/\\\/www.webdo.tn\\\/fr\\\/actualite\\\/culture\\\/espace-dart-imagin-leila-ammar-expose-ses-terres-mers-et-couleurs\\\/391449\\\/\"},\"wordCount\":201,\"publisher\":{\"@id\":\"https:\\\/\\\/www.webdo.tn\\\/fr\\\/#organization\"},\"image\":{\"@id\":\"https:\\\/\\\/www.webdo.tn\\\/fr\\\/actualite\\\/culture\\\/espace-dart-imagin-leila-ammar-expose-ses-terres-mers-et-couleurs\\\/391449\\\/#primaryimage\"},\"thumbnailUrl\":\"https:\\\/\\\/www.webdo.tn\\\/fr\\\/wp-content\\\/uploads\\\/2026\\\/01\\\/Leila-Ammar.jpeg\",\"keywords\":[\"exposition\",\"leila ammar\"],\"articleSection\":[\"Culture\"],\"inLanguage\":\"fr-FR\"},{\"@type\":\"WebPage\",\"@id\":\"https:\\\/\\\/www.webdo.tn\\\/fr\\\/actualite\\\/culture\\\/espace-dart-imagin-leila-ammar-expose-ses-terres-mers-et-couleurs\\\/391449\\\/\",\"url\":\"https:\\\/\\\/www.webdo.tn\\\/fr\\\/actualite\\\/culture\\\/espace-dart-imagin-leila-ammar-expose-ses-terres-mers-et-couleurs\\\/391449\\\/\",\"name\":\"Espace d'art Imagin' : Le\u00efla Ammar expose ses Terres, Mers et Couleurs - webdo\",\"isPartOf\":{\"@id\":\"https:\\\/\\\/www.webdo.tn\\\/fr\\\/#website\"},\"primaryImageOfPage\":{\"@id\":\"https:\\\/\\\/www.webdo.tn\\\/fr\\\/actualite\\\/culture\\\/espace-dart-imagin-leila-ammar-expose-ses-terres-mers-et-couleurs\\\/391449\\\/#primaryimage\"},\"image\":{\"@id\":\"https:\\\/\\\/www.webdo.tn\\\/fr\\\/actualite\\\/culture\\\/espace-dart-imagin-leila-ammar-expose-ses-terres-mers-et-couleurs\\\/391449\\\/#primaryimage\"},\"thumbnailUrl\":\"https:\\\/\\\/www.webdo.tn\\\/fr\\\/wp-content\\\/uploads\\\/2026\\\/01\\\/Leila-Ammar.jpeg\",\"datePublished\":\"2026-01-16T08:58:24+00:00\",\"dateModified\":\"2026-01-16T08:58:25+00:00\",\"description\":\"D\u00e9couvrez l'exposition Espace d'art Imagin' de Le\u00efla Ammar : Terres, Mers et Couleurs, une rencontre avec la Tunisie \u00e0 travers l'art.\",\"breadcrumb\":{\"@id\":\"https:\\\/\\\/www.webdo.tn\\\/fr\\\/actualite\\\/culture\\\/espace-dart-imagin-leila-ammar-expose-ses-terres-mers-et-couleurs\\\/391449\\\/#breadcrumb\"},\"inLanguage\":\"fr-FR\",\"potentialAction\":[{\"@type\":\"ReadAction\",\"target\":[\"https:\\\/\\\/www.webdo.tn\\\/fr\\\/actualite\\\/culture\\\/espace-dart-imagin-leila-ammar-expose-ses-terres-mers-et-couleurs\\\/391449\\\/\"]}]},{\"@type\":\"ImageObject\",\"inLanguage\":\"fr-FR\",\"@id\":\"https:\\\/\\\/www.webdo.tn\\\/fr\\\/actualite\\\/culture\\\/espace-dart-imagin-leila-ammar-expose-ses-terres-mers-et-couleurs\\\/391449\\\/#primaryimage\",\"url\":\"https:\\\/\\\/www.webdo.tn\\\/fr\\\/wp-content\\\/uploads\\\/2026\\\/01\\\/Leila-Ammar.jpeg\",\"contentUrl\":\"https:\\\/\\\/www.webdo.tn\\\/fr\\\/wp-content\\\/uploads\\\/2026\\\/01\\\/Leila-Ammar.jpeg\",\"width\":1200,\"height\":603,\"caption\":\"Espace d'art Imagin' : Le\u00efla Ammar expose ses Terres, Mers et Couleurs\"},{\"@type\":\"BreadcrumbList\",\"@id\":\"https:\\\/\\\/www.webdo.tn\\\/fr\\\/actualite\\\/culture\\\/espace-dart-imagin-leila-ammar-expose-ses-terres-mers-et-couleurs\\\/391449\\\/#breadcrumb\",\"itemListElement\":[{\"@type\":\"ListItem\",\"position\":1,\"name\":\"Accueil\",\"item\":\"https:\\\/\\\/www.webdo.tn\\\/fr\\\/\"},{\"@type\":\"ListItem\",\"position\":2,\"name\":\"Espace d&rsquo;art Imagin&rsquo; : Le\u00efla Ammar expose ses Terres, Mers et Couleurs\"}]},{\"@type\":\"WebSite\",\"@id\":\"https:\\\/\\\/www.webdo.tn\\\/fr\\\/#website\",\"url\":\"https:\\\/\\\/www.webdo.tn\\\/fr\\\/\",\"name\":\"webdo\",\"description\":\"Tunisie - News en Tunisie et \u00e0 l&#039;international sur Webdo.tn\",\"publisher\":{\"@id\":\"https:\\\/\\\/www.webdo.tn\\\/fr\\\/#organization\"},\"potentialAction\":[{\"@type\":\"SearchAction\",\"target\":{\"@type\":\"EntryPoint\",\"urlTemplate\":\"https:\\\/\\\/www.webdo.tn\\\/fr\\\/?s={search_term_string}\"},\"query-input\":{\"@type\":\"PropertyValueSpecification\",\"valueRequired\":true,\"valueName\":\"search_term_string\"}}],\"inLanguage\":\"fr-FR\"},{\"@type\":\"Organization\",\"@id\":\"https:\\\/\\\/www.webdo.tn\\\/fr\\\/#organization\",\"name\":\"Webdo\",\"alternateName\":\"Webdo.tn\",\"url\":\"https:\\\/\\\/www.webdo.tn\\\/fr\\\/\",\"logo\":{\"@type\":\"ImageObject\",\"inLanguage\":\"fr-FR\",\"@id\":\"https:\\\/\\\/www.webdo.tn\\\/fr\\\/#\\\/schema\\\/logo\\\/image\\\/\",\"url\":\"https:\\\/\\\/www.webdo.tn\\\/fr\\\/wp-content\\\/uploads\\\/2025\\\/06\\\/Webdo-Tunisie_168377.jpg\",\"contentUrl\":\"https:\\\/\\\/www.webdo.tn\\\/fr\\\/wp-content\\\/uploads\\\/2025\\\/06\\\/Webdo-Tunisie_168377.jpg\",\"width\":301,\"height\":301,\"caption\":\"Webdo\"},\"image\":{\"@id\":\"https:\\\/\\\/www.webdo.tn\\\/fr\\\/#\\\/schema\\\/logo\\\/image\\\/\"},\"sameAs\":[\"https:\\\/\\\/www.facebook.com\\\/webdotn\",\"https:\\\/\\\/x.com\\\/webdo_tn\"],\"description\":\"Webdo est un m\u00e9dia num\u00e9rique tunisien fond\u00e9 en 2010, sp\u00e9cialis\u00e9 dans l\u2019actualit\u00e9 nationale et internationale, l\u2019\u00e9conomie, la soci\u00e9t\u00e9 et les analyses politiques. Le site s\u2019adresse \u00e0 un large public francophone et couvre l\u2019information tunisienne en temps r\u00e9el.\",\"email\":\"redac@webdo.tn\",\"legalName\":\"YNJ SARL\",\"foundingDate\":\"2010-09-06\",\"numberOfEmployees\":{\"@type\":\"QuantitativeValue\",\"minValue\":\"11\",\"maxValue\":\"50\"}},{\"@type\":\"Person\",\"@id\":\"https:\\\/\\\/www.webdo.tn\\\/fr\\\/#\\\/schema\\\/person\\\/6bc0beba2cd23aec27cb5df85ca2554f\",\"name\":\"Hatem Bourial\",\"image\":{\"@type\":\"ImageObject\",\"inLanguage\":\"fr-FR\",\"@id\":\"https:\\\/\\\/www.webdo.tn\\\/fr\\\/wp-content\\\/uploads\\\/2026\\\/04\\\/hatem-bourial_avatar-96x96.jpg\",\"url\":\"https:\\\/\\\/www.webdo.tn\\\/fr\\\/wp-content\\\/uploads\\\/2026\\\/04\\\/hatem-bourial_avatar-96x96.jpg\",\"contentUrl\":\"https:\\\/\\\/www.webdo.tn\\\/fr\\\/wp-content\\\/uploads\\\/2026\\\/04\\\/hatem-bourial_avatar-96x96.jpg\",\"caption\":\"Hatem Bourial\"},\"description\":\"Hatem Bourial est journaliste, \u00e9crivain et chroniqueur tunisien. Actif depuis plusieurs d\u00e9cennies, il s\u2019est impos\u00e9 comme un observateur attentif de la soci\u00e9t\u00e9 tunisienne, m\u00ealant dans ses \u00e9crits m\u00e9moire, culture et analyse du quotidien. Auteur de nombreux ouvrages, il d\u00e9veloppe une \u0153uvre \u00e0 la crois\u00e9e du r\u00e9cit, de la po\u00e9sie et de l\u2019observation sociologique. Parall\u00e8lement \u00e0 ses contributions dans la presse, il intervient r\u00e9guli\u00e8rement \u00e0 la radio et dans des espaces culturels, o\u00f9 il explore les enjeux li\u00e9s au patrimoine, \u00e0 l\u2019identit\u00e9 et aux transformations du monde contemporain. \u00c0 travers ses chroniques, Hatem Bourial propose une lecture sensible et approfondie de l\u2019actualit\u00e9, nourrie par une exp\u00e9rience journalistique et litt\u00e9raire reconnue. \ud83d\udd17 Facebook : https:\\\/\\\/www.facebook.com\\\/hatem.bourial.2025\",\"sameAs\":[\"https:\\\/\\\/www.facebook.com\\\/hatem.bourial.2025\",\"https:\\\/\\\/fr.wikipedia.org\\\/wiki\\\/Fichier:Hatem_Bourial.jpg\"],\"knowsAbout\":[\"Culture & patrimoine tunisien\",\"Chronique soci\u00e9tale\",\"Litt\u00e9rature & m\u00e9moire\",\"Cin\u00e9ma & critique culturelle\",\"Identit\u00e9 & mutations sociales\"],\"knowsLanguage\":[\"Arabe\",\"Fran\u00e7ais\",\"Anglais\",\"Italien\",\"Polonais\"],\"jobTitle\":\"Journaliste, \u00e9crivain et chroniqueur culturel\",\"worksFor\":\"Webdo\",\"url\":\"https:\\\/\\\/www.webdo.tn\\\/fr\\\/actualite\\\/author\\\/hatem-bourial-2\\\/\"}]}<\/script>\n<!-- \/ Yoast SEO Premium plugin. -->","yoast_head_json":{"title":"Espace d'art Imagin' : Le\u00efla Ammar expose ses Terres, Mers et Couleurs - webdo","description":"D\u00e9couvrez l'exposition Espace d'art Imagin' de Le\u00efla Ammar : Terres, Mers et Couleurs, une rencontre avec la Tunisie \u00e0 travers l'art.","canonical":"https:\/\/www.webdo.tn\/fr\/actualite\/culture\/espace-dart-imagin-leila-ammar-expose-ses-terres-mers-et-couleurs\/391449\/","og_locale":"fr_FR","og_type":"article","og_title":"Espace d'art Imagin' : Le\u00efla Ammar expose ses Terres, Mers et Couleurs","og_description":"D\u00e9couvrez l'exposition Espace d'art Imagin' de Le\u00efla Ammar : Terres, Mers et Couleurs, une rencontre avec la Tunisie \u00e0 travers l'art.","og_url":"https:\/\/www.webdo.tn\/fr\/actualite\/culture\/espace-dart-imagin-leila-ammar-expose-ses-terres-mers-et-couleurs\/391449\/","og_site_name":"webdo","article_publisher":"https:\/\/www.facebook.com\/webdotn","article_author":"https:\/\/www.facebook.com\/hatem.bourial.2025","article_published_time":"2026-01-16T08:58:24+00:00","article_modified_time":"2026-01-16T08:58:25+00:00","og_image":[{"width":1200,"height":603,"url":"https:\/\/www.webdo.tn\/fr\/wp-content\/uploads\/2026\/01\/Leila-Ammar.jpeg","type":"image\/jpeg"}],"author":"Hatem Bourial","twitter_card":"summary_large_image","twitter_creator":"@webdo_tn","twitter_site":"@webdo_tn","twitter_misc":{"\u00c9crit par":"Hatem Bourial","Dur\u00e9e de lecture estim\u00e9e":"1 minute"},"schema":{"@context":"https:\/\/schema.org","@graph":[{"@type":"NewsArticle","@id":"https:\/\/www.webdo.tn\/fr\/actualite\/culture\/espace-dart-imagin-leila-ammar-expose-ses-terres-mers-et-couleurs\/391449\/#article","isPartOf":{"@id":"https:\/\/www.webdo.tn\/fr\/actualite\/culture\/espace-dart-imagin-leila-ammar-expose-ses-terres-mers-et-couleurs\/391449\/"},"author":{"name":"Hatem Bourial","@id":"https:\/\/www.webdo.tn\/fr\/#\/schema\/person\/6bc0beba2cd23aec27cb5df85ca2554f"},"headline":"Espace d&rsquo;art Imagin&rsquo; : Le\u00efla Ammar expose ses Terres, Mers et Couleurs","datePublished":"2026-01-16T08:58:24+00:00","dateModified":"2026-01-16T08:58:25+00:00","mainEntityOfPage":{"@id":"https:\/\/www.webdo.tn\/fr\/actualite\/culture\/espace-dart-imagin-leila-ammar-expose-ses-terres-mers-et-couleurs\/391449\/"},"wordCount":201,"publisher":{"@id":"https:\/\/www.webdo.tn\/fr\/#organization"},"image":{"@id":"https:\/\/www.webdo.tn\/fr\/actualite\/culture\/espace-dart-imagin-leila-ammar-expose-ses-terres-mers-et-couleurs\/391449\/#primaryimage"},"thumbnailUrl":"https:\/\/www.webdo.tn\/fr\/wp-content\/uploads\/2026\/01\/Leila-Ammar.jpeg","keywords":["exposition","leila ammar"],"articleSection":["Culture"],"inLanguage":"fr-FR"},{"@type":"WebPage","@id":"https:\/\/www.webdo.tn\/fr\/actualite\/culture\/espace-dart-imagin-leila-ammar-expose-ses-terres-mers-et-couleurs\/391449\/","url":"https:\/\/www.webdo.tn\/fr\/actualite\/culture\/espace-dart-imagin-leila-ammar-expose-ses-terres-mers-et-couleurs\/391449\/","name":"Espace d'art Imagin' : Le\u00efla Ammar expose ses Terres, Mers et Couleurs - webdo","isPartOf":{"@id":"https:\/\/www.webdo.tn\/fr\/#website"},"primaryImageOfPage":{"@id":"https:\/\/www.webdo.tn\/fr\/actualite\/culture\/espace-dart-imagin-leila-ammar-expose-ses-terres-mers-et-couleurs\/391449\/#primaryimage"},"image":{"@id":"https:\/\/www.webdo.tn\/fr\/actualite\/culture\/espace-dart-imagin-leila-ammar-expose-ses-terres-mers-et-couleurs\/391449\/#primaryimage"},"thumbnailUrl":"https:\/\/www.webdo.tn\/fr\/wp-content\/uploads\/2026\/01\/Leila-Ammar.jpeg","datePublished":"2026-01-16T08:58:24+00:00","dateModified":"2026-01-16T08:58:25+00:00","description":"D\u00e9couvrez l'exposition Espace d'art Imagin' de Le\u00efla Ammar : Terres, Mers et Couleurs, une rencontre avec la Tunisie \u00e0 travers l'art.","breadcrumb":{"@id":"https:\/\/www.webdo.tn\/fr\/actualite\/culture\/espace-dart-imagin-leila-ammar-expose-ses-terres-mers-et-couleurs\/391449\/#breadcrumb"},"inLanguage":"fr-FR","potentialAction":[{"@type":"ReadAction","target":["https:\/\/www.webdo.tn\/fr\/actualite\/culture\/espace-dart-imagin-leila-ammar-expose-ses-terres-mers-et-couleurs\/391449\/"]}]},{"@type":"ImageObject","inLanguage":"fr-FR","@id":"https:\/\/www.webdo.tn\/fr\/actualite\/culture\/espace-dart-imagin-leila-ammar-expose-ses-terres-mers-et-couleurs\/391449\/#primaryimage","url":"https:\/\/www.webdo.tn\/fr\/wp-content\/uploads\/2026\/01\/Leila-Ammar.jpeg","contentUrl":"https:\/\/www.webdo.tn\/fr\/wp-content\/uploads\/2026\/01\/Leila-Ammar.jpeg","width":1200,"height":603,"caption":"Espace d'art Imagin' : Le\u00efla Ammar expose ses Terres, Mers et Couleurs"},{"@type":"BreadcrumbList","@id":"https:\/\/www.webdo.tn\/fr\/actualite\/culture\/espace-dart-imagin-leila-ammar-expose-ses-terres-mers-et-couleurs\/391449\/#breadcrumb","itemListElement":[{"@type":"ListItem","position":1,"name":"Accueil","item":"https:\/\/www.webdo.tn\/fr\/"},{"@type":"ListItem","position":2,"name":"Espace d&rsquo;art Imagin&rsquo; : Le\u00efla Ammar expose ses Terres, Mers et Couleurs"}]},{"@type":"WebSite","@id":"https:\/\/www.webdo.tn\/fr\/#website","url":"https:\/\/www.webdo.tn\/fr\/","name":"webdo","description":"Tunisie - News en Tunisie et \u00e0 l&#039;international sur Webdo.tn","publisher":{"@id":"https:\/\/www.webdo.tn\/fr\/#organization"},"potentialAction":[{"@type":"SearchAction","target":{"@type":"EntryPoint","urlTemplate":"https:\/\/www.webdo.tn\/fr\/?s={search_term_string}"},"query-input":{"@type":"PropertyValueSpecification","valueRequired":true,"valueName":"search_term_string"}}],"inLanguage":"fr-FR"},{"@type":"Organization","@id":"https:\/\/www.webdo.tn\/fr\/#organization","name":"Webdo","alternateName":"Webdo.tn","url":"https:\/\/www.webdo.tn\/fr\/","logo":{"@type":"ImageObject","inLanguage":"fr-FR","@id":"https:\/\/www.webdo.tn\/fr\/#\/schema\/logo\/image\/","url":"https:\/\/www.webdo.tn\/fr\/wp-content\/uploads\/2025\/06\/Webdo-Tunisie_168377.jpg","contentUrl":"https:\/\/www.webdo.tn\/fr\/wp-content\/uploads\/2025\/06\/Webdo-Tunisie_168377.jpg","width":301,"height":301,"caption":"Webdo"},"image":{"@id":"https:\/\/www.webdo.tn\/fr\/#\/schema\/logo\/image\/"},"sameAs":["https:\/\/www.facebook.com\/webdotn","https:\/\/x.com\/webdo_tn"],"description":"Webdo est un m\u00e9dia num\u00e9rique tunisien fond\u00e9 en 2010, sp\u00e9cialis\u00e9 dans l\u2019actualit\u00e9 nationale et internationale, l\u2019\u00e9conomie, la soci\u00e9t\u00e9 et les analyses politiques. Le site s\u2019adresse \u00e0 un large public francophone et couvre l\u2019information tunisienne en temps r\u00e9el.","email":"redac@webdo.tn","legalName":"YNJ SARL","foundingDate":"2010-09-06","numberOfEmployees":{"@type":"QuantitativeValue","minValue":"11","maxValue":"50"}},{"@type":"Person","@id":"https:\/\/www.webdo.tn\/fr\/#\/schema\/person\/6bc0beba2cd23aec27cb5df85ca2554f","name":"Hatem Bourial","image":{"@type":"ImageObject","inLanguage":"fr-FR","@id":"https:\/\/www.webdo.tn\/fr\/wp-content\/uploads\/2026\/04\/hatem-bourial_avatar-96x96.jpg","url":"https:\/\/www.webdo.tn\/fr\/wp-content\/uploads\/2026\/04\/hatem-bourial_avatar-96x96.jpg","contentUrl":"https:\/\/www.webdo.tn\/fr\/wp-content\/uploads\/2026\/04\/hatem-bourial_avatar-96x96.jpg","caption":"Hatem Bourial"},"description":"Hatem Bourial est journaliste, \u00e9crivain et chroniqueur tunisien. Actif depuis plusieurs d\u00e9cennies, il s\u2019est impos\u00e9 comme un observateur attentif de la soci\u00e9t\u00e9 tunisienne, m\u00ealant dans ses \u00e9crits m\u00e9moire, culture et analyse du quotidien. Auteur de nombreux ouvrages, il d\u00e9veloppe une \u0153uvre \u00e0 la crois\u00e9e du r\u00e9cit, de la po\u00e9sie et de l\u2019observation sociologique. Parall\u00e8lement \u00e0 ses contributions dans la presse, il intervient r\u00e9guli\u00e8rement \u00e0 la radio et dans des espaces culturels, o\u00f9 il explore les enjeux li\u00e9s au patrimoine, \u00e0 l\u2019identit\u00e9 et aux transformations du monde contemporain. \u00c0 travers ses chroniques, Hatem Bourial propose une lecture sensible et approfondie de l\u2019actualit\u00e9, nourrie par une exp\u00e9rience journalistique et litt\u00e9raire reconnue. \ud83d\udd17 Facebook : https:\/\/www.facebook.com\/hatem.bourial.2025","sameAs":["https:\/\/www.facebook.com\/hatem.bourial.2025","https:\/\/fr.wikipedia.org\/wiki\/Fichier:Hatem_Bourial.jpg"],"knowsAbout":["Culture & patrimoine tunisien","Chronique soci\u00e9tale","Litt\u00e9rature & m\u00e9moire","Cin\u00e9ma & critique culturelle","Identit\u00e9 & mutations sociales"],"knowsLanguage":["Arabe","Fran\u00e7ais","Anglais","Italien","Polonais"],"jobTitle":"Journaliste, \u00e9crivain et chroniqueur culturel","worksFor":"Webdo","url":"https:\/\/www.webdo.tn\/fr\/actualite\/author\/hatem-bourial-2\/"}]}},"_links":{"self":[{"href":"https:\/\/www.webdo.tn\/fr\/wp-json\/wp\/v2\/posts\/391449","targetHints":{"allow":["GET"]}}],"collection":[{"href":"https:\/\/www.webdo.tn\/fr\/wp-json\/wp\/v2\/posts"}],"about":[{"href":"https:\/\/www.webdo.tn\/fr\/wp-json\/wp\/v2\/types\/post"}],"author":[{"embeddable":true,"href":"https:\/\/www.webdo.tn\/fr\/wp-json\/wp\/v2\/users\/3229"}],"replies":[{"embeddable":true,"href":"https:\/\/www.webdo.tn\/fr\/wp-json\/wp\/v2\/comments?post=391449"}],"version-history":[{"count":0,"href":"https:\/\/www.webdo.tn\/fr\/wp-json\/wp\/v2\/posts\/391449\/revisions"}],"wp:featuredmedia":[{"embeddable":true,"href":"https:\/\/www.webdo.tn\/fr\/wp-json\/wp\/v2\/media\/391450"}],"wp:attachment":[{"href":"https:\/\/www.webdo.tn\/fr\/wp-json\/wp\/v2\/media?parent=391449"}],"wp:term":[{"taxonomy":"category","embeddable":true,"href":"https:\/\/www.webdo.tn\/fr\/wp-json\/wp\/v2\/categories?post=391449"},{"taxonomy":"post_tag","embeddable":true,"href":"https:\/\/www.webdo.tn\/fr\/wp-json\/wp\/v2\/tags?post=391449"}],"curies":[{"name":"wp","href":"https:\/\/api.w.org\/{rel}","templated":true}]}}