{"id":391418,"date":"2026-01-15T19:47:15","date_gmt":"2026-01-15T18:47:15","guid":{"rendered":"https:\/\/www.webdo.tn\/fr\/?p=391418"},"modified":"2026-01-16T08:40:46","modified_gmt":"2026-01-16T07:40:46","slug":"interconnexion-electrique-la-tunisie-et-la-berd-signent-un-accord-de-43-millions-deuros-pour-elmed-2","status":"publish","type":"post","link":"https:\/\/www.webdo.tn\/fr\/actualite\/national\/interconnexion-electrique-la-tunisie-et-la-berd-signent-un-accord-de-43-millions-deuros-pour-elmed-2\/391418\/","title":{"rendered":"Interconnexion \u00e9lectrique : La Tunisie et la BERD signent un accord de 43 millions d\u2019euros pour ELMED 2"},"content":{"rendered":"\n<p><strong>La Tunisie et la Banque europ\u00e9enne pour la reconstruction et le d\u00e9veloppement ont sign\u00e9 aujourd&rsquo;hui \u00e0 Tunis, un accord de financement de 43 millions d\u2019euros pour la deuxi\u00e8me phase du projet d\u2019interconnexion \u00e9lectrique avec l\u2019Italie. Ce projet strat\u00e9gique vise \u00e0 renforcer le r\u00e9seau national, faciliter l\u2019int\u00e9gration des \u00e9nergies renouvelables et consolider le positionnement r\u00e9gional du pays.<\/strong><\/p>\n\n\n\n<p>La Tunisie et la Banque europ\u00e9enne pour la reconstruction et le d\u00e9veloppement (BERD) ont officialis\u00e9 la signature d\u2019un accord de financement et de garantie de 43 millions d\u2019euros, destin\u00e9 \u00e0 soutenir la r\u00e9alisation de la deuxi\u00e8me phase du projet ELMED, l\u2019interconnexion \u00e9lectrique entre la Tunisie et l\u2019Italie.<\/p>\n\n\n\n<p>Selon le ministre de l\u2019\u00c9conomie et de la Planification, Samir Abdelhafidh, ce cr\u00e9dit sera rembours\u00e9 sur une p\u00e9riode de 18 ans, avec cinq ann\u00e9es de gr\u00e2ce.<\/p>\n\n\n\n<h2 class=\"wp-block-heading\" id=\"h-un-vaste-chantier-dans-quatre-gouvernorats\">Un vaste chantier dans quatre gouvernorats<\/h2>\n\n\n\n<p>Le projet ELMED 2 vise \u00e0 renforcer le r\u00e9seau de transport de la STEG \u00e0 travers l\u2019installation de nouvelles lignes de tr\u00e8s haute tension. Il pr\u00e9voit notamment la mise en place d\u2019une ligne a\u00e9rienne de 400 kV longue d\u2019environ 85 kilom\u00e8tres, reliant Grombalia \u00e0 Kondar et traversant les gouvernorats de Nabeul, Ben Arous, Zaghouan et Sousse.<\/p>\n\n\n\n<p>Le programme comprend \u00e9galement l\u2019installation de deux ensembles de lignes d\u2019entr\u00e9e et de sortie reliant Ezzahra et Seltene \u00e0 Grombalia, connect\u00e9es \u00e0 la sous-station 400\/225 kV de Grombalia 2, pour une longueur cumul\u00e9e d\u2019environ 20 kilom\u00e8tres.<\/p>\n\n\n\n<p>Pour les autorit\u00e9s tunisiennes, ce projet constitue un maillon central de l\u2019\u00e9cosyst\u00e8me ELMED. Il doit permettre de renforcer la stabilit\u00e9 du r\u00e9seau, de faciliter l\u2019int\u00e9gration \u00e0 grande \u00e9chelle des \u00e9nergies renouvelables et d\u2019accompagner le futur c\u00e2ble sous-marin reliant la Tunisie \u00e0 l\u2019Italie.<\/p>\n\n\n\n<p>Samir Abdelhafidh a soulign\u00e9 que, au-del\u00e0 de sa dimension technique, ELMED 2 s\u2019inscrit dans une vision strat\u00e9gique visant la diversification du mix \u00e9nerg\u00e9tique et le positionnement de la Tunisie comme hub \u00e9nerg\u00e9tique r\u00e9gional entre l\u2019Afrique du Nord et l\u2019Europe.<\/p>\n\n\n\n<h2 class=\"wp-block-heading\" id=\"h-la-berd-met-en-avant-un-projet-catalyseur\">La BERD met en avant un projet \u00ab catalyseur \u00bb<\/h2>\n\n\n\n<p>La pr\u00e9sidente de la BERD, Odile Renaud-Basso, a estim\u00e9 que ce financement marque une \u00e9tape cl\u00e9 dans le renforcement des infrastructures \u00e9nerg\u00e9tiques tunisiennes. Elle a qualifi\u00e9 ELMED 2 de projet \u00ab catalytique \u00bb pour la d\u00e9carbonisation, soulignant qu\u2019il contribuera \u00e0 r\u00e9duire la d\u00e9pendance au gaz import\u00e9 et \u00e0 atteindre l\u2019objectif national de 35 % d\u2019\u00e9nergies renouvelables dans le mix \u00e9lectrique.<\/p>\n\n\n\n<p>Elle a \u00e9galement mis en avant la dimension sociale du projet, qui pr\u00e9voit un volet li\u00e9 au d\u00e9veloppement des comp\u00e9tences, \u00e0 l\u2019inclusion des jeunes et \u00e0 l\u2019acc\u00e8s des femmes aux m\u00e9tiers de l\u2019\u00e9nergie.<\/p>\n\n\n\n<p>La BERD a rappel\u00e9 que ses investissements en Tunisie ont d\u00e9pass\u00e9 trois milliards d\u2019euros depuis le lancement de ses op\u00e9rations dans le pays, couvrant 89 projets, dont pr\u00e8s des deux tiers dans le secteur priv\u00e9. L\u2019ann\u00e9e 2025 a notamment \u00e9t\u00e9 marqu\u00e9e par plus de 400 millions d\u2019euros de financements, ciblant l\u2019\u00e9nergie, l\u2019eau, les transports, les phosphates et les PME.<\/p>\n\n\n\n<p>Pour 2026, la banque entend maintenir ses priorit\u00e9s autour de l\u2019\u00e9nergie, de l\u2019eau, de la transformation des entreprises publiques et du soutien aux entreprises innovantes.<\/p>\n\n\n\n<h2 class=\"wp-block-heading\" id=\"h-un-projet-cle-pour-la-steg-et-les-echanges-avec-l-europe\">Un projet cl\u00e9 pour la STEG et les \u00e9changes avec l\u2019Europe<\/h2>\n\n\n\n<p>Le PDG de la STEG, Fay\u00e7al Trifa, a pr\u00e9cis\u00e9 que cette nouvelle infrastructure permettra de transporter l\u2019\u00e9lectricit\u00e9 produite dans le Sud vers les zones de forte consommation au Nord, tout en ouvrant la voie \u00e0 l\u2019exportation d\u2019une partie de l\u2019\u00e9nergie verte vers l\u2019Europe.<\/p>\n\n\n\n<p>La signature de cet accord intervient alors que la pr\u00e9sidente de la BERD effectue une visite officielle en Tunisie, accompagn\u00e9e d\u2019une d\u00e9l\u00e9gation de haut niveau, dans le cadre du renforcement du partenariat entre la Tunisie et l\u2019institution financi\u00e8re europ\u00e9enne.<\/p>\n\n\n\n<p><\/p>\n\n\n\n<blockquote class=\"wp-block-quote is-layout-flow wp-block-quote-is-layout-flow\">\n<blockquote class=\"wp-block-quote is-layout-flow wp-block-quote-is-layout-flow\">\n<p>Lire aussi :<\/p>\n\n\n\n<ul class=\"wp-block-list\">\n<li><a href=\"https:\/\/www.webdo.tn\/fr\/actualite\/national\/elmed-signature-dun-accord-entre-la-steg-et-la-bei-pour-le-projet-de-raccordement-electrique-tunisie-italie\/384790\/\">ELMED : Signature d\u2019un accord entre la STEG et la BEI pour le projet de raccordement \u00e9lectrique Tunisie-Italie<\/a><\/li>\n\n\n\n<li><a href=\"https:\/\/www.webdo.tn\/fr\/actualite\/national\/tunisie-italie-linterconnexion-elmed-premiere-liaison-en-courant-continu-entre-leurope-et-lafrique\/384072\/\">Tunisie \u2013 Italie : Elmed, \u00ab\u00a0premi\u00e8re liaison en courant continu entre l\u2019Europe et l\u2019Afrique\u00a0\u00bb<\/a><\/li>\n\n\n\n<li><a href=\"https:\/\/www.webdo.tn\/fr\/actualite\/national\/tunisie-elmed-feu-vert-pour-la-ligne-electrique-haute-tension-vers-l-italie\/215191\/\">Tunisie-Elmed : Feu vert pour la ligne \u00e9lectrique haute tension vers l\u2019Italie<\/a><\/li>\n\n\n\n<li><a href=\"https:\/\/www.webdo.tn\/fr\/actualite\/national\/elmed-la-steg-et-terna-signent-un-accord-de-financement-de-307-millions-d-euros\/207802\/\">Elmed : La STEG et Terna signent un accord de financement de 307 millions d\u2019euros<\/a><\/li>\n<\/ul>\n<\/blockquote>\n<\/blockquote>\n","protected":false},"excerpt":{"rendered":"<p>La Tunisie et la Banque europ\u00e9enne pour la reconstruction et le d\u00e9veloppement ont sign\u00e9 aujourd&rsquo;hui \u00e0 Tunis, un accord de financement de 43 millions d\u2019euros pour la deuxi\u00e8me phase du projet d\u2019interconnexion \u00e9lectrique avec l\u2019Italie. Ce projet strat\u00e9gique vise \u00e0 renforcer le r\u00e9seau national, faciliter l\u2019int\u00e9gration des \u00e9nergies renouvelables et consolider le positionnement r\u00e9gional du [&hellip;]<\/p>\n","protected":false},"author":4782,"featured_media":391419,"comment_status":"closed","ping_status":"closed","sticky":false,"template":"","format":"standard","meta":{"footnotes":""},"categories":[44],"tags":[11080,3856,2660,12094,2608],"class_list":["post-391418","post","type-post","status-publish","format-standard","has-post-thumbnail","hentry","category-national","tag-interconnexion-electrique","tag-berd","tag-italie","tag-projet-elmed","tag-tunisie"],"yoast_head":"<!-- This site is optimized with the Yoast SEO Premium plugin v27.4 (Yoast SEO v27.5) - https:\/\/yoast.com\/product\/yoast-seo-premium-wordpress\/ -->\n<title>Interconnexion \u00e9lectrique : La Tunisie et la BERD signent un accord de 43 millions d\u2019euros pour ELMED 2 - webdo<\/title>\n<meta name=\"description\" content=\"La Tunisie et la BERD signent un accord de 43 millions d\u2019euros pour ELMED 2, renfor\u00e7ant l\u2019interconnexion \u00e9lectrique avec l\u2019Italie.\" \/>\n<link rel=\"canonical\" href=\"https:\/\/www.webdo.tn\/fr\/actualite\/national\/interconnexion-electrique-la-tunisie-et-la-berd-signent-un-accord-de-43-millions-deuros-pour-elmed-2\/391418\/\" \/>\n<meta property=\"og:locale\" content=\"fr_FR\" \/>\n<meta property=\"og:type\" content=\"article\" \/>\n<meta property=\"og:title\" content=\"Interconnexion \u00e9lectrique : La Tunisie et la BERD signent un accord de 43 millions d\u2019euros pour ELMED 2\" \/>\n<meta property=\"og:description\" content=\"La Tunisie et la BERD signent un accord de 43 millions d\u2019euros pour ELMED 2, renfor\u00e7ant l\u2019interconnexion \u00e9lectrique avec l\u2019Italie.\" \/>\n<meta property=\"og:url\" content=\"https:\/\/www.webdo.tn\/fr\/actualite\/national\/interconnexion-electrique-la-tunisie-et-la-berd-signent-un-accord-de-43-millions-deuros-pour-elmed-2\/391418\/\" \/>\n<meta property=\"og:site_name\" content=\"webdo\" \/>\n<meta property=\"article:publisher\" content=\"https:\/\/www.facebook.com\/webdotn\" \/>\n<meta property=\"article:published_time\" content=\"2026-01-15T18:47:15+00:00\" \/>\n<meta property=\"article:modified_time\" content=\"2026-01-16T07:40:46+00:00\" \/>\n<meta property=\"og:image\" content=\"https:\/\/www.webdo.tn\/fr\/wp-content\/uploads\/2026\/01\/elmed.jpg\" \/>\n\t<meta property=\"og:image:width\" content=\"1200\" \/>\n\t<meta property=\"og:image:height\" content=\"602\" \/>\n\t<meta property=\"og:image:type\" content=\"image\/jpeg\" \/>\n<meta name=\"author\" content=\"Mohamed Fethi\" \/>\n<meta name=\"twitter:card\" content=\"summary_large_image\" \/>\n<meta name=\"twitter:creator\" content=\"@webdo_tn\" \/>\n<meta name=\"twitter:site\" content=\"@webdo_tn\" \/>\n<meta name=\"twitter:label1\" content=\"\u00c9crit par\" \/>\n\t<meta name=\"twitter:data1\" content=\"Mohamed Fethi\" \/>\n\t<meta name=\"twitter:label2\" content=\"Dur\u00e9e de lecture estim\u00e9e\" \/>\n\t<meta name=\"twitter:data2\" content=\"4 minutes\" \/>\n<script type=\"application\/ld+json\" class=\"yoast-schema-graph\">{\"@context\":\"https:\\\/\\\/schema.org\",\"@graph\":[{\"@type\":\"NewsArticle\",\"@id\":\"https:\\\/\\\/www.webdo.tn\\\/fr\\\/actualite\\\/national\\\/interconnexion-electrique-la-tunisie-et-la-berd-signent-un-accord-de-43-millions-deuros-pour-elmed-2\\\/391418\\\/#article\",\"isPartOf\":{\"@id\":\"https:\\\/\\\/www.webdo.tn\\\/fr\\\/actualite\\\/national\\\/interconnexion-electrique-la-tunisie-et-la-berd-signent-un-accord-de-43-millions-deuros-pour-elmed-2\\\/391418\\\/\"},\"author\":{\"name\":\"Mohamed Fethi\",\"@id\":\"https:\\\/\\\/www.webdo.tn\\\/fr\\\/#\\\/schema\\\/person\\\/16a4857e77dfc0b610c4c2cadffc9ac4\"},\"headline\":\"Interconnexion \u00e9lectrique : La Tunisie et la BERD signent un accord de 43 millions d\u2019euros pour ELMED 2\",\"datePublished\":\"2026-01-15T18:47:15+00:00\",\"dateModified\":\"2026-01-16T07:40:46+00:00\",\"mainEntityOfPage\":{\"@id\":\"https:\\\/\\\/www.webdo.tn\\\/fr\\\/actualite\\\/national\\\/interconnexion-electrique-la-tunisie-et-la-berd-signent-un-accord-de-43-millions-deuros-pour-elmed-2\\\/391418\\\/\"},\"wordCount\":730,\"publisher\":{\"@id\":\"https:\\\/\\\/www.webdo.tn\\\/fr\\\/#organization\"},\"image\":{\"@id\":\"https:\\\/\\\/www.webdo.tn\\\/fr\\\/actualite\\\/national\\\/interconnexion-electrique-la-tunisie-et-la-berd-signent-un-accord-de-43-millions-deuros-pour-elmed-2\\\/391418\\\/#primaryimage\"},\"thumbnailUrl\":\"https:\\\/\\\/www.webdo.tn\\\/fr\\\/wp-content\\\/uploads\\\/2026\\\/01\\\/elmed.jpg\",\"keywords\":[\"'interconnexion \u00e9lectrique']\",\"BERD\",\"Italie\",\"projet Elmed\",\"Tunisie\"],\"articleSection\":[\"National\"],\"inLanguage\":\"fr-FR\"},{\"@type\":\"WebPage\",\"@id\":\"https:\\\/\\\/www.webdo.tn\\\/fr\\\/actualite\\\/national\\\/interconnexion-electrique-la-tunisie-et-la-berd-signent-un-accord-de-43-millions-deuros-pour-elmed-2\\\/391418\\\/\",\"url\":\"https:\\\/\\\/www.webdo.tn\\\/fr\\\/actualite\\\/national\\\/interconnexion-electrique-la-tunisie-et-la-berd-signent-un-accord-de-43-millions-deuros-pour-elmed-2\\\/391418\\\/\",\"name\":\"Interconnexion \u00e9lectrique : La Tunisie et la BERD signent un accord de 43 millions d\u2019euros pour ELMED 2 - webdo\",\"isPartOf\":{\"@id\":\"https:\\\/\\\/www.webdo.tn\\\/fr\\\/#website\"},\"primaryImageOfPage\":{\"@id\":\"https:\\\/\\\/www.webdo.tn\\\/fr\\\/actualite\\\/national\\\/interconnexion-electrique-la-tunisie-et-la-berd-signent-un-accord-de-43-millions-deuros-pour-elmed-2\\\/391418\\\/#primaryimage\"},\"image\":{\"@id\":\"https:\\\/\\\/www.webdo.tn\\\/fr\\\/actualite\\\/national\\\/interconnexion-electrique-la-tunisie-et-la-berd-signent-un-accord-de-43-millions-deuros-pour-elmed-2\\\/391418\\\/#primaryimage\"},\"thumbnailUrl\":\"https:\\\/\\\/www.webdo.tn\\\/fr\\\/wp-content\\\/uploads\\\/2026\\\/01\\\/elmed.jpg\",\"datePublished\":\"2026-01-15T18:47:15+00:00\",\"dateModified\":\"2026-01-16T07:40:46+00:00\",\"description\":\"La Tunisie et la BERD signent un accord de 43 millions d\u2019euros pour ELMED 2, renfor\u00e7ant l\u2019interconnexion \u00e9lectrique avec l\u2019Italie.\",\"breadcrumb\":{\"@id\":\"https:\\\/\\\/www.webdo.tn\\\/fr\\\/actualite\\\/national\\\/interconnexion-electrique-la-tunisie-et-la-berd-signent-un-accord-de-43-millions-deuros-pour-elmed-2\\\/391418\\\/#breadcrumb\"},\"inLanguage\":\"fr-FR\",\"potentialAction\":[{\"@type\":\"ReadAction\",\"target\":[\"https:\\\/\\\/www.webdo.tn\\\/fr\\\/actualite\\\/national\\\/interconnexion-electrique-la-tunisie-et-la-berd-signent-un-accord-de-43-millions-deuros-pour-elmed-2\\\/391418\\\/\"]}]},{\"@type\":\"ImageObject\",\"inLanguage\":\"fr-FR\",\"@id\":\"https:\\\/\\\/www.webdo.tn\\\/fr\\\/actualite\\\/national\\\/interconnexion-electrique-la-tunisie-et-la-berd-signent-un-accord-de-43-millions-deuros-pour-elmed-2\\\/391418\\\/#primaryimage\",\"url\":\"https:\\\/\\\/www.webdo.tn\\\/fr\\\/wp-content\\\/uploads\\\/2026\\\/01\\\/elmed.jpg\",\"contentUrl\":\"https:\\\/\\\/www.webdo.tn\\\/fr\\\/wp-content\\\/uploads\\\/2026\\\/01\\\/elmed.jpg\",\"width\":1200,\"height\":602,\"caption\":\"Interconnexion \u00e9lectrique : La Tunisie et la BERD signent un accord de 43 millions d\u2019euros pour ELMED 2\"},{\"@type\":\"BreadcrumbList\",\"@id\":\"https:\\\/\\\/www.webdo.tn\\\/fr\\\/actualite\\\/national\\\/interconnexion-electrique-la-tunisie-et-la-berd-signent-un-accord-de-43-millions-deuros-pour-elmed-2\\\/391418\\\/#breadcrumb\",\"itemListElement\":[{\"@type\":\"ListItem\",\"position\":1,\"name\":\"Accueil\",\"item\":\"https:\\\/\\\/www.webdo.tn\\\/fr\\\/\"},{\"@type\":\"ListItem\",\"position\":2,\"name\":\"Interconnexion \u00e9lectrique : La Tunisie et la BERD signent un accord de 43 millions d\u2019euros pour ELMED 2\"}]},{\"@type\":\"WebSite\",\"@id\":\"https:\\\/\\\/www.webdo.tn\\\/fr\\\/#website\",\"url\":\"https:\\\/\\\/www.webdo.tn\\\/fr\\\/\",\"name\":\"webdo\",\"description\":\"Tunisie - News en Tunisie et \u00e0 l&#039;international sur Webdo.tn\",\"publisher\":{\"@id\":\"https:\\\/\\\/www.webdo.tn\\\/fr\\\/#organization\"},\"potentialAction\":[{\"@type\":\"SearchAction\",\"target\":{\"@type\":\"EntryPoint\",\"urlTemplate\":\"https:\\\/\\\/www.webdo.tn\\\/fr\\\/?s={search_term_string}\"},\"query-input\":{\"@type\":\"PropertyValueSpecification\",\"valueRequired\":true,\"valueName\":\"search_term_string\"}}],\"inLanguage\":\"fr-FR\"},{\"@type\":\"Organization\",\"@id\":\"https:\\\/\\\/www.webdo.tn\\\/fr\\\/#organization\",\"name\":\"Webdo\",\"alternateName\":\"Webdo.tn\",\"url\":\"https:\\\/\\\/www.webdo.tn\\\/fr\\\/\",\"logo\":{\"@type\":\"ImageObject\",\"inLanguage\":\"fr-FR\",\"@id\":\"https:\\\/\\\/www.webdo.tn\\\/fr\\\/#\\\/schema\\\/logo\\\/image\\\/\",\"url\":\"https:\\\/\\\/www.webdo.tn\\\/fr\\\/wp-content\\\/uploads\\\/2025\\\/06\\\/Webdo-Tunisie_168377.jpg\",\"contentUrl\":\"https:\\\/\\\/www.webdo.tn\\\/fr\\\/wp-content\\\/uploads\\\/2025\\\/06\\\/Webdo-Tunisie_168377.jpg\",\"width\":301,\"height\":301,\"caption\":\"Webdo\"},\"image\":{\"@id\":\"https:\\\/\\\/www.webdo.tn\\\/fr\\\/#\\\/schema\\\/logo\\\/image\\\/\"},\"sameAs\":[\"https:\\\/\\\/www.facebook.com\\\/webdotn\",\"https:\\\/\\\/x.com\\\/webdo_tn\"],\"description\":\"Webdo est un m\u00e9dia num\u00e9rique tunisien fond\u00e9 en 2010, sp\u00e9cialis\u00e9 dans l\u2019actualit\u00e9 nationale et internationale, l\u2019\u00e9conomie, la soci\u00e9t\u00e9 et les analyses politiques. Le site s\u2019adresse \u00e0 un large public francophone et couvre l\u2019information tunisienne en temps r\u00e9el.\",\"email\":\"redac@webdo.tn\",\"legalName\":\"YNJ SARL\",\"foundingDate\":\"2010-09-06\",\"numberOfEmployees\":{\"@type\":\"QuantitativeValue\",\"minValue\":\"11\",\"maxValue\":\"50\"}},{\"@type\":\"Person\",\"@id\":\"https:\\\/\\\/www.webdo.tn\\\/fr\\\/#\\\/schema\\\/person\\\/16a4857e77dfc0b610c4c2cadffc9ac4\",\"name\":\"Mohamed Fethi\",\"image\":{\"@type\":\"ImageObject\",\"inLanguage\":\"fr-FR\",\"@id\":\"https:\\\/\\\/www.webdo.tn\\\/fr\\\/wp-content\\\/uploads\\\/2026\\\/04\\\/mohamed-fethi_avatar_1-96x96.jpg\",\"url\":\"https:\\\/\\\/www.webdo.tn\\\/fr\\\/wp-content\\\/uploads\\\/2026\\\/04\\\/mohamed-fethi_avatar_1-96x96.jpg\",\"contentUrl\":\"https:\\\/\\\/www.webdo.tn\\\/fr\\\/wp-content\\\/uploads\\\/2026\\\/04\\\/mohamed-fethi_avatar_1-96x96.jpg\",\"caption\":\"Mohamed Fethi\"},\"description\":\"Signature \u00e9ditoriale de Maher Chaabane Mohamed Fethi est le pseudonyme \u00e9ditorial de Maher Chaabane, r\u00e9dacteur en chef de Webdo.tn depuis 2012. Cette signature est d\u00e9di\u00e9e au traitement intensif de l'actualit\u00e9 nationale et internationale en temps r\u00e9el. S'appuyant sur les deux d\u00e9cennies d'expertise journalistique de Maher Chaabane \u2014 d\u00e9but\u00e9e au sein du groupe Tunis Hebdo en 2000 \u2014 Mohamed Fethi assure une veille rigoureuse sur les enjeux politiques, \u00e9conomiques et sportifs. Sa mission est de garantir une information structur\u00e9e, fluide et fid\u00e8le aux standards de la r\u00e9daction. Pour consulter le parcours complet du r\u00e9dacteur en chef, visitez le profil officiel de Maher Chaabane.\",\"knowsAbout\":[\"actualit\u00e9\",\"journalisme\",\"information\",\"politique\",\"sport\",\"m\u00e9dias\",\"actualit\u00e9 internationale\"],\"knowsLanguage\":[\"Fran\u00e7ais\",\"Arabe\"],\"jobTitle\":\"Journaliste \u2013 R\u00e9daction Webdo\",\"worksFor\":\"Webdo.tn\",\"url\":\"https:\\\/\\\/www.webdo.tn\\\/fr\\\/actualite\\\/author\\\/mohamed-fethi\\\/\"}]}<\/script>\n<!-- \/ Yoast SEO Premium plugin. -->","yoast_head_json":{"title":"Interconnexion \u00e9lectrique : La Tunisie et la BERD signent un accord de 43 millions d\u2019euros pour ELMED 2 - webdo","description":"La Tunisie et la BERD signent un accord de 43 millions d\u2019euros pour ELMED 2, renfor\u00e7ant l\u2019interconnexion \u00e9lectrique avec l\u2019Italie.","canonical":"https:\/\/www.webdo.tn\/fr\/actualite\/national\/interconnexion-electrique-la-tunisie-et-la-berd-signent-un-accord-de-43-millions-deuros-pour-elmed-2\/391418\/","og_locale":"fr_FR","og_type":"article","og_title":"Interconnexion \u00e9lectrique : La Tunisie et la BERD signent un accord de 43 millions d\u2019euros pour ELMED 2","og_description":"La Tunisie et la BERD signent un accord de 43 millions d\u2019euros pour ELMED 2, renfor\u00e7ant l\u2019interconnexion \u00e9lectrique avec l\u2019Italie.","og_url":"https:\/\/www.webdo.tn\/fr\/actualite\/national\/interconnexion-electrique-la-tunisie-et-la-berd-signent-un-accord-de-43-millions-deuros-pour-elmed-2\/391418\/","og_site_name":"webdo","article_publisher":"https:\/\/www.facebook.com\/webdotn","article_published_time":"2026-01-15T18:47:15+00:00","article_modified_time":"2026-01-16T07:40:46+00:00","og_image":[{"width":1200,"height":602,"url":"https:\/\/www.webdo.tn\/fr\/wp-content\/uploads\/2026\/01\/elmed.jpg","type":"image\/jpeg"}],"author":"Mohamed Fethi","twitter_card":"summary_large_image","twitter_creator":"@webdo_tn","twitter_site":"@webdo_tn","twitter_misc":{"\u00c9crit par":"Mohamed Fethi","Dur\u00e9e de lecture estim\u00e9e":"4 minutes"},"schema":{"@context":"https:\/\/schema.org","@graph":[{"@type":"NewsArticle","@id":"https:\/\/www.webdo.tn\/fr\/actualite\/national\/interconnexion-electrique-la-tunisie-et-la-berd-signent-un-accord-de-43-millions-deuros-pour-elmed-2\/391418\/#article","isPartOf":{"@id":"https:\/\/www.webdo.tn\/fr\/actualite\/national\/interconnexion-electrique-la-tunisie-et-la-berd-signent-un-accord-de-43-millions-deuros-pour-elmed-2\/391418\/"},"author":{"name":"Mohamed Fethi","@id":"https:\/\/www.webdo.tn\/fr\/#\/schema\/person\/16a4857e77dfc0b610c4c2cadffc9ac4"},"headline":"Interconnexion \u00e9lectrique : La Tunisie et la BERD signent un accord de 43 millions d\u2019euros pour ELMED 2","datePublished":"2026-01-15T18:47:15+00:00","dateModified":"2026-01-16T07:40:46+00:00","mainEntityOfPage":{"@id":"https:\/\/www.webdo.tn\/fr\/actualite\/national\/interconnexion-electrique-la-tunisie-et-la-berd-signent-un-accord-de-43-millions-deuros-pour-elmed-2\/391418\/"},"wordCount":730,"publisher":{"@id":"https:\/\/www.webdo.tn\/fr\/#organization"},"image":{"@id":"https:\/\/www.webdo.tn\/fr\/actualite\/national\/interconnexion-electrique-la-tunisie-et-la-berd-signent-un-accord-de-43-millions-deuros-pour-elmed-2\/391418\/#primaryimage"},"thumbnailUrl":"https:\/\/www.webdo.tn\/fr\/wp-content\/uploads\/2026\/01\/elmed.jpg","keywords":["'interconnexion \u00e9lectrique']","BERD","Italie","projet Elmed","Tunisie"],"articleSection":["National"],"inLanguage":"fr-FR"},{"@type":"WebPage","@id":"https:\/\/www.webdo.tn\/fr\/actualite\/national\/interconnexion-electrique-la-tunisie-et-la-berd-signent-un-accord-de-43-millions-deuros-pour-elmed-2\/391418\/","url":"https:\/\/www.webdo.tn\/fr\/actualite\/national\/interconnexion-electrique-la-tunisie-et-la-berd-signent-un-accord-de-43-millions-deuros-pour-elmed-2\/391418\/","name":"Interconnexion \u00e9lectrique : La Tunisie et la BERD signent un accord de 43 millions d\u2019euros pour ELMED 2 - webdo","isPartOf":{"@id":"https:\/\/www.webdo.tn\/fr\/#website"},"primaryImageOfPage":{"@id":"https:\/\/www.webdo.tn\/fr\/actualite\/national\/interconnexion-electrique-la-tunisie-et-la-berd-signent-un-accord-de-43-millions-deuros-pour-elmed-2\/391418\/#primaryimage"},"image":{"@id":"https:\/\/www.webdo.tn\/fr\/actualite\/national\/interconnexion-electrique-la-tunisie-et-la-berd-signent-un-accord-de-43-millions-deuros-pour-elmed-2\/391418\/#primaryimage"},"thumbnailUrl":"https:\/\/www.webdo.tn\/fr\/wp-content\/uploads\/2026\/01\/elmed.jpg","datePublished":"2026-01-15T18:47:15+00:00","dateModified":"2026-01-16T07:40:46+00:00","description":"La Tunisie et la BERD signent un accord de 43 millions d\u2019euros pour ELMED 2, renfor\u00e7ant l\u2019interconnexion \u00e9lectrique avec l\u2019Italie.","breadcrumb":{"@id":"https:\/\/www.webdo.tn\/fr\/actualite\/national\/interconnexion-electrique-la-tunisie-et-la-berd-signent-un-accord-de-43-millions-deuros-pour-elmed-2\/391418\/#breadcrumb"},"inLanguage":"fr-FR","potentialAction":[{"@type":"ReadAction","target":["https:\/\/www.webdo.tn\/fr\/actualite\/national\/interconnexion-electrique-la-tunisie-et-la-berd-signent-un-accord-de-43-millions-deuros-pour-elmed-2\/391418\/"]}]},{"@type":"ImageObject","inLanguage":"fr-FR","@id":"https:\/\/www.webdo.tn\/fr\/actualite\/national\/interconnexion-electrique-la-tunisie-et-la-berd-signent-un-accord-de-43-millions-deuros-pour-elmed-2\/391418\/#primaryimage","url":"https:\/\/www.webdo.tn\/fr\/wp-content\/uploads\/2026\/01\/elmed.jpg","contentUrl":"https:\/\/www.webdo.tn\/fr\/wp-content\/uploads\/2026\/01\/elmed.jpg","width":1200,"height":602,"caption":"Interconnexion \u00e9lectrique : La Tunisie et la BERD signent un accord de 43 millions d\u2019euros pour ELMED 2"},{"@type":"BreadcrumbList","@id":"https:\/\/www.webdo.tn\/fr\/actualite\/national\/interconnexion-electrique-la-tunisie-et-la-berd-signent-un-accord-de-43-millions-deuros-pour-elmed-2\/391418\/#breadcrumb","itemListElement":[{"@type":"ListItem","position":1,"name":"Accueil","item":"https:\/\/www.webdo.tn\/fr\/"},{"@type":"ListItem","position":2,"name":"Interconnexion \u00e9lectrique : La Tunisie et la BERD signent un accord de 43 millions d\u2019euros pour ELMED 2"}]},{"@type":"WebSite","@id":"https:\/\/www.webdo.tn\/fr\/#website","url":"https:\/\/www.webdo.tn\/fr\/","name":"webdo","description":"Tunisie - News en Tunisie et \u00e0 l&#039;international sur Webdo.tn","publisher":{"@id":"https:\/\/www.webdo.tn\/fr\/#organization"},"potentialAction":[{"@type":"SearchAction","target":{"@type":"EntryPoint","urlTemplate":"https:\/\/www.webdo.tn\/fr\/?s={search_term_string}"},"query-input":{"@type":"PropertyValueSpecification","valueRequired":true,"valueName":"search_term_string"}}],"inLanguage":"fr-FR"},{"@type":"Organization","@id":"https:\/\/www.webdo.tn\/fr\/#organization","name":"Webdo","alternateName":"Webdo.tn","url":"https:\/\/www.webdo.tn\/fr\/","logo":{"@type":"ImageObject","inLanguage":"fr-FR","@id":"https:\/\/www.webdo.tn\/fr\/#\/schema\/logo\/image\/","url":"https:\/\/www.webdo.tn\/fr\/wp-content\/uploads\/2025\/06\/Webdo-Tunisie_168377.jpg","contentUrl":"https:\/\/www.webdo.tn\/fr\/wp-content\/uploads\/2025\/06\/Webdo-Tunisie_168377.jpg","width":301,"height":301,"caption":"Webdo"},"image":{"@id":"https:\/\/www.webdo.tn\/fr\/#\/schema\/logo\/image\/"},"sameAs":["https:\/\/www.facebook.com\/webdotn","https:\/\/x.com\/webdo_tn"],"description":"Webdo est un m\u00e9dia num\u00e9rique tunisien fond\u00e9 en 2010, sp\u00e9cialis\u00e9 dans l\u2019actualit\u00e9 nationale et internationale, l\u2019\u00e9conomie, la soci\u00e9t\u00e9 et les analyses politiques. Le site s\u2019adresse \u00e0 un large public francophone et couvre l\u2019information tunisienne en temps r\u00e9el.","email":"redac@webdo.tn","legalName":"YNJ SARL","foundingDate":"2010-09-06","numberOfEmployees":{"@type":"QuantitativeValue","minValue":"11","maxValue":"50"}},{"@type":"Person","@id":"https:\/\/www.webdo.tn\/fr\/#\/schema\/person\/16a4857e77dfc0b610c4c2cadffc9ac4","name":"Mohamed Fethi","image":{"@type":"ImageObject","inLanguage":"fr-FR","@id":"https:\/\/www.webdo.tn\/fr\/wp-content\/uploads\/2026\/04\/mohamed-fethi_avatar_1-96x96.jpg","url":"https:\/\/www.webdo.tn\/fr\/wp-content\/uploads\/2026\/04\/mohamed-fethi_avatar_1-96x96.jpg","contentUrl":"https:\/\/www.webdo.tn\/fr\/wp-content\/uploads\/2026\/04\/mohamed-fethi_avatar_1-96x96.jpg","caption":"Mohamed Fethi"},"description":"Signature \u00e9ditoriale de Maher Chaabane Mohamed Fethi est le pseudonyme \u00e9ditorial de Maher Chaabane, r\u00e9dacteur en chef de Webdo.tn depuis 2012. Cette signature est d\u00e9di\u00e9e au traitement intensif de l'actualit\u00e9 nationale et internationale en temps r\u00e9el. S'appuyant sur les deux d\u00e9cennies d'expertise journalistique de Maher Chaabane \u2014 d\u00e9but\u00e9e au sein du groupe Tunis Hebdo en 2000 \u2014 Mohamed Fethi assure une veille rigoureuse sur les enjeux politiques, \u00e9conomiques et sportifs. Sa mission est de garantir une information structur\u00e9e, fluide et fid\u00e8le aux standards de la r\u00e9daction. Pour consulter le parcours complet du r\u00e9dacteur en chef, visitez le profil officiel de Maher Chaabane.","knowsAbout":["actualit\u00e9","journalisme","information","politique","sport","m\u00e9dias","actualit\u00e9 internationale"],"knowsLanguage":["Fran\u00e7ais","Arabe"],"jobTitle":"Journaliste \u2013 R\u00e9daction Webdo","worksFor":"Webdo.tn","url":"https:\/\/www.webdo.tn\/fr\/actualite\/author\/mohamed-fethi\/"}]}},"_links":{"self":[{"href":"https:\/\/www.webdo.tn\/fr\/wp-json\/wp\/v2\/posts\/391418","targetHints":{"allow":["GET"]}}],"collection":[{"href":"https:\/\/www.webdo.tn\/fr\/wp-json\/wp\/v2\/posts"}],"about":[{"href":"https:\/\/www.webdo.tn\/fr\/wp-json\/wp\/v2\/types\/post"}],"author":[{"embeddable":true,"href":"https:\/\/www.webdo.tn\/fr\/wp-json\/wp\/v2\/users\/4782"}],"replies":[{"embeddable":true,"href":"https:\/\/www.webdo.tn\/fr\/wp-json\/wp\/v2\/comments?post=391418"}],"version-history":[{"count":0,"href":"https:\/\/www.webdo.tn\/fr\/wp-json\/wp\/v2\/posts\/391418\/revisions"}],"wp:featuredmedia":[{"embeddable":true,"href":"https:\/\/www.webdo.tn\/fr\/wp-json\/wp\/v2\/media\/391419"}],"wp:attachment":[{"href":"https:\/\/www.webdo.tn\/fr\/wp-json\/wp\/v2\/media?parent=391418"}],"wp:term":[{"taxonomy":"category","embeddable":true,"href":"https:\/\/www.webdo.tn\/fr\/wp-json\/wp\/v2\/categories?post=391418"},{"taxonomy":"post_tag","embeddable":true,"href":"https:\/\/www.webdo.tn\/fr\/wp-json\/wp\/v2\/tags?post=391418"}],"curies":[{"name":"wp","href":"https:\/\/api.w.org\/{rel}","templated":true}]}}